{"id":260,"count":1,"description":"Dyk ned i aloe veraens gr\u00f8nne univers og bliv inspireret til at bringe naturen indenfor. Her finder du viden, tips og id\u00e9er til, hvordan du kan f\u00e5 gl\u00e6de af den popul\u00e6re og nemme plante i din hverdag. Med sit enkle udtryk og minimale plejebehov er aloe vera et stilrent valg, der passer ind i ethvert hjem.","link":"https:\/\/interflora.dk\/blog\/c\/planter\/indendoers-planter\/aloe-vera\/","name":"Aloe vera","slug":"aloe-vera","taxonomy":"category","parent":178,"meta":[],"yoast_head":"<!-- This site is optimized with the Yoast SEO plugin v27.4 - https:\/\/yoast.com\/product\/yoast-seo-wordpress\/ -->\n<title>Aloe vera | Interflora<\/title>\n<meta name=\"description\" content=\"Dyk ned i aloe veraens naturlige verden og l\u00e6r om dens unikke karakteristika med vores inspirerende artikler.\" \/>\n<meta name=\"robots\" content=\"index, follow, max-snippet:-1, max-image-preview:large, max-video-preview:-1\" \/>\n<link rel=\"canonical\" href=\"https:\/\/interflora.dk\/blog\/c\/planter\/indendoers-planter\/aloe-vera\/\" \/>\n<meta property=\"og:locale\" content=\"da_DK\" \/>\n<meta property=\"og:type\" content=\"article\" \/>\n<meta property=\"og:title\" content=\"Aloe vera | Interflora\" \/>\n<meta property=\"og:description\" content=\"Dyk ned i aloe veraens naturlige verden og l\u00e6r om dens unikke karakteristika med vores inspirerende artikler.\" \/>\n<meta property=\"og:url\" content=\"https:\/\/interflora.dk\/blog\/c\/planter\/indendoers-planter\/aloe-vera\/\" \/>\n<meta property=\"og:site_name\" content=\"Interflora\" \/>\n<meta name=\"twitter:card\" content=\"summary_large_image\" \/>\n<script type=\"application\/ld+json\" class=\"yoast-schema-graph\">{\"@context\":\"https:\\\/\\\/schema.org\",\"@graph\":[{\"@type\":\"CollectionPage\",\"@id\":\"https:\\\/\\\/interflora.dk\\\/blog\\\/c\\\/planter\\\/indendoers-planter\\\/aloe-vera\\\/\",\"url\":\"https:\\\/\\\/interflora.dk\\\/blog\\\/c\\\/planter\\\/indendoers-planter\\\/aloe-vera\\\/\",\"name\":\"Aloe vera | Interflora\",\"isPartOf\":{\"@id\":\"https:\\\/\\\/interflora.dk\\\/blog\\\/#website\"},\"description\":\"Dyk ned i aloe veraens naturlige verden og l\u00e6r om dens unikke karakteristika med vores inspirerende artikler.\",\"breadcrumb\":{\"@id\":\"https:\\\/\\\/interflora.dk\\\/blog\\\/c\\\/planter\\\/indendoers-planter\\\/aloe-vera\\\/#breadcrumb\"},\"inLanguage\":\"da-DK\"},{\"@type\":\"BreadcrumbList\",\"@id\":\"https:\\\/\\\/interflora.dk\\\/blog\\\/c\\\/planter\\\/indendoers-planter\\\/aloe-vera\\\/#breadcrumb\",\"itemListElement\":[{\"@type\":\"ListItem\",\"position\":1,\"name\":\"Home\",\"item\":\"https:\\\/\\\/interflora.dk\\\/blog\\\/\"},{\"@type\":\"ListItem\",\"position\":2,\"name\":\"Planter: Pleje og inspiration\",\"item\":\"https:\\\/\\\/interflora.dk\\\/blog\\\/c\\\/planter\\\/\"},{\"@type\":\"ListItem\",\"position\":3,\"name\":\"Indend\u00f8rs planter: Pleje og tips\",\"item\":\"https:\\\/\\\/interflora.dk\\\/blog\\\/c\\\/planter\\\/indendoers-planter\\\/\"},{\"@type\":\"ListItem\",\"position\":4,\"name\":\"Aloe vera\"}]},{\"@type\":\"WebSite\",\"@id\":\"https:\\\/\\\/interflora.dk\\\/blog\\\/#website\",\"url\":\"https:\\\/\\\/interflora.dk\\\/blog\\\/\",\"name\":\"Interflora\",\"description\":\"\",\"publisher\":{\"@id\":\"https:\\\/\\\/interflora.dk\\\/blog\\\/#organization\"},\"potentialAction\":[{\"@type\":\"SearchAction\",\"target\":{\"@type\":\"EntryPoint\",\"urlTemplate\":\"https:\\\/\\\/interflora.dk\\\/blog\\\/?s={search_term_string}\"},\"query-input\":{\"@type\":\"PropertyValueSpecification\",\"valueRequired\":true,\"valueName\":\"search_term_string\"}}],\"inLanguage\":\"da-DK\"},{\"@type\":\"Organization\",\"@id\":\"https:\\\/\\\/interflora.dk\\\/blog\\\/#organization\",\"name\":\"Interflora\",\"url\":\"https:\\\/\\\/interflora.dk\\\/blog\\\/\",\"logo\":{\"@type\":\"ImageObject\",\"inLanguage\":\"da-DK\",\"@id\":\"https:\\\/\\\/interflora.dk\\\/blog\\\/#\\\/schema\\\/logo\\\/image\\\/\",\"url\":\"https:\\\/\\\/interflora.dk\\\/blog\\\/wp-content\\\/uploads\\\/2025\\\/09\\\/220422_INTERFLORA_Logo_rgb_Half_Top_Circle_Main_Color.png\",\"contentUrl\":\"https:\\\/\\\/interflora.dk\\\/blog\\\/wp-content\\\/uploads\\\/2025\\\/09\\\/220422_INTERFLORA_Logo_rgb_Half_Top_Circle_Main_Color.png\",\"width\":1418,\"height\":710,\"caption\":\"Interflora\"},\"image\":{\"@id\":\"https:\\\/\\\/interflora.dk\\\/blog\\\/#\\\/schema\\\/logo\\\/image\\\/\"},\"sameAs\":[\"https:\\\/\\\/www.facebook.com\\\/InterfloraDanmark\",\"https:\\\/\\\/www.instagram.com\\\/interfloradk\",\"https:\\\/\\\/www.linkedin.com\\\/company\\\/interfloradanmark\",\"https:\\\/\\\/www.youtube.com\\\/user\\\/InterfloraTV\"]}]}<\/script>\n<!-- \/ Yoast SEO plugin. -->","yoast_head_json":{"title":"Aloe vera | Interflora","description":"Dyk ned i aloe veraens naturlige verden og l\u00e6r om dens unikke karakteristika med vores inspirerende artikler.","robots":{"index":"index","follow":"follow","max-snippet":"max-snippet:-1","max-image-preview":"max-image-preview:large","max-video-preview":"max-video-preview:-1"},"canonical":"https:\/\/interflora.dk\/blog\/c\/planter\/indendoers-planter\/aloe-vera\/","og_locale":"da_DK","og_type":"article","og_title":"Aloe vera | Interflora","og_description":"Dyk ned i aloe veraens naturlige verden og l\u00e6r om dens unikke karakteristika med vores inspirerende artikler.","og_url":"https:\/\/interflora.dk\/blog\/c\/planter\/indendoers-planter\/aloe-vera\/","og_site_name":"Interflora","twitter_card":"summary_large_image","schema":{"@context":"https:\/\/schema.org","@graph":[{"@type":"CollectionPage","@id":"https:\/\/interflora.dk\/blog\/c\/planter\/indendoers-planter\/aloe-vera\/","url":"https:\/\/interflora.dk\/blog\/c\/planter\/indendoers-planter\/aloe-vera\/","name":"Aloe vera | Interflora","isPartOf":{"@id":"https:\/\/interflora.dk\/blog\/#website"},"description":"Dyk ned i aloe veraens naturlige verden og l\u00e6r om dens unikke karakteristika med vores inspirerende artikler.","breadcrumb":{"@id":"https:\/\/interflora.dk\/blog\/c\/planter\/indendoers-planter\/aloe-vera\/#breadcrumb"},"inLanguage":"da-DK"},{"@type":"BreadcrumbList","@id":"https:\/\/interflora.dk\/blog\/c\/planter\/indendoers-planter\/aloe-vera\/#breadcrumb","itemListElement":[{"@type":"ListItem","position":1,"name":"Home","item":"https:\/\/interflora.dk\/blog\/"},{"@type":"ListItem","position":2,"name":"Planter: Pleje og inspiration","item":"https:\/\/interflora.dk\/blog\/c\/planter\/"},{"@type":"ListItem","position":3,"name":"Indend\u00f8rs planter: Pleje og tips","item":"https:\/\/interflora.dk\/blog\/c\/planter\/indendoers-planter\/"},{"@type":"ListItem","position":4,"name":"Aloe vera"}]},{"@type":"WebSite","@id":"https:\/\/interflora.dk\/blog\/#website","url":"https:\/\/interflora.dk\/blog\/","name":"Interflora","description":"","publisher":{"@id":"https:\/\/interflora.dk\/blog\/#organization"},"potentialAction":[{"@type":"SearchAction","target":{"@type":"EntryPoint","urlTemplate":"https:\/\/interflora.dk\/blog\/?s={search_term_string}"},"query-input":{"@type":"PropertyValueSpecification","valueRequired":true,"valueName":"search_term_string"}}],"inLanguage":"da-DK"},{"@type":"Organization","@id":"https:\/\/interflora.dk\/blog\/#organization","name":"Interflora","url":"https:\/\/interflora.dk\/blog\/","logo":{"@type":"ImageObject","inLanguage":"da-DK","@id":"https:\/\/interflora.dk\/blog\/#\/schema\/logo\/image\/","url":"https:\/\/interflora.dk\/blog\/wp-content\/uploads\/2025\/09\/220422_INTERFLORA_Logo_rgb_Half_Top_Circle_Main_Color.png","contentUrl":"https:\/\/interflora.dk\/blog\/wp-content\/uploads\/2025\/09\/220422_INTERFLORA_Logo_rgb_Half_Top_Circle_Main_Color.png","width":1418,"height":710,"caption":"Interflora"},"image":{"@id":"https:\/\/interflora.dk\/blog\/#\/schema\/logo\/image\/"},"sameAs":["https:\/\/www.facebook.com\/InterfloraDanmark","https:\/\/www.instagram.com\/interfloradk","https:\/\/www.linkedin.com\/company\/interfloradanmark","https:\/\/www.youtube.com\/user\/InterfloraTV"]}]}},"_links":{"self":[{"href":"https:\/\/interflora.dk\/blog\/wp-json\/wp\/v2\/categories\/260","targetHints":{"allow":["GET"]}}],"collection":[{"href":"https:\/\/interflora.dk\/blog\/wp-json\/wp\/v2\/categories"}],"about":[{"href":"https:\/\/interflora.dk\/blog\/wp-json\/wp\/v2\/taxonomies\/category"}],"up":[{"embeddable":true,"href":"https:\/\/interflora.dk\/blog\/wp-json\/wp\/v2\/categories\/178"}],"wp:post_type":[{"href":"https:\/\/interflora.dk\/blog\/wp-json\/wp\/v2\/posts?categories=260"}],"curies":[{"name":"wp","href":"https:\/\/api.w.org\/{rel}","templated":true}]}}