{"id":274,"count":5,"description":"Julestjernen er en klassisk s\u00e6sonplante, der forbindes t\u00e6t med vinter og juletid. Med sine karakteristiske h\u00f8jblade og dekorative udtryk bringer den farve og liv ind i \u00e5rets m\u00f8rkeste m\u00e5neder. Selvom julestjernen is\u00e6r forbindes med julen, kan den med den rette pasning holde sig smuk i lang tid.  Opdag julestjernens kendetegn, dens oprindelse og f\u00e5 indsigt i, hvordan du passer planten bedst.\r\n","link":"https:\/\/interflora.dk\/blog\/c\/planter\/blomstrende-planter\/julestjerner\/","name":"Julestjerner","slug":"julestjerner","taxonomy":"category","parent":215,"meta":[],"yoast_head":"<!-- This site is optimized with the Yoast SEO plugin v27.4 - https:\/\/yoast.com\/product\/yoast-seo-wordpress\/ -->\n<title>Julestjerner | Interflora<\/title>\n<meta name=\"description\" content=\"Julestjernen h\u00f8rer ul\u00f8seligt vinteren og juletiden til. L\u00e6s Interfloras artikler og f\u00e5 indblik i plantens s\u00e6rlige verden.\" \/>\n<meta name=\"robots\" content=\"index, follow, max-snippet:-1, max-image-preview:large, max-video-preview:-1\" \/>\n<link rel=\"canonical\" href=\"https:\/\/interflora.dk\/blog\/c\/planter\/blomstrende-planter\/julestjerner\/\" \/>\n<meta property=\"og:locale\" content=\"da_DK\" \/>\n<meta property=\"og:type\" content=\"article\" \/>\n<meta property=\"og:title\" content=\"Julestjerner | Interflora\" \/>\n<meta property=\"og:description\" content=\"Julestjernen h\u00f8rer ul\u00f8seligt vinteren og juletiden til. L\u00e6s Interfloras artikler og f\u00e5 indblik i plantens s\u00e6rlige verden.\" \/>\n<meta property=\"og:url\" content=\"https:\/\/interflora.dk\/blog\/c\/planter\/blomstrende-planter\/julestjerner\/\" \/>\n<meta property=\"og:site_name\" content=\"Interflora\" \/>\n<meta name=\"twitter:card\" content=\"summary_large_image\" \/>\n<script type=\"application\/ld+json\" class=\"yoast-schema-graph\">{\"@context\":\"https:\\\/\\\/schema.org\",\"@graph\":[{\"@type\":\"CollectionPage\",\"@id\":\"https:\\\/\\\/interflora.dk\\\/blog\\\/c\\\/planter\\\/blomstrende-planter\\\/julestjerner\\\/\",\"url\":\"https:\\\/\\\/interflora.dk\\\/blog\\\/c\\\/planter\\\/blomstrende-planter\\\/julestjerner\\\/\",\"name\":\"Julestjerner | Interflora\",\"isPartOf\":{\"@id\":\"https:\\\/\\\/interflora.dk\\\/blog\\\/#website\"},\"description\":\"Julestjernen h\u00f8rer ul\u00f8seligt vinteren og juletiden til. L\u00e6s Interfloras artikler og f\u00e5 indblik i plantens s\u00e6rlige verden.\",\"breadcrumb\":{\"@id\":\"https:\\\/\\\/interflora.dk\\\/blog\\\/c\\\/planter\\\/blomstrende-planter\\\/julestjerner\\\/#breadcrumb\"},\"inLanguage\":\"da-DK\"},{\"@type\":\"BreadcrumbList\",\"@id\":\"https:\\\/\\\/interflora.dk\\\/blog\\\/c\\\/planter\\\/blomstrende-planter\\\/julestjerner\\\/#breadcrumb\",\"itemListElement\":[{\"@type\":\"ListItem\",\"position\":1,\"name\":\"Home\",\"item\":\"https:\\\/\\\/interflora.dk\\\/blog\\\/\"},{\"@type\":\"ListItem\",\"position\":2,\"name\":\"Planter: Pleje og inspiration\",\"item\":\"https:\\\/\\\/interflora.dk\\\/blog\\\/c\\\/planter\\\/\"},{\"@type\":\"ListItem\",\"position\":3,\"name\":\"Blomstrende planter: Vores guides\",\"item\":\"https:\\\/\\\/interflora.dk\\\/blog\\\/c\\\/planter\\\/blomstrende-planter\\\/\"},{\"@type\":\"ListItem\",\"position\":4,\"name\":\"Julestjerner\"}]},{\"@type\":\"WebSite\",\"@id\":\"https:\\\/\\\/interflora.dk\\\/blog\\\/#website\",\"url\":\"https:\\\/\\\/interflora.dk\\\/blog\\\/\",\"name\":\"Interflora\",\"description\":\"\",\"publisher\":{\"@id\":\"https:\\\/\\\/interflora.dk\\\/blog\\\/#organization\"},\"potentialAction\":[{\"@type\":\"SearchAction\",\"target\":{\"@type\":\"EntryPoint\",\"urlTemplate\":\"https:\\\/\\\/interflora.dk\\\/blog\\\/?s={search_term_string}\"},\"query-input\":{\"@type\":\"PropertyValueSpecification\",\"valueRequired\":true,\"valueName\":\"search_term_string\"}}],\"inLanguage\":\"da-DK\"},{\"@type\":\"Organization\",\"@id\":\"https:\\\/\\\/interflora.dk\\\/blog\\\/#organization\",\"name\":\"Interflora\",\"url\":\"https:\\\/\\\/interflora.dk\\\/blog\\\/\",\"logo\":{\"@type\":\"ImageObject\",\"inLanguage\":\"da-DK\",\"@id\":\"https:\\\/\\\/interflora.dk\\\/blog\\\/#\\\/schema\\\/logo\\\/image\\\/\",\"url\":\"https:\\\/\\\/interflora.dk\\\/blog\\\/wp-content\\\/uploads\\\/2025\\\/09\\\/220422_INTERFLORA_Logo_rgb_Half_Top_Circle_Main_Color.png\",\"contentUrl\":\"https:\\\/\\\/interflora.dk\\\/blog\\\/wp-content\\\/uploads\\\/2025\\\/09\\\/220422_INTERFLORA_Logo_rgb_Half_Top_Circle_Main_Color.png\",\"width\":1418,\"height\":710,\"caption\":\"Interflora\"},\"image\":{\"@id\":\"https:\\\/\\\/interflora.dk\\\/blog\\\/#\\\/schema\\\/logo\\\/image\\\/\"},\"sameAs\":[\"https:\\\/\\\/www.facebook.com\\\/InterfloraDanmark\",\"https:\\\/\\\/www.instagram.com\\\/interfloradk\",\"https:\\\/\\\/www.linkedin.com\\\/company\\\/interfloradanmark\",\"https:\\\/\\\/www.youtube.com\\\/user\\\/InterfloraTV\"]}]}<\/script>\n<!-- \/ Yoast SEO plugin. -->","yoast_head_json":{"title":"Julestjerner | Interflora","description":"Julestjernen h\u00f8rer ul\u00f8seligt vinteren og juletiden til. L\u00e6s Interfloras artikler og f\u00e5 indblik i plantens s\u00e6rlige verden.","robots":{"index":"index","follow":"follow","max-snippet":"max-snippet:-1","max-image-preview":"max-image-preview:large","max-video-preview":"max-video-preview:-1"},"canonical":"https:\/\/interflora.dk\/blog\/c\/planter\/blomstrende-planter\/julestjerner\/","og_locale":"da_DK","og_type":"article","og_title":"Julestjerner | Interflora","og_description":"Julestjernen h\u00f8rer ul\u00f8seligt vinteren og juletiden til. L\u00e6s Interfloras artikler og f\u00e5 indblik i plantens s\u00e6rlige verden.","og_url":"https:\/\/interflora.dk\/blog\/c\/planter\/blomstrende-planter\/julestjerner\/","og_site_name":"Interflora","twitter_card":"summary_large_image","schema":{"@context":"https:\/\/schema.org","@graph":[{"@type":"CollectionPage","@id":"https:\/\/interflora.dk\/blog\/c\/planter\/blomstrende-planter\/julestjerner\/","url":"https:\/\/interflora.dk\/blog\/c\/planter\/blomstrende-planter\/julestjerner\/","name":"Julestjerner | Interflora","isPartOf":{"@id":"https:\/\/interflora.dk\/blog\/#website"},"description":"Julestjernen h\u00f8rer ul\u00f8seligt vinteren og juletiden til. L\u00e6s Interfloras artikler og f\u00e5 indblik i plantens s\u00e6rlige verden.","breadcrumb":{"@id":"https:\/\/interflora.dk\/blog\/c\/planter\/blomstrende-planter\/julestjerner\/#breadcrumb"},"inLanguage":"da-DK"},{"@type":"BreadcrumbList","@id":"https:\/\/interflora.dk\/blog\/c\/planter\/blomstrende-planter\/julestjerner\/#breadcrumb","itemListElement":[{"@type":"ListItem","position":1,"name":"Home","item":"https:\/\/interflora.dk\/blog\/"},{"@type":"ListItem","position":2,"name":"Planter: Pleje og inspiration","item":"https:\/\/interflora.dk\/blog\/c\/planter\/"},{"@type":"ListItem","position":3,"name":"Blomstrende planter: Vores guides","item":"https:\/\/interflora.dk\/blog\/c\/planter\/blomstrende-planter\/"},{"@type":"ListItem","position":4,"name":"Julestjerner"}]},{"@type":"WebSite","@id":"https:\/\/interflora.dk\/blog\/#website","url":"https:\/\/interflora.dk\/blog\/","name":"Interflora","description":"","publisher":{"@id":"https:\/\/interflora.dk\/blog\/#organization"},"potentialAction":[{"@type":"SearchAction","target":{"@type":"EntryPoint","urlTemplate":"https:\/\/interflora.dk\/blog\/?s={search_term_string}"},"query-input":{"@type":"PropertyValueSpecification","valueRequired":true,"valueName":"search_term_string"}}],"inLanguage":"da-DK"},{"@type":"Organization","@id":"https:\/\/interflora.dk\/blog\/#organization","name":"Interflora","url":"https:\/\/interflora.dk\/blog\/","logo":{"@type":"ImageObject","inLanguage":"da-DK","@id":"https:\/\/interflora.dk\/blog\/#\/schema\/logo\/image\/","url":"https:\/\/interflora.dk\/blog\/wp-content\/uploads\/2025\/09\/220422_INTERFLORA_Logo_rgb_Half_Top_Circle_Main_Color.png","contentUrl":"https:\/\/interflora.dk\/blog\/wp-content\/uploads\/2025\/09\/220422_INTERFLORA_Logo_rgb_Half_Top_Circle_Main_Color.png","width":1418,"height":710,"caption":"Interflora"},"image":{"@id":"https:\/\/interflora.dk\/blog\/#\/schema\/logo\/image\/"},"sameAs":["https:\/\/www.facebook.com\/InterfloraDanmark","https:\/\/www.instagram.com\/interfloradk","https:\/\/www.linkedin.com\/company\/interfloradanmark","https:\/\/www.youtube.com\/user\/InterfloraTV"]}]}},"_links":{"self":[{"href":"https:\/\/interflora.dk\/blog\/wp-json\/wp\/v2\/categories\/274","targetHints":{"allow":["GET"]}}],"collection":[{"href":"https:\/\/interflora.dk\/blog\/wp-json\/wp\/v2\/categories"}],"about":[{"href":"https:\/\/interflora.dk\/blog\/wp-json\/wp\/v2\/taxonomies\/category"}],"up":[{"embeddable":true,"href":"https:\/\/interflora.dk\/blog\/wp-json\/wp\/v2\/categories\/215"}],"wp:post_type":[{"href":"https:\/\/interflora.dk\/blog\/wp-json\/wp\/v2\/posts?categories=274"}],"curies":[{"name":"wp","href":"https:\/\/api.w.org\/{rel}","templated":true}]}}