{"id":37542,"date":"2026-04-20T11:03:48","date_gmt":"2026-04-20T09:03:48","guid":{"rendered":"https:\/\/interflora.dk\/blog\/?p=37542"},"modified":"2026-04-20T13:05:15","modified_gmt":"2026-04-20T11:05:15","slug":"saadan-plejer-du-afskaarne-roser","status":"publish","type":"post","link":"https:\/\/interflora.dk\/blog\/saadan-plejer-du-afskaarne-roser\/","title":{"rendered":"Hvordan plejer du afsk\u00e5rne roser?"},"content":{"rendered":"\n<p>Roser er blomsternes dronning \u2013 og derfor fortjener de ogs\u00e5 den helt rigtige pleje, n\u00e5r de f\u00f8rst er klippet. Men hvordan passer du egentlig bedst p\u00e5 dine afsk\u00e5rne roser? Det sp\u00f8rgsm\u00e5l melder sig ofte, n\u00e5r man har f\u00e5et en smuk buket fyldt med afsk\u00e5rne roser. Med den rette pleje kan du forl\u00e6nge levetiden p\u00e5 dine blomster og bevare deres sk\u00f8nhed i dagevis, i stedet for at se dem visne alt for hurtigt. Heldigvis kr\u00e6ver det kun f\u00e5 og enkle r\u00e5d at f\u00e5 mest muligt ud af dine afsk\u00e5rne roser. Her guider vi dig til den optimale pleje, s\u00e5 du kan nyde din buket s\u00e5 l\u00e6nge som muligt.<\/p>\n\n\n\n<h2 class=\"wp-block-heading alignwide\">Afsk\u00e5rne roser har brug for vand, der skiftes meget ofte.<\/h2>\n\n\n\n<div class=\"wp-block-media-text is-stacked-on-mobile\" style=\"grid-template-columns:40% auto\"><figure class=\"wp-block-media-text__media\"><img loading=\"lazy\" decoding=\"async\" width=\"683\" height=\"1024\" src=\"https:\/\/interflora.dk\/blog\/wp-content\/uploads\/Buket-af-hvide-roser-683x1024.jpg\" alt=\"Buket af hvide roser\" class=\"wp-image-37535 size-full\"\/><\/figure><div class=\"wp-block-media-text__content\">\n<p>N\u00e5r det kommer til pleje af afsk\u00e5rne roser, er der s\u00e6rligt <strong>to vigtige faktorer<\/strong> at v\u00e6re opm\u00e6rksom p\u00e5: m\u00e6ngden af sollys og tilf\u00f8rslen af vand. Begge dele spiller en afg\u00f8rende rolle for, hvor l\u00e6nge roserne holder sig friske. <\/p>\n\n\n\n<p>N\u00e5r det kommer til eksponering for lys, er det vigtigt, at man ikke overdriver. Dette r\u00e5d, som ogs\u00e5 g\u00e6lder for gr\u00f8nne planter og potteroser, er endnu vigtigere for afsk\u00e5rne blomster.<\/p>\n\n\n\n<p>Uds\u00e6ttelse for direkte sollys er bestemt ikke anbefalet for afsk\u00e5rne roser. Det kan ikke blot f\u00e5 deres smukke farver til at falme hurtigere, men ogs\u00e5 skade de sarte kronblade. For at bevare rosernes friskhed og udseende l\u00e6ngst muligt b\u00f8r buketten derfor placeres et sted, hvor den ikke uds\u00e6ttes for kraftigt lys eller h\u00f8j varme.<\/p>\n\n\n\n<div class=\"wp-block-buttons has-custom-font-size has-medium-font-size is-content-justification-center is-layout-flex wp-container-core-buttons-is-layout-a89b3969 wp-block-buttons-is-layout-flex\">\n<div class=\"wp-block-button\"><a class=\"wp-block-button__link wp-element-button\" href=\"https:\/\/interflora.dk\/produkter\/afskaarne-roser?utm_source=blog&amp;utm_medium=organic&amp;utm_campaign=post-cta\" target=\"_blank\" rel=\"noreferrer noopener\">Se udvalget af roser<\/a><\/div>\n<\/div>\n<\/div><\/div>\n\n\n<div class=\"lp-produits-grid\"><div class=\"lp-produit\"><div class=\"lp-thumbnail-wrapper\"><img loading=\"lazy\" decoding=\"async\" width=\"300\" height=\"300\" src=\"https:\/\/interflora.dk\/blog\/wp-content\/uploads\/2025\/09\/DE_FARVERIGE_ROSER_MEDIUM_103-300x300.jpg\" class=\"attachment-medium size-medium wp-post-image\" alt=\"\" srcset=\"https:\/\/interflora.dk\/blog\/wp-content\/uploads\/2025\/09\/DE_FARVERIGE_ROSER_MEDIUM_103-300x300.jpg 300w, https:\/\/interflora.dk\/blog\/wp-content\/uploads\/2025\/09\/DE_FARVERIGE_ROSER_MEDIUM_103-1024x1024.jpg 1024w, https:\/\/interflora.dk\/blog\/wp-content\/uploads\/2025\/09\/DE_FARVERIGE_ROSER_MEDIUM_103-150x150.jpg 150w, https:\/\/interflora.dk\/blog\/wp-content\/uploads\/2025\/09\/DE_FARVERIGE_ROSER_MEDIUM_103-768x768.jpg 768w, https:\/\/interflora.dk\/blog\/wp-content\/uploads\/2025\/09\/DE_FARVERIGE_ROSER_MEDIUM_103.jpg 1200w\" sizes=\"auto, (max-width: 300px) 100vw, 300px\" \/><img decoding=\"async\" class=\"lp-badge\" src=\"https:\/\/prodblog.interflora.dk\/blog\/wp-content\/uploads\/2025\/09\/220422_INTERFLORA_Main_Logo_rgb_Main_Color.avif\" alt=\"Send blomster med Interflora\"><\/div><span>De farverige roser<\/span><p>Fra 369 kr.<\/p><span class=\"obf-link lp-cta\" role=\"link\" tabindex=\"0\" data-b64=\"aHR0cHM6Ly9pbnRlcmZsb3JhLmRrL3Byb2R1a3QvZGUtZmFydmVyaWdlLXJvc2VyP3Y9MTUyMSYjMDM4O3ZhcmlhdGlvbj0xZmQ4M2JkMC1iMTFjLTRkMjQtOTM0OS1kOGZlZjY3YWVlY2M\/dXRtX21lZGl1bT1vcmdhbmljJnV0bV9zb3VyY2U9YmxvZ19wcm9kdWN0cyZ1dG1fY2FtcGFpZ249MTAz\" data-target=\"_blank\"><svg xmlns=\"http:\/\/www.w3.org\/2000\/svg\" width=\"16\" height=\"16\" fill=\"currentColor\" class=\"bi bi-bag\" viewBox=\"0 0 16 16\"><path d=\"M8 1a2 2 0 0 1 2 2v1h2.5A1.5 1.5 0 0 1 14 5.5v8A1.5 1.5 0 0 1 12.5 15h-9A1.5 1.5 0 0 1 2 13.5v-8A1.5 1.5 0 0 1 3.5 3H6V2a2 2 0 0 1 2-1zm1 3V3a1 1 0 0 0-2 0v1h2z\"\/><\/svg>K\u00f8b her<\/span><p class=\"rapido\">H\u00e5ndbundet af florister<\/p><\/div><div class=\"lp-produit\"><div class=\"lp-thumbnail-wrapper\"><img loading=\"lazy\" decoding=\"async\" width=\"300\" height=\"300\" src=\"https:\/\/interflora.dk\/blog\/wp-content\/uploads\/2025\/09\/DE_LYSEROEDE_ROSER_MED_CHOCHO_18_STK-300x300.jpg\" class=\"attachment-medium size-medium wp-post-image\" alt=\"\" srcset=\"https:\/\/interflora.dk\/blog\/wp-content\/uploads\/2025\/09\/DE_LYSEROEDE_ROSER_MED_CHOCHO_18_STK-300x300.jpg 300w, https:\/\/interflora.dk\/blog\/wp-content\/uploads\/2025\/09\/DE_LYSEROEDE_ROSER_MED_CHOCHO_18_STK-1024x1024.jpg 1024w, https:\/\/interflora.dk\/blog\/wp-content\/uploads\/2025\/09\/DE_LYSEROEDE_ROSER_MED_CHOCHO_18_STK-150x150.jpg 150w, https:\/\/interflora.dk\/blog\/wp-content\/uploads\/2025\/09\/DE_LYSEROEDE_ROSER_MED_CHOCHO_18_STK-768x768.jpg 768w, https:\/\/interflora.dk\/blog\/wp-content\/uploads\/2025\/09\/DE_LYSEROEDE_ROSER_MED_CHOCHO_18_STK-1536x1536.jpg 1536w, https:\/\/interflora.dk\/blog\/wp-content\/uploads\/2025\/09\/DE_LYSEROEDE_ROSER_MED_CHOCHO_18_STK-2048x2048.jpg 2048w\" sizes=\"auto, (max-width: 300px) 100vw, 300px\" \/><img decoding=\"async\" class=\"lp-badge\" src=\"https:\/\/prodblog.interflora.dk\/blog\/wp-content\/uploads\/2025\/09\/220422_INTERFLORA_Main_Logo_rgb_Main_Color.avif\" alt=\"Send blomster med Interflora\"><\/div><span>De lyser\u00f8de roser med CHO CHO 18 stk.<\/span><p>Fra 508 kr.<\/p><span class=\"obf-link lp-cta\" role=\"link\" tabindex=\"0\" data-b64=\"aHR0cHM6Ly9pbnRlcmZsb3JhLmRrL3Byb2R1a3QvZGUtbHlzZXJvZWRlLXJvc2VyLW1lZC1jaG8tY2hvLTE4LXN0az91dG1fbWVkaXVtPW9yZ2FuaWMmdXRtX3NvdXJjZT1ibG9nX3Byb2R1Y3RzJnV0bV9jYW1wYWlnbj0yNDI1\" data-target=\"_blank\"><svg xmlns=\"http:\/\/www.w3.org\/2000\/svg\" width=\"16\" height=\"16\" fill=\"currentColor\" class=\"bi bi-bag\" viewBox=\"0 0 16 16\"><path d=\"M8 1a2 2 0 0 1 2 2v1h2.5A1.5 1.5 0 0 1 14 5.5v8A1.5 1.5 0 0 1 12.5 15h-9A1.5 1.5 0 0 1 2 13.5v-8A1.5 1.5 0 0 1 3.5 3H6V2a2 2 0 0 1 2-1zm1 3V3a1 1 0 0 0-2 0v1h2z\"\/><\/svg>K\u00f8b her<\/span><p class=\"rapido\">Din personlige hilsen<\/p><\/div><div class=\"lp-produit\"><div class=\"lp-thumbnail-wrapper\"><img loading=\"lazy\" decoding=\"async\" width=\"300\" height=\"300\" src=\"https:\/\/interflora.dk\/blog\/wp-content\/uploads\/2025\/09\/DE_HVIDE_ROSER_NICHOLAS_FEUILATTES_CHAMPAGNE_2419-300x300.jpg\" class=\"attachment-medium size-medium wp-post-image\" alt=\"\" srcset=\"https:\/\/interflora.dk\/blog\/wp-content\/uploads\/2025\/09\/DE_HVIDE_ROSER_NICHOLAS_FEUILATTES_CHAMPAGNE_2419-300x300.jpg 300w, https:\/\/interflora.dk\/blog\/wp-content\/uploads\/2025\/09\/DE_HVIDE_ROSER_NICHOLAS_FEUILATTES_CHAMPAGNE_2419-1024x1024.jpg 1024w, https:\/\/interflora.dk\/blog\/wp-content\/uploads\/2025\/09\/DE_HVIDE_ROSER_NICHOLAS_FEUILATTES_CHAMPAGNE_2419-150x150.jpg 150w, https:\/\/interflora.dk\/blog\/wp-content\/uploads\/2025\/09\/DE_HVIDE_ROSER_NICHOLAS_FEUILATTES_CHAMPAGNE_2419-768x768.jpg 768w, https:\/\/interflora.dk\/blog\/wp-content\/uploads\/2025\/09\/DE_HVIDE_ROSER_NICHOLAS_FEUILATTES_CHAMPAGNE_2419.jpg 1200w\" sizes=\"auto, (max-width: 300px) 100vw, 300px\" \/><img decoding=\"async\" class=\"lp-badge\" src=\"https:\/\/prodblog.interflora.dk\/blog\/wp-content\/uploads\/2025\/09\/220422_INTERFLORA_Main_Logo_rgb_Main_Color.avif\" alt=\"Send blomster med Interflora\"><\/div><span>De hvide roser med Nicolas Feuillatte, S\u00e9lection Brut, Champagne<\/span><p>Fra 748 kr.<\/p><span class=\"obf-link lp-cta\" role=\"link\" tabindex=\"0\" data-b64=\"aHR0cHM6Ly9pbnRlcmZsb3JhLmRrL3Byb2R1a3QvZGUtaHZpZGUtcm9zZXItbWVkLW5pY29sYXMtZmV1aWxsYXR0ZS1zZWxlY3Rpb24tYnJ1dC1jaGFtcGFnbmU\/dXRtX21lZGl1bT1vcmdhbmljJnV0bV9zb3VyY2U9YmxvZ19wcm9kdWN0cyZ1dG1fY2FtcGFpZ249MjQxOQ==\" data-target=\"_blank\"><svg xmlns=\"http:\/\/www.w3.org\/2000\/svg\" width=\"16\" height=\"16\" fill=\"currentColor\" class=\"bi bi-bag\" viewBox=\"0 0 16 16\"><path d=\"M8 1a2 2 0 0 1 2 2v1h2.5A1.5 1.5 0 0 1 14 5.5v8A1.5 1.5 0 0 1 12.5 15h-9A1.5 1.5 0 0 1 2 13.5v-8A1.5 1.5 0 0 1 3.5 3H6V2a2 2 0 0 1 2-1zm1 3V3a1 1 0 0 0-2 0v1h2z\"\/><\/svg>K\u00f8b her<\/span><p class=\"rapido\">Kundernes favorit<\/p><\/div><div class=\"lp-produit\"><div class=\"lp-thumbnail-wrapper\"><img loading=\"lazy\" decoding=\"async\" width=\"300\" height=\"300\" src=\"https:\/\/interflora.dk\/blog\/wp-content\/uploads\/2025\/09\/DEN_ROMANTISKE_SMALL_130_0-300x300.jpg\" class=\"attachment-medium size-medium wp-post-image\" alt=\"\" srcset=\"https:\/\/interflora.dk\/blog\/wp-content\/uploads\/2025\/09\/DEN_ROMANTISKE_SMALL_130_0-300x300.jpg 300w, https:\/\/interflora.dk\/blog\/wp-content\/uploads\/2025\/09\/DEN_ROMANTISKE_SMALL_130_0-1024x1024.jpg 1024w, https:\/\/interflora.dk\/blog\/wp-content\/uploads\/2025\/09\/DEN_ROMANTISKE_SMALL_130_0-150x150.jpg 150w, https:\/\/interflora.dk\/blog\/wp-content\/uploads\/2025\/09\/DEN_ROMANTISKE_SMALL_130_0-768x768.jpg 768w, https:\/\/interflora.dk\/blog\/wp-content\/uploads\/2025\/09\/DEN_ROMANTISKE_SMALL_130_0.jpg 1200w\" sizes=\"auto, (max-width: 300px) 100vw, 300px\" \/><img decoding=\"async\" class=\"lp-badge\" src=\"https:\/\/prodblog.interflora.dk\/blog\/wp-content\/uploads\/2025\/09\/220422_INTERFLORA_Main_Logo_rgb_Main_Color.avif\" alt=\"Send blomster med Interflora\"><\/div><span>Den romantiske<\/span><p>Fra 359 kr.<\/p><span class=\"obf-link lp-cta\" role=\"link\" tabindex=\"0\" data-b64=\"aHR0cHM6Ly9pbnRlcmZsb3JhLmRrL3Byb2R1a3QvZGVuLXJvbWFudGlza2U\/dj0xMDAyNiYjMDM4O3ZhcmlhdGlvbj0xM2IxZDQ2Yy1kZjM4LTQwOGItYWE2ZC02ZWQwZWQxMGFmNTg\/dXRtX21lZGl1bT1vcmdhbmljJnV0bV9zb3VyY2U9YmxvZ19wcm9kdWN0cyZ1dG1fY2FtcGFpZ249MTMw\" data-target=\"_blank\"><svg xmlns=\"http:\/\/www.w3.org\/2000\/svg\" width=\"16\" height=\"16\" fill=\"currentColor\" class=\"bi bi-bag\" viewBox=\"0 0 16 16\"><path d=\"M8 1a2 2 0 0 1 2 2v1h2.5A1.5 1.5 0 0 1 14 5.5v8A1.5 1.5 0 0 1 12.5 15h-9A1.5 1.5 0 0 1 2 13.5v-8A1.5 1.5 0 0 1 3.5 3H6V2a2 2 0 0 1 2-1zm1 3V3a1 1 0 0 0-2 0v1h2z\"\/><\/svg>K\u00f8b her<\/span><p class=\"rapido\">Bundet af din lokale florist<\/p><\/div><\/div>\n\n\n\n<div class=\"wp-block-media-text has-media-on-the-right is-stacked-on-mobile\" style=\"grid-template-columns:auto 40%\"><div class=\"wp-block-media-text__content\">\n<p>Hydrering af dine afsk\u00e5rne roser er dog mindst lige s\u00e5 vigtigt, n\u00e5r det kommer til r\u00e5d om pleje. De skal have rigeligt med vand \u2013 rent vand. Vasen med dine afsk\u00e5rne roser skal ogs\u00e5 v\u00e6re ren og fyldt godt op med vand, mindst halvvejs op af stilkene. Vandet i vasen skal skiftes utroligt ofte og helst dagligt, hvis det er muligt. Det stopper visne blomster eller nedfaldne blade i at g\u00f8re vandet beskidt og for\u00e5rsage r\u00e5d. <\/p>\n\n\n\n<p>Et andet godt r\u00e5d er at fjerne de nederste blade fra st\u00e6nglerne, s\u00e5 vandet g\u00e5r direkte til blomsten. Det er ogs\u00e5 n\u00f8dvendigt at besk\u00e6re st\u00e6nglerne relativt ofte, s\u00e5 de forbliver iltet og hydreret.&nbsp;<\/p>\n<\/div><figure class=\"wp-block-media-text__media\"><img loading=\"lazy\" decoding=\"async\" width=\"683\" height=\"1024\" src=\"https:\/\/interflora.dk\/blog\/wp-content\/uploads\/Buket-af-lyseroede-roser-683x1024.jpg\" alt=\"Buket af lyseroede roser\" class=\"wp-image-37536 size-full\"\/><\/figure><\/div>\n\n\n\n<div class=\"wp-block-media-text is-stacked-on-mobile\" style=\"grid-template-columns:40% auto\"><figure class=\"wp-block-media-text__media\"><img loading=\"lazy\" decoding=\"async\" width=\"683\" height=\"1024\" src=\"https:\/\/interflora.dk\/blog\/wp-content\/uploads\/Interflora-florist-683x1024.jpg\" alt=\"Interflora florist binder buket\" class=\"wp-image-37537 size-full\"\/><\/figure><div class=\"wp-block-media-text__content\">\n<p>Husk ogs\u00e5 at bruge den <strong>blomstern\u00e6ring<\/strong>, du ofte f\u00e5r med fra blomsterhandleren. Den tilf\u00f8rer roserne de n\u00f8dvendige n\u00e6ringsstoffer over tid og hj\u00e6lper dem med at bevare deres styrke og friskhed l\u00e6ngere. Som prikken over i\u2019et kan klassiske bedstemor-tips til afsk\u00e5rne blomster ogs\u00e5 v\u00e6re v\u00e6rd at tage i brug, n\u00e5r roserne begynder at miste sp\u00e6ndstigheden.<\/p>\n\n\n\n<p>Du kan f.eks. l\u00e6gge hele den afsk\u00e5rne rose i et vandbad, hvor en aspirintablet er opl\u00f8st. Det kan hj\u00e6lpe med at genopfriske blomsten og give den nyt liv. Vandets pH-balance spiller nemlig en vigtig rolle, n\u00e5r det handler om at give den bedst mulige pleje til afsk\u00e5rne roser.<\/p>\n<\/div><\/div>\n\n\n\n<h2 class=\"wp-block-heading alignwide\">Fra afsk\u00e5rne roser &#8230; til stiklinger!<\/h2>\n\n\n\n<div class=\"wp-block-media-text has-media-on-the-right is-stacked-on-mobile\" style=\"grid-template-columns:auto 40%\"><div class=\"wp-block-media-text__content\">\n<p>Afsk\u00e5rne blomster kan ogs\u00e5 bruges til mere end blot dekorative form\u00e5l. Det er nemlig muligt at genplante dem og dyrke nye roser. Denne form for formering sker ved stiklinger og udf\u00f8res typisk i slutningen af blomstringsperioden. Det er i princippet relativt simpelt, men kr\u00e6ver s\u00e6rlig pleje, s\u00e5 stiklingerne giver flotte roser i fremtiden.<\/p>\n\n\n\n<p>Det er ikke nok bare at plante rosengrene. Det er utroligt vigtigt, at du ved, hvordan man besk\u00e6rer stilkene med en besk\u00e6ringssaks. Fjern falmende blomster og blade med undtagelse af nogle f\u00e5 sj\u00e6ldne \u00f8vre blade, der skal forhindre fordampning.<\/p>\n\n\n\n<p>St\u00e6nglerne skal v\u00e6re ca. 15 cm, og det er bedst at v\u00e6lge unge grene, der er afsk\u00e5ret over en knude. Det anbefales, at den nederste del af stiklingen d\u00e6kkes med en opl\u00f8sning (som f.eks. et plante-\/rodhormon), der forbedrer chancerne for et godt resultat.&nbsp;<\/p>\n<\/div><figure class=\"wp-block-media-text__media\"><img loading=\"lazy\" decoding=\"async\" width=\"683\" height=\"1024\" src=\"https:\/\/interflora.dk\/blog\/wp-content\/uploads\/Interflora-florist-2-683x1024.jpg\" alt=\"Interflora florist besk\u00e6rer rose\" class=\"wp-image-37538 size-full\"\/><\/figure><\/div>\n\n\n\n<div class=\"wp-block-media-text is-stacked-on-mobile\" style=\"grid-template-columns:40% auto\"><figure class=\"wp-block-media-text__media\"><img loading=\"lazy\" decoding=\"async\" width=\"683\" height=\"1024\" src=\"https:\/\/interflora.dk\/blog\/wp-content\/uploads\/Rose-plant-683x1024.jpg\" alt=\"Roser i potte\" class=\"wp-image-37539 size-full\"\/><\/figure><div class=\"wp-block-media-text__content\">\n<p>Men hvor planter man egentlig en kommende rosenbusk? Valget af placering er afg\u00f8rende for et godt resultat. Stiklingerne kan plantes i en potte eller direkte i jorden, men i begge tilf\u00e6lde g\u00e6lder de samme anbefalinger: Undg\u00e5 direkte sollys og ekstreme temperaturer. En veranda eller et drivhus er derfor ideelt, da det giver stabile forhold og sikrer den n\u00f8dvendige hydrering. Med lidt t\u00e5lmodighed vil b\u00e5de r\u00f8dder og knopper hurtigt begynde at vise sig.<\/p>\n\n\n\n<p>Omplantningen sker i haven det f\u00f8lgende for\u00e5r. N\u00e5r for\u00e5ret begynder, fyldes haven ofte med smukke, etablerede rosenbuske. Men hvis du ikke har gr\u00f8nne fingre \u2013 eller blot foretr\u00e6kker indretning frem for havearbejde \u2013 har vi heldigvis ogs\u00e5 andre id\u00e9er til dig.<\/p>\n<\/div><\/div>\n\n\n\n<h2 class=\"wp-block-heading alignwide\">Har du pr\u00f8vet at t\u00f8rre en buket?<\/h2>\n\n\n\n<p>Der kommer altid et tidspunkt, hvor dine afsk\u00e5rne blomster \u2013 p\u00e5 trods af den bedste pleje \u2013 ikke vil kunne holde l\u00e6ngere. S\u00e5 hvorfor ikke v\u00e6lge en anden metode, hvor du stadig kan f\u00e5 et utrolig dekorativ resultat: en t\u00f8rret buket. Det er en popul\u00e6r g\u00f8r-det-selv-trend lige nu. Du kan sammens\u00e6tte fantastiske blomsterbuketter. Alle blomster kan bruges, men afsk\u00e5rne blomster egner sig is\u00e6r.<\/p>\n\n\n\n<div class=\"wp-block-media-text has-media-on-the-right is-stacked-on-mobile\" style=\"grid-template-columns:auto 40%\"><div class=\"wp-block-media-text__content\">\n<h3 class=\"wp-block-heading alignwide\">Hvilke blomster skal man bruge?<\/h3>\n\n\n\n<p>Dine kriterier skal frem for alt bygges p\u00e5 \u00e6stetikken: V\u00e6lg smukke blomster! Hvis du forst\u00e5r blomsternes sprog, kan du ogs\u00e5 v\u00e6lge at udtrykke bestemte f\u00f8lelser gennem buketten. En lys pink er et tegn p\u00e5 ungdom og vitalitet. Hvide blomster udtrykker respekt. <a href=\"https:\/\/interflora.dk\/produkter\/hvide-roser\" target=\"_blank\" rel=\"noreferrer noopener\">Hvide roser<\/a>, <a href=\"https:\/\/interflora.dk\/produkter\/roede-roser\" target=\"_blank\" rel=\"noreferrer noopener\">r\u00f8de roser<\/a>, <a href=\"https:\/\/interflora.dk\/produkter\/lyseroede-roser\" target=\"_blank\" rel=\"noreferrer noopener\">lyser\u00f8de blomster<\/a>&#8230; med disse mange smukke varianter kan du f\u00e5 storsl\u00e5ede t\u00f8rrede buketter, efter de har st\u00e5et og dekoreret dit hjem i et par uger.<\/p>\n\n\n\n<p>Du kan endda udv\u00e6lge store blomster i din rosenhave, hvis du er s\u00e5 heldig at have en. Generelt g\u00f8r mange folk det ogs\u00e5, fordi de gerne vil bevare mindet om en betydningsfuld begivenhed, s\u00e5 den magiske f\u00f8lelse kan holde lidt l\u00e6ngere. Det kan f.eks. bryllupsbuket. En t\u00f8rret buket kan naturligvis ogs\u00e5 bare v\u00e6re til dekorative form\u00e5l, der pynter i dit hjem.&nbsp;<\/p>\n<\/div><figure class=\"wp-block-media-text__media\"><img loading=\"lazy\" decoding=\"async\" width=\"683\" height=\"1024\" src=\"https:\/\/interflora.dk\/blog\/wp-content\/uploads\/torrede-blomster-roser-683x1024.jpg\" alt=\"T\u00f8rrede blomster buket\" class=\"wp-image-37540 size-full\"\/><\/figure><\/div>\n\n\n\n<div class=\"wp-block-media-text is-stacked-on-mobile\" style=\"grid-template-columns:40% auto\"><figure class=\"wp-block-media-text__media\"><img loading=\"lazy\" decoding=\"async\" width=\"683\" height=\"1024\" src=\"https:\/\/interflora.dk\/blog\/wp-content\/uploads\/torrede-roser-683x1024.jpg\" alt=\"T\u00f8rrede roser\" class=\"wp-image-37541 size-full\"\/><\/figure><div class=\"wp-block-media-text__content\">\n<h3 class=\"wp-block-heading alignwide\">Hvordan t\u00f8rrer jeg mine afsk\u00e5rne roser?<\/h3>\n\n\n\n<p>Metoden er ikke s\u00e6rlig kompleks. I mods\u00e6tning til almindelig pleje skal du nemlig undlade at give dine roser vand. I stedet b\u00f8r de opbevares et k\u00f8ligt, t\u00f8rt og velventileret sted. Efter nogle uger vil de afsk\u00e5rne blomster v\u00e6re helt dehydrerede, men stadig have bevaret deres form og elegance.<\/p>\n\n\n\n<p>For at give dem et mere holdbart og dekorativt udtryk kan du forsigtigt spraye dem med f.eks. h\u00e5rlak som giver en smuk, blank og funklende overflade. Det er en lidt utraditionel form for pleje \u2013 men \u00e9n, der giver dine afsk\u00e5rne roser nyt liv som t\u00f8rrede blomster.<\/p>\n\n\n\n<div class=\"wp-block-buttons has-custom-font-size has-medium-font-size is-content-justification-center is-layout-flex wp-container-core-buttons-is-layout-a89b3969 wp-block-buttons-is-layout-flex\">\n<div class=\"wp-block-button\"><a class=\"wp-block-button__link wp-element-button\" href=\"https:\/\/interflora.dk\/blog\/hvordan-toerrer-man-en-rose\/\" target=\"_blank\" rel=\"noreferrer noopener\">Vores tips til t\u00f8rring af en buket roser<\/a><\/div>\n<\/div>\n<\/div><\/div>\n\n\n<div class=\"lp-produits-grid\"><div class=\"lp-produit\"><div class=\"lp-thumbnail-wrapper\"><img loading=\"lazy\" decoding=\"async\" width=\"300\" height=\"300\" src=\"https:\/\/interflora.dk\/blog\/wp-content\/uploads\/2025\/09\/DE_ROEDE_ROSER_HAND_v_02028129-300x300.jpg\" class=\"attachment-medium size-medium wp-post-image\" alt=\"buket af r\u00f8de roser holdt i h\u00e5nd\" srcset=\"https:\/\/interflora.dk\/blog\/wp-content\/uploads\/2025\/09\/DE_ROEDE_ROSER_HAND_v_02028129-300x300.jpg 300w, https:\/\/interflora.dk\/blog\/wp-content\/uploads\/2025\/09\/DE_ROEDE_ROSER_HAND_v_02028129-1024x1024.jpg 1024w, https:\/\/interflora.dk\/blog\/wp-content\/uploads\/2025\/09\/DE_ROEDE_ROSER_HAND_v_02028129-150x150.jpg 150w, https:\/\/interflora.dk\/blog\/wp-content\/uploads\/2025\/09\/DE_ROEDE_ROSER_HAND_v_02028129-768x768.jpg 768w, https:\/\/interflora.dk\/blog\/wp-content\/uploads\/2025\/09\/DE_ROEDE_ROSER_HAND_v_02028129.jpg 1200w\" sizes=\"auto, (max-width: 300px) 100vw, 300px\" \/><img decoding=\"async\" class=\"lp-badge\" src=\"https:\/\/prodblog.interflora.dk\/blog\/wp-content\/uploads\/2025\/09\/220422_INTERFLORA_Main_Logo_rgb_Main_Color.avif\" alt=\"Send blomster med Interflora\"><\/div><span>De r\u00f8de roser<\/span><p>Fra 359 kr.<\/p><span class=\"obf-link lp-cta\" role=\"link\" tabindex=\"0\" data-b64=\"aHR0cHM6Ly9pbnRlcmZsb3JhLmRrL3Byb2R1a3QvZGUtcm9lZGUtcm9zZXI\/dj0xNDkxJiMwMzg7dmFyaWF0aW9uPTc5NTE3NDBlLTJkM2UtNDk5Yi05NTkxLWFkYzBlMzk3NGRiMz91dG1fbWVkaXVtPW9yZ2FuaWMmdXRtX3NvdXJjZT1ibG9nX3Byb2R1Y3RzJnV0bV9jYW1wYWlnbj0xMDE=\" data-target=\"_blank\"><svg xmlns=\"http:\/\/www.w3.org\/2000\/svg\" width=\"16\" height=\"16\" fill=\"currentColor\" class=\"bi bi-bag\" viewBox=\"0 0 16 16\"><path d=\"M8 1a2 2 0 0 1 2 2v1h2.5A1.5 1.5 0 0 1 14 5.5v8A1.5 1.5 0 0 1 12.5 15h-9A1.5 1.5 0 0 1 2 13.5v-8A1.5 1.5 0 0 1 3.5 3H6V2a2 2 0 0 1 2-1zm1 3V3a1 1 0 0 0-2 0v1h2z\"\/><\/svg>K\u00f8b her<\/span><p class=\"rapido\">H\u00e5ndbundet af florister<\/p><\/div><div class=\"lp-produit\"><div class=\"lp-thumbnail-wrapper\"><img loading=\"lazy\" decoding=\"async\" width=\"300\" height=\"300\" src=\"https:\/\/interflora.dk\/blog\/wp-content\/uploads\/2025\/11\/IF_HVIDE_ROSER_BUKET_SMALL_JPG_0-300x300.jpg\" class=\"attachment-medium size-medium wp-post-image\" alt=\"\" srcset=\"https:\/\/interflora.dk\/blog\/wp-content\/uploads\/2025\/11\/IF_HVIDE_ROSER_BUKET_SMALL_JPG_0-300x300.jpg 300w, https:\/\/interflora.dk\/blog\/wp-content\/uploads\/2025\/11\/IF_HVIDE_ROSER_BUKET_SMALL_JPG_0-1024x1024.jpg 1024w, https:\/\/interflora.dk\/blog\/wp-content\/uploads\/2025\/11\/IF_HVIDE_ROSER_BUKET_SMALL_JPG_0-150x150.jpg 150w, https:\/\/interflora.dk\/blog\/wp-content\/uploads\/2025\/11\/IF_HVIDE_ROSER_BUKET_SMALL_JPG_0-768x768.jpg 768w, https:\/\/interflora.dk\/blog\/wp-content\/uploads\/2025\/11\/IF_HVIDE_ROSER_BUKET_SMALL_JPG_0.jpg 1200w\" sizes=\"auto, (max-width: 300px) 100vw, 300px\" \/><img decoding=\"async\" class=\"lp-badge\" src=\"https:\/\/prodblog.interflora.dk\/blog\/wp-content\/uploads\/2025\/09\/220422_INTERFLORA_Main_Logo_rgb_Main_Color.avif\" alt=\"Send blomster med Interflora\"><\/div><span>Rosebuket i hvid &#8211; leveres i gaveboks med DAO<\/span><p>Fra 199 kr.<\/p><span class=\"obf-link lp-cta\" role=\"link\" tabindex=\"0\" data-b64=\"aHR0cHM6Ly9pbnRlcmZsb3JhLmRrL3Byb2R1a3Qvcm9zZWJ1a2V0LWktaHZpZC1sZXZlcmVzLWktZ2F2ZWJva3MtbWVkLWRhbz92PTE3NjY0JiMwMzg7dmFyaWF0aW9uPTE3MjAzMmJlLWM4YzEtNGJmZC1iNDhlLWEwOTYzNzJhN2UyOD91dG1fbWVkaXVtPW9yZ2FuaWMmdXRtX3NvdXJjZT1ibG9nX3Byb2R1Y3RzJnV0bV9jYW1wYWlnbj04NzI5\" data-target=\"_blank\"><svg xmlns=\"http:\/\/www.w3.org\/2000\/svg\" width=\"16\" height=\"16\" fill=\"currentColor\" class=\"bi bi-bag\" viewBox=\"0 0 16 16\"><path d=\"M8 1a2 2 0 0 1 2 2v1h2.5A1.5 1.5 0 0 1 14 5.5v8A1.5 1.5 0 0 1 12.5 15h-9A1.5 1.5 0 0 1 2 13.5v-8A1.5 1.5 0 0 1 3.5 3H6V2a2 2 0 0 1 2-1zm1 3V3a1 1 0 0 0-2 0v1h2z\"\/><\/svg>K\u00f8b her<\/span><p class=\"rapido\">Bundet af din lokale florist<\/p><\/div><div class=\"lp-produit\"><div class=\"lp-thumbnail-wrapper\"><img loading=\"lazy\" decoding=\"async\" width=\"300\" height=\"300\" src=\"https:\/\/interflora.dk\/blog\/wp-content\/uploads\/2025\/09\/Rose_i_cellofan_ny-300x300.jpg\" class=\"attachment-medium size-medium wp-post-image\" alt=\"\" srcset=\"https:\/\/interflora.dk\/blog\/wp-content\/uploads\/2025\/09\/Rose_i_cellofan_ny-300x300.jpg 300w, https:\/\/interflora.dk\/blog\/wp-content\/uploads\/2025\/09\/Rose_i_cellofan_ny-1024x1024.jpg 1024w, https:\/\/interflora.dk\/blog\/wp-content\/uploads\/2025\/09\/Rose_i_cellofan_ny-150x150.jpg 150w, https:\/\/interflora.dk\/blog\/wp-content\/uploads\/2025\/09\/Rose_i_cellofan_ny-768x768.jpg 768w, https:\/\/interflora.dk\/blog\/wp-content\/uploads\/2025\/09\/Rose_i_cellofan_ny.jpg 1200w\" sizes=\"auto, (max-width: 300px) 100vw, 300px\" \/><img decoding=\"async\" class=\"lp-badge\" src=\"https:\/\/prodblog.interflora.dk\/blog\/wp-content\/uploads\/2025\/09\/220422_INTERFLORA_Main_Logo_rgb_Main_Color.avif\" alt=\"Send blomster med Interflora\"><\/div><span>Langstilket r\u00f8d rose<\/span><p>Fra 149 kr.<\/p><span class=\"obf-link lp-cta\" role=\"link\" tabindex=\"0\" data-b64=\"aHR0cHM6Ly9pbnRlcmZsb3JhLmRrL3Byb2R1a3QvbGFuZ3N0aWxrZXQtcm9lZC1yb3NlP3V0bV9tZWRpdW09b3JnYW5pYyZ1dG1fc291cmNlPWJsb2dfcHJvZHVjdHMmdXRtX2NhbXBhaWduPTIwMg==\" data-target=\"_blank\"><svg xmlns=\"http:\/\/www.w3.org\/2000\/svg\" width=\"16\" height=\"16\" fill=\"currentColor\" class=\"bi bi-bag\" viewBox=\"0 0 16 16\"><path d=\"M8 1a2 2 0 0 1 2 2v1h2.5A1.5 1.5 0 0 1 14 5.5v8A1.5 1.5 0 0 1 12.5 15h-9A1.5 1.5 0 0 1 2 13.5v-8A1.5 1.5 0 0 1 3.5 3H6V2a2 2 0 0 1 2-1zm1 3V3a1 1 0 0 0-2 0v1h2z\"\/><\/svg>K\u00f8b her<\/span><p class=\"rapido\">H\u00e5ndbundet af florister<\/p><\/div><div class=\"lp-produit\"><div class=\"lp-thumbnail-wrapper\"><img loading=\"lazy\" decoding=\"async\" width=\"300\" height=\"300\" src=\"https:\/\/interflora.dk\/blog\/wp-content\/uploads\/2025\/09\/DE_LYSEROEDE_ROSER_MED_CHOCHO_18_STK-300x300.jpg\" class=\"attachment-medium size-medium wp-post-image\" alt=\"\" srcset=\"https:\/\/interflora.dk\/blog\/wp-content\/uploads\/2025\/09\/DE_LYSEROEDE_ROSER_MED_CHOCHO_18_STK-300x300.jpg 300w, https:\/\/interflora.dk\/blog\/wp-content\/uploads\/2025\/09\/DE_LYSEROEDE_ROSER_MED_CHOCHO_18_STK-1024x1024.jpg 1024w, https:\/\/interflora.dk\/blog\/wp-content\/uploads\/2025\/09\/DE_LYSEROEDE_ROSER_MED_CHOCHO_18_STK-150x150.jpg 150w, https:\/\/interflora.dk\/blog\/wp-content\/uploads\/2025\/09\/DE_LYSEROEDE_ROSER_MED_CHOCHO_18_STK-768x768.jpg 768w, https:\/\/interflora.dk\/blog\/wp-content\/uploads\/2025\/09\/DE_LYSEROEDE_ROSER_MED_CHOCHO_18_STK-1536x1536.jpg 1536w, https:\/\/interflora.dk\/blog\/wp-content\/uploads\/2025\/09\/DE_LYSEROEDE_ROSER_MED_CHOCHO_18_STK-2048x2048.jpg 2048w\" sizes=\"auto, (max-width: 300px) 100vw, 300px\" \/><img decoding=\"async\" class=\"lp-badge\" src=\"https:\/\/prodblog.interflora.dk\/blog\/wp-content\/uploads\/2025\/09\/220422_INTERFLORA_Main_Logo_rgb_Main_Color.avif\" alt=\"Send blomster med Interflora\"><\/div><span>De lyser\u00f8de roser med CHO CHO 18 stk.<\/span><p>Fra 508 kr.<\/p><span class=\"obf-link lp-cta\" role=\"link\" tabindex=\"0\" data-b64=\"aHR0cHM6Ly9pbnRlcmZsb3JhLmRrL3Byb2R1a3QvZGUtbHlzZXJvZWRlLXJvc2VyLW1lZC1jaG8tY2hvLTE4LXN0az91dG1fbWVkaXVtPW9yZ2FuaWMmdXRtX3NvdXJjZT1ibG9nX3Byb2R1Y3RzJnV0bV9jYW1wYWlnbj0yNDI1\" data-target=\"_blank\"><svg xmlns=\"http:\/\/www.w3.org\/2000\/svg\" width=\"16\" height=\"16\" fill=\"currentColor\" class=\"bi bi-bag\" viewBox=\"0 0 16 16\"><path d=\"M8 1a2 2 0 0 1 2 2v1h2.5A1.5 1.5 0 0 1 14 5.5v8A1.5 1.5 0 0 1 12.5 15h-9A1.5 1.5 0 0 1 2 13.5v-8A1.5 1.5 0 0 1 3.5 3H6V2a2 2 0 0 1 2-1zm1 3V3a1 1 0 0 0-2 0v1h2z\"\/><\/svg>K\u00f8b her<\/span><p class=\"rapido\">H\u00e5ndbundet af florister<\/p><\/div><\/div>\n\n\n\n<p><\/p>\n","protected":false},"excerpt":{"rendered":"<p>Roser er blomsternes dronning \u2013 og derfor fortjener de ogs\u00e5 den helt rigtige pleje, n\u00e5r de f\u00f8rst er klippet. Men [&hellip;]<\/p>\n","protected":false},"author":1,"featured_media":61397,"comment_status":"open","ping_status":"open","sticky":false,"template":"","format":"standard","meta":{"_uag_custom_page_level_css":"","site-sidebar-layout":"default","site-content-layout":"","ast-site-content-layout":"default","site-content-style":"default","site-sidebar-style":"default","ast-global-header-display":"","ast-banner-title-visibility":"","ast-main-header-display":"","ast-hfb-above-header-display":"","ast-hfb-below-header-display":"","ast-hfb-mobile-header-display":"","site-post-title":"","ast-breadcrumbs-content":"","ast-featured-img":"","footer-sml-layout":"","ast-disable-related-posts":"","theme-transparent-header-meta":"","adv-header-id-meta":"","stick-header-meta":"","header-above-stick-meta":"","header-main-stick-meta":"","header-below-stick-meta":"","astra-migrate-meta-layouts":"set","ast-page-background-enabled":"default","ast-page-background-meta":{"desktop":{"background-color":"var(--ast-global-color-4)","background-image":"","background-repeat":"repeat","background-position":"center center","background-size":"auto","background-attachment":"scroll","background-type":"","background-media":"","overlay-type":"","overlay-color":"","overlay-opacity":"","overlay-gradient":""},"tablet":{"background-color":"","background-image":"","background-repeat":"repeat","background-position":"center center","background-size":"auto","background-attachment":"scroll","background-type":"","background-media":"","overlay-type":"","overlay-color":"","overlay-opacity":"","overlay-gradient":""},"mobile":{"background-color":"","background-image":"","background-repeat":"repeat","background-position":"center center","background-size":"auto","background-attachment":"scroll","background-type":"","background-media":"","overlay-type":"","overlay-color":"","overlay-opacity":"","overlay-gradient":""}},"ast-content-background-meta":{"desktop":{"background-color":"var(--ast-global-color-5)","background-image":"","background-repeat":"repeat","background-position":"center center","background-size":"auto","background-attachment":"scroll","background-type":"","background-media":"","overlay-type":"","overlay-color":"","overlay-opacity":"","overlay-gradient":""},"tablet":{"background-color":"var(--ast-global-color-5)","background-image":"","background-repeat":"repeat","background-position":"center center","background-size":"auto","background-attachment":"scroll","background-type":"","background-media":"","overlay-type":"","overlay-color":"","overlay-opacity":"","overlay-gradient":""},"mobile":{"background-color":"var(--ast-global-color-5)","background-image":"","background-repeat":"repeat","background-position":"center center","background-size":"auto","background-attachment":"scroll","background-type":"","background-media":"","overlay-type":"","overlay-color":"","overlay-opacity":"","overlay-gradient":""}},"footnotes":""},"categories":[221,210,193],"tags":[209],"class_list":["post-37542","post","type-post","status-publish","format-standard","has-post-thumbnail","hentry","category-havearbejde","category-rose","category-blomster","tag-rose"],"yoast_head":"<!-- This site is optimized with the Yoast SEO plugin v27.4 - https:\/\/yoast.com\/product\/yoast-seo-wordpress\/ -->\n<title>S\u00e5dan plejer du afsk\u00e5rne roser: vores tips | Interflora<\/title>\n<meta name=\"description\" content=\"De er blomsternes dronning, og derfor kr\u00e6ver de den helt rigtige pleje, n\u00e5r de f\u00f8rst er klippet! Men hvordan plejer du egentlig dine afsk\u00e5rne roser?\" \/>\n<meta name=\"robots\" content=\"index, follow, max-snippet:-1, max-image-preview:large, max-video-preview:-1\" \/>\n<link rel=\"canonical\" href=\"https:\/\/interflora.dk\/blog\/saadan-plejer-du-afskaarne-roser\/\" \/>\n<meta property=\"og:locale\" content=\"da_DK\" \/>\n<meta property=\"og:type\" content=\"article\" \/>\n<meta property=\"og:title\" content=\"S\u00e5dan plejer du afsk\u00e5rne roser: vores tips | Interflora\" \/>\n<meta property=\"og:description\" content=\"De er blomsternes dronning, og derfor kr\u00e6ver de den helt rigtige pleje, n\u00e5r de f\u00f8rst er klippet! Men hvordan plejer du egentlig dine afsk\u00e5rne roser?\" \/>\n<meta property=\"og:url\" content=\"https:\/\/interflora.dk\/blog\/saadan-plejer-du-afskaarne-roser\/\" \/>\n<meta property=\"og:site_name\" content=\"Interflora\" \/>\n<meta property=\"article:publisher\" content=\"https:\/\/www.facebook.com\/InterfloraDanmark\" \/>\n<meta property=\"article:published_time\" content=\"2026-04-20T09:03:48+00:00\" \/>\n<meta property=\"article:modified_time\" content=\"2026-04-20T11:05:15+00:00\" \/>\n<meta property=\"og:image\" content=\"https:\/\/interflora.dk\/blog\/wp-content\/uploads\/2026\/04\/annesophiebenoit-interflora-sweden-75-1.jpg\" \/>\n\t<meta property=\"og:image:width\" content=\"1200\" \/>\n\t<meta property=\"og:image:height\" content=\"1800\" \/>\n\t<meta property=\"og:image:type\" content=\"image\/jpeg\" \/>\n<meta name=\"author\" content=\"admin\" \/>\n<meta name=\"twitter:card\" content=\"summary_large_image\" \/>\n<meta name=\"twitter:label1\" content=\"Skrevet af\" \/>\n\t<meta name=\"twitter:data1\" content=\"admin\" \/>\n\t<meta name=\"twitter:label2\" content=\"Estimeret l\u00e6setid\" \/>\n\t<meta name=\"twitter:data2\" content=\"7 minutter\" \/>\n<script type=\"application\/ld+json\" class=\"yoast-schema-graph\">{\"@context\":\"https:\\\/\\\/schema.org\",\"@graph\":[{\"@type\":\"Article\",\"@id\":\"https:\\\/\\\/interflora.dk\\\/blog\\\/saadan-plejer-du-afskaarne-roser\\\/#article\",\"isPartOf\":{\"@id\":\"https:\\\/\\\/interflora.dk\\\/blog\\\/saadan-plejer-du-afskaarne-roser\\\/\"},\"author\":{\"name\":\"admin\",\"@id\":\"https:\\\/\\\/interflora.dk\\\/blog\\\/#\\\/schema\\\/person\\\/dbbd1ad45e05409c356dc639597669f2\"},\"headline\":\"Hvordan plejer du afsk\u00e5rne roser?\",\"datePublished\":\"2026-04-20T09:03:48+00:00\",\"dateModified\":\"2026-04-20T11:05:15+00:00\",\"mainEntityOfPage\":{\"@id\":\"https:\\\/\\\/interflora.dk\\\/blog\\\/saadan-plejer-du-afskaarne-roser\\\/\"},\"wordCount\":1179,\"commentCount\":0,\"publisher\":{\"@id\":\"https:\\\/\\\/interflora.dk\\\/blog\\\/#organization\"},\"image\":{\"@id\":\"https:\\\/\\\/interflora.dk\\\/blog\\\/saadan-plejer-du-afskaarne-roser\\\/#primaryimage\"},\"thumbnailUrl\":\"https:\\\/\\\/interflora.dk\\\/blog\\\/wp-content\\\/uploads\\\/2026\\\/04\\\/annesophiebenoit-interflora-sweden-75-1.jpg\",\"keywords\":[\"Rose\"],\"articleSection\":[\"Gl\u00e6den ved havearbejde: R\u00e5d og inspiration\",\"Roser: Pleje og brugbare tips\",\"Vores tips og inspiration til blomster\"],\"inLanguage\":\"da-DK\",\"potentialAction\":[{\"@type\":\"CommentAction\",\"name\":\"Comment\",\"target\":[\"https:\\\/\\\/interflora.dk\\\/blog\\\/saadan-plejer-du-afskaarne-roser\\\/#respond\"]}]},{\"@type\":\"WebPage\",\"@id\":\"https:\\\/\\\/interflora.dk\\\/blog\\\/saadan-plejer-du-afskaarne-roser\\\/\",\"url\":\"https:\\\/\\\/interflora.dk\\\/blog\\\/saadan-plejer-du-afskaarne-roser\\\/\",\"name\":\"S\u00e5dan plejer du afsk\u00e5rne roser: vores tips | Interflora\",\"isPartOf\":{\"@id\":\"https:\\\/\\\/interflora.dk\\\/blog\\\/#website\"},\"primaryImageOfPage\":{\"@id\":\"https:\\\/\\\/interflora.dk\\\/blog\\\/saadan-plejer-du-afskaarne-roser\\\/#primaryimage\"},\"image\":{\"@id\":\"https:\\\/\\\/interflora.dk\\\/blog\\\/saadan-plejer-du-afskaarne-roser\\\/#primaryimage\"},\"thumbnailUrl\":\"https:\\\/\\\/interflora.dk\\\/blog\\\/wp-content\\\/uploads\\\/2026\\\/04\\\/annesophiebenoit-interflora-sweden-75-1.jpg\",\"datePublished\":\"2026-04-20T09:03:48+00:00\",\"dateModified\":\"2026-04-20T11:05:15+00:00\",\"description\":\"De er blomsternes dronning, og derfor kr\u00e6ver de den helt rigtige pleje, n\u00e5r de f\u00f8rst er klippet! Men hvordan plejer du egentlig dine afsk\u00e5rne roser?\",\"breadcrumb\":{\"@id\":\"https:\\\/\\\/interflora.dk\\\/blog\\\/saadan-plejer-du-afskaarne-roser\\\/#breadcrumb\"},\"inLanguage\":\"da-DK\",\"potentialAction\":[{\"@type\":\"ReadAction\",\"target\":[\"https:\\\/\\\/interflora.dk\\\/blog\\\/saadan-plejer-du-afskaarne-roser\\\/\"]}]},{\"@type\":\"ImageObject\",\"inLanguage\":\"da-DK\",\"@id\":\"https:\\\/\\\/interflora.dk\\\/blog\\\/saadan-plejer-du-afskaarne-roser\\\/#primaryimage\",\"url\":\"https:\\\/\\\/interflora.dk\\\/blog\\\/wp-content\\\/uploads\\\/2026\\\/04\\\/annesophiebenoit-interflora-sweden-75-1.jpg\",\"contentUrl\":\"https:\\\/\\\/interflora.dk\\\/blog\\\/wp-content\\\/uploads\\\/2026\\\/04\\\/annesophiebenoit-interflora-sweden-75-1.jpg\",\"width\":1200,\"height\":1800,\"caption\":\"Kvinde holder lyser\u00f8de roser closeup\"},{\"@type\":\"BreadcrumbList\",\"@id\":\"https:\\\/\\\/interflora.dk\\\/blog\\\/saadan-plejer-du-afskaarne-roser\\\/#breadcrumb\",\"itemListElement\":[{\"@type\":\"ListItem\",\"position\":1,\"name\":\"Home\",\"item\":\"https:\\\/\\\/interflora.dk\\\/blog\\\/\"},{\"@type\":\"ListItem\",\"position\":2,\"name\":\"Hvordan plejer du afsk\u00e5rne roser?\"}]},{\"@type\":\"WebSite\",\"@id\":\"https:\\\/\\\/interflora.dk\\\/blog\\\/#website\",\"url\":\"https:\\\/\\\/interflora.dk\\\/blog\\\/\",\"name\":\"Interflora\",\"description\":\"\",\"publisher\":{\"@id\":\"https:\\\/\\\/interflora.dk\\\/blog\\\/#organization\"},\"potentialAction\":[{\"@type\":\"SearchAction\",\"target\":{\"@type\":\"EntryPoint\",\"urlTemplate\":\"https:\\\/\\\/interflora.dk\\\/blog\\\/?s={search_term_string}\"},\"query-input\":{\"@type\":\"PropertyValueSpecification\",\"valueRequired\":true,\"valueName\":\"search_term_string\"}}],\"inLanguage\":\"da-DK\"},{\"@type\":\"Organization\",\"@id\":\"https:\\\/\\\/interflora.dk\\\/blog\\\/#organization\",\"name\":\"Interflora\",\"url\":\"https:\\\/\\\/interflora.dk\\\/blog\\\/\",\"logo\":{\"@type\":\"ImageObject\",\"inLanguage\":\"da-DK\",\"@id\":\"https:\\\/\\\/interflora.dk\\\/blog\\\/#\\\/schema\\\/logo\\\/image\\\/\",\"url\":\"https:\\\/\\\/interflora.dk\\\/blog\\\/wp-content\\\/uploads\\\/2025\\\/09\\\/220422_INTERFLORA_Logo_rgb_Half_Top_Circle_Main_Color.png\",\"contentUrl\":\"https:\\\/\\\/interflora.dk\\\/blog\\\/wp-content\\\/uploads\\\/2025\\\/09\\\/220422_INTERFLORA_Logo_rgb_Half_Top_Circle_Main_Color.png\",\"width\":1418,\"height\":710,\"caption\":\"Interflora\"},\"image\":{\"@id\":\"https:\\\/\\\/interflora.dk\\\/blog\\\/#\\\/schema\\\/logo\\\/image\\\/\"},\"sameAs\":[\"https:\\\/\\\/www.facebook.com\\\/InterfloraDanmark\",\"https:\\\/\\\/www.instagram.com\\\/interfloradk\",\"https:\\\/\\\/www.linkedin.com\\\/company\\\/interfloradanmark\",\"https:\\\/\\\/www.youtube.com\\\/user\\\/InterfloraTV\"]},{\"@type\":\"Person\",\"@id\":\"https:\\\/\\\/interflora.dk\\\/blog\\\/#\\\/schema\\\/person\\\/dbbd1ad45e05409c356dc639597669f2\",\"name\":\"admin\",\"image\":{\"@type\":\"ImageObject\",\"inLanguage\":\"da-DK\",\"@id\":\"https:\\\/\\\/interflora.dk\\\/blog\\\/wp-content\\\/litespeed\\\/avatar\\\/1fe3cced9e67df62d0a6f995d75823a5.jpg?ver=1777539892\",\"url\":\"https:\\\/\\\/interflora.dk\\\/blog\\\/wp-content\\\/litespeed\\\/avatar\\\/1fe3cced9e67df62d0a6f995d75823a5.jpg?ver=1777539892\",\"contentUrl\":\"https:\\\/\\\/interflora.dk\\\/blog\\\/wp-content\\\/litespeed\\\/avatar\\\/1fe3cced9e67df62d0a6f995d75823a5.jpg?ver=1777539892\",\"caption\":\"admin\"}}]}<\/script>\n<!-- \/ Yoast SEO plugin. -->","yoast_head_json":{"title":"S\u00e5dan plejer du afsk\u00e5rne roser: vores tips | Interflora","description":"De er blomsternes dronning, og derfor kr\u00e6ver de den helt rigtige pleje, n\u00e5r de f\u00f8rst er klippet! Men hvordan plejer du egentlig dine afsk\u00e5rne roser?","robots":{"index":"index","follow":"follow","max-snippet":"max-snippet:-1","max-image-preview":"max-image-preview:large","max-video-preview":"max-video-preview:-1"},"canonical":"https:\/\/interflora.dk\/blog\/saadan-plejer-du-afskaarne-roser\/","og_locale":"da_DK","og_type":"article","og_title":"S\u00e5dan plejer du afsk\u00e5rne roser: vores tips | Interflora","og_description":"De er blomsternes dronning, og derfor kr\u00e6ver de den helt rigtige pleje, n\u00e5r de f\u00f8rst er klippet! Men hvordan plejer du egentlig dine afsk\u00e5rne roser?","og_url":"https:\/\/interflora.dk\/blog\/saadan-plejer-du-afskaarne-roser\/","og_site_name":"Interflora","article_publisher":"https:\/\/www.facebook.com\/InterfloraDanmark","article_published_time":"2026-04-20T09:03:48+00:00","article_modified_time":"2026-04-20T11:05:15+00:00","og_image":[{"width":1200,"height":1800,"url":"https:\/\/interflora.dk\/blog\/wp-content\/uploads\/2026\/04\/annesophiebenoit-interflora-sweden-75-1.jpg","type":"image\/jpeg"}],"author":"admin","twitter_card":"summary_large_image","twitter_misc":{"Skrevet af":"admin","Estimeret l\u00e6setid":"7 minutter"},"schema":{"@context":"https:\/\/schema.org","@graph":[{"@type":"Article","@id":"https:\/\/interflora.dk\/blog\/saadan-plejer-du-afskaarne-roser\/#article","isPartOf":{"@id":"https:\/\/interflora.dk\/blog\/saadan-plejer-du-afskaarne-roser\/"},"author":{"name":"admin","@id":"https:\/\/interflora.dk\/blog\/#\/schema\/person\/dbbd1ad45e05409c356dc639597669f2"},"headline":"Hvordan plejer du afsk\u00e5rne roser?","datePublished":"2026-04-20T09:03:48+00:00","dateModified":"2026-04-20T11:05:15+00:00","mainEntityOfPage":{"@id":"https:\/\/interflora.dk\/blog\/saadan-plejer-du-afskaarne-roser\/"},"wordCount":1179,"commentCount":0,"publisher":{"@id":"https:\/\/interflora.dk\/blog\/#organization"},"image":{"@id":"https:\/\/interflora.dk\/blog\/saadan-plejer-du-afskaarne-roser\/#primaryimage"},"thumbnailUrl":"https:\/\/interflora.dk\/blog\/wp-content\/uploads\/2026\/04\/annesophiebenoit-interflora-sweden-75-1.jpg","keywords":["Rose"],"articleSection":["Gl\u00e6den ved havearbejde: R\u00e5d og inspiration","Roser: Pleje og brugbare tips","Vores tips og inspiration til blomster"],"inLanguage":"da-DK","potentialAction":[{"@type":"CommentAction","name":"Comment","target":["https:\/\/interflora.dk\/blog\/saadan-plejer-du-afskaarne-roser\/#respond"]}]},{"@type":"WebPage","@id":"https:\/\/interflora.dk\/blog\/saadan-plejer-du-afskaarne-roser\/","url":"https:\/\/interflora.dk\/blog\/saadan-plejer-du-afskaarne-roser\/","name":"S\u00e5dan plejer du afsk\u00e5rne roser: vores tips | Interflora","isPartOf":{"@id":"https:\/\/interflora.dk\/blog\/#website"},"primaryImageOfPage":{"@id":"https:\/\/interflora.dk\/blog\/saadan-plejer-du-afskaarne-roser\/#primaryimage"},"image":{"@id":"https:\/\/interflora.dk\/blog\/saadan-plejer-du-afskaarne-roser\/#primaryimage"},"thumbnailUrl":"https:\/\/interflora.dk\/blog\/wp-content\/uploads\/2026\/04\/annesophiebenoit-interflora-sweden-75-1.jpg","datePublished":"2026-04-20T09:03:48+00:00","dateModified":"2026-04-20T11:05:15+00:00","description":"De er blomsternes dronning, og derfor kr\u00e6ver de den helt rigtige pleje, n\u00e5r de f\u00f8rst er klippet! Men hvordan plejer du egentlig dine afsk\u00e5rne roser?","breadcrumb":{"@id":"https:\/\/interflora.dk\/blog\/saadan-plejer-du-afskaarne-roser\/#breadcrumb"},"inLanguage":"da-DK","potentialAction":[{"@type":"ReadAction","target":["https:\/\/interflora.dk\/blog\/saadan-plejer-du-afskaarne-roser\/"]}]},{"@type":"ImageObject","inLanguage":"da-DK","@id":"https:\/\/interflora.dk\/blog\/saadan-plejer-du-afskaarne-roser\/#primaryimage","url":"https:\/\/interflora.dk\/blog\/wp-content\/uploads\/2026\/04\/annesophiebenoit-interflora-sweden-75-1.jpg","contentUrl":"https:\/\/interflora.dk\/blog\/wp-content\/uploads\/2026\/04\/annesophiebenoit-interflora-sweden-75-1.jpg","width":1200,"height":1800,"caption":"Kvinde holder lyser\u00f8de roser closeup"},{"@type":"BreadcrumbList","@id":"https:\/\/interflora.dk\/blog\/saadan-plejer-du-afskaarne-roser\/#breadcrumb","itemListElement":[{"@type":"ListItem","position":1,"name":"Home","item":"https:\/\/interflora.dk\/blog\/"},{"@type":"ListItem","position":2,"name":"Hvordan plejer du afsk\u00e5rne roser?"}]},{"@type":"WebSite","@id":"https:\/\/interflora.dk\/blog\/#website","url":"https:\/\/interflora.dk\/blog\/","name":"Interflora","description":"","publisher":{"@id":"https:\/\/interflora.dk\/blog\/#organization"},"potentialAction":[{"@type":"SearchAction","target":{"@type":"EntryPoint","urlTemplate":"https:\/\/interflora.dk\/blog\/?s={search_term_string}"},"query-input":{"@type":"PropertyValueSpecification","valueRequired":true,"valueName":"search_term_string"}}],"inLanguage":"da-DK"},{"@type":"Organization","@id":"https:\/\/interflora.dk\/blog\/#organization","name":"Interflora","url":"https:\/\/interflora.dk\/blog\/","logo":{"@type":"ImageObject","inLanguage":"da-DK","@id":"https:\/\/interflora.dk\/blog\/#\/schema\/logo\/image\/","url":"https:\/\/interflora.dk\/blog\/wp-content\/uploads\/2025\/09\/220422_INTERFLORA_Logo_rgb_Half_Top_Circle_Main_Color.png","contentUrl":"https:\/\/interflora.dk\/blog\/wp-content\/uploads\/2025\/09\/220422_INTERFLORA_Logo_rgb_Half_Top_Circle_Main_Color.png","width":1418,"height":710,"caption":"Interflora"},"image":{"@id":"https:\/\/interflora.dk\/blog\/#\/schema\/logo\/image\/"},"sameAs":["https:\/\/www.facebook.com\/InterfloraDanmark","https:\/\/www.instagram.com\/interfloradk","https:\/\/www.linkedin.com\/company\/interfloradanmark","https:\/\/www.youtube.com\/user\/InterfloraTV"]},{"@type":"Person","@id":"https:\/\/interflora.dk\/blog\/#\/schema\/person\/dbbd1ad45e05409c356dc639597669f2","name":"admin","image":{"@type":"ImageObject","inLanguage":"da-DK","@id":"https:\/\/interflora.dk\/blog\/wp-content\/litespeed\/avatar\/1fe3cced9e67df62d0a6f995d75823a5.jpg?ver=1777539892","url":"https:\/\/interflora.dk\/blog\/wp-content\/litespeed\/avatar\/1fe3cced9e67df62d0a6f995d75823a5.jpg?ver=1777539892","contentUrl":"https:\/\/interflora.dk\/blog\/wp-content\/litespeed\/avatar\/1fe3cced9e67df62d0a6f995d75823a5.jpg?ver=1777539892","caption":"admin"}}]}},"uagb_featured_image_src":{"full":["https:\/\/interflora.dk\/blog\/wp-content\/uploads\/2026\/04\/annesophiebenoit-interflora-sweden-75-1.jpg",1200,1800,false],"thumbnail":["https:\/\/interflora.dk\/blog\/wp-content\/uploads\/2026\/04\/annesophiebenoit-interflora-sweden-75-1-150x150.jpg",150,150,true],"medium":["https:\/\/interflora.dk\/blog\/wp-content\/uploads\/2026\/04\/annesophiebenoit-interflora-sweden-75-1-200x300.jpg",200,300,true],"medium_large":["https:\/\/interflora.dk\/blog\/wp-content\/uploads\/2026\/04\/annesophiebenoit-interflora-sweden-75-1-768x1152.jpg",768,1152,true],"large":["https:\/\/interflora.dk\/blog\/wp-content\/uploads\/2026\/04\/annesophiebenoit-interflora-sweden-75-1-683x1024.jpg",683,1024,true],"1536x1536":["https:\/\/interflora.dk\/blog\/wp-content\/uploads\/2026\/04\/annesophiebenoit-interflora-sweden-75-1-1024x1536.jpg",1024,1536,true],"2048x2048":["https:\/\/interflora.dk\/blog\/wp-content\/uploads\/2026\/04\/annesophiebenoit-interflora-sweden-75-1.jpg",1200,1800,false]},"uagb_author_info":{"display_name":"admin","author_link":"https:\/\/interflora.dk\/blog\/author\/admin\/"},"uagb_comment_info":0,"uagb_excerpt":"Roser er blomsternes dronning \u2013 og derfor fortjener de ogs\u00e5 den helt rigtige pleje, n\u00e5r de f\u00f8rst er klippet. Men [&hellip;]","_links":{"self":[{"href":"https:\/\/interflora.dk\/blog\/wp-json\/wp\/v2\/posts\/37542","targetHints":{"allow":["GET"]}}],"collection":[{"href":"https:\/\/interflora.dk\/blog\/wp-json\/wp\/v2\/posts"}],"about":[{"href":"https:\/\/interflora.dk\/blog\/wp-json\/wp\/v2\/types\/post"}],"author":[{"embeddable":true,"href":"https:\/\/interflora.dk\/blog\/wp-json\/wp\/v2\/users\/1"}],"replies":[{"embeddable":true,"href":"https:\/\/interflora.dk\/blog\/wp-json\/wp\/v2\/comments?post=37542"}],"version-history":[{"count":16,"href":"https:\/\/interflora.dk\/blog\/wp-json\/wp\/v2\/posts\/37542\/revisions"}],"predecessor-version":[{"id":61721,"href":"https:\/\/interflora.dk\/blog\/wp-json\/wp\/v2\/posts\/37542\/revisions\/61721"}],"wp:featuredmedia":[{"embeddable":true,"href":"https:\/\/interflora.dk\/blog\/wp-json\/wp\/v2\/media\/61397"}],"wp:attachment":[{"href":"https:\/\/interflora.dk\/blog\/wp-json\/wp\/v2\/media?parent=37542"}],"wp:term":[{"taxonomy":"category","embeddable":true,"href":"https:\/\/interflora.dk\/blog\/wp-json\/wp\/v2\/categories?post=37542"},{"taxonomy":"post_tag","embeddable":true,"href":"https:\/\/interflora.dk\/blog\/wp-json\/wp\/v2\/tags?post=37542"}],"curies":[{"name":"wp","href":"https:\/\/api.w.org\/{rel}","templated":true}]}}