{"id":37611,"date":"2025-11-06T11:59:15","date_gmt":"2025-11-06T10:59:15","guid":{"rendered":"https:\/\/interflora.dk\/blog\/?p=37611"},"modified":"2025-11-28T16:11:05","modified_gmt":"2025-11-28T15:11:05","slug":"juledekorationer","status":"publish","type":"post","link":"https:\/\/interflora.dk\/blog\/juledekorationer\/","title":{"rendered":"Inspiration til juledekorationer, advents- og julekranse"},"content":{"rendered":"\n<p>Julen n\u00e6rmer sig med hastige skridt, og det er tid til at f\u00e5 pyntet op. En smuk julekrans p\u00e5 hovedd\u00f8ren er en fin m\u00e5de at byde sine g\u00e6ster velkommen p\u00e5. Generelt er hjemmelavede juledekorationer og -kranse er med til at skabe hygge og julestemning i hjemmet.<\/p>\n\n\n\n<p>Hvis du mangler <a href=\"https:\/\/interflora.dk\/blog\/lav-din-egen-julekrans\/\" target=\"_blank\" rel=\"noreferrer noopener\">inspiration til en moderne DIY julekrans<\/a>, adventskrans eller juledekoration, er der hj\u00e6lp at hente hos Interflora. Vi er Danmarks f\u00f8rende og mest betroede blomsterhandler, med florister fordelt rundt om i landet. L\u00e6s med og f\u00e5 inspiration til, hvordan du kan lave din egen julekrans med vores guide nedenfor og find ud af, hvordan du laver en moderne juledekoration.<\/p>\n\n\n\n<div class=\"wp-block-buttons has-custom-font-size has-medium-font-size is-content-justification-center is-layout-flex wp-container-core-buttons-is-layout-e511ce0b wp-block-buttons-is-layout-flex\" style=\"margin-top:var(--wp--preset--spacing--30);margin-bottom:var(--wp--preset--spacing--30);font-style:normal;font-weight:700;text-transform:uppercase\">\n<div class=\"wp-block-button\"><a class=\"wp-block-button__link has-background has-medium-font-size has-custom-font-size wp-element-button\" href=\"https:\/\/interflora.dk\/produkter\/anledninger\/adventsdekorationer?utm_source=blog&amp;utm_medium=organic&amp;utm_campaign=post-cta\" style=\"background-color:#b80832;padding-top:var(--wp--preset--spacing--40);padding-right:var(--wp--preset--spacing--70);padding-bottom:var(--wp--preset--spacing--40);padding-left:var(--wp--preset--spacing--70);text-transform:none\" target=\"_blank\" rel=\"noreferrer noopener\">K\u00f8b adventsdekorationer her<\/a><\/div>\n<\/div>\n\n\n\n<h2 class=\"wp-block-heading\">Lav \u00e5rets fineste julekrans og adventskrans<\/h2>\n\n\n\n<div class=\"wp-block-media-text is-stacked-on-mobile\" style=\"grid-template-columns:40% auto\"><figure class=\"wp-block-media-text__media\"><img loading=\"lazy\" decoding=\"async\" width=\"683\" height=\"1024\" src=\"https:\/\/interflora.dk\/blog\/wp-content\/uploads\/2025\/11\/annesophiebenoit-interflora-sw-42-683x1024.jpg\" alt=\"\" class=\"wp-image-58620 size-full\" srcset=\"https:\/\/interflora.dk\/blog\/wp-content\/uploads\/2025\/11\/annesophiebenoit-interflora-sw-42-683x1024.jpg 683w, https:\/\/interflora.dk\/blog\/wp-content\/uploads\/2025\/11\/annesophiebenoit-interflora-sw-42-200x300.jpg 200w, https:\/\/interflora.dk\/blog\/wp-content\/uploads\/2025\/11\/annesophiebenoit-interflora-sw-42-768x1152.jpg 768w, https:\/\/interflora.dk\/blog\/wp-content\/uploads\/2025\/11\/annesophiebenoit-interflora-sw-42-1024x1536.jpg 1024w, https:\/\/interflora.dk\/blog\/wp-content\/uploads\/2025\/11\/annesophiebenoit-interflora-sw-42-1365x2048.jpg 1365w, https:\/\/interflora.dk\/blog\/wp-content\/uploads\/2025\/11\/annesophiebenoit-interflora-sw-42-scaled.jpg 1707w\" sizes=\"auto, (max-width: 683px) 100vw, 683px\" \/><\/figure><div class=\"wp-block-media-text__content\">\n<p>En julekrans til d\u00f8ren og en adventskrans til bordet h\u00f8rer \u00e5rstiden til. Og mens en adventskrans til forskel for julekransen har fire lys, er den st\u00f8rste forskel p\u00e5 de to kranse netop, at julekransen er tilt\u00e6nkt som udsmykning til hovedd\u00f8ren udenfor, mens adventskransen skaber julehygge indenfor.<\/p>\n\n\n\n<p>Jule- og adventskranse kan laves p\u00e5 uendeligt mange m\u00e5der, kun fantasien s\u00e6tter gr\u00e6nser. Tendensen for jule- og adventskranse er i \u00e5r, at der er meget fokus p\u00e5 kontraster. Materialerne i kransen skal skille sig ud fra hinanden, s\u00e5 nuancerne tr\u00e6der mere frem.<\/p>\n\n\n\n<p>N\u00e5r materialerne skiller sig ud fra hinanden, s\u00e6tter de samtidig hinanden i fokus. Du bestemmer selv, om du er til klassisk s\u00f8lv eller mere moderne farver i dine kranse. S\u00e6t dit eget helt personlige pr\u00e6g p\u00e5 jule- og adventskransen med materialer, du selv har samlet i naturen.<\/p>\n\n\n\n<div class=\"wp-block-buttons has-custom-font-size has-medium-font-size is-content-justification-center is-layout-flex wp-container-core-buttons-is-layout-e511ce0b wp-block-buttons-is-layout-flex\" style=\"margin-top:var(--wp--preset--spacing--30);margin-bottom:var(--wp--preset--spacing--30);font-style:normal;font-weight:700;text-transform:uppercase\">\n<div class=\"wp-block-button\"><a class=\"wp-block-button__link has-background has-medium-font-size has-custom-font-size wp-element-button\" href=\"https:\/\/interflora.dk\/produkter\/anledninger\/adventskranse?utm_source=blog&amp;utm_medium=organic&amp;utm_campaign=post-cta\" style=\"background-color:#b80832;padding-top:var(--wp--preset--spacing--40);padding-right:var(--wp--preset--spacing--70);padding-bottom:var(--wp--preset--spacing--40);padding-left:var(--wp--preset--spacing--70);text-transform:none\" target=\"_blank\" rel=\"noreferrer noopener\">K\u00f8b en smuk adventskrans her<\/a><\/div>\n<\/div>\n<\/div><\/div>\n\n\n\n<div style=\"height:5px\" aria-hidden=\"true\" class=\"wp-block-spacer\"><\/div>\n\n\n\n<h2 class=\"wp-block-heading\">Hvad er trenden for jule- og adventskranse netop nu?<\/h2>\n\n\n\n<h3 class=\"wp-block-heading\">Den traditionelle jule- og adventskrans<\/h3>\n\n\n\n<p>Er du mest til den helt traditionelle og moderne julekrans, er gran og kogler et hit. \u00d8nsker du at f\u00e5 lidt flere farver i spil, kan du pynte din krans med r\u00f8de og orangeb\u00e6r, som du finder i skoven.&nbsp;<\/p>\n\n\n\n<p>En traditionel jule- og adventskrans best\u00e5r helt grundl\u00e6ggende af en krans af gran eller halm. P\u00e5 en adventskrans er de fire lys placeret symmetrisk. Adventskransen er typisk pyntet med sl\u00f8jfer eller b\u00e5nd og kugler, ligesom en julekrans ogs\u00e5 er pyntet med kugler. Juledekorationerne kan bl.a. laves af skovens materialer \u2013 kogler, b\u00f8g, grene etc.<\/p>\n\n\n\n<h3 class=\"wp-block-heading\">Den moderne jule- og adventskrans<\/h3>\n\n\n\n<p>Det moderne look er i \u00e5r pr\u00e6get meget af eukalyptus planten. Eukalyptus skaber med sine gr\u00e5toner en kontrast til de traditionelle gr\u00f8nne toner. I \u00e5r er det ogs\u00e5 popul\u00e6rt at lave kranse af eukalyptus i stedet for kranse dekoreret med gran. Giv din advents- og julekrans et personligt udtryk ved at pynte dem med et flot b\u00e5nd eller noget fint julepynt fra gemmerne.&nbsp;<\/p>\n\n\n\n<p>Det er helt op til dig selv, hvor stor en julekrans du \u00f8nsker. Det er vores erfaring, at en stor krans fungerer rigtig godt p\u00e5 hovedd\u00f8ren. Indenfor kan det derimod v\u00e6re fint at have et par mindre kranse, som kan st\u00e5 rundt omkring i hjemmet. En julekrans kan f.eks. v\u00e6re fin i vindueskarmen eller p\u00e5 spisebordet \u2013 og du kan sagtens have b\u00e5de en julekrans og en adventskrans derhjemme.<\/p>\n\n\n<div class=\"lp-produits-grid\"><div class=\"lp-produit\"><div class=\"lp-thumbnail-wrapper\"><img loading=\"lazy\" decoding=\"async\" width=\"300\" height=\"300\" src=\"https:\/\/interflora.dk\/blog\/wp-content\/uploads\/2025\/09\/DEN_VENLIGE_VINTERVERSION_HAND_v_0-300x300.jpg\" class=\"attachment-medium size-medium wp-post-image\" alt=\"\" srcset=\"https:\/\/interflora.dk\/blog\/wp-content\/uploads\/2025\/09\/DEN_VENLIGE_VINTERVERSION_HAND_v_0-300x300.jpg 300w, https:\/\/interflora.dk\/blog\/wp-content\/uploads\/2025\/09\/DEN_VENLIGE_VINTERVERSION_HAND_v_0-1024x1024.jpg 1024w, https:\/\/interflora.dk\/blog\/wp-content\/uploads\/2025\/09\/DEN_VENLIGE_VINTERVERSION_HAND_v_0-150x150.jpg 150w, https:\/\/interflora.dk\/blog\/wp-content\/uploads\/2025\/09\/DEN_VENLIGE_VINTERVERSION_HAND_v_0-768x768.jpg 768w, https:\/\/interflora.dk\/blog\/wp-content\/uploads\/2025\/09\/DEN_VENLIGE_VINTERVERSION_HAND_v_0.jpg 1200w\" sizes=\"auto, (max-width: 300px) 100vw, 300px\" \/><img decoding=\"async\" class=\"lp-badge\" src=\"https:\/\/prodblog.interflora.dk\/blog\/wp-content\/uploads\/2025\/09\/220422_INTERFLORA_Main_Logo_rgb_Main_Color.avif\" alt=\"Send blomster med Interflora\"><\/div><span>Den venlige<\/span><p>Fra 229 kr.<\/p><span class=\"obf-link lp-cta\" role=\"link\" tabindex=\"0\" data-b64=\"aHR0cHM6Ly9pbnRlcmZsb3JhLmRrL3Byb2R1a3QvZGVuLXZlbmxpZ2U\/dj0xNTgwMiYjMDM4O3ZhcmlhdGlvbj1jMDRiZDM3OC1kZGYyLTRjMmItYmM5My1hYWM2ZWJlZWUwNDI\/dXRtX21lZGl1bT1vcmdhbmljJnV0bV9zb3VyY2U9YmxvZ19wcm9kdWN0cyZ1dG1fY2FtcGFpZ249NTc0Ng==\" data-target=\"_blank\"><svg xmlns=\"http:\/\/www.w3.org\/2000\/svg\" width=\"16\" height=\"16\" fill=\"currentColor\" class=\"bi bi-bag\" viewBox=\"0 0 16 16\"><path d=\"M8 1a2 2 0 0 1 2 2v1h2.5A1.5 1.5 0 0 1 14 5.5v8A1.5 1.5 0 0 1 12.5 15h-9A1.5 1.5 0 0 1 2 13.5v-8A1.5 1.5 0 0 1 3.5 3H6V2a2 2 0 0 1 2-1zm1 3V3a1 1 0 0 0-2 0v1h2z\"\/><\/svg>K\u00f8b her<\/span><p class=\"rapido\">Friske blomster<\/p><\/div><div class=\"lp-produit\"><div class=\"lp-thumbnail-wrapper\"><img loading=\"lazy\" decoding=\"async\" width=\"300\" height=\"300\" src=\"https:\/\/interflora.dk\/blog\/wp-content\/uploads\/2025\/09\/FINE_LILJEHILSEN_VERSION_01_MEDIUM_w2028229-300x300.jpg\" class=\"attachment-medium size-medium wp-post-image\" alt=\"\" srcset=\"https:\/\/interflora.dk\/blog\/wp-content\/uploads\/2025\/09\/FINE_LILJEHILSEN_VERSION_01_MEDIUM_w2028229-300x300.jpg 300w, https:\/\/interflora.dk\/blog\/wp-content\/uploads\/2025\/09\/FINE_LILJEHILSEN_VERSION_01_MEDIUM_w2028229-1024x1024.jpg 1024w, https:\/\/interflora.dk\/blog\/wp-content\/uploads\/2025\/09\/FINE_LILJEHILSEN_VERSION_01_MEDIUM_w2028229-150x150.jpg 150w, https:\/\/interflora.dk\/blog\/wp-content\/uploads\/2025\/09\/FINE_LILJEHILSEN_VERSION_01_MEDIUM_w2028229-768x768.jpg 768w, https:\/\/interflora.dk\/blog\/wp-content\/uploads\/2025\/09\/FINE_LILJEHILSEN_VERSION_01_MEDIUM_w2028229.jpg 1200w\" sizes=\"auto, (max-width: 300px) 100vw, 300px\" \/><img decoding=\"async\" class=\"lp-badge\" src=\"https:\/\/prodblog.interflora.dk\/blog\/wp-content\/uploads\/2025\/09\/220422_INTERFLORA_Main_Logo_rgb_Main_Color.avif\" alt=\"Send blomster med Interflora\"><\/div><span>Den fine liljehilsen<\/span><p>Fra 219 kr.<\/p><span class=\"obf-link lp-cta\" role=\"link\" tabindex=\"0\" data-b64=\"aHR0cHM6Ly9pbnRlcmZsb3JhLmRrL3Byb2R1a3QvZGVuLWZpbmUtbGlsamVoaWxzZW4\/dj0xNzU5NSYjMDM4O3ZhcmlhdGlvbj03YTZiNzY5Mi05NThjLTQ5MjYtYWIyNy0yZjRjYWEwMWJkZGI\/dXRtX21lZGl1bT1vcmdhbmljJnV0bV9zb3VyY2U9YmxvZ19wcm9kdWN0cyZ1dG1fY2FtcGFpZ249NzQ4MA==\" data-target=\"_blank\"><svg xmlns=\"http:\/\/www.w3.org\/2000\/svg\" width=\"16\" height=\"16\" fill=\"currentColor\" class=\"bi bi-bag\" viewBox=\"0 0 16 16\"><path d=\"M8 1a2 2 0 0 1 2 2v1h2.5A1.5 1.5 0 0 1 14 5.5v8A1.5 1.5 0 0 1 12.5 15h-9A1.5 1.5 0 0 1 2 13.5v-8A1.5 1.5 0 0 1 3.5 3H6V2a2 2 0 0 1 2-1zm1 3V3a1 1 0 0 0-2 0v1h2z\"\/><\/svg>K\u00f8b her<\/span><p class=\"rapido\">Levering i hele Danmark<\/p><\/div><div class=\"lp-produit\"><div class=\"lp-thumbnail-wrapper\"><img loading=\"lazy\" decoding=\"async\" width=\"300\" height=\"300\" src=\"https:\/\/interflora.dk\/blog\/wp-content\/uploads\/2025\/09\/DEN_TIL_FOEDSELSDAGEN_VINTER_SMALL_127_v-300x300.jpg\" class=\"attachment-medium size-medium wp-post-image\" alt=\"\" srcset=\"https:\/\/interflora.dk\/blog\/wp-content\/uploads\/2025\/09\/DEN_TIL_FOEDSELSDAGEN_VINTER_SMALL_127_v-300x300.jpg 300w, https:\/\/interflora.dk\/blog\/wp-content\/uploads\/2025\/09\/DEN_TIL_FOEDSELSDAGEN_VINTER_SMALL_127_v-1024x1024.jpg 1024w, https:\/\/interflora.dk\/blog\/wp-content\/uploads\/2025\/09\/DEN_TIL_FOEDSELSDAGEN_VINTER_SMALL_127_v-150x150.jpg 150w, https:\/\/interflora.dk\/blog\/wp-content\/uploads\/2025\/09\/DEN_TIL_FOEDSELSDAGEN_VINTER_SMALL_127_v-768x768.jpg 768w, https:\/\/interflora.dk\/blog\/wp-content\/uploads\/2025\/09\/DEN_TIL_FOEDSELSDAGEN_VINTER_SMALL_127_v.jpg 1200w\" sizes=\"auto, (max-width: 300px) 100vw, 300px\" \/><img decoding=\"async\" class=\"lp-badge\" src=\"https:\/\/prodblog.interflora.dk\/blog\/wp-content\/uploads\/2025\/09\/220422_INTERFLORA_Main_Logo_rgb_Main_Color.avif\" alt=\"Send blomster med Interflora\"><\/div><span>Den til f\u00f8dselsdagen<\/span><p>Fra 299 kr.<\/p><span class=\"obf-link lp-cta\" role=\"link\" tabindex=\"0\" data-b64=\"aHR0cHM6Ly9pbnRlcmZsb3JhLmRrL3Byb2R1a3QvZGVuLXRpbC1mb2Vkc2Vsc2RhZ2VuP3Y9MTU1MSYjMDM4O3ZhcmlhdGlvbj05M2NjOTRlNi0zZmJlLTQ1OTgtYjAwNS03YTk5NTNiNGZlNGI\/dXRtX21lZGl1bT1vcmdhbmljJnV0bV9zb3VyY2U9YmxvZ19wcm9kdWN0cyZ1dG1fY2FtcGFpZ249MTI3\" data-target=\"_blank\"><svg xmlns=\"http:\/\/www.w3.org\/2000\/svg\" width=\"16\" height=\"16\" fill=\"currentColor\" class=\"bi bi-bag\" viewBox=\"0 0 16 16\"><path d=\"M8 1a2 2 0 0 1 2 2v1h2.5A1.5 1.5 0 0 1 14 5.5v8A1.5 1.5 0 0 1 12.5 15h-9A1.5 1.5 0 0 1 2 13.5v-8A1.5 1.5 0 0 1 3.5 3H6V2a2 2 0 0 1 2-1zm1 3V3a1 1 0 0 0-2 0v1h2z\"\/><\/svg>K\u00f8b her<\/span><p class=\"rapido\">Din personlige hilsen<\/p><\/div><div class=\"lp-produit\"><div class=\"lp-thumbnail-wrapper\"><img loading=\"lazy\" decoding=\"async\" width=\"300\" height=\"300\" src=\"https:\/\/interflora.dk\/blog\/wp-content\/uploads\/2025\/09\/DEN_FARVERRIGE_HILSEN_6370_MEDIUM_v-300x300.jpg\" class=\"attachment-medium size-medium wp-post-image\" alt=\"\" srcset=\"https:\/\/interflora.dk\/blog\/wp-content\/uploads\/2025\/09\/DEN_FARVERRIGE_HILSEN_6370_MEDIUM_v-300x300.jpg 300w, https:\/\/interflora.dk\/blog\/wp-content\/uploads\/2025\/09\/DEN_FARVERRIGE_HILSEN_6370_MEDIUM_v-1024x1024.jpg 1024w, https:\/\/interflora.dk\/blog\/wp-content\/uploads\/2025\/09\/DEN_FARVERRIGE_HILSEN_6370_MEDIUM_v-150x150.jpg 150w, https:\/\/interflora.dk\/blog\/wp-content\/uploads\/2025\/09\/DEN_FARVERRIGE_HILSEN_6370_MEDIUM_v-768x768.jpg 768w, https:\/\/interflora.dk\/blog\/wp-content\/uploads\/2025\/09\/DEN_FARVERRIGE_HILSEN_6370_MEDIUM_v.jpg 1200w\" sizes=\"auto, (max-width: 300px) 100vw, 300px\" \/><img decoding=\"async\" class=\"lp-badge\" src=\"https:\/\/prodblog.interflora.dk\/blog\/wp-content\/uploads\/2025\/09\/220422_INTERFLORA_Main_Logo_rgb_Main_Color.avif\" alt=\"Send blomster med Interflora\"><\/div><span>Den farverige hilsen<\/span><p>Fra 219 kr.<\/p><span class=\"obf-link lp-cta\" role=\"link\" tabindex=\"0\" data-b64=\"aHR0cHM6Ly9pbnRlcmZsb3JhLmRrL3Byb2R1a3QvZGVuLWZhcnZlcmlnZS1oaWxzZW4\/dj0xNzQ3NiYjMDM4O3ZhcmlhdGlvbj04OTY2NWI0OC04MDQ5LTQ5ZjYtODczMS01MWY3MWQ1ZjRiOTQ\/dXRtX21lZGl1bT1vcmdhbmljJnV0bV9zb3VyY2U9YmxvZ19wcm9kdWN0cyZ1dG1fY2FtcGFpZ249ODM3MA==\" data-target=\"_blank\"><svg xmlns=\"http:\/\/www.w3.org\/2000\/svg\" width=\"16\" height=\"16\" fill=\"currentColor\" class=\"bi bi-bag\" viewBox=\"0 0 16 16\"><path d=\"M8 1a2 2 0 0 1 2 2v1h2.5A1.5 1.5 0 0 1 14 5.5v8A1.5 1.5 0 0 1 12.5 15h-9A1.5 1.5 0 0 1 2 13.5v-8A1.5 1.5 0 0 1 3.5 3H6V2a2 2 0 0 1 2-1zm1 3V3a1 1 0 0 0-2 0v1h2z\"\/><\/svg>K\u00f8b her<\/span><p class=\"rapido\">Levering i dag<\/p><\/div><\/div>\n\n\n\n<div style=\"height:5px\" aria-hidden=\"true\" class=\"wp-block-spacer\"><\/div>\n\n\n\n<h3 class=\"wp-block-heading\">Den perfekte julekrans starter med en base<\/h3>\n\n\n\n<p>For at lave en flot og velformet julekrans er det en god id\u00e9 at starte med en base. \u00d8nsker du en fyldig julekrans, har vi to forslag til dig. Enten kan du k\u00f8be en krans i h\u00f8, som du selv dekorerer med gran eller du kan v\u00e6lge den lette version og k\u00f8be en spidsbundet krans, som allerede er dekoreret med gran. De to fyldige kranse er ogs\u00e5 oplagt at bruge som adventskrans. G\u00e5r du efter en mindre fyldig og stor krans, kan du selv forme en krans i grov st\u00e5ltr\u00e5d.<\/p>\n\n\n\n<h3 class=\"wp-block-heading\">Nu er det tid til at dekorere basen.<\/h3>\n\n\n\n<p>Har du valgt en julekrans i h\u00f8 eller selv lavet en i st\u00e5ltr\u00e5d, er du nu n\u00e5et til det step, hvor den skal pyntes med gran og grene. P\u00e5f\u00f8r grene og gran med en tynd st\u00e5ltr\u00e5d. Her er det vigtigt, at du s\u00f8rger for, at st\u00e5ltr\u00e5den kommer ind mellem grenene, s\u00e5 den ikke er synlig. Ligeledes er det vigtigt, at gran og grene ligger samme vej for at opn\u00e5 s\u00e5 ensartet en julekrans som muligt.<\/p>\n\n\n\n<h3 class=\"wp-block-heading\">Giv din julekrans et naturligt look<\/h3>\n\n\n\n<p>Pr\u00f8v at binde kransen s\u00e5 l\u00f8st som muligt, da en l\u00f8st bundet krans giver et mere personligt og naturligt udtryk. Et vigtigt og godt r\u00e5d fra blomsterdekorat\u00f8ren er, at man skal v\u00e6re opm\u00e6rksom p\u00e5, naturens materialer \u00e6ndrer sig. Det er derfor en god id\u00e9 at binde kransen, og herefter lade den t\u00f8rre i et par dage, inden du begynder at pynte den.<\/p>\n\n\n\n<p>Jo flere ting du samler fra naturen, jo mere naturlig vil din julekrans se ud. S\u00e5 tag en tur ud i skoven med familie og venner, hvor I sammen samler ind til \u00e5ret julekrans. P\u00e5 den m\u00e5de skaber I hyggelige minder, samtidig med at din krans bliver endnu mere personlig.<\/p>\n\n\n\n<div class=\"wp-block-buttons has-custom-font-size has-medium-font-size is-content-justification-center is-layout-flex wp-container-core-buttons-is-layout-e511ce0b wp-block-buttons-is-layout-flex\" style=\"margin-top:var(--wp--preset--spacing--30);margin-bottom:var(--wp--preset--spacing--30);font-style:normal;font-weight:700;text-transform:uppercase\">\n<div class=\"wp-block-button\"><a class=\"wp-block-button__link has-background has-medium-font-size has-custom-font-size wp-element-button\" href=\"https:\/\/interflora.dk\/produkter\/anledninger\/juledekorationer?utm_source=blog&amp;utm_medium=organic&amp;utm_campaign=post-cta\" style=\"background-color:#b80832;text-transform:none\" target=\"_blank\" rel=\"noreferrer noopener\">Se udvalg af juledekorationer<\/a><\/div>\n<\/div>\n\n\n\n<h2 class=\"wp-block-heading\">Et godt r\u00e5d fra blomsterdekorat\u00f8ren<\/h2>\n\n\n\n<div class=\"wp-block-media-text is-stacked-on-mobile is-image-fill-element\" style=\"grid-template-columns:40% auto\"><figure class=\"wp-block-media-text__media\"><img loading=\"lazy\" decoding=\"async\" width=\"683\" height=\"1024\" src=\"https:\/\/interflora.dk\/blog\/wp-content\/uploads\/2025\/11\/annesophiebenoit-interflora-sw-56-683x1024.jpg\" alt=\"\" class=\"wp-image-58590 size-full\" style=\"object-position:50% 50%\" srcset=\"https:\/\/interflora.dk\/blog\/wp-content\/uploads\/2025\/11\/annesophiebenoit-interflora-sw-56-683x1024.jpg 683w, https:\/\/interflora.dk\/blog\/wp-content\/uploads\/2025\/11\/annesophiebenoit-interflora-sw-56-200x300.jpg 200w, https:\/\/interflora.dk\/blog\/wp-content\/uploads\/2025\/11\/annesophiebenoit-interflora-sw-56-768x1152.jpg 768w, https:\/\/interflora.dk\/blog\/wp-content\/uploads\/2025\/11\/annesophiebenoit-interflora-sw-56-1024x1536.jpg 1024w, https:\/\/interflora.dk\/blog\/wp-content\/uploads\/2025\/11\/annesophiebenoit-interflora-sw-56-1365x2048.jpg 1365w, https:\/\/interflora.dk\/blog\/wp-content\/uploads\/2025\/11\/annesophiebenoit-interflora-sw-56-scaled.jpg 1707w\" sizes=\"auto, (max-width: 683px) 100vw, 683px\" \/><\/figure><div class=\"wp-block-media-text__content\">\n<p>T\u00e6nk over hvilke materialer du bruger til at pynte din julekrans og adventskrans med, da temperaturer har stor betydning for materialets holdbarhed. Nogle materialer forbliver smukke, mens andre falmer hurtigt, da de ikke kan t\u00e5le varmen indenfor. Det vil v\u00e6re synd med en jule- eller adventskrans, der ikke kan holde helt til jul.&nbsp;<\/p>\n\n\n\n<p>Bruger du skov- eller pudemos i dine dekorationer, kan du holde det smukt og gr\u00f8nt med regelm\u00e6ssige&nbsp;spr\u00f8jt fra en vandforst\u00f8ver. Is\u00e6r pudemos har en tendens til at f\u00e5 en kedelig gr\u00e5 farve, n\u00e5r det st\u00e5r i en t\u00f8r stue. Men s\u00f8rger du for at holde det fugtigt, vil det bevare sin fine gr\u00f8nne farve og bl\u00f8de udseende igennem hele julem\u00e5neden.&nbsp;<\/p>\n<\/div><\/div>\n\n\n\n<h2 class=\"wp-block-heading\">Adventskransen er en fast juletradition<\/h2>\n\n\n\n<p>Adventskransen er en fast juletradition i Danmark. P\u00e5 en adventskrans er der placeret fire lys, som symboliserer de fire s\u00f8ndage i advent inden jul. Traditionen med adventskransen er faktisk ligesom juletr\u00e6et blevet importeret fra vores naboer i syd \u2013 Tyskland. Mens den traditionelle adventskrans var bundet i gran, findes der i dag b\u00e5de klassiske adventskranse og mere eksperimenterende fortolkninger af den klassiske adventskrans \u2013 alle adventskranse har dog de fire lys til f\u00e6lles. Adventskranse kan pyntes p\u00e5 alverdens m\u00e5der. Dekor\u00e9r eksempelvis din adventskrans med grankogler, b\u00e6r, julekugler eller anden form for julepynt.&nbsp;<\/p>\n\n\n\n<h2 class=\"wp-block-heading\">Inspiration til \u00e5rets hjemmelavede juledekorationer<\/h2>\n\n\n\n<p>Juledekorationer og den traditionelle adventskrans samt julekrans har i mange \u00e5r v\u00e6ret en tradition i de danske stuer og er for mange et tegn p\u00e5, at julehyggen har meldt sin ankomst. Men ved du, hvordan din juledekoration anno 2025 skal se ud, og hvilke materialer, du vil anvendes?<\/p>\n\n\n\n<div class=\"wp-block-media-text has-media-on-the-right is-stacked-on-mobile\" style=\"grid-template-columns:auto 40%\"><div class=\"wp-block-media-text__content\">\n<h3 class=\"wp-block-heading\"><strong>Juledekorationer i naturlige materialer og moderne farver<\/strong><\/h3>\n\n\n\n<p>Hvis du vil give din hjemmelavede juledekoration et naturligt udtryk, er skoven et godt sted at starte. Her kan du finde naturmaterialer til juledekorationen som ler, gran, jord, blade, kogler, mos og r\u00f8de b\u00e6r, der alle fungerer up\u00e5klageligt i opbygningen af en juledekoration. N\u00e5r du laver din egen juledekoration, er det en god id\u00e9 at t\u00e6nke over farvekombinationerne, og hvordan du kan skabe kontrast og komplement\u00e6re farver.<\/p>\n\n\n\n<p>Til en start er det vigtigt at sammens\u00e6tte et farvetema, s\u00e5 du f\u00e5r givet juledekorationen det udtryk, som du har i tankerne. Den klassiske kombination er ler, jord og mos som fundament. Dern\u00e6st bruges, blade, r\u00f8de vinterb\u00e6r og grankogler som supplement. For slutteligt at dekorere med eksempelvis et hvidt eller r\u00f8dt kalenderlys.<\/p>\n<\/div><figure class=\"wp-block-media-text__media\"><img loading=\"lazy\" decoding=\"async\" width=\"683\" height=\"1024\" src=\"https:\/\/interflora.dk\/blog\/wp-content\/uploads\/2025\/11\/annesophiebenoit-interflora-sw-26-683x1024.jpg\" alt=\"\" class=\"wp-image-58601 size-full\" srcset=\"https:\/\/interflora.dk\/blog\/wp-content\/uploads\/2025\/11\/annesophiebenoit-interflora-sw-26-683x1024.jpg 683w, https:\/\/interflora.dk\/blog\/wp-content\/uploads\/2025\/11\/annesophiebenoit-interflora-sw-26-200x300.jpg 200w, https:\/\/interflora.dk\/blog\/wp-content\/uploads\/2025\/11\/annesophiebenoit-interflora-sw-26-768x1152.jpg 768w, https:\/\/interflora.dk\/blog\/wp-content\/uploads\/2025\/11\/annesophiebenoit-interflora-sw-26-1024x1536.jpg 1024w, https:\/\/interflora.dk\/blog\/wp-content\/uploads\/2025\/11\/annesophiebenoit-interflora-sw-26-1365x2048.jpg 1365w, https:\/\/interflora.dk\/blog\/wp-content\/uploads\/2025\/11\/annesophiebenoit-interflora-sw-26-scaled.jpg 1707w\" sizes=\"auto, (max-width: 683px) 100vw, 683px\" \/><\/figure><\/div>\n\n\n\n<h2 class=\"wp-block-heading\">Bestil en sk\u00f8n julekrans hos Interflora<\/h2>\n\n\n\n<div class=\"wp-block-media-text is-stacked-on-mobile is-image-fill-element\" style=\"grid-template-columns:40% auto\"><figure class=\"wp-block-media-text__media\"><img loading=\"lazy\" decoding=\"async\" width=\"1024\" height=\"1024\" src=\"https:\/\/interflora.dk\/blog\/wp-content\/uploads\/2023\/11\/christmas-decoration-1024x1024.jpg\" alt=\"\" class=\"wp-image-37699 size-full\" style=\"object-position:50% 50%\" srcset=\"https:\/\/interflora.dk\/blog\/wp-content\/uploads\/2023\/11\/christmas-decoration-1024x1024.jpg 1024w, https:\/\/interflora.dk\/blog\/wp-content\/uploads\/2023\/11\/christmas-decoration-300x300.jpg 300w, https:\/\/interflora.dk\/blog\/wp-content\/uploads\/2023\/11\/christmas-decoration-150x150.jpg 150w, https:\/\/interflora.dk\/blog\/wp-content\/uploads\/2023\/11\/christmas-decoration-768x768.jpg 768w, https:\/\/interflora.dk\/blog\/wp-content\/uploads\/2023\/11\/christmas-decoration.jpg 1200w\" sizes=\"auto, (max-width: 1024px) 100vw, 1024px\" \/><\/figure><div class=\"wp-block-media-text__content\">\n<p>Du er velkommen til at g\u00e5 p\u00e5 opdagelse i vores udvalg af blomster samt adventskranse og juledekorationer og samle inspiration til \u00e5rets h\u00f8jtid. Hos os kan du ikke bare samle inspiration, men ogs\u00e5 f\u00e5 leveret dine blomster, adventskranse og juledekorationer samme dag, som du bestiller dem. <\/p>\n\n\n\n<p>Har du brug for hj\u00e6lp til at finde den perfekte julekrans, adventskrans eller juledekoration, er du velkommen til at kontakte os p\u00e5 telefonnummer 43434747<\/p>\n\n\n\n<div class=\"wp-block-buttons is-content-justification-center is-layout-flex wp-container-core-buttons-is-layout-a89b3969 wp-block-buttons-is-layout-flex\">\n<div class=\"wp-block-button\"><a class=\"wp-block-button__link has-background has-medium-font-size has-custom-font-size wp-element-button\" href=\"https:\/\/interflora.dk\/produkter\/anledninger\/juledekorationer?utm_source=blog&amp;utm_medium=organic&amp;utm_campaign=post-cta\" style=\"background-color:#b80832;font-style:normal;font-weight:700;text-transform:none\" target=\"_blank\" rel=\"noreferrer noopener\">Se \u00e5rets juledekorationer<\/a><\/div>\n<\/div>\n<\/div><\/div>\n\n\n<div class=\"lp-produits-grid\"><div class=\"lp-produit\"><div class=\"lp-thumbnail-wrapper\"><img loading=\"lazy\" decoding=\"async\" width=\"300\" height=\"300\" src=\"https:\/\/interflora.dk\/blog\/wp-content\/uploads\/2025\/09\/DEN_VENLIGE_VINTERVERSION_HAND_v_0-300x300.jpg\" class=\"attachment-medium size-medium wp-post-image\" alt=\"\" srcset=\"https:\/\/interflora.dk\/blog\/wp-content\/uploads\/2025\/09\/DEN_VENLIGE_VINTERVERSION_HAND_v_0-300x300.jpg 300w, https:\/\/interflora.dk\/blog\/wp-content\/uploads\/2025\/09\/DEN_VENLIGE_VINTERVERSION_HAND_v_0-1024x1024.jpg 1024w, https:\/\/interflora.dk\/blog\/wp-content\/uploads\/2025\/09\/DEN_VENLIGE_VINTERVERSION_HAND_v_0-150x150.jpg 150w, https:\/\/interflora.dk\/blog\/wp-content\/uploads\/2025\/09\/DEN_VENLIGE_VINTERVERSION_HAND_v_0-768x768.jpg 768w, https:\/\/interflora.dk\/blog\/wp-content\/uploads\/2025\/09\/DEN_VENLIGE_VINTERVERSION_HAND_v_0.jpg 1200w\" sizes=\"auto, (max-width: 300px) 100vw, 300px\" \/><img decoding=\"async\" class=\"lp-badge\" src=\"https:\/\/prodblog.interflora.dk\/blog\/wp-content\/uploads\/2025\/09\/220422_INTERFLORA_Main_Logo_rgb_Main_Color.avif\" alt=\"Send blomster med Interflora\"><\/div><span>Den venlige<\/span><p>Fra 229 kr.<\/p><span class=\"obf-link lp-cta\" role=\"link\" tabindex=\"0\" data-b64=\"aHR0cHM6Ly9pbnRlcmZsb3JhLmRrL3Byb2R1a3QvZGVuLXZlbmxpZ2U\/dj0xNTgwMiYjMDM4O3ZhcmlhdGlvbj1jMDRiZDM3OC1kZGYyLTRjMmItYmM5My1hYWM2ZWJlZWUwNDI\/dXRtX21lZGl1bT1vcmdhbmljJnV0bV9zb3VyY2U9YmxvZ19wcm9kdWN0cyZ1dG1fY2FtcGFpZ249NTc0Ng==\" data-target=\"_blank\"><svg xmlns=\"http:\/\/www.w3.org\/2000\/svg\" width=\"16\" height=\"16\" fill=\"currentColor\" class=\"bi bi-bag\" viewBox=\"0 0 16 16\"><path d=\"M8 1a2 2 0 0 1 2 2v1h2.5A1.5 1.5 0 0 1 14 5.5v8A1.5 1.5 0 0 1 12.5 15h-9A1.5 1.5 0 0 1 2 13.5v-8A1.5 1.5 0 0 1 3.5 3H6V2a2 2 0 0 1 2-1zm1 3V3a1 1 0 0 0-2 0v1h2z\"\/><\/svg>K\u00f8b her<\/span><p class=\"rapido\">Din personlige hilsen<\/p><\/div><div class=\"lp-produit\"><div class=\"lp-thumbnail-wrapper\"><img loading=\"lazy\" decoding=\"async\" width=\"300\" height=\"300\" src=\"https:\/\/interflora.dk\/blog\/wp-content\/uploads\/2025\/09\/FLORISTENS_KREATIVE_BUKET_I_LYSEROEDE_NUANCER_MEDIUM_6311-300x300.jpg\" class=\"attachment-medium size-medium wp-post-image\" alt=\"\" srcset=\"https:\/\/interflora.dk\/blog\/wp-content\/uploads\/2025\/09\/FLORISTENS_KREATIVE_BUKET_I_LYSEROEDE_NUANCER_MEDIUM_6311-300x300.jpg 300w, https:\/\/interflora.dk\/blog\/wp-content\/uploads\/2025\/09\/FLORISTENS_KREATIVE_BUKET_I_LYSEROEDE_NUANCER_MEDIUM_6311-1024x1024.jpg 1024w, https:\/\/interflora.dk\/blog\/wp-content\/uploads\/2025\/09\/FLORISTENS_KREATIVE_BUKET_I_LYSEROEDE_NUANCER_MEDIUM_6311-150x150.jpg 150w, https:\/\/interflora.dk\/blog\/wp-content\/uploads\/2025\/09\/FLORISTENS_KREATIVE_BUKET_I_LYSEROEDE_NUANCER_MEDIUM_6311-768x768.jpg 768w, https:\/\/interflora.dk\/blog\/wp-content\/uploads\/2025\/09\/FLORISTENS_KREATIVE_BUKET_I_LYSEROEDE_NUANCER_MEDIUM_6311.jpg 1200w\" sizes=\"auto, (max-width: 300px) 100vw, 300px\" \/><img decoding=\"async\" class=\"lp-badge\" src=\"https:\/\/prodblog.interflora.dk\/blog\/wp-content\/uploads\/2025\/09\/220422_INTERFLORA_Main_Logo_rgb_Main_Color.avif\" alt=\"Send blomster med Interflora\"><\/div><span>Floristens kreative buket i lyser\u00f8de nuancer<\/span><p>Fra 229 kr.<\/p><span class=\"obf-link lp-cta\" role=\"link\" tabindex=\"0\" data-b64=\"aHR0cHM6Ly9pbnRlcmZsb3JhLmRrL3Byb2R1a3QvZmxvcmlzdGVucy1rcmVhdGl2ZS1idWtldC1pLWx5c2Vyb2VkZS1udWFuY2VyP3Y9MTYyNTEmIzAzODt2YXJpYXRpb249M2IyNjBkMDYtMGNlNy00NzUyLTk1ZjUtNGMxNDBjMWU1MDJmP3V0bV9tZWRpdW09b3JnYW5pYyZ1dG1fc291cmNlPWJsb2dfcHJvZHVjdHMmdXRtX2NhbXBhaWduPTYzMTE=\" data-target=\"_blank\"><svg xmlns=\"http:\/\/www.w3.org\/2000\/svg\" width=\"16\" height=\"16\" fill=\"currentColor\" class=\"bi bi-bag\" viewBox=\"0 0 16 16\"><path d=\"M8 1a2 2 0 0 1 2 2v1h2.5A1.5 1.5 0 0 1 14 5.5v8A1.5 1.5 0 0 1 12.5 15h-9A1.5 1.5 0 0 1 2 13.5v-8A1.5 1.5 0 0 1 3.5 3H6V2a2 2 0 0 1 2-1zm1 3V3a1 1 0 0 0-2 0v1h2z\"\/><\/svg>K\u00f8b her<\/span><p class=\"rapido\">Levering i dag<\/p><\/div><div class=\"lp-produit\"><div class=\"lp-thumbnail-wrapper\"><img loading=\"lazy\" decoding=\"async\" width=\"300\" height=\"300\" src=\"https:\/\/interflora.dk\/blog\/wp-content\/uploads\/2025\/09\/FINE_LILJEHILSEN_VERSION_01_MEDIUM_w2028229-300x300.jpg\" class=\"attachment-medium size-medium wp-post-image\" alt=\"\" srcset=\"https:\/\/interflora.dk\/blog\/wp-content\/uploads\/2025\/09\/FINE_LILJEHILSEN_VERSION_01_MEDIUM_w2028229-300x300.jpg 300w, https:\/\/interflora.dk\/blog\/wp-content\/uploads\/2025\/09\/FINE_LILJEHILSEN_VERSION_01_MEDIUM_w2028229-1024x1024.jpg 1024w, https:\/\/interflora.dk\/blog\/wp-content\/uploads\/2025\/09\/FINE_LILJEHILSEN_VERSION_01_MEDIUM_w2028229-150x150.jpg 150w, https:\/\/interflora.dk\/blog\/wp-content\/uploads\/2025\/09\/FINE_LILJEHILSEN_VERSION_01_MEDIUM_w2028229-768x768.jpg 768w, https:\/\/interflora.dk\/blog\/wp-content\/uploads\/2025\/09\/FINE_LILJEHILSEN_VERSION_01_MEDIUM_w2028229.jpg 1200w\" sizes=\"auto, (max-width: 300px) 100vw, 300px\" \/><img decoding=\"async\" class=\"lp-badge\" src=\"https:\/\/prodblog.interflora.dk\/blog\/wp-content\/uploads\/2025\/09\/220422_INTERFLORA_Main_Logo_rgb_Main_Color.avif\" alt=\"Send blomster med Interflora\"><\/div><span>Den fine liljehilsen<\/span><p>Fra 219 kr.<\/p><span class=\"obf-link lp-cta\" role=\"link\" tabindex=\"0\" data-b64=\"aHR0cHM6Ly9pbnRlcmZsb3JhLmRrL3Byb2R1a3QvZGVuLWZpbmUtbGlsamVoaWxzZW4\/dj0xNzU5NSYjMDM4O3ZhcmlhdGlvbj03YTZiNzY5Mi05NThjLTQ5MjYtYWIyNy0yZjRjYWEwMWJkZGI\/dXRtX21lZGl1bT1vcmdhbmljJnV0bV9zb3VyY2U9YmxvZ19wcm9kdWN0cyZ1dG1fY2FtcGFpZ249NzQ4MA==\" data-target=\"_blank\"><svg xmlns=\"http:\/\/www.w3.org\/2000\/svg\" width=\"16\" height=\"16\" fill=\"currentColor\" class=\"bi bi-bag\" viewBox=\"0 0 16 16\"><path d=\"M8 1a2 2 0 0 1 2 2v1h2.5A1.5 1.5 0 0 1 14 5.5v8A1.5 1.5 0 0 1 12.5 15h-9A1.5 1.5 0 0 1 2 13.5v-8A1.5 1.5 0 0 1 3.5 3H6V2a2 2 0 0 1 2-1zm1 3V3a1 1 0 0 0-2 0v1h2z\"\/><\/svg>K\u00f8b her<\/span><p class=\"rapido\">Levering i hele Danmark<\/p><\/div><div class=\"lp-produit\"><div class=\"lp-thumbnail-wrapper\"><img loading=\"lazy\" decoding=\"async\" width=\"300\" height=\"300\" src=\"https:\/\/interflora.dk\/blog\/wp-content\/uploads\/2025\/09\/DEN_FORTRYLLENDE_SMALL-300x300.jpg\" class=\"attachment-medium size-medium wp-post-image\" alt=\"\" srcset=\"https:\/\/interflora.dk\/blog\/wp-content\/uploads\/2025\/09\/DEN_FORTRYLLENDE_SMALL-300x300.jpg 300w, https:\/\/interflora.dk\/blog\/wp-content\/uploads\/2025\/09\/DEN_FORTRYLLENDE_SMALL-1024x1024.jpg 1024w, https:\/\/interflora.dk\/blog\/wp-content\/uploads\/2025\/09\/DEN_FORTRYLLENDE_SMALL-150x150.jpg 150w, https:\/\/interflora.dk\/blog\/wp-content\/uploads\/2025\/09\/DEN_FORTRYLLENDE_SMALL-768x768.jpg 768w, https:\/\/interflora.dk\/blog\/wp-content\/uploads\/2025\/09\/DEN_FORTRYLLENDE_SMALL.jpg 1200w\" sizes=\"auto, (max-width: 300px) 100vw, 300px\" \/><img decoding=\"async\" class=\"lp-badge\" src=\"https:\/\/prodblog.interflora.dk\/blog\/wp-content\/uploads\/2025\/09\/220422_INTERFLORA_Main_Logo_rgb_Main_Color.avif\" alt=\"Send blomster med Interflora\"><\/div><span>Den fortryllende<\/span><p>Fra 299 kr.<\/p><span class=\"obf-link lp-cta\" role=\"link\" tabindex=\"0\" data-b64=\"aHR0cHM6Ly9pbnRlcmZsb3JhLmRrL3Byb2R1a3QvZGVuLWZvcnRyeWxsZW5kZT92PTkzMDYmIzAzODt2YXJpYXRpb249ZGNiMjRlM2QtMzBlZC00OTAxLWI0YWUtYTYxOTlkMzE2MWU2P3V0bV9tZWRpdW09b3JnYW5pYyZ1dG1fc291cmNlPWJsb2dfcHJvZHVjdHMmdXRtX2NhbXBhaWduPTU1MQ==\" data-target=\"_blank\"><svg xmlns=\"http:\/\/www.w3.org\/2000\/svg\" width=\"16\" height=\"16\" fill=\"currentColor\" class=\"bi bi-bag\" viewBox=\"0 0 16 16\"><path d=\"M8 1a2 2 0 0 1 2 2v1h2.5A1.5 1.5 0 0 1 14 5.5v8A1.5 1.5 0 0 1 12.5 15h-9A1.5 1.5 0 0 1 2 13.5v-8A1.5 1.5 0 0 1 3.5 3H6V2a2 2 0 0 1 2-1zm1 3V3a1 1 0 0 0-2 0v1h2z\"\/><\/svg>K\u00f8b her<\/span><p class=\"rapido\">Levering i dag<\/p><\/div><div class=\"lp-produit\"><div class=\"lp-thumbnail-wrapper\"><img loading=\"lazy\" decoding=\"async\" width=\"300\" height=\"300\" src=\"https:\/\/interflora.dk\/blog\/wp-content\/uploads\/2025\/09\/DEN_SOEDE_OMTANKE_HAND_173-300x300.jpg\" class=\"attachment-medium size-medium wp-post-image\" alt=\"\" srcset=\"https:\/\/interflora.dk\/blog\/wp-content\/uploads\/2025\/09\/DEN_SOEDE_OMTANKE_HAND_173-300x300.jpg 300w, https:\/\/interflora.dk\/blog\/wp-content\/uploads\/2025\/09\/DEN_SOEDE_OMTANKE_HAND_173-1024x1024.jpg 1024w, https:\/\/interflora.dk\/blog\/wp-content\/uploads\/2025\/09\/DEN_SOEDE_OMTANKE_HAND_173-150x150.jpg 150w, https:\/\/interflora.dk\/blog\/wp-content\/uploads\/2025\/09\/DEN_SOEDE_OMTANKE_HAND_173-768x768.jpg 768w, https:\/\/interflora.dk\/blog\/wp-content\/uploads\/2025\/09\/DEN_SOEDE_OMTANKE_HAND_173.jpg 1200w\" sizes=\"auto, (max-width: 300px) 100vw, 300px\" \/><img decoding=\"async\" class=\"lp-badge\" src=\"https:\/\/prodblog.interflora.dk\/blog\/wp-content\/uploads\/2025\/09\/220422_INTERFLORA_Main_Logo_rgb_Main_Color.avif\" alt=\"Send blomster med Interflora\"><\/div><span>Den s\u00f8de omtanke<\/span><p>Fra 319 kr.<\/p><span class=\"obf-link lp-cta\" role=\"link\" tabindex=\"0\" data-b64=\"aHR0cHM6Ly9pbnRlcmZsb3JhLmRrL3Byb2R1a3QvZGVuLXNvZWRlLW9tdGFua2U\/dj0xOTI2JiMwMzg7dmFyaWF0aW9uPTNlY2U2YmYxLTdhOTAtNDQwMi1iYzQ5LWM4ZTcyMjQ4ODM5ND91dG1fbWVkaXVtPW9yZ2FuaWMmdXRtX3NvdXJjZT1ibG9nX3Byb2R1Y3RzJnV0bV9jYW1wYWlnbj0xNzM=\" data-target=\"_blank\"><svg xmlns=\"http:\/\/www.w3.org\/2000\/svg\" width=\"16\" height=\"16\" fill=\"currentColor\" class=\"bi bi-bag\" viewBox=\"0 0 16 16\"><path d=\"M8 1a2 2 0 0 1 2 2v1h2.5A1.5 1.5 0 0 1 14 5.5v8A1.5 1.5 0 0 1 12.5 15h-9A1.5 1.5 0 0 1 2 13.5v-8A1.5 1.5 0 0 1 3.5 3H6V2a2 2 0 0 1 2-1zm1 3V3a1 1 0 0 0-2 0v1h2z\"\/><\/svg>K\u00f8b her<\/span><p class=\"rapido\">Kundernes favorit<\/p><\/div><div class=\"lp-produit\"><div class=\"lp-thumbnail-wrapper\"><img loading=\"lazy\" decoding=\"async\" width=\"300\" height=\"300\" src=\"https:\/\/interflora.dk\/blog\/wp-content\/uploads\/2025\/09\/DEN_TIL_FOEDSELSDAGEN_VINTER_SMALL_127_v-300x300.jpg\" class=\"attachment-medium size-medium wp-post-image\" alt=\"\" srcset=\"https:\/\/interflora.dk\/blog\/wp-content\/uploads\/2025\/09\/DEN_TIL_FOEDSELSDAGEN_VINTER_SMALL_127_v-300x300.jpg 300w, https:\/\/interflora.dk\/blog\/wp-content\/uploads\/2025\/09\/DEN_TIL_FOEDSELSDAGEN_VINTER_SMALL_127_v-1024x1024.jpg 1024w, https:\/\/interflora.dk\/blog\/wp-content\/uploads\/2025\/09\/DEN_TIL_FOEDSELSDAGEN_VINTER_SMALL_127_v-150x150.jpg 150w, https:\/\/interflora.dk\/blog\/wp-content\/uploads\/2025\/09\/DEN_TIL_FOEDSELSDAGEN_VINTER_SMALL_127_v-768x768.jpg 768w, https:\/\/interflora.dk\/blog\/wp-content\/uploads\/2025\/09\/DEN_TIL_FOEDSELSDAGEN_VINTER_SMALL_127_v.jpg 1200w\" sizes=\"auto, (max-width: 300px) 100vw, 300px\" \/><img decoding=\"async\" class=\"lp-badge\" src=\"https:\/\/prodblog.interflora.dk\/blog\/wp-content\/uploads\/2025\/09\/220422_INTERFLORA_Main_Logo_rgb_Main_Color.avif\" alt=\"Send blomster med Interflora\"><\/div><span>Den til f\u00f8dselsdagen<\/span><p>Fra 299 kr.<\/p><span class=\"obf-link lp-cta\" role=\"link\" tabindex=\"0\" data-b64=\"aHR0cHM6Ly9pbnRlcmZsb3JhLmRrL3Byb2R1a3QvZGVuLXRpbC1mb2Vkc2Vsc2RhZ2VuP3Y9MTU1MSYjMDM4O3ZhcmlhdGlvbj05M2NjOTRlNi0zZmJlLTQ1OTgtYjAwNS03YTk5NTNiNGZlNGI\/dXRtX21lZGl1bT1vcmdhbmljJnV0bV9zb3VyY2U9YmxvZ19wcm9kdWN0cyZ1dG1fY2FtcGFpZ249MTI3\" data-target=\"_blank\"><svg xmlns=\"http:\/\/www.w3.org\/2000\/svg\" width=\"16\" height=\"16\" fill=\"currentColor\" class=\"bi bi-bag\" viewBox=\"0 0 16 16\"><path d=\"M8 1a2 2 0 0 1 2 2v1h2.5A1.5 1.5 0 0 1 14 5.5v8A1.5 1.5 0 0 1 12.5 15h-9A1.5 1.5 0 0 1 2 13.5v-8A1.5 1.5 0 0 1 3.5 3H6V2a2 2 0 0 1 2-1zm1 3V3a1 1 0 0 0-2 0v1h2z\"\/><\/svg>K\u00f8b her<\/span><p class=\"rapido\">Bundet af din lokale florist<\/p><\/div><div class=\"lp-produit\"><div class=\"lp-thumbnail-wrapper\"><img loading=\"lazy\" decoding=\"async\" width=\"300\" height=\"300\" src=\"https:\/\/interflora.dk\/blog\/wp-content\/uploads\/2025\/09\/DEN_FARVERRIGE_HILSEN_6370_MEDIUM_v-300x300.jpg\" class=\"attachment-medium size-medium wp-post-image\" alt=\"\" srcset=\"https:\/\/interflora.dk\/blog\/wp-content\/uploads\/2025\/09\/DEN_FARVERRIGE_HILSEN_6370_MEDIUM_v-300x300.jpg 300w, https:\/\/interflora.dk\/blog\/wp-content\/uploads\/2025\/09\/DEN_FARVERRIGE_HILSEN_6370_MEDIUM_v-1024x1024.jpg 1024w, https:\/\/interflora.dk\/blog\/wp-content\/uploads\/2025\/09\/DEN_FARVERRIGE_HILSEN_6370_MEDIUM_v-150x150.jpg 150w, https:\/\/interflora.dk\/blog\/wp-content\/uploads\/2025\/09\/DEN_FARVERRIGE_HILSEN_6370_MEDIUM_v-768x768.jpg 768w, https:\/\/interflora.dk\/blog\/wp-content\/uploads\/2025\/09\/DEN_FARVERRIGE_HILSEN_6370_MEDIUM_v.jpg 1200w\" sizes=\"auto, (max-width: 300px) 100vw, 300px\" \/><img decoding=\"async\" class=\"lp-badge\" src=\"https:\/\/prodblog.interflora.dk\/blog\/wp-content\/uploads\/2025\/09\/220422_INTERFLORA_Main_Logo_rgb_Main_Color.avif\" alt=\"Send blomster med Interflora\"><\/div><span>Den farverige hilsen<\/span><p>Fra 219 kr.<\/p><span class=\"obf-link lp-cta\" role=\"link\" tabindex=\"0\" data-b64=\"aHR0cHM6Ly9pbnRlcmZsb3JhLmRrL3Byb2R1a3QvZGVuLWZhcnZlcmlnZS1oaWxzZW4\/dj0xNzQ3NiYjMDM4O3ZhcmlhdGlvbj04OTY2NWI0OC04MDQ5LTQ5ZjYtODczMS01MWY3MWQ1ZjRiOTQ\/dXRtX21lZGl1bT1vcmdhbmljJnV0bV9zb3VyY2U9YmxvZ19wcm9kdWN0cyZ1dG1fY2FtcGFpZ249ODM3MA==\" data-target=\"_blank\"><svg xmlns=\"http:\/\/www.w3.org\/2000\/svg\" width=\"16\" height=\"16\" fill=\"currentColor\" class=\"bi bi-bag\" viewBox=\"0 0 16 16\"><path d=\"M8 1a2 2 0 0 1 2 2v1h2.5A1.5 1.5 0 0 1 14 5.5v8A1.5 1.5 0 0 1 12.5 15h-9A1.5 1.5 0 0 1 2 13.5v-8A1.5 1.5 0 0 1 3.5 3H6V2a2 2 0 0 1 2-1zm1 3V3a1 1 0 0 0-2 0v1h2z\"\/><\/svg>K\u00f8b her<\/span><p class=\"rapido\">Levering i hele Danmark<\/p><\/div><\/div>\n\n\n\n<p><\/p>\n","protected":false},"excerpt":{"rendered":"<p>Julen n\u00e6rmer sig med hastige skridt, og det er tid til at f\u00e5 pyntet op. En smuk julekrans p\u00e5 hovedd\u00f8ren [&hellip;]<\/p>\n","protected":false},"author":1,"featured_media":58620,"comment_status":"open","ping_status":"open","sticky":false,"template":"","format":"standard","meta":{"_uag_custom_page_level_css":"","site-sidebar-layout":"default","site-content-layout":"","ast-site-content-layout":"default","site-content-style":"default","site-sidebar-style":"default","ast-global-header-display":"","ast-banner-title-visibility":"","ast-main-header-display":"","ast-hfb-above-header-display":"","ast-hfb-below-header-display":"","ast-hfb-mobile-header-display":"","site-post-title":"","ast-breadcrumbs-content":"","ast-featured-img":"","footer-sml-layout":"","ast-disable-related-posts":"","theme-transparent-header-meta":"","adv-header-id-meta":"","stick-header-meta":"","header-above-stick-meta":"","header-main-stick-meta":"","header-below-stick-meta":"","astra-migrate-meta-layouts":"set","ast-page-background-enabled":"default","ast-page-background-meta":{"desktop":{"background-color":"var(--ast-global-color-5)","background-image":"","background-repeat":"repeat","background-position":"center center","background-size":"auto","background-attachment":"scroll","background-type":"","background-media":"","overlay-type":"","overlay-color":"","overlay-opacity":"","overlay-gradient":""},"tablet":{"background-color":"","background-image":"","background-repeat":"repeat","background-position":"center center","background-size":"auto","background-attachment":"scroll","background-type":"","background-media":"","overlay-type":"","overlay-color":"","overlay-opacity":"","overlay-gradient":""},"mobile":{"background-color":"","background-image":"","background-repeat":"repeat","background-position":"center center","background-size":"auto","background-attachment":"scroll","background-type":"","background-media":"","overlay-type":"","overlay-color":"","overlay-opacity":"","overlay-gradient":""}},"ast-content-background-meta":{"desktop":{"background-color":"var(--ast-global-color-4)","background-image":"","background-repeat":"repeat","background-position":"center center","background-size":"auto","background-attachment":"scroll","background-type":"","background-media":"","overlay-type":"","overlay-color":"","overlay-opacity":"","overlay-gradient":""},"tablet":{"background-color":"var(--ast-global-color-4)","background-image":"","background-repeat":"repeat","background-position":"center center","background-size":"auto","background-attachment":"scroll","background-type":"","background-media":"","overlay-type":"","overlay-color":"","overlay-opacity":"","overlay-gradient":""},"mobile":{"background-color":"var(--ast-global-color-4)","background-image":"","background-repeat":"repeat","background-position":"center center","background-size":"auto","background-attachment":"scroll","background-type":"","background-media":"","overlay-type":"","overlay-color":"","overlay-opacity":"","overlay-gradient":""}},"footnotes":""},"categories":[275,201,167,236],"tags":[235],"class_list":["post-37611","post","type-post","status-publish","format-standard","has-post-thumbnail","hentry","category-dekorationer","category-inspiration","category-anledninger","category-jul","tag-jul"],"yoast_head":"<!-- This site is optimized with the Yoast SEO plugin v27.4 - https:\/\/yoast.com\/product\/yoast-seo-wordpress\/ -->\n<title>F\u00e5 inspiration til jule- og adventskrans samt juledekorationer | Interflora<\/title>\n<meta name=\"description\" content=\"F\u00f8lg disse r\u00e5d og lav en personlig og moderne julekrans, adventskrans eller juledekoration. F\u00e5 Inspiration til julen her.\" \/>\n<meta name=\"robots\" content=\"index, follow, max-snippet:-1, max-image-preview:large, max-video-preview:-1\" \/>\n<link rel=\"canonical\" href=\"https:\/\/interflora.dk\/blog\/juledekorationer\/\" \/>\n<meta property=\"og:locale\" content=\"da_DK\" \/>\n<meta property=\"og:type\" content=\"article\" \/>\n<meta property=\"og:title\" content=\"F\u00e5 inspiration til jule- og adventskrans samt juledekorationer | Interflora\" \/>\n<meta property=\"og:description\" content=\"F\u00f8lg disse r\u00e5d og lav en personlig og moderne julekrans, adventskrans eller juledekoration. F\u00e5 Inspiration til julen her.\" \/>\n<meta property=\"og:url\" content=\"https:\/\/interflora.dk\/blog\/juledekorationer\/\" \/>\n<meta property=\"og:site_name\" content=\"Interflora\" \/>\n<meta property=\"article:publisher\" content=\"https:\/\/www.facebook.com\/InterfloraDanmark\" \/>\n<meta property=\"article:published_time\" content=\"2025-11-06T10:59:15+00:00\" \/>\n<meta property=\"article:modified_time\" content=\"2025-11-28T15:11:05+00:00\" \/>\n<meta property=\"og:image\" content=\"https:\/\/interflora.dk\/blog\/wp-content\/uploads\/2025\/11\/annesophiebenoit-interflora-sw-42-scaled.jpg\" \/>\n\t<meta property=\"og:image:width\" content=\"1707\" \/>\n\t<meta property=\"og:image:height\" content=\"2560\" \/>\n\t<meta property=\"og:image:type\" content=\"image\/jpeg\" \/>\n<meta name=\"author\" content=\"admin\" \/>\n<meta name=\"twitter:card\" content=\"summary_large_image\" \/>\n<meta name=\"twitter:label1\" content=\"Skrevet af\" \/>\n\t<meta name=\"twitter:data1\" content=\"admin\" \/>\n\t<meta name=\"twitter:label2\" content=\"Estimeret l\u00e6setid\" \/>\n\t<meta name=\"twitter:data2\" content=\"7 minutter\" \/>\n<script type=\"application\/ld+json\" class=\"yoast-schema-graph\">{\"@context\":\"https:\\\/\\\/schema.org\",\"@graph\":[{\"@type\":\"Article\",\"@id\":\"https:\\\/\\\/interflora.dk\\\/blog\\\/juledekorationer\\\/#article\",\"isPartOf\":{\"@id\":\"https:\\\/\\\/interflora.dk\\\/blog\\\/juledekorationer\\\/\"},\"author\":{\"name\":\"admin\",\"@id\":\"https:\\\/\\\/interflora.dk\\\/blog\\\/#\\\/schema\\\/person\\\/dbbd1ad45e05409c356dc639597669f2\"},\"headline\":\"Inspiration til juledekorationer, advents- og julekranse\",\"datePublished\":\"2025-11-06T10:59:15+00:00\",\"dateModified\":\"2025-11-28T15:11:05+00:00\",\"mainEntityOfPage\":{\"@id\":\"https:\\\/\\\/interflora.dk\\\/blog\\\/juledekorationer\\\/\"},\"wordCount\":1402,\"commentCount\":0,\"publisher\":{\"@id\":\"https:\\\/\\\/interflora.dk\\\/blog\\\/#organization\"},\"image\":{\"@id\":\"https:\\\/\\\/interflora.dk\\\/blog\\\/juledekorationer\\\/#primaryimage\"},\"thumbnailUrl\":\"https:\\\/\\\/interflora.dk\\\/blog\\\/wp-content\\\/uploads\\\/2025\\\/11\\\/annesophiebenoit-interflora-sw-42-scaled.jpg\",\"keywords\":[\"Jul\"],\"articleSection\":[\"Dekorationer\",\"Inspiration\",\"Interfloras guide til alle anledninger\",\"Julens magi: Inspiration og ideer\"],\"inLanguage\":\"da-DK\",\"potentialAction\":[{\"@type\":\"CommentAction\",\"name\":\"Comment\",\"target\":[\"https:\\\/\\\/interflora.dk\\\/blog\\\/juledekorationer\\\/#respond\"]}]},{\"@type\":\"WebPage\",\"@id\":\"https:\\\/\\\/interflora.dk\\\/blog\\\/juledekorationer\\\/\",\"url\":\"https:\\\/\\\/interflora.dk\\\/blog\\\/juledekorationer\\\/\",\"name\":\"F\u00e5 inspiration til jule- og adventskrans samt juledekorationer | Interflora\",\"isPartOf\":{\"@id\":\"https:\\\/\\\/interflora.dk\\\/blog\\\/#website\"},\"primaryImageOfPage\":{\"@id\":\"https:\\\/\\\/interflora.dk\\\/blog\\\/juledekorationer\\\/#primaryimage\"},\"image\":{\"@id\":\"https:\\\/\\\/interflora.dk\\\/blog\\\/juledekorationer\\\/#primaryimage\"},\"thumbnailUrl\":\"https:\\\/\\\/interflora.dk\\\/blog\\\/wp-content\\\/uploads\\\/2025\\\/11\\\/annesophiebenoit-interflora-sw-42-scaled.jpg\",\"datePublished\":\"2025-11-06T10:59:15+00:00\",\"dateModified\":\"2025-11-28T15:11:05+00:00\",\"description\":\"F\u00f8lg disse r\u00e5d og lav en personlig og moderne julekrans, adventskrans eller juledekoration. F\u00e5 Inspiration til julen her.\",\"breadcrumb\":{\"@id\":\"https:\\\/\\\/interflora.dk\\\/blog\\\/juledekorationer\\\/#breadcrumb\"},\"inLanguage\":\"da-DK\",\"potentialAction\":[{\"@type\":\"ReadAction\",\"target\":[\"https:\\\/\\\/interflora.dk\\\/blog\\\/juledekorationer\\\/\"]}]},{\"@type\":\"ImageObject\",\"inLanguage\":\"da-DK\",\"@id\":\"https:\\\/\\\/interflora.dk\\\/blog\\\/juledekorationer\\\/#primaryimage\",\"url\":\"https:\\\/\\\/interflora.dk\\\/blog\\\/wp-content\\\/uploads\\\/2025\\\/11\\\/annesophiebenoit-interflora-sw-42-scaled.jpg\",\"contentUrl\":\"https:\\\/\\\/interflora.dk\\\/blog\\\/wp-content\\\/uploads\\\/2025\\\/11\\\/annesophiebenoit-interflora-sw-42-scaled.jpg\",\"width\":1707,\"height\":2560},{\"@type\":\"BreadcrumbList\",\"@id\":\"https:\\\/\\\/interflora.dk\\\/blog\\\/juledekorationer\\\/#breadcrumb\",\"itemListElement\":[{\"@type\":\"ListItem\",\"position\":1,\"name\":\"Home\",\"item\":\"https:\\\/\\\/interflora.dk\\\/blog\\\/\"},{\"@type\":\"ListItem\",\"position\":2,\"name\":\"Inspiration til juledekorationer, advents- og julekranse\"}]},{\"@type\":\"WebSite\",\"@id\":\"https:\\\/\\\/interflora.dk\\\/blog\\\/#website\",\"url\":\"https:\\\/\\\/interflora.dk\\\/blog\\\/\",\"name\":\"Interflora\",\"description\":\"\",\"publisher\":{\"@id\":\"https:\\\/\\\/interflora.dk\\\/blog\\\/#organization\"},\"potentialAction\":[{\"@type\":\"SearchAction\",\"target\":{\"@type\":\"EntryPoint\",\"urlTemplate\":\"https:\\\/\\\/interflora.dk\\\/blog\\\/?s={search_term_string}\"},\"query-input\":{\"@type\":\"PropertyValueSpecification\",\"valueRequired\":true,\"valueName\":\"search_term_string\"}}],\"inLanguage\":\"da-DK\"},{\"@type\":\"Organization\",\"@id\":\"https:\\\/\\\/interflora.dk\\\/blog\\\/#organization\",\"name\":\"Interflora\",\"url\":\"https:\\\/\\\/interflora.dk\\\/blog\\\/\",\"logo\":{\"@type\":\"ImageObject\",\"inLanguage\":\"da-DK\",\"@id\":\"https:\\\/\\\/interflora.dk\\\/blog\\\/#\\\/schema\\\/logo\\\/image\\\/\",\"url\":\"https:\\\/\\\/interflora.dk\\\/blog\\\/wp-content\\\/uploads\\\/2025\\\/09\\\/220422_INTERFLORA_Logo_rgb_Half_Top_Circle_Main_Color.png\",\"contentUrl\":\"https:\\\/\\\/interflora.dk\\\/blog\\\/wp-content\\\/uploads\\\/2025\\\/09\\\/220422_INTERFLORA_Logo_rgb_Half_Top_Circle_Main_Color.png\",\"width\":1418,\"height\":710,\"caption\":\"Interflora\"},\"image\":{\"@id\":\"https:\\\/\\\/interflora.dk\\\/blog\\\/#\\\/schema\\\/logo\\\/image\\\/\"},\"sameAs\":[\"https:\\\/\\\/www.facebook.com\\\/InterfloraDanmark\",\"https:\\\/\\\/www.instagram.com\\\/interfloradk\",\"https:\\\/\\\/www.linkedin.com\\\/company\\\/interfloradanmark\",\"https:\\\/\\\/www.youtube.com\\\/user\\\/InterfloraTV\"]},{\"@type\":\"Person\",\"@id\":\"https:\\\/\\\/interflora.dk\\\/blog\\\/#\\\/schema\\\/person\\\/dbbd1ad45e05409c356dc639597669f2\",\"name\":\"admin\",\"image\":{\"@type\":\"ImageObject\",\"inLanguage\":\"da-DK\",\"@id\":\"https:\\\/\\\/interflora.dk\\\/blog\\\/wp-content\\\/litespeed\\\/avatar\\\/1fe3cced9e67df62d0a6f995d75823a5.jpg?ver=1777539892\",\"url\":\"https:\\\/\\\/interflora.dk\\\/blog\\\/wp-content\\\/litespeed\\\/avatar\\\/1fe3cced9e67df62d0a6f995d75823a5.jpg?ver=1777539892\",\"contentUrl\":\"https:\\\/\\\/interflora.dk\\\/blog\\\/wp-content\\\/litespeed\\\/avatar\\\/1fe3cced9e67df62d0a6f995d75823a5.jpg?ver=1777539892\",\"caption\":\"admin\"}}]}<\/script>\n<!-- \/ Yoast SEO plugin. -->","yoast_head_json":{"title":"F\u00e5 inspiration til jule- og adventskrans samt juledekorationer | Interflora","description":"F\u00f8lg disse r\u00e5d og lav en personlig og moderne julekrans, adventskrans eller juledekoration. F\u00e5 Inspiration til julen her.","robots":{"index":"index","follow":"follow","max-snippet":"max-snippet:-1","max-image-preview":"max-image-preview:large","max-video-preview":"max-video-preview:-1"},"canonical":"https:\/\/interflora.dk\/blog\/juledekorationer\/","og_locale":"da_DK","og_type":"article","og_title":"F\u00e5 inspiration til jule- og adventskrans samt juledekorationer | Interflora","og_description":"F\u00f8lg disse r\u00e5d og lav en personlig og moderne julekrans, adventskrans eller juledekoration. F\u00e5 Inspiration til julen her.","og_url":"https:\/\/interflora.dk\/blog\/juledekorationer\/","og_site_name":"Interflora","article_publisher":"https:\/\/www.facebook.com\/InterfloraDanmark","article_published_time":"2025-11-06T10:59:15+00:00","article_modified_time":"2025-11-28T15:11:05+00:00","og_image":[{"width":1707,"height":2560,"url":"https:\/\/interflora.dk\/blog\/wp-content\/uploads\/2025\/11\/annesophiebenoit-interflora-sw-42-scaled.jpg","type":"image\/jpeg"}],"author":"admin","twitter_card":"summary_large_image","twitter_misc":{"Skrevet af":"admin","Estimeret l\u00e6setid":"7 minutter"},"schema":{"@context":"https:\/\/schema.org","@graph":[{"@type":"Article","@id":"https:\/\/interflora.dk\/blog\/juledekorationer\/#article","isPartOf":{"@id":"https:\/\/interflora.dk\/blog\/juledekorationer\/"},"author":{"name":"admin","@id":"https:\/\/interflora.dk\/blog\/#\/schema\/person\/dbbd1ad45e05409c356dc639597669f2"},"headline":"Inspiration til juledekorationer, advents- og julekranse","datePublished":"2025-11-06T10:59:15+00:00","dateModified":"2025-11-28T15:11:05+00:00","mainEntityOfPage":{"@id":"https:\/\/interflora.dk\/blog\/juledekorationer\/"},"wordCount":1402,"commentCount":0,"publisher":{"@id":"https:\/\/interflora.dk\/blog\/#organization"},"image":{"@id":"https:\/\/interflora.dk\/blog\/juledekorationer\/#primaryimage"},"thumbnailUrl":"https:\/\/interflora.dk\/blog\/wp-content\/uploads\/2025\/11\/annesophiebenoit-interflora-sw-42-scaled.jpg","keywords":["Jul"],"articleSection":["Dekorationer","Inspiration","Interfloras guide til alle anledninger","Julens magi: Inspiration og ideer"],"inLanguage":"da-DK","potentialAction":[{"@type":"CommentAction","name":"Comment","target":["https:\/\/interflora.dk\/blog\/juledekorationer\/#respond"]}]},{"@type":"WebPage","@id":"https:\/\/interflora.dk\/blog\/juledekorationer\/","url":"https:\/\/interflora.dk\/blog\/juledekorationer\/","name":"F\u00e5 inspiration til jule- og adventskrans samt juledekorationer | Interflora","isPartOf":{"@id":"https:\/\/interflora.dk\/blog\/#website"},"primaryImageOfPage":{"@id":"https:\/\/interflora.dk\/blog\/juledekorationer\/#primaryimage"},"image":{"@id":"https:\/\/interflora.dk\/blog\/juledekorationer\/#primaryimage"},"thumbnailUrl":"https:\/\/interflora.dk\/blog\/wp-content\/uploads\/2025\/11\/annesophiebenoit-interflora-sw-42-scaled.jpg","datePublished":"2025-11-06T10:59:15+00:00","dateModified":"2025-11-28T15:11:05+00:00","description":"F\u00f8lg disse r\u00e5d og lav en personlig og moderne julekrans, adventskrans eller juledekoration. F\u00e5 Inspiration til julen her.","breadcrumb":{"@id":"https:\/\/interflora.dk\/blog\/juledekorationer\/#breadcrumb"},"inLanguage":"da-DK","potentialAction":[{"@type":"ReadAction","target":["https:\/\/interflora.dk\/blog\/juledekorationer\/"]}]},{"@type":"ImageObject","inLanguage":"da-DK","@id":"https:\/\/interflora.dk\/blog\/juledekorationer\/#primaryimage","url":"https:\/\/interflora.dk\/blog\/wp-content\/uploads\/2025\/11\/annesophiebenoit-interflora-sw-42-scaled.jpg","contentUrl":"https:\/\/interflora.dk\/blog\/wp-content\/uploads\/2025\/11\/annesophiebenoit-interflora-sw-42-scaled.jpg","width":1707,"height":2560},{"@type":"BreadcrumbList","@id":"https:\/\/interflora.dk\/blog\/juledekorationer\/#breadcrumb","itemListElement":[{"@type":"ListItem","position":1,"name":"Home","item":"https:\/\/interflora.dk\/blog\/"},{"@type":"ListItem","position":2,"name":"Inspiration til juledekorationer, advents- og julekranse"}]},{"@type":"WebSite","@id":"https:\/\/interflora.dk\/blog\/#website","url":"https:\/\/interflora.dk\/blog\/","name":"Interflora","description":"","publisher":{"@id":"https:\/\/interflora.dk\/blog\/#organization"},"potentialAction":[{"@type":"SearchAction","target":{"@type":"EntryPoint","urlTemplate":"https:\/\/interflora.dk\/blog\/?s={search_term_string}"},"query-input":{"@type":"PropertyValueSpecification","valueRequired":true,"valueName":"search_term_string"}}],"inLanguage":"da-DK"},{"@type":"Organization","@id":"https:\/\/interflora.dk\/blog\/#organization","name":"Interflora","url":"https:\/\/interflora.dk\/blog\/","logo":{"@type":"ImageObject","inLanguage":"da-DK","@id":"https:\/\/interflora.dk\/blog\/#\/schema\/logo\/image\/","url":"https:\/\/interflora.dk\/blog\/wp-content\/uploads\/2025\/09\/220422_INTERFLORA_Logo_rgb_Half_Top_Circle_Main_Color.png","contentUrl":"https:\/\/interflora.dk\/blog\/wp-content\/uploads\/2025\/09\/220422_INTERFLORA_Logo_rgb_Half_Top_Circle_Main_Color.png","width":1418,"height":710,"caption":"Interflora"},"image":{"@id":"https:\/\/interflora.dk\/blog\/#\/schema\/logo\/image\/"},"sameAs":["https:\/\/www.facebook.com\/InterfloraDanmark","https:\/\/www.instagram.com\/interfloradk","https:\/\/www.linkedin.com\/company\/interfloradanmark","https:\/\/www.youtube.com\/user\/InterfloraTV"]},{"@type":"Person","@id":"https:\/\/interflora.dk\/blog\/#\/schema\/person\/dbbd1ad45e05409c356dc639597669f2","name":"admin","image":{"@type":"ImageObject","inLanguage":"da-DK","@id":"https:\/\/interflora.dk\/blog\/wp-content\/litespeed\/avatar\/1fe3cced9e67df62d0a6f995d75823a5.jpg?ver=1777539892","url":"https:\/\/interflora.dk\/blog\/wp-content\/litespeed\/avatar\/1fe3cced9e67df62d0a6f995d75823a5.jpg?ver=1777539892","contentUrl":"https:\/\/interflora.dk\/blog\/wp-content\/litespeed\/avatar\/1fe3cced9e67df62d0a6f995d75823a5.jpg?ver=1777539892","caption":"admin"}}]}},"uagb_featured_image_src":{"full":["https:\/\/interflora.dk\/blog\/wp-content\/uploads\/2025\/11\/annesophiebenoit-interflora-sw-42-scaled.jpg",1707,2560,false],"thumbnail":["https:\/\/interflora.dk\/blog\/wp-content\/uploads\/2025\/11\/annesophiebenoit-interflora-sw-42-150x150.jpg",150,150,true],"medium":["https:\/\/interflora.dk\/blog\/wp-content\/uploads\/2025\/11\/annesophiebenoit-interflora-sw-42-200x300.jpg",200,300,true],"medium_large":["https:\/\/interflora.dk\/blog\/wp-content\/uploads\/2025\/11\/annesophiebenoit-interflora-sw-42-768x1152.jpg",768,1152,true],"large":["https:\/\/interflora.dk\/blog\/wp-content\/uploads\/2025\/11\/annesophiebenoit-interflora-sw-42-683x1024.jpg",683,1024,true],"1536x1536":["https:\/\/interflora.dk\/blog\/wp-content\/uploads\/2025\/11\/annesophiebenoit-interflora-sw-42-1024x1536.jpg",1024,1536,true],"2048x2048":["https:\/\/interflora.dk\/blog\/wp-content\/uploads\/2025\/11\/annesophiebenoit-interflora-sw-42-1365x2048.jpg",1365,2048,true]},"uagb_author_info":{"display_name":"admin","author_link":"https:\/\/interflora.dk\/blog\/author\/admin\/"},"uagb_comment_info":0,"uagb_excerpt":"Julen n\u00e6rmer sig med hastige skridt, og det er tid til at f\u00e5 pyntet op. En smuk julekrans p\u00e5 hovedd\u00f8ren [&hellip;]","_links":{"self":[{"href":"https:\/\/interflora.dk\/blog\/wp-json\/wp\/v2\/posts\/37611","targetHints":{"allow":["GET"]}}],"collection":[{"href":"https:\/\/interflora.dk\/blog\/wp-json\/wp\/v2\/posts"}],"about":[{"href":"https:\/\/interflora.dk\/blog\/wp-json\/wp\/v2\/types\/post"}],"author":[{"embeddable":true,"href":"https:\/\/interflora.dk\/blog\/wp-json\/wp\/v2\/users\/1"}],"replies":[{"embeddable":true,"href":"https:\/\/interflora.dk\/blog\/wp-json\/wp\/v2\/comments?post=37611"}],"version-history":[{"count":9,"href":"https:\/\/interflora.dk\/blog\/wp-json\/wp\/v2\/posts\/37611\/revisions"}],"predecessor-version":[{"id":59033,"href":"https:\/\/interflora.dk\/blog\/wp-json\/wp\/v2\/posts\/37611\/revisions\/59033"}],"wp:featuredmedia":[{"embeddable":true,"href":"https:\/\/interflora.dk\/blog\/wp-json\/wp\/v2\/media\/58620"}],"wp:attachment":[{"href":"https:\/\/interflora.dk\/blog\/wp-json\/wp\/v2\/media?parent=37611"}],"wp:term":[{"taxonomy":"category","embeddable":true,"href":"https:\/\/interflora.dk\/blog\/wp-json\/wp\/v2\/categories?post=37611"},{"taxonomy":"post_tag","embeddable":true,"href":"https:\/\/interflora.dk\/blog\/wp-json\/wp\/v2\/tags?post=37611"}],"curies":[{"name":"wp","href":"https:\/\/api.w.org\/{rel}","templated":true}]}}