{"id":37838,"date":"2023-11-22T15:17:09","date_gmt":"2023-11-22T14:17:09","guid":{"rendered":"https:\/\/interflora.dk\/blog\/?p=37838"},"modified":"2023-11-22T15:17:09","modified_gmt":"2023-11-22T14:17:09","slug":"hvad-skal-man-goere-med-en-orkide-der-falmer","status":"publish","type":"post","link":"https:\/\/interflora.dk\/blog\/hvad-skal-man-goere-med-en-orkide-der-falmer\/","title":{"rendered":"Hvad skal man g\u00f8re med en orkid\u00e9, der falmer?"},"content":{"rendered":"\n<p><strong>Det kan v\u00e6re sv\u00e6rt at tage sig af en orkid\u00e9, s\u00e5 den forbliver smuk, og det kan ske, at blomsterne visner. Mange har pr\u00f8vet at f\u00e5 en smuk orkid\u00e9 i gave og se, hvor hurtigt den visner. Men der er dog ikke nogen grund til at lade disse utrolige blomster g\u00e5 tabt! Faktisk kan du let genoplive en visnet orkid\u00e9 med f\u00e5 enkle og effektive tricks. Har din orkid\u00e9 set bedre dage? Der er noget, der kan g\u00f8res: Men det er vigtigt at handle tidligt nok, hvis du vil redde planten. Se al r\u00e5d til <\/strong><a href=\"\/blog\/orkide\/\" target=\"_blank\" rel=\"noreferrer noopener\"><strong>pleje af en orkid\u00e9<\/strong><\/a><strong> og dens genoplivning.<\/strong><\/p>\n\n\n\n<h2 class=\"wp-block-heading\"><strong>Visnet orkid\u00e9: Her er \u00e5rsagerne<\/strong><\/h2>\n\n\n\n<p><strong>Hvorfor visner min orkid\u00e9?<\/strong> N\u00e5r orkideer begynder at d\u00f8 hen, g\u00e5r vi nogle gange i t\u00e6nkeboks for at finde ud af, hvad der gik galt med disse smukke planter. Generelt er \u00e5rsagerne til, at orkid\u00e9er ikke trives, ganske f\u00e5 og kan hurtigt identificeres. <strong>Her er nogle af grundene til, at orkid\u00e9er falmer: <\/strong>&nbsp;<\/p>\n\n\n\n<p>\u25cf&nbsp;&nbsp;&nbsp;&nbsp; <strong>Blomsteringen er slut:&nbsp;<\/strong>&nbsp;<\/p>\n\n\n\n<p>Det er den mest enkle grund til, at orkideer visner! Blomsterne har n\u00e5et afslutningen p\u00e5 deres cyklus, og plantens blomster begynder derfor at falme. Det er derfor en <strong>helt naturlig \u00e5rsag<\/strong>: Du vil opleve, at orkid\u00e9blomster ofte visner hen mod efter\u00e5ret, n\u00e5r blomstringen er f\u00e6rdig.<\/p>\n\n\n\n<p>\u25cf&nbsp;&nbsp;&nbsp;&nbsp; <strong>For lidt eller for meget lys:<\/strong>&nbsp;<\/p>\n\n\n\n<p>Orkid\u00e9er <strong>vil gerne have lys i flere timer om dagen<\/strong>. Men de er nogle blomster, der helst heller ikke vil have for st\u00e6rkt solskin. N\u00e5r de f\u00e5r for meget eller for lidt lys, kan det alts\u00e5 v\u00e6re med til at nedbryde orkid\u00e9erne og disse tropiske planters sk\u00f8nhed.&nbsp;&nbsp;<\/p>\n\n\n\n<p>\u25cf&nbsp;&nbsp;&nbsp;&nbsp; <strong>Et problem med temperaturen:&nbsp;<\/strong>&nbsp;<\/p>\n\n\n\n<p>Her er orkid\u00e9erne meget specifikke i forhold deres behov: hverken for koldt eller for varmt. De fleste orkideer har brug for <strong>varmt milj\u00f8 <\/strong>(over 7 til 10\u00b0c) og <strong>kan ikke t\u00e5le frost, samtidig kan de<\/strong>ikke lide temperaturer over 30\u00b0C. Det kan derfor v\u00e6re et problem, ligegyldigt om der er i krukker eller i haven.&nbsp;<\/p>\n\n\n\n<p>\u25cf&nbsp;&nbsp;&nbsp;&nbsp; <strong>Et problem med vandingen:&nbsp;<\/strong>&nbsp;<\/p>\n\n\n\n<p>Er jorden til dine orkid\u00e9er \u2013 i potten eller i haven \u2013 <strong>udt\u00f8rret<\/strong> eller m\u00e5ske for <strong>fugtig med al for meget vand<\/strong>? Selv h\u00e5rdf\u00f8re orkideer som Phalaenopsis <strong>kan ikke lide mere ekstreme forhold som fx t\u00f8rke eller overvanding<\/strong>. I sidstn\u00e6vnte tilf\u00e6lde kan blomsterne visne, hvis rodsystemet r\u00e5dner pga. stillest\u00e5ende vand.&nbsp;<\/p>\n\n\n\n<p>\u25cf&nbsp;&nbsp;&nbsp;&nbsp; <strong>En pH-ubalance:<\/strong>&nbsp;<\/p>\n\n\n\n<p>Vand fra vandhanen er rigt p\u00e5 kalksten, men der er ikke godt for dine orkideer. Valget af en den forkerte g\u00f8dning kan ogs\u00e5 bidrage til, at pH-balancen for planterne bringes i ubalance.&nbsp;&nbsp;<\/p>\n\n\n\n<h2 class=\"wp-block-heading\"><strong>Visnede orkid\u00e9er: Hvad skal du g\u00f8re?<\/strong>&nbsp;<\/h2>\n\n\n\n<p>Selv hvis du har taget dig rigtig godt af din orkid\u00e9 (eller fordi du glemte den i et hj\u00f8rne), har du opdaget, at din orkid\u00e9 nu ikke ser ud til, at have det alt for godt. Du er nu begyndt at blive ret bekymret for din orkid\u00e9 og vil gerne g\u00f8re noget for at afhj\u00e6lpe situationen. <strong>Men hvad kan du g\u00f8re?<\/strong><\/p>\n\n\n\n<h3 class=\"wp-block-heading\"><strong>Besk\u00e6ring af den visne orkide<\/strong>&nbsp;<\/h3>\n\n\n\n<p>F\u00f8rst og fremmest skal du <strong>fjerne de beskadigede blomster og blade<\/strong>. N\u00e5r vi regelm\u00e6ssigt husker at fjerne de mest blomster og blade, der har det d\u00e5rligt, lader vi planten bedre balancere sig selv, og det ender ogs\u00e5 med at se p\u00e6nere ud. Men det vigtigste er, at du besk\u00e6rer stilken. N\u00e5r f\u00f8rst blomsterne er fjernet, skal stilken besk\u00e6res i niveau med den tredje knop. Det er <strong>bedst, at du g\u00f8r det i slutningen af blomstringen<\/strong>.<\/p>\n\n\n\n<div class=\"wp-block-buttons is-content-justification-center is-layout-flex wp-container-core-buttons-is-layout-a89b3969 wp-block-buttons-is-layout-flex\">\n<div class=\"wp-block-button\"><a class=\"wp-block-button__link wp-element-button\" href=\"https:\/\/interflora.dk\/blog\/bladene-pa-min-orkide-bliver-gule\/\" target=\"_blank\" rel=\"noreferrer noopener\">Bladene p\u00e5 min orkid\u00e9 bliver gule: Hvad skal jeg g\u00f8re?<\/a><\/div>\n<\/div>\n\n\n\n<h3 class=\"wp-block-heading\"><strong>Ompotning<\/strong>&nbsp;<\/h3>\n\n\n\n<div class=\"wp-block-media-text alignwide is-stacked-on-mobile is-image-fill\" style=\"grid-template-columns:40% auto\"><figure class=\"wp-block-media-text__media\" style=\"background-image:url(https:\/\/interflora.dk\/blog\/wp-content\/uploads\/visnet-orkide-4-1024x698.jpg);background-position:50% 50%\"><img loading=\"lazy\" decoding=\"async\" width=\"1024\" height=\"698\" src=\"https:\/\/interflora.dk\/blog\/wp-content\/uploads\/visnet-orkide-4-1024x698.jpg\" alt=\"Visnet orkid\u00e9\" class=\"wp-image-37835 size-full\"\/><\/figure><div class=\"wp-block-media-text__content\">\n<p>En anden l\u00f8sning kan v\u00e6re <strong>ompotning af planten<\/strong>. <strong>Ompotning<\/strong> er en n\u00f8dvendigt, n\u00e5r jorden i potten virker udt\u00f8mt for n\u00e6ringsstoffer, eller der er for lidt plads. Du b\u00f8r ompotte <strong>hvert andet til tredje \u00e5r<\/strong>, og det er egentlig ikke s\u00e5 sv\u00e6rt igen:&nbsp;<\/p>\n\n\n\n<ul class=\"wp-block-list\">\n<li>Fugt plantens r\u00f8dder i vand ved at bade dem&nbsp;<\/li>\n\n\n\n<li>Skift derefter pottens jord&nbsp;<\/li>\n\n\n\n<li>Afslutningsvis skal planten ned i jorden, hvor dens r\u00f8dder udvikler sig<\/li>\n<\/ul>\n\n\n\n<p>Du kan selvf\u00f8lgelig <strong>tilf\u00f8je specialg\u00f8dning eller bl\u00f8dg\u00f8re plantens r\u00f8dder<\/strong> i en blanding af vand og g\u00f8dning. Det kan give mere styrke til dens blomster, blade og mere.<\/p>\n<\/div><\/div>\n\n\n\n<div style=\"height:20px\" aria-hidden=\"true\" class=\"wp-block-spacer\"><\/div>\n\n\n\n<h3 class=\"wp-block-heading\"><strong>\u00c6ndringer i milj\u00f8et (lys, luftfugtighed osv.)<\/strong><\/h3>\n\n\n\n<p>Hvis du gerne vil sikre dig, at din plante klare sig bedre, kan du ogs\u00e5 \u00e6ndre dens milj\u00f8:&nbsp;<\/p>\n\n\n\n<ul class=\"wp-block-list\">\n<li>S\u00e6t din orkid\u00e9 p\u00e5 vindueskarmen, s\u00e5 <strong>den f\u00e5r morgenlyset<\/strong>.&nbsp;&nbsp;<\/li>\n\n\n\n<li>S\u00f8rg for, at <strong>vanding sker regelm\u00e6ssigt<\/strong>: Det er n\u00f8dvendigt at vande en gang om ugen i sommerperioden, to gange om m\u00e5neden i for\u00e5rsperioden. Det er bedre at bade dens rodenet, end at vande dens hoved, stilk eller blade. &nbsp;<\/li>\n\n\n\n<li>Udv\u00e6lg og giv den rette g\u00f8dning: <strong>g\u00f8dning med et h\u00f8jt niveau af nitrogen fremmer stilkens v\u00e6kst, <\/strong>mens <strong>blomsterne helt vil have g\u00f8dning rig p\u00e5 kalium<\/strong>.&nbsp;&nbsp;<\/li>\n\n\n\n<li>Tag stiklinger fra din orkid\u00e9, fx din phalaenopsis-orkid\u00e9, s\u00e5 du kan plante mere end \u00e9n orkid\u00e9, inden eller hvis den visner.&nbsp;&nbsp;<\/li>\n<\/ul>\n\n\n\n<p>Og hvad med dig? Hvordan tager du dig af dine orkid\u00e9er, n\u00e5r de har brug for pleje, eller hvis de er ved at visne?<\/p>\n\n\n\n<div class=\"wp-block-buttons is-content-justification-center is-layout-flex wp-container-core-buttons-is-layout-e511ce0b wp-block-buttons-is-layout-flex\" style=\"margin-top:var(--wp--preset--spacing--30);margin-bottom:var(--wp--preset--spacing--30)\">\n<div class=\"wp-block-button\"><a class=\"wp-block-button__link wp-element-button\" href=\"https:\/\/interflora.dk\/produkter\/orkideer\" target=\"_blank\" rel=\"noreferrer noopener\">Oplev vores orkid\u00e9er<\/a><\/div>\n<\/div>\n","protected":false},"excerpt":{"rendered":"<p>Det kan v\u00e6re sv\u00e6rt at tage sig af en orkid\u00e9, s\u00e5 den forbliver smuk, og det kan ske, at blomsterne [&hellip;]<\/p>\n","protected":false},"author":1,"featured_media":37834,"comment_status":"open","ping_status":"open","sticky":false,"template":"","format":"standard","meta":{"_uag_custom_page_level_css":"","site-sidebar-layout":"default","site-content-layout":"","ast-site-content-layout":"default","site-content-style":"default","site-sidebar-style":"default","ast-global-header-display":"","ast-banner-title-visibility":"","ast-main-header-display":"","ast-hfb-above-header-display":"","ast-hfb-below-header-display":"","ast-hfb-mobile-header-display":"","site-post-title":"","ast-breadcrumbs-content":"","ast-featured-img":"","footer-sml-layout":"","ast-disable-related-posts":"","theme-transparent-header-meta":"","adv-header-id-meta":"","stick-header-meta":"","header-above-stick-meta":"","header-main-stick-meta":"","header-below-stick-meta":"","astra-migrate-meta-layouts":"set","ast-page-background-enabled":"default","ast-page-background-meta":{"desktop":{"background-color":"var(--ast-global-color-5)","background-image":"","background-repeat":"repeat","background-position":"center center","background-size":"auto","background-attachment":"scroll","background-type":"","background-media":"","overlay-type":"","overlay-color":"","overlay-opacity":"","overlay-gradient":""},"tablet":{"background-color":"","background-image":"","background-repeat":"repeat","background-position":"center center","background-size":"auto","background-attachment":"scroll","background-type":"","background-media":"","overlay-type":"","overlay-color":"","overlay-opacity":"","overlay-gradient":""},"mobile":{"background-color":"","background-image":"","background-repeat":"repeat","background-position":"center center","background-size":"auto","background-attachment":"scroll","background-type":"","background-media":"","overlay-type":"","overlay-color":"","overlay-opacity":"","overlay-gradient":""}},"ast-content-background-meta":{"desktop":{"background-color":"var(--ast-global-color-4)","background-image":"","background-repeat":"repeat","background-position":"center center","background-size":"auto","background-attachment":"scroll","background-type":"","background-media":"","overlay-type":"","overlay-color":"","overlay-opacity":"","overlay-gradient":""},"tablet":{"background-color":"var(--ast-global-color-4)","background-image":"","background-repeat":"repeat","background-position":"center center","background-size":"auto","background-attachment":"scroll","background-type":"","background-media":"","overlay-type":"","overlay-color":"","overlay-opacity":"","overlay-gradient":""},"mobile":{"background-color":"var(--ast-global-color-4)","background-image":"","background-repeat":"repeat","background-position":"center center","background-size":"auto","background-attachment":"scroll","background-type":"","background-media":"","overlay-type":"","overlay-color":"","overlay-opacity":"","overlay-gradient":""}},"footnotes":""},"categories":[215,221,165,234],"tags":[164],"class_list":["post-37838","post","type-post","status-publish","format-standard","has-post-thumbnail","hentry","category-blomstrende-planter","category-havearbejde","category-orkide","category-planter","tag-orkide"],"yoast_head":"<!-- This site is optimized with the Yoast SEO plugin v27.4 - https:\/\/yoast.com\/product\/yoast-seo-wordpress\/ -->\n<title>Visnet orkid\u00e9: hvad skal man g\u00f8re med en orkid\u00e9, der falmer? | Interflora<\/title>\n<meta name=\"description\" content=\"Din orkid\u00e9 er ved at visne, og du forst\u00e5r ikke grunden? F\u00e5 vores r\u00e5d til, hvordan du tager dig af en visnet orkid\u00e9.\" \/>\n<meta name=\"robots\" content=\"index, follow, max-snippet:-1, max-image-preview:large, max-video-preview:-1\" \/>\n<link rel=\"canonical\" href=\"https:\/\/interflora.dk\/blog\/hvad-skal-man-goere-med-en-orkide-der-falmer\/\" \/>\n<meta property=\"og:locale\" content=\"da_DK\" \/>\n<meta property=\"og:type\" content=\"article\" \/>\n<meta property=\"og:title\" content=\"Visnet orkid\u00e9: hvad skal man g\u00f8re med en orkid\u00e9, der falmer? | Interflora\" \/>\n<meta property=\"og:description\" content=\"Din orkid\u00e9 er ved at visne, og du forst\u00e5r ikke grunden? F\u00e5 vores r\u00e5d til, hvordan du tager dig af en visnet orkid\u00e9.\" \/>\n<meta property=\"og:url\" content=\"https:\/\/interflora.dk\/blog\/hvad-skal-man-goere-med-en-orkide-der-falmer\/\" \/>\n<meta property=\"og:site_name\" content=\"Interflora\" \/>\n<meta property=\"article:publisher\" content=\"https:\/\/www.facebook.com\/InterfloraDanmark\" \/>\n<meta property=\"article:published_time\" content=\"2023-11-22T14:17:09+00:00\" \/>\n<meta property=\"og:image\" content=\"https:\/\/interflora.dk\/blog\/wp-content\/uploads\/2023\/11\/visnet-orkide-3.jpg\" \/>\n\t<meta property=\"og:image:width\" content=\"1500\" \/>\n\t<meta property=\"og:image:height\" content=\"1000\" \/>\n\t<meta property=\"og:image:type\" content=\"image\/jpeg\" \/>\n<meta name=\"author\" content=\"admin\" \/>\n<meta name=\"twitter:card\" content=\"summary_large_image\" \/>\n<meta name=\"twitter:label1\" content=\"Skrevet af\" \/>\n\t<meta name=\"twitter:data1\" content=\"admin\" \/>\n\t<meta name=\"twitter:label2\" content=\"Estimeret l\u00e6setid\" \/>\n\t<meta name=\"twitter:data2\" content=\"4 minutter\" \/>\n<script type=\"application\/ld+json\" class=\"yoast-schema-graph\">{\"@context\":\"https:\\\/\\\/schema.org\",\"@graph\":[{\"@type\":\"Article\",\"@id\":\"https:\\\/\\\/interflora.dk\\\/blog\\\/hvad-skal-man-goere-med-en-orkide-der-falmer\\\/#article\",\"isPartOf\":{\"@id\":\"https:\\\/\\\/interflora.dk\\\/blog\\\/hvad-skal-man-goere-med-en-orkide-der-falmer\\\/\"},\"author\":{\"name\":\"admin\",\"@id\":\"https:\\\/\\\/interflora.dk\\\/blog\\\/#\\\/schema\\\/person\\\/dbbd1ad45e05409c356dc639597669f2\"},\"headline\":\"Hvad skal man g\u00f8re med en orkid\u00e9, der falmer?\",\"datePublished\":\"2023-11-22T14:17:09+00:00\",\"mainEntityOfPage\":{\"@id\":\"https:\\\/\\\/interflora.dk\\\/blog\\\/hvad-skal-man-goere-med-en-orkide-der-falmer\\\/\"},\"wordCount\":945,\"commentCount\":0,\"publisher\":{\"@id\":\"https:\\\/\\\/interflora.dk\\\/blog\\\/#organization\"},\"image\":{\"@id\":\"https:\\\/\\\/interflora.dk\\\/blog\\\/hvad-skal-man-goere-med-en-orkide-der-falmer\\\/#primaryimage\"},\"thumbnailUrl\":\"https:\\\/\\\/interflora.dk\\\/blog\\\/wp-content\\\/uploads\\\/2023\\\/11\\\/visnet-orkide-3.jpg\",\"keywords\":[\"Orkid\u00e9\"],\"articleSection\":[\"Blomstrende planter: Vores guides\",\"Gl\u00e6den ved havearbejde: R\u00e5d og inspiration\",\"Orkid\u00e9er: Pleje og gode tips\",\"Planter: Pleje og inspiration\"],\"inLanguage\":\"da-DK\",\"potentialAction\":[{\"@type\":\"CommentAction\",\"name\":\"Comment\",\"target\":[\"https:\\\/\\\/interflora.dk\\\/blog\\\/hvad-skal-man-goere-med-en-orkide-der-falmer\\\/#respond\"]}]},{\"@type\":\"WebPage\",\"@id\":\"https:\\\/\\\/interflora.dk\\\/blog\\\/hvad-skal-man-goere-med-en-orkide-der-falmer\\\/\",\"url\":\"https:\\\/\\\/interflora.dk\\\/blog\\\/hvad-skal-man-goere-med-en-orkide-der-falmer\\\/\",\"name\":\"Visnet orkid\u00e9: hvad skal man g\u00f8re med en orkid\u00e9, der falmer? | Interflora\",\"isPartOf\":{\"@id\":\"https:\\\/\\\/interflora.dk\\\/blog\\\/#website\"},\"primaryImageOfPage\":{\"@id\":\"https:\\\/\\\/interflora.dk\\\/blog\\\/hvad-skal-man-goere-med-en-orkide-der-falmer\\\/#primaryimage\"},\"image\":{\"@id\":\"https:\\\/\\\/interflora.dk\\\/blog\\\/hvad-skal-man-goere-med-en-orkide-der-falmer\\\/#primaryimage\"},\"thumbnailUrl\":\"https:\\\/\\\/interflora.dk\\\/blog\\\/wp-content\\\/uploads\\\/2023\\\/11\\\/visnet-orkide-3.jpg\",\"datePublished\":\"2023-11-22T14:17:09+00:00\",\"description\":\"Din orkid\u00e9 er ved at visne, og du forst\u00e5r ikke grunden? F\u00e5 vores r\u00e5d til, hvordan du tager dig af en visnet orkid\u00e9.\",\"breadcrumb\":{\"@id\":\"https:\\\/\\\/interflora.dk\\\/blog\\\/hvad-skal-man-goere-med-en-orkide-der-falmer\\\/#breadcrumb\"},\"inLanguage\":\"da-DK\",\"potentialAction\":[{\"@type\":\"ReadAction\",\"target\":[\"https:\\\/\\\/interflora.dk\\\/blog\\\/hvad-skal-man-goere-med-en-orkide-der-falmer\\\/\"]}]},{\"@type\":\"ImageObject\",\"inLanguage\":\"da-DK\",\"@id\":\"https:\\\/\\\/interflora.dk\\\/blog\\\/hvad-skal-man-goere-med-en-orkide-der-falmer\\\/#primaryimage\",\"url\":\"https:\\\/\\\/interflora.dk\\\/blog\\\/wp-content\\\/uploads\\\/2023\\\/11\\\/visnet-orkide-3.jpg\",\"contentUrl\":\"https:\\\/\\\/interflora.dk\\\/blog\\\/wp-content\\\/uploads\\\/2023\\\/11\\\/visnet-orkide-3.jpg\",\"width\":1500,\"height\":1000,\"caption\":\"Visnet orkid\u00e9\"},{\"@type\":\"BreadcrumbList\",\"@id\":\"https:\\\/\\\/interflora.dk\\\/blog\\\/hvad-skal-man-goere-med-en-orkide-der-falmer\\\/#breadcrumb\",\"itemListElement\":[{\"@type\":\"ListItem\",\"position\":1,\"name\":\"Home\",\"item\":\"https:\\\/\\\/interflora.dk\\\/blog\\\/\"},{\"@type\":\"ListItem\",\"position\":2,\"name\":\"Hvad skal man g\u00f8re med en orkid\u00e9, der falmer?\"}]},{\"@type\":\"WebSite\",\"@id\":\"https:\\\/\\\/interflora.dk\\\/blog\\\/#website\",\"url\":\"https:\\\/\\\/interflora.dk\\\/blog\\\/\",\"name\":\"Interflora\",\"description\":\"\",\"publisher\":{\"@id\":\"https:\\\/\\\/interflora.dk\\\/blog\\\/#organization\"},\"potentialAction\":[{\"@type\":\"SearchAction\",\"target\":{\"@type\":\"EntryPoint\",\"urlTemplate\":\"https:\\\/\\\/interflora.dk\\\/blog\\\/?s={search_term_string}\"},\"query-input\":{\"@type\":\"PropertyValueSpecification\",\"valueRequired\":true,\"valueName\":\"search_term_string\"}}],\"inLanguage\":\"da-DK\"},{\"@type\":\"Organization\",\"@id\":\"https:\\\/\\\/interflora.dk\\\/blog\\\/#organization\",\"name\":\"Interflora\",\"url\":\"https:\\\/\\\/interflora.dk\\\/blog\\\/\",\"logo\":{\"@type\":\"ImageObject\",\"inLanguage\":\"da-DK\",\"@id\":\"https:\\\/\\\/interflora.dk\\\/blog\\\/#\\\/schema\\\/logo\\\/image\\\/\",\"url\":\"https:\\\/\\\/interflora.dk\\\/blog\\\/wp-content\\\/uploads\\\/2025\\\/09\\\/220422_INTERFLORA_Logo_rgb_Half_Top_Circle_Main_Color.png\",\"contentUrl\":\"https:\\\/\\\/interflora.dk\\\/blog\\\/wp-content\\\/uploads\\\/2025\\\/09\\\/220422_INTERFLORA_Logo_rgb_Half_Top_Circle_Main_Color.png\",\"width\":1418,\"height\":710,\"caption\":\"Interflora\"},\"image\":{\"@id\":\"https:\\\/\\\/interflora.dk\\\/blog\\\/#\\\/schema\\\/logo\\\/image\\\/\"},\"sameAs\":[\"https:\\\/\\\/www.facebook.com\\\/InterfloraDanmark\",\"https:\\\/\\\/www.instagram.com\\\/interfloradk\",\"https:\\\/\\\/www.linkedin.com\\\/company\\\/interfloradanmark\",\"https:\\\/\\\/www.youtube.com\\\/user\\\/InterfloraTV\"]},{\"@type\":\"Person\",\"@id\":\"https:\\\/\\\/interflora.dk\\\/blog\\\/#\\\/schema\\\/person\\\/dbbd1ad45e05409c356dc639597669f2\",\"name\":\"admin\",\"image\":{\"@type\":\"ImageObject\",\"inLanguage\":\"da-DK\",\"@id\":\"https:\\\/\\\/interflora.dk\\\/blog\\\/wp-content\\\/litespeed\\\/avatar\\\/1fe3cced9e67df62d0a6f995d75823a5.jpg?ver=1776935036\",\"url\":\"https:\\\/\\\/interflora.dk\\\/blog\\\/wp-content\\\/litespeed\\\/avatar\\\/1fe3cced9e67df62d0a6f995d75823a5.jpg?ver=1776935036\",\"contentUrl\":\"https:\\\/\\\/interflora.dk\\\/blog\\\/wp-content\\\/litespeed\\\/avatar\\\/1fe3cced9e67df62d0a6f995d75823a5.jpg?ver=1776935036\",\"caption\":\"admin\"}}]}<\/script>\n<!-- \/ Yoast SEO plugin. -->","yoast_head_json":{"title":"Visnet orkid\u00e9: hvad skal man g\u00f8re med en orkid\u00e9, der falmer? | Interflora","description":"Din orkid\u00e9 er ved at visne, og du forst\u00e5r ikke grunden? F\u00e5 vores r\u00e5d til, hvordan du tager dig af en visnet orkid\u00e9.","robots":{"index":"index","follow":"follow","max-snippet":"max-snippet:-1","max-image-preview":"max-image-preview:large","max-video-preview":"max-video-preview:-1"},"canonical":"https:\/\/interflora.dk\/blog\/hvad-skal-man-goere-med-en-orkide-der-falmer\/","og_locale":"da_DK","og_type":"article","og_title":"Visnet orkid\u00e9: hvad skal man g\u00f8re med en orkid\u00e9, der falmer? | Interflora","og_description":"Din orkid\u00e9 er ved at visne, og du forst\u00e5r ikke grunden? F\u00e5 vores r\u00e5d til, hvordan du tager dig af en visnet orkid\u00e9.","og_url":"https:\/\/interflora.dk\/blog\/hvad-skal-man-goere-med-en-orkide-der-falmer\/","og_site_name":"Interflora","article_publisher":"https:\/\/www.facebook.com\/InterfloraDanmark","article_published_time":"2023-11-22T14:17:09+00:00","og_image":[{"width":1500,"height":1000,"url":"https:\/\/interflora.dk\/blog\/wp-content\/uploads\/2023\/11\/visnet-orkide-3.jpg","type":"image\/jpeg"}],"author":"admin","twitter_card":"summary_large_image","twitter_misc":{"Skrevet af":"admin","Estimeret l\u00e6setid":"4 minutter"},"schema":{"@context":"https:\/\/schema.org","@graph":[{"@type":"Article","@id":"https:\/\/interflora.dk\/blog\/hvad-skal-man-goere-med-en-orkide-der-falmer\/#article","isPartOf":{"@id":"https:\/\/interflora.dk\/blog\/hvad-skal-man-goere-med-en-orkide-der-falmer\/"},"author":{"name":"admin","@id":"https:\/\/interflora.dk\/blog\/#\/schema\/person\/dbbd1ad45e05409c356dc639597669f2"},"headline":"Hvad skal man g\u00f8re med en orkid\u00e9, der falmer?","datePublished":"2023-11-22T14:17:09+00:00","mainEntityOfPage":{"@id":"https:\/\/interflora.dk\/blog\/hvad-skal-man-goere-med-en-orkide-der-falmer\/"},"wordCount":945,"commentCount":0,"publisher":{"@id":"https:\/\/interflora.dk\/blog\/#organization"},"image":{"@id":"https:\/\/interflora.dk\/blog\/hvad-skal-man-goere-med-en-orkide-der-falmer\/#primaryimage"},"thumbnailUrl":"https:\/\/interflora.dk\/blog\/wp-content\/uploads\/2023\/11\/visnet-orkide-3.jpg","keywords":["Orkid\u00e9"],"articleSection":["Blomstrende planter: Vores guides","Gl\u00e6den ved havearbejde: R\u00e5d og inspiration","Orkid\u00e9er: Pleje og gode tips","Planter: Pleje og inspiration"],"inLanguage":"da-DK","potentialAction":[{"@type":"CommentAction","name":"Comment","target":["https:\/\/interflora.dk\/blog\/hvad-skal-man-goere-med-en-orkide-der-falmer\/#respond"]}]},{"@type":"WebPage","@id":"https:\/\/interflora.dk\/blog\/hvad-skal-man-goere-med-en-orkide-der-falmer\/","url":"https:\/\/interflora.dk\/blog\/hvad-skal-man-goere-med-en-orkide-der-falmer\/","name":"Visnet orkid\u00e9: hvad skal man g\u00f8re med en orkid\u00e9, der falmer? | Interflora","isPartOf":{"@id":"https:\/\/interflora.dk\/blog\/#website"},"primaryImageOfPage":{"@id":"https:\/\/interflora.dk\/blog\/hvad-skal-man-goere-med-en-orkide-der-falmer\/#primaryimage"},"image":{"@id":"https:\/\/interflora.dk\/blog\/hvad-skal-man-goere-med-en-orkide-der-falmer\/#primaryimage"},"thumbnailUrl":"https:\/\/interflora.dk\/blog\/wp-content\/uploads\/2023\/11\/visnet-orkide-3.jpg","datePublished":"2023-11-22T14:17:09+00:00","description":"Din orkid\u00e9 er ved at visne, og du forst\u00e5r ikke grunden? F\u00e5 vores r\u00e5d til, hvordan du tager dig af en visnet orkid\u00e9.","breadcrumb":{"@id":"https:\/\/interflora.dk\/blog\/hvad-skal-man-goere-med-en-orkide-der-falmer\/#breadcrumb"},"inLanguage":"da-DK","potentialAction":[{"@type":"ReadAction","target":["https:\/\/interflora.dk\/blog\/hvad-skal-man-goere-med-en-orkide-der-falmer\/"]}]},{"@type":"ImageObject","inLanguage":"da-DK","@id":"https:\/\/interflora.dk\/blog\/hvad-skal-man-goere-med-en-orkide-der-falmer\/#primaryimage","url":"https:\/\/interflora.dk\/blog\/wp-content\/uploads\/2023\/11\/visnet-orkide-3.jpg","contentUrl":"https:\/\/interflora.dk\/blog\/wp-content\/uploads\/2023\/11\/visnet-orkide-3.jpg","width":1500,"height":1000,"caption":"Visnet orkid\u00e9"},{"@type":"BreadcrumbList","@id":"https:\/\/interflora.dk\/blog\/hvad-skal-man-goere-med-en-orkide-der-falmer\/#breadcrumb","itemListElement":[{"@type":"ListItem","position":1,"name":"Home","item":"https:\/\/interflora.dk\/blog\/"},{"@type":"ListItem","position":2,"name":"Hvad skal man g\u00f8re med en orkid\u00e9, der falmer?"}]},{"@type":"WebSite","@id":"https:\/\/interflora.dk\/blog\/#website","url":"https:\/\/interflora.dk\/blog\/","name":"Interflora","description":"","publisher":{"@id":"https:\/\/interflora.dk\/blog\/#organization"},"potentialAction":[{"@type":"SearchAction","target":{"@type":"EntryPoint","urlTemplate":"https:\/\/interflora.dk\/blog\/?s={search_term_string}"},"query-input":{"@type":"PropertyValueSpecification","valueRequired":true,"valueName":"search_term_string"}}],"inLanguage":"da-DK"},{"@type":"Organization","@id":"https:\/\/interflora.dk\/blog\/#organization","name":"Interflora","url":"https:\/\/interflora.dk\/blog\/","logo":{"@type":"ImageObject","inLanguage":"da-DK","@id":"https:\/\/interflora.dk\/blog\/#\/schema\/logo\/image\/","url":"https:\/\/interflora.dk\/blog\/wp-content\/uploads\/2025\/09\/220422_INTERFLORA_Logo_rgb_Half_Top_Circle_Main_Color.png","contentUrl":"https:\/\/interflora.dk\/blog\/wp-content\/uploads\/2025\/09\/220422_INTERFLORA_Logo_rgb_Half_Top_Circle_Main_Color.png","width":1418,"height":710,"caption":"Interflora"},"image":{"@id":"https:\/\/interflora.dk\/blog\/#\/schema\/logo\/image\/"},"sameAs":["https:\/\/www.facebook.com\/InterfloraDanmark","https:\/\/www.instagram.com\/interfloradk","https:\/\/www.linkedin.com\/company\/interfloradanmark","https:\/\/www.youtube.com\/user\/InterfloraTV"]},{"@type":"Person","@id":"https:\/\/interflora.dk\/blog\/#\/schema\/person\/dbbd1ad45e05409c356dc639597669f2","name":"admin","image":{"@type":"ImageObject","inLanguage":"da-DK","@id":"https:\/\/interflora.dk\/blog\/wp-content\/litespeed\/avatar\/1fe3cced9e67df62d0a6f995d75823a5.jpg?ver=1776935036","url":"https:\/\/interflora.dk\/blog\/wp-content\/litespeed\/avatar\/1fe3cced9e67df62d0a6f995d75823a5.jpg?ver=1776935036","contentUrl":"https:\/\/interflora.dk\/blog\/wp-content\/litespeed\/avatar\/1fe3cced9e67df62d0a6f995d75823a5.jpg?ver=1776935036","caption":"admin"}}]}},"uagb_featured_image_src":{"full":["https:\/\/interflora.dk\/blog\/wp-content\/uploads\/2023\/11\/visnet-orkide-3.jpg",1500,1000,false],"thumbnail":["https:\/\/interflora.dk\/blog\/wp-content\/uploads\/2023\/11\/visnet-orkide-3-150x150.jpg",150,150,true],"medium":["https:\/\/interflora.dk\/blog\/wp-content\/uploads\/2023\/11\/visnet-orkide-3-300x200.jpg",300,200,true],"medium_large":["https:\/\/interflora.dk\/blog\/wp-content\/uploads\/2023\/11\/visnet-orkide-3-768x512.jpg",768,512,true],"large":["https:\/\/interflora.dk\/blog\/wp-content\/uploads\/2023\/11\/visnet-orkide-3-1024x683.jpg",1024,683,true],"1536x1536":["https:\/\/interflora.dk\/blog\/wp-content\/uploads\/2023\/11\/visnet-orkide-3.jpg",1500,1000,false],"2048x2048":["https:\/\/interflora.dk\/blog\/wp-content\/uploads\/2023\/11\/visnet-orkide-3.jpg",1500,1000,false]},"uagb_author_info":{"display_name":"admin","author_link":"https:\/\/interflora.dk\/blog\/author\/admin\/"},"uagb_comment_info":0,"uagb_excerpt":"Det kan v\u00e6re sv\u00e6rt at tage sig af en orkid\u00e9, s\u00e5 den forbliver smuk, og det kan ske, at blomsterne [&hellip;]","_links":{"self":[{"href":"https:\/\/interflora.dk\/blog\/wp-json\/wp\/v2\/posts\/37838","targetHints":{"allow":["GET"]}}],"collection":[{"href":"https:\/\/interflora.dk\/blog\/wp-json\/wp\/v2\/posts"}],"about":[{"href":"https:\/\/interflora.dk\/blog\/wp-json\/wp\/v2\/types\/post"}],"author":[{"embeddable":true,"href":"https:\/\/interflora.dk\/blog\/wp-json\/wp\/v2\/users\/1"}],"replies":[{"embeddable":true,"href":"https:\/\/interflora.dk\/blog\/wp-json\/wp\/v2\/comments?post=37838"}],"version-history":[{"count":0,"href":"https:\/\/interflora.dk\/blog\/wp-json\/wp\/v2\/posts\/37838\/revisions"}],"wp:featuredmedia":[{"embeddable":true,"href":"https:\/\/interflora.dk\/blog\/wp-json\/wp\/v2\/media\/37834"}],"wp:attachment":[{"href":"https:\/\/interflora.dk\/blog\/wp-json\/wp\/v2\/media?parent=37838"}],"wp:term":[{"taxonomy":"category","embeddable":true,"href":"https:\/\/interflora.dk\/blog\/wp-json\/wp\/v2\/categories?post=37838"},{"taxonomy":"post_tag","embeddable":true,"href":"https:\/\/interflora.dk\/blog\/wp-json\/wp\/v2\/tags?post=37838"}],"curies":[{"name":"wp","href":"https:\/\/api.w.org\/{rel}","templated":true}]}}