{"id":38412,"date":"2024-06-26T10:28:08","date_gmt":"2024-06-26T08:28:08","guid":{"rendered":"https:\/\/interflora.dk\/blog\/?p=38412"},"modified":"2024-06-26T10:28:08","modified_gmt":"2024-06-26T08:28:08","slug":"bryllupsdage","status":"publish","type":"post","link":"https:\/\/interflora.dk\/blog\/bryllupsdage\/","title":{"rendered":"Bryllupsdage og deres betydning"},"content":{"rendered":"\n<p>Fra hyacintbryllup til tulipanbryllup. Traditionelt fejres 100 m\u00e6rkedage for bryllupper opkaldt efter materialer som blomster eller metaller. Hvis vi kun fejrer hvert \u00e5rti eller hver 25. \u00e5r, g\u00e5r vi glip af muligheden for at fejre jubil\u00e6umsdagen en gang om \u00e5ret, hvor I ellers kan forny jeres smukkeste k\u00e6rlighedsl\u00f8fter.<\/p>\n\n\n<div class=\"lp-produits-grid\"><div class=\"lp-produit\"><div class=\"lp-thumbnail-wrapper\"><img loading=\"lazy\" decoding=\"async\" width=\"300\" height=\"300\" src=\"https:\/\/interflora.dk\/blog\/wp-content\/uploads\/2025\/09\/FLORISTENS_KREATIVE_BUKET_I_LYSEROEDE_NUANCER_MEDIUM_6311-300x300.jpg\" class=\"attachment-medium size-medium wp-post-image\" alt=\"\" srcset=\"https:\/\/interflora.dk\/blog\/wp-content\/uploads\/2025\/09\/FLORISTENS_KREATIVE_BUKET_I_LYSEROEDE_NUANCER_MEDIUM_6311-300x300.jpg 300w, https:\/\/interflora.dk\/blog\/wp-content\/uploads\/2025\/09\/FLORISTENS_KREATIVE_BUKET_I_LYSEROEDE_NUANCER_MEDIUM_6311-1024x1024.jpg 1024w, https:\/\/interflora.dk\/blog\/wp-content\/uploads\/2025\/09\/FLORISTENS_KREATIVE_BUKET_I_LYSEROEDE_NUANCER_MEDIUM_6311-150x150.jpg 150w, https:\/\/interflora.dk\/blog\/wp-content\/uploads\/2025\/09\/FLORISTENS_KREATIVE_BUKET_I_LYSEROEDE_NUANCER_MEDIUM_6311-768x768.jpg 768w, https:\/\/interflora.dk\/blog\/wp-content\/uploads\/2025\/09\/FLORISTENS_KREATIVE_BUKET_I_LYSEROEDE_NUANCER_MEDIUM_6311.jpg 1200w\" sizes=\"auto, (max-width: 300px) 100vw, 300px\" \/><img decoding=\"async\" class=\"lp-badge\" src=\"https:\/\/prodblog.interflora.dk\/blog\/wp-content\/uploads\/2025\/09\/220422_INTERFLORA_Main_Logo_rgb_Main_Color.avif\" alt=\"Send blomster med Interflora\"><\/div><span>Floristens kreative buket i lyser\u00f8de nuancer<\/span><p>Fra 229 kr.<\/p><span class=\"obf-link lp-cta\" role=\"link\" tabindex=\"0\" data-b64=\"aHR0cHM6Ly9pbnRlcmZsb3JhLmRrL3Byb2R1a3QvZmxvcmlzdGVucy1rcmVhdGl2ZS1idWtldC1pLWx5c2Vyb2VkZS1udWFuY2VyP3Y9MTYyNTEmIzAzODt2YXJpYXRpb249M2IyNjBkMDYtMGNlNy00NzUyLTk1ZjUtNGMxNDBjMWU1MDJmP3V0bV9tZWRpdW09b3JnYW5pYyZ1dG1fc291cmNlPWJsb2dfcHJvZHVjdHMmdXRtX2NhbXBhaWduPTYzMTE=\" data-target=\"_blank\"><svg xmlns=\"http:\/\/www.w3.org\/2000\/svg\" width=\"16\" height=\"16\" fill=\"currentColor\" class=\"bi bi-bag\" viewBox=\"0 0 16 16\"><path d=\"M8 1a2 2 0 0 1 2 2v1h2.5A1.5 1.5 0 0 1 14 5.5v8A1.5 1.5 0 0 1 12.5 15h-9A1.5 1.5 0 0 1 2 13.5v-8A1.5 1.5 0 0 1 3.5 3H6V2a2 2 0 0 1 2-1zm1 3V3a1 1 0 0 0-2 0v1h2z\"\/><\/svg>K\u00f8b her<\/span><p class=\"rapido\">Levering i dag<\/p><\/div><div class=\"lp-produit\"><div class=\"lp-thumbnail-wrapper\"><img loading=\"lazy\" decoding=\"async\" width=\"300\" height=\"300\" src=\"https:\/\/interflora.dk\/blog\/wp-content\/uploads\/2025\/09\/DEN_FARVERIGE_SMALL_555-300x300.jpg\" class=\"attachment-medium size-medium wp-post-image\" alt=\"\" srcset=\"https:\/\/interflora.dk\/blog\/wp-content\/uploads\/2025\/09\/DEN_FARVERIGE_SMALL_555-300x300.jpg 300w, https:\/\/interflora.dk\/blog\/wp-content\/uploads\/2025\/09\/DEN_FARVERIGE_SMALL_555-1024x1024.jpg 1024w, https:\/\/interflora.dk\/blog\/wp-content\/uploads\/2025\/09\/DEN_FARVERIGE_SMALL_555-150x150.jpg 150w, https:\/\/interflora.dk\/blog\/wp-content\/uploads\/2025\/09\/DEN_FARVERIGE_SMALL_555-768x768.jpg 768w, https:\/\/interflora.dk\/blog\/wp-content\/uploads\/2025\/09\/DEN_FARVERIGE_SMALL_555.jpg 1200w\" sizes=\"auto, (max-width: 300px) 100vw, 300px\" \/><img decoding=\"async\" class=\"lp-badge\" src=\"https:\/\/prodblog.interflora.dk\/blog\/wp-content\/uploads\/2025\/09\/220422_INTERFLORA_Main_Logo_rgb_Main_Color.avif\" alt=\"Send blomster med Interflora\"><\/div><span>Den farverige<\/span><p>Fra 329 kr.<\/p><span class=\"obf-link lp-cta\" role=\"link\" tabindex=\"0\" data-b64=\"aHR0cHM6Ly9pbnRlcmZsb3JhLmRrL3Byb2R1a3QvZGVuLWZhcnZlcmlnZT92PTk0ODYmIzAzODt2YXJpYXRpb249Mjc1YTFlY2UtYzlhOS00OTU5LTgwMWMtOTYzNDY3NzRiMmM5P3V0bV9tZWRpdW09b3JnYW5pYyZ1dG1fc291cmNlPWJsb2dfcHJvZHVjdHMmdXRtX2NhbXBhaWduPTU1NQ==\" data-target=\"_blank\"><svg xmlns=\"http:\/\/www.w3.org\/2000\/svg\" width=\"16\" height=\"16\" fill=\"currentColor\" class=\"bi bi-bag\" viewBox=\"0 0 16 16\"><path d=\"M8 1a2 2 0 0 1 2 2v1h2.5A1.5 1.5 0 0 1 14 5.5v8A1.5 1.5 0 0 1 12.5 15h-9A1.5 1.5 0 0 1 2 13.5v-8A1.5 1.5 0 0 1 3.5 3H6V2a2 2 0 0 1 2-1zm1 3V3a1 1 0 0 0-2 0v1h2z\"\/><\/svg>K\u00f8b her<\/span><p class=\"rapido\">Friske blomster<\/p><\/div><div class=\"lp-produit\"><div class=\"lp-thumbnail-wrapper\"><img loading=\"lazy\" decoding=\"async\" width=\"300\" height=\"300\" src=\"https:\/\/interflora.dk\/blog\/wp-content\/uploads\/2026\/04\/MAANEDENS_BUKET_APRIL_HAND_24962028129-300x300.jpeg\" class=\"attachment-medium size-medium wp-post-image\" alt=\"\" srcset=\"https:\/\/interflora.dk\/blog\/wp-content\/uploads\/2026\/04\/MAANEDENS_BUKET_APRIL_HAND_24962028129-300x300.jpeg 300w, https:\/\/interflora.dk\/blog\/wp-content\/uploads\/2026\/04\/MAANEDENS_BUKET_APRIL_HAND_24962028129-1024x1024.jpeg 1024w, https:\/\/interflora.dk\/blog\/wp-content\/uploads\/2026\/04\/MAANEDENS_BUKET_APRIL_HAND_24962028129-150x150.jpeg 150w, https:\/\/interflora.dk\/blog\/wp-content\/uploads\/2026\/04\/MAANEDENS_BUKET_APRIL_HAND_24962028129-768x768.jpeg 768w, https:\/\/interflora.dk\/blog\/wp-content\/uploads\/2026\/04\/MAANEDENS_BUKET_APRIL_HAND_24962028129.jpeg 1200w\" sizes=\"auto, (max-width: 300px) 100vw, 300px\" \/><img decoding=\"async\" class=\"lp-badge\" src=\"https:\/\/prodblog.interflora.dk\/blog\/wp-content\/uploads\/2025\/09\/220422_INTERFLORA_Main_Logo_rgb_Main_Color.avif\" alt=\"Send blomster med Interflora\"><\/div><span>M\u00e5nedens buket i april<\/span><p>Fra 319 kr.<\/p><span class=\"obf-link lp-cta\" role=\"link\" tabindex=\"0\" data-b64=\"aHR0cHM6Ly9pbnRlcmZsb3JhLmRrL3Byb2R1a3QvbWFhbmVkZW5zLWJ1a2V0LWktYXByaWw\/dj0xMzg4MSYjMDM4O3ZhcmlhdGlvbj03Mzk3NjU2Yy1hNmNkLTRmYjctODc3Mi01ZjIxNjdlNTI3MjM\/dXRtX21lZGl1bT1vcmdhbmljJnV0bV9zb3VyY2U9YmxvZ19wcm9kdWN0cyZ1dG1fY2FtcGFpZ249MjQ5Ng==\" data-target=\"_blank\"><svg xmlns=\"http:\/\/www.w3.org\/2000\/svg\" width=\"16\" height=\"16\" fill=\"currentColor\" class=\"bi bi-bag\" viewBox=\"0 0 16 16\"><path d=\"M8 1a2 2 0 0 1 2 2v1h2.5A1.5 1.5 0 0 1 14 5.5v8A1.5 1.5 0 0 1 12.5 15h-9A1.5 1.5 0 0 1 2 13.5v-8A1.5 1.5 0 0 1 3.5 3H6V2a2 2 0 0 1 2-1zm1 3V3a1 1 0 0 0-2 0v1h2z\"\/><\/svg>K\u00f8b her<\/span><p class=\"rapido\">Kundernes favorit<\/p><\/div><div class=\"lp-produit\"><div class=\"lp-thumbnail-wrapper\"><img loading=\"lazy\" decoding=\"async\" width=\"300\" height=\"300\" src=\"https:\/\/interflora.dk\/blog\/wp-content\/uploads\/2025\/09\/DEN_TIL_FOEDSELSDAGEN_VINTER_SMALL_127_v-300x300.jpg\" class=\"attachment-medium size-medium wp-post-image\" alt=\"\" srcset=\"https:\/\/interflora.dk\/blog\/wp-content\/uploads\/2025\/09\/DEN_TIL_FOEDSELSDAGEN_VINTER_SMALL_127_v-300x300.jpg 300w, https:\/\/interflora.dk\/blog\/wp-content\/uploads\/2025\/09\/DEN_TIL_FOEDSELSDAGEN_VINTER_SMALL_127_v-1024x1024.jpg 1024w, https:\/\/interflora.dk\/blog\/wp-content\/uploads\/2025\/09\/DEN_TIL_FOEDSELSDAGEN_VINTER_SMALL_127_v-150x150.jpg 150w, https:\/\/interflora.dk\/blog\/wp-content\/uploads\/2025\/09\/DEN_TIL_FOEDSELSDAGEN_VINTER_SMALL_127_v-768x768.jpg 768w, https:\/\/interflora.dk\/blog\/wp-content\/uploads\/2025\/09\/DEN_TIL_FOEDSELSDAGEN_VINTER_SMALL_127_v.jpg 1200w\" sizes=\"auto, (max-width: 300px) 100vw, 300px\" \/><img decoding=\"async\" class=\"lp-badge\" src=\"https:\/\/prodblog.interflora.dk\/blog\/wp-content\/uploads\/2025\/09\/220422_INTERFLORA_Main_Logo_rgb_Main_Color.avif\" alt=\"Send blomster med Interflora\"><\/div><span>Den til f\u00f8dselsdagen<\/span><p>Fra 299 kr.<\/p><span class=\"obf-link lp-cta\" role=\"link\" tabindex=\"0\" data-b64=\"aHR0cHM6Ly9pbnRlcmZsb3JhLmRrL3Byb2R1a3QvZGVuLXRpbC1mb2Vkc2Vsc2RhZ2VuP3Y9MTU1MSYjMDM4O3ZhcmlhdGlvbj05M2NjOTRlNi0zZmJlLTQ1OTgtYjAwNS03YTk5NTNiNGZlNGI\/dXRtX21lZGl1bT1vcmdhbmljJnV0bV9zb3VyY2U9YmxvZ19wcm9kdWN0cyZ1dG1fY2FtcGFpZ249MTI3\" data-target=\"_blank\"><svg xmlns=\"http:\/\/www.w3.org\/2000\/svg\" width=\"16\" height=\"16\" fill=\"currentColor\" class=\"bi bi-bag\" viewBox=\"0 0 16 16\"><path d=\"M8 1a2 2 0 0 1 2 2v1h2.5A1.5 1.5 0 0 1 14 5.5v8A1.5 1.5 0 0 1 12.5 15h-9A1.5 1.5 0 0 1 2 13.5v-8A1.5 1.5 0 0 1 3.5 3H6V2a2 2 0 0 1 2-1zm1 3V3a1 1 0 0 0-2 0v1h2z\"\/><\/svg>K\u00f8b her<\/span><p class=\"rapido\">Bundet af din lokale florist<\/p><\/div><\/div>\n\n\n\n<div style=\"height:10px\" aria-hidden=\"true\" class=\"wp-block-spacer\"><\/div>\n\n\n\n<div style=\"height:10px\" aria-hidden=\"true\" class=\"wp-block-spacer\"><\/div>\n\n\n\n<div style=\"height:0px\" aria-hidden=\"true\" class=\"wp-block-spacer\"><\/div>\n\n\n\n<div class=\"wp-block-media-text alignwide has-media-on-the-right is-stacked-on-mobile is-image-fill has-background\" style=\"background-color:#f5ebe47d;grid-template-columns:auto 40%\"><div class=\"wp-block-media-text__content\">\n<p>Fejring af bryllupsdage og jubil\u00e6er er f\u00f8rst og fremmest et religi\u00f8st sakramente, der varierer alt efter land og kultur. Her er det oftest anledning til, at familien samles \u2013 is\u00e6r til de mest popul\u00e6re m\u00e6rkedage: <strong>kobberbryllup <\/strong>(12 \u00bd&nbsp;\u00e5rs-bryllupsdag) <strong>s\u00f8lvbryllup <\/strong>(25 \u00e5rs-bryllupsdag), <strong>guldbryllup <\/strong>(50 \u00e5rs-bryllupsdag) og <strong>diamantbryllup <\/strong>(60 \u00e5rs-bryllupsdag).<\/p>\n\n\n\n<p>De materialer og elementer, der er valgt til at navngive bryllupsdage, er for det meste l\u00e5nt fra smykkernes verden, men blomster er ogs\u00e5 meget popul\u00e6re. Man kan derfor finde mange bryllupsdage navngivet efter <strong>\u00e6delmetaller <\/strong>(guld, kobber eller diamant), <strong>smukke tekstiler<\/strong> (silke, l\u00e6der eller knipling) samt <strong>elegante og symbolske blomster<\/strong> (marguerit, tulipan eller hyacint).<\/p>\n\n\n\n<p>Fra den f\u00f8rste bryllupsdag til 100 \u00e5rs dagen for \u00e6gteskabet har hver fase et navn! Det er en super lejlighed til at fejre jeres gl\u00e6de og lykke sammen lidt ekstra p\u00e5 denne dag.<\/p>\n\n\n\n<div class=\"wp-block-buttons has-custom-font-size has-medium-font-size is-content-justification-center is-layout-flex wp-container-core-buttons-is-layout-a89b3969 wp-block-buttons-is-layout-flex\">\n<div class=\"wp-block-button has-custom-font-size has-medium-font-size\"><a class=\"wp-block-button__link has-background wp-element-button\" href=\"https:\/\/interflora.dk\/produkter\/anledninger\/bryllupsdage?utm_source=blog&amp;utm_medium=organic&amp;utm_campaign=bryllupsdage-cta\" style=\"background-color:#f34c6c\" target=\"_blank\" rel=\"noreferrer noopener\">Vores udvalg til en bryllupsdag<\/a><\/div>\n<\/div>\n<\/div><figure class=\"wp-block-media-text__media\" style=\"background-image:url(https:\/\/interflora.dk\/blog\/wp-content\/uploads\/Billede3-682x1024.jpg);background-position:50% 50%\"><img decoding=\"async\" src=\"https:\/\/interflora.dk\/blog\/wp-content\/uploads\/Billede3-682x1024.jpg\" alt=\"Samme yngre par ses her udend\u00f8rs p\u00e5 deres bryllupsdag, hvor de begge smilende ser p\u00e5 en buket af r\u00f8de og hvide blomster. Manden, i en gr\u00f8n sweater, st\u00e5r t\u00e6t ved kvinden, der har en stribet tr\u00f8je p\u00e5. De ser ud til at nyde et intimt \u00f8jeblik sammen i en frodig have eller park.\" class=\"wp-image-46077 size-full\"\/><\/figure><\/div>\n\n\n\n<div style=\"height:20px\" aria-hidden=\"true\" class=\"wp-block-spacer\"><\/div>\n\n\n\n<h2 class=\"wp-block-heading alignwide has-text-align-left has-text-color has-link-color wp-elements-4b969fd2e82b8a68d6241fd8e2c03581\" style=\"color:#f34c6c\">Popul\u00e6re blomster til bryllupsdage<\/h2>\n\n\n\n<div style=\"height:5px\" aria-hidden=\"true\" class=\"wp-block-spacer\"><\/div>\n\n\n\n<div class=\"wp-block-columns alignwide is-layout-flex wp-container-core-columns-is-layout-28f84493 wp-block-columns-is-layout-flex\">\n<div class=\"wp-block-column is-vertically-aligned-center has-medium-font-size is-layout-flow wp-container-core-column-is-layout-3586487f wp-block-column-is-layout-flow\" style=\"padding-top:var(--wp--preset--spacing--30);padding-right:var(--wp--preset--spacing--20);padding-bottom:var(--wp--preset--spacing--30);padding-left:var(--wp--preset--spacing--20)\">\n<figure class=\"wp-block-image alignwide size-large\"><a href=\"https:\/\/interflora.dk\/produkter\/store-premium-buketter?utm_source=blog&amp;utm_medium=organic&amp;utm_campaign=bryllupsdage-image\"><img loading=\"lazy\" decoding=\"async\" width=\"1024\" height=\"1024\" src=\"https:\/\/interflora.dk\/blog\/wp-content\/uploads\/DEN_FARVERIGE_XL_555-1024x1024.jpg\" alt=\"Interflora stor buket Den farverige Premium\" class=\"wp-image-46053\"\/><\/a><\/figure>\n\n\n\n<div style=\"height:20px\" aria-hidden=\"true\" class=\"wp-block-spacer\"><\/div>\n\n\n\n<div class=\"wp-block-buttons alignwide has-custom-font-size has-medium-font-size is-content-justification-center is-layout-flex wp-container-core-buttons-is-layout-a89b3969 wp-block-buttons-is-layout-flex\">\n<div class=\"wp-block-button\"><a class=\"wp-block-button__link has-background wp-element-button\" href=\"https:\/\/interflora.dk\/produkter\/store-premium-buketter?utm_source=blog&amp;utm_medium=organic&amp;utm_campaign=bryllupsdage-cta\" style=\"background-color:#f34c6c\">Store Premium buketter her<\/a><\/div>\n<\/div>\n<\/div>\n\n\n\n<div class=\"wp-block-column is-vertically-aligned-center has-medium-font-size is-layout-flow wp-container-core-column-is-layout-3586487f wp-block-column-is-layout-flow\" style=\"padding-top:var(--wp--preset--spacing--30);padding-right:var(--wp--preset--spacing--20);padding-bottom:var(--wp--preset--spacing--30);padding-left:var(--wp--preset--spacing--20)\">\n<figure class=\"wp-block-image alignwide size-large\"><a href=\"https:\/\/interflora.dk\/produkter\/afskaarne-roser?utm_source=blog&amp;utm_medium=organic&amp;utm_campaign=bryllupsdage-image\"><img loading=\"lazy\" decoding=\"async\" width=\"1024\" height=\"1024\" src=\"https:\/\/interflora.dk\/blog\/wp-content\/uploads\/2149_Den-til-kaerligheden_US_H1-1024x1024.jpg\" alt=\"Interflora r\u00f8de roser buket Den til k\u00e6rligheden\" class=\"wp-image-46052\"\/><\/a><\/figure>\n\n\n\n<div style=\"height:20px\" aria-hidden=\"true\" class=\"wp-block-spacer\"><\/div>\n\n\n\n<div class=\"wp-block-buttons alignwide has-custom-font-size has-medium-font-size is-content-justification-center is-layout-flex wp-container-core-buttons-is-layout-a89b3969 wp-block-buttons-is-layout-flex\">\n<div class=\"wp-block-button\"><a class=\"wp-block-button__link has-background wp-element-button\" href=\"https:\/\/interflora.dk\/produkter\/afskaarne-roser?utm_source=blog&amp;utm_medium=organic&amp;utm_campaign=bryllupsdage-cta\" style=\"background-color:#f34c6c\">R\u00f8de roser her<\/a><\/div>\n<\/div>\n<\/div>\n<\/div>\n\n\n\n<div style=\"height:20px\" aria-hidden=\"true\" class=\"wp-block-spacer\"><\/div>\n\n\n\n<h2 class=\"wp-block-heading alignwide has-text-color has-link-color wp-elements-c3595e9249a92d25b3ce1167b70a19c7\" style=\"color:#f34c6c\">Alle bryllupsdage<\/h2>\n\n\n\n<div class=\"wp-block-media-text alignwide has-media-on-the-right is-stacked-on-mobile has-background\" style=\"background-color:#f5ebe47d\"><div class=\"wp-block-media-text__content\">\n<ul class=\"wp-block-list\">\n<li class=\"has-medium-font-size\"><strong>0 \u00e5r \u2013 <a href=\"https:\/\/interflora.dk\/produkter\/anledninger\/bryllup\" target=\"_blank\" rel=\"noreferrer noopener\">Bryllup<\/a><\/strong><\/li>\n\n\n\n<li class=\"has-medium-font-size\"><strong>1 \u00e5r \u2013 Papirbryllup&nbsp;<\/strong><\/li>\n\n\n\n<li class=\"has-medium-font-size\"><strong>2 \u00e5r \u2013 Bomuldsbryllup&nbsp;<\/strong><\/li>\n\n\n\n<li class=\"has-medium-font-size\"><strong>3 \u00e5r \u2013 L\u00e6derbryllup&nbsp;<\/strong><\/li>\n\n\n\n<li class=\"has-medium-font-size\"><strong>4 \u00e5r \u2013 Blomsterbryllup eller Hyacintbryllup<\/strong><\/li>\n\n\n\n<li class=\"has-medium-font-size\"><strong>5 \u00e5r \u2013 Tr\u00e6bryllup&nbsp;<\/strong><\/li>\n\n\n\n<li class=\"has-medium-font-size\"><strong>6 \u00e5r \u2013 Sukkerbryllup&nbsp;<\/strong><\/li>\n\n\n\n<li class=\"has-medium-font-size\"><strong>7 \u00e5r \u2013 Uldbryllup<\/strong><\/li>\n\n\n\n<li class=\"has-medium-font-size\"><strong>8 \u00e5r \u2013 Bronzebryllup&nbsp;<\/strong><\/li>\n\n\n\n<li class=\"has-medium-font-size\"><strong>9 \u00e5r \u2013 Pilbryllup eller Str\u00e5bryllup<\/strong><\/li>\n\n\n\n<li class=\"has-medium-font-size\"><strong>10 \u00e5r \u2013 Tinbryllup&nbsp;<\/strong><\/li>\n\n\n\n<li class=\"has-medium-font-size\"><strong>11 \u00e5r \u2013 St\u00e5lbryllup eller Ravbryllup&nbsp;<\/strong><\/li>\n\n\n\n<li class=\"has-medium-font-size\"><strong>12 \u00e5r \u2013 Silkebryllup&nbsp;<\/strong><\/li>\n\n\n\n<li class=\"has-medium-font-size\"><strong>12 \u00bd&nbsp; \u00e5r \u2013 <a href=\"https:\/\/interflora.dk\/produkt\/den-til-kobberbrylluppet\">Kobberbryllup<\/a><\/strong><\/li>\n\n\n\n<li class=\"has-medium-font-size\"><strong>13 \u00e5r \u2013 Kniplingsbryllup&nbsp;<\/strong><\/li>\n\n\n\n<li class=\"has-medium-font-size\"><strong>14 \u00e5r \u2013 Elfenbensbryllup&nbsp;<\/strong><\/li>\n\n\n\n<li class=\"has-medium-font-size\"><strong>15 \u00e5r \u2013 Krystalbryllup&nbsp;<\/strong><\/li>\n<\/ul>\n<\/div><figure class=\"wp-block-media-text__media\"><a href=\"https:\/\/interflora.dk\/produkt\/den-til-kobberbrylluppet?utm_source=blog&amp;utm_medium=organic&amp;utm_campaign=bryllupsdage-image\"><img loading=\"lazy\" decoding=\"async\" width=\"1024\" height=\"1024\" src=\"https:\/\/interflora.dk\/blog\/wp-content\/uploads\/DEN_SOEDE_OMTANKE_HAND_173-1024x1024.jpg\" alt=\"Interflora Buket Den til kobberbrylluppet\" class=\"wp-image-45984 size-full\"\/><\/a><\/figure><\/div>\n\n\n\n<div class=\"wp-block-media-text alignwide is-stacked-on-mobile has-background\" style=\"background-color:#f5ebe47d\"><figure class=\"wp-block-media-text__media\"><a href=\"https:\/\/interflora.dk\/produkt\/den-til-soelvbrylluppet?utm_source=blog&amp;utm_medium=organic&amp;utm_campaign=bryllupsdage-image\"><img loading=\"lazy\" decoding=\"async\" width=\"1024\" height=\"1024\" src=\"https:\/\/interflora.dk\/blog\/wp-content\/uploads\/DEN_ROMANTISKE_HAND_130_1-1024x1024.jpg\" alt=\"Interflora buket Den til s\u00f8lvbrylluppet\" class=\"wp-image-45986 size-full\"\/><\/a><\/figure><div class=\"wp-block-media-text__content\">\n<ul class=\"wp-block-list\">\n<li class=\"has-medium-font-size\"><strong>16 \u00e5r \u2013 M\u00e5nebryllup&nbsp;<\/strong><\/li>\n\n\n\n<li class=\"has-medium-font-size\"><strong>17 \u00e5r \u2013 Ametystbryllup&nbsp;<\/strong><\/li>\n\n\n\n<li class=\"has-medium-font-size\"><strong>18 \u00e5r \u2013 Margueritbryllup&nbsp;<\/strong><\/li>\n\n\n\n<li class=\"has-medium-font-size\"><strong>19 \u00e5r \u2013 Granatbryllup&nbsp;<\/strong><\/li>\n\n\n\n<li class=\"has-medium-font-size\"><strong>20 \u00e5r \u2013 Porcel\u00e6nsbryllup&nbsp;<\/strong><\/li>\n\n\n\n<li class=\"has-medium-font-size\"><strong>21 \u00e5r \u2013 Turkisbryllup&nbsp;<\/strong><\/li>\n\n\n\n<li class=\"has-medium-font-size\"><strong>22 \u00e5r \u2013 Alliancebryllup&nbsp;<\/strong><\/li>\n\n\n\n<li class=\"has-medium-font-size\"><strong>23 \u00e5r \u2013&nbsp;Tulipanbryllup&nbsp;<\/strong><\/li>\n\n\n\n<li class=\"has-medium-font-size\"><strong>24 \u00e5r \u2013 Karatbryllup&nbsp;<\/strong><\/li>\n\n\n\n<li class=\"has-medium-font-size\"><strong>25 \u00e5r \u2013 <a href=\"https:\/\/interflora.dk\/produkter\/anledninger\/solvbryllup\" target=\"_blank\" rel=\"noreferrer noopener\">S\u00f8lvbryllup<\/a><\/strong><\/li>\n\n\n\n<li class=\"has-medium-font-size\"><strong>26 \u00e5r&nbsp;\u2013 Korkbryllup&nbsp;<\/strong><\/li>\n\n\n\n<li class=\"has-medium-font-size\"><strong>27 \u00e5r&nbsp;\u2013 Balsabryllup&nbsp;<\/strong><\/li>\n\n\n\n<li class=\"has-medium-font-size\"><strong>28 \u00e5r \u2013 Masonitbryllup&nbsp;<\/strong><\/li>\n\n\n\n<li class=\"has-medium-font-size\"><strong>29 \u00e5r&nbsp;\u2013 Krydsfinerbryllup&nbsp;<\/strong><\/li>\n\n\n\n<li class=\"has-medium-font-size\"><strong>30 \u00e5r \u2013 Perlebryllup&nbsp;<\/strong><\/li>\n<\/ul>\n<\/div><\/div>\n\n\n\n<div class=\"wp-block-media-text alignwide has-media-on-the-right is-stacked-on-mobile has-background\" style=\"background-color:#f5ebe47d\"><div class=\"wp-block-media-text__content\">\n<ul class=\"wp-block-list\">\n<li class=\"has-medium-font-size\"><strong>31 \u00e5r&nbsp;\u2013 Mahognibryllup&nbsp;<\/strong><\/li>\n\n\n\n<li class=\"has-medium-font-size\"><strong>32 \u00e5r&nbsp;\u2013 Granitbryllup&nbsp;<\/strong><\/li>\n\n\n\n<li class=\"has-medium-font-size\"><strong>33 \u00e5r&nbsp;\u2013 Gnejsbryllup&nbsp;<\/strong><\/li>\n\n\n\n<li class=\"has-medium-font-size\"><strong>34 \u00e5r \u2013 Skiferbryllup&nbsp;<\/strong><\/li>\n\n\n\n<li class=\"has-medium-font-size\"><strong>35 \u00e5r \u2013 Koralbryllup&nbsp;<\/strong><\/li>\n\n\n\n<li class=\"has-medium-font-size\"><strong>36 \u00e5r&nbsp;\u2013 Marmorbryllup&nbsp;<\/strong><\/li>\n\n\n\n<li class=\"has-medium-font-size\"><strong>37 \u00e5r&nbsp;\u2013 Teglbryllup&nbsp;<\/strong><\/li>\n\n\n\n<li class=\"has-medium-font-size\"><strong>38 \u00e5r \u2013 Cementbryllup&nbsp;<\/strong><\/li>\n\n\n\n<li class=\"has-medium-font-size\"><strong>39 \u00e5r&nbsp;\u2013 Grafitbryllup&nbsp;<\/strong><\/li>\n\n\n\n<li class=\"has-medium-font-size\"><strong>40 \u00e5r \u2013 Rubinbryllup&nbsp;<\/strong><\/li>\n\n\n\n<li class=\"has-medium-font-size\"><strong>41 \u00e5r&nbsp;\u2013 Keramikbryllup<\/strong><\/li>\n\n\n\n<li class=\"has-medium-font-size\"><strong>42 \u00e5r&nbsp;\u2013 Messingbryllup&nbsp;<\/strong><\/li>\n\n\n\n<li class=\"has-medium-font-size\"><strong>43 \u00e5r&nbsp;\u2013 Pladebryllup&nbsp;<\/strong><\/li>\n\n\n\n<li class=\"has-medium-font-size\"><strong>44 \u00e5r&nbsp;\u2013 Nikkelbryllup<\/strong><\/li>\n\n\n\n<li class=\"has-medium-font-size\"><strong>45 \u00e5r \u2013 Safirbryllup<\/strong><\/li>\n<\/ul>\n<\/div><figure class=\"wp-block-media-text__media\"><a href=\"https:\/\/interflora.dk\/produkt\/den-yndige?utm_source=blog&amp;utm_medium=organic&amp;utm_campaign=bryllupsdage-image\"><img decoding=\"async\" src=\"https:\/\/interflora.dk\/blog\/wp-content\/uploads\/DEN_YNDIGE_SOMMER_HAND_1895-1024x1024.jpg\" alt=\"Interflora buket Den yndige\" class=\"wp-image-46066 size-full\"\/><\/a><\/figure><\/div>\n\n\n\n<div class=\"wp-block-media-text alignwide is-stacked-on-mobile has-background\" style=\"background-color:#f5ebe47d\"><figure class=\"wp-block-media-text__media\"><a href=\"https:\/\/interflora.dk\/produkt\/den-til-diamantbrylluppet?utm_source=blog&amp;utm_medium=organic&amp;utm_campaign=bryllupsdage-image\"><img loading=\"lazy\" decoding=\"async\" width=\"1024\" height=\"1024\" src=\"https:\/\/interflora.dk\/blog\/wp-content\/uploads\/DEN_NORDISKE_HAND_575_0-1024x1024.jpg\" alt=\"Interflora buket Den til diamantbrylluppet\" class=\"wp-image-45991 size-full\"\/><\/a><\/figure><div class=\"wp-block-media-text__content\">\n<ul class=\"wp-block-list\">\n<li class=\"has-medium-font-size\"><strong>46 \u00e5r&nbsp;\u2013 Blybryllup&nbsp;<\/strong><\/li>\n\n\n\n<li class=\"has-medium-font-size\"><strong>47 \u00e5r&nbsp;\u2013 Kviks\u00f8lvbryllup&nbsp;<\/strong><\/li>\n\n\n\n<li class=\"has-medium-font-size\"><strong>48 \u00e5r&nbsp;\u2013 Zinkbryllup&nbsp;<\/strong><\/li>\n\n\n\n<li class=\"has-medium-font-size\"><strong>49 \u00e5r&nbsp;\u2013 Aluminiumsbryllup&nbsp;<\/strong><\/li>\n\n\n\n<li class=\"has-medium-font-size\"><strong>50 \u00e5r \u2013 <a href=\"https:\/\/interflora.dk\/produkt\/den-til-guldbrylluppet\">Guldbryllup<\/a>&nbsp;<\/strong><\/li>\n\n\n\n<li class=\"has-medium-font-size\"><strong>51 \u00e5r \u2013 Krombryllup&nbsp;<\/strong><\/li>\n\n\n\n<li class=\"has-medium-font-size\"><strong>52 \u00e5r&nbsp;\u2013 Bronsebryllup&nbsp;<\/strong><\/li>\n\n\n\n<li class=\"has-medium-font-size\"><strong>53 \u00e5r&nbsp;\u2013 Kobberbryllup&nbsp;<\/strong><\/li>\n\n\n\n<li class=\"has-medium-font-size\"><strong>54 \u00e5r&nbsp;\u2013 Platinbryllup&nbsp;<\/strong><\/li>\n\n\n\n<li class=\"has-medium-font-size\"><strong>55 \u00e5r \u2013 Smaragdbryllup&nbsp;<\/strong><\/li>\n\n\n\n<li class=\"has-medium-font-size\"><strong>56 \u00e5r&nbsp;\u2013 Wolframbryllup&nbsp;<\/strong><\/li>\n\n\n\n<li class=\"has-medium-font-size\"><strong>57 \u00e5r&nbsp;\u2013 Manganbryllup&nbsp;<\/strong><\/li>\n\n\n\n<li class=\"has-medium-font-size\"><strong>58 \u00e5r&nbsp;\u2013 Berstensbryllup&nbsp;<\/strong><\/li>\n\n\n\n<li class=\"has-medium-font-size\"><strong>59 \u00e5r&nbsp;\u2013 Akvamarinbryllup&nbsp;<\/strong><\/li>\n\n\n\n<li class=\"has-medium-font-size\"><strong>60 \u00e5r \u2013 <a href=\"https:\/\/interflora.dk\/produkter\/anledninger\/diamantbryllup\" target=\"_blank\" rel=\"noreferrer noopener\">Diamantbryllup<\/a>&nbsp;<\/strong><\/li>\n<\/ul>\n<\/div><\/div>\n\n\n\n<div class=\"wp-block-media-text alignwide has-media-on-the-right is-stacked-on-mobile has-background\" style=\"background-color:#f5ebe47d\"><div class=\"wp-block-media-text__content\">\n<ul class=\"wp-block-list\">\n<li class=\"has-medium-font-size\"><strong>61 \u00e5r&nbsp;\u2013 Glasbryllup&nbsp;<\/strong><\/li>\n\n\n\n<li class=\"has-medium-font-size\"><strong>62 \u00e5r&nbsp;\u2013 Topazbryllup<\/strong>&nbsp;<\/li>\n\n\n\n<li class=\"has-medium-font-size\"><strong>63 \u00e5r&nbsp;\u2013 Jadelbryllup&nbsp;<\/strong><\/li>\n\n\n\n<li class=\"has-medium-font-size\"><strong>64 \u00e5r&nbsp;\u2013 Emaljebryllup&nbsp;<\/strong><\/li>\n\n\n\n<li class=\"has-medium-font-size\"><strong>65 \u00e5r \u2013 <a href=\"https:\/\/interflora.dk\/produkt\/den-til-krondiamantbrylluppet\">Krondiamantbryllup<\/a>&nbsp;<\/strong><\/li>\n\n\n\n<li class=\"has-medium-font-size\"><strong>66 \u00e5r&nbsp;\u2013 Uranbryllup&nbsp;<\/strong><\/li>\n\n\n\n<li class=\"has-medium-font-size\"><strong>67 \u00e5r&nbsp;\u2013 Opalbryllup&nbsp;<\/strong><\/li>\n\n\n\n<li class=\"has-medium-font-size\"><strong>68 \u00e5r&nbsp;\u2013 Granatbryllup&nbsp;<\/strong><\/li>\n\n\n\n<li class=\"has-medium-font-size\"><strong>69 \u00e5r&nbsp;\u2013 Brilliantbryllup&nbsp;<\/strong><\/li>\n\n\n\n<li class=\"has-medium-font-size\"><strong>70 \u00e5r \u2013 Jernbryllup&nbsp;<\/strong><\/li>\n\n\n\n<li class=\"has-medium-font-size\"><strong>72 1\/2 \u00e5r \u2013 Juvelbryllup&nbsp;<\/strong><\/li>\n\n\n\n<li class=\"has-medium-font-size\"><strong>75 \u00e5r \u2013 Atombryllup eller kronjuvelbryllup&nbsp;<\/strong><\/li>\n\n\n\n<li class=\"has-medium-font-size\"><strong>80 \u00e5r \u2013 Egebryllup&nbsp;<\/strong><\/li>\n\n\n\n<li class=\"has-medium-font-size\"><strong>85 \u00e5r \u2013 Englebryllup&nbsp;<\/strong><\/li>\n\n\n\n<li class=\"has-medium-font-size\"><strong>90 \u00e5r \u2013 Granitbryllup&nbsp;<\/strong><\/li>\n\n\n\n<li class=\"has-medium-font-size\"><strong>100 \u00e5r \u2013 Himmelbryllup<\/strong><\/li>\n<\/ul>\n<\/div><figure class=\"wp-block-media-text__media\"><a href=\"https:\/\/interflora.dk\/produkt\/den-til-krondiamantbrylluppet?utm_source=blog&amp;utm_medium=organic&amp;utm_campaign=bryllupsdage-image\"><img loading=\"lazy\" decoding=\"async\" width=\"1024\" height=\"1024\" src=\"https:\/\/interflora.dk\/blog\/wp-content\/uploads\/DEN_HELT_RIGTIGE_HAND_XL_552-1024x1024.jpg\" alt=\"Interflora Buket Den til krondiamantbrylluppet\" class=\"wp-image-45993 size-full\"\/><\/a><\/figure><\/div>\n\n\n\n<div style=\"height:20px\" aria-hidden=\"true\" class=\"wp-block-spacer\"><\/div>\n\n\n\n<figure class=\"wp-block-gallery alignwide has-nested-images columns-4 is-cropped wp-block-gallery-1 is-layout-flex wp-block-gallery-is-layout-flex\">\n<figure class=\"wp-block-image alignwide size-large\"><img loading=\"lazy\" decoding=\"async\" width=\"1024\" height=\"683\" data-id=\"37850\" src=\"https:\/\/interflora.dk\/blog\/wp-content\/uploads\/valentinsdag-visual-2-1024x683.jpg\" alt=\"Buket af r\u00f8de og lyser\u00f8de roser\" class=\"wp-image-37850\"\/><\/figure>\n\n\n\n<figure class=\"wp-block-image size-large\"><img loading=\"lazy\" decoding=\"async\" width=\"980\" height=\"653\" data-id=\"39970\" src=\"https:\/\/interflora.dk\/blog\/wp-content\/uploads\/send-blomster-Valentin.jpg\" alt=\"Valentinsdag pige modtager buket i svage nuancer\" class=\"wp-image-39970\"\/><\/figure>\n\n\n\n<figure class=\"wp-block-image size-large has-custom-border\"><img loading=\"lazy\" decoding=\"async\" width=\"1024\" height=\"683\" data-id=\"37847\" src=\"https:\/\/interflora.dk\/blog\/wp-content\/uploads\/valentinsdag-visual-5-1024x683.jpg\" alt=\"Buket af r\u00f8de roser\" class=\"wp-image-37847\" style=\"border-radius:0px\"\/><\/figure>\n\n\n\n<figure class=\"wp-block-image size-large is-style-default\"><img loading=\"lazy\" decoding=\"async\" width=\"997\" height=\"1024\" data-id=\"43716\" src=\"https:\/\/interflora.dk\/blog\/wp-content\/uploads\/flores-hombre-san-valentin-997x1024.jpg\" alt=\"\" class=\"wp-image-43716\"\/><\/figure>\n<\/figure>\n\n\n\n<div style=\"height:20px\" aria-hidden=\"true\" class=\"wp-block-spacer\"><\/div>\n\n\n\n<h2 class=\"wp-block-heading alignwide has-text-color has-link-color wp-elements-a756855e320315c1176085f4edbc9706\" style=\"color:#f34c6c\">Fun facts<\/h2>\n\n\n\n<div class=\"wp-block-columns alignwide is-layout-flex wp-container-core-columns-is-layout-28f84493 wp-block-columns-is-layout-flex\">\n<div class=\"wp-block-column is-layout-flow wp-block-column-is-layout-flow\">\n<figure class=\"wp-block-image aligncenter size-full has-custom-border is-style-default\"><img decoding=\"async\" src=\"https:\/\/interflora.dk\/blog\/wp-content\/uploads\/Billede5.jpg\" alt=\"Et \u00e6ldre par fejrer deres bryllupsdag med store smil. Kvinden holder en orange nellike i h\u00e5nden, og manden har en stribet halst\u00f8rkl\u00e6de og en beige sweater p\u00e5. De st\u00e5r t\u00e6t sammen og deler et \u00f8jeblik af gl\u00e6de og latter i en smuk, gr\u00f8n park p\u00e5 deres bryllupsdag.\" class=\"wp-image-46075\" style=\"border-style:none;border-width:0px;border-radius:0px;aspect-ratio:4\/3;object-fit:cover\"\/><\/figure>\n<\/div>\n\n\n\n<div class=\"wp-block-column is-vertically-aligned-center has-border-color has-medium-font-size is-layout-flow wp-container-core-column-is-layout-3586487f wp-block-column-is-layout-flow\" style=\"border-color:#f34c6c;border-width:3px;padding-top:var(--wp--preset--spacing--30);padding-right:var(--wp--preset--spacing--20);padding-bottom:var(--wp--preset--spacing--30);padding-left:var(--wp--preset--spacing--20)\">\n<p>If\u00f8lge <strong>Guinness-rekordbog<\/strong> var det l\u00e6ngste \u00e6gteskab i verden mellem to amerikanere, Herbert og Zelmyra Fisher, der blev gift i 1924, og som varede i <strong>86 \u00e5r<\/strong>, indtil Mr. Fishers d\u00f8d i 2011.<\/p>\n\n\n\n<div style=\"height:20px\" aria-hidden=\"true\" class=\"wp-block-spacer\"><\/div>\n\n\n\n<p>Frankrig menes at v\u00e6re indehaver af den europ\u00e6iske rekord for l\u00e6ngste \u00e6gteskab med n\u00e6sten <strong>82-\u00e5r<\/strong> mellem Georges og Georgette H\u00e9bert, der blev gift i 1929.<\/p>\n<\/div>\n<\/div>\n\n\n\n<div style=\"height:20px\" aria-hidden=\"true\" class=\"wp-block-spacer\"><\/div>\n\n\n\n<h2 class=\"wp-block-heading alignwide has-text-color has-link-color wp-elements-15c3c7ed214ec18cca8348c790ea11bb\" style=\"color:#f34c6c\">N\u00f8gletal for \u00e6gteskab i Danmark<\/h2>\n\n\n\n<div class=\"wp-block-columns alignwide is-layout-flex wp-container-core-columns-is-layout-28f84493 wp-block-columns-is-layout-flex\">\n<div class=\"wp-block-column is-layout-flow wp-block-column-is-layout-flow\">\n<figure class=\"wp-block-image aligncenter size-full has-custom-border is-style-default\"><img decoding=\"async\" src=\"https:\/\/interflora.dk\/blog\/wp-content\/uploads\/Billede2.jpg\" alt=\"Et yngre par udveksler blomster i en hyggelig indend\u00f8rs indstilling p\u00e5 deres bryllupsdag. Kvinden, if\u00f8rt en elegant, gr\u00f8n kjole, smiler bredt, mens hun modtager en smuk buket fra manden, der er kl\u00e6dt i en hvid skjorte. De st\u00e5r foran et stort vindue, som bringer naturligt lys ind i rummet.\" class=\"wp-image-46076\" style=\"border-style:none;border-width:0px;border-radius:0px;aspect-ratio:4\/3;object-fit:cover\"\/><\/figure>\n<\/div>\n\n\n\n<div class=\"wp-block-column is-vertically-aligned-center has-border-color has-medium-font-size is-layout-flow wp-container-core-column-is-layout-3586487f wp-block-column-is-layout-flow\" style=\"border-color:#f34c6c;border-width:3px;padding-top:var(--wp--preset--spacing--30);padding-right:var(--wp--preset--spacing--20);padding-bottom:var(--wp--preset--spacing--30);padding-left:var(--wp--preset--spacing--20)\">\n<p>\u2764\ufe0f Der blev afholdt 31.582 vielser i 2023.<\/p>\n\n\n\n<div style=\"height:10px\" aria-hidden=\"true\" class=\"wp-block-spacer\"><\/div>\n\n\n\n<p>\u2764\ufe0f N\u00e5r vi bliver gift f\u00f8rste gang er gennemsnitsalderen 35 \u00e5r for m\u00e6nd og 33 \u00e5r for kvinder.<\/p>\n\n\n\n<div style=\"height:10px\" aria-hidden=\"true\" class=\"wp-block-spacer\"><\/div>\n\n\n\n<p>\u2764\ufe0f 44,5% af danskerne over 18 \u00e5r er gift eller separeret.<\/p>\n\n\n\n<div style=\"height:10px\" aria-hidden=\"true\" class=\"wp-block-spacer\"><\/div>\n\n\n\n<p>\ud83d\udc94 For \u00e6gteskaber som ender i skilsmisse, s\u00e5 varer \u00e6gteskabet i gennemsnit 12,5 \u00e5r.<\/p>\n\n\n\n<div style=\"height:10px\" aria-hidden=\"true\" class=\"wp-block-spacer\"><\/div>\n\n\n\n<p>\ud83d\udc94 <span class=\"ui-provider a b c d e f g h i j k l m n o p q r s t u v w x y z ab ac ae af ag ah ai aj ak\" dir=\"ltr\">Antallet af skilsmisser var 12.862 i 2023<\/span>.<\/p>\n\n\n\n<div style=\"height:10px\" aria-hidden=\"true\" class=\"wp-block-spacer\"><\/div>\n\n\n\n<p><em><a href=\"https:\/\/www.dst.dk\/da\/Statistik\/laer-om-statistik\/gennemsnitsdanskeren\" target=\"_blank\" rel=\"noreferrer noopener\">Source: Danmarks Statistik<\/a><\/em><\/p>\n<\/div>\n<\/div>\n\n\n\n<div style=\"height:10px\" aria-hidden=\"true\" class=\"wp-block-spacer\"><\/div>\n\n\n<div class=\"lp-produits-grid\"><div class=\"lp-produit\"><div class=\"lp-thumbnail-wrapper\"><img loading=\"lazy\" decoding=\"async\" width=\"300\" height=\"300\" src=\"https:\/\/interflora.dk\/blog\/wp-content\/uploads\/2026\/04\/MAANEDENS_BUKET_APRIL_HAND_24962028129-300x300.jpeg\" class=\"attachment-medium size-medium wp-post-image\" alt=\"\" srcset=\"https:\/\/interflora.dk\/blog\/wp-content\/uploads\/2026\/04\/MAANEDENS_BUKET_APRIL_HAND_24962028129-300x300.jpeg 300w, https:\/\/interflora.dk\/blog\/wp-content\/uploads\/2026\/04\/MAANEDENS_BUKET_APRIL_HAND_24962028129-1024x1024.jpeg 1024w, https:\/\/interflora.dk\/blog\/wp-content\/uploads\/2026\/04\/MAANEDENS_BUKET_APRIL_HAND_24962028129-150x150.jpeg 150w, https:\/\/interflora.dk\/blog\/wp-content\/uploads\/2026\/04\/MAANEDENS_BUKET_APRIL_HAND_24962028129-768x768.jpeg 768w, https:\/\/interflora.dk\/blog\/wp-content\/uploads\/2026\/04\/MAANEDENS_BUKET_APRIL_HAND_24962028129.jpeg 1200w\" sizes=\"auto, (max-width: 300px) 100vw, 300px\" \/><img decoding=\"async\" class=\"lp-badge\" src=\"https:\/\/prodblog.interflora.dk\/blog\/wp-content\/uploads\/2025\/09\/220422_INTERFLORA_Main_Logo_rgb_Main_Color.avif\" alt=\"Send blomster med Interflora\"><\/div><span>M\u00e5nedens buket i april<\/span><p>Fra 319 kr.<\/p><span class=\"obf-link lp-cta\" role=\"link\" tabindex=\"0\" data-b64=\"aHR0cHM6Ly9pbnRlcmZsb3JhLmRrL3Byb2R1a3QvbWFhbmVkZW5zLWJ1a2V0LWktYXByaWw\/dj0xMzg4MSYjMDM4O3ZhcmlhdGlvbj03Mzk3NjU2Yy1hNmNkLTRmYjctODc3Mi01ZjIxNjdlNTI3MjM\/dXRtX21lZGl1bT1vcmdhbmljJnV0bV9zb3VyY2U9YmxvZ19wcm9kdWN0cyZ1dG1fY2FtcGFpZ249MjQ5Ng==\" data-target=\"_blank\"><svg xmlns=\"http:\/\/www.w3.org\/2000\/svg\" width=\"16\" height=\"16\" fill=\"currentColor\" class=\"bi bi-bag\" viewBox=\"0 0 16 16\"><path d=\"M8 1a2 2 0 0 1 2 2v1h2.5A1.5 1.5 0 0 1 14 5.5v8A1.5 1.5 0 0 1 12.5 15h-9A1.5 1.5 0 0 1 2 13.5v-8A1.5 1.5 0 0 1 3.5 3H6V2a2 2 0 0 1 2-1zm1 3V3a1 1 0 0 0-2 0v1h2z\"\/><\/svg>K\u00f8b her<\/span><p class=\"rapido\">Levering i dag<\/p><\/div><div class=\"lp-produit\"><div class=\"lp-thumbnail-wrapper\"><img loading=\"lazy\" decoding=\"async\" width=\"300\" height=\"300\" src=\"https:\/\/interflora.dk\/blog\/wp-content\/uploads\/2025\/09\/DEN_VENLIGE_VINTERVERSION_HAND_v_0-300x300.jpg\" class=\"attachment-medium size-medium wp-post-image\" alt=\"\" srcset=\"https:\/\/interflora.dk\/blog\/wp-content\/uploads\/2025\/09\/DEN_VENLIGE_VINTERVERSION_HAND_v_0-300x300.jpg 300w, https:\/\/interflora.dk\/blog\/wp-content\/uploads\/2025\/09\/DEN_VENLIGE_VINTERVERSION_HAND_v_0-1024x1024.jpg 1024w, https:\/\/interflora.dk\/blog\/wp-content\/uploads\/2025\/09\/DEN_VENLIGE_VINTERVERSION_HAND_v_0-150x150.jpg 150w, https:\/\/interflora.dk\/blog\/wp-content\/uploads\/2025\/09\/DEN_VENLIGE_VINTERVERSION_HAND_v_0-768x768.jpg 768w, https:\/\/interflora.dk\/blog\/wp-content\/uploads\/2025\/09\/DEN_VENLIGE_VINTERVERSION_HAND_v_0.jpg 1200w\" sizes=\"auto, (max-width: 300px) 100vw, 300px\" \/><img decoding=\"async\" class=\"lp-badge\" src=\"https:\/\/prodblog.interflora.dk\/blog\/wp-content\/uploads\/2025\/09\/220422_INTERFLORA_Main_Logo_rgb_Main_Color.avif\" alt=\"Send blomster med Interflora\"><\/div><span>Den venlige<\/span><p>Fra 229 kr.<\/p><span class=\"obf-link lp-cta\" role=\"link\" tabindex=\"0\" data-b64=\"aHR0cHM6Ly9pbnRlcmZsb3JhLmRrL3Byb2R1a3QvZGVuLXZlbmxpZ2U\/dj0xNTgwMiYjMDM4O3ZhcmlhdGlvbj1jMDRiZDM3OC1kZGYyLTRjMmItYmM5My1hYWM2ZWJlZWUwNDI\/dXRtX21lZGl1bT1vcmdhbmljJnV0bV9zb3VyY2U9YmxvZ19wcm9kdWN0cyZ1dG1fY2FtcGFpZ249NTc0Ng==\" data-target=\"_blank\"><svg xmlns=\"http:\/\/www.w3.org\/2000\/svg\" width=\"16\" height=\"16\" fill=\"currentColor\" class=\"bi bi-bag\" viewBox=\"0 0 16 16\"><path d=\"M8 1a2 2 0 0 1 2 2v1h2.5A1.5 1.5 0 0 1 14 5.5v8A1.5 1.5 0 0 1 12.5 15h-9A1.5 1.5 0 0 1 2 13.5v-8A1.5 1.5 0 0 1 3.5 3H6V2a2 2 0 0 1 2-1zm1 3V3a1 1 0 0 0-2 0v1h2z\"\/><\/svg>K\u00f8b her<\/span><p class=\"rapido\">Levering i dag<\/p><\/div><div class=\"lp-produit\"><div class=\"lp-thumbnail-wrapper\"><img loading=\"lazy\" decoding=\"async\" width=\"300\" height=\"300\" src=\"https:\/\/interflora.dk\/blog\/wp-content\/uploads\/2025\/09\/DEN_SOEDE_OMTANKE_HAND_173-300x300.jpg\" class=\"attachment-medium size-medium wp-post-image\" alt=\"\" srcset=\"https:\/\/interflora.dk\/blog\/wp-content\/uploads\/2025\/09\/DEN_SOEDE_OMTANKE_HAND_173-300x300.jpg 300w, https:\/\/interflora.dk\/blog\/wp-content\/uploads\/2025\/09\/DEN_SOEDE_OMTANKE_HAND_173-1024x1024.jpg 1024w, https:\/\/interflora.dk\/blog\/wp-content\/uploads\/2025\/09\/DEN_SOEDE_OMTANKE_HAND_173-150x150.jpg 150w, https:\/\/interflora.dk\/blog\/wp-content\/uploads\/2025\/09\/DEN_SOEDE_OMTANKE_HAND_173-768x768.jpg 768w, https:\/\/interflora.dk\/blog\/wp-content\/uploads\/2025\/09\/DEN_SOEDE_OMTANKE_HAND_173.jpg 1200w\" sizes=\"auto, (max-width: 300px) 100vw, 300px\" \/><img decoding=\"async\" class=\"lp-badge\" src=\"https:\/\/prodblog.interflora.dk\/blog\/wp-content\/uploads\/2025\/09\/220422_INTERFLORA_Main_Logo_rgb_Main_Color.avif\" alt=\"Send blomster med Interflora\"><\/div><span>Den s\u00f8de omtanke<\/span><p>Fra 319 kr.<\/p><span class=\"obf-link lp-cta\" role=\"link\" tabindex=\"0\" data-b64=\"aHR0cHM6Ly9pbnRlcmZsb3JhLmRrL3Byb2R1a3QvZGVuLXNvZWRlLW9tdGFua2U\/dj0xOTI2JiMwMzg7dmFyaWF0aW9uPTNlY2U2YmYxLTdhOTAtNDQwMi1iYzQ5LWM4ZTcyMjQ4ODM5ND91dG1fbWVkaXVtPW9yZ2FuaWMmdXRtX3NvdXJjZT1ibG9nX3Byb2R1Y3RzJnV0bV9jYW1wYWlnbj0xNzM=\" data-target=\"_blank\"><svg xmlns=\"http:\/\/www.w3.org\/2000\/svg\" width=\"16\" height=\"16\" fill=\"currentColor\" class=\"bi bi-bag\" viewBox=\"0 0 16 16\"><path d=\"M8 1a2 2 0 0 1 2 2v1h2.5A1.5 1.5 0 0 1 14 5.5v8A1.5 1.5 0 0 1 12.5 15h-9A1.5 1.5 0 0 1 2 13.5v-8A1.5 1.5 0 0 1 3.5 3H6V2a2 2 0 0 1 2-1zm1 3V3a1 1 0 0 0-2 0v1h2z\"\/><\/svg>K\u00f8b her<\/span><p class=\"rapido\">Bundet af din lokale florist<\/p><\/div><div class=\"lp-produit\"><div class=\"lp-thumbnail-wrapper\"><img loading=\"lazy\" decoding=\"async\" width=\"300\" height=\"300\" src=\"https:\/\/interflora.dk\/blog\/wp-content\/uploads\/2025\/09\/DEN_FORTRYLLENDE_SMALL-300x300.jpg\" class=\"attachment-medium size-medium wp-post-image\" alt=\"\" srcset=\"https:\/\/interflora.dk\/blog\/wp-content\/uploads\/2025\/09\/DEN_FORTRYLLENDE_SMALL-300x300.jpg 300w, https:\/\/interflora.dk\/blog\/wp-content\/uploads\/2025\/09\/DEN_FORTRYLLENDE_SMALL-1024x1024.jpg 1024w, https:\/\/interflora.dk\/blog\/wp-content\/uploads\/2025\/09\/DEN_FORTRYLLENDE_SMALL-150x150.jpg 150w, https:\/\/interflora.dk\/blog\/wp-content\/uploads\/2025\/09\/DEN_FORTRYLLENDE_SMALL-768x768.jpg 768w, https:\/\/interflora.dk\/blog\/wp-content\/uploads\/2025\/09\/DEN_FORTRYLLENDE_SMALL.jpg 1200w\" sizes=\"auto, (max-width: 300px) 100vw, 300px\" \/><img decoding=\"async\" class=\"lp-badge\" src=\"https:\/\/prodblog.interflora.dk\/blog\/wp-content\/uploads\/2025\/09\/220422_INTERFLORA_Main_Logo_rgb_Main_Color.avif\" alt=\"Send blomster med Interflora\"><\/div><span>Den fortryllende<\/span><p>Fra 259 kr.<\/p><span class=\"obf-link lp-cta\" role=\"link\" tabindex=\"0\" data-b64=\"aHR0cHM6Ly9pbnRlcmZsb3JhLmRrL3Byb2R1a3QvZGVuLWZvcnRyeWxsZW5kZT92PTkzMDYmIzAzODt2YXJpYXRpb249ZGNiMjRlM2QtMzBlZC00OTAxLWI0YWUtYTYxOTlkMzE2MWU2P3V0bV9tZWRpdW09b3JnYW5pYyZ1dG1fc291cmNlPWJsb2dfcHJvZHVjdHMmdXRtX2NhbXBhaWduPTU1MQ==\" data-target=\"_blank\"><svg xmlns=\"http:\/\/www.w3.org\/2000\/svg\" width=\"16\" height=\"16\" fill=\"currentColor\" class=\"bi bi-bag\" viewBox=\"0 0 16 16\"><path d=\"M8 1a2 2 0 0 1 2 2v1h2.5A1.5 1.5 0 0 1 14 5.5v8A1.5 1.5 0 0 1 12.5 15h-9A1.5 1.5 0 0 1 2 13.5v-8A1.5 1.5 0 0 1 3.5 3H6V2a2 2 0 0 1 2-1zm1 3V3a1 1 0 0 0-2 0v1h2z\"\/><\/svg>K\u00f8b her<\/span><p class=\"rapido\">Bundet af din lokale florist<\/p><\/div><\/div>\n\n\n\n<div style=\"height:10px\" aria-hidden=\"true\" class=\"wp-block-spacer\"><\/div>\n\n\n\n<div class=\"wp-block-buttons has-custom-font-size has-medium-font-size is-content-justification-center is-layout-flex wp-container-core-buttons-is-layout-a89b3969 wp-block-buttons-is-layout-flex\">\n<div class=\"wp-block-button has-custom-font-size has-medium-font-size\"><a class=\"wp-block-button__link has-background wp-element-button\" href=\"https:\/\/interflora.dk\/produkter\/anledninger\/bryllupsdage?utm_source=blog&amp;utm_medium=organic&amp;utm_campaign=bryllupsdage-cta\" style=\"background-color:#f34c6c\" target=\"_blank\" rel=\"noreferrer noopener\">Vores udvalg til en bryllupsdag<\/a><\/div>\n<\/div>\n","protected":false},"excerpt":{"rendered":"<p>Fra hyacintbryllup til tulipanbryllup. Traditionelt fejres 100 m\u00e6rkedage for bryllupper opkaldt efter materialer som blomster eller metaller. Hvis vi kun [&hellip;]<\/p>\n","protected":false},"author":1,"featured_media":38414,"comment_status":"open","ping_status":"open","sticky":false,"template":"","format":"standard","meta":{"_uag_custom_page_level_css":"","site-sidebar-layout":"default","site-content-layout":"","ast-site-content-layout":"default","site-content-style":"default","site-sidebar-style":"default","ast-global-header-display":"","ast-banner-title-visibility":"","ast-main-header-display":"","ast-hfb-above-header-display":"","ast-hfb-below-header-display":"","ast-hfb-mobile-header-display":"","site-post-title":"","ast-breadcrumbs-content":"","ast-featured-img":"","footer-sml-layout":"","ast-disable-related-posts":"","theme-transparent-header-meta":"","adv-header-id-meta":"","stick-header-meta":"","header-above-stick-meta":"","header-main-stick-meta":"","header-below-stick-meta":"","astra-migrate-meta-layouts":"set","ast-page-background-enabled":"default","ast-page-background-meta":{"desktop":{"background-color":"var(--ast-global-color-4)","background-image":"","background-repeat":"repeat","background-position":"center center","background-size":"auto","background-attachment":"scroll","background-type":"","background-media":"","overlay-type":"","overlay-color":"","overlay-opacity":"","overlay-gradient":""},"tablet":{"background-color":"","background-image":"","background-repeat":"repeat","background-position":"center center","background-size":"auto","background-attachment":"scroll","background-type":"","background-media":"","overlay-type":"","overlay-color":"","overlay-opacity":"","overlay-gradient":""},"mobile":{"background-color":"","background-image":"","background-repeat":"repeat","background-position":"center center","background-size":"auto","background-attachment":"scroll","background-type":"","background-media":"","overlay-type":"","overlay-color":"","overlay-opacity":"","overlay-gradient":""}},"ast-content-background-meta":{"desktop":{"background-color":"var(--ast-global-color-5)","background-image":"","background-repeat":"repeat","background-position":"center center","background-size":"auto","background-attachment":"scroll","background-type":"","background-media":"","overlay-type":"","overlay-color":"","overlay-opacity":"","overlay-gradient":""},"tablet":{"background-color":"var(--ast-global-color-5)","background-image":"","background-repeat":"repeat","background-position":"center center","background-size":"auto","background-attachment":"scroll","background-type":"","background-media":"","overlay-type":"","overlay-color":"","overlay-opacity":"","overlay-gradient":""},"mobile":{"background-color":"var(--ast-global-color-5)","background-image":"","background-repeat":"repeat","background-position":"center center","background-size":"auto","background-attachment":"scroll","background-type":"","background-media":"","overlay-type":"","overlay-color":"","overlay-opacity":"","overlay-gradient":""}},"footnotes":""},"categories":[173,231,167],"tags":[182],"class_list":["post-38412","post","type-post","status-publish","format-standard","has-post-thumbnail","hentry","category-blomsternes-betydning","category-bryllupsdag","category-anledninger","tag-bryllupsdag"],"yoast_head":"<!-- This site is optimized with the Yoast SEO plugin v27.4 - https:\/\/yoast.com\/product\/yoast-seo-wordpress\/ -->\n<title>Bryllupsdage og deres betydning | Interflora<\/title>\n<meta name=\"description\" content=\"Fra hyacintbryllup til tulipanbryllup. Traditionelt fejres 100 m\u00e6rkedage for bryllupper opkaldt efter materialer som blomster eller metaller.\" \/>\n<meta name=\"robots\" content=\"index, follow, max-snippet:-1, max-image-preview:large, max-video-preview:-1\" \/>\n<link rel=\"canonical\" href=\"https:\/\/interflora.dk\/blog\/bryllupsdage\/\" \/>\n<meta property=\"og:locale\" content=\"da_DK\" \/>\n<meta property=\"og:type\" content=\"article\" \/>\n<meta property=\"og:title\" content=\"Bryllupsdage og deres betydning | Interflora\" \/>\n<meta property=\"og:description\" content=\"Fra hyacintbryllup til tulipanbryllup. Traditionelt fejres 100 m\u00e6rkedage for bryllupper opkaldt efter materialer som blomster eller metaller.\" \/>\n<meta property=\"og:url\" content=\"https:\/\/interflora.dk\/blog\/bryllupsdage\/\" \/>\n<meta property=\"og:site_name\" content=\"Interflora\" \/>\n<meta property=\"article:publisher\" content=\"https:\/\/www.facebook.com\/InterfloraDanmark\" \/>\n<meta property=\"article:published_time\" content=\"2024-06-26T08:28:08+00:00\" \/>\n<meta property=\"og:image\" content=\"https:\/\/interflora.dk\/blog\/wp-content\/uploads\/2023\/12\/bryllupsdag-3-1.jpg\" \/>\n\t<meta property=\"og:image:width\" content=\"1500\" \/>\n\t<meta property=\"og:image:height\" content=\"1033\" \/>\n\t<meta property=\"og:image:type\" content=\"image\/jpeg\" \/>\n<meta name=\"author\" content=\"admin\" \/>\n<meta name=\"twitter:card\" content=\"summary_large_image\" \/>\n<meta name=\"twitter:label1\" content=\"Skrevet af\" \/>\n\t<meta name=\"twitter:data1\" content=\"admin\" \/>\n\t<meta name=\"twitter:label2\" content=\"Estimeret l\u00e6setid\" \/>\n\t<meta name=\"twitter:data2\" content=\"6 minutter\" \/>\n<script type=\"application\/ld+json\" class=\"yoast-schema-graph\">{\"@context\":\"https:\\\/\\\/schema.org\",\"@graph\":[{\"@type\":\"Article\",\"@id\":\"https:\\\/\\\/interflora.dk\\\/blog\\\/bryllupsdage\\\/#article\",\"isPartOf\":{\"@id\":\"https:\\\/\\\/interflora.dk\\\/blog\\\/bryllupsdage\\\/\"},\"author\":{\"name\":\"admin\",\"@id\":\"https:\\\/\\\/interflora.dk\\\/blog\\\/#\\\/schema\\\/person\\\/dbbd1ad45e05409c356dc639597669f2\"},\"headline\":\"Bryllupsdage og deres betydning\",\"datePublished\":\"2024-06-26T08:28:08+00:00\",\"mainEntityOfPage\":{\"@id\":\"https:\\\/\\\/interflora.dk\\\/blog\\\/bryllupsdage\\\/\"},\"wordCount\":630,\"commentCount\":0,\"publisher\":{\"@id\":\"https:\\\/\\\/interflora.dk\\\/blog\\\/#organization\"},\"image\":{\"@id\":\"https:\\\/\\\/interflora.dk\\\/blog\\\/bryllupsdage\\\/#primaryimage\"},\"thumbnailUrl\":\"https:\\\/\\\/interflora.dk\\\/blog\\\/wp-content\\\/uploads\\\/2023\\\/12\\\/bryllupsdag-3-1.jpg\",\"keywords\":[\"Bryllupsdag\"],\"articleSection\":[\"Blomsternes betydning: symbolik og inspiration\",\"Bryllupsdagsfejring: Ideer og inspiration\",\"Interfloras guide til alle anledninger\"],\"inLanguage\":\"da-DK\",\"potentialAction\":[{\"@type\":\"CommentAction\",\"name\":\"Comment\",\"target\":[\"https:\\\/\\\/interflora.dk\\\/blog\\\/bryllupsdage\\\/#respond\"]}]},{\"@type\":\"WebPage\",\"@id\":\"https:\\\/\\\/interflora.dk\\\/blog\\\/bryllupsdage\\\/\",\"url\":\"https:\\\/\\\/interflora.dk\\\/blog\\\/bryllupsdage\\\/\",\"name\":\"Bryllupsdage og deres betydning | Interflora\",\"isPartOf\":{\"@id\":\"https:\\\/\\\/interflora.dk\\\/blog\\\/#website\"},\"primaryImageOfPage\":{\"@id\":\"https:\\\/\\\/interflora.dk\\\/blog\\\/bryllupsdage\\\/#primaryimage\"},\"image\":{\"@id\":\"https:\\\/\\\/interflora.dk\\\/blog\\\/bryllupsdage\\\/#primaryimage\"},\"thumbnailUrl\":\"https:\\\/\\\/interflora.dk\\\/blog\\\/wp-content\\\/uploads\\\/2023\\\/12\\\/bryllupsdag-3-1.jpg\",\"datePublished\":\"2024-06-26T08:28:08+00:00\",\"description\":\"Fra hyacintbryllup til tulipanbryllup. Traditionelt fejres 100 m\u00e6rkedage for bryllupper opkaldt efter materialer som blomster eller metaller.\",\"breadcrumb\":{\"@id\":\"https:\\\/\\\/interflora.dk\\\/blog\\\/bryllupsdage\\\/#breadcrumb\"},\"inLanguage\":\"da-DK\",\"potentialAction\":[{\"@type\":\"ReadAction\",\"target\":[\"https:\\\/\\\/interflora.dk\\\/blog\\\/bryllupsdage\\\/\"]}]},{\"@type\":\"ImageObject\",\"inLanguage\":\"da-DK\",\"@id\":\"https:\\\/\\\/interflora.dk\\\/blog\\\/bryllupsdage\\\/#primaryimage\",\"url\":\"https:\\\/\\\/interflora.dk\\\/blog\\\/wp-content\\\/uploads\\\/2023\\\/12\\\/bryllupsdag-3-1.jpg\",\"contentUrl\":\"https:\\\/\\\/interflora.dk\\\/blog\\\/wp-content\\\/uploads\\\/2023\\\/12\\\/bryllupsdag-3-1.jpg\",\"width\":1500,\"height\":1033,\"caption\":\"Buket roser Bryllupsdag\"},{\"@type\":\"BreadcrumbList\",\"@id\":\"https:\\\/\\\/interflora.dk\\\/blog\\\/bryllupsdage\\\/#breadcrumb\",\"itemListElement\":[{\"@type\":\"ListItem\",\"position\":1,\"name\":\"Home\",\"item\":\"https:\\\/\\\/interflora.dk\\\/blog\\\/\"},{\"@type\":\"ListItem\",\"position\":2,\"name\":\"Bryllupsdage og deres betydning\"}]},{\"@type\":\"WebSite\",\"@id\":\"https:\\\/\\\/interflora.dk\\\/blog\\\/#website\",\"url\":\"https:\\\/\\\/interflora.dk\\\/blog\\\/\",\"name\":\"Interflora\",\"description\":\"\",\"publisher\":{\"@id\":\"https:\\\/\\\/interflora.dk\\\/blog\\\/#organization\"},\"potentialAction\":[{\"@type\":\"SearchAction\",\"target\":{\"@type\":\"EntryPoint\",\"urlTemplate\":\"https:\\\/\\\/interflora.dk\\\/blog\\\/?s={search_term_string}\"},\"query-input\":{\"@type\":\"PropertyValueSpecification\",\"valueRequired\":true,\"valueName\":\"search_term_string\"}}],\"inLanguage\":\"da-DK\"},{\"@type\":\"Organization\",\"@id\":\"https:\\\/\\\/interflora.dk\\\/blog\\\/#organization\",\"name\":\"Interflora\",\"url\":\"https:\\\/\\\/interflora.dk\\\/blog\\\/\",\"logo\":{\"@type\":\"ImageObject\",\"inLanguage\":\"da-DK\",\"@id\":\"https:\\\/\\\/interflora.dk\\\/blog\\\/#\\\/schema\\\/logo\\\/image\\\/\",\"url\":\"https:\\\/\\\/interflora.dk\\\/blog\\\/wp-content\\\/uploads\\\/2025\\\/09\\\/220422_INTERFLORA_Logo_rgb_Half_Top_Circle_Main_Color.png\",\"contentUrl\":\"https:\\\/\\\/interflora.dk\\\/blog\\\/wp-content\\\/uploads\\\/2025\\\/09\\\/220422_INTERFLORA_Logo_rgb_Half_Top_Circle_Main_Color.png\",\"width\":1418,\"height\":710,\"caption\":\"Interflora\"},\"image\":{\"@id\":\"https:\\\/\\\/interflora.dk\\\/blog\\\/#\\\/schema\\\/logo\\\/image\\\/\"},\"sameAs\":[\"https:\\\/\\\/www.facebook.com\\\/InterfloraDanmark\",\"https:\\\/\\\/www.instagram.com\\\/interfloradk\",\"https:\\\/\\\/www.linkedin.com\\\/company\\\/interfloradanmark\",\"https:\\\/\\\/www.youtube.com\\\/user\\\/InterfloraTV\"]},{\"@type\":\"Person\",\"@id\":\"https:\\\/\\\/interflora.dk\\\/blog\\\/#\\\/schema\\\/person\\\/dbbd1ad45e05409c356dc639597669f2\",\"name\":\"admin\",\"image\":{\"@type\":\"ImageObject\",\"inLanguage\":\"da-DK\",\"@id\":\"https:\\\/\\\/interflora.dk\\\/blog\\\/wp-content\\\/litespeed\\\/avatar\\\/1fe3cced9e67df62d0a6f995d75823a5.jpg?ver=1777539892\",\"url\":\"https:\\\/\\\/interflora.dk\\\/blog\\\/wp-content\\\/litespeed\\\/avatar\\\/1fe3cced9e67df62d0a6f995d75823a5.jpg?ver=1777539892\",\"contentUrl\":\"https:\\\/\\\/interflora.dk\\\/blog\\\/wp-content\\\/litespeed\\\/avatar\\\/1fe3cced9e67df62d0a6f995d75823a5.jpg?ver=1777539892\",\"caption\":\"admin\"}}]}<\/script>\n<!-- \/ Yoast SEO plugin. -->","yoast_head_json":{"title":"Bryllupsdage og deres betydning | Interflora","description":"Fra hyacintbryllup til tulipanbryllup. Traditionelt fejres 100 m\u00e6rkedage for bryllupper opkaldt efter materialer som blomster eller metaller.","robots":{"index":"index","follow":"follow","max-snippet":"max-snippet:-1","max-image-preview":"max-image-preview:large","max-video-preview":"max-video-preview:-1"},"canonical":"https:\/\/interflora.dk\/blog\/bryllupsdage\/","og_locale":"da_DK","og_type":"article","og_title":"Bryllupsdage og deres betydning | Interflora","og_description":"Fra hyacintbryllup til tulipanbryllup. Traditionelt fejres 100 m\u00e6rkedage for bryllupper opkaldt efter materialer som blomster eller metaller.","og_url":"https:\/\/interflora.dk\/blog\/bryllupsdage\/","og_site_name":"Interflora","article_publisher":"https:\/\/www.facebook.com\/InterfloraDanmark","article_published_time":"2024-06-26T08:28:08+00:00","og_image":[{"width":1500,"height":1033,"url":"https:\/\/interflora.dk\/blog\/wp-content\/uploads\/2023\/12\/bryllupsdag-3-1.jpg","type":"image\/jpeg"}],"author":"admin","twitter_card":"summary_large_image","twitter_misc":{"Skrevet af":"admin","Estimeret l\u00e6setid":"6 minutter"},"schema":{"@context":"https:\/\/schema.org","@graph":[{"@type":"Article","@id":"https:\/\/interflora.dk\/blog\/bryllupsdage\/#article","isPartOf":{"@id":"https:\/\/interflora.dk\/blog\/bryllupsdage\/"},"author":{"name":"admin","@id":"https:\/\/interflora.dk\/blog\/#\/schema\/person\/dbbd1ad45e05409c356dc639597669f2"},"headline":"Bryllupsdage og deres betydning","datePublished":"2024-06-26T08:28:08+00:00","mainEntityOfPage":{"@id":"https:\/\/interflora.dk\/blog\/bryllupsdage\/"},"wordCount":630,"commentCount":0,"publisher":{"@id":"https:\/\/interflora.dk\/blog\/#organization"},"image":{"@id":"https:\/\/interflora.dk\/blog\/bryllupsdage\/#primaryimage"},"thumbnailUrl":"https:\/\/interflora.dk\/blog\/wp-content\/uploads\/2023\/12\/bryllupsdag-3-1.jpg","keywords":["Bryllupsdag"],"articleSection":["Blomsternes betydning: symbolik og inspiration","Bryllupsdagsfejring: Ideer og inspiration","Interfloras guide til alle anledninger"],"inLanguage":"da-DK","potentialAction":[{"@type":"CommentAction","name":"Comment","target":["https:\/\/interflora.dk\/blog\/bryllupsdage\/#respond"]}]},{"@type":"WebPage","@id":"https:\/\/interflora.dk\/blog\/bryllupsdage\/","url":"https:\/\/interflora.dk\/blog\/bryllupsdage\/","name":"Bryllupsdage og deres betydning | Interflora","isPartOf":{"@id":"https:\/\/interflora.dk\/blog\/#website"},"primaryImageOfPage":{"@id":"https:\/\/interflora.dk\/blog\/bryllupsdage\/#primaryimage"},"image":{"@id":"https:\/\/interflora.dk\/blog\/bryllupsdage\/#primaryimage"},"thumbnailUrl":"https:\/\/interflora.dk\/blog\/wp-content\/uploads\/2023\/12\/bryllupsdag-3-1.jpg","datePublished":"2024-06-26T08:28:08+00:00","description":"Fra hyacintbryllup til tulipanbryllup. Traditionelt fejres 100 m\u00e6rkedage for bryllupper opkaldt efter materialer som blomster eller metaller.","breadcrumb":{"@id":"https:\/\/interflora.dk\/blog\/bryllupsdage\/#breadcrumb"},"inLanguage":"da-DK","potentialAction":[{"@type":"ReadAction","target":["https:\/\/interflora.dk\/blog\/bryllupsdage\/"]}]},{"@type":"ImageObject","inLanguage":"da-DK","@id":"https:\/\/interflora.dk\/blog\/bryllupsdage\/#primaryimage","url":"https:\/\/interflora.dk\/blog\/wp-content\/uploads\/2023\/12\/bryllupsdag-3-1.jpg","contentUrl":"https:\/\/interflora.dk\/blog\/wp-content\/uploads\/2023\/12\/bryllupsdag-3-1.jpg","width":1500,"height":1033,"caption":"Buket roser Bryllupsdag"},{"@type":"BreadcrumbList","@id":"https:\/\/interflora.dk\/blog\/bryllupsdage\/#breadcrumb","itemListElement":[{"@type":"ListItem","position":1,"name":"Home","item":"https:\/\/interflora.dk\/blog\/"},{"@type":"ListItem","position":2,"name":"Bryllupsdage og deres betydning"}]},{"@type":"WebSite","@id":"https:\/\/interflora.dk\/blog\/#website","url":"https:\/\/interflora.dk\/blog\/","name":"Interflora","description":"","publisher":{"@id":"https:\/\/interflora.dk\/blog\/#organization"},"potentialAction":[{"@type":"SearchAction","target":{"@type":"EntryPoint","urlTemplate":"https:\/\/interflora.dk\/blog\/?s={search_term_string}"},"query-input":{"@type":"PropertyValueSpecification","valueRequired":true,"valueName":"search_term_string"}}],"inLanguage":"da-DK"},{"@type":"Organization","@id":"https:\/\/interflora.dk\/blog\/#organization","name":"Interflora","url":"https:\/\/interflora.dk\/blog\/","logo":{"@type":"ImageObject","inLanguage":"da-DK","@id":"https:\/\/interflora.dk\/blog\/#\/schema\/logo\/image\/","url":"https:\/\/interflora.dk\/blog\/wp-content\/uploads\/2025\/09\/220422_INTERFLORA_Logo_rgb_Half_Top_Circle_Main_Color.png","contentUrl":"https:\/\/interflora.dk\/blog\/wp-content\/uploads\/2025\/09\/220422_INTERFLORA_Logo_rgb_Half_Top_Circle_Main_Color.png","width":1418,"height":710,"caption":"Interflora"},"image":{"@id":"https:\/\/interflora.dk\/blog\/#\/schema\/logo\/image\/"},"sameAs":["https:\/\/www.facebook.com\/InterfloraDanmark","https:\/\/www.instagram.com\/interfloradk","https:\/\/www.linkedin.com\/company\/interfloradanmark","https:\/\/www.youtube.com\/user\/InterfloraTV"]},{"@type":"Person","@id":"https:\/\/interflora.dk\/blog\/#\/schema\/person\/dbbd1ad45e05409c356dc639597669f2","name":"admin","image":{"@type":"ImageObject","inLanguage":"da-DK","@id":"https:\/\/interflora.dk\/blog\/wp-content\/litespeed\/avatar\/1fe3cced9e67df62d0a6f995d75823a5.jpg?ver=1777539892","url":"https:\/\/interflora.dk\/blog\/wp-content\/litespeed\/avatar\/1fe3cced9e67df62d0a6f995d75823a5.jpg?ver=1777539892","contentUrl":"https:\/\/interflora.dk\/blog\/wp-content\/litespeed\/avatar\/1fe3cced9e67df62d0a6f995d75823a5.jpg?ver=1777539892","caption":"admin"}}]}},"uagb_featured_image_src":{"full":["https:\/\/interflora.dk\/blog\/wp-content\/uploads\/2023\/12\/bryllupsdag-3-1.jpg",1500,1033,false],"thumbnail":["https:\/\/interflora.dk\/blog\/wp-content\/uploads\/2023\/12\/bryllupsdag-3-1-150x150.jpg",150,150,true],"medium":["https:\/\/interflora.dk\/blog\/wp-content\/uploads\/2023\/12\/bryllupsdag-3-1-300x207.jpg",300,207,true],"medium_large":["https:\/\/interflora.dk\/blog\/wp-content\/uploads\/2023\/12\/bryllupsdag-3-1-768x529.jpg",768,529,true],"large":["https:\/\/interflora.dk\/blog\/wp-content\/uploads\/2023\/12\/bryllupsdag-3-1-1024x705.jpg",1024,705,true],"1536x1536":["https:\/\/interflora.dk\/blog\/wp-content\/uploads\/2023\/12\/bryllupsdag-3-1.jpg",1500,1033,false],"2048x2048":["https:\/\/interflora.dk\/blog\/wp-content\/uploads\/2023\/12\/bryllupsdag-3-1.jpg",1500,1033,false]},"uagb_author_info":{"display_name":"admin","author_link":"https:\/\/interflora.dk\/blog\/author\/admin\/"},"uagb_comment_info":0,"uagb_excerpt":"Fra hyacintbryllup til tulipanbryllup. Traditionelt fejres 100 m\u00e6rkedage for bryllupper opkaldt efter materialer som blomster eller metaller. Hvis vi kun [&hellip;]","_links":{"self":[{"href":"https:\/\/interflora.dk\/blog\/wp-json\/wp\/v2\/posts\/38412","targetHints":{"allow":["GET"]}}],"collection":[{"href":"https:\/\/interflora.dk\/blog\/wp-json\/wp\/v2\/posts"}],"about":[{"href":"https:\/\/interflora.dk\/blog\/wp-json\/wp\/v2\/types\/post"}],"author":[{"embeddable":true,"href":"https:\/\/interflora.dk\/blog\/wp-json\/wp\/v2\/users\/1"}],"replies":[{"embeddable":true,"href":"https:\/\/interflora.dk\/blog\/wp-json\/wp\/v2\/comments?post=38412"}],"version-history":[{"count":0,"href":"https:\/\/interflora.dk\/blog\/wp-json\/wp\/v2\/posts\/38412\/revisions"}],"wp:featuredmedia":[{"embeddable":true,"href":"https:\/\/interflora.dk\/blog\/wp-json\/wp\/v2\/media\/38414"}],"wp:attachment":[{"href":"https:\/\/interflora.dk\/blog\/wp-json\/wp\/v2\/media?parent=38412"}],"wp:term":[{"taxonomy":"category","embeddable":true,"href":"https:\/\/interflora.dk\/blog\/wp-json\/wp\/v2\/categories?post=38412"},{"taxonomy":"post_tag","embeddable":true,"href":"https:\/\/interflora.dk\/blog\/wp-json\/wp\/v2\/tags?post=38412"}],"curies":[{"name":"wp","href":"https:\/\/api.w.org\/{rel}","templated":true}]}}