{"id":39210,"date":"2026-03-12T13:21:20","date_gmt":"2026-03-12T12:21:20","guid":{"rendered":"https:\/\/interflora.dk\/blog\/?p=39210"},"modified":"2026-04-01T09:53:24","modified_gmt":"2026-04-01T07:53:24","slug":"tulipaner-farve-og-symbolik","status":"publish","type":"post","link":"https:\/\/interflora.dk\/blog\/tulipaner-farve-og-symbolik\/","title":{"rendered":"Tulipaner: Farve og symbolik"},"content":{"rendered":"\n<p>Tulipanen er en fantastisk blomst, der varsler for\u00e5rets komme. Ligesom roser betragtes tulipaner som et billede p\u00e5 k\u00e6rlighed, men deres symbolske betydning kan variere afh\u00e6ngigt af deres farve og de omst\u00e6ndigheder, under hvilke de gives. En tulipanbuket kan formidle en bred vifte af f\u00f8lelser, fra beundring over lidenskab til sorg. R\u00f8de tulipaner symboliserer \u00e6gte k\u00e6rlighed, mens gule tulipaner repr\u00e6senterer gl\u00e6de. Uanset hvilket budskab du \u00f8nsker at formidle, kan vi garantere, at du finder den perfekte tulipan blandt de utallige farver, der findes. L\u00e6s videre for at dykke ned i, hvad tulipaner og deres farver betyder,<\/p>\n\n\n\n<h2 class=\"wp-block-heading alignwide has-text-align-left\">Tulipansymbolik gennem historien<\/h2>\n\n\n\n<p>Tulipaner er smukke og livlige blomster med en us\u00e6dvanlig historie. Selvom tulipaner nu ses som et symbol p\u00e5 k\u00e6rlighed, kan deres raffinerede sprog variere afh\u00e6ngigt af farven. Men s\u00e5dan har det ikke altid v\u00e6ret. Siden <a href=\"https:\/\/interflora.dk\/blog\/tulipaner-og-holland\/\" target=\"_blank\" rel=\"noreferrer noopener\">de hollandske tulipaner<\/a> blev vidt ber\u00f8mte allerede i 1600-tallet, er deres symbolik fortsat med at udvikle sig. Hvis du vil vide mere om disse dejlige for\u00e5rsplanters historie, s\u00e5 forts\u00e6t med at l\u00e6se, for tulipaner har mange interessante hemmeligheder.<\/p>\n\n\n\n<figure class=\"wp-block-image aligncenter size-full is-resized\"><img loading=\"lazy\" decoding=\"async\" width=\"1500\" height=\"1000\" src=\"https:\/\/interflora.dk\/blog\/wp-content\/uploads\/2023\/10\/tulipaner-holland-4.jpg\" alt=\"Tulipaner\" class=\"wp-image-37440\" style=\"width:902px;height:auto\" srcset=\"https:\/\/interflora.dk\/blog\/wp-content\/uploads\/2023\/10\/tulipaner-holland-4.jpg 1500w, https:\/\/interflora.dk\/blog\/wp-content\/uploads\/2023\/10\/tulipaner-holland-4-300x200.jpg 300w, https:\/\/interflora.dk\/blog\/wp-content\/uploads\/2023\/10\/tulipaner-holland-4-1024x683.jpg 1024w, https:\/\/interflora.dk\/blog\/wp-content\/uploads\/2023\/10\/tulipaner-holland-4-768x512.jpg 768w\" sizes=\"auto, (max-width: 1500px) 100vw, 1500px\" \/><\/figure>\n\n\n<div class=\"lp-produits-grid\"><div class=\"lp-produit\"><div class=\"lp-thumbnail-wrapper\"><img loading=\"lazy\" decoding=\"async\" width=\"300\" height=\"300\" src=\"https:\/\/interflora.dk\/blog\/wp-content\/uploads\/2025\/09\/FLORISTENS_KREATIVE_BUKET_I_LYSEROEDE_NUANCER_MEDIUM_6311-300x300.jpg\" class=\"attachment-medium size-medium wp-post-image\" alt=\"\" srcset=\"https:\/\/interflora.dk\/blog\/wp-content\/uploads\/2025\/09\/FLORISTENS_KREATIVE_BUKET_I_LYSEROEDE_NUANCER_MEDIUM_6311-300x300.jpg 300w, https:\/\/interflora.dk\/blog\/wp-content\/uploads\/2025\/09\/FLORISTENS_KREATIVE_BUKET_I_LYSEROEDE_NUANCER_MEDIUM_6311-1024x1024.jpg 1024w, https:\/\/interflora.dk\/blog\/wp-content\/uploads\/2025\/09\/FLORISTENS_KREATIVE_BUKET_I_LYSEROEDE_NUANCER_MEDIUM_6311-150x150.jpg 150w, https:\/\/interflora.dk\/blog\/wp-content\/uploads\/2025\/09\/FLORISTENS_KREATIVE_BUKET_I_LYSEROEDE_NUANCER_MEDIUM_6311-768x768.jpg 768w, https:\/\/interflora.dk\/blog\/wp-content\/uploads\/2025\/09\/FLORISTENS_KREATIVE_BUKET_I_LYSEROEDE_NUANCER_MEDIUM_6311.jpg 1200w\" sizes=\"auto, (max-width: 300px) 100vw, 300px\" \/><img decoding=\"async\" class=\"lp-badge\" src=\"https:\/\/prodblog.interflora.dk\/blog\/wp-content\/uploads\/2025\/09\/220422_INTERFLORA_Main_Logo_rgb_Main_Color.avif\" alt=\"Send blomster med Interflora\"><\/div><span>Floristens kreative buket i lyser\u00f8de nuancer<\/span><p>Fra 229 kr.<\/p><span class=\"obf-link lp-cta\" role=\"link\" tabindex=\"0\" data-b64=\"aHR0cHM6Ly9pbnRlcmZsb3JhLmRrL3Byb2R1a3QvZmxvcmlzdGVucy1rcmVhdGl2ZS1idWtldC1pLWx5c2Vyb2VkZS1udWFuY2VyP3Y9MTYyNTEmIzAzODt2YXJpYXRpb249M2IyNjBkMDYtMGNlNy00NzUyLTk1ZjUtNGMxNDBjMWU1MDJmP3V0bV9tZWRpdW09b3JnYW5pYyZ1dG1fc291cmNlPWJsb2dfcHJvZHVjdHMmdXRtX2NhbXBhaWduPTYzMTE=\" data-target=\"_blank\"><svg xmlns=\"http:\/\/www.w3.org\/2000\/svg\" width=\"16\" height=\"16\" fill=\"currentColor\" class=\"bi bi-bag\" viewBox=\"0 0 16 16\"><path d=\"M8 1a2 2 0 0 1 2 2v1h2.5A1.5 1.5 0 0 1 14 5.5v8A1.5 1.5 0 0 1 12.5 15h-9A1.5 1.5 0 0 1 2 13.5v-8A1.5 1.5 0 0 1 3.5 3H6V2a2 2 0 0 1 2-1zm1 3V3a1 1 0 0 0-2 0v1h2z\"\/><\/svg>K\u00f8b her<\/span><p class=\"rapido\">Levering i dag<\/p><\/div><div class=\"lp-produit\"><div class=\"lp-thumbnail-wrapper\"><img loading=\"lazy\" decoding=\"async\" width=\"300\" height=\"300\" src=\"https:\/\/interflora.dk\/blog\/wp-content\/uploads\/2025\/09\/DEN_SOEDE_OMTANKE_HAND_173-300x300.jpg\" class=\"attachment-medium size-medium wp-post-image\" alt=\"\" srcset=\"https:\/\/interflora.dk\/blog\/wp-content\/uploads\/2025\/09\/DEN_SOEDE_OMTANKE_HAND_173-300x300.jpg 300w, https:\/\/interflora.dk\/blog\/wp-content\/uploads\/2025\/09\/DEN_SOEDE_OMTANKE_HAND_173-1024x1024.jpg 1024w, https:\/\/interflora.dk\/blog\/wp-content\/uploads\/2025\/09\/DEN_SOEDE_OMTANKE_HAND_173-150x150.jpg 150w, https:\/\/interflora.dk\/blog\/wp-content\/uploads\/2025\/09\/DEN_SOEDE_OMTANKE_HAND_173-768x768.jpg 768w, https:\/\/interflora.dk\/blog\/wp-content\/uploads\/2025\/09\/DEN_SOEDE_OMTANKE_HAND_173.jpg 1200w\" sizes=\"auto, (max-width: 300px) 100vw, 300px\" \/><img decoding=\"async\" class=\"lp-badge\" src=\"https:\/\/prodblog.interflora.dk\/blog\/wp-content\/uploads\/2025\/09\/220422_INTERFLORA_Main_Logo_rgb_Main_Color.avif\" alt=\"Send blomster med Interflora\"><\/div><span>Den s\u00f8de omtanke<\/span><p>Fra 319 kr.<\/p><span class=\"obf-link lp-cta\" role=\"link\" tabindex=\"0\" data-b64=\"aHR0cHM6Ly9pbnRlcmZsb3JhLmRrL3Byb2R1a3QvZGVuLXNvZWRlLW9tdGFua2U\/dj0xOTI2JiMwMzg7dmFyaWF0aW9uPTNlY2U2YmYxLTdhOTAtNDQwMi1iYzQ5LWM4ZTcyMjQ4ODM5ND91dG1fbWVkaXVtPW9yZ2FuaWMmdXRtX3NvdXJjZT1ibG9nX3Byb2R1Y3RzJnV0bV9jYW1wYWlnbj0xNzM=\" data-target=\"_blank\"><svg xmlns=\"http:\/\/www.w3.org\/2000\/svg\" width=\"16\" height=\"16\" fill=\"currentColor\" class=\"bi bi-bag\" viewBox=\"0 0 16 16\"><path d=\"M8 1a2 2 0 0 1 2 2v1h2.5A1.5 1.5 0 0 1 14 5.5v8A1.5 1.5 0 0 1 12.5 15h-9A1.5 1.5 0 0 1 2 13.5v-8A1.5 1.5 0 0 1 3.5 3H6V2a2 2 0 0 1 2-1zm1 3V3a1 1 0 0 0-2 0v1h2z\"\/><\/svg>K\u00f8b her<\/span><p class=\"rapido\">Din personlige hilsen<\/p><\/div><div class=\"lp-produit\"><div class=\"lp-thumbnail-wrapper\"><img loading=\"lazy\" decoding=\"async\" width=\"300\" height=\"300\" src=\"https:\/\/interflora.dk\/blog\/wp-content\/uploads\/2025\/09\/DEN_VENLIGE_VINTERVERSION_HAND_v_0-300x300.jpg\" class=\"attachment-medium size-medium wp-post-image\" alt=\"\" srcset=\"https:\/\/interflora.dk\/blog\/wp-content\/uploads\/2025\/09\/DEN_VENLIGE_VINTERVERSION_HAND_v_0-300x300.jpg 300w, https:\/\/interflora.dk\/blog\/wp-content\/uploads\/2025\/09\/DEN_VENLIGE_VINTERVERSION_HAND_v_0-1024x1024.jpg 1024w, https:\/\/interflora.dk\/blog\/wp-content\/uploads\/2025\/09\/DEN_VENLIGE_VINTERVERSION_HAND_v_0-150x150.jpg 150w, https:\/\/interflora.dk\/blog\/wp-content\/uploads\/2025\/09\/DEN_VENLIGE_VINTERVERSION_HAND_v_0-768x768.jpg 768w, https:\/\/interflora.dk\/blog\/wp-content\/uploads\/2025\/09\/DEN_VENLIGE_VINTERVERSION_HAND_v_0.jpg 1200w\" sizes=\"auto, (max-width: 300px) 100vw, 300px\" \/><img decoding=\"async\" class=\"lp-badge\" src=\"https:\/\/prodblog.interflora.dk\/blog\/wp-content\/uploads\/2025\/09\/220422_INTERFLORA_Main_Logo_rgb_Main_Color.avif\" alt=\"Send blomster med Interflora\"><\/div><span>Den venlige<\/span><p>Fra 229 kr.<\/p><span class=\"obf-link lp-cta\" role=\"link\" tabindex=\"0\" data-b64=\"aHR0cHM6Ly9pbnRlcmZsb3JhLmRrL3Byb2R1a3QvZGVuLXZlbmxpZ2U\/dj0xNTgwMiYjMDM4O3ZhcmlhdGlvbj1jMDRiZDM3OC1kZGYyLTRjMmItYmM5My1hYWM2ZWJlZWUwNDI\/dXRtX21lZGl1bT1vcmdhbmljJnV0bV9zb3VyY2U9YmxvZ19wcm9kdWN0cyZ1dG1fY2FtcGFpZ249NTc0Ng==\" data-target=\"_blank\"><svg xmlns=\"http:\/\/www.w3.org\/2000\/svg\" width=\"16\" height=\"16\" fill=\"currentColor\" class=\"bi bi-bag\" viewBox=\"0 0 16 16\"><path d=\"M8 1a2 2 0 0 1 2 2v1h2.5A1.5 1.5 0 0 1 14 5.5v8A1.5 1.5 0 0 1 12.5 15h-9A1.5 1.5 0 0 1 2 13.5v-8A1.5 1.5 0 0 1 3.5 3H6V2a2 2 0 0 1 2-1zm1 3V3a1 1 0 0 0-2 0v1h2z\"\/><\/svg>K\u00f8b her<\/span><p class=\"rapido\">H\u00e5ndbundet af florister<\/p><\/div><div class=\"lp-produit\"><div class=\"lp-thumbnail-wrapper\"><img loading=\"lazy\" decoding=\"async\" width=\"300\" height=\"300\" src=\"https:\/\/interflora.dk\/blog\/wp-content\/uploads\/2025\/09\/DEN_TIL_FOEDSELSDAGEN_VINTER_SMALL_127_v-300x300.jpg\" class=\"attachment-medium size-medium wp-post-image\" alt=\"\" srcset=\"https:\/\/interflora.dk\/blog\/wp-content\/uploads\/2025\/09\/DEN_TIL_FOEDSELSDAGEN_VINTER_SMALL_127_v-300x300.jpg 300w, https:\/\/interflora.dk\/blog\/wp-content\/uploads\/2025\/09\/DEN_TIL_FOEDSELSDAGEN_VINTER_SMALL_127_v-1024x1024.jpg 1024w, https:\/\/interflora.dk\/blog\/wp-content\/uploads\/2025\/09\/DEN_TIL_FOEDSELSDAGEN_VINTER_SMALL_127_v-150x150.jpg 150w, https:\/\/interflora.dk\/blog\/wp-content\/uploads\/2025\/09\/DEN_TIL_FOEDSELSDAGEN_VINTER_SMALL_127_v-768x768.jpg 768w, https:\/\/interflora.dk\/blog\/wp-content\/uploads\/2025\/09\/DEN_TIL_FOEDSELSDAGEN_VINTER_SMALL_127_v.jpg 1200w\" sizes=\"auto, (max-width: 300px) 100vw, 300px\" \/><img decoding=\"async\" class=\"lp-badge\" src=\"https:\/\/prodblog.interflora.dk\/blog\/wp-content\/uploads\/2025\/09\/220422_INTERFLORA_Main_Logo_rgb_Main_Color.avif\" alt=\"Send blomster med Interflora\"><\/div><span>Den til f\u00f8dselsdagen<\/span><p>Fra 299 kr.<\/p><span class=\"obf-link lp-cta\" role=\"link\" tabindex=\"0\" data-b64=\"aHR0cHM6Ly9pbnRlcmZsb3JhLmRrL3Byb2R1a3QvZGVuLXRpbC1mb2Vkc2Vsc2RhZ2VuP3Y9MTU1MSYjMDM4O3ZhcmlhdGlvbj05M2NjOTRlNi0zZmJlLTQ1OTgtYjAwNS03YTk5NTNiNGZlNGI\/dXRtX21lZGl1bT1vcmdhbmljJnV0bV9zb3VyY2U9YmxvZ19wcm9kdWN0cyZ1dG1fY2FtcGFpZ249MTI3\" data-target=\"_blank\"><svg xmlns=\"http:\/\/www.w3.org\/2000\/svg\" width=\"16\" height=\"16\" fill=\"currentColor\" class=\"bi bi-bag\" viewBox=\"0 0 16 16\"><path d=\"M8 1a2 2 0 0 1 2 2v1h2.5A1.5 1.5 0 0 1 14 5.5v8A1.5 1.5 0 0 1 12.5 15h-9A1.5 1.5 0 0 1 2 13.5v-8A1.5 1.5 0 0 1 3.5 3H6V2a2 2 0 0 1 2-1zm1 3V3a1 1 0 0 0-2 0v1h2z\"\/><\/svg>K\u00f8b her<\/span><p class=\"rapido\">Levering i hele Danmark<\/p><\/div><\/div>\n\n\n\n<h3 class=\"wp-block-heading\">En romantisk blomst fra \u00d8sten<\/h3>\n\n\n\n<p>Tulipanen som art er hjemmeh\u00f8rende i Persien og Tyrkiet. Tidligere tjente den dog ikke til at formidle et budskab om k\u00e6rlighed. Afh\u00e6ngigt af farven varierede tulipanens betydning og var ikke n\u00f8dvendigvis relateret til k\u00e6rlighed. For eksempel repr\u00e6senterede violette tulipaner det kongelige, hvide tulipaner symboliserede tilgivelse, og gule tulipaner formidlede glade tanker.<\/p>\n\n\n\n<p>Tulipaner er imidlertid for smukke til ikke at blive forbundet med smukke f\u00f8lelser. Tyrkerne, der var meget f\u00f8lsomme over for sk\u00f8nhed, gav tulipaner <strong>en romantisk betydning<\/strong>. S\u00e5ledes kommer symbolikken i den r\u00f8de tulipan fra en tyrkisk legende. Historien fort\u00e6ller om en prins ved navn Farhad, der var dybt forelsket i en pige ved navn Shirin. Da Farhad h\u00f8rte om sin store k\u00e6rligheds d\u00f8d, begik han selvmord. Det siges, at r\u00f8de tulipaner spirede fra dr\u00e5berne af prinsens blod, og siden da er de blevet betragtet som blomsterne for lidenskabelig k\u00e6rlighed.<\/p>\n\n\n\n<h3 class=\"wp-block-heading\">Tulipaner, sultanernes symbol<\/h3>\n\n\n\n<p>Det botaniske navn <em>tulipa<\/em> stammer fra det tyrkiske &#8216;thoulypen&#8217;, som betyder &#8216;turban&#8217; \u2013 en reference til, at tulipaner i 1500-tallet blev b\u00e5ret i sultanernes turbaner. Derfor er det ikke underligt, at en buket tulipaner udover sine andre betydninger repr\u00e6senterer elegance og n\u00e5de.<br>I Europa blev de s\u00e6rligt popul\u00e6re fra 1700-tallet. P\u00e5 det tidspunkt var de prestigefyldte planter, og deres l\u00f8g blev solgt til ublu priser. Som tulipanhandelen udviklede sig, steg priserne absurd meget, indtil tulipanboblen brast i Holland i 1637. Priserne faldt fra den ene dag til den anden, og de fleste hollandske tulipanhandlere og spekulanter mistede alt. Heldigvis er tulipaner i dag en af de mest almindelige blomster i vores blomsterbutikker, og vi kan plante tulipanl\u00f8g i vores haver uden at skulle optage l\u00e5n i huset.<\/p>\n\n\n\n<div class=\"wp-block-buttons alignwide is-content-justification-center is-layout-flex wp-container-core-buttons-is-layout-a89b3969 wp-block-buttons-is-layout-flex\">\n<div class=\"wp-block-button\"><a class=\"wp-block-button__link has-medium-font-size has-custom-font-size wp-element-button\" href=\"https:\/\/interflora.dk\/blog\/tulipaner\/\" target=\"_blank\" rel=\"noreferrer noopener\">L\u00e6r mere om tulipaner<\/a><\/div>\n<\/div>\n\n\n\n<h2 class=\"wp-block-heading alignwide\">Tulipaner: farvernes betydning<\/h2>\n\n\n\n<div class=\"wp-block-media-text alignwide is-stacked-on-mobile is-image-fill-element\" style=\"grid-template-columns:40% auto\"><figure class=\"wp-block-media-text__media\"><img loading=\"lazy\" decoding=\"async\" width=\"683\" height=\"1024\" src=\"https:\/\/interflora.dk\/blog\/wp-content\/uploads\/2026\/01\/annesophiebenoit-interflora-saint-valentin-48-683x1024.jpg\" alt=\"\" class=\"wp-image-59165 size-full\" style=\"object-position:63% 52%\" srcset=\"https:\/\/interflora.dk\/blog\/wp-content\/uploads\/2026\/01\/annesophiebenoit-interflora-saint-valentin-48-683x1024.jpg 683w, https:\/\/interflora.dk\/blog\/wp-content\/uploads\/2026\/01\/annesophiebenoit-interflora-saint-valentin-48-200x300.jpg 200w, https:\/\/interflora.dk\/blog\/wp-content\/uploads\/2026\/01\/annesophiebenoit-interflora-saint-valentin-48-768x1152.jpg 768w, https:\/\/interflora.dk\/blog\/wp-content\/uploads\/2026\/01\/annesophiebenoit-interflora-saint-valentin-48-1024x1536.jpg 1024w, https:\/\/interflora.dk\/blog\/wp-content\/uploads\/2026\/01\/annesophiebenoit-interflora-saint-valentin-48-1365x2048.jpg 1365w, https:\/\/interflora.dk\/blog\/wp-content\/uploads\/2026\/01\/annesophiebenoit-interflora-saint-valentin-48-scaled.jpg 1707w\" sizes=\"auto, (max-width: 683px) 100vw, 683px\" \/><\/figure><div class=\"wp-block-media-text__content\">\n<p>Det er altid en god id\u00e9 at give en buket <a href=\"http:\/\/L\u00e6s videre for at dykke ned i, hvad tulipaner \u2013 og deres farver\" target=\"_blank\" rel=\"noreferrer noopener\">blomstrende tulipaner<\/a> som gave. Den smukke blomst taler sit eget sprog, der er fuld af nuancer og subtile betydninger. Se her hvordan tulipaners betydning \u00e6ndrer sig afh\u00e6ngigt af deres farve.<\/p>\n\n\n\n<p><strong>Hvide tulipaners betydning<br><\/strong>Hvide tulipaner symboliserer renhed, beundring og nye begyndelser. De repr\u00e6senterer b\u00e5de liv og oprigtig k\u00e6rlighed, hvilket g\u00f8r dem velegnede til alt fra bryllupper og f\u00f8dsler til f\u00f8dselsdage og Mors Dag. <\/p>\n\n\n\n<p><strong>R\u00f8de tulipaners betydning<br><\/strong>R\u00f8de tulipaner symboliserer gl\u00f8dende og lidenskabelig k\u00e6rlighed og gives ofte for at udtrykke de dybeste f\u00f8lelser. Derfor er de blandt verdens mest popul\u00e6re blomster \u2013 p\u00e5 linje med r\u00f8de <a href=\"https:\/\/interflora.dk\/produkter\/roede-roser?utm_source=blog&amp;utm_campaign=post-cta\" target=\"_blank\" rel=\"noreferrer noopener\">roser<\/a> og nelliker. R\u00f8de tulipaner er <a href=\"https:\/\/interflora.dk\/produkter\/anledninger\/valentinsdag?utm_source=blog&amp;utm_campaign=post-cta\" type=\"link\" id=\"https:\/\/interflora.dk\/produkter\/anledninger\/valentinsdag?utm_source=blog&amp;utm_campaign=post-cta\" target=\"_blank\" rel=\"noreferrer noopener\">en ideel gave til Valentinsdag<\/a> eller n\u00e5r som helst p\u00e5 \u00e5ret, hvor du vil erkl\u00e6re din lidenskabelige k\u00e6rlighed. Derudover er de den traditionelle gave til en 23. bryllupsdag.<\/p>\n\n\n\n<p><strong>Gule tulipaners betydning<br><\/strong>Gule tulipaner symboliserer solskin, hengivenhed og \u2013 for nogle \u2013 frygten for at miste en, man holder af. Alligevel minder deres varme farve os om, at k\u00e6rlighed forts\u00e6tter med at blomstre og kan deles med alle omkring os. En buket gule tulipaner bringer lys, livsgl\u00e6de og optimisme ind i hjemmet, s\u00e6rligt under en rekonvalescens.<\/p>\n\n\n\n<p><strong>Lyser\u00f8de tulipaners betydning<br><\/strong>Lyser\u00f8de tulipaner symboliserer spirende k\u00e6rlighed, beundring og moderlig omsorg. En buket i denne farve er et smukt valg til bryllupper, jubil\u00e6er eller som en k\u00e6rlig hilsen til en bedstemor. Vil du forst\u00e6rke budskabet, kan du kombinere lyser\u00f8de tulipaner med r\u00f8de og hvide for et endnu mere nuanceret udtryk.<\/p>\n<\/div><\/div>\n\n\n\n<div class=\"wp-block-media-text alignwide has-media-on-the-right is-stacked-on-mobile is-image-fill-element\" style=\"grid-template-columns:auto 40%\"><div class=\"wp-block-media-text__content\">\n<p><strong>Sorte tulipaners betydning<br><\/strong>Sorte tulipaner er en hentydning til evig k\u00e6rlighed. I virkeligheden findes der ikke sorte tulipaner, men nogle m\u00f8rklilla sorter kan skabe den perfekte illusion. Da de kan v\u00e6re vanskelige at finde, betragtes en buket sorte tulipaner som et \u00e6gte bevis p\u00e5 k\u00e6rlighed.<\/p>\n\n\n\n<p><strong>Bl\u00e5 tulipaners betydning<br><\/strong>Vi vil gerne v\u00e6re \u00e6rlige: Bl\u00e5 tulipaner er ikke en naturlig sort, men er skabt kunstigt. Ikke desto mindre, som de fleste bl\u00e5 blomster, formidler de en f\u00f8lelse af ligev\u00e6gt, fred og ro samt loyalitet.<\/p>\n\n\n\n<p><strong>Lilla<\/strong> <strong>tulipaners<\/strong> <strong>betydning<\/strong><br>Tulipaner i lilla nuancer er knyttet til adel og konger og symboliserer v\u00e6rdighed, stolthed og succes. De formidler ogs\u00e5 st\u00f8tte i en tid med tvivl eller frygt og er ideelle n\u00e5r kvindernes internationale kampdag skal fejres.<\/p>\n\n\n\n<p><strong>Orange tulipaners<\/strong> <strong>betydning<\/strong><br>Orange tulipaner forbindes med gl\u00e6de og positiv energi. En buket i denne varme farve kan l\u00f8fte hum\u00f8ret hos en person, der gennemg\u00e5r en sv\u00e6r tid, f\u00f8ler sig nede eller er p\u00e5 hospitalet.<\/p>\n\n\n\n<p><strong>En flerfarvet buket tulipaner<\/strong><br>At for\u00e6re en buket tulipaner i forskellige farver er som at give gl\u00e6de, k\u00e6rlighed, oprigtighed, venskab og st\u00f8tte &#8211; en hvirvelvind af f\u00f8lelser i en enkelt buket! Tulipaner komplementerer hinanden rigtig godt, og ligesom med rosenbuketter er det altid en god id\u00e9 at kombinere forskellige farver tulipaner, da det formidler en passion for livet.<\/p>\n<\/div><figure class=\"wp-block-media-text__media\"><img loading=\"lazy\" decoding=\"async\" width=\"683\" height=\"1024\" src=\"https:\/\/interflora.dk\/blog\/wp-content\/uploads\/2025\/03\/RC19213-683x1024.jpg\" alt=\"Multifarvet tulipan buket\" class=\"wp-image-60720 size-full\" style=\"object-position:49% 38%\" srcset=\"https:\/\/interflora.dk\/blog\/wp-content\/uploads\/2025\/03\/RC19213-683x1024.jpg 683w, https:\/\/interflora.dk\/blog\/wp-content\/uploads\/2025\/03\/RC19213-200x300.jpg 200w, https:\/\/interflora.dk\/blog\/wp-content\/uploads\/2025\/03\/RC19213-768x1152.jpg 768w, https:\/\/interflora.dk\/blog\/wp-content\/uploads\/2025\/03\/RC19213-1024x1536.jpg 1024w, https:\/\/interflora.dk\/blog\/wp-content\/uploads\/2025\/03\/RC19213-1365x2048.jpg 1365w, https:\/\/interflora.dk\/blog\/wp-content\/uploads\/2025\/03\/RC19213-scaled.jpg 1707w\" sizes=\"auto, (max-width: 683px) 100vw, 683px\" \/><\/figure><\/div>\n\n\n\n<h2 class=\"wp-block-heading alignwide\">Kan du give tulipaner til en begravelse eller bis\u00e6ttelse?<\/h2>\n\n\n\n<div class=\"wp-block-media-text alignwide is-stacked-on-mobile is-image-fill-element\" style=\"grid-template-columns:40% auto\"><figure class=\"wp-block-media-text__media\"><img loading=\"lazy\" decoding=\"async\" width=\"683\" height=\"1024\" src=\"https:\/\/interflora.dk\/blog\/wp-content\/uploads\/2023\/12\/tulipaner-6-683x1024.jpg\" alt=\"Gul tulipanbuket\" class=\"wp-image-39018 size-full\" style=\"object-position:17% 53%\" srcset=\"https:\/\/interflora.dk\/blog\/wp-content\/uploads\/2023\/12\/tulipaner-6-683x1024.jpg 683w, https:\/\/interflora.dk\/blog\/wp-content\/uploads\/2023\/12\/tulipaner-6-200x300.jpg 200w, https:\/\/interflora.dk\/blog\/wp-content\/uploads\/2023\/12\/tulipaner-6-768x1152.jpg 768w, https:\/\/interflora.dk\/blog\/wp-content\/uploads\/2023\/12\/tulipaner-6.jpg 1000w\" sizes=\"auto, (max-width: 683px) 100vw, 683px\" \/><\/figure><div class=\"wp-block-media-text__content\">\n<p>Svaret er ja. Tulipaner forbindes ofte med tr\u00f8st og h\u00e5b i sorgen. De symboliserer genf\u00f8dsel, v\u00e6rdighed og k\u00e6rlighed og er derfor et smukt valg til en begravelse eller bis\u00e6ttelse. <br>Hvis du v\u00e6lger tulipaner som <a href=\"https:\/\/interflora.dk\/produkter\/anledninger\/blomster-til-begravelse\" target=\"_blank\" rel=\"noreferrer noopener\">blomst til en begravelse<\/a> eller bis\u00e6ttelse, er det vigtigt at v\u00e6lge den rigtige tulipanfarve til sorg og forst\u00e5 deres nuancer i denne sammenh\u00e6ng:<\/p>\n\n\n\n<ul class=\"wp-block-list\">\n<li><strong>Lyser\u00f8de tulipaner <\/strong>symboliserer famili\u00e6r k\u00e6rlighed, \u00e6rlighed og tilknytning og er et smukt valg til en bis\u00e6ttelse af en n\u00e6r kvinde, du har haft et st\u00e6rkt b\u00e5nd til.&#8221;<\/li>\n\n\n\n<li><strong>Hvide tulipaner<\/strong> hj\u00e6lper med at lindre sorg og bruges i vid udstr\u00e6kning i religi\u00f8se begivenheder, hvor de er synonyme med fred, uskyld og renhed.<\/li>\n\n\n\n<li><strong>Gule tulipaner <\/strong>symboliserer vitalitet og hj\u00e6lper med at bringe lys ind i en sv\u00e6r tid. De hylder de gode minder og \u00f8nsker den afd\u00f8de en fredfyldt rejse videre.<\/li>\n<\/ul>\n<\/div><\/div>\n\n\n\n<h2 class=\"wp-block-heading alignwide\">F\u00e5 leveret tulipaner med Interflora<\/h2>\n\n\n\n<div class=\"wp-block-media-text alignwide has-media-on-the-right is-stacked-on-mobile is-image-fill-element\" style=\"grid-template-columns:auto 33%\"><div class=\"wp-block-media-text__content\">\n<p>N\u00e5r du bestiller en buket tulipaner online hos Interflora, kan du nemt og hurtigt med f\u00e5 klik f\u00e5 dem leveret. Du skal udelukkende koncentrere dig om at v\u00e6lge de tulipaner, som din modtager vil elske, s\u00e5 s\u00f8rger vi for alt, der omhandler levering. Med vores netv\u00e6rk af florister leverer vi <a href=\"https:\/\/interflora.dk\/blomsterlevering\" target=\"_blank\" rel=\"noreferrer noopener\">overalt i Danmark <\/a>\u2013 endda samme dag, hvis du bestiller inden kl. 14.<\/p>\n\n\n\n<p>Vidste du, at vi ogs\u00e5 leverer internationalt? Med vores globale floristnetv\u00e6rk kan du sende tulipaner til hele verden og gl\u00e6de dem, du holder af, uanset afstand.<\/p>\n\n\n\n<p>For at sikre, at dine tulipaner forbliver friske og str\u00e5lende s\u00e5 l\u00e6nge som muligt, er det en god ide at f\u00f8lge nogle enkle r\u00e5d. L\u00e6s mere om, hvordan du forl\u00e6nger livet p\u00e5 din buket med <a href=\"https:\/\/interflora.dk\/blog\/saadan-plejer-du-din-tulipanbuket\/\" target=\"_blank\" rel=\"noreferrer noopener\">disse praktiske tips her<\/a>.<\/p>\n\n\n\n<div class=\"wp-block-buttons is-content-justification-center is-layout-flex wp-container-core-buttons-is-layout-a89b3969 wp-block-buttons-is-layout-flex\">\n<div class=\"wp-block-button\"><a class=\"wp-block-button__link has-medium-font-size has-custom-font-size wp-element-button\" href=\"https:\/\/interflora.dk\/produkter\/tulipaner?utm_source=blog&amp;utm_campaign=post-cta\" target=\"_blank\" rel=\"noreferrer noopener\">Bestil din buket med tulipaner<\/a><\/div>\n<\/div>\n<\/div><figure class=\"wp-block-media-text__media\"><img loading=\"lazy\" decoding=\"async\" width=\"683\" height=\"1024\" src=\"https:\/\/interflora.dk\/blog\/wp-content\/uploads\/2024\/01\/K1A9217-1500x2250-1-683x1024.jpg\" alt=\"Smukke r\u00f8de tulipaner i vase\" class=\"wp-image-60535 size-full\" style=\"object-position:68% 56%\" srcset=\"https:\/\/interflora.dk\/blog\/wp-content\/uploads\/2024\/01\/K1A9217-1500x2250-1-683x1024.jpg 683w, https:\/\/interflora.dk\/blog\/wp-content\/uploads\/2024\/01\/K1A9217-1500x2250-1-200x300.jpg 200w, https:\/\/interflora.dk\/blog\/wp-content\/uploads\/2024\/01\/K1A9217-1500x2250-1-768x1152.jpg 768w, https:\/\/interflora.dk\/blog\/wp-content\/uploads\/2024\/01\/K1A9217-1500x2250-1-1024x1536.jpg 1024w, https:\/\/interflora.dk\/blog\/wp-content\/uploads\/2024\/01\/K1A9217-1500x2250-1-1365x2048.jpg 1365w, https:\/\/interflora.dk\/blog\/wp-content\/uploads\/2024\/01\/K1A9217-1500x2250-1.jpg 1500w\" sizes=\"auto, (max-width: 683px) 100vw, 683px\" \/><\/figure><\/div>\n\n\n<div class=\"lp-produits-grid\"><div class=\"lp-produit\"><div class=\"lp-thumbnail-wrapper\"><img loading=\"lazy\" decoding=\"async\" width=\"300\" height=\"300\" src=\"https:\/\/interflora.dk\/blog\/wp-content\/uploads\/2025\/09\/DEN_VENLIGE_VINTERVERSION_HAND_v_0-300x300.jpg\" class=\"attachment-medium size-medium wp-post-image\" alt=\"\" srcset=\"https:\/\/interflora.dk\/blog\/wp-content\/uploads\/2025\/09\/DEN_VENLIGE_VINTERVERSION_HAND_v_0-300x300.jpg 300w, https:\/\/interflora.dk\/blog\/wp-content\/uploads\/2025\/09\/DEN_VENLIGE_VINTERVERSION_HAND_v_0-1024x1024.jpg 1024w, https:\/\/interflora.dk\/blog\/wp-content\/uploads\/2025\/09\/DEN_VENLIGE_VINTERVERSION_HAND_v_0-150x150.jpg 150w, https:\/\/interflora.dk\/blog\/wp-content\/uploads\/2025\/09\/DEN_VENLIGE_VINTERVERSION_HAND_v_0-768x768.jpg 768w, https:\/\/interflora.dk\/blog\/wp-content\/uploads\/2025\/09\/DEN_VENLIGE_VINTERVERSION_HAND_v_0.jpg 1200w\" sizes=\"auto, (max-width: 300px) 100vw, 300px\" \/><img decoding=\"async\" class=\"lp-badge\" src=\"https:\/\/prodblog.interflora.dk\/blog\/wp-content\/uploads\/2025\/09\/220422_INTERFLORA_Main_Logo_rgb_Main_Color.avif\" alt=\"Send blomster med Interflora\"><\/div><span>Den venlige<\/span><p>Fra 229 kr.<\/p><span class=\"obf-link lp-cta\" role=\"link\" tabindex=\"0\" data-b64=\"aHR0cHM6Ly9pbnRlcmZsb3JhLmRrL3Byb2R1a3QvZGVuLXZlbmxpZ2U\/dj0xNTgwMiYjMDM4O3ZhcmlhdGlvbj1jMDRiZDM3OC1kZGYyLTRjMmItYmM5My1hYWM2ZWJlZWUwNDI\/dXRtX21lZGl1bT1vcmdhbmljJnV0bV9zb3VyY2U9YmxvZ19wcm9kdWN0cyZ1dG1fY2FtcGFpZ249NTc0Ng==\" data-target=\"_blank\"><svg xmlns=\"http:\/\/www.w3.org\/2000\/svg\" width=\"16\" height=\"16\" fill=\"currentColor\" class=\"bi bi-bag\" viewBox=\"0 0 16 16\"><path d=\"M8 1a2 2 0 0 1 2 2v1h2.5A1.5 1.5 0 0 1 14 5.5v8A1.5 1.5 0 0 1 12.5 15h-9A1.5 1.5 0 0 1 2 13.5v-8A1.5 1.5 0 0 1 3.5 3H6V2a2 2 0 0 1 2-1zm1 3V3a1 1 0 0 0-2 0v1h2z\"\/><\/svg>K\u00f8b her<\/span><p class=\"rapido\">Friske blomster<\/p><\/div><div class=\"lp-produit\"><div class=\"lp-thumbnail-wrapper\"><img loading=\"lazy\" decoding=\"async\" width=\"300\" height=\"300\" src=\"https:\/\/interflora.dk\/blog\/wp-content\/uploads\/2025\/09\/FINE_LILJEHILSEN_VERSION_01_MEDIUM_w2028229-300x300.jpg\" class=\"attachment-medium size-medium wp-post-image\" alt=\"\" srcset=\"https:\/\/interflora.dk\/blog\/wp-content\/uploads\/2025\/09\/FINE_LILJEHILSEN_VERSION_01_MEDIUM_w2028229-300x300.jpg 300w, https:\/\/interflora.dk\/blog\/wp-content\/uploads\/2025\/09\/FINE_LILJEHILSEN_VERSION_01_MEDIUM_w2028229-1024x1024.jpg 1024w, https:\/\/interflora.dk\/blog\/wp-content\/uploads\/2025\/09\/FINE_LILJEHILSEN_VERSION_01_MEDIUM_w2028229-150x150.jpg 150w, https:\/\/interflora.dk\/blog\/wp-content\/uploads\/2025\/09\/FINE_LILJEHILSEN_VERSION_01_MEDIUM_w2028229-768x768.jpg 768w, https:\/\/interflora.dk\/blog\/wp-content\/uploads\/2025\/09\/FINE_LILJEHILSEN_VERSION_01_MEDIUM_w2028229.jpg 1200w\" sizes=\"auto, (max-width: 300px) 100vw, 300px\" \/><img decoding=\"async\" class=\"lp-badge\" src=\"https:\/\/prodblog.interflora.dk\/blog\/wp-content\/uploads\/2025\/09\/220422_INTERFLORA_Main_Logo_rgb_Main_Color.avif\" alt=\"Send blomster med Interflora\"><\/div><span>Den fine liljehilsen<\/span><p>Fra 219 kr.<\/p><span class=\"obf-link lp-cta\" role=\"link\" tabindex=\"0\" data-b64=\"aHR0cHM6Ly9pbnRlcmZsb3JhLmRrL3Byb2R1a3QvZGVuLWZpbmUtbGlsamVoaWxzZW4\/dj0xNzU5NSYjMDM4O3ZhcmlhdGlvbj03YTZiNzY5Mi05NThjLTQ5MjYtYWIyNy0yZjRjYWEwMWJkZGI\/dXRtX21lZGl1bT1vcmdhbmljJnV0bV9zb3VyY2U9YmxvZ19wcm9kdWN0cyZ1dG1fY2FtcGFpZ249NzQ4MA==\" data-target=\"_blank\"><svg xmlns=\"http:\/\/www.w3.org\/2000\/svg\" width=\"16\" height=\"16\" fill=\"currentColor\" class=\"bi bi-bag\" viewBox=\"0 0 16 16\"><path d=\"M8 1a2 2 0 0 1 2 2v1h2.5A1.5 1.5 0 0 1 14 5.5v8A1.5 1.5 0 0 1 12.5 15h-9A1.5 1.5 0 0 1 2 13.5v-8A1.5 1.5 0 0 1 3.5 3H6V2a2 2 0 0 1 2-1zm1 3V3a1 1 0 0 0-2 0v1h2z\"\/><\/svg>K\u00f8b her<\/span><p class=\"rapido\">Kundernes favorit<\/p><\/div><div class=\"lp-produit\"><div class=\"lp-thumbnail-wrapper\"><img loading=\"lazy\" decoding=\"async\" width=\"300\" height=\"300\" src=\"https:\/\/interflora.dk\/blog\/wp-content\/uploads\/2025\/09\/SAMMENSAET_DIN_EGEN_GAVEKURV_535-300x300.jpg\" class=\"attachment-medium size-medium wp-post-image\" alt=\"\" srcset=\"https:\/\/interflora.dk\/blog\/wp-content\/uploads\/2025\/09\/SAMMENSAET_DIN_EGEN_GAVEKURV_535-300x300.jpg 300w, https:\/\/interflora.dk\/blog\/wp-content\/uploads\/2025\/09\/SAMMENSAET_DIN_EGEN_GAVEKURV_535-1024x1024.jpg 1024w, https:\/\/interflora.dk\/blog\/wp-content\/uploads\/2025\/09\/SAMMENSAET_DIN_EGEN_GAVEKURV_535-150x150.jpg 150w, https:\/\/interflora.dk\/blog\/wp-content\/uploads\/2025\/09\/SAMMENSAET_DIN_EGEN_GAVEKURV_535-768x768.jpg 768w, https:\/\/interflora.dk\/blog\/wp-content\/uploads\/2025\/09\/SAMMENSAET_DIN_EGEN_GAVEKURV_535.jpg 1200w\" sizes=\"auto, (max-width: 300px) 100vw, 300px\" \/><img decoding=\"async\" class=\"lp-badge\" src=\"https:\/\/prodblog.interflora.dk\/blog\/wp-content\/uploads\/2025\/09\/220422_INTERFLORA_Main_Logo_rgb_Main_Color.avif\" alt=\"Send blomster med Interflora\"><\/div><span>Sammens\u00e6t din egen gavekurv<\/span><p>Fra 14 kr.<\/p><span class=\"obf-link lp-cta\" role=\"link\" tabindex=\"0\" data-b64=\"aHR0cHM6Ly9pbnRlcmZsb3JhLmRrL3Byb2R1a3Qvc2FtbWVuc2FldC1kaW4tZWdlbi1nYXZla3Vydj91dG1fbWVkaXVtPW9yZ2FuaWMmdXRtX3NvdXJjZT1ibG9nX3Byb2R1Y3RzJnV0bV9jYW1wYWlnbj01MzU=\" data-target=\"_blank\"><svg xmlns=\"http:\/\/www.w3.org\/2000\/svg\" width=\"16\" height=\"16\" fill=\"currentColor\" class=\"bi bi-bag\" viewBox=\"0 0 16 16\"><path d=\"M8 1a2 2 0 0 1 2 2v1h2.5A1.5 1.5 0 0 1 14 5.5v8A1.5 1.5 0 0 1 12.5 15h-9A1.5 1.5 0 0 1 2 13.5v-8A1.5 1.5 0 0 1 3.5 3H6V2a2 2 0 0 1 2-1zm1 3V3a1 1 0 0 0-2 0v1h2z\"\/><\/svg>K\u00f8b her<\/span><p class=\"rapido\">Din personlige hilsen<\/p><\/div><div class=\"lp-produit\"><div class=\"lp-thumbnail-wrapper\"><img loading=\"lazy\" decoding=\"async\" width=\"300\" height=\"300\" src=\"https:\/\/interflora.dk\/blog\/wp-content\/uploads\/2025\/09\/DEN_FARVERRIGE_HILSEN_6370_MEDIUM_v-300x300.jpg\" class=\"attachment-medium size-medium wp-post-image\" alt=\"\" srcset=\"https:\/\/interflora.dk\/blog\/wp-content\/uploads\/2025\/09\/DEN_FARVERRIGE_HILSEN_6370_MEDIUM_v-300x300.jpg 300w, https:\/\/interflora.dk\/blog\/wp-content\/uploads\/2025\/09\/DEN_FARVERRIGE_HILSEN_6370_MEDIUM_v-1024x1024.jpg 1024w, https:\/\/interflora.dk\/blog\/wp-content\/uploads\/2025\/09\/DEN_FARVERRIGE_HILSEN_6370_MEDIUM_v-150x150.jpg 150w, https:\/\/interflora.dk\/blog\/wp-content\/uploads\/2025\/09\/DEN_FARVERRIGE_HILSEN_6370_MEDIUM_v-768x768.jpg 768w, https:\/\/interflora.dk\/blog\/wp-content\/uploads\/2025\/09\/DEN_FARVERRIGE_HILSEN_6370_MEDIUM_v.jpg 1200w\" sizes=\"auto, (max-width: 300px) 100vw, 300px\" \/><img decoding=\"async\" class=\"lp-badge\" src=\"https:\/\/prodblog.interflora.dk\/blog\/wp-content\/uploads\/2025\/09\/220422_INTERFLORA_Main_Logo_rgb_Main_Color.avif\" alt=\"Send blomster med Interflora\"><\/div><span>Den farverige hilsen<\/span><p>Fra 219 kr.<\/p><span class=\"obf-link lp-cta\" role=\"link\" tabindex=\"0\" data-b64=\"aHR0cHM6Ly9pbnRlcmZsb3JhLmRrL3Byb2R1a3QvZGVuLWZhcnZlcmlnZS1oaWxzZW4\/dj0xNzQ3NiYjMDM4O3ZhcmlhdGlvbj04OTY2NWI0OC04MDQ5LTQ5ZjYtODczMS01MWY3MWQ1ZjRiOTQ\/dXRtX21lZGl1bT1vcmdhbmljJnV0bV9zb3VyY2U9YmxvZ19wcm9kdWN0cyZ1dG1fY2FtcGFpZ249ODM3MA==\" data-target=\"_blank\"><svg xmlns=\"http:\/\/www.w3.org\/2000\/svg\" width=\"16\" height=\"16\" fill=\"currentColor\" class=\"bi bi-bag\" viewBox=\"0 0 16 16\"><path d=\"M8 1a2 2 0 0 1 2 2v1h2.5A1.5 1.5 0 0 1 14 5.5v8A1.5 1.5 0 0 1 12.5 15h-9A1.5 1.5 0 0 1 2 13.5v-8A1.5 1.5 0 0 1 3.5 3H6V2a2 2 0 0 1 2-1zm1 3V3a1 1 0 0 0-2 0v1h2z\"\/><\/svg>K\u00f8b her<\/span><p class=\"rapido\">Din personlige hilsen<\/p><\/div><\/div>\n\n\n\n<p><\/p>\n","protected":false},"excerpt":{"rendered":"<p>Tulipanen er en fantastisk blomst, der varsler for\u00e5rets komme. Ligesom roser betragtes tulipaner som et billede p\u00e5 k\u00e6rlighed, men deres [&hellip;]<\/p>\n","protected":false},"author":1,"featured_media":60394,"comment_status":"open","ping_status":"open","sticky":false,"template":"","format":"standard","meta":{"_uag_custom_page_level_css":"","site-sidebar-layout":"default","site-content-layout":"","ast-site-content-layout":"default","site-content-style":"default","site-sidebar-style":"default","ast-global-header-display":"","ast-banner-title-visibility":"","ast-main-header-display":"","ast-hfb-above-header-display":"","ast-hfb-below-header-display":"","ast-hfb-mobile-header-display":"","site-post-title":"","ast-breadcrumbs-content":"","ast-featured-img":"","footer-sml-layout":"","ast-disable-related-posts":"","theme-transparent-header-meta":"","adv-header-id-meta":"","stick-header-meta":"","header-above-stick-meta":"","header-main-stick-meta":"","header-below-stick-meta":"","astra-migrate-meta-layouts":"set","ast-page-background-enabled":"default","ast-page-background-meta":{"desktop":{"background-color":"var(--ast-global-color-4)","background-image":"","background-repeat":"repeat","background-position":"center center","background-size":"auto","background-attachment":"scroll","background-type":"","background-media":"","overlay-type":"","overlay-color":"","overlay-opacity":"","overlay-gradient":""},"tablet":{"background-color":"","background-image":"","background-repeat":"repeat","background-position":"center center","background-size":"auto","background-attachment":"scroll","background-type":"","background-media":"","overlay-type":"","overlay-color":"","overlay-opacity":"","overlay-gradient":""},"mobile":{"background-color":"","background-image":"","background-repeat":"repeat","background-position":"center center","background-size":"auto","background-attachment":"scroll","background-type":"","background-media":"","overlay-type":"","overlay-color":"","overlay-opacity":"","overlay-gradient":""}},"ast-content-background-meta":{"desktop":{"background-color":"var(--ast-global-color-5)","background-image":"","background-repeat":"repeat","background-position":"center center","background-size":"auto","background-attachment":"scroll","background-type":"","background-media":"","overlay-type":"","overlay-color":"","overlay-opacity":"","overlay-gradient":""},"tablet":{"background-color":"var(--ast-global-color-5)","background-image":"","background-repeat":"repeat","background-position":"center center","background-size":"auto","background-attachment":"scroll","background-type":"","background-media":"","overlay-type":"","overlay-color":"","overlay-opacity":"","overlay-gradient":""},"mobile":{"background-color":"var(--ast-global-color-5)","background-image":"","background-repeat":"repeat","background-position":"center center","background-size":"auto","background-attachment":"scroll","background-type":"","background-media":"","overlay-type":"","overlay-color":"","overlay-opacity":"","overlay-gradient":""}},"footnotes":""},"categories":[173,191,187,193],"tags":[186],"class_list":["post-39210","post","type-post","status-publish","format-standard","has-post-thumbnail","hentry","category-blomsternes-betydning","category-loegblomster","category-tulipan","category-blomster","tag-tulipan"],"yoast_head":"<!-- This site is optimized with the Yoast SEO plugin v27.4 - https:\/\/yoast.com\/product\/yoast-seo-wordpress\/ -->\n<title>Tulipanernes farvesymbolik | Interflora<\/title>\n<meta name=\"description\" content=\"Tulipanens betydning \u00e6ndrer sig afh\u00e6ngigt af dens farve. H\u00f8r mere om, hvad en buket tulipaner symboliserer!\" \/>\n<meta name=\"robots\" content=\"index, follow, max-snippet:-1, max-image-preview:large, max-video-preview:-1\" \/>\n<link rel=\"canonical\" href=\"https:\/\/interflora.dk\/blog\/tulipaner-farve-og-symbolik\/\" \/>\n<meta property=\"og:locale\" content=\"da_DK\" \/>\n<meta property=\"og:type\" content=\"article\" \/>\n<meta property=\"og:title\" content=\"Tulipanernes farvesymbolik | Interflora\" \/>\n<meta property=\"og:description\" content=\"Tulipanens betydning \u00e6ndrer sig afh\u00e6ngigt af dens farve. H\u00f8r mere om, hvad en buket tulipaner symboliserer!\" \/>\n<meta property=\"og:url\" content=\"https:\/\/interflora.dk\/blog\/tulipaner-farve-og-symbolik\/\" \/>\n<meta property=\"og:site_name\" content=\"Interflora\" \/>\n<meta property=\"article:publisher\" content=\"https:\/\/www.facebook.com\/InterfloraDanmark\" \/>\n<meta property=\"article:published_time\" content=\"2026-03-12T12:21:20+00:00\" \/>\n<meta property=\"article:modified_time\" content=\"2026-04-01T07:53:24+00:00\" \/>\n<meta property=\"og:image\" content=\"https:\/\/interflora.dk\/blog\/wp-content\/uploads\/2026\/03\/annesophiebenoit-interflora-sw-84-scaled.jpg\" \/>\n\t<meta property=\"og:image:width\" content=\"1707\" \/>\n\t<meta property=\"og:image:height\" content=\"2560\" \/>\n\t<meta property=\"og:image:type\" content=\"image\/jpeg\" \/>\n<meta name=\"author\" content=\"admin\" \/>\n<meta name=\"twitter:card\" content=\"summary_large_image\" \/>\n<meta name=\"twitter:label1\" content=\"Skrevet af\" \/>\n\t<meta name=\"twitter:data1\" content=\"admin\" \/>\n\t<meta name=\"twitter:label2\" content=\"Estimeret l\u00e6setid\" \/>\n\t<meta name=\"twitter:data2\" content=\"7 minutter\" \/>\n<script type=\"application\/ld+json\" class=\"yoast-schema-graph\">{\"@context\":\"https:\\\/\\\/schema.org\",\"@graph\":[{\"@type\":\"Article\",\"@id\":\"https:\\\/\\\/interflora.dk\\\/blog\\\/tulipaner-farve-og-symbolik\\\/#article\",\"isPartOf\":{\"@id\":\"https:\\\/\\\/interflora.dk\\\/blog\\\/tulipaner-farve-og-symbolik\\\/\"},\"author\":{\"name\":\"admin\",\"@id\":\"https:\\\/\\\/interflora.dk\\\/blog\\\/#\\\/schema\\\/person\\\/dbbd1ad45e05409c356dc639597669f2\"},\"headline\":\"Tulipaner: Farve og symbolik\",\"datePublished\":\"2026-03-12T12:21:20+00:00\",\"dateModified\":\"2026-04-01T07:53:24+00:00\",\"mainEntityOfPage\":{\"@id\":\"https:\\\/\\\/interflora.dk\\\/blog\\\/tulipaner-farve-og-symbolik\\\/\"},\"wordCount\":1341,\"commentCount\":0,\"publisher\":{\"@id\":\"https:\\\/\\\/interflora.dk\\\/blog\\\/#organization\"},\"image\":{\"@id\":\"https:\\\/\\\/interflora.dk\\\/blog\\\/tulipaner-farve-og-symbolik\\\/#primaryimage\"},\"thumbnailUrl\":\"https:\\\/\\\/interflora.dk\\\/blog\\\/wp-content\\\/uploads\\\/2026\\\/03\\\/annesophiebenoit-interflora-sw-84-scaled.jpg\",\"keywords\":[\"Tulipan\"],\"articleSection\":[\"Blomsternes betydning: symbolik og inspiration\",\"L\u00f8gblomster: Pleje, tips og tricks\",\"Tulipaner: Pleje og nyttige tips\",\"Vores tips og inspiration til blomster\"],\"inLanguage\":\"da-DK\",\"potentialAction\":[{\"@type\":\"CommentAction\",\"name\":\"Comment\",\"target\":[\"https:\\\/\\\/interflora.dk\\\/blog\\\/tulipaner-farve-og-symbolik\\\/#respond\"]}]},{\"@type\":\"WebPage\",\"@id\":\"https:\\\/\\\/interflora.dk\\\/blog\\\/tulipaner-farve-og-symbolik\\\/\",\"url\":\"https:\\\/\\\/interflora.dk\\\/blog\\\/tulipaner-farve-og-symbolik\\\/\",\"name\":\"Tulipanernes farvesymbolik | Interflora\",\"isPartOf\":{\"@id\":\"https:\\\/\\\/interflora.dk\\\/blog\\\/#website\"},\"primaryImageOfPage\":{\"@id\":\"https:\\\/\\\/interflora.dk\\\/blog\\\/tulipaner-farve-og-symbolik\\\/#primaryimage\"},\"image\":{\"@id\":\"https:\\\/\\\/interflora.dk\\\/blog\\\/tulipaner-farve-og-symbolik\\\/#primaryimage\"},\"thumbnailUrl\":\"https:\\\/\\\/interflora.dk\\\/blog\\\/wp-content\\\/uploads\\\/2026\\\/03\\\/annesophiebenoit-interflora-sw-84-scaled.jpg\",\"datePublished\":\"2026-03-12T12:21:20+00:00\",\"dateModified\":\"2026-04-01T07:53:24+00:00\",\"description\":\"Tulipanens betydning \u00e6ndrer sig afh\u00e6ngigt af dens farve. H\u00f8r mere om, hvad en buket tulipaner symboliserer!\",\"breadcrumb\":{\"@id\":\"https:\\\/\\\/interflora.dk\\\/blog\\\/tulipaner-farve-og-symbolik\\\/#breadcrumb\"},\"inLanguage\":\"da-DK\",\"potentialAction\":[{\"@type\":\"ReadAction\",\"target\":[\"https:\\\/\\\/interflora.dk\\\/blog\\\/tulipaner-farve-og-symbolik\\\/\"]}]},{\"@type\":\"ImageObject\",\"inLanguage\":\"da-DK\",\"@id\":\"https:\\\/\\\/interflora.dk\\\/blog\\\/tulipaner-farve-og-symbolik\\\/#primaryimage\",\"url\":\"https:\\\/\\\/interflora.dk\\\/blog\\\/wp-content\\\/uploads\\\/2026\\\/03\\\/annesophiebenoit-interflora-sw-84-scaled.jpg\",\"contentUrl\":\"https:\\\/\\\/interflora.dk\\\/blog\\\/wp-content\\\/uploads\\\/2026\\\/03\\\/annesophiebenoit-interflora-sw-84-scaled.jpg\",\"width\":1707,\"height\":2560,\"caption\":\"Evoto\"},{\"@type\":\"BreadcrumbList\",\"@id\":\"https:\\\/\\\/interflora.dk\\\/blog\\\/tulipaner-farve-og-symbolik\\\/#breadcrumb\",\"itemListElement\":[{\"@type\":\"ListItem\",\"position\":1,\"name\":\"Home\",\"item\":\"https:\\\/\\\/interflora.dk\\\/blog\\\/\"},{\"@type\":\"ListItem\",\"position\":2,\"name\":\"Tulipaner: Farve og symbolik\"}]},{\"@type\":\"WebSite\",\"@id\":\"https:\\\/\\\/interflora.dk\\\/blog\\\/#website\",\"url\":\"https:\\\/\\\/interflora.dk\\\/blog\\\/\",\"name\":\"Interflora\",\"description\":\"\",\"publisher\":{\"@id\":\"https:\\\/\\\/interflora.dk\\\/blog\\\/#organization\"},\"potentialAction\":[{\"@type\":\"SearchAction\",\"target\":{\"@type\":\"EntryPoint\",\"urlTemplate\":\"https:\\\/\\\/interflora.dk\\\/blog\\\/?s={search_term_string}\"},\"query-input\":{\"@type\":\"PropertyValueSpecification\",\"valueRequired\":true,\"valueName\":\"search_term_string\"}}],\"inLanguage\":\"da-DK\"},{\"@type\":\"Organization\",\"@id\":\"https:\\\/\\\/interflora.dk\\\/blog\\\/#organization\",\"name\":\"Interflora\",\"url\":\"https:\\\/\\\/interflora.dk\\\/blog\\\/\",\"logo\":{\"@type\":\"ImageObject\",\"inLanguage\":\"da-DK\",\"@id\":\"https:\\\/\\\/interflora.dk\\\/blog\\\/#\\\/schema\\\/logo\\\/image\\\/\",\"url\":\"https:\\\/\\\/interflora.dk\\\/blog\\\/wp-content\\\/uploads\\\/2025\\\/09\\\/220422_INTERFLORA_Logo_rgb_Half_Top_Circle_Main_Color.png\",\"contentUrl\":\"https:\\\/\\\/interflora.dk\\\/blog\\\/wp-content\\\/uploads\\\/2025\\\/09\\\/220422_INTERFLORA_Logo_rgb_Half_Top_Circle_Main_Color.png\",\"width\":1418,\"height\":710,\"caption\":\"Interflora\"},\"image\":{\"@id\":\"https:\\\/\\\/interflora.dk\\\/blog\\\/#\\\/schema\\\/logo\\\/image\\\/\"},\"sameAs\":[\"https:\\\/\\\/www.facebook.com\\\/InterfloraDanmark\",\"https:\\\/\\\/www.instagram.com\\\/interfloradk\",\"https:\\\/\\\/www.linkedin.com\\\/company\\\/interfloradanmark\",\"https:\\\/\\\/www.youtube.com\\\/user\\\/InterfloraTV\"]},{\"@type\":\"Person\",\"@id\":\"https:\\\/\\\/interflora.dk\\\/blog\\\/#\\\/schema\\\/person\\\/dbbd1ad45e05409c356dc639597669f2\",\"name\":\"admin\",\"image\":{\"@type\":\"ImageObject\",\"inLanguage\":\"da-DK\",\"@id\":\"https:\\\/\\\/interflora.dk\\\/blog\\\/wp-content\\\/litespeed\\\/avatar\\\/1fe3cced9e67df62d0a6f995d75823a5.jpg?ver=1776935036\",\"url\":\"https:\\\/\\\/interflora.dk\\\/blog\\\/wp-content\\\/litespeed\\\/avatar\\\/1fe3cced9e67df62d0a6f995d75823a5.jpg?ver=1776935036\",\"contentUrl\":\"https:\\\/\\\/interflora.dk\\\/blog\\\/wp-content\\\/litespeed\\\/avatar\\\/1fe3cced9e67df62d0a6f995d75823a5.jpg?ver=1776935036\",\"caption\":\"admin\"}}]}<\/script>\n<!-- \/ Yoast SEO plugin. -->","yoast_head_json":{"title":"Tulipanernes farvesymbolik | Interflora","description":"Tulipanens betydning \u00e6ndrer sig afh\u00e6ngigt af dens farve. H\u00f8r mere om, hvad en buket tulipaner symboliserer!","robots":{"index":"index","follow":"follow","max-snippet":"max-snippet:-1","max-image-preview":"max-image-preview:large","max-video-preview":"max-video-preview:-1"},"canonical":"https:\/\/interflora.dk\/blog\/tulipaner-farve-og-symbolik\/","og_locale":"da_DK","og_type":"article","og_title":"Tulipanernes farvesymbolik | Interflora","og_description":"Tulipanens betydning \u00e6ndrer sig afh\u00e6ngigt af dens farve. H\u00f8r mere om, hvad en buket tulipaner symboliserer!","og_url":"https:\/\/interflora.dk\/blog\/tulipaner-farve-og-symbolik\/","og_site_name":"Interflora","article_publisher":"https:\/\/www.facebook.com\/InterfloraDanmark","article_published_time":"2026-03-12T12:21:20+00:00","article_modified_time":"2026-04-01T07:53:24+00:00","og_image":[{"width":1707,"height":2560,"url":"https:\/\/interflora.dk\/blog\/wp-content\/uploads\/2026\/03\/annesophiebenoit-interflora-sw-84-scaled.jpg","type":"image\/jpeg"}],"author":"admin","twitter_card":"summary_large_image","twitter_misc":{"Skrevet af":"admin","Estimeret l\u00e6setid":"7 minutter"},"schema":{"@context":"https:\/\/schema.org","@graph":[{"@type":"Article","@id":"https:\/\/interflora.dk\/blog\/tulipaner-farve-og-symbolik\/#article","isPartOf":{"@id":"https:\/\/interflora.dk\/blog\/tulipaner-farve-og-symbolik\/"},"author":{"name":"admin","@id":"https:\/\/interflora.dk\/blog\/#\/schema\/person\/dbbd1ad45e05409c356dc639597669f2"},"headline":"Tulipaner: Farve og symbolik","datePublished":"2026-03-12T12:21:20+00:00","dateModified":"2026-04-01T07:53:24+00:00","mainEntityOfPage":{"@id":"https:\/\/interflora.dk\/blog\/tulipaner-farve-og-symbolik\/"},"wordCount":1341,"commentCount":0,"publisher":{"@id":"https:\/\/interflora.dk\/blog\/#organization"},"image":{"@id":"https:\/\/interflora.dk\/blog\/tulipaner-farve-og-symbolik\/#primaryimage"},"thumbnailUrl":"https:\/\/interflora.dk\/blog\/wp-content\/uploads\/2026\/03\/annesophiebenoit-interflora-sw-84-scaled.jpg","keywords":["Tulipan"],"articleSection":["Blomsternes betydning: symbolik og inspiration","L\u00f8gblomster: Pleje, tips og tricks","Tulipaner: Pleje og nyttige tips","Vores tips og inspiration til blomster"],"inLanguage":"da-DK","potentialAction":[{"@type":"CommentAction","name":"Comment","target":["https:\/\/interflora.dk\/blog\/tulipaner-farve-og-symbolik\/#respond"]}]},{"@type":"WebPage","@id":"https:\/\/interflora.dk\/blog\/tulipaner-farve-og-symbolik\/","url":"https:\/\/interflora.dk\/blog\/tulipaner-farve-og-symbolik\/","name":"Tulipanernes farvesymbolik | Interflora","isPartOf":{"@id":"https:\/\/interflora.dk\/blog\/#website"},"primaryImageOfPage":{"@id":"https:\/\/interflora.dk\/blog\/tulipaner-farve-og-symbolik\/#primaryimage"},"image":{"@id":"https:\/\/interflora.dk\/blog\/tulipaner-farve-og-symbolik\/#primaryimage"},"thumbnailUrl":"https:\/\/interflora.dk\/blog\/wp-content\/uploads\/2026\/03\/annesophiebenoit-interflora-sw-84-scaled.jpg","datePublished":"2026-03-12T12:21:20+00:00","dateModified":"2026-04-01T07:53:24+00:00","description":"Tulipanens betydning \u00e6ndrer sig afh\u00e6ngigt af dens farve. H\u00f8r mere om, hvad en buket tulipaner symboliserer!","breadcrumb":{"@id":"https:\/\/interflora.dk\/blog\/tulipaner-farve-og-symbolik\/#breadcrumb"},"inLanguage":"da-DK","potentialAction":[{"@type":"ReadAction","target":["https:\/\/interflora.dk\/blog\/tulipaner-farve-og-symbolik\/"]}]},{"@type":"ImageObject","inLanguage":"da-DK","@id":"https:\/\/interflora.dk\/blog\/tulipaner-farve-og-symbolik\/#primaryimage","url":"https:\/\/interflora.dk\/blog\/wp-content\/uploads\/2026\/03\/annesophiebenoit-interflora-sw-84-scaled.jpg","contentUrl":"https:\/\/interflora.dk\/blog\/wp-content\/uploads\/2026\/03\/annesophiebenoit-interflora-sw-84-scaled.jpg","width":1707,"height":2560,"caption":"Evoto"},{"@type":"BreadcrumbList","@id":"https:\/\/interflora.dk\/blog\/tulipaner-farve-og-symbolik\/#breadcrumb","itemListElement":[{"@type":"ListItem","position":1,"name":"Home","item":"https:\/\/interflora.dk\/blog\/"},{"@type":"ListItem","position":2,"name":"Tulipaner: Farve og symbolik"}]},{"@type":"WebSite","@id":"https:\/\/interflora.dk\/blog\/#website","url":"https:\/\/interflora.dk\/blog\/","name":"Interflora","description":"","publisher":{"@id":"https:\/\/interflora.dk\/blog\/#organization"},"potentialAction":[{"@type":"SearchAction","target":{"@type":"EntryPoint","urlTemplate":"https:\/\/interflora.dk\/blog\/?s={search_term_string}"},"query-input":{"@type":"PropertyValueSpecification","valueRequired":true,"valueName":"search_term_string"}}],"inLanguage":"da-DK"},{"@type":"Organization","@id":"https:\/\/interflora.dk\/blog\/#organization","name":"Interflora","url":"https:\/\/interflora.dk\/blog\/","logo":{"@type":"ImageObject","inLanguage":"da-DK","@id":"https:\/\/interflora.dk\/blog\/#\/schema\/logo\/image\/","url":"https:\/\/interflora.dk\/blog\/wp-content\/uploads\/2025\/09\/220422_INTERFLORA_Logo_rgb_Half_Top_Circle_Main_Color.png","contentUrl":"https:\/\/interflora.dk\/blog\/wp-content\/uploads\/2025\/09\/220422_INTERFLORA_Logo_rgb_Half_Top_Circle_Main_Color.png","width":1418,"height":710,"caption":"Interflora"},"image":{"@id":"https:\/\/interflora.dk\/blog\/#\/schema\/logo\/image\/"},"sameAs":["https:\/\/www.facebook.com\/InterfloraDanmark","https:\/\/www.instagram.com\/interfloradk","https:\/\/www.linkedin.com\/company\/interfloradanmark","https:\/\/www.youtube.com\/user\/InterfloraTV"]},{"@type":"Person","@id":"https:\/\/interflora.dk\/blog\/#\/schema\/person\/dbbd1ad45e05409c356dc639597669f2","name":"admin","image":{"@type":"ImageObject","inLanguage":"da-DK","@id":"https:\/\/interflora.dk\/blog\/wp-content\/litespeed\/avatar\/1fe3cced9e67df62d0a6f995d75823a5.jpg?ver=1776935036","url":"https:\/\/interflora.dk\/blog\/wp-content\/litespeed\/avatar\/1fe3cced9e67df62d0a6f995d75823a5.jpg?ver=1776935036","contentUrl":"https:\/\/interflora.dk\/blog\/wp-content\/litespeed\/avatar\/1fe3cced9e67df62d0a6f995d75823a5.jpg?ver=1776935036","caption":"admin"}}]}},"uagb_featured_image_src":{"full":["https:\/\/interflora.dk\/blog\/wp-content\/uploads\/2026\/03\/annesophiebenoit-interflora-sw-84-scaled.jpg",1707,2560,false],"thumbnail":["https:\/\/interflora.dk\/blog\/wp-content\/uploads\/2026\/03\/annesophiebenoit-interflora-sw-84-150x150.jpg",150,150,true],"medium":["https:\/\/interflora.dk\/blog\/wp-content\/uploads\/2026\/03\/annesophiebenoit-interflora-sw-84-200x300.jpg",200,300,true],"medium_large":["https:\/\/interflora.dk\/blog\/wp-content\/uploads\/2026\/03\/annesophiebenoit-interflora-sw-84-768x1152.jpg",768,1152,true],"large":["https:\/\/interflora.dk\/blog\/wp-content\/uploads\/2026\/03\/annesophiebenoit-interflora-sw-84-683x1024.jpg",683,1024,true],"1536x1536":["https:\/\/interflora.dk\/blog\/wp-content\/uploads\/2026\/03\/annesophiebenoit-interflora-sw-84-1024x1536.jpg",1024,1536,true],"2048x2048":["https:\/\/interflora.dk\/blog\/wp-content\/uploads\/2026\/03\/annesophiebenoit-interflora-sw-84-1365x2048.jpg",1365,2048,true]},"uagb_author_info":{"display_name":"admin","author_link":"https:\/\/interflora.dk\/blog\/author\/admin\/"},"uagb_comment_info":0,"uagb_excerpt":"Tulipanen er en fantastisk blomst, der varsler for\u00e5rets komme. Ligesom roser betragtes tulipaner som et billede p\u00e5 k\u00e6rlighed, men deres [&hellip;]","_links":{"self":[{"href":"https:\/\/interflora.dk\/blog\/wp-json\/wp\/v2\/posts\/39210","targetHints":{"allow":["GET"]}}],"collection":[{"href":"https:\/\/interflora.dk\/blog\/wp-json\/wp\/v2\/posts"}],"about":[{"href":"https:\/\/interflora.dk\/blog\/wp-json\/wp\/v2\/types\/post"}],"author":[{"embeddable":true,"href":"https:\/\/interflora.dk\/blog\/wp-json\/wp\/v2\/users\/1"}],"replies":[{"embeddable":true,"href":"https:\/\/interflora.dk\/blog\/wp-json\/wp\/v2\/comments?post=39210"}],"version-history":[{"count":22,"href":"https:\/\/interflora.dk\/blog\/wp-json\/wp\/v2\/posts\/39210\/revisions"}],"predecessor-version":[{"id":60775,"href":"https:\/\/interflora.dk\/blog\/wp-json\/wp\/v2\/posts\/39210\/revisions\/60775"}],"wp:featuredmedia":[{"embeddable":true,"href":"https:\/\/interflora.dk\/blog\/wp-json\/wp\/v2\/media\/60394"}],"wp:attachment":[{"href":"https:\/\/interflora.dk\/blog\/wp-json\/wp\/v2\/media?parent=39210"}],"wp:term":[{"taxonomy":"category","embeddable":true,"href":"https:\/\/interflora.dk\/blog\/wp-json\/wp\/v2\/categories?post=39210"},{"taxonomy":"post_tag","embeddable":true,"href":"https:\/\/interflora.dk\/blog\/wp-json\/wp\/v2\/tags?post=39210"}],"curies":[{"name":"wp","href":"https:\/\/api.w.org\/{rel}","templated":true}]}}