{"id":39316,"date":"2023-12-26T12:49:26","date_gmt":"2023-12-26T11:49:26","guid":{"rendered":"https:\/\/interflora.dk\/blog\/?p=39316"},"modified":"2023-12-26T12:49:26","modified_gmt":"2023-12-26T11:49:26","slug":"blomsterdekoration-til-bryllup","status":"publish","type":"post","link":"https:\/\/interflora.dk\/blog\/blomsterdekoration-til-bryllup\/","title":{"rendered":"Blomsterdekoration til dit bryllup"},"content":{"rendered":"\n<p class=\"has-text-align-center\">Bryllupss\u00e6sonen er i gang, og i \u00e5r er det din tur! Men f\u00f8r I f\u00e5r lov til at nyde den store dag, skal I f\u00f8rst have styr p\u00e5 de store forberedelser: valg af kjole, receptionen, catering&#8230; kort sagt kan det hurtigt g\u00e5 hen og blive en rigtig hovedpine. Vi kan ikke hj\u00e6lpe dig med bordplanen eller de andre utaknemmelige opgaver, men vi kan dog give dig et par gode tips til din blomsterdekoration. P\u00e5 denne s\u00e6rlige dag vil blomsterne v\u00e6re med til at sprede hygge og gl\u00e6de, og <strong>de kan agere som et symbol p\u00e5 de f\u00f8lelser, du gerne vil give videre.<\/strong><\/p>\n\n\n\n<h2 class=\"wp-block-heading alignwide has-text-align-center\">V\u00e6lg bryllupstemaet<\/h2>\n\n\n\n<div class=\"wp-block-media-text alignwide is-stacked-on-mobile\" style=\"grid-template-columns:33% auto\"><figure class=\"wp-block-media-text__media\"><img loading=\"lazy\" decoding=\"async\" width=\"432\" height=\"648\" src=\"https:\/\/interflora.dk\/blog\/wp-content\/uploads\/blomsterdekoration-bryllup-3.jpg\" alt=\"Brudebuket i landlig stil\" class=\"wp-image-39319 size-full\"\/><\/figure><div class=\"wp-block-media-text__content\">\n<p>Det f\u00f8rste skridt er at finde ud af temaet til dit bryllup. Du kan helt frit bestemme, hvad der passer dig bedst. N\u00e5r du har valgt et tema, kan du udv\u00e6lge de blomster, som ville g\u00f8re sig bedst. Her er et par id\u00e9er til at guide dig:<\/p>\n\n\n\n<p><strong>Landeligt bryllup<\/strong><\/p>\n\n\n\n<ul class=\"wp-block-list\">\n<li><em>Blomster og planter:<\/em>&nbsp;hvedeaks, solsikker, s\u00f8de \u00e6rter, agapanthus, bregner, kaprifolier&#8230;<\/li>\n\n\n\n<li><em>Farver:<\/em>&nbsp;mest naturlige som h\u00f8r, str\u00e5gul, beige, guld, anisgr\u00f8n.<\/li>\n<\/ul>\n\n\n\n<p><strong>Klassisk bryllup<\/strong><\/p>\n\n\n\n<ul class=\"wp-block-list\">\n<li><em>Blomster og planter:<\/em>&nbsp;<a href=\"https:\/\/interflora.dk\/produkter\/afskaarne-roser\">roser<\/a>, <a href=\"https:\/\/interflora.dk\/produkter\/tulipaner\">tulipaner<\/a>, fresiaer, nelliker, <a href=\"https:\/\/interflora.dk\/produkter\/buketter-med-ranunkler\">ranunkler<\/a>, <a href=\"https:\/\/interflora.dk\/produkter\/paeonbuketter\" target=\"_blank\" rel=\"noreferrer noopener\">p\u00e6oner<\/a>, dahliaer, gipsurt (brudesl\u00f8r)&#8230;<\/li>\n\n\n\n<li><em>Farver:<\/em>&nbsp;mest pastel som pink, hvid, gr\u00f8n, lilla.<\/li>\n<\/ul>\n\n\n\n<p><strong>Chikt bryllup<\/strong><\/p>\n\n\n\n<ul class=\"wp-block-list\">\n<li><em>Blomster og planter:<\/em>&nbsp;<a href=\"https:\/\/interflora.dk\/produkter\/orkideer\">phalaenopsis<\/a>, vanda, <a href=\"https:\/\/interflora.dk\/produkter\/liljer\">liljer<\/a>, gardenia (krap), calla (k\u00e6rmysse), arum, iris&#8230;<\/li>\n\n\n\n<li><em>Farver:&nbsp;<\/em>mest prangende som fuchsia, lilla, sort, s\u00f8lv, hvid.<\/li>\n<\/ul>\n\n\n\n<p><strong>Eksotisk bryllup<\/strong><\/p>\n\n\n\n<ul class=\"wp-block-list\">\n<li><em>Blomster og planter:&nbsp;<\/em>papeg\u00f8jeblomst, hibiscus, <a href=\"https:\/\/interflora.dk\/blog\/flamingoblomst\/\" target=\"_blank\" rel=\"noreferrer noopener\">anthurium<\/a>, alpinia, heliconia&#8230;<\/li>\n\n\n\n<li><em>Farver:<\/em>&nbsp;mest lyse som r\u00f8d, gul, brun, lys pink, gr\u00f8n.<\/li>\n<\/ul>\n<\/div><\/div>\n\n\n<div class=\"lp-produits-grid\"><div class=\"lp-produit\"><div class=\"lp-thumbnail-wrapper\"><img loading=\"lazy\" decoding=\"async\" width=\"300\" height=\"300\" src=\"https:\/\/interflora.dk\/blog\/wp-content\/uploads\/2026\/03\/billede_1-300x300.jpeg\" class=\"attachment-medium size-medium wp-post-image\" alt=\"\" srcset=\"https:\/\/interflora.dk\/blog\/wp-content\/uploads\/2026\/03\/billede_1-300x300.jpeg 300w, https:\/\/interflora.dk\/blog\/wp-content\/uploads\/2026\/03\/billede_1-1024x1024.jpeg 1024w, https:\/\/interflora.dk\/blog\/wp-content\/uploads\/2026\/03\/billede_1-150x150.jpeg 150w, https:\/\/interflora.dk\/blog\/wp-content\/uploads\/2026\/03\/billede_1-768x768.jpeg 768w, https:\/\/interflora.dk\/blog\/wp-content\/uploads\/2026\/03\/billede_1.jpeg 1200w\" sizes=\"auto, (max-width: 300px) 100vw, 300px\" \/><img decoding=\"async\" class=\"lp-badge\" src=\"https:\/\/prodblog.interflora.dk\/blog\/wp-content\/uploads\/2025\/09\/220422_INTERFLORA_Main_Logo_rgb_Main_Color.avif\" alt=\"Send blomster med Interflora\"><\/div><span>Blomstergl\u00e6de &#8211; leveres i gaveboks med DAO<\/span><p>Fra 159 kr.<\/p><span class=\"obf-link lp-cta\" role=\"link\" tabindex=\"0\" data-b64=\"aHR0cHM6Ly9pbnRlcmZsb3JhLmRrL3Byb2R1a3QvYmxvbXN0ZXJnbGFlZGU\/dj0xNzkyNiYjMDM4O3ZhcmlhdGlvbj04NzI0ZGUyYy0xN2M5LTQwZjEtYWNjNC02MTUxZDcxOWJiZTM\/dXRtX21lZGl1bT1vcmdhbmljJnV0bV9zb3VyY2U9YmxvZ19wcm9kdWN0cyZ1dG1fY2FtcGFpZ249OTE1MA==\" data-target=\"_blank\"><svg xmlns=\"http:\/\/www.w3.org\/2000\/svg\" width=\"16\" height=\"16\" fill=\"currentColor\" class=\"bi bi-bag\" viewBox=\"0 0 16 16\"><path d=\"M8 1a2 2 0 0 1 2 2v1h2.5A1.5 1.5 0 0 1 14 5.5v8A1.5 1.5 0 0 1 12.5 15h-9A1.5 1.5 0 0 1 2 13.5v-8A1.5 1.5 0 0 1 3.5 3H6V2a2 2 0 0 1 2-1zm1 3V3a1 1 0 0 0-2 0v1h2z\"\/><\/svg>K\u00f8b her<\/span><p class=\"rapido\">Levering i dag<\/p><\/div><div class=\"lp-produit\"><div class=\"lp-thumbnail-wrapper\"><img loading=\"lazy\" decoding=\"async\" width=\"300\" height=\"300\" src=\"https:\/\/interflora.dk\/blog\/wp-content\/uploads\/2025\/09\/DEN_FARVERIGE_SMALL_555-300x300.jpg\" class=\"attachment-medium size-medium wp-post-image\" alt=\"\" srcset=\"https:\/\/interflora.dk\/blog\/wp-content\/uploads\/2025\/09\/DEN_FARVERIGE_SMALL_555-300x300.jpg 300w, https:\/\/interflora.dk\/blog\/wp-content\/uploads\/2025\/09\/DEN_FARVERIGE_SMALL_555-1024x1024.jpg 1024w, https:\/\/interflora.dk\/blog\/wp-content\/uploads\/2025\/09\/DEN_FARVERIGE_SMALL_555-150x150.jpg 150w, https:\/\/interflora.dk\/blog\/wp-content\/uploads\/2025\/09\/DEN_FARVERIGE_SMALL_555-768x768.jpg 768w, https:\/\/interflora.dk\/blog\/wp-content\/uploads\/2025\/09\/DEN_FARVERIGE_SMALL_555.jpg 1200w\" sizes=\"auto, (max-width: 300px) 100vw, 300px\" \/><img decoding=\"async\" class=\"lp-badge\" src=\"https:\/\/prodblog.interflora.dk\/blog\/wp-content\/uploads\/2025\/09\/220422_INTERFLORA_Main_Logo_rgb_Main_Color.avif\" alt=\"Send blomster med Interflora\"><\/div><span>Den farverige<\/span><p>Fra 329 kr.<\/p><span class=\"obf-link lp-cta\" role=\"link\" tabindex=\"0\" data-b64=\"aHR0cHM6Ly9pbnRlcmZsb3JhLmRrL3Byb2R1a3QvZGVuLWZhcnZlcmlnZT92PTk0ODYmIzAzODt2YXJpYXRpb249Mjc1YTFlY2UtYzlhOS00OTU5LTgwMWMtOTYzNDY3NzRiMmM5P3V0bV9tZWRpdW09b3JnYW5pYyZ1dG1fc291cmNlPWJsb2dfcHJvZHVjdHMmdXRtX2NhbXBhaWduPTU1NQ==\" data-target=\"_blank\"><svg xmlns=\"http:\/\/www.w3.org\/2000\/svg\" width=\"16\" height=\"16\" fill=\"currentColor\" class=\"bi bi-bag\" viewBox=\"0 0 16 16\"><path d=\"M8 1a2 2 0 0 1 2 2v1h2.5A1.5 1.5 0 0 1 14 5.5v8A1.5 1.5 0 0 1 12.5 15h-9A1.5 1.5 0 0 1 2 13.5v-8A1.5 1.5 0 0 1 3.5 3H6V2a2 2 0 0 1 2-1zm1 3V3a1 1 0 0 0-2 0v1h2z\"\/><\/svg>K\u00f8b her<\/span><p class=\"rapido\">Levering i dag<\/p><\/div><div class=\"lp-produit\"><div class=\"lp-thumbnail-wrapper\"><img loading=\"lazy\" decoding=\"async\" width=\"300\" height=\"300\" src=\"https:\/\/interflora.dk\/blog\/wp-content\/uploads\/2025\/09\/SAMMENSAET_DIN_EGEN_GAVEKURV_535-300x300.jpg\" class=\"attachment-medium size-medium wp-post-image\" alt=\"\" srcset=\"https:\/\/interflora.dk\/blog\/wp-content\/uploads\/2025\/09\/SAMMENSAET_DIN_EGEN_GAVEKURV_535-300x300.jpg 300w, https:\/\/interflora.dk\/blog\/wp-content\/uploads\/2025\/09\/SAMMENSAET_DIN_EGEN_GAVEKURV_535-1024x1024.jpg 1024w, https:\/\/interflora.dk\/blog\/wp-content\/uploads\/2025\/09\/SAMMENSAET_DIN_EGEN_GAVEKURV_535-150x150.jpg 150w, https:\/\/interflora.dk\/blog\/wp-content\/uploads\/2025\/09\/SAMMENSAET_DIN_EGEN_GAVEKURV_535-768x768.jpg 768w, https:\/\/interflora.dk\/blog\/wp-content\/uploads\/2025\/09\/SAMMENSAET_DIN_EGEN_GAVEKURV_535.jpg 1200w\" sizes=\"auto, (max-width: 300px) 100vw, 300px\" \/><img decoding=\"async\" class=\"lp-badge\" src=\"https:\/\/prodblog.interflora.dk\/blog\/wp-content\/uploads\/2025\/09\/220422_INTERFLORA_Main_Logo_rgb_Main_Color.avif\" alt=\"Send blomster med Interflora\"><\/div><span>Sammens\u00e6t din egen gavekurv<\/span><p>Fra 14 kr.<\/p><span class=\"obf-link lp-cta\" role=\"link\" tabindex=\"0\" data-b64=\"aHR0cHM6Ly9pbnRlcmZsb3JhLmRrL3Byb2R1a3Qvc2FtbWVuc2FldC1kaW4tZWdlbi1nYXZla3Vydj91dG1fbWVkaXVtPW9yZ2FuaWMmdXRtX3NvdXJjZT1ibG9nX3Byb2R1Y3RzJnV0bV9jYW1wYWlnbj01MzU=\" data-target=\"_blank\"><svg xmlns=\"http:\/\/www.w3.org\/2000\/svg\" width=\"16\" height=\"16\" fill=\"currentColor\" class=\"bi bi-bag\" viewBox=\"0 0 16 16\"><path d=\"M8 1a2 2 0 0 1 2 2v1h2.5A1.5 1.5 0 0 1 14 5.5v8A1.5 1.5 0 0 1 12.5 15h-9A1.5 1.5 0 0 1 2 13.5v-8A1.5 1.5 0 0 1 3.5 3H6V2a2 2 0 0 1 2-1zm1 3V3a1 1 0 0 0-2 0v1h2z\"\/><\/svg>K\u00f8b her<\/span><p class=\"rapido\">Levering i hele Danmark<\/p><\/div><div class=\"lp-produit\"><div class=\"lp-thumbnail-wrapper\"><img loading=\"lazy\" decoding=\"async\" width=\"300\" height=\"300\" src=\"https:\/\/interflora.dk\/blog\/wp-content\/uploads\/2025\/09\/DEN_VENLIGE_VINTERVERSION_HAND_v_0-300x300.jpg\" class=\"attachment-medium size-medium wp-post-image\" alt=\"\" srcset=\"https:\/\/interflora.dk\/blog\/wp-content\/uploads\/2025\/09\/DEN_VENLIGE_VINTERVERSION_HAND_v_0-300x300.jpg 300w, https:\/\/interflora.dk\/blog\/wp-content\/uploads\/2025\/09\/DEN_VENLIGE_VINTERVERSION_HAND_v_0-1024x1024.jpg 1024w, https:\/\/interflora.dk\/blog\/wp-content\/uploads\/2025\/09\/DEN_VENLIGE_VINTERVERSION_HAND_v_0-150x150.jpg 150w, https:\/\/interflora.dk\/blog\/wp-content\/uploads\/2025\/09\/DEN_VENLIGE_VINTERVERSION_HAND_v_0-768x768.jpg 768w, https:\/\/interflora.dk\/blog\/wp-content\/uploads\/2025\/09\/DEN_VENLIGE_VINTERVERSION_HAND_v_0.jpg 1200w\" sizes=\"auto, (max-width: 300px) 100vw, 300px\" \/><img decoding=\"async\" class=\"lp-badge\" src=\"https:\/\/prodblog.interflora.dk\/blog\/wp-content\/uploads\/2025\/09\/220422_INTERFLORA_Main_Logo_rgb_Main_Color.avif\" alt=\"Send blomster med Interflora\"><\/div><span>Den venlige<\/span><p>Fra 229 kr.<\/p><span class=\"obf-link lp-cta\" role=\"link\" tabindex=\"0\" data-b64=\"aHR0cHM6Ly9pbnRlcmZsb3JhLmRrL3Byb2R1a3QvZGVuLXZlbmxpZ2U\/dj0xNTgwMiYjMDM4O3ZhcmlhdGlvbj1jMDRiZDM3OC1kZGYyLTRjMmItYmM5My1hYWM2ZWJlZWUwNDI\/dXRtX21lZGl1bT1vcmdhbmljJnV0bV9zb3VyY2U9YmxvZ19wcm9kdWN0cyZ1dG1fY2FtcGFpZ249NTc0Ng==\" data-target=\"_blank\"><svg xmlns=\"http:\/\/www.w3.org\/2000\/svg\" width=\"16\" height=\"16\" fill=\"currentColor\" class=\"bi bi-bag\" viewBox=\"0 0 16 16\"><path d=\"M8 1a2 2 0 0 1 2 2v1h2.5A1.5 1.5 0 0 1 14 5.5v8A1.5 1.5 0 0 1 12.5 15h-9A1.5 1.5 0 0 1 2 13.5v-8A1.5 1.5 0 0 1 3.5 3H6V2a2 2 0 0 1 2-1zm1 3V3a1 1 0 0 0-2 0v1h2z\"\/><\/svg>K\u00f8b her<\/span><p class=\"rapido\">Friske blomster<\/p><\/div><\/div>\n\n\n\n<div style=\"height:20px\" aria-hidden=\"true\" class=\"wp-block-spacer\"><\/div>\n\n\n\n<h2 class=\"wp-block-heading alignwide has-text-align-center\">V\u00e6lg brudebuketten<\/h2>\n\n\n\n<p>Dette er BUKETTEN. S\u00e5 den skal helst v\u00e6re helt perfekt&#8230; Den er nemlig med dig under hele ceremonien.&nbsp;<\/p>\n\n\n\n<p>Mange steder er det tradition, at brudgommen&nbsp;v\u00e6lger buketten til sin kommende hustru&#8230; Men mange steder er man g\u00e5et v\u00e6k fra dette, og ingen l\u00f8fter et \u00f8jenbryn, hvis du helst selv vil v\u00e6lge den. Hvis du dog ikke er med til at v\u00e6lge den selv, kan du stadig dirigere din elskede i den rigtige retning med et par velmenende ledetr\u00e5de: Det kan fx brylluppets tema eller stilen p\u00e5 din bryllupskjole&#8230; Mange gange kan blomsterhandleren ogs\u00e5 sagtens r\u00e5dgive. Du kan v\u00e6lge mellem afrundet buket, en t\u00e6t buket eller en buket med mere plads og med et fald. Brudebuketten skal selvf\u00f8lgelig matche din kjole. Din frisure kan ogs\u00e5 matche hele s\u00e6ttet fx ved at tilf\u00f8je <a href=\"https:\/\/interflora.dk\/blog\/de-smukkeste-blomsterkranse-til-brylluppet\/\" target=\"_blank\" rel=\"noreferrer noopener\">et par blomster i h\u00e5ret<\/a>.&nbsp;<\/p>\n\n\n\n<p>Traditionelt set er brudebuketten hvid, da det symboliserer f\u00f8lelsernes renhed. Men i dag er der plads til noget langt mere fantasifuldt! Du kan sagtens selv v\u00e6lge, om du vil have st\u00e6rke farver, pastelfarver eller lyse toner, og mange tilf\u00f8jer endda frugt, b\u00e5nd, perler, skaller&#8230; Brug en eller to blomster fra din buket til din \u00e6gtef\u00e6lles knaphul. S\u00f8rg ogs\u00e5 for at have mindre variationer af din brudebuket til brudepigerne.&nbsp;<\/p>\n\n\n\n<p>Og s\u00e5 m\u00e5 du ikke glemme dine single venner: Der skal selvf\u00f8lgelig v\u00e6re det ber\u00f8mte kast af brudebuketten til allersidst! Det siges, at den, der griber buketten, bliver den n\u00e6ste, der skal giftes&#8230;&nbsp;<\/p>\n\n\n\n<p><strong>Vores r\u00e5d:&nbsp;<\/strong><\/p>\n\n\n\n<p>Det er en god id\u00e9 at have valgt din brudebuket flere uger f\u00f8r den store dag. P\u00e5 den m\u00e5de kan blomsterhandleren finde de rigtige blomster, og resultatet vil leve op til dine forventninger.&nbsp;<\/p>\n\n\n\n<div class=\"wp-block-buttons alignwide is-content-justification-center is-layout-flex wp-container-core-buttons-is-layout-a89b3969 wp-block-buttons-is-layout-flex\">\n<div class=\"wp-block-button has-custom-font-size has-medium-font-size\"><a class=\"wp-block-button__link has-background wp-element-button\" href=\"https:\/\/interflora.dk\/produkter\/anledninger\/brudebuketter?utm_source=blog&amp;utm_medium=organic&amp;utm_campaign=bryllup\" style=\"background-color:#b80832\" target=\"_blank\" rel=\"noreferrer noopener\">Vores brudebuketter<\/a><\/div>\n<\/div>\n\n\n\n<div style=\"height:5px\" aria-hidden=\"true\" class=\"wp-block-spacer\"><\/div>\n\n\n\n<figure class=\"wp-block-image aligncenter size-large is-resized\"><a href=\"https:\/\/interflora.dk\/kontakt?utm_source=blog&amp;utm_medium=organic&amp;utm_campaign=kontakt-bryllup\"><img decoding=\"async\" src=\"https:\/\/interflora.dk\/blog\/wp-content\/uploads\/Blog-wedding-DK-1024x931.jpg\" alt=\"Banner Perfekte blomster til den perfekte dag - Find den perfekte florist til dit bryllup - Snak med vores eksperter\" class=\"wp-image-47231\" style=\"width:500px\"\/><\/a><\/figure>\n\n\n\n<div style=\"height:20px\" aria-hidden=\"true\" class=\"wp-block-spacer\"><\/div>\n\n\n\n<h2 class=\"wp-block-heading alignwide has-text-align-center\">Bryllup p\u00e5 r\u00e5dhuset<\/h2>\n\n\n\n<div class=\"wp-block-media-text alignwide is-stacked-on-mobile is-image-fill\" style=\"grid-template-columns:33% auto\"><figure class=\"wp-block-media-text__media\" style=\"background-image:url(https:\/\/interflora.dk\/blog\/wp-content\/uploads\/blomsterdekoration-bryllup-4.jpg);background-position:50% 50%\"><img decoding=\"async\" src=\"https:\/\/interflora.dk\/blog\/wp-content\/uploads\/blomsterdekoration-bryllup-4.jpg\" alt=\"\u00e6gtepar p\u00e5 vej op ad trappen\" class=\"wp-image-39320 size-full\"\/><\/figure><div class=\"wp-block-media-text__content\">\n<p>Ofte er den borgerlige ceremoni ret kort. Du kan dog sagtens planl\u00e6gge blomsterdekorationer, selvom de fleste r\u00e5dhuse m\u00e5ske allerede har en eller to kompositioner. Du kan have et smukt blomsterarrangement p\u00e5 skrivebordet, hvor I afgiver jeres underskrifter, eller de kan dekorere trappens gel\u00e6nder. Husk at tjekke p\u00e5 forh\u00e5nd med r\u00e5dhusets personale for at finde ud af, hvilke blomsterdekorationer er der i forvejen, og hvad du kan tilf\u00f8je. Glem endelig ikke rosenblade, som g\u00e6sterne kan kaste efter jer i slutningen af \u200b\u200bceremonien!<\/p>\n\n\n\n<div class=\"wp-block-buttons has-custom-font-size has-medium-font-size is-content-justification-center is-layout-flex wp-container-core-buttons-is-layout-a89b3969 wp-block-buttons-is-layout-flex\">\n<div class=\"wp-block-button\"><a class=\"wp-block-button__link has-background wp-element-button\" href=\"https:\/\/interflora.dk\/produkter\/anledninger\/bryllup?utm_source=blog&amp;utm_medium=organic&amp;utm_campaign=bryllup\" style=\"background-color:#b80832\" target=\"_blank\" rel=\"noreferrer noopener\">Blomster til bryllup<\/a><\/div>\n<\/div>\n<\/div><\/div>\n\n\n\n<div style=\"height:20px\" aria-hidden=\"true\" class=\"wp-block-spacer\"><\/div>\n\n\n<div class=\"lp-produits-grid\"><div class=\"lp-produit\"><div class=\"lp-thumbnail-wrapper\"><img loading=\"lazy\" decoding=\"async\" width=\"300\" height=\"300\" src=\"https:\/\/interflora.dk\/blog\/wp-content\/uploads\/2025\/09\/FINE_LILJEHILSEN_VERSION_01_MEDIUM_w2028229-300x300.jpg\" class=\"attachment-medium size-medium wp-post-image\" alt=\"\" srcset=\"https:\/\/interflora.dk\/blog\/wp-content\/uploads\/2025\/09\/FINE_LILJEHILSEN_VERSION_01_MEDIUM_w2028229-300x300.jpg 300w, https:\/\/interflora.dk\/blog\/wp-content\/uploads\/2025\/09\/FINE_LILJEHILSEN_VERSION_01_MEDIUM_w2028229-1024x1024.jpg 1024w, https:\/\/interflora.dk\/blog\/wp-content\/uploads\/2025\/09\/FINE_LILJEHILSEN_VERSION_01_MEDIUM_w2028229-150x150.jpg 150w, https:\/\/interflora.dk\/blog\/wp-content\/uploads\/2025\/09\/FINE_LILJEHILSEN_VERSION_01_MEDIUM_w2028229-768x768.jpg 768w, https:\/\/interflora.dk\/blog\/wp-content\/uploads\/2025\/09\/FINE_LILJEHILSEN_VERSION_01_MEDIUM_w2028229.jpg 1200w\" sizes=\"auto, (max-width: 300px) 100vw, 300px\" \/><img decoding=\"async\" class=\"lp-badge\" src=\"https:\/\/prodblog.interflora.dk\/blog\/wp-content\/uploads\/2025\/09\/220422_INTERFLORA_Main_Logo_rgb_Main_Color.avif\" alt=\"Send blomster med Interflora\"><\/div><span>Den fine liljehilsen<\/span><p>Fra 219 kr.<\/p><span class=\"obf-link lp-cta\" role=\"link\" tabindex=\"0\" data-b64=\"aHR0cHM6Ly9pbnRlcmZsb3JhLmRrL3Byb2R1a3QvZGVuLWZpbmUtbGlsamVoaWxzZW4\/dj0xNzU5NSYjMDM4O3ZhcmlhdGlvbj03YTZiNzY5Mi05NThjLTQ5MjYtYWIyNy0yZjRjYWEwMWJkZGI\/dXRtX21lZGl1bT1vcmdhbmljJnV0bV9zb3VyY2U9YmxvZ19wcm9kdWN0cyZ1dG1fY2FtcGFpZ249NzQ4MA==\" data-target=\"_blank\"><svg xmlns=\"http:\/\/www.w3.org\/2000\/svg\" width=\"16\" height=\"16\" fill=\"currentColor\" class=\"bi bi-bag\" viewBox=\"0 0 16 16\"><path d=\"M8 1a2 2 0 0 1 2 2v1h2.5A1.5 1.5 0 0 1 14 5.5v8A1.5 1.5 0 0 1 12.5 15h-9A1.5 1.5 0 0 1 2 13.5v-8A1.5 1.5 0 0 1 3.5 3H6V2a2 2 0 0 1 2-1zm1 3V3a1 1 0 0 0-2 0v1h2z\"\/><\/svg>K\u00f8b her<\/span><p class=\"rapido\">Kundernes favorit<\/p><\/div><div class=\"lp-produit\"><div class=\"lp-thumbnail-wrapper\"><img loading=\"lazy\" decoding=\"async\" width=\"300\" height=\"300\" src=\"https:\/\/interflora.dk\/blog\/wp-content\/uploads\/2025\/09\/SAMMENSAET_DIN_EGEN_GAVEKURV_535-300x300.jpg\" class=\"attachment-medium size-medium wp-post-image\" alt=\"\" srcset=\"https:\/\/interflora.dk\/blog\/wp-content\/uploads\/2025\/09\/SAMMENSAET_DIN_EGEN_GAVEKURV_535-300x300.jpg 300w, https:\/\/interflora.dk\/blog\/wp-content\/uploads\/2025\/09\/SAMMENSAET_DIN_EGEN_GAVEKURV_535-1024x1024.jpg 1024w, https:\/\/interflora.dk\/blog\/wp-content\/uploads\/2025\/09\/SAMMENSAET_DIN_EGEN_GAVEKURV_535-150x150.jpg 150w, https:\/\/interflora.dk\/blog\/wp-content\/uploads\/2025\/09\/SAMMENSAET_DIN_EGEN_GAVEKURV_535-768x768.jpg 768w, https:\/\/interflora.dk\/blog\/wp-content\/uploads\/2025\/09\/SAMMENSAET_DIN_EGEN_GAVEKURV_535.jpg 1200w\" sizes=\"auto, (max-width: 300px) 100vw, 300px\" \/><img decoding=\"async\" class=\"lp-badge\" src=\"https:\/\/prodblog.interflora.dk\/blog\/wp-content\/uploads\/2025\/09\/220422_INTERFLORA_Main_Logo_rgb_Main_Color.avif\" alt=\"Send blomster med Interflora\"><\/div><span>Sammens\u00e6t din egen gavekurv<\/span><p>Fra 14 kr.<\/p><span class=\"obf-link lp-cta\" role=\"link\" tabindex=\"0\" data-b64=\"aHR0cHM6Ly9pbnRlcmZsb3JhLmRrL3Byb2R1a3Qvc2FtbWVuc2FldC1kaW4tZWdlbi1nYXZla3Vydj91dG1fbWVkaXVtPW9yZ2FuaWMmdXRtX3NvdXJjZT1ibG9nX3Byb2R1Y3RzJnV0bV9jYW1wYWlnbj01MzU=\" data-target=\"_blank\"><svg xmlns=\"http:\/\/www.w3.org\/2000\/svg\" width=\"16\" height=\"16\" fill=\"currentColor\" class=\"bi bi-bag\" viewBox=\"0 0 16 16\"><path d=\"M8 1a2 2 0 0 1 2 2v1h2.5A1.5 1.5 0 0 1 14 5.5v8A1.5 1.5 0 0 1 12.5 15h-9A1.5 1.5 0 0 1 2 13.5v-8A1.5 1.5 0 0 1 3.5 3H6V2a2 2 0 0 1 2-1zm1 3V3a1 1 0 0 0-2 0v1h2z\"\/><\/svg>K\u00f8b her<\/span><p class=\"rapido\">Levering i dag<\/p><\/div><div class=\"lp-produit\"><div class=\"lp-thumbnail-wrapper\"><img loading=\"lazy\" decoding=\"async\" width=\"300\" height=\"300\" src=\"https:\/\/interflora.dk\/blog\/wp-content\/uploads\/2026\/04\/MAANEDENS_BUKET_APRIL_HAND_24962028129-300x300.jpeg\" class=\"attachment-medium size-medium wp-post-image\" alt=\"\" srcset=\"https:\/\/interflora.dk\/blog\/wp-content\/uploads\/2026\/04\/MAANEDENS_BUKET_APRIL_HAND_24962028129-300x300.jpeg 300w, https:\/\/interflora.dk\/blog\/wp-content\/uploads\/2026\/04\/MAANEDENS_BUKET_APRIL_HAND_24962028129-1024x1024.jpeg 1024w, https:\/\/interflora.dk\/blog\/wp-content\/uploads\/2026\/04\/MAANEDENS_BUKET_APRIL_HAND_24962028129-150x150.jpeg 150w, https:\/\/interflora.dk\/blog\/wp-content\/uploads\/2026\/04\/MAANEDENS_BUKET_APRIL_HAND_24962028129-768x768.jpeg 768w, https:\/\/interflora.dk\/blog\/wp-content\/uploads\/2026\/04\/MAANEDENS_BUKET_APRIL_HAND_24962028129.jpeg 1200w\" sizes=\"auto, (max-width: 300px) 100vw, 300px\" \/><img decoding=\"async\" class=\"lp-badge\" src=\"https:\/\/prodblog.interflora.dk\/blog\/wp-content\/uploads\/2025\/09\/220422_INTERFLORA_Main_Logo_rgb_Main_Color.avif\" alt=\"Send blomster med Interflora\"><\/div><span>M\u00e5nedens buket i april<\/span><p>Fra 319 kr.<\/p><span class=\"obf-link lp-cta\" role=\"link\" tabindex=\"0\" data-b64=\"aHR0cHM6Ly9pbnRlcmZsb3JhLmRrL3Byb2R1a3QvbWFhbmVkZW5zLWJ1a2V0LWktYXByaWw\/dj0xMzg4MSYjMDM4O3ZhcmlhdGlvbj03Mzk3NjU2Yy1hNmNkLTRmYjctODc3Mi01ZjIxNjdlNTI3MjM\/dXRtX21lZGl1bT1vcmdhbmljJnV0bV9zb3VyY2U9YmxvZ19wcm9kdWN0cyZ1dG1fY2FtcGFpZ249MjQ5Ng==\" data-target=\"_blank\"><svg xmlns=\"http:\/\/www.w3.org\/2000\/svg\" width=\"16\" height=\"16\" fill=\"currentColor\" class=\"bi bi-bag\" viewBox=\"0 0 16 16\"><path d=\"M8 1a2 2 0 0 1 2 2v1h2.5A1.5 1.5 0 0 1 14 5.5v8A1.5 1.5 0 0 1 12.5 15h-9A1.5 1.5 0 0 1 2 13.5v-8A1.5 1.5 0 0 1 3.5 3H6V2a2 2 0 0 1 2-1zm1 3V3a1 1 0 0 0-2 0v1h2z\"\/><\/svg>K\u00f8b her<\/span><p class=\"rapido\">Bundet af din lokale florist<\/p><\/div><div class=\"lp-produit\"><div class=\"lp-thumbnail-wrapper\"><img loading=\"lazy\" decoding=\"async\" width=\"300\" height=\"300\" src=\"https:\/\/interflora.dk\/blog\/wp-content\/uploads\/2026\/03\/billede_2-300x300.jpeg\" class=\"attachment-medium size-medium wp-post-image\" alt=\"\" srcset=\"https:\/\/interflora.dk\/blog\/wp-content\/uploads\/2026\/03\/billede_2-300x300.jpeg 300w, https:\/\/interflora.dk\/blog\/wp-content\/uploads\/2026\/03\/billede_2-1024x1024.jpeg 1024w, https:\/\/interflora.dk\/blog\/wp-content\/uploads\/2026\/03\/billede_2-150x150.jpeg 150w, https:\/\/interflora.dk\/blog\/wp-content\/uploads\/2026\/03\/billede_2-768x768.jpeg 768w, https:\/\/interflora.dk\/blog\/wp-content\/uploads\/2026\/03\/billede_2.jpeg 1200w\" sizes=\"auto, (max-width: 300px) 100vw, 300px\" \/><img decoding=\"async\" class=\"lp-badge\" src=\"https:\/\/prodblog.interflora.dk\/blog\/wp-content\/uploads\/2025\/09\/220422_INTERFLORA_Main_Logo_rgb_Main_Color.avif\" alt=\"Send blomster med Interflora\"><\/div><span>Solstr\u00e5le &#8211; leveres i gaveboks med DAO<\/span><p>Fra 179 kr.<\/p><span class=\"obf-link lp-cta\" role=\"link\" tabindex=\"0\" data-b64=\"aHR0cHM6Ly9pbnRlcmZsb3JhLmRrL3Byb2R1a3Qvc29sc3RyYWFsZT92PTE3OTQ0JiMwMzg7dmFyaWF0aW9uPWM2OTJiMTk0LWViYzUtNDEwMC1iNWQ4LWIyYThmN2ViMWU4OD91dG1fbWVkaXVtPW9yZ2FuaWMmdXRtX3NvdXJjZT1ibG9nX3Byb2R1Y3RzJnV0bV9jYW1wYWlnbj05MTk1\" data-target=\"_blank\"><svg xmlns=\"http:\/\/www.w3.org\/2000\/svg\" width=\"16\" height=\"16\" fill=\"currentColor\" class=\"bi bi-bag\" viewBox=\"0 0 16 16\"><path d=\"M8 1a2 2 0 0 1 2 2v1h2.5A1.5 1.5 0 0 1 14 5.5v8A1.5 1.5 0 0 1 12.5 15h-9A1.5 1.5 0 0 1 2 13.5v-8A1.5 1.5 0 0 1 3.5 3H6V2a2 2 0 0 1 2-1zm1 3V3a1 1 0 0 0-2 0v1h2z\"\/><\/svg>K\u00f8b her<\/span><p class=\"rapido\">Bundet af din lokale florist<\/p><\/div><\/div>\n\n\n\n<div style=\"height:10px\" aria-hidden=\"true\" class=\"wp-block-spacer\"><\/div>\n\n\n\n<h2 class=\"wp-block-heading alignwide has-text-align-center\">Bryllup i kirken<\/h2>\n\n\n\n<div class=\"wp-block-media-text alignwide has-media-on-the-right is-stacked-on-mobile is-image-fill\" style=\"grid-template-columns:auto 33%\"><div class=\"wp-block-media-text__content\">\n<p>Hvis du stedet har et mere formelt bryllup i kirken, <a href=\"https:\/\/interflora.dk\/blog\/tips-til-blomsterdekorationer-i-kirken-til-brylluppet\/\" target=\"_blank\" rel=\"noreferrer noopener\">har vi her nogle tips til dekorationen<\/a>. Du b\u00f8r f\u00f8rst forh\u00f8re dig hos pr\u00e6sten for at finde ud af, om blomster er tilladt, og i hvilket omfang. Planl\u00e6g to smukke blomsterarrangementer til alteret. Hvis du stadig har <a href=\"https:\/\/interflora.dk\/blog\/budget-til-bryllupsblomster\/\" target=\"_blank\" rel=\"noreferrer noopener\">budget til flere blomster<\/a>, er det smukt med sm\u00e5 buketter for enden af\u200b\u200bde f\u00f8rste 3 eller 4 b\u00e6nker\u00e6kker (hvor familien ofte sidder) ved midtergangen.&nbsp;<\/p>\n\n\n\n<p>Hvis du vil have noget st\u00f8rre, kan du dekorere s\u00f8jlerne med efeu som et symbol p\u00e5 forening. Eller lad dig inspirere af Kate og William, der havde smukke ahorntr\u00e6er og avnb\u00f8g i Westminster Cathedral!&nbsp;<\/p>\n\n\n\n<p><strong>Vores r\u00e5d:<\/strong><\/p>\n\n\n\n<p>Du har allerede masse af opgaver p\u00e5 denne store dog, s\u00e5 sp\u00f8rg i stedet din blomsterhandler, om de kan tage sig af ops\u00e6tningen af \u200b\u200bblomsterne et par timer, f\u00f8r ceremonien starter.&nbsp;<\/p>\n<\/div><figure class=\"wp-block-media-text__media\" style=\"background-image:url(https:\/\/interflora.dk\/blog\/wp-content\/uploads\/blomsterdekoration-bryllup-2.jpg);background-position:50% 50%\"><img loading=\"lazy\" decoding=\"async\" width=\"750\" height=\"500\" src=\"https:\/\/interflora.dk\/blog\/wp-content\/uploads\/blomsterdekoration-bryllup-2.jpg\" alt=\"kirke dekoreret med blomster\" class=\"wp-image-39321 size-full\"\/><\/figure><\/div>\n\n\n\n<div style=\"height:20px\" aria-hidden=\"true\" class=\"wp-block-spacer\"><\/div>\n\n\n<div class=\"lp-produits-grid\"><div class=\"lp-produit\"><div class=\"lp-thumbnail-wrapper\"><img loading=\"lazy\" decoding=\"async\" width=\"300\" height=\"300\" src=\"https:\/\/interflora.dk\/blog\/wp-content\/uploads\/2025\/09\/DEN_SOEDE_OMTANKE_HAND_173-300x300.jpg\" class=\"attachment-medium size-medium wp-post-image\" alt=\"\" srcset=\"https:\/\/interflora.dk\/blog\/wp-content\/uploads\/2025\/09\/DEN_SOEDE_OMTANKE_HAND_173-300x300.jpg 300w, https:\/\/interflora.dk\/blog\/wp-content\/uploads\/2025\/09\/DEN_SOEDE_OMTANKE_HAND_173-1024x1024.jpg 1024w, https:\/\/interflora.dk\/blog\/wp-content\/uploads\/2025\/09\/DEN_SOEDE_OMTANKE_HAND_173-150x150.jpg 150w, https:\/\/interflora.dk\/blog\/wp-content\/uploads\/2025\/09\/DEN_SOEDE_OMTANKE_HAND_173-768x768.jpg 768w, https:\/\/interflora.dk\/blog\/wp-content\/uploads\/2025\/09\/DEN_SOEDE_OMTANKE_HAND_173.jpg 1200w\" sizes=\"auto, (max-width: 300px) 100vw, 300px\" \/><img decoding=\"async\" class=\"lp-badge\" src=\"https:\/\/prodblog.interflora.dk\/blog\/wp-content\/uploads\/2025\/09\/220422_INTERFLORA_Main_Logo_rgb_Main_Color.avif\" alt=\"Send blomster med Interflora\"><\/div><span>Den s\u00f8de omtanke<\/span><p>Fra 319 kr.<\/p><span class=\"obf-link lp-cta\" role=\"link\" tabindex=\"0\" data-b64=\"aHR0cHM6Ly9pbnRlcmZsb3JhLmRrL3Byb2R1a3QvZGVuLXNvZWRlLW9tdGFua2U\/dj0xOTI2JiMwMzg7dmFyaWF0aW9uPTNlY2U2YmYxLTdhOTAtNDQwMi1iYzQ5LWM4ZTcyMjQ4ODM5ND91dG1fbWVkaXVtPW9yZ2FuaWMmdXRtX3NvdXJjZT1ibG9nX3Byb2R1Y3RzJnV0bV9jYW1wYWlnbj0xNzM=\" data-target=\"_blank\"><svg xmlns=\"http:\/\/www.w3.org\/2000\/svg\" width=\"16\" height=\"16\" fill=\"currentColor\" class=\"bi bi-bag\" viewBox=\"0 0 16 16\"><path d=\"M8 1a2 2 0 0 1 2 2v1h2.5A1.5 1.5 0 0 1 14 5.5v8A1.5 1.5 0 0 1 12.5 15h-9A1.5 1.5 0 0 1 2 13.5v-8A1.5 1.5 0 0 1 3.5 3H6V2a2 2 0 0 1 2-1zm1 3V3a1 1 0 0 0-2 0v1h2z\"\/><\/svg>K\u00f8b her<\/span><p class=\"rapido\">Bundet af din lokale florist<\/p><\/div><div class=\"lp-produit\"><div class=\"lp-thumbnail-wrapper\"><img loading=\"lazy\" decoding=\"async\" width=\"300\" height=\"300\" src=\"https:\/\/interflora.dk\/blog\/wp-content\/uploads\/2026\/03\/billede_2-300x300.jpeg\" class=\"attachment-medium size-medium wp-post-image\" alt=\"\" srcset=\"https:\/\/interflora.dk\/blog\/wp-content\/uploads\/2026\/03\/billede_2-300x300.jpeg 300w, https:\/\/interflora.dk\/blog\/wp-content\/uploads\/2026\/03\/billede_2-1024x1024.jpeg 1024w, https:\/\/interflora.dk\/blog\/wp-content\/uploads\/2026\/03\/billede_2-150x150.jpeg 150w, https:\/\/interflora.dk\/blog\/wp-content\/uploads\/2026\/03\/billede_2-768x768.jpeg 768w, https:\/\/interflora.dk\/blog\/wp-content\/uploads\/2026\/03\/billede_2.jpeg 1200w\" sizes=\"auto, (max-width: 300px) 100vw, 300px\" \/><img decoding=\"async\" class=\"lp-badge\" src=\"https:\/\/prodblog.interflora.dk\/blog\/wp-content\/uploads\/2025\/09\/220422_INTERFLORA_Main_Logo_rgb_Main_Color.avif\" alt=\"Send blomster med Interflora\"><\/div><span>Solstr\u00e5le &#8211; leveres i gaveboks med DAO<\/span><p>Fra 179 kr.<\/p><span class=\"obf-link lp-cta\" role=\"link\" tabindex=\"0\" data-b64=\"aHR0cHM6Ly9pbnRlcmZsb3JhLmRrL3Byb2R1a3Qvc29sc3RyYWFsZT92PTE3OTQ0JiMwMzg7dmFyaWF0aW9uPWM2OTJiMTk0LWViYzUtNDEwMC1iNWQ4LWIyYThmN2ViMWU4OD91dG1fbWVkaXVtPW9yZ2FuaWMmdXRtX3NvdXJjZT1ibG9nX3Byb2R1Y3RzJnV0bV9jYW1wYWlnbj05MTk1\" data-target=\"_blank\"><svg xmlns=\"http:\/\/www.w3.org\/2000\/svg\" width=\"16\" height=\"16\" fill=\"currentColor\" class=\"bi bi-bag\" viewBox=\"0 0 16 16\"><path d=\"M8 1a2 2 0 0 1 2 2v1h2.5A1.5 1.5 0 0 1 14 5.5v8A1.5 1.5 0 0 1 12.5 15h-9A1.5 1.5 0 0 1 2 13.5v-8A1.5 1.5 0 0 1 3.5 3H6V2a2 2 0 0 1 2-1zm1 3V3a1 1 0 0 0-2 0v1h2z\"\/><\/svg>K\u00f8b her<\/span><p class=\"rapido\">Kundernes favorit<\/p><\/div><div class=\"lp-produit\"><div class=\"lp-thumbnail-wrapper\"><img loading=\"lazy\" decoding=\"async\" width=\"300\" height=\"300\" src=\"https:\/\/interflora.dk\/blog\/wp-content\/uploads\/2025\/09\/DEN_FARVERIGE_SMALL_555-300x300.jpg\" class=\"attachment-medium size-medium wp-post-image\" alt=\"\" srcset=\"https:\/\/interflora.dk\/blog\/wp-content\/uploads\/2025\/09\/DEN_FARVERIGE_SMALL_555-300x300.jpg 300w, https:\/\/interflora.dk\/blog\/wp-content\/uploads\/2025\/09\/DEN_FARVERIGE_SMALL_555-1024x1024.jpg 1024w, https:\/\/interflora.dk\/blog\/wp-content\/uploads\/2025\/09\/DEN_FARVERIGE_SMALL_555-150x150.jpg 150w, https:\/\/interflora.dk\/blog\/wp-content\/uploads\/2025\/09\/DEN_FARVERIGE_SMALL_555-768x768.jpg 768w, https:\/\/interflora.dk\/blog\/wp-content\/uploads\/2025\/09\/DEN_FARVERIGE_SMALL_555.jpg 1200w\" sizes=\"auto, (max-width: 300px) 100vw, 300px\" \/><img decoding=\"async\" class=\"lp-badge\" src=\"https:\/\/prodblog.interflora.dk\/blog\/wp-content\/uploads\/2025\/09\/220422_INTERFLORA_Main_Logo_rgb_Main_Color.avif\" alt=\"Send blomster med Interflora\"><\/div><span>Den farverige<\/span><p>Fra 329 kr.<\/p><span class=\"obf-link lp-cta\" role=\"link\" tabindex=\"0\" data-b64=\"aHR0cHM6Ly9pbnRlcmZsb3JhLmRrL3Byb2R1a3QvZGVuLWZhcnZlcmlnZT92PTk0ODYmIzAzODt2YXJpYXRpb249Mjc1YTFlY2UtYzlhOS00OTU5LTgwMWMtOTYzNDY3NzRiMmM5P3V0bV9tZWRpdW09b3JnYW5pYyZ1dG1fc291cmNlPWJsb2dfcHJvZHVjdHMmdXRtX2NhbXBhaWduPTU1NQ==\" data-target=\"_blank\"><svg xmlns=\"http:\/\/www.w3.org\/2000\/svg\" width=\"16\" height=\"16\" fill=\"currentColor\" class=\"bi bi-bag\" viewBox=\"0 0 16 16\"><path d=\"M8 1a2 2 0 0 1 2 2v1h2.5A1.5 1.5 0 0 1 14 5.5v8A1.5 1.5 0 0 1 12.5 15h-9A1.5 1.5 0 0 1 2 13.5v-8A1.5 1.5 0 0 1 3.5 3H6V2a2 2 0 0 1 2-1zm1 3V3a1 1 0 0 0-2 0v1h2z\"\/><\/svg>K\u00f8b her<\/span><p class=\"rapido\">Kundernes favorit<\/p><\/div><div class=\"lp-produit\"><div class=\"lp-thumbnail-wrapper\"><img loading=\"lazy\" decoding=\"async\" width=\"300\" height=\"300\" src=\"https:\/\/interflora.dk\/blog\/wp-content\/uploads\/2025\/09\/PREMIUM_ROED_LYSEROED_SMALL_7490_w-300x300.jpg\" class=\"attachment-medium size-medium wp-post-image\" alt=\"\" srcset=\"https:\/\/interflora.dk\/blog\/wp-content\/uploads\/2025\/09\/PREMIUM_ROED_LYSEROED_SMALL_7490_w-300x300.jpg 300w, https:\/\/interflora.dk\/blog\/wp-content\/uploads\/2025\/09\/PREMIUM_ROED_LYSEROED_SMALL_7490_w-1024x1024.jpg 1024w, https:\/\/interflora.dk\/blog\/wp-content\/uploads\/2025\/09\/PREMIUM_ROED_LYSEROED_SMALL_7490_w-150x150.jpg 150w, https:\/\/interflora.dk\/blog\/wp-content\/uploads\/2025\/09\/PREMIUM_ROED_LYSEROED_SMALL_7490_w-768x768.jpg 768w, https:\/\/interflora.dk\/blog\/wp-content\/uploads\/2025\/09\/PREMIUM_ROED_LYSEROED_SMALL_7490_w.jpg 1200w\" sizes=\"auto, (max-width: 300px) 100vw, 300px\" \/><img decoding=\"async\" class=\"lp-badge\" src=\"https:\/\/prodblog.interflora.dk\/blog\/wp-content\/uploads\/2025\/09\/220422_INTERFLORA_Main_Logo_rgb_Main_Color.avif\" alt=\"Send blomster med Interflora\"><\/div><span>Den bet\u00e6nksomme<\/span><p>Fra 349 kr.<\/p><span class=\"obf-link lp-cta\" role=\"link\" tabindex=\"0\" data-b64=\"aHR0cHM6Ly9pbnRlcmZsb3JhLmRrL3Byb2R1a3QvZGVuLWJldGFlbmtzb21tZT92PTk0MjEmIzAzODt2YXJpYXRpb249ZTNiOThjYjctMWQzMC00OTYxLWI5N2UtOGM5OGIwNmM2NDE1P3V0bV9tZWRpdW09b3JnYW5pYyZ1dG1fc291cmNlPWJsb2dfcHJvZHVjdHMmdXRtX2NhbXBhaWduPTU4MA==\" data-target=\"_blank\"><svg xmlns=\"http:\/\/www.w3.org\/2000\/svg\" width=\"16\" height=\"16\" fill=\"currentColor\" class=\"bi bi-bag\" viewBox=\"0 0 16 16\"><path d=\"M8 1a2 2 0 0 1 2 2v1h2.5A1.5 1.5 0 0 1 14 5.5v8A1.5 1.5 0 0 1 12.5 15h-9A1.5 1.5 0 0 1 2 13.5v-8A1.5 1.5 0 0 1 3.5 3H6V2a2 2 0 0 1 2-1zm1 3V3a1 1 0 0 0-2 0v1h2z\"\/><\/svg>K\u00f8b her<\/span><p class=\"rapido\">Friske blomster<\/p><\/div><\/div>\n\n\n\n<div style=\"height:10px\" aria-hidden=\"true\" class=\"wp-block-spacer\"><\/div>\n\n\n\n<h2 class=\"wp-block-heading alignwide has-text-align-center\">Ved receptionen<\/h2>\n\n\n\n<div class=\"wp-block-media-text alignwide is-stacked-on-mobile is-image-fill\" style=\"grid-template-columns:33% auto\"><figure class=\"wp-block-media-text__media\" style=\"background-image:url(https:\/\/interflora.dk\/blog\/wp-content\/uploads\/blomsterdekoration-bryllup.jpg);background-position:50% 50%\"><img decoding=\"async\" src=\"https:\/\/interflora.dk\/blog\/wp-content\/uploads\/blomsterdekoration-bryllup.jpg\" alt=\"blomsterarrangementer p\u00e5 et bryllupsbord\" class=\"wp-image-39322 size-full\"\/><\/figure><div class=\"wp-block-media-text__content\">\n<p>Hvis bordene er runde, skal du v\u00e6lge en dekoration, der ogs\u00e5 er rundt, men ikke for h\u00f8j. P\u00e5 den m\u00e5de s\u00f8rger du for, at de spisende g\u00e6ster stadig kan se og snakke med hinanden uden problemer. Hvis bordene er rektangul\u00e6re, vil flade og lange blomsterdekorationer passe helt perfekt. V\u00e6lg ikke noget, der dufter for st\u00e6rkt, da det m\u00e5ske kan genere smagsl\u00f8gene under spisning!&nbsp;<\/p>\n\n\n\n<p>P\u00e5 sk\u00e6nken kan du placere to smukke kompositioner i samme farver og stil som midterstykkerne. Eller hvad med en kombination af vand, blomster og d\u00e6mpet lys? Med et mindre budget kan man arrangere smukke rosenblade i et bassin fyldt med vand, hvor et par stearinlys kan flyde. Og rosenblade kan drysses langs bordene.<\/p>\n\n\n\n<div class=\"wp-block-buttons is-content-justification-center is-layout-flex wp-container-core-buttons-is-layout-a89b3969 wp-block-buttons-is-layout-flex\">\n<div class=\"wp-block-button has-custom-font-size has-medium-font-size\"><a class=\"wp-block-button__link has-background wp-element-button\" href=\"https:\/\/interflora.dk\/blog\/blomster-til-bryllupsbordet-smukke-ideer\/\" style=\"background-color:#b80832\" target=\"_blank\" rel=\"noreferrer noopener\">S\u00e5dan dekorerer du dine bryllupsborde med blomster<\/a><\/div>\n<\/div>\n<\/div><\/div>\n\n\n\n<div style=\"height:10px\" aria-hidden=\"true\" class=\"wp-block-spacer\"><\/div>\n\n\n\n<div style=\"height:20px\" aria-hidden=\"true\" class=\"wp-block-spacer\"><\/div>\n\n\n\n<h2 class=\"wp-block-heading alignwide has-text-align-center\">Det b\u00f8r du undg\u00e5\u2026<\/h2>\n\n\n\n<div class=\"wp-block-media-text alignwide has-media-on-the-right is-stacked-on-mobile\" style=\"grid-template-columns:auto 33%\"><div class=\"wp-block-media-text__content\">\n<p>\u25cf&nbsp; Blomster med pistiller som \u2013 hvis uheldet virkelig er ude \u2013 kan g\u00f8re din kjole beskidt. Hvis du alligevel v\u00e6lger denne blomstertype (som fx liljer), s\u00e5 husk at fjerne st\u00f8vvejen inden!&nbsp;<\/p>\n\n\n\n<p>\u25cf&nbsp; Farven gul b\u00f8r ikke v\u00e6re for dominerende, da den ofte symboliserer forr\u00e6deri og utroskab&#8230; Det betyder dog ikke, at du beh\u00f8ver at undg\u00e5 den helt: Med et hint af gult her og der leder det tankerne hen mod sol og fornyelse!&nbsp;<\/p>\n\n\n\n<p>\u25cf&nbsp; Blomster har deres helt eget sprog, hvor de hver is\u00e6r formidler et bestemt budskab. Vi vil derfor s\u00e5 vidt muligt undg\u00e5: sm\u00f8rblomsten (symbol p\u00e5 h\u00e5n), tidl\u00f8s (symbol p\u00e5 brud), skovranke (symbol p\u00e5 bedrag), narcis (symbol p\u00e5 arrogance), tidsel (symbol p\u00e5 sorg), havemorgenfrue (symbol p\u00e5 tvivl) og anenomen (symbol p\u00e5 opgivelse).<\/p>\n<\/div><figure class=\"wp-block-media-text__media\"><img loading=\"lazy\" decoding=\"async\" width=\"750\" height=\"500\" src=\"https:\/\/interflora.dk\/blog\/wp-content\/uploads\/blomsterdekoration-bryllup-5.jpg\" alt=\"Lyslilje\" class=\"wp-image-39323 size-full\"\/><\/figure><\/div>\n\n\n\n<div class=\"wp-block-buttons alignwide is-content-justification-center is-layout-flex wp-container-core-buttons-is-layout-a89b3969 wp-block-buttons-is-layout-flex\">\n<div class=\"wp-block-button has-custom-font-size has-medium-font-size\"><a class=\"wp-block-button__link has-background wp-element-button\" href=\"https:\/\/interflora.dk\/blog\/bryllupsblomst-afhaengigt-af-bryllupsmaneden\/\" style=\"background-color:#b80832\" target=\"_blank\" rel=\"noreferrer noopener\">V\u00e6lg bryllupsblomst ud fra jeres bryllupsm\u00e5ned<\/a><\/div>\n<\/div>\n\n\n<div class=\"lp-produits-grid\"><div class=\"lp-produit\"><div class=\"lp-thumbnail-wrapper\"><img loading=\"lazy\" decoding=\"async\" width=\"300\" height=\"300\" src=\"https:\/\/interflora.dk\/blog\/wp-content\/uploads\/2025\/09\/DEN_HELT_RIGTIGE_SMALL_552_v-300x300.jpg\" class=\"attachment-medium size-medium wp-post-image\" alt=\"\" srcset=\"https:\/\/interflora.dk\/blog\/wp-content\/uploads\/2025\/09\/DEN_HELT_RIGTIGE_SMALL_552_v-300x300.jpg 300w, https:\/\/interflora.dk\/blog\/wp-content\/uploads\/2025\/09\/DEN_HELT_RIGTIGE_SMALL_552_v-1024x1024.jpg 1024w, https:\/\/interflora.dk\/blog\/wp-content\/uploads\/2025\/09\/DEN_HELT_RIGTIGE_SMALL_552_v-150x150.jpg 150w, https:\/\/interflora.dk\/blog\/wp-content\/uploads\/2025\/09\/DEN_HELT_RIGTIGE_SMALL_552_v-768x768.jpg 768w, https:\/\/interflora.dk\/blog\/wp-content\/uploads\/2025\/09\/DEN_HELT_RIGTIGE_SMALL_552_v.jpg 1200w\" sizes=\"auto, (max-width: 300px) 100vw, 300px\" \/><img decoding=\"async\" class=\"lp-badge\" src=\"https:\/\/prodblog.interflora.dk\/blog\/wp-content\/uploads\/2025\/09\/220422_INTERFLORA_Main_Logo_rgb_Main_Color.avif\" alt=\"Send blomster med Interflora\"><\/div><span>Den helt rigtige<\/span><p>Fra 269 kr.<\/p><span class=\"obf-link lp-cta\" role=\"link\" tabindex=\"0\" data-b64=\"aHR0cHM6Ly9pbnRlcmZsb3JhLmRrL3Byb2R1a3QvZGVuLWhlbHQtcmlndGlnZT92PTkzMjEmIzAzODt2YXJpYXRpb249YjYwNDJkNzEtZWFjYi00M2U4LWI5MWEtMzg5OTRhODliNzMyP3V0bV9tZWRpdW09b3JnYW5pYyZ1dG1fc291cmNlPWJsb2dfcHJvZHVjdHMmdXRtX2NhbXBhaWduPTU1Mg==\" data-target=\"_blank\"><svg xmlns=\"http:\/\/www.w3.org\/2000\/svg\" width=\"16\" height=\"16\" fill=\"currentColor\" class=\"bi bi-bag\" viewBox=\"0 0 16 16\"><path d=\"M8 1a2 2 0 0 1 2 2v1h2.5A1.5 1.5 0 0 1 14 5.5v8A1.5 1.5 0 0 1 12.5 15h-9A1.5 1.5 0 0 1 2 13.5v-8A1.5 1.5 0 0 1 3.5 3H6V2a2 2 0 0 1 2-1zm1 3V3a1 1 0 0 0-2 0v1h2z\"\/><\/svg>K\u00f8b her<\/span><p class=\"rapido\">Friske blomster<\/p><\/div><div class=\"lp-produit\"><div class=\"lp-thumbnail-wrapper\"><img loading=\"lazy\" decoding=\"async\" width=\"300\" height=\"300\" src=\"https:\/\/interflora.dk\/blog\/wp-content\/uploads\/2026\/03\/billede_2-300x300.jpeg\" class=\"attachment-medium size-medium wp-post-image\" alt=\"\" srcset=\"https:\/\/interflora.dk\/blog\/wp-content\/uploads\/2026\/03\/billede_2-300x300.jpeg 300w, https:\/\/interflora.dk\/blog\/wp-content\/uploads\/2026\/03\/billede_2-1024x1024.jpeg 1024w, https:\/\/interflora.dk\/blog\/wp-content\/uploads\/2026\/03\/billede_2-150x150.jpeg 150w, https:\/\/interflora.dk\/blog\/wp-content\/uploads\/2026\/03\/billede_2-768x768.jpeg 768w, https:\/\/interflora.dk\/blog\/wp-content\/uploads\/2026\/03\/billede_2.jpeg 1200w\" sizes=\"auto, (max-width: 300px) 100vw, 300px\" \/><img decoding=\"async\" class=\"lp-badge\" src=\"https:\/\/prodblog.interflora.dk\/blog\/wp-content\/uploads\/2025\/09\/220422_INTERFLORA_Main_Logo_rgb_Main_Color.avif\" alt=\"Send blomster med Interflora\"><\/div><span>Solstr\u00e5le &#8211; leveres i gaveboks med DAO<\/span><p>Fra 179 kr.<\/p><span class=\"obf-link lp-cta\" role=\"link\" tabindex=\"0\" data-b64=\"aHR0cHM6Ly9pbnRlcmZsb3JhLmRrL3Byb2R1a3Qvc29sc3RyYWFsZT92PTE3OTQ0JiMwMzg7dmFyaWF0aW9uPWM2OTJiMTk0LWViYzUtNDEwMC1iNWQ4LWIyYThmN2ViMWU4OD91dG1fbWVkaXVtPW9yZ2FuaWMmdXRtX3NvdXJjZT1ibG9nX3Byb2R1Y3RzJnV0bV9jYW1wYWlnbj05MTk1\" data-target=\"_blank\"><svg xmlns=\"http:\/\/www.w3.org\/2000\/svg\" width=\"16\" height=\"16\" fill=\"currentColor\" class=\"bi bi-bag\" viewBox=\"0 0 16 16\"><path d=\"M8 1a2 2 0 0 1 2 2v1h2.5A1.5 1.5 0 0 1 14 5.5v8A1.5 1.5 0 0 1 12.5 15h-9A1.5 1.5 0 0 1 2 13.5v-8A1.5 1.5 0 0 1 3.5 3H6V2a2 2 0 0 1 2-1zm1 3V3a1 1 0 0 0-2 0v1h2z\"\/><\/svg>K\u00f8b her<\/span><p class=\"rapido\">Levering i dag<\/p><\/div><div class=\"lp-produit\"><div class=\"lp-thumbnail-wrapper\"><img loading=\"lazy\" decoding=\"async\" width=\"300\" height=\"300\" src=\"https:\/\/interflora.dk\/blog\/wp-content\/uploads\/2026\/04\/MAANEDENS_BUKET_APRIL_HAND_24962028129-300x300.jpeg\" class=\"attachment-medium size-medium wp-post-image\" alt=\"\" srcset=\"https:\/\/interflora.dk\/blog\/wp-content\/uploads\/2026\/04\/MAANEDENS_BUKET_APRIL_HAND_24962028129-300x300.jpeg 300w, https:\/\/interflora.dk\/blog\/wp-content\/uploads\/2026\/04\/MAANEDENS_BUKET_APRIL_HAND_24962028129-1024x1024.jpeg 1024w, https:\/\/interflora.dk\/blog\/wp-content\/uploads\/2026\/04\/MAANEDENS_BUKET_APRIL_HAND_24962028129-150x150.jpeg 150w, https:\/\/interflora.dk\/blog\/wp-content\/uploads\/2026\/04\/MAANEDENS_BUKET_APRIL_HAND_24962028129-768x768.jpeg 768w, https:\/\/interflora.dk\/blog\/wp-content\/uploads\/2026\/04\/MAANEDENS_BUKET_APRIL_HAND_24962028129.jpeg 1200w\" sizes=\"auto, (max-width: 300px) 100vw, 300px\" \/><img decoding=\"async\" class=\"lp-badge\" src=\"https:\/\/prodblog.interflora.dk\/blog\/wp-content\/uploads\/2025\/09\/220422_INTERFLORA_Main_Logo_rgb_Main_Color.avif\" alt=\"Send blomster med Interflora\"><\/div><span>M\u00e5nedens buket i april<\/span><p>Fra 319 kr.<\/p><span class=\"obf-link lp-cta\" role=\"link\" tabindex=\"0\" data-b64=\"aHR0cHM6Ly9pbnRlcmZsb3JhLmRrL3Byb2R1a3QvbWFhbmVkZW5zLWJ1a2V0LWktYXByaWw\/dj0xMzg4MSYjMDM4O3ZhcmlhdGlvbj03Mzk3NjU2Yy1hNmNkLTRmYjctODc3Mi01ZjIxNjdlNTI3MjM\/dXRtX21lZGl1bT1vcmdhbmljJnV0bV9zb3VyY2U9YmxvZ19wcm9kdWN0cyZ1dG1fY2FtcGFpZ249MjQ5Ng==\" data-target=\"_blank\"><svg xmlns=\"http:\/\/www.w3.org\/2000\/svg\" width=\"16\" height=\"16\" fill=\"currentColor\" class=\"bi bi-bag\" viewBox=\"0 0 16 16\"><path d=\"M8 1a2 2 0 0 1 2 2v1h2.5A1.5 1.5 0 0 1 14 5.5v8A1.5 1.5 0 0 1 12.5 15h-9A1.5 1.5 0 0 1 2 13.5v-8A1.5 1.5 0 0 1 3.5 3H6V2a2 2 0 0 1 2-1zm1 3V3a1 1 0 0 0-2 0v1h2z\"\/><\/svg>K\u00f8b her<\/span><p class=\"rapido\">Din personlige hilsen<\/p><\/div><div class=\"lp-produit\"><div class=\"lp-thumbnail-wrapper\"><img loading=\"lazy\" decoding=\"async\" width=\"300\" height=\"300\" src=\"https:\/\/interflora.dk\/blog\/wp-content\/uploads\/2025\/09\/DEN_VENLIGE_VINTERVERSION_HAND_v_0-300x300.jpg\" class=\"attachment-medium size-medium wp-post-image\" alt=\"\" srcset=\"https:\/\/interflora.dk\/blog\/wp-content\/uploads\/2025\/09\/DEN_VENLIGE_VINTERVERSION_HAND_v_0-300x300.jpg 300w, https:\/\/interflora.dk\/blog\/wp-content\/uploads\/2025\/09\/DEN_VENLIGE_VINTERVERSION_HAND_v_0-1024x1024.jpg 1024w, https:\/\/interflora.dk\/blog\/wp-content\/uploads\/2025\/09\/DEN_VENLIGE_VINTERVERSION_HAND_v_0-150x150.jpg 150w, https:\/\/interflora.dk\/blog\/wp-content\/uploads\/2025\/09\/DEN_VENLIGE_VINTERVERSION_HAND_v_0-768x768.jpg 768w, https:\/\/interflora.dk\/blog\/wp-content\/uploads\/2025\/09\/DEN_VENLIGE_VINTERVERSION_HAND_v_0.jpg 1200w\" sizes=\"auto, (max-width: 300px) 100vw, 300px\" \/><img decoding=\"async\" class=\"lp-badge\" src=\"https:\/\/prodblog.interflora.dk\/blog\/wp-content\/uploads\/2025\/09\/220422_INTERFLORA_Main_Logo_rgb_Main_Color.avif\" alt=\"Send blomster med Interflora\"><\/div><span>Den venlige<\/span><p>Fra 229 kr.<\/p><span class=\"obf-link lp-cta\" role=\"link\" tabindex=\"0\" data-b64=\"aHR0cHM6Ly9pbnRlcmZsb3JhLmRrL3Byb2R1a3QvZGVuLXZlbmxpZ2U\/dj0xNTgwMiYjMDM4O3ZhcmlhdGlvbj1jMDRiZDM3OC1kZGYyLTRjMmItYmM5My1hYWM2ZWJlZWUwNDI\/dXRtX21lZGl1bT1vcmdhbmljJnV0bV9zb3VyY2U9YmxvZ19wcm9kdWN0cyZ1dG1fY2FtcGFpZ249NTc0Ng==\" data-target=\"_blank\"><svg xmlns=\"http:\/\/www.w3.org\/2000\/svg\" width=\"16\" height=\"16\" fill=\"currentColor\" class=\"bi bi-bag\" viewBox=\"0 0 16 16\"><path d=\"M8 1a2 2 0 0 1 2 2v1h2.5A1.5 1.5 0 0 1 14 5.5v8A1.5 1.5 0 0 1 12.5 15h-9A1.5 1.5 0 0 1 2 13.5v-8A1.5 1.5 0 0 1 3.5 3H6V2a2 2 0 0 1 2-1zm1 3V3a1 1 0 0 0-2 0v1h2z\"\/><\/svg>K\u00f8b her<\/span><p class=\"rapido\">Levering i dag<\/p><\/div><\/div>\n","protected":false},"excerpt":{"rendered":"<p>Bryllupss\u00e6sonen er i gang, og i \u00e5r er det din tur! Men f\u00f8r I f\u00e5r lov til at nyde den [&hellip;]<\/p>\n","protected":false},"author":1,"featured_media":39331,"comment_status":"open","ping_status":"open","sticky":false,"template":"","format":"standard","meta":{"_uag_custom_page_level_css":"","site-sidebar-layout":"default","site-content-layout":"","ast-site-content-layout":"default","site-content-style":"default","site-sidebar-style":"default","ast-global-header-display":"","ast-banner-title-visibility":"","ast-main-header-display":"","ast-hfb-above-header-display":"","ast-hfb-below-header-display":"","ast-hfb-mobile-header-display":"","site-post-title":"","ast-breadcrumbs-content":"","ast-featured-img":"","footer-sml-layout":"","ast-disable-related-posts":"","theme-transparent-header-meta":"","adv-header-id-meta":"","stick-header-meta":"","header-above-stick-meta":"","header-main-stick-meta":"","header-below-stick-meta":"","astra-migrate-meta-layouts":"set","ast-page-background-enabled":"default","ast-page-background-meta":{"desktop":{"background-color":"var(--ast-global-color-5)","background-image":"","background-repeat":"repeat","background-position":"center center","background-size":"auto","background-attachment":"scroll","background-type":"","background-media":"","overlay-type":"","overlay-color":"","overlay-opacity":"","overlay-gradient":""},"tablet":{"background-color":"","background-image":"","background-repeat":"repeat","background-position":"center center","background-size":"auto","background-attachment":"scroll","background-type":"","background-media":"","overlay-type":"","overlay-color":"","overlay-opacity":"","overlay-gradient":""},"mobile":{"background-color":"","background-image":"","background-repeat":"repeat","background-position":"center center","background-size":"auto","background-attachment":"scroll","background-type":"","background-media":"","overlay-type":"","overlay-color":"","overlay-opacity":"","overlay-gradient":""}},"ast-content-background-meta":{"desktop":{"background-color":"var(--ast-global-color-4)","background-image":"","background-repeat":"repeat","background-position":"center center","background-size":"auto","background-attachment":"scroll","background-type":"","background-media":"","overlay-type":"","overlay-color":"","overlay-opacity":"","overlay-gradient":""},"tablet":{"background-color":"var(--ast-global-color-4)","background-image":"","background-repeat":"repeat","background-position":"center center","background-size":"auto","background-attachment":"scroll","background-type":"","background-media":"","overlay-type":"","overlay-color":"","overlay-opacity":"","overlay-gradient":""},"mobile":{"background-color":"var(--ast-global-color-4)","background-image":"","background-repeat":"repeat","background-position":"center center","background-size":"auto","background-attachment":"scroll","background-type":"","background-media":"","overlay-type":"","overlay-color":"","overlay-opacity":"","overlay-gradient":""}},"footnotes":""},"categories":[181,275,201,167],"tags":[180],"class_list":["post-39316","post","type-post","status-publish","format-standard","has-post-thumbnail","hentry","category-bryllup","category-dekorationer","category-inspiration","category-anledninger","tag-bryllup"],"yoast_head":"<!-- This site is optimized with the Yoast SEO plugin v27.4 - https:\/\/yoast.com\/product\/yoast-seo-wordpress\/ -->\n<title>Tips til valg af blomsterdekoration til dit bryllup | Interflora<\/title>\n<meta name=\"description\" content=\"Bryllupss\u00e6sonen er i gang, og i \u00e5r er det din tur! Men f\u00f8r vi f\u00e5r lov til at nyde den store dag, skal vi f\u00f8rst have styr p\u00e5 de store forberedelser.\" \/>\n<meta name=\"robots\" content=\"index, follow, max-snippet:-1, max-image-preview:large, max-video-preview:-1\" \/>\n<link rel=\"canonical\" href=\"https:\/\/interflora.dk\/blog\/blomsterdekoration-til-bryllup\/\" \/>\n<meta property=\"og:locale\" content=\"da_DK\" \/>\n<meta property=\"og:type\" content=\"article\" \/>\n<meta property=\"og:title\" content=\"Tips til valg af blomsterdekoration til dit bryllup | Interflora\" \/>\n<meta property=\"og:description\" content=\"Bryllupss\u00e6sonen er i gang, og i \u00e5r er det din tur! Men f\u00f8r vi f\u00e5r lov til at nyde den store dag, skal vi f\u00f8rst have styr p\u00e5 de store forberedelser.\" \/>\n<meta property=\"og:url\" content=\"https:\/\/interflora.dk\/blog\/blomsterdekoration-til-bryllup\/\" \/>\n<meta property=\"og:site_name\" content=\"Interflora\" \/>\n<meta property=\"article:publisher\" content=\"https:\/\/www.facebook.com\/InterfloraDanmark\" \/>\n<meta property=\"article:published_time\" content=\"2023-12-26T11:49:26+00:00\" \/>\n<meta property=\"og:image\" content=\"https:\/\/interflora.dk\/blog\/wp-content\/uploads\/2023\/12\/blomsterdekoration-bryllup-6-1.jpg\" \/>\n\t<meta property=\"og:image:width\" content=\"1500\" \/>\n\t<meta property=\"og:image:height\" content=\"998\" \/>\n\t<meta property=\"og:image:type\" content=\"image\/jpeg\" \/>\n<meta name=\"author\" content=\"admin\" \/>\n<meta name=\"twitter:card\" content=\"summary_large_image\" \/>\n<meta name=\"twitter:label1\" content=\"Skrevet af\" \/>\n\t<meta name=\"twitter:data1\" content=\"admin\" \/>\n\t<meta name=\"twitter:label2\" content=\"Estimeret l\u00e6setid\" \/>\n\t<meta name=\"twitter:data2\" content=\"6 minutter\" \/>\n<script type=\"application\/ld+json\" class=\"yoast-schema-graph\">{\"@context\":\"https:\\\/\\\/schema.org\",\"@graph\":[{\"@type\":\"Article\",\"@id\":\"https:\\\/\\\/interflora.dk\\\/blog\\\/blomsterdekoration-til-bryllup\\\/#article\",\"isPartOf\":{\"@id\":\"https:\\\/\\\/interflora.dk\\\/blog\\\/blomsterdekoration-til-bryllup\\\/\"},\"author\":{\"name\":\"admin\",\"@id\":\"https:\\\/\\\/interflora.dk\\\/blog\\\/#\\\/schema\\\/person\\\/dbbd1ad45e05409c356dc639597669f2\"},\"headline\":\"Blomsterdekoration til dit bryllup\",\"datePublished\":\"2023-12-26T11:49:26+00:00\",\"mainEntityOfPage\":{\"@id\":\"https:\\\/\\\/interflora.dk\\\/blog\\\/blomsterdekoration-til-bryllup\\\/\"},\"wordCount\":1160,\"commentCount\":0,\"publisher\":{\"@id\":\"https:\\\/\\\/interflora.dk\\\/blog\\\/#organization\"},\"image\":{\"@id\":\"https:\\\/\\\/interflora.dk\\\/blog\\\/blomsterdekoration-til-bryllup\\\/#primaryimage\"},\"thumbnailUrl\":\"https:\\\/\\\/interflora.dk\\\/blog\\\/wp-content\\\/uploads\\\/2023\\\/12\\\/blomsterdekoration-bryllup-6-1.jpg\",\"keywords\":[\"Bryllup\"],\"articleSection\":[\"Bryllup: Inspiration og tips\",\"Dekorationer\",\"Inspiration\",\"Interfloras guide til alle anledninger\"],\"inLanguage\":\"da-DK\",\"potentialAction\":[{\"@type\":\"CommentAction\",\"name\":\"Comment\",\"target\":[\"https:\\\/\\\/interflora.dk\\\/blog\\\/blomsterdekoration-til-bryllup\\\/#respond\"]}]},{\"@type\":\"WebPage\",\"@id\":\"https:\\\/\\\/interflora.dk\\\/blog\\\/blomsterdekoration-til-bryllup\\\/\",\"url\":\"https:\\\/\\\/interflora.dk\\\/blog\\\/blomsterdekoration-til-bryllup\\\/\",\"name\":\"Tips til valg af blomsterdekoration til dit bryllup | Interflora\",\"isPartOf\":{\"@id\":\"https:\\\/\\\/interflora.dk\\\/blog\\\/#website\"},\"primaryImageOfPage\":{\"@id\":\"https:\\\/\\\/interflora.dk\\\/blog\\\/blomsterdekoration-til-bryllup\\\/#primaryimage\"},\"image\":{\"@id\":\"https:\\\/\\\/interflora.dk\\\/blog\\\/blomsterdekoration-til-bryllup\\\/#primaryimage\"},\"thumbnailUrl\":\"https:\\\/\\\/interflora.dk\\\/blog\\\/wp-content\\\/uploads\\\/2023\\\/12\\\/blomsterdekoration-bryllup-6-1.jpg\",\"datePublished\":\"2023-12-26T11:49:26+00:00\",\"description\":\"Bryllupss\u00e6sonen er i gang, og i \u00e5r er det din tur! Men f\u00f8r vi f\u00e5r lov til at nyde den store dag, skal vi f\u00f8rst have styr p\u00e5 de store forberedelser.\",\"breadcrumb\":{\"@id\":\"https:\\\/\\\/interflora.dk\\\/blog\\\/blomsterdekoration-til-bryllup\\\/#breadcrumb\"},\"inLanguage\":\"da-DK\",\"potentialAction\":[{\"@type\":\"ReadAction\",\"target\":[\"https:\\\/\\\/interflora.dk\\\/blog\\\/blomsterdekoration-til-bryllup\\\/\"]}]},{\"@type\":\"ImageObject\",\"inLanguage\":\"da-DK\",\"@id\":\"https:\\\/\\\/interflora.dk\\\/blog\\\/blomsterdekoration-til-bryllup\\\/#primaryimage\",\"url\":\"https:\\\/\\\/interflora.dk\\\/blog\\\/wp-content\\\/uploads\\\/2023\\\/12\\\/blomsterdekoration-bryllup-6-1.jpg\",\"contentUrl\":\"https:\\\/\\\/interflora.dk\\\/blog\\\/wp-content\\\/uploads\\\/2023\\\/12\\\/blomsterdekoration-bryllup-6-1.jpg\",\"width\":1500,\"height\":998,\"caption\":\"Brudebuket\"},{\"@type\":\"BreadcrumbList\",\"@id\":\"https:\\\/\\\/interflora.dk\\\/blog\\\/blomsterdekoration-til-bryllup\\\/#breadcrumb\",\"itemListElement\":[{\"@type\":\"ListItem\",\"position\":1,\"name\":\"Home\",\"item\":\"https:\\\/\\\/interflora.dk\\\/blog\\\/\"},{\"@type\":\"ListItem\",\"position\":2,\"name\":\"Blomsterdekoration til dit bryllup\"}]},{\"@type\":\"WebSite\",\"@id\":\"https:\\\/\\\/interflora.dk\\\/blog\\\/#website\",\"url\":\"https:\\\/\\\/interflora.dk\\\/blog\\\/\",\"name\":\"Interflora\",\"description\":\"\",\"publisher\":{\"@id\":\"https:\\\/\\\/interflora.dk\\\/blog\\\/#organization\"},\"potentialAction\":[{\"@type\":\"SearchAction\",\"target\":{\"@type\":\"EntryPoint\",\"urlTemplate\":\"https:\\\/\\\/interflora.dk\\\/blog\\\/?s={search_term_string}\"},\"query-input\":{\"@type\":\"PropertyValueSpecification\",\"valueRequired\":true,\"valueName\":\"search_term_string\"}}],\"inLanguage\":\"da-DK\"},{\"@type\":\"Organization\",\"@id\":\"https:\\\/\\\/interflora.dk\\\/blog\\\/#organization\",\"name\":\"Interflora\",\"url\":\"https:\\\/\\\/interflora.dk\\\/blog\\\/\",\"logo\":{\"@type\":\"ImageObject\",\"inLanguage\":\"da-DK\",\"@id\":\"https:\\\/\\\/interflora.dk\\\/blog\\\/#\\\/schema\\\/logo\\\/image\\\/\",\"url\":\"https:\\\/\\\/interflora.dk\\\/blog\\\/wp-content\\\/uploads\\\/2025\\\/09\\\/220422_INTERFLORA_Logo_rgb_Half_Top_Circle_Main_Color.png\",\"contentUrl\":\"https:\\\/\\\/interflora.dk\\\/blog\\\/wp-content\\\/uploads\\\/2025\\\/09\\\/220422_INTERFLORA_Logo_rgb_Half_Top_Circle_Main_Color.png\",\"width\":1418,\"height\":710,\"caption\":\"Interflora\"},\"image\":{\"@id\":\"https:\\\/\\\/interflora.dk\\\/blog\\\/#\\\/schema\\\/logo\\\/image\\\/\"},\"sameAs\":[\"https:\\\/\\\/www.facebook.com\\\/InterfloraDanmark\",\"https:\\\/\\\/www.instagram.com\\\/interfloradk\",\"https:\\\/\\\/www.linkedin.com\\\/company\\\/interfloradanmark\",\"https:\\\/\\\/www.youtube.com\\\/user\\\/InterfloraTV\"]},{\"@type\":\"Person\",\"@id\":\"https:\\\/\\\/interflora.dk\\\/blog\\\/#\\\/schema\\\/person\\\/dbbd1ad45e05409c356dc639597669f2\",\"name\":\"admin\",\"image\":{\"@type\":\"ImageObject\",\"inLanguage\":\"da-DK\",\"@id\":\"https:\\\/\\\/interflora.dk\\\/blog\\\/wp-content\\\/litespeed\\\/avatar\\\/1fe3cced9e67df62d0a6f995d75823a5.jpg?ver=1776935036\",\"url\":\"https:\\\/\\\/interflora.dk\\\/blog\\\/wp-content\\\/litespeed\\\/avatar\\\/1fe3cced9e67df62d0a6f995d75823a5.jpg?ver=1776935036\",\"contentUrl\":\"https:\\\/\\\/interflora.dk\\\/blog\\\/wp-content\\\/litespeed\\\/avatar\\\/1fe3cced9e67df62d0a6f995d75823a5.jpg?ver=1776935036\",\"caption\":\"admin\"}}]}<\/script>\n<!-- \/ Yoast SEO plugin. -->","yoast_head_json":{"title":"Tips til valg af blomsterdekoration til dit bryllup | Interflora","description":"Bryllupss\u00e6sonen er i gang, og i \u00e5r er det din tur! Men f\u00f8r vi f\u00e5r lov til at nyde den store dag, skal vi f\u00f8rst have styr p\u00e5 de store forberedelser.","robots":{"index":"index","follow":"follow","max-snippet":"max-snippet:-1","max-image-preview":"max-image-preview:large","max-video-preview":"max-video-preview:-1"},"canonical":"https:\/\/interflora.dk\/blog\/blomsterdekoration-til-bryllup\/","og_locale":"da_DK","og_type":"article","og_title":"Tips til valg af blomsterdekoration til dit bryllup | Interflora","og_description":"Bryllupss\u00e6sonen er i gang, og i \u00e5r er det din tur! Men f\u00f8r vi f\u00e5r lov til at nyde den store dag, skal vi f\u00f8rst have styr p\u00e5 de store forberedelser.","og_url":"https:\/\/interflora.dk\/blog\/blomsterdekoration-til-bryllup\/","og_site_name":"Interflora","article_publisher":"https:\/\/www.facebook.com\/InterfloraDanmark","article_published_time":"2023-12-26T11:49:26+00:00","og_image":[{"width":1500,"height":998,"url":"https:\/\/interflora.dk\/blog\/wp-content\/uploads\/2023\/12\/blomsterdekoration-bryllup-6-1.jpg","type":"image\/jpeg"}],"author":"admin","twitter_card":"summary_large_image","twitter_misc":{"Skrevet af":"admin","Estimeret l\u00e6setid":"6 minutter"},"schema":{"@context":"https:\/\/schema.org","@graph":[{"@type":"Article","@id":"https:\/\/interflora.dk\/blog\/blomsterdekoration-til-bryllup\/#article","isPartOf":{"@id":"https:\/\/interflora.dk\/blog\/blomsterdekoration-til-bryllup\/"},"author":{"name":"admin","@id":"https:\/\/interflora.dk\/blog\/#\/schema\/person\/dbbd1ad45e05409c356dc639597669f2"},"headline":"Blomsterdekoration til dit bryllup","datePublished":"2023-12-26T11:49:26+00:00","mainEntityOfPage":{"@id":"https:\/\/interflora.dk\/blog\/blomsterdekoration-til-bryllup\/"},"wordCount":1160,"commentCount":0,"publisher":{"@id":"https:\/\/interflora.dk\/blog\/#organization"},"image":{"@id":"https:\/\/interflora.dk\/blog\/blomsterdekoration-til-bryllup\/#primaryimage"},"thumbnailUrl":"https:\/\/interflora.dk\/blog\/wp-content\/uploads\/2023\/12\/blomsterdekoration-bryllup-6-1.jpg","keywords":["Bryllup"],"articleSection":["Bryllup: Inspiration og tips","Dekorationer","Inspiration","Interfloras guide til alle anledninger"],"inLanguage":"da-DK","potentialAction":[{"@type":"CommentAction","name":"Comment","target":["https:\/\/interflora.dk\/blog\/blomsterdekoration-til-bryllup\/#respond"]}]},{"@type":"WebPage","@id":"https:\/\/interflora.dk\/blog\/blomsterdekoration-til-bryllup\/","url":"https:\/\/interflora.dk\/blog\/blomsterdekoration-til-bryllup\/","name":"Tips til valg af blomsterdekoration til dit bryllup | Interflora","isPartOf":{"@id":"https:\/\/interflora.dk\/blog\/#website"},"primaryImageOfPage":{"@id":"https:\/\/interflora.dk\/blog\/blomsterdekoration-til-bryllup\/#primaryimage"},"image":{"@id":"https:\/\/interflora.dk\/blog\/blomsterdekoration-til-bryllup\/#primaryimage"},"thumbnailUrl":"https:\/\/interflora.dk\/blog\/wp-content\/uploads\/2023\/12\/blomsterdekoration-bryllup-6-1.jpg","datePublished":"2023-12-26T11:49:26+00:00","description":"Bryllupss\u00e6sonen er i gang, og i \u00e5r er det din tur! Men f\u00f8r vi f\u00e5r lov til at nyde den store dag, skal vi f\u00f8rst have styr p\u00e5 de store forberedelser.","breadcrumb":{"@id":"https:\/\/interflora.dk\/blog\/blomsterdekoration-til-bryllup\/#breadcrumb"},"inLanguage":"da-DK","potentialAction":[{"@type":"ReadAction","target":["https:\/\/interflora.dk\/blog\/blomsterdekoration-til-bryllup\/"]}]},{"@type":"ImageObject","inLanguage":"da-DK","@id":"https:\/\/interflora.dk\/blog\/blomsterdekoration-til-bryllup\/#primaryimage","url":"https:\/\/interflora.dk\/blog\/wp-content\/uploads\/2023\/12\/blomsterdekoration-bryllup-6-1.jpg","contentUrl":"https:\/\/interflora.dk\/blog\/wp-content\/uploads\/2023\/12\/blomsterdekoration-bryllup-6-1.jpg","width":1500,"height":998,"caption":"Brudebuket"},{"@type":"BreadcrumbList","@id":"https:\/\/interflora.dk\/blog\/blomsterdekoration-til-bryllup\/#breadcrumb","itemListElement":[{"@type":"ListItem","position":1,"name":"Home","item":"https:\/\/interflora.dk\/blog\/"},{"@type":"ListItem","position":2,"name":"Blomsterdekoration til dit bryllup"}]},{"@type":"WebSite","@id":"https:\/\/interflora.dk\/blog\/#website","url":"https:\/\/interflora.dk\/blog\/","name":"Interflora","description":"","publisher":{"@id":"https:\/\/interflora.dk\/blog\/#organization"},"potentialAction":[{"@type":"SearchAction","target":{"@type":"EntryPoint","urlTemplate":"https:\/\/interflora.dk\/blog\/?s={search_term_string}"},"query-input":{"@type":"PropertyValueSpecification","valueRequired":true,"valueName":"search_term_string"}}],"inLanguage":"da-DK"},{"@type":"Organization","@id":"https:\/\/interflora.dk\/blog\/#organization","name":"Interflora","url":"https:\/\/interflora.dk\/blog\/","logo":{"@type":"ImageObject","inLanguage":"da-DK","@id":"https:\/\/interflora.dk\/blog\/#\/schema\/logo\/image\/","url":"https:\/\/interflora.dk\/blog\/wp-content\/uploads\/2025\/09\/220422_INTERFLORA_Logo_rgb_Half_Top_Circle_Main_Color.png","contentUrl":"https:\/\/interflora.dk\/blog\/wp-content\/uploads\/2025\/09\/220422_INTERFLORA_Logo_rgb_Half_Top_Circle_Main_Color.png","width":1418,"height":710,"caption":"Interflora"},"image":{"@id":"https:\/\/interflora.dk\/blog\/#\/schema\/logo\/image\/"},"sameAs":["https:\/\/www.facebook.com\/InterfloraDanmark","https:\/\/www.instagram.com\/interfloradk","https:\/\/www.linkedin.com\/company\/interfloradanmark","https:\/\/www.youtube.com\/user\/InterfloraTV"]},{"@type":"Person","@id":"https:\/\/interflora.dk\/blog\/#\/schema\/person\/dbbd1ad45e05409c356dc639597669f2","name":"admin","image":{"@type":"ImageObject","inLanguage":"da-DK","@id":"https:\/\/interflora.dk\/blog\/wp-content\/litespeed\/avatar\/1fe3cced9e67df62d0a6f995d75823a5.jpg?ver=1776935036","url":"https:\/\/interflora.dk\/blog\/wp-content\/litespeed\/avatar\/1fe3cced9e67df62d0a6f995d75823a5.jpg?ver=1776935036","contentUrl":"https:\/\/interflora.dk\/blog\/wp-content\/litespeed\/avatar\/1fe3cced9e67df62d0a6f995d75823a5.jpg?ver=1776935036","caption":"admin"}}]}},"uagb_featured_image_src":{"full":["https:\/\/interflora.dk\/blog\/wp-content\/uploads\/2023\/12\/blomsterdekoration-bryllup-6-1.jpg",1500,998,false],"thumbnail":["https:\/\/interflora.dk\/blog\/wp-content\/uploads\/2023\/12\/blomsterdekoration-bryllup-6-1-150x150.jpg",150,150,true],"medium":["https:\/\/interflora.dk\/blog\/wp-content\/uploads\/2023\/12\/blomsterdekoration-bryllup-6-1-300x200.jpg",300,200,true],"medium_large":["https:\/\/interflora.dk\/blog\/wp-content\/uploads\/2023\/12\/blomsterdekoration-bryllup-6-1-768x511.jpg",768,511,true],"large":["https:\/\/interflora.dk\/blog\/wp-content\/uploads\/2023\/12\/blomsterdekoration-bryllup-6-1-1024x681.jpg",1024,681,true],"1536x1536":["https:\/\/interflora.dk\/blog\/wp-content\/uploads\/2023\/12\/blomsterdekoration-bryllup-6-1.jpg",1500,998,false],"2048x2048":["https:\/\/interflora.dk\/blog\/wp-content\/uploads\/2023\/12\/blomsterdekoration-bryllup-6-1.jpg",1500,998,false]},"uagb_author_info":{"display_name":"admin","author_link":"https:\/\/interflora.dk\/blog\/author\/admin\/"},"uagb_comment_info":0,"uagb_excerpt":"Bryllupss\u00e6sonen er i gang, og i \u00e5r er det din tur! Men f\u00f8r I f\u00e5r lov til at nyde den [&hellip;]","_links":{"self":[{"href":"https:\/\/interflora.dk\/blog\/wp-json\/wp\/v2\/posts\/39316","targetHints":{"allow":["GET"]}}],"collection":[{"href":"https:\/\/interflora.dk\/blog\/wp-json\/wp\/v2\/posts"}],"about":[{"href":"https:\/\/interflora.dk\/blog\/wp-json\/wp\/v2\/types\/post"}],"author":[{"embeddable":true,"href":"https:\/\/interflora.dk\/blog\/wp-json\/wp\/v2\/users\/1"}],"replies":[{"embeddable":true,"href":"https:\/\/interflora.dk\/blog\/wp-json\/wp\/v2\/comments?post=39316"}],"version-history":[{"count":0,"href":"https:\/\/interflora.dk\/blog\/wp-json\/wp\/v2\/posts\/39316\/revisions"}],"wp:featuredmedia":[{"embeddable":true,"href":"https:\/\/interflora.dk\/blog\/wp-json\/wp\/v2\/media\/39331"}],"wp:attachment":[{"href":"https:\/\/interflora.dk\/blog\/wp-json\/wp\/v2\/media?parent=39316"}],"wp:term":[{"taxonomy":"category","embeddable":true,"href":"https:\/\/interflora.dk\/blog\/wp-json\/wp\/v2\/categories?post=39316"},{"taxonomy":"post_tag","embeddable":true,"href":"https:\/\/interflora.dk\/blog\/wp-json\/wp\/v2\/tags?post=39316"}],"curies":[{"name":"wp","href":"https:\/\/api.w.org\/{rel}","templated":true}]}}