{"id":39663,"date":"2025-10-20T15:03:00","date_gmt":"2025-10-20T13:03:00","guid":{"rendered":"https:\/\/interflora.dk\/blog\/?p=39663"},"modified":"2025-11-28T14:45:08","modified_gmt":"2025-11-28T13:45:08","slug":"hyacinter","status":"publish","type":"post","link":"https:\/\/interflora.dk\/blog\/hyacinter\/","title":{"rendered":"Hyacinter: Egenskaber og pasning\u00a0"},"content":{"rendered":"\n<p><strong>Dens us\u00e6dvanlige blomst og karakteristiske duft g\u00f8r den yderst popul\u00e6r, is\u00e6r da den ogs\u00e5 er ganske let at passe. Men selvom hyacinten l\u00e6nges efter solrige dage, kan den ogs\u00e5 blomstre indend\u00f8rs om vinteren og kan endda findes i mange for\u00e5rs- og julebuketter! H\u00f8r om hyacintens egenskaber og dens historie, og f\u00e5 et par tips til at dyrke den.<\/strong><\/p>\n\n\n\n<h2 class=\"wp-block-heading\"><strong>Hyacint: Egenskaber<\/strong>&nbsp;<\/h2>\n\n\n\n<div class=\"wp-block-media-text is-stacked-on-mobile is-image-fill-element\" style=\"grid-template-columns:30% auto\"><figure class=\"wp-block-media-text__media\"><img loading=\"lazy\" decoding=\"async\" width=\"684\" height=\"1024\" src=\"https:\/\/interflora.dk\/blog\/wp-content\/uploads\/hyacint-684x1024.webp\" alt=\"\" class=\"wp-image-39542 size-full\" style=\"object-position:50% 50%\"\/><\/figure><div class=\"wp-block-media-text__content\">\n<p><strong>Hyacinten<\/strong> er en l\u00f8gplante, der tilh\u00f8rer sl\u00e6gten <em>hyacinthus<\/em> og familien Hyacinthaceae. <strong>Hyacinter<\/strong> blev engang klassificeret som en del af den store liliaceae-familie. <strong>Hyacinter<\/strong> er hjemmeh\u00f8rende i det \u00f8stlige Middelhavsomr\u00e5de, herunder Tyrkiet samt Mellem\u00f8sten og Centralasien.&nbsp;<\/p>\n\n\n\n<p>De stjerneformede blomster, der er samlet i t\u00e6tte st\u00e6rkt duftende klaser, g\u00f8r <strong>hyacinten<\/strong> til vores stolthed i haven. Den giver, udover duften, ogs\u00e5 haven en ordentlig dosis farve, da den f\u00e5s mange forskellige farver. Den findes i bl\u00e5, lyser\u00f8d, r\u00f8d, hvid, gul og orange, der alle rangerer fra pastelfarver til de mere livlige toner.&nbsp;<\/p>\n\n\n\n<p>Den mest udbredte art er den <strong>\u00f8stlige hyacint<\/strong> eller <em>hyacinthus orientalis<\/em>. Oprindeligt var den bl\u00e5lig i farven, men nu dyrkes den i en lang r\u00e6kke farver takket v\u00e6re en mange\u00e5rig indsats fra hollandske gartnere.&nbsp;&nbsp;<\/p>\n\n\n\n<p>Der er ogs\u00e5 <strong>hollandske hyacinter<\/strong> eller <strong>havehyacinter<\/strong> &nbsp;<br>De <strong>s\u00e5kaldte &#8220;romerske&#8221; hyacinter<\/strong> (<em>H. albulus<\/em>) med hvide blomster og <strong>Parishyacinter<\/strong> (<em>H. provincialis<\/em>) med en mere sparsom blomstring. Den fler\u00e5rige l\u00f8vf\u00e6ldende plante lyser op i vores haver fra marts til maj i blomsterbede, stenbede og i plantekasser!&nbsp;&nbsp;<\/p>\n\n\n\n<p><strong>Hyacinten er en fremragende staude<\/strong> og passer perfekt i for\u00e5rets blomsterbuketter. Sammen med tulipaner og p\u00e5skeliljer er de for\u00e5rets stjerner. S\u00e5 hvorfor ikke s\u00e6tte <strong>et par hyacinter i en vase<\/strong> og bring en sk\u00f8n duft og lidt ekstra farve ind i dit hjem?&nbsp;&nbsp;<\/p>\n\n\n\n<p>Men det er dog bedst at lade dem blive ude af sovev\u00e6relset. <strong>Hyacinter<\/strong> har en kraftig duft, der kan v\u00e6re ret overv\u00e6ldende.<\/p>\n<\/div><\/div>\n\n\n\n<h3 class=\"wp-block-heading\">Pas p\u00e5 med hyacinter, hvis du er allergiker<\/h3>\n\n\n\n<p>Hyacinter er enormt smukke og velduftende blomster, men hvis du er astmatiker eller allergiker, er det med at v\u00e6re p\u00e5 vagt, inden du planter dem i din have. Hyacinter er faktisk nogle af de mest allergifremkaldende blomster herhjemme if\u00f8lge&nbsp;Astma- og Allergiforbundet.<\/p>\n\n\n\n<p>Blandt de forskellige hyacintarter er der dog stor variation i plantens duftintensitet, hvilket ogs\u00e5 har indflydelse p\u00e5, hvor allergifremkaldende &nbsp;den enkelte hyacint&nbsp;er. Ofte er det de hvide og mindre farveintense&nbsp;hyacinter, der ogs\u00e5 er de mindst allergifremkaldende. Tal gerne med din lokale florist om valget af dine hyacinter, hvis du er allergiker eller astmatiker.<\/p>\n\n\n\n<h2 class=\"wp-block-heading\">Tre forskellige slags hyacinter<\/h2>\n\n\n\n<p>Der findes mange forskellige slags hyacinter, og mange af dem g\u00f8r sig godt i de danske stuer og haver. Nedenfor vil vi pr\u00e6sentere dig for tre smukke hyacint-arter, der hver is\u00e6r pynter med deres egen farvepalet og spreder deres karakteristiske duft.<\/p>\n\n\n<div class=\"lp-produits-grid\"><div class=\"lp-produit\"><div class=\"lp-thumbnail-wrapper\"><img loading=\"lazy\" decoding=\"async\" width=\"300\" height=\"300\" src=\"https:\/\/interflora.dk\/blog\/wp-content\/uploads\/2025\/11\/Vinterlig_hyacintsammenplatning_426-300x300.jpg\" class=\"attachment-medium size-medium wp-post-image\" alt=\"\" srcset=\"https:\/\/interflora.dk\/blog\/wp-content\/uploads\/2025\/11\/Vinterlig_hyacintsammenplatning_426-300x300.jpg 300w, https:\/\/interflora.dk\/blog\/wp-content\/uploads\/2025\/11\/Vinterlig_hyacintsammenplatning_426-1024x1024.jpg 1024w, https:\/\/interflora.dk\/blog\/wp-content\/uploads\/2025\/11\/Vinterlig_hyacintsammenplatning_426-150x150.jpg 150w, https:\/\/interflora.dk\/blog\/wp-content\/uploads\/2025\/11\/Vinterlig_hyacintsammenplatning_426-768x768.jpg 768w, https:\/\/interflora.dk\/blog\/wp-content\/uploads\/2025\/11\/Vinterlig_hyacintsammenplatning_426.jpg 1200w\" sizes=\"auto, (max-width: 300px) 100vw, 300px\" \/><img decoding=\"async\" class=\"lp-badge\" src=\"https:\/\/prodblog.interflora.dk\/blog\/wp-content\/uploads\/2025\/09\/220422_INTERFLORA_Main_Logo_rgb_Main_Color.avif\" alt=\"Send blomster med Interflora\"><\/div><span>Vinterlig hyacint sammenplantning<\/span><p>Fra 249 kr.<\/p><span class=\"obf-link lp-cta\" role=\"link\" tabindex=\"0\" data-b64=\"aHR0cHM6Ly9pbnRlcmZsb3JhLmRrL3Byb2R1a3QvdmludGVybGlnLWh5YWNpbnQtc2FtbWVucGxhbnRuaW5nP3V0bV9tZWRpdW09b3JnYW5pYyZ1dG1fc291cmNlPWJsb2dfcHJvZHVjdHMmdXRtX2NhbXBhaWduPTQyNg==\" data-target=\"_blank\"><svg xmlns=\"http:\/\/www.w3.org\/2000\/svg\" width=\"16\" height=\"16\" fill=\"currentColor\" class=\"bi bi-bag\" viewBox=\"0 0 16 16\"><path d=\"M8 1a2 2 0 0 1 2 2v1h2.5A1.5 1.5 0 0 1 14 5.5v8A1.5 1.5 0 0 1 12.5 15h-9A1.5 1.5 0 0 1 2 13.5v-8A1.5 1.5 0 0 1 3.5 3H6V2a2 2 0 0 1 2-1zm1 3V3a1 1 0 0 0-2 0v1h2z\"\/><\/svg>K\u00f8b her<\/span><p class=\"rapido\">Levering i dag<\/p><\/div><div class=\"lp-produit\"><div class=\"lp-thumbnail-wrapper\"><img loading=\"lazy\" decoding=\"async\" width=\"300\" height=\"300\" src=\"https:\/\/interflora.dk\/blog\/wp-content\/uploads\/2025\/11\/Hyacinter_i_potte_med_marcipan_hjerter_5510-300x300.jpg\" class=\"attachment-medium size-medium wp-post-image\" alt=\"\" srcset=\"https:\/\/interflora.dk\/blog\/wp-content\/uploads\/2025\/11\/Hyacinter_i_potte_med_marcipan_hjerter_5510-300x300.jpg 300w, https:\/\/interflora.dk\/blog\/wp-content\/uploads\/2025\/11\/Hyacinter_i_potte_med_marcipan_hjerter_5510-1024x1024.jpg 1024w, https:\/\/interflora.dk\/blog\/wp-content\/uploads\/2025\/11\/Hyacinter_i_potte_med_marcipan_hjerter_5510-150x150.jpg 150w, https:\/\/interflora.dk\/blog\/wp-content\/uploads\/2025\/11\/Hyacinter_i_potte_med_marcipan_hjerter_5510-768x768.jpg 768w, https:\/\/interflora.dk\/blog\/wp-content\/uploads\/2025\/11\/Hyacinter_i_potte_med_marcipan_hjerter_5510.jpg 1200w\" sizes=\"auto, (max-width: 300px) 100vw, 300px\" \/><img decoding=\"async\" class=\"lp-badge\" src=\"https:\/\/prodblog.interflora.dk\/blog\/wp-content\/uploads\/2025\/09\/220422_INTERFLORA_Main_Logo_rgb_Main_Color.avif\" alt=\"Send blomster med Interflora\"><\/div><span>Hvide hyacinter i glas med marcipanhjerter<\/span><p>Fra 208 kr.<\/p><span class=\"obf-link lp-cta\" role=\"link\" tabindex=\"0\" data-b64=\"aHR0cHM6Ly9pbnRlcmZsb3JhLmRrL3Byb2R1a3QvaHZpZGUtaHlhY2ludGVyLWktZ2xhcy1tZWQtbWFyY2lwYW5oamVydGVyP3V0bV9tZWRpdW09b3JnYW5pYyZ1dG1fc291cmNlPWJsb2dfcHJvZHVjdHMmdXRtX2NhbXBhaWduPTU1MTA=\" data-target=\"_blank\"><svg xmlns=\"http:\/\/www.w3.org\/2000\/svg\" width=\"16\" height=\"16\" fill=\"currentColor\" class=\"bi bi-bag\" viewBox=\"0 0 16 16\"><path d=\"M8 1a2 2 0 0 1 2 2v1h2.5A1.5 1.5 0 0 1 14 5.5v8A1.5 1.5 0 0 1 12.5 15h-9A1.5 1.5 0 0 1 2 13.5v-8A1.5 1.5 0 0 1 3.5 3H6V2a2 2 0 0 1 2-1zm1 3V3a1 1 0 0 0-2 0v1h2z\"\/><\/svg>K\u00f8b her<\/span><p class=\"rapido\">Bundet af din lokale florist<\/p><\/div><div class=\"lp-produit\"><div class=\"lp-thumbnail-wrapper\"><img loading=\"lazy\" decoding=\"async\" width=\"300\" height=\"300\" src=\"https:\/\/interflora.dk\/blog\/wp-content\/uploads\/2025\/11\/Sammenplantning2028129-300x300.png\" class=\"attachment-medium size-medium wp-post-image\" alt=\"\" srcset=\"https:\/\/interflora.dk\/blog\/wp-content\/uploads\/2025\/11\/Sammenplantning2028129-300x300.png 300w, https:\/\/interflora.dk\/blog\/wp-content\/uploads\/2025\/11\/Sammenplantning2028129-1024x1024.png 1024w, https:\/\/interflora.dk\/blog\/wp-content\/uploads\/2025\/11\/Sammenplantning2028129-150x150.png 150w, https:\/\/interflora.dk\/blog\/wp-content\/uploads\/2025\/11\/Sammenplantning2028129-768x768.png 768w, https:\/\/interflora.dk\/blog\/wp-content\/uploads\/2025\/11\/Sammenplantning2028129.png 1200w\" sizes=\"auto, (max-width: 300px) 100vw, 300px\" \/><img decoding=\"async\" class=\"lp-badge\" src=\"https:\/\/prodblog.interflora.dk\/blog\/wp-content\/uploads\/2025\/09\/220422_INTERFLORA_Main_Logo_rgb_Main_Color.avif\" alt=\"Send blomster med Interflora\"><\/div><span>Vinter sammenplantning<\/span><p>Fra 239 kr.<\/p><span class=\"obf-link lp-cta\" role=\"link\" tabindex=\"0\" data-b64=\"aHR0cHM6Ly9pbnRlcmZsb3JhLmRrL3Byb2R1a3QvdmludGVyLXNhbW1lbnBsYW50bmluZz91dG1fbWVkaXVtPW9yZ2FuaWMmdXRtX3NvdXJjZT1ibG9nX3Byb2R1Y3RzJnV0bV9jYW1wYWlnbj03Mzgz\" data-target=\"_blank\"><svg xmlns=\"http:\/\/www.w3.org\/2000\/svg\" width=\"16\" height=\"16\" fill=\"currentColor\" class=\"bi bi-bag\" viewBox=\"0 0 16 16\"><path d=\"M8 1a2 2 0 0 1 2 2v1h2.5A1.5 1.5 0 0 1 14 5.5v8A1.5 1.5 0 0 1 12.5 15h-9A1.5 1.5 0 0 1 2 13.5v-8A1.5 1.5 0 0 1 3.5 3H6V2a2 2 0 0 1 2-1zm1 3V3a1 1 0 0 0-2 0v1h2z\"\/><\/svg>K\u00f8b her<\/span><p class=\"rapido\">Bundet af din lokale florist<\/p><\/div><div class=\"lp-produit\"><div class=\"lp-thumbnail-wrapper\"><img loading=\"lazy\" decoding=\"async\" width=\"300\" height=\"300\" src=\"https:\/\/interflora.dk\/blog\/wp-content\/uploads\/2025\/11\/Hyacinter_i_potte_med_hjertechokolade_mint_5511-300x300.jpg\" class=\"attachment-medium size-medium wp-post-image\" alt=\"\" srcset=\"https:\/\/interflora.dk\/blog\/wp-content\/uploads\/2025\/11\/Hyacinter_i_potte_med_hjertechokolade_mint_5511-300x300.jpg 300w, https:\/\/interflora.dk\/blog\/wp-content\/uploads\/2025\/11\/Hyacinter_i_potte_med_hjertechokolade_mint_5511-1024x1024.jpg 1024w, https:\/\/interflora.dk\/blog\/wp-content\/uploads\/2025\/11\/Hyacinter_i_potte_med_hjertechokolade_mint_5511-150x150.jpg 150w, https:\/\/interflora.dk\/blog\/wp-content\/uploads\/2025\/11\/Hyacinter_i_potte_med_hjertechokolade_mint_5511-768x768.jpg 768w, https:\/\/interflora.dk\/blog\/wp-content\/uploads\/2025\/11\/Hyacinter_i_potte_med_hjertechokolade_mint_5511.jpg 1200w\" sizes=\"auto, (max-width: 300px) 100vw, 300px\" \/><img decoding=\"async\" class=\"lp-badge\" src=\"https:\/\/prodblog.interflora.dk\/blog\/wp-content\/uploads\/2025\/09\/220422_INTERFLORA_Main_Logo_rgb_Main_Color.avif\" alt=\"Send blomster med Interflora\"><\/div><span>Hvide hyacinter i glas med hjerte med mintchokolade<\/span><p>Fra 244 kr.<\/p><span class=\"obf-link lp-cta\" role=\"link\" tabindex=\"0\" data-b64=\"aHR0cHM6Ly9pbnRlcmZsb3JhLmRrL3Byb2R1a3QvaHZpZGUtaHlhY2ludGVyLWktZ2xhcy1tZWQtaGplcnRlLW1lZC1taW50Y2hva29sYWRlP3V0bV9tZWRpdW09b3JnYW5pYyZ1dG1fc291cmNlPWJsb2dfcHJvZHVjdHMmdXRtX2NhbXBhaWduPTU1MTE=\" data-target=\"_blank\"><svg xmlns=\"http:\/\/www.w3.org\/2000\/svg\" width=\"16\" height=\"16\" fill=\"currentColor\" class=\"bi bi-bag\" viewBox=\"0 0 16 16\"><path d=\"M8 1a2 2 0 0 1 2 2v1h2.5A1.5 1.5 0 0 1 14 5.5v8A1.5 1.5 0 0 1 12.5 15h-9A1.5 1.5 0 0 1 2 13.5v-8A1.5 1.5 0 0 1 3.5 3H6V2a2 2 0 0 1 2-1zm1 3V3a1 1 0 0 0-2 0v1h2z\"\/><\/svg>K\u00f8b her<\/span><p class=\"rapido\">Kundernes favorit<\/p><\/div><\/div>\n\n\n\n<div style=\"height:10px\" aria-hidden=\"true\" class=\"wp-block-spacer\"><\/div>\n\n\n\n<h3 class=\"wp-block-heading\">Almindelig hyacint<\/h3>\n\n\n\n<div class=\"wp-block-media-text has-media-on-the-right is-stacked-on-mobile is-image-fill-element\" style=\"grid-template-columns:auto 30%\"><div class=\"wp-block-media-text__content\">\n<p>Den almindelige hyacint er is\u00e6r kendt for sin s\u00e6rlige duft. Disse l\u00f8gv\u00e6kster har en grundstillet bladroset og oprejst st\u00e6ngel og kommer oprindeligt fra omr\u00e5det, der i dag er Syrien og Tyrkiet. Planten formerer sig b\u00e5de med l\u00f8g og fr\u00f8 og skal ikke forveksles med for eksempel perlehyacinten og porcel\u00e6nshyacinten. Den almindelige hyacint findes i mange farver, for eksempel bl\u00e5, lilla, r\u00f8d, orange og gul.<\/p>\n\n\n\n<p>I naturen blomstrer de almindelige hyacinter normalt fra april til maj, men ved hj\u00e6lp af drivning kan man ogs\u00e5 f\u00e5 dem til at blomstre uden for s\u00e6sonen, for eksempel til jul.<\/p>\n<\/div><figure class=\"wp-block-media-text__media\"><img loading=\"lazy\" decoding=\"async\" width=\"1024\" height=\"683\" src=\"https:\/\/interflora.dk\/blog\/wp-content\/uploads\/hyacint-2-1024x683.jpg\" alt=\"\" class=\"wp-image-39669 size-full\" style=\"object-position:50% 50%\"\/><\/figure><\/div>\n\n\n\n<h3 class=\"wp-block-heading\">Perlehyacint<\/h3>\n\n\n\n<div class=\"wp-block-media-text is-stacked-on-mobile is-image-fill-element\" style=\"grid-template-columns:30% auto\"><figure class=\"wp-block-media-text__media\"><img loading=\"lazy\" decoding=\"async\" width=\"1000\" height=\"644\" src=\"https:\/\/interflora.dk\/blog\/wp-content\/uploads\/hyacinter.jpg\" alt=\"Perlehyacint\" class=\"wp-image-39850 size-full\" style=\"object-position:50% 50%\"\/><\/figure><div class=\"wp-block-media-text__content\">\n<p>Perlehyacinten er en pragtfuld og farverig hyacint og en klassiker i mange blomsterbede herhjemme. N\u00e5r man betragter disse hyacinter fra afstand, kan man fristes til at tro, at de blot b\u00e6rer en enkelt blomst. Kommer man t\u00e6ttere p\u00e5, kan man imidlertid se de mange sm\u00e5 blomster for enden af hyacintens st\u00e6ngel, der mest af alt ligner sm\u00e5 bl\u00e5 perler.<\/p>\n\n\n\n<p>Lige som de almindelige hyacinter har ogs\u00e5 perlehyacinter en kraftig og l\u00e6kker duft. Perlehyacinter gror s\u00e5vel i glas som i krukker&nbsp;og p\u00e5 enge og g\u00f8r sig godt i sammenspil med andre blomster i en smuk buket. Perlehyacinter er lette at dyrke herhjemme og stiller ikke de store krav til jordbunden, som de placeres i. Disse hyacinter gror bedst i sol eller halvskygge og opn\u00e5r en h\u00f8jde p\u00e5 omkring 20 cm.<\/p>\n\n\n\n<p>L\u00f8get b\u00f8r placeres i en dybde p\u00e5 omkring 15 cm og med en afstand p\u00e5 omkring 15 cm mellem l\u00f8gene.<\/p>\n<\/div><\/div>\n\n\n\n<h3 class=\"wp-block-heading\">Porcel\u00e6nshyacinter<\/h3>\n\n\n\n<div class=\"wp-block-media-text has-media-on-the-right is-stacked-on-mobile is-image-fill-element\" style=\"grid-template-columns:auto 30%\"><div class=\"wp-block-media-text__content\">\n<p>Porcel\u00e6nshyacinter er enormt smukke blomster, der til trods for deres h\u00e5rdf\u00f8rhed er ret sj\u00e6ldne i Danmark. Disse hyacinter er kendetegnet ved deres hvide kronblade, der hver is\u00e6r b\u00e6rer en let bl\u00e5lig stribe.<\/p>\n\n\n\n<p>Oprindeligt kommer porcel\u00e6nshyacinter fra Mellem\u00f8sten. Det menes at v\u00e6re den russiske kemiker og plantesamler Apollo Apollosovich, der bragte perlehyacinten til vores breddegrader i starten af 1800-tallet. P\u00e5 afstand&nbsp;kan man &nbsp;godt komme til at denne hyacint-art&nbsp;med den persiske skilla. I mods\u00e6tning til perlehyacinten er disse&nbsp;blomster&nbsp;st\u00f8rre, og st\u00f8vdragerne er frie.<\/p>\n\n\n\n<p>Porcel\u00e6nshyacinter kan med fordel plantes i det tidlige efter\u00e5r i en dybde p\u00e5 ca. 10 cm og med en afstand p\u00e5 ca. 10 cm mellem hvert l\u00f8g. De kan gro i den meste havejord, men foretr\u00e6kker en let sandet og veldr\u00e6net jord. Placer gerne porcel\u00e6nshyacinter et sted med sol og l\u00e6.<\/p>\n<\/div><figure class=\"wp-block-media-text__media\"><img loading=\"lazy\" decoding=\"async\" width=\"1000\" height=\"665\" src=\"https:\/\/interflora.dk\/blog\/wp-content\/uploads\/Porcelaenshyacinter.jpg\" alt=\"Porcel\u00e6nshyacinter\" class=\"wp-image-39853 size-full\" style=\"object-position:50% 50%\"\/><\/figure><\/div>\n\n\n<div class=\"lp-produits-grid\"><div class=\"lp-produit\"><div class=\"lp-thumbnail-wrapper\"><img loading=\"lazy\" decoding=\"async\" width=\"300\" height=\"300\" src=\"https:\/\/interflora.dk\/blog\/wp-content\/uploads\/2025\/11\/Hyacinter_i_potte_med_marcipanbrC3B8d_5512-300x300.jpg\" class=\"attachment-medium size-medium wp-post-image\" alt=\"\" srcset=\"https:\/\/interflora.dk\/blog\/wp-content\/uploads\/2025\/11\/Hyacinter_i_potte_med_marcipanbrC3B8d_5512-300x300.jpg 300w, https:\/\/interflora.dk\/blog\/wp-content\/uploads\/2025\/11\/Hyacinter_i_potte_med_marcipanbrC3B8d_5512-1024x1024.jpg 1024w, https:\/\/interflora.dk\/blog\/wp-content\/uploads\/2025\/11\/Hyacinter_i_potte_med_marcipanbrC3B8d_5512-150x150.jpg 150w, https:\/\/interflora.dk\/blog\/wp-content\/uploads\/2025\/11\/Hyacinter_i_potte_med_marcipanbrC3B8d_5512-768x768.jpg 768w, https:\/\/interflora.dk\/blog\/wp-content\/uploads\/2025\/11\/Hyacinter_i_potte_med_marcipanbrC3B8d_5512.jpg 1200w\" sizes=\"auto, (max-width: 300px) 100vw, 300px\" \/><img decoding=\"async\" class=\"lp-badge\" src=\"https:\/\/prodblog.interflora.dk\/blog\/wp-content\/uploads\/2025\/09\/220422_INTERFLORA_Main_Logo_rgb_Main_Color.avif\" alt=\"Send blomster med Interflora\"><\/div><span>Hvide hyacinter i glas med CHO CHO marcipanbr\u00f8d<\/span><p>Fra 238 kr.<\/p><span class=\"obf-link lp-cta\" role=\"link\" tabindex=\"0\" data-b64=\"aHR0cHM6Ly9pbnRlcmZsb3JhLmRrL3Byb2R1a3QvaHZpZGUtaHlhY2ludGVyLWktZ2xhcy1tZWQtY2hvLWNoby1tYXJjaXBhbmJyb2VkP3V0bV9tZWRpdW09b3JnYW5pYyZ1dG1fc291cmNlPWJsb2dfcHJvZHVjdHMmdXRtX2NhbXBhaWduPTU1MTI=\" data-target=\"_blank\"><svg xmlns=\"http:\/\/www.w3.org\/2000\/svg\" width=\"16\" height=\"16\" fill=\"currentColor\" class=\"bi bi-bag\" viewBox=\"0 0 16 16\"><path d=\"M8 1a2 2 0 0 1 2 2v1h2.5A1.5 1.5 0 0 1 14 5.5v8A1.5 1.5 0 0 1 12.5 15h-9A1.5 1.5 0 0 1 2 13.5v-8A1.5 1.5 0 0 1 3.5 3H6V2a2 2 0 0 1 2-1zm1 3V3a1 1 0 0 0-2 0v1h2z\"\/><\/svg>K\u00f8b her<\/span><p class=\"rapido\">Din personlige hilsen<\/p><\/div><div class=\"lp-produit\"><div class=\"lp-thumbnail-wrapper\"><img loading=\"lazy\" decoding=\"async\" width=\"300\" height=\"300\" src=\"https:\/\/interflora.dk\/blog\/wp-content\/uploads\/2025\/11\/Sammenplantning2028129-300x300.png\" class=\"attachment-medium size-medium wp-post-image\" alt=\"\" srcset=\"https:\/\/interflora.dk\/blog\/wp-content\/uploads\/2025\/11\/Sammenplantning2028129-300x300.png 300w, https:\/\/interflora.dk\/blog\/wp-content\/uploads\/2025\/11\/Sammenplantning2028129-1024x1024.png 1024w, https:\/\/interflora.dk\/blog\/wp-content\/uploads\/2025\/11\/Sammenplantning2028129-150x150.png 150w, https:\/\/interflora.dk\/blog\/wp-content\/uploads\/2025\/11\/Sammenplantning2028129-768x768.png 768w, https:\/\/interflora.dk\/blog\/wp-content\/uploads\/2025\/11\/Sammenplantning2028129.png 1200w\" sizes=\"auto, (max-width: 300px) 100vw, 300px\" \/><img decoding=\"async\" class=\"lp-badge\" src=\"https:\/\/prodblog.interflora.dk\/blog\/wp-content\/uploads\/2025\/09\/220422_INTERFLORA_Main_Logo_rgb_Main_Color.avif\" alt=\"Send blomster med Interflora\"><\/div><span>Vinter sammenplantning<\/span><p>Fra 239 kr.<\/p><span class=\"obf-link lp-cta\" role=\"link\" tabindex=\"0\" data-b64=\"aHR0cHM6Ly9pbnRlcmZsb3JhLmRrL3Byb2R1a3QvdmludGVyLXNhbW1lbnBsYW50bmluZz91dG1fbWVkaXVtPW9yZ2FuaWMmdXRtX3NvdXJjZT1ibG9nX3Byb2R1Y3RzJnV0bV9jYW1wYWlnbj03Mzgz\" data-target=\"_blank\"><svg xmlns=\"http:\/\/www.w3.org\/2000\/svg\" width=\"16\" height=\"16\" fill=\"currentColor\" class=\"bi bi-bag\" viewBox=\"0 0 16 16\"><path d=\"M8 1a2 2 0 0 1 2 2v1h2.5A1.5 1.5 0 0 1 14 5.5v8A1.5 1.5 0 0 1 12.5 15h-9A1.5 1.5 0 0 1 2 13.5v-8A1.5 1.5 0 0 1 3.5 3H6V2a2 2 0 0 1 2-1zm1 3V3a1 1 0 0 0-2 0v1h2z\"\/><\/svg>K\u00f8b her<\/span><p class=\"rapido\">Friske blomster<\/p><\/div><div class=\"lp-produit\"><div class=\"lp-thumbnail-wrapper\"><img loading=\"lazy\" decoding=\"async\" width=\"300\" height=\"300\" src=\"https:\/\/interflora.dk\/blog\/wp-content\/uploads\/2025\/11\/thumbnail_image012_1-300x300.jpg\" class=\"attachment-medium size-medium wp-post-image\" alt=\"\" srcset=\"https:\/\/interflora.dk\/blog\/wp-content\/uploads\/2025\/11\/thumbnail_image012_1-300x300.jpg 300w, https:\/\/interflora.dk\/blog\/wp-content\/uploads\/2025\/11\/thumbnail_image012_1-1024x1024.jpg 1024w, https:\/\/interflora.dk\/blog\/wp-content\/uploads\/2025\/11\/thumbnail_image012_1-150x150.jpg 150w, https:\/\/interflora.dk\/blog\/wp-content\/uploads\/2025\/11\/thumbnail_image012_1-768x768.jpg 768w, https:\/\/interflora.dk\/blog\/wp-content\/uploads\/2025\/11\/thumbnail_image012_1-1536x1536.jpg 1536w, https:\/\/interflora.dk\/blog\/wp-content\/uploads\/2025\/11\/thumbnail_image012_1.jpg 1920w\" sizes=\"auto, (max-width: 300px) 100vw, 300px\" \/><img decoding=\"async\" class=\"lp-badge\" src=\"https:\/\/prodblog.interflora.dk\/blog\/wp-content\/uploads\/2025\/09\/220422_INTERFLORA_Main_Logo_rgb_Main_Color.avif\" alt=\"Send blomster med Interflora\"><\/div><span>Vintervarm<\/span><p>Fra 369 kr.<\/p><span class=\"obf-link lp-cta\" role=\"link\" tabindex=\"0\" data-b64=\"aHR0cHM6Ly9pbnRlcmZsb3JhLmRrL3Byb2R1a3QvdmludGVydmFybT91dG1fbWVkaXVtPW9yZ2FuaWMmdXRtX3NvdXJjZT1ibG9nX3Byb2R1Y3RzJnV0bV9jYW1wYWlnbj04Nzk4\" data-target=\"_blank\"><svg xmlns=\"http:\/\/www.w3.org\/2000\/svg\" width=\"16\" height=\"16\" fill=\"currentColor\" class=\"bi bi-bag\" viewBox=\"0 0 16 16\"><path d=\"M8 1a2 2 0 0 1 2 2v1h2.5A1.5 1.5 0 0 1 14 5.5v8A1.5 1.5 0 0 1 12.5 15h-9A1.5 1.5 0 0 1 2 13.5v-8A1.5 1.5 0 0 1 3.5 3H6V2a2 2 0 0 1 2-1zm1 3V3a1 1 0 0 0-2 0v1h2z\"\/><\/svg>K\u00f8b her<\/span><p class=\"rapido\">Levering i hele Danmark<\/p><\/div><div class=\"lp-produit\"><div class=\"lp-thumbnail-wrapper\"><img loading=\"lazy\" decoding=\"async\" width=\"300\" height=\"300\" src=\"https:\/\/interflora.dk\/blog\/wp-content\/uploads\/2025\/11\/Vinterlig_hyacintsammenplatning_426-300x300.jpg\" class=\"attachment-medium size-medium wp-post-image\" alt=\"\" srcset=\"https:\/\/interflora.dk\/blog\/wp-content\/uploads\/2025\/11\/Vinterlig_hyacintsammenplatning_426-300x300.jpg 300w, https:\/\/interflora.dk\/blog\/wp-content\/uploads\/2025\/11\/Vinterlig_hyacintsammenplatning_426-1024x1024.jpg 1024w, https:\/\/interflora.dk\/blog\/wp-content\/uploads\/2025\/11\/Vinterlig_hyacintsammenplatning_426-150x150.jpg 150w, https:\/\/interflora.dk\/blog\/wp-content\/uploads\/2025\/11\/Vinterlig_hyacintsammenplatning_426-768x768.jpg 768w, https:\/\/interflora.dk\/blog\/wp-content\/uploads\/2025\/11\/Vinterlig_hyacintsammenplatning_426.jpg 1200w\" sizes=\"auto, (max-width: 300px) 100vw, 300px\" \/><img decoding=\"async\" class=\"lp-badge\" src=\"https:\/\/prodblog.interflora.dk\/blog\/wp-content\/uploads\/2025\/09\/220422_INTERFLORA_Main_Logo_rgb_Main_Color.avif\" alt=\"Send blomster med Interflora\"><\/div><span>Vinterlig hyacint sammenplantning<\/span><p>Fra 249 kr.<\/p><span class=\"obf-link lp-cta\" role=\"link\" tabindex=\"0\" data-b64=\"aHR0cHM6Ly9pbnRlcmZsb3JhLmRrL3Byb2R1a3QvdmludGVybGlnLWh5YWNpbnQtc2FtbWVucGxhbnRuaW5nP3V0bV9tZWRpdW09b3JnYW5pYyZ1dG1fc291cmNlPWJsb2dfcHJvZHVjdHMmdXRtX2NhbXBhaWduPTQyNg==\" data-target=\"_blank\"><svg xmlns=\"http:\/\/www.w3.org\/2000\/svg\" width=\"16\" height=\"16\" fill=\"currentColor\" class=\"bi bi-bag\" viewBox=\"0 0 16 16\"><path d=\"M8 1a2 2 0 0 1 2 2v1h2.5A1.5 1.5 0 0 1 14 5.5v8A1.5 1.5 0 0 1 12.5 15h-9A1.5 1.5 0 0 1 2 13.5v-8A1.5 1.5 0 0 1 3.5 3H6V2a2 2 0 0 1 2-1zm1 3V3a1 1 0 0 0-2 0v1h2z\"\/><\/svg>K\u00f8b her<\/span><p class=\"rapido\">Din personlige hilsen<\/p><\/div><\/div>\n\n\n\n<div style=\"height:5px\" aria-hidden=\"true\" class=\"wp-block-spacer\"><\/div>\n\n\n\n<h2 class=\"wp-block-heading\"><strong>Hyacintens historie<\/strong>&nbsp;<\/h2>\n\n\n\n<div class=\"wp-block-media-text is-stacked-on-mobile is-image-fill-element\" style=\"grid-template-columns:30% auto\"><figure class=\"wp-block-media-text__media\"><img loading=\"lazy\" decoding=\"async\" width=\"683\" height=\"1024\" src=\"https:\/\/interflora.dk\/blog\/wp-content\/uploads\/2025\/11\/annesophiebenoit-interflora-sw-46-683x1024.jpg\" alt=\"Sammenplantning af hvid amaryllis og hvide hyacinter\" class=\"wp-image-58575 size-full\" style=\"object-position:51% 67%\" srcset=\"https:\/\/interflora.dk\/blog\/wp-content\/uploads\/2025\/11\/annesophiebenoit-interflora-sw-46-683x1024.jpg 683w, https:\/\/interflora.dk\/blog\/wp-content\/uploads\/2025\/11\/annesophiebenoit-interflora-sw-46-200x300.jpg 200w, https:\/\/interflora.dk\/blog\/wp-content\/uploads\/2025\/11\/annesophiebenoit-interflora-sw-46-768x1152.jpg 768w, https:\/\/interflora.dk\/blog\/wp-content\/uploads\/2025\/11\/annesophiebenoit-interflora-sw-46-1024x1536.jpg 1024w, https:\/\/interflora.dk\/blog\/wp-content\/uploads\/2025\/11\/annesophiebenoit-interflora-sw-46-1365x2048.jpg 1365w, https:\/\/interflora.dk\/blog\/wp-content\/uploads\/2025\/11\/annesophiebenoit-interflora-sw-46-scaled.jpg 1707w\" sizes=\"auto, (max-width: 683px) 100vw, 683px\" \/><\/figure><div class=\"wp-block-media-text__content\">\n<p>I den gr\u00e6ske mytologi redeg\u00f8res for <strong>hyacintens f\u00f8dsel<\/strong>. Det siges, at Apollon (gud for sang, musik og poesi) og Zefyr (vindens gud) begge elskede den unge Hyacint.&nbsp;&nbsp;<\/p>\n\n\n\n<p>En dag, mens de to guder kastede diskos, sendte den jaloux Zefyr diskosskiven i den forkerte retning og s\u00e5rede Hyacint d\u00f8deligt i templet. St\u00e6rkt p\u00e5virket af hans d\u00f8d forvandlede Apollon ynglingen til en storsl\u00e5et blomst: <strong>hyacinten<\/strong>. Hyacinten har s\u00e5ledes sit navn direkte fra mytologien.&nbsp;<\/p>\n\n\n\n<p>Hyacinten var allerede kendt p\u00e5 gr\u00e6kernes og romernes tid, og billeder af blomsten findes ogs\u00e5 p\u00e5 persiske og tyrkiske miniaturer. I slutningen af 1500-tallet blev den introduceret til Holland, hvor man begyndte at udvikle nye sorter, der var mere blomstrende og varierede end den <strong>\u00f8stlige hyacint<\/strong>.&nbsp;<\/p>\n\n\n\n<p>Takket v\u00e6re disse nye sorter blev <strong>hyacinten<\/strong> tidens mest popul\u00e6re prydplante. I l\u00f8bet af det 17. og 18. \u00e5rhundrede var den ligesom tulipanen, genstand for intens spekulation, og l\u00f8gene blev solgt til ublu priser!&nbsp;&nbsp;<\/p>\n\n\n\n<p>P\u00e5<strong> blomstersprog <\/strong>udtrykker <strong>hyacinten<\/strong> troskab og gl\u00e6den ved k\u00e6rlighed og kan for\u00e6res ved alle mulige lejligheder om for\u00e5ret og om vinteren.<\/p>\n\n\n\n<p><strong>Hyacinter<\/strong> f\u00e5s ogs\u00e5 hos blomsterhandlere i juleperioden. Sammen med <a href=\"https:\/\/interflora.dk\/blog\/julestjerne\/\" target=\"_blank\" rel=\"noreferrer noopener\">julestjernen<\/a>, novemberkaktussen og <a href=\"https:\/\/interflora.dk\/blog\/helleborus\/\" target=\"_blank\" rel=\"noreferrer noopener\">julerosen<\/a> kan <strong>hyacinten<\/strong> fylde dit hjem med sk\u00f8nne blomster i december!<\/p>\n<\/div><\/div>\n\n\n\n<h2 class=\"wp-block-heading\"><strong>Pasning af hyacinter<\/strong>&nbsp;<\/h2>\n\n\n\n<p>Uanset om det er i et blomsterbed, et kantbed, et stenbed eller i plantekasse, vil <strong>hyacinter<\/strong> fylde din have eller altan med duft og farve i l\u00f8bet af for\u00e5ret! Derudover er de relativt lette at passe.&nbsp;<\/p>\n\n\n\n<h3 class=\"wp-block-heading\"><strong>S\u00e5dan plantes hyacinter<\/strong><\/h3>\n\n\n\n<div class=\"wp-block-media-text has-media-on-the-right is-stacked-on-mobile is-image-fill-element\" style=\"grid-template-columns:auto 30%\"><div class=\"wp-block-media-text__content\">\n<p><strong>Hyacintl\u00f8gene <\/strong>l\u00e6gges<strong> <\/strong>om efter\u00e5ret i delvis skygge og i godt dr\u00e6net jord. F\u00f8rst og fremmest er det vigtigt at du beskytter dig selv ved at b\u00e6re arbejdshandsker.<strong> Hyacintl\u00f8g<\/strong> er giftige og kan for\u00e5rsage stikkende fornemmelser, kl\u00f8e eller endda mave-tarmforstyrrelser hos mennesker.&nbsp;&nbsp;<\/p>\n\n\n\n<p>Grav l\u00f8gene ca. 10 cm ned og hold en afstand p\u00e5 ca. 15 cm mellem l\u00f8gene. De skal l\u00e6gges i en dybde, der er ca. tre gange deres h\u00f8jde. Derfor jo st\u00f8rre l\u00f8get er, jo dybere ned i jorden skal det l\u00e6gges. Du kan ogs\u00e5 plante dine l\u00f8g i grupper i en stor krukke eller plantekasse, s\u00e5 du kan nyde hyacinterne p\u00e5 altanen eller terrassen!&nbsp;<\/p>\n\n\n\n<p>L\u00e6g et lag sand eller grus i bunden af hvert plantehul for at forbedre dr\u00e6ningen. L\u00e6g l\u00f8gene ned og d\u00e6k dem med jord &#8211; gerne en blanding af havejord og pottejord.&nbsp;&nbsp;<\/p>\n\n\n\n<p>Pas p\u00e5 ikke at stampe jorden for h\u00e5rdt: Brug h\u00e6nderne i stedet for f\u00f8dderne. Afslut med at vande grundigt, men pas p\u00e5 med at overdrive vandingen \u2013 jorden skal ikke blive dyngv\u00e5d.&nbsp;&nbsp;<\/p>\n\n\n\n<p>I slutningen af vinteren tils\u00e6ttes ideelt set en s\u00e6rlig g\u00f8dning til blomstrende planter eller noget godt nedbrudt kompost eller g\u00f8dning.&nbsp;&nbsp;<\/p>\n\n\n\n<p>S\u00f8rg for at holde jordbunden fugtig under blomstringen. N\u00e5r blomstringen er f\u00e6rdig, skal du kun sk\u00e6re bladene af, n\u00e5r de er helt gulnede, s\u00e5 l\u00f8get kan genopbygge sine energireserver til fremtidig blomstring.&nbsp;<\/p>\n<\/div><figure class=\"wp-block-media-text__media\"><img loading=\"lazy\" decoding=\"async\" width=\"1024\" height=\"683\" src=\"https:\/\/interflora.dk\/blog\/wp-content\/uploads\/hyacint-1024x683.jpg\" alt=\"Blomstrende hyacinter i en have\" class=\"wp-image-39666 size-full\" style=\"object-position:50% 50%\"\/><\/figure><\/div>\n\n\n<div class=\"lp-produits-grid\"><div class=\"lp-produit\"><div class=\"lp-thumbnail-wrapper\"><img loading=\"lazy\" decoding=\"async\" width=\"300\" height=\"300\" src=\"https:\/\/interflora.dk\/blog\/wp-content\/uploads\/2025\/11\/Hyacinter_i_potte_med_hjertechokolade_mint_5511-300x300.jpg\" class=\"attachment-medium size-medium wp-post-image\" alt=\"\" srcset=\"https:\/\/interflora.dk\/blog\/wp-content\/uploads\/2025\/11\/Hyacinter_i_potte_med_hjertechokolade_mint_5511-300x300.jpg 300w, https:\/\/interflora.dk\/blog\/wp-content\/uploads\/2025\/11\/Hyacinter_i_potte_med_hjertechokolade_mint_5511-1024x1024.jpg 1024w, https:\/\/interflora.dk\/blog\/wp-content\/uploads\/2025\/11\/Hyacinter_i_potte_med_hjertechokolade_mint_5511-150x150.jpg 150w, https:\/\/interflora.dk\/blog\/wp-content\/uploads\/2025\/11\/Hyacinter_i_potte_med_hjertechokolade_mint_5511-768x768.jpg 768w, https:\/\/interflora.dk\/blog\/wp-content\/uploads\/2025\/11\/Hyacinter_i_potte_med_hjertechokolade_mint_5511.jpg 1200w\" sizes=\"auto, (max-width: 300px) 100vw, 300px\" \/><img decoding=\"async\" class=\"lp-badge\" src=\"https:\/\/prodblog.interflora.dk\/blog\/wp-content\/uploads\/2025\/09\/220422_INTERFLORA_Main_Logo_rgb_Main_Color.avif\" alt=\"Send blomster med Interflora\"><\/div><span>Hvide hyacinter i glas med hjerte med mintchokolade<\/span><p>Fra 244 kr.<\/p><span class=\"obf-link lp-cta\" role=\"link\" tabindex=\"0\" data-b64=\"aHR0cHM6Ly9pbnRlcmZsb3JhLmRrL3Byb2R1a3QvaHZpZGUtaHlhY2ludGVyLWktZ2xhcy1tZWQtaGplcnRlLW1lZC1taW50Y2hva29sYWRlP3V0bV9tZWRpdW09b3JnYW5pYyZ1dG1fc291cmNlPWJsb2dfcHJvZHVjdHMmdXRtX2NhbXBhaWduPTU1MTE=\" data-target=\"_blank\"><svg xmlns=\"http:\/\/www.w3.org\/2000\/svg\" width=\"16\" height=\"16\" fill=\"currentColor\" class=\"bi bi-bag\" viewBox=\"0 0 16 16\"><path d=\"M8 1a2 2 0 0 1 2 2v1h2.5A1.5 1.5 0 0 1 14 5.5v8A1.5 1.5 0 0 1 12.5 15h-9A1.5 1.5 0 0 1 2 13.5v-8A1.5 1.5 0 0 1 3.5 3H6V2a2 2 0 0 1 2-1zm1 3V3a1 1 0 0 0-2 0v1h2z\"\/><\/svg>K\u00f8b her<\/span><p class=\"rapido\">Din personlige hilsen<\/p><\/div><div class=\"lp-produit\"><div class=\"lp-thumbnail-wrapper\"><img loading=\"lazy\" decoding=\"async\" width=\"300\" height=\"300\" src=\"https:\/\/interflora.dk\/blog\/wp-content\/uploads\/2025\/11\/thumbnail_image012_1-300x300.jpg\" class=\"attachment-medium size-medium wp-post-image\" alt=\"\" srcset=\"https:\/\/interflora.dk\/blog\/wp-content\/uploads\/2025\/11\/thumbnail_image012_1-300x300.jpg 300w, https:\/\/interflora.dk\/blog\/wp-content\/uploads\/2025\/11\/thumbnail_image012_1-1024x1024.jpg 1024w, https:\/\/interflora.dk\/blog\/wp-content\/uploads\/2025\/11\/thumbnail_image012_1-150x150.jpg 150w, https:\/\/interflora.dk\/blog\/wp-content\/uploads\/2025\/11\/thumbnail_image012_1-768x768.jpg 768w, https:\/\/interflora.dk\/blog\/wp-content\/uploads\/2025\/11\/thumbnail_image012_1-1536x1536.jpg 1536w, https:\/\/interflora.dk\/blog\/wp-content\/uploads\/2025\/11\/thumbnail_image012_1.jpg 1920w\" sizes=\"auto, (max-width: 300px) 100vw, 300px\" \/><img decoding=\"async\" class=\"lp-badge\" src=\"https:\/\/prodblog.interflora.dk\/blog\/wp-content\/uploads\/2025\/09\/220422_INTERFLORA_Main_Logo_rgb_Main_Color.avif\" alt=\"Send blomster med Interflora\"><\/div><span>Vintervarm<\/span><p>Fra 369 kr.<\/p><span class=\"obf-link lp-cta\" role=\"link\" tabindex=\"0\" data-b64=\"aHR0cHM6Ly9pbnRlcmZsb3JhLmRrL3Byb2R1a3QvdmludGVydmFybT91dG1fbWVkaXVtPW9yZ2FuaWMmdXRtX3NvdXJjZT1ibG9nX3Byb2R1Y3RzJnV0bV9jYW1wYWlnbj04Nzk4\" data-target=\"_blank\"><svg xmlns=\"http:\/\/www.w3.org\/2000\/svg\" width=\"16\" height=\"16\" fill=\"currentColor\" class=\"bi bi-bag\" viewBox=\"0 0 16 16\"><path d=\"M8 1a2 2 0 0 1 2 2v1h2.5A1.5 1.5 0 0 1 14 5.5v8A1.5 1.5 0 0 1 12.5 15h-9A1.5 1.5 0 0 1 2 13.5v-8A1.5 1.5 0 0 1 3.5 3H6V2a2 2 0 0 1 2-1zm1 3V3a1 1 0 0 0-2 0v1h2z\"\/><\/svg>K\u00f8b her<\/span><p class=\"rapido\">H\u00e5ndbundet af florister<\/p><\/div><div class=\"lp-produit\"><div class=\"lp-thumbnail-wrapper\"><img loading=\"lazy\" decoding=\"async\" width=\"300\" height=\"300\" src=\"https:\/\/interflora.dk\/blog\/wp-content\/uploads\/2025\/11\/Hyacinter_i_potte_med_marcipan_hjerter_5510-300x300.jpg\" class=\"attachment-medium size-medium wp-post-image\" alt=\"\" srcset=\"https:\/\/interflora.dk\/blog\/wp-content\/uploads\/2025\/11\/Hyacinter_i_potte_med_marcipan_hjerter_5510-300x300.jpg 300w, https:\/\/interflora.dk\/blog\/wp-content\/uploads\/2025\/11\/Hyacinter_i_potte_med_marcipan_hjerter_5510-1024x1024.jpg 1024w, https:\/\/interflora.dk\/blog\/wp-content\/uploads\/2025\/11\/Hyacinter_i_potte_med_marcipan_hjerter_5510-150x150.jpg 150w, https:\/\/interflora.dk\/blog\/wp-content\/uploads\/2025\/11\/Hyacinter_i_potte_med_marcipan_hjerter_5510-768x768.jpg 768w, https:\/\/interflora.dk\/blog\/wp-content\/uploads\/2025\/11\/Hyacinter_i_potte_med_marcipan_hjerter_5510.jpg 1200w\" sizes=\"auto, (max-width: 300px) 100vw, 300px\" \/><img decoding=\"async\" class=\"lp-badge\" src=\"https:\/\/prodblog.interflora.dk\/blog\/wp-content\/uploads\/2025\/09\/220422_INTERFLORA_Main_Logo_rgb_Main_Color.avif\" alt=\"Send blomster med Interflora\"><\/div><span>Hvide hyacinter i glas med marcipanhjerter<\/span><p>Fra 208 kr.<\/p><span class=\"obf-link lp-cta\" role=\"link\" tabindex=\"0\" data-b64=\"aHR0cHM6Ly9pbnRlcmZsb3JhLmRrL3Byb2R1a3QvaHZpZGUtaHlhY2ludGVyLWktZ2xhcy1tZWQtbWFyY2lwYW5oamVydGVyP3V0bV9tZWRpdW09b3JnYW5pYyZ1dG1fc291cmNlPWJsb2dfcHJvZHVjdHMmdXRtX2NhbXBhaWduPTU1MTA=\" data-target=\"_blank\"><svg xmlns=\"http:\/\/www.w3.org\/2000\/svg\" width=\"16\" height=\"16\" fill=\"currentColor\" class=\"bi bi-bag\" viewBox=\"0 0 16 16\"><path d=\"M8 1a2 2 0 0 1 2 2v1h2.5A1.5 1.5 0 0 1 14 5.5v8A1.5 1.5 0 0 1 12.5 15h-9A1.5 1.5 0 0 1 2 13.5v-8A1.5 1.5 0 0 1 3.5 3H6V2a2 2 0 0 1 2-1zm1 3V3a1 1 0 0 0-2 0v1h2z\"\/><\/svg>K\u00f8b her<\/span><p class=\"rapido\">H\u00e5ndbundet af florister<\/p><\/div><div class=\"lp-produit\"><div class=\"lp-thumbnail-wrapper\"><img loading=\"lazy\" decoding=\"async\" width=\"300\" height=\"300\" src=\"https:\/\/interflora.dk\/blog\/wp-content\/uploads\/2025\/11\/Hyacinter_i_potte_5486-300x300.jpg\" class=\"attachment-medium size-medium wp-post-image\" alt=\"\" srcset=\"https:\/\/interflora.dk\/blog\/wp-content\/uploads\/2025\/11\/Hyacinter_i_potte_5486-300x300.jpg 300w, https:\/\/interflora.dk\/blog\/wp-content\/uploads\/2025\/11\/Hyacinter_i_potte_5486-1024x1024.jpg 1024w, https:\/\/interflora.dk\/blog\/wp-content\/uploads\/2025\/11\/Hyacinter_i_potte_5486-150x150.jpg 150w, https:\/\/interflora.dk\/blog\/wp-content\/uploads\/2025\/11\/Hyacinter_i_potte_5486-768x768.jpg 768w, https:\/\/interflora.dk\/blog\/wp-content\/uploads\/2025\/11\/Hyacinter_i_potte_5486.jpg 1200w\" sizes=\"auto, (max-width: 300px) 100vw, 300px\" \/><img decoding=\"async\" class=\"lp-badge\" src=\"https:\/\/prodblog.interflora.dk\/blog\/wp-content\/uploads\/2025\/09\/220422_INTERFLORA_Main_Logo_rgb_Main_Color.avif\" alt=\"Send blomster med Interflora\"><\/div><span>Hyacinter i glasvase, hvid<\/span><p>Fra 149 kr.<\/p><span class=\"obf-link lp-cta\" role=\"link\" tabindex=\"0\" data-b64=\"aHR0cHM6Ly9pbnRlcmZsb3JhLmRrL3Byb2R1a3QvaHlhY2ludGVyLWktZ2xhc3Zhc2UtaHZpZD91dG1fbWVkaXVtPW9yZ2FuaWMmdXRtX3NvdXJjZT1ibG9nX3Byb2R1Y3RzJnV0bV9jYW1wYWlnbj01NDg2\" data-target=\"_blank\"><svg xmlns=\"http:\/\/www.w3.org\/2000\/svg\" width=\"16\" height=\"16\" fill=\"currentColor\" class=\"bi bi-bag\" viewBox=\"0 0 16 16\"><path d=\"M8 1a2 2 0 0 1 2 2v1h2.5A1.5 1.5 0 0 1 14 5.5v8A1.5 1.5 0 0 1 12.5 15h-9A1.5 1.5 0 0 1 2 13.5v-8A1.5 1.5 0 0 1 3.5 3H6V2a2 2 0 0 1 2-1zm1 3V3a1 1 0 0 0-2 0v1h2z\"\/><\/svg>K\u00f8b her<\/span><p class=\"rapido\">Din personlige hilsen<\/p><\/div><\/div>\n\n\n\n<div style=\"height:10px\" aria-hidden=\"true\" class=\"wp-block-spacer\"><\/div>\n\n\n\n<h3 class=\"wp-block-heading\"><strong>S\u00e5dan vandes hyacinter&nbsp;<\/strong>&nbsp;<\/h3>\n\n\n\n<p><strong>Hyacinter i krukker <\/strong>har brug for meget vand, mens de blomstrer. Hold jorden fugtig fra det \u00f8jeblik det f\u00f8rste skud kommer op af jorden, og s\u00e5 l\u00e6nge planten har blade.&nbsp;&nbsp;<\/p>\n\n\n\n<p>For <strong>hyacinter plantet i jorden <\/strong>skal du blot vande efter behov og tjekke jordens fugtighed fra tid til anden.&nbsp;&nbsp;<\/p>\n\n\n\n<p>I hele blomstringsperioden tils\u00e6ttes flydende g\u00f8dning til blomstrende planter til det vand, der anvendes til vandingen.&nbsp;&nbsp;<\/p>\n\n\n\n<h3 class=\"wp-block-heading\"><strong>M\u00e5 hyacintl\u00f8gene blive i jorden?<\/strong><\/h3>\n\n\n\n<p>Det er et almindeligt sp\u00f8rgsm\u00e5l blandt folk, der planter l\u00f8g for f\u00f8rste gang. S\u00e5 <strong>hvad skal du g\u00f8re med hyacintl\u00f8gene efter blomstring?&nbsp;<\/strong> &nbsp;<br>Svaret er enkelt: Lad dem blive, hvor de er.<\/p>\n\n\n\n<p>Alle l\u00f8gplanter er i stand til at formere sig alene i flere \u00e5r og producere nye l\u00f8g. Hvert l\u00f8g producerer en blomst, og nogle planter har endda forgrenede blomsterst\u00e6ngler, der b\u00e6rer flere blomster. Det er f.eks. tilf\u00e6ldet med nogle tulipansorter.&nbsp;<\/p>\n\n\n\n<h3 class=\"wp-block-heading\"><strong>S\u00e5dan f\u00e5r du en hyacint til at blomstre igen<\/strong><\/h3>\n\n\n\n<p>N\u00e5r l\u00f8gene f\u00e5r lov til at blive i jorden, og s\u00e5 l\u00e6nge de ikke st\u00e5r direkte i vand, blomstrer <strong>hyacinterne<\/strong> om for\u00e5ret \u00e5r efter \u00e5r. Men for at det skal fungere, skal du s\u00f8rge for at lade bladene blive siddende, indtil de er helt gulnede.&nbsp;&nbsp;<\/p>\n\n\n\n<p>S\u00e5 l\u00e6nge bladene er gr\u00f8nne, f\u00e5r l\u00f8get stadig nyttige stoffer fra dem, der bruges til at opbygge dets egne energireserver. S\u00e5 lad v\u00e6re med at sk\u00e6re bladene af for tidligt, selvom gult l\u00f8v ser mindre tiltalende ud.<\/p>\n\n\n\n<h3 class=\"wp-block-heading\">F\u00e5 dine hyacinter til at blomstre til jul<\/h3>\n\n\n\n<div class=\"wp-block-media-text is-stacked-on-mobile is-image-fill-element\" style=\"grid-template-columns:30% auto\"><figure class=\"wp-block-media-text__media\"><img loading=\"lazy\" decoding=\"async\" width=\"1024\" height=\"683\" src=\"https:\/\/interflora.dk\/blog\/wp-content\/uploads\/2025\/11\/annesophiebenoit-interflora-sw-53-1024x683.jpg\" alt=\"\" class=\"wp-image-58624 size-full\" style=\"object-position:61% 53%\" srcset=\"https:\/\/interflora.dk\/blog\/wp-content\/uploads\/2025\/11\/annesophiebenoit-interflora-sw-53-1024x683.jpg 1024w, https:\/\/interflora.dk\/blog\/wp-content\/uploads\/2025\/11\/annesophiebenoit-interflora-sw-53-300x200.jpg 300w, https:\/\/interflora.dk\/blog\/wp-content\/uploads\/2025\/11\/annesophiebenoit-interflora-sw-53-768x512.jpg 768w, https:\/\/interflora.dk\/blog\/wp-content\/uploads\/2025\/11\/annesophiebenoit-interflora-sw-53-1536x1024.jpg 1536w, https:\/\/interflora.dk\/blog\/wp-content\/uploads\/2025\/11\/annesophiebenoit-interflora-sw-53-2048x1365.jpg 2048w\" sizes=\"auto, (max-width: 1024px) 100vw, 1024px\" \/><\/figure><div class=\"wp-block-media-text__content\">\n<p>Mange mennesker herhjemme kender hyacinten bedst som smuk juleblomst. Det er let at f\u00e5 sine hyacinter til at blomstre og sprede farver og duft til jul. Man skal blot v\u00e6re ude i god tid og vide, hvorn\u00e5r man skal plante dem.<\/p>\n\n\n\n<p>Som udgangspunkt er 12&nbsp;uger inden jul en god tid til at l\u00e6gge sine hyacintl\u00f8g. Hyacinter plantes i sm\u00e5 krukker og i veldr\u00e6net jord. Lad l\u00f8gets spids stikke op af jorden, og placer dine krukker et m\u00f8rkt sted \u2013 f\u00e5r krukkerne sol, vokser blomsternes knopper nemlig ikke ud af bladene.<\/p>\n\n\n\n<p>N\u00e5r dine hyacinter har v\u00e6ret placeret i m\u00f8rke i ti uger, er det blevet tid til at tage dem frem og placere dem et solrigt sted, dog ikke i fuld sol. Bladene b\u00f8r i mellemtiden v\u00e6re blevet cirka fem cm&nbsp;lange. Forts\u00e6t med at vande dine hyacinter i vinduet eller l\u00e6ngere inde i rummet, og placer dem eventuelt et k\u00f8ligt sted om natten.<\/p>\n\n\n\n<p>Du kan med fordel bruge en blomsterpind&nbsp;til at st\u00f8tte op om dine hyacinter. Hvis du fornemmer, at dine hyacinter begynder at blomstre for tidligt, kan du med fordel udskyde blomstringen ved at placere dem i k\u00f8leskab og derefter tage dem frem, n\u00e5r juletiden n\u00e6rmer sig, og du gerne snart vil have dem til at blomstre.<\/p>\n<\/div><\/div>\n\n\n<div class=\"lp-produits-grid\"><div class=\"lp-produit\"><div class=\"lp-thumbnail-wrapper\"><img loading=\"lazy\" decoding=\"async\" width=\"300\" height=\"300\" src=\"https:\/\/interflora.dk\/blog\/wp-content\/uploads\/2025\/11\/Hyacinter_i_potte_med_marcipanbrC3B8d_5512-300x300.jpg\" class=\"attachment-medium size-medium wp-post-image\" alt=\"\" srcset=\"https:\/\/interflora.dk\/blog\/wp-content\/uploads\/2025\/11\/Hyacinter_i_potte_med_marcipanbrC3B8d_5512-300x300.jpg 300w, https:\/\/interflora.dk\/blog\/wp-content\/uploads\/2025\/11\/Hyacinter_i_potte_med_marcipanbrC3B8d_5512-1024x1024.jpg 1024w, https:\/\/interflora.dk\/blog\/wp-content\/uploads\/2025\/11\/Hyacinter_i_potte_med_marcipanbrC3B8d_5512-150x150.jpg 150w, https:\/\/interflora.dk\/blog\/wp-content\/uploads\/2025\/11\/Hyacinter_i_potte_med_marcipanbrC3B8d_5512-768x768.jpg 768w, https:\/\/interflora.dk\/blog\/wp-content\/uploads\/2025\/11\/Hyacinter_i_potte_med_marcipanbrC3B8d_5512.jpg 1200w\" sizes=\"auto, (max-width: 300px) 100vw, 300px\" \/><img decoding=\"async\" class=\"lp-badge\" src=\"https:\/\/prodblog.interflora.dk\/blog\/wp-content\/uploads\/2025\/09\/220422_INTERFLORA_Main_Logo_rgb_Main_Color.avif\" alt=\"Send blomster med Interflora\"><\/div><span>Hvide hyacinter i glas med CHO CHO marcipanbr\u00f8d<\/span><p>Fra 238 kr.<\/p><span class=\"obf-link lp-cta\" role=\"link\" tabindex=\"0\" data-b64=\"aHR0cHM6Ly9pbnRlcmZsb3JhLmRrL3Byb2R1a3QvaHZpZGUtaHlhY2ludGVyLWktZ2xhcy1tZWQtY2hvLWNoby1tYXJjaXBhbmJyb2VkP3V0bV9tZWRpdW09b3JnYW5pYyZ1dG1fc291cmNlPWJsb2dfcHJvZHVjdHMmdXRtX2NhbXBhaWduPTU1MTI=\" data-target=\"_blank\"><svg xmlns=\"http:\/\/www.w3.org\/2000\/svg\" width=\"16\" height=\"16\" fill=\"currentColor\" class=\"bi bi-bag\" viewBox=\"0 0 16 16\"><path d=\"M8 1a2 2 0 0 1 2 2v1h2.5A1.5 1.5 0 0 1 14 5.5v8A1.5 1.5 0 0 1 12.5 15h-9A1.5 1.5 0 0 1 2 13.5v-8A1.5 1.5 0 0 1 3.5 3H6V2a2 2 0 0 1 2-1zm1 3V3a1 1 0 0 0-2 0v1h2z\"\/><\/svg>K\u00f8b her<\/span><p class=\"rapido\">H\u00e5ndbundet af florister<\/p><\/div><div class=\"lp-produit\"><div class=\"lp-thumbnail-wrapper\"><img loading=\"lazy\" decoding=\"async\" width=\"300\" height=\"300\" src=\"https:\/\/interflora.dk\/blog\/wp-content\/uploads\/2025\/11\/Sammenplantning2028129-300x300.png\" class=\"attachment-medium size-medium wp-post-image\" alt=\"\" srcset=\"https:\/\/interflora.dk\/blog\/wp-content\/uploads\/2025\/11\/Sammenplantning2028129-300x300.png 300w, https:\/\/interflora.dk\/blog\/wp-content\/uploads\/2025\/11\/Sammenplantning2028129-1024x1024.png 1024w, https:\/\/interflora.dk\/blog\/wp-content\/uploads\/2025\/11\/Sammenplantning2028129-150x150.png 150w, https:\/\/interflora.dk\/blog\/wp-content\/uploads\/2025\/11\/Sammenplantning2028129-768x768.png 768w, https:\/\/interflora.dk\/blog\/wp-content\/uploads\/2025\/11\/Sammenplantning2028129.png 1200w\" sizes=\"auto, (max-width: 300px) 100vw, 300px\" \/><img decoding=\"async\" class=\"lp-badge\" src=\"https:\/\/prodblog.interflora.dk\/blog\/wp-content\/uploads\/2025\/09\/220422_INTERFLORA_Main_Logo_rgb_Main_Color.avif\" alt=\"Send blomster med Interflora\"><\/div><span>Vinter sammenplantning<\/span><p>Fra 239 kr.<\/p><span class=\"obf-link lp-cta\" role=\"link\" tabindex=\"0\" data-b64=\"aHR0cHM6Ly9pbnRlcmZsb3JhLmRrL3Byb2R1a3QvdmludGVyLXNhbW1lbnBsYW50bmluZz91dG1fbWVkaXVtPW9yZ2FuaWMmdXRtX3NvdXJjZT1ibG9nX3Byb2R1Y3RzJnV0bV9jYW1wYWlnbj03Mzgz\" data-target=\"_blank\"><svg xmlns=\"http:\/\/www.w3.org\/2000\/svg\" width=\"16\" height=\"16\" fill=\"currentColor\" class=\"bi bi-bag\" viewBox=\"0 0 16 16\"><path d=\"M8 1a2 2 0 0 1 2 2v1h2.5A1.5 1.5 0 0 1 14 5.5v8A1.5 1.5 0 0 1 12.5 15h-9A1.5 1.5 0 0 1 2 13.5v-8A1.5 1.5 0 0 1 3.5 3H6V2a2 2 0 0 1 2-1zm1 3V3a1 1 0 0 0-2 0v1h2z\"\/><\/svg>K\u00f8b her<\/span><p class=\"rapido\">Bundet af din lokale florist<\/p><\/div><div class=\"lp-produit\"><div class=\"lp-thumbnail-wrapper\"><img loading=\"lazy\" decoding=\"async\" width=\"300\" height=\"300\" src=\"https:\/\/interflora.dk\/blog\/wp-content\/uploads\/2025\/11\/thumbnail_image012_1-300x300.jpg\" class=\"attachment-medium size-medium wp-post-image\" alt=\"\" srcset=\"https:\/\/interflora.dk\/blog\/wp-content\/uploads\/2025\/11\/thumbnail_image012_1-300x300.jpg 300w, https:\/\/interflora.dk\/blog\/wp-content\/uploads\/2025\/11\/thumbnail_image012_1-1024x1024.jpg 1024w, https:\/\/interflora.dk\/blog\/wp-content\/uploads\/2025\/11\/thumbnail_image012_1-150x150.jpg 150w, https:\/\/interflora.dk\/blog\/wp-content\/uploads\/2025\/11\/thumbnail_image012_1-768x768.jpg 768w, https:\/\/interflora.dk\/blog\/wp-content\/uploads\/2025\/11\/thumbnail_image012_1-1536x1536.jpg 1536w, https:\/\/interflora.dk\/blog\/wp-content\/uploads\/2025\/11\/thumbnail_image012_1.jpg 1920w\" sizes=\"auto, (max-width: 300px) 100vw, 300px\" \/><img decoding=\"async\" class=\"lp-badge\" src=\"https:\/\/prodblog.interflora.dk\/blog\/wp-content\/uploads\/2025\/09\/220422_INTERFLORA_Main_Logo_rgb_Main_Color.avif\" alt=\"Send blomster med Interflora\"><\/div><span>Vintervarm<\/span><p>Fra 369 kr.<\/p><span class=\"obf-link lp-cta\" role=\"link\" tabindex=\"0\" data-b64=\"aHR0cHM6Ly9pbnRlcmZsb3JhLmRrL3Byb2R1a3QvdmludGVydmFybT91dG1fbWVkaXVtPW9yZ2FuaWMmdXRtX3NvdXJjZT1ibG9nX3Byb2R1Y3RzJnV0bV9jYW1wYWlnbj04Nzk4\" data-target=\"_blank\"><svg xmlns=\"http:\/\/www.w3.org\/2000\/svg\" width=\"16\" height=\"16\" fill=\"currentColor\" class=\"bi bi-bag\" viewBox=\"0 0 16 16\"><path d=\"M8 1a2 2 0 0 1 2 2v1h2.5A1.5 1.5 0 0 1 14 5.5v8A1.5 1.5 0 0 1 12.5 15h-9A1.5 1.5 0 0 1 2 13.5v-8A1.5 1.5 0 0 1 3.5 3H6V2a2 2 0 0 1 2-1zm1 3V3a1 1 0 0 0-2 0v1h2z\"\/><\/svg>K\u00f8b her<\/span><p class=\"rapido\">Levering i dag<\/p><\/div><div class=\"lp-produit\"><div class=\"lp-thumbnail-wrapper\"><img loading=\"lazy\" decoding=\"async\" width=\"300\" height=\"300\" src=\"https:\/\/interflora.dk\/blog\/wp-content\/uploads\/2025\/11\/Vinterlig_hyacintsammenplatning_426-300x300.jpg\" class=\"attachment-medium size-medium wp-post-image\" alt=\"\" srcset=\"https:\/\/interflora.dk\/blog\/wp-content\/uploads\/2025\/11\/Vinterlig_hyacintsammenplatning_426-300x300.jpg 300w, https:\/\/interflora.dk\/blog\/wp-content\/uploads\/2025\/11\/Vinterlig_hyacintsammenplatning_426-1024x1024.jpg 1024w, https:\/\/interflora.dk\/blog\/wp-content\/uploads\/2025\/11\/Vinterlig_hyacintsammenplatning_426-150x150.jpg 150w, https:\/\/interflora.dk\/blog\/wp-content\/uploads\/2025\/11\/Vinterlig_hyacintsammenplatning_426-768x768.jpg 768w, https:\/\/interflora.dk\/blog\/wp-content\/uploads\/2025\/11\/Vinterlig_hyacintsammenplatning_426.jpg 1200w\" sizes=\"auto, (max-width: 300px) 100vw, 300px\" \/><img decoding=\"async\" class=\"lp-badge\" src=\"https:\/\/prodblog.interflora.dk\/blog\/wp-content\/uploads\/2025\/09\/220422_INTERFLORA_Main_Logo_rgb_Main_Color.avif\" alt=\"Send blomster med Interflora\"><\/div><span>Vinterlig hyacint sammenplantning<\/span><p>Fra 249 kr.<\/p><span class=\"obf-link lp-cta\" role=\"link\" tabindex=\"0\" data-b64=\"aHR0cHM6Ly9pbnRlcmZsb3JhLmRrL3Byb2R1a3QvdmludGVybGlnLWh5YWNpbnQtc2FtbWVucGxhbnRuaW5nP3V0bV9tZWRpdW09b3JnYW5pYyZ1dG1fc291cmNlPWJsb2dfcHJvZHVjdHMmdXRtX2NhbXBhaWduPTQyNg==\" data-target=\"_blank\"><svg xmlns=\"http:\/\/www.w3.org\/2000\/svg\" width=\"16\" height=\"16\" fill=\"currentColor\" class=\"bi bi-bag\" viewBox=\"0 0 16 16\"><path d=\"M8 1a2 2 0 0 1 2 2v1h2.5A1.5 1.5 0 0 1 14 5.5v8A1.5 1.5 0 0 1 12.5 15h-9A1.5 1.5 0 0 1 2 13.5v-8A1.5 1.5 0 0 1 3.5 3H6V2a2 2 0 0 1 2-1zm1 3V3a1 1 0 0 0-2 0v1h2z\"\/><\/svg>K\u00f8b her<\/span><p class=\"rapido\">Bundet af din lokale florist<\/p><\/div><\/div>\n\n\n\n<div style=\"height:5px\" aria-hidden=\"true\" class=\"wp-block-spacer\"><\/div>\n\n\n\n<h3 class=\"wp-block-heading\"><strong>S\u00e5dan besk\u00e6res hyacinter<\/strong><\/h3>\n\n\n\n<p>Som du sikkert allerede nu ved, <strong>kan hyacinter sk\u00e6res af, n\u00e5r de visner<\/strong>, men alle blade skal bevares, indtil de er t\u00f8rret helt ud. N\u00e5r planten er helt t\u00f8r, skal du sk\u00e6re stammen 1 cm fra bunden.&nbsp;<\/p>\n\n\n\n<h3 class=\"wp-block-heading\"><strong>S\u00e5dan opbevares hyacinter<\/strong><\/h3>\n\n\n\n<div class=\"wp-block-media-text has-media-on-the-right is-stacked-on-mobile is-image-fill-element\" style=\"grid-template-columns:auto 30%\"><div class=\"wp-block-media-text__content\">\n<p>Har du f\u00e5et for\u00e6ret, eller vil du <a href=\"https:\/\/interflora.dk\/produkter\/hyacinter\" target=\"_blank\" rel=\"noreferrer noopener\">gerne give en smuk hyacint<\/a>? <strong>Som afsk\u00e5ret blomst er hyacinter perfekte <\/strong>til at lyse op i dit hjem. De er meget popul\u00e6re, da de holder l\u00e6nge i vasen. Dette skyldes, at <strong>hyacinterne<\/strong> forts\u00e6tter med at vokse. Det betyder at blomsterne forts\u00e6tter med at blomstre, selv n\u00e5r de st\u00e5r i en vase.&nbsp;<\/p>\n\n\n\n<p>Derfor b\u00f8r du v\u00e6lge <strong>hyacinter,<\/strong> hvis blomster kun lige er begyndt at \u00e5bne sig. Sk\u00e6r stilken med et skr\u00e5t ca. 2 cm langt snit og luk snittet ved hurtigt at f\u00f8re det over en flamme. Skift vandet hver anden dag og snit stammen igen.&nbsp;<\/p>\n\n\n\n<p>Hvis du vil fork\u00e6le dig selv med en gave,<strong> er hyacinten en sk\u00f8n blomst<\/strong>, der holder sig l\u00e6nge og som desuden er en af <a href=\"https:\/\/interflora.dk\/produkter\/anledninger\/juleblomster\" target=\"_blank\" rel=\"noreferrer noopener\">juleblomsterne.<\/a> S\u00e5 t\u00f8v ikke med at f\u00e5 gl\u00e6de af de flotte farver b\u00e5de til jul og i en for\u00e5rsbuket!&nbsp;<\/p>\n<\/div><figure class=\"wp-block-media-text__media\"><img loading=\"lazy\" decoding=\"async\" width=\"1024\" height=\"498\" src=\"https:\/\/interflora.dk\/blog\/wp-content\/uploads\/hyacint-3-1024x498.jpg\" alt=\"\" class=\"wp-image-39671 size-full\" style=\"object-position:50% 50%\"\/><\/figure><\/div>\n\n\n\n<div class=\"wp-block-buttons is-content-justification-center is-layout-flex wp-container-core-buttons-is-layout-a89b3969 wp-block-buttons-is-layout-flex\">\n<div class=\"wp-block-button\"><a class=\"wp-block-button__link has-medium-font-size has-text-align-center has-custom-font-size wp-element-button\" href=\"https:\/\/interflora.dk\/produkter\/hyacinter?utm_source=blog&amp;utm_medium=organic&amp;utm_campaign=post-cta\" target=\"_blank\" rel=\"noreferrer noopener\">Levering af smukke hyacinter<\/a><\/div>\n<\/div>\n\n\n<div class=\"lp-produits-grid\"><div class=\"lp-produit\"><div class=\"lp-thumbnail-wrapper\"><img loading=\"lazy\" decoding=\"async\" width=\"300\" height=\"300\" src=\"https:\/\/interflora.dk\/blog\/wp-content\/uploads\/2025\/11\/Hyacinter_i_potte_med_marcipanbrC3B8d_5512-300x300.jpg\" class=\"attachment-medium size-medium wp-post-image\" alt=\"\" srcset=\"https:\/\/interflora.dk\/blog\/wp-content\/uploads\/2025\/11\/Hyacinter_i_potte_med_marcipanbrC3B8d_5512-300x300.jpg 300w, https:\/\/interflora.dk\/blog\/wp-content\/uploads\/2025\/11\/Hyacinter_i_potte_med_marcipanbrC3B8d_5512-1024x1024.jpg 1024w, https:\/\/interflora.dk\/blog\/wp-content\/uploads\/2025\/11\/Hyacinter_i_potte_med_marcipanbrC3B8d_5512-150x150.jpg 150w, https:\/\/interflora.dk\/blog\/wp-content\/uploads\/2025\/11\/Hyacinter_i_potte_med_marcipanbrC3B8d_5512-768x768.jpg 768w, https:\/\/interflora.dk\/blog\/wp-content\/uploads\/2025\/11\/Hyacinter_i_potte_med_marcipanbrC3B8d_5512.jpg 1200w\" sizes=\"auto, (max-width: 300px) 100vw, 300px\" \/><img decoding=\"async\" class=\"lp-badge\" src=\"https:\/\/prodblog.interflora.dk\/blog\/wp-content\/uploads\/2025\/09\/220422_INTERFLORA_Main_Logo_rgb_Main_Color.avif\" alt=\"Send blomster med Interflora\"><\/div><span>Hvide hyacinter i glas med CHO CHO marcipanbr\u00f8d<\/span><p>Fra 238 kr.<\/p><span class=\"obf-link lp-cta\" role=\"link\" tabindex=\"0\" data-b64=\"aHR0cHM6Ly9pbnRlcmZsb3JhLmRrL3Byb2R1a3QvaHZpZGUtaHlhY2ludGVyLWktZ2xhcy1tZWQtY2hvLWNoby1tYXJjaXBhbmJyb2VkP3V0bV9tZWRpdW09b3JnYW5pYyZ1dG1fc291cmNlPWJsb2dfcHJvZHVjdHMmdXRtX2NhbXBhaWduPTU1MTI=\" data-target=\"_blank\"><svg xmlns=\"http:\/\/www.w3.org\/2000\/svg\" width=\"16\" height=\"16\" fill=\"currentColor\" class=\"bi bi-bag\" viewBox=\"0 0 16 16\"><path d=\"M8 1a2 2 0 0 1 2 2v1h2.5A1.5 1.5 0 0 1 14 5.5v8A1.5 1.5 0 0 1 12.5 15h-9A1.5 1.5 0 0 1 2 13.5v-8A1.5 1.5 0 0 1 3.5 3H6V2a2 2 0 0 1 2-1zm1 3V3a1 1 0 0 0-2 0v1h2z\"\/><\/svg>K\u00f8b her<\/span><p class=\"rapido\">Kundernes favorit<\/p><\/div><div class=\"lp-produit\"><div class=\"lp-thumbnail-wrapper\"><img loading=\"lazy\" decoding=\"async\" width=\"300\" height=\"300\" src=\"https:\/\/interflora.dk\/blog\/wp-content\/uploads\/2025\/11\/Hyacinter_i_potte_med_hjertechokolade_mint_5511-300x300.jpg\" class=\"attachment-medium size-medium wp-post-image\" alt=\"\" srcset=\"https:\/\/interflora.dk\/blog\/wp-content\/uploads\/2025\/11\/Hyacinter_i_potte_med_hjertechokolade_mint_5511-300x300.jpg 300w, https:\/\/interflora.dk\/blog\/wp-content\/uploads\/2025\/11\/Hyacinter_i_potte_med_hjertechokolade_mint_5511-1024x1024.jpg 1024w, https:\/\/interflora.dk\/blog\/wp-content\/uploads\/2025\/11\/Hyacinter_i_potte_med_hjertechokolade_mint_5511-150x150.jpg 150w, https:\/\/interflora.dk\/blog\/wp-content\/uploads\/2025\/11\/Hyacinter_i_potte_med_hjertechokolade_mint_5511-768x768.jpg 768w, https:\/\/interflora.dk\/blog\/wp-content\/uploads\/2025\/11\/Hyacinter_i_potte_med_hjertechokolade_mint_5511.jpg 1200w\" sizes=\"auto, (max-width: 300px) 100vw, 300px\" \/><img decoding=\"async\" class=\"lp-badge\" src=\"https:\/\/prodblog.interflora.dk\/blog\/wp-content\/uploads\/2025\/09\/220422_INTERFLORA_Main_Logo_rgb_Main_Color.avif\" alt=\"Send blomster med Interflora\"><\/div><span>Hvide hyacinter i glas med hjerte med mintchokolade<\/span><p>Fra 244 kr.<\/p><span class=\"obf-link lp-cta\" role=\"link\" tabindex=\"0\" data-b64=\"aHR0cHM6Ly9pbnRlcmZsb3JhLmRrL3Byb2R1a3QvaHZpZGUtaHlhY2ludGVyLWktZ2xhcy1tZWQtaGplcnRlLW1lZC1taW50Y2hva29sYWRlP3V0bV9tZWRpdW09b3JnYW5pYyZ1dG1fc291cmNlPWJsb2dfcHJvZHVjdHMmdXRtX2NhbXBhaWduPTU1MTE=\" data-target=\"_blank\"><svg xmlns=\"http:\/\/www.w3.org\/2000\/svg\" width=\"16\" height=\"16\" fill=\"currentColor\" class=\"bi bi-bag\" viewBox=\"0 0 16 16\"><path d=\"M8 1a2 2 0 0 1 2 2v1h2.5A1.5 1.5 0 0 1 14 5.5v8A1.5 1.5 0 0 1 12.5 15h-9A1.5 1.5 0 0 1 2 13.5v-8A1.5 1.5 0 0 1 3.5 3H6V2a2 2 0 0 1 2-1zm1 3V3a1 1 0 0 0-2 0v1h2z\"\/><\/svg>K\u00f8b her<\/span><p class=\"rapido\">Kundernes favorit<\/p><\/div><div class=\"lp-produit\"><div class=\"lp-thumbnail-wrapper\"><img loading=\"lazy\" decoding=\"async\" width=\"300\" height=\"300\" src=\"https:\/\/interflora.dk\/blog\/wp-content\/uploads\/2025\/11\/Hyacinter_i_potte_5486-300x300.jpg\" class=\"attachment-medium size-medium wp-post-image\" alt=\"\" srcset=\"https:\/\/interflora.dk\/blog\/wp-content\/uploads\/2025\/11\/Hyacinter_i_potte_5486-300x300.jpg 300w, https:\/\/interflora.dk\/blog\/wp-content\/uploads\/2025\/11\/Hyacinter_i_potte_5486-1024x1024.jpg 1024w, https:\/\/interflora.dk\/blog\/wp-content\/uploads\/2025\/11\/Hyacinter_i_potte_5486-150x150.jpg 150w, https:\/\/interflora.dk\/blog\/wp-content\/uploads\/2025\/11\/Hyacinter_i_potte_5486-768x768.jpg 768w, https:\/\/interflora.dk\/blog\/wp-content\/uploads\/2025\/11\/Hyacinter_i_potte_5486.jpg 1200w\" sizes=\"auto, (max-width: 300px) 100vw, 300px\" \/><img decoding=\"async\" class=\"lp-badge\" src=\"https:\/\/prodblog.interflora.dk\/blog\/wp-content\/uploads\/2025\/09\/220422_INTERFLORA_Main_Logo_rgb_Main_Color.avif\" alt=\"Send blomster med Interflora\"><\/div><span>Hyacinter i glasvase, hvid<\/span><p>Fra 149 kr.<\/p><span class=\"obf-link lp-cta\" role=\"link\" tabindex=\"0\" data-b64=\"aHR0cHM6Ly9pbnRlcmZsb3JhLmRrL3Byb2R1a3QvaHlhY2ludGVyLWktZ2xhc3Zhc2UtaHZpZD91dG1fbWVkaXVtPW9yZ2FuaWMmdXRtX3NvdXJjZT1ibG9nX3Byb2R1Y3RzJnV0bV9jYW1wYWlnbj01NDg2\" data-target=\"_blank\"><svg xmlns=\"http:\/\/www.w3.org\/2000\/svg\" width=\"16\" height=\"16\" fill=\"currentColor\" class=\"bi bi-bag\" viewBox=\"0 0 16 16\"><path d=\"M8 1a2 2 0 0 1 2 2v1h2.5A1.5 1.5 0 0 1 14 5.5v8A1.5 1.5 0 0 1 12.5 15h-9A1.5 1.5 0 0 1 2 13.5v-8A1.5 1.5 0 0 1 3.5 3H6V2a2 2 0 0 1 2-1zm1 3V3a1 1 0 0 0-2 0v1h2z\"\/><\/svg>K\u00f8b her<\/span><p class=\"rapido\">Kundernes favorit<\/p><\/div><div class=\"lp-produit\"><div class=\"lp-thumbnail-wrapper\"><img loading=\"lazy\" decoding=\"async\" width=\"300\" height=\"300\" src=\"https:\/\/interflora.dk\/blog\/wp-content\/uploads\/2025\/11\/Vinterlig_hyacintsammenplatning_426-300x300.jpg\" class=\"attachment-medium size-medium wp-post-image\" alt=\"\" srcset=\"https:\/\/interflora.dk\/blog\/wp-content\/uploads\/2025\/11\/Vinterlig_hyacintsammenplatning_426-300x300.jpg 300w, https:\/\/interflora.dk\/blog\/wp-content\/uploads\/2025\/11\/Vinterlig_hyacintsammenplatning_426-1024x1024.jpg 1024w, https:\/\/interflora.dk\/blog\/wp-content\/uploads\/2025\/11\/Vinterlig_hyacintsammenplatning_426-150x150.jpg 150w, https:\/\/interflora.dk\/blog\/wp-content\/uploads\/2025\/11\/Vinterlig_hyacintsammenplatning_426-768x768.jpg 768w, https:\/\/interflora.dk\/blog\/wp-content\/uploads\/2025\/11\/Vinterlig_hyacintsammenplatning_426.jpg 1200w\" sizes=\"auto, (max-width: 300px) 100vw, 300px\" \/><img decoding=\"async\" class=\"lp-badge\" src=\"https:\/\/prodblog.interflora.dk\/blog\/wp-content\/uploads\/2025\/09\/220422_INTERFLORA_Main_Logo_rgb_Main_Color.avif\" alt=\"Send blomster med Interflora\"><\/div><span>Vinterlig hyacint sammenplantning<\/span><p>Fra 249 kr.<\/p><span class=\"obf-link lp-cta\" role=\"link\" tabindex=\"0\" data-b64=\"aHR0cHM6Ly9pbnRlcmZsb3JhLmRrL3Byb2R1a3QvdmludGVybGlnLWh5YWNpbnQtc2FtbWVucGxhbnRuaW5nP3V0bV9tZWRpdW09b3JnYW5pYyZ1dG1fc291cmNlPWJsb2dfcHJvZHVjdHMmdXRtX2NhbXBhaWduPTQyNg==\" data-target=\"_blank\"><svg xmlns=\"http:\/\/www.w3.org\/2000\/svg\" width=\"16\" height=\"16\" fill=\"currentColor\" class=\"bi bi-bag\" viewBox=\"0 0 16 16\"><path d=\"M8 1a2 2 0 0 1 2 2v1h2.5A1.5 1.5 0 0 1 14 5.5v8A1.5 1.5 0 0 1 12.5 15h-9A1.5 1.5 0 0 1 2 13.5v-8A1.5 1.5 0 0 1 3.5 3H6V2a2 2 0 0 1 2-1zm1 3V3a1 1 0 0 0-2 0v1h2z\"\/><\/svg>K\u00f8b her<\/span><p class=\"rapido\">Levering i hele Danmark<\/p><\/div><\/div>\n","protected":false},"excerpt":{"rendered":"<p>Dens us\u00e6dvanlige blomst og karakteristiske duft g\u00f8r den yderst popul\u00e6r, is\u00e6r da den ogs\u00e5 er ganske let at passe. Men [&hellip;]<\/p>\n","protected":false},"author":1,"featured_media":58575,"comment_status":"open","ping_status":"open","sticky":false,"template":"","format":"standard","meta":{"_uag_custom_page_level_css":"","site-sidebar-layout":"default","site-content-layout":"","ast-site-content-layout":"default","site-content-style":"default","site-sidebar-style":"default","ast-global-header-display":"","ast-banner-title-visibility":"","ast-main-header-display":"","ast-hfb-above-header-display":"","ast-hfb-below-header-display":"","ast-hfb-mobile-header-display":"","site-post-title":"","ast-breadcrumbs-content":"","ast-featured-img":"","footer-sml-layout":"","ast-disable-related-posts":"","theme-transparent-header-meta":"","adv-header-id-meta":"","stick-header-meta":"","header-above-stick-meta":"","header-main-stick-meta":"","header-below-stick-meta":"","astra-migrate-meta-layouts":"set","ast-page-background-enabled":"default","ast-page-background-meta":{"desktop":{"background-color":"var(--ast-global-color-4)","background-image":"","background-repeat":"repeat","background-position":"center center","background-size":"auto","background-attachment":"scroll","background-type":"","background-media":"","overlay-type":"","overlay-color":"","overlay-opacity":"","overlay-gradient":""},"tablet":{"background-color":"","background-image":"","background-repeat":"repeat","background-position":"center center","background-size":"auto","background-attachment":"scroll","background-type":"","background-media":"","overlay-type":"","overlay-color":"","overlay-opacity":"","overlay-gradient":""},"mobile":{"background-color":"","background-image":"","background-repeat":"repeat","background-position":"center center","background-size":"auto","background-attachment":"scroll","background-type":"","background-media":"","overlay-type":"","overlay-color":"","overlay-opacity":"","overlay-gradient":""}},"ast-content-background-meta":{"desktop":{"background-color":"var(--ast-global-color-5)","background-image":"","background-repeat":"repeat","background-position":"center center","background-size":"auto","background-attachment":"scroll","background-type":"","background-media":"","overlay-type":"","overlay-color":"","overlay-opacity":"","overlay-gradient":""},"tablet":{"background-color":"var(--ast-global-color-5)","background-image":"","background-repeat":"repeat","background-position":"center center","background-size":"auto","background-attachment":"scroll","background-type":"","background-media":"","overlay-type":"","overlay-color":"","overlay-opacity":"","overlay-gradient":""},"mobile":{"background-color":"var(--ast-global-color-5)","background-image":"","background-repeat":"repeat","background-position":"center center","background-size":"auto","background-attachment":"scroll","background-type":"","background-media":"","overlay-type":"","overlay-color":"","overlay-opacity":"","overlay-gradient":""}},"footnotes":""},"categories":[240,221,296,191,244,193],"tags":[166,248],"class_list":["post-39663","post","type-post","status-publish","format-standard","has-post-thumbnail","hentry","category-foraar","category-havearbejde","category-hyacinter","category-loegblomster","category-vinter","category-blomster","tag-blomster","tag-hyacint"],"yoast_head":"<!-- This site is optimized with the Yoast SEO plugin v27.4 - https:\/\/yoast.com\/product\/yoast-seo-wordpress\/ -->\n<title>Hyacinter: Historie og tips til pasning | Interflora<\/title>\n<meta name=\"description\" content=\"Hyacinten er en dejlig l\u00f8gplante, der fort\u00e6ller at for\u00e5ret er p\u00e5 vej! Dens us\u00e6dvanlige blomst og det, at den er let at dyrke, g\u00f8r den meget popul\u00e6rt blandt gartnere.\" \/>\n<meta name=\"robots\" content=\"index, follow, max-snippet:-1, max-image-preview:large, max-video-preview:-1\" \/>\n<link rel=\"canonical\" href=\"https:\/\/interflora.dk\/blog\/hyacinter\/\" \/>\n<meta property=\"og:locale\" content=\"da_DK\" \/>\n<meta property=\"og:type\" content=\"article\" \/>\n<meta property=\"og:title\" content=\"Hyacinter: Historie og tips til pasning | Interflora\" \/>\n<meta property=\"og:description\" content=\"Hyacinten er en dejlig l\u00f8gplante, der fort\u00e6ller at for\u00e5ret er p\u00e5 vej! Dens us\u00e6dvanlige blomst og det, at den er let at dyrke, g\u00f8r den meget popul\u00e6rt blandt gartnere.\" \/>\n<meta property=\"og:url\" content=\"https:\/\/interflora.dk\/blog\/hyacinter\/\" \/>\n<meta property=\"og:site_name\" content=\"Interflora\" \/>\n<meta property=\"article:publisher\" content=\"https:\/\/www.facebook.com\/InterfloraDanmark\" \/>\n<meta property=\"article:published_time\" content=\"2025-10-20T13:03:00+00:00\" \/>\n<meta property=\"article:modified_time\" content=\"2025-11-28T13:45:08+00:00\" \/>\n<meta property=\"og:image\" content=\"https:\/\/interflora.dk\/blog\/wp-content\/uploads\/2025\/11\/annesophiebenoit-interflora-sw-46-scaled.jpg\" \/>\n\t<meta property=\"og:image:width\" content=\"1707\" \/>\n\t<meta property=\"og:image:height\" content=\"2560\" \/>\n\t<meta property=\"og:image:type\" content=\"image\/jpeg\" \/>\n<meta name=\"author\" content=\"admin\" \/>\n<meta name=\"twitter:card\" content=\"summary_large_image\" \/>\n<meta name=\"twitter:label1\" content=\"Skrevet af\" \/>\n\t<meta name=\"twitter:data1\" content=\"admin\" \/>\n\t<meta name=\"twitter:label2\" content=\"Estimeret l\u00e6setid\" \/>\n\t<meta name=\"twitter:data2\" content=\"11 minutter\" \/>\n<script type=\"application\/ld+json\" class=\"yoast-schema-graph\">{\"@context\":\"https:\\\/\\\/schema.org\",\"@graph\":[{\"@type\":\"Article\",\"@id\":\"https:\\\/\\\/interflora.dk\\\/blog\\\/hyacinter\\\/#article\",\"isPartOf\":{\"@id\":\"https:\\\/\\\/interflora.dk\\\/blog\\\/hyacinter\\\/\"},\"author\":{\"name\":\"admin\",\"@id\":\"https:\\\/\\\/interflora.dk\\\/blog\\\/#\\\/schema\\\/person\\\/dbbd1ad45e05409c356dc639597669f2\"},\"headline\":\"Hyacinter: Egenskaber og pasning\u00a0\",\"datePublished\":\"2025-10-20T13:03:00+00:00\",\"dateModified\":\"2025-11-28T13:45:08+00:00\",\"mainEntityOfPage\":{\"@id\":\"https:\\\/\\\/interflora.dk\\\/blog\\\/hyacinter\\\/\"},\"wordCount\":2245,\"commentCount\":0,\"publisher\":{\"@id\":\"https:\\\/\\\/interflora.dk\\\/blog\\\/#organization\"},\"image\":{\"@id\":\"https:\\\/\\\/interflora.dk\\\/blog\\\/hyacinter\\\/#primaryimage\"},\"thumbnailUrl\":\"https:\\\/\\\/interflora.dk\\\/blog\\\/wp-content\\\/uploads\\\/2025\\\/11\\\/annesophiebenoit-interflora-sw-46-scaled.jpg\",\"keywords\":[\"Blomster\",\"Hyacint\"],\"articleSection\":[\"For\u00e5r: Tips og inspiration\",\"Gl\u00e6den ved havearbejde: R\u00e5d og inspiration\",\"Hyacinter\",\"L\u00f8gblomster: Pleje, tips og tricks\",\"Vinter: R\u00e5dgivning og kreativ inspiration\",\"Vores tips og inspiration til blomster\"],\"inLanguage\":\"da-DK\",\"potentialAction\":[{\"@type\":\"CommentAction\",\"name\":\"Comment\",\"target\":[\"https:\\\/\\\/interflora.dk\\\/blog\\\/hyacinter\\\/#respond\"]}]},{\"@type\":\"WebPage\",\"@id\":\"https:\\\/\\\/interflora.dk\\\/blog\\\/hyacinter\\\/\",\"url\":\"https:\\\/\\\/interflora.dk\\\/blog\\\/hyacinter\\\/\",\"name\":\"Hyacinter: Historie og tips til pasning | Interflora\",\"isPartOf\":{\"@id\":\"https:\\\/\\\/interflora.dk\\\/blog\\\/#website\"},\"primaryImageOfPage\":{\"@id\":\"https:\\\/\\\/interflora.dk\\\/blog\\\/hyacinter\\\/#primaryimage\"},\"image\":{\"@id\":\"https:\\\/\\\/interflora.dk\\\/blog\\\/hyacinter\\\/#primaryimage\"},\"thumbnailUrl\":\"https:\\\/\\\/interflora.dk\\\/blog\\\/wp-content\\\/uploads\\\/2025\\\/11\\\/annesophiebenoit-interflora-sw-46-scaled.jpg\",\"datePublished\":\"2025-10-20T13:03:00+00:00\",\"dateModified\":\"2025-11-28T13:45:08+00:00\",\"description\":\"Hyacinten er en dejlig l\u00f8gplante, der fort\u00e6ller at for\u00e5ret er p\u00e5 vej! Dens us\u00e6dvanlige blomst og det, at den er let at dyrke, g\u00f8r den meget popul\u00e6rt blandt gartnere.\",\"breadcrumb\":{\"@id\":\"https:\\\/\\\/interflora.dk\\\/blog\\\/hyacinter\\\/#breadcrumb\"},\"inLanguage\":\"da-DK\",\"potentialAction\":[{\"@type\":\"ReadAction\",\"target\":[\"https:\\\/\\\/interflora.dk\\\/blog\\\/hyacinter\\\/\"]}]},{\"@type\":\"ImageObject\",\"inLanguage\":\"da-DK\",\"@id\":\"https:\\\/\\\/interflora.dk\\\/blog\\\/hyacinter\\\/#primaryimage\",\"url\":\"https:\\\/\\\/interflora.dk\\\/blog\\\/wp-content\\\/uploads\\\/2025\\\/11\\\/annesophiebenoit-interflora-sw-46-scaled.jpg\",\"contentUrl\":\"https:\\\/\\\/interflora.dk\\\/blog\\\/wp-content\\\/uploads\\\/2025\\\/11\\\/annesophiebenoit-interflora-sw-46-scaled.jpg\",\"width\":1707,\"height\":2560,\"caption\":\"Sammenplantning af hvid amaryllis og hvide hyacinter\"},{\"@type\":\"BreadcrumbList\",\"@id\":\"https:\\\/\\\/interflora.dk\\\/blog\\\/hyacinter\\\/#breadcrumb\",\"itemListElement\":[{\"@type\":\"ListItem\",\"position\":1,\"name\":\"Home\",\"item\":\"https:\\\/\\\/interflora.dk\\\/blog\\\/\"},{\"@type\":\"ListItem\",\"position\":2,\"name\":\"Hyacinter: Egenskaber og pasning\u00a0\"}]},{\"@type\":\"WebSite\",\"@id\":\"https:\\\/\\\/interflora.dk\\\/blog\\\/#website\",\"url\":\"https:\\\/\\\/interflora.dk\\\/blog\\\/\",\"name\":\"Interflora\",\"description\":\"\",\"publisher\":{\"@id\":\"https:\\\/\\\/interflora.dk\\\/blog\\\/#organization\"},\"potentialAction\":[{\"@type\":\"SearchAction\",\"target\":{\"@type\":\"EntryPoint\",\"urlTemplate\":\"https:\\\/\\\/interflora.dk\\\/blog\\\/?s={search_term_string}\"},\"query-input\":{\"@type\":\"PropertyValueSpecification\",\"valueRequired\":true,\"valueName\":\"search_term_string\"}}],\"inLanguage\":\"da-DK\"},{\"@type\":\"Organization\",\"@id\":\"https:\\\/\\\/interflora.dk\\\/blog\\\/#organization\",\"name\":\"Interflora\",\"url\":\"https:\\\/\\\/interflora.dk\\\/blog\\\/\",\"logo\":{\"@type\":\"ImageObject\",\"inLanguage\":\"da-DK\",\"@id\":\"https:\\\/\\\/interflora.dk\\\/blog\\\/#\\\/schema\\\/logo\\\/image\\\/\",\"url\":\"https:\\\/\\\/interflora.dk\\\/blog\\\/wp-content\\\/uploads\\\/2025\\\/09\\\/220422_INTERFLORA_Logo_rgb_Half_Top_Circle_Main_Color.png\",\"contentUrl\":\"https:\\\/\\\/interflora.dk\\\/blog\\\/wp-content\\\/uploads\\\/2025\\\/09\\\/220422_INTERFLORA_Logo_rgb_Half_Top_Circle_Main_Color.png\",\"width\":1418,\"height\":710,\"caption\":\"Interflora\"},\"image\":{\"@id\":\"https:\\\/\\\/interflora.dk\\\/blog\\\/#\\\/schema\\\/logo\\\/image\\\/\"},\"sameAs\":[\"https:\\\/\\\/www.facebook.com\\\/InterfloraDanmark\",\"https:\\\/\\\/www.instagram.com\\\/interfloradk\",\"https:\\\/\\\/www.linkedin.com\\\/company\\\/interfloradanmark\",\"https:\\\/\\\/www.youtube.com\\\/user\\\/InterfloraTV\"]},{\"@type\":\"Person\",\"@id\":\"https:\\\/\\\/interflora.dk\\\/blog\\\/#\\\/schema\\\/person\\\/dbbd1ad45e05409c356dc639597669f2\",\"name\":\"admin\",\"image\":{\"@type\":\"ImageObject\",\"inLanguage\":\"da-DK\",\"@id\":\"https:\\\/\\\/interflora.dk\\\/blog\\\/wp-content\\\/litespeed\\\/avatar\\\/1fe3cced9e67df62d0a6f995d75823a5.jpg?ver=1776935036\",\"url\":\"https:\\\/\\\/interflora.dk\\\/blog\\\/wp-content\\\/litespeed\\\/avatar\\\/1fe3cced9e67df62d0a6f995d75823a5.jpg?ver=1776935036\",\"contentUrl\":\"https:\\\/\\\/interflora.dk\\\/blog\\\/wp-content\\\/litespeed\\\/avatar\\\/1fe3cced9e67df62d0a6f995d75823a5.jpg?ver=1776935036\",\"caption\":\"admin\"}}]}<\/script>\n<!-- \/ Yoast SEO plugin. -->","yoast_head_json":{"title":"Hyacinter: Historie og tips til pasning | Interflora","description":"Hyacinten er en dejlig l\u00f8gplante, der fort\u00e6ller at for\u00e5ret er p\u00e5 vej! Dens us\u00e6dvanlige blomst og det, at den er let at dyrke, g\u00f8r den meget popul\u00e6rt blandt gartnere.","robots":{"index":"index","follow":"follow","max-snippet":"max-snippet:-1","max-image-preview":"max-image-preview:large","max-video-preview":"max-video-preview:-1"},"canonical":"https:\/\/interflora.dk\/blog\/hyacinter\/","og_locale":"da_DK","og_type":"article","og_title":"Hyacinter: Historie og tips til pasning | Interflora","og_description":"Hyacinten er en dejlig l\u00f8gplante, der fort\u00e6ller at for\u00e5ret er p\u00e5 vej! Dens us\u00e6dvanlige blomst og det, at den er let at dyrke, g\u00f8r den meget popul\u00e6rt blandt gartnere.","og_url":"https:\/\/interflora.dk\/blog\/hyacinter\/","og_site_name":"Interflora","article_publisher":"https:\/\/www.facebook.com\/InterfloraDanmark","article_published_time":"2025-10-20T13:03:00+00:00","article_modified_time":"2025-11-28T13:45:08+00:00","og_image":[{"width":1707,"height":2560,"url":"https:\/\/interflora.dk\/blog\/wp-content\/uploads\/2025\/11\/annesophiebenoit-interflora-sw-46-scaled.jpg","type":"image\/jpeg"}],"author":"admin","twitter_card":"summary_large_image","twitter_misc":{"Skrevet af":"admin","Estimeret l\u00e6setid":"11 minutter"},"schema":{"@context":"https:\/\/schema.org","@graph":[{"@type":"Article","@id":"https:\/\/interflora.dk\/blog\/hyacinter\/#article","isPartOf":{"@id":"https:\/\/interflora.dk\/blog\/hyacinter\/"},"author":{"name":"admin","@id":"https:\/\/interflora.dk\/blog\/#\/schema\/person\/dbbd1ad45e05409c356dc639597669f2"},"headline":"Hyacinter: Egenskaber og pasning\u00a0","datePublished":"2025-10-20T13:03:00+00:00","dateModified":"2025-11-28T13:45:08+00:00","mainEntityOfPage":{"@id":"https:\/\/interflora.dk\/blog\/hyacinter\/"},"wordCount":2245,"commentCount":0,"publisher":{"@id":"https:\/\/interflora.dk\/blog\/#organization"},"image":{"@id":"https:\/\/interflora.dk\/blog\/hyacinter\/#primaryimage"},"thumbnailUrl":"https:\/\/interflora.dk\/blog\/wp-content\/uploads\/2025\/11\/annesophiebenoit-interflora-sw-46-scaled.jpg","keywords":["Blomster","Hyacint"],"articleSection":["For\u00e5r: Tips og inspiration","Gl\u00e6den ved havearbejde: R\u00e5d og inspiration","Hyacinter","L\u00f8gblomster: Pleje, tips og tricks","Vinter: R\u00e5dgivning og kreativ inspiration","Vores tips og inspiration til blomster"],"inLanguage":"da-DK","potentialAction":[{"@type":"CommentAction","name":"Comment","target":["https:\/\/interflora.dk\/blog\/hyacinter\/#respond"]}]},{"@type":"WebPage","@id":"https:\/\/interflora.dk\/blog\/hyacinter\/","url":"https:\/\/interflora.dk\/blog\/hyacinter\/","name":"Hyacinter: Historie og tips til pasning | Interflora","isPartOf":{"@id":"https:\/\/interflora.dk\/blog\/#website"},"primaryImageOfPage":{"@id":"https:\/\/interflora.dk\/blog\/hyacinter\/#primaryimage"},"image":{"@id":"https:\/\/interflora.dk\/blog\/hyacinter\/#primaryimage"},"thumbnailUrl":"https:\/\/interflora.dk\/blog\/wp-content\/uploads\/2025\/11\/annesophiebenoit-interflora-sw-46-scaled.jpg","datePublished":"2025-10-20T13:03:00+00:00","dateModified":"2025-11-28T13:45:08+00:00","description":"Hyacinten er en dejlig l\u00f8gplante, der fort\u00e6ller at for\u00e5ret er p\u00e5 vej! Dens us\u00e6dvanlige blomst og det, at den er let at dyrke, g\u00f8r den meget popul\u00e6rt blandt gartnere.","breadcrumb":{"@id":"https:\/\/interflora.dk\/blog\/hyacinter\/#breadcrumb"},"inLanguage":"da-DK","potentialAction":[{"@type":"ReadAction","target":["https:\/\/interflora.dk\/blog\/hyacinter\/"]}]},{"@type":"ImageObject","inLanguage":"da-DK","@id":"https:\/\/interflora.dk\/blog\/hyacinter\/#primaryimage","url":"https:\/\/interflora.dk\/blog\/wp-content\/uploads\/2025\/11\/annesophiebenoit-interflora-sw-46-scaled.jpg","contentUrl":"https:\/\/interflora.dk\/blog\/wp-content\/uploads\/2025\/11\/annesophiebenoit-interflora-sw-46-scaled.jpg","width":1707,"height":2560,"caption":"Sammenplantning af hvid amaryllis og hvide hyacinter"},{"@type":"BreadcrumbList","@id":"https:\/\/interflora.dk\/blog\/hyacinter\/#breadcrumb","itemListElement":[{"@type":"ListItem","position":1,"name":"Home","item":"https:\/\/interflora.dk\/blog\/"},{"@type":"ListItem","position":2,"name":"Hyacinter: Egenskaber og pasning\u00a0"}]},{"@type":"WebSite","@id":"https:\/\/interflora.dk\/blog\/#website","url":"https:\/\/interflora.dk\/blog\/","name":"Interflora","description":"","publisher":{"@id":"https:\/\/interflora.dk\/blog\/#organization"},"potentialAction":[{"@type":"SearchAction","target":{"@type":"EntryPoint","urlTemplate":"https:\/\/interflora.dk\/blog\/?s={search_term_string}"},"query-input":{"@type":"PropertyValueSpecification","valueRequired":true,"valueName":"search_term_string"}}],"inLanguage":"da-DK"},{"@type":"Organization","@id":"https:\/\/interflora.dk\/blog\/#organization","name":"Interflora","url":"https:\/\/interflora.dk\/blog\/","logo":{"@type":"ImageObject","inLanguage":"da-DK","@id":"https:\/\/interflora.dk\/blog\/#\/schema\/logo\/image\/","url":"https:\/\/interflora.dk\/blog\/wp-content\/uploads\/2025\/09\/220422_INTERFLORA_Logo_rgb_Half_Top_Circle_Main_Color.png","contentUrl":"https:\/\/interflora.dk\/blog\/wp-content\/uploads\/2025\/09\/220422_INTERFLORA_Logo_rgb_Half_Top_Circle_Main_Color.png","width":1418,"height":710,"caption":"Interflora"},"image":{"@id":"https:\/\/interflora.dk\/blog\/#\/schema\/logo\/image\/"},"sameAs":["https:\/\/www.facebook.com\/InterfloraDanmark","https:\/\/www.instagram.com\/interfloradk","https:\/\/www.linkedin.com\/company\/interfloradanmark","https:\/\/www.youtube.com\/user\/InterfloraTV"]},{"@type":"Person","@id":"https:\/\/interflora.dk\/blog\/#\/schema\/person\/dbbd1ad45e05409c356dc639597669f2","name":"admin","image":{"@type":"ImageObject","inLanguage":"da-DK","@id":"https:\/\/interflora.dk\/blog\/wp-content\/litespeed\/avatar\/1fe3cced9e67df62d0a6f995d75823a5.jpg?ver=1776935036","url":"https:\/\/interflora.dk\/blog\/wp-content\/litespeed\/avatar\/1fe3cced9e67df62d0a6f995d75823a5.jpg?ver=1776935036","contentUrl":"https:\/\/interflora.dk\/blog\/wp-content\/litespeed\/avatar\/1fe3cced9e67df62d0a6f995d75823a5.jpg?ver=1776935036","caption":"admin"}}]}},"uagb_featured_image_src":{"full":["https:\/\/interflora.dk\/blog\/wp-content\/uploads\/2025\/11\/annesophiebenoit-interflora-sw-46-scaled.jpg",1707,2560,false],"thumbnail":["https:\/\/interflora.dk\/blog\/wp-content\/uploads\/2025\/11\/annesophiebenoit-interflora-sw-46-150x150.jpg",150,150,true],"medium":["https:\/\/interflora.dk\/blog\/wp-content\/uploads\/2025\/11\/annesophiebenoit-interflora-sw-46-200x300.jpg",200,300,true],"medium_large":["https:\/\/interflora.dk\/blog\/wp-content\/uploads\/2025\/11\/annesophiebenoit-interflora-sw-46-768x1152.jpg",768,1152,true],"large":["https:\/\/interflora.dk\/blog\/wp-content\/uploads\/2025\/11\/annesophiebenoit-interflora-sw-46-683x1024.jpg",683,1024,true],"1536x1536":["https:\/\/interflora.dk\/blog\/wp-content\/uploads\/2025\/11\/annesophiebenoit-interflora-sw-46-1024x1536.jpg",1024,1536,true],"2048x2048":["https:\/\/interflora.dk\/blog\/wp-content\/uploads\/2025\/11\/annesophiebenoit-interflora-sw-46-1365x2048.jpg",1365,2048,true]},"uagb_author_info":{"display_name":"admin","author_link":"https:\/\/interflora.dk\/blog\/author\/admin\/"},"uagb_comment_info":0,"uagb_excerpt":"Dens us\u00e6dvanlige blomst og karakteristiske duft g\u00f8r den yderst popul\u00e6r, is\u00e6r da den ogs\u00e5 er ganske let at passe. Men [&hellip;]","_links":{"self":[{"href":"https:\/\/interflora.dk\/blog\/wp-json\/wp\/v2\/posts\/39663","targetHints":{"allow":["GET"]}}],"collection":[{"href":"https:\/\/interflora.dk\/blog\/wp-json\/wp\/v2\/posts"}],"about":[{"href":"https:\/\/interflora.dk\/blog\/wp-json\/wp\/v2\/types\/post"}],"author":[{"embeddable":true,"href":"https:\/\/interflora.dk\/blog\/wp-json\/wp\/v2\/users\/1"}],"replies":[{"embeddable":true,"href":"https:\/\/interflora.dk\/blog\/wp-json\/wp\/v2\/comments?post=39663"}],"version-history":[{"count":6,"href":"https:\/\/interflora.dk\/blog\/wp-json\/wp\/v2\/posts\/39663\/revisions"}],"predecessor-version":[{"id":59010,"href":"https:\/\/interflora.dk\/blog\/wp-json\/wp\/v2\/posts\/39663\/revisions\/59010"}],"wp:featuredmedia":[{"embeddable":true,"href":"https:\/\/interflora.dk\/blog\/wp-json\/wp\/v2\/media\/58575"}],"wp:attachment":[{"href":"https:\/\/interflora.dk\/blog\/wp-json\/wp\/v2\/media?parent=39663"}],"wp:term":[{"taxonomy":"category","embeddable":true,"href":"https:\/\/interflora.dk\/blog\/wp-json\/wp\/v2\/categories?post=39663"},{"taxonomy":"post_tag","embeddable":true,"href":"https:\/\/interflora.dk\/blog\/wp-json\/wp\/v2\/tags?post=39663"}],"curies":[{"name":"wp","href":"https:\/\/api.w.org\/{rel}","templated":true}]}}