{"id":39935,"date":"2024-01-02T15:24:08","date_gmt":"2024-01-02T14:24:08","guid":{"rendered":"https:\/\/interflora.dk\/blog\/?p=39935"},"modified":"2024-01-02T15:24:08","modified_gmt":"2024-01-02T14:24:08","slug":"18-aarsfoedselsdag","status":"publish","type":"post","link":"https:\/\/interflora.dk\/blog\/18-aarsfoedselsdag\/","title":{"rendered":"Gaveid\u00e9er til 18-\u00e5rsf\u00f8dselsdag"},"content":{"rendered":"\n<p>P\u00e5 en 18-\u00e5rsf\u00f8dselsdag fejrer man barndommens afslutning og begyndelsen&nbsp;til voksenlivet som myndig. Det er en festlig dag for b\u00e5de f\u00f8dselar og for\u00e6ldre, det bliver som regel&nbsp;fejret&nbsp;med et brag. For at g\u00f8re de fysiske rammer og indretningen p\u00e5 en 18-\u00e5rsf\u00f8dselsdag perfekt, skal der selvf\u00f8lgelig ogs\u00e5 blomster til.<\/p>\n\n\n\n<h2 class=\"wp-block-heading alignwide has-text-align-center\">Blomster til en 18-\u00e5rsf\u00f8dselsdag<\/h2>\n\n\n\n<p>Blomster til en 18\u00e5rs-f\u00f8dselsdag kan b\u00e5de gives som gave og bruges i forbindelse med borddekorationen og pynten til&nbsp;lokalerne.&nbsp;Hvis du er inviteret til en 18-\u00e5rs, kan du let og hurtigt bestille de perfekte blomster, som med sikkerhed vil sprede gl\u00e6de p\u00e5 dagen. Her kan du f\u00e5 ideer til gaver og bordd\u00e6kning, n\u00e5r du skal planl\u00e6gge&nbsp;f\u00f8dselsdag for en 18-\u00e5rig.<\/p>\n\n\n\n<figure class=\"wp-block-image aligncenter size-large is-resized\"><img loading=\"lazy\" decoding=\"async\" width=\"683\" height=\"1024\" src=\"https:\/\/interflora.dk\/blog\/wp-content\/uploads\/18-aarsfodselsdag-683x1024.jpg\" alt=\"\" class=\"wp-image-39940\" style=\"width:auto;height:500px\"\/><\/figure>\n\n\n\n<div style=\"height:20px\" aria-hidden=\"true\" class=\"wp-block-spacer\"><\/div>\n\n\n\n<h2 class=\"wp-block-heading alignwide has-text-align-center\">Oppyntning<\/h2>\n\n\n\n<p>Det beh\u00f8ver ikke v\u00e6re kedeligt at planl\u00e6gge fester &#8211; faktisk kan det v\u00e6re en oplagt mulighed for at eksperimentere og v\u00e6re lidt kreativ. Ofte kan man som planl\u00e6gger sidde med f\u00f8lelsen af, at der er meget at huske. M\u00e5ske glemmer man noget? &nbsp;Derfor er det&nbsp;vigtigt at begynde planl\u00e6gningen&nbsp;tidligt, is\u00e6r n\u00e5r det g\u00e6lder de fysiske rammer, b\u00e5de for selve stedet, men ogs\u00e5 for indretningen.<\/p>\n\n\n\n<h3 class=\"wp-block-heading alignwide has-text-align-center\">Bordplan<\/h3>\n\n\n\n<p>Det er smag og behag, hvordan du&nbsp;v\u00e6lger at placere&nbsp;g\u00e6sterne i forhold til hinanden til en 18-\u00e5rs-f\u00f8dselsdag. Alligevel er der et par ting, du med fordel kan overveje:&nbsp;Det kan v\u00e6re oplagt at s\u00e6tte g\u00e6sterne efter &#8220;generationer&#8221;, s\u00e5 eksempelvis&nbsp;bedstefor\u00e6ldrene sidder sammen, mens&nbsp;for\u00e6ldre, onkler og tanter har et bord for sig. Og s\u00e5 kan&nbsp;f\u00f8dselaren med fordel sidde med sine s\u00f8skende, f\u00e6tre og kusiner.<\/p>\n\n\n\n<p>Hvis der er sm\u00e5 b\u00f8rn til stede, kan du overveje at lave et b\u00f8rnebord.<\/p>\n\n\n\n<h3 class=\"wp-block-heading alignwide has-text-align-center\">Blomster som gave til en 18-\u00e5rsf\u00f8dselsdag<\/h3>\n\n\n\n<p>Det er meget almindeligt at give blomster til en 18-\u00e5rsf\u00f8dselsdag \u2013 b\u00e5de som gave og sammen med en gave eller et tillykke-kort. Blomsternes ynde er med til at underst\u00f8tte denne dags s\u00e6rlige atmosf\u00e6re og udg\u00f8r en opm\u00e6rksomhed, som f\u00f8dselaren med sikkerhed vil blive glad for.<\/p>\n\n\n\n<figure class=\"wp-block-image aligncenter size-large is-resized\"><img loading=\"lazy\" decoding=\"async\" width=\"1024\" height=\"683\" src=\"https:\/\/interflora.dk\/blog\/wp-content\/uploads\/18-aarsfodselsdag-3-1024x683.jpg\" alt=\"en ung kvinde p\u00e5 en mark med en stor lyser\u00f8d blomst i h\u00e5nden\" class=\"wp-image-39942\" style=\"width:700px\"\/><\/figure>\n\n\n\n<div style=\"height:20px\" aria-hidden=\"true\" class=\"wp-block-spacer\"><\/div>\n\n\n\n<h2 class=\"wp-block-heading alignwide has-text-align-center\">Er du p\u00e5 udkig efter blomster eller en gave til en 18-\u00e5rsf\u00f8dselsdag?<\/h2>\n\n\n\n<p>Tag et kig i&nbsp;vores sp\u00e6ndende udvalg af &nbsp;blomster og buketter, hvis du mangler inspiration til en lille velkomstgave. Vi har gaver i mange former og prislejer.&nbsp;<\/p>\n\n\n\n<p>Husk ogs\u00e5 de andre vigtige f\u00f8dselsdage, hvor du b\u00f8r sige\u00a0<strong><a href=\"\/blog\/sig-tillykke\/\" target=\"_blank\" rel=\"noreferrer noopener\">tillykke<\/a><\/strong> &#8211; skal du snart til en 18 \u00e5rs f\u00f8dselsdag, 30 \u00e5rs f\u00f8dselsdag, 40 \u00e5rs f\u00f8dselsdag, 50 \u00e5rs f\u00f8dselsdag eller 60 \u00e5rs f\u00f8dselsdag &#8211; se vores\u00a0<strong><a href=\"\/produkter\/anledninger\/fodselsdag\" target=\"_blank\" rel=\"noreferrer noopener\">udvalg af f\u00f8dselsdagsgaver.<\/a><\/strong><\/p>\n","protected":false},"excerpt":{"rendered":"<p>P\u00e5 en 18-\u00e5rsf\u00f8dselsdag fejrer man barndommens afslutning og begyndelsen&nbsp;til voksenlivet som myndig. Det er en festlig dag for b\u00e5de f\u00f8dselar [&hellip;]<\/p>\n","protected":false},"author":1,"featured_media":39939,"comment_status":"open","ping_status":"open","sticky":false,"template":"","format":"standard","meta":{"_uag_custom_page_level_css":"","site-sidebar-layout":"default","site-content-layout":"","ast-site-content-layout":"default","site-content-style":"default","site-sidebar-style":"default","ast-global-header-display":"","ast-banner-title-visibility":"","ast-main-header-display":"","ast-hfb-above-header-display":"","ast-hfb-below-header-display":"","ast-hfb-mobile-header-display":"","site-post-title":"","ast-breadcrumbs-content":"","ast-featured-img":"","footer-sml-layout":"","ast-disable-related-posts":"","theme-transparent-header-meta":"","adv-header-id-meta":"","stick-header-meta":"","header-above-stick-meta":"","header-main-stick-meta":"","header-below-stick-meta":"","astra-migrate-meta-layouts":"set","ast-page-background-enabled":"default","ast-page-background-meta":{"desktop":{"background-color":"var(--ast-global-color-5)","background-image":"","background-repeat":"repeat","background-position":"center center","background-size":"auto","background-attachment":"scroll","background-type":"","background-media":"","overlay-type":"","overlay-color":"","overlay-opacity":"","overlay-gradient":""},"tablet":{"background-color":"","background-image":"","background-repeat":"repeat","background-position":"center center","background-size":"auto","background-attachment":"scroll","background-type":"","background-media":"","overlay-type":"","overlay-color":"","overlay-opacity":"","overlay-gradient":""},"mobile":{"background-color":"","background-image":"","background-repeat":"repeat","background-position":"center center","background-size":"auto","background-attachment":"scroll","background-type":"","background-media":"","overlay-type":"","overlay-color":"","overlay-opacity":"","overlay-gradient":""}},"ast-content-background-meta":{"desktop":{"background-color":"var(--ast-global-color-4)","background-image":"","background-repeat":"repeat","background-position":"center center","background-size":"auto","background-attachment":"scroll","background-type":"","background-media":"","overlay-type":"","overlay-color":"","overlay-opacity":"","overlay-gradient":""},"tablet":{"background-color":"var(--ast-global-color-4)","background-image":"","background-repeat":"repeat","background-position":"center center","background-size":"auto","background-attachment":"scroll","background-type":"","background-media":"","overlay-type":"","overlay-color":"","overlay-opacity":"","overlay-gradient":""},"mobile":{"background-color":"var(--ast-global-color-4)","background-image":"","background-repeat":"repeat","background-position":"center center","background-size":"auto","background-attachment":"scroll","background-type":"","background-media":"","overlay-type":"","overlay-color":"","overlay-opacity":"","overlay-gradient":""}},"footnotes":""},"categories":[167,176],"tags":[175],"class_list":["post-39935","post","type-post","status-publish","format-standard","has-post-thumbnail","hentry","category-anledninger","category-foedselsdag","tag-fodselsdag"],"yoast_head":"<!-- This site is optimized with the Yoast SEO plugin v27.4 - https:\/\/yoast.com\/product\/yoast-seo-wordpress\/ -->\n<title>18 \u00e5rs f\u00f8dselsdag | Vi har blomsterne og gaverne | Interflora<\/title>\n<meta name=\"description\" content=\"Er du inviteret til eller skal du holde 18 \u00e5rs f\u00f8dselsdag? En f\u00f8dselsdag er en festlig dag, hvor der hverken m\u00e5 mangle blomster eller gaver. L\u00e6s mere her.\" \/>\n<meta name=\"robots\" content=\"index, follow, max-snippet:-1, max-image-preview:large, max-video-preview:-1\" \/>\n<link rel=\"canonical\" href=\"https:\/\/interflora.dk\/blog\/18-aarsfoedselsdag\/\" \/>\n<meta property=\"og:locale\" content=\"da_DK\" \/>\n<meta property=\"og:type\" content=\"article\" \/>\n<meta property=\"og:title\" content=\"18 \u00e5rs f\u00f8dselsdag | Vi har blomsterne og gaverne | Interflora\" \/>\n<meta property=\"og:description\" content=\"Er du inviteret til eller skal du holde 18 \u00e5rs f\u00f8dselsdag? En f\u00f8dselsdag er en festlig dag, hvor der hverken m\u00e5 mangle blomster eller gaver. L\u00e6s mere her.\" \/>\n<meta property=\"og:url\" content=\"https:\/\/interflora.dk\/blog\/18-aarsfoedselsdag\/\" \/>\n<meta property=\"og:site_name\" content=\"Interflora\" \/>\n<meta property=\"article:publisher\" content=\"https:\/\/www.facebook.com\/InterfloraDanmark\" \/>\n<meta property=\"article:published_time\" content=\"2024-01-02T14:24:08+00:00\" \/>\n<meta property=\"og:image\" content=\"https:\/\/interflora.dk\/blog\/wp-content\/uploads\/2024\/01\/18-aarsfodselsdag-2.jpg\" \/>\n\t<meta property=\"og:image:width\" content=\"1500\" \/>\n\t<meta property=\"og:image:height\" content=\"1000\" \/>\n\t<meta property=\"og:image:type\" content=\"image\/jpeg\" \/>\n<meta name=\"author\" content=\"admin\" \/>\n<meta name=\"twitter:card\" content=\"summary_large_image\" \/>\n<meta name=\"twitter:label1\" content=\"Skrevet af\" \/>\n\t<meta name=\"twitter:data1\" content=\"admin\" \/>\n\t<meta name=\"twitter:label2\" content=\"Estimeret l\u00e6setid\" \/>\n\t<meta name=\"twitter:data2\" content=\"3 minutter\" \/>\n<script type=\"application\/ld+json\" class=\"yoast-schema-graph\">{\"@context\":\"https:\\\/\\\/schema.org\",\"@graph\":[{\"@type\":\"Article\",\"@id\":\"https:\\\/\\\/interflora.dk\\\/blog\\\/18-aarsfoedselsdag\\\/#article\",\"isPartOf\":{\"@id\":\"https:\\\/\\\/interflora.dk\\\/blog\\\/18-aarsfoedselsdag\\\/\"},\"author\":{\"name\":\"admin\",\"@id\":\"https:\\\/\\\/interflora.dk\\\/blog\\\/#\\\/schema\\\/person\\\/dbbd1ad45e05409c356dc639597669f2\"},\"headline\":\"Gaveid\u00e9er til 18-\u00e5rsf\u00f8dselsdag\",\"datePublished\":\"2024-01-02T14:24:08+00:00\",\"mainEntityOfPage\":{\"@id\":\"https:\\\/\\\/interflora.dk\\\/blog\\\/18-aarsfoedselsdag\\\/\"},\"wordCount\":476,\"commentCount\":0,\"publisher\":{\"@id\":\"https:\\\/\\\/interflora.dk\\\/blog\\\/#organization\"},\"image\":{\"@id\":\"https:\\\/\\\/interflora.dk\\\/blog\\\/18-aarsfoedselsdag\\\/#primaryimage\"},\"thumbnailUrl\":\"https:\\\/\\\/interflora.dk\\\/blog\\\/wp-content\\\/uploads\\\/2024\\\/01\\\/18-aarsfodselsdag-2.jpg\",\"keywords\":[\"F\u00f8dselsdag\"],\"articleSection\":[\"Interfloras guide til alle anledninger\",\"Vores tips og inspiration til f\u00f8dselsdage\"],\"inLanguage\":\"da-DK\",\"potentialAction\":[{\"@type\":\"CommentAction\",\"name\":\"Comment\",\"target\":[\"https:\\\/\\\/interflora.dk\\\/blog\\\/18-aarsfoedselsdag\\\/#respond\"]}]},{\"@type\":\"WebPage\",\"@id\":\"https:\\\/\\\/interflora.dk\\\/blog\\\/18-aarsfoedselsdag\\\/\",\"url\":\"https:\\\/\\\/interflora.dk\\\/blog\\\/18-aarsfoedselsdag\\\/\",\"name\":\"18 \u00e5rs f\u00f8dselsdag | Vi har blomsterne og gaverne | Interflora\",\"isPartOf\":{\"@id\":\"https:\\\/\\\/interflora.dk\\\/blog\\\/#website\"},\"primaryImageOfPage\":{\"@id\":\"https:\\\/\\\/interflora.dk\\\/blog\\\/18-aarsfoedselsdag\\\/#primaryimage\"},\"image\":{\"@id\":\"https:\\\/\\\/interflora.dk\\\/blog\\\/18-aarsfoedselsdag\\\/#primaryimage\"},\"thumbnailUrl\":\"https:\\\/\\\/interflora.dk\\\/blog\\\/wp-content\\\/uploads\\\/2024\\\/01\\\/18-aarsfodselsdag-2.jpg\",\"datePublished\":\"2024-01-02T14:24:08+00:00\",\"description\":\"Er du inviteret til eller skal du holde 18 \u00e5rs f\u00f8dselsdag? En f\u00f8dselsdag er en festlig dag, hvor der hverken m\u00e5 mangle blomster eller gaver. L\u00e6s mere her.\",\"breadcrumb\":{\"@id\":\"https:\\\/\\\/interflora.dk\\\/blog\\\/18-aarsfoedselsdag\\\/#breadcrumb\"},\"inLanguage\":\"da-DK\",\"potentialAction\":[{\"@type\":\"ReadAction\",\"target\":[\"https:\\\/\\\/interflora.dk\\\/blog\\\/18-aarsfoedselsdag\\\/\"]}]},{\"@type\":\"ImageObject\",\"inLanguage\":\"da-DK\",\"@id\":\"https:\\\/\\\/interflora.dk\\\/blog\\\/18-aarsfoedselsdag\\\/#primaryimage\",\"url\":\"https:\\\/\\\/interflora.dk\\\/blog\\\/wp-content\\\/uploads\\\/2024\\\/01\\\/18-aarsfodselsdag-2.jpg\",\"contentUrl\":\"https:\\\/\\\/interflora.dk\\\/blog\\\/wp-content\\\/uploads\\\/2024\\\/01\\\/18-aarsfodselsdag-2.jpg\",\"width\":1500,\"height\":1000,\"caption\":\"en ung kvinde med en stor buket i h\u00e5nden\"},{\"@type\":\"BreadcrumbList\",\"@id\":\"https:\\\/\\\/interflora.dk\\\/blog\\\/18-aarsfoedselsdag\\\/#breadcrumb\",\"itemListElement\":[{\"@type\":\"ListItem\",\"position\":1,\"name\":\"Home\",\"item\":\"https:\\\/\\\/interflora.dk\\\/blog\\\/\"},{\"@type\":\"ListItem\",\"position\":2,\"name\":\"Gaveid\u00e9er til 18-\u00e5rsf\u00f8dselsdag\"}]},{\"@type\":\"WebSite\",\"@id\":\"https:\\\/\\\/interflora.dk\\\/blog\\\/#website\",\"url\":\"https:\\\/\\\/interflora.dk\\\/blog\\\/\",\"name\":\"Interflora\",\"description\":\"\",\"publisher\":{\"@id\":\"https:\\\/\\\/interflora.dk\\\/blog\\\/#organization\"},\"potentialAction\":[{\"@type\":\"SearchAction\",\"target\":{\"@type\":\"EntryPoint\",\"urlTemplate\":\"https:\\\/\\\/interflora.dk\\\/blog\\\/?s={search_term_string}\"},\"query-input\":{\"@type\":\"PropertyValueSpecification\",\"valueRequired\":true,\"valueName\":\"search_term_string\"}}],\"inLanguage\":\"da-DK\"},{\"@type\":\"Organization\",\"@id\":\"https:\\\/\\\/interflora.dk\\\/blog\\\/#organization\",\"name\":\"Interflora\",\"url\":\"https:\\\/\\\/interflora.dk\\\/blog\\\/\",\"logo\":{\"@type\":\"ImageObject\",\"inLanguage\":\"da-DK\",\"@id\":\"https:\\\/\\\/interflora.dk\\\/blog\\\/#\\\/schema\\\/logo\\\/image\\\/\",\"url\":\"https:\\\/\\\/interflora.dk\\\/blog\\\/wp-content\\\/uploads\\\/2025\\\/09\\\/220422_INTERFLORA_Logo_rgb_Half_Top_Circle_Main_Color.png\",\"contentUrl\":\"https:\\\/\\\/interflora.dk\\\/blog\\\/wp-content\\\/uploads\\\/2025\\\/09\\\/220422_INTERFLORA_Logo_rgb_Half_Top_Circle_Main_Color.png\",\"width\":1418,\"height\":710,\"caption\":\"Interflora\"},\"image\":{\"@id\":\"https:\\\/\\\/interflora.dk\\\/blog\\\/#\\\/schema\\\/logo\\\/image\\\/\"},\"sameAs\":[\"https:\\\/\\\/www.facebook.com\\\/InterfloraDanmark\",\"https:\\\/\\\/www.instagram.com\\\/interfloradk\",\"https:\\\/\\\/www.linkedin.com\\\/company\\\/interfloradanmark\",\"https:\\\/\\\/www.youtube.com\\\/user\\\/InterfloraTV\"]},{\"@type\":\"Person\",\"@id\":\"https:\\\/\\\/interflora.dk\\\/blog\\\/#\\\/schema\\\/person\\\/dbbd1ad45e05409c356dc639597669f2\",\"name\":\"admin\",\"image\":{\"@type\":\"ImageObject\",\"inLanguage\":\"da-DK\",\"@id\":\"https:\\\/\\\/interflora.dk\\\/blog\\\/wp-content\\\/litespeed\\\/avatar\\\/1fe3cced9e67df62d0a6f995d75823a5.jpg?ver=1776935036\",\"url\":\"https:\\\/\\\/interflora.dk\\\/blog\\\/wp-content\\\/litespeed\\\/avatar\\\/1fe3cced9e67df62d0a6f995d75823a5.jpg?ver=1776935036\",\"contentUrl\":\"https:\\\/\\\/interflora.dk\\\/blog\\\/wp-content\\\/litespeed\\\/avatar\\\/1fe3cced9e67df62d0a6f995d75823a5.jpg?ver=1776935036\",\"caption\":\"admin\"}}]}<\/script>\n<!-- \/ Yoast SEO plugin. -->","yoast_head_json":{"title":"18 \u00e5rs f\u00f8dselsdag | Vi har blomsterne og gaverne | Interflora","description":"Er du inviteret til eller skal du holde 18 \u00e5rs f\u00f8dselsdag? En f\u00f8dselsdag er en festlig dag, hvor der hverken m\u00e5 mangle blomster eller gaver. L\u00e6s mere her.","robots":{"index":"index","follow":"follow","max-snippet":"max-snippet:-1","max-image-preview":"max-image-preview:large","max-video-preview":"max-video-preview:-1"},"canonical":"https:\/\/interflora.dk\/blog\/18-aarsfoedselsdag\/","og_locale":"da_DK","og_type":"article","og_title":"18 \u00e5rs f\u00f8dselsdag | Vi har blomsterne og gaverne | Interflora","og_description":"Er du inviteret til eller skal du holde 18 \u00e5rs f\u00f8dselsdag? En f\u00f8dselsdag er en festlig dag, hvor der hverken m\u00e5 mangle blomster eller gaver. L\u00e6s mere her.","og_url":"https:\/\/interflora.dk\/blog\/18-aarsfoedselsdag\/","og_site_name":"Interflora","article_publisher":"https:\/\/www.facebook.com\/InterfloraDanmark","article_published_time":"2024-01-02T14:24:08+00:00","og_image":[{"width":1500,"height":1000,"url":"https:\/\/interflora.dk\/blog\/wp-content\/uploads\/2024\/01\/18-aarsfodselsdag-2.jpg","type":"image\/jpeg"}],"author":"admin","twitter_card":"summary_large_image","twitter_misc":{"Skrevet af":"admin","Estimeret l\u00e6setid":"3 minutter"},"schema":{"@context":"https:\/\/schema.org","@graph":[{"@type":"Article","@id":"https:\/\/interflora.dk\/blog\/18-aarsfoedselsdag\/#article","isPartOf":{"@id":"https:\/\/interflora.dk\/blog\/18-aarsfoedselsdag\/"},"author":{"name":"admin","@id":"https:\/\/interflora.dk\/blog\/#\/schema\/person\/dbbd1ad45e05409c356dc639597669f2"},"headline":"Gaveid\u00e9er til 18-\u00e5rsf\u00f8dselsdag","datePublished":"2024-01-02T14:24:08+00:00","mainEntityOfPage":{"@id":"https:\/\/interflora.dk\/blog\/18-aarsfoedselsdag\/"},"wordCount":476,"commentCount":0,"publisher":{"@id":"https:\/\/interflora.dk\/blog\/#organization"},"image":{"@id":"https:\/\/interflora.dk\/blog\/18-aarsfoedselsdag\/#primaryimage"},"thumbnailUrl":"https:\/\/interflora.dk\/blog\/wp-content\/uploads\/2024\/01\/18-aarsfodselsdag-2.jpg","keywords":["F\u00f8dselsdag"],"articleSection":["Interfloras guide til alle anledninger","Vores tips og inspiration til f\u00f8dselsdage"],"inLanguage":"da-DK","potentialAction":[{"@type":"CommentAction","name":"Comment","target":["https:\/\/interflora.dk\/blog\/18-aarsfoedselsdag\/#respond"]}]},{"@type":"WebPage","@id":"https:\/\/interflora.dk\/blog\/18-aarsfoedselsdag\/","url":"https:\/\/interflora.dk\/blog\/18-aarsfoedselsdag\/","name":"18 \u00e5rs f\u00f8dselsdag | Vi har blomsterne og gaverne | Interflora","isPartOf":{"@id":"https:\/\/interflora.dk\/blog\/#website"},"primaryImageOfPage":{"@id":"https:\/\/interflora.dk\/blog\/18-aarsfoedselsdag\/#primaryimage"},"image":{"@id":"https:\/\/interflora.dk\/blog\/18-aarsfoedselsdag\/#primaryimage"},"thumbnailUrl":"https:\/\/interflora.dk\/blog\/wp-content\/uploads\/2024\/01\/18-aarsfodselsdag-2.jpg","datePublished":"2024-01-02T14:24:08+00:00","description":"Er du inviteret til eller skal du holde 18 \u00e5rs f\u00f8dselsdag? En f\u00f8dselsdag er en festlig dag, hvor der hverken m\u00e5 mangle blomster eller gaver. L\u00e6s mere her.","breadcrumb":{"@id":"https:\/\/interflora.dk\/blog\/18-aarsfoedselsdag\/#breadcrumb"},"inLanguage":"da-DK","potentialAction":[{"@type":"ReadAction","target":["https:\/\/interflora.dk\/blog\/18-aarsfoedselsdag\/"]}]},{"@type":"ImageObject","inLanguage":"da-DK","@id":"https:\/\/interflora.dk\/blog\/18-aarsfoedselsdag\/#primaryimage","url":"https:\/\/interflora.dk\/blog\/wp-content\/uploads\/2024\/01\/18-aarsfodselsdag-2.jpg","contentUrl":"https:\/\/interflora.dk\/blog\/wp-content\/uploads\/2024\/01\/18-aarsfodselsdag-2.jpg","width":1500,"height":1000,"caption":"en ung kvinde med en stor buket i h\u00e5nden"},{"@type":"BreadcrumbList","@id":"https:\/\/interflora.dk\/blog\/18-aarsfoedselsdag\/#breadcrumb","itemListElement":[{"@type":"ListItem","position":1,"name":"Home","item":"https:\/\/interflora.dk\/blog\/"},{"@type":"ListItem","position":2,"name":"Gaveid\u00e9er til 18-\u00e5rsf\u00f8dselsdag"}]},{"@type":"WebSite","@id":"https:\/\/interflora.dk\/blog\/#website","url":"https:\/\/interflora.dk\/blog\/","name":"Interflora","description":"","publisher":{"@id":"https:\/\/interflora.dk\/blog\/#organization"},"potentialAction":[{"@type":"SearchAction","target":{"@type":"EntryPoint","urlTemplate":"https:\/\/interflora.dk\/blog\/?s={search_term_string}"},"query-input":{"@type":"PropertyValueSpecification","valueRequired":true,"valueName":"search_term_string"}}],"inLanguage":"da-DK"},{"@type":"Organization","@id":"https:\/\/interflora.dk\/blog\/#organization","name":"Interflora","url":"https:\/\/interflora.dk\/blog\/","logo":{"@type":"ImageObject","inLanguage":"da-DK","@id":"https:\/\/interflora.dk\/blog\/#\/schema\/logo\/image\/","url":"https:\/\/interflora.dk\/blog\/wp-content\/uploads\/2025\/09\/220422_INTERFLORA_Logo_rgb_Half_Top_Circle_Main_Color.png","contentUrl":"https:\/\/interflora.dk\/blog\/wp-content\/uploads\/2025\/09\/220422_INTERFLORA_Logo_rgb_Half_Top_Circle_Main_Color.png","width":1418,"height":710,"caption":"Interflora"},"image":{"@id":"https:\/\/interflora.dk\/blog\/#\/schema\/logo\/image\/"},"sameAs":["https:\/\/www.facebook.com\/InterfloraDanmark","https:\/\/www.instagram.com\/interfloradk","https:\/\/www.linkedin.com\/company\/interfloradanmark","https:\/\/www.youtube.com\/user\/InterfloraTV"]},{"@type":"Person","@id":"https:\/\/interflora.dk\/blog\/#\/schema\/person\/dbbd1ad45e05409c356dc639597669f2","name":"admin","image":{"@type":"ImageObject","inLanguage":"da-DK","@id":"https:\/\/interflora.dk\/blog\/wp-content\/litespeed\/avatar\/1fe3cced9e67df62d0a6f995d75823a5.jpg?ver=1776935036","url":"https:\/\/interflora.dk\/blog\/wp-content\/litespeed\/avatar\/1fe3cced9e67df62d0a6f995d75823a5.jpg?ver=1776935036","contentUrl":"https:\/\/interflora.dk\/blog\/wp-content\/litespeed\/avatar\/1fe3cced9e67df62d0a6f995d75823a5.jpg?ver=1776935036","caption":"admin"}}]}},"uagb_featured_image_src":{"full":["https:\/\/interflora.dk\/blog\/wp-content\/uploads\/2024\/01\/18-aarsfodselsdag-2.jpg",1500,1000,false],"thumbnail":["https:\/\/interflora.dk\/blog\/wp-content\/uploads\/2024\/01\/18-aarsfodselsdag-2-150x150.jpg",150,150,true],"medium":["https:\/\/interflora.dk\/blog\/wp-content\/uploads\/2024\/01\/18-aarsfodselsdag-2-300x200.jpg",300,200,true],"medium_large":["https:\/\/interflora.dk\/blog\/wp-content\/uploads\/2024\/01\/18-aarsfodselsdag-2-768x512.jpg",768,512,true],"large":["https:\/\/interflora.dk\/blog\/wp-content\/uploads\/2024\/01\/18-aarsfodselsdag-2-1024x683.jpg",1024,683,true],"1536x1536":["https:\/\/interflora.dk\/blog\/wp-content\/uploads\/2024\/01\/18-aarsfodselsdag-2.jpg",1500,1000,false],"2048x2048":["https:\/\/interflora.dk\/blog\/wp-content\/uploads\/2024\/01\/18-aarsfodselsdag-2.jpg",1500,1000,false]},"uagb_author_info":{"display_name":"admin","author_link":"https:\/\/interflora.dk\/blog\/author\/admin\/"},"uagb_comment_info":0,"uagb_excerpt":"P\u00e5 en 18-\u00e5rsf\u00f8dselsdag fejrer man barndommens afslutning og begyndelsen&nbsp;til voksenlivet som myndig. Det er en festlig dag for b\u00e5de f\u00f8dselar [&hellip;]","_links":{"self":[{"href":"https:\/\/interflora.dk\/blog\/wp-json\/wp\/v2\/posts\/39935","targetHints":{"allow":["GET"]}}],"collection":[{"href":"https:\/\/interflora.dk\/blog\/wp-json\/wp\/v2\/posts"}],"about":[{"href":"https:\/\/interflora.dk\/blog\/wp-json\/wp\/v2\/types\/post"}],"author":[{"embeddable":true,"href":"https:\/\/interflora.dk\/blog\/wp-json\/wp\/v2\/users\/1"}],"replies":[{"embeddable":true,"href":"https:\/\/interflora.dk\/blog\/wp-json\/wp\/v2\/comments?post=39935"}],"version-history":[{"count":0,"href":"https:\/\/interflora.dk\/blog\/wp-json\/wp\/v2\/posts\/39935\/revisions"}],"wp:featuredmedia":[{"embeddable":true,"href":"https:\/\/interflora.dk\/blog\/wp-json\/wp\/v2\/media\/39939"}],"wp:attachment":[{"href":"https:\/\/interflora.dk\/blog\/wp-json\/wp\/v2\/media?parent=39935"}],"wp:term":[{"taxonomy":"category","embeddable":true,"href":"https:\/\/interflora.dk\/blog\/wp-json\/wp\/v2\/categories?post=39935"},{"taxonomy":"post_tag","embeddable":true,"href":"https:\/\/interflora.dk\/blog\/wp-json\/wp\/v2\/tags?post=39935"}],"curies":[{"name":"wp","href":"https:\/\/api.w.org\/{rel}","templated":true}]}}