{"id":39945,"date":"2024-01-05T15:20:24","date_gmt":"2024-01-05T14:20:24","guid":{"rendered":"https:\/\/interflora.dk\/blog\/?p=39945"},"modified":"2024-01-05T15:20:24","modified_gmt":"2024-01-05T14:20:24","slug":"30-aars-foedselsdag","status":"publish","type":"post","link":"https:\/\/interflora.dk\/blog\/30-aars-foedselsdag\/","title":{"rendered":"Gaveid\u00e9er til 30-\u00e5rsf\u00f8dselsdag"},"content":{"rendered":"\n<p>Fylder du 30, og skal du til at planl\u00e6gge en 30-\u00e5rs f\u00f8dselsdag? Denne runde f\u00f8dselsdag er en&nbsp;oplagt lejlighed til at holde et brag af en fest, hvor du inviterer venner, familie, studiekammerater og kollegaer forbi til at markere dagen. Hvis du sidder med frygten for at glemme noget, s\u00e5 fortvivl ej!&nbsp;P\u00e5 denne side giver vi dig gode r\u00e5d og inspiration, n\u00e5r du skal&nbsp;planl\u00e6gge din 30-\u00e5rsf\u00f8dselsdag.<\/p>\n\n\n\n<h2 class=\"wp-block-heading alignwide has-text-align-center\">Planl\u00e6gning<\/h2>\n\n\n\n<p>Det f\u00f8rste, du m\u00e5 sp\u00f8rge dig&nbsp;selv om, n\u00e5r du skal til at planl\u00e6gge en 30-\u00e5rsf\u00f8dselsdag, er, hvilken slags fest du \u00f8nsker. Er du&nbsp;mest til de sm\u00e5, hyggelige rammer, kan du for eksempel v\u00e6lge at fejre dagen&nbsp;med den n\u00e6rmeste familie og de n\u00e6rmeste venner. Eller har du mere lyst til&nbsp;at give den hele armen med alt, hvad den kan tr\u00e6kke, og hvor&nbsp;gud og hver mand f\u00e5r en invitation, er det en anden slags fest, du skal planl\u00e6gge.<\/p>\n\n\n\n<p>Uanset hvordan du vil fejre de 30 \u00e5r, er det en god ide at g\u00e5 i gang med forberedelserne i god tid. Nedenfor f\u00e5r du&nbsp;en tjekliste med de ting, du med fordel kan overveje.<\/p>\n\n\n\n<figure class=\"wp-block-image aligncenter size-full is-resized\"><img decoding=\"async\" src=\"https:\/\/interflora.dk\/blog\/wp-content\/uploads\/30-aarsfoedselsdag-3.jpg\" alt=\"en person, der organiserer en begivenhed\" class=\"wp-image-40339\" style=\"width:700px\"\/><\/figure>\n\n\n\n<div style=\"height:20px\" aria-hidden=\"true\" class=\"wp-block-spacer\"><\/div>\n\n\n\n<h3 class=\"wp-block-heading alignwide has-text-align-center\">Valg af lokale<\/h3>\n\n\n\n<p>Valget af lokale afh\u00e6nger af, hvor mange mennesker, du har t\u00e6nkt dig at invitere til festen. Hvis ikke du har et stort hus, skal du h\u00f8jst sandsynligt ud og leje et lokale til festen. Ud over lokalets st\u00f8rrelse er det en god ide at overveje lokalets beliggenhed:&nbsp;er der udsigt, udend\u00f8rs arealer, tagterrasse eller lignende, er det en fordel, men s\u00e5 koster det som regel ogs\u00e5 lidt mere.<\/p>\n\n\n\n<h2 class=\"wp-block-heading alignwide has-text-align-center\">Bestil mad til din 30 \u00e5rs f\u00f8dselsdag<\/h2>\n\n\n\n<p>N\u00e5r du ved, hvor mange g\u00e6ster, der kommer til din 30 \u00e5rs f\u00f8dselsdag, skal der bestilles mad. Hvis du v\u00e6lger at holde festen p\u00e5 en kro eller en restaurant, kan du betale dig fra madlavningen.<\/p>\n\n\n\n<p>Hvis du derimod holder festen derhjemme eller lejer et festlokale, har du behov for enten at bestille mad udefra eller at lave den selv. Der findes et hav af gode catering-virksomheder, og mange af dem leverer rigtig l\u00e6kker mad til rimelige penge.<\/p>\n\n\n\n<p>Overvej for eksempel at bestille en buffet. P\u00e5 denne m\u00e5de kan g\u00e6sterne selv v\u00e6lge netop det, de bedst kan lide, og du undg\u00e5r at skulle bruge penge og energi p\u00e5 at f\u00e5 maden serveret.<\/p>\n\n\n\n<h3 class=\"wp-block-heading alignwide has-text-align-center\">Drikkevarer<\/h3>\n\n\n\n<p>Lige meget, om du holder din 30-\u00e5rsf\u00f8dselsdag i intime eller pomp\u00f8se rammer, s\u00e5 m\u00e5 der ikke mangle drikkevarer til festen. Hos nogle catering-virksomheder kan du bestille b\u00e5de mad og drikkevarer \u00e9t sted. Hvis du gerne vil holde omkostningerne nede, kan du ogs\u00e5 overveje at tage et smut syd for gr\u00e6nsen og fylde bilen op.<\/p>\n\n\n\n<h3 class=\"wp-block-heading alignwide has-text-align-center\">Husk bordplanen<\/h3>\n\n\n\n<p>I de fleste tilf\u00e6lde giver det god mening at lave en&nbsp;bordplan. P\u00e5 den&nbsp;m\u00e5de er du&nbsp;sikker p\u00e5, at alle g\u00e6ster har en plads til festen \u2013 b\u00e5de i bogstavelig og overf\u00f8rt betydning. Start i god tid, da en bordplan som regel skal revideres et par gange.&nbsp;<\/p>\n\n\n\n<h3 class=\"wp-block-heading alignwide has-text-align-center\">Musik og dansegulv<\/h3>\n\n\n\n<p>Ingen fest uden musik! Musikken er festens rygrad. Hvis du har budget til det, kan du overveje at hyre en live-musiker, en duo eller et band. Levende musik g\u00f8r altid en forskel til en fest. Alternativt kan du med fordel lave nogle gode blandede playlists p\u00e5 din computer, som s\u00e5 kan afspilles til festen. &nbsp;Hvis du skal booke levende musik til din fest, skal du v\u00e6re&nbsp;ude i god tid, s\u00e5 alle de gode musikere ikke er booket p\u00e5 dagen.<\/p>\n\n\n\n<h3 class=\"wp-block-heading alignwide has-text-align-center\">Plan for aftenens forl\u00f8b<\/h3>\n\n\n\n<p>N\u00e5r alle detaljer for festen p\u00e5 din 30-\u00e5rsf\u00f8dselsdag er p\u00e5 plads, kan det v\u00e6re en god ide at lave en plan for aftenen og sende den ud til&nbsp;g\u00e6sterne. Som g\u00e6st er det rart at vide, hvad der overordnet er planlagt, og hvad der kommer til at ske.<\/p>\n\n\n\n<p>Du kan derudover overveje at love en overraskelse sent p\u00e5 aftenen, s\u00e5 du giver dine g\u00e6ster en lille gulerod, s\u00e5 de&nbsp;ikke er&nbsp;kedelige og smutter tidligt hjem.<\/p>\n\n\n\n<h2 class=\"wp-block-heading alignwide has-text-align-center\">Pynt og blomster<\/h2>\n\n\n\n<figure class=\"wp-block-image aligncenter size-large\"><img decoding=\"async\" src=\"https:\/\/interflora.dk\/blog\/wp-content\/uploads\/30-aarsfoedselsdag-1-1024x573.jpg\" alt=\"Borddekorationer med blomster og vintage\" class=\"wp-image-40342\"\/><\/figure>\n\n\n\n<div style=\"height:20px\" aria-hidden=\"true\" class=\"wp-block-spacer\"><\/div>\n\n\n\n<p>N\u00e5r planl\u00e6gningen af f\u00f8dselsdagen&nbsp;er p\u00e5 plads, og du har fundet det rette lokale, er det p\u00e5 tide at pynte op. For et festlokale bliver f\u00f8rst rigtig festligt med en flot dekoration. Hvis du \u00f8nsker at g\u00f8re dekorationen af lokalerne flot, indbydende og stilfuld, er det med at huske blomsterne.<\/p>\n\n\n\n<p>Blomsterne er med til at g\u00f8re de fysiske rammer omkring arrangementet&nbsp;perfekte, og de g\u00f8r sig godt b\u00e5de som borddekoration og som dekoration i de \u00f8vrige lokaler som for eksempel bad og entre. Du er velkommen til at samle inspiration i vores store udbud af flotte blomster og buketter.<\/p>\n\n\n\n<p>Hvis du har husket punkterne ovenfor, kan du i hvert fald v\u00e6re sikker p\u00e5, at du har gjort dit for at skabe de perfekte rammer for en god fest. Hvad end du planl\u00e6gger en lille og intim eller en stor og pomp\u00f8s 30 \u00e5rs f\u00f8dselsdag, s\u00e5 \u00f8nsker vi dig en god dag og held og lykke med planl\u00e6gningen.<\/p>\n\n\n\n<p>Husk ogs\u00e5 de andre vigtige f\u00f8dselsdage, hvor du\u00a0<a href=\"\/blog\/sig-tillykke\/\" target=\"_blank\" rel=\"noreferrer noopener\">b\u00f8r sige tillykke<\/a>\u00a0&#8211; skal du snart til en\u00a0<a href=\"\/blog\/18-aarsfoedselsdag\/\" target=\"_blank\" rel=\"noreferrer noopener\">18 \u00e5rs f\u00f8dselsdag<\/a>,\u00a0<a href=\"\/blog\/40-aars-foedselsdag\/\" target=\"_blank\" rel=\"noreferrer noopener\">40 \u00e5rs f\u00f8dselsdag<\/a>,<a href=\"\/blog\/50-aars-foedselsdag\/\" target=\"_blank\" rel=\"noreferrer noopener\">\u00a050 \u00e5rs<\/a>\u00a0eller\u00a0<strong><a href=\"\/blog\/60-aarsfoedselsdag\/\" target=\"_blank\" rel=\"noreferrer noopener\">60 \u00e5rs f\u00f8dselsdag<\/a><\/strong>\u00a0&#8211; se vores udvalg\u00a0<a href=\"\/produkter\/anledninger\/fodselsdag\" target=\"_blank\" rel=\"noreferrer noopener\">af f\u00f8dselsdagsgaver<\/a>.<\/p>\n","protected":false},"excerpt":{"rendered":"<p>Fylder du 30, og skal du til at planl\u00e6gge en 30-\u00e5rs f\u00f8dselsdag? Denne runde f\u00f8dselsdag er en&nbsp;oplagt lejlighed til at [&hellip;]<\/p>\n","protected":false},"author":1,"featured_media":40338,"comment_status":"open","ping_status":"open","sticky":false,"template":"","format":"standard","meta":{"_uag_custom_page_level_css":"","site-sidebar-layout":"default","site-content-layout":"","ast-site-content-layout":"default","site-content-style":"default","site-sidebar-style":"default","ast-global-header-display":"","ast-banner-title-visibility":"","ast-main-header-display":"","ast-hfb-above-header-display":"","ast-hfb-below-header-display":"","ast-hfb-mobile-header-display":"","site-post-title":"","ast-breadcrumbs-content":"","ast-featured-img":"","footer-sml-layout":"","ast-disable-related-posts":"","theme-transparent-header-meta":"","adv-header-id-meta":"","stick-header-meta":"","header-above-stick-meta":"","header-main-stick-meta":"","header-below-stick-meta":"","astra-migrate-meta-layouts":"set","ast-page-background-enabled":"default","ast-page-background-meta":{"desktop":{"background-color":"var(--ast-global-color-5)","background-image":"","background-repeat":"repeat","background-position":"center center","background-size":"auto","background-attachment":"scroll","background-type":"","background-media":"","overlay-type":"","overlay-color":"","overlay-opacity":"","overlay-gradient":""},"tablet":{"background-color":"","background-image":"","background-repeat":"repeat","background-position":"center center","background-size":"auto","background-attachment":"scroll","background-type":"","background-media":"","overlay-type":"","overlay-color":"","overlay-opacity":"","overlay-gradient":""},"mobile":{"background-color":"","background-image":"","background-repeat":"repeat","background-position":"center center","background-size":"auto","background-attachment":"scroll","background-type":"","background-media":"","overlay-type":"","overlay-color":"","overlay-opacity":"","overlay-gradient":""}},"ast-content-background-meta":{"desktop":{"background-color":"var(--ast-global-color-4)","background-image":"","background-repeat":"repeat","background-position":"center center","background-size":"auto","background-attachment":"scroll","background-type":"","background-media":"","overlay-type":"","overlay-color":"","overlay-opacity":"","overlay-gradient":""},"tablet":{"background-color":"var(--ast-global-color-4)","background-image":"","background-repeat":"repeat","background-position":"center center","background-size":"auto","background-attachment":"scroll","background-type":"","background-media":"","overlay-type":"","overlay-color":"","overlay-opacity":"","overlay-gradient":""},"mobile":{"background-color":"var(--ast-global-color-4)","background-image":"","background-repeat":"repeat","background-position":"center center","background-size":"auto","background-attachment":"scroll","background-type":"","background-media":"","overlay-type":"","overlay-color":"","overlay-opacity":"","overlay-gradient":""}},"footnotes":""},"categories":[167,176],"tags":[175],"class_list":["post-39945","post","type-post","status-publish","format-standard","has-post-thumbnail","hentry","category-anledninger","category-foedselsdag","tag-fodselsdag"],"yoast_head":"<!-- This site is optimized with the Yoast SEO plugin v27.4 - https:\/\/yoast.com\/product\/yoast-seo-wordpress\/ -->\n<title>30-\u00e5rs f\u00f8dselsdag | Planl\u00e6g din fest med Interfloras guide<\/title>\n<meta name=\"description\" content=\"Der kan v\u00e6re meget at huske, n\u00e5r man planl\u00e6gger 30-\u00e5rs f\u00f8dselsdag. Med Interfloras guide er du sikker p\u00e5, at du husker alt. L\u00e6s mere her.\" \/>\n<meta name=\"robots\" content=\"index, follow, max-snippet:-1, max-image-preview:large, max-video-preview:-1\" \/>\n<link rel=\"canonical\" href=\"https:\/\/interflora.dk\/blog\/30-aars-foedselsdag\/\" \/>\n<meta property=\"og:locale\" content=\"da_DK\" \/>\n<meta property=\"og:type\" content=\"article\" \/>\n<meta property=\"og:title\" content=\"30-\u00e5rs f\u00f8dselsdag | Planl\u00e6g din fest med Interfloras guide\" \/>\n<meta property=\"og:description\" content=\"Der kan v\u00e6re meget at huske, n\u00e5r man planl\u00e6gger 30-\u00e5rs f\u00f8dselsdag. Med Interfloras guide er du sikker p\u00e5, at du husker alt. L\u00e6s mere her.\" \/>\n<meta property=\"og:url\" content=\"https:\/\/interflora.dk\/blog\/30-aars-foedselsdag\/\" \/>\n<meta property=\"og:site_name\" content=\"Interflora\" \/>\n<meta property=\"article:publisher\" content=\"https:\/\/www.facebook.com\/InterfloraDanmark\" \/>\n<meta property=\"article:published_time\" content=\"2024-01-05T14:20:24+00:00\" \/>\n<meta property=\"og:image\" content=\"https:\/\/interflora.dk\/blog\/wp-content\/uploads\/2024\/01\/30-aarsfoedselsdag-2-1.jpg\" \/>\n\t<meta property=\"og:image:width\" content=\"1000\" \/>\n\t<meta property=\"og:image:height\" content=\"666\" \/>\n\t<meta property=\"og:image:type\" content=\"image\/jpeg\" \/>\n<meta name=\"author\" content=\"admin\" \/>\n<meta name=\"twitter:card\" content=\"summary_large_image\" \/>\n<meta name=\"twitter:label1\" content=\"Skrevet af\" \/>\n\t<meta name=\"twitter:data1\" content=\"admin\" \/>\n\t<meta name=\"twitter:label2\" content=\"Estimeret l\u00e6setid\" \/>\n\t<meta name=\"twitter:data2\" content=\"5 minutter\" \/>\n<script type=\"application\/ld+json\" class=\"yoast-schema-graph\">{\"@context\":\"https:\\\/\\\/schema.org\",\"@graph\":[{\"@type\":\"Article\",\"@id\":\"https:\\\/\\\/interflora.dk\\\/blog\\\/30-aars-foedselsdag\\\/#article\",\"isPartOf\":{\"@id\":\"https:\\\/\\\/interflora.dk\\\/blog\\\/30-aars-foedselsdag\\\/\"},\"author\":{\"name\":\"admin\",\"@id\":\"https:\\\/\\\/interflora.dk\\\/blog\\\/#\\\/schema\\\/person\\\/dbbd1ad45e05409c356dc639597669f2\"},\"headline\":\"Gaveid\u00e9er til 30-\u00e5rsf\u00f8dselsdag\",\"datePublished\":\"2024-01-05T14:20:24+00:00\",\"mainEntityOfPage\":{\"@id\":\"https:\\\/\\\/interflora.dk\\\/blog\\\/30-aars-foedselsdag\\\/\"},\"wordCount\":931,\"commentCount\":0,\"publisher\":{\"@id\":\"https:\\\/\\\/interflora.dk\\\/blog\\\/#organization\"},\"image\":{\"@id\":\"https:\\\/\\\/interflora.dk\\\/blog\\\/30-aars-foedselsdag\\\/#primaryimage\"},\"thumbnailUrl\":\"https:\\\/\\\/interflora.dk\\\/blog\\\/wp-content\\\/uploads\\\/2024\\\/01\\\/30-aarsfoedselsdag-2-1.jpg\",\"keywords\":[\"F\u00f8dselsdag\"],\"articleSection\":[\"Interfloras guide til alle anledninger\",\"Vores tips og inspiration til f\u00f8dselsdage\"],\"inLanguage\":\"da-DK\",\"potentialAction\":[{\"@type\":\"CommentAction\",\"name\":\"Comment\",\"target\":[\"https:\\\/\\\/interflora.dk\\\/blog\\\/30-aars-foedselsdag\\\/#respond\"]}]},{\"@type\":\"WebPage\",\"@id\":\"https:\\\/\\\/interflora.dk\\\/blog\\\/30-aars-foedselsdag\\\/\",\"url\":\"https:\\\/\\\/interflora.dk\\\/blog\\\/30-aars-foedselsdag\\\/\",\"name\":\"30-\u00e5rs f\u00f8dselsdag | Planl\u00e6g din fest med Interfloras guide\",\"isPartOf\":{\"@id\":\"https:\\\/\\\/interflora.dk\\\/blog\\\/#website\"},\"primaryImageOfPage\":{\"@id\":\"https:\\\/\\\/interflora.dk\\\/blog\\\/30-aars-foedselsdag\\\/#primaryimage\"},\"image\":{\"@id\":\"https:\\\/\\\/interflora.dk\\\/blog\\\/30-aars-foedselsdag\\\/#primaryimage\"},\"thumbnailUrl\":\"https:\\\/\\\/interflora.dk\\\/blog\\\/wp-content\\\/uploads\\\/2024\\\/01\\\/30-aarsfoedselsdag-2-1.jpg\",\"datePublished\":\"2024-01-05T14:20:24+00:00\",\"description\":\"Der kan v\u00e6re meget at huske, n\u00e5r man planl\u00e6gger 30-\u00e5rs f\u00f8dselsdag. Med Interfloras guide er du sikker p\u00e5, at du husker alt. L\u00e6s mere her.\",\"breadcrumb\":{\"@id\":\"https:\\\/\\\/interflora.dk\\\/blog\\\/30-aars-foedselsdag\\\/#breadcrumb\"},\"inLanguage\":\"da-DK\",\"potentialAction\":[{\"@type\":\"ReadAction\",\"target\":[\"https:\\\/\\\/interflora.dk\\\/blog\\\/30-aars-foedselsdag\\\/\"]}]},{\"@type\":\"ImageObject\",\"inLanguage\":\"da-DK\",\"@id\":\"https:\\\/\\\/interflora.dk\\\/blog\\\/30-aars-foedselsdag\\\/#primaryimage\",\"url\":\"https:\\\/\\\/interflora.dk\\\/blog\\\/wp-content\\\/uploads\\\/2024\\\/01\\\/30-aarsfoedselsdag-2-1.jpg\",\"contentUrl\":\"https:\\\/\\\/interflora.dk\\\/blog\\\/wp-content\\\/uploads\\\/2024\\\/01\\\/30-aarsfoedselsdag-2-1.jpg\",\"width\":1000,\"height\":666,\"caption\":\"En gruppe venner fejrer en f\u00f8dselsdag\"},{\"@type\":\"BreadcrumbList\",\"@id\":\"https:\\\/\\\/interflora.dk\\\/blog\\\/30-aars-foedselsdag\\\/#breadcrumb\",\"itemListElement\":[{\"@type\":\"ListItem\",\"position\":1,\"name\":\"Home\",\"item\":\"https:\\\/\\\/interflora.dk\\\/blog\\\/\"},{\"@type\":\"ListItem\",\"position\":2,\"name\":\"Gaveid\u00e9er til 30-\u00e5rsf\u00f8dselsdag\"}]},{\"@type\":\"WebSite\",\"@id\":\"https:\\\/\\\/interflora.dk\\\/blog\\\/#website\",\"url\":\"https:\\\/\\\/interflora.dk\\\/blog\\\/\",\"name\":\"Interflora\",\"description\":\"\",\"publisher\":{\"@id\":\"https:\\\/\\\/interflora.dk\\\/blog\\\/#organization\"},\"potentialAction\":[{\"@type\":\"SearchAction\",\"target\":{\"@type\":\"EntryPoint\",\"urlTemplate\":\"https:\\\/\\\/interflora.dk\\\/blog\\\/?s={search_term_string}\"},\"query-input\":{\"@type\":\"PropertyValueSpecification\",\"valueRequired\":true,\"valueName\":\"search_term_string\"}}],\"inLanguage\":\"da-DK\"},{\"@type\":\"Organization\",\"@id\":\"https:\\\/\\\/interflora.dk\\\/blog\\\/#organization\",\"name\":\"Interflora\",\"url\":\"https:\\\/\\\/interflora.dk\\\/blog\\\/\",\"logo\":{\"@type\":\"ImageObject\",\"inLanguage\":\"da-DK\",\"@id\":\"https:\\\/\\\/interflora.dk\\\/blog\\\/#\\\/schema\\\/logo\\\/image\\\/\",\"url\":\"https:\\\/\\\/interflora.dk\\\/blog\\\/wp-content\\\/uploads\\\/2025\\\/09\\\/220422_INTERFLORA_Logo_rgb_Half_Top_Circle_Main_Color.png\",\"contentUrl\":\"https:\\\/\\\/interflora.dk\\\/blog\\\/wp-content\\\/uploads\\\/2025\\\/09\\\/220422_INTERFLORA_Logo_rgb_Half_Top_Circle_Main_Color.png\",\"width\":1418,\"height\":710,\"caption\":\"Interflora\"},\"image\":{\"@id\":\"https:\\\/\\\/interflora.dk\\\/blog\\\/#\\\/schema\\\/logo\\\/image\\\/\"},\"sameAs\":[\"https:\\\/\\\/www.facebook.com\\\/InterfloraDanmark\",\"https:\\\/\\\/www.instagram.com\\\/interfloradk\",\"https:\\\/\\\/www.linkedin.com\\\/company\\\/interfloradanmark\",\"https:\\\/\\\/www.youtube.com\\\/user\\\/InterfloraTV\"]},{\"@type\":\"Person\",\"@id\":\"https:\\\/\\\/interflora.dk\\\/blog\\\/#\\\/schema\\\/person\\\/dbbd1ad45e05409c356dc639597669f2\",\"name\":\"admin\",\"image\":{\"@type\":\"ImageObject\",\"inLanguage\":\"da-DK\",\"@id\":\"https:\\\/\\\/interflora.dk\\\/blog\\\/wp-content\\\/litespeed\\\/avatar\\\/1fe3cced9e67df62d0a6f995d75823a5.jpg?ver=1777539892\",\"url\":\"https:\\\/\\\/interflora.dk\\\/blog\\\/wp-content\\\/litespeed\\\/avatar\\\/1fe3cced9e67df62d0a6f995d75823a5.jpg?ver=1777539892\",\"contentUrl\":\"https:\\\/\\\/interflora.dk\\\/blog\\\/wp-content\\\/litespeed\\\/avatar\\\/1fe3cced9e67df62d0a6f995d75823a5.jpg?ver=1777539892\",\"caption\":\"admin\"}}]}<\/script>\n<!-- \/ Yoast SEO plugin. -->","yoast_head_json":{"title":"30-\u00e5rs f\u00f8dselsdag | Planl\u00e6g din fest med Interfloras guide","description":"Der kan v\u00e6re meget at huske, n\u00e5r man planl\u00e6gger 30-\u00e5rs f\u00f8dselsdag. Med Interfloras guide er du sikker p\u00e5, at du husker alt. L\u00e6s mere her.","robots":{"index":"index","follow":"follow","max-snippet":"max-snippet:-1","max-image-preview":"max-image-preview:large","max-video-preview":"max-video-preview:-1"},"canonical":"https:\/\/interflora.dk\/blog\/30-aars-foedselsdag\/","og_locale":"da_DK","og_type":"article","og_title":"30-\u00e5rs f\u00f8dselsdag | Planl\u00e6g din fest med Interfloras guide","og_description":"Der kan v\u00e6re meget at huske, n\u00e5r man planl\u00e6gger 30-\u00e5rs f\u00f8dselsdag. Med Interfloras guide er du sikker p\u00e5, at du husker alt. L\u00e6s mere her.","og_url":"https:\/\/interflora.dk\/blog\/30-aars-foedselsdag\/","og_site_name":"Interflora","article_publisher":"https:\/\/www.facebook.com\/InterfloraDanmark","article_published_time":"2024-01-05T14:20:24+00:00","og_image":[{"width":1000,"height":666,"url":"https:\/\/interflora.dk\/blog\/wp-content\/uploads\/2024\/01\/30-aarsfoedselsdag-2-1.jpg","type":"image\/jpeg"}],"author":"admin","twitter_card":"summary_large_image","twitter_misc":{"Skrevet af":"admin","Estimeret l\u00e6setid":"5 minutter"},"schema":{"@context":"https:\/\/schema.org","@graph":[{"@type":"Article","@id":"https:\/\/interflora.dk\/blog\/30-aars-foedselsdag\/#article","isPartOf":{"@id":"https:\/\/interflora.dk\/blog\/30-aars-foedselsdag\/"},"author":{"name":"admin","@id":"https:\/\/interflora.dk\/blog\/#\/schema\/person\/dbbd1ad45e05409c356dc639597669f2"},"headline":"Gaveid\u00e9er til 30-\u00e5rsf\u00f8dselsdag","datePublished":"2024-01-05T14:20:24+00:00","mainEntityOfPage":{"@id":"https:\/\/interflora.dk\/blog\/30-aars-foedselsdag\/"},"wordCount":931,"commentCount":0,"publisher":{"@id":"https:\/\/interflora.dk\/blog\/#organization"},"image":{"@id":"https:\/\/interflora.dk\/blog\/30-aars-foedselsdag\/#primaryimage"},"thumbnailUrl":"https:\/\/interflora.dk\/blog\/wp-content\/uploads\/2024\/01\/30-aarsfoedselsdag-2-1.jpg","keywords":["F\u00f8dselsdag"],"articleSection":["Interfloras guide til alle anledninger","Vores tips og inspiration til f\u00f8dselsdage"],"inLanguage":"da-DK","potentialAction":[{"@type":"CommentAction","name":"Comment","target":["https:\/\/interflora.dk\/blog\/30-aars-foedselsdag\/#respond"]}]},{"@type":"WebPage","@id":"https:\/\/interflora.dk\/blog\/30-aars-foedselsdag\/","url":"https:\/\/interflora.dk\/blog\/30-aars-foedselsdag\/","name":"30-\u00e5rs f\u00f8dselsdag | Planl\u00e6g din fest med Interfloras guide","isPartOf":{"@id":"https:\/\/interflora.dk\/blog\/#website"},"primaryImageOfPage":{"@id":"https:\/\/interflora.dk\/blog\/30-aars-foedselsdag\/#primaryimage"},"image":{"@id":"https:\/\/interflora.dk\/blog\/30-aars-foedselsdag\/#primaryimage"},"thumbnailUrl":"https:\/\/interflora.dk\/blog\/wp-content\/uploads\/2024\/01\/30-aarsfoedselsdag-2-1.jpg","datePublished":"2024-01-05T14:20:24+00:00","description":"Der kan v\u00e6re meget at huske, n\u00e5r man planl\u00e6gger 30-\u00e5rs f\u00f8dselsdag. Med Interfloras guide er du sikker p\u00e5, at du husker alt. L\u00e6s mere her.","breadcrumb":{"@id":"https:\/\/interflora.dk\/blog\/30-aars-foedselsdag\/#breadcrumb"},"inLanguage":"da-DK","potentialAction":[{"@type":"ReadAction","target":["https:\/\/interflora.dk\/blog\/30-aars-foedselsdag\/"]}]},{"@type":"ImageObject","inLanguage":"da-DK","@id":"https:\/\/interflora.dk\/blog\/30-aars-foedselsdag\/#primaryimage","url":"https:\/\/interflora.dk\/blog\/wp-content\/uploads\/2024\/01\/30-aarsfoedselsdag-2-1.jpg","contentUrl":"https:\/\/interflora.dk\/blog\/wp-content\/uploads\/2024\/01\/30-aarsfoedselsdag-2-1.jpg","width":1000,"height":666,"caption":"En gruppe venner fejrer en f\u00f8dselsdag"},{"@type":"BreadcrumbList","@id":"https:\/\/interflora.dk\/blog\/30-aars-foedselsdag\/#breadcrumb","itemListElement":[{"@type":"ListItem","position":1,"name":"Home","item":"https:\/\/interflora.dk\/blog\/"},{"@type":"ListItem","position":2,"name":"Gaveid\u00e9er til 30-\u00e5rsf\u00f8dselsdag"}]},{"@type":"WebSite","@id":"https:\/\/interflora.dk\/blog\/#website","url":"https:\/\/interflora.dk\/blog\/","name":"Interflora","description":"","publisher":{"@id":"https:\/\/interflora.dk\/blog\/#organization"},"potentialAction":[{"@type":"SearchAction","target":{"@type":"EntryPoint","urlTemplate":"https:\/\/interflora.dk\/blog\/?s={search_term_string}"},"query-input":{"@type":"PropertyValueSpecification","valueRequired":true,"valueName":"search_term_string"}}],"inLanguage":"da-DK"},{"@type":"Organization","@id":"https:\/\/interflora.dk\/blog\/#organization","name":"Interflora","url":"https:\/\/interflora.dk\/blog\/","logo":{"@type":"ImageObject","inLanguage":"da-DK","@id":"https:\/\/interflora.dk\/blog\/#\/schema\/logo\/image\/","url":"https:\/\/interflora.dk\/blog\/wp-content\/uploads\/2025\/09\/220422_INTERFLORA_Logo_rgb_Half_Top_Circle_Main_Color.png","contentUrl":"https:\/\/interflora.dk\/blog\/wp-content\/uploads\/2025\/09\/220422_INTERFLORA_Logo_rgb_Half_Top_Circle_Main_Color.png","width":1418,"height":710,"caption":"Interflora"},"image":{"@id":"https:\/\/interflora.dk\/blog\/#\/schema\/logo\/image\/"},"sameAs":["https:\/\/www.facebook.com\/InterfloraDanmark","https:\/\/www.instagram.com\/interfloradk","https:\/\/www.linkedin.com\/company\/interfloradanmark","https:\/\/www.youtube.com\/user\/InterfloraTV"]},{"@type":"Person","@id":"https:\/\/interflora.dk\/blog\/#\/schema\/person\/dbbd1ad45e05409c356dc639597669f2","name":"admin","image":{"@type":"ImageObject","inLanguage":"da-DK","@id":"https:\/\/interflora.dk\/blog\/wp-content\/litespeed\/avatar\/1fe3cced9e67df62d0a6f995d75823a5.jpg?ver=1777539892","url":"https:\/\/interflora.dk\/blog\/wp-content\/litespeed\/avatar\/1fe3cced9e67df62d0a6f995d75823a5.jpg?ver=1777539892","contentUrl":"https:\/\/interflora.dk\/blog\/wp-content\/litespeed\/avatar\/1fe3cced9e67df62d0a6f995d75823a5.jpg?ver=1777539892","caption":"admin"}}]}},"uagb_featured_image_src":{"full":["https:\/\/interflora.dk\/blog\/wp-content\/uploads\/2024\/01\/30-aarsfoedselsdag-2-1.jpg",1000,666,false],"thumbnail":["https:\/\/interflora.dk\/blog\/wp-content\/uploads\/2024\/01\/30-aarsfoedselsdag-2-1-150x150.jpg",150,150,true],"medium":["https:\/\/interflora.dk\/blog\/wp-content\/uploads\/2024\/01\/30-aarsfoedselsdag-2-1-300x200.jpg",300,200,true],"medium_large":["https:\/\/interflora.dk\/blog\/wp-content\/uploads\/2024\/01\/30-aarsfoedselsdag-2-1-768x511.jpg",768,511,true],"large":["https:\/\/interflora.dk\/blog\/wp-content\/uploads\/2024\/01\/30-aarsfoedselsdag-2-1.jpg",1000,666,false],"1536x1536":["https:\/\/interflora.dk\/blog\/wp-content\/uploads\/2024\/01\/30-aarsfoedselsdag-2-1.jpg",1000,666,false],"2048x2048":["https:\/\/interflora.dk\/blog\/wp-content\/uploads\/2024\/01\/30-aarsfoedselsdag-2-1.jpg",1000,666,false]},"uagb_author_info":{"display_name":"admin","author_link":"https:\/\/interflora.dk\/blog\/author\/admin\/"},"uagb_comment_info":0,"uagb_excerpt":"Fylder du 30, og skal du til at planl\u00e6gge en 30-\u00e5rs f\u00f8dselsdag? Denne runde f\u00f8dselsdag er en&nbsp;oplagt lejlighed til at [&hellip;]","_links":{"self":[{"href":"https:\/\/interflora.dk\/blog\/wp-json\/wp\/v2\/posts\/39945","targetHints":{"allow":["GET"]}}],"collection":[{"href":"https:\/\/interflora.dk\/blog\/wp-json\/wp\/v2\/posts"}],"about":[{"href":"https:\/\/interflora.dk\/blog\/wp-json\/wp\/v2\/types\/post"}],"author":[{"embeddable":true,"href":"https:\/\/interflora.dk\/blog\/wp-json\/wp\/v2\/users\/1"}],"replies":[{"embeddable":true,"href":"https:\/\/interflora.dk\/blog\/wp-json\/wp\/v2\/comments?post=39945"}],"version-history":[{"count":0,"href":"https:\/\/interflora.dk\/blog\/wp-json\/wp\/v2\/posts\/39945\/revisions"}],"wp:featuredmedia":[{"embeddable":true,"href":"https:\/\/interflora.dk\/blog\/wp-json\/wp\/v2\/media\/40338"}],"wp:attachment":[{"href":"https:\/\/interflora.dk\/blog\/wp-json\/wp\/v2\/media?parent=39945"}],"wp:term":[{"taxonomy":"category","embeddable":true,"href":"https:\/\/interflora.dk\/blog\/wp-json\/wp\/v2\/categories?post=39945"},{"taxonomy":"post_tag","embeddable":true,"href":"https:\/\/interflora.dk\/blog\/wp-json\/wp\/v2\/tags?post=39945"}],"curies":[{"name":"wp","href":"https:\/\/api.w.org\/{rel}","templated":true}]}}