{"id":40078,"date":"2026-01-05T10:16:00","date_gmt":"2026-01-05T09:16:00","guid":{"rendered":"https:\/\/interflora.dk\/blog\/?p=40078"},"modified":"2026-01-15T15:31:42","modified_gmt":"2026-01-15T14:31:42","slug":"romantiske-boger-om-kaerlighed","status":"publish","type":"post","link":"https:\/\/interflora.dk\/blog\/romantiske-boger-om-kaerlighed\/","title":{"rendered":"Litteratur og k\u00e6rlighed: Romaner om k\u00e6rlighed til Valentinsdag\u00a0"},"content":{"rendered":"\n<div class=\"wp-block-media-text alignwide is-stacked-on-mobile\" style=\"grid-template-columns:31% auto\"><figure class=\"wp-block-media-text__media\"><img loading=\"lazy\" decoding=\"async\" width=\"683\" height=\"1024\" src=\"https:\/\/interflora.dk\/blog\/wp-content\/uploads\/2026\/01\/annesophiebenoit-interflora-saint-valentin-38-683x1024.jpg\" alt=\"\" class=\"wp-image-59183 size-full\" srcset=\"https:\/\/interflora.dk\/blog\/wp-content\/uploads\/2026\/01\/annesophiebenoit-interflora-saint-valentin-38-683x1024.jpg 683w, https:\/\/interflora.dk\/blog\/wp-content\/uploads\/2026\/01\/annesophiebenoit-interflora-saint-valentin-38-200x300.jpg 200w, https:\/\/interflora.dk\/blog\/wp-content\/uploads\/2026\/01\/annesophiebenoit-interflora-saint-valentin-38-768x1152.jpg 768w, https:\/\/interflora.dk\/blog\/wp-content\/uploads\/2026\/01\/annesophiebenoit-interflora-saint-valentin-38-1024x1536.jpg 1024w, https:\/\/interflora.dk\/blog\/wp-content\/uploads\/2026\/01\/annesophiebenoit-interflora-saint-valentin-38-1365x2048.jpg 1365w, https:\/\/interflora.dk\/blog\/wp-content\/uploads\/2026\/01\/annesophiebenoit-interflora-saint-valentin-38-scaled.jpg 1707w\" sizes=\"auto, (max-width: 683px) 100vw, 683px\" \/><\/figure><div class=\"wp-block-media-text__content\">\n<div style=\"height:30px\" aria-hidden=\"true\" class=\"wp-block-spacer\"><\/div>\n\n\n\n<p><strong>Valentinsdag<\/strong> er den perfekte lejlighed til at fordybe sig i en <strong>k\u00e6rlighedshistorie <\/strong>eller for\u00e6re en romantisk bog. Alene det at bladre gennem siderne i <strong>en romantisk bog<\/strong> sammen eller hver for sig er en oplevelse, der \u00f8ger magien p\u00e5 <strong>Valentinsdag<\/strong>. Desuden er det at give en romantisk roman som gave det perfekte <a href=\"https:\/\/interflora.dk\/blog\/30-skabeloner-til-romantiske-kaerligheds-smser\/\" target=\"_blank\" rel=\"noreferrer noopener\">budskab om k\u00e6rlighed<\/a> p\u00e5 <strong>de elskendes dag<\/strong>! L\u00e6s om de smukkeste k\u00e6rlighedsromaner p\u00e5 denne liste over 12 litter\u00e6re v\u00e6rker, der er specielt udvalgt til <strong>Valentinsdag<\/strong>.<\/p>\n\n\n\n<h2 class=\"wp-block-heading\">Den moderne k\u00e6rlighed | Hvilken k\u00e6rlighedsroman skal du v\u00e6lge til Valentinsdag?&nbsp;<\/h2>\n\n\n\n<p>I den nutidige litteratur skiller nogle <strong>k\u00e6rlighedsromaner <\/strong>sig ud og inviterer l\u00e6serne til at udforske hjertets forviklinger. Her er fem eksempler p\u00e5 <strong>b\u00f8ger om k\u00e6rlighed<\/strong>, der helt sikkert vil sl\u00e5 gnister p\u00e5 Valentinsdag!&nbsp;<\/p>\n<\/div><\/div>\n\n\n\n<h3 class=\"wp-block-heading\">P.S. Jeg elsker dig af Cecelia Ahern&nbsp;<\/h3>\n\n\n\n<p>I denne gribende<strong> k\u00e6rlighedshistorie<\/strong> udforsker Cecelia Ahern <strong>k\u00e6rlighedsbrevenes helbredende kraft<\/strong>. F\u00f8lg den bev\u00e6gende historie om den unge s\u00f8rgende kvinde, Holly, der finder breve efterladt af sin afd\u00f8de mand, som hj\u00e6lper hende til at genopbygge sit liv.&nbsp;<\/p>\n\n\n\n<h3 class=\"wp-block-heading\">Samme dag n\u00e6ste \u00e5r af David Nicholls&nbsp;<\/h3>\n\n\n\n<p>David Nicholls pr\u00e6senterer en <strong>k\u00e6rlighedshistorie<\/strong> om Dexter og Emma. Dette unge par tager os med p\u00e5 en k\u00e6rlig og realistisk udforskning af venskab, <strong>k\u00e6rlighed<\/strong> og tidens gang.&nbsp;<\/p>\n\n\n\n<h3 class=\"wp-block-heading\">Paris is always a good idea af Nicolas Barreau<\/h3>\n\n\n\n<p>(P\u00e5 engelsk). Nicolas Barreau skriver om <strong>s\u00f8d og f\u00e6ngslende romantik<\/strong> i Paris&#8217; gader. F\u00f8lg Rosalie, en ung kvinde p\u00e5 jagt efter <strong>k\u00e6rlighed<\/strong>, og opdag hvordan en mystisk boghandel kan \u00e6ndre kursen i hendes liv.<\/p>\n\n\n\n<h3 class=\"wp-block-heading\">Jagt og indsamling af Anna Gavalda&nbsp;<\/h3>\n\n\n\n<p>I Anna Gavaldas r\u00f8rende historie fordyber vi os i fire sammenflettede karakterer. Bogen udforsker <strong>k\u00e6rligheden <\/strong>i alle dens former, fra <strong>venskab<\/strong> til <strong>lidenskabelig k\u00e6rlighed<\/strong>.&nbsp;<\/p>\n\n\n\n<h3 class=\"wp-block-heading\">PS fra Paris af Marc Levy&nbsp;<\/h3>\n\n\n\n<p>Marc Levy giver os et <strong>magisk m\u00f8de<\/strong> mellem to naboer, som sk\u00e6bnen synes at bringe sammen. Gennem siderne i denne <strong>roman <\/strong>opdager du en <strong>k\u00e6rlighedshistorie<\/strong> fuld af forviklinger og charme.&nbsp;<\/p>\n\n\n\n<h3 class=\"wp-block-heading\">Never Never af Colleen Hoover og Tarryn Fisher&nbsp;<\/h3>\n\n\n\n<p>Charlie og Silas er to gymnasieelever, der v\u00e5gner op en dag uden hukommelse om, hvem de er, og hvordan de er forbundet. De opdager hurtigt, at de deler en kompleks og dyb historie, men deres hukommelsestab tvinger dem til at unders\u00f8ge deres f\u00e6lles fortid.&nbsp;<\/p>\n\n\n<div class=\"lp-produits-grid\"><div class=\"lp-produit\"><div class=\"lp-thumbnail-wrapper\"><img loading=\"lazy\" decoding=\"async\" width=\"300\" height=\"300\" src=\"https:\/\/interflora.dk\/blog\/wp-content\/uploads\/2025\/09\/Enkelte_roser_168_0-1-300x300.jpg\" class=\"attachment-medium size-medium wp-post-image\" alt=\"\" srcset=\"https:\/\/interflora.dk\/blog\/wp-content\/uploads\/2025\/09\/Enkelte_roser_168_0-1-300x300.jpg 300w, https:\/\/interflora.dk\/blog\/wp-content\/uploads\/2025\/09\/Enkelte_roser_168_0-1-1024x1024.jpg 1024w, https:\/\/interflora.dk\/blog\/wp-content\/uploads\/2025\/09\/Enkelte_roser_168_0-1-150x150.jpg 150w, https:\/\/interflora.dk\/blog\/wp-content\/uploads\/2025\/09\/Enkelte_roser_168_0-1-768x768.jpg 768w, https:\/\/interflora.dk\/blog\/wp-content\/uploads\/2025\/09\/Enkelte_roser_168_0-1.jpg 1188w\" sizes=\"auto, (max-width: 300px) 100vw, 300px\" \/><img decoding=\"async\" class=\"lp-badge\" src=\"https:\/\/prodblog.interflora.dk\/blog\/wp-content\/uploads\/2025\/09\/220422_INTERFLORA_Main_Logo_rgb_Main_Color.avif\" alt=\"Send blomster med Interflora\"><\/div><span>R\u00f8de roser 70-80 cm pr. stk.<\/span><p>Fra 75 kr.<\/p><span class=\"obf-link lp-cta\" role=\"link\" tabindex=\"0\" data-b64=\"aHR0cHM6Ly9pbnRlcmZsb3JhLmRrL3Byb2R1a3Qvcm9kZS1yb3Nlci02MC04MGNtP3V0bV9tZWRpdW09b3JnYW5pYyZ1dG1fc291cmNlPWJsb2dfcHJvZHVjdHMmdXRtX2NhbXBhaWduPTE2OQ==\" data-target=\"_blank\"><svg xmlns=\"http:\/\/www.w3.org\/2000\/svg\" width=\"16\" height=\"16\" fill=\"currentColor\" class=\"bi bi-bag\" viewBox=\"0 0 16 16\"><path d=\"M8 1a2 2 0 0 1 2 2v1h2.5A1.5 1.5 0 0 1 14 5.5v8A1.5 1.5 0 0 1 12.5 15h-9A1.5 1.5 0 0 1 2 13.5v-8A1.5 1.5 0 0 1 3.5 3H6V2a2 2 0 0 1 2-1zm1 3V3a1 1 0 0 0-2 0v1h2z\"\/><\/svg>K\u00f8b her<\/span><p class=\"rapido\">Levering i dag<\/p><\/div><div class=\"lp-produit\"><div class=\"lp-thumbnail-wrapper\"><img loading=\"lazy\" decoding=\"async\" width=\"300\" height=\"300\" src=\"https:\/\/interflora.dk\/blog\/wp-content\/uploads\/2025\/09\/DE_ROEDE_ROSER_MED_CHOCHO_9_STK_v-300x300.jpg\" class=\"attachment-medium size-medium wp-post-image\" alt=\"\" srcset=\"https:\/\/interflora.dk\/blog\/wp-content\/uploads\/2025\/09\/DE_ROEDE_ROSER_MED_CHOCHO_9_STK_v-300x300.jpg 300w, https:\/\/interflora.dk\/blog\/wp-content\/uploads\/2025\/09\/DE_ROEDE_ROSER_MED_CHOCHO_9_STK_v-1024x1024.jpg 1024w, https:\/\/interflora.dk\/blog\/wp-content\/uploads\/2025\/09\/DE_ROEDE_ROSER_MED_CHOCHO_9_STK_v-150x150.jpg 150w, https:\/\/interflora.dk\/blog\/wp-content\/uploads\/2025\/09\/DE_ROEDE_ROSER_MED_CHOCHO_9_STK_v-768x768.jpg 768w, https:\/\/interflora.dk\/blog\/wp-content\/uploads\/2025\/09\/DE_ROEDE_ROSER_MED_CHOCHO_9_STK_v.jpg 1200w\" sizes=\"auto, (max-width: 300px) 100vw, 300px\" \/><img decoding=\"async\" class=\"lp-badge\" src=\"https:\/\/prodblog.interflora.dk\/blog\/wp-content\/uploads\/2025\/09\/220422_INTERFLORA_Main_Logo_rgb_Main_Color.avif\" alt=\"Send blomster med Interflora\"><\/div><span>De r\u00f8de roser med CHO CHO 9 stk.<\/span><p>Fra 538 kr.<\/p><span class=\"obf-link lp-cta\" role=\"link\" tabindex=\"0\" data-b64=\"aHR0cHM6Ly9pbnRlcmZsb3JhLmRrL3Byb2R1a3QvZGUtcm9lZGUtcm9zZXItbWVkLWNoby1jaG8tOS1zdGs\/dXRtX21lZGl1bT1vcmdhbmljJnV0bV9zb3VyY2U9YmxvZ19wcm9kdWN0cyZ1dG1fY2FtcGFpZ249MzUx\" data-target=\"_blank\"><svg xmlns=\"http:\/\/www.w3.org\/2000\/svg\" width=\"16\" height=\"16\" fill=\"currentColor\" class=\"bi bi-bag\" viewBox=\"0 0 16 16\"><path d=\"M8 1a2 2 0 0 1 2 2v1h2.5A1.5 1.5 0 0 1 14 5.5v8A1.5 1.5 0 0 1 12.5 15h-9A1.5 1.5 0 0 1 2 13.5v-8A1.5 1.5 0 0 1 3.5 3H6V2a2 2 0 0 1 2-1zm1 3V3a1 1 0 0 0-2 0v1h2z\"\/><\/svg>K\u00f8b her<\/span><p class=\"rapido\">Kundernes favorit<\/p><\/div><div class=\"lp-produit\"><div class=\"lp-thumbnail-wrapper\"><img loading=\"lazy\" decoding=\"async\" width=\"300\" height=\"300\" src=\"https:\/\/interflora.dk\/blog\/wp-content\/uploads\/2025\/09\/KAERLIGHEDSKURV_2502-300x300.jpg\" class=\"attachment-medium size-medium wp-post-image\" alt=\"\" srcset=\"https:\/\/interflora.dk\/blog\/wp-content\/uploads\/2025\/09\/KAERLIGHEDSKURV_2502-300x300.jpg 300w, https:\/\/interflora.dk\/blog\/wp-content\/uploads\/2025\/09\/KAERLIGHEDSKURV_2502-1024x1024.jpg 1024w, https:\/\/interflora.dk\/blog\/wp-content\/uploads\/2025\/09\/KAERLIGHEDSKURV_2502-150x150.jpg 150w, https:\/\/interflora.dk\/blog\/wp-content\/uploads\/2025\/09\/KAERLIGHEDSKURV_2502-768x768.jpg 768w, https:\/\/interflora.dk\/blog\/wp-content\/uploads\/2025\/09\/KAERLIGHEDSKURV_2502.jpg 1200w\" sizes=\"auto, (max-width: 300px) 100vw, 300px\" \/><img decoding=\"async\" class=\"lp-badge\" src=\"https:\/\/prodblog.interflora.dk\/blog\/wp-content\/uploads\/2025\/09\/220422_INTERFLORA_Main_Logo_rgb_Main_Color.avif\" alt=\"Send blomster med Interflora\"><\/div><span>K\u00e6rlighedskurv<\/span><p>Fra 425 kr.<\/p><span class=\"obf-link lp-cta\" role=\"link\" tabindex=\"0\" data-b64=\"aHR0cHM6Ly9pbnRlcmZsb3JhLmRrL3Byb2R1a3Qva2FlcmxpZ2hlZHNrdXJ2P3V0bV9tZWRpdW09b3JnYW5pYyZ1dG1fc291cmNlPWJsb2dfcHJvZHVjdHMmdXRtX2NhbXBhaWduPTI1MDI=\" data-target=\"_blank\"><svg xmlns=\"http:\/\/www.w3.org\/2000\/svg\" width=\"16\" height=\"16\" fill=\"currentColor\" class=\"bi bi-bag\" viewBox=\"0 0 16 16\"><path d=\"M8 1a2 2 0 0 1 2 2v1h2.5A1.5 1.5 0 0 1 14 5.5v8A1.5 1.5 0 0 1 12.5 15h-9A1.5 1.5 0 0 1 2 13.5v-8A1.5 1.5 0 0 1 3.5 3H6V2a2 2 0 0 1 2-1zm1 3V3a1 1 0 0 0-2 0v1h2z\"\/><\/svg>K\u00f8b her<\/span><p class=\"rapido\">Din personlige hilsen<\/p><\/div><div class=\"lp-produit\"><div class=\"lp-thumbnail-wrapper\"><img loading=\"lazy\" decoding=\"async\" width=\"300\" height=\"300\" src=\"https:\/\/interflora.dk\/blog\/wp-content\/uploads\/2025\/09\/PREMIUM_ROED_LYSEROED_SMALL_7490_w-300x300.jpg\" class=\"attachment-medium size-medium wp-post-image\" alt=\"\" srcset=\"https:\/\/interflora.dk\/blog\/wp-content\/uploads\/2025\/09\/PREMIUM_ROED_LYSEROED_SMALL_7490_w-300x300.jpg 300w, https:\/\/interflora.dk\/blog\/wp-content\/uploads\/2025\/09\/PREMIUM_ROED_LYSEROED_SMALL_7490_w-1024x1024.jpg 1024w, https:\/\/interflora.dk\/blog\/wp-content\/uploads\/2025\/09\/PREMIUM_ROED_LYSEROED_SMALL_7490_w-150x150.jpg 150w, https:\/\/interflora.dk\/blog\/wp-content\/uploads\/2025\/09\/PREMIUM_ROED_LYSEROED_SMALL_7490_w-768x768.jpg 768w, https:\/\/interflora.dk\/blog\/wp-content\/uploads\/2025\/09\/PREMIUM_ROED_LYSEROED_SMALL_7490_w.jpg 1200w\" sizes=\"auto, (max-width: 300px) 100vw, 300px\" \/><img decoding=\"async\" class=\"lp-badge\" src=\"https:\/\/prodblog.interflora.dk\/blog\/wp-content\/uploads\/2025\/09\/220422_INTERFLORA_Main_Logo_rgb_Main_Color.avif\" alt=\"Send blomster med Interflora\"><\/div><span>Den bet\u00e6nksomme<\/span><p>Fra 349 kr.<\/p><span class=\"obf-link lp-cta\" role=\"link\" tabindex=\"0\" data-b64=\"aHR0cHM6Ly9pbnRlcmZsb3JhLmRrL3Byb2R1a3QvZGVuLWJldGFlbmtzb21tZT92PTk0MjEmIzAzODt2YXJpYXRpb249ZTNiOThjYjctMWQzMC00OTYxLWI5N2UtOGM5OGIwNmM2NDE1P3V0bV9tZWRpdW09b3JnYW5pYyZ1dG1fc291cmNlPWJsb2dfcHJvZHVjdHMmdXRtX2NhbXBhaWduPTU4MA==\" data-target=\"_blank\"><svg xmlns=\"http:\/\/www.w3.org\/2000\/svg\" width=\"16\" height=\"16\" fill=\"currentColor\" class=\"bi bi-bag\" viewBox=\"0 0 16 16\"><path d=\"M8 1a2 2 0 0 1 2 2v1h2.5A1.5 1.5 0 0 1 14 5.5v8A1.5 1.5 0 0 1 12.5 15h-9A1.5 1.5 0 0 1 2 13.5v-8A1.5 1.5 0 0 1 3.5 3H6V2a2 2 0 0 1 2-1zm1 3V3a1 1 0 0 0-2 0v1h2z\"\/><\/svg>K\u00f8b her<\/span><p class=\"rapido\">Bundet af din lokale florist<\/p><\/div><\/div>\n\n\n\n<h2 class=\"wp-block-heading\">Tidl\u00f8se klassiske k\u00e6rlighedsromaner&nbsp;<\/h2>\n\n\n\n<p>Tidl\u00f8se <strong>romanklassikere om k\u00e6rlighed <\/strong>omfatter v\u00e6rker, der har pr\u00e6get historien og fortsat betager l\u00e6sere p\u00e5 tv\u00e6rs af generationer. Hver enkelt <strong>k\u00e6rlighedsroman<\/strong> bringer sit eget perspektiv p\u00e5 <strong>den universelle k\u00e6rlighed<\/strong>. Her er <strong>6 k\u00e6rlighedsromaner til Valentinsdag<\/strong>, der f\u00f8rer l\u00e6serne ind i episke historier!&nbsp;<\/p>\n\n\n\n<h3 class=\"wp-block-heading\">Stolthed og fordom af Jane Austen&nbsp;<\/h3>\n\n\n\n<p>Et engelsk <strong>litter\u00e6rt mesterv\u00e6rk<\/strong>, der skildrer sociale og romantiske forhold og kulminerer med den komplekse k\u00e6rlighedshistorie mellem Elizabeth Bennet og Mr. Darcy.&nbsp;<\/p>\n\n\n\n<h3 class=\"wp-block-heading\">Stormfulde h\u00f8jder af Emily Bront\u00eb&nbsp;<\/h3>\n\n\n\n<p>En m\u00f8rk og lidenskabelig roman, der fort\u00e6ller om den <strong>heftige k\u00e6rlighed<\/strong> mellem Heathcliff og Catherine Earnshaw p\u00e5 Yorkshires vilde heder.&nbsp;<\/p>\n\n\n\n<h3 class=\"wp-block-heading\">Anna Karenina af Leo Tolstoj&nbsp;<\/h3>\n\n\n\n<p>Et <strong>russisk mesterv\u00e6rk, <\/strong>der udforsker temaer om utroskab og samfund i den tragiske historie om Anna Karenina og hendes elsker, grev Vronsky.&nbsp;<\/p>\n\n\n\n<h3 class=\"wp-block-heading\">Jane Eyre af Charlotte Bront\u00eb&nbsp;<\/h3>\n\n\n\n<p><strong>Historien<\/strong> om for\u00e6ldrel\u00f8se Jane Eyre, hendes uafh\u00e6ngighed og hendes <strong>k\u00e6rlighed<\/strong> til Mr. Rochester p\u00e5 trods af forhindringerne.&nbsp;<\/p>\n\n\n\n<h3 class=\"wp-block-heading\">Min store ven af Alain-Fournier&nbsp;<\/h3>\n\n\n\n<p>En <strong>fransk roman<\/strong>, der beskriver den f\u00f8rste ungdoms l\u00e6ngsler og tr\u00e6ngsler<strong> &#8211;<\/strong> den f\u00f8rste store <strong>k\u00e6rlighed<\/strong> og dens undergang.&nbsp;<\/p>\n\n\n\n<h3 class=\"wp-block-heading\">Notting Hill af Emma McLaughlin og Nicola Kraus&nbsp;<\/h3>\n\n\n\n<p>En <strong>moderne historie<\/strong> inspireret af den ber\u00f8mte film, der udforsker forhold og k\u00e6rlighedens udfordringer i den moderne kontekst i London.&nbsp;<\/p>\n\n\n\n<figure class=\"wp-block-image aligncenter size-large is-resized\"><img loading=\"lazy\" decoding=\"async\" width=\"1024\" height=\"576\" src=\"https:\/\/interflora.dk\/blog\/wp-content\/uploads\/2026\/01\/SEO-16-9-1-1024x576.jpg\" alt=\"\" class=\"wp-image-59149\" style=\"width:600px\" srcset=\"https:\/\/interflora.dk\/blog\/wp-content\/uploads\/2026\/01\/SEO-16-9-1-1024x576.jpg 1024w, https:\/\/interflora.dk\/blog\/wp-content\/uploads\/2026\/01\/SEO-16-9-1-300x169.jpg 300w, https:\/\/interflora.dk\/blog\/wp-content\/uploads\/2026\/01\/SEO-16-9-1-768x432.jpg 768w, https:\/\/interflora.dk\/blog\/wp-content\/uploads\/2026\/01\/SEO-16-9-1-1536x864.jpg 1536w, https:\/\/interflora.dk\/blog\/wp-content\/uploads\/2026\/01\/SEO-16-9-1.jpg 2000w\" sizes=\"auto, (max-width: 1024px) 100vw, 1024px\" \/><\/figure>\n\n\n\n<div style=\"height:10px\" aria-hidden=\"true\" class=\"wp-block-spacer\"><\/div>\n\n\n\n<p>Med en <strong>k\u00e6rlighedsroman til Valentinsdag<\/strong> valgt fra litteraturens klassikere g\u00e5r du ikke galt i byen! Disse klassiske v\u00e6rker, udformet af geniale forfattere, forts\u00e6tter med at v\u00e6kke genklang i l\u00e6sernes hjerter og forbliver vigtig l\u00e6sning, n\u00e5r det drejer sig om <strong>romantisk litteratur<\/strong>.&nbsp;<\/p>\n\n\n<div class=\"lp-produits-grid\"><div class=\"lp-produit\"><div class=\"lp-thumbnail-wrapper\"><img loading=\"lazy\" decoding=\"async\" width=\"300\" height=\"300\" src=\"https:\/\/interflora.dk\/blog\/wp-content\/uploads\/2026\/01\/2B20282629-300x300.png\" class=\"attachment-medium size-medium wp-post-image\" alt=\"\" srcset=\"https:\/\/interflora.dk\/blog\/wp-content\/uploads\/2026\/01\/2B20282629-300x300.png 300w, https:\/\/interflora.dk\/blog\/wp-content\/uploads\/2026\/01\/2B20282629-1024x1024.png 1024w, https:\/\/interflora.dk\/blog\/wp-content\/uploads\/2026\/01\/2B20282629-150x150.png 150w, https:\/\/interflora.dk\/blog\/wp-content\/uploads\/2026\/01\/2B20282629-768x768.png 768w, https:\/\/interflora.dk\/blog\/wp-content\/uploads\/2026\/01\/2B20282629.png 1200w\" sizes=\"auto, (max-width: 300px) 100vw, 300px\" \/><img decoding=\"async\" class=\"lp-badge\" src=\"https:\/\/prodblog.interflora.dk\/blog\/wp-content\/uploads\/2025\/09\/220422_INTERFLORA_Main_Logo_rgb_Main_Color.avif\" alt=\"Send blomster med Interflora\"><\/div><span>Blikfang<\/span><p>Fra 549 kr.<\/p><span class=\"obf-link lp-cta\" role=\"link\" tabindex=\"0\" data-b64=\"aHR0cHM6Ly9pbnRlcmZsb3JhLmRrL3Byb2R1a3QvYmxpa2Zhbmc\/dj0xNzc4NSYjMDM4O3ZhcmlhdGlvbj1mNjc5OWUxMi02Nzc1LTRlYTYtOWQ0Yi1hYTYwODhiNWIwNWQ\/dXRtX21lZGl1bT1vcmdhbmljJnV0bV9zb3VyY2U9YmxvZ19wcm9kdWN0cyZ1dG1fY2FtcGFpZ249ODkwMg==\" data-target=\"_blank\"><svg xmlns=\"http:\/\/www.w3.org\/2000\/svg\" width=\"16\" height=\"16\" fill=\"currentColor\" class=\"bi bi-bag\" viewBox=\"0 0 16 16\"><path d=\"M8 1a2 2 0 0 1 2 2v1h2.5A1.5 1.5 0 0 1 14 5.5v8A1.5 1.5 0 0 1 12.5 15h-9A1.5 1.5 0 0 1 2 13.5v-8A1.5 1.5 0 0 1 3.5 3H6V2a2 2 0 0 1 2-1zm1 3V3a1 1 0 0 0-2 0v1h2z\"\/><\/svg>K\u00f8b her<\/span><p class=\"rapido\">Din personlige hilsen<\/p><\/div><div class=\"lp-produit\"><div class=\"lp-thumbnail-wrapper\"><img loading=\"lazy\" decoding=\"async\" width=\"300\" height=\"300\" src=\"https:\/\/interflora.dk\/blog\/wp-content\/uploads\/2025\/09\/DE_ROEDE_ROSER_MED_CHOCHO_9_STK_v-300x300.jpg\" class=\"attachment-medium size-medium wp-post-image\" alt=\"\" srcset=\"https:\/\/interflora.dk\/blog\/wp-content\/uploads\/2025\/09\/DE_ROEDE_ROSER_MED_CHOCHO_9_STK_v-300x300.jpg 300w, https:\/\/interflora.dk\/blog\/wp-content\/uploads\/2025\/09\/DE_ROEDE_ROSER_MED_CHOCHO_9_STK_v-1024x1024.jpg 1024w, https:\/\/interflora.dk\/blog\/wp-content\/uploads\/2025\/09\/DE_ROEDE_ROSER_MED_CHOCHO_9_STK_v-150x150.jpg 150w, https:\/\/interflora.dk\/blog\/wp-content\/uploads\/2025\/09\/DE_ROEDE_ROSER_MED_CHOCHO_9_STK_v-768x768.jpg 768w, https:\/\/interflora.dk\/blog\/wp-content\/uploads\/2025\/09\/DE_ROEDE_ROSER_MED_CHOCHO_9_STK_v.jpg 1200w\" sizes=\"auto, (max-width: 300px) 100vw, 300px\" \/><img decoding=\"async\" class=\"lp-badge\" src=\"https:\/\/prodblog.interflora.dk\/blog\/wp-content\/uploads\/2025\/09\/220422_INTERFLORA_Main_Logo_rgb_Main_Color.avif\" alt=\"Send blomster med Interflora\"><\/div><span>De r\u00f8de roser med CHO CHO 9 stk.<\/span><p>Fra 538 kr.<\/p><span class=\"obf-link lp-cta\" role=\"link\" tabindex=\"0\" data-b64=\"aHR0cHM6Ly9pbnRlcmZsb3JhLmRrL3Byb2R1a3QvZGUtcm9lZGUtcm9zZXItbWVkLWNoby1jaG8tOS1zdGs\/dXRtX21lZGl1bT1vcmdhbmljJnV0bV9zb3VyY2U9YmxvZ19wcm9kdWN0cyZ1dG1fY2FtcGFpZ249MzUx\" data-target=\"_blank\"><svg xmlns=\"http:\/\/www.w3.org\/2000\/svg\" width=\"16\" height=\"16\" fill=\"currentColor\" class=\"bi bi-bag\" viewBox=\"0 0 16 16\"><path d=\"M8 1a2 2 0 0 1 2 2v1h2.5A1.5 1.5 0 0 1 14 5.5v8A1.5 1.5 0 0 1 12.5 15h-9A1.5 1.5 0 0 1 2 13.5v-8A1.5 1.5 0 0 1 3.5 3H6V2a2 2 0 0 1 2-1zm1 3V3a1 1 0 0 0-2 0v1h2z\"\/><\/svg>K\u00f8b her<\/span><p class=\"rapido\">Kundernes favorit<\/p><\/div><div class=\"lp-produit\"><div class=\"lp-thumbnail-wrapper\"><img loading=\"lazy\" decoding=\"async\" width=\"300\" height=\"300\" src=\"https:\/\/interflora.dk\/blog\/wp-content\/uploads\/2025\/09\/DEN_SOEDE_OMTANKE_HAND_173-300x300.jpg\" class=\"attachment-medium size-medium wp-post-image\" alt=\"\" srcset=\"https:\/\/interflora.dk\/blog\/wp-content\/uploads\/2025\/09\/DEN_SOEDE_OMTANKE_HAND_173-300x300.jpg 300w, https:\/\/interflora.dk\/blog\/wp-content\/uploads\/2025\/09\/DEN_SOEDE_OMTANKE_HAND_173-1024x1024.jpg 1024w, https:\/\/interflora.dk\/blog\/wp-content\/uploads\/2025\/09\/DEN_SOEDE_OMTANKE_HAND_173-150x150.jpg 150w, https:\/\/interflora.dk\/blog\/wp-content\/uploads\/2025\/09\/DEN_SOEDE_OMTANKE_HAND_173-768x768.jpg 768w, https:\/\/interflora.dk\/blog\/wp-content\/uploads\/2025\/09\/DEN_SOEDE_OMTANKE_HAND_173.jpg 1200w\" sizes=\"auto, (max-width: 300px) 100vw, 300px\" \/><img decoding=\"async\" class=\"lp-badge\" src=\"https:\/\/prodblog.interflora.dk\/blog\/wp-content\/uploads\/2025\/09\/220422_INTERFLORA_Main_Logo_rgb_Main_Color.avif\" alt=\"Send blomster med Interflora\"><\/div><span>Den s\u00f8de omtanke<\/span><p>Fra 319 kr.<\/p><span class=\"obf-link lp-cta\" role=\"link\" tabindex=\"0\" data-b64=\"aHR0cHM6Ly9pbnRlcmZsb3JhLmRrL3Byb2R1a3QvZGVuLXNvZWRlLW9tdGFua2U\/dj0xOTI2JiMwMzg7dmFyaWF0aW9uPTNlY2U2YmYxLTdhOTAtNDQwMi1iYzQ5LWM4ZTcyMjQ4ODM5ND91dG1fbWVkaXVtPW9yZ2FuaWMmdXRtX3NvdXJjZT1ibG9nX3Byb2R1Y3RzJnV0bV9jYW1wYWlnbj0xNzM=\" data-target=\"_blank\"><svg xmlns=\"http:\/\/www.w3.org\/2000\/svg\" width=\"16\" height=\"16\" fill=\"currentColor\" class=\"bi bi-bag\" viewBox=\"0 0 16 16\"><path d=\"M8 1a2 2 0 0 1 2 2v1h2.5A1.5 1.5 0 0 1 14 5.5v8A1.5 1.5 0 0 1 12.5 15h-9A1.5 1.5 0 0 1 2 13.5v-8A1.5 1.5 0 0 1 3.5 3H6V2a2 2 0 0 1 2-1zm1 3V3a1 1 0 0 0-2 0v1h2z\"\/><\/svg>K\u00f8b her<\/span><p class=\"rapido\">Friske blomster<\/p><\/div><div class=\"lp-produit\"><div class=\"lp-thumbnail-wrapper\"><img loading=\"lazy\" decoding=\"async\" width=\"300\" height=\"300\" src=\"https:\/\/interflora.dk\/blog\/wp-content\/uploads\/2025\/09\/DE_ROEDE_ROSER_HAND_v_02028129-300x300.jpg\" class=\"attachment-medium size-medium wp-post-image\" alt=\"buket af r\u00f8de roser holdt i h\u00e5nd\" srcset=\"https:\/\/interflora.dk\/blog\/wp-content\/uploads\/2025\/09\/DE_ROEDE_ROSER_HAND_v_02028129-300x300.jpg 300w, https:\/\/interflora.dk\/blog\/wp-content\/uploads\/2025\/09\/DE_ROEDE_ROSER_HAND_v_02028129-1024x1024.jpg 1024w, https:\/\/interflora.dk\/blog\/wp-content\/uploads\/2025\/09\/DE_ROEDE_ROSER_HAND_v_02028129-150x150.jpg 150w, https:\/\/interflora.dk\/blog\/wp-content\/uploads\/2025\/09\/DE_ROEDE_ROSER_HAND_v_02028129-768x768.jpg 768w, https:\/\/interflora.dk\/blog\/wp-content\/uploads\/2025\/09\/DE_ROEDE_ROSER_HAND_v_02028129.jpg 1200w\" sizes=\"auto, (max-width: 300px) 100vw, 300px\" \/><img decoding=\"async\" class=\"lp-badge\" src=\"https:\/\/prodblog.interflora.dk\/blog\/wp-content\/uploads\/2025\/09\/220422_INTERFLORA_Main_Logo_rgb_Main_Color.avif\" alt=\"Send blomster med Interflora\"><\/div><span>De r\u00f8de roser<\/span><p>Fra 359 kr.<\/p><span class=\"obf-link lp-cta\" role=\"link\" tabindex=\"0\" data-b64=\"aHR0cHM6Ly9pbnRlcmZsb3JhLmRrL3Byb2R1a3QvZGUtcm9lZGUtcm9zZXI\/dj0xNDkxJiMwMzg7dmFyaWF0aW9uPTc5NTE3NDBlLTJkM2UtNDk5Yi05NTkxLWFkYzBlMzk3NGRiMz91dG1fbWVkaXVtPW9yZ2FuaWMmdXRtX3NvdXJjZT1ibG9nX3Byb2R1Y3RzJnV0bV9jYW1wYWlnbj0xMDE=\" data-target=\"_blank\"><svg xmlns=\"http:\/\/www.w3.org\/2000\/svg\" width=\"16\" height=\"16\" fill=\"currentColor\" class=\"bi bi-bag\" viewBox=\"0 0 16 16\"><path d=\"M8 1a2 2 0 0 1 2 2v1h2.5A1.5 1.5 0 0 1 14 5.5v8A1.5 1.5 0 0 1 12.5 15h-9A1.5 1.5 0 0 1 2 13.5v-8A1.5 1.5 0 0 1 3.5 3H6V2a2 2 0 0 1 2-1zm1 3V3a1 1 0 0 0-2 0v1h2z\"\/><\/svg>K\u00f8b her<\/span><p class=\"rapido\">Kundernes favorit<\/p><\/div><\/div>\n\n\n\n<h2 class=\"wp-block-heading\">L\u00e6sning af en k\u00e6rlighedsroman til Valentinsdag alene eller sammen&nbsp;<\/h2>\n\n\n\n<p>Hvis du fordyber dig i siderne i en <strong>k\u00e6rlighedsroman, <\/strong>hvad enten det er alene eller sammen med den elskede, f\u00e5r du en oplevelse, der \u00f8ger magien p\u00e5 <strong>Valentinsdag<\/strong>. Uanset om du er lidenskabeligt forelsket eller er tilfreds i dit eget selskab, kan det at bladre gennem en bog med <strong>k\u00e6rlighedshistorier<\/strong> v\u00e6re en smuk m\u00e5de at fejre k\u00e6rlighedens dag p\u00e5.&nbsp;&nbsp;<\/p>\n\n\n\n<p>For par kan det v\u00e6re en berigende og intim oplevelse at <strong>l\u00e6se en k\u00e6rlighedsroman sammen p\u00e5 Valentinsdag<\/strong>. At v\u00e6lge en <strong>bog til Valentinsdag <\/strong>sammen og dykke ned i dens sider giver jer lejlighed til at dele jeres f\u00f8lelser. Uanset om der l\u00e6ses h\u00f8jt eller i stilhed, bliver det at l\u00e6se sammen et \u00f8jeblik af samklang.&nbsp;<\/p>\n\n\n\n<div class=\"wp-block-media-text has-media-on-the-right is-stacked-on-mobile\" style=\"grid-template-columns:auto 40%\"><div class=\"wp-block-media-text__content\">\n<h2 class=\"wp-block-heading\">K\u00e6rlighedsdigte eller k\u00e6rlighedssange som gave\u00a0<\/h2>\n\n\n\n<p><a href=\"https:\/\/interflora.dk\/blog\/kaerlighedsdigte\/\" target=\"_blank\" rel=\"noreferrer noopener\">K\u00e6rlighedsdigte<\/a>, der er rige p\u00e5 metaforer og f\u00f8lelser, fanger essensen af <strong>f\u00f8lelsen af k\u00e6rlighed<\/strong>. S\u00e5 hvorfor ikke give en digtsamling i gave? Digtene vil helt sikkert afspejle k\u00e6rlighedens intensitet.&nbsp;&nbsp;<\/p>\n\n\n\n<p>Hvad ang\u00e5r samlinger af k\u00e6rlighedssange, har de den fordel, at de forts\u00e6tter hele livet igennem med <strong>at v\u00e6kke genklang i hjerterne <\/strong>hos dem, der modtager dem. De kan blive et f\u00f8lelsesm\u00e6ssigt soundtrack, der minder om f\u00e6lles \u00f8jeblikke og styrker k\u00e6rlighedens b\u00e5nd.&nbsp;<\/p>\n<\/div><figure class=\"wp-block-media-text__media\"><img loading=\"lazy\" decoding=\"async\" width=\"1024\" height=\"576\" src=\"https:\/\/interflora.dk\/blog\/wp-content\/uploads\/2026\/01\/SEO-16-9-2-1024x576.jpg\" alt=\"\" class=\"wp-image-59150 size-full\" srcset=\"https:\/\/interflora.dk\/blog\/wp-content\/uploads\/2026\/01\/SEO-16-9-2-1024x576.jpg 1024w, https:\/\/interflora.dk\/blog\/wp-content\/uploads\/2026\/01\/SEO-16-9-2-300x169.jpg 300w, https:\/\/interflora.dk\/blog\/wp-content\/uploads\/2026\/01\/SEO-16-9-2-768x432.jpg 768w, https:\/\/interflora.dk\/blog\/wp-content\/uploads\/2026\/01\/SEO-16-9-2-1536x864.jpg 1536w, https:\/\/interflora.dk\/blog\/wp-content\/uploads\/2026\/01\/SEO-16-9-2.jpg 2000w\" sizes=\"auto, (max-width: 1024px) 100vw, 1024px\" \/><\/figure><\/div>\n\n\n\n<h2 class=\"wp-block-heading\">K\u00e6rlighedsromaner til Valentinsdag kommer i forskellige formater, der tilfredsstiller enhver smag&nbsp;<\/h2>\n\n\n\n<p>Uanset om du foretr\u00e6kker at l\u00e6se<strong> en e-bog<\/strong> eller en <strong>billigbogsudgave<\/strong>, er <strong>k\u00e6rlighedsromaner<\/strong> tilg\u00e6ngelige i formater, der passer til alles smag. Det vigtigste er at lade ordene guide dig!&nbsp;<\/p>\n\n\n<div class=\"lp-produits-grid\"><div class=\"lp-produit\"><div class=\"lp-thumbnail-wrapper\"><img loading=\"lazy\" decoding=\"async\" width=\"300\" height=\"300\" src=\"https:\/\/interflora.dk\/blog\/wp-content\/uploads\/2026\/01\/2B20282629-300x300.png\" class=\"attachment-medium size-medium wp-post-image\" alt=\"\" srcset=\"https:\/\/interflora.dk\/blog\/wp-content\/uploads\/2026\/01\/2B20282629-300x300.png 300w, https:\/\/interflora.dk\/blog\/wp-content\/uploads\/2026\/01\/2B20282629-1024x1024.png 1024w, https:\/\/interflora.dk\/blog\/wp-content\/uploads\/2026\/01\/2B20282629-150x150.png 150w, https:\/\/interflora.dk\/blog\/wp-content\/uploads\/2026\/01\/2B20282629-768x768.png 768w, https:\/\/interflora.dk\/blog\/wp-content\/uploads\/2026\/01\/2B20282629.png 1200w\" sizes=\"auto, (max-width: 300px) 100vw, 300px\" \/><img decoding=\"async\" class=\"lp-badge\" src=\"https:\/\/prodblog.interflora.dk\/blog\/wp-content\/uploads\/2025\/09\/220422_INTERFLORA_Main_Logo_rgb_Main_Color.avif\" alt=\"Send blomster med Interflora\"><\/div><span>Blikfang<\/span><p>Fra 549 kr.<\/p><span class=\"obf-link lp-cta\" role=\"link\" tabindex=\"0\" data-b64=\"aHR0cHM6Ly9pbnRlcmZsb3JhLmRrL3Byb2R1a3QvYmxpa2Zhbmc\/dj0xNzc4NSYjMDM4O3ZhcmlhdGlvbj1mNjc5OWUxMi02Nzc1LTRlYTYtOWQ0Yi1hYTYwODhiNWIwNWQ\/dXRtX21lZGl1bT1vcmdhbmljJnV0bV9zb3VyY2U9YmxvZ19wcm9kdWN0cyZ1dG1fY2FtcGFpZ249ODkwMg==\" data-target=\"_blank\"><svg xmlns=\"http:\/\/www.w3.org\/2000\/svg\" width=\"16\" height=\"16\" fill=\"currentColor\" class=\"bi bi-bag\" viewBox=\"0 0 16 16\"><path d=\"M8 1a2 2 0 0 1 2 2v1h2.5A1.5 1.5 0 0 1 14 5.5v8A1.5 1.5 0 0 1 12.5 15h-9A1.5 1.5 0 0 1 2 13.5v-8A1.5 1.5 0 0 1 3.5 3H6V2a2 2 0 0 1 2-1zm1 3V3a1 1 0 0 0-2 0v1h2z\"\/><\/svg>K\u00f8b her<\/span><p class=\"rapido\">Levering i dag<\/p><\/div><div class=\"lp-produit\"><div class=\"lp-thumbnail-wrapper\"><img loading=\"lazy\" decoding=\"async\" width=\"300\" height=\"300\" src=\"https:\/\/interflora.dk\/blog\/wp-content\/uploads\/2025\/09\/PREMIUM_ROED_LYSEROED_SMALL_7490_w-300x300.jpg\" class=\"attachment-medium size-medium wp-post-image\" alt=\"\" srcset=\"https:\/\/interflora.dk\/blog\/wp-content\/uploads\/2025\/09\/PREMIUM_ROED_LYSEROED_SMALL_7490_w-300x300.jpg 300w, https:\/\/interflora.dk\/blog\/wp-content\/uploads\/2025\/09\/PREMIUM_ROED_LYSEROED_SMALL_7490_w-1024x1024.jpg 1024w, https:\/\/interflora.dk\/blog\/wp-content\/uploads\/2025\/09\/PREMIUM_ROED_LYSEROED_SMALL_7490_w-150x150.jpg 150w, https:\/\/interflora.dk\/blog\/wp-content\/uploads\/2025\/09\/PREMIUM_ROED_LYSEROED_SMALL_7490_w-768x768.jpg 768w, https:\/\/interflora.dk\/blog\/wp-content\/uploads\/2025\/09\/PREMIUM_ROED_LYSEROED_SMALL_7490_w.jpg 1200w\" sizes=\"auto, (max-width: 300px) 100vw, 300px\" \/><img decoding=\"async\" class=\"lp-badge\" src=\"https:\/\/prodblog.interflora.dk\/blog\/wp-content\/uploads\/2025\/09\/220422_INTERFLORA_Main_Logo_rgb_Main_Color.avif\" alt=\"Send blomster med Interflora\"><\/div><span>Den bet\u00e6nksomme<\/span><p>Fra 349 kr.<\/p><span class=\"obf-link lp-cta\" role=\"link\" tabindex=\"0\" data-b64=\"aHR0cHM6Ly9pbnRlcmZsb3JhLmRrL3Byb2R1a3QvZGVuLWJldGFlbmtzb21tZT92PTk0MjEmIzAzODt2YXJpYXRpb249ZTNiOThjYjctMWQzMC00OTYxLWI5N2UtOGM5OGIwNmM2NDE1P3V0bV9tZWRpdW09b3JnYW5pYyZ1dG1fc291cmNlPWJsb2dfcHJvZHVjdHMmdXRtX2NhbXBhaWduPTU4MA==\" data-target=\"_blank\"><svg xmlns=\"http:\/\/www.w3.org\/2000\/svg\" width=\"16\" height=\"16\" fill=\"currentColor\" class=\"bi bi-bag\" viewBox=\"0 0 16 16\"><path d=\"M8 1a2 2 0 0 1 2 2v1h2.5A1.5 1.5 0 0 1 14 5.5v8A1.5 1.5 0 0 1 12.5 15h-9A1.5 1.5 0 0 1 2 13.5v-8A1.5 1.5 0 0 1 3.5 3H6V2a2 2 0 0 1 2-1zm1 3V3a1 1 0 0 0-2 0v1h2z\"\/><\/svg>K\u00f8b her<\/span><p class=\"rapido\">Levering i dag<\/p><\/div><div class=\"lp-produit\"><div class=\"lp-thumbnail-wrapper\"><img loading=\"lazy\" decoding=\"async\" width=\"300\" height=\"300\" src=\"https:\/\/interflora.dk\/blog\/wp-content\/uploads\/2025\/09\/Enkelte_roser_168_0-300x300.jpg\" class=\"attachment-medium size-medium wp-post-image\" alt=\"\" srcset=\"https:\/\/interflora.dk\/blog\/wp-content\/uploads\/2025\/09\/Enkelte_roser_168_0-300x300.jpg 300w, https:\/\/interflora.dk\/blog\/wp-content\/uploads\/2025\/09\/Enkelte_roser_168_0-1024x1024.jpg 1024w, https:\/\/interflora.dk\/blog\/wp-content\/uploads\/2025\/09\/Enkelte_roser_168_0-150x150.jpg 150w, https:\/\/interflora.dk\/blog\/wp-content\/uploads\/2025\/09\/Enkelte_roser_168_0-768x768.jpg 768w, https:\/\/interflora.dk\/blog\/wp-content\/uploads\/2025\/09\/Enkelte_roser_168_0.jpg 1188w\" sizes=\"auto, (max-width: 300px) 100vw, 300px\" \/><img decoding=\"async\" class=\"lp-badge\" src=\"https:\/\/prodblog.interflora.dk\/blog\/wp-content\/uploads\/2025\/09\/220422_INTERFLORA_Main_Logo_rgb_Main_Color.avif\" alt=\"Send blomster med Interflora\"><\/div><span>R\u00f8de roser 50-60 cm pr. stk.<\/span><p>Fra 60 kr.<\/p><span class=\"obf-link lp-cta\" role=\"link\" tabindex=\"0\" data-b64=\"aHR0cHM6Ly9pbnRlcmZsb3JhLmRrL3Byb2R1a3Qvcm9kZS1yb3Nlci00MC02MGNtP3V0bV9tZWRpdW09b3JnYW5pYyZ1dG1fc291cmNlPWJsb2dfcHJvZHVjdHMmdXRtX2NhbXBhaWduPTE2OA==\" data-target=\"_blank\"><svg xmlns=\"http:\/\/www.w3.org\/2000\/svg\" width=\"16\" height=\"16\" fill=\"currentColor\" class=\"bi bi-bag\" viewBox=\"0 0 16 16\"><path d=\"M8 1a2 2 0 0 1 2 2v1h2.5A1.5 1.5 0 0 1 14 5.5v8A1.5 1.5 0 0 1 12.5 15h-9A1.5 1.5 0 0 1 2 13.5v-8A1.5 1.5 0 0 1 3.5 3H6V2a2 2 0 0 1 2-1zm1 3V3a1 1 0 0 0-2 0v1h2z\"\/><\/svg>K\u00f8b her<\/span><p class=\"rapido\">Kundernes favorit<\/p><\/div><div class=\"lp-produit\"><div class=\"lp-thumbnail-wrapper\"><img loading=\"lazy\" decoding=\"async\" width=\"300\" height=\"300\" src=\"https:\/\/interflora.dk\/blog\/wp-content\/uploads\/2025\/09\/Enkelte_roser_168_0-1-300x300.jpg\" class=\"attachment-medium size-medium wp-post-image\" alt=\"\" srcset=\"https:\/\/interflora.dk\/blog\/wp-content\/uploads\/2025\/09\/Enkelte_roser_168_0-1-300x300.jpg 300w, https:\/\/interflora.dk\/blog\/wp-content\/uploads\/2025\/09\/Enkelte_roser_168_0-1-1024x1024.jpg 1024w, https:\/\/interflora.dk\/blog\/wp-content\/uploads\/2025\/09\/Enkelte_roser_168_0-1-150x150.jpg 150w, https:\/\/interflora.dk\/blog\/wp-content\/uploads\/2025\/09\/Enkelte_roser_168_0-1-768x768.jpg 768w, https:\/\/interflora.dk\/blog\/wp-content\/uploads\/2025\/09\/Enkelte_roser_168_0-1.jpg 1188w\" sizes=\"auto, (max-width: 300px) 100vw, 300px\" \/><img decoding=\"async\" class=\"lp-badge\" src=\"https:\/\/prodblog.interflora.dk\/blog\/wp-content\/uploads\/2025\/09\/220422_INTERFLORA_Main_Logo_rgb_Main_Color.avif\" alt=\"Send blomster med Interflora\"><\/div><span>R\u00f8de roser 70-80 cm pr. stk.<\/span><p>Fra 75 kr.<\/p><span class=\"obf-link lp-cta\" role=\"link\" tabindex=\"0\" data-b64=\"aHR0cHM6Ly9pbnRlcmZsb3JhLmRrL3Byb2R1a3Qvcm9kZS1yb3Nlci02MC04MGNtP3V0bV9tZWRpdW09b3JnYW5pYyZ1dG1fc291cmNlPWJsb2dfcHJvZHVjdHMmdXRtX2NhbXBhaWduPTE2OQ==\" data-target=\"_blank\"><svg xmlns=\"http:\/\/www.w3.org\/2000\/svg\" width=\"16\" height=\"16\" fill=\"currentColor\" class=\"bi bi-bag\" viewBox=\"0 0 16 16\"><path d=\"M8 1a2 2 0 0 1 2 2v1h2.5A1.5 1.5 0 0 1 14 5.5v8A1.5 1.5 0 0 1 12.5 15h-9A1.5 1.5 0 0 1 2 13.5v-8A1.5 1.5 0 0 1 3.5 3H6V2a2 2 0 0 1 2-1zm1 3V3a1 1 0 0 0-2 0v1h2z\"\/><\/svg>K\u00f8b her<\/span><p class=\"rapido\">Kundernes favorit<\/p><\/div><\/div>\n","protected":false},"excerpt":{"rendered":"<p>P.S. Jeg elsker dig af Cecelia Ahern&nbsp; I denne gribende k\u00e6rlighedshistorie udforsker Cecelia Ahern k\u00e6rlighedsbrevenes helbredende kraft. F\u00f8lg den bev\u00e6gende [&hellip;]<\/p>\n","protected":false},"author":1,"featured_media":40079,"comment_status":"open","ping_status":"open","sticky":false,"template":"","format":"standard","meta":{"_uag_custom_page_level_css":"","site-sidebar-layout":"default","site-content-layout":"","ast-site-content-layout":"default","site-content-style":"default","site-sidebar-style":"default","ast-global-header-display":"","ast-banner-title-visibility":"","ast-main-header-display":"","ast-hfb-above-header-display":"","ast-hfb-below-header-display":"","ast-hfb-mobile-header-display":"","site-post-title":"","ast-breadcrumbs-content":"","ast-featured-img":"","footer-sml-layout":"","ast-disable-related-posts":"","theme-transparent-header-meta":"","adv-header-id-meta":"","stick-header-meta":"","header-above-stick-meta":"","header-main-stick-meta":"","header-below-stick-meta":"","astra-migrate-meta-layouts":"set","ast-page-background-enabled":"default","ast-page-background-meta":{"desktop":{"background-color":"var(--ast-global-color-4)","background-image":"","background-repeat":"repeat","background-position":"center center","background-size":"auto","background-attachment":"scroll","background-type":"","background-media":"","overlay-type":"","overlay-color":"","overlay-opacity":"","overlay-gradient":""},"tablet":{"background-color":"","background-image":"","background-repeat":"repeat","background-position":"center center","background-size":"auto","background-attachment":"scroll","background-type":"","background-media":"","overlay-type":"","overlay-color":"","overlay-opacity":"","overlay-gradient":""},"mobile":{"background-color":"","background-image":"","background-repeat":"repeat","background-position":"center center","background-size":"auto","background-attachment":"scroll","background-type":"","background-media":"","overlay-type":"","overlay-color":"","overlay-opacity":"","overlay-gradient":""}},"ast-content-background-meta":{"desktop":{"background-color":"var(--ast-global-color-5)","background-image":"","background-repeat":"repeat","background-position":"center center","background-size":"auto","background-attachment":"scroll","background-type":"","background-media":"","overlay-type":"","overlay-color":"","overlay-opacity":"","overlay-gradient":""},"tablet":{"background-color":"var(--ast-global-color-5)","background-image":"","background-repeat":"repeat","background-position":"center center","background-size":"auto","background-attachment":"scroll","background-type":"","background-media":"","overlay-type":"","overlay-color":"","overlay-opacity":"","overlay-gradient":""},"mobile":{"background-color":"var(--ast-global-color-5)","background-image":"","background-repeat":"repeat","background-position":"center center","background-size":"auto","background-attachment":"scroll","background-type":"","background-media":"","overlay-type":"","overlay-color":"","overlay-opacity":"","overlay-gradient":""}},"footnotes":""},"categories":[167,184],"tags":[183],"class_list":["post-40078","post","type-post","status-publish","format-standard","has-post-thumbnail","hentry","category-anledninger","category-valentinsdag","tag-valentinsdag"],"yoast_head":"<!-- This site is optimized with the Yoast SEO plugin v27.4 - https:\/\/yoast.com\/product\/yoast-seo-wordpress\/ -->\n<title>Romantisk litteratur til din Valentinsdag | Interflora<\/title>\n<meta name=\"description\" content=\"Valentinsdag er den perfekte lejlighed til at fordybe sig i en k\u00e6rlighedshistorie eller for\u00e6re en romantisk bog til en du holder af.\" \/>\n<meta name=\"robots\" content=\"index, follow, max-snippet:-1, max-image-preview:large, max-video-preview:-1\" \/>\n<link rel=\"canonical\" href=\"https:\/\/interflora.dk\/blog\/romantiske-boger-om-kaerlighed\/\" \/>\n<meta property=\"og:locale\" content=\"da_DK\" \/>\n<meta property=\"og:type\" content=\"article\" \/>\n<meta property=\"og:title\" content=\"Romantisk litteratur til din Valentinsdag | Interflora\" \/>\n<meta property=\"og:description\" content=\"Valentinsdag er den perfekte lejlighed til at fordybe sig i en k\u00e6rlighedshistorie eller for\u00e6re en romantisk bog til en du holder af.\" \/>\n<meta property=\"og:url\" content=\"https:\/\/interflora.dk\/blog\/romantiske-boger-om-kaerlighed\/\" \/>\n<meta property=\"og:site_name\" content=\"Interflora\" \/>\n<meta property=\"article:publisher\" content=\"https:\/\/www.facebook.com\/InterfloraDanmark\" \/>\n<meta property=\"article:published_time\" content=\"2026-01-05T09:16:00+00:00\" \/>\n<meta property=\"article:modified_time\" content=\"2026-01-15T14:31:42+00:00\" \/>\n<meta property=\"og:image\" content=\"https:\/\/interflora.dk\/blog\/wp-content\/uploads\/2024\/01\/poesia-1-1.jpg\" \/>\n\t<meta property=\"og:image:width\" content=\"700\" \/>\n\t<meta property=\"og:image:height\" content=\"411\" \/>\n\t<meta property=\"og:image:type\" content=\"image\/jpeg\" \/>\n<meta name=\"author\" content=\"admin\" \/>\n<meta name=\"twitter:card\" content=\"summary_large_image\" \/>\n<meta name=\"twitter:label1\" content=\"Skrevet af\" \/>\n\t<meta name=\"twitter:data1\" content=\"admin\" \/>\n\t<meta name=\"twitter:label2\" content=\"Estimeret l\u00e6setid\" \/>\n\t<meta name=\"twitter:data2\" content=\"5 minutter\" \/>\n<script type=\"application\/ld+json\" class=\"yoast-schema-graph\">{\"@context\":\"https:\\\/\\\/schema.org\",\"@graph\":[{\"@type\":\"Article\",\"@id\":\"https:\\\/\\\/interflora.dk\\\/blog\\\/romantiske-boger-om-kaerlighed\\\/#article\",\"isPartOf\":{\"@id\":\"https:\\\/\\\/interflora.dk\\\/blog\\\/romantiske-boger-om-kaerlighed\\\/\"},\"author\":{\"name\":\"admin\",\"@id\":\"https:\\\/\\\/interflora.dk\\\/blog\\\/#\\\/schema\\\/person\\\/dbbd1ad45e05409c356dc639597669f2\"},\"headline\":\"Litteratur og k\u00e6rlighed: Romaner om k\u00e6rlighed til Valentinsdag\u00a0\",\"datePublished\":\"2026-01-05T09:16:00+00:00\",\"dateModified\":\"2026-01-15T14:31:42+00:00\",\"mainEntityOfPage\":{\"@id\":\"https:\\\/\\\/interflora.dk\\\/blog\\\/romantiske-boger-om-kaerlighed\\\/\"},\"wordCount\":1018,\"commentCount\":0,\"publisher\":{\"@id\":\"https:\\\/\\\/interflora.dk\\\/blog\\\/#organization\"},\"image\":{\"@id\":\"https:\\\/\\\/interflora.dk\\\/blog\\\/romantiske-boger-om-kaerlighed\\\/#primaryimage\"},\"thumbnailUrl\":\"https:\\\/\\\/interflora.dk\\\/blog\\\/wp-content\\\/uploads\\\/2024\\\/01\\\/poesia-1-1.jpg\",\"keywords\":[\"Valentinsdag\"],\"articleSection\":[\"Interfloras guide til alle anledninger\",\"Vores tips og inspiration til Valentinsdag\"],\"inLanguage\":\"da-DK\",\"potentialAction\":[{\"@type\":\"CommentAction\",\"name\":\"Comment\",\"target\":[\"https:\\\/\\\/interflora.dk\\\/blog\\\/romantiske-boger-om-kaerlighed\\\/#respond\"]}]},{\"@type\":\"WebPage\",\"@id\":\"https:\\\/\\\/interflora.dk\\\/blog\\\/romantiske-boger-om-kaerlighed\\\/\",\"url\":\"https:\\\/\\\/interflora.dk\\\/blog\\\/romantiske-boger-om-kaerlighed\\\/\",\"name\":\"Romantisk litteratur til din Valentinsdag | Interflora\",\"isPartOf\":{\"@id\":\"https:\\\/\\\/interflora.dk\\\/blog\\\/#website\"},\"primaryImageOfPage\":{\"@id\":\"https:\\\/\\\/interflora.dk\\\/blog\\\/romantiske-boger-om-kaerlighed\\\/#primaryimage\"},\"image\":{\"@id\":\"https:\\\/\\\/interflora.dk\\\/blog\\\/romantiske-boger-om-kaerlighed\\\/#primaryimage\"},\"thumbnailUrl\":\"https:\\\/\\\/interflora.dk\\\/blog\\\/wp-content\\\/uploads\\\/2024\\\/01\\\/poesia-1-1.jpg\",\"datePublished\":\"2026-01-05T09:16:00+00:00\",\"dateModified\":\"2026-01-15T14:31:42+00:00\",\"description\":\"Valentinsdag er den perfekte lejlighed til at fordybe sig i en k\u00e6rlighedshistorie eller for\u00e6re en romantisk bog til en du holder af.\",\"breadcrumb\":{\"@id\":\"https:\\\/\\\/interflora.dk\\\/blog\\\/romantiske-boger-om-kaerlighed\\\/#breadcrumb\"},\"inLanguage\":\"da-DK\",\"potentialAction\":[{\"@type\":\"ReadAction\",\"target\":[\"https:\\\/\\\/interflora.dk\\\/blog\\\/romantiske-boger-om-kaerlighed\\\/\"]}]},{\"@type\":\"ImageObject\",\"inLanguage\":\"da-DK\",\"@id\":\"https:\\\/\\\/interflora.dk\\\/blog\\\/romantiske-boger-om-kaerlighed\\\/#primaryimage\",\"url\":\"https:\\\/\\\/interflora.dk\\\/blog\\\/wp-content\\\/uploads\\\/2024\\\/01\\\/poesia-1-1.jpg\",\"contentUrl\":\"https:\\\/\\\/interflora.dk\\\/blog\\\/wp-content\\\/uploads\\\/2024\\\/01\\\/poesia-1-1.jpg\",\"width\":700,\"height\":411,\"caption\":\"poesi bl\u00e6kpen\"},{\"@type\":\"BreadcrumbList\",\"@id\":\"https:\\\/\\\/interflora.dk\\\/blog\\\/romantiske-boger-om-kaerlighed\\\/#breadcrumb\",\"itemListElement\":[{\"@type\":\"ListItem\",\"position\":1,\"name\":\"Home\",\"item\":\"https:\\\/\\\/interflora.dk\\\/blog\\\/\"},{\"@type\":\"ListItem\",\"position\":2,\"name\":\"Litteratur og k\u00e6rlighed: Romaner om k\u00e6rlighed til Valentinsdag\u00a0\"}]},{\"@type\":\"WebSite\",\"@id\":\"https:\\\/\\\/interflora.dk\\\/blog\\\/#website\",\"url\":\"https:\\\/\\\/interflora.dk\\\/blog\\\/\",\"name\":\"Interflora\",\"description\":\"\",\"publisher\":{\"@id\":\"https:\\\/\\\/interflora.dk\\\/blog\\\/#organization\"},\"potentialAction\":[{\"@type\":\"SearchAction\",\"target\":{\"@type\":\"EntryPoint\",\"urlTemplate\":\"https:\\\/\\\/interflora.dk\\\/blog\\\/?s={search_term_string}\"},\"query-input\":{\"@type\":\"PropertyValueSpecification\",\"valueRequired\":true,\"valueName\":\"search_term_string\"}}],\"inLanguage\":\"da-DK\"},{\"@type\":\"Organization\",\"@id\":\"https:\\\/\\\/interflora.dk\\\/blog\\\/#organization\",\"name\":\"Interflora\",\"url\":\"https:\\\/\\\/interflora.dk\\\/blog\\\/\",\"logo\":{\"@type\":\"ImageObject\",\"inLanguage\":\"da-DK\",\"@id\":\"https:\\\/\\\/interflora.dk\\\/blog\\\/#\\\/schema\\\/logo\\\/image\\\/\",\"url\":\"https:\\\/\\\/interflora.dk\\\/blog\\\/wp-content\\\/uploads\\\/2025\\\/09\\\/220422_INTERFLORA_Logo_rgb_Half_Top_Circle_Main_Color.png\",\"contentUrl\":\"https:\\\/\\\/interflora.dk\\\/blog\\\/wp-content\\\/uploads\\\/2025\\\/09\\\/220422_INTERFLORA_Logo_rgb_Half_Top_Circle_Main_Color.png\",\"width\":1418,\"height\":710,\"caption\":\"Interflora\"},\"image\":{\"@id\":\"https:\\\/\\\/interflora.dk\\\/blog\\\/#\\\/schema\\\/logo\\\/image\\\/\"},\"sameAs\":[\"https:\\\/\\\/www.facebook.com\\\/InterfloraDanmark\",\"https:\\\/\\\/www.instagram.com\\\/interfloradk\",\"https:\\\/\\\/www.linkedin.com\\\/company\\\/interfloradanmark\",\"https:\\\/\\\/www.youtube.com\\\/user\\\/InterfloraTV\"]},{\"@type\":\"Person\",\"@id\":\"https:\\\/\\\/interflora.dk\\\/blog\\\/#\\\/schema\\\/person\\\/dbbd1ad45e05409c356dc639597669f2\",\"name\":\"admin\",\"image\":{\"@type\":\"ImageObject\",\"inLanguage\":\"da-DK\",\"@id\":\"https:\\\/\\\/interflora.dk\\\/blog\\\/wp-content\\\/litespeed\\\/avatar\\\/1fe3cced9e67df62d0a6f995d75823a5.jpg?ver=1776935036\",\"url\":\"https:\\\/\\\/interflora.dk\\\/blog\\\/wp-content\\\/litespeed\\\/avatar\\\/1fe3cced9e67df62d0a6f995d75823a5.jpg?ver=1776935036\",\"contentUrl\":\"https:\\\/\\\/interflora.dk\\\/blog\\\/wp-content\\\/litespeed\\\/avatar\\\/1fe3cced9e67df62d0a6f995d75823a5.jpg?ver=1776935036\",\"caption\":\"admin\"}}]}<\/script>\n<!-- \/ Yoast SEO plugin. -->","yoast_head_json":{"title":"Romantisk litteratur til din Valentinsdag | Interflora","description":"Valentinsdag er den perfekte lejlighed til at fordybe sig i en k\u00e6rlighedshistorie eller for\u00e6re en romantisk bog til en du holder af.","robots":{"index":"index","follow":"follow","max-snippet":"max-snippet:-1","max-image-preview":"max-image-preview:large","max-video-preview":"max-video-preview:-1"},"canonical":"https:\/\/interflora.dk\/blog\/romantiske-boger-om-kaerlighed\/","og_locale":"da_DK","og_type":"article","og_title":"Romantisk litteratur til din Valentinsdag | Interflora","og_description":"Valentinsdag er den perfekte lejlighed til at fordybe sig i en k\u00e6rlighedshistorie eller for\u00e6re en romantisk bog til en du holder af.","og_url":"https:\/\/interflora.dk\/blog\/romantiske-boger-om-kaerlighed\/","og_site_name":"Interflora","article_publisher":"https:\/\/www.facebook.com\/InterfloraDanmark","article_published_time":"2026-01-05T09:16:00+00:00","article_modified_time":"2026-01-15T14:31:42+00:00","og_image":[{"width":700,"height":411,"url":"https:\/\/interflora.dk\/blog\/wp-content\/uploads\/2024\/01\/poesia-1-1.jpg","type":"image\/jpeg"}],"author":"admin","twitter_card":"summary_large_image","twitter_misc":{"Skrevet af":"admin","Estimeret l\u00e6setid":"5 minutter"},"schema":{"@context":"https:\/\/schema.org","@graph":[{"@type":"Article","@id":"https:\/\/interflora.dk\/blog\/romantiske-boger-om-kaerlighed\/#article","isPartOf":{"@id":"https:\/\/interflora.dk\/blog\/romantiske-boger-om-kaerlighed\/"},"author":{"name":"admin","@id":"https:\/\/interflora.dk\/blog\/#\/schema\/person\/dbbd1ad45e05409c356dc639597669f2"},"headline":"Litteratur og k\u00e6rlighed: Romaner om k\u00e6rlighed til Valentinsdag\u00a0","datePublished":"2026-01-05T09:16:00+00:00","dateModified":"2026-01-15T14:31:42+00:00","mainEntityOfPage":{"@id":"https:\/\/interflora.dk\/blog\/romantiske-boger-om-kaerlighed\/"},"wordCount":1018,"commentCount":0,"publisher":{"@id":"https:\/\/interflora.dk\/blog\/#organization"},"image":{"@id":"https:\/\/interflora.dk\/blog\/romantiske-boger-om-kaerlighed\/#primaryimage"},"thumbnailUrl":"https:\/\/interflora.dk\/blog\/wp-content\/uploads\/2024\/01\/poesia-1-1.jpg","keywords":["Valentinsdag"],"articleSection":["Interfloras guide til alle anledninger","Vores tips og inspiration til Valentinsdag"],"inLanguage":"da-DK","potentialAction":[{"@type":"CommentAction","name":"Comment","target":["https:\/\/interflora.dk\/blog\/romantiske-boger-om-kaerlighed\/#respond"]}]},{"@type":"WebPage","@id":"https:\/\/interflora.dk\/blog\/romantiske-boger-om-kaerlighed\/","url":"https:\/\/interflora.dk\/blog\/romantiske-boger-om-kaerlighed\/","name":"Romantisk litteratur til din Valentinsdag | Interflora","isPartOf":{"@id":"https:\/\/interflora.dk\/blog\/#website"},"primaryImageOfPage":{"@id":"https:\/\/interflora.dk\/blog\/romantiske-boger-om-kaerlighed\/#primaryimage"},"image":{"@id":"https:\/\/interflora.dk\/blog\/romantiske-boger-om-kaerlighed\/#primaryimage"},"thumbnailUrl":"https:\/\/interflora.dk\/blog\/wp-content\/uploads\/2024\/01\/poesia-1-1.jpg","datePublished":"2026-01-05T09:16:00+00:00","dateModified":"2026-01-15T14:31:42+00:00","description":"Valentinsdag er den perfekte lejlighed til at fordybe sig i en k\u00e6rlighedshistorie eller for\u00e6re en romantisk bog til en du holder af.","breadcrumb":{"@id":"https:\/\/interflora.dk\/blog\/romantiske-boger-om-kaerlighed\/#breadcrumb"},"inLanguage":"da-DK","potentialAction":[{"@type":"ReadAction","target":["https:\/\/interflora.dk\/blog\/romantiske-boger-om-kaerlighed\/"]}]},{"@type":"ImageObject","inLanguage":"da-DK","@id":"https:\/\/interflora.dk\/blog\/romantiske-boger-om-kaerlighed\/#primaryimage","url":"https:\/\/interflora.dk\/blog\/wp-content\/uploads\/2024\/01\/poesia-1-1.jpg","contentUrl":"https:\/\/interflora.dk\/blog\/wp-content\/uploads\/2024\/01\/poesia-1-1.jpg","width":700,"height":411,"caption":"poesi bl\u00e6kpen"},{"@type":"BreadcrumbList","@id":"https:\/\/interflora.dk\/blog\/romantiske-boger-om-kaerlighed\/#breadcrumb","itemListElement":[{"@type":"ListItem","position":1,"name":"Home","item":"https:\/\/interflora.dk\/blog\/"},{"@type":"ListItem","position":2,"name":"Litteratur og k\u00e6rlighed: Romaner om k\u00e6rlighed til Valentinsdag\u00a0"}]},{"@type":"WebSite","@id":"https:\/\/interflora.dk\/blog\/#website","url":"https:\/\/interflora.dk\/blog\/","name":"Interflora","description":"","publisher":{"@id":"https:\/\/interflora.dk\/blog\/#organization"},"potentialAction":[{"@type":"SearchAction","target":{"@type":"EntryPoint","urlTemplate":"https:\/\/interflora.dk\/blog\/?s={search_term_string}"},"query-input":{"@type":"PropertyValueSpecification","valueRequired":true,"valueName":"search_term_string"}}],"inLanguage":"da-DK"},{"@type":"Organization","@id":"https:\/\/interflora.dk\/blog\/#organization","name":"Interflora","url":"https:\/\/interflora.dk\/blog\/","logo":{"@type":"ImageObject","inLanguage":"da-DK","@id":"https:\/\/interflora.dk\/blog\/#\/schema\/logo\/image\/","url":"https:\/\/interflora.dk\/blog\/wp-content\/uploads\/2025\/09\/220422_INTERFLORA_Logo_rgb_Half_Top_Circle_Main_Color.png","contentUrl":"https:\/\/interflora.dk\/blog\/wp-content\/uploads\/2025\/09\/220422_INTERFLORA_Logo_rgb_Half_Top_Circle_Main_Color.png","width":1418,"height":710,"caption":"Interflora"},"image":{"@id":"https:\/\/interflora.dk\/blog\/#\/schema\/logo\/image\/"},"sameAs":["https:\/\/www.facebook.com\/InterfloraDanmark","https:\/\/www.instagram.com\/interfloradk","https:\/\/www.linkedin.com\/company\/interfloradanmark","https:\/\/www.youtube.com\/user\/InterfloraTV"]},{"@type":"Person","@id":"https:\/\/interflora.dk\/blog\/#\/schema\/person\/dbbd1ad45e05409c356dc639597669f2","name":"admin","image":{"@type":"ImageObject","inLanguage":"da-DK","@id":"https:\/\/interflora.dk\/blog\/wp-content\/litespeed\/avatar\/1fe3cced9e67df62d0a6f995d75823a5.jpg?ver=1776935036","url":"https:\/\/interflora.dk\/blog\/wp-content\/litespeed\/avatar\/1fe3cced9e67df62d0a6f995d75823a5.jpg?ver=1776935036","contentUrl":"https:\/\/interflora.dk\/blog\/wp-content\/litespeed\/avatar\/1fe3cced9e67df62d0a6f995d75823a5.jpg?ver=1776935036","caption":"admin"}}]}},"uagb_featured_image_src":{"full":["https:\/\/interflora.dk\/blog\/wp-content\/uploads\/2024\/01\/poesia-1-1.jpg",700,411,false],"thumbnail":["https:\/\/interflora.dk\/blog\/wp-content\/uploads\/2024\/01\/poesia-1-1-150x150.jpg",150,150,true],"medium":["https:\/\/interflora.dk\/blog\/wp-content\/uploads\/2024\/01\/poesia-1-1-300x176.jpg",300,176,true],"medium_large":["https:\/\/interflora.dk\/blog\/wp-content\/uploads\/2024\/01\/poesia-1-1.jpg",700,411,false],"large":["https:\/\/interflora.dk\/blog\/wp-content\/uploads\/2024\/01\/poesia-1-1.jpg",700,411,false],"1536x1536":["https:\/\/interflora.dk\/blog\/wp-content\/uploads\/2024\/01\/poesia-1-1.jpg",700,411,false],"2048x2048":["https:\/\/interflora.dk\/blog\/wp-content\/uploads\/2024\/01\/poesia-1-1.jpg",700,411,false]},"uagb_author_info":{"display_name":"admin","author_link":"https:\/\/interflora.dk\/blog\/author\/admin\/"},"uagb_comment_info":0,"uagb_excerpt":"P.S. Jeg elsker dig af Cecelia Ahern&nbsp; I denne gribende k\u00e6rlighedshistorie udforsker Cecelia Ahern k\u00e6rlighedsbrevenes helbredende kraft. F\u00f8lg den bev\u00e6gende [&hellip;]","_links":{"self":[{"href":"https:\/\/interflora.dk\/blog\/wp-json\/wp\/v2\/posts\/40078","targetHints":{"allow":["GET"]}}],"collection":[{"href":"https:\/\/interflora.dk\/blog\/wp-json\/wp\/v2\/posts"}],"about":[{"href":"https:\/\/interflora.dk\/blog\/wp-json\/wp\/v2\/types\/post"}],"author":[{"embeddable":true,"href":"https:\/\/interflora.dk\/blog\/wp-json\/wp\/v2\/users\/1"}],"replies":[{"embeddable":true,"href":"https:\/\/interflora.dk\/blog\/wp-json\/wp\/v2\/comments?post=40078"}],"version-history":[{"count":4,"href":"https:\/\/interflora.dk\/blog\/wp-json\/wp\/v2\/posts\/40078\/revisions"}],"predecessor-version":[{"id":59300,"href":"https:\/\/interflora.dk\/blog\/wp-json\/wp\/v2\/posts\/40078\/revisions\/59300"}],"wp:featuredmedia":[{"embeddable":true,"href":"https:\/\/interflora.dk\/blog\/wp-json\/wp\/v2\/media\/40079"}],"wp:attachment":[{"href":"https:\/\/interflora.dk\/blog\/wp-json\/wp\/v2\/media?parent=40078"}],"wp:term":[{"taxonomy":"category","embeddable":true,"href":"https:\/\/interflora.dk\/blog\/wp-json\/wp\/v2\/categories?post=40078"},{"taxonomy":"post_tag","embeddable":true,"href":"https:\/\/interflora.dk\/blog\/wp-json\/wp\/v2\/tags?post=40078"}],"curies":[{"name":"wp","href":"https:\/\/api.w.org\/{rel}","templated":true}]}}