{"id":40433,"date":"2024-01-06T12:09:35","date_gmt":"2024-01-06T11:09:35","guid":{"rendered":"https:\/\/interflora.dk\/blog\/?p=40433"},"modified":"2024-01-06T12:09:35","modified_gmt":"2024-01-06T11:09:35","slug":"verdens-mest-sjaeldne-orkide","status":"publish","type":"post","link":"https:\/\/interflora.dk\/blog\/verdens-mest-sjaeldne-orkide\/","title":{"rendered":"Hvad er de sj\u00e6ldneste orkid\u00e9er i verden?"},"content":{"rendered":"\n<p>Orkid\u00e9en har altid fascineret mennesker, og det er selvf\u00f8lgelig p\u00e5 grund af dens helt utrolige former og farver \u2013 men ogs\u00e5 fordi denne plante findes i tusindvis af varianter og sorter. Det er ret normalt at for\u00e6re orkideer v\u00e6k til alle slags lejligheder som fx et bryllup eller mors dag \u2013 og det kan b\u00e5de v\u00e6re den storsl\u00e5ede Phalaenopsis eller sommerfugleorkid\u00e9en. Nogle varianter af orkideer er dog meget mere sj\u00e6ldne at st\u00f8de p\u00e5. Og desuden opdager botanikere faktisk nye varianter hvert \u00e5r. Vil du se den mystiske verden af de mest sj\u00e6ldne orkideer? Kig med her for at se nogle af de sj\u00e6ldne og fantastiske planter.<\/p>\n\n\n\n<h2 class=\"wp-block-heading alignwide has-text-align-center\">Hvorfor er bestemte slags orkid\u00e9er sj\u00e6ldne?<\/h2>\n\n\n\n<p><a href=\"https:\/\/interflora.dk\/blog\/orkide\/\" target=\"_blank\" rel=\"noreferrer noopener\">Orkideen<\/a> er en\u00a0<strong>plantefamilie, der vokser overalt p\u00e5 Jorden<\/strong>: De findes p\u00e5 alle kontinenter. Langt de fleste af <a href=\"https:\/\/interflora.dk\/blog\/orkidesorter\/\" target=\"_blank\" rel=\"noreferrer noopener\">de forskellige orkid\u00e9er<\/a> besidder de tropiske egenskaber, som vi kender fra de mest udbredte arter bl.a. Phalaenopsis. Og mennesker har faktisk dyrket orkid\u00e9er i tusinder af \u00e5r. Men det sker ogs\u00e5, at nogle arter er meget sj\u00e6ldnere.\u00a0<\/p>\n\n\n\n<div class=\"wp-block-media-text alignwide is-stacked-on-mobile is-image-fill\" style=\"grid-template-columns:33% auto\"><figure class=\"wp-block-media-text__media\" style=\"background-image:url(https:\/\/interflora.dk\/blog\/wp-content\/uploads\/sjaeldne-orkide-8.png);background-position:50% 50%\"><img loading=\"lazy\" decoding=\"async\" width=\"500\" height=\"500\" src=\"https:\/\/interflora.dk\/blog\/wp-content\/uploads\/sjaeldne-orkide-8.png\" alt=\"r\u00f8d orkid\u00e9\" class=\"wp-image-40441 size-full\"\/><\/figure><div class=\"wp-block-media-text__content\">\n<p>Hvorfor er nogle orkideer s\u00e5 sj\u00e6ldne?&nbsp;&nbsp;<\/p>\n\n\n\n<ul class=\"wp-block-list\">\n<li><strong>Fordi de vokser i et specielt milj\u00f8<\/strong>: Nogle orkideer vokser fx under jorden&nbsp;&nbsp;<\/li>\n\n\n\n<li><strong>Fordi de er ekstremt skr\u00f8belige<\/strong>: De er allerede kendt for at v\u00e6re sv\u00e6re at dyrke, s\u00e5 det kan kr\u00e6ve virkelig gr\u00f8nne fingre&nbsp;&nbsp;<\/li>\n\n\n\n<li><strong>Fordi de er skabt af forskere<\/strong>: Nogle orkid\u00e9hybrider er \u00e6gte videnskabelige perler, hvor de kun er skabt i f\u00e5 eksemplarer&nbsp;<\/li>\n\n\n\n<li><strong>Fordi de gror i et truet milj\u00f8<\/strong>: En orkid\u00e9 kan v\u00e6re sj\u00e6lden, hvis den er ved at udd\u00f8 p\u00e5 grund af milj\u00f8skader. Faktisk er det s\u00e5dan, at alle orkid\u00e9er, sj\u00e6lden eller ej, originale eller hybride, er opf\u00f8rt i CITES-registrene eller Washington-konventionen, som er en international aftale fra 1973 med form\u00e5let om at beskytte truet flora.&nbsp;<\/li>\n\n\n\n<li><strong>Fordi de har brug for et bestemt insekt<\/strong>: Visse sj\u00e6ldne orkid\u00e9er lever i symbiose med et enkelt best\u00f8vende insekt (bi, eksotiske fluer osv.) og findes derfor kun, hvor dette bestemte insekt lever.&nbsp;<\/li>\n<\/ul>\n\n\n\n<p>Selvf\u00f8lgelig&nbsp;<strong>har en sj\u00e6lden orkid\u00e9 en pris, der svarer til, hvor sj\u00e6lden den er<\/strong>. Mens en klassisk orkid\u00e9 som en Phalaenopsis s\u00e6lges p\u00e5 markedet til en overkommelig pris, kan sj\u00e6ldnere blomster som fx k\u00e6mpe orkideer hurtigt s\u00e6lges til ti gange prisen, og den sj\u00e6ldneste orkid\u00e9 i verden blev k\u00f8bt p\u00e5 auktion til en helt vanvittig pris, der svarede til over kr. 1 500 000!&nbsp;<\/p>\n\n\n\n<div class=\"wp-block-buttons is-content-justification-center is-layout-flex wp-container-core-buttons-is-layout-a89b3969 wp-block-buttons-is-layout-flex\">\n<div class=\"wp-block-button has-custom-font-size has-medium-font-size\"><a class=\"wp-block-button__link wp-element-button\" href=\"https:\/\/interflora.dk\/produkter\/orkideer\" target=\"_blank\" rel=\"noreferrer noopener\">Vores orkid\u00e9er<\/a><\/div>\n<\/div>\n<\/div><\/div>\n\n\n\n<div style=\"height:20px\" aria-hidden=\"true\" class=\"wp-block-spacer\"><\/div>\n\n\n\n<h2 class=\"wp-block-heading alignwide has-text-align-center\">Hvad er de mest sj\u00e6ldne orkid\u00e9er?<\/h2>\n\n\n\n<p>Blandt de mere end 30.000 arter orkideer findes der nogle mere exceptionelle blomster, der er meget eftertragtede af samlere og botanikere verden rundt. Alle sj\u00e6ldne orkid\u00e9er er en perle, der vil overraske med sine unikke egenskaber. Her kan du se nogle af de mest sj\u00e6ldne sorter, men pas p\u00e5 \u2013 wow-effekten kan nemt sl\u00e5 dig omkuld!&nbsp;<\/p>\n\n\n\n<p>Se de fortryllende og mystiske navne p\u00e5 alle disse sj\u00e6ldne orkid\u00e9er, mens vi tager dig p\u00e5 storsl\u00e5et blomsterrejse rundt om p\u00e5 vores bl\u00e5 planet:&nbsp;<\/p>\n\n\n\n<div class=\"wp-block-media-text alignwide is-stacked-on-mobile is-image-fill\" style=\"grid-template-columns:33% auto\"><figure class=\"wp-block-media-text__media\" style=\"background-image:url(https:\/\/interflora.dk\/blog\/wp-content\/uploads\/sjaeldne-orkide-2.jpg);background-position:50% 50%\"><img loading=\"lazy\" decoding=\"async\" width=\"750\" height=\"500\" src=\"https:\/\/interflora.dk\/blog\/wp-content\/uploads\/sjaeldne-orkide-2.jpg\" alt=\"Rothschild\u2019s Slipper Orchid\" class=\"wp-image-40444 size-full\"\/><\/figure><div class=\"wp-block-media-text__content\">\n<h3 class=\"wp-block-heading\">Den sj\u00e6ldneste orkid\u00e9: Guldet fra Kinabalu<\/h3>\n\n\n\n<p>Den kaldes ogs\u00e5&nbsp;<em><strong>Rothschild\u2019s Slipper Orchid<\/strong><\/em>, findes kun ved foden af Mount Kinabalu i Malaysia. Planten f\u00e5r navnet fra sine storsl\u00e5ede guld- og kobberfarvede blade og blomster \u2013 men ogs\u00e5 p\u00e5 grund af dens utroligt h\u00f8je pris, der er meget til at g\u00f8re den meget eftertragtet (ca. kr. 37 000 \u2013 og det er uden leveringsomkostninger!).&nbsp;<\/p>\n<\/div><\/div>\n\n\n\n<div style=\"height:20px\" aria-hidden=\"true\" class=\"wp-block-spacer\"><\/div>\n\n\n\n<div class=\"wp-block-media-text alignwide has-media-on-the-right is-stacked-on-mobile is-image-fill\" style=\"grid-template-columns:auto 33%\"><div class=\"wp-block-media-text__content\">\n<h3 class=\"wp-block-heading has-text-align-left\">En truet sk\u00f8nhed: Peristeria elata<\/h3>\n\n\n\n<p>Peristeria elata eller \u201c<strong>Holy Ghost orchid<\/strong>\u201d er en symbolsk blomst i Central- og Sydamerika \u2013 og s\u00e5 er det faktisk Panamas nationalblomst. Blomsten popularitet er dog ikke altid for det gode, da den massive indsamling af blomsten har gjort har f\u00f8rt til, at myndighederne i Washington-konventionen har klassificeret den som en truet art.&nbsp;<\/p>\n<\/div><figure class=\"wp-block-media-text__media\" style=\"background-image:url(https:\/\/interflora.dk\/blog\/wp-content\/uploads\/sjaeldne-orkide-5.jpg);background-position:50% 50%\"><img loading=\"lazy\" decoding=\"async\" width=\"755\" height=\"500\" src=\"https:\/\/interflora.dk\/blog\/wp-content\/uploads\/sjaeldne-orkide-5.jpg\" alt=\"Peristeria elata\" class=\"wp-image-40445 size-full\"\/><\/figure><\/div>\n\n\n\n<div style=\"height:20px\" aria-hidden=\"true\" class=\"wp-block-spacer\"><\/div>\n\n\n\n<div class=\"wp-block-media-text alignwide is-stacked-on-mobile is-image-fill\" style=\"grid-template-columns:33% auto\"><figure class=\"wp-block-media-text__media\" style=\"background-image:url(https:\/\/interflora.dk\/blog\/wp-content\/uploads\/sjaeldne-orkide-4.png);background-position:50% 50%\"><img loading=\"lazy\" decoding=\"async\" width=\"432\" height=\"647\" src=\"https:\/\/interflora.dk\/blog\/wp-content\/uploads\/sjaeldne-orkide-4.png\" alt=\"Gastrodia agnicellus\" class=\"wp-image-40447 size-full\"\/><\/figure><div class=\"wp-block-media-text__content\">\n<h3 class=\"wp-block-heading\">Den grimmeste i verden<\/h3>\n\n\n\n<p><strong>Gastrodia agnicellus<\/strong>&nbsp;er en orkidetype, der vokser under jorden (kartoffelorkid\u00e9), der i 2020 blev k\u00e5ret som den grimmeste blomstersort i verden (&#8220;world\u2019s ugliest orchid&#8221;) af britiske forskere. Som andre sorter, hvis fr\u00f8 er spredt, lever den i symbiose med svampe.&nbsp;<\/p>\n<\/div><\/div>\n\n\n\n<div style=\"height:20px\" aria-hidden=\"true\" class=\"wp-block-spacer\"><\/div>\n\n\n\n<div class=\"wp-block-media-text alignwide has-media-on-the-right is-stacked-on-mobile is-image-fill\" style=\"grid-template-columns:auto 33%\"><div class=\"wp-block-media-text__content\">\n<h3 class=\"wp-block-heading\">Den fr\u00e6kkeste: Naked man orchid<\/h3>\n\n\n\n<p><strong>Orchis italica<\/strong>&nbsp;er en noget overraskende og sj\u00e6lden art. Som navnet p\u00e5 engelsk &#8220;Naked man orchid&#8221; indikerer, ligner dens blomst lidt &#8230; en n\u00f8gen mand! Men m\u00e5 dog sige, at det ellers lever op til orkid\u00e9ens etymologiske oprindelse, da navnet &#8220;orchis&#8221; betyder testikel p\u00e5 oldgr\u00e6sk.&nbsp;<\/p>\n<\/div><figure class=\"wp-block-media-text__media\" style=\"background-image:url(https:\/\/interflora.dk\/blog\/wp-content\/uploads\/sjaeldne-orkide-6.jpg);background-position:50% 50%\"><img loading=\"lazy\" decoding=\"async\" width=\"750\" height=\"500\" src=\"https:\/\/interflora.dk\/blog\/wp-content\/uploads\/sjaeldne-orkide-6.jpg\" alt=\"Orchis italica\" class=\"wp-image-40448 size-full\"\/><\/figure><\/div>\n\n\n\n<div style=\"height:20px\" aria-hidden=\"true\" class=\"wp-block-spacer\"><\/div>\n\n\n\n<div class=\"wp-block-media-text alignwide is-stacked-on-mobile is-image-fill\" style=\"grid-template-columns:33% auto\"><figure class=\"wp-block-media-text__media\" style=\"background-image:url(https:\/\/interflora.dk\/blog\/wp-content\/uploads\/sjaeldne-orkide-3.jpg);background-position:50% 50%\"><img loading=\"lazy\" decoding=\"async\" width=\"667\" height=\"500\" src=\"https:\/\/interflora.dk\/blog\/wp-content\/uploads\/sjaeldne-orkide-3.jpg\" alt=\"Dracula simia\" class=\"wp-image-40450 size-full\"\/><\/figure><div class=\"wp-block-media-text__content\">\n<h3 class=\"wp-block-heading\">Den mest dyriske: Dracula simia<\/h3>\n\n\n\n<p>Den sj\u00e6ldne orkid\u00e9 Dracula simia eller&nbsp;<strong>abehovedorkid\u00e9&nbsp;<\/strong>har en blomst med et meget specielt udseende, der ligner lidt ansigtet p\u00e5 en abe. Det er, som om at man p\u00e5 Dracula simia kan se \u00f8jne, n\u00e6se og endda l\u00e6ber fra dyret. &#8220;Dracula&#8221; er faktisk ikke relateret til ordet vampyr, men betyder &#8220;lille drage&#8221;, og det skyldes dens majest\u00e6tiske kronblade.&nbsp;<\/p>\n<\/div><\/div>\n\n\n\n<div style=\"height:20px\" aria-hidden=\"true\" class=\"wp-block-spacer\"><\/div>\n\n\n\n<div class=\"wp-block-media-text alignwide has-media-on-the-right is-stacked-on-mobile is-image-fill\" style=\"grid-template-columns:auto 33%\"><div class=\"wp-block-media-text__content\">\n<h3 class=\"wp-block-heading\">Ballerinaorkid\u00e9en<\/h3>\n\n\n\n<p>Hvordan kan man ikke blive helt betaget og forelsket i denne sj\u00e6ldne orkid\u00e9, hvis blomst ligner en ballerinaprinsesse? Denne blomst er noget helt s\u00e6rligt, der minder en om den unikke magi ved ballet.<\/p>\n\n\n\n<p>Hvilken sj\u00e6lden orkid\u00e9 ville du gerne have i din have eller derhjemme?&nbsp;<\/p>\n<\/div><figure class=\"wp-block-media-text__media\" style=\"background-image:url(https:\/\/interflora.dk\/blog\/wp-content\/uploads\/sjaeldne-orkide-7.jpg);background-position:50% 50%\"><img decoding=\"async\" src=\"https:\/\/interflora.dk\/blog\/wp-content\/uploads\/sjaeldne-orkide-7.jpg\" alt=\"Ballerinaorkid\u00e9en\" class=\"wp-image-40451 size-full\"\/><\/figure><\/div>\n","protected":false},"excerpt":{"rendered":"<p>Orkid\u00e9en har altid fascineret mennesker, og det er selvf\u00f8lgelig p\u00e5 grund af dens helt utrolige former og farver \u2013 men [&hellip;]<\/p>\n","protected":false},"author":1,"featured_media":40437,"comment_status":"open","ping_status":"open","sticky":false,"template":"","format":"standard","meta":{"_uag_custom_page_level_css":"","site-sidebar-layout":"default","site-content-layout":"","ast-site-content-layout":"default","site-content-style":"default","site-sidebar-style":"default","ast-global-header-display":"","ast-banner-title-visibility":"","ast-main-header-display":"","ast-hfb-above-header-display":"","ast-hfb-below-header-display":"","ast-hfb-mobile-header-display":"","site-post-title":"","ast-breadcrumbs-content":"","ast-featured-img":"","footer-sml-layout":"","ast-disable-related-posts":"","theme-transparent-header-meta":"","adv-header-id-meta":"","stick-header-meta":"","header-above-stick-meta":"","header-main-stick-meta":"","header-below-stick-meta":"","astra-migrate-meta-layouts":"set","ast-page-background-enabled":"default","ast-page-background-meta":{"desktop":{"background-color":"var(--ast-global-color-5)","background-image":"","background-repeat":"repeat","background-position":"center center","background-size":"auto","background-attachment":"scroll","background-type":"","background-media":"","overlay-type":"","overlay-color":"","overlay-opacity":"","overlay-gradient":""},"tablet":{"background-color":"","background-image":"","background-repeat":"repeat","background-position":"center center","background-size":"auto","background-attachment":"scroll","background-type":"","background-media":"","overlay-type":"","overlay-color":"","overlay-opacity":"","overlay-gradient":""},"mobile":{"background-color":"","background-image":"","background-repeat":"repeat","background-position":"center center","background-size":"auto","background-attachment":"scroll","background-type":"","background-media":"","overlay-type":"","overlay-color":"","overlay-opacity":"","overlay-gradient":""}},"ast-content-background-meta":{"desktop":{"background-color":"var(--ast-global-color-4)","background-image":"","background-repeat":"repeat","background-position":"center center","background-size":"auto","background-attachment":"scroll","background-type":"","background-media":"","overlay-type":"","overlay-color":"","overlay-opacity":"","overlay-gradient":""},"tablet":{"background-color":"var(--ast-global-color-4)","background-image":"","background-repeat":"repeat","background-position":"center center","background-size":"auto","background-attachment":"scroll","background-type":"","background-media":"","overlay-type":"","overlay-color":"","overlay-opacity":"","overlay-gradient":""},"mobile":{"background-color":"var(--ast-global-color-4)","background-image":"","background-repeat":"repeat","background-position":"center center","background-size":"auto","background-attachment":"scroll","background-type":"","background-media":"","overlay-type":"","overlay-color":"","overlay-opacity":"","overlay-gradient":""}},"footnotes":""},"categories":[215,221,165,234],"tags":[164],"class_list":["post-40433","post","type-post","status-publish","format-standard","has-post-thumbnail","hentry","category-blomstrende-planter","category-havearbejde","category-orkide","category-planter","tag-orkide"],"yoast_head":"<!-- This site is optimized with the Yoast SEO plugin v27.4 - https:\/\/yoast.com\/product\/yoast-seo-wordpress\/ -->\n<title>Hvad er verdens mest sj\u00e6ldne orkid\u00e9? | Interflora<\/title>\n<meta name=\"description\" content=\"Med formen af hovedet p\u00e5 en abe, en ballerina eller m\u00e5ske endda en n\u00f8gen mand \u2013 hvad er de mest sj\u00e6ldne orkideer i verden?\" \/>\n<meta name=\"robots\" content=\"index, follow, max-snippet:-1, max-image-preview:large, max-video-preview:-1\" \/>\n<link rel=\"canonical\" href=\"https:\/\/interflora.dk\/blog\/verdens-mest-sjaeldne-orkide\/\" \/>\n<meta property=\"og:locale\" content=\"da_DK\" \/>\n<meta property=\"og:type\" content=\"article\" \/>\n<meta property=\"og:title\" content=\"Hvad er verdens mest sj\u00e6ldne orkid\u00e9? | Interflora\" \/>\n<meta property=\"og:description\" content=\"Med formen af hovedet p\u00e5 en abe, en ballerina eller m\u00e5ske endda en n\u00f8gen mand \u2013 hvad er de mest sj\u00e6ldne orkideer i verden?\" \/>\n<meta property=\"og:url\" content=\"https:\/\/interflora.dk\/blog\/verdens-mest-sjaeldne-orkide\/\" \/>\n<meta property=\"og:site_name\" content=\"Interflora\" \/>\n<meta property=\"article:publisher\" content=\"https:\/\/www.facebook.com\/InterfloraDanmark\" \/>\n<meta property=\"article:published_time\" content=\"2024-01-06T11:09:35+00:00\" \/>\n<meta property=\"og:image\" content=\"https:\/\/interflora.dk\/blog\/wp-content\/uploads\/2024\/01\/sjaeldne-orkide-1-1.jpg\" \/>\n\t<meta property=\"og:image:width\" content=\"1500\" \/>\n\t<meta property=\"og:image:height\" content=\"1000\" \/>\n\t<meta property=\"og:image:type\" content=\"image\/jpeg\" \/>\n<meta name=\"author\" content=\"admin\" \/>\n<meta name=\"twitter:card\" content=\"summary_large_image\" \/>\n<meta name=\"twitter:label1\" content=\"Skrevet af\" \/>\n\t<meta name=\"twitter:data1\" content=\"admin\" \/>\n\t<meta name=\"twitter:label2\" content=\"Estimeret l\u00e6setid\" \/>\n\t<meta name=\"twitter:data2\" content=\"6 minutter\" \/>\n<script type=\"application\/ld+json\" class=\"yoast-schema-graph\">{\"@context\":\"https:\\\/\\\/schema.org\",\"@graph\":[{\"@type\":\"Article\",\"@id\":\"https:\\\/\\\/interflora.dk\\\/blog\\\/verdens-mest-sjaeldne-orkide\\\/#article\",\"isPartOf\":{\"@id\":\"https:\\\/\\\/interflora.dk\\\/blog\\\/verdens-mest-sjaeldne-orkide\\\/\"},\"author\":{\"name\":\"admin\",\"@id\":\"https:\\\/\\\/interflora.dk\\\/blog\\\/#\\\/schema\\\/person\\\/dbbd1ad45e05409c356dc639597669f2\"},\"headline\":\"Hvad er de sj\u00e6ldneste orkid\u00e9er i verden?\",\"datePublished\":\"2024-01-06T11:09:35+00:00\",\"mainEntityOfPage\":{\"@id\":\"https:\\\/\\\/interflora.dk\\\/blog\\\/verdens-mest-sjaeldne-orkide\\\/\"},\"wordCount\":885,\"commentCount\":0,\"publisher\":{\"@id\":\"https:\\\/\\\/interflora.dk\\\/blog\\\/#organization\"},\"image\":{\"@id\":\"https:\\\/\\\/interflora.dk\\\/blog\\\/verdens-mest-sjaeldne-orkide\\\/#primaryimage\"},\"thumbnailUrl\":\"https:\\\/\\\/interflora.dk\\\/blog\\\/wp-content\\\/uploads\\\/2024\\\/01\\\/sjaeldne-orkide-1-1.jpg\",\"keywords\":[\"Orkid\u00e9\"],\"articleSection\":[\"Blomstrende planter: Vores guides\",\"Gl\u00e6den ved havearbejde: R\u00e5d og inspiration\",\"Orkid\u00e9er: Pleje og gode tips\",\"Planter: Pleje og inspiration\"],\"inLanguage\":\"da-DK\",\"potentialAction\":[{\"@type\":\"CommentAction\",\"name\":\"Comment\",\"target\":[\"https:\\\/\\\/interflora.dk\\\/blog\\\/verdens-mest-sjaeldne-orkide\\\/#respond\"]}]},{\"@type\":\"WebPage\",\"@id\":\"https:\\\/\\\/interflora.dk\\\/blog\\\/verdens-mest-sjaeldne-orkide\\\/\",\"url\":\"https:\\\/\\\/interflora.dk\\\/blog\\\/verdens-mest-sjaeldne-orkide\\\/\",\"name\":\"Hvad er verdens mest sj\u00e6ldne orkid\u00e9? | Interflora\",\"isPartOf\":{\"@id\":\"https:\\\/\\\/interflora.dk\\\/blog\\\/#website\"},\"primaryImageOfPage\":{\"@id\":\"https:\\\/\\\/interflora.dk\\\/blog\\\/verdens-mest-sjaeldne-orkide\\\/#primaryimage\"},\"image\":{\"@id\":\"https:\\\/\\\/interflora.dk\\\/blog\\\/verdens-mest-sjaeldne-orkide\\\/#primaryimage\"},\"thumbnailUrl\":\"https:\\\/\\\/interflora.dk\\\/blog\\\/wp-content\\\/uploads\\\/2024\\\/01\\\/sjaeldne-orkide-1-1.jpg\",\"datePublished\":\"2024-01-06T11:09:35+00:00\",\"description\":\"Med formen af hovedet p\u00e5 en abe, en ballerina eller m\u00e5ske endda en n\u00f8gen mand \u2013 hvad er de mest sj\u00e6ldne orkideer i verden?\",\"breadcrumb\":{\"@id\":\"https:\\\/\\\/interflora.dk\\\/blog\\\/verdens-mest-sjaeldne-orkide\\\/#breadcrumb\"},\"inLanguage\":\"da-DK\",\"potentialAction\":[{\"@type\":\"ReadAction\",\"target\":[\"https:\\\/\\\/interflora.dk\\\/blog\\\/verdens-mest-sjaeldne-orkide\\\/\"]}]},{\"@type\":\"ImageObject\",\"inLanguage\":\"da-DK\",\"@id\":\"https:\\\/\\\/interflora.dk\\\/blog\\\/verdens-mest-sjaeldne-orkide\\\/#primaryimage\",\"url\":\"https:\\\/\\\/interflora.dk\\\/blog\\\/wp-content\\\/uploads\\\/2024\\\/01\\\/sjaeldne-orkide-1-1.jpg\",\"contentUrl\":\"https:\\\/\\\/interflora.dk\\\/blog\\\/wp-content\\\/uploads\\\/2024\\\/01\\\/sjaeldne-orkide-1-1.jpg\",\"width\":1500,\"height\":1000,\"caption\":\"Guldet fra Kinabalu\"},{\"@type\":\"BreadcrumbList\",\"@id\":\"https:\\\/\\\/interflora.dk\\\/blog\\\/verdens-mest-sjaeldne-orkide\\\/#breadcrumb\",\"itemListElement\":[{\"@type\":\"ListItem\",\"position\":1,\"name\":\"Home\",\"item\":\"https:\\\/\\\/interflora.dk\\\/blog\\\/\"},{\"@type\":\"ListItem\",\"position\":2,\"name\":\"Hvad er de sj\u00e6ldneste orkid\u00e9er i verden?\"}]},{\"@type\":\"WebSite\",\"@id\":\"https:\\\/\\\/interflora.dk\\\/blog\\\/#website\",\"url\":\"https:\\\/\\\/interflora.dk\\\/blog\\\/\",\"name\":\"Interflora\",\"description\":\"\",\"publisher\":{\"@id\":\"https:\\\/\\\/interflora.dk\\\/blog\\\/#organization\"},\"potentialAction\":[{\"@type\":\"SearchAction\",\"target\":{\"@type\":\"EntryPoint\",\"urlTemplate\":\"https:\\\/\\\/interflora.dk\\\/blog\\\/?s={search_term_string}\"},\"query-input\":{\"@type\":\"PropertyValueSpecification\",\"valueRequired\":true,\"valueName\":\"search_term_string\"}}],\"inLanguage\":\"da-DK\"},{\"@type\":\"Organization\",\"@id\":\"https:\\\/\\\/interflora.dk\\\/blog\\\/#organization\",\"name\":\"Interflora\",\"url\":\"https:\\\/\\\/interflora.dk\\\/blog\\\/\",\"logo\":{\"@type\":\"ImageObject\",\"inLanguage\":\"da-DK\",\"@id\":\"https:\\\/\\\/interflora.dk\\\/blog\\\/#\\\/schema\\\/logo\\\/image\\\/\",\"url\":\"https:\\\/\\\/interflora.dk\\\/blog\\\/wp-content\\\/uploads\\\/2025\\\/09\\\/220422_INTERFLORA_Logo_rgb_Half_Top_Circle_Main_Color.png\",\"contentUrl\":\"https:\\\/\\\/interflora.dk\\\/blog\\\/wp-content\\\/uploads\\\/2025\\\/09\\\/220422_INTERFLORA_Logo_rgb_Half_Top_Circle_Main_Color.png\",\"width\":1418,\"height\":710,\"caption\":\"Interflora\"},\"image\":{\"@id\":\"https:\\\/\\\/interflora.dk\\\/blog\\\/#\\\/schema\\\/logo\\\/image\\\/\"},\"sameAs\":[\"https:\\\/\\\/www.facebook.com\\\/InterfloraDanmark\",\"https:\\\/\\\/www.instagram.com\\\/interfloradk\",\"https:\\\/\\\/www.linkedin.com\\\/company\\\/interfloradanmark\",\"https:\\\/\\\/www.youtube.com\\\/user\\\/InterfloraTV\"]},{\"@type\":\"Person\",\"@id\":\"https:\\\/\\\/interflora.dk\\\/blog\\\/#\\\/schema\\\/person\\\/dbbd1ad45e05409c356dc639597669f2\",\"name\":\"admin\",\"image\":{\"@type\":\"ImageObject\",\"inLanguage\":\"da-DK\",\"@id\":\"https:\\\/\\\/interflora.dk\\\/blog\\\/wp-content\\\/litespeed\\\/avatar\\\/1fe3cced9e67df62d0a6f995d75823a5.jpg?ver=1776935036\",\"url\":\"https:\\\/\\\/interflora.dk\\\/blog\\\/wp-content\\\/litespeed\\\/avatar\\\/1fe3cced9e67df62d0a6f995d75823a5.jpg?ver=1776935036\",\"contentUrl\":\"https:\\\/\\\/interflora.dk\\\/blog\\\/wp-content\\\/litespeed\\\/avatar\\\/1fe3cced9e67df62d0a6f995d75823a5.jpg?ver=1776935036\",\"caption\":\"admin\"}}]}<\/script>\n<!-- \/ Yoast SEO plugin. -->","yoast_head_json":{"title":"Hvad er verdens mest sj\u00e6ldne orkid\u00e9? | Interflora","description":"Med formen af hovedet p\u00e5 en abe, en ballerina eller m\u00e5ske endda en n\u00f8gen mand \u2013 hvad er de mest sj\u00e6ldne orkideer i verden?","robots":{"index":"index","follow":"follow","max-snippet":"max-snippet:-1","max-image-preview":"max-image-preview:large","max-video-preview":"max-video-preview:-1"},"canonical":"https:\/\/interflora.dk\/blog\/verdens-mest-sjaeldne-orkide\/","og_locale":"da_DK","og_type":"article","og_title":"Hvad er verdens mest sj\u00e6ldne orkid\u00e9? | Interflora","og_description":"Med formen af hovedet p\u00e5 en abe, en ballerina eller m\u00e5ske endda en n\u00f8gen mand \u2013 hvad er de mest sj\u00e6ldne orkideer i verden?","og_url":"https:\/\/interflora.dk\/blog\/verdens-mest-sjaeldne-orkide\/","og_site_name":"Interflora","article_publisher":"https:\/\/www.facebook.com\/InterfloraDanmark","article_published_time":"2024-01-06T11:09:35+00:00","og_image":[{"width":1500,"height":1000,"url":"https:\/\/interflora.dk\/blog\/wp-content\/uploads\/2024\/01\/sjaeldne-orkide-1-1.jpg","type":"image\/jpeg"}],"author":"admin","twitter_card":"summary_large_image","twitter_misc":{"Skrevet af":"admin","Estimeret l\u00e6setid":"6 minutter"},"schema":{"@context":"https:\/\/schema.org","@graph":[{"@type":"Article","@id":"https:\/\/interflora.dk\/blog\/verdens-mest-sjaeldne-orkide\/#article","isPartOf":{"@id":"https:\/\/interflora.dk\/blog\/verdens-mest-sjaeldne-orkide\/"},"author":{"name":"admin","@id":"https:\/\/interflora.dk\/blog\/#\/schema\/person\/dbbd1ad45e05409c356dc639597669f2"},"headline":"Hvad er de sj\u00e6ldneste orkid\u00e9er i verden?","datePublished":"2024-01-06T11:09:35+00:00","mainEntityOfPage":{"@id":"https:\/\/interflora.dk\/blog\/verdens-mest-sjaeldne-orkide\/"},"wordCount":885,"commentCount":0,"publisher":{"@id":"https:\/\/interflora.dk\/blog\/#organization"},"image":{"@id":"https:\/\/interflora.dk\/blog\/verdens-mest-sjaeldne-orkide\/#primaryimage"},"thumbnailUrl":"https:\/\/interflora.dk\/blog\/wp-content\/uploads\/2024\/01\/sjaeldne-orkide-1-1.jpg","keywords":["Orkid\u00e9"],"articleSection":["Blomstrende planter: Vores guides","Gl\u00e6den ved havearbejde: R\u00e5d og inspiration","Orkid\u00e9er: Pleje og gode tips","Planter: Pleje og inspiration"],"inLanguage":"da-DK","potentialAction":[{"@type":"CommentAction","name":"Comment","target":["https:\/\/interflora.dk\/blog\/verdens-mest-sjaeldne-orkide\/#respond"]}]},{"@type":"WebPage","@id":"https:\/\/interflora.dk\/blog\/verdens-mest-sjaeldne-orkide\/","url":"https:\/\/interflora.dk\/blog\/verdens-mest-sjaeldne-orkide\/","name":"Hvad er verdens mest sj\u00e6ldne orkid\u00e9? | Interflora","isPartOf":{"@id":"https:\/\/interflora.dk\/blog\/#website"},"primaryImageOfPage":{"@id":"https:\/\/interflora.dk\/blog\/verdens-mest-sjaeldne-orkide\/#primaryimage"},"image":{"@id":"https:\/\/interflora.dk\/blog\/verdens-mest-sjaeldne-orkide\/#primaryimage"},"thumbnailUrl":"https:\/\/interflora.dk\/blog\/wp-content\/uploads\/2024\/01\/sjaeldne-orkide-1-1.jpg","datePublished":"2024-01-06T11:09:35+00:00","description":"Med formen af hovedet p\u00e5 en abe, en ballerina eller m\u00e5ske endda en n\u00f8gen mand \u2013 hvad er de mest sj\u00e6ldne orkideer i verden?","breadcrumb":{"@id":"https:\/\/interflora.dk\/blog\/verdens-mest-sjaeldne-orkide\/#breadcrumb"},"inLanguage":"da-DK","potentialAction":[{"@type":"ReadAction","target":["https:\/\/interflora.dk\/blog\/verdens-mest-sjaeldne-orkide\/"]}]},{"@type":"ImageObject","inLanguage":"da-DK","@id":"https:\/\/interflora.dk\/blog\/verdens-mest-sjaeldne-orkide\/#primaryimage","url":"https:\/\/interflora.dk\/blog\/wp-content\/uploads\/2024\/01\/sjaeldne-orkide-1-1.jpg","contentUrl":"https:\/\/interflora.dk\/blog\/wp-content\/uploads\/2024\/01\/sjaeldne-orkide-1-1.jpg","width":1500,"height":1000,"caption":"Guldet fra Kinabalu"},{"@type":"BreadcrumbList","@id":"https:\/\/interflora.dk\/blog\/verdens-mest-sjaeldne-orkide\/#breadcrumb","itemListElement":[{"@type":"ListItem","position":1,"name":"Home","item":"https:\/\/interflora.dk\/blog\/"},{"@type":"ListItem","position":2,"name":"Hvad er de sj\u00e6ldneste orkid\u00e9er i verden?"}]},{"@type":"WebSite","@id":"https:\/\/interflora.dk\/blog\/#website","url":"https:\/\/interflora.dk\/blog\/","name":"Interflora","description":"","publisher":{"@id":"https:\/\/interflora.dk\/blog\/#organization"},"potentialAction":[{"@type":"SearchAction","target":{"@type":"EntryPoint","urlTemplate":"https:\/\/interflora.dk\/blog\/?s={search_term_string}"},"query-input":{"@type":"PropertyValueSpecification","valueRequired":true,"valueName":"search_term_string"}}],"inLanguage":"da-DK"},{"@type":"Organization","@id":"https:\/\/interflora.dk\/blog\/#organization","name":"Interflora","url":"https:\/\/interflora.dk\/blog\/","logo":{"@type":"ImageObject","inLanguage":"da-DK","@id":"https:\/\/interflora.dk\/blog\/#\/schema\/logo\/image\/","url":"https:\/\/interflora.dk\/blog\/wp-content\/uploads\/2025\/09\/220422_INTERFLORA_Logo_rgb_Half_Top_Circle_Main_Color.png","contentUrl":"https:\/\/interflora.dk\/blog\/wp-content\/uploads\/2025\/09\/220422_INTERFLORA_Logo_rgb_Half_Top_Circle_Main_Color.png","width":1418,"height":710,"caption":"Interflora"},"image":{"@id":"https:\/\/interflora.dk\/blog\/#\/schema\/logo\/image\/"},"sameAs":["https:\/\/www.facebook.com\/InterfloraDanmark","https:\/\/www.instagram.com\/interfloradk","https:\/\/www.linkedin.com\/company\/interfloradanmark","https:\/\/www.youtube.com\/user\/InterfloraTV"]},{"@type":"Person","@id":"https:\/\/interflora.dk\/blog\/#\/schema\/person\/dbbd1ad45e05409c356dc639597669f2","name":"admin","image":{"@type":"ImageObject","inLanguage":"da-DK","@id":"https:\/\/interflora.dk\/blog\/wp-content\/litespeed\/avatar\/1fe3cced9e67df62d0a6f995d75823a5.jpg?ver=1776935036","url":"https:\/\/interflora.dk\/blog\/wp-content\/litespeed\/avatar\/1fe3cced9e67df62d0a6f995d75823a5.jpg?ver=1776935036","contentUrl":"https:\/\/interflora.dk\/blog\/wp-content\/litespeed\/avatar\/1fe3cced9e67df62d0a6f995d75823a5.jpg?ver=1776935036","caption":"admin"}}]}},"uagb_featured_image_src":{"full":["https:\/\/interflora.dk\/blog\/wp-content\/uploads\/2024\/01\/sjaeldne-orkide-1-1.jpg",1500,1000,false],"thumbnail":["https:\/\/interflora.dk\/blog\/wp-content\/uploads\/2024\/01\/sjaeldne-orkide-1-1-150x150.jpg",150,150,true],"medium":["https:\/\/interflora.dk\/blog\/wp-content\/uploads\/2024\/01\/sjaeldne-orkide-1-1-300x200.jpg",300,200,true],"medium_large":["https:\/\/interflora.dk\/blog\/wp-content\/uploads\/2024\/01\/sjaeldne-orkide-1-1-768x512.jpg",768,512,true],"large":["https:\/\/interflora.dk\/blog\/wp-content\/uploads\/2024\/01\/sjaeldne-orkide-1-1-1024x683.jpg",1024,683,true],"1536x1536":["https:\/\/interflora.dk\/blog\/wp-content\/uploads\/2024\/01\/sjaeldne-orkide-1-1.jpg",1500,1000,false],"2048x2048":["https:\/\/interflora.dk\/blog\/wp-content\/uploads\/2024\/01\/sjaeldne-orkide-1-1.jpg",1500,1000,false]},"uagb_author_info":{"display_name":"admin","author_link":"https:\/\/interflora.dk\/blog\/author\/admin\/"},"uagb_comment_info":0,"uagb_excerpt":"Orkid\u00e9en har altid fascineret mennesker, og det er selvf\u00f8lgelig p\u00e5 grund af dens helt utrolige former og farver \u2013 men [&hellip;]","_links":{"self":[{"href":"https:\/\/interflora.dk\/blog\/wp-json\/wp\/v2\/posts\/40433","targetHints":{"allow":["GET"]}}],"collection":[{"href":"https:\/\/interflora.dk\/blog\/wp-json\/wp\/v2\/posts"}],"about":[{"href":"https:\/\/interflora.dk\/blog\/wp-json\/wp\/v2\/types\/post"}],"author":[{"embeddable":true,"href":"https:\/\/interflora.dk\/blog\/wp-json\/wp\/v2\/users\/1"}],"replies":[{"embeddable":true,"href":"https:\/\/interflora.dk\/blog\/wp-json\/wp\/v2\/comments?post=40433"}],"version-history":[{"count":0,"href":"https:\/\/interflora.dk\/blog\/wp-json\/wp\/v2\/posts\/40433\/revisions"}],"wp:featuredmedia":[{"embeddable":true,"href":"https:\/\/interflora.dk\/blog\/wp-json\/wp\/v2\/media\/40437"}],"wp:attachment":[{"href":"https:\/\/interflora.dk\/blog\/wp-json\/wp\/v2\/media?parent=40433"}],"wp:term":[{"taxonomy":"category","embeddable":true,"href":"https:\/\/interflora.dk\/blog\/wp-json\/wp\/v2\/categories?post=40433"},{"taxonomy":"post_tag","embeddable":true,"href":"https:\/\/interflora.dk\/blog\/wp-json\/wp\/v2\/tags?post=40433"}],"curies":[{"name":"wp","href":"https:\/\/api.w.org\/{rel}","templated":true}]}}