{"id":43988,"date":"2026-01-02T12:57:31","date_gmt":"2026-01-02T11:57:31","guid":{"rendered":"https:\/\/interflora.dk\/blog\/?p=43988"},"modified":"2026-01-05T11:39:36","modified_gmt":"2026-01-05T10:39:36","slug":"hvordan-vaelger-man-et-indendoers-trae","status":"publish","type":"post","link":"https:\/\/interflora.dk\/blog\/hvordan-vaelger-man-et-indendoers-trae\/","title":{"rendered":"Hvordan v\u00e6lger man et indend\u00f8rs tr\u00e6?\u00a0"},"content":{"rendered":"\n<p>Det kan lyde m\u00e6rkeligt, men du beh\u00f8ver ikke have en have for at dyrke et <strong>tr\u00e6<\/strong>. Planteverdenen er s\u00e5 h\u00e5rdf\u00f8r, at planter ofte vokser, hvor vi mindst venter det, og det er langt fra umuligt at have et <strong>tr\u00e6 indend\u00f8rs<\/strong>! <strong>Pasning af et indend\u00f8rs tr\u00e6<\/strong> er ikke s\u00e5 forskelligt fra pasning af en <a href=\"https:\/\/interflora.dk\/produkter\/planter\" target=\"_blank\" rel=\"noreferrer noopener\">potteplante<\/a>. Figen, pachira, yucca og dracaena er <strong>tr\u00e6er<\/strong>, der trives s\u00e6rligt godt indend\u00f8rs!&nbsp;<\/p>\n\n\n\n<h2 class=\"wp-block-heading\"><strong>Indend\u00f8rs tr\u00e6er, der er lette at vedligeholde&nbsp;<\/strong>&nbsp;<\/h2>\n\n\n\n<p>N\u00e5r <strong>tr\u00e6er kommer indenfor i vores hjem,<\/strong> har de en evne til at skabe en rolig og afslappende atmosf\u00e6re. Hvis det er f\u00f8rste gang, du gerne vil have et tr\u00e6, hj\u00e6lper vi dig til at komme i gang, hvis du at v\u00e6lger et <strong>indend\u00f8rs tr\u00e6<\/strong>, der er let at passe! Her er 5 <strong>indend\u00f8rs tr\u00e6er<\/strong>, der ikke kr\u00e6ver megen pleje:\u00a0\u00a0<\/p>\n\n\n\n<div class=\"wp-block-media-text alignwide is-stacked-on-mobile\" style=\"margin-top:var(--wp--preset--spacing--20);margin-bottom:var(--wp--preset--spacing--20);grid-template-columns:25% auto\"><figure class=\"wp-block-media-text__media\"><img loading=\"lazy\" decoding=\"async\" width=\"980\" height=\"980\" src=\"https:\/\/interflora.dk\/blog\/wp-content\/uploads\/Pachira.jpg\" alt=\"Pachira p\u00e5 bord\" class=\"wp-image-43993 size-full\"\/><\/figure><div class=\"wp-block-media-text__content\">\n<ul class=\"wp-block-list\">\n<li><strong>Pachira eller lykkekastanje<\/strong>: Med sin flettede stamme og store stjerneformede blade vil pachira bidrage smukt til indretningen i et lyst rum.&nbsp;&nbsp;<\/li>\n\n\n\n<li><strong>Ficus eller figen<\/strong>: N\u00e5r den f\u00f8rst har fundet sit sted i hjemmet (lyst, men ikke direkte sollys om sommeren), vil ficus gl\u00e6de dig med rigeligt l\u00f8v uden at kr\u00e6ve meget pasning til geng\u00e6ld!&nbsp;<\/li>\n\n\n\n<li><strong>Violinfigen<\/strong>: Violinfigen er en ficus-art med dekorative og store blade. I din stue eller i sovev\u00e6relset vil den helt sikkert g\u00f8re sig godt!&nbsp;<\/li>\n\n\n\n<li><strong>Schefflera eller paraplyplante<\/strong>: Med sit stjerneformede l\u00f8v bringer den et eksotisk strejf til din bolig. Den har brug for meget lys, men l\u00f8vet b\u00f8r dog ikke uds\u00e6ttes direkte for solens str\u00e5ler. Den kr\u00e6ver regelm\u00e6ssig vanding.&nbsp;&nbsp;<\/li>\n\n\n\n<li><strong>Citrontr\u00e6<\/strong>: Hvis du har en vinterhave eller et orangeri, vil citrontr\u00e6et have det rigtig godt.&nbsp;&nbsp;<\/li>\n<\/ul>\n<\/div><\/div>\n\n\n\n<h2 class=\"wp-block-heading\"><strong>Store indend\u00f8rs tr\u00e6er<\/strong>&nbsp;<\/h2>\n\n\n\n<p>Et <strong>dekorativt indend\u00f8rs tr\u00e6<\/strong> g\u00f8r sig \u00f8jeblikkeligt bem\u00e6rket i et rum. Og jo st\u00f8rre det er, jo st\u00f8rre er effekten! Her er 5 tr\u00e6er, der har flair og n\u00e6rv\u00e6r:\u00a0\u00a0<\/p>\n\n\n\n<div class=\"wp-block-media-text alignwide is-stacked-on-mobile\" style=\"margin-top:var(--wp--preset--spacing--20);margin-bottom:var(--wp--preset--spacing--20);grid-template-columns:25% auto\"><figure class=\"wp-block-media-text__media\"><img loading=\"lazy\" decoding=\"async\" width=\"980\" height=\"980\" src=\"https:\/\/interflora.dk\/blog\/wp-content\/uploads\/Arecapalme.jpg\" alt=\"Arecapalme p\u00e5 bord indend\u00f8rs\" class=\"wp-image-43995 size-full\"\/><\/figure><div class=\"wp-block-media-text__content\">\n<ul class=\"wp-block-list\">\n<li><strong>Dracaena<\/strong>: En busk med et v\u00e6ld af sorter, den ene smukkere end den anden. Dracaena er kendt for sit smukke lancetformede l\u00f8v, der ofte er broget.&nbsp;&nbsp;<\/li>\n\n\n\n<li><strong>Yucca<\/strong>: Denne buskede plante fra t\u00f8rre omr\u00e5der udvikler flere stammer, der f\u00e5r skinnende dolkelignende blade. Der er intet som en yucca, der giver en smuk og eksotisk atmosf\u00e6re i en stue!&nbsp;<\/li>\n\n\n\n<li><strong>Kentiapalme<\/strong>: En palme, der st\u00e5r elegant og kl\u00e6der ethvert rum. Den bruger temmelig meget plads, da dens l\u00f8v kan sprede sig op til 1,5 meter i diameter.&nbsp;&nbsp;<\/li>\n\n\n\n<li><strong>Raphispalme:<\/strong> Med sit vifteformede l\u00f8v optager den hurtigt meget plads. Indenfor kan den nemt n\u00e5 en h\u00f8jde p\u00e5 2 meter og en bredde p\u00e5 1 meter.&nbsp;&nbsp;<\/li>\n\n\n\n<li><strong>Arecapalme eller guldpalme<\/strong>: Dette palmetr\u00e6 kan n\u00e5 en h\u00f8jde p\u00e5 over 2,5 meter, n\u00e5r det f\u00e5r masser af sollys og vand.&nbsp;&nbsp;<\/li>\n<\/ul>\n<\/div><\/div>\n\n\n\n<h2 class=\"wp-block-heading\"><strong>Sm\u00e5 indend\u00f8rs tr\u00e6er<\/strong>&nbsp;<\/h2>\n\n\n\n<p>Selvom du har en lille stue eller bor i en lille lejlighed, er der intet til hinder for at plante dit <strong>indend\u00f8rs tr\u00e6<\/strong> der! Nogle arter trives udm\u00e6rket i en lille potte. Her er 5 <strong>tr\u00e6er<\/strong>, der kan se smukke ud p\u00e5 et m\u00f8bel eller en hylde og ikke optager meget plads:\u00a0\u00a0<\/p>\n\n\n\n<div class=\"wp-block-media-text alignwide is-stacked-on-mobile\" style=\"margin-top:var(--wp--preset--spacing--20);margin-bottom:var(--wp--preset--spacing--20);grid-template-columns:25% auto\"><figure class=\"wp-block-media-text__media\"><img loading=\"lazy\" decoding=\"async\" width=\"950\" height=\"950\" src=\"https:\/\/interflora.dk\/blog\/wp-content\/uploads\/Carmona-bonsa.jpg\" alt=\"Carmona bonsai p\u00e5 bord\" class=\"wp-image-43991 size-full\"\/><\/figure><div class=\"wp-block-media-text__content\">\n<ul class=\"wp-block-list\">\n<li><strong>Crassula eller paradistr\u00e6:<\/strong> Er faktisk en sukkulent, hvis stilke bliver tr\u00e6agtige over tid. N\u00e5r paradistr\u00e6et vokser, kommer det til at ligne et miniaturetr\u00e6.&nbsp;&nbsp;<\/li>\n\n\n\n<li><strong>Calamondin<\/strong>: Et dv\u00e6rgappelsintr\u00e6, der bringer et sk\u00e6r af Provence til stuen. De sm\u00e5 skinnende blade ligner citrontr\u00e6ets.&nbsp;&nbsp;<\/li>\n\n\n\n<li><strong>Ficus bonsai<\/strong>: Et lille indend\u00f8rs tr\u00e6, der trives fint i et lyst rum til geng\u00e6ld for regelm\u00e6ssig vanding.&nbsp;&nbsp;<\/li>\n\n\n\n<li><strong>Carmona bonsai<\/strong>: Det karakteristiske japanske indend\u00f8rs tr\u00e6, der er kendt som visdommens bonsai. Det vokser fint indend\u00f8rs, s\u00e5 l\u00e6nge det har masser af lys.&nbsp;&nbsp;<\/li>\n\n\n\n<li><strong>Beaucarnea eller elefantfod<\/strong>: Har langsom v\u00e6kst. Ved at v\u00e6lge en lille plante kan du have den i en lille urtepotte i lang tid.&nbsp;&nbsp;<\/li>\n<\/ul>\n<\/div><\/div>\n\n\n\n<h2 class=\"wp-block-heading\"><strong>Pasning af indend\u00f8rs tr\u00e6er\u00a0<\/strong>\u00a0<\/h2>\n\n\n\n<div class=\"wp-block-media-text alignwide has-media-on-the-right is-stacked-on-mobile\" style=\"margin-top:var(--wp--preset--spacing--20);margin-bottom:var(--wp--preset--spacing--20);grid-template-columns:auto 30%\"><div class=\"wp-block-media-text__content\">\n<p>P\u00e5 samme m\u00e5de som andre indend\u00f8rs planter har<strong> tr\u00e6er i potter<\/strong> brug for regelm\u00e6ssig vanding, lejlighedsvis frisk jord og lidt k\u00e6rlighed!&nbsp;<\/p>\n\n\n\n<p>Respekt\u00e9r dit tr\u00e6s behov for eksponering til lys, s\u00e5 det nemt kan gennemg\u00e5 sin fotosyntese. V\u00e6r opm\u00e6rksom p\u00e5, at visse planter ikke kan t\u00e5le direkte sollys.&nbsp;&nbsp;<\/p>\n\n\n\n<p>Husk at vande oftere i varme perioder. Omvendt vil det om vinteren v\u00e6re n\u00f8dvendigt at vande lidt mindre. Bem\u00e6rk ogs\u00e5, at en plante ikke b\u00f8r placeres i n\u00e6rheden af en varmekilde, da en s\u00e5dan afgiver for meget varme.&nbsp;&nbsp;<\/p>\n\n\n\n<p>Afh\u00e6ngigt af st\u00f8rrelsen p\u00e5 dine potter vil det v\u00e6re mere eller mindre nemt at omplante de store planter. Der er to mulige l\u00f8sninger: omplantning eller overfladebehandling.\u00a0\u00a0<\/p>\n<\/div><figure class=\"wp-block-media-text__media\"><img loading=\"lazy\" decoding=\"async\" width=\"980\" height=\"653\" src=\"https:\/\/interflora.dk\/blog\/wp-content\/uploads\/Bonsai-Microcarpa-carmona.jpg\" alt=\"to bonsaitr\u00e6er p\u00e5 bord\" class=\"wp-image-43996 size-full\"\/><\/figure><\/div>\n\n\n\n<p><strong>Omplantning<\/strong> indeb\u00e6rer at give din plante en ny potte s\u00e5 den f\u00e5r mere plads til r\u00f8dderne. Men du kan kun omplante, hvis tr\u00e6et ikke er for stort til at du kan l\u00f8fte det.\u00a0\u00a0<\/p>\n\n\n\n<p><strong>Overfladebehandling <\/strong>er en teknik, der bruges til <strong>store indend\u00f8rs tr\u00e6er<\/strong>. Du skal simpelthen fjerne de \u00f8verste centimeter jord fra pottens overflade og erstatte det med frisk jord.\u00a0\u00a0<\/p>\n\n\n\n<p>Du kan sagtens tage en stor plante til dig og f\u00e5 et originalt og eksotisk indslag i hjemmet. Det er ogs\u00e5 et glimrende valg som gave til en k\u00e6r ven eller et familiemedlem, der dagligt vil mindes din hengivenhed i mange \u00e5r frem.\u00a0<\/p>\n\n\n<div class=\"lp-produits-grid\"><div class=\"lp-produit\"><div class=\"lp-thumbnail-wrapper\"><img loading=\"lazy\" decoding=\"async\" width=\"300\" height=\"300\" src=\"https:\/\/interflora.dk\/blog\/wp-content\/uploads\/2025\/09\/DEN_HELT_RIGTIGE_SMALL_552_v-300x300.jpg\" class=\"attachment-medium size-medium wp-post-image\" alt=\"\" srcset=\"https:\/\/interflora.dk\/blog\/wp-content\/uploads\/2025\/09\/DEN_HELT_RIGTIGE_SMALL_552_v-300x300.jpg 300w, https:\/\/interflora.dk\/blog\/wp-content\/uploads\/2025\/09\/DEN_HELT_RIGTIGE_SMALL_552_v-1024x1024.jpg 1024w, https:\/\/interflora.dk\/blog\/wp-content\/uploads\/2025\/09\/DEN_HELT_RIGTIGE_SMALL_552_v-150x150.jpg 150w, https:\/\/interflora.dk\/blog\/wp-content\/uploads\/2025\/09\/DEN_HELT_RIGTIGE_SMALL_552_v-768x768.jpg 768w, https:\/\/interflora.dk\/blog\/wp-content\/uploads\/2025\/09\/DEN_HELT_RIGTIGE_SMALL_552_v.jpg 1200w\" sizes=\"auto, (max-width: 300px) 100vw, 300px\" \/><img decoding=\"async\" class=\"lp-badge\" src=\"https:\/\/prodblog.interflora.dk\/blog\/wp-content\/uploads\/2025\/09\/220422_INTERFLORA_Main_Logo_rgb_Main_Color.avif\" alt=\"Send blomster med Interflora\"><\/div><span>Den helt rigtige<\/span><p>Fra 269 kr.<\/p><span class=\"obf-link lp-cta\" role=\"link\" tabindex=\"0\" data-b64=\"aHR0cHM6Ly9pbnRlcmZsb3JhLmRrL3Byb2R1a3QvZGVuLWhlbHQtcmlndGlnZT92PTkzMjEmIzAzODt2YXJpYXRpb249YjYwNDJkNzEtZWFjYi00M2U4LWI5MWEtMzg5OTRhODliNzMyP3V0bV9tZWRpdW09b3JnYW5pYyZ1dG1fc291cmNlPWJsb2dfcHJvZHVjdHMmdXRtX2NhbXBhaWduPTU1Mg==\" data-target=\"_blank\"><svg xmlns=\"http:\/\/www.w3.org\/2000\/svg\" width=\"16\" height=\"16\" fill=\"currentColor\" class=\"bi bi-bag\" viewBox=\"0 0 16 16\"><path d=\"M8 1a2 2 0 0 1 2 2v1h2.5A1.5 1.5 0 0 1 14 5.5v8A1.5 1.5 0 0 1 12.5 15h-9A1.5 1.5 0 0 1 2 13.5v-8A1.5 1.5 0 0 1 3.5 3H6V2a2 2 0 0 1 2-1zm1 3V3a1 1 0 0 0-2 0v1h2z\"\/><\/svg>K\u00f8b her<\/span><p class=\"rapido\">Kundernes favorit<\/p><\/div><div class=\"lp-produit\"><div class=\"lp-thumbnail-wrapper\"><img loading=\"lazy\" decoding=\"async\" width=\"300\" height=\"300\" src=\"https:\/\/interflora.dk\/blog\/wp-content\/uploads\/2025\/09\/DEN_VENLIGE_VINTERVERSION_HAND_v_0-300x300.jpg\" class=\"attachment-medium size-medium wp-post-image\" alt=\"\" srcset=\"https:\/\/interflora.dk\/blog\/wp-content\/uploads\/2025\/09\/DEN_VENLIGE_VINTERVERSION_HAND_v_0-300x300.jpg 300w, https:\/\/interflora.dk\/blog\/wp-content\/uploads\/2025\/09\/DEN_VENLIGE_VINTERVERSION_HAND_v_0-1024x1024.jpg 1024w, https:\/\/interflora.dk\/blog\/wp-content\/uploads\/2025\/09\/DEN_VENLIGE_VINTERVERSION_HAND_v_0-150x150.jpg 150w, https:\/\/interflora.dk\/blog\/wp-content\/uploads\/2025\/09\/DEN_VENLIGE_VINTERVERSION_HAND_v_0-768x768.jpg 768w, https:\/\/interflora.dk\/blog\/wp-content\/uploads\/2025\/09\/DEN_VENLIGE_VINTERVERSION_HAND_v_0.jpg 1200w\" sizes=\"auto, (max-width: 300px) 100vw, 300px\" \/><img decoding=\"async\" class=\"lp-badge\" src=\"https:\/\/prodblog.interflora.dk\/blog\/wp-content\/uploads\/2025\/09\/220422_INTERFLORA_Main_Logo_rgb_Main_Color.avif\" alt=\"Send blomster med Interflora\"><\/div><span>Den venlige<\/span><p>Fra 229 kr.<\/p><span class=\"obf-link lp-cta\" role=\"link\" tabindex=\"0\" data-b64=\"aHR0cHM6Ly9pbnRlcmZsb3JhLmRrL3Byb2R1a3QvZGVuLXZlbmxpZ2U\/dj0xNTgwMiYjMDM4O3ZhcmlhdGlvbj1jMDRiZDM3OC1kZGYyLTRjMmItYmM5My1hYWM2ZWJlZWUwNDI\/dXRtX21lZGl1bT1vcmdhbmljJnV0bV9zb3VyY2U9YmxvZ19wcm9kdWN0cyZ1dG1fY2FtcGFpZ249NTc0Ng==\" data-target=\"_blank\"><svg xmlns=\"http:\/\/www.w3.org\/2000\/svg\" width=\"16\" height=\"16\" fill=\"currentColor\" class=\"bi bi-bag\" viewBox=\"0 0 16 16\"><path d=\"M8 1a2 2 0 0 1 2 2v1h2.5A1.5 1.5 0 0 1 14 5.5v8A1.5 1.5 0 0 1 12.5 15h-9A1.5 1.5 0 0 1 2 13.5v-8A1.5 1.5 0 0 1 3.5 3H6V2a2 2 0 0 1 2-1zm1 3V3a1 1 0 0 0-2 0v1h2z\"\/><\/svg>K\u00f8b her<\/span><p class=\"rapido\">Kundernes favorit<\/p><\/div><div class=\"lp-produit\"><div class=\"lp-thumbnail-wrapper\"><img loading=\"lazy\" decoding=\"async\" width=\"300\" height=\"300\" src=\"https:\/\/interflora.dk\/blog\/wp-content\/uploads\/2025\/09\/DEN_FORTRYLLENDE_SMALL-300x300.jpg\" class=\"attachment-medium size-medium wp-post-image\" alt=\"\" srcset=\"https:\/\/interflora.dk\/blog\/wp-content\/uploads\/2025\/09\/DEN_FORTRYLLENDE_SMALL-300x300.jpg 300w, https:\/\/interflora.dk\/blog\/wp-content\/uploads\/2025\/09\/DEN_FORTRYLLENDE_SMALL-1024x1024.jpg 1024w, https:\/\/interflora.dk\/blog\/wp-content\/uploads\/2025\/09\/DEN_FORTRYLLENDE_SMALL-150x150.jpg 150w, https:\/\/interflora.dk\/blog\/wp-content\/uploads\/2025\/09\/DEN_FORTRYLLENDE_SMALL-768x768.jpg 768w, https:\/\/interflora.dk\/blog\/wp-content\/uploads\/2025\/09\/DEN_FORTRYLLENDE_SMALL.jpg 1200w\" sizes=\"auto, (max-width: 300px) 100vw, 300px\" \/><img decoding=\"async\" class=\"lp-badge\" src=\"https:\/\/prodblog.interflora.dk\/blog\/wp-content\/uploads\/2025\/09\/220422_INTERFLORA_Main_Logo_rgb_Main_Color.avif\" alt=\"Send blomster med Interflora\"><\/div><span>Den fortryllende<\/span><p>Fra 259 kr.<\/p><span class=\"obf-link lp-cta\" role=\"link\" tabindex=\"0\" data-b64=\"aHR0cHM6Ly9pbnRlcmZsb3JhLmRrL3Byb2R1a3QvZGVuLWZvcnRyeWxsZW5kZT92PTkzMDYmIzAzODt2YXJpYXRpb249ZGNiMjRlM2QtMzBlZC00OTAxLWI0YWUtYTYxOTlkMzE2MWU2P3V0bV9tZWRpdW09b3JnYW5pYyZ1dG1fc291cmNlPWJsb2dfcHJvZHVjdHMmdXRtX2NhbXBhaWduPTU1MQ==\" data-target=\"_blank\"><svg xmlns=\"http:\/\/www.w3.org\/2000\/svg\" width=\"16\" height=\"16\" fill=\"currentColor\" class=\"bi bi-bag\" viewBox=\"0 0 16 16\"><path d=\"M8 1a2 2 0 0 1 2 2v1h2.5A1.5 1.5 0 0 1 14 5.5v8A1.5 1.5 0 0 1 12.5 15h-9A1.5 1.5 0 0 1 2 13.5v-8A1.5 1.5 0 0 1 3.5 3H6V2a2 2 0 0 1 2-1zm1 3V3a1 1 0 0 0-2 0v1h2z\"\/><\/svg>K\u00f8b her<\/span><p class=\"rapido\">H\u00e5ndbundet af florister<\/p><\/div><div class=\"lp-produit\"><div class=\"lp-thumbnail-wrapper\"><img loading=\"lazy\" decoding=\"async\" width=\"300\" height=\"300\" src=\"https:\/\/interflora.dk\/blog\/wp-content\/uploads\/2025\/09\/FINE_LILJEHILSEN_VERSION_01_MEDIUM_w2028229-300x300.jpg\" class=\"attachment-medium size-medium wp-post-image\" alt=\"\" srcset=\"https:\/\/interflora.dk\/blog\/wp-content\/uploads\/2025\/09\/FINE_LILJEHILSEN_VERSION_01_MEDIUM_w2028229-300x300.jpg 300w, https:\/\/interflora.dk\/blog\/wp-content\/uploads\/2025\/09\/FINE_LILJEHILSEN_VERSION_01_MEDIUM_w2028229-1024x1024.jpg 1024w, https:\/\/interflora.dk\/blog\/wp-content\/uploads\/2025\/09\/FINE_LILJEHILSEN_VERSION_01_MEDIUM_w2028229-150x150.jpg 150w, https:\/\/interflora.dk\/blog\/wp-content\/uploads\/2025\/09\/FINE_LILJEHILSEN_VERSION_01_MEDIUM_w2028229-768x768.jpg 768w, https:\/\/interflora.dk\/blog\/wp-content\/uploads\/2025\/09\/FINE_LILJEHILSEN_VERSION_01_MEDIUM_w2028229.jpg 1200w\" sizes=\"auto, (max-width: 300px) 100vw, 300px\" \/><img decoding=\"async\" class=\"lp-badge\" src=\"https:\/\/prodblog.interflora.dk\/blog\/wp-content\/uploads\/2025\/09\/220422_INTERFLORA_Main_Logo_rgb_Main_Color.avif\" alt=\"Send blomster med Interflora\"><\/div><span>Den fine liljehilsen<\/span><p>Fra 219 kr.<\/p><span class=\"obf-link lp-cta\" role=\"link\" tabindex=\"0\" data-b64=\"aHR0cHM6Ly9pbnRlcmZsb3JhLmRrL3Byb2R1a3QvZGVuLWZpbmUtbGlsamVoaWxzZW4\/dj0xNzU5NSYjMDM4O3ZhcmlhdGlvbj03YTZiNzY5Mi05NThjLTQ5MjYtYWIyNy0yZjRjYWEwMWJkZGI\/dXRtX21lZGl1bT1vcmdhbmljJnV0bV9zb3VyY2U9YmxvZ19wcm9kdWN0cyZ1dG1fY2FtcGFpZ249NzQ4MA==\" data-target=\"_blank\"><svg xmlns=\"http:\/\/www.w3.org\/2000\/svg\" width=\"16\" height=\"16\" fill=\"currentColor\" class=\"bi bi-bag\" viewBox=\"0 0 16 16\"><path d=\"M8 1a2 2 0 0 1 2 2v1h2.5A1.5 1.5 0 0 1 14 5.5v8A1.5 1.5 0 0 1 12.5 15h-9A1.5 1.5 0 0 1 2 13.5v-8A1.5 1.5 0 0 1 3.5 3H6V2a2 2 0 0 1 2-1zm1 3V3a1 1 0 0 0-2 0v1h2z\"\/><\/svg>K\u00f8b her<\/span><p class=\"rapido\">H\u00e5ndbundet af florister<\/p><\/div><\/div>\n","protected":false},"excerpt":{"rendered":"<p>Det kan lyde m\u00e6rkeligt, men du beh\u00f8ver ikke have en have for at dyrke et tr\u00e6. Planteverdenen er s\u00e5 h\u00e5rdf\u00f8r, [&hellip;]<\/p>\n","protected":false},"author":1,"featured_media":43990,"comment_status":"open","ping_status":"open","sticky":false,"template":"","format":"standard","meta":{"_uag_custom_page_level_css":"","site-sidebar-layout":"default","site-content-layout":"","ast-site-content-layout":"default","site-content-style":"default","site-sidebar-style":"default","ast-global-header-display":"","ast-banner-title-visibility":"","ast-main-header-display":"","ast-hfb-above-header-display":"","ast-hfb-below-header-display":"","ast-hfb-mobile-header-display":"","site-post-title":"","ast-breadcrumbs-content":"","ast-featured-img":"","footer-sml-layout":"","ast-disable-related-posts":"","theme-transparent-header-meta":"","adv-header-id-meta":"","stick-header-meta":"","header-above-stick-meta":"","header-main-stick-meta":"","header-below-stick-meta":"","astra-migrate-meta-layouts":"set","ast-page-background-enabled":"default","ast-page-background-meta":{"desktop":{"background-color":"var(--ast-global-color-5)","background-image":"","background-repeat":"repeat","background-position":"center center","background-size":"auto","background-attachment":"scroll","background-type":"","background-media":"","overlay-type":"","overlay-color":"","overlay-opacity":"","overlay-gradient":""},"tablet":{"background-color":"","background-image":"","background-repeat":"repeat","background-position":"center center","background-size":"auto","background-attachment":"scroll","background-type":"","background-media":"","overlay-type":"","overlay-color":"","overlay-opacity":"","overlay-gradient":""},"mobile":{"background-color":"","background-image":"","background-repeat":"repeat","background-position":"center center","background-size":"auto","background-attachment":"scroll","background-type":"","background-media":"","overlay-type":"","overlay-color":"","overlay-opacity":"","overlay-gradient":""}},"ast-content-background-meta":{"desktop":{"background-color":"var(--ast-global-color-4)","background-image":"","background-repeat":"repeat","background-position":"center center","background-size":"auto","background-attachment":"scroll","background-type":"","background-media":"","overlay-type":"","overlay-color":"","overlay-opacity":"","overlay-gradient":""},"tablet":{"background-color":"var(--ast-global-color-4)","background-image":"","background-repeat":"repeat","background-position":"center center","background-size":"auto","background-attachment":"scroll","background-type":"","background-media":"","overlay-type":"","overlay-color":"","overlay-opacity":"","overlay-gradient":""},"mobile":{"background-color":"var(--ast-global-color-4)","background-image":"","background-repeat":"repeat","background-position":"center center","background-size":"auto","background-attachment":"scroll","background-type":"","background-media":"","overlay-type":"","overlay-color":"","overlay-opacity":"","overlay-gradient":""}},"footnotes":""},"categories":[221,178,234],"tags":[169],"class_list":["post-43988","post","type-post","status-publish","format-standard","has-post-thumbnail","hentry","category-havearbejde","category-indendoers-planter","category-planter","tag-planter"],"yoast_head":"<!-- This site is optimized with the Yoast SEO plugin v27.4 - https:\/\/yoast.com\/product\/yoast-seo-wordpress\/ -->\n<title>15 tr\u00e6er, der kan dyrkes indend\u00f8rs | Interflora<\/title>\n<meta name=\"description\" content=\"Kunne du t\u00e6nke dig at have et indend\u00f8rs tr\u00e6? L\u00e6s vores bud p\u00e5 tr\u00e6er, der passer til dit hjem, og f\u00e5 samtidig et par vedligeholdelsestips!\" \/>\n<meta name=\"robots\" content=\"index, follow, max-snippet:-1, max-image-preview:large, max-video-preview:-1\" \/>\n<link rel=\"canonical\" href=\"https:\/\/interflora.dk\/blog\/hvordan-vaelger-man-et-indendoers-trae\/\" \/>\n<meta property=\"og:locale\" content=\"da_DK\" \/>\n<meta property=\"og:type\" content=\"article\" \/>\n<meta property=\"og:title\" content=\"15 tr\u00e6er, der kan dyrkes indend\u00f8rs | Interflora\" \/>\n<meta property=\"og:description\" content=\"Kunne du t\u00e6nke dig at have et indend\u00f8rs tr\u00e6? L\u00e6s vores bud p\u00e5 tr\u00e6er, der passer til dit hjem, og f\u00e5 samtidig et par vedligeholdelsestips!\" \/>\n<meta property=\"og:url\" content=\"https:\/\/interflora.dk\/blog\/hvordan-vaelger-man-et-indendoers-trae\/\" \/>\n<meta property=\"og:site_name\" content=\"Interflora\" \/>\n<meta property=\"article:publisher\" content=\"https:\/\/www.facebook.com\/InterfloraDanmark\" \/>\n<meta property=\"article:published_time\" content=\"2026-01-02T11:57:31+00:00\" \/>\n<meta property=\"article:modified_time\" content=\"2026-01-05T10:39:36+00:00\" \/>\n<meta property=\"og:image\" content=\"https:\/\/interflora.dk\/blog\/wp-content\/uploads\/2024\/02\/Nandina-Domestica.jpg\" \/>\n\t<meta property=\"og:image:width\" content=\"980\" \/>\n\t<meta property=\"og:image:height\" content=\"735\" \/>\n\t<meta property=\"og:image:type\" content=\"image\/jpeg\" \/>\n<meta name=\"author\" content=\"admin\" \/>\n<meta name=\"twitter:card\" content=\"summary_large_image\" \/>\n<meta name=\"twitter:label1\" content=\"Skrevet af\" \/>\n\t<meta name=\"twitter:data1\" content=\"admin\" \/>\n\t<meta name=\"twitter:label2\" content=\"Estimeret l\u00e6setid\" \/>\n\t<meta name=\"twitter:data2\" content=\"5 minutter\" \/>\n<script type=\"application\/ld+json\" class=\"yoast-schema-graph\">{\"@context\":\"https:\\\/\\\/schema.org\",\"@graph\":[{\"@type\":\"Article\",\"@id\":\"https:\\\/\\\/interflora.dk\\\/blog\\\/hvordan-vaelger-man-et-indendoers-trae\\\/#article\",\"isPartOf\":{\"@id\":\"https:\\\/\\\/interflora.dk\\\/blog\\\/hvordan-vaelger-man-et-indendoers-trae\\\/\"},\"author\":{\"name\":\"admin\",\"@id\":\"https:\\\/\\\/interflora.dk\\\/blog\\\/#\\\/schema\\\/person\\\/dbbd1ad45e05409c356dc639597669f2\"},\"headline\":\"Hvordan v\u00e6lger man et indend\u00f8rs tr\u00e6?\u00a0\",\"datePublished\":\"2026-01-02T11:57:31+00:00\",\"dateModified\":\"2026-01-05T10:39:36+00:00\",\"mainEntityOfPage\":{\"@id\":\"https:\\\/\\\/interflora.dk\\\/blog\\\/hvordan-vaelger-man-et-indendoers-trae\\\/\"},\"wordCount\":957,\"commentCount\":0,\"publisher\":{\"@id\":\"https:\\\/\\\/interflora.dk\\\/blog\\\/#organization\"},\"image\":{\"@id\":\"https:\\\/\\\/interflora.dk\\\/blog\\\/hvordan-vaelger-man-et-indendoers-trae\\\/#primaryimage\"},\"thumbnailUrl\":\"https:\\\/\\\/interflora.dk\\\/blog\\\/wp-content\\\/uploads\\\/2024\\\/02\\\/Nandina-Domestica.jpg\",\"keywords\":[\"Planter\"],\"articleSection\":[\"Gl\u00e6den ved havearbejde: R\u00e5d og inspiration\",\"Indend\u00f8rs planter: Pleje og tips\",\"Planter: Pleje og inspiration\"],\"inLanguage\":\"da-DK\",\"potentialAction\":[{\"@type\":\"CommentAction\",\"name\":\"Comment\",\"target\":[\"https:\\\/\\\/interflora.dk\\\/blog\\\/hvordan-vaelger-man-et-indendoers-trae\\\/#respond\"]}]},{\"@type\":\"WebPage\",\"@id\":\"https:\\\/\\\/interflora.dk\\\/blog\\\/hvordan-vaelger-man-et-indendoers-trae\\\/\",\"url\":\"https:\\\/\\\/interflora.dk\\\/blog\\\/hvordan-vaelger-man-et-indendoers-trae\\\/\",\"name\":\"15 tr\u00e6er, der kan dyrkes indend\u00f8rs | Interflora\",\"isPartOf\":{\"@id\":\"https:\\\/\\\/interflora.dk\\\/blog\\\/#website\"},\"primaryImageOfPage\":{\"@id\":\"https:\\\/\\\/interflora.dk\\\/blog\\\/hvordan-vaelger-man-et-indendoers-trae\\\/#primaryimage\"},\"image\":{\"@id\":\"https:\\\/\\\/interflora.dk\\\/blog\\\/hvordan-vaelger-man-et-indendoers-trae\\\/#primaryimage\"},\"thumbnailUrl\":\"https:\\\/\\\/interflora.dk\\\/blog\\\/wp-content\\\/uploads\\\/2024\\\/02\\\/Nandina-Domestica.jpg\",\"datePublished\":\"2026-01-02T11:57:31+00:00\",\"dateModified\":\"2026-01-05T10:39:36+00:00\",\"description\":\"Kunne du t\u00e6nke dig at have et indend\u00f8rs tr\u00e6? L\u00e6s vores bud p\u00e5 tr\u00e6er, der passer til dit hjem, og f\u00e5 samtidig et par vedligeholdelsestips!\",\"breadcrumb\":{\"@id\":\"https:\\\/\\\/interflora.dk\\\/blog\\\/hvordan-vaelger-man-et-indendoers-trae\\\/#breadcrumb\"},\"inLanguage\":\"da-DK\",\"potentialAction\":[{\"@type\":\"ReadAction\",\"target\":[\"https:\\\/\\\/interflora.dk\\\/blog\\\/hvordan-vaelger-man-et-indendoers-trae\\\/\"]}]},{\"@type\":\"ImageObject\",\"inLanguage\":\"da-DK\",\"@id\":\"https:\\\/\\\/interflora.dk\\\/blog\\\/hvordan-vaelger-man-et-indendoers-trae\\\/#primaryimage\",\"url\":\"https:\\\/\\\/interflora.dk\\\/blog\\\/wp-content\\\/uploads\\\/2024\\\/02\\\/Nandina-Domestica.jpg\",\"contentUrl\":\"https:\\\/\\\/interflora.dk\\\/blog\\\/wp-content\\\/uploads\\\/2024\\\/02\\\/Nandina-Domestica.jpg\",\"width\":980,\"height\":735,\"caption\":\"Nandina Domestica i vase\"},{\"@type\":\"BreadcrumbList\",\"@id\":\"https:\\\/\\\/interflora.dk\\\/blog\\\/hvordan-vaelger-man-et-indendoers-trae\\\/#breadcrumb\",\"itemListElement\":[{\"@type\":\"ListItem\",\"position\":1,\"name\":\"Home\",\"item\":\"https:\\\/\\\/interflora.dk\\\/blog\\\/\"},{\"@type\":\"ListItem\",\"position\":2,\"name\":\"Hvordan v\u00e6lger man et indend\u00f8rs tr\u00e6?\u00a0\"}]},{\"@type\":\"WebSite\",\"@id\":\"https:\\\/\\\/interflora.dk\\\/blog\\\/#website\",\"url\":\"https:\\\/\\\/interflora.dk\\\/blog\\\/\",\"name\":\"Interflora\",\"description\":\"\",\"publisher\":{\"@id\":\"https:\\\/\\\/interflora.dk\\\/blog\\\/#organization\"},\"potentialAction\":[{\"@type\":\"SearchAction\",\"target\":{\"@type\":\"EntryPoint\",\"urlTemplate\":\"https:\\\/\\\/interflora.dk\\\/blog\\\/?s={search_term_string}\"},\"query-input\":{\"@type\":\"PropertyValueSpecification\",\"valueRequired\":true,\"valueName\":\"search_term_string\"}}],\"inLanguage\":\"da-DK\"},{\"@type\":\"Organization\",\"@id\":\"https:\\\/\\\/interflora.dk\\\/blog\\\/#organization\",\"name\":\"Interflora\",\"url\":\"https:\\\/\\\/interflora.dk\\\/blog\\\/\",\"logo\":{\"@type\":\"ImageObject\",\"inLanguage\":\"da-DK\",\"@id\":\"https:\\\/\\\/interflora.dk\\\/blog\\\/#\\\/schema\\\/logo\\\/image\\\/\",\"url\":\"https:\\\/\\\/interflora.dk\\\/blog\\\/wp-content\\\/uploads\\\/2025\\\/09\\\/220422_INTERFLORA_Logo_rgb_Half_Top_Circle_Main_Color.png\",\"contentUrl\":\"https:\\\/\\\/interflora.dk\\\/blog\\\/wp-content\\\/uploads\\\/2025\\\/09\\\/220422_INTERFLORA_Logo_rgb_Half_Top_Circle_Main_Color.png\",\"width\":1418,\"height\":710,\"caption\":\"Interflora\"},\"image\":{\"@id\":\"https:\\\/\\\/interflora.dk\\\/blog\\\/#\\\/schema\\\/logo\\\/image\\\/\"},\"sameAs\":[\"https:\\\/\\\/www.facebook.com\\\/InterfloraDanmark\",\"https:\\\/\\\/www.instagram.com\\\/interfloradk\",\"https:\\\/\\\/www.linkedin.com\\\/company\\\/interfloradanmark\",\"https:\\\/\\\/www.youtube.com\\\/user\\\/InterfloraTV\"]},{\"@type\":\"Person\",\"@id\":\"https:\\\/\\\/interflora.dk\\\/blog\\\/#\\\/schema\\\/person\\\/dbbd1ad45e05409c356dc639597669f2\",\"name\":\"admin\",\"image\":{\"@type\":\"ImageObject\",\"inLanguage\":\"da-DK\",\"@id\":\"https:\\\/\\\/interflora.dk\\\/blog\\\/wp-content\\\/litespeed\\\/avatar\\\/1fe3cced9e67df62d0a6f995d75823a5.jpg?ver=1776935036\",\"url\":\"https:\\\/\\\/interflora.dk\\\/blog\\\/wp-content\\\/litespeed\\\/avatar\\\/1fe3cced9e67df62d0a6f995d75823a5.jpg?ver=1776935036\",\"contentUrl\":\"https:\\\/\\\/interflora.dk\\\/blog\\\/wp-content\\\/litespeed\\\/avatar\\\/1fe3cced9e67df62d0a6f995d75823a5.jpg?ver=1776935036\",\"caption\":\"admin\"}}]}<\/script>\n<!-- \/ Yoast SEO plugin. -->","yoast_head_json":{"title":"15 tr\u00e6er, der kan dyrkes indend\u00f8rs | Interflora","description":"Kunne du t\u00e6nke dig at have et indend\u00f8rs tr\u00e6? L\u00e6s vores bud p\u00e5 tr\u00e6er, der passer til dit hjem, og f\u00e5 samtidig et par vedligeholdelsestips!","robots":{"index":"index","follow":"follow","max-snippet":"max-snippet:-1","max-image-preview":"max-image-preview:large","max-video-preview":"max-video-preview:-1"},"canonical":"https:\/\/interflora.dk\/blog\/hvordan-vaelger-man-et-indendoers-trae\/","og_locale":"da_DK","og_type":"article","og_title":"15 tr\u00e6er, der kan dyrkes indend\u00f8rs | Interflora","og_description":"Kunne du t\u00e6nke dig at have et indend\u00f8rs tr\u00e6? L\u00e6s vores bud p\u00e5 tr\u00e6er, der passer til dit hjem, og f\u00e5 samtidig et par vedligeholdelsestips!","og_url":"https:\/\/interflora.dk\/blog\/hvordan-vaelger-man-et-indendoers-trae\/","og_site_name":"Interflora","article_publisher":"https:\/\/www.facebook.com\/InterfloraDanmark","article_published_time":"2026-01-02T11:57:31+00:00","article_modified_time":"2026-01-05T10:39:36+00:00","og_image":[{"width":980,"height":735,"url":"https:\/\/interflora.dk\/blog\/wp-content\/uploads\/2024\/02\/Nandina-Domestica.jpg","type":"image\/jpeg"}],"author":"admin","twitter_card":"summary_large_image","twitter_misc":{"Skrevet af":"admin","Estimeret l\u00e6setid":"5 minutter"},"schema":{"@context":"https:\/\/schema.org","@graph":[{"@type":"Article","@id":"https:\/\/interflora.dk\/blog\/hvordan-vaelger-man-et-indendoers-trae\/#article","isPartOf":{"@id":"https:\/\/interflora.dk\/blog\/hvordan-vaelger-man-et-indendoers-trae\/"},"author":{"name":"admin","@id":"https:\/\/interflora.dk\/blog\/#\/schema\/person\/dbbd1ad45e05409c356dc639597669f2"},"headline":"Hvordan v\u00e6lger man et indend\u00f8rs tr\u00e6?\u00a0","datePublished":"2026-01-02T11:57:31+00:00","dateModified":"2026-01-05T10:39:36+00:00","mainEntityOfPage":{"@id":"https:\/\/interflora.dk\/blog\/hvordan-vaelger-man-et-indendoers-trae\/"},"wordCount":957,"commentCount":0,"publisher":{"@id":"https:\/\/interflora.dk\/blog\/#organization"},"image":{"@id":"https:\/\/interflora.dk\/blog\/hvordan-vaelger-man-et-indendoers-trae\/#primaryimage"},"thumbnailUrl":"https:\/\/interflora.dk\/blog\/wp-content\/uploads\/2024\/02\/Nandina-Domestica.jpg","keywords":["Planter"],"articleSection":["Gl\u00e6den ved havearbejde: R\u00e5d og inspiration","Indend\u00f8rs planter: Pleje og tips","Planter: Pleje og inspiration"],"inLanguage":"da-DK","potentialAction":[{"@type":"CommentAction","name":"Comment","target":["https:\/\/interflora.dk\/blog\/hvordan-vaelger-man-et-indendoers-trae\/#respond"]}]},{"@type":"WebPage","@id":"https:\/\/interflora.dk\/blog\/hvordan-vaelger-man-et-indendoers-trae\/","url":"https:\/\/interflora.dk\/blog\/hvordan-vaelger-man-et-indendoers-trae\/","name":"15 tr\u00e6er, der kan dyrkes indend\u00f8rs | Interflora","isPartOf":{"@id":"https:\/\/interflora.dk\/blog\/#website"},"primaryImageOfPage":{"@id":"https:\/\/interflora.dk\/blog\/hvordan-vaelger-man-et-indendoers-trae\/#primaryimage"},"image":{"@id":"https:\/\/interflora.dk\/blog\/hvordan-vaelger-man-et-indendoers-trae\/#primaryimage"},"thumbnailUrl":"https:\/\/interflora.dk\/blog\/wp-content\/uploads\/2024\/02\/Nandina-Domestica.jpg","datePublished":"2026-01-02T11:57:31+00:00","dateModified":"2026-01-05T10:39:36+00:00","description":"Kunne du t\u00e6nke dig at have et indend\u00f8rs tr\u00e6? L\u00e6s vores bud p\u00e5 tr\u00e6er, der passer til dit hjem, og f\u00e5 samtidig et par vedligeholdelsestips!","breadcrumb":{"@id":"https:\/\/interflora.dk\/blog\/hvordan-vaelger-man-et-indendoers-trae\/#breadcrumb"},"inLanguage":"da-DK","potentialAction":[{"@type":"ReadAction","target":["https:\/\/interflora.dk\/blog\/hvordan-vaelger-man-et-indendoers-trae\/"]}]},{"@type":"ImageObject","inLanguage":"da-DK","@id":"https:\/\/interflora.dk\/blog\/hvordan-vaelger-man-et-indendoers-trae\/#primaryimage","url":"https:\/\/interflora.dk\/blog\/wp-content\/uploads\/2024\/02\/Nandina-Domestica.jpg","contentUrl":"https:\/\/interflora.dk\/blog\/wp-content\/uploads\/2024\/02\/Nandina-Domestica.jpg","width":980,"height":735,"caption":"Nandina Domestica i vase"},{"@type":"BreadcrumbList","@id":"https:\/\/interflora.dk\/blog\/hvordan-vaelger-man-et-indendoers-trae\/#breadcrumb","itemListElement":[{"@type":"ListItem","position":1,"name":"Home","item":"https:\/\/interflora.dk\/blog\/"},{"@type":"ListItem","position":2,"name":"Hvordan v\u00e6lger man et indend\u00f8rs tr\u00e6?\u00a0"}]},{"@type":"WebSite","@id":"https:\/\/interflora.dk\/blog\/#website","url":"https:\/\/interflora.dk\/blog\/","name":"Interflora","description":"","publisher":{"@id":"https:\/\/interflora.dk\/blog\/#organization"},"potentialAction":[{"@type":"SearchAction","target":{"@type":"EntryPoint","urlTemplate":"https:\/\/interflora.dk\/blog\/?s={search_term_string}"},"query-input":{"@type":"PropertyValueSpecification","valueRequired":true,"valueName":"search_term_string"}}],"inLanguage":"da-DK"},{"@type":"Organization","@id":"https:\/\/interflora.dk\/blog\/#organization","name":"Interflora","url":"https:\/\/interflora.dk\/blog\/","logo":{"@type":"ImageObject","inLanguage":"da-DK","@id":"https:\/\/interflora.dk\/blog\/#\/schema\/logo\/image\/","url":"https:\/\/interflora.dk\/blog\/wp-content\/uploads\/2025\/09\/220422_INTERFLORA_Logo_rgb_Half_Top_Circle_Main_Color.png","contentUrl":"https:\/\/interflora.dk\/blog\/wp-content\/uploads\/2025\/09\/220422_INTERFLORA_Logo_rgb_Half_Top_Circle_Main_Color.png","width":1418,"height":710,"caption":"Interflora"},"image":{"@id":"https:\/\/interflora.dk\/blog\/#\/schema\/logo\/image\/"},"sameAs":["https:\/\/www.facebook.com\/InterfloraDanmark","https:\/\/www.instagram.com\/interfloradk","https:\/\/www.linkedin.com\/company\/interfloradanmark","https:\/\/www.youtube.com\/user\/InterfloraTV"]},{"@type":"Person","@id":"https:\/\/interflora.dk\/blog\/#\/schema\/person\/dbbd1ad45e05409c356dc639597669f2","name":"admin","image":{"@type":"ImageObject","inLanguage":"da-DK","@id":"https:\/\/interflora.dk\/blog\/wp-content\/litespeed\/avatar\/1fe3cced9e67df62d0a6f995d75823a5.jpg?ver=1776935036","url":"https:\/\/interflora.dk\/blog\/wp-content\/litespeed\/avatar\/1fe3cced9e67df62d0a6f995d75823a5.jpg?ver=1776935036","contentUrl":"https:\/\/interflora.dk\/blog\/wp-content\/litespeed\/avatar\/1fe3cced9e67df62d0a6f995d75823a5.jpg?ver=1776935036","caption":"admin"}}]}},"uagb_featured_image_src":{"full":["https:\/\/interflora.dk\/blog\/wp-content\/uploads\/2024\/02\/Nandina-Domestica.jpg",980,735,false],"thumbnail":["https:\/\/interflora.dk\/blog\/wp-content\/uploads\/2024\/02\/Nandina-Domestica-150x150.jpg",150,150,true],"medium":["https:\/\/interflora.dk\/blog\/wp-content\/uploads\/2024\/02\/Nandina-Domestica-300x225.jpg",300,225,true],"medium_large":["https:\/\/interflora.dk\/blog\/wp-content\/uploads\/2024\/02\/Nandina-Domestica-768x576.jpg",768,576,true],"large":["https:\/\/interflora.dk\/blog\/wp-content\/uploads\/2024\/02\/Nandina-Domestica.jpg",980,735,false],"1536x1536":["https:\/\/interflora.dk\/blog\/wp-content\/uploads\/2024\/02\/Nandina-Domestica.jpg",980,735,false],"2048x2048":["https:\/\/interflora.dk\/blog\/wp-content\/uploads\/2024\/02\/Nandina-Domestica.jpg",980,735,false]},"uagb_author_info":{"display_name":"admin","author_link":"https:\/\/interflora.dk\/blog\/author\/admin\/"},"uagb_comment_info":0,"uagb_excerpt":"Det kan lyde m\u00e6rkeligt, men du beh\u00f8ver ikke have en have for at dyrke et tr\u00e6. Planteverdenen er s\u00e5 h\u00e5rdf\u00f8r, [&hellip;]","_links":{"self":[{"href":"https:\/\/interflora.dk\/blog\/wp-json\/wp\/v2\/posts\/43988","targetHints":{"allow":["GET"]}}],"collection":[{"href":"https:\/\/interflora.dk\/blog\/wp-json\/wp\/v2\/posts"}],"about":[{"href":"https:\/\/interflora.dk\/blog\/wp-json\/wp\/v2\/types\/post"}],"author":[{"embeddable":true,"href":"https:\/\/interflora.dk\/blog\/wp-json\/wp\/v2\/users\/1"}],"replies":[{"embeddable":true,"href":"https:\/\/interflora.dk\/blog\/wp-json\/wp\/v2\/comments?post=43988"}],"version-history":[{"count":1,"href":"https:\/\/interflora.dk\/blog\/wp-json\/wp\/v2\/posts\/43988\/revisions"}],"predecessor-version":[{"id":59096,"href":"https:\/\/interflora.dk\/blog\/wp-json\/wp\/v2\/posts\/43988\/revisions\/59096"}],"wp:featuredmedia":[{"embeddable":true,"href":"https:\/\/interflora.dk\/blog\/wp-json\/wp\/v2\/media\/43990"}],"wp:attachment":[{"href":"https:\/\/interflora.dk\/blog\/wp-json\/wp\/v2\/media?parent=43988"}],"wp:term":[{"taxonomy":"category","embeddable":true,"href":"https:\/\/interflora.dk\/blog\/wp-json\/wp\/v2\/categories?post=43988"},{"taxonomy":"post_tag","embeddable":true,"href":"https:\/\/interflora.dk\/blog\/wp-json\/wp\/v2\/tags?post=43988"}],"curies":[{"name":"wp","href":"https:\/\/api.w.org\/{rel}","templated":true}]}}