{"id":45708,"date":"2024-05-20T16:04:04","date_gmt":"2024-05-20T14:04:04","guid":{"rendered":"https:\/\/interflora.dk\/blog\/?p=45708"},"modified":"2025-10-02T14:31:47","modified_gmt":"2025-10-02T12:31:47","slug":"raad-til-levering-af-blomster-til-begravelse","status":"publish","type":"post","link":"https:\/\/interflora.dk\/blog\/raad-til-levering-af-blomster-til-begravelse\/","title":{"rendered":"Blomsterlevering til bis\u00e6ttelse og begravelse\u00a0"},"content":{"rendered":"\n<p>Blomster ledsager traditionelt bis\u00e6ttelser og begravelser. De pynter kisten og kirken eller kapellet og er <strong>en hyldest<\/strong> til den afd\u00f8de optil det endelige farvel p\u00e5 kirkeg\u00e5rden. Det er ligeledes almindeligt at f\u00e5 bragt blomster ud til de efterladte for at sende dem en <strong>varm hilsen<\/strong> i den smertefulde stund. Men hvad skal du v\u00e6lge? Hvor, hvorn\u00e5r og hvordan? Her er nogle brugbare tips til at arrangere din blomsterlevering, hvad enten det er i professionel eller privat sammenh\u00e6ng.<\/p>\n\n\n\n<figure class=\"wp-block-image aligncenter size-full is-resized\"><img decoding=\"async\" src=\"https:\/\/interflora.dk\/blog\/wp-content\/uploads\/kiste2.jpg\" alt=\"Flotte farverige blomster p\u00e5 kiste\" class=\"wp-image-45738\" style=\"width:650px\"\/><\/figure>\n\n\n\n<div style=\"height:20px\" aria-hidden=\"true\" class=\"wp-block-spacer\"><\/div>\n\n\n\n<h2 class=\"wp-block-heading alignwide has-text-align-center\"><strong>Hvilke blomster skal man v\u00e6lge til en bis\u00e6ttelse\/begravelse?<\/strong><\/h2>\n\n\n\n<p>Hvide blomster er meget popul\u00e6re, fordi de er forbundet med renhed, respekt og oprigtighed. Det g\u00e6lder f.eks. den hvide rose eller andre hvide s\u00e6sonbetonede blomster, der kan v\u00e6re en naturlig del af begivenheden, afh\u00e6ngigt af hvilken tid p\u00e5 \u00e5ret bis\u00e6ttelsen eller begravelsen finder sted.<\/p>\n\n\n\n<p>I de senere \u00e5r har blomsterarrangementer til bis\u00e6ttelser og begravelser ofte omfattet rustikke toner og sobre nuancer som pastelfarver, creme eller laksefarve, der elegant supplerer hvid. Muntre og st\u00e6rke farver b\u00f8r kun v\u00e6lges, hvis det er p\u00e5 anmodning fra familien eller et \u00f8nske udtrykt af den afd\u00f8de.<\/p>\n\n\n\n<h2 class=\"wp-block-heading alignwide has-text-align-center\"><strong>Oplysninger til levering af blomster til bis\u00e6ttelse\/begravelse<\/strong><\/h2>\n\n\n\n<p>Visse oplysninger er nyttige for at sikre vellykket levering af dine valgte blomster: Efternavn (evt. pigenavn) og fornavn p\u00e5 den afd\u00f8de samt sted, adresse og tidspunkt for ceremonien. Disse oplysninger er is\u00e6r vigtige i st\u00f8rre byer, hvor flere bis\u00e6ttelser og begravelser kan finde sted p\u00e5 samme dag og p\u00e5 samme sted.<\/p>\n\n\n\n<p><a href=\"https:\/\/interflora.dk\/kontakt\" target=\"_blank\" rel=\"noreferrer noopener\">Interfloras r\u00e5dgivere st\u00e5r klar til at vejlede dig<\/a>, hvis du mangler oplysninger. Ofte vil den faguddannede blomsterhandler, der er ansvarlig for din blomsterlevering, v\u00e6re i kontakt med familien og kende arrangementerne for bis\u00e6ttelsen eller begravelsen samt de \u00f8nsker, der udtrykkes af den afd\u00f8des p\u00e5r\u00f8rende.<\/p>\n\n\n<div class=\"lp-produits-grid\"><div class=\"lp-produit\"><div class=\"lp-thumbnail-wrapper\"><img loading=\"lazy\" decoding=\"async\" width=\"300\" height=\"300\" src=\"https:\/\/interflora.dk\/blog\/wp-content\/uploads\/2025\/09\/Baarebuket_florists_choise_m_baand_450-300x300.jpg\" class=\"attachment-medium size-medium wp-post-image\" alt=\"\" srcset=\"https:\/\/interflora.dk\/blog\/wp-content\/uploads\/2025\/09\/Baarebuket_florists_choise_m_baand_450-300x300.jpg 300w, https:\/\/interflora.dk\/blog\/wp-content\/uploads\/2025\/09\/Baarebuket_florists_choise_m_baand_450-1024x1024.jpg 1024w, https:\/\/interflora.dk\/blog\/wp-content\/uploads\/2025\/09\/Baarebuket_florists_choise_m_baand_450-150x150.jpg 150w, https:\/\/interflora.dk\/blog\/wp-content\/uploads\/2025\/09\/Baarebuket_florists_choise_m_baand_450-768x768.jpg 768w, https:\/\/interflora.dk\/blog\/wp-content\/uploads\/2025\/09\/Baarebuket_florists_choise_m_baand_450.jpg 1200w\" sizes=\"auto, (max-width: 300px) 100vw, 300px\" \/><img decoding=\"async\" class=\"lp-badge\" src=\"https:\/\/prodblog.interflora.dk\/blog\/wp-content\/uploads\/2025\/09\/220422_INTERFLORA_Main_Logo_rgb_Main_Color.avif\" alt=\"Send blomster med Interflora\"><\/div><span>B\u00e5rebuket, hvid (Floristens kreative valg) med b\u00e5nd<\/span><p>Fra 499 kr.<\/p><span class=\"obf-link lp-cta\" role=\"link\" tabindex=\"0\" data-b64=\"aHR0cHM6Ly9pbnRlcmZsb3JhLmRrL3Byb2R1a3QvYmFhcmVidWtldC1seXNlLW51YW5jZXItZmxvcmlzdGVucy1rcmVhdGl2ZS12YWxnLW1lZC1iYWFuZD92PTIzOTYmIzAzODt2YXJpYXRpb249ZTlmYmE0YjUtNmU0MS00MDA3LTk3NGItMzJiZjI2YzZiZWYwP3V0bV9tZWRpdW09b3JnYW5pYyZ1dG1fc291cmNlPWJsb2dfcHJvZHVjdHMmdXRtX2NhbXBhaWduPTU2NQ==\" data-target=\"_blank\"><svg xmlns=\"http:\/\/www.w3.org\/2000\/svg\" width=\"16\" height=\"16\" fill=\"currentColor\" class=\"bi bi-bag\" viewBox=\"0 0 16 16\"><path d=\"M8 1a2 2 0 0 1 2 2v1h2.5A1.5 1.5 0 0 1 14 5.5v8A1.5 1.5 0 0 1 12.5 15h-9A1.5 1.5 0 0 1 2 13.5v-8A1.5 1.5 0 0 1 3.5 3H6V2a2 2 0 0 1 2-1zm1 3V3a1 1 0 0 0-2 0v1h2z\"\/><\/svg>K\u00f8b her<\/span><p class=\"rapido\">H\u00e5ndbundet af florister<\/p><\/div><div class=\"lp-produit\"><div class=\"lp-thumbnail-wrapper\"><img loading=\"lazy\" decoding=\"async\" width=\"300\" height=\"300\" src=\"https:\/\/interflora.dk\/blog\/wp-content\/uploads\/2025\/09\/FLORISTENS_KREATIVE_SMALL-1-300x300.jpg\" class=\"attachment-medium size-medium wp-post-image\" alt=\"\" srcset=\"https:\/\/interflora.dk\/blog\/wp-content\/uploads\/2025\/09\/FLORISTENS_KREATIVE_SMALL-1-300x300.jpg 300w, https:\/\/interflora.dk\/blog\/wp-content\/uploads\/2025\/09\/FLORISTENS_KREATIVE_SMALL-1-1024x1024.jpg 1024w, https:\/\/interflora.dk\/blog\/wp-content\/uploads\/2025\/09\/FLORISTENS_KREATIVE_SMALL-1-150x150.jpg 150w, https:\/\/interflora.dk\/blog\/wp-content\/uploads\/2025\/09\/FLORISTENS_KREATIVE_SMALL-1-768x768.jpg 768w, https:\/\/interflora.dk\/blog\/wp-content\/uploads\/2025\/09\/FLORISTENS_KREATIVE_SMALL-1.jpg 1200w\" sizes=\"auto, (max-width: 300px) 100vw, 300px\" \/><img decoding=\"async\" class=\"lp-badge\" src=\"https:\/\/prodblog.interflora.dk\/blog\/wp-content\/uploads\/2025\/09\/220422_INTERFLORA_Main_Logo_rgb_Main_Color.avif\" alt=\"Send blomster med Interflora\"><\/div><span>B\u00e5rebuket, multifarvet (Floristens kreative valg)<\/span><p>Fra 249 kr.<\/p><span class=\"obf-link lp-cta\" role=\"link\" tabindex=\"0\" data-b64=\"aHR0cHM6Ly9pbnRlcmZsb3JhLmRrL3Byb2R1a3QvYmFhcmVidWtldC1tdWx0aWZhcnZldC1mbG9yaXN0ZW5zLWtyZWF0aXZlLXZhbGc\/dj0xNjQ1MSYjMDM4O3ZhcmlhdGlvbj1kNTJiYzY4NC05NGFkLTQ4OTQtYjE1Yy00ZWFmNWFiOTk1NTI\/dXRtX21lZGl1bT1vcmdhbmljJnV0bV9zb3VyY2U9YmxvZ19wcm9kdWN0cyZ1dG1fY2FtcGFpZ249Njc2Ng==\" data-target=\"_blank\"><svg xmlns=\"http:\/\/www.w3.org\/2000\/svg\" width=\"16\" height=\"16\" fill=\"currentColor\" class=\"bi bi-bag\" viewBox=\"0 0 16 16\"><path d=\"M8 1a2 2 0 0 1 2 2v1h2.5A1.5 1.5 0 0 1 14 5.5v8A1.5 1.5 0 0 1 12.5 15h-9A1.5 1.5 0 0 1 2 13.5v-8A1.5 1.5 0 0 1 3.5 3H6V2a2 2 0 0 1 2-1zm1 3V3a1 1 0 0 0-2 0v1h2z\"\/><\/svg>K\u00f8b her<\/span><p class=\"rapido\">Kundernes favorit<\/p><\/div><div class=\"lp-produit\"><div class=\"lp-thumbnail-wrapper\"><img loading=\"lazy\" decoding=\"async\" width=\"300\" height=\"300\" src=\"https:\/\/interflora.dk\/blog\/wp-content\/uploads\/2025\/09\/FLORISTENS_KREATIVE_DEN_VILDE_SMALL-300x300.jpg\" class=\"attachment-medium size-medium wp-post-image\" alt=\"\" srcset=\"https:\/\/interflora.dk\/blog\/wp-content\/uploads\/2025\/09\/FLORISTENS_KREATIVE_DEN_VILDE_SMALL-300x300.jpg 300w, https:\/\/interflora.dk\/blog\/wp-content\/uploads\/2025\/09\/FLORISTENS_KREATIVE_DEN_VILDE_SMALL-1024x1024.jpg 1024w, https:\/\/interflora.dk\/blog\/wp-content\/uploads\/2025\/09\/FLORISTENS_KREATIVE_DEN_VILDE_SMALL-150x150.jpg 150w, https:\/\/interflora.dk\/blog\/wp-content\/uploads\/2025\/09\/FLORISTENS_KREATIVE_DEN_VILDE_SMALL-768x768.jpg 768w, https:\/\/interflora.dk\/blog\/wp-content\/uploads\/2025\/09\/FLORISTENS_KREATIVE_DEN_VILDE_SMALL.jpg 1200w\" sizes=\"auto, (max-width: 300px) 100vw, 300px\" \/><img decoding=\"async\" class=\"lp-badge\" src=\"https:\/\/prodblog.interflora.dk\/blog\/wp-content\/uploads\/2025\/09\/220422_INTERFLORA_Main_Logo_rgb_Main_Color.avif\" alt=\"Send blomster med Interflora\"><\/div><span>B\u00e5rebuket, vild (Floristens kreative valg)<\/span><p>Fra 279 kr.<\/p><span class=\"obf-link lp-cta\" role=\"link\" tabindex=\"0\" data-b64=\"aHR0cHM6Ly9pbnRlcmZsb3JhLmRrL3Byb2R1a3QvYmFhcmVidWtldC12aWxkLWZsb3Jpc3RlbnMta3JlYXRpdmUtdmFsZz92PTE2NDQyJiMwMzg7dmFyaWF0aW9uPTEzNzk2NTQyLTA5NDgtNDhkNS04N2Q3LTlkNjU1NTZhYjBlYz91dG1fbWVkaXVtPW9yZ2FuaWMmdXRtX3NvdXJjZT1ibG9nX3Byb2R1Y3RzJnV0bV9jYW1wYWlnbj02NzU5\" data-target=\"_blank\"><svg xmlns=\"http:\/\/www.w3.org\/2000\/svg\" width=\"16\" height=\"16\" fill=\"currentColor\" class=\"bi bi-bag\" viewBox=\"0 0 16 16\"><path d=\"M8 1a2 2 0 0 1 2 2v1h2.5A1.5 1.5 0 0 1 14 5.5v8A1.5 1.5 0 0 1 12.5 15h-9A1.5 1.5 0 0 1 2 13.5v-8A1.5 1.5 0 0 1 3.5 3H6V2a2 2 0 0 1 2-1zm1 3V3a1 1 0 0 0-2 0v1h2z\"\/><\/svg>K\u00f8b her<\/span><p class=\"rapido\">Friske blomster<\/p><\/div><div class=\"lp-produit\"><div class=\"lp-thumbnail-wrapper\"><img loading=\"lazy\" decoding=\"async\" width=\"300\" height=\"300\" src=\"https:\/\/interflora.dk\/blog\/wp-content\/uploads\/2025\/09\/FLORISTENS_FARVERIGE_KONDELENCE_BUKET_MEDIUM_2585-300x300.jpg\" class=\"attachment-medium size-medium wp-post-image\" alt=\"\" srcset=\"https:\/\/interflora.dk\/blog\/wp-content\/uploads\/2025\/09\/FLORISTENS_FARVERIGE_KONDELENCE_BUKET_MEDIUM_2585-300x300.jpg 300w, https:\/\/interflora.dk\/blog\/wp-content\/uploads\/2025\/09\/FLORISTENS_FARVERIGE_KONDELENCE_BUKET_MEDIUM_2585-1024x1024.jpg 1024w, https:\/\/interflora.dk\/blog\/wp-content\/uploads\/2025\/09\/FLORISTENS_FARVERIGE_KONDELENCE_BUKET_MEDIUM_2585-150x150.jpg 150w, https:\/\/interflora.dk\/blog\/wp-content\/uploads\/2025\/09\/FLORISTENS_FARVERIGE_KONDELENCE_BUKET_MEDIUM_2585-768x768.jpg 768w, https:\/\/interflora.dk\/blog\/wp-content\/uploads\/2025\/09\/FLORISTENS_FARVERIGE_KONDELENCE_BUKET_MEDIUM_2585.jpg 1200w\" sizes=\"auto, (max-width: 300px) 100vw, 300px\" \/><img decoding=\"async\" class=\"lp-badge\" src=\"https:\/\/prodblog.interflora.dk\/blog\/wp-content\/uploads\/2025\/09\/220422_INTERFLORA_Main_Logo_rgb_Main_Color.avif\" alt=\"Send blomster med Interflora\"><\/div><span>Floristens farverige kondolencebuket<\/span><p>Fra 289 kr.<\/p><span class=\"obf-link lp-cta\" role=\"link\" tabindex=\"0\" data-b64=\"aHR0cHM6Ly9pbnRlcmZsb3JhLmRrL3Byb2R1a3QvZmxvcmlzdGVucy1mYXJ2ZXJpZ2Uta29uZG9sZW5jZWJ1a2V0P3Y9MTM5OTUmIzAzODt2YXJpYXRpb249ZWM0MjkwNzItNGNhOS00YTI5LWFlYjQtMzkzNGJlNjdhMTY1P3V0bV9tZWRpdW09b3JnYW5pYyZ1dG1fc291cmNlPWJsb2dfcHJvZHVjdHMmdXRtX2NhbXBhaWduPTI1ODU=\" data-target=\"_blank\"><svg xmlns=\"http:\/\/www.w3.org\/2000\/svg\" width=\"16\" height=\"16\" fill=\"currentColor\" class=\"bi bi-bag\" viewBox=\"0 0 16 16\"><path d=\"M8 1a2 2 0 0 1 2 2v1h2.5A1.5 1.5 0 0 1 14 5.5v8A1.5 1.5 0 0 1 12.5 15h-9A1.5 1.5 0 0 1 2 13.5v-8A1.5 1.5 0 0 1 3.5 3H6V2a2 2 0 0 1 2-1zm1 3V3a1 1 0 0 0-2 0v1h2z\"\/><\/svg>K\u00f8b her<\/span><p class=\"rapido\">Din personlige hilsen<\/p><\/div><\/div>\n\n\n\n<div style=\"height:10px\" aria-hidden=\"true\" class=\"wp-block-spacer\"><\/div>\n\n\n\n<div class=\"wp-block-buttons alignwide has-custom-font-size has-medium-font-size is-content-justification-center is-layout-flex wp-container-core-buttons-is-layout-a89b3969 wp-block-buttons-is-layout-flex\">\n<div class=\"wp-block-button\"><a class=\"wp-block-button__link wp-element-button\" href=\"https:\/\/interflora.dk\/produkter\/anledninger\/blomster-til-begravelse?utm_source=blog&amp;utm_medium=organic&amp;utm_campaign=post-cta\">Levering af blomster til begravelse<\/a><\/div>\n<\/div>\n\n\n\n<div style=\"height:20px\" aria-hidden=\"true\" class=\"wp-block-spacer\"><\/div>\n\n\n\n<h2 class=\"wp-block-heading alignwide has-text-align-center\"><strong>Hvor skal blomsterne leveres ved bis\u00e6ttelser\/begravelser?<\/strong><\/h2>\n\n\n\n<p>Leveringen af blomsterne foretages til bedemandens adresse, kirken eller kapellet. Bedemanden eller nogle gange blomsterhandlerne er ansvarlige for levering og arrangement af blomsterne som en del af ceremonien. Du kan s\u00e5ledes v\u00e6re sikker p\u00e5 at din blomsterdekoration pryder kirkegulvet ved bis\u00e6ttelsen eller begravelsen.<\/p>\n\n\n\n<p>Levering af blomster til de efterladtes hjem i forbindelse med en bis\u00e6ttelse eller begravelse anbefales ikke, medmindre familien selv eftersp\u00f8rger det. M\u00e5ske finder bis\u00e6ttelsen eller begravelsen ikke sted t\u00e6t p\u00e5 hjemmet, og det er ikke en god id\u00e9 at belaste de p\u00e5r\u00f8rende yderligere, i den vanskelige tid de g\u00e5r igennem.<\/p>\n\n\n\n<p class=\"has-background\" style=\"background-color:#f5ebe487\">M\u00e5ske du ogs\u00e5 er interesseret i: <strong><a href=\"https:\/\/interflora.dk\/blog\/kan-man-pynte-et-gravsted-uden-at-ga-pa-kirkegarden\/\" target=\"_blank\" rel=\"noreferrer noopener\">Kan man pynte et gravsted uden at g\u00e5 p\u00e5 kirkeg\u00e5rden?<\/a><\/strong><\/p>\n\n\n\n<h2 class=\"wp-block-heading alignwide has-text-align-center\"><strong>Hvorn\u00e5r<\/strong><strong> skal du planl\u00e6gge levering af dine blomster?<\/strong><strong><\/strong><\/h2>\n\n\n\n<p>Ved et d\u00f8dsfald arrangeres udbringningen af blomsterne f\u00f8rst, n\u00e5r du har de n\u00f8dvendige oplysninger, der normalt leveres af afd\u00f8des familie. Levering dagen f\u00f8r eller samme dag som bis\u00e6ttelsen eller begravelsen er mulig, afh\u00e6ngigt af hvorn\u00e5r du afgiver din ordre. Interflora vil tjekke med sin lokale blomsterhandler for at se, om det er muligt at f\u00e5 leveret blomsterne til tiden.<\/p>\n\n\n\n<p>Og endelig, hvis ceremonien allerede er overst\u00e5et, kan du f\u00e5 dine blomster leveret til kirkeg\u00e5rden. I det tilf\u00e6lde skal du v\u00e6lge <a href=\"https:\/\/interflora.dk\/produkter\/anledninger\/baarebuketter-med-roser\">en blomsterdekoration<\/a> eller gr\u00f8nne og blomstrende planter, som kan t\u00e5le at st\u00e5 udend\u00f8rs.<\/p>\n\n\n\n<p class=\"has-background\" style=\"background-color:#f5ebe487\">M\u00e5ske du ogs\u00e5 er interesseret i: <strong><a href=\"https:\/\/interflora.dk\/blog\/kan-nogen-forbydes-at-laegge-blomster-paa-en-grav\/\" target=\"_blank\" rel=\"noreferrer noopener\">Kan man n\u00e6gte nogen at l\u00e6gge blomster p\u00e5 en grav?<\/a><\/strong><\/p>\n\n\n<div class=\"lp-produits-grid\"><div class=\"lp-produit\"><div class=\"lp-thumbnail-wrapper\"><img loading=\"lazy\" decoding=\"async\" width=\"300\" height=\"300\" src=\"https:\/\/interflora.dk\/blog\/wp-content\/uploads\/2025\/09\/Baarebuket_Floristens_kreative_valg_i_farver_mellem_2586-300x300.jpg\" class=\"attachment-medium size-medium wp-post-image\" alt=\"\" srcset=\"https:\/\/interflora.dk\/blog\/wp-content\/uploads\/2025\/09\/Baarebuket_Floristens_kreative_valg_i_farver_mellem_2586-300x300.jpg 300w, https:\/\/interflora.dk\/blog\/wp-content\/uploads\/2025\/09\/Baarebuket_Floristens_kreative_valg_i_farver_mellem_2586-1024x1024.jpg 1024w, https:\/\/interflora.dk\/blog\/wp-content\/uploads\/2025\/09\/Baarebuket_Floristens_kreative_valg_i_farver_mellem_2586-150x150.jpg 150w, https:\/\/interflora.dk\/blog\/wp-content\/uploads\/2025\/09\/Baarebuket_Floristens_kreative_valg_i_farver_mellem_2586-768x768.jpg 768w, https:\/\/interflora.dk\/blog\/wp-content\/uploads\/2025\/09\/Baarebuket_Floristens_kreative_valg_i_farver_mellem_2586.jpg 1200w\" sizes=\"auto, (max-width: 300px) 100vw, 300px\" \/><img decoding=\"async\" class=\"lp-badge\" src=\"https:\/\/prodblog.interflora.dk\/blog\/wp-content\/uploads\/2025\/09\/220422_INTERFLORA_Main_Logo_rgb_Main_Color.avif\" alt=\"Send blomster med Interflora\"><\/div><span>B\u00e5rebuket, farverig (Floristens kreative valg)<\/span><p>Fra 349 kr.<\/p><span class=\"obf-link lp-cta\" role=\"link\" tabindex=\"0\" data-b64=\"aHR0cHM6Ly9pbnRlcmZsb3JhLmRrL3Byb2R1a3QvYmFhcmVidWtldC1mYXJ2ZXJpZy1mbG9yaXN0ZW5zLWtyZWF0aXZlLXZhbGc\/dj0xNDA1OCYjMDM4O3ZhcmlhdGlvbj1lNDQyM2FkZC0wOTY1LTQ2YzEtOGEyYy0wZDc4Mzc3ZWE2ZTQ\/dXRtX21lZGl1bT1vcmdhbmljJnV0bV9zb3VyY2U9YmxvZ19wcm9kdWN0cyZ1dG1fY2FtcGFpZ249MjU4Ng==\" data-target=\"_blank\"><svg xmlns=\"http:\/\/www.w3.org\/2000\/svg\" width=\"16\" height=\"16\" fill=\"currentColor\" class=\"bi bi-bag\" viewBox=\"0 0 16 16\"><path d=\"M8 1a2 2 0 0 1 2 2v1h2.5A1.5 1.5 0 0 1 14 5.5v8A1.5 1.5 0 0 1 12.5 15h-9A1.5 1.5 0 0 1 2 13.5v-8A1.5 1.5 0 0 1 3.5 3H6V2a2 2 0 0 1 2-1zm1 3V3a1 1 0 0 0-2 0v1h2z\"\/><\/svg>K\u00f8b her<\/span><p class=\"rapido\">Levering i dag<\/p><\/div><div class=\"lp-produit\"><div class=\"lp-thumbnail-wrapper\"><img loading=\"lazy\" decoding=\"async\" width=\"300\" height=\"300\" src=\"https:\/\/interflora.dk\/blog\/wp-content\/uploads\/2025\/09\/KAERLIG_KONDOLENCE_MEDIUM_556-300x300.jpg\" class=\"attachment-medium size-medium wp-post-image\" alt=\"\" srcset=\"https:\/\/interflora.dk\/blog\/wp-content\/uploads\/2025\/09\/KAERLIG_KONDOLENCE_MEDIUM_556-300x300.jpg 300w, https:\/\/interflora.dk\/blog\/wp-content\/uploads\/2025\/09\/KAERLIG_KONDOLENCE_MEDIUM_556-1024x1024.jpg 1024w, https:\/\/interflora.dk\/blog\/wp-content\/uploads\/2025\/09\/KAERLIG_KONDOLENCE_MEDIUM_556-150x150.jpg 150w, https:\/\/interflora.dk\/blog\/wp-content\/uploads\/2025\/09\/KAERLIG_KONDOLENCE_MEDIUM_556-768x768.jpg 768w, https:\/\/interflora.dk\/blog\/wp-content\/uploads\/2025\/09\/KAERLIG_KONDOLENCE_MEDIUM_556.jpg 1200w\" sizes=\"auto, (max-width: 300px) 100vw, 300px\" \/><img decoding=\"async\" class=\"lp-badge\" src=\"https:\/\/prodblog.interflora.dk\/blog\/wp-content\/uploads\/2025\/09\/220422_INTERFLORA_Main_Logo_rgb_Main_Color.avif\" alt=\"Send blomster med Interflora\"><\/div><span>K\u00e6rlig kondolence<\/span><p>Fra 339 kr.<\/p><span class=\"obf-link lp-cta\" role=\"link\" tabindex=\"0\" data-b64=\"aHR0cHM6Ly9pbnRlcmZsb3JhLmRrL3Byb2R1a3Qva2FlcmxpZy1rb25kb2xlbmNlP3Y9OTUxNiYjMDM4O3ZhcmlhdGlvbj0wMjQ2Zjg0Ni03N2M1LTQzNGUtYjBiYi1iOTA4NWRmZmNkYjc\/dXRtX21lZGl1bT1vcmdhbmljJnV0bV9zb3VyY2U9YmxvZ19wcm9kdWN0cyZ1dG1fY2FtcGFpZ249NTU2\" data-target=\"_blank\"><svg xmlns=\"http:\/\/www.w3.org\/2000\/svg\" width=\"16\" height=\"16\" fill=\"currentColor\" class=\"bi bi-bag\" viewBox=\"0 0 16 16\"><path d=\"M8 1a2 2 0 0 1 2 2v1h2.5A1.5 1.5 0 0 1 14 5.5v8A1.5 1.5 0 0 1 12.5 15h-9A1.5 1.5 0 0 1 2 13.5v-8A1.5 1.5 0 0 1 3.5 3H6V2a2 2 0 0 1 2-1zm1 3V3a1 1 0 0 0-2 0v1h2z\"\/><\/svg>K\u00f8b her<\/span><p class=\"rapido\">Levering i dag<\/p><\/div><div class=\"lp-produit\"><div class=\"lp-thumbnail-wrapper\"><img loading=\"lazy\" decoding=\"async\" width=\"300\" height=\"300\" src=\"https:\/\/interflora.dk\/blog\/wp-content\/uploads\/2025\/09\/FLORISTENS_KREATIVE_DEN_VILDE_SMALL-300x300.jpg\" class=\"attachment-medium size-medium wp-post-image\" alt=\"\" srcset=\"https:\/\/interflora.dk\/blog\/wp-content\/uploads\/2025\/09\/FLORISTENS_KREATIVE_DEN_VILDE_SMALL-300x300.jpg 300w, https:\/\/interflora.dk\/blog\/wp-content\/uploads\/2025\/09\/FLORISTENS_KREATIVE_DEN_VILDE_SMALL-1024x1024.jpg 1024w, https:\/\/interflora.dk\/blog\/wp-content\/uploads\/2025\/09\/FLORISTENS_KREATIVE_DEN_VILDE_SMALL-150x150.jpg 150w, https:\/\/interflora.dk\/blog\/wp-content\/uploads\/2025\/09\/FLORISTENS_KREATIVE_DEN_VILDE_SMALL-768x768.jpg 768w, https:\/\/interflora.dk\/blog\/wp-content\/uploads\/2025\/09\/FLORISTENS_KREATIVE_DEN_VILDE_SMALL.jpg 1200w\" sizes=\"auto, (max-width: 300px) 100vw, 300px\" \/><img decoding=\"async\" class=\"lp-badge\" src=\"https:\/\/prodblog.interflora.dk\/blog\/wp-content\/uploads\/2025\/09\/220422_INTERFLORA_Main_Logo_rgb_Main_Color.avif\" alt=\"Send blomster med Interflora\"><\/div><span>B\u00e5rebuket, vild (Floristens kreative valg)<\/span><p>Fra 279 kr.<\/p><span class=\"obf-link lp-cta\" role=\"link\" tabindex=\"0\" data-b64=\"aHR0cHM6Ly9pbnRlcmZsb3JhLmRrL3Byb2R1a3QvYmFhcmVidWtldC12aWxkLWZsb3Jpc3RlbnMta3JlYXRpdmUtdmFsZz92PTE2NDQyJiMwMzg7dmFyaWF0aW9uPTEzNzk2NTQyLTA5NDgtNDhkNS04N2Q3LTlkNjU1NTZhYjBlYz91dG1fbWVkaXVtPW9yZ2FuaWMmdXRtX3NvdXJjZT1ibG9nX3Byb2R1Y3RzJnV0bV9jYW1wYWlnbj02NzU5\" data-target=\"_blank\"><svg xmlns=\"http:\/\/www.w3.org\/2000\/svg\" width=\"16\" height=\"16\" fill=\"currentColor\" class=\"bi bi-bag\" viewBox=\"0 0 16 16\"><path d=\"M8 1a2 2 0 0 1 2 2v1h2.5A1.5 1.5 0 0 1 14 5.5v8A1.5 1.5 0 0 1 12.5 15h-9A1.5 1.5 0 0 1 2 13.5v-8A1.5 1.5 0 0 1 3.5 3H6V2a2 2 0 0 1 2-1zm1 3V3a1 1 0 0 0-2 0v1h2z\"\/><\/svg>K\u00f8b her<\/span><p class=\"rapido\">Din personlige hilsen<\/p><\/div><div class=\"lp-produit\"><div class=\"lp-thumbnail-wrapper\"><img loading=\"lazy\" decoding=\"async\" width=\"300\" height=\"300\" src=\"https:\/\/interflora.dk\/blog\/wp-content\/uploads\/2025\/09\/FLORISTENS_KREATIVE_SMALL-1-300x300.jpg\" class=\"attachment-medium size-medium wp-post-image\" alt=\"\" srcset=\"https:\/\/interflora.dk\/blog\/wp-content\/uploads\/2025\/09\/FLORISTENS_KREATIVE_SMALL-1-300x300.jpg 300w, https:\/\/interflora.dk\/blog\/wp-content\/uploads\/2025\/09\/FLORISTENS_KREATIVE_SMALL-1-1024x1024.jpg 1024w, https:\/\/interflora.dk\/blog\/wp-content\/uploads\/2025\/09\/FLORISTENS_KREATIVE_SMALL-1-150x150.jpg 150w, https:\/\/interflora.dk\/blog\/wp-content\/uploads\/2025\/09\/FLORISTENS_KREATIVE_SMALL-1-768x768.jpg 768w, https:\/\/interflora.dk\/blog\/wp-content\/uploads\/2025\/09\/FLORISTENS_KREATIVE_SMALL-1.jpg 1200w\" sizes=\"auto, (max-width: 300px) 100vw, 300px\" \/><img decoding=\"async\" class=\"lp-badge\" src=\"https:\/\/prodblog.interflora.dk\/blog\/wp-content\/uploads\/2025\/09\/220422_INTERFLORA_Main_Logo_rgb_Main_Color.avif\" alt=\"Send blomster med Interflora\"><\/div><span>B\u00e5rebuket, multifarvet (Floristens kreative valg)<\/span><p>Fra 249 kr.<\/p><span class=\"obf-link lp-cta\" role=\"link\" tabindex=\"0\" data-b64=\"aHR0cHM6Ly9pbnRlcmZsb3JhLmRrL3Byb2R1a3QvYmFhcmVidWtldC1tdWx0aWZhcnZldC1mbG9yaXN0ZW5zLWtyZWF0aXZlLXZhbGc\/dj0xNjQ1MSYjMDM4O3ZhcmlhdGlvbj1kNTJiYzY4NC05NGFkLTQ4OTQtYjE1Yy00ZWFmNWFiOTk1NTI\/dXRtX21lZGl1bT1vcmdhbmljJnV0bV9zb3VyY2U9YmxvZ19wcm9kdWN0cyZ1dG1fY2FtcGFpZ249Njc2Ng==\" data-target=\"_blank\"><svg xmlns=\"http:\/\/www.w3.org\/2000\/svg\" width=\"16\" height=\"16\" fill=\"currentColor\" class=\"bi bi-bag\" viewBox=\"0 0 16 16\"><path d=\"M8 1a2 2 0 0 1 2 2v1h2.5A1.5 1.5 0 0 1 14 5.5v8A1.5 1.5 0 0 1 12.5 15h-9A1.5 1.5 0 0 1 2 13.5v-8A1.5 1.5 0 0 1 3.5 3H6V2a2 2 0 0 1 2-1zm1 3V3a1 1 0 0 0-2 0v1h2z\"\/><\/svg>K\u00f8b her<\/span><p class=\"rapido\">Kundernes favorit<\/p><\/div><\/div>\n\n\n\n<div style=\"height:20px\" aria-hidden=\"true\" class=\"wp-block-spacer\"><\/div>\n\n\n\n<h2 class=\"wp-block-heading alignwide has-text-align-center\"><strong>Vidste<\/strong><strong> du?<\/strong><\/h2>\n\n\n\n<p>N\u00e5r <a href=\"https:\/\/interflora.dk\/produkter\/anledninger\/baarebuketter-med-roser\" target=\"_blank\" rel=\"noreferrer noopener\">den hvide rose er den mest almindelige blomst i blomsterdekorationer<\/a> ved bis\u00e6ttelser og begravelser, er det fordi den formidler et budskab om ren k\u00e6rlighed og respekt. <a href=\"https:\/\/interflora.dk\/blog\/kunsten-give-roser-betydning-af-farve-og-antal\/\" target=\"_blank\" rel=\"noreferrer noopener\">Den hvide rose er dog ikke kun forbundet med denne s\u00f8rgelige lejlighed<\/a>. Med sit kyske, n\u00e6sten religi\u00f8se udseende er den hvide rose Jomfru Marias blomst og symbol p\u00e5 f\u00f8dslen. Givet i en romantisk sammenh\u00e6ng fremh\u00e6ver den <strong>stor sk\u00f8nhed<\/strong>, inviterer til <strong>oprigtig k\u00e6rlighed<\/strong> eller styrker eksisterende forbindelser. Den hvide rose har ogs\u00e5 den fordel, at den f\u00e5s \u00e5ret rundt hos blomsterhandleren. Den kan desuden plukkes i haven fra maj til oktober.<\/p>\n","protected":false},"excerpt":{"rendered":"<p>Blomster ledsager traditionelt bis\u00e6ttelser og begravelser. De pynter kisten og kirken eller kapellet og er en hyldest til den afd\u00f8de [&hellip;]<\/p>\n","protected":false},"author":1,"featured_media":45723,"comment_status":"open","ping_status":"open","sticky":false,"template":"","format":"standard","meta":{"_uag_custom_page_level_css":"","site-sidebar-layout":"default","site-content-layout":"","ast-site-content-layout":"default","site-content-style":"default","site-sidebar-style":"default","ast-global-header-display":"","ast-banner-title-visibility":"","ast-main-header-display":"","ast-hfb-above-header-display":"","ast-hfb-below-header-display":"","ast-hfb-mobile-header-display":"","site-post-title":"","ast-breadcrumbs-content":"","ast-featured-img":"","footer-sml-layout":"","ast-disable-related-posts":"","theme-transparent-header-meta":"","adv-header-id-meta":"","stick-header-meta":"","header-above-stick-meta":"","header-main-stick-meta":"","header-below-stick-meta":"","astra-migrate-meta-layouts":"set","ast-page-background-enabled":"default","ast-page-background-meta":{"desktop":{"background-color":"var(--ast-global-color-5)","background-image":"","background-repeat":"repeat","background-position":"center center","background-size":"auto","background-attachment":"scroll","background-type":"","background-media":"","overlay-type":"","overlay-color":"","overlay-opacity":"","overlay-gradient":""},"tablet":{"background-color":"","background-image":"","background-repeat":"repeat","background-position":"center center","background-size":"auto","background-attachment":"scroll","background-type":"","background-media":"","overlay-type":"","overlay-color":"","overlay-opacity":"","overlay-gradient":""},"mobile":{"background-color":"","background-image":"","background-repeat":"repeat","background-position":"center center","background-size":"auto","background-attachment":"scroll","background-type":"","background-media":"","overlay-type":"","overlay-color":"","overlay-opacity":"","overlay-gradient":""}},"ast-content-background-meta":{"desktop":{"background-color":"var(--ast-global-color-4)","background-image":"","background-repeat":"repeat","background-position":"center center","background-size":"auto","background-attachment":"scroll","background-type":"","background-media":"","overlay-type":"","overlay-color":"","overlay-opacity":"","overlay-gradient":""},"tablet":{"background-color":"var(--ast-global-color-4)","background-image":"","background-repeat":"repeat","background-position":"center center","background-size":"auto","background-attachment":"scroll","background-type":"","background-media":"","overlay-type":"","overlay-color":"","overlay-opacity":"","overlay-gradient":""},"mobile":{"background-color":"var(--ast-global-color-4)","background-image":"","background-repeat":"repeat","background-position":"center center","background-size":"auto","background-attachment":"scroll","background-type":"","background-media":"","overlay-type":"","overlay-color":"","overlay-opacity":"","overlay-gradient":""}},"footnotes":""},"categories":[198,167],"tags":[197],"class_list":["post-45708","post","type-post","status-publish","format-standard","has-post-thumbnail","hentry","category-begravelse","category-anledninger","tag-begravelse"],"yoast_head":"<!-- This site is optimized with the Yoast SEO plugin v27.4 - https:\/\/yoast.com\/product\/yoast-seo-wordpress\/ -->\n<title>Bis\u00e6ttelse og begravelse: R\u00e5d til levering af blomsterne | Interflora<\/title>\n<meta name=\"description\" content=\"Hvordan sender jeg blomster til bis\u00e6ttelse\/begravelse? Hvilke blomster skal jeg v\u00e6lge? Hvorn\u00e5r bliver de leveret? Interflora besvarer alle dine sp\u00f8rgsm\u00e5l.\" \/>\n<meta name=\"robots\" content=\"index, follow, max-snippet:-1, max-image-preview:large, max-video-preview:-1\" \/>\n<link rel=\"canonical\" href=\"https:\/\/interflora.dk\/blog\/raad-til-levering-af-blomster-til-begravelse\/\" \/>\n<meta property=\"og:locale\" content=\"da_DK\" \/>\n<meta property=\"og:type\" content=\"article\" \/>\n<meta property=\"og:title\" content=\"Bis\u00e6ttelse og begravelse: R\u00e5d til levering af blomsterne | Interflora\" \/>\n<meta property=\"og:description\" content=\"Hvordan sender jeg blomster til bis\u00e6ttelse\/begravelse? Hvilke blomster skal jeg v\u00e6lge? Hvorn\u00e5r bliver de leveret? Interflora besvarer alle dine sp\u00f8rgsm\u00e5l.\" \/>\n<meta property=\"og:url\" content=\"https:\/\/interflora.dk\/blog\/raad-til-levering-af-blomster-til-begravelse\/\" \/>\n<meta property=\"og:site_name\" content=\"Interflora\" \/>\n<meta property=\"article:publisher\" content=\"https:\/\/www.facebook.com\/InterfloraDanmark\" \/>\n<meta property=\"article:published_time\" content=\"2024-05-20T14:04:04+00:00\" \/>\n<meta property=\"article:modified_time\" content=\"2025-10-02T12:31:47+00:00\" \/>\n<meta property=\"og:image\" content=\"https:\/\/interflora.dk\/blog\/wp-content\/uploads\/2024\/06\/shutterstock_753590380-1.jpg\" \/>\n\t<meta property=\"og:image:width\" content=\"1000\" \/>\n\t<meta property=\"og:image:height\" content=\"563\" \/>\n\t<meta property=\"og:image:type\" content=\"image\/jpeg\" \/>\n<meta name=\"author\" content=\"admin\" \/>\n<meta name=\"twitter:card\" content=\"summary_large_image\" \/>\n<meta name=\"twitter:label1\" content=\"Skrevet af\" \/>\n\t<meta name=\"twitter:data1\" content=\"admin\" \/>\n\t<meta name=\"twitter:label2\" content=\"Estimeret l\u00e6setid\" \/>\n\t<meta name=\"twitter:data2\" content=\"4 minutter\" \/>\n<script type=\"application\/ld+json\" class=\"yoast-schema-graph\">{\"@context\":\"https:\\\/\\\/schema.org\",\"@graph\":[{\"@type\":\"Article\",\"@id\":\"https:\\\/\\\/interflora.dk\\\/blog\\\/raad-til-levering-af-blomster-til-begravelse\\\/#article\",\"isPartOf\":{\"@id\":\"https:\\\/\\\/interflora.dk\\\/blog\\\/raad-til-levering-af-blomster-til-begravelse\\\/\"},\"author\":{\"name\":\"admin\",\"@id\":\"https:\\\/\\\/interflora.dk\\\/blog\\\/#\\\/schema\\\/person\\\/dbbd1ad45e05409c356dc639597669f2\"},\"headline\":\"Blomsterlevering til bis\u00e6ttelse og begravelse\u00a0\",\"datePublished\":\"2024-05-20T14:04:04+00:00\",\"dateModified\":\"2025-10-02T12:31:47+00:00\",\"mainEntityOfPage\":{\"@id\":\"https:\\\/\\\/interflora.dk\\\/blog\\\/raad-til-levering-af-blomster-til-begravelse\\\/\"},\"wordCount\":716,\"commentCount\":0,\"publisher\":{\"@id\":\"https:\\\/\\\/interflora.dk\\\/blog\\\/#organization\"},\"image\":{\"@id\":\"https:\\\/\\\/interflora.dk\\\/blog\\\/raad-til-levering-af-blomster-til-begravelse\\\/#primaryimage\"},\"thumbnailUrl\":\"https:\\\/\\\/interflora.dk\\\/blog\\\/wp-content\\\/uploads\\\/2024\\\/06\\\/shutterstock_753590380-1.jpg\",\"keywords\":[\"Begravelse\"],\"articleSection\":[\"Begravelser: Vores guides til eftertanke og tr\u00f8st\",\"Interfloras guide til alle anledninger\"],\"inLanguage\":\"da-DK\",\"potentialAction\":[{\"@type\":\"CommentAction\",\"name\":\"Comment\",\"target\":[\"https:\\\/\\\/interflora.dk\\\/blog\\\/raad-til-levering-af-blomster-til-begravelse\\\/#respond\"]}]},{\"@type\":\"WebPage\",\"@id\":\"https:\\\/\\\/interflora.dk\\\/blog\\\/raad-til-levering-af-blomster-til-begravelse\\\/\",\"url\":\"https:\\\/\\\/interflora.dk\\\/blog\\\/raad-til-levering-af-blomster-til-begravelse\\\/\",\"name\":\"Bis\u00e6ttelse og begravelse: R\u00e5d til levering af blomsterne | Interflora\",\"isPartOf\":{\"@id\":\"https:\\\/\\\/interflora.dk\\\/blog\\\/#website\"},\"primaryImageOfPage\":{\"@id\":\"https:\\\/\\\/interflora.dk\\\/blog\\\/raad-til-levering-af-blomster-til-begravelse\\\/#primaryimage\"},\"image\":{\"@id\":\"https:\\\/\\\/interflora.dk\\\/blog\\\/raad-til-levering-af-blomster-til-begravelse\\\/#primaryimage\"},\"thumbnailUrl\":\"https:\\\/\\\/interflora.dk\\\/blog\\\/wp-content\\\/uploads\\\/2024\\\/06\\\/shutterstock_753590380-1.jpg\",\"datePublished\":\"2024-05-20T14:04:04+00:00\",\"dateModified\":\"2025-10-02T12:31:47+00:00\",\"description\":\"Hvordan sender jeg blomster til bis\u00e6ttelse\\\/begravelse? Hvilke blomster skal jeg v\u00e6lge? Hvorn\u00e5r bliver de leveret? Interflora besvarer alle dine sp\u00f8rgsm\u00e5l.\",\"breadcrumb\":{\"@id\":\"https:\\\/\\\/interflora.dk\\\/blog\\\/raad-til-levering-af-blomster-til-begravelse\\\/#breadcrumb\"},\"inLanguage\":\"da-DK\",\"potentialAction\":[{\"@type\":\"ReadAction\",\"target\":[\"https:\\\/\\\/interflora.dk\\\/blog\\\/raad-til-levering-af-blomster-til-begravelse\\\/\"]}]},{\"@type\":\"ImageObject\",\"inLanguage\":\"da-DK\",\"@id\":\"https:\\\/\\\/interflora.dk\\\/blog\\\/raad-til-levering-af-blomster-til-begravelse\\\/#primaryimage\",\"url\":\"https:\\\/\\\/interflora.dk\\\/blog\\\/wp-content\\\/uploads\\\/2024\\\/06\\\/shutterstock_753590380-1.jpg\",\"contentUrl\":\"https:\\\/\\\/interflora.dk\\\/blog\\\/wp-content\\\/uploads\\\/2024\\\/06\\\/shutterstock_753590380-1.jpg\",\"width\":1000,\"height\":563,\"caption\":\"stor hvid begravelsesbuket\"},{\"@type\":\"BreadcrumbList\",\"@id\":\"https:\\\/\\\/interflora.dk\\\/blog\\\/raad-til-levering-af-blomster-til-begravelse\\\/#breadcrumb\",\"itemListElement\":[{\"@type\":\"ListItem\",\"position\":1,\"name\":\"Home\",\"item\":\"https:\\\/\\\/interflora.dk\\\/blog\\\/\"},{\"@type\":\"ListItem\",\"position\":2,\"name\":\"Blomsterlevering til bis\u00e6ttelse og begravelse\u00a0\"}]},{\"@type\":\"WebSite\",\"@id\":\"https:\\\/\\\/interflora.dk\\\/blog\\\/#website\",\"url\":\"https:\\\/\\\/interflora.dk\\\/blog\\\/\",\"name\":\"Interflora\",\"description\":\"\",\"publisher\":{\"@id\":\"https:\\\/\\\/interflora.dk\\\/blog\\\/#organization\"},\"potentialAction\":[{\"@type\":\"SearchAction\",\"target\":{\"@type\":\"EntryPoint\",\"urlTemplate\":\"https:\\\/\\\/interflora.dk\\\/blog\\\/?s={search_term_string}\"},\"query-input\":{\"@type\":\"PropertyValueSpecification\",\"valueRequired\":true,\"valueName\":\"search_term_string\"}}],\"inLanguage\":\"da-DK\"},{\"@type\":\"Organization\",\"@id\":\"https:\\\/\\\/interflora.dk\\\/blog\\\/#organization\",\"name\":\"Interflora\",\"url\":\"https:\\\/\\\/interflora.dk\\\/blog\\\/\",\"logo\":{\"@type\":\"ImageObject\",\"inLanguage\":\"da-DK\",\"@id\":\"https:\\\/\\\/interflora.dk\\\/blog\\\/#\\\/schema\\\/logo\\\/image\\\/\",\"url\":\"https:\\\/\\\/interflora.dk\\\/blog\\\/wp-content\\\/uploads\\\/2025\\\/09\\\/220422_INTERFLORA_Logo_rgb_Half_Top_Circle_Main_Color.png\",\"contentUrl\":\"https:\\\/\\\/interflora.dk\\\/blog\\\/wp-content\\\/uploads\\\/2025\\\/09\\\/220422_INTERFLORA_Logo_rgb_Half_Top_Circle_Main_Color.png\",\"width\":1418,\"height\":710,\"caption\":\"Interflora\"},\"image\":{\"@id\":\"https:\\\/\\\/interflora.dk\\\/blog\\\/#\\\/schema\\\/logo\\\/image\\\/\"},\"sameAs\":[\"https:\\\/\\\/www.facebook.com\\\/InterfloraDanmark\",\"https:\\\/\\\/www.instagram.com\\\/interfloradk\",\"https:\\\/\\\/www.linkedin.com\\\/company\\\/interfloradanmark\",\"https:\\\/\\\/www.youtube.com\\\/user\\\/InterfloraTV\"]},{\"@type\":\"Person\",\"@id\":\"https:\\\/\\\/interflora.dk\\\/blog\\\/#\\\/schema\\\/person\\\/dbbd1ad45e05409c356dc639597669f2\",\"name\":\"admin\",\"image\":{\"@type\":\"ImageObject\",\"inLanguage\":\"da-DK\",\"@id\":\"https:\\\/\\\/interflora.dk\\\/blog\\\/wp-content\\\/litespeed\\\/avatar\\\/1fe3cced9e67df62d0a6f995d75823a5.jpg?ver=1777539892\",\"url\":\"https:\\\/\\\/interflora.dk\\\/blog\\\/wp-content\\\/litespeed\\\/avatar\\\/1fe3cced9e67df62d0a6f995d75823a5.jpg?ver=1777539892\",\"contentUrl\":\"https:\\\/\\\/interflora.dk\\\/blog\\\/wp-content\\\/litespeed\\\/avatar\\\/1fe3cced9e67df62d0a6f995d75823a5.jpg?ver=1777539892\",\"caption\":\"admin\"}}]}<\/script>\n<!-- \/ Yoast SEO plugin. -->","yoast_head_json":{"title":"Bis\u00e6ttelse og begravelse: R\u00e5d til levering af blomsterne | Interflora","description":"Hvordan sender jeg blomster til bis\u00e6ttelse\/begravelse? Hvilke blomster skal jeg v\u00e6lge? Hvorn\u00e5r bliver de leveret? Interflora besvarer alle dine sp\u00f8rgsm\u00e5l.","robots":{"index":"index","follow":"follow","max-snippet":"max-snippet:-1","max-image-preview":"max-image-preview:large","max-video-preview":"max-video-preview:-1"},"canonical":"https:\/\/interflora.dk\/blog\/raad-til-levering-af-blomster-til-begravelse\/","og_locale":"da_DK","og_type":"article","og_title":"Bis\u00e6ttelse og begravelse: R\u00e5d til levering af blomsterne | Interflora","og_description":"Hvordan sender jeg blomster til bis\u00e6ttelse\/begravelse? Hvilke blomster skal jeg v\u00e6lge? Hvorn\u00e5r bliver de leveret? Interflora besvarer alle dine sp\u00f8rgsm\u00e5l.","og_url":"https:\/\/interflora.dk\/blog\/raad-til-levering-af-blomster-til-begravelse\/","og_site_name":"Interflora","article_publisher":"https:\/\/www.facebook.com\/InterfloraDanmark","article_published_time":"2024-05-20T14:04:04+00:00","article_modified_time":"2025-10-02T12:31:47+00:00","og_image":[{"width":1000,"height":563,"url":"https:\/\/interflora.dk\/blog\/wp-content\/uploads\/2024\/06\/shutterstock_753590380-1.jpg","type":"image\/jpeg"}],"author":"admin","twitter_card":"summary_large_image","twitter_misc":{"Skrevet af":"admin","Estimeret l\u00e6setid":"4 minutter"},"schema":{"@context":"https:\/\/schema.org","@graph":[{"@type":"Article","@id":"https:\/\/interflora.dk\/blog\/raad-til-levering-af-blomster-til-begravelse\/#article","isPartOf":{"@id":"https:\/\/interflora.dk\/blog\/raad-til-levering-af-blomster-til-begravelse\/"},"author":{"name":"admin","@id":"https:\/\/interflora.dk\/blog\/#\/schema\/person\/dbbd1ad45e05409c356dc639597669f2"},"headline":"Blomsterlevering til bis\u00e6ttelse og begravelse\u00a0","datePublished":"2024-05-20T14:04:04+00:00","dateModified":"2025-10-02T12:31:47+00:00","mainEntityOfPage":{"@id":"https:\/\/interflora.dk\/blog\/raad-til-levering-af-blomster-til-begravelse\/"},"wordCount":716,"commentCount":0,"publisher":{"@id":"https:\/\/interflora.dk\/blog\/#organization"},"image":{"@id":"https:\/\/interflora.dk\/blog\/raad-til-levering-af-blomster-til-begravelse\/#primaryimage"},"thumbnailUrl":"https:\/\/interflora.dk\/blog\/wp-content\/uploads\/2024\/06\/shutterstock_753590380-1.jpg","keywords":["Begravelse"],"articleSection":["Begravelser: Vores guides til eftertanke og tr\u00f8st","Interfloras guide til alle anledninger"],"inLanguage":"da-DK","potentialAction":[{"@type":"CommentAction","name":"Comment","target":["https:\/\/interflora.dk\/blog\/raad-til-levering-af-blomster-til-begravelse\/#respond"]}]},{"@type":"WebPage","@id":"https:\/\/interflora.dk\/blog\/raad-til-levering-af-blomster-til-begravelse\/","url":"https:\/\/interflora.dk\/blog\/raad-til-levering-af-blomster-til-begravelse\/","name":"Bis\u00e6ttelse og begravelse: R\u00e5d til levering af blomsterne | Interflora","isPartOf":{"@id":"https:\/\/interflora.dk\/blog\/#website"},"primaryImageOfPage":{"@id":"https:\/\/interflora.dk\/blog\/raad-til-levering-af-blomster-til-begravelse\/#primaryimage"},"image":{"@id":"https:\/\/interflora.dk\/blog\/raad-til-levering-af-blomster-til-begravelse\/#primaryimage"},"thumbnailUrl":"https:\/\/interflora.dk\/blog\/wp-content\/uploads\/2024\/06\/shutterstock_753590380-1.jpg","datePublished":"2024-05-20T14:04:04+00:00","dateModified":"2025-10-02T12:31:47+00:00","description":"Hvordan sender jeg blomster til bis\u00e6ttelse\/begravelse? Hvilke blomster skal jeg v\u00e6lge? Hvorn\u00e5r bliver de leveret? Interflora besvarer alle dine sp\u00f8rgsm\u00e5l.","breadcrumb":{"@id":"https:\/\/interflora.dk\/blog\/raad-til-levering-af-blomster-til-begravelse\/#breadcrumb"},"inLanguage":"da-DK","potentialAction":[{"@type":"ReadAction","target":["https:\/\/interflora.dk\/blog\/raad-til-levering-af-blomster-til-begravelse\/"]}]},{"@type":"ImageObject","inLanguage":"da-DK","@id":"https:\/\/interflora.dk\/blog\/raad-til-levering-af-blomster-til-begravelse\/#primaryimage","url":"https:\/\/interflora.dk\/blog\/wp-content\/uploads\/2024\/06\/shutterstock_753590380-1.jpg","contentUrl":"https:\/\/interflora.dk\/blog\/wp-content\/uploads\/2024\/06\/shutterstock_753590380-1.jpg","width":1000,"height":563,"caption":"stor hvid begravelsesbuket"},{"@type":"BreadcrumbList","@id":"https:\/\/interflora.dk\/blog\/raad-til-levering-af-blomster-til-begravelse\/#breadcrumb","itemListElement":[{"@type":"ListItem","position":1,"name":"Home","item":"https:\/\/interflora.dk\/blog\/"},{"@type":"ListItem","position":2,"name":"Blomsterlevering til bis\u00e6ttelse og begravelse\u00a0"}]},{"@type":"WebSite","@id":"https:\/\/interflora.dk\/blog\/#website","url":"https:\/\/interflora.dk\/blog\/","name":"Interflora","description":"","publisher":{"@id":"https:\/\/interflora.dk\/blog\/#organization"},"potentialAction":[{"@type":"SearchAction","target":{"@type":"EntryPoint","urlTemplate":"https:\/\/interflora.dk\/blog\/?s={search_term_string}"},"query-input":{"@type":"PropertyValueSpecification","valueRequired":true,"valueName":"search_term_string"}}],"inLanguage":"da-DK"},{"@type":"Organization","@id":"https:\/\/interflora.dk\/blog\/#organization","name":"Interflora","url":"https:\/\/interflora.dk\/blog\/","logo":{"@type":"ImageObject","inLanguage":"da-DK","@id":"https:\/\/interflora.dk\/blog\/#\/schema\/logo\/image\/","url":"https:\/\/interflora.dk\/blog\/wp-content\/uploads\/2025\/09\/220422_INTERFLORA_Logo_rgb_Half_Top_Circle_Main_Color.png","contentUrl":"https:\/\/interflora.dk\/blog\/wp-content\/uploads\/2025\/09\/220422_INTERFLORA_Logo_rgb_Half_Top_Circle_Main_Color.png","width":1418,"height":710,"caption":"Interflora"},"image":{"@id":"https:\/\/interflora.dk\/blog\/#\/schema\/logo\/image\/"},"sameAs":["https:\/\/www.facebook.com\/InterfloraDanmark","https:\/\/www.instagram.com\/interfloradk","https:\/\/www.linkedin.com\/company\/interfloradanmark","https:\/\/www.youtube.com\/user\/InterfloraTV"]},{"@type":"Person","@id":"https:\/\/interflora.dk\/blog\/#\/schema\/person\/dbbd1ad45e05409c356dc639597669f2","name":"admin","image":{"@type":"ImageObject","inLanguage":"da-DK","@id":"https:\/\/interflora.dk\/blog\/wp-content\/litespeed\/avatar\/1fe3cced9e67df62d0a6f995d75823a5.jpg?ver=1777539892","url":"https:\/\/interflora.dk\/blog\/wp-content\/litespeed\/avatar\/1fe3cced9e67df62d0a6f995d75823a5.jpg?ver=1777539892","contentUrl":"https:\/\/interflora.dk\/blog\/wp-content\/litespeed\/avatar\/1fe3cced9e67df62d0a6f995d75823a5.jpg?ver=1777539892","caption":"admin"}}]}},"uagb_featured_image_src":{"full":["https:\/\/interflora.dk\/blog\/wp-content\/uploads\/2024\/06\/shutterstock_753590380-1.jpg",1000,563,false],"thumbnail":["https:\/\/interflora.dk\/blog\/wp-content\/uploads\/2024\/06\/shutterstock_753590380-1-150x150.jpg",150,150,true],"medium":["https:\/\/interflora.dk\/blog\/wp-content\/uploads\/2024\/06\/shutterstock_753590380-1-300x169.jpg",300,169,true],"medium_large":["https:\/\/interflora.dk\/blog\/wp-content\/uploads\/2024\/06\/shutterstock_753590380-1-768x432.jpg",768,432,true],"large":["https:\/\/interflora.dk\/blog\/wp-content\/uploads\/2024\/06\/shutterstock_753590380-1.jpg",1000,563,false],"1536x1536":["https:\/\/interflora.dk\/blog\/wp-content\/uploads\/2024\/06\/shutterstock_753590380-1.jpg",1000,563,false],"2048x2048":["https:\/\/interflora.dk\/blog\/wp-content\/uploads\/2024\/06\/shutterstock_753590380-1.jpg",1000,563,false]},"uagb_author_info":{"display_name":"admin","author_link":"https:\/\/interflora.dk\/blog\/author\/admin\/"},"uagb_comment_info":0,"uagb_excerpt":"Blomster ledsager traditionelt bis\u00e6ttelser og begravelser. De pynter kisten og kirken eller kapellet og er en hyldest til den afd\u00f8de [&hellip;]","_links":{"self":[{"href":"https:\/\/interflora.dk\/blog\/wp-json\/wp\/v2\/posts\/45708","targetHints":{"allow":["GET"]}}],"collection":[{"href":"https:\/\/interflora.dk\/blog\/wp-json\/wp\/v2\/posts"}],"about":[{"href":"https:\/\/interflora.dk\/blog\/wp-json\/wp\/v2\/types\/post"}],"author":[{"embeddable":true,"href":"https:\/\/interflora.dk\/blog\/wp-json\/wp\/v2\/users\/1"}],"replies":[{"embeddable":true,"href":"https:\/\/interflora.dk\/blog\/wp-json\/wp\/v2\/comments?post=45708"}],"version-history":[{"count":1,"href":"https:\/\/interflora.dk\/blog\/wp-json\/wp\/v2\/posts\/45708\/revisions"}],"predecessor-version":[{"id":58507,"href":"https:\/\/interflora.dk\/blog\/wp-json\/wp\/v2\/posts\/45708\/revisions\/58507"}],"wp:featuredmedia":[{"embeddable":true,"href":"https:\/\/interflora.dk\/blog\/wp-json\/wp\/v2\/media\/45723"}],"wp:attachment":[{"href":"https:\/\/interflora.dk\/blog\/wp-json\/wp\/v2\/media?parent=45708"}],"wp:term":[{"taxonomy":"category","embeddable":true,"href":"https:\/\/interflora.dk\/blog\/wp-json\/wp\/v2\/categories?post=45708"},{"taxonomy":"post_tag","embeddable":true,"href":"https:\/\/interflora.dk\/blog\/wp-json\/wp\/v2\/tags?post=45708"}],"curies":[{"name":"wp","href":"https:\/\/api.w.org\/{rel}","templated":true}]}}