{"id":45814,"date":"2024-06-05T19:37:02","date_gmt":"2024-06-05T17:37:02","guid":{"rendered":"https:\/\/interflora.dk\/blog\/?p=45814"},"modified":"2025-10-02T14:35:15","modified_gmt":"2025-10-02T12:35:15","slug":"kan-man-pynte-et-gravsted-uden-at-ga-pa-kirkegarden","status":"publish","type":"post","link":"https:\/\/interflora.dk\/blog\/kan-man-pynte-et-gravsted-uden-at-ga-pa-kirkegarden\/","title":{"rendered":"Kan man pynte et gravsted uden at g\u00e5 p\u00e5 kirkeg\u00e5rden?"},"content":{"rendered":"\n<p>Vi \u00f8nsker alle at hylde vores k\u00e6re afd\u00f8de. Det er dog ikke altid nemt at komme forbi og l\u00e6gge en buket blomster eller dekoration p\u00e5 gravstedet. Nogle gange forhindrer afstand, arbejde, transport eller d\u00e5rligt helbred os i fysisk at \u00e6re vores k\u00e6re afd\u00f8de. Men heldigvis kr\u00e6ver <strong>udsmykning af et gravsted<\/strong> ikke altid at du er der personligt. Det er muligt at <strong>pynte et gravsted langvejsfra <\/strong>og endda at g\u00f8re det <strong>hele \u00e5ret rundt<\/strong> uden at skulle bes\u00f8ge det!<\/p>\n\n\n\n<div style=\"height:10px\" aria-hidden=\"true\" class=\"wp-block-spacer\"><\/div>\n\n\n\n<h2 class=\"wp-block-heading alignwide has-text-align-center\"><strong>Hvordan pynter man et gravsted p\u00e5 afstand?<\/strong><\/h2>\n\n\n\n<div class=\"wp-block-media-text alignwide is-stacked-on-mobile is-image-fill-element\"><figure class=\"wp-block-media-text__media\"><img decoding=\"async\" src=\"https:\/\/interflora.dk\/blog\/wp-content\/uploads\/fiori-per-una-tomba-1-e1717778882165.jpg\" alt=\"store lyser\u00f8de blomster p\u00e5 kirkeg\u00e5rd i solstr\u00e5le\" class=\"wp-image-45818 size-full\" style=\"object-position:50% 50%\"\/><\/figure><div class=\"wp-block-media-text__content\">\n<p><strong>Vedligeholdelse og udsmykning af grave<\/strong> er ikke altid nemt i en travl hverdag eller hvis vi bor langt fra vores f\u00f8deegn. Hvis du ikke har mulighed for at <strong>pynte et afd\u00f8dt familiemedlems grav<\/strong> personligt, kan du bruge Interflora, der har en <a href=\"https:\/\/interflora.dk\/produkter\/anledninger\/blomster-til-begravelse\">udbringningstjeneste<\/a> til kirkeg\u00e5rde. Online og hjemmefra har du adgang til et stort udvalg af buketter og blomsterdekorationer.<\/p>\n\n\n\n<p>Med f\u00e5 klik kan du bestille en buket eller en dekoration til levering p\u00e5 et gravsted overalt i Danmark. N\u00e5r du har foretaget dit valg, kan du forvente udbringning indenfor 24 timer. <strong>Tjenesten kan ogs\u00e5 bringe ud til kirkeg\u00e5rde<\/strong> i weekender og p\u00e5 helligdage. Bem\u00e6rk, at der ogs\u00e5 leveres b\u00e5rebuketter og blomsterarrangementer til begravelser og bis\u00e6ttelser.<\/p>\n\n\n\n<p>Som med standardlevering skal du blot opgive for- og efternavn p\u00e5 den afd\u00f8de, hvortil du sender blomsterne. Du skal ogs\u00e5 angive adressen p\u00e5 kirkeg\u00e5rden samt oplysninger om gravstedets placering.<\/p>\n<\/div><\/div>\n\n\n\n<div style=\"height:20px\" aria-hidden=\"true\" class=\"wp-block-spacer\"><\/div>\n\n\n\n<h2 class=\"wp-block-heading alignwide has-text-align-center\"><strong>Hvilke blomster skal du sende til et gravsted<\/strong>?<\/h2>\n\n\n\n<p>N\u00e5r man <strong>pynter et gravsted fra afstand<\/strong>, opst\u00e5r ofte sp\u00f8rgsm\u00e5let om, hvordan man s\u00e5 kan passe planterne. Folk, der f\u00e5r <strong>blomster leveret til en grav<\/strong>, har m\u00e5ske ikke mulighed for selv at tage sig af vanding og vedligeholdelse. I det tilf\u00e6lde er det muligt at <a href=\"https:\/\/interflora.dk\/blog\/blomster-til-at-pryde-et-gravsted\/\">v\u00e6lge blomster, der kr\u00e6ver mindre pleje<\/a>, s\u00e5 de holder l\u00e6ngere.<\/p>\n\n\n\n<p>Blandt dem du finder hos <strong>blomsterhandlerne<\/strong> er hellebores, alpeviol og lyng. Disse stauder har den fordel, at de holder l\u00e6nge p\u00e5 trods af kulde og mangel p\u00e5 sol. Og hvis du v\u00e6lger dem som potteplanter, kan de endda blomstre igen \u00e5ret efter. Derudover giver regn i l\u00f8bet af efter\u00e5ret og vinteren som regel tilstr\u00e6kkelig vanding.<\/p>\n\n\n\n<p>Med en <strong>blomstrende potteplante<\/strong> skal du blot trimme stilkene og l\u00f8vet i slutningen af vinteren eller begyndelsen af for\u00e5ret. Hvis du ordner gravstedet, er der ogs\u00e5 mulighed for at <strong>vedligeholde blomsterne<\/strong> ved at fjerne visne st\u00e6ngler og anvende lidt g\u00f8dning.<\/p>\n\n\n<div class=\"lp-produits-grid\"><div class=\"lp-produit\"><div class=\"lp-thumbnail-wrapper\"><img loading=\"lazy\" decoding=\"async\" width=\"300\" height=\"300\" src=\"https:\/\/interflora.dk\/blog\/wp-content\/uploads\/2025\/09\/FLORISTENS_KREATIVE_DEN_VILDE_SMALL-300x300.jpg\" class=\"attachment-medium size-medium wp-post-image\" alt=\"\" srcset=\"https:\/\/interflora.dk\/blog\/wp-content\/uploads\/2025\/09\/FLORISTENS_KREATIVE_DEN_VILDE_SMALL-300x300.jpg 300w, https:\/\/interflora.dk\/blog\/wp-content\/uploads\/2025\/09\/FLORISTENS_KREATIVE_DEN_VILDE_SMALL-1024x1024.jpg 1024w, https:\/\/interflora.dk\/blog\/wp-content\/uploads\/2025\/09\/FLORISTENS_KREATIVE_DEN_VILDE_SMALL-150x150.jpg 150w, https:\/\/interflora.dk\/blog\/wp-content\/uploads\/2025\/09\/FLORISTENS_KREATIVE_DEN_VILDE_SMALL-768x768.jpg 768w, https:\/\/interflora.dk\/blog\/wp-content\/uploads\/2025\/09\/FLORISTENS_KREATIVE_DEN_VILDE_SMALL.jpg 1200w\" sizes=\"auto, (max-width: 300px) 100vw, 300px\" \/><img decoding=\"async\" class=\"lp-badge\" src=\"https:\/\/prodblog.interflora.dk\/blog\/wp-content\/uploads\/2025\/09\/220422_INTERFLORA_Main_Logo_rgb_Main_Color.avif\" alt=\"Send blomster med Interflora\"><\/div><span>B\u00e5rebuket, vild (Floristens kreative valg)<\/span><p>Fra 279 kr.<\/p><span class=\"obf-link lp-cta\" role=\"link\" tabindex=\"0\" data-b64=\"aHR0cHM6Ly9pbnRlcmZsb3JhLmRrL3Byb2R1a3QvYmFhcmVidWtldC12aWxkLWZsb3Jpc3RlbnMta3JlYXRpdmUtdmFsZz92PTE2NDQyJiMwMzg7dmFyaWF0aW9uPTEzNzk2NTQyLTA5NDgtNDhkNS04N2Q3LTlkNjU1NTZhYjBlYz91dG1fbWVkaXVtPW9yZ2FuaWMmdXRtX3NvdXJjZT1ibG9nX3Byb2R1Y3RzJnV0bV9jYW1wYWlnbj02NzU5\" data-target=\"_blank\"><svg xmlns=\"http:\/\/www.w3.org\/2000\/svg\" width=\"16\" height=\"16\" fill=\"currentColor\" class=\"bi bi-bag\" viewBox=\"0 0 16 16\"><path d=\"M8 1a2 2 0 0 1 2 2v1h2.5A1.5 1.5 0 0 1 14 5.5v8A1.5 1.5 0 0 1 12.5 15h-9A1.5 1.5 0 0 1 2 13.5v-8A1.5 1.5 0 0 1 3.5 3H6V2a2 2 0 0 1 2-1zm1 3V3a1 1 0 0 0-2 0v1h2z\"\/><\/svg>K\u00f8b her<\/span><p class=\"rapido\">Din personlige hilsen<\/p><\/div><div class=\"lp-produit\"><div class=\"lp-thumbnail-wrapper\"><img loading=\"lazy\" decoding=\"async\" width=\"300\" height=\"300\" src=\"https:\/\/interflora.dk\/blog\/wp-content\/uploads\/2025\/09\/Baarebuket_florists_choise_m_baand_450-300x300.jpg\" class=\"attachment-medium size-medium wp-post-image\" alt=\"\" srcset=\"https:\/\/interflora.dk\/blog\/wp-content\/uploads\/2025\/09\/Baarebuket_florists_choise_m_baand_450-300x300.jpg 300w, https:\/\/interflora.dk\/blog\/wp-content\/uploads\/2025\/09\/Baarebuket_florists_choise_m_baand_450-1024x1024.jpg 1024w, https:\/\/interflora.dk\/blog\/wp-content\/uploads\/2025\/09\/Baarebuket_florists_choise_m_baand_450-150x150.jpg 150w, https:\/\/interflora.dk\/blog\/wp-content\/uploads\/2025\/09\/Baarebuket_florists_choise_m_baand_450-768x768.jpg 768w, https:\/\/interflora.dk\/blog\/wp-content\/uploads\/2025\/09\/Baarebuket_florists_choise_m_baand_450.jpg 1200w\" sizes=\"auto, (max-width: 300px) 100vw, 300px\" \/><img decoding=\"async\" class=\"lp-badge\" src=\"https:\/\/prodblog.interflora.dk\/blog\/wp-content\/uploads\/2025\/09\/220422_INTERFLORA_Main_Logo_rgb_Main_Color.avif\" alt=\"Send blomster med Interflora\"><\/div><span>B\u00e5rebuket, hvid (Floristens kreative valg) med b\u00e5nd<\/span><p>Fra 499 kr.<\/p><span class=\"obf-link lp-cta\" role=\"link\" tabindex=\"0\" data-b64=\"aHR0cHM6Ly9pbnRlcmZsb3JhLmRrL3Byb2R1a3QvYmFhcmVidWtldC1seXNlLW51YW5jZXItZmxvcmlzdGVucy1rcmVhdGl2ZS12YWxnLW1lZC1iYWFuZD92PTIzOTYmIzAzODt2YXJpYXRpb249ZTlmYmE0YjUtNmU0MS00MDA3LTk3NGItMzJiZjI2YzZiZWYwP3V0bV9tZWRpdW09b3JnYW5pYyZ1dG1fc291cmNlPWJsb2dfcHJvZHVjdHMmdXRtX2NhbXBhaWduPTU2NQ==\" data-target=\"_blank\"><svg xmlns=\"http:\/\/www.w3.org\/2000\/svg\" width=\"16\" height=\"16\" fill=\"currentColor\" class=\"bi bi-bag\" viewBox=\"0 0 16 16\"><path d=\"M8 1a2 2 0 0 1 2 2v1h2.5A1.5 1.5 0 0 1 14 5.5v8A1.5 1.5 0 0 1 12.5 15h-9A1.5 1.5 0 0 1 2 13.5v-8A1.5 1.5 0 0 1 3.5 3H6V2a2 2 0 0 1 2-1zm1 3V3a1 1 0 0 0-2 0v1h2z\"\/><\/svg>K\u00f8b her<\/span><p class=\"rapido\">Levering i dag<\/p><\/div><div class=\"lp-produit\"><div class=\"lp-thumbnail-wrapper\"><img loading=\"lazy\" decoding=\"async\" width=\"300\" height=\"300\" src=\"https:\/\/interflora.dk\/blog\/wp-content\/uploads\/2025\/09\/FLORISTENS_FARVERIGE_KONDELENCE_BUKET_MEDIUM_2585-300x300.jpg\" class=\"attachment-medium size-medium wp-post-image\" alt=\"\" srcset=\"https:\/\/interflora.dk\/blog\/wp-content\/uploads\/2025\/09\/FLORISTENS_FARVERIGE_KONDELENCE_BUKET_MEDIUM_2585-300x300.jpg 300w, https:\/\/interflora.dk\/blog\/wp-content\/uploads\/2025\/09\/FLORISTENS_FARVERIGE_KONDELENCE_BUKET_MEDIUM_2585-1024x1024.jpg 1024w, https:\/\/interflora.dk\/blog\/wp-content\/uploads\/2025\/09\/FLORISTENS_FARVERIGE_KONDELENCE_BUKET_MEDIUM_2585-150x150.jpg 150w, https:\/\/interflora.dk\/blog\/wp-content\/uploads\/2025\/09\/FLORISTENS_FARVERIGE_KONDELENCE_BUKET_MEDIUM_2585-768x768.jpg 768w, https:\/\/interflora.dk\/blog\/wp-content\/uploads\/2025\/09\/FLORISTENS_FARVERIGE_KONDELENCE_BUKET_MEDIUM_2585.jpg 1200w\" sizes=\"auto, (max-width: 300px) 100vw, 300px\" \/><img decoding=\"async\" class=\"lp-badge\" src=\"https:\/\/prodblog.interflora.dk\/blog\/wp-content\/uploads\/2025\/09\/220422_INTERFLORA_Main_Logo_rgb_Main_Color.avif\" alt=\"Send blomster med Interflora\"><\/div><span>Floristens farverige kondolencebuket<\/span><p>Fra 289 kr.<\/p><span class=\"obf-link lp-cta\" role=\"link\" tabindex=\"0\" data-b64=\"aHR0cHM6Ly9pbnRlcmZsb3JhLmRrL3Byb2R1a3QvZmxvcmlzdGVucy1mYXJ2ZXJpZ2Uta29uZG9sZW5jZWJ1a2V0P3Y9MTM5OTUmIzAzODt2YXJpYXRpb249ZWM0MjkwNzItNGNhOS00YTI5LWFlYjQtMzkzNGJlNjdhMTY1P3V0bV9tZWRpdW09b3JnYW5pYyZ1dG1fc291cmNlPWJsb2dfcHJvZHVjdHMmdXRtX2NhbXBhaWduPTI1ODU=\" data-target=\"_blank\"><svg xmlns=\"http:\/\/www.w3.org\/2000\/svg\" width=\"16\" height=\"16\" fill=\"currentColor\" class=\"bi bi-bag\" viewBox=\"0 0 16 16\"><path d=\"M8 1a2 2 0 0 1 2 2v1h2.5A1.5 1.5 0 0 1 14 5.5v8A1.5 1.5 0 0 1 12.5 15h-9A1.5 1.5 0 0 1 2 13.5v-8A1.5 1.5 0 0 1 3.5 3H6V2a2 2 0 0 1 2-1zm1 3V3a1 1 0 0 0-2 0v1h2z\"\/><\/svg>K\u00f8b her<\/span><p class=\"rapido\">Bundet af din lokale florist<\/p><\/div><div class=\"lp-produit\"><div class=\"lp-thumbnail-wrapper\"><img loading=\"lazy\" decoding=\"async\" width=\"300\" height=\"300\" src=\"https:\/\/interflora.dk\/blog\/wp-content\/uploads\/2025\/09\/Baarebuket_Floristens_kreative_valg_i_farver_mellem_2586-300x300.jpg\" class=\"attachment-medium size-medium wp-post-image\" alt=\"\" srcset=\"https:\/\/interflora.dk\/blog\/wp-content\/uploads\/2025\/09\/Baarebuket_Floristens_kreative_valg_i_farver_mellem_2586-300x300.jpg 300w, https:\/\/interflora.dk\/blog\/wp-content\/uploads\/2025\/09\/Baarebuket_Floristens_kreative_valg_i_farver_mellem_2586-1024x1024.jpg 1024w, https:\/\/interflora.dk\/blog\/wp-content\/uploads\/2025\/09\/Baarebuket_Floristens_kreative_valg_i_farver_mellem_2586-150x150.jpg 150w, https:\/\/interflora.dk\/blog\/wp-content\/uploads\/2025\/09\/Baarebuket_Floristens_kreative_valg_i_farver_mellem_2586-768x768.jpg 768w, https:\/\/interflora.dk\/blog\/wp-content\/uploads\/2025\/09\/Baarebuket_Floristens_kreative_valg_i_farver_mellem_2586.jpg 1200w\" sizes=\"auto, (max-width: 300px) 100vw, 300px\" \/><img decoding=\"async\" class=\"lp-badge\" src=\"https:\/\/prodblog.interflora.dk\/blog\/wp-content\/uploads\/2025\/09\/220422_INTERFLORA_Main_Logo_rgb_Main_Color.avif\" alt=\"Send blomster med Interflora\"><\/div><span>B\u00e5rebuket, farverig (Floristens kreative valg)<\/span><p>Fra 349 kr.<\/p><span class=\"obf-link lp-cta\" role=\"link\" tabindex=\"0\" data-b64=\"aHR0cHM6Ly9pbnRlcmZsb3JhLmRrL3Byb2R1a3QvYmFhcmVidWtldC1mYXJ2ZXJpZy1mbG9yaXN0ZW5zLWtyZWF0aXZlLXZhbGc\/dj0xNDA1OCYjMDM4O3ZhcmlhdGlvbj1lNDQyM2FkZC0wOTY1LTQ2YzEtOGEyYy0wZDc4Mzc3ZWE2ZTQ\/dXRtX21lZGl1bT1vcmdhbmljJnV0bV9zb3VyY2U9YmxvZ19wcm9kdWN0cyZ1dG1fY2FtcGFpZ249MjU4Ng==\" data-target=\"_blank\"><svg xmlns=\"http:\/\/www.w3.org\/2000\/svg\" width=\"16\" height=\"16\" fill=\"currentColor\" class=\"bi bi-bag\" viewBox=\"0 0 16 16\"><path d=\"M8 1a2 2 0 0 1 2 2v1h2.5A1.5 1.5 0 0 1 14 5.5v8A1.5 1.5 0 0 1 12.5 15h-9A1.5 1.5 0 0 1 2 13.5v-8A1.5 1.5 0 0 1 3.5 3H6V2a2 2 0 0 1 2-1zm1 3V3a1 1 0 0 0-2 0v1h2z\"\/><\/svg>K\u00f8b her<\/span><p class=\"rapido\">H\u00e5ndbundet af florister<\/p><\/div><\/div>\n\n\n\n<div style=\"height:10px\" aria-hidden=\"true\" class=\"wp-block-spacer\"><\/div>\n\n\n\n<div class=\"wp-block-buttons alignwide is-content-justification-center is-layout-flex wp-container-core-buttons-is-layout-a89b3969 wp-block-buttons-is-layout-flex\">\n<div class=\"wp-block-button\"><a class=\"wp-block-button__link has-medium-font-size has-custom-font-size wp-element-button\" href=\"https:\/\/interflora.dk\/produkter\/anledninger\/blomster-til-begravelse?utm_source=blog&amp;utm_medium=organic&amp;utm_campaign=post-cta\">Send en blomst til kirkeg\u00e5rden her <\/a><\/div>\n<\/div>\n","protected":false},"excerpt":{"rendered":"<p>Vi \u00f8nsker alle at hylde vores k\u00e6re afd\u00f8de. Det er dog ikke altid nemt at komme forbi og l\u00e6gge en [&hellip;]<\/p>\n","protected":false},"author":1,"featured_media":45806,"comment_status":"open","ping_status":"open","sticky":false,"template":"","format":"standard","meta":{"_uag_custom_page_level_css":"","site-sidebar-layout":"default","site-content-layout":"","ast-site-content-layout":"default","site-content-style":"default","site-sidebar-style":"default","ast-global-header-display":"","ast-banner-title-visibility":"","ast-main-header-display":"","ast-hfb-above-header-display":"","ast-hfb-below-header-display":"","ast-hfb-mobile-header-display":"","site-post-title":"","ast-breadcrumbs-content":"","ast-featured-img":"","footer-sml-layout":"","ast-disable-related-posts":"","theme-transparent-header-meta":"","adv-header-id-meta":"","stick-header-meta":"","header-above-stick-meta":"","header-main-stick-meta":"","header-below-stick-meta":"","astra-migrate-meta-layouts":"set","ast-page-background-enabled":"default","ast-page-background-meta":{"desktop":{"background-color":"var(--ast-global-color-5)","background-image":"","background-repeat":"repeat","background-position":"center center","background-size":"auto","background-attachment":"scroll","background-type":"","background-media":"","overlay-type":"","overlay-color":"","overlay-opacity":"","overlay-gradient":""},"tablet":{"background-color":"","background-image":"","background-repeat":"repeat","background-position":"center center","background-size":"auto","background-attachment":"scroll","background-type":"","background-media":"","overlay-type":"","overlay-color":"","overlay-opacity":"","overlay-gradient":""},"mobile":{"background-color":"","background-image":"","background-repeat":"repeat","background-position":"center center","background-size":"auto","background-attachment":"scroll","background-type":"","background-media":"","overlay-type":"","overlay-color":"","overlay-opacity":"","overlay-gradient":""}},"ast-content-background-meta":{"desktop":{"background-color":"var(--ast-global-color-4)","background-image":"","background-repeat":"repeat","background-position":"center center","background-size":"auto","background-attachment":"scroll","background-type":"","background-media":"","overlay-type":"","overlay-color":"","overlay-opacity":"","overlay-gradient":""},"tablet":{"background-color":"var(--ast-global-color-4)","background-image":"","background-repeat":"repeat","background-position":"center center","background-size":"auto","background-attachment":"scroll","background-type":"","background-media":"","overlay-type":"","overlay-color":"","overlay-opacity":"","overlay-gradient":""},"mobile":{"background-color":"var(--ast-global-color-4)","background-image":"","background-repeat":"repeat","background-position":"center center","background-size":"auto","background-attachment":"scroll","background-type":"","background-media":"","overlay-type":"","overlay-color":"","overlay-opacity":"","overlay-gradient":""}},"footnotes":""},"categories":[198,167],"tags":[197],"class_list":["post-45814","post","type-post","status-publish","format-standard","has-post-thumbnail","hentry","category-begravelse","category-anledninger","tag-begravelse"],"yoast_head":"<!-- This site is optimized with the Yoast SEO plugin v27.4 - https:\/\/yoast.com\/product\/yoast-seo-wordpress\/ -->\n<title>Begravelsesblomster: Hvordan pynter man et gravsted langvejsfra? | Interflora<\/title>\n<meta name=\"description\" content=\"Selv hvis du ikke altid har mulighed for at bes\u00f8ge en grav personligt, er der i dag l\u00f8sninger til r\u00e5dighed. Se her, hvordan du kan dekorere p\u00e5 afstand.\" \/>\n<meta name=\"robots\" content=\"index, follow, max-snippet:-1, max-image-preview:large, max-video-preview:-1\" \/>\n<link rel=\"canonical\" href=\"https:\/\/interflora.dk\/blog\/kan-man-pynte-et-gravsted-uden-at-ga-pa-kirkegarden\/\" \/>\n<meta property=\"og:locale\" content=\"da_DK\" \/>\n<meta property=\"og:type\" content=\"article\" \/>\n<meta property=\"og:title\" content=\"Begravelsesblomster: Hvordan pynter man et gravsted langvejsfra? | Interflora\" \/>\n<meta property=\"og:description\" content=\"Selv hvis du ikke altid har mulighed for at bes\u00f8ge en grav personligt, er der i dag l\u00f8sninger til r\u00e5dighed. Se her, hvordan du kan dekorere p\u00e5 afstand.\" \/>\n<meta property=\"og:url\" content=\"https:\/\/interflora.dk\/blog\/kan-man-pynte-et-gravsted-uden-at-ga-pa-kirkegarden\/\" \/>\n<meta property=\"og:site_name\" content=\"Interflora\" \/>\n<meta property=\"article:publisher\" content=\"https:\/\/www.facebook.com\/InterfloraDanmark\" \/>\n<meta property=\"article:published_time\" content=\"2024-06-05T17:37:02+00:00\" \/>\n<meta property=\"article:modified_time\" content=\"2025-10-02T12:35:15+00:00\" \/>\n<meta property=\"og:image\" content=\"https:\/\/interflora.dk\/blog\/wp-content\/uploads\/2024\/06\/grav-med-blomster-og-lys-1.jpg\" \/>\n\t<meta property=\"og:image:width\" content=\"1000\" \/>\n\t<meta property=\"og:image:height\" content=\"667\" \/>\n\t<meta property=\"og:image:type\" content=\"image\/jpeg\" \/>\n<meta name=\"author\" content=\"admin\" \/>\n<meta name=\"twitter:card\" content=\"summary_large_image\" \/>\n<meta name=\"twitter:label1\" content=\"Skrevet af\" \/>\n\t<meta name=\"twitter:data1\" content=\"admin\" \/>\n\t<meta name=\"twitter:label2\" content=\"Estimeret l\u00e6setid\" \/>\n\t<meta name=\"twitter:data2\" content=\"3 minutter\" \/>\n<script type=\"application\/ld+json\" class=\"yoast-schema-graph\">{\"@context\":\"https:\\\/\\\/schema.org\",\"@graph\":[{\"@type\":\"Article\",\"@id\":\"https:\\\/\\\/interflora.dk\\\/blog\\\/kan-man-pynte-et-gravsted-uden-at-ga-pa-kirkegarden\\\/#article\",\"isPartOf\":{\"@id\":\"https:\\\/\\\/interflora.dk\\\/blog\\\/kan-man-pynte-et-gravsted-uden-at-ga-pa-kirkegarden\\\/\"},\"author\":{\"name\":\"admin\",\"@id\":\"https:\\\/\\\/interflora.dk\\\/blog\\\/#\\\/schema\\\/person\\\/dbbd1ad45e05409c356dc639597669f2\"},\"headline\":\"Kan man pynte et gravsted uden at g\u00e5 p\u00e5 kirkeg\u00e5rden?\",\"datePublished\":\"2024-06-05T17:37:02+00:00\",\"dateModified\":\"2025-10-02T12:35:15+00:00\",\"mainEntityOfPage\":{\"@id\":\"https:\\\/\\\/interflora.dk\\\/blog\\\/kan-man-pynte-et-gravsted-uden-at-ga-pa-kirkegarden\\\/\"},\"wordCount\":448,\"commentCount\":0,\"publisher\":{\"@id\":\"https:\\\/\\\/interflora.dk\\\/blog\\\/#organization\"},\"image\":{\"@id\":\"https:\\\/\\\/interflora.dk\\\/blog\\\/kan-man-pynte-et-gravsted-uden-at-ga-pa-kirkegarden\\\/#primaryimage\"},\"thumbnailUrl\":\"https:\\\/\\\/interflora.dk\\\/blog\\\/wp-content\\\/uploads\\\/2024\\\/06\\\/grav-med-blomster-og-lys-1.jpg\",\"keywords\":[\"Begravelse\"],\"articleSection\":[\"Begravelser: Vores guides til eftertanke og tr\u00f8st\",\"Interfloras guide til alle anledninger\"],\"inLanguage\":\"da-DK\",\"potentialAction\":[{\"@type\":\"CommentAction\",\"name\":\"Comment\",\"target\":[\"https:\\\/\\\/interflora.dk\\\/blog\\\/kan-man-pynte-et-gravsted-uden-at-ga-pa-kirkegarden\\\/#respond\"]}]},{\"@type\":\"WebPage\",\"@id\":\"https:\\\/\\\/interflora.dk\\\/blog\\\/kan-man-pynte-et-gravsted-uden-at-ga-pa-kirkegarden\\\/\",\"url\":\"https:\\\/\\\/interflora.dk\\\/blog\\\/kan-man-pynte-et-gravsted-uden-at-ga-pa-kirkegarden\\\/\",\"name\":\"Begravelsesblomster: Hvordan pynter man et gravsted langvejsfra? | Interflora\",\"isPartOf\":{\"@id\":\"https:\\\/\\\/interflora.dk\\\/blog\\\/#website\"},\"primaryImageOfPage\":{\"@id\":\"https:\\\/\\\/interflora.dk\\\/blog\\\/kan-man-pynte-et-gravsted-uden-at-ga-pa-kirkegarden\\\/#primaryimage\"},\"image\":{\"@id\":\"https:\\\/\\\/interflora.dk\\\/blog\\\/kan-man-pynte-et-gravsted-uden-at-ga-pa-kirkegarden\\\/#primaryimage\"},\"thumbnailUrl\":\"https:\\\/\\\/interflora.dk\\\/blog\\\/wp-content\\\/uploads\\\/2024\\\/06\\\/grav-med-blomster-og-lys-1.jpg\",\"datePublished\":\"2024-06-05T17:37:02+00:00\",\"dateModified\":\"2025-10-02T12:35:15+00:00\",\"description\":\"Selv hvis du ikke altid har mulighed for at bes\u00f8ge en grav personligt, er der i dag l\u00f8sninger til r\u00e5dighed. Se her, hvordan du kan dekorere p\u00e5 afstand.\",\"breadcrumb\":{\"@id\":\"https:\\\/\\\/interflora.dk\\\/blog\\\/kan-man-pynte-et-gravsted-uden-at-ga-pa-kirkegarden\\\/#breadcrumb\"},\"inLanguage\":\"da-DK\",\"potentialAction\":[{\"@type\":\"ReadAction\",\"target\":[\"https:\\\/\\\/interflora.dk\\\/blog\\\/kan-man-pynte-et-gravsted-uden-at-ga-pa-kirkegarden\\\/\"]}]},{\"@type\":\"ImageObject\",\"inLanguage\":\"da-DK\",\"@id\":\"https:\\\/\\\/interflora.dk\\\/blog\\\/kan-man-pynte-et-gravsted-uden-at-ga-pa-kirkegarden\\\/#primaryimage\",\"url\":\"https:\\\/\\\/interflora.dk\\\/blog\\\/wp-content\\\/uploads\\\/2024\\\/06\\\/grav-med-blomster-og-lys-1.jpg\",\"contentUrl\":\"https:\\\/\\\/interflora.dk\\\/blog\\\/wp-content\\\/uploads\\\/2024\\\/06\\\/grav-med-blomster-og-lys-1.jpg\",\"width\":1000,\"height\":667,\"caption\":\"gravsten med r\u00f8de blomster og lanterne\"},{\"@type\":\"BreadcrumbList\",\"@id\":\"https:\\\/\\\/interflora.dk\\\/blog\\\/kan-man-pynte-et-gravsted-uden-at-ga-pa-kirkegarden\\\/#breadcrumb\",\"itemListElement\":[{\"@type\":\"ListItem\",\"position\":1,\"name\":\"Home\",\"item\":\"https:\\\/\\\/interflora.dk\\\/blog\\\/\"},{\"@type\":\"ListItem\",\"position\":2,\"name\":\"Kan man pynte et gravsted uden at g\u00e5 p\u00e5 kirkeg\u00e5rden?\"}]},{\"@type\":\"WebSite\",\"@id\":\"https:\\\/\\\/interflora.dk\\\/blog\\\/#website\",\"url\":\"https:\\\/\\\/interflora.dk\\\/blog\\\/\",\"name\":\"Interflora\",\"description\":\"\",\"publisher\":{\"@id\":\"https:\\\/\\\/interflora.dk\\\/blog\\\/#organization\"},\"potentialAction\":[{\"@type\":\"SearchAction\",\"target\":{\"@type\":\"EntryPoint\",\"urlTemplate\":\"https:\\\/\\\/interflora.dk\\\/blog\\\/?s={search_term_string}\"},\"query-input\":{\"@type\":\"PropertyValueSpecification\",\"valueRequired\":true,\"valueName\":\"search_term_string\"}}],\"inLanguage\":\"da-DK\"},{\"@type\":\"Organization\",\"@id\":\"https:\\\/\\\/interflora.dk\\\/blog\\\/#organization\",\"name\":\"Interflora\",\"url\":\"https:\\\/\\\/interflora.dk\\\/blog\\\/\",\"logo\":{\"@type\":\"ImageObject\",\"inLanguage\":\"da-DK\",\"@id\":\"https:\\\/\\\/interflora.dk\\\/blog\\\/#\\\/schema\\\/logo\\\/image\\\/\",\"url\":\"https:\\\/\\\/interflora.dk\\\/blog\\\/wp-content\\\/uploads\\\/2025\\\/09\\\/220422_INTERFLORA_Logo_rgb_Half_Top_Circle_Main_Color.png\",\"contentUrl\":\"https:\\\/\\\/interflora.dk\\\/blog\\\/wp-content\\\/uploads\\\/2025\\\/09\\\/220422_INTERFLORA_Logo_rgb_Half_Top_Circle_Main_Color.png\",\"width\":1418,\"height\":710,\"caption\":\"Interflora\"},\"image\":{\"@id\":\"https:\\\/\\\/interflora.dk\\\/blog\\\/#\\\/schema\\\/logo\\\/image\\\/\"},\"sameAs\":[\"https:\\\/\\\/www.facebook.com\\\/InterfloraDanmark\",\"https:\\\/\\\/www.instagram.com\\\/interfloradk\",\"https:\\\/\\\/www.linkedin.com\\\/company\\\/interfloradanmark\",\"https:\\\/\\\/www.youtube.com\\\/user\\\/InterfloraTV\"]},{\"@type\":\"Person\",\"@id\":\"https:\\\/\\\/interflora.dk\\\/blog\\\/#\\\/schema\\\/person\\\/dbbd1ad45e05409c356dc639597669f2\",\"name\":\"admin\",\"image\":{\"@type\":\"ImageObject\",\"inLanguage\":\"da-DK\",\"@id\":\"https:\\\/\\\/interflora.dk\\\/blog\\\/wp-content\\\/litespeed\\\/avatar\\\/1fe3cced9e67df62d0a6f995d75823a5.jpg?ver=1776935036\",\"url\":\"https:\\\/\\\/interflora.dk\\\/blog\\\/wp-content\\\/litespeed\\\/avatar\\\/1fe3cced9e67df62d0a6f995d75823a5.jpg?ver=1776935036\",\"contentUrl\":\"https:\\\/\\\/interflora.dk\\\/blog\\\/wp-content\\\/litespeed\\\/avatar\\\/1fe3cced9e67df62d0a6f995d75823a5.jpg?ver=1776935036\",\"caption\":\"admin\"}}]}<\/script>\n<!-- \/ Yoast SEO plugin. -->","yoast_head_json":{"title":"Begravelsesblomster: Hvordan pynter man et gravsted langvejsfra? | Interflora","description":"Selv hvis du ikke altid har mulighed for at bes\u00f8ge en grav personligt, er der i dag l\u00f8sninger til r\u00e5dighed. Se her, hvordan du kan dekorere p\u00e5 afstand.","robots":{"index":"index","follow":"follow","max-snippet":"max-snippet:-1","max-image-preview":"max-image-preview:large","max-video-preview":"max-video-preview:-1"},"canonical":"https:\/\/interflora.dk\/blog\/kan-man-pynte-et-gravsted-uden-at-ga-pa-kirkegarden\/","og_locale":"da_DK","og_type":"article","og_title":"Begravelsesblomster: Hvordan pynter man et gravsted langvejsfra? | Interflora","og_description":"Selv hvis du ikke altid har mulighed for at bes\u00f8ge en grav personligt, er der i dag l\u00f8sninger til r\u00e5dighed. Se her, hvordan du kan dekorere p\u00e5 afstand.","og_url":"https:\/\/interflora.dk\/blog\/kan-man-pynte-et-gravsted-uden-at-ga-pa-kirkegarden\/","og_site_name":"Interflora","article_publisher":"https:\/\/www.facebook.com\/InterfloraDanmark","article_published_time":"2024-06-05T17:37:02+00:00","article_modified_time":"2025-10-02T12:35:15+00:00","og_image":[{"width":1000,"height":667,"url":"https:\/\/interflora.dk\/blog\/wp-content\/uploads\/2024\/06\/grav-med-blomster-og-lys-1.jpg","type":"image\/jpeg"}],"author":"admin","twitter_card":"summary_large_image","twitter_misc":{"Skrevet af":"admin","Estimeret l\u00e6setid":"3 minutter"},"schema":{"@context":"https:\/\/schema.org","@graph":[{"@type":"Article","@id":"https:\/\/interflora.dk\/blog\/kan-man-pynte-et-gravsted-uden-at-ga-pa-kirkegarden\/#article","isPartOf":{"@id":"https:\/\/interflora.dk\/blog\/kan-man-pynte-et-gravsted-uden-at-ga-pa-kirkegarden\/"},"author":{"name":"admin","@id":"https:\/\/interflora.dk\/blog\/#\/schema\/person\/dbbd1ad45e05409c356dc639597669f2"},"headline":"Kan man pynte et gravsted uden at g\u00e5 p\u00e5 kirkeg\u00e5rden?","datePublished":"2024-06-05T17:37:02+00:00","dateModified":"2025-10-02T12:35:15+00:00","mainEntityOfPage":{"@id":"https:\/\/interflora.dk\/blog\/kan-man-pynte-et-gravsted-uden-at-ga-pa-kirkegarden\/"},"wordCount":448,"commentCount":0,"publisher":{"@id":"https:\/\/interflora.dk\/blog\/#organization"},"image":{"@id":"https:\/\/interflora.dk\/blog\/kan-man-pynte-et-gravsted-uden-at-ga-pa-kirkegarden\/#primaryimage"},"thumbnailUrl":"https:\/\/interflora.dk\/blog\/wp-content\/uploads\/2024\/06\/grav-med-blomster-og-lys-1.jpg","keywords":["Begravelse"],"articleSection":["Begravelser: Vores guides til eftertanke og tr\u00f8st","Interfloras guide til alle anledninger"],"inLanguage":"da-DK","potentialAction":[{"@type":"CommentAction","name":"Comment","target":["https:\/\/interflora.dk\/blog\/kan-man-pynte-et-gravsted-uden-at-ga-pa-kirkegarden\/#respond"]}]},{"@type":"WebPage","@id":"https:\/\/interflora.dk\/blog\/kan-man-pynte-et-gravsted-uden-at-ga-pa-kirkegarden\/","url":"https:\/\/interflora.dk\/blog\/kan-man-pynte-et-gravsted-uden-at-ga-pa-kirkegarden\/","name":"Begravelsesblomster: Hvordan pynter man et gravsted langvejsfra? | Interflora","isPartOf":{"@id":"https:\/\/interflora.dk\/blog\/#website"},"primaryImageOfPage":{"@id":"https:\/\/interflora.dk\/blog\/kan-man-pynte-et-gravsted-uden-at-ga-pa-kirkegarden\/#primaryimage"},"image":{"@id":"https:\/\/interflora.dk\/blog\/kan-man-pynte-et-gravsted-uden-at-ga-pa-kirkegarden\/#primaryimage"},"thumbnailUrl":"https:\/\/interflora.dk\/blog\/wp-content\/uploads\/2024\/06\/grav-med-blomster-og-lys-1.jpg","datePublished":"2024-06-05T17:37:02+00:00","dateModified":"2025-10-02T12:35:15+00:00","description":"Selv hvis du ikke altid har mulighed for at bes\u00f8ge en grav personligt, er der i dag l\u00f8sninger til r\u00e5dighed. Se her, hvordan du kan dekorere p\u00e5 afstand.","breadcrumb":{"@id":"https:\/\/interflora.dk\/blog\/kan-man-pynte-et-gravsted-uden-at-ga-pa-kirkegarden\/#breadcrumb"},"inLanguage":"da-DK","potentialAction":[{"@type":"ReadAction","target":["https:\/\/interflora.dk\/blog\/kan-man-pynte-et-gravsted-uden-at-ga-pa-kirkegarden\/"]}]},{"@type":"ImageObject","inLanguage":"da-DK","@id":"https:\/\/interflora.dk\/blog\/kan-man-pynte-et-gravsted-uden-at-ga-pa-kirkegarden\/#primaryimage","url":"https:\/\/interflora.dk\/blog\/wp-content\/uploads\/2024\/06\/grav-med-blomster-og-lys-1.jpg","contentUrl":"https:\/\/interflora.dk\/blog\/wp-content\/uploads\/2024\/06\/grav-med-blomster-og-lys-1.jpg","width":1000,"height":667,"caption":"gravsten med r\u00f8de blomster og lanterne"},{"@type":"BreadcrumbList","@id":"https:\/\/interflora.dk\/blog\/kan-man-pynte-et-gravsted-uden-at-ga-pa-kirkegarden\/#breadcrumb","itemListElement":[{"@type":"ListItem","position":1,"name":"Home","item":"https:\/\/interflora.dk\/blog\/"},{"@type":"ListItem","position":2,"name":"Kan man pynte et gravsted uden at g\u00e5 p\u00e5 kirkeg\u00e5rden?"}]},{"@type":"WebSite","@id":"https:\/\/interflora.dk\/blog\/#website","url":"https:\/\/interflora.dk\/blog\/","name":"Interflora","description":"","publisher":{"@id":"https:\/\/interflora.dk\/blog\/#organization"},"potentialAction":[{"@type":"SearchAction","target":{"@type":"EntryPoint","urlTemplate":"https:\/\/interflora.dk\/blog\/?s={search_term_string}"},"query-input":{"@type":"PropertyValueSpecification","valueRequired":true,"valueName":"search_term_string"}}],"inLanguage":"da-DK"},{"@type":"Organization","@id":"https:\/\/interflora.dk\/blog\/#organization","name":"Interflora","url":"https:\/\/interflora.dk\/blog\/","logo":{"@type":"ImageObject","inLanguage":"da-DK","@id":"https:\/\/interflora.dk\/blog\/#\/schema\/logo\/image\/","url":"https:\/\/interflora.dk\/blog\/wp-content\/uploads\/2025\/09\/220422_INTERFLORA_Logo_rgb_Half_Top_Circle_Main_Color.png","contentUrl":"https:\/\/interflora.dk\/blog\/wp-content\/uploads\/2025\/09\/220422_INTERFLORA_Logo_rgb_Half_Top_Circle_Main_Color.png","width":1418,"height":710,"caption":"Interflora"},"image":{"@id":"https:\/\/interflora.dk\/blog\/#\/schema\/logo\/image\/"},"sameAs":["https:\/\/www.facebook.com\/InterfloraDanmark","https:\/\/www.instagram.com\/interfloradk","https:\/\/www.linkedin.com\/company\/interfloradanmark","https:\/\/www.youtube.com\/user\/InterfloraTV"]},{"@type":"Person","@id":"https:\/\/interflora.dk\/blog\/#\/schema\/person\/dbbd1ad45e05409c356dc639597669f2","name":"admin","image":{"@type":"ImageObject","inLanguage":"da-DK","@id":"https:\/\/interflora.dk\/blog\/wp-content\/litespeed\/avatar\/1fe3cced9e67df62d0a6f995d75823a5.jpg?ver=1776935036","url":"https:\/\/interflora.dk\/blog\/wp-content\/litespeed\/avatar\/1fe3cced9e67df62d0a6f995d75823a5.jpg?ver=1776935036","contentUrl":"https:\/\/interflora.dk\/blog\/wp-content\/litespeed\/avatar\/1fe3cced9e67df62d0a6f995d75823a5.jpg?ver=1776935036","caption":"admin"}}]}},"uagb_featured_image_src":{"full":["https:\/\/interflora.dk\/blog\/wp-content\/uploads\/2024\/06\/grav-med-blomster-og-lys-1.jpg",1000,667,false],"thumbnail":["https:\/\/interflora.dk\/blog\/wp-content\/uploads\/2024\/06\/grav-med-blomster-og-lys-1-150x150.jpg",150,150,true],"medium":["https:\/\/interflora.dk\/blog\/wp-content\/uploads\/2024\/06\/grav-med-blomster-og-lys-1-300x200.jpg",300,200,true],"medium_large":["https:\/\/interflora.dk\/blog\/wp-content\/uploads\/2024\/06\/grav-med-blomster-og-lys-1-768x512.jpg",768,512,true],"large":["https:\/\/interflora.dk\/blog\/wp-content\/uploads\/2024\/06\/grav-med-blomster-og-lys-1.jpg",1000,667,false],"1536x1536":["https:\/\/interflora.dk\/blog\/wp-content\/uploads\/2024\/06\/grav-med-blomster-og-lys-1.jpg",1000,667,false],"2048x2048":["https:\/\/interflora.dk\/blog\/wp-content\/uploads\/2024\/06\/grav-med-blomster-og-lys-1.jpg",1000,667,false]},"uagb_author_info":{"display_name":"admin","author_link":"https:\/\/interflora.dk\/blog\/author\/admin\/"},"uagb_comment_info":0,"uagb_excerpt":"Vi \u00f8nsker alle at hylde vores k\u00e6re afd\u00f8de. Det er dog ikke altid nemt at komme forbi og l\u00e6gge en [&hellip;]","_links":{"self":[{"href":"https:\/\/interflora.dk\/blog\/wp-json\/wp\/v2\/posts\/45814","targetHints":{"allow":["GET"]}}],"collection":[{"href":"https:\/\/interflora.dk\/blog\/wp-json\/wp\/v2\/posts"}],"about":[{"href":"https:\/\/interflora.dk\/blog\/wp-json\/wp\/v2\/types\/post"}],"author":[{"embeddable":true,"href":"https:\/\/interflora.dk\/blog\/wp-json\/wp\/v2\/users\/1"}],"replies":[{"embeddable":true,"href":"https:\/\/interflora.dk\/blog\/wp-json\/wp\/v2\/comments?post=45814"}],"version-history":[{"count":1,"href":"https:\/\/interflora.dk\/blog\/wp-json\/wp\/v2\/posts\/45814\/revisions"}],"predecessor-version":[{"id":58510,"href":"https:\/\/interflora.dk\/blog\/wp-json\/wp\/v2\/posts\/45814\/revisions\/58510"}],"wp:featuredmedia":[{"embeddable":true,"href":"https:\/\/interflora.dk\/blog\/wp-json\/wp\/v2\/media\/45806"}],"wp:attachment":[{"href":"https:\/\/interflora.dk\/blog\/wp-json\/wp\/v2\/media?parent=45814"}],"wp:term":[{"taxonomy":"category","embeddable":true,"href":"https:\/\/interflora.dk\/blog\/wp-json\/wp\/v2\/categories?post=45814"},{"taxonomy":"post_tag","embeddable":true,"href":"https:\/\/interflora.dk\/blog\/wp-json\/wp\/v2\/tags?post=45814"}],"curies":[{"name":"wp","href":"https:\/\/api.w.org\/{rel}","templated":true}]}}