{"id":48875,"date":"2026-03-11T10:01:17","date_gmt":"2026-03-11T09:01:17","guid":{"rendered":"https:\/\/interflora.dk\/blog\/?p=48875"},"modified":"2026-03-11T15:53:49","modified_gmt":"2026-03-11T14:53:49","slug":"forarsblomster-i-skoven","status":"publish","type":"post","link":"https:\/\/interflora.dk\/blog\/forarsblomster-i-skoven\/","title":{"rendered":"For\u00e5rsblomster i skoven: En fejring af naturens sk\u00f8nhed"},"content":{"rendered":"\n<p>For\u00e5ret bringer en fortryllende forandring til skoven, n\u00e5r de vilde for\u00e5rsblomster begynder at springe ud og sprede deres farverige pragt. Det er som om naturen v\u00e5gner op efter en lang vinterdvale og begynder at vise sin sk\u00f8nhed p\u00e5 ny. Blandt dem finder vi <strong>et v\u00e6ld af smukke blomster<\/strong>, der er klar til at byde velkommen til den nye s\u00e6son. De gule for\u00e5rsblomster lyser op som sm\u00e5 sole, og spreder varme og gl\u00e6de i skovbunden. De hvide blomster symboliserer renhed og uskyld, og tilf\u00f8jer <strong>et strejf af elegance til det naturlige landskab<\/strong>. De bl\u00e5 for\u00e5rsblomster, med deres intense farve, tiltr\u00e6kker \u00f8jet og skaber en kontrast til de andre nuancer. Sammen markerer de naturens genf\u00f8dsel, og giver os et glimt af h\u00e5b og fornyelse.<\/p>\n\n\n\n<h2 class=\"wp-block-heading\">Vilde For\u00e5rsblomster: Naturens eget skattekammer&nbsp;<\/h2>\n\n\n\n<p>Vilde for\u00e5rsblomster er en sand perle, der findes i naturens egne r\u00e6kker. N\u00e5r man betr\u00e6der skoven, bliver man m\u00f8dt af et fortryllende syn af <strong>sp\u00e6de erantis<\/strong> og <strong>vinterg\u00e6kker<\/strong>, der pryder jorden med deres yndefulde blomster. Men det er ikke kun <a href=\"https:\/\/interflora.dk\/blog\/forarsblomster\/\" target=\"_blank\" rel=\"noreferrer noopener\"><strong>disse tidlige for\u00e5rsblomster<\/strong><\/a>, der er at finde i skoven. Man kan ogs\u00e5 opleve de mere udbredte <strong>p\u00e5skeliljer <\/strong>og <strong>anemoner<\/strong>, der tilf\u00f8jer en overflod af farver og former til landskabet. Disse blomster er som et kunstv\u00e6rk, der minder os om naturens skr\u00f8belige sk\u00f8nhed og fortryller vores sanser.<\/p>\n\n\n\n<div class=\"wp-block-media-text alignwide is-stacked-on-mobile is-image-fill-element has-background\" style=\"background-color:#fdfcfb\"><figure class=\"wp-block-media-text__media\"><img loading=\"lazy\" decoding=\"async\" width=\"1024\" height=\"684\" src=\"https:\/\/interflora.dk\/blog\/wp-content\/uploads\/crocus-1024x684.jpeg\" alt=\"Krokus i haven\" class=\"wp-image-48870 size-full\" style=\"object-position:50% 50%\"\/><\/figure><div class=\"wp-block-media-text__content\">\n<h3 class=\"wp-block-heading\">F\u00f8rste for\u00e5rsblomster: Et tegn p\u00e5 h\u00e5b<\/h3>\n\n\n\n<p>N\u00e5r de f\u00f8rste for\u00e5rsblomster bryder igennem den frosne jord, er det som om, at naturen selv sender os et tegn p\u00e5 h\u00e5b. Deres modige fremkomst minder os om, at uanset hvor barsk vinteren har v\u00e6ret, <strong>vil for\u00e5ret altid bringe nyt liv og muligheder med sig<\/strong>.&nbsp;<\/p>\n<\/div><\/div>\n\n\n\n<div class=\"wp-block-media-text alignwide has-media-on-the-right is-stacked-on-mobile is-image-fill-element has-background\" style=\"background-color:#fdfcfb\"><div class=\"wp-block-media-text__content\">\n<h3 class=\"wp-block-heading\">Gule for\u00e5rsblomster i skoven: En str\u00e5lende velkomst<\/h3>\n\n\n\n<p>De gule for\u00e5rsblomster, herunder <strong>erantis <\/strong>og <strong><a href=\"https:\/\/interflora.dk\/blog\/paaskeliljer\/\" target=\"_blank\" rel=\"noreferrer noopener\">p\u00e5skeliljer<\/a><\/strong>, er som en str\u00e5lende velkomst tilbage til naturen efter vinterens dvale. Deres livlige farver lyser op og bringer gl\u00e6de til skovens ellers dunkle kroge, og deres delikate duft fylder luften med et l\u00f8fte om varmere tider.<\/p>\n<\/div><figure class=\"wp-block-media-text__media\"><img decoding=\"async\" src=\"https:\/\/interflora.dk\/blog\/wp-content\/uploads\/paaskeliljer-i-skoven-1024x682.jpeg\" alt=\"P\u00e5skeliljer i skoven\" class=\"wp-image-48890 size-full\" style=\"object-position:50% 50%\"\/><\/figure><\/div>\n\n\n\n<div class=\"wp-block-media-text alignwide is-stacked-on-mobile is-image-fill-element has-background\" style=\"background-color:#fdfcfb\"><figure class=\"wp-block-media-text__media\"><img decoding=\"async\" src=\"https:\/\/interflora.dk\/blog\/wp-content\/uploads\/hvide-anemoner-i-skoven-1024x767.jpeg\" alt=\"Hvide anemoner i skoven\" class=\"wp-image-48891 size-full\" style=\"object-position:50% 50%\"\/><\/figure><div class=\"wp-block-media-text__content\">\n<h3 class=\"wp-block-heading\">Hvide for\u00e5rsblomster i skoven: Et symbol p\u00e5 renhed<\/h3>\n\n\n\n<p>De hvide for\u00e5rsblomster, s\u00e5som <strong><a href=\"https:\/\/interflora.dk\/blog\/anemone-blomster\/\" target=\"_blank\" rel=\"noreferrer noopener\">anemoner<\/a><\/strong>, tilf\u00f8jer et strejf af uskyld og renhed til skovens gulnede l\u00f8v og gr\u00f8nne mos. Deres enkelthed og elegance er en p\u00e5mindelse om naturens evige sk\u00f8nhed og en kilde til indre ro.<\/p>\n<\/div><\/div>\n\n\n\n<div class=\"wp-block-media-text alignwide has-media-on-the-right is-stacked-on-mobile is-image-fill-element has-background\" style=\"background-color:#fdfcfb\"><div class=\"wp-block-media-text__content\">\n<h3 class=\"wp-block-heading\">Bl\u00e5 for\u00e5rsblomster i skovbunden er et l\u00f8fte om, at vinteren nu er slut<\/h3>\n\n\n\n<p>De bl\u00e5 for\u00e5rsblomster, som krokus og perlehyacinter, gemmer sig ofte dybt i skovbunden, men n\u00e5r de f\u00f8rst viser deres sk\u00f8nhed, er de som en skjult skat, der bel\u00f8nner dem, der tager sig tid til at udforske skovens hemmelige steder. Deres blide farver tilf\u00f8jer en aura af mystik til skovens ellers livlige farvepalet.<\/p>\n<\/div><figure class=\"wp-block-media-text__media\"><img decoding=\"async\" src=\"https:\/\/interflora.dk\/blog\/wp-content\/uploads\/Perlehyacinter-i-skoven-1024x681.jpeg\" alt=\"Perlehyacinter i skoven\" class=\"wp-image-48894 size-full\" style=\"object-position:51% 73%\"\/><\/figure><\/div>\n\n\n\n<p>For\u00e5rsblomsterne i skoven udg\u00f8r et enest\u00e5ende skue, der fejrer naturens genoplivning og sk\u00f8nhed. Deres farverige blomsterpragt og delikate duft fortryller sanserne, og minder os om naturens evige cyklus af fornyelse. Lad os v\u00e6rds\u00e6tte disse sk\u00f8nne blomster og beskytte deres naturlige levesteder, s\u00e5 de ogs\u00e5 kan gl\u00e6de kommende generationer med deres fortryllende sk\u00f8nhed. Se ogs\u00e5 vores indl\u00e6g om <strong><a href=\"https:\/\/interflora.dk\/blog\/forarsblomster-i-krukker\/\" target=\"_blank\" rel=\"noreferrer noopener\">for\u00e5rsblomster i krukker<\/a> <\/strong>og hvordan man kan komplimentere dem bedst muligt i forhold til: huset, haven, terrassen eller noget helt fjerde.<\/p>\n\n\n\n<div class=\"wp-block-media-text alignwide has-media-on-the-right is-stacked-on-mobile has-background\" style=\"background-color:#fdfcfb\"><div class=\"wp-block-media-text__content\">\n<h2 class=\"wp-block-heading alignfull has-text-align-left\">Gl\u00e6d en elsket med smukke for\u00e5rsblomster hos Interflora<\/h2>\n\n\n\n<p>Hvis du ikke har mulighed for at finde de smukke for\u00e5rsblomster i naturen, kan du altid bestille dem fra din lokale blomsterhandler og sende dem til en person, du holder af. Du kan v\u00e6re sikker p\u00e5, at for\u00e5rsblomster vil sprede gl\u00e6de i den ellers kolde \u00e5rstid.<\/p>\n\n\n\n<p>Hos Interflora v\u00e6gter vi <strong>alle \u00e5rstider h\u00f8jt<\/strong>, og for\u00e5rsblomster har en s\u00e6rlig plads i vores hjerter. Hvis du gerne vil <strong>sende for\u00e5rsblomster til en ven eller et familiemedlem<\/strong>, st\u00e5r vi altid klar til at assistere og guide dig i dit valg. Du har ogs\u00e5 mulighed for at lade vores dygtige florister sammens\u00e6tte dine for\u00e5rsblomster efter deres ekspertise. <strong>Kontakt os gerne<\/strong>, s\u00e5 hj\u00e6lper vi dig med at v\u00e6lge dine for\u00e5rsblomster. Tag kontakt til os p\u00e5 77 77 77 77 eller skriv til os <a href=\"https:\/\/interflora.dk\/kontakt\" target=\"_blank\" rel=\"noreferrer noopener\">her<\/a>.<\/p>\n\n\n\n<div class=\"wp-block-buttons alignwide is-content-justification-center is-layout-flex wp-container-core-buttons-is-layout-a89b3969 wp-block-buttons-is-layout-flex\">\n<div class=\"wp-block-button\"><a class=\"wp-block-button__link has-medium-font-size has-custom-font-size wp-element-button\" href=\"https:\/\/interflora.dk\/produkter\/foraarsbuketter?utm_source=blog&amp;utm_campaign=post-cta\" target=\"_blank\" rel=\"noreferrer noopener\">Bestil smukke for\u00e5rsbuketter her<\/a><\/div>\n<\/div>\n<\/div><figure class=\"wp-block-media-text__media\"><img loading=\"lazy\" decoding=\"async\" width=\"1024\" height=\"1024\" src=\"https:\/\/interflora.dk\/blog\/wp-content\/uploads\/FDGM-2024-16-1024x1024.jpg\" alt=\"En bedstemor holder en buket p\u00e5skeliljer og bliver omfavnet af sit barnebarn.\" class=\"wp-image-48823 size-full\"\/><\/figure><\/div>\n\n\n<div class=\"lp-produits-grid\"><div class=\"lp-produit\"><div class=\"lp-thumbnail-wrapper\"><img loading=\"lazy\" decoding=\"async\" width=\"300\" height=\"300\" src=\"https:\/\/interflora.dk\/blog\/wp-content\/uploads\/2025\/09\/SAMMENSAET_DIN_EGEN_GAVEKURV_535-300x300.jpg\" class=\"attachment-medium size-medium wp-post-image\" alt=\"\" srcset=\"https:\/\/interflora.dk\/blog\/wp-content\/uploads\/2025\/09\/SAMMENSAET_DIN_EGEN_GAVEKURV_535-300x300.jpg 300w, https:\/\/interflora.dk\/blog\/wp-content\/uploads\/2025\/09\/SAMMENSAET_DIN_EGEN_GAVEKURV_535-1024x1024.jpg 1024w, https:\/\/interflora.dk\/blog\/wp-content\/uploads\/2025\/09\/SAMMENSAET_DIN_EGEN_GAVEKURV_535-150x150.jpg 150w, https:\/\/interflora.dk\/blog\/wp-content\/uploads\/2025\/09\/SAMMENSAET_DIN_EGEN_GAVEKURV_535-768x768.jpg 768w, https:\/\/interflora.dk\/blog\/wp-content\/uploads\/2025\/09\/SAMMENSAET_DIN_EGEN_GAVEKURV_535.jpg 1200w\" sizes=\"auto, (max-width: 300px) 100vw, 300px\" \/><img decoding=\"async\" class=\"lp-badge\" src=\"https:\/\/prodblog.interflora.dk\/blog\/wp-content\/uploads\/2025\/09\/220422_INTERFLORA_Main_Logo_rgb_Main_Color.avif\" alt=\"Send blomster med Interflora\"><\/div><span>Sammens\u00e6t din egen gavekurv<\/span><p>Fra 14 kr.<\/p><span class=\"obf-link lp-cta\" role=\"link\" tabindex=\"0\" data-b64=\"aHR0cHM6Ly9pbnRlcmZsb3JhLmRrL3Byb2R1a3Qvc2FtbWVuc2FldC1kaW4tZWdlbi1nYXZla3Vydj91dG1fbWVkaXVtPW9yZ2FuaWMmdXRtX3NvdXJjZT1ibG9nX3Byb2R1Y3RzJnV0bV9jYW1wYWlnbj01MzU=\" data-target=\"_blank\"><svg xmlns=\"http:\/\/www.w3.org\/2000\/svg\" width=\"16\" height=\"16\" fill=\"currentColor\" class=\"bi bi-bag\" viewBox=\"0 0 16 16\"><path d=\"M8 1a2 2 0 0 1 2 2v1h2.5A1.5 1.5 0 0 1 14 5.5v8A1.5 1.5 0 0 1 12.5 15h-9A1.5 1.5 0 0 1 2 13.5v-8A1.5 1.5 0 0 1 3.5 3H6V2a2 2 0 0 1 2-1zm1 3V3a1 1 0 0 0-2 0v1h2z\"\/><\/svg>K\u00f8b her<\/span><p class=\"rapido\">Din personlige hilsen<\/p><\/div><div class=\"lp-produit\"><div class=\"lp-thumbnail-wrapper\"><img loading=\"lazy\" decoding=\"async\" width=\"300\" height=\"300\" src=\"https:\/\/interflora.dk\/blog\/wp-content\/uploads\/2025\/09\/DEN_VENLIGE_VINTERVERSION_HAND_v_0-300x300.jpg\" class=\"attachment-medium size-medium wp-post-image\" alt=\"\" srcset=\"https:\/\/interflora.dk\/blog\/wp-content\/uploads\/2025\/09\/DEN_VENLIGE_VINTERVERSION_HAND_v_0-300x300.jpg 300w, https:\/\/interflora.dk\/blog\/wp-content\/uploads\/2025\/09\/DEN_VENLIGE_VINTERVERSION_HAND_v_0-1024x1024.jpg 1024w, https:\/\/interflora.dk\/blog\/wp-content\/uploads\/2025\/09\/DEN_VENLIGE_VINTERVERSION_HAND_v_0-150x150.jpg 150w, https:\/\/interflora.dk\/blog\/wp-content\/uploads\/2025\/09\/DEN_VENLIGE_VINTERVERSION_HAND_v_0-768x768.jpg 768w, https:\/\/interflora.dk\/blog\/wp-content\/uploads\/2025\/09\/DEN_VENLIGE_VINTERVERSION_HAND_v_0.jpg 1200w\" sizes=\"auto, (max-width: 300px) 100vw, 300px\" \/><img decoding=\"async\" class=\"lp-badge\" src=\"https:\/\/prodblog.interflora.dk\/blog\/wp-content\/uploads\/2025\/09\/220422_INTERFLORA_Main_Logo_rgb_Main_Color.avif\" alt=\"Send blomster med Interflora\"><\/div><span>Den venlige<\/span><p>Fra 229 kr.<\/p><span class=\"obf-link lp-cta\" role=\"link\" tabindex=\"0\" data-b64=\"aHR0cHM6Ly9pbnRlcmZsb3JhLmRrL3Byb2R1a3QvZGVuLXZlbmxpZ2U\/dj0xNTgwMiYjMDM4O3ZhcmlhdGlvbj1jMDRiZDM3OC1kZGYyLTRjMmItYmM5My1hYWM2ZWJlZWUwNDI\/dXRtX21lZGl1bT1vcmdhbmljJnV0bV9zb3VyY2U9YmxvZ19wcm9kdWN0cyZ1dG1fY2FtcGFpZ249NTc0Ng==\" data-target=\"_blank\"><svg xmlns=\"http:\/\/www.w3.org\/2000\/svg\" width=\"16\" height=\"16\" fill=\"currentColor\" class=\"bi bi-bag\" viewBox=\"0 0 16 16\"><path d=\"M8 1a2 2 0 0 1 2 2v1h2.5A1.5 1.5 0 0 1 14 5.5v8A1.5 1.5 0 0 1 12.5 15h-9A1.5 1.5 0 0 1 2 13.5v-8A1.5 1.5 0 0 1 3.5 3H6V2a2 2 0 0 1 2-1zm1 3V3a1 1 0 0 0-2 0v1h2z\"\/><\/svg>K\u00f8b her<\/span><p class=\"rapido\">H\u00e5ndbundet af florister<\/p><\/div><div class=\"lp-produit\"><div class=\"lp-thumbnail-wrapper\"><img loading=\"lazy\" decoding=\"async\" width=\"300\" height=\"300\" src=\"https:\/\/interflora.dk\/blog\/wp-content\/uploads\/2025\/09\/DEN_TIL_FOEDSELSDAGEN_VINTER_SMALL_127_v-300x300.jpg\" class=\"attachment-medium size-medium wp-post-image\" alt=\"\" srcset=\"https:\/\/interflora.dk\/blog\/wp-content\/uploads\/2025\/09\/DEN_TIL_FOEDSELSDAGEN_VINTER_SMALL_127_v-300x300.jpg 300w, https:\/\/interflora.dk\/blog\/wp-content\/uploads\/2025\/09\/DEN_TIL_FOEDSELSDAGEN_VINTER_SMALL_127_v-1024x1024.jpg 1024w, https:\/\/interflora.dk\/blog\/wp-content\/uploads\/2025\/09\/DEN_TIL_FOEDSELSDAGEN_VINTER_SMALL_127_v-150x150.jpg 150w, https:\/\/interflora.dk\/blog\/wp-content\/uploads\/2025\/09\/DEN_TIL_FOEDSELSDAGEN_VINTER_SMALL_127_v-768x768.jpg 768w, https:\/\/interflora.dk\/blog\/wp-content\/uploads\/2025\/09\/DEN_TIL_FOEDSELSDAGEN_VINTER_SMALL_127_v.jpg 1200w\" sizes=\"auto, (max-width: 300px) 100vw, 300px\" \/><img decoding=\"async\" class=\"lp-badge\" src=\"https:\/\/prodblog.interflora.dk\/blog\/wp-content\/uploads\/2025\/09\/220422_INTERFLORA_Main_Logo_rgb_Main_Color.avif\" alt=\"Send blomster med Interflora\"><\/div><span>Den til f\u00f8dselsdagen<\/span><p>Fra 299 kr.<\/p><span class=\"obf-link lp-cta\" role=\"link\" tabindex=\"0\" data-b64=\"aHR0cHM6Ly9pbnRlcmZsb3JhLmRrL3Byb2R1a3QvZGVuLXRpbC1mb2Vkc2Vsc2RhZ2VuP3Y9MTU1MSYjMDM4O3ZhcmlhdGlvbj05M2NjOTRlNi0zZmJlLTQ1OTgtYjAwNS03YTk5NTNiNGZlNGI\/dXRtX21lZGl1bT1vcmdhbmljJnV0bV9zb3VyY2U9YmxvZ19wcm9kdWN0cyZ1dG1fY2FtcGFpZ249MTI3\" data-target=\"_blank\"><svg xmlns=\"http:\/\/www.w3.org\/2000\/svg\" width=\"16\" height=\"16\" fill=\"currentColor\" class=\"bi bi-bag\" viewBox=\"0 0 16 16\"><path d=\"M8 1a2 2 0 0 1 2 2v1h2.5A1.5 1.5 0 0 1 14 5.5v8A1.5 1.5 0 0 1 12.5 15h-9A1.5 1.5 0 0 1 2 13.5v-8A1.5 1.5 0 0 1 3.5 3H6V2a2 2 0 0 1 2-1zm1 3V3a1 1 0 0 0-2 0v1h2z\"\/><\/svg>K\u00f8b her<\/span><p class=\"rapido\">Kundernes favorit<\/p><\/div><div class=\"lp-produit\"><div class=\"lp-thumbnail-wrapper\"><img loading=\"lazy\" decoding=\"async\" width=\"300\" height=\"300\" src=\"https:\/\/interflora.dk\/blog\/wp-content\/uploads\/2025\/09\/PREMIUM_ROED_LYSEROED_SMALL_7490_w-300x300.jpg\" class=\"attachment-medium size-medium wp-post-image\" alt=\"\" srcset=\"https:\/\/interflora.dk\/blog\/wp-content\/uploads\/2025\/09\/PREMIUM_ROED_LYSEROED_SMALL_7490_w-300x300.jpg 300w, https:\/\/interflora.dk\/blog\/wp-content\/uploads\/2025\/09\/PREMIUM_ROED_LYSEROED_SMALL_7490_w-1024x1024.jpg 1024w, https:\/\/interflora.dk\/blog\/wp-content\/uploads\/2025\/09\/PREMIUM_ROED_LYSEROED_SMALL_7490_w-150x150.jpg 150w, https:\/\/interflora.dk\/blog\/wp-content\/uploads\/2025\/09\/PREMIUM_ROED_LYSEROED_SMALL_7490_w-768x768.jpg 768w, https:\/\/interflora.dk\/blog\/wp-content\/uploads\/2025\/09\/PREMIUM_ROED_LYSEROED_SMALL_7490_w.jpg 1200w\" sizes=\"auto, (max-width: 300px) 100vw, 300px\" \/><img decoding=\"async\" class=\"lp-badge\" src=\"https:\/\/prodblog.interflora.dk\/blog\/wp-content\/uploads\/2025\/09\/220422_INTERFLORA_Main_Logo_rgb_Main_Color.avif\" alt=\"Send blomster med Interflora\"><\/div><span>Den bet\u00e6nksomme<\/span><p>Fra 349 kr.<\/p><span class=\"obf-link lp-cta\" role=\"link\" tabindex=\"0\" data-b64=\"aHR0cHM6Ly9pbnRlcmZsb3JhLmRrL3Byb2R1a3QvZGVuLWJldGFlbmtzb21tZT92PTk0MjEmIzAzODt2YXJpYXRpb249ZTNiOThjYjctMWQzMC00OTYxLWI5N2UtOGM5OGIwNmM2NDE1P3V0bV9tZWRpdW09b3JnYW5pYyZ1dG1fc291cmNlPWJsb2dfcHJvZHVjdHMmdXRtX2NhbXBhaWduPTU4MA==\" data-target=\"_blank\"><svg xmlns=\"http:\/\/www.w3.org\/2000\/svg\" width=\"16\" height=\"16\" fill=\"currentColor\" class=\"bi bi-bag\" viewBox=\"0 0 16 16\"><path d=\"M8 1a2 2 0 0 1 2 2v1h2.5A1.5 1.5 0 0 1 14 5.5v8A1.5 1.5 0 0 1 12.5 15h-9A1.5 1.5 0 0 1 2 13.5v-8A1.5 1.5 0 0 1 3.5 3H6V2a2 2 0 0 1 2-1zm1 3V3a1 1 0 0 0-2 0v1h2z\"\/><\/svg>K\u00f8b her<\/span><p class=\"rapido\">Levering i dag<\/p><\/div><\/div>\n\n\n\n<p><\/p>\n","protected":false},"excerpt":{"rendered":"<p>For\u00e5ret bringer en fortryllende forandring til skoven, n\u00e5r de vilde for\u00e5rsblomster begynder at springe ud og sprede deres farverige pragt. [&hellip;]<\/p>\n","protected":false},"author":1,"featured_media":48894,"comment_status":"closed","ping_status":"closed","sticky":false,"template":"","format":"standard","meta":{"_uag_custom_page_level_css":"","site-sidebar-layout":"default","site-content-layout":"","ast-site-content-layout":"default","site-content-style":"default","site-sidebar-style":"default","ast-global-header-display":"","ast-banner-title-visibility":"","ast-main-header-display":"","ast-hfb-above-header-display":"","ast-hfb-below-header-display":"","ast-hfb-mobile-header-display":"","site-post-title":"","ast-breadcrumbs-content":"","ast-featured-img":"","footer-sml-layout":"","ast-disable-related-posts":"","theme-transparent-header-meta":"","adv-header-id-meta":"","stick-header-meta":"","header-above-stick-meta":"","header-main-stick-meta":"","header-below-stick-meta":"","astra-migrate-meta-layouts":"set","ast-page-background-enabled":"default","ast-page-background-meta":{"desktop":{"background-color":"var(--ast-global-color-4)","background-image":"","background-repeat":"repeat","background-position":"center center","background-size":"auto","background-attachment":"scroll","background-type":"","background-media":"","overlay-type":"","overlay-color":"","overlay-opacity":"","overlay-gradient":""},"tablet":{"background-color":"","background-image":"","background-repeat":"repeat","background-position":"center center","background-size":"auto","background-attachment":"scroll","background-type":"","background-media":"","overlay-type":"","overlay-color":"","overlay-opacity":"","overlay-gradient":""},"mobile":{"background-color":"","background-image":"","background-repeat":"repeat","background-position":"center center","background-size":"auto","background-attachment":"scroll","background-type":"","background-media":"","overlay-type":"","overlay-color":"","overlay-opacity":"","overlay-gradient":""}},"ast-content-background-meta":{"desktop":{"background-color":"var(--ast-global-color-5)","background-image":"","background-repeat":"repeat","background-position":"center center","background-size":"auto","background-attachment":"scroll","background-type":"","background-media":"","overlay-type":"","overlay-color":"","overlay-opacity":"","overlay-gradient":""},"tablet":{"background-color":"var(--ast-global-color-5)","background-image":"","background-repeat":"repeat","background-position":"center center","background-size":"auto","background-attachment":"scroll","background-type":"","background-media":"","overlay-type":"","overlay-color":"","overlay-opacity":"","overlay-gradient":""},"mobile":{"background-color":"var(--ast-global-color-5)","background-image":"","background-repeat":"repeat","background-position":"center center","background-size":"auto","background-attachment":"scroll","background-type":"","background-media":"","overlay-type":"","overlay-color":"","overlay-opacity":"","overlay-gradient":""}},"footnotes":""},"categories":[240,201,193],"tags":[166,213],"class_list":["post-48875","post","type-post","status-publish","format-standard","has-post-thumbnail","hentry","category-foraar","category-inspiration","category-blomster","tag-blomster","tag-forar"],"yoast_head":"<!-- This site is optimized with the Yoast SEO plugin v27.4 - https:\/\/yoast.com\/product\/yoast-seo-wordpress\/ -->\n<title>For\u00e5rsblomster i skoven: En fejring af naturens sk\u00f8nhed | Interflora<\/title>\n<meta name=\"description\" content=\"For\u00e5ret byder p\u00e5 et v\u00e6ld af smukker blomster i skoven. Hvilke blomster er at finde og hvilke trives i denne \u00e5rstid? L\u00e6s om det her!\" \/>\n<meta name=\"robots\" content=\"index, follow, max-snippet:-1, max-image-preview:large, max-video-preview:-1\" \/>\n<link rel=\"canonical\" href=\"https:\/\/interflora.dk\/blog\/forarsblomster-i-skoven\/\" \/>\n<meta property=\"og:locale\" content=\"da_DK\" \/>\n<meta property=\"og:type\" content=\"article\" \/>\n<meta property=\"og:title\" content=\"For\u00e5rsblomster i skoven: En fejring af naturens sk\u00f8nhed | Interflora\" \/>\n<meta property=\"og:description\" content=\"For\u00e5ret byder p\u00e5 et v\u00e6ld af smukker blomster i skoven. Hvilke blomster er at finde og hvilke trives i denne \u00e5rstid? L\u00e6s om det her!\" \/>\n<meta property=\"og:url\" content=\"https:\/\/interflora.dk\/blog\/forarsblomster-i-skoven\/\" \/>\n<meta property=\"og:site_name\" content=\"Interflora\" \/>\n<meta property=\"article:publisher\" content=\"https:\/\/www.facebook.com\/InterfloraDanmark\" \/>\n<meta property=\"article:published_time\" content=\"2026-03-11T09:01:17+00:00\" \/>\n<meta property=\"article:modified_time\" content=\"2026-03-11T14:53:49+00:00\" \/>\n<meta property=\"og:image\" content=\"https:\/\/interflora.dk\/blog\/wp-content\/uploads\/2024\/10\/Perlehyacinter-i-skoven-1.jpeg\" \/>\n\t<meta property=\"og:image:width\" content=\"1400\" \/>\n\t<meta property=\"og:image:height\" content=\"931\" \/>\n\t<meta property=\"og:image:type\" content=\"image\/jpeg\" \/>\n<meta name=\"author\" content=\"admin\" \/>\n<meta name=\"twitter:card\" content=\"summary_large_image\" \/>\n<meta name=\"twitter:label1\" content=\"Skrevet af\" \/>\n\t<meta name=\"twitter:data1\" content=\"admin\" \/>\n\t<meta name=\"twitter:label2\" content=\"Estimeret l\u00e6setid\" \/>\n\t<meta name=\"twitter:data2\" content=\"5 minutter\" \/>\n<script type=\"application\/ld+json\" class=\"yoast-schema-graph\">{\"@context\":\"https:\\\/\\\/schema.org\",\"@graph\":[{\"@type\":\"Article\",\"@id\":\"https:\\\/\\\/interflora.dk\\\/blog\\\/forarsblomster-i-skoven\\\/#article\",\"isPartOf\":{\"@id\":\"https:\\\/\\\/interflora.dk\\\/blog\\\/forarsblomster-i-skoven\\\/\"},\"author\":{\"name\":\"admin\",\"@id\":\"https:\\\/\\\/interflora.dk\\\/blog\\\/#\\\/schema\\\/person\\\/dbbd1ad45e05409c356dc639597669f2\"},\"headline\":\"For\u00e5rsblomster i skoven: En fejring af naturens sk\u00f8nhed\",\"datePublished\":\"2026-03-11T09:01:17+00:00\",\"dateModified\":\"2026-03-11T14:53:49+00:00\",\"mainEntityOfPage\":{\"@id\":\"https:\\\/\\\/interflora.dk\\\/blog\\\/forarsblomster-i-skoven\\\/\"},\"wordCount\":746,\"publisher\":{\"@id\":\"https:\\\/\\\/interflora.dk\\\/blog\\\/#organization\"},\"image\":{\"@id\":\"https:\\\/\\\/interflora.dk\\\/blog\\\/forarsblomster-i-skoven\\\/#primaryimage\"},\"thumbnailUrl\":\"https:\\\/\\\/interflora.dk\\\/blog\\\/wp-content\\\/uploads\\\/2024\\\/10\\\/Perlehyacinter-i-skoven-1.jpeg\",\"keywords\":[\"Blomster\",\"For\u00e5r\"],\"articleSection\":[\"For\u00e5r: Tips og inspiration\",\"Inspiration\",\"Vores tips og inspiration til blomster\"],\"inLanguage\":\"da-DK\"},{\"@type\":\"WebPage\",\"@id\":\"https:\\\/\\\/interflora.dk\\\/blog\\\/forarsblomster-i-skoven\\\/\",\"url\":\"https:\\\/\\\/interflora.dk\\\/blog\\\/forarsblomster-i-skoven\\\/\",\"name\":\"For\u00e5rsblomster i skoven: En fejring af naturens sk\u00f8nhed | Interflora\",\"isPartOf\":{\"@id\":\"https:\\\/\\\/interflora.dk\\\/blog\\\/#website\"},\"primaryImageOfPage\":{\"@id\":\"https:\\\/\\\/interflora.dk\\\/blog\\\/forarsblomster-i-skoven\\\/#primaryimage\"},\"image\":{\"@id\":\"https:\\\/\\\/interflora.dk\\\/blog\\\/forarsblomster-i-skoven\\\/#primaryimage\"},\"thumbnailUrl\":\"https:\\\/\\\/interflora.dk\\\/blog\\\/wp-content\\\/uploads\\\/2024\\\/10\\\/Perlehyacinter-i-skoven-1.jpeg\",\"datePublished\":\"2026-03-11T09:01:17+00:00\",\"dateModified\":\"2026-03-11T14:53:49+00:00\",\"description\":\"For\u00e5ret byder p\u00e5 et v\u00e6ld af smukker blomster i skoven. Hvilke blomster er at finde og hvilke trives i denne \u00e5rstid? L\u00e6s om det her!\",\"breadcrumb\":{\"@id\":\"https:\\\/\\\/interflora.dk\\\/blog\\\/forarsblomster-i-skoven\\\/#breadcrumb\"},\"inLanguage\":\"da-DK\",\"potentialAction\":[{\"@type\":\"ReadAction\",\"target\":[\"https:\\\/\\\/interflora.dk\\\/blog\\\/forarsblomster-i-skoven\\\/\"]}]},{\"@type\":\"ImageObject\",\"inLanguage\":\"da-DK\",\"@id\":\"https:\\\/\\\/interflora.dk\\\/blog\\\/forarsblomster-i-skoven\\\/#primaryimage\",\"url\":\"https:\\\/\\\/interflora.dk\\\/blog\\\/wp-content\\\/uploads\\\/2024\\\/10\\\/Perlehyacinter-i-skoven-1.jpeg\",\"contentUrl\":\"https:\\\/\\\/interflora.dk\\\/blog\\\/wp-content\\\/uploads\\\/2024\\\/10\\\/Perlehyacinter-i-skoven-1.jpeg\",\"width\":1400,\"height\":931,\"caption\":\"Perlehyacinter i skoven\"},{\"@type\":\"BreadcrumbList\",\"@id\":\"https:\\\/\\\/interflora.dk\\\/blog\\\/forarsblomster-i-skoven\\\/#breadcrumb\",\"itemListElement\":[{\"@type\":\"ListItem\",\"position\":1,\"name\":\"Home\",\"item\":\"https:\\\/\\\/interflora.dk\\\/blog\\\/\"},{\"@type\":\"ListItem\",\"position\":2,\"name\":\"For\u00e5rsblomster i skoven: En fejring af naturens sk\u00f8nhed\"}]},{\"@type\":\"WebSite\",\"@id\":\"https:\\\/\\\/interflora.dk\\\/blog\\\/#website\",\"url\":\"https:\\\/\\\/interflora.dk\\\/blog\\\/\",\"name\":\"Interflora\",\"description\":\"\",\"publisher\":{\"@id\":\"https:\\\/\\\/interflora.dk\\\/blog\\\/#organization\"},\"potentialAction\":[{\"@type\":\"SearchAction\",\"target\":{\"@type\":\"EntryPoint\",\"urlTemplate\":\"https:\\\/\\\/interflora.dk\\\/blog\\\/?s={search_term_string}\"},\"query-input\":{\"@type\":\"PropertyValueSpecification\",\"valueRequired\":true,\"valueName\":\"search_term_string\"}}],\"inLanguage\":\"da-DK\"},{\"@type\":\"Organization\",\"@id\":\"https:\\\/\\\/interflora.dk\\\/blog\\\/#organization\",\"name\":\"Interflora\",\"url\":\"https:\\\/\\\/interflora.dk\\\/blog\\\/\",\"logo\":{\"@type\":\"ImageObject\",\"inLanguage\":\"da-DK\",\"@id\":\"https:\\\/\\\/interflora.dk\\\/blog\\\/#\\\/schema\\\/logo\\\/image\\\/\",\"url\":\"https:\\\/\\\/interflora.dk\\\/blog\\\/wp-content\\\/uploads\\\/2025\\\/09\\\/220422_INTERFLORA_Logo_rgb_Half_Top_Circle_Main_Color.png\",\"contentUrl\":\"https:\\\/\\\/interflora.dk\\\/blog\\\/wp-content\\\/uploads\\\/2025\\\/09\\\/220422_INTERFLORA_Logo_rgb_Half_Top_Circle_Main_Color.png\",\"width\":1418,\"height\":710,\"caption\":\"Interflora\"},\"image\":{\"@id\":\"https:\\\/\\\/interflora.dk\\\/blog\\\/#\\\/schema\\\/logo\\\/image\\\/\"},\"sameAs\":[\"https:\\\/\\\/www.facebook.com\\\/InterfloraDanmark\",\"https:\\\/\\\/www.instagram.com\\\/interfloradk\",\"https:\\\/\\\/www.linkedin.com\\\/company\\\/interfloradanmark\",\"https:\\\/\\\/www.youtube.com\\\/user\\\/InterfloraTV\"]},{\"@type\":\"Person\",\"@id\":\"https:\\\/\\\/interflora.dk\\\/blog\\\/#\\\/schema\\\/person\\\/dbbd1ad45e05409c356dc639597669f2\",\"name\":\"admin\",\"image\":{\"@type\":\"ImageObject\",\"inLanguage\":\"da-DK\",\"@id\":\"https:\\\/\\\/interflora.dk\\\/blog\\\/wp-content\\\/litespeed\\\/avatar\\\/1fe3cced9e67df62d0a6f995d75823a5.jpg?ver=1777539892\",\"url\":\"https:\\\/\\\/interflora.dk\\\/blog\\\/wp-content\\\/litespeed\\\/avatar\\\/1fe3cced9e67df62d0a6f995d75823a5.jpg?ver=1777539892\",\"contentUrl\":\"https:\\\/\\\/interflora.dk\\\/blog\\\/wp-content\\\/litespeed\\\/avatar\\\/1fe3cced9e67df62d0a6f995d75823a5.jpg?ver=1777539892\",\"caption\":\"admin\"}}]}<\/script>\n<!-- \/ Yoast SEO plugin. -->","yoast_head_json":{"title":"For\u00e5rsblomster i skoven: En fejring af naturens sk\u00f8nhed | Interflora","description":"For\u00e5ret byder p\u00e5 et v\u00e6ld af smukker blomster i skoven. Hvilke blomster er at finde og hvilke trives i denne \u00e5rstid? L\u00e6s om det her!","robots":{"index":"index","follow":"follow","max-snippet":"max-snippet:-1","max-image-preview":"max-image-preview:large","max-video-preview":"max-video-preview:-1"},"canonical":"https:\/\/interflora.dk\/blog\/forarsblomster-i-skoven\/","og_locale":"da_DK","og_type":"article","og_title":"For\u00e5rsblomster i skoven: En fejring af naturens sk\u00f8nhed | Interflora","og_description":"For\u00e5ret byder p\u00e5 et v\u00e6ld af smukker blomster i skoven. Hvilke blomster er at finde og hvilke trives i denne \u00e5rstid? L\u00e6s om det her!","og_url":"https:\/\/interflora.dk\/blog\/forarsblomster-i-skoven\/","og_site_name":"Interflora","article_publisher":"https:\/\/www.facebook.com\/InterfloraDanmark","article_published_time":"2026-03-11T09:01:17+00:00","article_modified_time":"2026-03-11T14:53:49+00:00","og_image":[{"width":1400,"height":931,"url":"https:\/\/interflora.dk\/blog\/wp-content\/uploads\/2024\/10\/Perlehyacinter-i-skoven-1.jpeg","type":"image\/jpeg"}],"author":"admin","twitter_card":"summary_large_image","twitter_misc":{"Skrevet af":"admin","Estimeret l\u00e6setid":"5 minutter"},"schema":{"@context":"https:\/\/schema.org","@graph":[{"@type":"Article","@id":"https:\/\/interflora.dk\/blog\/forarsblomster-i-skoven\/#article","isPartOf":{"@id":"https:\/\/interflora.dk\/blog\/forarsblomster-i-skoven\/"},"author":{"name":"admin","@id":"https:\/\/interflora.dk\/blog\/#\/schema\/person\/dbbd1ad45e05409c356dc639597669f2"},"headline":"For\u00e5rsblomster i skoven: En fejring af naturens sk\u00f8nhed","datePublished":"2026-03-11T09:01:17+00:00","dateModified":"2026-03-11T14:53:49+00:00","mainEntityOfPage":{"@id":"https:\/\/interflora.dk\/blog\/forarsblomster-i-skoven\/"},"wordCount":746,"publisher":{"@id":"https:\/\/interflora.dk\/blog\/#organization"},"image":{"@id":"https:\/\/interflora.dk\/blog\/forarsblomster-i-skoven\/#primaryimage"},"thumbnailUrl":"https:\/\/interflora.dk\/blog\/wp-content\/uploads\/2024\/10\/Perlehyacinter-i-skoven-1.jpeg","keywords":["Blomster","For\u00e5r"],"articleSection":["For\u00e5r: Tips og inspiration","Inspiration","Vores tips og inspiration til blomster"],"inLanguage":"da-DK"},{"@type":"WebPage","@id":"https:\/\/interflora.dk\/blog\/forarsblomster-i-skoven\/","url":"https:\/\/interflora.dk\/blog\/forarsblomster-i-skoven\/","name":"For\u00e5rsblomster i skoven: En fejring af naturens sk\u00f8nhed | Interflora","isPartOf":{"@id":"https:\/\/interflora.dk\/blog\/#website"},"primaryImageOfPage":{"@id":"https:\/\/interflora.dk\/blog\/forarsblomster-i-skoven\/#primaryimage"},"image":{"@id":"https:\/\/interflora.dk\/blog\/forarsblomster-i-skoven\/#primaryimage"},"thumbnailUrl":"https:\/\/interflora.dk\/blog\/wp-content\/uploads\/2024\/10\/Perlehyacinter-i-skoven-1.jpeg","datePublished":"2026-03-11T09:01:17+00:00","dateModified":"2026-03-11T14:53:49+00:00","description":"For\u00e5ret byder p\u00e5 et v\u00e6ld af smukker blomster i skoven. Hvilke blomster er at finde og hvilke trives i denne \u00e5rstid? L\u00e6s om det her!","breadcrumb":{"@id":"https:\/\/interflora.dk\/blog\/forarsblomster-i-skoven\/#breadcrumb"},"inLanguage":"da-DK","potentialAction":[{"@type":"ReadAction","target":["https:\/\/interflora.dk\/blog\/forarsblomster-i-skoven\/"]}]},{"@type":"ImageObject","inLanguage":"da-DK","@id":"https:\/\/interflora.dk\/blog\/forarsblomster-i-skoven\/#primaryimage","url":"https:\/\/interflora.dk\/blog\/wp-content\/uploads\/2024\/10\/Perlehyacinter-i-skoven-1.jpeg","contentUrl":"https:\/\/interflora.dk\/blog\/wp-content\/uploads\/2024\/10\/Perlehyacinter-i-skoven-1.jpeg","width":1400,"height":931,"caption":"Perlehyacinter i skoven"},{"@type":"BreadcrumbList","@id":"https:\/\/interflora.dk\/blog\/forarsblomster-i-skoven\/#breadcrumb","itemListElement":[{"@type":"ListItem","position":1,"name":"Home","item":"https:\/\/interflora.dk\/blog\/"},{"@type":"ListItem","position":2,"name":"For\u00e5rsblomster i skoven: En fejring af naturens sk\u00f8nhed"}]},{"@type":"WebSite","@id":"https:\/\/interflora.dk\/blog\/#website","url":"https:\/\/interflora.dk\/blog\/","name":"Interflora","description":"","publisher":{"@id":"https:\/\/interflora.dk\/blog\/#organization"},"potentialAction":[{"@type":"SearchAction","target":{"@type":"EntryPoint","urlTemplate":"https:\/\/interflora.dk\/blog\/?s={search_term_string}"},"query-input":{"@type":"PropertyValueSpecification","valueRequired":true,"valueName":"search_term_string"}}],"inLanguage":"da-DK"},{"@type":"Organization","@id":"https:\/\/interflora.dk\/blog\/#organization","name":"Interflora","url":"https:\/\/interflora.dk\/blog\/","logo":{"@type":"ImageObject","inLanguage":"da-DK","@id":"https:\/\/interflora.dk\/blog\/#\/schema\/logo\/image\/","url":"https:\/\/interflora.dk\/blog\/wp-content\/uploads\/2025\/09\/220422_INTERFLORA_Logo_rgb_Half_Top_Circle_Main_Color.png","contentUrl":"https:\/\/interflora.dk\/blog\/wp-content\/uploads\/2025\/09\/220422_INTERFLORA_Logo_rgb_Half_Top_Circle_Main_Color.png","width":1418,"height":710,"caption":"Interflora"},"image":{"@id":"https:\/\/interflora.dk\/blog\/#\/schema\/logo\/image\/"},"sameAs":["https:\/\/www.facebook.com\/InterfloraDanmark","https:\/\/www.instagram.com\/interfloradk","https:\/\/www.linkedin.com\/company\/interfloradanmark","https:\/\/www.youtube.com\/user\/InterfloraTV"]},{"@type":"Person","@id":"https:\/\/interflora.dk\/blog\/#\/schema\/person\/dbbd1ad45e05409c356dc639597669f2","name":"admin","image":{"@type":"ImageObject","inLanguage":"da-DK","@id":"https:\/\/interflora.dk\/blog\/wp-content\/litespeed\/avatar\/1fe3cced9e67df62d0a6f995d75823a5.jpg?ver=1777539892","url":"https:\/\/interflora.dk\/blog\/wp-content\/litespeed\/avatar\/1fe3cced9e67df62d0a6f995d75823a5.jpg?ver=1777539892","contentUrl":"https:\/\/interflora.dk\/blog\/wp-content\/litespeed\/avatar\/1fe3cced9e67df62d0a6f995d75823a5.jpg?ver=1777539892","caption":"admin"}}]}},"uagb_featured_image_src":{"full":["https:\/\/interflora.dk\/blog\/wp-content\/uploads\/2024\/10\/Perlehyacinter-i-skoven-1.jpeg",1400,931,false],"thumbnail":["https:\/\/interflora.dk\/blog\/wp-content\/uploads\/2024\/10\/Perlehyacinter-i-skoven-1-150x150.jpeg",150,150,true],"medium":["https:\/\/interflora.dk\/blog\/wp-content\/uploads\/2024\/10\/Perlehyacinter-i-skoven-1-300x200.jpeg",300,200,true],"medium_large":["https:\/\/interflora.dk\/blog\/wp-content\/uploads\/2024\/10\/Perlehyacinter-i-skoven-1-768x511.jpeg",768,511,true],"large":["https:\/\/interflora.dk\/blog\/wp-content\/uploads\/2024\/10\/Perlehyacinter-i-skoven-1-1024x681.jpeg",1024,681,true],"1536x1536":["https:\/\/interflora.dk\/blog\/wp-content\/uploads\/2024\/10\/Perlehyacinter-i-skoven-1.jpeg",1400,931,false],"2048x2048":["https:\/\/interflora.dk\/blog\/wp-content\/uploads\/2024\/10\/Perlehyacinter-i-skoven-1.jpeg",1400,931,false]},"uagb_author_info":{"display_name":"admin","author_link":"https:\/\/interflora.dk\/blog\/author\/admin\/"},"uagb_comment_info":0,"uagb_excerpt":"For\u00e5ret bringer en fortryllende forandring til skoven, n\u00e5r de vilde for\u00e5rsblomster begynder at springe ud og sprede deres farverige pragt. [&hellip;]","_links":{"self":[{"href":"https:\/\/interflora.dk\/blog\/wp-json\/wp\/v2\/posts\/48875","targetHints":{"allow":["GET"]}}],"collection":[{"href":"https:\/\/interflora.dk\/blog\/wp-json\/wp\/v2\/posts"}],"about":[{"href":"https:\/\/interflora.dk\/blog\/wp-json\/wp\/v2\/types\/post"}],"author":[{"embeddable":true,"href":"https:\/\/interflora.dk\/blog\/wp-json\/wp\/v2\/users\/1"}],"replies":[{"embeddable":true,"href":"https:\/\/interflora.dk\/blog\/wp-json\/wp\/v2\/comments?post=48875"}],"version-history":[{"count":15,"href":"https:\/\/interflora.dk\/blog\/wp-json\/wp\/v2\/posts\/48875\/revisions"}],"predecessor-version":[{"id":60468,"href":"https:\/\/interflora.dk\/blog\/wp-json\/wp\/v2\/posts\/48875\/revisions\/60468"}],"wp:featuredmedia":[{"embeddable":true,"href":"https:\/\/interflora.dk\/blog\/wp-json\/wp\/v2\/media\/48894"}],"wp:attachment":[{"href":"https:\/\/interflora.dk\/blog\/wp-json\/wp\/v2\/media?parent=48875"}],"wp:term":[{"taxonomy":"category","embeddable":true,"href":"https:\/\/interflora.dk\/blog\/wp-json\/wp\/v2\/categories?post=48875"},{"taxonomy":"post_tag","embeddable":true,"href":"https:\/\/interflora.dk\/blog\/wp-json\/wp\/v2\/tags?post=48875"}],"curies":[{"name":"wp","href":"https:\/\/api.w.org\/{rel}","templated":true}]}}