{"id":49178,"date":"2025-11-01T14:27:23","date_gmt":"2025-11-01T13:27:23","guid":{"rendered":"https:\/\/interflora.dk\/blog\/?p=49178"},"modified":"2025-11-28T14:27:31","modified_gmt":"2025-11-28T13:27:31","slug":"julemistelten","status":"publish","type":"post","link":"https:\/\/interflora.dk\/blog\/julemistelten\/","title":{"rendered":"Hvorfor kysser vi under misteltenen? Historien bag den magiske plante"},"content":{"rendered":"\n<p class=\"has-drop-cap\">Grantr\u00e6, julestjerne, kristtorn eller <a href=\"https:\/\/interflora.dk\/blog\/julekaktus\/\" target=\"_blank\" rel=\"noreferrer noopener\">helligdagskaktus<\/a> er nogle af de planter, vi bruger til at pynte hjemmet i juletiden. En af de mest v\u00e6rdsatte planter er mistelten, der siden tidernes morgen har v\u00e6ret anset som en hellig og magisk plante i mange europ\u00e6iske kulturer siden tidernes morgen. Hos Interflora vil vi fort\u00e6lle dig de myter, legender og traditioner, der omkranser en af juletidens mest s\u00e6rlige planter. Men f\u00f8rst skal vi l\u00e6re dens egenskaber og s\u00e6rtr\u00e6k at kende.<\/p>\n\n\n<div class=\"lp-produits-grid\"><div class=\"lp-produit\"><div class=\"lp-thumbnail-wrapper\"><img loading=\"lazy\" decoding=\"async\" width=\"300\" height=\"300\" src=\"https:\/\/interflora.dk\/blog\/wp-content\/uploads\/2025\/09\/DEN_TIL_FOEDSELSDAGEN_VINTER_SMALL_127_v-300x300.jpg\" class=\"attachment-medium size-medium wp-post-image\" alt=\"\" srcset=\"https:\/\/interflora.dk\/blog\/wp-content\/uploads\/2025\/09\/DEN_TIL_FOEDSELSDAGEN_VINTER_SMALL_127_v-300x300.jpg 300w, https:\/\/interflora.dk\/blog\/wp-content\/uploads\/2025\/09\/DEN_TIL_FOEDSELSDAGEN_VINTER_SMALL_127_v-1024x1024.jpg 1024w, https:\/\/interflora.dk\/blog\/wp-content\/uploads\/2025\/09\/DEN_TIL_FOEDSELSDAGEN_VINTER_SMALL_127_v-150x150.jpg 150w, https:\/\/interflora.dk\/blog\/wp-content\/uploads\/2025\/09\/DEN_TIL_FOEDSELSDAGEN_VINTER_SMALL_127_v-768x768.jpg 768w, https:\/\/interflora.dk\/blog\/wp-content\/uploads\/2025\/09\/DEN_TIL_FOEDSELSDAGEN_VINTER_SMALL_127_v.jpg 1200w\" sizes=\"auto, (max-width: 300px) 100vw, 300px\" \/><img decoding=\"async\" class=\"lp-badge\" src=\"https:\/\/prodblog.interflora.dk\/blog\/wp-content\/uploads\/2025\/09\/220422_INTERFLORA_Main_Logo_rgb_Main_Color.avif\" alt=\"Send blomster med Interflora\"><\/div><span>Den til f\u00f8dselsdagen<\/span><p>Fra 299 kr.<\/p><span class=\"obf-link lp-cta\" role=\"link\" tabindex=\"0\" data-b64=\"aHR0cHM6Ly9pbnRlcmZsb3JhLmRrL3Byb2R1a3QvZGVuLXRpbC1mb2Vkc2Vsc2RhZ2VuP3Y9MTU1MSYjMDM4O3ZhcmlhdGlvbj05M2NjOTRlNi0zZmJlLTQ1OTgtYjAwNS03YTk5NTNiNGZlNGI\/dXRtX21lZGl1bT1vcmdhbmljJnV0bV9zb3VyY2U9YmxvZ19wcm9kdWN0cyZ1dG1fY2FtcGFpZ249MTI3\" data-target=\"_blank\"><svg xmlns=\"http:\/\/www.w3.org\/2000\/svg\" width=\"16\" height=\"16\" fill=\"currentColor\" class=\"bi bi-bag\" viewBox=\"0 0 16 16\"><path d=\"M8 1a2 2 0 0 1 2 2v1h2.5A1.5 1.5 0 0 1 14 5.5v8A1.5 1.5 0 0 1 12.5 15h-9A1.5 1.5 0 0 1 2 13.5v-8A1.5 1.5 0 0 1 3.5 3H6V2a2 2 0 0 1 2-1zm1 3V3a1 1 0 0 0-2 0v1h2z\"\/><\/svg>K\u00f8b her<\/span><p class=\"rapido\">Levering i dag<\/p><\/div><div class=\"lp-produit\"><div class=\"lp-thumbnail-wrapper\"><img loading=\"lazy\" decoding=\"async\" width=\"300\" height=\"300\" src=\"https:\/\/interflora.dk\/blog\/wp-content\/uploads\/2025\/09\/FINE_LILJEHILSEN_VERSION_01_MEDIUM_w2028229-300x300.jpg\" class=\"attachment-medium size-medium wp-post-image\" alt=\"\" srcset=\"https:\/\/interflora.dk\/blog\/wp-content\/uploads\/2025\/09\/FINE_LILJEHILSEN_VERSION_01_MEDIUM_w2028229-300x300.jpg 300w, https:\/\/interflora.dk\/blog\/wp-content\/uploads\/2025\/09\/FINE_LILJEHILSEN_VERSION_01_MEDIUM_w2028229-1024x1024.jpg 1024w, https:\/\/interflora.dk\/blog\/wp-content\/uploads\/2025\/09\/FINE_LILJEHILSEN_VERSION_01_MEDIUM_w2028229-150x150.jpg 150w, https:\/\/interflora.dk\/blog\/wp-content\/uploads\/2025\/09\/FINE_LILJEHILSEN_VERSION_01_MEDIUM_w2028229-768x768.jpg 768w, https:\/\/interflora.dk\/blog\/wp-content\/uploads\/2025\/09\/FINE_LILJEHILSEN_VERSION_01_MEDIUM_w2028229.jpg 1200w\" sizes=\"auto, (max-width: 300px) 100vw, 300px\" \/><img decoding=\"async\" class=\"lp-badge\" src=\"https:\/\/prodblog.interflora.dk\/blog\/wp-content\/uploads\/2025\/09\/220422_INTERFLORA_Main_Logo_rgb_Main_Color.avif\" alt=\"Send blomster med Interflora\"><\/div><span>Den fine liljehilsen<\/span><p>Fra 219 kr.<\/p><span class=\"obf-link lp-cta\" role=\"link\" tabindex=\"0\" data-b64=\"aHR0cHM6Ly9pbnRlcmZsb3JhLmRrL3Byb2R1a3QvZGVuLWZpbmUtbGlsamVoaWxzZW4\/dj0xNzU5NSYjMDM4O3ZhcmlhdGlvbj03YTZiNzY5Mi05NThjLTQ5MjYtYWIyNy0yZjRjYWEwMWJkZGI\/dXRtX21lZGl1bT1vcmdhbmljJnV0bV9zb3VyY2U9YmxvZ19wcm9kdWN0cyZ1dG1fY2FtcGFpZ249NzQ4MA==\" data-target=\"_blank\"><svg xmlns=\"http:\/\/www.w3.org\/2000\/svg\" width=\"16\" height=\"16\" fill=\"currentColor\" class=\"bi bi-bag\" viewBox=\"0 0 16 16\"><path d=\"M8 1a2 2 0 0 1 2 2v1h2.5A1.5 1.5 0 0 1 14 5.5v8A1.5 1.5 0 0 1 12.5 15h-9A1.5 1.5 0 0 1 2 13.5v-8A1.5 1.5 0 0 1 3.5 3H6V2a2 2 0 0 1 2-1zm1 3V3a1 1 0 0 0-2 0v1h2z\"\/><\/svg>K\u00f8b her<\/span><p class=\"rapido\">Din personlige hilsen<\/p><\/div><div class=\"lp-produit\"><div class=\"lp-thumbnail-wrapper\"><img loading=\"lazy\" decoding=\"async\" width=\"300\" height=\"300\" src=\"https:\/\/interflora.dk\/blog\/wp-content\/uploads\/2025\/09\/DEN_FARVERRIGE_HILSEN_6370_MEDIUM_v-300x300.jpg\" class=\"attachment-medium size-medium wp-post-image\" alt=\"\" srcset=\"https:\/\/interflora.dk\/blog\/wp-content\/uploads\/2025\/09\/DEN_FARVERRIGE_HILSEN_6370_MEDIUM_v-300x300.jpg 300w, https:\/\/interflora.dk\/blog\/wp-content\/uploads\/2025\/09\/DEN_FARVERRIGE_HILSEN_6370_MEDIUM_v-1024x1024.jpg 1024w, https:\/\/interflora.dk\/blog\/wp-content\/uploads\/2025\/09\/DEN_FARVERRIGE_HILSEN_6370_MEDIUM_v-150x150.jpg 150w, https:\/\/interflora.dk\/blog\/wp-content\/uploads\/2025\/09\/DEN_FARVERRIGE_HILSEN_6370_MEDIUM_v-768x768.jpg 768w, https:\/\/interflora.dk\/blog\/wp-content\/uploads\/2025\/09\/DEN_FARVERRIGE_HILSEN_6370_MEDIUM_v.jpg 1200w\" sizes=\"auto, (max-width: 300px) 100vw, 300px\" \/><img decoding=\"async\" class=\"lp-badge\" src=\"https:\/\/prodblog.interflora.dk\/blog\/wp-content\/uploads\/2025\/09\/220422_INTERFLORA_Main_Logo_rgb_Main_Color.avif\" alt=\"Send blomster med Interflora\"><\/div><span>Den farverige hilsen<\/span><p>Fra 219 kr.<\/p><span class=\"obf-link lp-cta\" role=\"link\" tabindex=\"0\" data-b64=\"aHR0cHM6Ly9pbnRlcmZsb3JhLmRrL3Byb2R1a3QvZGVuLWZhcnZlcmlnZS1oaWxzZW4\/dj0xNzQ3NiYjMDM4O3ZhcmlhdGlvbj04OTY2NWI0OC04MDQ5LTQ5ZjYtODczMS01MWY3MWQ1ZjRiOTQ\/dXRtX21lZGl1bT1vcmdhbmljJnV0bV9zb3VyY2U9YmxvZ19wcm9kdWN0cyZ1dG1fY2FtcGFpZ249ODM3MA==\" data-target=\"_blank\"><svg xmlns=\"http:\/\/www.w3.org\/2000\/svg\" width=\"16\" height=\"16\" fill=\"currentColor\" class=\"bi bi-bag\" viewBox=\"0 0 16 16\"><path d=\"M8 1a2 2 0 0 1 2 2v1h2.5A1.5 1.5 0 0 1 14 5.5v8A1.5 1.5 0 0 1 12.5 15h-9A1.5 1.5 0 0 1 2 13.5v-8A1.5 1.5 0 0 1 3.5 3H6V2a2 2 0 0 1 2-1zm1 3V3a1 1 0 0 0-2 0v1h2z\"\/><\/svg>K\u00f8b her<\/span><p class=\"rapido\">Levering i hele Danmark<\/p><\/div><div class=\"lp-produit\"><div class=\"lp-thumbnail-wrapper\"><img loading=\"lazy\" decoding=\"async\" width=\"300\" height=\"300\" src=\"https:\/\/interflora.dk\/blog\/wp-content\/uploads\/2025\/09\/DEN_FORTRYLLENDE_SMALL-300x300.jpg\" class=\"attachment-medium size-medium wp-post-image\" alt=\"\" srcset=\"https:\/\/interflora.dk\/blog\/wp-content\/uploads\/2025\/09\/DEN_FORTRYLLENDE_SMALL-300x300.jpg 300w, https:\/\/interflora.dk\/blog\/wp-content\/uploads\/2025\/09\/DEN_FORTRYLLENDE_SMALL-1024x1024.jpg 1024w, https:\/\/interflora.dk\/blog\/wp-content\/uploads\/2025\/09\/DEN_FORTRYLLENDE_SMALL-150x150.jpg 150w, https:\/\/interflora.dk\/blog\/wp-content\/uploads\/2025\/09\/DEN_FORTRYLLENDE_SMALL-768x768.jpg 768w, https:\/\/interflora.dk\/blog\/wp-content\/uploads\/2025\/09\/DEN_FORTRYLLENDE_SMALL.jpg 1200w\" sizes=\"auto, (max-width: 300px) 100vw, 300px\" \/><img decoding=\"async\" class=\"lp-badge\" src=\"https:\/\/prodblog.interflora.dk\/blog\/wp-content\/uploads\/2025\/09\/220422_INTERFLORA_Main_Logo_rgb_Main_Color.avif\" alt=\"Send blomster med Interflora\"><\/div><span>Den fortryllende<\/span><p>Fra 259 kr.<\/p><span class=\"obf-link lp-cta\" role=\"link\" tabindex=\"0\" data-b64=\"aHR0cHM6Ly9pbnRlcmZsb3JhLmRrL3Byb2R1a3QvZGVuLWZvcnRyeWxsZW5kZT92PTkzMDYmIzAzODt2YXJpYXRpb249ZGNiMjRlM2QtMzBlZC00OTAxLWI0YWUtYTYxOTlkMzE2MWU2P3V0bV9tZWRpdW09b3JnYW5pYyZ1dG1fc291cmNlPWJsb2dfcHJvZHVjdHMmdXRtX2NhbXBhaWduPTU1MQ==\" data-target=\"_blank\"><svg xmlns=\"http:\/\/www.w3.org\/2000\/svg\" width=\"16\" height=\"16\" fill=\"currentColor\" class=\"bi bi-bag\" viewBox=\"0 0 16 16\"><path d=\"M8 1a2 2 0 0 1 2 2v1h2.5A1.5 1.5 0 0 1 14 5.5v8A1.5 1.5 0 0 1 12.5 15h-9A1.5 1.5 0 0 1 2 13.5v-8A1.5 1.5 0 0 1 3.5 3H6V2a2 2 0 0 1 2-1zm1 3V3a1 1 0 0 0-2 0v1h2z\"\/><\/svg>K\u00f8b her<\/span><p class=\"rapido\">Kundernes favorit<\/p><\/div><\/div>\n\n\n\n<div style=\"height:10px\" aria-hidden=\"true\" class=\"wp-block-spacer\"><\/div>\n\n\n\n<h2 class=\"wp-block-heading\">Hvad er mistelten?<\/h2>\n\n\n\n<p>Den har oprindelse i tempererede omr\u00e5der eller tropiske zoner i Amerika, Europa og det sydlige og vestlige Asien, og der findes mere end et tusind misteltensorter i verden. Det specielle ved det er, at det er en halvsnylter: Den gror alts\u00e5 p\u00e5 tr\u00e6stammer og grene s\u00e5som \u00e6bletr\u00e6er og egetr\u00e6er ved, at dens r\u00f8dder tr\u00e6nger ind i dem for at udvinde n\u00e6ringsstoffer, og den kan desuden selv udf\u00f8re fotosyntese. R\u00f8dderne r\u00f8rer aldrig jorden, og det er grunden til, at den anses som en <a href=\"https:\/\/interflora.dk\/blog\/juleplanter\/\" target=\"_blank\" rel=\"noreferrer noopener\"><strong>juleplante<\/strong><\/a> med magiske kr\u00e6fter, der kan helbrede sygdomme og tiltr\u00e6kke held og lykke. Den europ\u00e6iske art, Viscum album, er en gr\u00f8n busk med gr\u00f8nne blomster og hvide b\u00e6r, der er blevet brugt i mange \u00e5rhundrede til fremstilling af naturlige mediciner.<\/p>\n\n\n\n<figure class=\"wp-block-image aligncenter size-large is-resized\"><img loading=\"lazy\" decoding=\"async\" width=\"1024\" height=\"512\" src=\"https:\/\/interflora.dk\/blog\/wp-content\/uploads\/shutterstock_1969124998-1-1024x512.jpg\" alt=\"\" class=\"wp-image-49267\" style=\"width:900px\"\/><\/figure>\n\n\n\n<div style=\"height:15px\" aria-hidden=\"true\" class=\"wp-block-spacer\"><\/div>\n\n\n\n<div class=\"wp-block-buttons is-content-justification-center is-layout-flex wp-container-core-buttons-is-layout-a89b3969 wp-block-buttons-is-layout-flex\">\n<div class=\"wp-block-button\"><a class=\"wp-block-button__link has-background has-medium-font-size has-custom-font-size wp-element-button\" href=\"https:\/\/interflora.dk\/produkter\/anledninger\/jul?utm_source=blog&amp;utm_medium=organic&amp;utm_campaign=post-cta\" style=\"background-color:#b80832\" target=\"_blank\" rel=\"noreferrer noopener\">Juledekorationer der skaber hygge<\/a><\/div>\n<\/div>\n\n\n\n<h2 class=\"wp-block-heading\">Kysset under misteltenen<\/h2>\n\n\n\n<p>Vi kender alle denne tradition og har set det i romantiske julefilm, men traditionen har oprindelse i den gr\u00e6ske og romerske kultur. Det siges, at gr\u00e6kerne var de f\u00f8rste til at bruge mistelten til bryllupper, da den var et frugtbarhedssymbol takket v\u00e6re dens evne til at formere sig og vokse p\u00e5 grene af andre tr\u00e6er. Romerne fejrede saturnaliefesten, en festival til \u00e6re for Saturn, guden for s\u00e5ning og h\u00f8st, som de gav offergaver med denne plante, der var i stand til at overleve under vanskelige forhold. Ligeledes var mistelten knyttet til k\u00e6rlighed og fred: Den blev h\u00e6ngt op i d\u00f8rene i husene for at beskytte mod det onde, og den blev brugt ved forsoning i parforhold, hvor \u00e6gtef\u00e6llerne kyssede under et par grene fra denne plante.<\/p>\n\n\n\n<figure class=\"wp-block-image aligncenter size-large is-resized\"><img loading=\"lazy\" decoding=\"async\" width=\"1024\" height=\"512\" src=\"https:\/\/interflora.dk\/blog\/wp-content\/uploads\/AdobeStock_534978281-1024x512.jpeg\" alt=\"\" class=\"wp-image-49195\" style=\"width:900px\"\/><\/figure>\n\n\n\n<div style=\"height:10px\" aria-hidden=\"true\" class=\"wp-block-spacer\"><\/div>\n\n\n\n<p>Den moderne tradition, som vi kender den i dag, begyndte at udforme sig i <strong>det victorianske England<\/strong>, hvor skikken fik en <strong>romantisk mysticisme<\/strong>, der n\u00e6sten blev til overtro: Hvis en kvinde, der stod under en misteltenbuket, n\u00e6gtede sig at give et kys, modtog vedkommende intet \u00e6gteskabstilbud indtil n\u00e6ste \u00e5r. Heldigvis er dette aspekt forsvundet i dag.<\/p>\n\n\n\n<h2 class=\"wp-block-heading\">Mistelten i den nordiske mytologi<\/h2>\n\n\n\n<p>En anden legende, der er v\u00e6rd at fort\u00e6lle, stammer fra guderne i den nordiske mytologi: Balder, Odins s\u00f8n, kunne ikke lade v\u00e6re med at have dr\u00f8mmesyner om sin egen d\u00f8d. Frigg, gudinden for \u00e6gteskab, f\u00f8dsel og helbredelse, var bekymret for sin s\u00f8ns liv og bad alle v\u00e6snerne, der groede p\u00e5 jorden, om at sv\u00e6rge, at de ville beskytte ham mod alt. P\u00e5 denne m\u00e5de blev Balder uovervindelig. Hans jaloux bror, Loke, blev klar over, at misteltenen ikke n\u00e5ede at afl\u00e6gge sin ed, da den ikke gror p\u00e5 jorden. Dette fik ham til at lave en pil med planten for at sl\u00e5 Balder ihjel. Nogle versioner fort\u00e6ller, at Frigg gr\u00e6d tr\u00f8stesl\u00f8st efter sin s\u00f8ns d\u00f8d, og at hendes t\u00e5rer forvandlede sig til misteltenens hvide b\u00e6r. Da de andre guder s\u00e5 hende lide, genoplevede de Balder, og p\u00e5 denne m\u00e5de blev planten erkl\u00e6ret symbol p\u00e5 k\u00e6rlighed og venskab.<\/p>\n\n\n<div class=\"lp-produits-grid\"><div class=\"lp-produit\"><div class=\"lp-thumbnail-wrapper\"><img loading=\"lazy\" decoding=\"async\" width=\"300\" height=\"300\" src=\"https:\/\/interflora.dk\/blog\/wp-content\/uploads\/2025\/09\/DEN_FARVERRIGE_HILSEN_6370_MEDIUM_v-300x300.jpg\" class=\"attachment-medium size-medium wp-post-image\" alt=\"\" srcset=\"https:\/\/interflora.dk\/blog\/wp-content\/uploads\/2025\/09\/DEN_FARVERRIGE_HILSEN_6370_MEDIUM_v-300x300.jpg 300w, https:\/\/interflora.dk\/blog\/wp-content\/uploads\/2025\/09\/DEN_FARVERRIGE_HILSEN_6370_MEDIUM_v-1024x1024.jpg 1024w, https:\/\/interflora.dk\/blog\/wp-content\/uploads\/2025\/09\/DEN_FARVERRIGE_HILSEN_6370_MEDIUM_v-150x150.jpg 150w, https:\/\/interflora.dk\/blog\/wp-content\/uploads\/2025\/09\/DEN_FARVERRIGE_HILSEN_6370_MEDIUM_v-768x768.jpg 768w, https:\/\/interflora.dk\/blog\/wp-content\/uploads\/2025\/09\/DEN_FARVERRIGE_HILSEN_6370_MEDIUM_v.jpg 1200w\" sizes=\"auto, (max-width: 300px) 100vw, 300px\" \/><img decoding=\"async\" class=\"lp-badge\" src=\"https:\/\/prodblog.interflora.dk\/blog\/wp-content\/uploads\/2025\/09\/220422_INTERFLORA_Main_Logo_rgb_Main_Color.avif\" alt=\"Send blomster med Interflora\"><\/div><span>Den farverige hilsen<\/span><p>Fra 219 kr.<\/p><span class=\"obf-link lp-cta\" role=\"link\" tabindex=\"0\" data-b64=\"aHR0cHM6Ly9pbnRlcmZsb3JhLmRrL3Byb2R1a3QvZGVuLWZhcnZlcmlnZS1oaWxzZW4\/dj0xNzQ3NiYjMDM4O3ZhcmlhdGlvbj04OTY2NWI0OC04MDQ5LTQ5ZjYtODczMS01MWY3MWQ1ZjRiOTQ\/dXRtX21lZGl1bT1vcmdhbmljJnV0bV9zb3VyY2U9YmxvZ19wcm9kdWN0cyZ1dG1fY2FtcGFpZ249ODM3MA==\" data-target=\"_blank\"><svg xmlns=\"http:\/\/www.w3.org\/2000\/svg\" width=\"16\" height=\"16\" fill=\"currentColor\" class=\"bi bi-bag\" viewBox=\"0 0 16 16\"><path d=\"M8 1a2 2 0 0 1 2 2v1h2.5A1.5 1.5 0 0 1 14 5.5v8A1.5 1.5 0 0 1 12.5 15h-9A1.5 1.5 0 0 1 2 13.5v-8A1.5 1.5 0 0 1 3.5 3H6V2a2 2 0 0 1 2-1zm1 3V3a1 1 0 0 0-2 0v1h2z\"\/><\/svg>K\u00f8b her<\/span><p class=\"rapido\">Kundernes favorit<\/p><\/div><div class=\"lp-produit\"><div class=\"lp-thumbnail-wrapper\"><img loading=\"lazy\" decoding=\"async\" width=\"300\" height=\"300\" src=\"https:\/\/interflora.dk\/blog\/wp-content\/uploads\/2025\/09\/DEN_TIL_FOEDSELSDAGEN_VINTER_SMALL_127_v-300x300.jpg\" class=\"attachment-medium size-medium wp-post-image\" alt=\"\" srcset=\"https:\/\/interflora.dk\/blog\/wp-content\/uploads\/2025\/09\/DEN_TIL_FOEDSELSDAGEN_VINTER_SMALL_127_v-300x300.jpg 300w, https:\/\/interflora.dk\/blog\/wp-content\/uploads\/2025\/09\/DEN_TIL_FOEDSELSDAGEN_VINTER_SMALL_127_v-1024x1024.jpg 1024w, https:\/\/interflora.dk\/blog\/wp-content\/uploads\/2025\/09\/DEN_TIL_FOEDSELSDAGEN_VINTER_SMALL_127_v-150x150.jpg 150w, https:\/\/interflora.dk\/blog\/wp-content\/uploads\/2025\/09\/DEN_TIL_FOEDSELSDAGEN_VINTER_SMALL_127_v-768x768.jpg 768w, https:\/\/interflora.dk\/blog\/wp-content\/uploads\/2025\/09\/DEN_TIL_FOEDSELSDAGEN_VINTER_SMALL_127_v.jpg 1200w\" sizes=\"auto, (max-width: 300px) 100vw, 300px\" \/><img decoding=\"async\" class=\"lp-badge\" src=\"https:\/\/prodblog.interflora.dk\/blog\/wp-content\/uploads\/2025\/09\/220422_INTERFLORA_Main_Logo_rgb_Main_Color.avif\" alt=\"Send blomster med Interflora\"><\/div><span>Den til f\u00f8dselsdagen<\/span><p>Fra 299 kr.<\/p><span class=\"obf-link lp-cta\" role=\"link\" tabindex=\"0\" data-b64=\"aHR0cHM6Ly9pbnRlcmZsb3JhLmRrL3Byb2R1a3QvZGVuLXRpbC1mb2Vkc2Vsc2RhZ2VuP3Y9MTU1MSYjMDM4O3ZhcmlhdGlvbj05M2NjOTRlNi0zZmJlLTQ1OTgtYjAwNS03YTk5NTNiNGZlNGI\/dXRtX21lZGl1bT1vcmdhbmljJnV0bV9zb3VyY2U9YmxvZ19wcm9kdWN0cyZ1dG1fY2FtcGFpZ249MTI3\" data-target=\"_blank\"><svg xmlns=\"http:\/\/www.w3.org\/2000\/svg\" width=\"16\" height=\"16\" fill=\"currentColor\" class=\"bi bi-bag\" viewBox=\"0 0 16 16\"><path d=\"M8 1a2 2 0 0 1 2 2v1h2.5A1.5 1.5 0 0 1 14 5.5v8A1.5 1.5 0 0 1 12.5 15h-9A1.5 1.5 0 0 1 2 13.5v-8A1.5 1.5 0 0 1 3.5 3H6V2a2 2 0 0 1 2-1zm1 3V3a1 1 0 0 0-2 0v1h2z\"\/><\/svg>K\u00f8b her<\/span><p class=\"rapido\">Din personlige hilsen<\/p><\/div><div class=\"lp-produit\"><div class=\"lp-thumbnail-wrapper\"><img loading=\"lazy\" decoding=\"async\" width=\"300\" height=\"300\" src=\"https:\/\/interflora.dk\/blog\/wp-content\/uploads\/2025\/09\/DEN_VENLIGE_VINTERVERSION_HAND_v_0-300x300.jpg\" class=\"attachment-medium size-medium wp-post-image\" alt=\"\" srcset=\"https:\/\/interflora.dk\/blog\/wp-content\/uploads\/2025\/09\/DEN_VENLIGE_VINTERVERSION_HAND_v_0-300x300.jpg 300w, https:\/\/interflora.dk\/blog\/wp-content\/uploads\/2025\/09\/DEN_VENLIGE_VINTERVERSION_HAND_v_0-1024x1024.jpg 1024w, https:\/\/interflora.dk\/blog\/wp-content\/uploads\/2025\/09\/DEN_VENLIGE_VINTERVERSION_HAND_v_0-150x150.jpg 150w, https:\/\/interflora.dk\/blog\/wp-content\/uploads\/2025\/09\/DEN_VENLIGE_VINTERVERSION_HAND_v_0-768x768.jpg 768w, https:\/\/interflora.dk\/blog\/wp-content\/uploads\/2025\/09\/DEN_VENLIGE_VINTERVERSION_HAND_v_0.jpg 1200w\" sizes=\"auto, (max-width: 300px) 100vw, 300px\" \/><img decoding=\"async\" class=\"lp-badge\" src=\"https:\/\/prodblog.interflora.dk\/blog\/wp-content\/uploads\/2025\/09\/220422_INTERFLORA_Main_Logo_rgb_Main_Color.avif\" alt=\"Send blomster med Interflora\"><\/div><span>Den venlige<\/span><p>Fra 229 kr.<\/p><span class=\"obf-link lp-cta\" role=\"link\" tabindex=\"0\" data-b64=\"aHR0cHM6Ly9pbnRlcmZsb3JhLmRrL3Byb2R1a3QvZGVuLXZlbmxpZ2U\/dj0xNTgwMiYjMDM4O3ZhcmlhdGlvbj1jMDRiZDM3OC1kZGYyLTRjMmItYmM5My1hYWM2ZWJlZWUwNDI\/dXRtX21lZGl1bT1vcmdhbmljJnV0bV9zb3VyY2U9YmxvZ19wcm9kdWN0cyZ1dG1fY2FtcGFpZ249NTc0Ng==\" data-target=\"_blank\"><svg xmlns=\"http:\/\/www.w3.org\/2000\/svg\" width=\"16\" height=\"16\" fill=\"currentColor\" class=\"bi bi-bag\" viewBox=\"0 0 16 16\"><path d=\"M8 1a2 2 0 0 1 2 2v1h2.5A1.5 1.5 0 0 1 14 5.5v8A1.5 1.5 0 0 1 12.5 15h-9A1.5 1.5 0 0 1 2 13.5v-8A1.5 1.5 0 0 1 3.5 3H6V2a2 2 0 0 1 2-1zm1 3V3a1 1 0 0 0-2 0v1h2z\"\/><\/svg>K\u00f8b her<\/span><p class=\"rapido\">Levering i dag<\/p><\/div><div class=\"lp-produit\"><div class=\"lp-thumbnail-wrapper\"><img loading=\"lazy\" decoding=\"async\" width=\"300\" height=\"300\" src=\"https:\/\/interflora.dk\/blog\/wp-content\/uploads\/2025\/09\/FINE_LILJEHILSEN_VERSION_01_MEDIUM_w2028229-300x300.jpg\" class=\"attachment-medium size-medium wp-post-image\" alt=\"\" srcset=\"https:\/\/interflora.dk\/blog\/wp-content\/uploads\/2025\/09\/FINE_LILJEHILSEN_VERSION_01_MEDIUM_w2028229-300x300.jpg 300w, https:\/\/interflora.dk\/blog\/wp-content\/uploads\/2025\/09\/FINE_LILJEHILSEN_VERSION_01_MEDIUM_w2028229-1024x1024.jpg 1024w, https:\/\/interflora.dk\/blog\/wp-content\/uploads\/2025\/09\/FINE_LILJEHILSEN_VERSION_01_MEDIUM_w2028229-150x150.jpg 150w, https:\/\/interflora.dk\/blog\/wp-content\/uploads\/2025\/09\/FINE_LILJEHILSEN_VERSION_01_MEDIUM_w2028229-768x768.jpg 768w, https:\/\/interflora.dk\/blog\/wp-content\/uploads\/2025\/09\/FINE_LILJEHILSEN_VERSION_01_MEDIUM_w2028229.jpg 1200w\" sizes=\"auto, (max-width: 300px) 100vw, 300px\" \/><img decoding=\"async\" class=\"lp-badge\" src=\"https:\/\/prodblog.interflora.dk\/blog\/wp-content\/uploads\/2025\/09\/220422_INTERFLORA_Main_Logo_rgb_Main_Color.avif\" alt=\"Send blomster med Interflora\"><\/div><span>Den fine liljehilsen<\/span><p>Fra 219 kr.<\/p><span class=\"obf-link lp-cta\" role=\"link\" tabindex=\"0\" data-b64=\"aHR0cHM6Ly9pbnRlcmZsb3JhLmRrL3Byb2R1a3QvZGVuLWZpbmUtbGlsamVoaWxzZW4\/dj0xNzU5NSYjMDM4O3ZhcmlhdGlvbj03YTZiNzY5Mi05NThjLTQ5MjYtYWIyNy0yZjRjYWEwMWJkZGI\/dXRtX21lZGl1bT1vcmdhbmljJnV0bV9zb3VyY2U9YmxvZ19wcm9kdWN0cyZ1dG1fY2FtcGFpZ249NzQ4MA==\" data-target=\"_blank\"><svg xmlns=\"http:\/\/www.w3.org\/2000\/svg\" width=\"16\" height=\"16\" fill=\"currentColor\" class=\"bi bi-bag\" viewBox=\"0 0 16 16\"><path d=\"M8 1a2 2 0 0 1 2 2v1h2.5A1.5 1.5 0 0 1 14 5.5v8A1.5 1.5 0 0 1 12.5 15h-9A1.5 1.5 0 0 1 2 13.5v-8A1.5 1.5 0 0 1 3.5 3H6V2a2 2 0 0 1 2-1zm1 3V3a1 1 0 0 0-2 0v1h2z\"\/><\/svg>K\u00f8b her<\/span><p class=\"rapido\">H\u00e5ndbundet af florister<\/p><\/div><div class=\"lp-produit\"><div class=\"lp-thumbnail-wrapper\"><img loading=\"lazy\" decoding=\"async\" width=\"300\" height=\"300\" src=\"https:\/\/interflora.dk\/blog\/wp-content\/uploads\/2025\/09\/FLORISTENS_KREATIVE_BUKET_I_LYSEROEDE_NUANCER_MEDIUM_6311-300x300.jpg\" class=\"attachment-medium size-medium wp-post-image\" alt=\"\" srcset=\"https:\/\/interflora.dk\/blog\/wp-content\/uploads\/2025\/09\/FLORISTENS_KREATIVE_BUKET_I_LYSEROEDE_NUANCER_MEDIUM_6311-300x300.jpg 300w, https:\/\/interflora.dk\/blog\/wp-content\/uploads\/2025\/09\/FLORISTENS_KREATIVE_BUKET_I_LYSEROEDE_NUANCER_MEDIUM_6311-1024x1024.jpg 1024w, https:\/\/interflora.dk\/blog\/wp-content\/uploads\/2025\/09\/FLORISTENS_KREATIVE_BUKET_I_LYSEROEDE_NUANCER_MEDIUM_6311-150x150.jpg 150w, https:\/\/interflora.dk\/blog\/wp-content\/uploads\/2025\/09\/FLORISTENS_KREATIVE_BUKET_I_LYSEROEDE_NUANCER_MEDIUM_6311-768x768.jpg 768w, https:\/\/interflora.dk\/blog\/wp-content\/uploads\/2025\/09\/FLORISTENS_KREATIVE_BUKET_I_LYSEROEDE_NUANCER_MEDIUM_6311.jpg 1200w\" sizes=\"auto, (max-width: 300px) 100vw, 300px\" \/><img decoding=\"async\" class=\"lp-badge\" src=\"https:\/\/prodblog.interflora.dk\/blog\/wp-content\/uploads\/2025\/09\/220422_INTERFLORA_Main_Logo_rgb_Main_Color.avif\" alt=\"Send blomster med Interflora\"><\/div><span>Floristens kreative buket i lyser\u00f8de nuancer<\/span><p>Fra 229 kr.<\/p><span class=\"obf-link lp-cta\" role=\"link\" tabindex=\"0\" data-b64=\"aHR0cHM6Ly9pbnRlcmZsb3JhLmRrL3Byb2R1a3QvZmxvcmlzdGVucy1rcmVhdGl2ZS1idWtldC1pLWx5c2Vyb2VkZS1udWFuY2VyP3Y9MTYyNTEmIzAzODt2YXJpYXRpb249M2IyNjBkMDYtMGNlNy00NzUyLTk1ZjUtNGMxNDBjMWU1MDJmP3V0bV9tZWRpdW09b3JnYW5pYyZ1dG1fc291cmNlPWJsb2dfcHJvZHVjdHMmdXRtX2NhbXBhaWduPTYzMTE=\" data-target=\"_blank\"><svg xmlns=\"http:\/\/www.w3.org\/2000\/svg\" width=\"16\" height=\"16\" fill=\"currentColor\" class=\"bi bi-bag\" viewBox=\"0 0 16 16\"><path d=\"M8 1a2 2 0 0 1 2 2v1h2.5A1.5 1.5 0 0 1 14 5.5v8A1.5 1.5 0 0 1 12.5 15h-9A1.5 1.5 0 0 1 2 13.5v-8A1.5 1.5 0 0 1 3.5 3H6V2a2 2 0 0 1 2-1zm1 3V3a1 1 0 0 0-2 0v1h2z\"\/><\/svg>K\u00f8b her<\/span><p class=\"rapido\">H\u00e5ndbundet af florister<\/p><\/div><div class=\"lp-produit\"><div class=\"lp-thumbnail-wrapper\"><img loading=\"lazy\" decoding=\"async\" width=\"300\" height=\"300\" src=\"https:\/\/interflora.dk\/blog\/wp-content\/uploads\/2025\/09\/DEN_FORTRYLLENDE_SMALL-300x300.jpg\" class=\"attachment-medium size-medium wp-post-image\" alt=\"\" srcset=\"https:\/\/interflora.dk\/blog\/wp-content\/uploads\/2025\/09\/DEN_FORTRYLLENDE_SMALL-300x300.jpg 300w, https:\/\/interflora.dk\/blog\/wp-content\/uploads\/2025\/09\/DEN_FORTRYLLENDE_SMALL-1024x1024.jpg 1024w, https:\/\/interflora.dk\/blog\/wp-content\/uploads\/2025\/09\/DEN_FORTRYLLENDE_SMALL-150x150.jpg 150w, https:\/\/interflora.dk\/blog\/wp-content\/uploads\/2025\/09\/DEN_FORTRYLLENDE_SMALL-768x768.jpg 768w, https:\/\/interflora.dk\/blog\/wp-content\/uploads\/2025\/09\/DEN_FORTRYLLENDE_SMALL.jpg 1200w\" sizes=\"auto, (max-width: 300px) 100vw, 300px\" \/><img decoding=\"async\" class=\"lp-badge\" src=\"https:\/\/prodblog.interflora.dk\/blog\/wp-content\/uploads\/2025\/09\/220422_INTERFLORA_Main_Logo_rgb_Main_Color.avif\" alt=\"Send blomster med Interflora\"><\/div><span>Den fortryllende<\/span><p>Fra 259 kr.<\/p><span class=\"obf-link lp-cta\" role=\"link\" tabindex=\"0\" data-b64=\"aHR0cHM6Ly9pbnRlcmZsb3JhLmRrL3Byb2R1a3QvZGVuLWZvcnRyeWxsZW5kZT92PTkzMDYmIzAzODt2YXJpYXRpb249ZGNiMjRlM2QtMzBlZC00OTAxLWI0YWUtYTYxOTlkMzE2MWU2P3V0bV9tZWRpdW09b3JnYW5pYyZ1dG1fc291cmNlPWJsb2dfcHJvZHVjdHMmdXRtX2NhbXBhaWduPTU1MQ==\" data-target=\"_blank\"><svg xmlns=\"http:\/\/www.w3.org\/2000\/svg\" width=\"16\" height=\"16\" fill=\"currentColor\" class=\"bi bi-bag\" viewBox=\"0 0 16 16\"><path d=\"M8 1a2 2 0 0 1 2 2v1h2.5A1.5 1.5 0 0 1 14 5.5v8A1.5 1.5 0 0 1 12.5 15h-9A1.5 1.5 0 0 1 2 13.5v-8A1.5 1.5 0 0 1 3.5 3H6V2a2 2 0 0 1 2-1zm1 3V3a1 1 0 0 0-2 0v1h2z\"\/><\/svg>K\u00f8b her<\/span><p class=\"rapido\">Kundernes favorit<\/p><\/div><div class=\"lp-produit\"><div class=\"lp-thumbnail-wrapper\"><img loading=\"lazy\" decoding=\"async\" width=\"300\" height=\"300\" src=\"https:\/\/interflora.dk\/blog\/wp-content\/uploads\/2025\/09\/DEN_SOEDE_OMTANKE_HAND_173-300x300.jpg\" class=\"attachment-medium size-medium wp-post-image\" alt=\"\" srcset=\"https:\/\/interflora.dk\/blog\/wp-content\/uploads\/2025\/09\/DEN_SOEDE_OMTANKE_HAND_173-300x300.jpg 300w, https:\/\/interflora.dk\/blog\/wp-content\/uploads\/2025\/09\/DEN_SOEDE_OMTANKE_HAND_173-1024x1024.jpg 1024w, https:\/\/interflora.dk\/blog\/wp-content\/uploads\/2025\/09\/DEN_SOEDE_OMTANKE_HAND_173-150x150.jpg 150w, https:\/\/interflora.dk\/blog\/wp-content\/uploads\/2025\/09\/DEN_SOEDE_OMTANKE_HAND_173-768x768.jpg 768w, https:\/\/interflora.dk\/blog\/wp-content\/uploads\/2025\/09\/DEN_SOEDE_OMTANKE_HAND_173.jpg 1200w\" sizes=\"auto, (max-width: 300px) 100vw, 300px\" \/><img decoding=\"async\" class=\"lp-badge\" src=\"https:\/\/prodblog.interflora.dk\/blog\/wp-content\/uploads\/2025\/09\/220422_INTERFLORA_Main_Logo_rgb_Main_Color.avif\" alt=\"Send blomster med Interflora\"><\/div><span>Den s\u00f8de omtanke<\/span><p>Fra 319 kr.<\/p><span class=\"obf-link lp-cta\" role=\"link\" tabindex=\"0\" data-b64=\"aHR0cHM6Ly9pbnRlcmZsb3JhLmRrL3Byb2R1a3QvZGVuLXNvZWRlLW9tdGFua2U\/dj0xOTI2JiMwMzg7dmFyaWF0aW9uPTNlY2U2YmYxLTdhOTAtNDQwMi1iYzQ5LWM4ZTcyMjQ4ODM5ND91dG1fbWVkaXVtPW9yZ2FuaWMmdXRtX3NvdXJjZT1ibG9nX3Byb2R1Y3RzJnV0bV9jYW1wYWlnbj0xNzM=\" data-target=\"_blank\"><svg xmlns=\"http:\/\/www.w3.org\/2000\/svg\" width=\"16\" height=\"16\" fill=\"currentColor\" class=\"bi bi-bag\" viewBox=\"0 0 16 16\"><path d=\"M8 1a2 2 0 0 1 2 2v1h2.5A1.5 1.5 0 0 1 14 5.5v8A1.5 1.5 0 0 1 12.5 15h-9A1.5 1.5 0 0 1 2 13.5v-8A1.5 1.5 0 0 1 3.5 3H6V2a2 2 0 0 1 2-1zm1 3V3a1 1 0 0 0-2 0v1h2z\"\/><\/svg>K\u00f8b her<\/span><p class=\"rapido\">Din personlige hilsen<\/p><\/div><\/div>\n","protected":false},"excerpt":{"rendered":"<p>Grantr\u00e6, julestjerne, kristtorn eller helligdagskaktus er nogle af de planter, vi bruger til at pynte hjemmet i juletiden. En af [&hellip;]<\/p>\n","protected":false},"author":1,"featured_media":49194,"comment_status":"open","ping_status":"open","sticky":false,"template":"","format":"standard","meta":{"_uag_custom_page_level_css":"","site-sidebar-layout":"default","site-content-layout":"","ast-site-content-layout":"default","site-content-style":"default","site-sidebar-style":"default","ast-global-header-display":"","ast-banner-title-visibility":"","ast-main-header-display":"","ast-hfb-above-header-display":"","ast-hfb-below-header-display":"","ast-hfb-mobile-header-display":"","site-post-title":"","ast-breadcrumbs-content":"","ast-featured-img":"","footer-sml-layout":"","ast-disable-related-posts":"","theme-transparent-header-meta":"","adv-header-id-meta":"","stick-header-meta":"","header-above-stick-meta":"","header-main-stick-meta":"","header-below-stick-meta":"","astra-migrate-meta-layouts":"set","ast-page-background-enabled":"default","ast-page-background-meta":{"desktop":{"background-color":"var(--ast-global-color-4)","background-image":"","background-repeat":"repeat","background-position":"center center","background-size":"auto","background-attachment":"scroll","background-type":"","background-media":"","overlay-type":"","overlay-color":"","overlay-opacity":"","overlay-gradient":""},"tablet":{"background-color":"","background-image":"","background-repeat":"repeat","background-position":"center center","background-size":"auto","background-attachment":"scroll","background-type":"","background-media":"","overlay-type":"","overlay-color":"","overlay-opacity":"","overlay-gradient":""},"mobile":{"background-color":"","background-image":"","background-repeat":"repeat","background-position":"center center","background-size":"auto","background-attachment":"scroll","background-type":"","background-media":"","overlay-type":"","overlay-color":"","overlay-opacity":"","overlay-gradient":""}},"ast-content-background-meta":{"desktop":{"background-color":"var(--ast-global-color-5)","background-image":"","background-repeat":"repeat","background-position":"center center","background-size":"auto","background-attachment":"scroll","background-type":"","background-media":"","overlay-type":"","overlay-color":"","overlay-opacity":"","overlay-gradient":""},"tablet":{"background-color":"var(--ast-global-color-5)","background-image":"","background-repeat":"repeat","background-position":"center center","background-size":"auto","background-attachment":"scroll","background-type":"","background-media":"","overlay-type":"","overlay-color":"","overlay-opacity":"","overlay-gradient":""},"mobile":{"background-color":"var(--ast-global-color-5)","background-image":"","background-repeat":"repeat","background-position":"center center","background-size":"auto","background-attachment":"scroll","background-type":"","background-media":"","overlay-type":"","overlay-color":"","overlay-opacity":"","overlay-gradient":""}},"footnotes":""},"categories":[173,201,167,306,236],"tags":[235,169],"class_list":["post-49178","post","type-post","status-publish","format-standard","has-post-thumbnail","hentry","category-blomsternes-betydning","category-inspiration","category-anledninger","category-julemistelten","category-jul","tag-jul","tag-planter"],"yoast_head":"<!-- This site is optimized with the Yoast SEO plugin v27.4 - https:\/\/yoast.com\/product\/yoast-seo-wordpress\/ -->\n<title>Mistelten: legender og traditionernes oprindelse\u00a0 | Interflora<\/title>\n<meta name=\"description\" content=\"En magisk og hellig plante gennem flere tusinde \u00e5r. Vi fort\u00e6ller dig de myter og traditioner, der ligger bag julens mistelten. Opdag dem hos Interflora!\" \/>\n<meta name=\"robots\" content=\"index, follow, max-snippet:-1, max-image-preview:large, max-video-preview:-1\" \/>\n<link rel=\"canonical\" href=\"https:\/\/interflora.dk\/blog\/julemistelten\/\" \/>\n<meta property=\"og:locale\" content=\"da_DK\" \/>\n<meta property=\"og:type\" content=\"article\" \/>\n<meta property=\"og:title\" content=\"Mistelten: legender og traditionernes oprindelse\u00a0 | Interflora\" \/>\n<meta property=\"og:description\" content=\"En magisk og hellig plante gennem flere tusinde \u00e5r. Vi fort\u00e6ller dig de myter og traditioner, der ligger bag julens mistelten. Opdag dem hos Interflora!\" \/>\n<meta property=\"og:url\" content=\"https:\/\/interflora.dk\/blog\/julemistelten\/\" \/>\n<meta property=\"og:site_name\" content=\"Interflora\" \/>\n<meta property=\"article:publisher\" content=\"https:\/\/www.facebook.com\/InterfloraDanmark\" \/>\n<meta property=\"article:published_time\" content=\"2025-11-01T13:27:23+00:00\" \/>\n<meta property=\"article:modified_time\" content=\"2025-11-28T13:27:31+00:00\" \/>\n<meta property=\"og:image\" content=\"https:\/\/interflora.dk\/blog\/wp-content\/uploads\/2024\/11\/AdobeStock_399404185.jpeg\" \/>\n\t<meta property=\"og:image:width\" content=\"1200\" \/>\n\t<meta property=\"og:image:height\" content=\"800\" \/>\n\t<meta property=\"og:image:type\" content=\"image\/jpeg\" \/>\n<meta name=\"author\" content=\"admin\" \/>\n<meta name=\"twitter:card\" content=\"summary_large_image\" \/>\n<meta name=\"twitter:label1\" content=\"Skrevet af\" \/>\n\t<meta name=\"twitter:data1\" content=\"admin\" \/>\n\t<meta name=\"twitter:label2\" content=\"Estimeret l\u00e6setid\" \/>\n\t<meta name=\"twitter:data2\" content=\"3 minutter\" \/>\n<script type=\"application\/ld+json\" class=\"yoast-schema-graph\">{\"@context\":\"https:\\\/\\\/schema.org\",\"@graph\":[{\"@type\":\"Article\",\"@id\":\"https:\\\/\\\/interflora.dk\\\/blog\\\/julemistelten\\\/#article\",\"isPartOf\":{\"@id\":\"https:\\\/\\\/interflora.dk\\\/blog\\\/julemistelten\\\/\"},\"author\":{\"name\":\"admin\",\"@id\":\"https:\\\/\\\/interflora.dk\\\/blog\\\/#\\\/schema\\\/person\\\/dbbd1ad45e05409c356dc639597669f2\"},\"headline\":\"Hvorfor kysser vi under misteltenen? Historien bag den magiske plante\",\"datePublished\":\"2025-11-01T13:27:23+00:00\",\"dateModified\":\"2025-11-28T13:27:31+00:00\",\"mainEntityOfPage\":{\"@id\":\"https:\\\/\\\/interflora.dk\\\/blog\\\/julemistelten\\\/\"},\"wordCount\":629,\"commentCount\":0,\"publisher\":{\"@id\":\"https:\\\/\\\/interflora.dk\\\/blog\\\/#organization\"},\"image\":{\"@id\":\"https:\\\/\\\/interflora.dk\\\/blog\\\/julemistelten\\\/#primaryimage\"},\"thumbnailUrl\":\"https:\\\/\\\/interflora.dk\\\/blog\\\/wp-content\\\/uploads\\\/2024\\\/11\\\/AdobeStock_399404185.jpeg\",\"keywords\":[\"Jul\",\"Planter\"],\"articleSection\":[\"Blomsternes betydning: symbolik og inspiration\",\"Inspiration\",\"Interfloras guide til alle anledninger\",\"Julemistelten\",\"Julens magi: Inspiration og ideer\"],\"inLanguage\":\"da-DK\",\"potentialAction\":[{\"@type\":\"CommentAction\",\"name\":\"Comment\",\"target\":[\"https:\\\/\\\/interflora.dk\\\/blog\\\/julemistelten\\\/#respond\"]}]},{\"@type\":\"WebPage\",\"@id\":\"https:\\\/\\\/interflora.dk\\\/blog\\\/julemistelten\\\/\",\"url\":\"https:\\\/\\\/interflora.dk\\\/blog\\\/julemistelten\\\/\",\"name\":\"Mistelten: legender og traditionernes oprindelse\u00a0 | Interflora\",\"isPartOf\":{\"@id\":\"https:\\\/\\\/interflora.dk\\\/blog\\\/#website\"},\"primaryImageOfPage\":{\"@id\":\"https:\\\/\\\/interflora.dk\\\/blog\\\/julemistelten\\\/#primaryimage\"},\"image\":{\"@id\":\"https:\\\/\\\/interflora.dk\\\/blog\\\/julemistelten\\\/#primaryimage\"},\"thumbnailUrl\":\"https:\\\/\\\/interflora.dk\\\/blog\\\/wp-content\\\/uploads\\\/2024\\\/11\\\/AdobeStock_399404185.jpeg\",\"datePublished\":\"2025-11-01T13:27:23+00:00\",\"dateModified\":\"2025-11-28T13:27:31+00:00\",\"description\":\"En magisk og hellig plante gennem flere tusinde \u00e5r. Vi fort\u00e6ller dig de myter og traditioner, der ligger bag julens mistelten. Opdag dem hos Interflora!\",\"breadcrumb\":{\"@id\":\"https:\\\/\\\/interflora.dk\\\/blog\\\/julemistelten\\\/#breadcrumb\"},\"inLanguage\":\"da-DK\",\"potentialAction\":[{\"@type\":\"ReadAction\",\"target\":[\"https:\\\/\\\/interflora.dk\\\/blog\\\/julemistelten\\\/\"]}]},{\"@type\":\"ImageObject\",\"inLanguage\":\"da-DK\",\"@id\":\"https:\\\/\\\/interflora.dk\\\/blog\\\/julemistelten\\\/#primaryimage\",\"url\":\"https:\\\/\\\/interflora.dk\\\/blog\\\/wp-content\\\/uploads\\\/2024\\\/11\\\/AdobeStock_399404185.jpeg\",\"contentUrl\":\"https:\\\/\\\/interflora.dk\\\/blog\\\/wp-content\\\/uploads\\\/2024\\\/11\\\/AdobeStock_399404185.jpeg\",\"width\":1200,\"height\":800,\"caption\":\"Mistletoe bunch with red bow hanging in room decorated for Christmas\"},{\"@type\":\"BreadcrumbList\",\"@id\":\"https:\\\/\\\/interflora.dk\\\/blog\\\/julemistelten\\\/#breadcrumb\",\"itemListElement\":[{\"@type\":\"ListItem\",\"position\":1,\"name\":\"Home\",\"item\":\"https:\\\/\\\/interflora.dk\\\/blog\\\/\"},{\"@type\":\"ListItem\",\"position\":2,\"name\":\"Hvorfor kysser vi under misteltenen? Historien bag den magiske plante\"}]},{\"@type\":\"WebSite\",\"@id\":\"https:\\\/\\\/interflora.dk\\\/blog\\\/#website\",\"url\":\"https:\\\/\\\/interflora.dk\\\/blog\\\/\",\"name\":\"Interflora\",\"description\":\"\",\"publisher\":{\"@id\":\"https:\\\/\\\/interflora.dk\\\/blog\\\/#organization\"},\"potentialAction\":[{\"@type\":\"SearchAction\",\"target\":{\"@type\":\"EntryPoint\",\"urlTemplate\":\"https:\\\/\\\/interflora.dk\\\/blog\\\/?s={search_term_string}\"},\"query-input\":{\"@type\":\"PropertyValueSpecification\",\"valueRequired\":true,\"valueName\":\"search_term_string\"}}],\"inLanguage\":\"da-DK\"},{\"@type\":\"Organization\",\"@id\":\"https:\\\/\\\/interflora.dk\\\/blog\\\/#organization\",\"name\":\"Interflora\",\"url\":\"https:\\\/\\\/interflora.dk\\\/blog\\\/\",\"logo\":{\"@type\":\"ImageObject\",\"inLanguage\":\"da-DK\",\"@id\":\"https:\\\/\\\/interflora.dk\\\/blog\\\/#\\\/schema\\\/logo\\\/image\\\/\",\"url\":\"https:\\\/\\\/interflora.dk\\\/blog\\\/wp-content\\\/uploads\\\/2025\\\/09\\\/220422_INTERFLORA_Logo_rgb_Half_Top_Circle_Main_Color.png\",\"contentUrl\":\"https:\\\/\\\/interflora.dk\\\/blog\\\/wp-content\\\/uploads\\\/2025\\\/09\\\/220422_INTERFLORA_Logo_rgb_Half_Top_Circle_Main_Color.png\",\"width\":1418,\"height\":710,\"caption\":\"Interflora\"},\"image\":{\"@id\":\"https:\\\/\\\/interflora.dk\\\/blog\\\/#\\\/schema\\\/logo\\\/image\\\/\"},\"sameAs\":[\"https:\\\/\\\/www.facebook.com\\\/InterfloraDanmark\",\"https:\\\/\\\/www.instagram.com\\\/interfloradk\",\"https:\\\/\\\/www.linkedin.com\\\/company\\\/interfloradanmark\",\"https:\\\/\\\/www.youtube.com\\\/user\\\/InterfloraTV\"]},{\"@type\":\"Person\",\"@id\":\"https:\\\/\\\/interflora.dk\\\/blog\\\/#\\\/schema\\\/person\\\/dbbd1ad45e05409c356dc639597669f2\",\"name\":\"admin\",\"image\":{\"@type\":\"ImageObject\",\"inLanguage\":\"da-DK\",\"@id\":\"https:\\\/\\\/interflora.dk\\\/blog\\\/wp-content\\\/litespeed\\\/avatar\\\/1fe3cced9e67df62d0a6f995d75823a5.jpg?ver=1776935036\",\"url\":\"https:\\\/\\\/interflora.dk\\\/blog\\\/wp-content\\\/litespeed\\\/avatar\\\/1fe3cced9e67df62d0a6f995d75823a5.jpg?ver=1776935036\",\"contentUrl\":\"https:\\\/\\\/interflora.dk\\\/blog\\\/wp-content\\\/litespeed\\\/avatar\\\/1fe3cced9e67df62d0a6f995d75823a5.jpg?ver=1776935036\",\"caption\":\"admin\"}}]}<\/script>\n<!-- \/ Yoast SEO plugin. -->","yoast_head_json":{"title":"Mistelten: legender og traditionernes oprindelse\u00a0 | Interflora","description":"En magisk og hellig plante gennem flere tusinde \u00e5r. Vi fort\u00e6ller dig de myter og traditioner, der ligger bag julens mistelten. Opdag dem hos Interflora!","robots":{"index":"index","follow":"follow","max-snippet":"max-snippet:-1","max-image-preview":"max-image-preview:large","max-video-preview":"max-video-preview:-1"},"canonical":"https:\/\/interflora.dk\/blog\/julemistelten\/","og_locale":"da_DK","og_type":"article","og_title":"Mistelten: legender og traditionernes oprindelse\u00a0 | Interflora","og_description":"En magisk og hellig plante gennem flere tusinde \u00e5r. Vi fort\u00e6ller dig de myter og traditioner, der ligger bag julens mistelten. Opdag dem hos Interflora!","og_url":"https:\/\/interflora.dk\/blog\/julemistelten\/","og_site_name":"Interflora","article_publisher":"https:\/\/www.facebook.com\/InterfloraDanmark","article_published_time":"2025-11-01T13:27:23+00:00","article_modified_time":"2025-11-28T13:27:31+00:00","og_image":[{"width":1200,"height":800,"url":"https:\/\/interflora.dk\/blog\/wp-content\/uploads\/2024\/11\/AdobeStock_399404185.jpeg","type":"image\/jpeg"}],"author":"admin","twitter_card":"summary_large_image","twitter_misc":{"Skrevet af":"admin","Estimeret l\u00e6setid":"3 minutter"},"schema":{"@context":"https:\/\/schema.org","@graph":[{"@type":"Article","@id":"https:\/\/interflora.dk\/blog\/julemistelten\/#article","isPartOf":{"@id":"https:\/\/interflora.dk\/blog\/julemistelten\/"},"author":{"name":"admin","@id":"https:\/\/interflora.dk\/blog\/#\/schema\/person\/dbbd1ad45e05409c356dc639597669f2"},"headline":"Hvorfor kysser vi under misteltenen? Historien bag den magiske plante","datePublished":"2025-11-01T13:27:23+00:00","dateModified":"2025-11-28T13:27:31+00:00","mainEntityOfPage":{"@id":"https:\/\/interflora.dk\/blog\/julemistelten\/"},"wordCount":629,"commentCount":0,"publisher":{"@id":"https:\/\/interflora.dk\/blog\/#organization"},"image":{"@id":"https:\/\/interflora.dk\/blog\/julemistelten\/#primaryimage"},"thumbnailUrl":"https:\/\/interflora.dk\/blog\/wp-content\/uploads\/2024\/11\/AdobeStock_399404185.jpeg","keywords":["Jul","Planter"],"articleSection":["Blomsternes betydning: symbolik og inspiration","Inspiration","Interfloras guide til alle anledninger","Julemistelten","Julens magi: Inspiration og ideer"],"inLanguage":"da-DK","potentialAction":[{"@type":"CommentAction","name":"Comment","target":["https:\/\/interflora.dk\/blog\/julemistelten\/#respond"]}]},{"@type":"WebPage","@id":"https:\/\/interflora.dk\/blog\/julemistelten\/","url":"https:\/\/interflora.dk\/blog\/julemistelten\/","name":"Mistelten: legender og traditionernes oprindelse\u00a0 | Interflora","isPartOf":{"@id":"https:\/\/interflora.dk\/blog\/#website"},"primaryImageOfPage":{"@id":"https:\/\/interflora.dk\/blog\/julemistelten\/#primaryimage"},"image":{"@id":"https:\/\/interflora.dk\/blog\/julemistelten\/#primaryimage"},"thumbnailUrl":"https:\/\/interflora.dk\/blog\/wp-content\/uploads\/2024\/11\/AdobeStock_399404185.jpeg","datePublished":"2025-11-01T13:27:23+00:00","dateModified":"2025-11-28T13:27:31+00:00","description":"En magisk og hellig plante gennem flere tusinde \u00e5r. Vi fort\u00e6ller dig de myter og traditioner, der ligger bag julens mistelten. Opdag dem hos Interflora!","breadcrumb":{"@id":"https:\/\/interflora.dk\/blog\/julemistelten\/#breadcrumb"},"inLanguage":"da-DK","potentialAction":[{"@type":"ReadAction","target":["https:\/\/interflora.dk\/blog\/julemistelten\/"]}]},{"@type":"ImageObject","inLanguage":"da-DK","@id":"https:\/\/interflora.dk\/blog\/julemistelten\/#primaryimage","url":"https:\/\/interflora.dk\/blog\/wp-content\/uploads\/2024\/11\/AdobeStock_399404185.jpeg","contentUrl":"https:\/\/interflora.dk\/blog\/wp-content\/uploads\/2024\/11\/AdobeStock_399404185.jpeg","width":1200,"height":800,"caption":"Mistletoe bunch with red bow hanging in room decorated for Christmas"},{"@type":"BreadcrumbList","@id":"https:\/\/interflora.dk\/blog\/julemistelten\/#breadcrumb","itemListElement":[{"@type":"ListItem","position":1,"name":"Home","item":"https:\/\/interflora.dk\/blog\/"},{"@type":"ListItem","position":2,"name":"Hvorfor kysser vi under misteltenen? Historien bag den magiske plante"}]},{"@type":"WebSite","@id":"https:\/\/interflora.dk\/blog\/#website","url":"https:\/\/interflora.dk\/blog\/","name":"Interflora","description":"","publisher":{"@id":"https:\/\/interflora.dk\/blog\/#organization"},"potentialAction":[{"@type":"SearchAction","target":{"@type":"EntryPoint","urlTemplate":"https:\/\/interflora.dk\/blog\/?s={search_term_string}"},"query-input":{"@type":"PropertyValueSpecification","valueRequired":true,"valueName":"search_term_string"}}],"inLanguage":"da-DK"},{"@type":"Organization","@id":"https:\/\/interflora.dk\/blog\/#organization","name":"Interflora","url":"https:\/\/interflora.dk\/blog\/","logo":{"@type":"ImageObject","inLanguage":"da-DK","@id":"https:\/\/interflora.dk\/blog\/#\/schema\/logo\/image\/","url":"https:\/\/interflora.dk\/blog\/wp-content\/uploads\/2025\/09\/220422_INTERFLORA_Logo_rgb_Half_Top_Circle_Main_Color.png","contentUrl":"https:\/\/interflora.dk\/blog\/wp-content\/uploads\/2025\/09\/220422_INTERFLORA_Logo_rgb_Half_Top_Circle_Main_Color.png","width":1418,"height":710,"caption":"Interflora"},"image":{"@id":"https:\/\/interflora.dk\/blog\/#\/schema\/logo\/image\/"},"sameAs":["https:\/\/www.facebook.com\/InterfloraDanmark","https:\/\/www.instagram.com\/interfloradk","https:\/\/www.linkedin.com\/company\/interfloradanmark","https:\/\/www.youtube.com\/user\/InterfloraTV"]},{"@type":"Person","@id":"https:\/\/interflora.dk\/blog\/#\/schema\/person\/dbbd1ad45e05409c356dc639597669f2","name":"admin","image":{"@type":"ImageObject","inLanguage":"da-DK","@id":"https:\/\/interflora.dk\/blog\/wp-content\/litespeed\/avatar\/1fe3cced9e67df62d0a6f995d75823a5.jpg?ver=1776935036","url":"https:\/\/interflora.dk\/blog\/wp-content\/litespeed\/avatar\/1fe3cced9e67df62d0a6f995d75823a5.jpg?ver=1776935036","contentUrl":"https:\/\/interflora.dk\/blog\/wp-content\/litespeed\/avatar\/1fe3cced9e67df62d0a6f995d75823a5.jpg?ver=1776935036","caption":"admin"}}]}},"uagb_featured_image_src":{"full":["https:\/\/interflora.dk\/blog\/wp-content\/uploads\/2024\/11\/AdobeStock_399404185.jpeg",1200,800,false],"thumbnail":["https:\/\/interflora.dk\/blog\/wp-content\/uploads\/2024\/11\/AdobeStock_399404185-150x150.jpeg",150,150,true],"medium":["https:\/\/interflora.dk\/blog\/wp-content\/uploads\/2024\/11\/AdobeStock_399404185-300x200.jpeg",300,200,true],"medium_large":["https:\/\/interflora.dk\/blog\/wp-content\/uploads\/2024\/11\/AdobeStock_399404185-768x512.jpeg",768,512,true],"large":["https:\/\/interflora.dk\/blog\/wp-content\/uploads\/2024\/11\/AdobeStock_399404185-1024x683.jpeg",1024,683,true],"1536x1536":["https:\/\/interflora.dk\/blog\/wp-content\/uploads\/2024\/11\/AdobeStock_399404185.jpeg",1200,800,false],"2048x2048":["https:\/\/interflora.dk\/blog\/wp-content\/uploads\/2024\/11\/AdobeStock_399404185.jpeg",1200,800,false]},"uagb_author_info":{"display_name":"admin","author_link":"https:\/\/interflora.dk\/blog\/author\/admin\/"},"uagb_comment_info":0,"uagb_excerpt":"Grantr\u00e6, julestjerne, kristtorn eller helligdagskaktus er nogle af de planter, vi bruger til at pynte hjemmet i juletiden. En af [&hellip;]","_links":{"self":[{"href":"https:\/\/interflora.dk\/blog\/wp-json\/wp\/v2\/posts\/49178","targetHints":{"allow":["GET"]}}],"collection":[{"href":"https:\/\/interflora.dk\/blog\/wp-json\/wp\/v2\/posts"}],"about":[{"href":"https:\/\/interflora.dk\/blog\/wp-json\/wp\/v2\/types\/post"}],"author":[{"embeddable":true,"href":"https:\/\/interflora.dk\/blog\/wp-json\/wp\/v2\/users\/1"}],"replies":[{"embeddable":true,"href":"https:\/\/interflora.dk\/blog\/wp-json\/wp\/v2\/comments?post=49178"}],"version-history":[{"count":1,"href":"https:\/\/interflora.dk\/blog\/wp-json\/wp\/v2\/posts\/49178\/revisions"}],"predecessor-version":[{"id":59006,"href":"https:\/\/interflora.dk\/blog\/wp-json\/wp\/v2\/posts\/49178\/revisions\/59006"}],"wp:featuredmedia":[{"embeddable":true,"href":"https:\/\/interflora.dk\/blog\/wp-json\/wp\/v2\/media\/49194"}],"wp:attachment":[{"href":"https:\/\/interflora.dk\/blog\/wp-json\/wp\/v2\/media?parent=49178"}],"wp:term":[{"taxonomy":"category","embeddable":true,"href":"https:\/\/interflora.dk\/blog\/wp-json\/wp\/v2\/categories?post=49178"},{"taxonomy":"post_tag","embeddable":true,"href":"https:\/\/interflora.dk\/blog\/wp-json\/wp\/v2\/tags?post=49178"}],"curies":[{"name":"wp","href":"https:\/\/api.w.org\/{rel}","templated":true}]}}