{"id":52024,"date":"2026-03-16T16:48:09","date_gmt":"2026-03-16T15:48:09","guid":{"rendered":"https:\/\/interflora.dk\/blog\/?p=52024"},"modified":"2026-03-17T14:51:49","modified_gmt":"2026-03-17T13:51:49","slug":"festlige-foraarsblomster-til-din-paaskefejring","status":"publish","type":"post","link":"https:\/\/interflora.dk\/blog\/festlige-foraarsblomster-til-din-paaskefejring\/","title":{"rendered":"For\u00e5rets festlige farver: For\u00e5rsblomster til din p\u00e5skefejring"},"content":{"rendered":"\n<div class=\"wp-block-group is-layout-constrained wp-container-core-group-is-layout-7db9d80f wp-block-group-is-layout-constrained\" style=\"padding-right:0;padding-left:0\">\n<p class=\"has-text-align-left has-medium-font-size\">P\u00e5sken banker p\u00e5 d\u00f8ren, og hvilken bedre m\u00e5de at byde for\u00e5ret velkommen p\u00e5 end med et farverigt blomsterhav? <br>Lad os udforske de smukkeste for\u00e5rsblomster til p\u00e5ske, der kan forvandle dit hjem til en duftende oase.&nbsp;<\/p>\n\n\n\n<h2 class=\"wp-block-heading alignwide has-text-align-left\">P\u00e5skens blomsterparade<\/h2>\n\n\n\n<div class=\"wp-block-columns is-layout-flex wp-container-core-columns-is-layout-28f84493 wp-block-columns-is-layout-flex\">\n<div class=\"wp-block-column is-layout-flow wp-block-column-is-layout-flow\" style=\"flex-basis:33.33%\">\n<figure class=\"wp-block-image aligncenter size-large\"><img loading=\"lazy\" decoding=\"async\" width=\"801\" height=\"1024\" src=\"https:\/\/interflora.dk\/blog\/wp-content\/uploads\/2025\/03\/Anemones-Portrait-Jennifer-Borge-e1742294228923-801x1024.jpeg\" alt=\"stor lyser\u00f8d anemonebuket i skulpturel r\u00e5hvid vase\" class=\"wp-image-52055\" srcset=\"https:\/\/interflora.dk\/blog\/wp-content\/uploads\/2025\/03\/Anemones-Portrait-Jennifer-Borge-e1742294228923-801x1024.jpeg 801w, https:\/\/interflora.dk\/blog\/wp-content\/uploads\/2025\/03\/Anemones-Portrait-Jennifer-Borge-e1742294228923-235x300.jpeg 235w, https:\/\/interflora.dk\/blog\/wp-content\/uploads\/2025\/03\/Anemones-Portrait-Jennifer-Borge-e1742294228923-768x981.jpeg 768w, https:\/\/interflora.dk\/blog\/wp-content\/uploads\/2025\/03\/Anemones-Portrait-Jennifer-Borge-e1742294228923.jpeg 900w\" sizes=\"auto, (max-width: 801px) 100vw, 801px\" \/><\/figure>\n<\/div>\n\n\n\n<div class=\"wp-block-column is-layout-flow wp-block-column-is-layout-flow\" style=\"flex-basis:66.66%\">\n<figure class=\"wp-block-image aligncenter size-large is-resized\"><img loading=\"lazy\" decoding=\"async\" width=\"1024\" height=\"683\" src=\"https:\/\/interflora.dk\/blog\/wp-content\/uploads\/2025\/03\/Anemones-Landskape-8-Jennifer-Borge-1024x683.jpeg\" alt=\"lyser\u00f8de anemoner\" class=\"wp-image-52056\" style=\"aspect-ratio:1.4993127353134525;width:748px;height:auto\" srcset=\"https:\/\/interflora.dk\/blog\/wp-content\/uploads\/2025\/03\/Anemones-Landskape-8-Jennifer-Borge-1024x683.jpeg 1024w, https:\/\/interflora.dk\/blog\/wp-content\/uploads\/2025\/03\/Anemones-Landskape-8-Jennifer-Borge-300x200.jpeg 300w, https:\/\/interflora.dk\/blog\/wp-content\/uploads\/2025\/03\/Anemones-Landskape-8-Jennifer-Borge-768x512.jpeg 768w, https:\/\/interflora.dk\/blog\/wp-content\/uploads\/2025\/03\/Anemones-Landskape-8-Jennifer-Borge.jpeg 1200w\" sizes=\"auto, (max-width: 1024px) 100vw, 1024px\" \/><\/figure>\n<\/div>\n<\/div>\n\n\n\n<p class=\"has-text-align-left\">Fra klassikere til nye favoritter. P\u00e5sken bringer en eksplosion af liv og farver. Her er nogle elskede for\u00e5rsblomster til p\u00e5ske, der vil f\u00e5 dit hjem til at str\u00e5le:&nbsp;<\/p>\n\n\n\n<div class=\"wp-block-group has-background is-layout-constrained wp-block-group-is-layout-constrained\" style=\"background-color:#bf992412\">\n<div class=\"wp-block-group is-layout-constrained wp-container-core-group-is-layout-2294234b wp-block-group-is-layout-constrained\" style=\"padding-top:var(--wp--preset--spacing--40);padding-right:var(--wp--preset--spacing--60);padding-bottom:var(--wp--preset--spacing--40);padding-left:var(--wp--preset--spacing--60)\">\n<div class=\"wp-block-group is-layout-constrained wp-block-group-is-layout-constrained\" style=\"margin-top:0;margin-bottom:0\">\n<div class=\"wp-block-group is-layout-constrained wp-block-group-is-layout-constrained\">\n<div class=\"wp-block-group is-layout-constrained wp-container-core-group-is-layout-d2702112 wp-block-group-is-layout-constrained\" style=\"padding-top:var(--wp--preset--spacing--30);padding-right:var(--wp--preset--spacing--40);padding-bottom:var(--wp--preset--spacing--30);padding-left:var(--wp--preset--spacing--40)\">\n<div class=\"wp-block-group is-layout-constrained wp-block-group-is-layout-constrained\">\n<ol start=\"1\" class=\"wp-block-list has-ast-global-color-8-color has-text-color has-link-color wp-elements-4739a4e9b811c493f7c1d2dd73769948\">\n<li><strong>P\u00e5skeliljer<\/strong>: Den ultimative p\u00e5skeblomst med sine trompetformede, gule blomster. De symboliserer fornyelse og h\u00e5b \u2013 perfekte til enhver p\u00e5skebuket.&nbsp;<\/li>\n<\/ol>\n\n\n\n<ol start=\"2\" class=\"wp-block-list has-ast-global-color-8-color has-text-color has-link-color wp-elements-bb1f7f04d5956ba94c572a72b5b9acff\">\n<li><strong>Tulipaner<\/strong>: Med deres mangfoldighed af farver er tulipaner en sikker vinder. Pr\u00f8v en buket med forskellige nuancer for et festligt look.&nbsp;<\/li>\n<\/ol>\n\n\n\n<ol start=\"3\" class=\"wp-block-list has-ast-global-color-8-color has-text-color has-link-color wp-elements-2d3f4592837b1e70b4b21863b86b9975\">\n<li><strong>Hyacinter<\/strong>: Deres s\u00f8de duft og t\u00e6tte blomsterklaser i bl\u00e5, pink og hvid g\u00f8r dem til en favorit i p\u00e5skedekorationer.&nbsp;<\/li>\n<\/ol>\n\n\n\n<ol start=\"4\" class=\"wp-block-list has-ast-global-color-8-color has-text-color has-link-color wp-elements-47debead612e71fb9a511ef028267ac5\">\n<li><strong>Ranunkler<\/strong>: Disse blomster ligner sm\u00e5 roser og kommer i en r\u00e6kke smukke farver, der passer perfekt til p\u00e5skens palette.&nbsp;<\/li>\n<\/ol>\n\n\n\n<ol start=\"5\" class=\"wp-block-list has-ast-global-color-8-color has-text-color has-link-color wp-elements-e17296b36215556ed9edcfcbb5d4372a\">\n<li><strong>Anemoner<\/strong>: Med deres simple, elegante form tilf\u00f8jer anemoner et strejf af sofistikeret charme til enhver p\u00e5skebuket.&nbsp;<\/li>\n<\/ol>\n<\/div>\n<\/div>\n<\/div>\n<\/div>\n<\/div>\n<\/div>\n\n\n\n<div class=\"wp-block-buttons is-content-justification-center is-layout-flex wp-container-core-buttons-is-layout-a89b3969 wp-block-buttons-is-layout-flex\">\n<div class=\"wp-block-button\"><a class=\"wp-block-button__link has-medium-font-size has-text-align-center has-custom-font-size wp-element-button\" href=\"https:\/\/interflora.dk\/produkter\/anledninger\/paaskeblomster-og-buketter?utm_source=blog&amp;utm_medium=organic&amp;utm_campaign=easter-cta\" target=\"_blank\" rel=\"noreferrer noopener\">Se vores p\u00e5skeudvalg<\/a><\/div>\n<\/div>\n\n\n<div class=\"lp-produits-grid\"><div class=\"lp-produit\"><div class=\"lp-thumbnail-wrapper\"><img loading=\"lazy\" decoding=\"async\" width=\"300\" height=\"300\" src=\"https:\/\/interflora.dk\/blog\/wp-content\/uploads\/2025\/09\/DEN_SOEDE_OMTANKE_HAND_173-300x300.jpg\" class=\"attachment-medium size-medium wp-post-image\" alt=\"\" srcset=\"https:\/\/interflora.dk\/blog\/wp-content\/uploads\/2025\/09\/DEN_SOEDE_OMTANKE_HAND_173-300x300.jpg 300w, https:\/\/interflora.dk\/blog\/wp-content\/uploads\/2025\/09\/DEN_SOEDE_OMTANKE_HAND_173-1024x1024.jpg 1024w, https:\/\/interflora.dk\/blog\/wp-content\/uploads\/2025\/09\/DEN_SOEDE_OMTANKE_HAND_173-150x150.jpg 150w, https:\/\/interflora.dk\/blog\/wp-content\/uploads\/2025\/09\/DEN_SOEDE_OMTANKE_HAND_173-768x768.jpg 768w, https:\/\/interflora.dk\/blog\/wp-content\/uploads\/2025\/09\/DEN_SOEDE_OMTANKE_HAND_173.jpg 1200w\" sizes=\"auto, (max-width: 300px) 100vw, 300px\" \/><img decoding=\"async\" class=\"lp-badge\" src=\"https:\/\/prodblog.interflora.dk\/blog\/wp-content\/uploads\/2025\/09\/220422_INTERFLORA_Main_Logo_rgb_Main_Color.avif\" alt=\"Send blomster med Interflora\"><\/div><span>Den s\u00f8de omtanke<\/span><p>Fra 319 kr.<\/p><span class=\"obf-link lp-cta\" role=\"link\" tabindex=\"0\" data-b64=\"aHR0cHM6Ly9pbnRlcmZsb3JhLmRrL3Byb2R1a3QvZGVuLXNvZWRlLW9tdGFua2U\/dj0xOTI2JiMwMzg7dmFyaWF0aW9uPTNlY2U2YmYxLTdhOTAtNDQwMi1iYzQ5LWM4ZTcyMjQ4ODM5ND91dG1fbWVkaXVtPW9yZ2FuaWMmdXRtX3NvdXJjZT1ibG9nX3Byb2R1Y3RzJnV0bV9jYW1wYWlnbj0xNzM=\" data-target=\"_blank\"><svg xmlns=\"http:\/\/www.w3.org\/2000\/svg\" width=\"16\" height=\"16\" fill=\"currentColor\" class=\"bi bi-bag\" viewBox=\"0 0 16 16\"><path d=\"M8 1a2 2 0 0 1 2 2v1h2.5A1.5 1.5 0 0 1 14 5.5v8A1.5 1.5 0 0 1 12.5 15h-9A1.5 1.5 0 0 1 2 13.5v-8A1.5 1.5 0 0 1 3.5 3H6V2a2 2 0 0 1 2-1zm1 3V3a1 1 0 0 0-2 0v1h2z\"\/><\/svg>K\u00f8b her<\/span><p class=\"rapido\">Friske blomster<\/p><\/div><div class=\"lp-produit\"><div class=\"lp-thumbnail-wrapper\"><img loading=\"lazy\" decoding=\"async\" width=\"300\" height=\"300\" src=\"https:\/\/interflora.dk\/blog\/wp-content\/uploads\/2025\/09\/DEN_FARVERRIGE_HILSEN_6370_MEDIUM_v-300x300.jpg\" class=\"attachment-medium size-medium wp-post-image\" alt=\"\" srcset=\"https:\/\/interflora.dk\/blog\/wp-content\/uploads\/2025\/09\/DEN_FARVERRIGE_HILSEN_6370_MEDIUM_v-300x300.jpg 300w, https:\/\/interflora.dk\/blog\/wp-content\/uploads\/2025\/09\/DEN_FARVERRIGE_HILSEN_6370_MEDIUM_v-1024x1024.jpg 1024w, https:\/\/interflora.dk\/blog\/wp-content\/uploads\/2025\/09\/DEN_FARVERRIGE_HILSEN_6370_MEDIUM_v-150x150.jpg 150w, https:\/\/interflora.dk\/blog\/wp-content\/uploads\/2025\/09\/DEN_FARVERRIGE_HILSEN_6370_MEDIUM_v-768x768.jpg 768w, https:\/\/interflora.dk\/blog\/wp-content\/uploads\/2025\/09\/DEN_FARVERRIGE_HILSEN_6370_MEDIUM_v.jpg 1200w\" sizes=\"auto, (max-width: 300px) 100vw, 300px\" \/><img decoding=\"async\" class=\"lp-badge\" src=\"https:\/\/prodblog.interflora.dk\/blog\/wp-content\/uploads\/2025\/09\/220422_INTERFLORA_Main_Logo_rgb_Main_Color.avif\" alt=\"Send blomster med Interflora\"><\/div><span>Den farverige hilsen<\/span><p>Fra 219 kr.<\/p><span class=\"obf-link lp-cta\" role=\"link\" tabindex=\"0\" data-b64=\"aHR0cHM6Ly9pbnRlcmZsb3JhLmRrL3Byb2R1a3QvZGVuLWZhcnZlcmlnZS1oaWxzZW4\/dj0xNzQ3NiYjMDM4O3ZhcmlhdGlvbj04OTY2NWI0OC04MDQ5LTQ5ZjYtODczMS01MWY3MWQ1ZjRiOTQ\/dXRtX21lZGl1bT1vcmdhbmljJnV0bV9zb3VyY2U9YmxvZ19wcm9kdWN0cyZ1dG1fY2FtcGFpZ249ODM3MA==\" data-target=\"_blank\"><svg xmlns=\"http:\/\/www.w3.org\/2000\/svg\" width=\"16\" height=\"16\" fill=\"currentColor\" class=\"bi bi-bag\" viewBox=\"0 0 16 16\"><path d=\"M8 1a2 2 0 0 1 2 2v1h2.5A1.5 1.5 0 0 1 14 5.5v8A1.5 1.5 0 0 1 12.5 15h-9A1.5 1.5 0 0 1 2 13.5v-8A1.5 1.5 0 0 1 3.5 3H6V2a2 2 0 0 1 2-1zm1 3V3a1 1 0 0 0-2 0v1h2z\"\/><\/svg>K\u00f8b her<\/span><p class=\"rapido\">Kundernes favorit<\/p><\/div><div class=\"lp-produit\"><div class=\"lp-thumbnail-wrapper\"><img loading=\"lazy\" decoding=\"async\" width=\"300\" height=\"300\" src=\"https:\/\/interflora.dk\/blog\/wp-content\/uploads\/2025\/09\/DEN_FORTRYLLENDE_SMALL-300x300.jpg\" class=\"attachment-medium size-medium wp-post-image\" alt=\"\" srcset=\"https:\/\/interflora.dk\/blog\/wp-content\/uploads\/2025\/09\/DEN_FORTRYLLENDE_SMALL-300x300.jpg 300w, https:\/\/interflora.dk\/blog\/wp-content\/uploads\/2025\/09\/DEN_FORTRYLLENDE_SMALL-1024x1024.jpg 1024w, https:\/\/interflora.dk\/blog\/wp-content\/uploads\/2025\/09\/DEN_FORTRYLLENDE_SMALL-150x150.jpg 150w, https:\/\/interflora.dk\/blog\/wp-content\/uploads\/2025\/09\/DEN_FORTRYLLENDE_SMALL-768x768.jpg 768w, https:\/\/interflora.dk\/blog\/wp-content\/uploads\/2025\/09\/DEN_FORTRYLLENDE_SMALL.jpg 1200w\" sizes=\"auto, (max-width: 300px) 100vw, 300px\" \/><img decoding=\"async\" class=\"lp-badge\" src=\"https:\/\/prodblog.interflora.dk\/blog\/wp-content\/uploads\/2025\/09\/220422_INTERFLORA_Main_Logo_rgb_Main_Color.avif\" alt=\"Send blomster med Interflora\"><\/div><span>Den fortryllende<\/span><p>Fra 259 kr.<\/p><span class=\"obf-link lp-cta\" role=\"link\" tabindex=\"0\" data-b64=\"aHR0cHM6Ly9pbnRlcmZsb3JhLmRrL3Byb2R1a3QvZGVuLWZvcnRyeWxsZW5kZT92PTkzMDYmIzAzODt2YXJpYXRpb249ZGNiMjRlM2QtMzBlZC00OTAxLWI0YWUtYTYxOTlkMzE2MWU2P3V0bV9tZWRpdW09b3JnYW5pYyZ1dG1fc291cmNlPWJsb2dfcHJvZHVjdHMmdXRtX2NhbXBhaWduPTU1MQ==\" data-target=\"_blank\"><svg xmlns=\"http:\/\/www.w3.org\/2000\/svg\" width=\"16\" height=\"16\" fill=\"currentColor\" class=\"bi bi-bag\" viewBox=\"0 0 16 16\"><path d=\"M8 1a2 2 0 0 1 2 2v1h2.5A1.5 1.5 0 0 1 14 5.5v8A1.5 1.5 0 0 1 12.5 15h-9A1.5 1.5 0 0 1 2 13.5v-8A1.5 1.5 0 0 1 3.5 3H6V2a2 2 0 0 1 2-1zm1 3V3a1 1 0 0 0-2 0v1h2z\"\/><\/svg>K\u00f8b her<\/span><p class=\"rapido\">Levering i hele Danmark<\/p><\/div><div class=\"lp-produit\"><div class=\"lp-thumbnail-wrapper\"><img loading=\"lazy\" decoding=\"async\" width=\"300\" height=\"300\" src=\"https:\/\/interflora.dk\/blog\/wp-content\/uploads\/2025\/09\/DEN_TIL_FOEDSELSDAGEN_VINTER_SMALL_127_v-300x300.jpg\" class=\"attachment-medium size-medium wp-post-image\" alt=\"\" srcset=\"https:\/\/interflora.dk\/blog\/wp-content\/uploads\/2025\/09\/DEN_TIL_FOEDSELSDAGEN_VINTER_SMALL_127_v-300x300.jpg 300w, https:\/\/interflora.dk\/blog\/wp-content\/uploads\/2025\/09\/DEN_TIL_FOEDSELSDAGEN_VINTER_SMALL_127_v-1024x1024.jpg 1024w, https:\/\/interflora.dk\/blog\/wp-content\/uploads\/2025\/09\/DEN_TIL_FOEDSELSDAGEN_VINTER_SMALL_127_v-150x150.jpg 150w, https:\/\/interflora.dk\/blog\/wp-content\/uploads\/2025\/09\/DEN_TIL_FOEDSELSDAGEN_VINTER_SMALL_127_v-768x768.jpg 768w, https:\/\/interflora.dk\/blog\/wp-content\/uploads\/2025\/09\/DEN_TIL_FOEDSELSDAGEN_VINTER_SMALL_127_v.jpg 1200w\" sizes=\"auto, (max-width: 300px) 100vw, 300px\" \/><img decoding=\"async\" class=\"lp-badge\" src=\"https:\/\/prodblog.interflora.dk\/blog\/wp-content\/uploads\/2025\/09\/220422_INTERFLORA_Main_Logo_rgb_Main_Color.avif\" alt=\"Send blomster med Interflora\"><\/div><span>Den til f\u00f8dselsdagen<\/span><p>Fra 299 kr.<\/p><span class=\"obf-link lp-cta\" role=\"link\" tabindex=\"0\" data-b64=\"aHR0cHM6Ly9pbnRlcmZsb3JhLmRrL3Byb2R1a3QvZGVuLXRpbC1mb2Vkc2Vsc2RhZ2VuP3Y9MTU1MSYjMDM4O3ZhcmlhdGlvbj05M2NjOTRlNi0zZmJlLTQ1OTgtYjAwNS03YTk5NTNiNGZlNGI\/dXRtX21lZGl1bT1vcmdhbmljJnV0bV9zb3VyY2U9YmxvZ19wcm9kdWN0cyZ1dG1fY2FtcGFpZ249MTI3\" data-target=\"_blank\"><svg xmlns=\"http:\/\/www.w3.org\/2000\/svg\" width=\"16\" height=\"16\" fill=\"currentColor\" class=\"bi bi-bag\" viewBox=\"0 0 16 16\"><path d=\"M8 1a2 2 0 0 1 2 2v1h2.5A1.5 1.5 0 0 1 14 5.5v8A1.5 1.5 0 0 1 12.5 15h-9A1.5 1.5 0 0 1 2 13.5v-8A1.5 1.5 0 0 1 3.5 3H6V2a2 2 0 0 1 2-1zm1 3V3a1 1 0 0 0-2 0v1h2z\"\/><\/svg>K\u00f8b her<\/span><p class=\"rapido\">Bundet af din lokale florist<\/p><\/div><\/div>\n\n\n\n<div style=\"height:2px\" aria-hidden=\"true\" class=\"wp-block-spacer\"><\/div>\n\n\n\n<div style=\"height:1px\" aria-hidden=\"true\" class=\"wp-block-spacer\"><\/div>\n\n\n\n<h2 class=\"wp-block-heading has-text-align-left\" style=\"padding-top:0;padding-bottom:var(--wp--preset--spacing--20)\">S\u00e5dan skaber du den perfekte p\u00e5skebuket&nbsp;<\/h2>\n\n\n\n<div class=\"wp-block-columns is-layout-flex wp-container-core-columns-is-layout-28f84493 wp-block-columns-is-layout-flex\">\n<div class=\"wp-block-column is-layout-flow wp-block-column-is-layout-flow\" style=\"flex-basis:66.66%\">\n<figure class=\"wp-block-image aligncenter size-large is-resized\"><img loading=\"lazy\" decoding=\"async\" width=\"1024\" height=\"683\" src=\"https:\/\/interflora.dk\/blog\/wp-content\/uploads\/2025\/03\/shutterstock_1710392956-1024x683.jpg\" alt=\"p\u00e5skeliljestilke\" class=\"wp-image-52037\" style=\"aspect-ratio:1.4993127353134525;width:751px;height:auto\" srcset=\"https:\/\/interflora.dk\/blog\/wp-content\/uploads\/2025\/03\/shutterstock_1710392956-1024x683.jpg 1024w, https:\/\/interflora.dk\/blog\/wp-content\/uploads\/2025\/03\/shutterstock_1710392956-300x200.jpg 300w, https:\/\/interflora.dk\/blog\/wp-content\/uploads\/2025\/03\/shutterstock_1710392956-768x512.jpg 768w, https:\/\/interflora.dk\/blog\/wp-content\/uploads\/2025\/03\/shutterstock_1710392956.jpg 1200w\" sizes=\"auto, (max-width: 1024px) 100vw, 1024px\" \/><\/figure>\n<\/div>\n\n\n\n<div class=\"wp-block-column is-layout-flow wp-block-column-is-layout-flow\" style=\"flex-basis:33.33%\">\n<figure class=\"wp-block-image aligncenter size-full\"><img loading=\"lazy\" decoding=\"async\" width=\"625\" height=\"800\" src=\"https:\/\/interflora.dk\/blog\/wp-content\/uploads\/2025\/03\/shutterstock_1094556086-1.jpg\" alt=\"person laver buket af p\u00e5skeliljer og tulipaner\" class=\"wp-image-52052\" srcset=\"https:\/\/interflora.dk\/blog\/wp-content\/uploads\/2025\/03\/shutterstock_1094556086-1.jpg 625w, https:\/\/interflora.dk\/blog\/wp-content\/uploads\/2025\/03\/shutterstock_1094556086-1-234x300.jpg 234w\" sizes=\"auto, (max-width: 625px) 100vw, 625px\" \/><\/figure>\n<\/div>\n<\/div>\n\n\n\n<p class=\"has-text-align-left\">At sammens\u00e6tte den ideelle p\u00e5skebuket er en kunst. Derfor har vi samlet vores bedste tips, s\u00e5 du nemt kan sammens\u00e6tte en smuk p\u00e5skebuket:&nbsp;&nbsp;<\/p>\n\n\n\n<div class=\"wp-block-group has-background is-layout-constrained wp-container-core-group-is-layout-2294234b wp-block-group-is-layout-constrained\" style=\"background-color:#bf992412;padding-top:var(--wp--preset--spacing--40);padding-right:var(--wp--preset--spacing--60);padding-bottom:var(--wp--preset--spacing--40);padding-left:var(--wp--preset--spacing--60)\">\n<div class=\"wp-block-group is-layout-constrained wp-block-group-is-layout-constrained\" style=\"margin-top:0;margin-bottom:0\">\n<div class=\"wp-block-group is-layout-constrained wp-block-group-is-layout-constrained\">\n<div class=\"wp-block-group is-layout-constrained wp-container-core-group-is-layout-d2702112 wp-block-group-is-layout-constrained\" style=\"padding-top:var(--wp--preset--spacing--30);padding-right:var(--wp--preset--spacing--40);padding-bottom:var(--wp--preset--spacing--30);padding-left:var(--wp--preset--spacing--40)\">\n<div class=\"wp-block-group is-layout-constrained wp-block-group-is-layout-constrained\">\n<ol start=\"1\" class=\"wp-block-list\">\n<li><strong>V\u00e6lg en hovedblomst<\/strong>: Start med en i\u00f8jnefaldende blomst som omdrejningspunkt. Her er p\u00e5skeliljer et klassisk valg.\u00a0<\/li>\n<\/ol>\n\n\n\n<ol start=\"2\" class=\"wp-block-list\">\n<li><strong>Tilf\u00f8j variation<\/strong>: Bland forskellige blomstertyper for at skabe dybde og interesse. Pr\u00f8v at kombinere p\u00e5skeliljer med tulipaner og ranunkler.&nbsp;<\/li>\n<\/ol>\n\n\n\n<ol start=\"3\" class=\"wp-block-list\">\n<li><strong>T\u00e6nk i farver<\/strong>: P\u00e5skens farver er typisk pastelagtige. Pr\u00f8v gule, lyser\u00f8de og hvide nuancer for et traditionelt look, eller g\u00e5 all-in med kraftige farver for et mere moderne udtryk.&nbsp;<\/li>\n<\/ol>\n\n\n\n<ol start=\"4\" class=\"wp-block-list\">\n<li><strong>Glem ikke det gr\u00f8nne<\/strong>: Tilf\u00f8j gr\u00f8nne blade eller kviste for at give din buket fylde og balance.&nbsp;<\/li>\n<\/ol>\n\n\n\n<ol start=\"5\" class=\"wp-block-list\">\n<li><strong>Personligg\u00f8r din p\u00e5skebuket<\/strong>: Tilf\u00f8j p\u00e5skepynt som sm\u00e5 \u00e6g eller fjer for at give din buket en festlig twist.&nbsp;<\/li>\n<\/ol>\n<\/div>\n<\/div>\n<\/div>\n<\/div>\n<\/div>\n\n\n\n<p class=\"has-text-align-center\">Husk, at den perfekte p\u00e5skebuket afspejler din personlige stil. Leg med forskellige kombinationer, indtil du finder den, der passer netop til dig.&nbsp;&nbsp;<\/p>\n\n\n\n<div class=\"wp-block-buttons is-content-justification-center is-layout-flex wp-container-core-buttons-is-layout-a89b3969 wp-block-buttons-is-layout-flex\">\n<div class=\"wp-block-button\"><a class=\"wp-block-button__link has-medium-font-size has-text-align-center has-custom-font-size wp-element-button\" href=\"https:\/\/interflora.dk\/produkter\/anledninger\/paaskeblomster-og-buketter?utm_source=blog&amp;utm_medium=organic&amp;utm_campaign=easter-cta\">Se vores p\u00e5skekollektion<\/a><\/div>\n<\/div>\n\n\n<div class=\"lp-produits-grid\"><div class=\"lp-produit\"><div class=\"lp-thumbnail-wrapper\"><img loading=\"lazy\" decoding=\"async\" width=\"300\" height=\"300\" src=\"https:\/\/interflora.dk\/blog\/wp-content\/uploads\/2025\/09\/DEN_VENLIGE_VINTERVERSION_HAND_v_0-300x300.jpg\" class=\"attachment-medium size-medium wp-post-image\" alt=\"\" srcset=\"https:\/\/interflora.dk\/blog\/wp-content\/uploads\/2025\/09\/DEN_VENLIGE_VINTERVERSION_HAND_v_0-300x300.jpg 300w, https:\/\/interflora.dk\/blog\/wp-content\/uploads\/2025\/09\/DEN_VENLIGE_VINTERVERSION_HAND_v_0-1024x1024.jpg 1024w, https:\/\/interflora.dk\/blog\/wp-content\/uploads\/2025\/09\/DEN_VENLIGE_VINTERVERSION_HAND_v_0-150x150.jpg 150w, https:\/\/interflora.dk\/blog\/wp-content\/uploads\/2025\/09\/DEN_VENLIGE_VINTERVERSION_HAND_v_0-768x768.jpg 768w, https:\/\/interflora.dk\/blog\/wp-content\/uploads\/2025\/09\/DEN_VENLIGE_VINTERVERSION_HAND_v_0.jpg 1200w\" sizes=\"auto, (max-width: 300px) 100vw, 300px\" \/><img decoding=\"async\" class=\"lp-badge\" src=\"https:\/\/prodblog.interflora.dk\/blog\/wp-content\/uploads\/2025\/09\/220422_INTERFLORA_Main_Logo_rgb_Main_Color.avif\" alt=\"Send blomster med Interflora\"><\/div><span>Den venlige<\/span><p>Fra 229 kr.<\/p><span class=\"obf-link lp-cta\" role=\"link\" tabindex=\"0\" data-b64=\"aHR0cHM6Ly9pbnRlcmZsb3JhLmRrL3Byb2R1a3QvZGVuLXZlbmxpZ2U\/dj0xNTgwMiYjMDM4O3ZhcmlhdGlvbj1jMDRiZDM3OC1kZGYyLTRjMmItYmM5My1hYWM2ZWJlZWUwNDI\/dXRtX21lZGl1bT1vcmdhbmljJnV0bV9zb3VyY2U9YmxvZ19wcm9kdWN0cyZ1dG1fY2FtcGFpZ249NTc0Ng==\" data-target=\"_blank\"><svg xmlns=\"http:\/\/www.w3.org\/2000\/svg\" width=\"16\" height=\"16\" fill=\"currentColor\" class=\"bi bi-bag\" viewBox=\"0 0 16 16\"><path d=\"M8 1a2 2 0 0 1 2 2v1h2.5A1.5 1.5 0 0 1 14 5.5v8A1.5 1.5 0 0 1 12.5 15h-9A1.5 1.5 0 0 1 2 13.5v-8A1.5 1.5 0 0 1 3.5 3H6V2a2 2 0 0 1 2-1zm1 3V3a1 1 0 0 0-2 0v1h2z\"\/><\/svg>K\u00f8b her<\/span><p class=\"rapido\">Levering i hele Danmark<\/p><\/div><div class=\"lp-produit\"><div class=\"lp-thumbnail-wrapper\"><img loading=\"lazy\" decoding=\"async\" width=\"300\" height=\"300\" src=\"https:\/\/interflora.dk\/blog\/wp-content\/uploads\/2025\/09\/DEN_TIL_FOEDSELSDAGEN_VINTER_SMALL_127_v-300x300.jpg\" class=\"attachment-medium size-medium wp-post-image\" alt=\"\" srcset=\"https:\/\/interflora.dk\/blog\/wp-content\/uploads\/2025\/09\/DEN_TIL_FOEDSELSDAGEN_VINTER_SMALL_127_v-300x300.jpg 300w, https:\/\/interflora.dk\/blog\/wp-content\/uploads\/2025\/09\/DEN_TIL_FOEDSELSDAGEN_VINTER_SMALL_127_v-1024x1024.jpg 1024w, https:\/\/interflora.dk\/blog\/wp-content\/uploads\/2025\/09\/DEN_TIL_FOEDSELSDAGEN_VINTER_SMALL_127_v-150x150.jpg 150w, https:\/\/interflora.dk\/blog\/wp-content\/uploads\/2025\/09\/DEN_TIL_FOEDSELSDAGEN_VINTER_SMALL_127_v-768x768.jpg 768w, https:\/\/interflora.dk\/blog\/wp-content\/uploads\/2025\/09\/DEN_TIL_FOEDSELSDAGEN_VINTER_SMALL_127_v.jpg 1200w\" sizes=\"auto, (max-width: 300px) 100vw, 300px\" \/><img decoding=\"async\" class=\"lp-badge\" src=\"https:\/\/prodblog.interflora.dk\/blog\/wp-content\/uploads\/2025\/09\/220422_INTERFLORA_Main_Logo_rgb_Main_Color.avif\" alt=\"Send blomster med Interflora\"><\/div><span>Den til f\u00f8dselsdagen<\/span><p>Fra 299 kr.<\/p><span class=\"obf-link lp-cta\" role=\"link\" tabindex=\"0\" data-b64=\"aHR0cHM6Ly9pbnRlcmZsb3JhLmRrL3Byb2R1a3QvZGVuLXRpbC1mb2Vkc2Vsc2RhZ2VuP3Y9MTU1MSYjMDM4O3ZhcmlhdGlvbj05M2NjOTRlNi0zZmJlLTQ1OTgtYjAwNS03YTk5NTNiNGZlNGI\/dXRtX21lZGl1bT1vcmdhbmljJnV0bV9zb3VyY2U9YmxvZ19wcm9kdWN0cyZ1dG1fY2FtcGFpZ249MTI3\" data-target=\"_blank\"><svg xmlns=\"http:\/\/www.w3.org\/2000\/svg\" width=\"16\" height=\"16\" fill=\"currentColor\" class=\"bi bi-bag\" viewBox=\"0 0 16 16\"><path d=\"M8 1a2 2 0 0 1 2 2v1h2.5A1.5 1.5 0 0 1 14 5.5v8A1.5 1.5 0 0 1 12.5 15h-9A1.5 1.5 0 0 1 2 13.5v-8A1.5 1.5 0 0 1 3.5 3H6V2a2 2 0 0 1 2-1zm1 3V3a1 1 0 0 0-2 0v1h2z\"\/><\/svg>K\u00f8b her<\/span><p class=\"rapido\">Levering i dag<\/p><\/div><div class=\"lp-produit\"><div class=\"lp-thumbnail-wrapper\"><img loading=\"lazy\" decoding=\"async\" width=\"300\" height=\"300\" src=\"https:\/\/interflora.dk\/blog\/wp-content\/uploads\/2025\/09\/DEN_SOEDE_OMTANKE_HAND_173-300x300.jpg\" class=\"attachment-medium size-medium wp-post-image\" alt=\"\" srcset=\"https:\/\/interflora.dk\/blog\/wp-content\/uploads\/2025\/09\/DEN_SOEDE_OMTANKE_HAND_173-300x300.jpg 300w, https:\/\/interflora.dk\/blog\/wp-content\/uploads\/2025\/09\/DEN_SOEDE_OMTANKE_HAND_173-1024x1024.jpg 1024w, https:\/\/interflora.dk\/blog\/wp-content\/uploads\/2025\/09\/DEN_SOEDE_OMTANKE_HAND_173-150x150.jpg 150w, https:\/\/interflora.dk\/blog\/wp-content\/uploads\/2025\/09\/DEN_SOEDE_OMTANKE_HAND_173-768x768.jpg 768w, https:\/\/interflora.dk\/blog\/wp-content\/uploads\/2025\/09\/DEN_SOEDE_OMTANKE_HAND_173.jpg 1200w\" sizes=\"auto, (max-width: 300px) 100vw, 300px\" \/><img decoding=\"async\" class=\"lp-badge\" src=\"https:\/\/prodblog.interflora.dk\/blog\/wp-content\/uploads\/2025\/09\/220422_INTERFLORA_Main_Logo_rgb_Main_Color.avif\" alt=\"Send blomster med Interflora\"><\/div><span>Den s\u00f8de omtanke<\/span><p>Fra 319 kr.<\/p><span class=\"obf-link lp-cta\" role=\"link\" tabindex=\"0\" data-b64=\"aHR0cHM6Ly9pbnRlcmZsb3JhLmRrL3Byb2R1a3QvZGVuLXNvZWRlLW9tdGFua2U\/dj0xOTI2JiMwMzg7dmFyaWF0aW9uPTNlY2U2YmYxLTdhOTAtNDQwMi1iYzQ5LWM4ZTcyMjQ4ODM5ND91dG1fbWVkaXVtPW9yZ2FuaWMmdXRtX3NvdXJjZT1ibG9nX3Byb2R1Y3RzJnV0bV9jYW1wYWlnbj0xNzM=\" data-target=\"_blank\"><svg xmlns=\"http:\/\/www.w3.org\/2000\/svg\" width=\"16\" height=\"16\" fill=\"currentColor\" class=\"bi bi-bag\" viewBox=\"0 0 16 16\"><path d=\"M8 1a2 2 0 0 1 2 2v1h2.5A1.5 1.5 0 0 1 14 5.5v8A1.5 1.5 0 0 1 12.5 15h-9A1.5 1.5 0 0 1 2 13.5v-8A1.5 1.5 0 0 1 3.5 3H6V2a2 2 0 0 1 2-1zm1 3V3a1 1 0 0 0-2 0v1h2z\"\/><\/svg>K\u00f8b her<\/span><p class=\"rapido\">H\u00e5ndbundet af florister<\/p><\/div><div class=\"lp-produit\"><div class=\"lp-thumbnail-wrapper\"><img loading=\"lazy\" decoding=\"async\" width=\"300\" height=\"300\" src=\"https:\/\/interflora.dk\/blog\/wp-content\/uploads\/2025\/09\/DEN_FARVERRIGE_HILSEN_6370_MEDIUM_v-300x300.jpg\" class=\"attachment-medium size-medium wp-post-image\" alt=\"\" srcset=\"https:\/\/interflora.dk\/blog\/wp-content\/uploads\/2025\/09\/DEN_FARVERRIGE_HILSEN_6370_MEDIUM_v-300x300.jpg 300w, https:\/\/interflora.dk\/blog\/wp-content\/uploads\/2025\/09\/DEN_FARVERRIGE_HILSEN_6370_MEDIUM_v-1024x1024.jpg 1024w, https:\/\/interflora.dk\/blog\/wp-content\/uploads\/2025\/09\/DEN_FARVERRIGE_HILSEN_6370_MEDIUM_v-150x150.jpg 150w, https:\/\/interflora.dk\/blog\/wp-content\/uploads\/2025\/09\/DEN_FARVERRIGE_HILSEN_6370_MEDIUM_v-768x768.jpg 768w, https:\/\/interflora.dk\/blog\/wp-content\/uploads\/2025\/09\/DEN_FARVERRIGE_HILSEN_6370_MEDIUM_v.jpg 1200w\" sizes=\"auto, (max-width: 300px) 100vw, 300px\" \/><img decoding=\"async\" class=\"lp-badge\" src=\"https:\/\/prodblog.interflora.dk\/blog\/wp-content\/uploads\/2025\/09\/220422_INTERFLORA_Main_Logo_rgb_Main_Color.avif\" alt=\"Send blomster med Interflora\"><\/div><span>Den farverige hilsen<\/span><p>Fra 219 kr.<\/p><span class=\"obf-link lp-cta\" role=\"link\" tabindex=\"0\" data-b64=\"aHR0cHM6Ly9pbnRlcmZsb3JhLmRrL3Byb2R1a3QvZGVuLWZhcnZlcmlnZS1oaWxzZW4\/dj0xNzQ3NiYjMDM4O3ZhcmlhdGlvbj04OTY2NWI0OC04MDQ5LTQ5ZjYtODczMS01MWY3MWQ1ZjRiOTQ\/dXRtX21lZGl1bT1vcmdhbmljJnV0bV9zb3VyY2U9YmxvZ19wcm9kdWN0cyZ1dG1fY2FtcGFpZ249ODM3MA==\" data-target=\"_blank\"><svg xmlns=\"http:\/\/www.w3.org\/2000\/svg\" width=\"16\" height=\"16\" fill=\"currentColor\" class=\"bi bi-bag\" viewBox=\"0 0 16 16\"><path d=\"M8 1a2 2 0 0 1 2 2v1h2.5A1.5 1.5 0 0 1 14 5.5v8A1.5 1.5 0 0 1 12.5 15h-9A1.5 1.5 0 0 1 2 13.5v-8A1.5 1.5 0 0 1 3.5 3H6V2a2 2 0 0 1 2-1zm1 3V3a1 1 0 0 0-2 0v1h2z\"\/><\/svg>K\u00f8b her<\/span><p class=\"rapido\">H\u00e5ndbundet af florister<\/p><\/div><\/div>\n\n\n\n<h2 class=\"wp-block-heading alignwide has-text-align-left\">P\u00e5skeblomster som gave: Spred for\u00e5rsgl\u00e6de&nbsp;<\/h2>\n\n\n\n<p class=\"has-text-align-left\">P\u00e5sken er en tid for samv\u00e6r og fejring, og hvad er bedre end at bringe en buket for\u00e5r med sig som gave? En omhyggeligt udvalgt p\u00e5skebuket kan v\u00e6re den perfekte v\u00e6rtindegave eller en k\u00e6rlig gestus til en, du holder af. T\u00e6nk p\u00e5 modtagerens personlighed, n\u00e5r du v\u00e6lger din gave. Er de vilde med klassisk elegance? S\u00e5 kunne en buket hvide liljer v\u00e6re perfekt. Elsker de farver og liv? S\u00e5 kan du pr\u00f8ve en farverig blanding af tulipaner, p\u00e5skeliljer og hyacinter.&nbsp;<\/p>\n\n\n\n<p class=\"has-text-align-left\">\u00d8nsker du at tilf\u00f8je en personlig hilsen? S\u00e5 kan du finde <a href=\"https:\/\/interflora.dk\/blog\/paaskehilsen\/\" target=\"_blank\" rel=\"noreferrer noopener\">inspiration til din p\u00e5skehilsen<\/a> i vores blogindl\u00e6g. Og hvis du vil dykke dybere ned i p\u00e5skens traditioner og m\u00e5ske endda l\u00e6re at lave et smukt g\u00e6kkebrev, s\u00e5 tag et kig p\u00e5 vores <a href=\"https:\/\/interflora.dk\/blog\/paasketraditioner\/\" target=\"_blank\" rel=\"noreferrer noopener\">guide til p\u00e5sketraditioner og g\u00e6kkebreve<\/a>. Det er en sk\u00f8n m\u00e5de at tilf\u00f8je en ekstra personlig og traditionel touch til din p\u00e5skegave!&nbsp;<\/p>\n\n\n\n<h2 class=\"wp-block-heading alignwide has-text-align-left\">Kreative id\u00e9er til p\u00e5skeblomster i hjemmet&nbsp;<\/h2>\n\n\n\n<p class=\"has-text-align-left\">P\u00e5skeblomster er ikke kun til buketter. De kan bruges kreativt i hele hjemmet for at skabe en festlig p\u00e5skestemning:&nbsp;<\/p>\n\n\n\n<div class=\"wp-block-group has-background is-layout-constrained wp-container-core-group-is-layout-2294234b wp-block-group-is-layout-constrained\" style=\"background-color:#bf992412;padding-top:var(--wp--preset--spacing--40);padding-right:var(--wp--preset--spacing--60);padding-bottom:var(--wp--preset--spacing--40);padding-left:var(--wp--preset--spacing--60)\">\n<div class=\"wp-block-group is-layout-constrained wp-block-group-is-layout-constrained\" style=\"margin-top:0;margin-bottom:0\">\n<div class=\"wp-block-group is-layout-constrained wp-block-group-is-layout-constrained\">\n<div class=\"wp-block-group is-layout-constrained wp-container-core-group-is-layout-d2702112 wp-block-group-is-layout-constrained\" style=\"padding-top:var(--wp--preset--spacing--30);padding-right:var(--wp--preset--spacing--40);padding-bottom:var(--wp--preset--spacing--30);padding-left:var(--wp--preset--spacing--40)\">\n<div class=\"wp-block-group is-layout-constrained wp-block-group-is-layout-constrained\">\n<ul class=\"wp-block-list\">\n<li>Plac\u00e9r sm\u00e5 vaser med enkeltblomster rundt om i huset for sm\u00e5 glimt af for\u00e5r.&nbsp;<\/li>\n<\/ul>\n\n\n\n<ul class=\"wp-block-list\">\n<li>Lav smukt\u202f<a href=\"https:\/\/interflora.dk\/blog\/paaskedekorationer-til-bordet\/#toc-6\" target=\"_blank\" rel=\"noreferrer noopener\">bordpynt med p\u00e5skeblomster<\/a>\u202fi en lav sk\u00e5l, pyntet med p\u00e5ske\u00e6g og sm\u00e5 kviste.&nbsp;<\/li>\n<\/ul>\n\n\n\n<ul class=\"wp-block-list\">\n<li>H\u00e6ng en krans af for\u00e5rsblomster p\u00e5 din d\u00f8r som en festlig velkomst.&nbsp;<\/li>\n<\/ul>\n\n\n\n<ul class=\"wp-block-list\">\n<li>Fyld p\u00e5ske\u00e6ggeskaller med sm\u00e5 blomsterbuketter for en unik og charmerende dekoration.&nbsp;<\/li>\n<\/ul>\n<\/div>\n<\/div>\n<\/div>\n<\/div>\n<\/div>\n\n\n\n<p class=\"has-text-align-center\" style=\"padding-bottom:var(--wp--preset--spacing--30)\">Husk, at p\u00e5skeblomster ikke kun er til pynt &#8211; de bringer ogs\u00e5 duften og f\u00f8lelsen af for\u00e5r ind i dit hjem, hvilket kan l\u00f8fte hum\u00f8ret og skabe en dejlig atmosf\u00e6re for din p\u00e5skefejring.&nbsp;<\/p>\n\n\n\n<h2 class=\"wp-block-heading alignwide has-text-align-left\">Interfloras p\u00e5skekollektion<\/h2>\n\n\n\n<p class=\"has-text-align-left\">F\u00f8ler du dig overv\u00e6ldet af alle mulighederne, eller \u00f8nsker du bare at give den allerbedste p\u00e5skegave? S\u00e5 er <a href=\"https:\/\/interflora.dk\/produkter\/anledninger\/paaskeblomster-og-buketter\" target=\"_blank\" rel=\"noreferrer noopener\">vores p\u00e5skekollektion<\/a> det perfekte sted at starte. Lad vores blomstereksperter guide dig gennem p\u00e5skens blomsterverden. Vores p\u00e5skekollektion byder p\u00e5 alt fra klassiske p\u00e5skeliljer til nyt\u00e6nkende og innovative arrangementer, der passer til enhver smag og anledning.<\/p>\n\n\n\n<div class=\"wp-block-columns is-layout-flex wp-container-core-columns-is-layout-28f84493 wp-block-columns-is-layout-flex\">\n<div class=\"wp-block-column is-layout-flow wp-block-column-is-layout-flow\" style=\"flex-basis:33.33%\">\n<figure class=\"wp-block-image aligncenter size-large is-resized\"><img loading=\"lazy\" decoding=\"async\" width=\"737\" height=\"1024\" src=\"https:\/\/interflora.dk\/blog\/wp-content\/uploads\/2025\/03\/Anemones-Jennifer-Borge-737x1024.jpeg\" alt=\"anemonebuket i lyse nuancer p\u00e5 bord med dug\" class=\"wp-image-52035\" style=\"aspect-ratio:0.7197326141840716;width:372px;height:auto\" srcset=\"https:\/\/interflora.dk\/blog\/wp-content\/uploads\/2025\/03\/Anemones-Jennifer-Borge-737x1024.jpeg 737w, https:\/\/interflora.dk\/blog\/wp-content\/uploads\/2025\/03\/Anemones-Jennifer-Borge-216x300.jpeg 216w, https:\/\/interflora.dk\/blog\/wp-content\/uploads\/2025\/03\/Anemones-Jennifer-Borge-768x1067.jpeg 768w, https:\/\/interflora.dk\/blog\/wp-content\/uploads\/2025\/03\/Anemones-Jennifer-Borge.jpeg 871w\" sizes=\"auto, (max-width: 737px) 100vw, 737px\" \/><\/figure>\n<\/div>\n\n\n\n<div class=\"wp-block-column is-layout-flow wp-block-column-is-layout-flow\" style=\"flex-basis:66.66%\">\n<figure class=\"wp-block-image aligncenter size-full\"><img loading=\"lazy\" decoding=\"async\" width=\"900\" height=\"595\" src=\"https:\/\/interflora.dk\/blog\/wp-content\/uploads\/2025\/03\/1202319-Januaribuketten-miljobild-Staende-Narbild-2024-3-1-e1742297831225.jpeg\" alt=\"p\u00e5skebuket med lyser\u00f8de tulipaner og anemoner\" class=\"wp-image-52096\" srcset=\"https:\/\/interflora.dk\/blog\/wp-content\/uploads\/2025\/03\/1202319-Januaribuketten-miljobild-Staende-Narbild-2024-3-1-e1742297831225.jpeg 900w, https:\/\/interflora.dk\/blog\/wp-content\/uploads\/2025\/03\/1202319-Januaribuketten-miljobild-Staende-Narbild-2024-3-1-e1742297831225-300x198.jpeg 300w, https:\/\/interflora.dk\/blog\/wp-content\/uploads\/2025\/03\/1202319-Januaribuketten-miljobild-Staende-Narbild-2024-3-1-e1742297831225-768x508.jpeg 768w\" sizes=\"auto, (max-width: 900px) 100vw, 900px\" \/><\/figure>\n<\/div>\n<\/div>\n\n\n\n<h2 class=\"wp-block-heading alignwide has-text-align-left\">Lad p\u00e5skeblomster fort\u00e6lle din for\u00e5rshistorie&nbsp;<\/h2>\n\n\n\n<p class=\"has-text-align-left\">P\u00e5skeblomster er naturens m\u00e5de at fejre livets fornyelse. Lad deres sk\u00f8nhed inspirere din p\u00e5skefejring, hvad enten du dekorerer dit hjem, giver en gave eller bare nyder synet af for\u00e5rets f\u00f8rste blomster.&nbsp;<\/p>\n\n\n\n<p class=\"has-text-align-left\">Bes\u00f8g <a href=\"https:\/\/interflora.dk\/produkter\/anledninger\/paaskeblomster-og-buketter\" target=\"_blank\" rel=\"noreferrer noopener\">Interfloras p\u00e5skekollektion<\/a> i dag, og lad os hj\u00e6lpe dig med at bringe p\u00e5skens magi ind i dit hjem. <br>Gl\u00e6delig p\u00e5ske og god forn\u00f8jelse med at skabe din egen blomstrende fejring!&nbsp;<\/p>\n<\/div>\n\n\n\n<div class=\"wp-block-buttons is-content-justification-center is-layout-flex wp-container-core-buttons-is-layout-a89b3969 wp-block-buttons-is-layout-flex\">\n<div class=\"wp-block-button\"><a class=\"wp-block-button__link has-medium-font-size has-text-align-center has-custom-font-size wp-element-button\" href=\"https:\/\/interflora.dk\/produkter\/anledninger\/paaskeblomster-og-buketter?utm_source=blog&amp;utm_medium=organic&amp;utm_campaign=easter-cta\">Se vores fine p\u00e5skebuketter<\/a><\/div>\n<\/div>\n\n\n<div class=\"lp-produits-grid\"><div class=\"lp-produit\"><div class=\"lp-thumbnail-wrapper\"><img loading=\"lazy\" decoding=\"async\" width=\"300\" height=\"300\" src=\"https:\/\/interflora.dk\/blog\/wp-content\/uploads\/2025\/09\/SAMMENSAET_DIN_EGEN_GAVEKURV_535-300x300.jpg\" class=\"attachment-medium size-medium wp-post-image\" alt=\"\" srcset=\"https:\/\/interflora.dk\/blog\/wp-content\/uploads\/2025\/09\/SAMMENSAET_DIN_EGEN_GAVEKURV_535-300x300.jpg 300w, https:\/\/interflora.dk\/blog\/wp-content\/uploads\/2025\/09\/SAMMENSAET_DIN_EGEN_GAVEKURV_535-1024x1024.jpg 1024w, https:\/\/interflora.dk\/blog\/wp-content\/uploads\/2025\/09\/SAMMENSAET_DIN_EGEN_GAVEKURV_535-150x150.jpg 150w, https:\/\/interflora.dk\/blog\/wp-content\/uploads\/2025\/09\/SAMMENSAET_DIN_EGEN_GAVEKURV_535-768x768.jpg 768w, https:\/\/interflora.dk\/blog\/wp-content\/uploads\/2025\/09\/SAMMENSAET_DIN_EGEN_GAVEKURV_535.jpg 1200w\" sizes=\"auto, (max-width: 300px) 100vw, 300px\" \/><img decoding=\"async\" class=\"lp-badge\" src=\"https:\/\/prodblog.interflora.dk\/blog\/wp-content\/uploads\/2025\/09\/220422_INTERFLORA_Main_Logo_rgb_Main_Color.avif\" alt=\"Send blomster med Interflora\"><\/div><span>Sammens\u00e6t din egen gavekurv<\/span><p>Fra 14 kr.<\/p><span class=\"obf-link lp-cta\" role=\"link\" tabindex=\"0\" data-b64=\"aHR0cHM6Ly9pbnRlcmZsb3JhLmRrL3Byb2R1a3Qvc2FtbWVuc2FldC1kaW4tZWdlbi1nYXZla3Vydj91dG1fbWVkaXVtPW9yZ2FuaWMmdXRtX3NvdXJjZT1ibG9nX3Byb2R1Y3RzJnV0bV9jYW1wYWlnbj01MzU=\" data-target=\"_blank\"><svg xmlns=\"http:\/\/www.w3.org\/2000\/svg\" width=\"16\" height=\"16\" fill=\"currentColor\" class=\"bi bi-bag\" viewBox=\"0 0 16 16\"><path d=\"M8 1a2 2 0 0 1 2 2v1h2.5A1.5 1.5 0 0 1 14 5.5v8A1.5 1.5 0 0 1 12.5 15h-9A1.5 1.5 0 0 1 2 13.5v-8A1.5 1.5 0 0 1 3.5 3H6V2a2 2 0 0 1 2-1zm1 3V3a1 1 0 0 0-2 0v1h2z\"\/><\/svg>K\u00f8b her<\/span><p class=\"rapido\">Friske blomster<\/p><\/div><div class=\"lp-produit\"><div class=\"lp-thumbnail-wrapper\"><img loading=\"lazy\" decoding=\"async\" width=\"300\" height=\"300\" src=\"https:\/\/interflora.dk\/blog\/wp-content\/uploads\/2025\/09\/DEN_VENLIGE_VINTERVERSION_HAND_v_0-300x300.jpg\" class=\"attachment-medium size-medium wp-post-image\" alt=\"\" srcset=\"https:\/\/interflora.dk\/blog\/wp-content\/uploads\/2025\/09\/DEN_VENLIGE_VINTERVERSION_HAND_v_0-300x300.jpg 300w, https:\/\/interflora.dk\/blog\/wp-content\/uploads\/2025\/09\/DEN_VENLIGE_VINTERVERSION_HAND_v_0-1024x1024.jpg 1024w, https:\/\/interflora.dk\/blog\/wp-content\/uploads\/2025\/09\/DEN_VENLIGE_VINTERVERSION_HAND_v_0-150x150.jpg 150w, https:\/\/interflora.dk\/blog\/wp-content\/uploads\/2025\/09\/DEN_VENLIGE_VINTERVERSION_HAND_v_0-768x768.jpg 768w, https:\/\/interflora.dk\/blog\/wp-content\/uploads\/2025\/09\/DEN_VENLIGE_VINTERVERSION_HAND_v_0.jpg 1200w\" sizes=\"auto, (max-width: 300px) 100vw, 300px\" \/><img decoding=\"async\" class=\"lp-badge\" src=\"https:\/\/prodblog.interflora.dk\/blog\/wp-content\/uploads\/2025\/09\/220422_INTERFLORA_Main_Logo_rgb_Main_Color.avif\" alt=\"Send blomster med Interflora\"><\/div><span>Den venlige<\/span><p>Fra 229 kr.<\/p><span class=\"obf-link lp-cta\" role=\"link\" tabindex=\"0\" data-b64=\"aHR0cHM6Ly9pbnRlcmZsb3JhLmRrL3Byb2R1a3QvZGVuLXZlbmxpZ2U\/dj0xNTgwMiYjMDM4O3ZhcmlhdGlvbj1jMDRiZDM3OC1kZGYyLTRjMmItYmM5My1hYWM2ZWJlZWUwNDI\/dXRtX21lZGl1bT1vcmdhbmljJnV0bV9zb3VyY2U9YmxvZ19wcm9kdWN0cyZ1dG1fY2FtcGFpZ249NTc0Ng==\" data-target=\"_blank\"><svg xmlns=\"http:\/\/www.w3.org\/2000\/svg\" width=\"16\" height=\"16\" fill=\"currentColor\" class=\"bi bi-bag\" viewBox=\"0 0 16 16\"><path d=\"M8 1a2 2 0 0 1 2 2v1h2.5A1.5 1.5 0 0 1 14 5.5v8A1.5 1.5 0 0 1 12.5 15h-9A1.5 1.5 0 0 1 2 13.5v-8A1.5 1.5 0 0 1 3.5 3H6V2a2 2 0 0 1 2-1zm1 3V3a1 1 0 0 0-2 0v1h2z\"\/><\/svg>K\u00f8b her<\/span><p class=\"rapido\">Din personlige hilsen<\/p><\/div><div class=\"lp-produit\"><div class=\"lp-thumbnail-wrapper\"><img loading=\"lazy\" decoding=\"async\" width=\"300\" height=\"300\" src=\"https:\/\/interflora.dk\/blog\/wp-content\/uploads\/2025\/09\/DEN_FARVERRIGE_HILSEN_6370_MEDIUM_v-300x300.jpg\" class=\"attachment-medium size-medium wp-post-image\" alt=\"\" srcset=\"https:\/\/interflora.dk\/blog\/wp-content\/uploads\/2025\/09\/DEN_FARVERRIGE_HILSEN_6370_MEDIUM_v-300x300.jpg 300w, https:\/\/interflora.dk\/blog\/wp-content\/uploads\/2025\/09\/DEN_FARVERRIGE_HILSEN_6370_MEDIUM_v-1024x1024.jpg 1024w, https:\/\/interflora.dk\/blog\/wp-content\/uploads\/2025\/09\/DEN_FARVERRIGE_HILSEN_6370_MEDIUM_v-150x150.jpg 150w, https:\/\/interflora.dk\/blog\/wp-content\/uploads\/2025\/09\/DEN_FARVERRIGE_HILSEN_6370_MEDIUM_v-768x768.jpg 768w, https:\/\/interflora.dk\/blog\/wp-content\/uploads\/2025\/09\/DEN_FARVERRIGE_HILSEN_6370_MEDIUM_v.jpg 1200w\" sizes=\"auto, (max-width: 300px) 100vw, 300px\" \/><img decoding=\"async\" class=\"lp-badge\" src=\"https:\/\/prodblog.interflora.dk\/blog\/wp-content\/uploads\/2025\/09\/220422_INTERFLORA_Main_Logo_rgb_Main_Color.avif\" alt=\"Send blomster med Interflora\"><\/div><span>Den farverige hilsen<\/span><p>Fra 219 kr.<\/p><span class=\"obf-link lp-cta\" role=\"link\" tabindex=\"0\" data-b64=\"aHR0cHM6Ly9pbnRlcmZsb3JhLmRrL3Byb2R1a3QvZGVuLWZhcnZlcmlnZS1oaWxzZW4\/dj0xNzQ3NiYjMDM4O3ZhcmlhdGlvbj04OTY2NWI0OC04MDQ5LTQ5ZjYtODczMS01MWY3MWQ1ZjRiOTQ\/dXRtX21lZGl1bT1vcmdhbmljJnV0bV9zb3VyY2U9YmxvZ19wcm9kdWN0cyZ1dG1fY2FtcGFpZ249ODM3MA==\" data-target=\"_blank\"><svg xmlns=\"http:\/\/www.w3.org\/2000\/svg\" width=\"16\" height=\"16\" fill=\"currentColor\" class=\"bi bi-bag\" viewBox=\"0 0 16 16\"><path d=\"M8 1a2 2 0 0 1 2 2v1h2.5A1.5 1.5 0 0 1 14 5.5v8A1.5 1.5 0 0 1 12.5 15h-9A1.5 1.5 0 0 1 2 13.5v-8A1.5 1.5 0 0 1 3.5 3H6V2a2 2 0 0 1 2-1zm1 3V3a1 1 0 0 0-2 0v1h2z\"\/><\/svg>K\u00f8b her<\/span><p class=\"rapido\">Levering i dag<\/p><\/div><div class=\"lp-produit\"><div class=\"lp-thumbnail-wrapper\"><img loading=\"lazy\" decoding=\"async\" width=\"300\" height=\"300\" src=\"https:\/\/interflora.dk\/blog\/wp-content\/uploads\/2025\/09\/FINE_LILJEHILSEN_VERSION_01_MEDIUM_w2028229-300x300.jpg\" class=\"attachment-medium size-medium wp-post-image\" alt=\"\" srcset=\"https:\/\/interflora.dk\/blog\/wp-content\/uploads\/2025\/09\/FINE_LILJEHILSEN_VERSION_01_MEDIUM_w2028229-300x300.jpg 300w, https:\/\/interflora.dk\/blog\/wp-content\/uploads\/2025\/09\/FINE_LILJEHILSEN_VERSION_01_MEDIUM_w2028229-1024x1024.jpg 1024w, https:\/\/interflora.dk\/blog\/wp-content\/uploads\/2025\/09\/FINE_LILJEHILSEN_VERSION_01_MEDIUM_w2028229-150x150.jpg 150w, https:\/\/interflora.dk\/blog\/wp-content\/uploads\/2025\/09\/FINE_LILJEHILSEN_VERSION_01_MEDIUM_w2028229-768x768.jpg 768w, https:\/\/interflora.dk\/blog\/wp-content\/uploads\/2025\/09\/FINE_LILJEHILSEN_VERSION_01_MEDIUM_w2028229.jpg 1200w\" sizes=\"auto, (max-width: 300px) 100vw, 300px\" \/><img decoding=\"async\" class=\"lp-badge\" src=\"https:\/\/prodblog.interflora.dk\/blog\/wp-content\/uploads\/2025\/09\/220422_INTERFLORA_Main_Logo_rgb_Main_Color.avif\" alt=\"Send blomster med Interflora\"><\/div><span>Den fine liljehilsen<\/span><p>Fra 219 kr.<\/p><span class=\"obf-link lp-cta\" role=\"link\" tabindex=\"0\" data-b64=\"aHR0cHM6Ly9pbnRlcmZsb3JhLmRrL3Byb2R1a3QvZGVuLWZpbmUtbGlsamVoaWxzZW4\/dj0xNzU5NSYjMDM4O3ZhcmlhdGlvbj03YTZiNzY5Mi05NThjLTQ5MjYtYWIyNy0yZjRjYWEwMWJkZGI\/dXRtX21lZGl1bT1vcmdhbmljJnV0bV9zb3VyY2U9YmxvZ19wcm9kdWN0cyZ1dG1fY2FtcGFpZ249NzQ4MA==\" data-target=\"_blank\"><svg xmlns=\"http:\/\/www.w3.org\/2000\/svg\" width=\"16\" height=\"16\" fill=\"currentColor\" class=\"bi bi-bag\" viewBox=\"0 0 16 16\"><path d=\"M8 1a2 2 0 0 1 2 2v1h2.5A1.5 1.5 0 0 1 14 5.5v8A1.5 1.5 0 0 1 12.5 15h-9A1.5 1.5 0 0 1 2 13.5v-8A1.5 1.5 0 0 1 3.5 3H6V2a2 2 0 0 1 2-1zm1 3V3a1 1 0 0 0-2 0v1h2z\"\/><\/svg>K\u00f8b her<\/span><p class=\"rapido\">Levering i dag<\/p><\/div><\/div>\n","protected":false},"excerpt":{"rendered":"<p>P\u00e5sken banker p\u00e5 d\u00f8ren, og hvilken bedre m\u00e5de at byde for\u00e5ret velkommen p\u00e5 end med et farverigt blomsterhav? Lad os [&hellip;]<\/p>\n","protected":false},"author":1,"featured_media":60393,"comment_status":"closed","ping_status":"closed","sticky":false,"template":"","format":"standard","meta":{"_uag_custom_page_level_css":"","site-sidebar-layout":"default","site-content-layout":"","ast-site-content-layout":"default","site-content-style":"default","site-sidebar-style":"default","ast-global-header-display":"","ast-banner-title-visibility":"","ast-main-header-display":"","ast-hfb-above-header-display":"","ast-hfb-below-header-display":"","ast-hfb-mobile-header-display":"","site-post-title":"","ast-breadcrumbs-content":"","ast-featured-img":"","footer-sml-layout":"","ast-disable-related-posts":"","theme-transparent-header-meta":"","adv-header-id-meta":"","stick-header-meta":"","header-above-stick-meta":"","header-main-stick-meta":"","header-below-stick-meta":"","astra-migrate-meta-layouts":"set","ast-page-background-enabled":"default","ast-page-background-meta":{"desktop":{"background-color":"var(--ast-global-color-4)","background-image":"","background-repeat":"repeat","background-position":"center center","background-size":"auto","background-attachment":"scroll","background-type":"","background-media":"","overlay-type":"","overlay-color":"","overlay-opacity":"","overlay-gradient":""},"tablet":{"background-color":"","background-image":"","background-repeat":"repeat","background-position":"center center","background-size":"auto","background-attachment":"scroll","background-type":"","background-media":"","overlay-type":"","overlay-color":"","overlay-opacity":"","overlay-gradient":""},"mobile":{"background-color":"","background-image":"","background-repeat":"repeat","background-position":"center center","background-size":"auto","background-attachment":"scroll","background-type":"","background-media":"","overlay-type":"","overlay-color":"","overlay-opacity":"","overlay-gradient":""}},"ast-content-background-meta":{"desktop":{"background-color":"var(--ast-global-color-5)","background-image":"","background-repeat":"repeat","background-position":"center center","background-size":"auto","background-attachment":"scroll","background-type":"","background-media":"","overlay-type":"","overlay-color":"","overlay-opacity":"","overlay-gradient":""},"tablet":{"background-color":"var(--ast-global-color-5)","background-image":"","background-repeat":"repeat","background-position":"center center","background-size":"auto","background-attachment":"scroll","background-type":"","background-media":"","overlay-type":"","overlay-color":"","overlay-opacity":"","overlay-gradient":""},"mobile":{"background-color":"var(--ast-global-color-5)","background-image":"","background-repeat":"repeat","background-position":"center center","background-size":"auto","background-attachment":"scroll","background-type":"","background-media":"","overlay-type":"","overlay-color":"","overlay-opacity":"","overlay-gradient":""}},"footnotes":""},"categories":[240,201,219,167],"tags":[220],"class_list":["post-52024","post","type-post","status-publish","format-standard","has-post-thumbnail","hentry","category-foraar","category-inspiration","category-paaske","category-anledninger","tag-paske"],"yoast_head":"<!-- This site is optimized with the Yoast SEO plugin v27.4 - https:\/\/yoast.com\/product\/yoast-seo-wordpress\/ -->\n<title>For\u00e5rets festlige p\u00e5skeblomster til dit hjem | Interflora<\/title>\n<meta name=\"description\" content=\"Forvandl dit hjem til en duftende for\u00e5rsoase med fine p\u00e5skeblomster. F\u00e5 inspiration til smukke blomster, og bestil din p\u00e5skebuket i dag!\" \/>\n<meta name=\"robots\" content=\"index, follow, max-snippet:-1, max-image-preview:large, max-video-preview:-1\" \/>\n<link rel=\"canonical\" href=\"https:\/\/interflora.dk\/blog\/festlige-foraarsblomster-til-din-paaskefejring\/\" \/>\n<meta property=\"og:locale\" content=\"da_DK\" \/>\n<meta property=\"og:type\" content=\"article\" \/>\n<meta property=\"og:title\" content=\"For\u00e5rets festlige p\u00e5skeblomster til dit hjem | Interflora\" \/>\n<meta property=\"og:description\" content=\"Forvandl dit hjem til en duftende for\u00e5rsoase med fine p\u00e5skeblomster. F\u00e5 inspiration til smukke blomster, og bestil din p\u00e5skebuket i dag!\" \/>\n<meta property=\"og:url\" content=\"https:\/\/interflora.dk\/blog\/festlige-foraarsblomster-til-din-paaskefejring\/\" \/>\n<meta property=\"og:site_name\" content=\"Interflora\" \/>\n<meta property=\"article:publisher\" content=\"https:\/\/www.facebook.com\/InterfloraDanmark\" \/>\n<meta property=\"article:published_time\" content=\"2026-03-16T15:48:09+00:00\" \/>\n<meta property=\"article:modified_time\" content=\"2026-03-17T13:51:49+00:00\" \/>\n<meta property=\"og:image\" content=\"https:\/\/interflora.dk\/blog\/wp-content\/uploads\/2026\/03\/Anemoner-Inspirationsbild-Staaende-5.jpg\" \/>\n\t<meta property=\"og:image:width\" content=\"1333\" \/>\n\t<meta property=\"og:image:height\" content=\"2000\" \/>\n\t<meta property=\"og:image:type\" content=\"image\/jpeg\" \/>\n<meta name=\"author\" content=\"admin\" \/>\n<meta name=\"twitter:card\" content=\"summary_large_image\" \/>\n<meta name=\"twitter:label1\" content=\"Skrevet af\" \/>\n\t<meta name=\"twitter:data1\" content=\"admin\" \/>\n\t<meta name=\"twitter:label2\" content=\"Estimeret l\u00e6setid\" \/>\n\t<meta name=\"twitter:data2\" content=\"5 minutter\" \/>\n<script type=\"application\/ld+json\" class=\"yoast-schema-graph\">{\"@context\":\"https:\\\/\\\/schema.org\",\"@graph\":[{\"@type\":\"Article\",\"@id\":\"https:\\\/\\\/interflora.dk\\\/blog\\\/festlige-foraarsblomster-til-din-paaskefejring\\\/#article\",\"isPartOf\":{\"@id\":\"https:\\\/\\\/interflora.dk\\\/blog\\\/festlige-foraarsblomster-til-din-paaskefejring\\\/\"},\"author\":{\"name\":\"admin\",\"@id\":\"https:\\\/\\\/interflora.dk\\\/blog\\\/#\\\/schema\\\/person\\\/dbbd1ad45e05409c356dc639597669f2\"},\"headline\":\"For\u00e5rets festlige farver: For\u00e5rsblomster til din p\u00e5skefejring\",\"datePublished\":\"2026-03-16T15:48:09+00:00\",\"dateModified\":\"2026-03-17T13:51:49+00:00\",\"mainEntityOfPage\":{\"@id\":\"https:\\\/\\\/interflora.dk\\\/blog\\\/festlige-foraarsblomster-til-din-paaskefejring\\\/\"},\"wordCount\":886,\"publisher\":{\"@id\":\"https:\\\/\\\/interflora.dk\\\/blog\\\/#organization\"},\"image\":{\"@id\":\"https:\\\/\\\/interflora.dk\\\/blog\\\/festlige-foraarsblomster-til-din-paaskefejring\\\/#primaryimage\"},\"thumbnailUrl\":\"https:\\\/\\\/interflora.dk\\\/blog\\\/wp-content\\\/uploads\\\/2026\\\/03\\\/Anemoner-Inspirationsbild-Staaende-5.jpg\",\"keywords\":[\"P\u00e5ske\"],\"articleSection\":[\"For\u00e5r: Tips og inspiration\",\"Inspiration\",\"Inspiration til p\u00e5ske\",\"Interfloras guide til alle anledninger\"],\"inLanguage\":\"da-DK\"},{\"@type\":\"WebPage\",\"@id\":\"https:\\\/\\\/interflora.dk\\\/blog\\\/festlige-foraarsblomster-til-din-paaskefejring\\\/\",\"url\":\"https:\\\/\\\/interflora.dk\\\/blog\\\/festlige-foraarsblomster-til-din-paaskefejring\\\/\",\"name\":\"For\u00e5rets festlige p\u00e5skeblomster til dit hjem | Interflora\",\"isPartOf\":{\"@id\":\"https:\\\/\\\/interflora.dk\\\/blog\\\/#website\"},\"primaryImageOfPage\":{\"@id\":\"https:\\\/\\\/interflora.dk\\\/blog\\\/festlige-foraarsblomster-til-din-paaskefejring\\\/#primaryimage\"},\"image\":{\"@id\":\"https:\\\/\\\/interflora.dk\\\/blog\\\/festlige-foraarsblomster-til-din-paaskefejring\\\/#primaryimage\"},\"thumbnailUrl\":\"https:\\\/\\\/interflora.dk\\\/blog\\\/wp-content\\\/uploads\\\/2026\\\/03\\\/Anemoner-Inspirationsbild-Staaende-5.jpg\",\"datePublished\":\"2026-03-16T15:48:09+00:00\",\"dateModified\":\"2026-03-17T13:51:49+00:00\",\"description\":\"Forvandl dit hjem til en duftende for\u00e5rsoase med fine p\u00e5skeblomster. F\u00e5 inspiration til smukke blomster, og bestil din p\u00e5skebuket i dag!\",\"breadcrumb\":{\"@id\":\"https:\\\/\\\/interflora.dk\\\/blog\\\/festlige-foraarsblomster-til-din-paaskefejring\\\/#breadcrumb\"},\"inLanguage\":\"da-DK\",\"potentialAction\":[{\"@type\":\"ReadAction\",\"target\":[\"https:\\\/\\\/interflora.dk\\\/blog\\\/festlige-foraarsblomster-til-din-paaskefejring\\\/\"]}]},{\"@type\":\"ImageObject\",\"inLanguage\":\"da-DK\",\"@id\":\"https:\\\/\\\/interflora.dk\\\/blog\\\/festlige-foraarsblomster-til-din-paaskefejring\\\/#primaryimage\",\"url\":\"https:\\\/\\\/interflora.dk\\\/blog\\\/wp-content\\\/uploads\\\/2026\\\/03\\\/Anemoner-Inspirationsbild-Staaende-5.jpg\",\"contentUrl\":\"https:\\\/\\\/interflora.dk\\\/blog\\\/wp-content\\\/uploads\\\/2026\\\/03\\\/Anemoner-Inspirationsbild-Staaende-5.jpg\",\"width\":1333,\"height\":2000,\"caption\":\"Anemoner\"},{\"@type\":\"BreadcrumbList\",\"@id\":\"https:\\\/\\\/interflora.dk\\\/blog\\\/festlige-foraarsblomster-til-din-paaskefejring\\\/#breadcrumb\",\"itemListElement\":[{\"@type\":\"ListItem\",\"position\":1,\"name\":\"Home\",\"item\":\"https:\\\/\\\/interflora.dk\\\/blog\\\/\"},{\"@type\":\"ListItem\",\"position\":2,\"name\":\"For\u00e5rets festlige farver: For\u00e5rsblomster til din p\u00e5skefejring\"}]},{\"@type\":\"WebSite\",\"@id\":\"https:\\\/\\\/interflora.dk\\\/blog\\\/#website\",\"url\":\"https:\\\/\\\/interflora.dk\\\/blog\\\/\",\"name\":\"Interflora\",\"description\":\"\",\"publisher\":{\"@id\":\"https:\\\/\\\/interflora.dk\\\/blog\\\/#organization\"},\"potentialAction\":[{\"@type\":\"SearchAction\",\"target\":{\"@type\":\"EntryPoint\",\"urlTemplate\":\"https:\\\/\\\/interflora.dk\\\/blog\\\/?s={search_term_string}\"},\"query-input\":{\"@type\":\"PropertyValueSpecification\",\"valueRequired\":true,\"valueName\":\"search_term_string\"}}],\"inLanguage\":\"da-DK\"},{\"@type\":\"Organization\",\"@id\":\"https:\\\/\\\/interflora.dk\\\/blog\\\/#organization\",\"name\":\"Interflora\",\"url\":\"https:\\\/\\\/interflora.dk\\\/blog\\\/\",\"logo\":{\"@type\":\"ImageObject\",\"inLanguage\":\"da-DK\",\"@id\":\"https:\\\/\\\/interflora.dk\\\/blog\\\/#\\\/schema\\\/logo\\\/image\\\/\",\"url\":\"https:\\\/\\\/interflora.dk\\\/blog\\\/wp-content\\\/uploads\\\/2025\\\/09\\\/220422_INTERFLORA_Logo_rgb_Half_Top_Circle_Main_Color.png\",\"contentUrl\":\"https:\\\/\\\/interflora.dk\\\/blog\\\/wp-content\\\/uploads\\\/2025\\\/09\\\/220422_INTERFLORA_Logo_rgb_Half_Top_Circle_Main_Color.png\",\"width\":1418,\"height\":710,\"caption\":\"Interflora\"},\"image\":{\"@id\":\"https:\\\/\\\/interflora.dk\\\/blog\\\/#\\\/schema\\\/logo\\\/image\\\/\"},\"sameAs\":[\"https:\\\/\\\/www.facebook.com\\\/InterfloraDanmark\",\"https:\\\/\\\/www.instagram.com\\\/interfloradk\",\"https:\\\/\\\/www.linkedin.com\\\/company\\\/interfloradanmark\",\"https:\\\/\\\/www.youtube.com\\\/user\\\/InterfloraTV\"]},{\"@type\":\"Person\",\"@id\":\"https:\\\/\\\/interflora.dk\\\/blog\\\/#\\\/schema\\\/person\\\/dbbd1ad45e05409c356dc639597669f2\",\"name\":\"admin\",\"image\":{\"@type\":\"ImageObject\",\"inLanguage\":\"da-DK\",\"@id\":\"https:\\\/\\\/interflora.dk\\\/blog\\\/wp-content\\\/litespeed\\\/avatar\\\/1fe3cced9e67df62d0a6f995d75823a5.jpg?ver=1776935036\",\"url\":\"https:\\\/\\\/interflora.dk\\\/blog\\\/wp-content\\\/litespeed\\\/avatar\\\/1fe3cced9e67df62d0a6f995d75823a5.jpg?ver=1776935036\",\"contentUrl\":\"https:\\\/\\\/interflora.dk\\\/blog\\\/wp-content\\\/litespeed\\\/avatar\\\/1fe3cced9e67df62d0a6f995d75823a5.jpg?ver=1776935036\",\"caption\":\"admin\"}}]}<\/script>\n<!-- \/ Yoast SEO plugin. -->","yoast_head_json":{"title":"For\u00e5rets festlige p\u00e5skeblomster til dit hjem | Interflora","description":"Forvandl dit hjem til en duftende for\u00e5rsoase med fine p\u00e5skeblomster. F\u00e5 inspiration til smukke blomster, og bestil din p\u00e5skebuket i dag!","robots":{"index":"index","follow":"follow","max-snippet":"max-snippet:-1","max-image-preview":"max-image-preview:large","max-video-preview":"max-video-preview:-1"},"canonical":"https:\/\/interflora.dk\/blog\/festlige-foraarsblomster-til-din-paaskefejring\/","og_locale":"da_DK","og_type":"article","og_title":"For\u00e5rets festlige p\u00e5skeblomster til dit hjem | Interflora","og_description":"Forvandl dit hjem til en duftende for\u00e5rsoase med fine p\u00e5skeblomster. F\u00e5 inspiration til smukke blomster, og bestil din p\u00e5skebuket i dag!","og_url":"https:\/\/interflora.dk\/blog\/festlige-foraarsblomster-til-din-paaskefejring\/","og_site_name":"Interflora","article_publisher":"https:\/\/www.facebook.com\/InterfloraDanmark","article_published_time":"2026-03-16T15:48:09+00:00","article_modified_time":"2026-03-17T13:51:49+00:00","og_image":[{"width":1333,"height":2000,"url":"https:\/\/interflora.dk\/blog\/wp-content\/uploads\/2026\/03\/Anemoner-Inspirationsbild-Staaende-5.jpg","type":"image\/jpeg"}],"author":"admin","twitter_card":"summary_large_image","twitter_misc":{"Skrevet af":"admin","Estimeret l\u00e6setid":"5 minutter"},"schema":{"@context":"https:\/\/schema.org","@graph":[{"@type":"Article","@id":"https:\/\/interflora.dk\/blog\/festlige-foraarsblomster-til-din-paaskefejring\/#article","isPartOf":{"@id":"https:\/\/interflora.dk\/blog\/festlige-foraarsblomster-til-din-paaskefejring\/"},"author":{"name":"admin","@id":"https:\/\/interflora.dk\/blog\/#\/schema\/person\/dbbd1ad45e05409c356dc639597669f2"},"headline":"For\u00e5rets festlige farver: For\u00e5rsblomster til din p\u00e5skefejring","datePublished":"2026-03-16T15:48:09+00:00","dateModified":"2026-03-17T13:51:49+00:00","mainEntityOfPage":{"@id":"https:\/\/interflora.dk\/blog\/festlige-foraarsblomster-til-din-paaskefejring\/"},"wordCount":886,"publisher":{"@id":"https:\/\/interflora.dk\/blog\/#organization"},"image":{"@id":"https:\/\/interflora.dk\/blog\/festlige-foraarsblomster-til-din-paaskefejring\/#primaryimage"},"thumbnailUrl":"https:\/\/interflora.dk\/blog\/wp-content\/uploads\/2026\/03\/Anemoner-Inspirationsbild-Staaende-5.jpg","keywords":["P\u00e5ske"],"articleSection":["For\u00e5r: Tips og inspiration","Inspiration","Inspiration til p\u00e5ske","Interfloras guide til alle anledninger"],"inLanguage":"da-DK"},{"@type":"WebPage","@id":"https:\/\/interflora.dk\/blog\/festlige-foraarsblomster-til-din-paaskefejring\/","url":"https:\/\/interflora.dk\/blog\/festlige-foraarsblomster-til-din-paaskefejring\/","name":"For\u00e5rets festlige p\u00e5skeblomster til dit hjem | Interflora","isPartOf":{"@id":"https:\/\/interflora.dk\/blog\/#website"},"primaryImageOfPage":{"@id":"https:\/\/interflora.dk\/blog\/festlige-foraarsblomster-til-din-paaskefejring\/#primaryimage"},"image":{"@id":"https:\/\/interflora.dk\/blog\/festlige-foraarsblomster-til-din-paaskefejring\/#primaryimage"},"thumbnailUrl":"https:\/\/interflora.dk\/blog\/wp-content\/uploads\/2026\/03\/Anemoner-Inspirationsbild-Staaende-5.jpg","datePublished":"2026-03-16T15:48:09+00:00","dateModified":"2026-03-17T13:51:49+00:00","description":"Forvandl dit hjem til en duftende for\u00e5rsoase med fine p\u00e5skeblomster. F\u00e5 inspiration til smukke blomster, og bestil din p\u00e5skebuket i dag!","breadcrumb":{"@id":"https:\/\/interflora.dk\/blog\/festlige-foraarsblomster-til-din-paaskefejring\/#breadcrumb"},"inLanguage":"da-DK","potentialAction":[{"@type":"ReadAction","target":["https:\/\/interflora.dk\/blog\/festlige-foraarsblomster-til-din-paaskefejring\/"]}]},{"@type":"ImageObject","inLanguage":"da-DK","@id":"https:\/\/interflora.dk\/blog\/festlige-foraarsblomster-til-din-paaskefejring\/#primaryimage","url":"https:\/\/interflora.dk\/blog\/wp-content\/uploads\/2026\/03\/Anemoner-Inspirationsbild-Staaende-5.jpg","contentUrl":"https:\/\/interflora.dk\/blog\/wp-content\/uploads\/2026\/03\/Anemoner-Inspirationsbild-Staaende-5.jpg","width":1333,"height":2000,"caption":"Anemoner"},{"@type":"BreadcrumbList","@id":"https:\/\/interflora.dk\/blog\/festlige-foraarsblomster-til-din-paaskefejring\/#breadcrumb","itemListElement":[{"@type":"ListItem","position":1,"name":"Home","item":"https:\/\/interflora.dk\/blog\/"},{"@type":"ListItem","position":2,"name":"For\u00e5rets festlige farver: For\u00e5rsblomster til din p\u00e5skefejring"}]},{"@type":"WebSite","@id":"https:\/\/interflora.dk\/blog\/#website","url":"https:\/\/interflora.dk\/blog\/","name":"Interflora","description":"","publisher":{"@id":"https:\/\/interflora.dk\/blog\/#organization"},"potentialAction":[{"@type":"SearchAction","target":{"@type":"EntryPoint","urlTemplate":"https:\/\/interflora.dk\/blog\/?s={search_term_string}"},"query-input":{"@type":"PropertyValueSpecification","valueRequired":true,"valueName":"search_term_string"}}],"inLanguage":"da-DK"},{"@type":"Organization","@id":"https:\/\/interflora.dk\/blog\/#organization","name":"Interflora","url":"https:\/\/interflora.dk\/blog\/","logo":{"@type":"ImageObject","inLanguage":"da-DK","@id":"https:\/\/interflora.dk\/blog\/#\/schema\/logo\/image\/","url":"https:\/\/interflora.dk\/blog\/wp-content\/uploads\/2025\/09\/220422_INTERFLORA_Logo_rgb_Half_Top_Circle_Main_Color.png","contentUrl":"https:\/\/interflora.dk\/blog\/wp-content\/uploads\/2025\/09\/220422_INTERFLORA_Logo_rgb_Half_Top_Circle_Main_Color.png","width":1418,"height":710,"caption":"Interflora"},"image":{"@id":"https:\/\/interflora.dk\/blog\/#\/schema\/logo\/image\/"},"sameAs":["https:\/\/www.facebook.com\/InterfloraDanmark","https:\/\/www.instagram.com\/interfloradk","https:\/\/www.linkedin.com\/company\/interfloradanmark","https:\/\/www.youtube.com\/user\/InterfloraTV"]},{"@type":"Person","@id":"https:\/\/interflora.dk\/blog\/#\/schema\/person\/dbbd1ad45e05409c356dc639597669f2","name":"admin","image":{"@type":"ImageObject","inLanguage":"da-DK","@id":"https:\/\/interflora.dk\/blog\/wp-content\/litespeed\/avatar\/1fe3cced9e67df62d0a6f995d75823a5.jpg?ver=1776935036","url":"https:\/\/interflora.dk\/blog\/wp-content\/litespeed\/avatar\/1fe3cced9e67df62d0a6f995d75823a5.jpg?ver=1776935036","contentUrl":"https:\/\/interflora.dk\/blog\/wp-content\/litespeed\/avatar\/1fe3cced9e67df62d0a6f995d75823a5.jpg?ver=1776935036","caption":"admin"}}]}},"uagb_featured_image_src":{"full":["https:\/\/interflora.dk\/blog\/wp-content\/uploads\/2026\/03\/Anemoner-Inspirationsbild-Staaende-5.jpg",1333,2000,false],"thumbnail":["https:\/\/interflora.dk\/blog\/wp-content\/uploads\/2026\/03\/Anemoner-Inspirationsbild-Staaende-5-150x150.jpg",150,150,true],"medium":["https:\/\/interflora.dk\/blog\/wp-content\/uploads\/2026\/03\/Anemoner-Inspirationsbild-Staaende-5-200x300.jpg",200,300,true],"medium_large":["https:\/\/interflora.dk\/blog\/wp-content\/uploads\/2026\/03\/Anemoner-Inspirationsbild-Staaende-5-768x1152.jpg",768,1152,true],"large":["https:\/\/interflora.dk\/blog\/wp-content\/uploads\/2026\/03\/Anemoner-Inspirationsbild-Staaende-5-682x1024.jpg",682,1024,true],"1536x1536":["https:\/\/interflora.dk\/blog\/wp-content\/uploads\/2026\/03\/Anemoner-Inspirationsbild-Staaende-5-1024x1536.jpg",1024,1536,true],"2048x2048":["https:\/\/interflora.dk\/blog\/wp-content\/uploads\/2026\/03\/Anemoner-Inspirationsbild-Staaende-5.jpg",1333,2000,false]},"uagb_author_info":{"display_name":"admin","author_link":"https:\/\/interflora.dk\/blog\/author\/admin\/"},"uagb_comment_info":0,"uagb_excerpt":"P\u00e5sken banker p\u00e5 d\u00f8ren, og hvilken bedre m\u00e5de at byde for\u00e5ret velkommen p\u00e5 end med et farverigt blomsterhav? Lad os [&hellip;]","_links":{"self":[{"href":"https:\/\/interflora.dk\/blog\/wp-json\/wp\/v2\/posts\/52024","targetHints":{"allow":["GET"]}}],"collection":[{"href":"https:\/\/interflora.dk\/blog\/wp-json\/wp\/v2\/posts"}],"about":[{"href":"https:\/\/interflora.dk\/blog\/wp-json\/wp\/v2\/types\/post"}],"author":[{"embeddable":true,"href":"https:\/\/interflora.dk\/blog\/wp-json\/wp\/v2\/users\/1"}],"replies":[{"embeddable":true,"href":"https:\/\/interflora.dk\/blog\/wp-json\/wp\/v2\/comments?post=52024"}],"version-history":[{"count":9,"href":"https:\/\/interflora.dk\/blog\/wp-json\/wp\/v2\/posts\/52024\/revisions"}],"predecessor-version":[{"id":60857,"href":"https:\/\/interflora.dk\/blog\/wp-json\/wp\/v2\/posts\/52024\/revisions\/60857"}],"wp:featuredmedia":[{"embeddable":true,"href":"https:\/\/interflora.dk\/blog\/wp-json\/wp\/v2\/media\/60393"}],"wp:attachment":[{"href":"https:\/\/interflora.dk\/blog\/wp-json\/wp\/v2\/media?parent=52024"}],"wp:term":[{"taxonomy":"category","embeddable":true,"href":"https:\/\/interflora.dk\/blog\/wp-json\/wp\/v2\/categories?post=52024"},{"taxonomy":"post_tag","embeddable":true,"href":"https:\/\/interflora.dk\/blog\/wp-json\/wp\/v2\/tags?post=52024"}],"curies":[{"name":"wp","href":"https:\/\/api.w.org\/{rel}","templated":true}]}}