{"id":52409,"date":"2026-03-11T15:26:23","date_gmt":"2026-03-11T14:26:23","guid":{"rendered":"https:\/\/interflora.dk\/blog\/?p=52409"},"modified":"2026-03-17T10:29:23","modified_gmt":"2026-03-17T09:29:23","slug":"skovtulipanen","status":"publish","type":"post","link":"https:\/\/interflora.dk\/blog\/skovtulipanen\/","title":{"rendered":"Skovtulipan: Den charmerende vilde tulipan i din have"},"content":{"rendered":"\n<p class=\"has-text-align-left\">Dr\u00f8mmer du om at tilf\u00f8je et strejf af vild sk\u00f8nhed til din have? S\u00e5 er skovtulipanen, ogs\u00e5 kendt som Tulipa Tarda, m\u00e5ske lige det, du leder efter! Den fascinerende botaniske tulipan er ikke kun smuk at se p\u00e5, men ogs\u00e5 overraskende nem at dyrke.\u00a0Lad os dykke ned i alt, hvad du beh\u00f8ver at vide om denne charmerende lille blomst.\u00a0<\/p>\n\n\n\n<h2 class=\"wp-block-heading alignwide has-text-align-left\">N\u00f8glefakta om skovtulipanen (Tulipa tarda)&nbsp;<\/h2>\n\n\n\n<div class=\"wp-block-media-text is-stacked-on-mobile is-image-fill-element has-background\" style=\"background-color:#bf992412\"><figure class=\"wp-block-media-text__media\"><img loading=\"lazy\" decoding=\"async\" width=\"1024\" height=\"683\" src=\"https:\/\/interflora.dk\/blog\/wp-content\/uploads\/2025\/03\/AdobeStock_346585533-1024x683.jpeg\" alt=\"Gule og hvide skovtulipaner\" class=\"wp-image-52443 size-full\" style=\"object-position:50% 50%\" srcset=\"https:\/\/interflora.dk\/blog\/wp-content\/uploads\/2025\/03\/AdobeStock_346585533-1024x683.jpeg 1024w, https:\/\/interflora.dk\/blog\/wp-content\/uploads\/2025\/03\/AdobeStock_346585533-300x200.jpeg 300w, https:\/\/interflora.dk\/blog\/wp-content\/uploads\/2025\/03\/AdobeStock_346585533-768x512.jpeg 768w, https:\/\/interflora.dk\/blog\/wp-content\/uploads\/2025\/03\/AdobeStock_346585533.jpeg 1200w\" sizes=\"auto, (max-width: 1024px) 100vw, 1024px\" \/><\/figure><div class=\"wp-block-media-text__content\">\n<p class=\"has-ast-global-color-6-color has-text-color has-link-color wp-elements-23599b174f216254cde214dc46f841f4\"><strong>Botanisk navn:<\/strong> Tulipa Tarda&nbsp;<\/p>\n\n\n\n<p class=\"has-text-align-left has-ast-global-color-8-color has-text-color has-link-color wp-elements-d6b5b75532bd1861022c9af7061824b4\"><strong>H\u00f8jde:<\/strong> 10-15 cm&nbsp;<\/p>\n\n\n\n<p class=\"has-text-align-left has-ast-global-color-8-color has-text-color has-link-color wp-elements-9b8ae490edd0ed952e48f4df18466cd8\"><strong>Blomstringstid:<\/strong> April-maj&nbsp;<\/p>\n\n\n\n<p class=\"has-text-align-left has-ast-global-color-8-color has-text-color has-link-color wp-elements-31ca418c4e3b76f5c0c665841b88856e\"><strong>Farve:<\/strong> Hvid med gul midte&nbsp;<\/p>\n\n\n\n<p class=\"has-text-align-left has-ast-global-color-8-color has-text-color has-link-color wp-elements-c4920d4b171d04879c84dfdbd068b61b\"><strong>Voksested:<\/strong> Solrigt til let skygge&nbsp;<\/p>\n\n\n\n<p class=\"has-text-align-left has-ast-global-color-8-color has-text-color has-link-color wp-elements-04ce37ce1f1f765532745150b864489c\"><strong>Jordtype:<\/strong> Veldr\u00e6net, let sur til neutral&nbsp;<\/p>\n\n\n\n<p class=\"has-black-color has-text-color has-link-color wp-elements-4a0ee10ccfe7c2504da112892c559e25\"><strong>H\u00e5rdf\u00f8rhed:<\/strong> Meget h\u00e5rdf\u00f8r, t\u00e5ler ned til -25\u00b0C&nbsp;<\/p>\n<\/div><\/div>\n\n\n\n<p class=\"has-text-align-left\">Skovtulipanen er en af de mest charmerende botaniske tulipaner. Med sine stjerneformede blomster i hvid og gul, er den et sandt blikfang i enhver have. Du kan l\u00e6se mere om forskellige slags botaniske tulipaner i <a href=\"https:\/\/interflora.dk\/blog\/botaniske-tulipaner\/\" target=\"_blank\" rel=\"noreferrer noopener\">vores blogindl\u00e6g her<\/a>.&nbsp;&nbsp;<\/p>\n\n\n<div class=\"lp-produits-grid\"><div class=\"lp-produit\"><div class=\"lp-thumbnail-wrapper\"><img loading=\"lazy\" decoding=\"async\" width=\"300\" height=\"300\" src=\"https:\/\/interflora.dk\/blog\/wp-content\/uploads\/2025\/09\/DEN_FARVERIGE_SMALL_555-300x300.jpg\" class=\"attachment-medium size-medium wp-post-image\" alt=\"\" srcset=\"https:\/\/interflora.dk\/blog\/wp-content\/uploads\/2025\/09\/DEN_FARVERIGE_SMALL_555-300x300.jpg 300w, https:\/\/interflora.dk\/blog\/wp-content\/uploads\/2025\/09\/DEN_FARVERIGE_SMALL_555-1024x1024.jpg 1024w, https:\/\/interflora.dk\/blog\/wp-content\/uploads\/2025\/09\/DEN_FARVERIGE_SMALL_555-150x150.jpg 150w, https:\/\/interflora.dk\/blog\/wp-content\/uploads\/2025\/09\/DEN_FARVERIGE_SMALL_555-768x768.jpg 768w, https:\/\/interflora.dk\/blog\/wp-content\/uploads\/2025\/09\/DEN_FARVERIGE_SMALL_555.jpg 1200w\" sizes=\"auto, (max-width: 300px) 100vw, 300px\" \/><img decoding=\"async\" class=\"lp-badge\" src=\"https:\/\/prodblog.interflora.dk\/blog\/wp-content\/uploads\/2025\/09\/220422_INTERFLORA_Main_Logo_rgb_Main_Color.avif\" alt=\"Send blomster med Interflora\"><\/div><span>Den farverige<\/span><p>Fra 329 kr.<\/p><span class=\"obf-link lp-cta\" role=\"link\" tabindex=\"0\" data-b64=\"aHR0cHM6Ly9pbnRlcmZsb3JhLmRrL3Byb2R1a3QvZGVuLWZhcnZlcmlnZT92PTk0ODYmIzAzODt2YXJpYXRpb249Mjc1YTFlY2UtYzlhOS00OTU5LTgwMWMtOTYzNDY3NzRiMmM5P3V0bV9tZWRpdW09b3JnYW5pYyZ1dG1fc291cmNlPWJsb2dfcHJvZHVjdHMmdXRtX2NhbXBhaWduPTU1NQ==\" data-target=\"_blank\"><svg xmlns=\"http:\/\/www.w3.org\/2000\/svg\" width=\"16\" height=\"16\" fill=\"currentColor\" class=\"bi bi-bag\" viewBox=\"0 0 16 16\"><path d=\"M8 1a2 2 0 0 1 2 2v1h2.5A1.5 1.5 0 0 1 14 5.5v8A1.5 1.5 0 0 1 12.5 15h-9A1.5 1.5 0 0 1 2 13.5v-8A1.5 1.5 0 0 1 3.5 3H6V2a2 2 0 0 1 2-1zm1 3V3a1 1 0 0 0-2 0v1h2z\"\/><\/svg>K\u00f8b her<\/span><p class=\"rapido\">Levering i hele Danmark<\/p><\/div><div class=\"lp-produit\"><div class=\"lp-thumbnail-wrapper\"><img loading=\"lazy\" decoding=\"async\" width=\"300\" height=\"300\" src=\"https:\/\/interflora.dk\/blog\/wp-content\/uploads\/2025\/09\/DEN_VENLIGE_VINTERVERSION_HAND_v_0-300x300.jpg\" class=\"attachment-medium size-medium wp-post-image\" alt=\"\" srcset=\"https:\/\/interflora.dk\/blog\/wp-content\/uploads\/2025\/09\/DEN_VENLIGE_VINTERVERSION_HAND_v_0-300x300.jpg 300w, https:\/\/interflora.dk\/blog\/wp-content\/uploads\/2025\/09\/DEN_VENLIGE_VINTERVERSION_HAND_v_0-1024x1024.jpg 1024w, https:\/\/interflora.dk\/blog\/wp-content\/uploads\/2025\/09\/DEN_VENLIGE_VINTERVERSION_HAND_v_0-150x150.jpg 150w, https:\/\/interflora.dk\/blog\/wp-content\/uploads\/2025\/09\/DEN_VENLIGE_VINTERVERSION_HAND_v_0-768x768.jpg 768w, https:\/\/interflora.dk\/blog\/wp-content\/uploads\/2025\/09\/DEN_VENLIGE_VINTERVERSION_HAND_v_0.jpg 1200w\" sizes=\"auto, (max-width: 300px) 100vw, 300px\" \/><img decoding=\"async\" class=\"lp-badge\" src=\"https:\/\/prodblog.interflora.dk\/blog\/wp-content\/uploads\/2025\/09\/220422_INTERFLORA_Main_Logo_rgb_Main_Color.avif\" alt=\"Send blomster med Interflora\"><\/div><span>Den venlige<\/span><p>Fra 229 kr.<\/p><span class=\"obf-link lp-cta\" role=\"link\" tabindex=\"0\" data-b64=\"aHR0cHM6Ly9pbnRlcmZsb3JhLmRrL3Byb2R1a3QvZGVuLXZlbmxpZ2U\/dj0xNTgwMiYjMDM4O3ZhcmlhdGlvbj1jMDRiZDM3OC1kZGYyLTRjMmItYmM5My1hYWM2ZWJlZWUwNDI\/dXRtX21lZGl1bT1vcmdhbmljJnV0bV9zb3VyY2U9YmxvZ19wcm9kdWN0cyZ1dG1fY2FtcGFpZ249NTc0Ng==\" data-target=\"_blank\"><svg xmlns=\"http:\/\/www.w3.org\/2000\/svg\" width=\"16\" height=\"16\" fill=\"currentColor\" class=\"bi bi-bag\" viewBox=\"0 0 16 16\"><path d=\"M8 1a2 2 0 0 1 2 2v1h2.5A1.5 1.5 0 0 1 14 5.5v8A1.5 1.5 0 0 1 12.5 15h-9A1.5 1.5 0 0 1 2 13.5v-8A1.5 1.5 0 0 1 3.5 3H6V2a2 2 0 0 1 2-1zm1 3V3a1 1 0 0 0-2 0v1h2z\"\/><\/svg>K\u00f8b her<\/span><p class=\"rapido\">Levering i hele Danmark<\/p><\/div><div class=\"lp-produit\"><div class=\"lp-thumbnail-wrapper\"><img loading=\"lazy\" decoding=\"async\" width=\"300\" height=\"300\" src=\"https:\/\/interflora.dk\/blog\/wp-content\/uploads\/2025\/09\/SAMMENSAET_DIN_EGEN_GAVEKURV_535-300x300.jpg\" class=\"attachment-medium size-medium wp-post-image\" alt=\"\" srcset=\"https:\/\/interflora.dk\/blog\/wp-content\/uploads\/2025\/09\/SAMMENSAET_DIN_EGEN_GAVEKURV_535-300x300.jpg 300w, https:\/\/interflora.dk\/blog\/wp-content\/uploads\/2025\/09\/SAMMENSAET_DIN_EGEN_GAVEKURV_535-1024x1024.jpg 1024w, https:\/\/interflora.dk\/blog\/wp-content\/uploads\/2025\/09\/SAMMENSAET_DIN_EGEN_GAVEKURV_535-150x150.jpg 150w, https:\/\/interflora.dk\/blog\/wp-content\/uploads\/2025\/09\/SAMMENSAET_DIN_EGEN_GAVEKURV_535-768x768.jpg 768w, https:\/\/interflora.dk\/blog\/wp-content\/uploads\/2025\/09\/SAMMENSAET_DIN_EGEN_GAVEKURV_535.jpg 1200w\" sizes=\"auto, (max-width: 300px) 100vw, 300px\" \/><img decoding=\"async\" class=\"lp-badge\" src=\"https:\/\/prodblog.interflora.dk\/blog\/wp-content\/uploads\/2025\/09\/220422_INTERFLORA_Main_Logo_rgb_Main_Color.avif\" alt=\"Send blomster med Interflora\"><\/div><span>Sammens\u00e6t din egen gavekurv<\/span><p>Fra 14 kr.<\/p><span class=\"obf-link lp-cta\" role=\"link\" tabindex=\"0\" data-b64=\"aHR0cHM6Ly9pbnRlcmZsb3JhLmRrL3Byb2R1a3Qvc2FtbWVuc2FldC1kaW4tZWdlbi1nYXZla3Vydj91dG1fbWVkaXVtPW9yZ2FuaWMmdXRtX3NvdXJjZT1ibG9nX3Byb2R1Y3RzJnV0bV9jYW1wYWlnbj01MzU=\" data-target=\"_blank\"><svg xmlns=\"http:\/\/www.w3.org\/2000\/svg\" width=\"16\" height=\"16\" fill=\"currentColor\" class=\"bi bi-bag\" viewBox=\"0 0 16 16\"><path d=\"M8 1a2 2 0 0 1 2 2v1h2.5A1.5 1.5 0 0 1 14 5.5v8A1.5 1.5 0 0 1 12.5 15h-9A1.5 1.5 0 0 1 2 13.5v-8A1.5 1.5 0 0 1 3.5 3H6V2a2 2 0 0 1 2-1zm1 3V3a1 1 0 0 0-2 0v1h2z\"\/><\/svg>K\u00f8b her<\/span><p class=\"rapido\">Kundernes favorit<\/p><\/div><div class=\"lp-produit\"><div class=\"lp-thumbnail-wrapper\"><img loading=\"lazy\" decoding=\"async\" width=\"300\" height=\"300\" src=\"https:\/\/interflora.dk\/blog\/wp-content\/uploads\/2025\/09\/DEN_SOEDE_OMTANKE_HAND_173-300x300.jpg\" class=\"attachment-medium size-medium wp-post-image\" alt=\"\" srcset=\"https:\/\/interflora.dk\/blog\/wp-content\/uploads\/2025\/09\/DEN_SOEDE_OMTANKE_HAND_173-300x300.jpg 300w, https:\/\/interflora.dk\/blog\/wp-content\/uploads\/2025\/09\/DEN_SOEDE_OMTANKE_HAND_173-1024x1024.jpg 1024w, https:\/\/interflora.dk\/blog\/wp-content\/uploads\/2025\/09\/DEN_SOEDE_OMTANKE_HAND_173-150x150.jpg 150w, https:\/\/interflora.dk\/blog\/wp-content\/uploads\/2025\/09\/DEN_SOEDE_OMTANKE_HAND_173-768x768.jpg 768w, https:\/\/interflora.dk\/blog\/wp-content\/uploads\/2025\/09\/DEN_SOEDE_OMTANKE_HAND_173.jpg 1200w\" sizes=\"auto, (max-width: 300px) 100vw, 300px\" \/><img decoding=\"async\" class=\"lp-badge\" src=\"https:\/\/prodblog.interflora.dk\/blog\/wp-content\/uploads\/2025\/09\/220422_INTERFLORA_Main_Logo_rgb_Main_Color.avif\" alt=\"Send blomster med Interflora\"><\/div><span>Den s\u00f8de omtanke<\/span><p>Fra 319 kr.<\/p><span class=\"obf-link lp-cta\" role=\"link\" tabindex=\"0\" data-b64=\"aHR0cHM6Ly9pbnRlcmZsb3JhLmRrL3Byb2R1a3QvZGVuLXNvZWRlLW9tdGFua2U\/dj0xOTI2JiMwMzg7dmFyaWF0aW9uPTNlY2U2YmYxLTdhOTAtNDQwMi1iYzQ5LWM4ZTcyMjQ4ODM5ND91dG1fbWVkaXVtPW9yZ2FuaWMmdXRtX3NvdXJjZT1ibG9nX3Byb2R1Y3RzJnV0bV9jYW1wYWlnbj0xNzM=\" data-target=\"_blank\"><svg xmlns=\"http:\/\/www.w3.org\/2000\/svg\" width=\"16\" height=\"16\" fill=\"currentColor\" class=\"bi bi-bag\" viewBox=\"0 0 16 16\"><path d=\"M8 1a2 2 0 0 1 2 2v1h2.5A1.5 1.5 0 0 1 14 5.5v8A1.5 1.5 0 0 1 12.5 15h-9A1.5 1.5 0 0 1 2 13.5v-8A1.5 1.5 0 0 1 3.5 3H6V2a2 2 0 0 1 2-1zm1 3V3a1 1 0 0 0-2 0v1h2z\"\/><\/svg>K\u00f8b her<\/span><p class=\"rapido\">Levering i hele Danmark<\/p><\/div><\/div>\n\n\n\n<h2 class=\"wp-block-heading alignwide has-text-align-left\">S\u00e5dan dyrker du dine skovtulipaner&nbsp;<\/h2>\n\n\n\n<p class=\"has-text-align-left\">\u00d8nsker du at dyrke skovtulipaner hjemme i haven, kan du f\u00f8lge disse simple trin:&nbsp;<\/p>\n\n\n\n<div class=\"wp-block-media-text is-stacked-on-mobile has-background\" style=\"background-color:#f5bd4512\"><figure class=\"wp-block-media-text__media\"><img loading=\"lazy\" decoding=\"async\" width=\"683\" height=\"1024\" src=\"https:\/\/interflora.dk\/blog\/wp-content\/uploads\/AdobeStock_801623710-1-683x1024.jpeg\" alt=\"R\u00f8de og gule skovtulipaner\" class=\"wp-image-52447 size-full\"\/><\/figure><div class=\"wp-block-media-text__content\">\n<ol start=\"1\" class=\"wp-block-list\">\n<li><strong>Plant din skovtulipan om efter\u00e5ret:<\/strong> Plant l\u00f8get om efter\u00e5ret, ideelt mellem september-oktober.&nbsp;<\/li>\n<\/ol>\n\n\n\n<ol start=\"2\" class=\"wp-block-list\">\n<li><strong>S\u00f8rg for en masse dybde:<\/strong> Plant l\u00f8gene 10-15 cm dybt og med 10-15 cm mellemrum.&nbsp;<\/li>\n<\/ol>\n\n\n\n<ol start=\"3\" class=\"wp-block-list\">\n<li><strong>Placering af planten:<\/strong> V\u00e6lg et solrigt til let skyggefuldt sted med god dr\u00e6ning.&nbsp;<\/li>\n<\/ol>\n\n\n\n<ol start=\"4\" class=\"wp-block-list\">\n<li><strong>Jordforhold:<\/strong> S\u00f8rg for veldr\u00e6net, let sur til neutral jord.&nbsp;<\/li>\n<\/ol>\n<\/div><\/div>\n\n\n\n<p class=\"has-text-align-left\">Skovtulipaner trives bedst, n\u00e5r de f\u00e5r lov til at naturalisere sig. De er perfekte til stenbedsomr\u00e5der, forgrunden af bede eller i gr\u00e6spl\u00e6ner.&nbsp;<\/p>\n\n\n<div class=\"lp-produits-grid\"><div class=\"lp-produit\"><div class=\"lp-thumbnail-wrapper\"><img loading=\"lazy\" decoding=\"async\" width=\"300\" height=\"300\" src=\"https:\/\/interflora.dk\/blog\/wp-content\/uploads\/2025\/09\/FLORISTENS_KREATIVE_BUKET_I_LYSEROEDE_NUANCER_MEDIUM_6311-300x300.jpg\" class=\"attachment-medium size-medium wp-post-image\" alt=\"\" srcset=\"https:\/\/interflora.dk\/blog\/wp-content\/uploads\/2025\/09\/FLORISTENS_KREATIVE_BUKET_I_LYSEROEDE_NUANCER_MEDIUM_6311-300x300.jpg 300w, https:\/\/interflora.dk\/blog\/wp-content\/uploads\/2025\/09\/FLORISTENS_KREATIVE_BUKET_I_LYSEROEDE_NUANCER_MEDIUM_6311-1024x1024.jpg 1024w, https:\/\/interflora.dk\/blog\/wp-content\/uploads\/2025\/09\/FLORISTENS_KREATIVE_BUKET_I_LYSEROEDE_NUANCER_MEDIUM_6311-150x150.jpg 150w, https:\/\/interflora.dk\/blog\/wp-content\/uploads\/2025\/09\/FLORISTENS_KREATIVE_BUKET_I_LYSEROEDE_NUANCER_MEDIUM_6311-768x768.jpg 768w, https:\/\/interflora.dk\/blog\/wp-content\/uploads\/2025\/09\/FLORISTENS_KREATIVE_BUKET_I_LYSEROEDE_NUANCER_MEDIUM_6311.jpg 1200w\" sizes=\"auto, (max-width: 300px) 100vw, 300px\" \/><img decoding=\"async\" class=\"lp-badge\" src=\"https:\/\/prodblog.interflora.dk\/blog\/wp-content\/uploads\/2025\/09\/220422_INTERFLORA_Main_Logo_rgb_Main_Color.avif\" alt=\"Send blomster med Interflora\"><\/div><span>Floristens kreative buket i lyser\u00f8de nuancer<\/span><p>Fra 229 kr.<\/p><span class=\"obf-link lp-cta\" role=\"link\" tabindex=\"0\" data-b64=\"aHR0cHM6Ly9pbnRlcmZsb3JhLmRrL3Byb2R1a3QvZmxvcmlzdGVucy1rcmVhdGl2ZS1idWtldC1pLWx5c2Vyb2VkZS1udWFuY2VyP3Y9MTYyNTEmIzAzODt2YXJpYXRpb249M2IyNjBkMDYtMGNlNy00NzUyLTk1ZjUtNGMxNDBjMWU1MDJmP3V0bV9tZWRpdW09b3JnYW5pYyZ1dG1fc291cmNlPWJsb2dfcHJvZHVjdHMmdXRtX2NhbXBhaWduPTYzMTE=\" data-target=\"_blank\"><svg xmlns=\"http:\/\/www.w3.org\/2000\/svg\" width=\"16\" height=\"16\" fill=\"currentColor\" class=\"bi bi-bag\" viewBox=\"0 0 16 16\"><path d=\"M8 1a2 2 0 0 1 2 2v1h2.5A1.5 1.5 0 0 1 14 5.5v8A1.5 1.5 0 0 1 12.5 15h-9A1.5 1.5 0 0 1 2 13.5v-8A1.5 1.5 0 0 1 3.5 3H6V2a2 2 0 0 1 2-1zm1 3V3a1 1 0 0 0-2 0v1h2z\"\/><\/svg>K\u00f8b her<\/span><p class=\"rapido\">H\u00e5ndbundet af florister<\/p><\/div><div class=\"lp-produit\"><div class=\"lp-thumbnail-wrapper\"><img loading=\"lazy\" decoding=\"async\" width=\"300\" height=\"300\" src=\"https:\/\/interflora.dk\/blog\/wp-content\/uploads\/2025\/09\/DEN_FARVERRIGE_HILSEN_6370_MEDIUM_v-300x300.jpg\" class=\"attachment-medium size-medium wp-post-image\" alt=\"\" srcset=\"https:\/\/interflora.dk\/blog\/wp-content\/uploads\/2025\/09\/DEN_FARVERRIGE_HILSEN_6370_MEDIUM_v-300x300.jpg 300w, https:\/\/interflora.dk\/blog\/wp-content\/uploads\/2025\/09\/DEN_FARVERRIGE_HILSEN_6370_MEDIUM_v-1024x1024.jpg 1024w, https:\/\/interflora.dk\/blog\/wp-content\/uploads\/2025\/09\/DEN_FARVERRIGE_HILSEN_6370_MEDIUM_v-150x150.jpg 150w, https:\/\/interflora.dk\/blog\/wp-content\/uploads\/2025\/09\/DEN_FARVERRIGE_HILSEN_6370_MEDIUM_v-768x768.jpg 768w, https:\/\/interflora.dk\/blog\/wp-content\/uploads\/2025\/09\/DEN_FARVERRIGE_HILSEN_6370_MEDIUM_v.jpg 1200w\" sizes=\"auto, (max-width: 300px) 100vw, 300px\" \/><img decoding=\"async\" class=\"lp-badge\" src=\"https:\/\/prodblog.interflora.dk\/blog\/wp-content\/uploads\/2025\/09\/220422_INTERFLORA_Main_Logo_rgb_Main_Color.avif\" alt=\"Send blomster med Interflora\"><\/div><span>Den farverige hilsen<\/span><p>Fra 219 kr.<\/p><span class=\"obf-link lp-cta\" role=\"link\" tabindex=\"0\" data-b64=\"aHR0cHM6Ly9pbnRlcmZsb3JhLmRrL3Byb2R1a3QvZGVuLWZhcnZlcmlnZS1oaWxzZW4\/dj0xNzQ3NiYjMDM4O3ZhcmlhdGlvbj04OTY2NWI0OC04MDQ5LTQ5ZjYtODczMS01MWY3MWQ1ZjRiOTQ\/dXRtX21lZGl1bT1vcmdhbmljJnV0bV9zb3VyY2U9YmxvZ19wcm9kdWN0cyZ1dG1fY2FtcGFpZ249ODM3MA==\" data-target=\"_blank\"><svg xmlns=\"http:\/\/www.w3.org\/2000\/svg\" width=\"16\" height=\"16\" fill=\"currentColor\" class=\"bi bi-bag\" viewBox=\"0 0 16 16\"><path d=\"M8 1a2 2 0 0 1 2 2v1h2.5A1.5 1.5 0 0 1 14 5.5v8A1.5 1.5 0 0 1 12.5 15h-9A1.5 1.5 0 0 1 2 13.5v-8A1.5 1.5 0 0 1 3.5 3H6V2a2 2 0 0 1 2-1zm1 3V3a1 1 0 0 0-2 0v1h2z\"\/><\/svg>K\u00f8b her<\/span><p class=\"rapido\">Levering i dag<\/p><\/div><div class=\"lp-produit\"><div class=\"lp-thumbnail-wrapper\"><img loading=\"lazy\" decoding=\"async\" width=\"300\" height=\"300\" src=\"https:\/\/interflora.dk\/blog\/wp-content\/uploads\/2025\/09\/DEN_HELT_RIGTIGE_SMALL_552_v-300x300.jpg\" class=\"attachment-medium size-medium wp-post-image\" alt=\"\" srcset=\"https:\/\/interflora.dk\/blog\/wp-content\/uploads\/2025\/09\/DEN_HELT_RIGTIGE_SMALL_552_v-300x300.jpg 300w, https:\/\/interflora.dk\/blog\/wp-content\/uploads\/2025\/09\/DEN_HELT_RIGTIGE_SMALL_552_v-1024x1024.jpg 1024w, https:\/\/interflora.dk\/blog\/wp-content\/uploads\/2025\/09\/DEN_HELT_RIGTIGE_SMALL_552_v-150x150.jpg 150w, https:\/\/interflora.dk\/blog\/wp-content\/uploads\/2025\/09\/DEN_HELT_RIGTIGE_SMALL_552_v-768x768.jpg 768w, https:\/\/interflora.dk\/blog\/wp-content\/uploads\/2025\/09\/DEN_HELT_RIGTIGE_SMALL_552_v.jpg 1200w\" sizes=\"auto, (max-width: 300px) 100vw, 300px\" \/><img decoding=\"async\" class=\"lp-badge\" src=\"https:\/\/prodblog.interflora.dk\/blog\/wp-content\/uploads\/2025\/09\/220422_INTERFLORA_Main_Logo_rgb_Main_Color.avif\" alt=\"Send blomster med Interflora\"><\/div><span>Den helt rigtige<\/span><p>Fra 269 kr.<\/p><span class=\"obf-link lp-cta\" role=\"link\" tabindex=\"0\" data-b64=\"aHR0cHM6Ly9pbnRlcmZsb3JhLmRrL3Byb2R1a3QvZGVuLWhlbHQtcmlndGlnZT92PTkzMjEmIzAzODt2YXJpYXRpb249YjYwNDJkNzEtZWFjYi00M2U4LWI5MWEtMzg5OTRhODliNzMyP3V0bV9tZWRpdW09b3JnYW5pYyZ1dG1fc291cmNlPWJsb2dfcHJvZHVjdHMmdXRtX2NhbXBhaWduPTU1Mg==\" data-target=\"_blank\"><svg xmlns=\"http:\/\/www.w3.org\/2000\/svg\" width=\"16\" height=\"16\" fill=\"currentColor\" class=\"bi bi-bag\" viewBox=\"0 0 16 16\"><path d=\"M8 1a2 2 0 0 1 2 2v1h2.5A1.5 1.5 0 0 1 14 5.5v8A1.5 1.5 0 0 1 12.5 15h-9A1.5 1.5 0 0 1 2 13.5v-8A1.5 1.5 0 0 1 3.5 3H6V2a2 2 0 0 1 2-1zm1 3V3a1 1 0 0 0-2 0v1h2z\"\/><\/svg>K\u00f8b her<\/span><p class=\"rapido\">Din personlige hilsen<\/p><\/div><div class=\"lp-produit\"><div class=\"lp-thumbnail-wrapper\"><img loading=\"lazy\" decoding=\"async\" width=\"300\" height=\"300\" src=\"https:\/\/interflora.dk\/blog\/wp-content\/uploads\/2026\/04\/MAANEDENS_BUKET_APRIL_HAND_24962028129-300x300.jpeg\" class=\"attachment-medium size-medium wp-post-image\" alt=\"\" srcset=\"https:\/\/interflora.dk\/blog\/wp-content\/uploads\/2026\/04\/MAANEDENS_BUKET_APRIL_HAND_24962028129-300x300.jpeg 300w, https:\/\/interflora.dk\/blog\/wp-content\/uploads\/2026\/04\/MAANEDENS_BUKET_APRIL_HAND_24962028129-1024x1024.jpeg 1024w, https:\/\/interflora.dk\/blog\/wp-content\/uploads\/2026\/04\/MAANEDENS_BUKET_APRIL_HAND_24962028129-150x150.jpeg 150w, https:\/\/interflora.dk\/blog\/wp-content\/uploads\/2026\/04\/MAANEDENS_BUKET_APRIL_HAND_24962028129-768x768.jpeg 768w, https:\/\/interflora.dk\/blog\/wp-content\/uploads\/2026\/04\/MAANEDENS_BUKET_APRIL_HAND_24962028129.jpeg 1200w\" sizes=\"auto, (max-width: 300px) 100vw, 300px\" \/><img decoding=\"async\" class=\"lp-badge\" src=\"https:\/\/prodblog.interflora.dk\/blog\/wp-content\/uploads\/2025\/09\/220422_INTERFLORA_Main_Logo_rgb_Main_Color.avif\" alt=\"Send blomster med Interflora\"><\/div><span>M\u00e5nedens buket i april<\/span><p>Fra 319 kr.<\/p><span class=\"obf-link lp-cta\" role=\"link\" tabindex=\"0\" data-b64=\"aHR0cHM6Ly9pbnRlcmZsb3JhLmRrL3Byb2R1a3QvbWFhbmVkZW5zLWJ1a2V0LWktYXByaWw\/dj0xMzg4MSYjMDM4O3ZhcmlhdGlvbj03Mzk3NjU2Yy1hNmNkLTRmYjctODc3Mi01ZjIxNjdlNTI3MjM\/dXRtX21lZGl1bT1vcmdhbmljJnV0bV9zb3VyY2U9YmxvZ19wcm9kdWN0cyZ1dG1fY2FtcGFpZ249MjQ5Ng==\" data-target=\"_blank\"><svg xmlns=\"http:\/\/www.w3.org\/2000\/svg\" width=\"16\" height=\"16\" fill=\"currentColor\" class=\"bi bi-bag\" viewBox=\"0 0 16 16\"><path d=\"M8 1a2 2 0 0 1 2 2v1h2.5A1.5 1.5 0 0 1 14 5.5v8A1.5 1.5 0 0 1 12.5 15h-9A1.5 1.5 0 0 1 2 13.5v-8A1.5 1.5 0 0 1 3.5 3H6V2a2 2 0 0 1 2-1zm1 3V3a1 1 0 0 0-2 0v1h2z\"\/><\/svg>K\u00f8b her<\/span><p class=\"rapido\">Levering i hele Danmark<\/p><\/div><\/div>\n\n\n\n<h3 class=\"wp-block-heading alignwide has-text-align-left\">Hvordan plejer man bedst sine skovtulipaner?&nbsp;<\/h3>\n\n\n\n<p class=\"has-text-align-left\">At pleje en skovtulipan er overraskende enkelt. Her kan du l\u00e6se om vores bedste r\u00e5d til at holde dine skovtulipaner i bedst mulig stand:&nbsp;<\/p>\n\n\n\n<div class=\"wp-block-media-text has-media-on-the-right is-stacked-on-mobile has-background\" style=\"background-color:#f5bd4512\"><div class=\"wp-block-media-text__content\">\n<ol start=\"1\" class=\"wp-block-list\">\n<li><strong>Vanding:<\/strong> Vand regelm\u00e6ssigt i v\u00e6ksts\u00e6sonen, men undg\u00e5 overvanding.&nbsp;<\/li>\n<\/ol>\n\n\n\n<ol start=\"2\" class=\"wp-block-list\">\n<li><strong>G\u00f8dning:<\/strong> Tilf\u00f8r en balanceret g\u00f8dning om for\u00e5ret.&nbsp;<\/li>\n<\/ol>\n\n\n\n<ol start=\"3\" class=\"wp-block-list\">\n<li><strong>Besk\u00e6ring:<\/strong> Fjern visne blomster for at fremme ny v\u00e6kst.&nbsp;<\/li>\n<\/ol>\n\n\n\n<ol start=\"4\" class=\"wp-block-list\">\n<li><strong>Vinterbeskyttelse:<\/strong> D\u00e6k med et lag mulch i meget kolde omr\u00e5der.&nbsp;<\/li>\n<\/ol>\n<\/div><figure class=\"wp-block-media-text__media\"><img loading=\"lazy\" decoding=\"async\" width=\"683\" height=\"1024\" src=\"https:\/\/interflora.dk\/blog\/wp-content\/uploads\/AdobeStock_432196099-683x1024.jpeg\" alt=\"Sk\u00f8n gul skovtulipan\" class=\"wp-image-52444 size-full\"\/><\/figure><\/div>\n\n\n\n<p class=\"has-text-align-left\">Husk, at skovtulipaner er ret h\u00e5rdf\u00f8re og kr\u00e6ver minimal pleje sammenlignet med andre tulipaner. L\u00e6s mere om \u00f8vrige <a href=\"https:\/\/interflora.dk\/blog\/varianter-af-tulipaner\/\" target=\"_blank\" rel=\"noreferrer noopener\">varianter af tulipaner her<\/a>.&nbsp;<\/p>\n\n\n\n<h2 class=\"wp-block-heading alignwide has-text-align-left\">Almindelige sygdomme hos skovtulipaner&nbsp;<\/h2>\n\n\n\n<p class=\"has-text-align-left\">Selvom skovtulipaner generelt er robuste, kan de stadig st\u00f8de p\u00e5 nogle udfordringer. Vi har samlet nogle af de mest hyppige sygdomme her:\u00a0<\/p>\n\n\n\n<ul style=\"background-color:#f5bd4512\" class=\"wp-block-list has-background\">\n<li><strong>Gr\u00e5skimmel:<\/strong> Undg\u00e5 gr\u00e5skimmel ved at lufte godt ud og fjern visne plantedele.<\/li>\n\n\n\n<li><strong>Tulipanild:<\/strong> Forbyg tulipanild ved at inficere planter og undg\u00e5 overvanding.\u00a0<\/li>\n\n\n\n<li><strong>Gnavere:<\/strong> Beskyt tulipanernes l\u00f8g med tr\u00e5dnet eller plant tulipanerne sammen med narcisser, som gnavere ikke kan lide.\u00a0<\/li>\n<\/ul>\n\n\n\n<p class=\"has-text-align-left\">Ved at holde \u00f8je med disse potentielle plantesygdomme kan du sikre, at dine skovtulipaner forbliver sunde og smukke \u00e5r efter \u00e5r.&nbsp;<\/p>\n\n\n<div class=\"lp-produits-grid\"><div class=\"lp-produit\"><div class=\"lp-thumbnail-wrapper\"><img loading=\"lazy\" decoding=\"async\" width=\"300\" height=\"300\" src=\"https:\/\/interflora.dk\/blog\/wp-content\/uploads\/2025\/09\/DEN_FARVERIGE_SMALL_555-300x300.jpg\" class=\"attachment-medium size-medium wp-post-image\" alt=\"\" srcset=\"https:\/\/interflora.dk\/blog\/wp-content\/uploads\/2025\/09\/DEN_FARVERIGE_SMALL_555-300x300.jpg 300w, https:\/\/interflora.dk\/blog\/wp-content\/uploads\/2025\/09\/DEN_FARVERIGE_SMALL_555-1024x1024.jpg 1024w, https:\/\/interflora.dk\/blog\/wp-content\/uploads\/2025\/09\/DEN_FARVERIGE_SMALL_555-150x150.jpg 150w, https:\/\/interflora.dk\/blog\/wp-content\/uploads\/2025\/09\/DEN_FARVERIGE_SMALL_555-768x768.jpg 768w, https:\/\/interflora.dk\/blog\/wp-content\/uploads\/2025\/09\/DEN_FARVERIGE_SMALL_555.jpg 1200w\" sizes=\"auto, (max-width: 300px) 100vw, 300px\" \/><img decoding=\"async\" class=\"lp-badge\" src=\"https:\/\/prodblog.interflora.dk\/blog\/wp-content\/uploads\/2025\/09\/220422_INTERFLORA_Main_Logo_rgb_Main_Color.avif\" alt=\"Send blomster med Interflora\"><\/div><span>Den farverige<\/span><p>Fra 329 kr.<\/p><span class=\"obf-link lp-cta\" role=\"link\" tabindex=\"0\" data-b64=\"aHR0cHM6Ly9pbnRlcmZsb3JhLmRrL3Byb2R1a3QvZGVuLWZhcnZlcmlnZT92PTk0ODYmIzAzODt2YXJpYXRpb249Mjc1YTFlY2UtYzlhOS00OTU5LTgwMWMtOTYzNDY3NzRiMmM5P3V0bV9tZWRpdW09b3JnYW5pYyZ1dG1fc291cmNlPWJsb2dfcHJvZHVjdHMmdXRtX2NhbXBhaWduPTU1NQ==\" data-target=\"_blank\"><svg xmlns=\"http:\/\/www.w3.org\/2000\/svg\" width=\"16\" height=\"16\" fill=\"currentColor\" class=\"bi bi-bag\" viewBox=\"0 0 16 16\"><path d=\"M8 1a2 2 0 0 1 2 2v1h2.5A1.5 1.5 0 0 1 14 5.5v8A1.5 1.5 0 0 1 12.5 15h-9A1.5 1.5 0 0 1 2 13.5v-8A1.5 1.5 0 0 1 3.5 3H6V2a2 2 0 0 1 2-1zm1 3V3a1 1 0 0 0-2 0v1h2z\"\/><\/svg>K\u00f8b her<\/span><p class=\"rapido\">Levering i hele Danmark<\/p><\/div><div class=\"lp-produit\"><div class=\"lp-thumbnail-wrapper\"><img loading=\"lazy\" decoding=\"async\" width=\"300\" height=\"300\" src=\"https:\/\/interflora.dk\/blog\/wp-content\/uploads\/2025\/09\/DEN_FARVERRIGE_HILSEN_6370_MEDIUM_v-300x300.jpg\" class=\"attachment-medium size-medium wp-post-image\" alt=\"\" srcset=\"https:\/\/interflora.dk\/blog\/wp-content\/uploads\/2025\/09\/DEN_FARVERRIGE_HILSEN_6370_MEDIUM_v-300x300.jpg 300w, https:\/\/interflora.dk\/blog\/wp-content\/uploads\/2025\/09\/DEN_FARVERRIGE_HILSEN_6370_MEDIUM_v-1024x1024.jpg 1024w, https:\/\/interflora.dk\/blog\/wp-content\/uploads\/2025\/09\/DEN_FARVERRIGE_HILSEN_6370_MEDIUM_v-150x150.jpg 150w, https:\/\/interflora.dk\/blog\/wp-content\/uploads\/2025\/09\/DEN_FARVERRIGE_HILSEN_6370_MEDIUM_v-768x768.jpg 768w, https:\/\/interflora.dk\/blog\/wp-content\/uploads\/2025\/09\/DEN_FARVERRIGE_HILSEN_6370_MEDIUM_v.jpg 1200w\" sizes=\"auto, (max-width: 300px) 100vw, 300px\" \/><img decoding=\"async\" class=\"lp-badge\" src=\"https:\/\/prodblog.interflora.dk\/blog\/wp-content\/uploads\/2025\/09\/220422_INTERFLORA_Main_Logo_rgb_Main_Color.avif\" alt=\"Send blomster med Interflora\"><\/div><span>Den farverige hilsen<\/span><p>Fra 219 kr.<\/p><span class=\"obf-link lp-cta\" role=\"link\" tabindex=\"0\" data-b64=\"aHR0cHM6Ly9pbnRlcmZsb3JhLmRrL3Byb2R1a3QvZGVuLWZhcnZlcmlnZS1oaWxzZW4\/dj0xNzQ3NiYjMDM4O3ZhcmlhdGlvbj04OTY2NWI0OC04MDQ5LTQ5ZjYtODczMS01MWY3MWQ1ZjRiOTQ\/dXRtX21lZGl1bT1vcmdhbmljJnV0bV9zb3VyY2U9YmxvZ19wcm9kdWN0cyZ1dG1fY2FtcGFpZ249ODM3MA==\" data-target=\"_blank\"><svg xmlns=\"http:\/\/www.w3.org\/2000\/svg\" width=\"16\" height=\"16\" fill=\"currentColor\" class=\"bi bi-bag\" viewBox=\"0 0 16 16\"><path d=\"M8 1a2 2 0 0 1 2 2v1h2.5A1.5 1.5 0 0 1 14 5.5v8A1.5 1.5 0 0 1 12.5 15h-9A1.5 1.5 0 0 1 2 13.5v-8A1.5 1.5 0 0 1 3.5 3H6V2a2 2 0 0 1 2-1zm1 3V3a1 1 0 0 0-2 0v1h2z\"\/><\/svg>K\u00f8b her<\/span><p class=\"rapido\">Kundernes favorit<\/p><\/div><div class=\"lp-produit\"><div class=\"lp-thumbnail-wrapper\"><img loading=\"lazy\" decoding=\"async\" width=\"300\" height=\"300\" src=\"https:\/\/interflora.dk\/blog\/wp-content\/uploads\/2026\/04\/MAANEDENS_BUKET_APRIL_HAND_24962028129-300x300.jpeg\" class=\"attachment-medium size-medium wp-post-image\" alt=\"\" srcset=\"https:\/\/interflora.dk\/blog\/wp-content\/uploads\/2026\/04\/MAANEDENS_BUKET_APRIL_HAND_24962028129-300x300.jpeg 300w, https:\/\/interflora.dk\/blog\/wp-content\/uploads\/2026\/04\/MAANEDENS_BUKET_APRIL_HAND_24962028129-1024x1024.jpeg 1024w, https:\/\/interflora.dk\/blog\/wp-content\/uploads\/2026\/04\/MAANEDENS_BUKET_APRIL_HAND_24962028129-150x150.jpeg 150w, https:\/\/interflora.dk\/blog\/wp-content\/uploads\/2026\/04\/MAANEDENS_BUKET_APRIL_HAND_24962028129-768x768.jpeg 768w, https:\/\/interflora.dk\/blog\/wp-content\/uploads\/2026\/04\/MAANEDENS_BUKET_APRIL_HAND_24962028129.jpeg 1200w\" sizes=\"auto, (max-width: 300px) 100vw, 300px\" \/><img decoding=\"async\" class=\"lp-badge\" src=\"https:\/\/prodblog.interflora.dk\/blog\/wp-content\/uploads\/2025\/09\/220422_INTERFLORA_Main_Logo_rgb_Main_Color.avif\" alt=\"Send blomster med Interflora\"><\/div><span>M\u00e5nedens buket i april<\/span><p>Fra 319 kr.<\/p><span class=\"obf-link lp-cta\" role=\"link\" tabindex=\"0\" data-b64=\"aHR0cHM6Ly9pbnRlcmZsb3JhLmRrL3Byb2R1a3QvbWFhbmVkZW5zLWJ1a2V0LWktYXByaWw\/dj0xMzg4MSYjMDM4O3ZhcmlhdGlvbj03Mzk3NjU2Yy1hNmNkLTRmYjctODc3Mi01ZjIxNjdlNTI3MjM\/dXRtX21lZGl1bT1vcmdhbmljJnV0bV9zb3VyY2U9YmxvZ19wcm9kdWN0cyZ1dG1fY2FtcGFpZ249MjQ5Ng==\" data-target=\"_blank\"><svg xmlns=\"http:\/\/www.w3.org\/2000\/svg\" width=\"16\" height=\"16\" fill=\"currentColor\" class=\"bi bi-bag\" viewBox=\"0 0 16 16\"><path d=\"M8 1a2 2 0 0 1 2 2v1h2.5A1.5 1.5 0 0 1 14 5.5v8A1.5 1.5 0 0 1 12.5 15h-9A1.5 1.5 0 0 1 2 13.5v-8A1.5 1.5 0 0 1 3.5 3H6V2a2 2 0 0 1 2-1zm1 3V3a1 1 0 0 0-2 0v1h2z\"\/><\/svg>K\u00f8b her<\/span><p class=\"rapido\">Bundet af din lokale florist<\/p><\/div><div class=\"lp-produit\"><div class=\"lp-thumbnail-wrapper\"><img loading=\"lazy\" decoding=\"async\" width=\"300\" height=\"300\" src=\"https:\/\/interflora.dk\/blog\/wp-content\/uploads\/2025\/09\/PREMIUM_ROED_LYSEROED_SMALL_7490_w-300x300.jpg\" class=\"attachment-medium size-medium wp-post-image\" alt=\"\" srcset=\"https:\/\/interflora.dk\/blog\/wp-content\/uploads\/2025\/09\/PREMIUM_ROED_LYSEROED_SMALL_7490_w-300x300.jpg 300w, https:\/\/interflora.dk\/blog\/wp-content\/uploads\/2025\/09\/PREMIUM_ROED_LYSEROED_SMALL_7490_w-1024x1024.jpg 1024w, https:\/\/interflora.dk\/blog\/wp-content\/uploads\/2025\/09\/PREMIUM_ROED_LYSEROED_SMALL_7490_w-150x150.jpg 150w, https:\/\/interflora.dk\/blog\/wp-content\/uploads\/2025\/09\/PREMIUM_ROED_LYSEROED_SMALL_7490_w-768x768.jpg 768w, https:\/\/interflora.dk\/blog\/wp-content\/uploads\/2025\/09\/PREMIUM_ROED_LYSEROED_SMALL_7490_w.jpg 1200w\" sizes=\"auto, (max-width: 300px) 100vw, 300px\" \/><img decoding=\"async\" class=\"lp-badge\" src=\"https:\/\/prodblog.interflora.dk\/blog\/wp-content\/uploads\/2025\/09\/220422_INTERFLORA_Main_Logo_rgb_Main_Color.avif\" alt=\"Send blomster med Interflora\"><\/div><span>Den bet\u00e6nksomme<\/span><p>Fra 349 kr.<\/p><span class=\"obf-link lp-cta\" role=\"link\" tabindex=\"0\" data-b64=\"aHR0cHM6Ly9pbnRlcmZsb3JhLmRrL3Byb2R1a3QvZGVuLWJldGFlbmtzb21tZT92PTk0MjEmIzAzODt2YXJpYXRpb249ZTNiOThjYjctMWQzMC00OTYxLWI5N2UtOGM5OGIwNmM2NDE1P3V0bV9tZWRpdW09b3JnYW5pYyZ1dG1fc291cmNlPWJsb2dfcHJvZHVjdHMmdXRtX2NhbXBhaWduPTU4MA==\" data-target=\"_blank\"><svg xmlns=\"http:\/\/www.w3.org\/2000\/svg\" width=\"16\" height=\"16\" fill=\"currentColor\" class=\"bi bi-bag\" viewBox=\"0 0 16 16\"><path d=\"M8 1a2 2 0 0 1 2 2v1h2.5A1.5 1.5 0 0 1 14 5.5v8A1.5 1.5 0 0 1 12.5 15h-9A1.5 1.5 0 0 1 2 13.5v-8A1.5 1.5 0 0 1 3.5 3H6V2a2 2 0 0 1 2-1zm1 3V3a1 1 0 0 0-2 0v1h2z\"\/><\/svg>K\u00f8b her<\/span><p class=\"rapido\">Friske blomster<\/p><\/div><\/div>\n\n\n\n<h2 class=\"wp-block-heading alignwide has-text-align-left\">Skovtulipanens oprindelse og historie&nbsp;<\/h2>\n\n\n\n<p class=\"has-text-align-left\">Skovtulipanen stammer oprindeligt fra Centralasien, hvor den vokser vildt i bjergrige omr\u00e5der. Den blev f\u00f8rst opdaget af botanikere i slutningen af det 19. \u00e5rhundrede og har siden vundet popularitet i haver over hele verden.&nbsp;<\/p>\n\n\n\n<p class=\"has-text-align-left\">Dens evne til at trives i naturlige omgivelser og dens charmerende, stjerneformede blomster har gjort den til en favorit blandt haveentusiaster, der \u00f8nsker at skabe et mere naturligt og vildt look i deres haver.&nbsp;<\/p>\n\n\n\n<figure class=\"wp-block-image aligncenter size-large is-resized\"><img loading=\"lazy\" decoding=\"async\" width=\"1024\" height=\"683\" src=\"https:\/\/interflora.dk\/blog\/wp-content\/uploads\/AdobeStock_960125852-1024x683.jpeg\" alt=\"Skovtulipanen\" class=\"wp-image-52446\" style=\"width:800px\"\/><\/figure>\n\n\n\n<h2 class=\"wp-block-heading alignwide has-text-align-left\">Udforsk tulipanernes fortryllende verden&nbsp;<\/h2>\n\n\n\n<p class=\"has-text-align-left\">Er du blevet forelsket i skovtulipanens charmerende sk\u00f8nhed? S\u00e5 er det kun begyndelsen p\u00e5 en fascinerende rejse ind i tulipanernes mangfoldige verden. Fra de vilde, botaniske arter til de farverige havevarianter, gemmer tulipanernes univers p\u00e5 utallige overraskelser.\u00a0<\/p>\n\n\n\n<p class=\"has-text-align-left\">\u00d8nsker du at dykke dybere ned i tulipanernes fortryllende verden, s\u00e5 l\u00e6s vores <a href=\"https:\/\/interflora.dk\/blog\/tulipaner\/\" target=\"_blank\" rel=\"noreferrer noopener\">ultimative guide til tulipaner<\/a> her finder du alt, hvad dit blomsterelskende hjerte beg\u00e6rer. Her kan du fordybe dig i tulipanernes fascinerende historie, l\u00e6re om de forskellige typer, og f\u00e5 eksperttips til pleje og dyrkning.\u00a0<\/p>\n\n\n\n<p class=\"has-text-align-left\">Uanset om du er en erfaren gartner eller bare elsker at nyde smukke blomster, har tulipanernes verden noget magisk at tilbyde dig. S\u00e5 hvorfor ikke starte dit tulipaneventyr i dag? Lad dig inspirere, og lad tulipanernes tidl\u00f8se sk\u00f8nhed berige dit liv med et v\u00e6ld af farver og former.&nbsp;<\/p>\n\n\n\n<div class=\"wp-block-buttons is-content-justification-center is-layout-flex wp-container-core-buttons-is-layout-a89b3969 wp-block-buttons-is-layout-flex\">\n<div class=\"wp-block-button\"><a class=\"wp-block-button__link has-medium-font-size has-custom-font-size wp-element-button\" href=\"https:\/\/interflora.dk\/produkter\/tulipaner?utm_source=blog&amp;utm_campaign=post-cta\">Udforsk vores buketter med tulipaner<\/a><\/div>\n<\/div>\n\n\n<div class=\"lp-produits-grid\"><div class=\"lp-produit\"><div class=\"lp-thumbnail-wrapper\"><img loading=\"lazy\" decoding=\"async\" width=\"300\" height=\"300\" src=\"https:\/\/interflora.dk\/blog\/wp-content\/uploads\/2025\/09\/DEN_TIL_FOEDSELSDAGEN_VINTER_SMALL_127_v-300x300.jpg\" class=\"attachment-medium size-medium wp-post-image\" alt=\"\" srcset=\"https:\/\/interflora.dk\/blog\/wp-content\/uploads\/2025\/09\/DEN_TIL_FOEDSELSDAGEN_VINTER_SMALL_127_v-300x300.jpg 300w, https:\/\/interflora.dk\/blog\/wp-content\/uploads\/2025\/09\/DEN_TIL_FOEDSELSDAGEN_VINTER_SMALL_127_v-1024x1024.jpg 1024w, https:\/\/interflora.dk\/blog\/wp-content\/uploads\/2025\/09\/DEN_TIL_FOEDSELSDAGEN_VINTER_SMALL_127_v-150x150.jpg 150w, https:\/\/interflora.dk\/blog\/wp-content\/uploads\/2025\/09\/DEN_TIL_FOEDSELSDAGEN_VINTER_SMALL_127_v-768x768.jpg 768w, https:\/\/interflora.dk\/blog\/wp-content\/uploads\/2025\/09\/DEN_TIL_FOEDSELSDAGEN_VINTER_SMALL_127_v.jpg 1200w\" sizes=\"auto, (max-width: 300px) 100vw, 300px\" \/><img decoding=\"async\" class=\"lp-badge\" src=\"https:\/\/prodblog.interflora.dk\/blog\/wp-content\/uploads\/2025\/09\/220422_INTERFLORA_Main_Logo_rgb_Main_Color.avif\" alt=\"Send blomster med Interflora\"><\/div><span>Den til f\u00f8dselsdagen<\/span><p>Fra 299 kr.<\/p><span class=\"obf-link lp-cta\" role=\"link\" tabindex=\"0\" data-b64=\"aHR0cHM6Ly9pbnRlcmZsb3JhLmRrL3Byb2R1a3QvZGVuLXRpbC1mb2Vkc2Vsc2RhZ2VuP3Y9MTU1MSYjMDM4O3ZhcmlhdGlvbj05M2NjOTRlNi0zZmJlLTQ1OTgtYjAwNS03YTk5NTNiNGZlNGI\/dXRtX21lZGl1bT1vcmdhbmljJnV0bV9zb3VyY2U9YmxvZ19wcm9kdWN0cyZ1dG1fY2FtcGFpZ249MTI3\" data-target=\"_blank\"><svg xmlns=\"http:\/\/www.w3.org\/2000\/svg\" width=\"16\" height=\"16\" fill=\"currentColor\" class=\"bi bi-bag\" viewBox=\"0 0 16 16\"><path d=\"M8 1a2 2 0 0 1 2 2v1h2.5A1.5 1.5 0 0 1 14 5.5v8A1.5 1.5 0 0 1 12.5 15h-9A1.5 1.5 0 0 1 2 13.5v-8A1.5 1.5 0 0 1 3.5 3H6V2a2 2 0 0 1 2-1zm1 3V3a1 1 0 0 0-2 0v1h2z\"\/><\/svg>K\u00f8b her<\/span><p class=\"rapido\">Levering i hele Danmark<\/p><\/div><div class=\"lp-produit\"><div class=\"lp-thumbnail-wrapper\"><img loading=\"lazy\" decoding=\"async\" width=\"300\" height=\"300\" src=\"https:\/\/interflora.dk\/blog\/wp-content\/uploads\/2025\/09\/DEN_SOEDE_OMTANKE_HAND_173-300x300.jpg\" class=\"attachment-medium size-medium wp-post-image\" alt=\"\" srcset=\"https:\/\/interflora.dk\/blog\/wp-content\/uploads\/2025\/09\/DEN_SOEDE_OMTANKE_HAND_173-300x300.jpg 300w, https:\/\/interflora.dk\/blog\/wp-content\/uploads\/2025\/09\/DEN_SOEDE_OMTANKE_HAND_173-1024x1024.jpg 1024w, https:\/\/interflora.dk\/blog\/wp-content\/uploads\/2025\/09\/DEN_SOEDE_OMTANKE_HAND_173-150x150.jpg 150w, https:\/\/interflora.dk\/blog\/wp-content\/uploads\/2025\/09\/DEN_SOEDE_OMTANKE_HAND_173-768x768.jpg 768w, https:\/\/interflora.dk\/blog\/wp-content\/uploads\/2025\/09\/DEN_SOEDE_OMTANKE_HAND_173.jpg 1200w\" sizes=\"auto, (max-width: 300px) 100vw, 300px\" \/><img decoding=\"async\" class=\"lp-badge\" src=\"https:\/\/prodblog.interflora.dk\/blog\/wp-content\/uploads\/2025\/09\/220422_INTERFLORA_Main_Logo_rgb_Main_Color.avif\" alt=\"Send blomster med Interflora\"><\/div><span>Den s\u00f8de omtanke<\/span><p>Fra 319 kr.<\/p><span class=\"obf-link lp-cta\" role=\"link\" tabindex=\"0\" data-b64=\"aHR0cHM6Ly9pbnRlcmZsb3JhLmRrL3Byb2R1a3QvZGVuLXNvZWRlLW9tdGFua2U\/dj0xOTI2JiMwMzg7dmFyaWF0aW9uPTNlY2U2YmYxLTdhOTAtNDQwMi1iYzQ5LWM4ZTcyMjQ4ODM5ND91dG1fbWVkaXVtPW9yZ2FuaWMmdXRtX3NvdXJjZT1ibG9nX3Byb2R1Y3RzJnV0bV9jYW1wYWlnbj0xNzM=\" data-target=\"_blank\"><svg xmlns=\"http:\/\/www.w3.org\/2000\/svg\" width=\"16\" height=\"16\" fill=\"currentColor\" class=\"bi bi-bag\" viewBox=\"0 0 16 16\"><path d=\"M8 1a2 2 0 0 1 2 2v1h2.5A1.5 1.5 0 0 1 14 5.5v8A1.5 1.5 0 0 1 12.5 15h-9A1.5 1.5 0 0 1 2 13.5v-8A1.5 1.5 0 0 1 3.5 3H6V2a2 2 0 0 1 2-1zm1 3V3a1 1 0 0 0-2 0v1h2z\"\/><\/svg>K\u00f8b her<\/span><p class=\"rapido\">Din personlige hilsen<\/p><\/div><div class=\"lp-produit\"><div class=\"lp-thumbnail-wrapper\"><img loading=\"lazy\" decoding=\"async\" width=\"300\" height=\"300\" src=\"https:\/\/interflora.dk\/blog\/wp-content\/uploads\/2025\/09\/DEN_FARVERRIGE_HILSEN_6370_MEDIUM_v-300x300.jpg\" class=\"attachment-medium size-medium wp-post-image\" alt=\"\" srcset=\"https:\/\/interflora.dk\/blog\/wp-content\/uploads\/2025\/09\/DEN_FARVERRIGE_HILSEN_6370_MEDIUM_v-300x300.jpg 300w, https:\/\/interflora.dk\/blog\/wp-content\/uploads\/2025\/09\/DEN_FARVERRIGE_HILSEN_6370_MEDIUM_v-1024x1024.jpg 1024w, https:\/\/interflora.dk\/blog\/wp-content\/uploads\/2025\/09\/DEN_FARVERRIGE_HILSEN_6370_MEDIUM_v-150x150.jpg 150w, https:\/\/interflora.dk\/blog\/wp-content\/uploads\/2025\/09\/DEN_FARVERRIGE_HILSEN_6370_MEDIUM_v-768x768.jpg 768w, https:\/\/interflora.dk\/blog\/wp-content\/uploads\/2025\/09\/DEN_FARVERRIGE_HILSEN_6370_MEDIUM_v.jpg 1200w\" sizes=\"auto, (max-width: 300px) 100vw, 300px\" \/><img decoding=\"async\" class=\"lp-badge\" src=\"https:\/\/prodblog.interflora.dk\/blog\/wp-content\/uploads\/2025\/09\/220422_INTERFLORA_Main_Logo_rgb_Main_Color.avif\" alt=\"Send blomster med Interflora\"><\/div><span>Den farverige hilsen<\/span><p>Fra 219 kr.<\/p><span class=\"obf-link lp-cta\" role=\"link\" tabindex=\"0\" data-b64=\"aHR0cHM6Ly9pbnRlcmZsb3JhLmRrL3Byb2R1a3QvZGVuLWZhcnZlcmlnZS1oaWxzZW4\/dj0xNzQ3NiYjMDM4O3ZhcmlhdGlvbj04OTY2NWI0OC04MDQ5LTQ5ZjYtODczMS01MWY3MWQ1ZjRiOTQ\/dXRtX21lZGl1bT1vcmdhbmljJnV0bV9zb3VyY2U9YmxvZ19wcm9kdWN0cyZ1dG1fY2FtcGFpZ249ODM3MA==\" data-target=\"_blank\"><svg xmlns=\"http:\/\/www.w3.org\/2000\/svg\" width=\"16\" height=\"16\" fill=\"currentColor\" class=\"bi bi-bag\" viewBox=\"0 0 16 16\"><path d=\"M8 1a2 2 0 0 1 2 2v1h2.5A1.5 1.5 0 0 1 14 5.5v8A1.5 1.5 0 0 1 12.5 15h-9A1.5 1.5 0 0 1 2 13.5v-8A1.5 1.5 0 0 1 3.5 3H6V2a2 2 0 0 1 2-1zm1 3V3a1 1 0 0 0-2 0v1h2z\"\/><\/svg>K\u00f8b her<\/span><p class=\"rapido\">Levering i dag<\/p><\/div><div class=\"lp-produit\"><div class=\"lp-thumbnail-wrapper\"><img loading=\"lazy\" decoding=\"async\" width=\"300\" height=\"300\" src=\"https:\/\/interflora.dk\/blog\/wp-content\/uploads\/2025\/09\/FLORISTENS_KREATIVE_BUKET_I_LYSEROEDE_NUANCER_MEDIUM_6311-300x300.jpg\" class=\"attachment-medium size-medium wp-post-image\" alt=\"\" srcset=\"https:\/\/interflora.dk\/blog\/wp-content\/uploads\/2025\/09\/FLORISTENS_KREATIVE_BUKET_I_LYSEROEDE_NUANCER_MEDIUM_6311-300x300.jpg 300w, https:\/\/interflora.dk\/blog\/wp-content\/uploads\/2025\/09\/FLORISTENS_KREATIVE_BUKET_I_LYSEROEDE_NUANCER_MEDIUM_6311-1024x1024.jpg 1024w, https:\/\/interflora.dk\/blog\/wp-content\/uploads\/2025\/09\/FLORISTENS_KREATIVE_BUKET_I_LYSEROEDE_NUANCER_MEDIUM_6311-150x150.jpg 150w, https:\/\/interflora.dk\/blog\/wp-content\/uploads\/2025\/09\/FLORISTENS_KREATIVE_BUKET_I_LYSEROEDE_NUANCER_MEDIUM_6311-768x768.jpg 768w, https:\/\/interflora.dk\/blog\/wp-content\/uploads\/2025\/09\/FLORISTENS_KREATIVE_BUKET_I_LYSEROEDE_NUANCER_MEDIUM_6311.jpg 1200w\" sizes=\"auto, (max-width: 300px) 100vw, 300px\" \/><img decoding=\"async\" class=\"lp-badge\" src=\"https:\/\/prodblog.interflora.dk\/blog\/wp-content\/uploads\/2025\/09\/220422_INTERFLORA_Main_Logo_rgb_Main_Color.avif\" alt=\"Send blomster med Interflora\"><\/div><span>Floristens kreative buket i lyser\u00f8de nuancer<\/span><p>Fra 229 kr.<\/p><span class=\"obf-link lp-cta\" role=\"link\" tabindex=\"0\" data-b64=\"aHR0cHM6Ly9pbnRlcmZsb3JhLmRrL3Byb2R1a3QvZmxvcmlzdGVucy1rcmVhdGl2ZS1idWtldC1pLWx5c2Vyb2VkZS1udWFuY2VyP3Y9MTYyNTEmIzAzODt2YXJpYXRpb249M2IyNjBkMDYtMGNlNy00NzUyLTk1ZjUtNGMxNDBjMWU1MDJmP3V0bV9tZWRpdW09b3JnYW5pYyZ1dG1fc291cmNlPWJsb2dfcHJvZHVjdHMmdXRtX2NhbXBhaWduPTYzMTE=\" data-target=\"_blank\"><svg xmlns=\"http:\/\/www.w3.org\/2000\/svg\" width=\"16\" height=\"16\" fill=\"currentColor\" class=\"bi bi-bag\" viewBox=\"0 0 16 16\"><path d=\"M8 1a2 2 0 0 1 2 2v1h2.5A1.5 1.5 0 0 1 14 5.5v8A1.5 1.5 0 0 1 12.5 15h-9A1.5 1.5 0 0 1 2 13.5v-8A1.5 1.5 0 0 1 3.5 3H6V2a2 2 0 0 1 2-1zm1 3V3a1 1 0 0 0-2 0v1h2z\"\/><\/svg>K\u00f8b her<\/span><p class=\"rapido\">H\u00e5ndbundet af florister<\/p><\/div><\/div>\n\n\n\n<p><\/p>\n","protected":false},"excerpt":{"rendered":"<p>Dr\u00f8mmer du om at tilf\u00f8je et strejf af vild sk\u00f8nhed til din have? S\u00e5 er skovtulipanen, ogs\u00e5 kendt som Tulipa [&hellip;]<\/p>\n","protected":false},"author":1,"featured_media":52460,"comment_status":"closed","ping_status":"closed","sticky":false,"template":"","format":"standard","meta":{"_uag_custom_page_level_css":"","site-sidebar-layout":"default","site-content-layout":"","ast-site-content-layout":"default","site-content-style":"default","site-sidebar-style":"default","ast-global-header-display":"","ast-banner-title-visibility":"","ast-main-header-display":"","ast-hfb-above-header-display":"","ast-hfb-below-header-display":"","ast-hfb-mobile-header-display":"","site-post-title":"","ast-breadcrumbs-content":"","ast-featured-img":"","footer-sml-layout":"","ast-disable-related-posts":"","theme-transparent-header-meta":"","adv-header-id-meta":"","stick-header-meta":"","header-above-stick-meta":"","header-main-stick-meta":"","header-below-stick-meta":"","astra-migrate-meta-layouts":"set","ast-page-background-enabled":"default","ast-page-background-meta":{"desktop":{"background-color":"var(--ast-global-color-4)","background-image":"","background-repeat":"repeat","background-position":"center center","background-size":"auto","background-attachment":"scroll","background-type":"","background-media":"","overlay-type":"","overlay-color":"","overlay-opacity":"","overlay-gradient":""},"tablet":{"background-color":"","background-image":"","background-repeat":"repeat","background-position":"center center","background-size":"auto","background-attachment":"scroll","background-type":"","background-media":"","overlay-type":"","overlay-color":"","overlay-opacity":"","overlay-gradient":""},"mobile":{"background-color":"","background-image":"","background-repeat":"repeat","background-position":"center center","background-size":"auto","background-attachment":"scroll","background-type":"","background-media":"","overlay-type":"","overlay-color":"","overlay-opacity":"","overlay-gradient":""}},"ast-content-background-meta":{"desktop":{"background-color":"var(--ast-global-color-5)","background-image":"","background-repeat":"repeat","background-position":"center center","background-size":"auto","background-attachment":"scroll","background-type":"","background-media":"","overlay-type":"","overlay-color":"","overlay-opacity":"","overlay-gradient":""},"tablet":{"background-color":"var(--ast-global-color-5)","background-image":"","background-repeat":"repeat","background-position":"center center","background-size":"auto","background-attachment":"scroll","background-type":"","background-media":"","overlay-type":"","overlay-color":"","overlay-opacity":"","overlay-gradient":""},"mobile":{"background-color":"var(--ast-global-color-5)","background-image":"","background-repeat":"repeat","background-position":"center center","background-size":"auto","background-attachment":"scroll","background-type":"","background-media":"","overlay-type":"","overlay-color":"","overlay-opacity":"","overlay-gradient":""}},"footnotes":""},"categories":[240,221,191,187,244,193],"tags":[186],"class_list":["post-52409","post","type-post","status-publish","format-standard","has-post-thumbnail","hentry","category-foraar","category-havearbejde","category-loegblomster","category-tulipan","category-vinter","category-blomster","tag-tulipan"],"yoast_head":"<!-- This site is optimized with the Yoast SEO plugin v27.4 - https:\/\/yoast.com\/product\/yoast-seo-wordpress\/ -->\n<title>Skovtulipanen: L\u00e6r at dyrke denne vilde sk\u00f8nhed | Interflora<\/title>\n<meta name=\"description\" content=\"Forelsk dig i skovtulipanens vilde charme! F\u00e5 eksperttips til dyrkning og pleje, og skab et naturligt paradis i din have med denne h\u00e5rdf\u00f8re sk\u00f8nhed.\" \/>\n<meta name=\"robots\" content=\"index, follow, max-snippet:-1, max-image-preview:large, max-video-preview:-1\" \/>\n<link rel=\"canonical\" href=\"https:\/\/interflora.dk\/blog\/skovtulipanen\/\" \/>\n<meta property=\"og:locale\" content=\"da_DK\" \/>\n<meta property=\"og:type\" content=\"article\" \/>\n<meta property=\"og:title\" content=\"Skovtulipanen: L\u00e6r at dyrke denne vilde sk\u00f8nhed | Interflora\" \/>\n<meta property=\"og:description\" content=\"Forelsk dig i skovtulipanens vilde charme! F\u00e5 eksperttips til dyrkning og pleje, og skab et naturligt paradis i din have med denne h\u00e5rdf\u00f8re sk\u00f8nhed.\" \/>\n<meta property=\"og:url\" content=\"https:\/\/interflora.dk\/blog\/skovtulipanen\/\" \/>\n<meta property=\"og:site_name\" content=\"Interflora\" \/>\n<meta property=\"article:publisher\" content=\"https:\/\/www.facebook.com\/InterfloraDanmark\" \/>\n<meta property=\"article:published_time\" content=\"2026-03-11T14:26:23+00:00\" \/>\n<meta property=\"article:modified_time\" content=\"2026-03-17T09:29:23+00:00\" \/>\n<meta property=\"og:image\" content=\"https:\/\/interflora.dk\/blog\/wp-content\/uploads\/2025\/03\/AdobeStock_801623710-2.jpeg\" \/>\n\t<meta property=\"og:image:width\" content=\"1200\" \/>\n\t<meta property=\"og:image:height\" content=\"800\" \/>\n\t<meta property=\"og:image:type\" content=\"image\/jpeg\" \/>\n<meta name=\"author\" content=\"admin\" \/>\n<meta name=\"twitter:card\" content=\"summary_large_image\" \/>\n<meta name=\"twitter:label1\" content=\"Skrevet af\" \/>\n\t<meta name=\"twitter:data1\" content=\"admin\" \/>\n\t<meta name=\"twitter:label2\" content=\"Estimeret l\u00e6setid\" \/>\n\t<meta name=\"twitter:data2\" content=\"4 minutter\" \/>\n<script type=\"application\/ld+json\" class=\"yoast-schema-graph\">{\"@context\":\"https:\\\/\\\/schema.org\",\"@graph\":[{\"@type\":\"Article\",\"@id\":\"https:\\\/\\\/interflora.dk\\\/blog\\\/skovtulipanen\\\/#article\",\"isPartOf\":{\"@id\":\"https:\\\/\\\/interflora.dk\\\/blog\\\/skovtulipanen\\\/\"},\"author\":{\"name\":\"admin\",\"@id\":\"https:\\\/\\\/interflora.dk\\\/blog\\\/#\\\/schema\\\/person\\\/dbbd1ad45e05409c356dc639597669f2\"},\"headline\":\"Skovtulipan: Den charmerende vilde tulipan i din have\",\"datePublished\":\"2026-03-11T14:26:23+00:00\",\"dateModified\":\"2026-03-17T09:29:23+00:00\",\"mainEntityOfPage\":{\"@id\":\"https:\\\/\\\/interflora.dk\\\/blog\\\/skovtulipanen\\\/\"},\"wordCount\":739,\"publisher\":{\"@id\":\"https:\\\/\\\/interflora.dk\\\/blog\\\/#organization\"},\"image\":{\"@id\":\"https:\\\/\\\/interflora.dk\\\/blog\\\/skovtulipanen\\\/#primaryimage\"},\"thumbnailUrl\":\"https:\\\/\\\/interflora.dk\\\/blog\\\/wp-content\\\/uploads\\\/2025\\\/03\\\/AdobeStock_801623710-2.jpeg\",\"keywords\":[\"Tulipan\"],\"articleSection\":[\"For\u00e5r: Tips og inspiration\",\"Gl\u00e6den ved havearbejde: R\u00e5d og inspiration\",\"L\u00f8gblomster: Pleje, tips og tricks\",\"Tulipaner: Pleje og nyttige tips\",\"Vinter: R\u00e5dgivning og kreativ inspiration\",\"Vores tips og inspiration til blomster\"],\"inLanguage\":\"da-DK\"},{\"@type\":\"WebPage\",\"@id\":\"https:\\\/\\\/interflora.dk\\\/blog\\\/skovtulipanen\\\/\",\"url\":\"https:\\\/\\\/interflora.dk\\\/blog\\\/skovtulipanen\\\/\",\"name\":\"Skovtulipanen: L\u00e6r at dyrke denne vilde sk\u00f8nhed | Interflora\",\"isPartOf\":{\"@id\":\"https:\\\/\\\/interflora.dk\\\/blog\\\/#website\"},\"primaryImageOfPage\":{\"@id\":\"https:\\\/\\\/interflora.dk\\\/blog\\\/skovtulipanen\\\/#primaryimage\"},\"image\":{\"@id\":\"https:\\\/\\\/interflora.dk\\\/blog\\\/skovtulipanen\\\/#primaryimage\"},\"thumbnailUrl\":\"https:\\\/\\\/interflora.dk\\\/blog\\\/wp-content\\\/uploads\\\/2025\\\/03\\\/AdobeStock_801623710-2.jpeg\",\"datePublished\":\"2026-03-11T14:26:23+00:00\",\"dateModified\":\"2026-03-17T09:29:23+00:00\",\"description\":\"Forelsk dig i skovtulipanens vilde charme! F\u00e5 eksperttips til dyrkning og pleje, og skab et naturligt paradis i din have med denne h\u00e5rdf\u00f8re sk\u00f8nhed.\",\"breadcrumb\":{\"@id\":\"https:\\\/\\\/interflora.dk\\\/blog\\\/skovtulipanen\\\/#breadcrumb\"},\"inLanguage\":\"da-DK\",\"potentialAction\":[{\"@type\":\"ReadAction\",\"target\":[\"https:\\\/\\\/interflora.dk\\\/blog\\\/skovtulipanen\\\/\"]}]},{\"@type\":\"ImageObject\",\"inLanguage\":\"da-DK\",\"@id\":\"https:\\\/\\\/interflora.dk\\\/blog\\\/skovtulipanen\\\/#primaryimage\",\"url\":\"https:\\\/\\\/interflora.dk\\\/blog\\\/wp-content\\\/uploads\\\/2025\\\/03\\\/AdobeStock_801623710-2.jpeg\",\"contentUrl\":\"https:\\\/\\\/interflora.dk\\\/blog\\\/wp-content\\\/uploads\\\/2025\\\/03\\\/AdobeStock_801623710-2.jpeg\",\"width\":1200,\"height\":800},{\"@type\":\"BreadcrumbList\",\"@id\":\"https:\\\/\\\/interflora.dk\\\/blog\\\/skovtulipanen\\\/#breadcrumb\",\"itemListElement\":[{\"@type\":\"ListItem\",\"position\":1,\"name\":\"Home\",\"item\":\"https:\\\/\\\/interflora.dk\\\/blog\\\/\"},{\"@type\":\"ListItem\",\"position\":2,\"name\":\"Skovtulipan: Den charmerende vilde tulipan i din have\"}]},{\"@type\":\"WebSite\",\"@id\":\"https:\\\/\\\/interflora.dk\\\/blog\\\/#website\",\"url\":\"https:\\\/\\\/interflora.dk\\\/blog\\\/\",\"name\":\"Interflora\",\"description\":\"\",\"publisher\":{\"@id\":\"https:\\\/\\\/interflora.dk\\\/blog\\\/#organization\"},\"potentialAction\":[{\"@type\":\"SearchAction\",\"target\":{\"@type\":\"EntryPoint\",\"urlTemplate\":\"https:\\\/\\\/interflora.dk\\\/blog\\\/?s={search_term_string}\"},\"query-input\":{\"@type\":\"PropertyValueSpecification\",\"valueRequired\":true,\"valueName\":\"search_term_string\"}}],\"inLanguage\":\"da-DK\"},{\"@type\":\"Organization\",\"@id\":\"https:\\\/\\\/interflora.dk\\\/blog\\\/#organization\",\"name\":\"Interflora\",\"url\":\"https:\\\/\\\/interflora.dk\\\/blog\\\/\",\"logo\":{\"@type\":\"ImageObject\",\"inLanguage\":\"da-DK\",\"@id\":\"https:\\\/\\\/interflora.dk\\\/blog\\\/#\\\/schema\\\/logo\\\/image\\\/\",\"url\":\"https:\\\/\\\/interflora.dk\\\/blog\\\/wp-content\\\/uploads\\\/2025\\\/09\\\/220422_INTERFLORA_Logo_rgb_Half_Top_Circle_Main_Color.png\",\"contentUrl\":\"https:\\\/\\\/interflora.dk\\\/blog\\\/wp-content\\\/uploads\\\/2025\\\/09\\\/220422_INTERFLORA_Logo_rgb_Half_Top_Circle_Main_Color.png\",\"width\":1418,\"height\":710,\"caption\":\"Interflora\"},\"image\":{\"@id\":\"https:\\\/\\\/interflora.dk\\\/blog\\\/#\\\/schema\\\/logo\\\/image\\\/\"},\"sameAs\":[\"https:\\\/\\\/www.facebook.com\\\/InterfloraDanmark\",\"https:\\\/\\\/www.instagram.com\\\/interfloradk\",\"https:\\\/\\\/www.linkedin.com\\\/company\\\/interfloradanmark\",\"https:\\\/\\\/www.youtube.com\\\/user\\\/InterfloraTV\"]},{\"@type\":\"Person\",\"@id\":\"https:\\\/\\\/interflora.dk\\\/blog\\\/#\\\/schema\\\/person\\\/dbbd1ad45e05409c356dc639597669f2\",\"name\":\"admin\",\"image\":{\"@type\":\"ImageObject\",\"inLanguage\":\"da-DK\",\"@id\":\"https:\\\/\\\/interflora.dk\\\/blog\\\/wp-content\\\/litespeed\\\/avatar\\\/1fe3cced9e67df62d0a6f995d75823a5.jpg?ver=1777539892\",\"url\":\"https:\\\/\\\/interflora.dk\\\/blog\\\/wp-content\\\/litespeed\\\/avatar\\\/1fe3cced9e67df62d0a6f995d75823a5.jpg?ver=1777539892\",\"contentUrl\":\"https:\\\/\\\/interflora.dk\\\/blog\\\/wp-content\\\/litespeed\\\/avatar\\\/1fe3cced9e67df62d0a6f995d75823a5.jpg?ver=1777539892\",\"caption\":\"admin\"}}]}<\/script>\n<!-- \/ Yoast SEO plugin. -->","yoast_head_json":{"title":"Skovtulipanen: L\u00e6r at dyrke denne vilde sk\u00f8nhed | Interflora","description":"Forelsk dig i skovtulipanens vilde charme! F\u00e5 eksperttips til dyrkning og pleje, og skab et naturligt paradis i din have med denne h\u00e5rdf\u00f8re sk\u00f8nhed.","robots":{"index":"index","follow":"follow","max-snippet":"max-snippet:-1","max-image-preview":"max-image-preview:large","max-video-preview":"max-video-preview:-1"},"canonical":"https:\/\/interflora.dk\/blog\/skovtulipanen\/","og_locale":"da_DK","og_type":"article","og_title":"Skovtulipanen: L\u00e6r at dyrke denne vilde sk\u00f8nhed | Interflora","og_description":"Forelsk dig i skovtulipanens vilde charme! F\u00e5 eksperttips til dyrkning og pleje, og skab et naturligt paradis i din have med denne h\u00e5rdf\u00f8re sk\u00f8nhed.","og_url":"https:\/\/interflora.dk\/blog\/skovtulipanen\/","og_site_name":"Interflora","article_publisher":"https:\/\/www.facebook.com\/InterfloraDanmark","article_published_time":"2026-03-11T14:26:23+00:00","article_modified_time":"2026-03-17T09:29:23+00:00","og_image":[{"width":1200,"height":800,"url":"https:\/\/interflora.dk\/blog\/wp-content\/uploads\/2025\/03\/AdobeStock_801623710-2.jpeg","type":"image\/jpeg"}],"author":"admin","twitter_card":"summary_large_image","twitter_misc":{"Skrevet af":"admin","Estimeret l\u00e6setid":"4 minutter"},"schema":{"@context":"https:\/\/schema.org","@graph":[{"@type":"Article","@id":"https:\/\/interflora.dk\/blog\/skovtulipanen\/#article","isPartOf":{"@id":"https:\/\/interflora.dk\/blog\/skovtulipanen\/"},"author":{"name":"admin","@id":"https:\/\/interflora.dk\/blog\/#\/schema\/person\/dbbd1ad45e05409c356dc639597669f2"},"headline":"Skovtulipan: Den charmerende vilde tulipan i din have","datePublished":"2026-03-11T14:26:23+00:00","dateModified":"2026-03-17T09:29:23+00:00","mainEntityOfPage":{"@id":"https:\/\/interflora.dk\/blog\/skovtulipanen\/"},"wordCount":739,"publisher":{"@id":"https:\/\/interflora.dk\/blog\/#organization"},"image":{"@id":"https:\/\/interflora.dk\/blog\/skovtulipanen\/#primaryimage"},"thumbnailUrl":"https:\/\/interflora.dk\/blog\/wp-content\/uploads\/2025\/03\/AdobeStock_801623710-2.jpeg","keywords":["Tulipan"],"articleSection":["For\u00e5r: Tips og inspiration","Gl\u00e6den ved havearbejde: R\u00e5d og inspiration","L\u00f8gblomster: Pleje, tips og tricks","Tulipaner: Pleje og nyttige tips","Vinter: R\u00e5dgivning og kreativ inspiration","Vores tips og inspiration til blomster"],"inLanguage":"da-DK"},{"@type":"WebPage","@id":"https:\/\/interflora.dk\/blog\/skovtulipanen\/","url":"https:\/\/interflora.dk\/blog\/skovtulipanen\/","name":"Skovtulipanen: L\u00e6r at dyrke denne vilde sk\u00f8nhed | Interflora","isPartOf":{"@id":"https:\/\/interflora.dk\/blog\/#website"},"primaryImageOfPage":{"@id":"https:\/\/interflora.dk\/blog\/skovtulipanen\/#primaryimage"},"image":{"@id":"https:\/\/interflora.dk\/blog\/skovtulipanen\/#primaryimage"},"thumbnailUrl":"https:\/\/interflora.dk\/blog\/wp-content\/uploads\/2025\/03\/AdobeStock_801623710-2.jpeg","datePublished":"2026-03-11T14:26:23+00:00","dateModified":"2026-03-17T09:29:23+00:00","description":"Forelsk dig i skovtulipanens vilde charme! F\u00e5 eksperttips til dyrkning og pleje, og skab et naturligt paradis i din have med denne h\u00e5rdf\u00f8re sk\u00f8nhed.","breadcrumb":{"@id":"https:\/\/interflora.dk\/blog\/skovtulipanen\/#breadcrumb"},"inLanguage":"da-DK","potentialAction":[{"@type":"ReadAction","target":["https:\/\/interflora.dk\/blog\/skovtulipanen\/"]}]},{"@type":"ImageObject","inLanguage":"da-DK","@id":"https:\/\/interflora.dk\/blog\/skovtulipanen\/#primaryimage","url":"https:\/\/interflora.dk\/blog\/wp-content\/uploads\/2025\/03\/AdobeStock_801623710-2.jpeg","contentUrl":"https:\/\/interflora.dk\/blog\/wp-content\/uploads\/2025\/03\/AdobeStock_801623710-2.jpeg","width":1200,"height":800},{"@type":"BreadcrumbList","@id":"https:\/\/interflora.dk\/blog\/skovtulipanen\/#breadcrumb","itemListElement":[{"@type":"ListItem","position":1,"name":"Home","item":"https:\/\/interflora.dk\/blog\/"},{"@type":"ListItem","position":2,"name":"Skovtulipan: Den charmerende vilde tulipan i din have"}]},{"@type":"WebSite","@id":"https:\/\/interflora.dk\/blog\/#website","url":"https:\/\/interflora.dk\/blog\/","name":"Interflora","description":"","publisher":{"@id":"https:\/\/interflora.dk\/blog\/#organization"},"potentialAction":[{"@type":"SearchAction","target":{"@type":"EntryPoint","urlTemplate":"https:\/\/interflora.dk\/blog\/?s={search_term_string}"},"query-input":{"@type":"PropertyValueSpecification","valueRequired":true,"valueName":"search_term_string"}}],"inLanguage":"da-DK"},{"@type":"Organization","@id":"https:\/\/interflora.dk\/blog\/#organization","name":"Interflora","url":"https:\/\/interflora.dk\/blog\/","logo":{"@type":"ImageObject","inLanguage":"da-DK","@id":"https:\/\/interflora.dk\/blog\/#\/schema\/logo\/image\/","url":"https:\/\/interflora.dk\/blog\/wp-content\/uploads\/2025\/09\/220422_INTERFLORA_Logo_rgb_Half_Top_Circle_Main_Color.png","contentUrl":"https:\/\/interflora.dk\/blog\/wp-content\/uploads\/2025\/09\/220422_INTERFLORA_Logo_rgb_Half_Top_Circle_Main_Color.png","width":1418,"height":710,"caption":"Interflora"},"image":{"@id":"https:\/\/interflora.dk\/blog\/#\/schema\/logo\/image\/"},"sameAs":["https:\/\/www.facebook.com\/InterfloraDanmark","https:\/\/www.instagram.com\/interfloradk","https:\/\/www.linkedin.com\/company\/interfloradanmark","https:\/\/www.youtube.com\/user\/InterfloraTV"]},{"@type":"Person","@id":"https:\/\/interflora.dk\/blog\/#\/schema\/person\/dbbd1ad45e05409c356dc639597669f2","name":"admin","image":{"@type":"ImageObject","inLanguage":"da-DK","@id":"https:\/\/interflora.dk\/blog\/wp-content\/litespeed\/avatar\/1fe3cced9e67df62d0a6f995d75823a5.jpg?ver=1777539892","url":"https:\/\/interflora.dk\/blog\/wp-content\/litespeed\/avatar\/1fe3cced9e67df62d0a6f995d75823a5.jpg?ver=1777539892","contentUrl":"https:\/\/interflora.dk\/blog\/wp-content\/litespeed\/avatar\/1fe3cced9e67df62d0a6f995d75823a5.jpg?ver=1777539892","caption":"admin"}}]}},"uagb_featured_image_src":{"full":["https:\/\/interflora.dk\/blog\/wp-content\/uploads\/2025\/03\/AdobeStock_801623710-2.jpeg",1200,800,false],"thumbnail":["https:\/\/interflora.dk\/blog\/wp-content\/uploads\/2025\/03\/AdobeStock_801623710-2-150x150.jpeg",150,150,true],"medium":["https:\/\/interflora.dk\/blog\/wp-content\/uploads\/2025\/03\/AdobeStock_801623710-2-300x200.jpeg",300,200,true],"medium_large":["https:\/\/interflora.dk\/blog\/wp-content\/uploads\/2025\/03\/AdobeStock_801623710-2-768x512.jpeg",768,512,true],"large":["https:\/\/interflora.dk\/blog\/wp-content\/uploads\/2025\/03\/AdobeStock_801623710-2-1024x683.jpeg",1024,683,true],"1536x1536":["https:\/\/interflora.dk\/blog\/wp-content\/uploads\/2025\/03\/AdobeStock_801623710-2.jpeg",1200,800,false],"2048x2048":["https:\/\/interflora.dk\/blog\/wp-content\/uploads\/2025\/03\/AdobeStock_801623710-2.jpeg",1200,800,false]},"uagb_author_info":{"display_name":"admin","author_link":"https:\/\/interflora.dk\/blog\/author\/admin\/"},"uagb_comment_info":0,"uagb_excerpt":"Dr\u00f8mmer du om at tilf\u00f8je et strejf af vild sk\u00f8nhed til din have? S\u00e5 er skovtulipanen, ogs\u00e5 kendt som Tulipa [&hellip;]","_links":{"self":[{"href":"https:\/\/interflora.dk\/blog\/wp-json\/wp\/v2\/posts\/52409","targetHints":{"allow":["GET"]}}],"collection":[{"href":"https:\/\/interflora.dk\/blog\/wp-json\/wp\/v2\/posts"}],"about":[{"href":"https:\/\/interflora.dk\/blog\/wp-json\/wp\/v2\/types\/post"}],"author":[{"embeddable":true,"href":"https:\/\/interflora.dk\/blog\/wp-json\/wp\/v2\/users\/1"}],"replies":[{"embeddable":true,"href":"https:\/\/interflora.dk\/blog\/wp-json\/wp\/v2\/comments?post=52409"}],"version-history":[{"count":2,"href":"https:\/\/interflora.dk\/blog\/wp-json\/wp\/v2\/posts\/52409\/revisions"}],"predecessor-version":[{"id":60607,"href":"https:\/\/interflora.dk\/blog\/wp-json\/wp\/v2\/posts\/52409\/revisions\/60607"}],"wp:featuredmedia":[{"embeddable":true,"href":"https:\/\/interflora.dk\/blog\/wp-json\/wp\/v2\/media\/52460"}],"wp:attachment":[{"href":"https:\/\/interflora.dk\/blog\/wp-json\/wp\/v2\/media?parent=52409"}],"wp:term":[{"taxonomy":"category","embeddable":true,"href":"https:\/\/interflora.dk\/blog\/wp-json\/wp\/v2\/categories?post=52409"},{"taxonomy":"post_tag","embeddable":true,"href":"https:\/\/interflora.dk\/blog\/wp-json\/wp\/v2\/tags?post=52409"}],"curies":[{"name":"wp","href":"https:\/\/api.w.org\/{rel}","templated":true}]}}