{"id":53724,"date":"2026-08-31T09:06:19","date_gmt":"2026-08-31T07:06:19","guid":{"rendered":"https:\/\/interflora.dk\/blog\/?p=53724"},"modified":"2026-08-31T09:09:04","modified_gmt":"2026-08-31T07:09:04","slug":"bedsteforaeldredag","status":"publish","type":"post","link":"https:\/\/interflora.dk\/blog\/bedsteforaeldredag\/","title":{"rendered":"Lad os fejre bedstefor\u00e6ldredagen med blomster"},"content":{"rendered":"\n<p class=\"wp-block-paragraph\">Hengivenhed og taknemmelighed. N\u00e5r vi t\u00e6nker p\u00e5 vores bedstefor\u00e6ldre&nbsp;fremkalder det hos de fleste f\u00f8lelser af \u00f8mhed og k\u00e6rlighed til dem og deres vigtige del i vores liv.&nbsp;Lad os finde ud af mere om<strong> bedstefor\u00e6ldredagen<\/strong>, og hvordan du kan gl\u00e6de dem med en s\u00f8d gave.<\/p>\n\n\n\n<div class=\"wp-block-columns is-layout-flex wp-container-core-columns-is-layout-7387b849 wp-block-columns-is-layout-flex\">\n<div class=\"wp-block-column is-layout-flow wp-block-column-is-layout-flow\">\n<h2 class=\"wp-block-heading alignwide\">Hvilken dag er bedstefor\u00e6ldredag?<\/h2>\n\n\n\n<p class=\"wp-block-paragraph\">Fredag den <strong>4. september <\/strong>er i 2026 den officielle dato for fejring af vores bedstefor\u00e6ldre \u2013 en dag, hvor vi \u00e6rer deres uerstattelige rolle. Bedstefor\u00e6ldre er <strong>en uvurderlig kraft <\/strong>som beskyttere af familiens historie, med livslang erfaring, og ikke mindst deres st\u00f8tte og omsorg, n\u00e5r det kommer til deres b\u00f8rneb\u00f8rn. Bedstefor\u00e6ldredagen er s\u00e5ledes <strong>en symbolsk tak<\/strong> til bedstefor\u00e6ldre verden over.<\/p>\n\n\n\n<p class=\"wp-block-paragraph\">Bedstefor\u00e6ldredagen er derfor en oplagt anledning til at stoppe op og vise dem, hvor meget deres tid, omsorg og st\u00f8tte betyder. Det<strong> beh\u00f8ver ikke v\u00e6re en stor gestus<\/strong> \u2013 en hyggelig stund sammen, et bes\u00f8g, en s\u00f8d besked eller <strong>en smuk buket blomster<\/strong> kan v\u00e6re en enkel m\u00e5de at <strong>sige tak<\/strong> p\u00e5.<\/p>\n\n\n\n<h2 class=\"wp-block-heading alignwide\"><strong>Hvordan opstod bedstefor\u00e6ldrenes dag?&nbsp;<\/strong><\/h2>\n\n\n\n<p class=\"wp-block-paragraph\">Inspirationen kom fra en amerikansk kvinde, Marian McCquade, der er mor til intet mindre end 15 b\u00f8rn og bedstemor til omkring 40 b\u00f8rneb\u00f8rn. I begyndelsen af 1970&#8217;erne fik hun ideen til en<strong> hyldestdag.<\/strong> Hendes indsats kulminerede i 1978, da pr\u00e6sident Jimmy Carter anerkendte behovet for en s\u00e5dan fejring og indf\u00f8rte <em>Grandparents\u2019 Day<\/em> i USA den f\u00f8rste s\u00f8ndag i september.<\/p>\n<\/div>\n\n\n\n<div class=\"wp-block-column is-layout-flow wp-block-column-is-layout-flow\">\n<figure class=\"wp-block-embed is-type-video is-provider-youtube wp-block-embed-youtube wp-embed-aspect-9-16 wp-has-aspect-ratio\"><div class=\"wp-block-embed__wrapper\">\n<iframe loading=\"lazy\" title=\"Bedstefor\u00e6ldredag: Det er den 4. september \ud83c\udf38\" width=\"422\" height=\"750\" src=\"https:\/\/www.youtube.com\/embed\/-JaWtuOTnW0?feature=oembed\" frameborder=\"0\" allow=\"accelerometer; autoplay; clipboard-write; encrypted-media; gyroscope; picture-in-picture; web-share\" referrerpolicy=\"strict-origin-when-cross-origin\" allowfullscreen><\/iframe>\n<\/div><\/figure>\n<\/div>\n<\/div>\n\n\n\n<h2 class=\"wp-block-heading alignwide\">I Europa fejres bedstefor\u00e6ldredagen med blomster<\/h2>\n\n\n\n<p class=\"wp-block-paragraph\">I Europa er <a href=\"https:\/\/interflora.dk\/produkter\/anledninger\/bedsteforaeldredag\" target=\"_blank\" rel=\"noreferrer noopener\"><strong>bedstefor\u00e6ldredagen<\/strong><\/a> en nyere tradition, som blev lanceret af de hollandske blomstergartnere for ca. ti \u00e5r siden. De promoverede dagen ved at organisere arrangementer, hvor folk for\u00e6rede <strong>planter i gave <\/strong>til deres <strong>bedstefor\u00e6ldre<\/strong> for at<strong> sige tak<\/strong> og vise deres <strong>k\u00e6rlighed <\/strong>til dem.<\/p>\n\n\n\n<p class=\"wp-block-paragraph\">Her er <strong>bedstefor\u00e6ldredagen<\/strong> den dag, hvor man kan <strong>fejre og v\u00e6rds\u00e6tte bedstefor\u00e6ldre <\/strong>&#8211; enten ens egne eller til ens b\u00f8rn.&nbsp;Mange benytter dagen til at sende blomster, bes\u00f8ge bedstefor\u00e6ldrene eller lave s\u00e6rlige aktiviteter sammen.&nbsp;Det er en dag, hvor man kan vise sin taknemmelighed og k\u00e6rlighed til de bedstefor\u00e6ldre, der altid er der.&nbsp;<\/p>\n\n\n\n<figure class=\"wp-block-gallery has-nested-images columns-default is-cropped wp-block-gallery-1 is-layout-flex wp-block-gallery-is-layout-flex\">\n<figure class=\"wp-block-image size-large\"><img loading=\"lazy\" decoding=\"async\" width=\"683\" height=\"1024\" data-id=\"63739\" src=\"https:\/\/interflora.dk\/blog\/wp-content\/uploads\/2026\/08\/annesophiebenoit-interflora-0925-43-683x1024.jpg\" alt=\"\" class=\"wp-image-63739\" srcset=\"https:\/\/interflora.dk\/blog\/wp-content\/uploads\/2026\/08\/annesophiebenoit-interflora-0925-43-683x1024.jpg 683w, https:\/\/interflora.dk\/blog\/wp-content\/uploads\/2026\/08\/annesophiebenoit-interflora-0925-43-200x300.jpg 200w, https:\/\/interflora.dk\/blog\/wp-content\/uploads\/2026\/08\/annesophiebenoit-interflora-0925-43-768x1152.jpg 768w, https:\/\/interflora.dk\/blog\/wp-content\/uploads\/2026\/08\/annesophiebenoit-interflora-0925-43.jpg 1000w\" sizes=\"auto, (max-width: 683px) 100vw, 683px\" \/><\/figure>\n\n\n\n<figure class=\"wp-block-image size-large\"><img loading=\"lazy\" decoding=\"async\" width=\"683\" height=\"1024\" data-id=\"63742\" src=\"https:\/\/interflora.dk\/blog\/wp-content\/uploads\/2026\/08\/2025-09-242358-683x1024.jpg\" alt=\"\" class=\"wp-image-63742\" srcset=\"https:\/\/interflora.dk\/blog\/wp-content\/uploads\/2026\/08\/2025-09-242358-683x1024.jpg 683w, https:\/\/interflora.dk\/blog\/wp-content\/uploads\/2026\/08\/2025-09-242358-200x300.jpg 200w, https:\/\/interflora.dk\/blog\/wp-content\/uploads\/2026\/08\/2025-09-242358-768x1152.jpg 768w, https:\/\/interflora.dk\/blog\/wp-content\/uploads\/2026\/08\/2025-09-242358.jpg 1000w\" sizes=\"auto, (max-width: 683px) 100vw, 683px\" \/><\/figure>\n<\/figure>\n\n\n\n<div class=\"wp-block-buttons alignwide is-content-justification-center is-layout-flex wp-container-core-buttons-is-layout-3e41869c wp-block-buttons-is-layout-flex\">\n<div class=\"wp-block-button\"><a class=\"wp-block-button__link has-ast-global-color-1-background-color has-background has-medium-font-size has-custom-font-size wp-element-button\" href=\"https:\/\/interflora.dk\/produkter\/anledninger\/bedsteforaeldredag?utm_source=blog&amp;utm_campaign=post-cta\" target=\"_blank\" rel=\"noreferrer noopener\">Find fantastiske gaver til dem<\/a><\/div>\n<\/div>\n\n\n<div class=\"lp-produits-grid\"><div class=\"lp-produit\"><div class=\"lp-thumbnail-wrapper\"><img loading=\"lazy\" decoding=\"async\" width=\"300\" height=\"300\" src=\"https:\/\/interflora.dk\/blog\/wp-content\/uploads\/2025\/09\/DEN_TIL_FOEDSELSDAGEN_VINTER_SMALL_127_v-300x300.jpg\" class=\"attachment-medium size-medium wp-post-image\" alt=\"\" srcset=\"https:\/\/interflora.dk\/blog\/wp-content\/uploads\/2025\/09\/DEN_TIL_FOEDSELSDAGEN_VINTER_SMALL_127_v-300x300.jpg 300w, https:\/\/interflora.dk\/blog\/wp-content\/uploads\/2025\/09\/DEN_TIL_FOEDSELSDAGEN_VINTER_SMALL_127_v-1024x1024.jpg 1024w, https:\/\/interflora.dk\/blog\/wp-content\/uploads\/2025\/09\/DEN_TIL_FOEDSELSDAGEN_VINTER_SMALL_127_v-150x150.jpg 150w, https:\/\/interflora.dk\/blog\/wp-content\/uploads\/2025\/09\/DEN_TIL_FOEDSELSDAGEN_VINTER_SMALL_127_v-768x768.jpg 768w, https:\/\/interflora.dk\/blog\/wp-content\/uploads\/2025\/09\/DEN_TIL_FOEDSELSDAGEN_VINTER_SMALL_127_v.jpg 1200w\" sizes=\"auto, (max-width: 300px) 100vw, 300px\" \/><img decoding=\"async\" class=\"lp-badge\" src=\"https:\/\/prodblog.interflora.dk\/blog\/wp-content\/uploads\/2025\/09\/220422_INTERFLORA_Main_Logo_rgb_Main_Color.avif\" alt=\"Send blomster med Interflora\"><\/div><span>Den til f\u00f8dselsdagen<\/span><p>Fra 329 kr.<\/p><span class=\"obf-link lp-cta\" role=\"link\" tabindex=\"0\" data-b64=\"aHR0cHM6Ly9pbnRlcmZsb3JhLmRrL3Byb2R1a3QvZGVuLXRpbC1mb2Vkc2Vsc2RhZ2VuP3Y9MTU1MSYjMDM4O3ZhcmlhdGlvbj05M2NjOTRlNi0zZmJlLTQ1OTgtYjAwNS03YTk5NTNiNGZlNGI\/dXRtX21lZGl1bT1vcmdhbmljJnV0bV9zb3VyY2U9YmxvZ19wcm9kdWN0cyZ1dG1fY2FtcGFpZ249MTI3\" data-target=\"_blank\"><svg xmlns=\"http:\/\/www.w3.org\/2000\/svg\" width=\"16\" height=\"16\" fill=\"currentColor\" class=\"bi bi-bag\" viewBox=\"0 0 16 16\"><path d=\"M8 1a2 2 0 0 1 2 2v1h2.5A1.5 1.5 0 0 1 14 5.5v8A1.5 1.5 0 0 1 12.5 15h-9A1.5 1.5 0 0 1 2 13.5v-8A1.5 1.5 0 0 1 3.5 3H6V2a2 2 0 0 1 2-1zm1 3V3a1 1 0 0 0-2 0v1h2z\"\/><\/svg>K\u00f8b her<\/span><p class=\"rapido\">Bundet af din lokale florist<\/p><\/div><div class=\"lp-produit\"><div class=\"lp-thumbnail-wrapper\"><img loading=\"lazy\" decoding=\"async\" width=\"300\" height=\"300\" src=\"https:\/\/interflora.dk\/blog\/wp-content\/uploads\/2025\/09\/FLORISTENS_KREATIVE_BUKET_I_LYSEROEDE_NUANCER_MEDIUM_6311-300x300.jpg\" class=\"attachment-medium size-medium wp-post-image\" alt=\"\" srcset=\"https:\/\/interflora.dk\/blog\/wp-content\/uploads\/2025\/09\/FLORISTENS_KREATIVE_BUKET_I_LYSEROEDE_NUANCER_MEDIUM_6311-300x300.jpg 300w, https:\/\/interflora.dk\/blog\/wp-content\/uploads\/2025\/09\/FLORISTENS_KREATIVE_BUKET_I_LYSEROEDE_NUANCER_MEDIUM_6311-1024x1024.jpg 1024w, https:\/\/interflora.dk\/blog\/wp-content\/uploads\/2025\/09\/FLORISTENS_KREATIVE_BUKET_I_LYSEROEDE_NUANCER_MEDIUM_6311-150x150.jpg 150w, https:\/\/interflora.dk\/blog\/wp-content\/uploads\/2025\/09\/FLORISTENS_KREATIVE_BUKET_I_LYSEROEDE_NUANCER_MEDIUM_6311-768x768.jpg 768w, https:\/\/interflora.dk\/blog\/wp-content\/uploads\/2025\/09\/FLORISTENS_KREATIVE_BUKET_I_LYSEROEDE_NUANCER_MEDIUM_6311.jpg 1200w\" sizes=\"auto, (max-width: 300px) 100vw, 300px\" \/><img decoding=\"async\" class=\"lp-badge\" src=\"https:\/\/prodblog.interflora.dk\/blog\/wp-content\/uploads\/2025\/09\/220422_INTERFLORA_Main_Logo_rgb_Main_Color.avif\" alt=\"Send blomster med Interflora\"><\/div><span>Floristens kreative buket i lyser\u00f8de nuancer<\/span><p>Fra 259 kr.<\/p><span class=\"obf-link lp-cta\" role=\"link\" tabindex=\"0\" data-b64=\"aHR0cHM6Ly9pbnRlcmZsb3JhLmRrL3Byb2R1a3QvZmxvcmlzdGVucy1rcmVhdGl2ZS1idWtldC1pLWx5c2Vyb2VkZS1udWFuY2VyP3Y9MTYyNTEmIzAzODt2YXJpYXRpb249M2IyNjBkMDYtMGNlNy00NzUyLTk1ZjUtNGMxNDBjMWU1MDJmP3V0bV9tZWRpdW09b3JnYW5pYyZ1dG1fc291cmNlPWJsb2dfcHJvZHVjdHMmdXRtX2NhbXBhaWduPTYzMTE=\" data-target=\"_blank\"><svg xmlns=\"http:\/\/www.w3.org\/2000\/svg\" width=\"16\" height=\"16\" fill=\"currentColor\" class=\"bi bi-bag\" viewBox=\"0 0 16 16\"><path d=\"M8 1a2 2 0 0 1 2 2v1h2.5A1.5 1.5 0 0 1 14 5.5v8A1.5 1.5 0 0 1 12.5 15h-9A1.5 1.5 0 0 1 2 13.5v-8A1.5 1.5 0 0 1 3.5 3H6V2a2 2 0 0 1 2-1zm1 3V3a1 1 0 0 0-2 0v1h2z\"\/><\/svg>K\u00f8b her<\/span><p class=\"rapido\">Levering i dag<\/p><\/div><div class=\"lp-produit\"><div class=\"lp-thumbnail-wrapper\"><img loading=\"lazy\" decoding=\"async\" width=\"300\" height=\"300\" src=\"https:\/\/interflora.dk\/blog\/wp-content\/uploads\/2025\/09\/FINE_LILJEHILSEN_VERSION_01_MEDIUM_w2028229-300x300.jpg\" class=\"attachment-medium size-medium wp-post-image\" alt=\"\" srcset=\"https:\/\/interflora.dk\/blog\/wp-content\/uploads\/2025\/09\/FINE_LILJEHILSEN_VERSION_01_MEDIUM_w2028229-300x300.jpg 300w, https:\/\/interflora.dk\/blog\/wp-content\/uploads\/2025\/09\/FINE_LILJEHILSEN_VERSION_01_MEDIUM_w2028229-1024x1024.jpg 1024w, https:\/\/interflora.dk\/blog\/wp-content\/uploads\/2025\/09\/FINE_LILJEHILSEN_VERSION_01_MEDIUM_w2028229-150x150.jpg 150w, https:\/\/interflora.dk\/blog\/wp-content\/uploads\/2025\/09\/FINE_LILJEHILSEN_VERSION_01_MEDIUM_w2028229-768x768.jpg 768w, https:\/\/interflora.dk\/blog\/wp-content\/uploads\/2025\/09\/FINE_LILJEHILSEN_VERSION_01_MEDIUM_w2028229.jpg 1200w\" sizes=\"auto, (max-width: 300px) 100vw, 300px\" \/><img decoding=\"async\" class=\"lp-badge\" src=\"https:\/\/prodblog.interflora.dk\/blog\/wp-content\/uploads\/2025\/09\/220422_INTERFLORA_Main_Logo_rgb_Main_Color.avif\" alt=\"Send blomster med Interflora\"><\/div><span>Den fine liljehilsen<\/span><p>Fra 219 kr.<\/p><span class=\"obf-link lp-cta\" role=\"link\" tabindex=\"0\" data-b64=\"aHR0cHM6Ly9pbnRlcmZsb3JhLmRrL3Byb2R1a3QvZGVuLWZpbmUtbGlsamVoaWxzZW4\/dj0xODEzNyYjMDM4O3ZhcmlhdGlvbj1mNzFiMzc1Ny03MWM4LTQzN2ItYmJhNi1kMzlkZDViNzliYWM\/dXRtX21lZGl1bT1vcmdhbmljJnV0bV9zb3VyY2U9YmxvZ19wcm9kdWN0cyZ1dG1fY2FtcGFpZ249NzQ4MA==\" data-target=\"_blank\"><svg xmlns=\"http:\/\/www.w3.org\/2000\/svg\" width=\"16\" height=\"16\" fill=\"currentColor\" class=\"bi bi-bag\" viewBox=\"0 0 16 16\"><path d=\"M8 1a2 2 0 0 1 2 2v1h2.5A1.5 1.5 0 0 1 14 5.5v8A1.5 1.5 0 0 1 12.5 15h-9A1.5 1.5 0 0 1 2 13.5v-8A1.5 1.5 0 0 1 3.5 3H6V2a2 2 0 0 1 2-1zm1 3V3a1 1 0 0 0-2 0v1h2z\"\/><\/svg>K\u00f8b her<\/span><p class=\"rapido\">Bundet af din lokale florist<\/p><\/div><div class=\"lp-produit\"><div class=\"lp-thumbnail-wrapper\"><img loading=\"lazy\" decoding=\"async\" width=\"300\" height=\"300\" src=\"https:\/\/interflora.dk\/blog\/wp-content\/uploads\/2025\/09\/DEN_HELT_RIGTIGE_SMALL_552_v-300x300.jpg\" class=\"attachment-medium size-medium wp-post-image\" alt=\"\" srcset=\"https:\/\/interflora.dk\/blog\/wp-content\/uploads\/2025\/09\/DEN_HELT_RIGTIGE_SMALL_552_v-300x300.jpg 300w, https:\/\/interflora.dk\/blog\/wp-content\/uploads\/2025\/09\/DEN_HELT_RIGTIGE_SMALL_552_v-1024x1024.jpg 1024w, https:\/\/interflora.dk\/blog\/wp-content\/uploads\/2025\/09\/DEN_HELT_RIGTIGE_SMALL_552_v-150x150.jpg 150w, https:\/\/interflora.dk\/blog\/wp-content\/uploads\/2025\/09\/DEN_HELT_RIGTIGE_SMALL_552_v-768x768.jpg 768w, https:\/\/interflora.dk\/blog\/wp-content\/uploads\/2025\/09\/DEN_HELT_RIGTIGE_SMALL_552_v.jpg 1200w\" sizes=\"auto, (max-width: 300px) 100vw, 300px\" \/><img decoding=\"async\" class=\"lp-badge\" src=\"https:\/\/prodblog.interflora.dk\/blog\/wp-content\/uploads\/2025\/09\/220422_INTERFLORA_Main_Logo_rgb_Main_Color.avif\" alt=\"Send blomster med Interflora\"><\/div><span>Den helt rigtige<\/span><p>Fra 269 kr.<\/p><span class=\"obf-link lp-cta\" role=\"link\" tabindex=\"0\" data-b64=\"aHR0cHM6Ly9pbnRlcmZsb3JhLmRrL3Byb2R1a3QvZGVuLWhlbHQtcmlndGlnZT92PTkzMjEmIzAzODt2YXJpYXRpb249YjYwNDJkNzEtZWFjYi00M2U4LWI5MWEtMzg5OTRhODliNzMyP3V0bV9tZWRpdW09b3JnYW5pYyZ1dG1fc291cmNlPWJsb2dfcHJvZHVjdHMmdXRtX2NhbXBhaWduPTU1Mg==\" data-target=\"_blank\"><svg xmlns=\"http:\/\/www.w3.org\/2000\/svg\" width=\"16\" height=\"16\" fill=\"currentColor\" class=\"bi bi-bag\" viewBox=\"0 0 16 16\"><path d=\"M8 1a2 2 0 0 1 2 2v1h2.5A1.5 1.5 0 0 1 14 5.5v8A1.5 1.5 0 0 1 12.5 15h-9A1.5 1.5 0 0 1 2 13.5v-8A1.5 1.5 0 0 1 3.5 3H6V2a2 2 0 0 1 2-1zm1 3V3a1 1 0 0 0-2 0v1h2z\"\/><\/svg>K\u00f8b her<\/span><p class=\"rapido\">Din personlige hilsen<\/p><\/div><\/div>\n\n\n\n<h2 class=\"wp-block-heading alignwide\">Hvilken blomst forbindes med bedstefor\u00e6ldre?<\/h2>\n\n\n\n<p class=\"wp-block-paragraph\">Blandt <strong>de vigtigste blomster forbundet med bedstefor\u00e6ldre<\/strong>, finder vi <strong>forglemmigej<\/strong> (Myosotis). Det er en delikat bl\u00e5 blomst, som vokser vildt og findes i overflod om for\u00e5ret.<\/p>\n\n\n\n<p class=\"wp-block-paragraph\">Navnet p\u00e5 denne dejlige blomst er knyttet til en s\u00f8rgelig, gammel \u00f8strigsk legende. Den fort\u00e6ller, hvordan to elskende, mens de slentrede langs Donaus bredder, blev sl\u00e5et af sk\u00f8nheden i disse sm\u00e5 blomster og besluttede at forsegle deres k\u00e6rlighed til hinanden ved at plukke nogle af dem. P\u00e5 tragisk vis faldt den unge mand i floden, og som han blev f\u00f8rt v\u00e6k af str\u00f8mmen, r\u00e5bte han: &#8220;Glem mig ikke!&#8221; mens han kastede blomsterne til sin elskede.<\/p>\n\n\n\n<p class=\"wp-block-paragraph\">Fort\u00e6llingen om den ulykke, der ramte det unge par, spredte sig over hele Europa og cementerede forglemmigej som et symbol p\u00e5 evig k\u00e6rlighed \u2013 <strong>ligesom den k\u00e6rlighed, vi har til vores bedstefor\u00e6ldre.<\/strong><\/p>\n\n\n\n<h2 class=\"wp-block-heading alignwide\">Hvilke blomster skal man give p\u00e5 bedstefor\u00e6ldredagen?<\/h2>\n\n\n\n<div class=\"wp-block-media-text has-media-on-the-right is-stacked-on-mobile is-image-fill-element\" style=\"grid-template-columns:auto 40%\"><div class=\"wp-block-media-text__content\">\n<p class=\"wp-block-paragraph\"><strong>Bedstefor\u00e6ldrenes dag<\/strong> er en anledning til at bygge bro mellem generationerne, og <strong>blomsternes sprog er perfekt til at udtrykke jeres helt s\u00e6rlige b\u00e5nd. <\/strong>At give blomster t<strong>il <\/strong>sine bedstefor\u00e6ldre \u2013 uanset om det er en blomstrende og duftende plante eller en stedsegr\u00f8n plante \u2013 er en betydningsfuld gestus, der bringer gl\u00e6de og lykke.<\/p>\n\n\n\n<p class=\"wp-block-paragraph\">Ud over forglemmigej er der en lang r\u00e6kke andre blomster, hvis symbolik g\u00f8r dem til en perfekt gave til vores bedstefor\u00e6ldre. Disse omfatter<strong> hvid lyng<\/strong> (symboliserer lykke og beskyttelse), <strong>granat\u00e6bleblomsten<\/strong> eller <strong>bonsai-tr\u00e6et <\/strong>(moden elegance), <strong>roser <\/strong>i lyser\u00f8de nuancer (beundring og \u00f8mhed), <strong>orkideer<\/strong> (raffineret sk\u00f8nhed) og duftende <strong>salvie <\/strong>(langt liv, sundhed og respekt).<\/p>\n\n\n\n<p class=\"wp-block-paragraph\"><strong><a href=\"https:\/\/interflora.dk\/produkter\/anledninger\/bedsteforaeldredag\">En blandet buket <\/a><\/strong>kan v\u00e6re et s\u00e6rdeles velegnet valg til at gl\u00e6de vores k\u00e6re helte: Roser og orkideer passer for eksempel smukt sammen og symboliserer ren k\u00e6rlighed.<\/p>\n<\/div><figure class=\"wp-block-media-text__media\"><img loading=\"lazy\" decoding=\"async\" width=\"1024\" height=\"507\" src=\"https:\/\/interflora.dk\/blog\/wp-content\/uploads\/2026\/08\/0925-45-Banner-1024x507.jpg\" alt=\"glad bedstefar og barnebarn st\u00e5r med blomsterbuket og krammer\" class=\"wp-image-63743 size-full\" style=\"object-position:50% 50%\" srcset=\"https:\/\/interflora.dk\/blog\/wp-content\/uploads\/2026\/08\/0925-45-Banner-1024x507.jpg 1024w, https:\/\/interflora.dk\/blog\/wp-content\/uploads\/2026\/08\/0925-45-Banner-300x149.jpg 300w, https:\/\/interflora.dk\/blog\/wp-content\/uploads\/2026\/08\/0925-45-Banner-768x381.jpg 768w, https:\/\/interflora.dk\/blog\/wp-content\/uploads\/2026\/08\/0925-45-Banner-1536x761.jpg 1536w, https:\/\/interflora.dk\/blog\/wp-content\/uploads\/2026\/08\/0925-45-Banner-2048x1015.jpg 2048w\" sizes=\"auto, (max-width: 1024px) 100vw, 1024px\" \/><\/figure><\/div>\n\n\n\n<div class=\"wp-block-media-text is-stacked-on-mobile\" style=\"grid-template-columns:40% auto\"><figure class=\"wp-block-media-text__media\"><img loading=\"lazy\" decoding=\"async\" width=\"683\" height=\"1024\" src=\"https:\/\/interflora.dk\/blog\/wp-content\/uploads\/2026\/07\/annesophiebenoit-interflora-0925-53-683x1024.jpg\" alt=\"\" class=\"wp-image-63467 size-full\" srcset=\"https:\/\/interflora.dk\/blog\/wp-content\/uploads\/2026\/07\/annesophiebenoit-interflora-0925-53-683x1024.jpg 683w, https:\/\/interflora.dk\/blog\/wp-content\/uploads\/2026\/07\/annesophiebenoit-interflora-0925-53-200x300.jpg 200w, https:\/\/interflora.dk\/blog\/wp-content\/uploads\/2026\/07\/annesophiebenoit-interflora-0925-53-768x1152.jpg 768w, https:\/\/interflora.dk\/blog\/wp-content\/uploads\/2026\/07\/annesophiebenoit-interflora-0925-53-1024x1536.jpg 1024w, https:\/\/interflora.dk\/blog\/wp-content\/uploads\/2026\/07\/annesophiebenoit-interflora-0925-53-1365x2048.jpg 1365w, https:\/\/interflora.dk\/blog\/wp-content\/uploads\/2026\/07\/annesophiebenoit-interflora-0925-53.jpg 1500w\" sizes=\"auto, (max-width: 683px) 100vw, 683px\" \/><\/figure><div class=\"wp-block-media-text__content\">\n<p class=\"wp-block-paragraph\">Alternativt kan et <strong>bonsaitr\u00e6<\/strong> v\u00e6re en bet\u00e6nksom gave til bedstefor\u00e6ldrene, eller et oliventr\u00e6 &#8211; en stedsegr\u00f8n plante, der symboliserer fine v\u00e6rdier som gavmildhed og visdom.<\/p>\n\n\n\n<p class=\"wp-block-paragraph\">Sidst, men ikke mindst, er <strong>en kroton <\/strong>en meget passende <a href=\"https:\/\/interflora.dk\/produkter\/planter\" target=\"_blank\" rel=\"noreferrer noopener\">plante<\/a> at give til bedstefor\u00e6ldre. Det er en elegant, tr\u00e6lignende plante, der er hjemmeh\u00f8rende i troperne, og som symboliserer &#8220;lederen&#8221; eller i denne sammenh\u00e6ng &#8220;familiens overhoved&#8221; p\u00e5 bedste vis.<\/p>\n<\/div><\/div>\n\n\n\n<h2 class=\"wp-block-heading alignwide\">Gaveideer til kommende bedstefor\u00e6ldre<\/h2>\n\n\n\n<p class=\"wp-block-paragraph\"><strong>Hvordan kan man fort\u00e6lle de kommende bedstefor\u00e6ldre om graviditeten? <\/strong>Gaveideer er der mange af, men enkelhed er n\u00f8glen.<\/p>\n\n\n\n<p class=\"wp-block-paragraph\"><strong>Forslag<\/strong>: Du kan give de kommende bedstefor\u00e6ldre \u2013 eller dine egne bedstefor\u00e6ldre \u2013 en elegant gave\u00e6ske med et smukt satinb\u00e5nd og et par smukke roser, hvori du har placeret en babysko, en sut, sutteflaske eller det f\u00f8rste scanningsbillede. Denne id\u00e9 fungerer str\u00e5lende til b\u00e5de kommende bedstefor\u00e6ldre og n\u00e6re relationer.<\/p>\n\n\n\n<hr class=\"wp-block-separator has-alpha-channel-opacity\"\/>\n\n\n\n<p class=\"wp-block-paragraph\">Bedstefor\u00e6ldredagen er <strong>en oplagt anledning<\/strong> til at vise <strong>taknemmelighed <\/strong>over for de mennesker, der altid har v\u00e6ret der med k\u00e6rlighed, omsorg og gode r\u00e5d. Overrask dem med <strong>en smuk blomst<\/strong>, en <strong>personlig gave<\/strong> eller <strong>et hyggeligt bes\u00f8g<\/strong>, og giv dem en dag fyldt med<strong> gl\u00e6de og n\u00e6rv\u00e6r<\/strong>.<\/p>\n\n\n\n<div class=\"wp-block-buttons alignwide is-content-justification-center is-layout-flex wp-container-core-buttons-is-layout-3e41869c wp-block-buttons-is-layout-flex\">\n<div class=\"wp-block-button\"><a class=\"wp-block-button__link has-ast-global-color-1-background-color has-background has-medium-font-size has-custom-font-size wp-element-button\" href=\"https:\/\/interflora.dk\/produkter\/anledninger\/bedsteforaeldredag?utm_source=blog&amp;utm_campaign=post-cta\" target=\"_blank\" rel=\"noreferrer noopener\">Fejr bedstefor\u00e6ldredagen med blomster<\/a><\/div>\n<\/div>\n\n\n<div class=\"lp-produits-grid\"><div class=\"lp-produit\"><div class=\"lp-thumbnail-wrapper\"><img loading=\"lazy\" decoding=\"async\" width=\"300\" height=\"300\" src=\"https:\/\/interflora.dk\/blog\/wp-content\/uploads\/2026\/05\/LyserC3B8d20sommerdrC3B8m20-20medium-300x300.jpg\" class=\"attachment-medium size-medium wp-post-image\" alt=\"\" srcset=\"https:\/\/interflora.dk\/blog\/wp-content\/uploads\/2026\/05\/LyserC3B8d20sommerdrC3B8m20-20medium-300x300.jpg 300w, https:\/\/interflora.dk\/blog\/wp-content\/uploads\/2026\/05\/LyserC3B8d20sommerdrC3B8m20-20medium-1024x1024.jpg 1024w, https:\/\/interflora.dk\/blog\/wp-content\/uploads\/2026\/05\/LyserC3B8d20sommerdrC3B8m20-20medium-150x150.jpg 150w, https:\/\/interflora.dk\/blog\/wp-content\/uploads\/2026\/05\/LyserC3B8d20sommerdrC3B8m20-20medium-768x768.jpg 768w, https:\/\/interflora.dk\/blog\/wp-content\/uploads\/2026\/05\/LyserC3B8d20sommerdrC3B8m20-20medium.jpg 1200w\" sizes=\"auto, (max-width: 300px) 100vw, 300px\" \/><img decoding=\"async\" class=\"lp-badge\" src=\"https:\/\/prodblog.interflora.dk\/blog\/wp-content\/uploads\/2025\/09\/220422_INTERFLORA_Main_Logo_rgb_Main_Color.avif\" alt=\"Send blomster med Interflora\"><\/div><span>Lyser\u00f8d sommerdr\u00f8m<\/span><p>Fra 239 kr.<\/p><span class=\"obf-link lp-cta\" role=\"link\" tabindex=\"0\" data-b64=\"aHR0cHM6Ly9pbnRlcmZsb3JhLmRrL3Byb2R1a3QvbHlzZXJvZWQtc29tbWVyZHJvZW0\/dj0xODAzNCYjMDM4O3ZhcmlhdGlvbj02NDY4YzNiYS03YjE5LTQ1N2EtYjNhMy0yYzQ4ZjBmZGUyZDU\/dXRtX21lZGl1bT1vcmdhbmljJnV0bV9zb3VyY2U9YmxvZ19wcm9kdWN0cyZ1dG1fY2FtcGFpZ249OTQwOQ==\" data-target=\"_blank\"><svg xmlns=\"http:\/\/www.w3.org\/2000\/svg\" width=\"16\" height=\"16\" fill=\"currentColor\" class=\"bi bi-bag\" viewBox=\"0 0 16 16\"><path d=\"M8 1a2 2 0 0 1 2 2v1h2.5A1.5 1.5 0 0 1 14 5.5v8A1.5 1.5 0 0 1 12.5 15h-9A1.5 1.5 0 0 1 2 13.5v-8A1.5 1.5 0 0 1 3.5 3H6V2a2 2 0 0 1 2-1zm1 3V3a1 1 0 0 0-2 0v1h2z\"\/><\/svg>K\u00f8b her<\/span><p class=\"rapido\">Levering i dag<\/p><\/div><div class=\"lp-produit\"><div class=\"lp-thumbnail-wrapper\"><img loading=\"lazy\" decoding=\"async\" width=\"300\" height=\"300\" src=\"https:\/\/interflora.dk\/blog\/wp-content\/uploads\/2026\/05\/Mellem_2-300x300.jpg\" class=\"attachment-medium size-medium wp-post-image\" alt=\"\" srcset=\"https:\/\/interflora.dk\/blog\/wp-content\/uploads\/2026\/05\/Mellem_2-300x300.jpg 300w, https:\/\/interflora.dk\/blog\/wp-content\/uploads\/2026\/05\/Mellem_2-1024x1024.jpg 1024w, https:\/\/interflora.dk\/blog\/wp-content\/uploads\/2026\/05\/Mellem_2-150x150.jpg 150w, https:\/\/interflora.dk\/blog\/wp-content\/uploads\/2026\/05\/Mellem_2-768x768.jpg 768w, https:\/\/interflora.dk\/blog\/wp-content\/uploads\/2026\/05\/Mellem_2.jpg 1200w\" sizes=\"auto, (max-width: 300px) 100vw, 300px\" \/><img decoding=\"async\" class=\"lp-badge\" src=\"https:\/\/prodblog.interflora.dk\/blog\/wp-content\/uploads\/2025\/09\/220422_INTERFLORA_Main_Logo_rgb_Main_Color.avif\" alt=\"Send blomster med Interflora\"><\/div><span>Solrige lilla nuancer<\/span><p>Fra 249 kr.<\/p><span class=\"obf-link lp-cta\" role=\"link\" tabindex=\"0\" data-b64=\"aHR0cHM6Ly9pbnRlcmZsb3JhLmRrL3Byb2R1a3Qvc29scmlnZS1saWxsYS1udWFuY2VyP3Y9MTgwNDMmIzAzODt2YXJpYXRpb249MWY2MDQ1MDQtMTY0MC00ZTQ0LWI2MjQtNjRjOTM1N2VlMmI1P3V0bV9tZWRpdW09b3JnYW5pYyZ1dG1fc291cmNlPWJsb2dfcHJvZHVjdHMmdXRtX2NhbXBhaWduPTk0MTA=\" data-target=\"_blank\"><svg xmlns=\"http:\/\/www.w3.org\/2000\/svg\" width=\"16\" height=\"16\" fill=\"currentColor\" class=\"bi bi-bag\" viewBox=\"0 0 16 16\"><path d=\"M8 1a2 2 0 0 1 2 2v1h2.5A1.5 1.5 0 0 1 14 5.5v8A1.5 1.5 0 0 1 12.5 15h-9A1.5 1.5 0 0 1 2 13.5v-8A1.5 1.5 0 0 1 3.5 3H6V2a2 2 0 0 1 2-1zm1 3V3a1 1 0 0 0-2 0v1h2z\"\/><\/svg>K\u00f8b her<\/span><p class=\"rapido\">Kundernes favorit<\/p><\/div><div class=\"lp-produit\"><div class=\"lp-thumbnail-wrapper\"><img loading=\"lazy\" decoding=\"async\" width=\"300\" height=\"300\" src=\"https:\/\/interflora.dk\/blog\/wp-content\/uploads\/2025\/09\/DEN_VENLIGE_VINTERVERSION_HAND_v_0-300x300.jpg\" class=\"attachment-medium size-medium wp-post-image\" alt=\"\" srcset=\"https:\/\/interflora.dk\/blog\/wp-content\/uploads\/2025\/09\/DEN_VENLIGE_VINTERVERSION_HAND_v_0-300x300.jpg 300w, https:\/\/interflora.dk\/blog\/wp-content\/uploads\/2025\/09\/DEN_VENLIGE_VINTERVERSION_HAND_v_0-1024x1024.jpg 1024w, https:\/\/interflora.dk\/blog\/wp-content\/uploads\/2025\/09\/DEN_VENLIGE_VINTERVERSION_HAND_v_0-150x150.jpg 150w, https:\/\/interflora.dk\/blog\/wp-content\/uploads\/2025\/09\/DEN_VENLIGE_VINTERVERSION_HAND_v_0-768x768.jpg 768w, https:\/\/interflora.dk\/blog\/wp-content\/uploads\/2025\/09\/DEN_VENLIGE_VINTERVERSION_HAND_v_0.jpg 1200w\" sizes=\"auto, (max-width: 300px) 100vw, 300px\" \/><img decoding=\"async\" class=\"lp-badge\" src=\"https:\/\/prodblog.interflora.dk\/blog\/wp-content\/uploads\/2025\/09\/220422_INTERFLORA_Main_Logo_rgb_Main_Color.avif\" alt=\"Send blomster med Interflora\"><\/div><span>Den venlige<\/span><p>Fra 219 kr.<\/p><span class=\"obf-link lp-cta\" role=\"link\" tabindex=\"0\" data-b64=\"aHR0cHM6Ly9pbnRlcmZsb3JhLmRrL3Byb2R1a3QvZGVuLXZlbmxpZ2U\/dj0xNTgwMiYjMDM4O3ZhcmlhdGlvbj1jMDRiZDM3OC1kZGYyLTRjMmItYmM5My1hYWM2ZWJlZWUwNDI\/dXRtX21lZGl1bT1vcmdhbmljJnV0bV9zb3VyY2U9YmxvZ19wcm9kdWN0cyZ1dG1fY2FtcGFpZ249NTc0Ng==\" data-target=\"_blank\"><svg xmlns=\"http:\/\/www.w3.org\/2000\/svg\" width=\"16\" height=\"16\" fill=\"currentColor\" class=\"bi bi-bag\" viewBox=\"0 0 16 16\"><path d=\"M8 1a2 2 0 0 1 2 2v1h2.5A1.5 1.5 0 0 1 14 5.5v8A1.5 1.5 0 0 1 12.5 15h-9A1.5 1.5 0 0 1 2 13.5v-8A1.5 1.5 0 0 1 3.5 3H6V2a2 2 0 0 1 2-1zm1 3V3a1 1 0 0 0-2 0v1h2z\"\/><\/svg>K\u00f8b her<\/span><p class=\"rapido\">Levering i dag<\/p><\/div><div class=\"lp-produit\"><div class=\"lp-thumbnail-wrapper\"><img loading=\"lazy\" decoding=\"async\" width=\"300\" height=\"300\" src=\"https:\/\/interflora.dk\/blog\/wp-content\/uploads\/2026\/08\/Design20uden20navn2028529-300x300.png\" class=\"attachment-medium size-medium wp-post-image\" alt=\"\" srcset=\"https:\/\/interflora.dk\/blog\/wp-content\/uploads\/2026\/08\/Design20uden20navn2028529-300x300.png 300w, https:\/\/interflora.dk\/blog\/wp-content\/uploads\/2026\/08\/Design20uden20navn2028529-1024x1024.png 1024w, https:\/\/interflora.dk\/blog\/wp-content\/uploads\/2026\/08\/Design20uden20navn2028529-150x150.png 150w, https:\/\/interflora.dk\/blog\/wp-content\/uploads\/2026\/08\/Design20uden20navn2028529-768x768.png 768w, https:\/\/interflora.dk\/blog\/wp-content\/uploads\/2026\/08\/Design20uden20navn2028529.png 1200w\" sizes=\"auto, (max-width: 300px) 100vw, 300px\" \/><img decoding=\"async\" class=\"lp-badge\" src=\"https:\/\/prodblog.interflora.dk\/blog\/wp-content\/uploads\/2025\/09\/220422_INTERFLORA_Main_Logo_rgb_Main_Color.avif\" alt=\"Send blomster med Interflora\"><\/div><span>M\u00e5nedens buket i august<\/span><p>Fra 249 kr.<\/p><span class=\"obf-link lp-cta\" role=\"link\" tabindex=\"0\" data-b64=\"aHR0cHM6Ly9pbnRlcmZsb3JhLmRrL3Byb2R1a3QvbWFhbmVkZW5zLWJ1a2V0LWktYXVndXN0P3Y9MTQwNzkmIzAzODt2YXJpYXRpb249M2EzYmRiZWUtNWUzZC00NTI5LTk1OGYtYWVlZDliNzQ4NmExP3V0bV9tZWRpdW09b3JnYW5pYyZ1dG1fc291cmNlPWJsb2dfcHJvZHVjdHMmdXRtX2NhbXBhaWduPTI1NTA=\" data-target=\"_blank\"><svg xmlns=\"http:\/\/www.w3.org\/2000\/svg\" width=\"16\" height=\"16\" fill=\"currentColor\" class=\"bi bi-bag\" viewBox=\"0 0 16 16\"><path d=\"M8 1a2 2 0 0 1 2 2v1h2.5A1.5 1.5 0 0 1 14 5.5v8A1.5 1.5 0 0 1 12.5 15h-9A1.5 1.5 0 0 1 2 13.5v-8A1.5 1.5 0 0 1 3.5 3H6V2a2 2 0 0 1 2-1zm1 3V3a1 1 0 0 0-2 0v1h2z\"\/><\/svg>K\u00f8b her<\/span><p class=\"rapido\">Levering i hele Danmark<\/p><\/div><\/div>\n","protected":false},"excerpt":{"rendered":"<p>Hengivenhed og taknemmelighed. N\u00e5r vi t\u00e6nker p\u00e5 vores bedstefor\u00e6ldre&nbsp;fremkalder det hos de fleste f\u00f8lelser af \u00f8mhed og k\u00e6rlighed til dem [&hellip;]<\/p>\n","protected":false},"author":1,"featured_media":63743,"comment_status":"open","ping_status":"open","sticky":false,"template":"","format":"standard","meta":{"_uag_custom_page_level_css":"","site-sidebar-layout":"default","site-content-layout":"","ast-site-content-layout":"default","site-content-style":"default","site-sidebar-style":"default","ast-global-header-display":"","ast-banner-title-visibility":"","ast-main-header-display":"","ast-hfb-above-header-display":"","ast-hfb-below-header-display":"","ast-hfb-mobile-header-display":"","site-post-title":"","ast-breadcrumbs-content":"","ast-featured-img":"","footer-sml-layout":"","ast-disable-related-posts":"","theme-transparent-header-meta":"","adv-header-id-meta":"","stick-header-meta":"","header-above-stick-meta":"","header-main-stick-meta":"","header-below-stick-meta":"","astra-migrate-meta-layouts":"set","ast-page-background-enabled":"default","ast-page-background-meta":{"desktop":{"background-color":"var(--ast-global-color-4)","background-image":"","background-repeat":"repeat","background-position":"center center","background-size":"auto","background-attachment":"scroll","background-type":"","background-media":"","overlay-type":"","overlay-color":"","overlay-opacity":"","overlay-gradient":""},"tablet":{"background-color":"","background-image":"","background-repeat":"repeat","background-position":"center center","background-size":"auto","background-attachment":"scroll","background-type":"","background-media":"","overlay-type":"","overlay-color":"","overlay-opacity":"","overlay-gradient":""},"mobile":{"background-color":"","background-image":"","background-repeat":"repeat","background-position":"center center","background-size":"auto","background-attachment":"scroll","background-type":"","background-media":"","overlay-type":"","overlay-color":"","overlay-opacity":"","overlay-gradient":""}},"ast-content-background-meta":{"desktop":{"background-color":"var(--ast-global-color-5)","background-image":"","background-repeat":"repeat","background-position":"center center","background-size":"auto","background-attachment":"scroll","background-type":"","background-media":"","overlay-type":"","overlay-color":"","overlay-opacity":"","overlay-gradient":""},"tablet":{"background-color":"var(--ast-global-color-5)","background-image":"","background-repeat":"repeat","background-position":"center center","background-size":"auto","background-attachment":"scroll","background-type":"","background-media":"","overlay-type":"","overlay-color":"","overlay-opacity":"","overlay-gradient":""},"mobile":{"background-color":"var(--ast-global-color-5)","background-image":"","background-repeat":"repeat","background-position":"center center","background-size":"auto","background-attachment":"scroll","background-type":"","background-media":"","overlay-type":"","overlay-color":"","overlay-opacity":"","overlay-gradient":""}},"footnotes":""},"categories":[199,167],"tags":[356],"class_list":["post-53724","post","type-post","status-publish","format-standard","has-post-thumbnail","hentry","category-efteraar","category-anledninger","tag-bedsteforaeldredag"],"yoast_head":"<!-- This site is optimized with the Yoast SEO plugin v28.1 - https:\/\/yoast.com\/product\/yoast-seo-wordpress\/ -->\n<title>Bedstefor\u00e6ldredagen: Overrask med blomster den 5. september | Interflora<\/title>\n<meta name=\"description\" content=\"Den f\u00f8rste fredag i september er dedikeret til alle bedstefor\u00e6ldrene. Vis din omsorg og taknemlighed med en helt s\u00e6rlig gave.\" \/>\n<meta name=\"robots\" content=\"index, follow, max-snippet:-1, max-image-preview:large, max-video-preview:-1\" \/>\n<link rel=\"canonical\" href=\"https:\/\/interflora.dk\/blog\/bedsteforaeldredag\/\" \/>\n<meta property=\"og:locale\" content=\"da_DK\" \/>\n<meta property=\"og:type\" content=\"article\" \/>\n<meta property=\"og:title\" content=\"Bedstefor\u00e6ldredagen: Overrask med blomster den 5. september | Interflora\" \/>\n<meta property=\"og:description\" content=\"Den f\u00f8rste fredag i september er dedikeret til alle bedstefor\u00e6ldrene. Vis din omsorg og taknemlighed med en helt s\u00e6rlig gave.\" \/>\n<meta property=\"og:url\" content=\"https:\/\/interflora.dk\/blog\/bedsteforaeldredag\/\" \/>\n<meta property=\"og:site_name\" content=\"Interflora\" \/>\n<meta property=\"article:publisher\" content=\"https:\/\/www.facebook.com\/InterfloraDanmark\" \/>\n<meta property=\"article:published_time\" content=\"2026-08-31T07:06:19+00:00\" \/>\n<meta property=\"article:modified_time\" content=\"2026-08-31T07:09:04+00:00\" \/>\n<meta property=\"og:image\" content=\"https:\/\/interflora.dk\/blog\/wp-content\/uploads\/2026\/08\/0925-45-Banner-scaled.jpg\" \/>\n\t<meta property=\"og:image:width\" content=\"2560\" \/>\n\t<meta property=\"og:image:height\" content=\"1269\" \/>\n\t<meta property=\"og:image:type\" content=\"image\/jpeg\" \/>\n<meta name=\"author\" content=\"admin\" \/>\n<meta name=\"twitter:card\" content=\"summary_large_image\" \/>\n<meta name=\"twitter:label1\" content=\"Skrevet af\" \/>\n\t<meta name=\"twitter:data1\" content=\"admin\" \/>\n\t<meta name=\"twitter:label2\" content=\"Estimeret l\u00e6setid\" \/>\n\t<meta name=\"twitter:data2\" content=\"4 minutter\" \/>\n<script type=\"application\/ld+json\" class=\"yoast-schema-graph\">{\"@context\":\"https:\\\/\\\/schema.org\",\"@graph\":[{\"@type\":\"Article\",\"@id\":\"https:\\\/\\\/interflora.dk\\\/blog\\\/bedsteforaeldredag\\\/#article\",\"isPartOf\":{\"@id\":\"https:\\\/\\\/interflora.dk\\\/blog\\\/bedsteforaeldredag\\\/\"},\"author\":{\"name\":\"admin\",\"@id\":\"https:\\\/\\\/interflora.dk\\\/blog\\\/#\\\/schema\\\/person\\\/dbbd1ad45e05409c356dc639597669f2\"},\"headline\":\"Lad os fejre bedstefor\u00e6ldredagen med blomster\",\"datePublished\":\"2026-08-31T07:06:19+00:00\",\"dateModified\":\"2026-08-31T07:09:04+00:00\",\"mainEntityOfPage\":{\"@id\":\"https:\\\/\\\/interflora.dk\\\/blog\\\/bedsteforaeldredag\\\/\"},\"wordCount\":938,\"commentCount\":0,\"publisher\":{\"@id\":\"https:\\\/\\\/interflora.dk\\\/blog\\\/#organization\"},\"image\":{\"@id\":\"https:\\\/\\\/interflora.dk\\\/blog\\\/bedsteforaeldredag\\\/#primaryimage\"},\"thumbnailUrl\":\"https:\\\/\\\/interflora.dk\\\/blog\\\/wp-content\\\/uploads\\\/2026\\\/08\\\/0925-45-Banner-scaled.jpg\",\"keywords\":[\"Bedstefor\u00e6ldredag\"],\"articleSection\":[\"Efter\u00e5rets fortryllelse: Inspiration og tips\",\"Interfloras guide til alle anledninger\"],\"inLanguage\":\"da-DK\",\"potentialAction\":[{\"@type\":\"CommentAction\",\"name\":\"Comment\",\"target\":[\"https:\\\/\\\/interflora.dk\\\/blog\\\/bedsteforaeldredag\\\/#respond\"]}]},{\"@type\":\"WebPage\",\"@id\":\"https:\\\/\\\/interflora.dk\\\/blog\\\/bedsteforaeldredag\\\/\",\"url\":\"https:\\\/\\\/interflora.dk\\\/blog\\\/bedsteforaeldredag\\\/\",\"name\":\"Bedstefor\u00e6ldredagen: Overrask med blomster den 5. september | Interflora\",\"isPartOf\":{\"@id\":\"https:\\\/\\\/interflora.dk\\\/blog\\\/#website\"},\"primaryImageOfPage\":{\"@id\":\"https:\\\/\\\/interflora.dk\\\/blog\\\/bedsteforaeldredag\\\/#primaryimage\"},\"image\":{\"@id\":\"https:\\\/\\\/interflora.dk\\\/blog\\\/bedsteforaeldredag\\\/#primaryimage\"},\"thumbnailUrl\":\"https:\\\/\\\/interflora.dk\\\/blog\\\/wp-content\\\/uploads\\\/2026\\\/08\\\/0925-45-Banner-scaled.jpg\",\"datePublished\":\"2026-08-31T07:06:19+00:00\",\"dateModified\":\"2026-08-31T07:09:04+00:00\",\"description\":\"Den f\u00f8rste fredag i september er dedikeret til alle bedstefor\u00e6ldrene. Vis din omsorg og taknemlighed med en helt s\u00e6rlig gave.\",\"breadcrumb\":{\"@id\":\"https:\\\/\\\/interflora.dk\\\/blog\\\/bedsteforaeldredag\\\/#breadcrumb\"},\"inLanguage\":\"da-DK\",\"potentialAction\":[{\"@type\":\"ReadAction\",\"target\":[\"https:\\\/\\\/interflora.dk\\\/blog\\\/bedsteforaeldredag\\\/\"]}]},{\"@type\":\"ImageObject\",\"inLanguage\":\"da-DK\",\"@id\":\"https:\\\/\\\/interflora.dk\\\/blog\\\/bedsteforaeldredag\\\/#primaryimage\",\"url\":\"https:\\\/\\\/interflora.dk\\\/blog\\\/wp-content\\\/uploads\\\/2026\\\/08\\\/0925-45-Banner-scaled.jpg\",\"contentUrl\":\"https:\\\/\\\/interflora.dk\\\/blog\\\/wp-content\\\/uploads\\\/2026\\\/08\\\/0925-45-Banner-scaled.jpg\",\"width\":2560,\"height\":1269,\"caption\":\"glad bedstefar og barnebarn st\u00e5r med blomsterbuket og krammer\"},{\"@type\":\"BreadcrumbList\",\"@id\":\"https:\\\/\\\/interflora.dk\\\/blog\\\/bedsteforaeldredag\\\/#breadcrumb\",\"itemListElement\":[{\"@type\":\"ListItem\",\"position\":1,\"name\":\"Home\",\"item\":\"https:\\\/\\\/interflora.dk\\\/blog\\\/\"},{\"@type\":\"ListItem\",\"position\":2,\"name\":\"Lad os fejre bedstefor\u00e6ldredagen med blomster\"}]},{\"@type\":\"WebSite\",\"@id\":\"https:\\\/\\\/interflora.dk\\\/blog\\\/#website\",\"url\":\"https:\\\/\\\/interflora.dk\\\/blog\\\/\",\"name\":\"Interflora\",\"description\":\"\",\"publisher\":{\"@id\":\"https:\\\/\\\/interflora.dk\\\/blog\\\/#organization\"},\"potentialAction\":[{\"@type\":\"SearchAction\",\"target\":{\"@type\":\"EntryPoint\",\"urlTemplate\":\"https:\\\/\\\/interflora.dk\\\/blog\\\/?s={search_term_string}\"},\"query-input\":{\"@type\":\"PropertyValueSpecification\",\"valueRequired\":true,\"valueName\":\"search_term_string\"}}],\"inLanguage\":\"da-DK\"},{\"@type\":\"Organization\",\"@id\":\"https:\\\/\\\/interflora.dk\\\/blog\\\/#organization\",\"name\":\"Interflora\",\"url\":\"https:\\\/\\\/interflora.dk\\\/blog\\\/\",\"logo\":{\"@type\":\"ImageObject\",\"inLanguage\":\"da-DK\",\"@id\":\"https:\\\/\\\/interflora.dk\\\/blog\\\/#\\\/schema\\\/logo\\\/image\\\/\",\"url\":\"https:\\\/\\\/interflora.dk\\\/blog\\\/wp-content\\\/uploads\\\/2025\\\/09\\\/220422_INTERFLORA_Logo_rgb_Half_Top_Circle_Main_Color.png\",\"contentUrl\":\"https:\\\/\\\/interflora.dk\\\/blog\\\/wp-content\\\/uploads\\\/2025\\\/09\\\/220422_INTERFLORA_Logo_rgb_Half_Top_Circle_Main_Color.png\",\"width\":1418,\"height\":710,\"caption\":\"Interflora\"},\"image\":{\"@id\":\"https:\\\/\\\/interflora.dk\\\/blog\\\/#\\\/schema\\\/logo\\\/image\\\/\"},\"sameAs\":[\"https:\\\/\\\/www.facebook.com\\\/InterfloraDanmark\",\"https:\\\/\\\/www.instagram.com\\\/interfloradk\",\"https:\\\/\\\/www.linkedin.com\\\/company\\\/interfloradanmark\",\"https:\\\/\\\/www.youtube.com\\\/user\\\/InterfloraTV\"]},{\"@type\":\"Person\",\"@id\":\"https:\\\/\\\/interflora.dk\\\/blog\\\/#\\\/schema\\\/person\\\/dbbd1ad45e05409c356dc639597669f2\",\"name\":\"admin\",\"image\":{\"@type\":\"ImageObject\",\"inLanguage\":\"da-DK\",\"@id\":\"https:\\\/\\\/interflora.dk\\\/blog\\\/wp-content\\\/litespeed\\\/avatar\\\/1fe3cced9e67df62d0a6f995d75823a5.jpg?ver=1787822147\",\"url\":\"https:\\\/\\\/interflora.dk\\\/blog\\\/wp-content\\\/litespeed\\\/avatar\\\/1fe3cced9e67df62d0a6f995d75823a5.jpg?ver=1787822147\",\"contentUrl\":\"https:\\\/\\\/interflora.dk\\\/blog\\\/wp-content\\\/litespeed\\\/avatar\\\/1fe3cced9e67df62d0a6f995d75823a5.jpg?ver=1787822147\",\"caption\":\"admin\"}}]}<\/script>\n<!-- \/ Yoast SEO plugin. -->","yoast_head_json":{"title":"Bedstefor\u00e6ldredagen: Overrask med blomster den 5. september | Interflora","description":"Den f\u00f8rste fredag i september er dedikeret til alle bedstefor\u00e6ldrene. Vis din omsorg og taknemlighed med en helt s\u00e6rlig gave.","robots":{"index":"index","follow":"follow","max-snippet":"max-snippet:-1","max-image-preview":"max-image-preview:large","max-video-preview":"max-video-preview:-1"},"canonical":"https:\/\/interflora.dk\/blog\/bedsteforaeldredag\/","og_locale":"da_DK","og_type":"article","og_title":"Bedstefor\u00e6ldredagen: Overrask med blomster den 5. september | Interflora","og_description":"Den f\u00f8rste fredag i september er dedikeret til alle bedstefor\u00e6ldrene. Vis din omsorg og taknemlighed med en helt s\u00e6rlig gave.","og_url":"https:\/\/interflora.dk\/blog\/bedsteforaeldredag\/","og_site_name":"Interflora","article_publisher":"https:\/\/www.facebook.com\/InterfloraDanmark","article_published_time":"2026-08-31T07:06:19+00:00","article_modified_time":"2026-08-31T07:09:04+00:00","og_image":[{"width":2560,"height":1269,"url":"https:\/\/interflora.dk\/blog\/wp-content\/uploads\/2026\/08\/0925-45-Banner-scaled.jpg","type":"image\/jpeg"}],"author":"admin","twitter_card":"summary_large_image","twitter_misc":{"Skrevet af":"admin","Estimeret l\u00e6setid":"4 minutter"},"schema":{"@context":"https:\/\/schema.org","@graph":[{"@type":"Article","@id":"https:\/\/interflora.dk\/blog\/bedsteforaeldredag\/#article","isPartOf":{"@id":"https:\/\/interflora.dk\/blog\/bedsteforaeldredag\/"},"author":{"name":"admin","@id":"https:\/\/interflora.dk\/blog\/#\/schema\/person\/dbbd1ad45e05409c356dc639597669f2"},"headline":"Lad os fejre bedstefor\u00e6ldredagen med blomster","datePublished":"2026-08-31T07:06:19+00:00","dateModified":"2026-08-31T07:09:04+00:00","mainEntityOfPage":{"@id":"https:\/\/interflora.dk\/blog\/bedsteforaeldredag\/"},"wordCount":938,"commentCount":0,"publisher":{"@id":"https:\/\/interflora.dk\/blog\/#organization"},"image":{"@id":"https:\/\/interflora.dk\/blog\/bedsteforaeldredag\/#primaryimage"},"thumbnailUrl":"https:\/\/interflora.dk\/blog\/wp-content\/uploads\/2026\/08\/0925-45-Banner-scaled.jpg","keywords":["Bedstefor\u00e6ldredag"],"articleSection":["Efter\u00e5rets fortryllelse: Inspiration og tips","Interfloras guide til alle anledninger"],"inLanguage":"da-DK","potentialAction":[{"@type":"CommentAction","name":"Comment","target":["https:\/\/interflora.dk\/blog\/bedsteforaeldredag\/#respond"]}]},{"@type":"WebPage","@id":"https:\/\/interflora.dk\/blog\/bedsteforaeldredag\/","url":"https:\/\/interflora.dk\/blog\/bedsteforaeldredag\/","name":"Bedstefor\u00e6ldredagen: Overrask med blomster den 5. september | Interflora","isPartOf":{"@id":"https:\/\/interflora.dk\/blog\/#website"},"primaryImageOfPage":{"@id":"https:\/\/interflora.dk\/blog\/bedsteforaeldredag\/#primaryimage"},"image":{"@id":"https:\/\/interflora.dk\/blog\/bedsteforaeldredag\/#primaryimage"},"thumbnailUrl":"https:\/\/interflora.dk\/blog\/wp-content\/uploads\/2026\/08\/0925-45-Banner-scaled.jpg","datePublished":"2026-08-31T07:06:19+00:00","dateModified":"2026-08-31T07:09:04+00:00","description":"Den f\u00f8rste fredag i september er dedikeret til alle bedstefor\u00e6ldrene. Vis din omsorg og taknemlighed med en helt s\u00e6rlig gave.","breadcrumb":{"@id":"https:\/\/interflora.dk\/blog\/bedsteforaeldredag\/#breadcrumb"},"inLanguage":"da-DK","potentialAction":[{"@type":"ReadAction","target":["https:\/\/interflora.dk\/blog\/bedsteforaeldredag\/"]}]},{"@type":"ImageObject","inLanguage":"da-DK","@id":"https:\/\/interflora.dk\/blog\/bedsteforaeldredag\/#primaryimage","url":"https:\/\/interflora.dk\/blog\/wp-content\/uploads\/2026\/08\/0925-45-Banner-scaled.jpg","contentUrl":"https:\/\/interflora.dk\/blog\/wp-content\/uploads\/2026\/08\/0925-45-Banner-scaled.jpg","width":2560,"height":1269,"caption":"glad bedstefar og barnebarn st\u00e5r med blomsterbuket og krammer"},{"@type":"BreadcrumbList","@id":"https:\/\/interflora.dk\/blog\/bedsteforaeldredag\/#breadcrumb","itemListElement":[{"@type":"ListItem","position":1,"name":"Home","item":"https:\/\/interflora.dk\/blog\/"},{"@type":"ListItem","position":2,"name":"Lad os fejre bedstefor\u00e6ldredagen med blomster"}]},{"@type":"WebSite","@id":"https:\/\/interflora.dk\/blog\/#website","url":"https:\/\/interflora.dk\/blog\/","name":"Interflora","description":"","publisher":{"@id":"https:\/\/interflora.dk\/blog\/#organization"},"potentialAction":[{"@type":"SearchAction","target":{"@type":"EntryPoint","urlTemplate":"https:\/\/interflora.dk\/blog\/?s={search_term_string}"},"query-input":{"@type":"PropertyValueSpecification","valueRequired":true,"valueName":"search_term_string"}}],"inLanguage":"da-DK"},{"@type":"Organization","@id":"https:\/\/interflora.dk\/blog\/#organization","name":"Interflora","url":"https:\/\/interflora.dk\/blog\/","logo":{"@type":"ImageObject","inLanguage":"da-DK","@id":"https:\/\/interflora.dk\/blog\/#\/schema\/logo\/image\/","url":"https:\/\/interflora.dk\/blog\/wp-content\/uploads\/2025\/09\/220422_INTERFLORA_Logo_rgb_Half_Top_Circle_Main_Color.png","contentUrl":"https:\/\/interflora.dk\/blog\/wp-content\/uploads\/2025\/09\/220422_INTERFLORA_Logo_rgb_Half_Top_Circle_Main_Color.png","width":1418,"height":710,"caption":"Interflora"},"image":{"@id":"https:\/\/interflora.dk\/blog\/#\/schema\/logo\/image\/"},"sameAs":["https:\/\/www.facebook.com\/InterfloraDanmark","https:\/\/www.instagram.com\/interfloradk","https:\/\/www.linkedin.com\/company\/interfloradanmark","https:\/\/www.youtube.com\/user\/InterfloraTV"]},{"@type":"Person","@id":"https:\/\/interflora.dk\/blog\/#\/schema\/person\/dbbd1ad45e05409c356dc639597669f2","name":"admin","image":{"@type":"ImageObject","inLanguage":"da-DK","@id":"https:\/\/interflora.dk\/blog\/wp-content\/litespeed\/avatar\/1fe3cced9e67df62d0a6f995d75823a5.jpg?ver=1787822147","url":"https:\/\/interflora.dk\/blog\/wp-content\/litespeed\/avatar\/1fe3cced9e67df62d0a6f995d75823a5.jpg?ver=1787822147","contentUrl":"https:\/\/interflora.dk\/blog\/wp-content\/litespeed\/avatar\/1fe3cced9e67df62d0a6f995d75823a5.jpg?ver=1787822147","caption":"admin"}}]}},"uagb_featured_image_src":{"full":["https:\/\/interflora.dk\/blog\/wp-content\/uploads\/2026\/08\/0925-45-Banner-scaled.jpg",2560,1269,false],"thumbnail":["https:\/\/interflora.dk\/blog\/wp-content\/uploads\/2026\/08\/0925-45-Banner-150x150.jpg",150,150,true],"medium":["https:\/\/interflora.dk\/blog\/wp-content\/uploads\/2026\/08\/0925-45-Banner-300x149.jpg",300,149,true],"medium_large":["https:\/\/interflora.dk\/blog\/wp-content\/uploads\/2026\/08\/0925-45-Banner-768x381.jpg",768,381,true],"large":["https:\/\/interflora.dk\/blog\/wp-content\/uploads\/2026\/08\/0925-45-Banner-1024x507.jpg",1024,507,true],"1536x1536":["https:\/\/interflora.dk\/blog\/wp-content\/uploads\/2026\/08\/0925-45-Banner-1536x761.jpg",1536,761,true],"2048x2048":["https:\/\/interflora.dk\/blog\/wp-content\/uploads\/2026\/08\/0925-45-Banner-2048x1015.jpg",2048,1015,true]},"uagb_author_info":{"display_name":"admin","author_link":"https:\/\/interflora.dk\/blog\/author\/admin\/"},"uagb_comment_info":0,"uagb_excerpt":"Hengivenhed og taknemmelighed. N\u00e5r vi t\u00e6nker p\u00e5 vores bedstefor\u00e6ldre&nbsp;fremkalder det hos de fleste f\u00f8lelser af \u00f8mhed og k\u00e6rlighed til dem [&hellip;]","_links":{"self":[{"href":"https:\/\/interflora.dk\/blog\/wp-json\/wp\/v2\/posts\/53724","targetHints":{"allow":["GET"]}}],"collection":[{"href":"https:\/\/interflora.dk\/blog\/wp-json\/wp\/v2\/posts"}],"about":[{"href":"https:\/\/interflora.dk\/blog\/wp-json\/wp\/v2\/types\/post"}],"author":[{"embeddable":true,"href":"https:\/\/interflora.dk\/blog\/wp-json\/wp\/v2\/users\/1"}],"replies":[{"embeddable":true,"href":"https:\/\/interflora.dk\/blog\/wp-json\/wp\/v2\/comments?post=53724"}],"version-history":[{"count":15,"href":"https:\/\/interflora.dk\/blog\/wp-json\/wp\/v2\/posts\/53724\/revisions"}],"predecessor-version":[{"id":64151,"href":"https:\/\/interflora.dk\/blog\/wp-json\/wp\/v2\/posts\/53724\/revisions\/64151"}],"wp:featuredmedia":[{"embeddable":true,"href":"https:\/\/interflora.dk\/blog\/wp-json\/wp\/v2\/media\/63743"}],"wp:attachment":[{"href":"https:\/\/interflora.dk\/blog\/wp-json\/wp\/v2\/media?parent=53724"}],"wp:term":[{"taxonomy":"category","embeddable":true,"href":"https:\/\/interflora.dk\/blog\/wp-json\/wp\/v2\/categories?post=53724"},{"taxonomy":"post_tag","embeddable":true,"href":"https:\/\/interflora.dk\/blog\/wp-json\/wp\/v2\/tags?post=53724"}],"curies":[{"name":"wp","href":"https:\/\/api.w.org\/{rel}","templated":true}]}}