{"id":58989,"date":"2025-11-27T16:41:25","date_gmt":"2025-11-27T15:41:25","guid":{"rendered":"https:\/\/interflora.dk\/blog\/?p=58989"},"modified":"2025-11-27T16:41:26","modified_gmt":"2025-11-27T15:41:26","slug":"pynt-op-med-julens-smukkeste-kranse","status":"publish","type":"post","link":"https:\/\/interflora.dk\/blog\/pynt-op-med-julens-smukkeste-kranse\/","title":{"rendered":"Pynt op med julens smukkeste kranse &#8211; Bring festlig stemning til ethvert rum"},"content":{"rendered":"\n<p class=\"has-text-align-center\">Julekransen er en elsket juleklassiker, der \u00f8jeblikkeligt forvandler dit hjem til et sted fyldt med varme og hjerterum. Uanset om du foretr\u00e6kker klassisk gr\u00f8n med r\u00f8de detaljer eller mere moderne, spraglede designs, findes der en julekrans, der passer til din stil og dine rum.<\/p>\n\n\n\n<div class=\"wp-block-columns is-layout-flex wp-container-core-columns-is-layout-28f84493 wp-block-columns-is-layout-flex\">\n<div class=\"wp-block-column is-layout-flow wp-block-column-is-layout-flow\">\n<figure class=\"wp-block-image size-large\"><img loading=\"lazy\" decoding=\"async\" width=\"683\" height=\"1024\" src=\"https:\/\/interflora.dk\/blog\/wp-content\/uploads\/2025\/11\/annesophiebenoit-interflora-sw-26-683x1024.jpg\" alt=\"En julekrans skaber julestemning b\u00e5de indend\u00f8rs og udend\u00f8rs.\" class=\"wp-image-58601\" srcset=\"https:\/\/interflora.dk\/blog\/wp-content\/uploads\/2025\/11\/annesophiebenoit-interflora-sw-26-683x1024.jpg 683w, https:\/\/interflora.dk\/blog\/wp-content\/uploads\/2025\/11\/annesophiebenoit-interflora-sw-26-200x300.jpg 200w, https:\/\/interflora.dk\/blog\/wp-content\/uploads\/2025\/11\/annesophiebenoit-interflora-sw-26-768x1152.jpg 768w, https:\/\/interflora.dk\/blog\/wp-content\/uploads\/2025\/11\/annesophiebenoit-interflora-sw-26-1024x1536.jpg 1024w, https:\/\/interflora.dk\/blog\/wp-content\/uploads\/2025\/11\/annesophiebenoit-interflora-sw-26-1365x2048.jpg 1365w, https:\/\/interflora.dk\/blog\/wp-content\/uploads\/2025\/11\/annesophiebenoit-interflora-sw-26-scaled.jpg 1707w\" sizes=\"auto, (max-width: 683px) 100vw, 683px\" \/><\/figure>\n\n\n\n<h2 class=\"wp-block-heading has-text-align-center\"><strong>Julekransen &#8211; Et tidl\u00f8st symbol med uendelige muligheder<\/strong><\/h2>\n\n\n\n<p class=\"has-text-align-center\">En krans er mere end blot dekoration &#8211; det er en m\u00e5de at give en varm velkomst og skabe en stilfuld, julet atmosf\u00e6re fra du og dine g\u00e6ster tr\u00e6der ind af d\u00f8ren. En festlig krans spreder julegl\u00e6de b\u00e5de inde og ude. H\u00e6ng den p\u00e5 d\u00f8ren, over sofaen, eller brug den som bordpynt. Med grangrene, eucalyptus, t\u00f8rrede blomster eller b\u00e6r kan du nemt skabe etpersonligt udtryk V\u00e6lg klassisk r\u00f8d og gr\u00f8n eller bl\u00f8de naturtoner for et kreativt udtrykt.<\/p>\n<\/div>\n\n\n\n<div class=\"wp-block-column is-layout-flow wp-block-column-is-layout-flow\">\n<figure class=\"wp-block-image size-large\"><img loading=\"lazy\" decoding=\"async\" width=\"683\" height=\"1024\" src=\"https:\/\/interflora.dk\/blog\/wp-content\/uploads\/2025\/11\/annesophiebenoit-interflora-sw-47-683x1024.jpg\" alt=\"Klassisk julekrans med gran, kogler og eucalyptus.\" class=\"wp-image-58586\" srcset=\"https:\/\/interflora.dk\/blog\/wp-content\/uploads\/2025\/11\/annesophiebenoit-interflora-sw-47-683x1024.jpg 683w, https:\/\/interflora.dk\/blog\/wp-content\/uploads\/2025\/11\/annesophiebenoit-interflora-sw-47-200x300.jpg 200w, https:\/\/interflora.dk\/blog\/wp-content\/uploads\/2025\/11\/annesophiebenoit-interflora-sw-47-768x1152.jpg 768w, https:\/\/interflora.dk\/blog\/wp-content\/uploads\/2025\/11\/annesophiebenoit-interflora-sw-47-1024x1536.jpg 1024w, https:\/\/interflora.dk\/blog\/wp-content\/uploads\/2025\/11\/annesophiebenoit-interflora-sw-47-1365x2048.jpg 1365w, https:\/\/interflora.dk\/blog\/wp-content\/uploads\/2025\/11\/annesophiebenoit-interflora-sw-47-scaled.jpg 1707w\" sizes=\"auto, (max-width: 683px) 100vw, 683px\" \/><\/figure>\n\n\n\n<h2 class=\"wp-block-heading has-text-align-center\"><strong>Klassisk charme: Gr\u00f8n krans med r\u00f8de detaljer<\/strong><\/h2>\n\n\n\n<p class=\"has-text-align-center\">En frodig krans lavet af gran, fyr eller mos med et r\u00f8dt b\u00e5nd er essensen af julestemning. H\u00e6ng den p\u00e5 d\u00f8ren, i et vindue eller over et smukt m\u00f8bel. <\/p>\n\n\n\n<p class=\"has-text-align-center\">Vil du variere udtrykket? Skift b\u00e5ndet ud med vinr\u00f8d, guld eller jordfarver for at matche dine \u00f8vrige juledekorationer.<\/p>\n<\/div>\n\n\n\n<div class=\"wp-block-column is-layout-flow wp-block-column-is-layout-flow\">\n<figure class=\"wp-block-image size-large\"><img loading=\"lazy\" decoding=\"async\" width=\"683\" height=\"1024\" src=\"https:\/\/interflora.dk\/blog\/wp-content\/uploads\/2025\/11\/annesophiebenoit-interflora-sw-16-683x1024.jpg\" alt=\"Julekrans med kryptomeria, hvidt mos, eucalyptus, g\u00e5sepil, tidsel og l\u00e6rk.\" class=\"wp-image-58580\" srcset=\"https:\/\/interflora.dk\/blog\/wp-content\/uploads\/2025\/11\/annesophiebenoit-interflora-sw-16-683x1024.jpg 683w, https:\/\/interflora.dk\/blog\/wp-content\/uploads\/2025\/11\/annesophiebenoit-interflora-sw-16-200x300.jpg 200w, https:\/\/interflora.dk\/blog\/wp-content\/uploads\/2025\/11\/annesophiebenoit-interflora-sw-16-768x1152.jpg 768w, https:\/\/interflora.dk\/blog\/wp-content\/uploads\/2025\/11\/annesophiebenoit-interflora-sw-16-1024x1536.jpg 1024w, https:\/\/interflora.dk\/blog\/wp-content\/uploads\/2025\/11\/annesophiebenoit-interflora-sw-16-1365x2048.jpg 1365w, https:\/\/interflora.dk\/blog\/wp-content\/uploads\/2025\/11\/annesophiebenoit-interflora-sw-16-scaled.jpg 1707w\" sizes=\"auto, (max-width: 683px) 100vw, 683px\" \/><\/figure>\n\n\n\n<h2 class=\"wp-block-heading has-text-align-center\"><strong>Elegant enkelhed: Julekrans med silkeb\u00e5nd<\/strong><\/h2>\n\n\n\n<p class=\"has-text-align-center\">\u00a0For et bl\u00f8dt og sofistikeret udtryk kan du v\u00e6lge et \u00a0silkeb\u00e5nd. En enkel gr\u00f8n krans der h\u00e6nges op med et smukt bundet b\u00e5nd skaber tidl\u00f8s julestemning. \u00a0<\/p>\n\n\n\n<p class=\"has-text-align-center\">Placer kransen p\u00e5 en d\u00f8r eller v\u00e6g sammen med lys og julegaver for at skabe en harmonisk helhed.\u00a0<\/p>\n<\/div>\n<\/div>\n\n\n<div class=\"lp-produits-grid\"><div class=\"lp-produit\"><div class=\"lp-thumbnail-wrapper\"><img loading=\"lazy\" decoding=\"async\" width=\"300\" height=\"300\" src=\"https:\/\/interflora.dk\/blog\/wp-content\/uploads\/2025\/09\/DEN_TIL_FOEDSELSDAGEN_VINTER_SMALL_127_v-300x300.jpg\" class=\"attachment-medium size-medium wp-post-image\" alt=\"\" srcset=\"https:\/\/interflora.dk\/blog\/wp-content\/uploads\/2025\/09\/DEN_TIL_FOEDSELSDAGEN_VINTER_SMALL_127_v-300x300.jpg 300w, https:\/\/interflora.dk\/blog\/wp-content\/uploads\/2025\/09\/DEN_TIL_FOEDSELSDAGEN_VINTER_SMALL_127_v-1024x1024.jpg 1024w, https:\/\/interflora.dk\/blog\/wp-content\/uploads\/2025\/09\/DEN_TIL_FOEDSELSDAGEN_VINTER_SMALL_127_v-150x150.jpg 150w, https:\/\/interflora.dk\/blog\/wp-content\/uploads\/2025\/09\/DEN_TIL_FOEDSELSDAGEN_VINTER_SMALL_127_v-768x768.jpg 768w, https:\/\/interflora.dk\/blog\/wp-content\/uploads\/2025\/09\/DEN_TIL_FOEDSELSDAGEN_VINTER_SMALL_127_v.jpg 1200w\" sizes=\"auto, (max-width: 300px) 100vw, 300px\" \/><img decoding=\"async\" class=\"lp-badge\" src=\"https:\/\/prodblog.interflora.dk\/blog\/wp-content\/uploads\/2025\/09\/220422_INTERFLORA_Main_Logo_rgb_Main_Color.avif\" alt=\"Send blomster med Interflora\"><\/div><span>Den til f\u00f8dselsdagen<\/span><p>Fra 299 kr.<\/p><span class=\"obf-link lp-cta\" role=\"link\" tabindex=\"0\" data-b64=\"aHR0cHM6Ly9pbnRlcmZsb3JhLmRrL3Byb2R1a3QvZGVuLXRpbC1mb2Vkc2Vsc2RhZ2VuP3Y9MTU1MSYjMDM4O3ZhcmlhdGlvbj05M2NjOTRlNi0zZmJlLTQ1OTgtYjAwNS03YTk5NTNiNGZlNGI\/dXRtX21lZGl1bT1vcmdhbmljJnV0bV9zb3VyY2U9YmxvZ19wcm9kdWN0cyZ1dG1fY2FtcGFpZ249MTI3\" data-target=\"_blank\"><svg xmlns=\"http:\/\/www.w3.org\/2000\/svg\" width=\"16\" height=\"16\" fill=\"currentColor\" class=\"bi bi-bag\" viewBox=\"0 0 16 16\"><path d=\"M8 1a2 2 0 0 1 2 2v1h2.5A1.5 1.5 0 0 1 14 5.5v8A1.5 1.5 0 0 1 12.5 15h-9A1.5 1.5 0 0 1 2 13.5v-8A1.5 1.5 0 0 1 3.5 3H6V2a2 2 0 0 1 2-1zm1 3V3a1 1 0 0 0-2 0v1h2z\"\/><\/svg>K\u00f8b her<\/span><p class=\"rapido\">Levering i hele Danmark<\/p><\/div><div class=\"lp-produit\"><div class=\"lp-thumbnail-wrapper\"><img loading=\"lazy\" decoding=\"async\" width=\"300\" height=\"300\" src=\"https:\/\/interflora.dk\/blog\/wp-content\/uploads\/2025\/09\/FLORISTENS_KREATIVE_BUKET_I_LYSEROEDE_NUANCER_MEDIUM_6311-300x300.jpg\" class=\"attachment-medium size-medium wp-post-image\" alt=\"\" srcset=\"https:\/\/interflora.dk\/blog\/wp-content\/uploads\/2025\/09\/FLORISTENS_KREATIVE_BUKET_I_LYSEROEDE_NUANCER_MEDIUM_6311-300x300.jpg 300w, https:\/\/interflora.dk\/blog\/wp-content\/uploads\/2025\/09\/FLORISTENS_KREATIVE_BUKET_I_LYSEROEDE_NUANCER_MEDIUM_6311-1024x1024.jpg 1024w, https:\/\/interflora.dk\/blog\/wp-content\/uploads\/2025\/09\/FLORISTENS_KREATIVE_BUKET_I_LYSEROEDE_NUANCER_MEDIUM_6311-150x150.jpg 150w, https:\/\/interflora.dk\/blog\/wp-content\/uploads\/2025\/09\/FLORISTENS_KREATIVE_BUKET_I_LYSEROEDE_NUANCER_MEDIUM_6311-768x768.jpg 768w, https:\/\/interflora.dk\/blog\/wp-content\/uploads\/2025\/09\/FLORISTENS_KREATIVE_BUKET_I_LYSEROEDE_NUANCER_MEDIUM_6311.jpg 1200w\" sizes=\"auto, (max-width: 300px) 100vw, 300px\" \/><img decoding=\"async\" class=\"lp-badge\" src=\"https:\/\/prodblog.interflora.dk\/blog\/wp-content\/uploads\/2025\/09\/220422_INTERFLORA_Main_Logo_rgb_Main_Color.avif\" alt=\"Send blomster med Interflora\"><\/div><span>Floristens kreative buket i lyser\u00f8de nuancer<\/span><p>Fra 229 kr.<\/p><span class=\"obf-link lp-cta\" role=\"link\" tabindex=\"0\" data-b64=\"aHR0cHM6Ly9pbnRlcmZsb3JhLmRrL3Byb2R1a3QvZmxvcmlzdGVucy1rcmVhdGl2ZS1idWtldC1pLWx5c2Vyb2VkZS1udWFuY2VyP3Y9MTYyNTEmIzAzODt2YXJpYXRpb249M2IyNjBkMDYtMGNlNy00NzUyLTk1ZjUtNGMxNDBjMWU1MDJmP3V0bV9tZWRpdW09b3JnYW5pYyZ1dG1fc291cmNlPWJsb2dfcHJvZHVjdHMmdXRtX2NhbXBhaWduPTYzMTE=\" data-target=\"_blank\"><svg xmlns=\"http:\/\/www.w3.org\/2000\/svg\" width=\"16\" height=\"16\" fill=\"currentColor\" class=\"bi bi-bag\" viewBox=\"0 0 16 16\"><path d=\"M8 1a2 2 0 0 1 2 2v1h2.5A1.5 1.5 0 0 1 14 5.5v8A1.5 1.5 0 0 1 12.5 15h-9A1.5 1.5 0 0 1 2 13.5v-8A1.5 1.5 0 0 1 3.5 3H6V2a2 2 0 0 1 2-1zm1 3V3a1 1 0 0 0-2 0v1h2z\"\/><\/svg>K\u00f8b her<\/span><p class=\"rapido\">H\u00e5ndbundet af florister<\/p><\/div><div class=\"lp-produit\"><div class=\"lp-thumbnail-wrapper\"><img loading=\"lazy\" decoding=\"async\" width=\"300\" height=\"300\" src=\"https:\/\/interflora.dk\/blog\/wp-content\/uploads\/2025\/09\/FINE_LILJEHILSEN_VERSION_01_MEDIUM_w2028229-300x300.jpg\" class=\"attachment-medium size-medium wp-post-image\" alt=\"\" srcset=\"https:\/\/interflora.dk\/blog\/wp-content\/uploads\/2025\/09\/FINE_LILJEHILSEN_VERSION_01_MEDIUM_w2028229-300x300.jpg 300w, https:\/\/interflora.dk\/blog\/wp-content\/uploads\/2025\/09\/FINE_LILJEHILSEN_VERSION_01_MEDIUM_w2028229-1024x1024.jpg 1024w, https:\/\/interflora.dk\/blog\/wp-content\/uploads\/2025\/09\/FINE_LILJEHILSEN_VERSION_01_MEDIUM_w2028229-150x150.jpg 150w, https:\/\/interflora.dk\/blog\/wp-content\/uploads\/2025\/09\/FINE_LILJEHILSEN_VERSION_01_MEDIUM_w2028229-768x768.jpg 768w, https:\/\/interflora.dk\/blog\/wp-content\/uploads\/2025\/09\/FINE_LILJEHILSEN_VERSION_01_MEDIUM_w2028229.jpg 1200w\" sizes=\"auto, (max-width: 300px) 100vw, 300px\" \/><img decoding=\"async\" class=\"lp-badge\" src=\"https:\/\/prodblog.interflora.dk\/blog\/wp-content\/uploads\/2025\/09\/220422_INTERFLORA_Main_Logo_rgb_Main_Color.avif\" alt=\"Send blomster med Interflora\"><\/div><span>Den fine liljehilsen<\/span><p>Fra 219 kr.<\/p><span class=\"obf-link lp-cta\" role=\"link\" tabindex=\"0\" data-b64=\"aHR0cHM6Ly9pbnRlcmZsb3JhLmRrL3Byb2R1a3QvZGVuLWZpbmUtbGlsamVoaWxzZW4\/dj0xNzU5NSYjMDM4O3ZhcmlhdGlvbj03YTZiNzY5Mi05NThjLTQ5MjYtYWIyNy0yZjRjYWEwMWJkZGI\/dXRtX21lZGl1bT1vcmdhbmljJnV0bV9zb3VyY2U9YmxvZ19wcm9kdWN0cyZ1dG1fY2FtcGFpZ249NzQ4MA==\" data-target=\"_blank\"><svg xmlns=\"http:\/\/www.w3.org\/2000\/svg\" width=\"16\" height=\"16\" fill=\"currentColor\" class=\"bi bi-bag\" viewBox=\"0 0 16 16\"><path d=\"M8 1a2 2 0 0 1 2 2v1h2.5A1.5 1.5 0 0 1 14 5.5v8A1.5 1.5 0 0 1 12.5 15h-9A1.5 1.5 0 0 1 2 13.5v-8A1.5 1.5 0 0 1 3.5 3H6V2a2 2 0 0 1 2-1zm1 3V3a1 1 0 0 0-2 0v1h2z\"\/><\/svg>K\u00f8b her<\/span><p class=\"rapido\">H\u00e5ndbundet af florister<\/p><\/div><div class=\"lp-produit\"><div class=\"lp-thumbnail-wrapper\"><img loading=\"lazy\" decoding=\"async\" width=\"300\" height=\"300\" src=\"https:\/\/interflora.dk\/blog\/wp-content\/uploads\/2025\/09\/DEN_FORTRYLLENDE_SMALL-300x300.jpg\" class=\"attachment-medium size-medium wp-post-image\" alt=\"\" srcset=\"https:\/\/interflora.dk\/blog\/wp-content\/uploads\/2025\/09\/DEN_FORTRYLLENDE_SMALL-300x300.jpg 300w, https:\/\/interflora.dk\/blog\/wp-content\/uploads\/2025\/09\/DEN_FORTRYLLENDE_SMALL-1024x1024.jpg 1024w, https:\/\/interflora.dk\/blog\/wp-content\/uploads\/2025\/09\/DEN_FORTRYLLENDE_SMALL-150x150.jpg 150w, https:\/\/interflora.dk\/blog\/wp-content\/uploads\/2025\/09\/DEN_FORTRYLLENDE_SMALL-768x768.jpg 768w, https:\/\/interflora.dk\/blog\/wp-content\/uploads\/2025\/09\/DEN_FORTRYLLENDE_SMALL.jpg 1200w\" sizes=\"auto, (max-width: 300px) 100vw, 300px\" \/><img decoding=\"async\" class=\"lp-badge\" src=\"https:\/\/prodblog.interflora.dk\/blog\/wp-content\/uploads\/2025\/09\/220422_INTERFLORA_Main_Logo_rgb_Main_Color.avif\" alt=\"Send blomster med Interflora\"><\/div><span>Den fortryllende<\/span><p>Fra 259 kr.<\/p><span class=\"obf-link lp-cta\" role=\"link\" tabindex=\"0\" data-b64=\"aHR0cHM6Ly9pbnRlcmZsb3JhLmRrL3Byb2R1a3QvZGVuLWZvcnRyeWxsZW5kZT92PTkzMDYmIzAzODt2YXJpYXRpb249ZGNiMjRlM2QtMzBlZC00OTAxLWI0YWUtYTYxOTlkMzE2MWU2P3V0bV9tZWRpdW09b3JnYW5pYyZ1dG1fc291cmNlPWJsb2dfcHJvZHVjdHMmdXRtX2NhbXBhaWduPTU1MQ==\" data-target=\"_blank\"><svg xmlns=\"http:\/\/www.w3.org\/2000\/svg\" width=\"16\" height=\"16\" fill=\"currentColor\" class=\"bi bi-bag\" viewBox=\"0 0 16 16\"><path d=\"M8 1a2 2 0 0 1 2 2v1h2.5A1.5 1.5 0 0 1 14 5.5v8A1.5 1.5 0 0 1 12.5 15h-9A1.5 1.5 0 0 1 2 13.5v-8A1.5 1.5 0 0 1 3.5 3H6V2a2 2 0 0 1 2-1zm1 3V3a1 1 0 0 0-2 0v1h2z\"\/><\/svg>K\u00f8b her<\/span><p class=\"rapido\">H\u00e5ndbundet af florister<\/p><\/div><\/div>\n","protected":false},"excerpt":{"rendered":"<p>Julekransen er en elsket juleklassiker, der \u00f8jeblikkeligt forvandler dit hjem til et sted fyldt med varme og hjerterum. Uanset om [&hellip;]<\/p>\n","protected":false},"author":7,"featured_media":58601,"comment_status":"open","ping_status":"open","sticky":false,"template":"","format":"standard","meta":{"_uag_custom_page_level_css":"","site-sidebar-layout":"default","site-content-layout":"","ast-site-content-layout":"default","site-content-style":"default","site-sidebar-style":"default","ast-global-header-display":"","ast-banner-title-visibility":"","ast-main-header-display":"","ast-hfb-above-header-display":"","ast-hfb-below-header-display":"","ast-hfb-mobile-header-display":"","site-post-title":"","ast-breadcrumbs-content":"","ast-featured-img":"","footer-sml-layout":"","ast-disable-related-posts":"","theme-transparent-header-meta":"","adv-header-id-meta":"","stick-header-meta":"","header-above-stick-meta":"","header-main-stick-meta":"","header-below-stick-meta":"","astra-migrate-meta-layouts":"default","ast-page-background-enabled":"default","ast-page-background-meta":{"desktop":{"background-color":"var(--ast-global-color-5)","background-image":"","background-repeat":"repeat","background-position":"center center","background-size":"auto","background-attachment":"scroll","background-type":"","background-media":"","overlay-type":"","overlay-color":"","overlay-opacity":"","overlay-gradient":""},"tablet":{"background-color":"","background-image":"","background-repeat":"repeat","background-position":"center center","background-size":"auto","background-attachment":"scroll","background-type":"","background-media":"","overlay-type":"","overlay-color":"","overlay-opacity":"","overlay-gradient":""},"mobile":{"background-color":"","background-image":"","background-repeat":"repeat","background-position":"center center","background-size":"auto","background-attachment":"scroll","background-type":"","background-media":"","overlay-type":"","overlay-color":"","overlay-opacity":"","overlay-gradient":""}},"ast-content-background-meta":{"desktop":{"background-color":"var(--ast-global-color-4)","background-image":"","background-repeat":"repeat","background-position":"center center","background-size":"auto","background-attachment":"scroll","background-type":"","background-media":"","overlay-type":"","overlay-color":"","overlay-opacity":"","overlay-gradient":""},"tablet":{"background-color":"var(--ast-global-color-4)","background-image":"","background-repeat":"repeat","background-position":"center center","background-size":"auto","background-attachment":"scroll","background-type":"","background-media":"","overlay-type":"","overlay-color":"","overlay-opacity":"","overlay-gradient":""},"mobile":{"background-color":"var(--ast-global-color-4)","background-image":"","background-repeat":"repeat","background-position":"center center","background-size":"auto","background-attachment":"scroll","background-type":"","background-media":"","overlay-type":"","overlay-color":"","overlay-opacity":"","overlay-gradient":""}},"footnotes":""},"categories":[275,201,167,236],"tags":[],"class_list":["post-58989","post","type-post","status-publish","format-standard","has-post-thumbnail","hentry","category-dekorationer","category-inspiration","category-anledninger","category-jul"],"yoast_head":"<!-- This site is optimized with the Yoast SEO plugin v27.4 - https:\/\/yoast.com\/product\/yoast-seo-wordpress\/ -->\n<title>Se, hvordan du dekorerer dit hjem med de smukkeste julekranse | Interflora<\/title>\n<meta name=\"description\" content=\"Skab julestemning med smukke julekranse - fra den klassiske til elegant eucalyptuskrans, forskellige varianter der egner sig til b\u00e5de inden- og udend\u00f8rs.\" \/>\n<meta name=\"robots\" content=\"index, follow, max-snippet:-1, max-image-preview:large, max-video-preview:-1\" \/>\n<link rel=\"canonical\" href=\"https:\/\/interflora.dk\/blog\/pynt-op-med-julens-smukkeste-kranse\/\" \/>\n<meta property=\"og:locale\" content=\"da_DK\" \/>\n<meta property=\"og:type\" content=\"article\" \/>\n<meta property=\"og:title\" content=\"Se, hvordan du dekorerer dit hjem med de smukkeste julekranse | Interflora\" \/>\n<meta property=\"og:description\" content=\"Skab julestemning med smukke julekranse - fra den klassiske til elegant eucalyptuskrans, forskellige varianter der egner sig til b\u00e5de inden- og udend\u00f8rs.\" \/>\n<meta property=\"og:url\" content=\"https:\/\/interflora.dk\/blog\/pynt-op-med-julens-smukkeste-kranse\/\" \/>\n<meta property=\"og:site_name\" content=\"Interflora\" \/>\n<meta property=\"article:publisher\" content=\"https:\/\/www.facebook.com\/InterfloraDanmark\" \/>\n<meta property=\"article:published_time\" content=\"2025-11-27T15:41:25+00:00\" \/>\n<meta property=\"article:modified_time\" content=\"2025-11-27T15:41:26+00:00\" \/>\n<meta property=\"og:image\" content=\"https:\/\/interflora.dk\/blog\/wp-content\/uploads\/2025\/11\/annesophiebenoit-interflora-sw-26-scaled.jpg\" \/>\n\t<meta property=\"og:image:width\" content=\"1707\" \/>\n\t<meta property=\"og:image:height\" content=\"2560\" \/>\n\t<meta property=\"og:image:type\" content=\"image\/jpeg\" \/>\n<meta name=\"author\" content=\"Fanny Nester\" \/>\n<meta name=\"twitter:card\" content=\"summary_large_image\" \/>\n<meta name=\"twitter:label1\" content=\"Skrevet af\" \/>\n\t<meta name=\"twitter:data1\" content=\"Fanny Nester\" \/>\n\t<meta name=\"twitter:label2\" content=\"Estimeret l\u00e6setid\" \/>\n\t<meta name=\"twitter:data2\" content=\"1 minut\" \/>\n<script type=\"application\/ld+json\" class=\"yoast-schema-graph\">{\"@context\":\"https:\\\/\\\/schema.org\",\"@graph\":[{\"@type\":\"Article\",\"@id\":\"https:\\\/\\\/interflora.dk\\\/blog\\\/pynt-op-med-julens-smukkeste-kranse\\\/#article\",\"isPartOf\":{\"@id\":\"https:\\\/\\\/interflora.dk\\\/blog\\\/pynt-op-med-julens-smukkeste-kranse\\\/\"},\"author\":{\"name\":\"Fanny Nester\",\"@id\":\"https:\\\/\\\/interflora.dk\\\/blog\\\/#\\\/schema\\\/person\\\/571ac06414368fd6027d7e6eb77d3736\"},\"headline\":\"Pynt op med julens smukkeste kranse &#8211; Bring festlig stemning til ethvert rum\",\"datePublished\":\"2025-11-27T15:41:25+00:00\",\"dateModified\":\"2025-11-27T15:41:26+00:00\",\"mainEntityOfPage\":{\"@id\":\"https:\\\/\\\/interflora.dk\\\/blog\\\/pynt-op-med-julens-smukkeste-kranse\\\/\"},\"wordCount\":290,\"commentCount\":0,\"publisher\":{\"@id\":\"https:\\\/\\\/interflora.dk\\\/blog\\\/#organization\"},\"image\":{\"@id\":\"https:\\\/\\\/interflora.dk\\\/blog\\\/pynt-op-med-julens-smukkeste-kranse\\\/#primaryimage\"},\"thumbnailUrl\":\"https:\\\/\\\/interflora.dk\\\/blog\\\/wp-content\\\/uploads\\\/2025\\\/11\\\/annesophiebenoit-interflora-sw-26-scaled.jpg\",\"articleSection\":[\"Dekorationer\",\"Inspiration\",\"Interfloras guide til alle anledninger\",\"Julens magi: Inspiration og ideer\"],\"inLanguage\":\"da-DK\",\"potentialAction\":[{\"@type\":\"CommentAction\",\"name\":\"Comment\",\"target\":[\"https:\\\/\\\/interflora.dk\\\/blog\\\/pynt-op-med-julens-smukkeste-kranse\\\/#respond\"]}]},{\"@type\":\"WebPage\",\"@id\":\"https:\\\/\\\/interflora.dk\\\/blog\\\/pynt-op-med-julens-smukkeste-kranse\\\/\",\"url\":\"https:\\\/\\\/interflora.dk\\\/blog\\\/pynt-op-med-julens-smukkeste-kranse\\\/\",\"name\":\"Se, hvordan du dekorerer dit hjem med de smukkeste julekranse | Interflora\",\"isPartOf\":{\"@id\":\"https:\\\/\\\/interflora.dk\\\/blog\\\/#website\"},\"primaryImageOfPage\":{\"@id\":\"https:\\\/\\\/interflora.dk\\\/blog\\\/pynt-op-med-julens-smukkeste-kranse\\\/#primaryimage\"},\"image\":{\"@id\":\"https:\\\/\\\/interflora.dk\\\/blog\\\/pynt-op-med-julens-smukkeste-kranse\\\/#primaryimage\"},\"thumbnailUrl\":\"https:\\\/\\\/interflora.dk\\\/blog\\\/wp-content\\\/uploads\\\/2025\\\/11\\\/annesophiebenoit-interflora-sw-26-scaled.jpg\",\"datePublished\":\"2025-11-27T15:41:25+00:00\",\"dateModified\":\"2025-11-27T15:41:26+00:00\",\"description\":\"Skab julestemning med smukke julekranse - fra den klassiske til elegant eucalyptuskrans, forskellige varianter der egner sig til b\u00e5de inden- og udend\u00f8rs.\",\"breadcrumb\":{\"@id\":\"https:\\\/\\\/interflora.dk\\\/blog\\\/pynt-op-med-julens-smukkeste-kranse\\\/#breadcrumb\"},\"inLanguage\":\"da-DK\",\"potentialAction\":[{\"@type\":\"ReadAction\",\"target\":[\"https:\\\/\\\/interflora.dk\\\/blog\\\/pynt-op-med-julens-smukkeste-kranse\\\/\"]}]},{\"@type\":\"ImageObject\",\"inLanguage\":\"da-DK\",\"@id\":\"https:\\\/\\\/interflora.dk\\\/blog\\\/pynt-op-med-julens-smukkeste-kranse\\\/#primaryimage\",\"url\":\"https:\\\/\\\/interflora.dk\\\/blog\\\/wp-content\\\/uploads\\\/2025\\\/11\\\/annesophiebenoit-interflora-sw-26-scaled.jpg\",\"contentUrl\":\"https:\\\/\\\/interflora.dk\\\/blog\\\/wp-content\\\/uploads\\\/2025\\\/11\\\/annesophiebenoit-interflora-sw-26-scaled.jpg\",\"width\":1707,\"height\":2560,\"caption\":\"En julekrans skaber julestemning b\u00e5de indend\u00f8rs og udend\u00f8rs.\"},{\"@type\":\"BreadcrumbList\",\"@id\":\"https:\\\/\\\/interflora.dk\\\/blog\\\/pynt-op-med-julens-smukkeste-kranse\\\/#breadcrumb\",\"itemListElement\":[{\"@type\":\"ListItem\",\"position\":1,\"name\":\"Home\",\"item\":\"https:\\\/\\\/interflora.dk\\\/blog\\\/\"},{\"@type\":\"ListItem\",\"position\":2,\"name\":\"Pynt op med julens smukkeste kranse &#8211; Bring festlig stemning til ethvert rum\"}]},{\"@type\":\"WebSite\",\"@id\":\"https:\\\/\\\/interflora.dk\\\/blog\\\/#website\",\"url\":\"https:\\\/\\\/interflora.dk\\\/blog\\\/\",\"name\":\"Interflora\",\"description\":\"\",\"publisher\":{\"@id\":\"https:\\\/\\\/interflora.dk\\\/blog\\\/#organization\"},\"potentialAction\":[{\"@type\":\"SearchAction\",\"target\":{\"@type\":\"EntryPoint\",\"urlTemplate\":\"https:\\\/\\\/interflora.dk\\\/blog\\\/?s={search_term_string}\"},\"query-input\":{\"@type\":\"PropertyValueSpecification\",\"valueRequired\":true,\"valueName\":\"search_term_string\"}}],\"inLanguage\":\"da-DK\"},{\"@type\":\"Organization\",\"@id\":\"https:\\\/\\\/interflora.dk\\\/blog\\\/#organization\",\"name\":\"Interflora\",\"url\":\"https:\\\/\\\/interflora.dk\\\/blog\\\/\",\"logo\":{\"@type\":\"ImageObject\",\"inLanguage\":\"da-DK\",\"@id\":\"https:\\\/\\\/interflora.dk\\\/blog\\\/#\\\/schema\\\/logo\\\/image\\\/\",\"url\":\"https:\\\/\\\/interflora.dk\\\/blog\\\/wp-content\\\/uploads\\\/2025\\\/09\\\/220422_INTERFLORA_Logo_rgb_Half_Top_Circle_Main_Color.png\",\"contentUrl\":\"https:\\\/\\\/interflora.dk\\\/blog\\\/wp-content\\\/uploads\\\/2025\\\/09\\\/220422_INTERFLORA_Logo_rgb_Half_Top_Circle_Main_Color.png\",\"width\":1418,\"height\":710,\"caption\":\"Interflora\"},\"image\":{\"@id\":\"https:\\\/\\\/interflora.dk\\\/blog\\\/#\\\/schema\\\/logo\\\/image\\\/\"},\"sameAs\":[\"https:\\\/\\\/www.facebook.com\\\/InterfloraDanmark\",\"https:\\\/\\\/www.instagram.com\\\/interfloradk\",\"https:\\\/\\\/www.linkedin.com\\\/company\\\/interfloradanmark\",\"https:\\\/\\\/www.youtube.com\\\/user\\\/InterfloraTV\"]},{\"@type\":\"Person\",\"@id\":\"https:\\\/\\\/interflora.dk\\\/blog\\\/#\\\/schema\\\/person\\\/571ac06414368fd6027d7e6eb77d3736\",\"name\":\"Fanny Nester\",\"image\":{\"@type\":\"ImageObject\",\"inLanguage\":\"da-DK\",\"@id\":\"https:\\\/\\\/interflora.dk\\\/blog\\\/wp-content\\\/litespeed\\\/avatar\\\/0afec189f2cb1e60d0cd12fa6593ffdd.jpg?ver=1776941477\",\"url\":\"https:\\\/\\\/interflora.dk\\\/blog\\\/wp-content\\\/litespeed\\\/avatar\\\/0afec189f2cb1e60d0cd12fa6593ffdd.jpg?ver=1776941477\",\"contentUrl\":\"https:\\\/\\\/interflora.dk\\\/blog\\\/wp-content\\\/litespeed\\\/avatar\\\/0afec189f2cb1e60d0cd12fa6593ffdd.jpg?ver=1776941477\",\"caption\":\"Fanny Nester\"}}]}<\/script>\n<!-- \/ Yoast SEO plugin. -->","yoast_head_json":{"title":"Se, hvordan du dekorerer dit hjem med de smukkeste julekranse | Interflora","description":"Skab julestemning med smukke julekranse - fra den klassiske til elegant eucalyptuskrans, forskellige varianter der egner sig til b\u00e5de inden- og udend\u00f8rs.","robots":{"index":"index","follow":"follow","max-snippet":"max-snippet:-1","max-image-preview":"max-image-preview:large","max-video-preview":"max-video-preview:-1"},"canonical":"https:\/\/interflora.dk\/blog\/pynt-op-med-julens-smukkeste-kranse\/","og_locale":"da_DK","og_type":"article","og_title":"Se, hvordan du dekorerer dit hjem med de smukkeste julekranse | Interflora","og_description":"Skab julestemning med smukke julekranse - fra den klassiske til elegant eucalyptuskrans, forskellige varianter der egner sig til b\u00e5de inden- og udend\u00f8rs.","og_url":"https:\/\/interflora.dk\/blog\/pynt-op-med-julens-smukkeste-kranse\/","og_site_name":"Interflora","article_publisher":"https:\/\/www.facebook.com\/InterfloraDanmark","article_published_time":"2025-11-27T15:41:25+00:00","article_modified_time":"2025-11-27T15:41:26+00:00","og_image":[{"width":1707,"height":2560,"url":"https:\/\/interflora.dk\/blog\/wp-content\/uploads\/2025\/11\/annesophiebenoit-interflora-sw-26-scaled.jpg","type":"image\/jpeg"}],"author":"Fanny Nester","twitter_card":"summary_large_image","twitter_misc":{"Skrevet af":"Fanny Nester","Estimeret l\u00e6setid":"1 minut"},"schema":{"@context":"https:\/\/schema.org","@graph":[{"@type":"Article","@id":"https:\/\/interflora.dk\/blog\/pynt-op-med-julens-smukkeste-kranse\/#article","isPartOf":{"@id":"https:\/\/interflora.dk\/blog\/pynt-op-med-julens-smukkeste-kranse\/"},"author":{"name":"Fanny Nester","@id":"https:\/\/interflora.dk\/blog\/#\/schema\/person\/571ac06414368fd6027d7e6eb77d3736"},"headline":"Pynt op med julens smukkeste kranse &#8211; Bring festlig stemning til ethvert rum","datePublished":"2025-11-27T15:41:25+00:00","dateModified":"2025-11-27T15:41:26+00:00","mainEntityOfPage":{"@id":"https:\/\/interflora.dk\/blog\/pynt-op-med-julens-smukkeste-kranse\/"},"wordCount":290,"commentCount":0,"publisher":{"@id":"https:\/\/interflora.dk\/blog\/#organization"},"image":{"@id":"https:\/\/interflora.dk\/blog\/pynt-op-med-julens-smukkeste-kranse\/#primaryimage"},"thumbnailUrl":"https:\/\/interflora.dk\/blog\/wp-content\/uploads\/2025\/11\/annesophiebenoit-interflora-sw-26-scaled.jpg","articleSection":["Dekorationer","Inspiration","Interfloras guide til alle anledninger","Julens magi: Inspiration og ideer"],"inLanguage":"da-DK","potentialAction":[{"@type":"CommentAction","name":"Comment","target":["https:\/\/interflora.dk\/blog\/pynt-op-med-julens-smukkeste-kranse\/#respond"]}]},{"@type":"WebPage","@id":"https:\/\/interflora.dk\/blog\/pynt-op-med-julens-smukkeste-kranse\/","url":"https:\/\/interflora.dk\/blog\/pynt-op-med-julens-smukkeste-kranse\/","name":"Se, hvordan du dekorerer dit hjem med de smukkeste julekranse | Interflora","isPartOf":{"@id":"https:\/\/interflora.dk\/blog\/#website"},"primaryImageOfPage":{"@id":"https:\/\/interflora.dk\/blog\/pynt-op-med-julens-smukkeste-kranse\/#primaryimage"},"image":{"@id":"https:\/\/interflora.dk\/blog\/pynt-op-med-julens-smukkeste-kranse\/#primaryimage"},"thumbnailUrl":"https:\/\/interflora.dk\/blog\/wp-content\/uploads\/2025\/11\/annesophiebenoit-interflora-sw-26-scaled.jpg","datePublished":"2025-11-27T15:41:25+00:00","dateModified":"2025-11-27T15:41:26+00:00","description":"Skab julestemning med smukke julekranse - fra den klassiske til elegant eucalyptuskrans, forskellige varianter der egner sig til b\u00e5de inden- og udend\u00f8rs.","breadcrumb":{"@id":"https:\/\/interflora.dk\/blog\/pynt-op-med-julens-smukkeste-kranse\/#breadcrumb"},"inLanguage":"da-DK","potentialAction":[{"@type":"ReadAction","target":["https:\/\/interflora.dk\/blog\/pynt-op-med-julens-smukkeste-kranse\/"]}]},{"@type":"ImageObject","inLanguage":"da-DK","@id":"https:\/\/interflora.dk\/blog\/pynt-op-med-julens-smukkeste-kranse\/#primaryimage","url":"https:\/\/interflora.dk\/blog\/wp-content\/uploads\/2025\/11\/annesophiebenoit-interflora-sw-26-scaled.jpg","contentUrl":"https:\/\/interflora.dk\/blog\/wp-content\/uploads\/2025\/11\/annesophiebenoit-interflora-sw-26-scaled.jpg","width":1707,"height":2560,"caption":"En julekrans skaber julestemning b\u00e5de indend\u00f8rs og udend\u00f8rs."},{"@type":"BreadcrumbList","@id":"https:\/\/interflora.dk\/blog\/pynt-op-med-julens-smukkeste-kranse\/#breadcrumb","itemListElement":[{"@type":"ListItem","position":1,"name":"Home","item":"https:\/\/interflora.dk\/blog\/"},{"@type":"ListItem","position":2,"name":"Pynt op med julens smukkeste kranse &#8211; Bring festlig stemning til ethvert rum"}]},{"@type":"WebSite","@id":"https:\/\/interflora.dk\/blog\/#website","url":"https:\/\/interflora.dk\/blog\/","name":"Interflora","description":"","publisher":{"@id":"https:\/\/interflora.dk\/blog\/#organization"},"potentialAction":[{"@type":"SearchAction","target":{"@type":"EntryPoint","urlTemplate":"https:\/\/interflora.dk\/blog\/?s={search_term_string}"},"query-input":{"@type":"PropertyValueSpecification","valueRequired":true,"valueName":"search_term_string"}}],"inLanguage":"da-DK"},{"@type":"Organization","@id":"https:\/\/interflora.dk\/blog\/#organization","name":"Interflora","url":"https:\/\/interflora.dk\/blog\/","logo":{"@type":"ImageObject","inLanguage":"da-DK","@id":"https:\/\/interflora.dk\/blog\/#\/schema\/logo\/image\/","url":"https:\/\/interflora.dk\/blog\/wp-content\/uploads\/2025\/09\/220422_INTERFLORA_Logo_rgb_Half_Top_Circle_Main_Color.png","contentUrl":"https:\/\/interflora.dk\/blog\/wp-content\/uploads\/2025\/09\/220422_INTERFLORA_Logo_rgb_Half_Top_Circle_Main_Color.png","width":1418,"height":710,"caption":"Interflora"},"image":{"@id":"https:\/\/interflora.dk\/blog\/#\/schema\/logo\/image\/"},"sameAs":["https:\/\/www.facebook.com\/InterfloraDanmark","https:\/\/www.instagram.com\/interfloradk","https:\/\/www.linkedin.com\/company\/interfloradanmark","https:\/\/www.youtube.com\/user\/InterfloraTV"]},{"@type":"Person","@id":"https:\/\/interflora.dk\/blog\/#\/schema\/person\/571ac06414368fd6027d7e6eb77d3736","name":"Fanny Nester","image":{"@type":"ImageObject","inLanguage":"da-DK","@id":"https:\/\/interflora.dk\/blog\/wp-content\/litespeed\/avatar\/0afec189f2cb1e60d0cd12fa6593ffdd.jpg?ver=1776941477","url":"https:\/\/interflora.dk\/blog\/wp-content\/litespeed\/avatar\/0afec189f2cb1e60d0cd12fa6593ffdd.jpg?ver=1776941477","contentUrl":"https:\/\/interflora.dk\/blog\/wp-content\/litespeed\/avatar\/0afec189f2cb1e60d0cd12fa6593ffdd.jpg?ver=1776941477","caption":"Fanny Nester"}}]}},"uagb_featured_image_src":{"full":["https:\/\/interflora.dk\/blog\/wp-content\/uploads\/2025\/11\/annesophiebenoit-interflora-sw-26-scaled.jpg",1707,2560,false],"thumbnail":["https:\/\/interflora.dk\/blog\/wp-content\/uploads\/2025\/11\/annesophiebenoit-interflora-sw-26-150x150.jpg",150,150,true],"medium":["https:\/\/interflora.dk\/blog\/wp-content\/uploads\/2025\/11\/annesophiebenoit-interflora-sw-26-200x300.jpg",200,300,true],"medium_large":["https:\/\/interflora.dk\/blog\/wp-content\/uploads\/2025\/11\/annesophiebenoit-interflora-sw-26-768x1152.jpg",768,1152,true],"large":["https:\/\/interflora.dk\/blog\/wp-content\/uploads\/2025\/11\/annesophiebenoit-interflora-sw-26-683x1024.jpg",683,1024,true],"1536x1536":["https:\/\/interflora.dk\/blog\/wp-content\/uploads\/2025\/11\/annesophiebenoit-interflora-sw-26-1024x1536.jpg",1024,1536,true],"2048x2048":["https:\/\/interflora.dk\/blog\/wp-content\/uploads\/2025\/11\/annesophiebenoit-interflora-sw-26-1365x2048.jpg",1365,2048,true]},"uagb_author_info":{"display_name":"Fanny Nester","author_link":"https:\/\/interflora.dk\/blog\/author\/fanny\/"},"uagb_comment_info":0,"uagb_excerpt":"Julekransen er en elsket juleklassiker, der \u00f8jeblikkeligt forvandler dit hjem til et sted fyldt med varme og hjerterum. Uanset om [&hellip;]","_links":{"self":[{"href":"https:\/\/interflora.dk\/blog\/wp-json\/wp\/v2\/posts\/58989","targetHints":{"allow":["GET"]}}],"collection":[{"href":"https:\/\/interflora.dk\/blog\/wp-json\/wp\/v2\/posts"}],"about":[{"href":"https:\/\/interflora.dk\/blog\/wp-json\/wp\/v2\/types\/post"}],"author":[{"embeddable":true,"href":"https:\/\/interflora.dk\/blog\/wp-json\/wp\/v2\/users\/7"}],"replies":[{"embeddable":true,"href":"https:\/\/interflora.dk\/blog\/wp-json\/wp\/v2\/comments?post=58989"}],"version-history":[{"count":3,"href":"https:\/\/interflora.dk\/blog\/wp-json\/wp\/v2\/posts\/58989\/revisions"}],"predecessor-version":[{"id":58993,"href":"https:\/\/interflora.dk\/blog\/wp-json\/wp\/v2\/posts\/58989\/revisions\/58993"}],"wp:featuredmedia":[{"embeddable":true,"href":"https:\/\/interflora.dk\/blog\/wp-json\/wp\/v2\/media\/58601"}],"wp:attachment":[{"href":"https:\/\/interflora.dk\/blog\/wp-json\/wp\/v2\/media?parent=58989"}],"wp:term":[{"taxonomy":"category","embeddable":true,"href":"https:\/\/interflora.dk\/blog\/wp-json\/wp\/v2\/categories?post=58989"},{"taxonomy":"post_tag","embeddable":true,"href":"https:\/\/interflora.dk\/blog\/wp-json\/wp\/v2\/tags?post=58989"}],"curies":[{"name":"wp","href":"https:\/\/api.w.org\/{rel}","templated":true}]}}