{"id":59583,"date":"2026-01-23T09:38:39","date_gmt":"2026-01-23T08:38:39","guid":{"rendered":"https:\/\/interflora.dk\/blog\/?p=59583"},"modified":"2026-03-27T08:50:55","modified_gmt":"2026-03-27T07:50:55","slug":"alt-hvad-du-behoever-at-vide-om-sansevieria","status":"publish","type":"post","link":"https:\/\/interflora.dk\/blog\/alt-hvad-du-behoever-at-vide-om-sansevieria\/","title":{"rendered":"Alt hvad du beh\u00f8ver at vide om\u00a0sansevieria\u00a0"},"content":{"rendered":"\n<h2 class=\"wp-block-heading alignwide\">Sansevieria: Alt hvad du beh\u00f8ver at vide om \u201dsvigermors skarpe tunge\u201d<\/h2>\n\n\n\n<p>Historie, egenskaber og pasning &#8211; alt, hvad der er at vide om sansevieria, sukkulenten, ogs\u00e5 kendt som \u201dsvigermors skarpe tunge\u201d eller bajonetplanten.<\/p>\n\n\n\n<hr class=\"wp-block-separator has-alpha-channel-opacity\"\/>\n\n\n\n<p>Med sine grafiske, himmelstr\u00e6bende blade er den saftfyldte sansevieria en plante, der ikke g\u00e5r ubem\u00e6rket hen! Uanset om den placeres i stuen eller giver struktur til et \u00e5bent kontorlandskab, bringer denne sukkulent lidt af naturen ind i ethvert interi\u00f8r. Sansevieria trives i t\u00f8r jord og er en stueplante med lav vedligeholdelse. Den er nem at passe og kr\u00e6ver meget lidt vand. Overvejer du at tilf\u00f8je dette i\u00f8jnefaldende medlem af sukkulentfamilien i din plantesamling? Her er alt, hvad du beh\u00f8ver at vide for at passe en sansevieria.<\/p>\n\n\n\n<div class=\"wp-block-buttons alignwide is-content-justification-center is-layout-flex wp-container-core-buttons-is-layout-a89b3969 wp-block-buttons-is-layout-flex\">\n<div class=\"wp-block-button\"><a class=\"wp-block-button__link has-medium-font-size has-custom-font-size wp-element-button\" href=\"https:\/\/interflora.dk\/produkter\/planter\">Udforsk vores gr\u00f8nne planter<\/a><\/div>\n<\/div>\n\n\n<div class=\"lp-produits-grid\"><div class=\"lp-produit\"><div class=\"lp-thumbnail-wrapper\"><img loading=\"lazy\" decoding=\"async\" width=\"300\" height=\"300\" src=\"https:\/\/interflora.dk\/blog\/wp-content\/uploads\/2025\/09\/SAMMENSAET_DIN_EGEN_GAVEKURV_535-300x300.jpg\" class=\"attachment-medium size-medium wp-post-image\" alt=\"\" srcset=\"https:\/\/interflora.dk\/blog\/wp-content\/uploads\/2025\/09\/SAMMENSAET_DIN_EGEN_GAVEKURV_535-300x300.jpg 300w, https:\/\/interflora.dk\/blog\/wp-content\/uploads\/2025\/09\/SAMMENSAET_DIN_EGEN_GAVEKURV_535-1024x1024.jpg 1024w, https:\/\/interflora.dk\/blog\/wp-content\/uploads\/2025\/09\/SAMMENSAET_DIN_EGEN_GAVEKURV_535-150x150.jpg 150w, https:\/\/interflora.dk\/blog\/wp-content\/uploads\/2025\/09\/SAMMENSAET_DIN_EGEN_GAVEKURV_535-768x768.jpg 768w, https:\/\/interflora.dk\/blog\/wp-content\/uploads\/2025\/09\/SAMMENSAET_DIN_EGEN_GAVEKURV_535.jpg 1200w\" sizes=\"auto, (max-width: 300px) 100vw, 300px\" \/><img decoding=\"async\" class=\"lp-badge\" src=\"https:\/\/prodblog.interflora.dk\/blog\/wp-content\/uploads\/2025\/09\/220422_INTERFLORA_Main_Logo_rgb_Main_Color.avif\" alt=\"Send blomster med Interflora\"><\/div><span>Sammens\u00e6t din egen gavekurv<\/span><p>Fra 14 kr.<\/p><span class=\"obf-link lp-cta\" role=\"link\" tabindex=\"0\" data-b64=\"aHR0cHM6Ly9pbnRlcmZsb3JhLmRrL3Byb2R1a3Qvc2FtbWVuc2FldC1kaW4tZWdlbi1nYXZla3Vydj91dG1fbWVkaXVtPW9yZ2FuaWMmdXRtX3NvdXJjZT1ibG9nX3Byb2R1Y3RzJnV0bV9jYW1wYWlnbj01MzU=\" data-target=\"_blank\"><svg xmlns=\"http:\/\/www.w3.org\/2000\/svg\" width=\"16\" height=\"16\" fill=\"currentColor\" class=\"bi bi-bag\" viewBox=\"0 0 16 16\"><path d=\"M8 1a2 2 0 0 1 2 2v1h2.5A1.5 1.5 0 0 1 14 5.5v8A1.5 1.5 0 0 1 12.5 15h-9A1.5 1.5 0 0 1 2 13.5v-8A1.5 1.5 0 0 1 3.5 3H6V2a2 2 0 0 1 2-1zm1 3V3a1 1 0 0 0-2 0v1h2z\"\/><\/svg>K\u00f8b her<\/span><p class=\"rapido\">Bundet af din lokale florist<\/p><\/div><div class=\"lp-produit\"><div class=\"lp-thumbnail-wrapper\"><img loading=\"lazy\" decoding=\"async\" width=\"300\" height=\"300\" src=\"https:\/\/interflora.dk\/blog\/wp-content\/uploads\/2025\/09\/FLORISTENS_KREATIVE_BUKET_I_LYSEROEDE_NUANCER_MEDIUM_6311-300x300.jpg\" class=\"attachment-medium size-medium wp-post-image\" alt=\"\" srcset=\"https:\/\/interflora.dk\/blog\/wp-content\/uploads\/2025\/09\/FLORISTENS_KREATIVE_BUKET_I_LYSEROEDE_NUANCER_MEDIUM_6311-300x300.jpg 300w, https:\/\/interflora.dk\/blog\/wp-content\/uploads\/2025\/09\/FLORISTENS_KREATIVE_BUKET_I_LYSEROEDE_NUANCER_MEDIUM_6311-1024x1024.jpg 1024w, https:\/\/interflora.dk\/blog\/wp-content\/uploads\/2025\/09\/FLORISTENS_KREATIVE_BUKET_I_LYSEROEDE_NUANCER_MEDIUM_6311-150x150.jpg 150w, https:\/\/interflora.dk\/blog\/wp-content\/uploads\/2025\/09\/FLORISTENS_KREATIVE_BUKET_I_LYSEROEDE_NUANCER_MEDIUM_6311-768x768.jpg 768w, https:\/\/interflora.dk\/blog\/wp-content\/uploads\/2025\/09\/FLORISTENS_KREATIVE_BUKET_I_LYSEROEDE_NUANCER_MEDIUM_6311.jpg 1200w\" sizes=\"auto, (max-width: 300px) 100vw, 300px\" \/><img decoding=\"async\" class=\"lp-badge\" src=\"https:\/\/prodblog.interflora.dk\/blog\/wp-content\/uploads\/2025\/09\/220422_INTERFLORA_Main_Logo_rgb_Main_Color.avif\" alt=\"Send blomster med Interflora\"><\/div><span>Floristens kreative buket i lyser\u00f8de nuancer<\/span><p>Fra 229 kr.<\/p><span class=\"obf-link lp-cta\" role=\"link\" tabindex=\"0\" data-b64=\"aHR0cHM6Ly9pbnRlcmZsb3JhLmRrL3Byb2R1a3QvZmxvcmlzdGVucy1rcmVhdGl2ZS1idWtldC1pLWx5c2Vyb2VkZS1udWFuY2VyP3Y9MTYyNTEmIzAzODt2YXJpYXRpb249M2IyNjBkMDYtMGNlNy00NzUyLTk1ZjUtNGMxNDBjMWU1MDJmP3V0bV9tZWRpdW09b3JnYW5pYyZ1dG1fc291cmNlPWJsb2dfcHJvZHVjdHMmdXRtX2NhbXBhaWduPTYzMTE=\" data-target=\"_blank\"><svg xmlns=\"http:\/\/www.w3.org\/2000\/svg\" width=\"16\" height=\"16\" fill=\"currentColor\" class=\"bi bi-bag\" viewBox=\"0 0 16 16\"><path d=\"M8 1a2 2 0 0 1 2 2v1h2.5A1.5 1.5 0 0 1 14 5.5v8A1.5 1.5 0 0 1 12.5 15h-9A1.5 1.5 0 0 1 2 13.5v-8A1.5 1.5 0 0 1 3.5 3H6V2a2 2 0 0 1 2-1zm1 3V3a1 1 0 0 0-2 0v1h2z\"\/><\/svg>K\u00f8b her<\/span><p class=\"rapido\">Kundernes favorit<\/p><\/div><div class=\"lp-produit\"><div class=\"lp-thumbnail-wrapper\"><img loading=\"lazy\" decoding=\"async\" width=\"300\" height=\"300\" src=\"https:\/\/interflora.dk\/blog\/wp-content\/uploads\/2025\/09\/DEN_FARVERRIGE_HILSEN_6370_MEDIUM_v-300x300.jpg\" class=\"attachment-medium size-medium wp-post-image\" alt=\"\" srcset=\"https:\/\/interflora.dk\/blog\/wp-content\/uploads\/2025\/09\/DEN_FARVERRIGE_HILSEN_6370_MEDIUM_v-300x300.jpg 300w, https:\/\/interflora.dk\/blog\/wp-content\/uploads\/2025\/09\/DEN_FARVERRIGE_HILSEN_6370_MEDIUM_v-1024x1024.jpg 1024w, https:\/\/interflora.dk\/blog\/wp-content\/uploads\/2025\/09\/DEN_FARVERRIGE_HILSEN_6370_MEDIUM_v-150x150.jpg 150w, https:\/\/interflora.dk\/blog\/wp-content\/uploads\/2025\/09\/DEN_FARVERRIGE_HILSEN_6370_MEDIUM_v-768x768.jpg 768w, https:\/\/interflora.dk\/blog\/wp-content\/uploads\/2025\/09\/DEN_FARVERRIGE_HILSEN_6370_MEDIUM_v.jpg 1200w\" sizes=\"auto, (max-width: 300px) 100vw, 300px\" \/><img decoding=\"async\" class=\"lp-badge\" src=\"https:\/\/prodblog.interflora.dk\/blog\/wp-content\/uploads\/2025\/09\/220422_INTERFLORA_Main_Logo_rgb_Main_Color.avif\" alt=\"Send blomster med Interflora\"><\/div><span>Den farverige hilsen<\/span><p>Fra 219 kr.<\/p><span class=\"obf-link lp-cta\" role=\"link\" tabindex=\"0\" data-b64=\"aHR0cHM6Ly9pbnRlcmZsb3JhLmRrL3Byb2R1a3QvZGVuLWZhcnZlcmlnZS1oaWxzZW4\/dj0xNzQ3NiYjMDM4O3ZhcmlhdGlvbj04OTY2NWI0OC04MDQ5LTQ5ZjYtODczMS01MWY3MWQ1ZjRiOTQ\/dXRtX21lZGl1bT1vcmdhbmljJnV0bV9zb3VyY2U9YmxvZ19wcm9kdWN0cyZ1dG1fY2FtcGFpZ249ODM3MA==\" data-target=\"_blank\"><svg xmlns=\"http:\/\/www.w3.org\/2000\/svg\" width=\"16\" height=\"16\" fill=\"currentColor\" class=\"bi bi-bag\" viewBox=\"0 0 16 16\"><path d=\"M8 1a2 2 0 0 1 2 2v1h2.5A1.5 1.5 0 0 1 14 5.5v8A1.5 1.5 0 0 1 12.5 15h-9A1.5 1.5 0 0 1 2 13.5v-8A1.5 1.5 0 0 1 3.5 3H6V2a2 2 0 0 1 2-1zm1 3V3a1 1 0 0 0-2 0v1h2z\"\/><\/svg>K\u00f8b her<\/span><p class=\"rapido\">Levering i dag<\/p><\/div><div class=\"lp-produit\"><div class=\"lp-thumbnail-wrapper\"><img loading=\"lazy\" decoding=\"async\" width=\"300\" height=\"300\" src=\"https:\/\/interflora.dk\/blog\/wp-content\/uploads\/2026\/04\/MAANEDENS_BUKET_APRIL_HAND_24962028129-300x300.jpeg\" class=\"attachment-medium size-medium wp-post-image\" alt=\"\" srcset=\"https:\/\/interflora.dk\/blog\/wp-content\/uploads\/2026\/04\/MAANEDENS_BUKET_APRIL_HAND_24962028129-300x300.jpeg 300w, https:\/\/interflora.dk\/blog\/wp-content\/uploads\/2026\/04\/MAANEDENS_BUKET_APRIL_HAND_24962028129-1024x1024.jpeg 1024w, https:\/\/interflora.dk\/blog\/wp-content\/uploads\/2026\/04\/MAANEDENS_BUKET_APRIL_HAND_24962028129-150x150.jpeg 150w, https:\/\/interflora.dk\/blog\/wp-content\/uploads\/2026\/04\/MAANEDENS_BUKET_APRIL_HAND_24962028129-768x768.jpeg 768w, https:\/\/interflora.dk\/blog\/wp-content\/uploads\/2026\/04\/MAANEDENS_BUKET_APRIL_HAND_24962028129.jpeg 1200w\" sizes=\"auto, (max-width: 300px) 100vw, 300px\" \/><img decoding=\"async\" class=\"lp-badge\" src=\"https:\/\/prodblog.interflora.dk\/blog\/wp-content\/uploads\/2025\/09\/220422_INTERFLORA_Main_Logo_rgb_Main_Color.avif\" alt=\"Send blomster med Interflora\"><\/div><span>M\u00e5nedens buket i april<\/span><p>Fra 319 kr.<\/p><span class=\"obf-link lp-cta\" role=\"link\" tabindex=\"0\" data-b64=\"aHR0cHM6Ly9pbnRlcmZsb3JhLmRrL3Byb2R1a3QvbWFhbmVkZW5zLWJ1a2V0LWktYXByaWw\/dj0xMzg4MSYjMDM4O3ZhcmlhdGlvbj03Mzk3NjU2Yy1hNmNkLTRmYjctODc3Mi01ZjIxNjdlNTI3MjM\/dXRtX21lZGl1bT1vcmdhbmljJnV0bV9zb3VyY2U9YmxvZ19wcm9kdWN0cyZ1dG1fY2FtcGFpZ249MjQ5Ng==\" data-target=\"_blank\"><svg xmlns=\"http:\/\/www.w3.org\/2000\/svg\" width=\"16\" height=\"16\" fill=\"currentColor\" class=\"bi bi-bag\" viewBox=\"0 0 16 16\"><path d=\"M8 1a2 2 0 0 1 2 2v1h2.5A1.5 1.5 0 0 1 14 5.5v8A1.5 1.5 0 0 1 12.5 15h-9A1.5 1.5 0 0 1 2 13.5v-8A1.5 1.5 0 0 1 3.5 3H6V2a2 2 0 0 1 2-1zm1 3V3a1 1 0 0 0-2 0v1h2z\"\/><\/svg>K\u00f8b her<\/span><p class=\"rapido\">Din personlige hilsen<\/p><\/div><\/div>\n\n\n\n<h2 class=\"wp-block-heading alignwide\">Sansevierias karakteristika<\/h2>\n\n\n\n<p><strong>Sansevieria<\/strong> kaldes ofte <strong>&#8220;svigermors skarpe tunge&#8221;<\/strong> eller <strong>bajonetplanten<\/strong> p\u00e5 grund af sine trekantede, spidse blade, og den h\u00f8rer til <strong>sukkulenterne<\/strong> i Liliaceaefamilien. Dens overordnede form og bladfarve kan variere, men de mest popul\u00e6re sorter er <strong>Sansevieria trifasciata<\/strong> og <strong>Sansevieria cylindrica<\/strong>. Nogle er spraglede gr\u00f8nt og hvidt, mens andre har blade, der er mere r\u00f8rformede end brede. <br>Et af de mest bem\u00e6rkelsesv\u00e6rdige tr\u00e6k ved sansevieria er dens <strong>lave vandbehov<\/strong>.<\/p>\n\n\n\n<div class=\"wp-block-media-text has-media-on-the-right is-stacked-on-mobile\"><div class=\"wp-block-media-text__content\">\n<h2 class=\"wp-block-heading alignwide\">Sansevierias oprindelse og historie <\/h2>\n\n\n\n<p>Sansevieria er en unik <a href=\"https:\/\/interflora.dk\/produkter\/planter\">indend\u00f8rs plante<\/a>, hvis historie fort\u00e6ller om rejser og et liv udenfor.<\/p>\n\n\n\n<h3 class=\"wp-block-heading alignwide\">Hvor kommer sansevieria fra?<\/h3>\n\n\n\n<p>Selvom<strong>sansevieria trives bedst indend\u00f8rs<\/strong>, stammer den fra troperne i Afrika, is\u00e6r mellem Congo og Nigeria. <strong>Sansevieria er en plante, der egner sig perfekt til varme klimaer<\/strong>. S\u00e5 du kan godt placere din sansevieria udend\u00f8rs om sommeren, fra det sene for\u00e5r til sensommeren, men du skal passe p\u00e5 ikke at uds\u00e6tte den for k\u00f8lige nattetemperaturer.<\/p>\n\n\n\n<h3 class=\"wp-block-heading alignwide\">Sansevierias historie<\/h3>\n\n\n\n<p>Det botaniske navn sansevieria kommer fra prins Raimondo di Sangro af San Severo, en italiensk adelsmand fra 1700-tallet. Variationer af navnet omfatter <strong>sansevera<\/strong> og <strong>sansevi\u00e8re<\/strong>. Plantens historie str\u00e6kker sig dog meget l\u00e6ngere tilbage til r\u00f8dderne i Afrika. P\u00e5 grund af sine gavnlige egenskaber blev den brugt af buskm\u00e6nd til at lave pile, der blev p\u00e5f\u00f8rt gift fra insektlarver.<\/p>\n\n\n\n<div style=\"height:30px\" aria-hidden=\"true\" class=\"wp-block-spacer\"><\/div>\n<\/div><figure class=\"wp-block-media-text__media\"><img loading=\"lazy\" decoding=\"async\" width=\"683\" height=\"1024\" src=\"https:\/\/interflora.dk\/blog\/wp-content\/uploads\/2025\/07\/Sanseveria-683x1024.jpg\" alt=\"Sanseveria i potte\" class=\"wp-image-53698 size-full\" srcset=\"https:\/\/interflora.dk\/blog\/wp-content\/uploads\/2025\/07\/Sanseveria-683x1024.jpg 683w, https:\/\/interflora.dk\/blog\/wp-content\/uploads\/2025\/07\/Sanseveria-200x300.jpg 200w, https:\/\/interflora.dk\/blog\/wp-content\/uploads\/2025\/07\/Sanseveria-768x1152.jpg 768w, https:\/\/interflora.dk\/blog\/wp-content\/uploads\/2025\/07\/Sanseveria.jpg 800w\" sizes=\"auto, (max-width: 683px) 100vw, 683px\" \/><\/figure><\/div>\n\n\n\n<h2 class=\"wp-block-heading alignwide\">Pasning af sansevieria<\/h2>\n\n\n\n<p>Hvad kan pynte mere i dit hjem end en blomstrende sansevieria? <strong>Denne h\u00e5rdf\u00f8re sukkulent kr\u00e6ver minimal opm\u00e6rksomhed<\/strong>. Det er alts\u00e5 ikke n\u00f8dvendigt med gr\u00f8nne fingre! Her er nogle nyttige tips til pasning af stueplanten.<\/p>\n\n\n\n<h3 class=\"wp-block-heading alignwide\">Vanding af sansevieria<\/h3>\n\n\n\n<p>En gyldne regel ved <strong>pasning af en sansevieria<\/strong> er at <strong>undg\u00e5 overvanding!<\/strong> N\u00e5r du vander planten, skal du t\u00e6nke p\u00e5, at<strong> for lidt vand er bedre end for meget vand.<\/strong> Men selvom den er en sukkulent, der er meget h\u00e5rdf\u00f8r over for varme og t\u00f8rke, skal du passe p\u00e5 ikke at lade pottejorden t\u00f8rre helt ud. P\u00e5 den anden side f\u00e5r overskydende vand plantens r\u00f8dder til at r\u00e5dne.<\/p>\n\n\n\n<figure class=\"wp-block-image aligncenter size-full\"><img loading=\"lazy\" decoding=\"async\" width=\"505\" height=\"505\" src=\"https:\/\/interflora.dk\/blog\/wp-content\/uploads\/2026\/01\/B5LDBM-505-3.jpg\" alt=\"Sanseveria closeup\" class=\"wp-image-59602\" srcset=\"https:\/\/interflora.dk\/blog\/wp-content\/uploads\/2026\/01\/B5LDBM-505-3.jpg 505w, https:\/\/interflora.dk\/blog\/wp-content\/uploads\/2026\/01\/B5LDBM-505-3-300x300.jpg 300w, https:\/\/interflora.dk\/blog\/wp-content\/uploads\/2026\/01\/B5LDBM-505-3-150x150.jpg 150w\" sizes=\"auto, (max-width: 505px) 100vw, 505px\" \/><\/figure>\n\n\n\n<div style=\"height:0px\" aria-hidden=\"true\" class=\"wp-block-spacer\"><\/div>\n\n\n\n<h2 class=\"wp-block-heading alignwide\">Formering af sansevieria<\/h2>\n\n\n\n<p><strong>Det er muligt at formere &#8220;svigermors skarpe tunge&#8221;<\/strong>, s\u00e5 du kan fremelske en eller flere nye planter. Der er endda to m\u00e5der at formere sansevieria p\u00e5:<\/p>\n\n\n\n<h3 class=\"wp-block-heading alignwide\">S\u00e5dan formerer du sansevieria via jordst\u00e6nglerne<\/h3>\n\n\n\n<p>Du kan opdele planten fra bunden, inklusive r\u00f8dder og dermed formere den hel. Det er den mest effektive l\u00f8sning.<\/p>\n\n\n\n<h3 class=\"wp-block-heading alignwide\">S\u00e5dan formerer du sansevieria via bladene<\/h3>\n\n\n\n<p>De karakteristiske blade p\u00e5 \u201dsvigermors skarpe tunge\u201d er ideelle til formering. Sk\u00e6r dem n\u00e6r bunden, lad dem t\u00f8rre, og plant dem derefter i en blanding af pottemuld og sand. Ny v\u00e6kst vil opst\u00e5, hvis den f\u00f8rste sk\u00e6ring opbevares i et varmt, fugtigt milj\u00f8.<\/p>\n\n\n\n<h2 class=\"wp-block-heading alignwide\">Omplantning af sansevieria<\/h2>\n\n\n\n<p>Det er vigtigt at <strong>omplante din sansevieria<\/strong>, hvis du vil holde den sund i det lange l\u00f8b. Du kan omplante den umiddelbart efter du har anskaffet den, eller n\u00e5r dens st\u00f8rrelse kr\u00e6ver det. Planten kan rent faktisk n\u00e5 en h\u00f8jde p\u00e5 op til 1,5 meter. N\u00e5r du omplanter, skal du s\u00f8rge for at l\u00e6gge et lag lersten i bunden af urtepotten for at forhindre stillest\u00e5ende vand. Brug en blanding af pottemuld og et sukkulent-venligt tils\u00e6tningsstof, og vand med bl\u00f8dt vand som f.eks. regnvand eller kildevand p\u00e5 flaske.<\/p>\n\n\n\n<h2 class=\"wp-block-heading alignwide\">Almindelige sygdomme og skadedyr<\/h2>\n\n\n\n<p>Der er f\u00e5 sygdomme og skadedyr, der truer l\u00f8vet eller blomsterne p\u00e5 <strong>sansevieria-planten<\/strong>. Faktisk er <strong>dens prim\u00e6re fjende overvanding<\/strong>, hvilket kan f\u00e5 r\u00f8dderne til at r\u00e5dne. <strong>V\u00e6r opm\u00e6rksom p\u00e5 angreb af uldlus<\/strong>, som efterlader hvide klumper under blade og blomster. Naturmedicin som blandinger af olie, kaffe eller sort s\u00e6be kan hj\u00e6lpe med at udrydde disse skadedyr effektivt.<\/p>\n\n\n\n<div class=\"wp-block-buttons alignwide is-content-justification-center is-layout-flex wp-container-core-buttons-is-layout-a89b3969 wp-block-buttons-is-layout-flex\">\n<div class=\"wp-block-button\"><a class=\"wp-block-button__link has-medium-font-size has-custom-font-size wp-element-button\" href=\"https:\/\/interflora.dk\/produkter\/planter?utm_source=blog&amp;utm_campaign=post-cta\" target=\"_blank\" rel=\"noreferrer noopener\">Planter &amp; sukkulenter<\/a><\/div>\n<\/div>\n\n\n<div class=\"lp-produits-grid\"><div class=\"lp-produit\"><div class=\"lp-thumbnail-wrapper\"><img loading=\"lazy\" decoding=\"async\" width=\"300\" height=\"300\" src=\"https:\/\/interflora.dk\/blog\/wp-content\/uploads\/2026\/03\/billede_1-300x300.jpeg\" class=\"attachment-medium size-medium wp-post-image\" alt=\"\" srcset=\"https:\/\/interflora.dk\/blog\/wp-content\/uploads\/2026\/03\/billede_1-300x300.jpeg 300w, https:\/\/interflora.dk\/blog\/wp-content\/uploads\/2026\/03\/billede_1-1024x1024.jpeg 1024w, https:\/\/interflora.dk\/blog\/wp-content\/uploads\/2026\/03\/billede_1-150x150.jpeg 150w, https:\/\/interflora.dk\/blog\/wp-content\/uploads\/2026\/03\/billede_1-768x768.jpeg 768w, https:\/\/interflora.dk\/blog\/wp-content\/uploads\/2026\/03\/billede_1.jpeg 1200w\" sizes=\"auto, (max-width: 300px) 100vw, 300px\" \/><img decoding=\"async\" class=\"lp-badge\" src=\"https:\/\/prodblog.interflora.dk\/blog\/wp-content\/uploads\/2025\/09\/220422_INTERFLORA_Main_Logo_rgb_Main_Color.avif\" alt=\"Send blomster med Interflora\"><\/div><span>Blomstergl\u00e6de &#8211; leveres i gaveboks med DAO<\/span><p>Fra 159 kr.<\/p><span class=\"obf-link lp-cta\" role=\"link\" tabindex=\"0\" data-b64=\"aHR0cHM6Ly9pbnRlcmZsb3JhLmRrL3Byb2R1a3QvYmxvbXN0ZXJnbGFlZGU\/dj0xNzkyNiYjMDM4O3ZhcmlhdGlvbj04NzI0ZGUyYy0xN2M5LTQwZjEtYWNjNC02MTUxZDcxOWJiZTM\/dXRtX21lZGl1bT1vcmdhbmljJnV0bV9zb3VyY2U9YmxvZ19wcm9kdWN0cyZ1dG1fY2FtcGFpZ249OTE1MA==\" data-target=\"_blank\"><svg xmlns=\"http:\/\/www.w3.org\/2000\/svg\" width=\"16\" height=\"16\" fill=\"currentColor\" class=\"bi bi-bag\" viewBox=\"0 0 16 16\"><path d=\"M8 1a2 2 0 0 1 2 2v1h2.5A1.5 1.5 0 0 1 14 5.5v8A1.5 1.5 0 0 1 12.5 15h-9A1.5 1.5 0 0 1 2 13.5v-8A1.5 1.5 0 0 1 3.5 3H6V2a2 2 0 0 1 2-1zm1 3V3a1 1 0 0 0-2 0v1h2z\"\/><\/svg>K\u00f8b her<\/span><p class=\"rapido\">Kundernes favorit<\/p><\/div><div class=\"lp-produit\"><div class=\"lp-thumbnail-wrapper\"><img loading=\"lazy\" decoding=\"async\" width=\"300\" height=\"300\" src=\"https:\/\/interflora.dk\/blog\/wp-content\/uploads\/2025\/09\/DEN_FARVERRIGE_HILSEN_6370_MEDIUM_v-300x300.jpg\" class=\"attachment-medium size-medium wp-post-image\" alt=\"\" srcset=\"https:\/\/interflora.dk\/blog\/wp-content\/uploads\/2025\/09\/DEN_FARVERRIGE_HILSEN_6370_MEDIUM_v-300x300.jpg 300w, https:\/\/interflora.dk\/blog\/wp-content\/uploads\/2025\/09\/DEN_FARVERRIGE_HILSEN_6370_MEDIUM_v-1024x1024.jpg 1024w, https:\/\/interflora.dk\/blog\/wp-content\/uploads\/2025\/09\/DEN_FARVERRIGE_HILSEN_6370_MEDIUM_v-150x150.jpg 150w, https:\/\/interflora.dk\/blog\/wp-content\/uploads\/2025\/09\/DEN_FARVERRIGE_HILSEN_6370_MEDIUM_v-768x768.jpg 768w, https:\/\/interflora.dk\/blog\/wp-content\/uploads\/2025\/09\/DEN_FARVERRIGE_HILSEN_6370_MEDIUM_v.jpg 1200w\" sizes=\"auto, (max-width: 300px) 100vw, 300px\" \/><img decoding=\"async\" class=\"lp-badge\" src=\"https:\/\/prodblog.interflora.dk\/blog\/wp-content\/uploads\/2025\/09\/220422_INTERFLORA_Main_Logo_rgb_Main_Color.avif\" alt=\"Send blomster med Interflora\"><\/div><span>Den farverige hilsen<\/span><p>Fra 219 kr.<\/p><span class=\"obf-link lp-cta\" role=\"link\" tabindex=\"0\" data-b64=\"aHR0cHM6Ly9pbnRlcmZsb3JhLmRrL3Byb2R1a3QvZGVuLWZhcnZlcmlnZS1oaWxzZW4\/dj0xNzQ3NiYjMDM4O3ZhcmlhdGlvbj04OTY2NWI0OC04MDQ5LTQ5ZjYtODczMS01MWY3MWQ1ZjRiOTQ\/dXRtX21lZGl1bT1vcmdhbmljJnV0bV9zb3VyY2U9YmxvZ19wcm9kdWN0cyZ1dG1fY2FtcGFpZ249ODM3MA==\" data-target=\"_blank\"><svg xmlns=\"http:\/\/www.w3.org\/2000\/svg\" width=\"16\" height=\"16\" fill=\"currentColor\" class=\"bi bi-bag\" viewBox=\"0 0 16 16\"><path d=\"M8 1a2 2 0 0 1 2 2v1h2.5A1.5 1.5 0 0 1 14 5.5v8A1.5 1.5 0 0 1 12.5 15h-9A1.5 1.5 0 0 1 2 13.5v-8A1.5 1.5 0 0 1 3.5 3H6V2a2 2 0 0 1 2-1zm1 3V3a1 1 0 0 0-2 0v1h2z\"\/><\/svg>K\u00f8b her<\/span><p class=\"rapido\">Kundernes favorit<\/p><\/div><div class=\"lp-produit\"><div class=\"lp-thumbnail-wrapper\"><img loading=\"lazy\" decoding=\"async\" width=\"300\" height=\"300\" src=\"https:\/\/interflora.dk\/blog\/wp-content\/uploads\/2025\/09\/DEN_SOEDE_OMTANKE_HAND_173-300x300.jpg\" class=\"attachment-medium size-medium wp-post-image\" alt=\"\" srcset=\"https:\/\/interflora.dk\/blog\/wp-content\/uploads\/2025\/09\/DEN_SOEDE_OMTANKE_HAND_173-300x300.jpg 300w, https:\/\/interflora.dk\/blog\/wp-content\/uploads\/2025\/09\/DEN_SOEDE_OMTANKE_HAND_173-1024x1024.jpg 1024w, https:\/\/interflora.dk\/blog\/wp-content\/uploads\/2025\/09\/DEN_SOEDE_OMTANKE_HAND_173-150x150.jpg 150w, https:\/\/interflora.dk\/blog\/wp-content\/uploads\/2025\/09\/DEN_SOEDE_OMTANKE_HAND_173-768x768.jpg 768w, https:\/\/interflora.dk\/blog\/wp-content\/uploads\/2025\/09\/DEN_SOEDE_OMTANKE_HAND_173.jpg 1200w\" sizes=\"auto, (max-width: 300px) 100vw, 300px\" \/><img decoding=\"async\" class=\"lp-badge\" src=\"https:\/\/prodblog.interflora.dk\/blog\/wp-content\/uploads\/2025\/09\/220422_INTERFLORA_Main_Logo_rgb_Main_Color.avif\" alt=\"Send blomster med Interflora\"><\/div><span>Den s\u00f8de omtanke<\/span><p>Fra 319 kr.<\/p><span class=\"obf-link lp-cta\" role=\"link\" tabindex=\"0\" data-b64=\"aHR0cHM6Ly9pbnRlcmZsb3JhLmRrL3Byb2R1a3QvZGVuLXNvZWRlLW9tdGFua2U\/dj0xOTI2JiMwMzg7dmFyaWF0aW9uPTNlY2U2YmYxLTdhOTAtNDQwMi1iYzQ5LWM4ZTcyMjQ4ODM5ND91dG1fbWVkaXVtPW9yZ2FuaWMmdXRtX3NvdXJjZT1ibG9nX3Byb2R1Y3RzJnV0bV9jYW1wYWlnbj0xNzM=\" data-target=\"_blank\"><svg xmlns=\"http:\/\/www.w3.org\/2000\/svg\" width=\"16\" height=\"16\" fill=\"currentColor\" class=\"bi bi-bag\" viewBox=\"0 0 16 16\"><path d=\"M8 1a2 2 0 0 1 2 2v1h2.5A1.5 1.5 0 0 1 14 5.5v8A1.5 1.5 0 0 1 12.5 15h-9A1.5 1.5 0 0 1 2 13.5v-8A1.5 1.5 0 0 1 3.5 3H6V2a2 2 0 0 1 2-1zm1 3V3a1 1 0 0 0-2 0v1h2z\"\/><\/svg>K\u00f8b her<\/span><p class=\"rapido\">Din personlige hilsen<\/p><\/div><div class=\"lp-produit\"><div class=\"lp-thumbnail-wrapper\"><img loading=\"lazy\" decoding=\"async\" width=\"300\" height=\"300\" src=\"https:\/\/interflora.dk\/blog\/wp-content\/uploads\/2025\/09\/DEN_FORTRYLLENDE_SMALL-300x300.jpg\" class=\"attachment-medium size-medium wp-post-image\" alt=\"\" srcset=\"https:\/\/interflora.dk\/blog\/wp-content\/uploads\/2025\/09\/DEN_FORTRYLLENDE_SMALL-300x300.jpg 300w, https:\/\/interflora.dk\/blog\/wp-content\/uploads\/2025\/09\/DEN_FORTRYLLENDE_SMALL-1024x1024.jpg 1024w, https:\/\/interflora.dk\/blog\/wp-content\/uploads\/2025\/09\/DEN_FORTRYLLENDE_SMALL-150x150.jpg 150w, https:\/\/interflora.dk\/blog\/wp-content\/uploads\/2025\/09\/DEN_FORTRYLLENDE_SMALL-768x768.jpg 768w, https:\/\/interflora.dk\/blog\/wp-content\/uploads\/2025\/09\/DEN_FORTRYLLENDE_SMALL.jpg 1200w\" sizes=\"auto, (max-width: 300px) 100vw, 300px\" \/><img decoding=\"async\" class=\"lp-badge\" src=\"https:\/\/prodblog.interflora.dk\/blog\/wp-content\/uploads\/2025\/09\/220422_INTERFLORA_Main_Logo_rgb_Main_Color.avif\" alt=\"Send blomster med Interflora\"><\/div><span>Den fortryllende<\/span><p>Fra 259 kr.<\/p><span class=\"obf-link lp-cta\" role=\"link\" tabindex=\"0\" data-b64=\"aHR0cHM6Ly9pbnRlcmZsb3JhLmRrL3Byb2R1a3QvZGVuLWZvcnRyeWxsZW5kZT92PTkzMDYmIzAzODt2YXJpYXRpb249ZGNiMjRlM2QtMzBlZC00OTAxLWI0YWUtYTYxOTlkMzE2MWU2P3V0bV9tZWRpdW09b3JnYW5pYyZ1dG1fc291cmNlPWJsb2dfcHJvZHVjdHMmdXRtX2NhbXBhaWduPTU1MQ==\" data-target=\"_blank\"><svg xmlns=\"http:\/\/www.w3.org\/2000\/svg\" width=\"16\" height=\"16\" fill=\"currentColor\" class=\"bi bi-bag\" viewBox=\"0 0 16 16\"><path d=\"M8 1a2 2 0 0 1 2 2v1h2.5A1.5 1.5 0 0 1 14 5.5v8A1.5 1.5 0 0 1 12.5 15h-9A1.5 1.5 0 0 1 2 13.5v-8A1.5 1.5 0 0 1 3.5 3H6V2a2 2 0 0 1 2-1zm1 3V3a1 1 0 0 0-2 0v1h2z\"\/><\/svg>K\u00f8b her<\/span><p class=\"rapido\">Bundet af din lokale florist<\/p><\/div><\/div>\n\n\n\n<p><\/p>\n","protected":false},"excerpt":{"rendered":"<p>Sansevieria: Alt hvad du beh\u00f8ver at vide om \u201dsvigermors skarpe tunge\u201d Historie, egenskaber og pasning &#8211; alt, hvad der er [&hellip;]<\/p>\n","protected":false},"author":14,"featured_media":59601,"comment_status":"open","ping_status":"open","sticky":false,"template":"","format":"standard","meta":{"_uag_custom_page_level_css":"","site-sidebar-layout":"default","site-content-layout":"","ast-site-content-layout":"default","site-content-style":"default","site-sidebar-style":"default","ast-global-header-display":"","ast-banner-title-visibility":"","ast-main-header-display":"","ast-hfb-above-header-display":"","ast-hfb-below-header-display":"","ast-hfb-mobile-header-display":"","site-post-title":"","ast-breadcrumbs-content":"","ast-featured-img":"","footer-sml-layout":"","ast-disable-related-posts":"","theme-transparent-header-meta":"","adv-header-id-meta":"","stick-header-meta":"","header-above-stick-meta":"","header-main-stick-meta":"","header-below-stick-meta":"","astra-migrate-meta-layouts":"default","ast-page-background-enabled":"default","ast-page-background-meta":{"desktop":{"background-color":"var(--ast-global-color-5)","background-image":"","background-repeat":"repeat","background-position":"center center","background-size":"auto","background-attachment":"scroll","background-type":"","background-media":"","overlay-type":"","overlay-color":"","overlay-opacity":"","overlay-gradient":""},"tablet":{"background-color":"","background-image":"","background-repeat":"repeat","background-position":"center center","background-size":"auto","background-attachment":"scroll","background-type":"","background-media":"","overlay-type":"","overlay-color":"","overlay-opacity":"","overlay-gradient":""},"mobile":{"background-color":"","background-image":"","background-repeat":"repeat","background-position":"center center","background-size":"auto","background-attachment":"scroll","background-type":"","background-media":"","overlay-type":"","overlay-color":"","overlay-opacity":"","overlay-gradient":""}},"ast-content-background-meta":{"desktop":{"background-color":"var(--ast-global-color-4)","background-image":"","background-repeat":"repeat","background-position":"center center","background-size":"auto","background-attachment":"scroll","background-type":"","background-media":"","overlay-type":"","overlay-color":"","overlay-opacity":"","overlay-gradient":""},"tablet":{"background-color":"var(--ast-global-color-4)","background-image":"","background-repeat":"repeat","background-position":"center center","background-size":"auto","background-attachment":"scroll","background-type":"","background-media":"","overlay-type":"","overlay-color":"","overlay-opacity":"","overlay-gradient":""},"mobile":{"background-color":"var(--ast-global-color-4)","background-image":"","background-repeat":"repeat","background-position":"center center","background-size":"auto","background-attachment":"scroll","background-type":"","background-media":"","overlay-type":"","overlay-color":"","overlay-opacity":"","overlay-gradient":""}},"footnotes":""},"categories":[178,315],"tags":[330,169,331,329],"class_list":["post-59583","post","type-post","status-publish","format-standard","has-post-thumbnail","hentry","category-indendoers-planter","category-sansevieria","tag-indendoers-planter","tag-planter","tag-sansevieria","tag-sukkulent"],"yoast_head":"<!-- This site is optimized with the Yoast SEO plugin v27.4 - https:\/\/yoast.com\/product\/yoast-seo-wordpress\/ -->\n<title>Alt hvad du beh\u00f8ver at vide om\u00a0sansevieria | Interflora<\/title>\n<meta name=\"description\" content=\"L\u00e6r alt om sansevieria - historie, egenskaber og pasning. Opdag hvorfor sukkulenten, kendt som svigermors skarpe tunge, er s\u00e5 popul\u00e6r.\" \/>\n<meta name=\"robots\" content=\"index, follow, max-snippet:-1, max-image-preview:large, max-video-preview:-1\" \/>\n<link rel=\"canonical\" href=\"https:\/\/interflora.dk\/blog\/alt-hvad-du-behoever-at-vide-om-sansevieria\/\" \/>\n<meta property=\"og:locale\" content=\"da_DK\" \/>\n<meta property=\"og:type\" content=\"article\" \/>\n<meta property=\"og:title\" content=\"Alt hvad du beh\u00f8ver at vide om\u00a0sansevieria | Interflora\" \/>\n<meta property=\"og:description\" content=\"L\u00e6r alt om sansevieria - historie, egenskaber og pasning. Opdag hvorfor sukkulenten, kendt som svigermors skarpe tunge, er s\u00e5 popul\u00e6r.\" \/>\n<meta property=\"og:url\" content=\"https:\/\/interflora.dk\/blog\/alt-hvad-du-behoever-at-vide-om-sansevieria\/\" \/>\n<meta property=\"og:site_name\" content=\"Interflora\" \/>\n<meta property=\"article:publisher\" content=\"https:\/\/www.facebook.com\/InterfloraDanmark\" \/>\n<meta property=\"article:published_time\" content=\"2026-01-23T08:38:39+00:00\" \/>\n<meta property=\"article:modified_time\" content=\"2026-03-27T07:50:55+00:00\" \/>\n<meta property=\"og:image\" content=\"https:\/\/interflora.dk\/blog\/wp-content\/uploads\/2026\/01\/B5LDBM-505-4.jpg\" \/>\n\t<meta property=\"og:image:width\" content=\"505\" \/>\n\t<meta property=\"og:image:height\" content=\"505\" \/>\n\t<meta property=\"og:image:type\" content=\"image\/jpeg\" \/>\n<meta name=\"author\" content=\"Rebecca\" \/>\n<meta name=\"twitter:card\" content=\"summary_large_image\" \/>\n<meta name=\"twitter:label1\" content=\"Skrevet af\" \/>\n\t<meta name=\"twitter:data1\" content=\"Rebecca\" \/>\n\t<meta name=\"twitter:label2\" content=\"Estimeret l\u00e6setid\" \/>\n\t<meta name=\"twitter:data2\" content=\"4 minutter\" \/>\n<script type=\"application\/ld+json\" class=\"yoast-schema-graph\">{\"@context\":\"https:\\\/\\\/schema.org\",\"@graph\":[{\"@type\":\"Article\",\"@id\":\"https:\\\/\\\/interflora.dk\\\/blog\\\/alt-hvad-du-behoever-at-vide-om-sansevieria\\\/#article\",\"isPartOf\":{\"@id\":\"https:\\\/\\\/interflora.dk\\\/blog\\\/alt-hvad-du-behoever-at-vide-om-sansevieria\\\/\"},\"author\":{\"name\":\"Rebecca\",\"@id\":\"https:\\\/\\\/interflora.dk\\\/blog\\\/#\\\/schema\\\/person\\\/539d242367a91b649952f5d251feb5ba\"},\"headline\":\"Alt hvad du beh\u00f8ver at vide om\u00a0sansevieria\u00a0\",\"datePublished\":\"2026-01-23T08:38:39+00:00\",\"dateModified\":\"2026-03-27T07:50:55+00:00\",\"mainEntityOfPage\":{\"@id\":\"https:\\\/\\\/interflora.dk\\\/blog\\\/alt-hvad-du-behoever-at-vide-om-sansevieria\\\/\"},\"wordCount\":797,\"commentCount\":0,\"publisher\":{\"@id\":\"https:\\\/\\\/interflora.dk\\\/blog\\\/#organization\"},\"image\":{\"@id\":\"https:\\\/\\\/interflora.dk\\\/blog\\\/alt-hvad-du-behoever-at-vide-om-sansevieria\\\/#primaryimage\"},\"thumbnailUrl\":\"https:\\\/\\\/interflora.dk\\\/blog\\\/wp-content\\\/uploads\\\/2026\\\/01\\\/B5LDBM-505-4.jpg\",\"keywords\":[\"Indend\u00f8rs planter\",\"Planter\",\"Sansevieria\",\"Sukkulent\"],\"articleSection\":[\"Indend\u00f8rs planter: Pleje og tips\",\"Sansevieria\"],\"inLanguage\":\"da-DK\",\"potentialAction\":[{\"@type\":\"CommentAction\",\"name\":\"Comment\",\"target\":[\"https:\\\/\\\/interflora.dk\\\/blog\\\/alt-hvad-du-behoever-at-vide-om-sansevieria\\\/#respond\"]}]},{\"@type\":\"WebPage\",\"@id\":\"https:\\\/\\\/interflora.dk\\\/blog\\\/alt-hvad-du-behoever-at-vide-om-sansevieria\\\/\",\"url\":\"https:\\\/\\\/interflora.dk\\\/blog\\\/alt-hvad-du-behoever-at-vide-om-sansevieria\\\/\",\"name\":\"Alt hvad du beh\u00f8ver at vide om\u00a0sansevieria | Interflora\",\"isPartOf\":{\"@id\":\"https:\\\/\\\/interflora.dk\\\/blog\\\/#website\"},\"primaryImageOfPage\":{\"@id\":\"https:\\\/\\\/interflora.dk\\\/blog\\\/alt-hvad-du-behoever-at-vide-om-sansevieria\\\/#primaryimage\"},\"image\":{\"@id\":\"https:\\\/\\\/interflora.dk\\\/blog\\\/alt-hvad-du-behoever-at-vide-om-sansevieria\\\/#primaryimage\"},\"thumbnailUrl\":\"https:\\\/\\\/interflora.dk\\\/blog\\\/wp-content\\\/uploads\\\/2026\\\/01\\\/B5LDBM-505-4.jpg\",\"datePublished\":\"2026-01-23T08:38:39+00:00\",\"dateModified\":\"2026-03-27T07:50:55+00:00\",\"description\":\"L\u00e6r alt om sansevieria - historie, egenskaber og pasning. Opdag hvorfor sukkulenten, kendt som svigermors skarpe tunge, er s\u00e5 popul\u00e6r.\",\"breadcrumb\":{\"@id\":\"https:\\\/\\\/interflora.dk\\\/blog\\\/alt-hvad-du-behoever-at-vide-om-sansevieria\\\/#breadcrumb\"},\"inLanguage\":\"da-DK\",\"potentialAction\":[{\"@type\":\"ReadAction\",\"target\":[\"https:\\\/\\\/interflora.dk\\\/blog\\\/alt-hvad-du-behoever-at-vide-om-sansevieria\\\/\"]}]},{\"@type\":\"ImageObject\",\"inLanguage\":\"da-DK\",\"@id\":\"https:\\\/\\\/interflora.dk\\\/blog\\\/alt-hvad-du-behoever-at-vide-om-sansevieria\\\/#primaryimage\",\"url\":\"https:\\\/\\\/interflora.dk\\\/blog\\\/wp-content\\\/uploads\\\/2026\\\/01\\\/B5LDBM-505-4.jpg\",\"contentUrl\":\"https:\\\/\\\/interflora.dk\\\/blog\\\/wp-content\\\/uploads\\\/2026\\\/01\\\/B5LDBM-505-4.jpg\",\"width\":505,\"height\":505,\"caption\":\"Sanseveria close up\"},{\"@type\":\"BreadcrumbList\",\"@id\":\"https:\\\/\\\/interflora.dk\\\/blog\\\/alt-hvad-du-behoever-at-vide-om-sansevieria\\\/#breadcrumb\",\"itemListElement\":[{\"@type\":\"ListItem\",\"position\":1,\"name\":\"Home\",\"item\":\"https:\\\/\\\/interflora.dk\\\/blog\\\/\"},{\"@type\":\"ListItem\",\"position\":2,\"name\":\"Alt hvad du beh\u00f8ver at vide om\u00a0sansevieria\u00a0\"}]},{\"@type\":\"WebSite\",\"@id\":\"https:\\\/\\\/interflora.dk\\\/blog\\\/#website\",\"url\":\"https:\\\/\\\/interflora.dk\\\/blog\\\/\",\"name\":\"Interflora\",\"description\":\"\",\"publisher\":{\"@id\":\"https:\\\/\\\/interflora.dk\\\/blog\\\/#organization\"},\"potentialAction\":[{\"@type\":\"SearchAction\",\"target\":{\"@type\":\"EntryPoint\",\"urlTemplate\":\"https:\\\/\\\/interflora.dk\\\/blog\\\/?s={search_term_string}\"},\"query-input\":{\"@type\":\"PropertyValueSpecification\",\"valueRequired\":true,\"valueName\":\"search_term_string\"}}],\"inLanguage\":\"da-DK\"},{\"@type\":\"Organization\",\"@id\":\"https:\\\/\\\/interflora.dk\\\/blog\\\/#organization\",\"name\":\"Interflora\",\"url\":\"https:\\\/\\\/interflora.dk\\\/blog\\\/\",\"logo\":{\"@type\":\"ImageObject\",\"inLanguage\":\"da-DK\",\"@id\":\"https:\\\/\\\/interflora.dk\\\/blog\\\/#\\\/schema\\\/logo\\\/image\\\/\",\"url\":\"https:\\\/\\\/interflora.dk\\\/blog\\\/wp-content\\\/uploads\\\/2025\\\/09\\\/220422_INTERFLORA_Logo_rgb_Half_Top_Circle_Main_Color.png\",\"contentUrl\":\"https:\\\/\\\/interflora.dk\\\/blog\\\/wp-content\\\/uploads\\\/2025\\\/09\\\/220422_INTERFLORA_Logo_rgb_Half_Top_Circle_Main_Color.png\",\"width\":1418,\"height\":710,\"caption\":\"Interflora\"},\"image\":{\"@id\":\"https:\\\/\\\/interflora.dk\\\/blog\\\/#\\\/schema\\\/logo\\\/image\\\/\"},\"sameAs\":[\"https:\\\/\\\/www.facebook.com\\\/InterfloraDanmark\",\"https:\\\/\\\/www.instagram.com\\\/interfloradk\",\"https:\\\/\\\/www.linkedin.com\\\/company\\\/interfloradanmark\",\"https:\\\/\\\/www.youtube.com\\\/user\\\/InterfloraTV\"]},{\"@type\":\"Person\",\"@id\":\"https:\\\/\\\/interflora.dk\\\/blog\\\/#\\\/schema\\\/person\\\/539d242367a91b649952f5d251feb5ba\",\"name\":\"Rebecca\",\"image\":{\"@type\":\"ImageObject\",\"inLanguage\":\"da-DK\",\"@id\":\"https:\\\/\\\/interflora.dk\\\/blog\\\/wp-content\\\/litespeed\\\/avatar\\\/71e9bb45c3ae30a923c5edf07d65b0db.jpg?ver=1776948713\",\"url\":\"https:\\\/\\\/interflora.dk\\\/blog\\\/wp-content\\\/litespeed\\\/avatar\\\/71e9bb45c3ae30a923c5edf07d65b0db.jpg?ver=1776948713\",\"contentUrl\":\"https:\\\/\\\/interflora.dk\\\/blog\\\/wp-content\\\/litespeed\\\/avatar\\\/71e9bb45c3ae30a923c5edf07d65b0db.jpg?ver=1776948713\",\"caption\":\"Rebecca\"}}]}<\/script>\n<!-- \/ Yoast SEO plugin. -->","yoast_head_json":{"title":"Alt hvad du beh\u00f8ver at vide om\u00a0sansevieria | Interflora","description":"L\u00e6r alt om sansevieria - historie, egenskaber og pasning. Opdag hvorfor sukkulenten, kendt som svigermors skarpe tunge, er s\u00e5 popul\u00e6r.","robots":{"index":"index","follow":"follow","max-snippet":"max-snippet:-1","max-image-preview":"max-image-preview:large","max-video-preview":"max-video-preview:-1"},"canonical":"https:\/\/interflora.dk\/blog\/alt-hvad-du-behoever-at-vide-om-sansevieria\/","og_locale":"da_DK","og_type":"article","og_title":"Alt hvad du beh\u00f8ver at vide om\u00a0sansevieria | Interflora","og_description":"L\u00e6r alt om sansevieria - historie, egenskaber og pasning. Opdag hvorfor sukkulenten, kendt som svigermors skarpe tunge, er s\u00e5 popul\u00e6r.","og_url":"https:\/\/interflora.dk\/blog\/alt-hvad-du-behoever-at-vide-om-sansevieria\/","og_site_name":"Interflora","article_publisher":"https:\/\/www.facebook.com\/InterfloraDanmark","article_published_time":"2026-01-23T08:38:39+00:00","article_modified_time":"2026-03-27T07:50:55+00:00","og_image":[{"width":505,"height":505,"url":"https:\/\/interflora.dk\/blog\/wp-content\/uploads\/2026\/01\/B5LDBM-505-4.jpg","type":"image\/jpeg"}],"author":"Rebecca","twitter_card":"summary_large_image","twitter_misc":{"Skrevet af":"Rebecca","Estimeret l\u00e6setid":"4 minutter"},"schema":{"@context":"https:\/\/schema.org","@graph":[{"@type":"Article","@id":"https:\/\/interflora.dk\/blog\/alt-hvad-du-behoever-at-vide-om-sansevieria\/#article","isPartOf":{"@id":"https:\/\/interflora.dk\/blog\/alt-hvad-du-behoever-at-vide-om-sansevieria\/"},"author":{"name":"Rebecca","@id":"https:\/\/interflora.dk\/blog\/#\/schema\/person\/539d242367a91b649952f5d251feb5ba"},"headline":"Alt hvad du beh\u00f8ver at vide om\u00a0sansevieria\u00a0","datePublished":"2026-01-23T08:38:39+00:00","dateModified":"2026-03-27T07:50:55+00:00","mainEntityOfPage":{"@id":"https:\/\/interflora.dk\/blog\/alt-hvad-du-behoever-at-vide-om-sansevieria\/"},"wordCount":797,"commentCount":0,"publisher":{"@id":"https:\/\/interflora.dk\/blog\/#organization"},"image":{"@id":"https:\/\/interflora.dk\/blog\/alt-hvad-du-behoever-at-vide-om-sansevieria\/#primaryimage"},"thumbnailUrl":"https:\/\/interflora.dk\/blog\/wp-content\/uploads\/2026\/01\/B5LDBM-505-4.jpg","keywords":["Indend\u00f8rs planter","Planter","Sansevieria","Sukkulent"],"articleSection":["Indend\u00f8rs planter: Pleje og tips","Sansevieria"],"inLanguage":"da-DK","potentialAction":[{"@type":"CommentAction","name":"Comment","target":["https:\/\/interflora.dk\/blog\/alt-hvad-du-behoever-at-vide-om-sansevieria\/#respond"]}]},{"@type":"WebPage","@id":"https:\/\/interflora.dk\/blog\/alt-hvad-du-behoever-at-vide-om-sansevieria\/","url":"https:\/\/interflora.dk\/blog\/alt-hvad-du-behoever-at-vide-om-sansevieria\/","name":"Alt hvad du beh\u00f8ver at vide om\u00a0sansevieria | Interflora","isPartOf":{"@id":"https:\/\/interflora.dk\/blog\/#website"},"primaryImageOfPage":{"@id":"https:\/\/interflora.dk\/blog\/alt-hvad-du-behoever-at-vide-om-sansevieria\/#primaryimage"},"image":{"@id":"https:\/\/interflora.dk\/blog\/alt-hvad-du-behoever-at-vide-om-sansevieria\/#primaryimage"},"thumbnailUrl":"https:\/\/interflora.dk\/blog\/wp-content\/uploads\/2026\/01\/B5LDBM-505-4.jpg","datePublished":"2026-01-23T08:38:39+00:00","dateModified":"2026-03-27T07:50:55+00:00","description":"L\u00e6r alt om sansevieria - historie, egenskaber og pasning. Opdag hvorfor sukkulenten, kendt som svigermors skarpe tunge, er s\u00e5 popul\u00e6r.","breadcrumb":{"@id":"https:\/\/interflora.dk\/blog\/alt-hvad-du-behoever-at-vide-om-sansevieria\/#breadcrumb"},"inLanguage":"da-DK","potentialAction":[{"@type":"ReadAction","target":["https:\/\/interflora.dk\/blog\/alt-hvad-du-behoever-at-vide-om-sansevieria\/"]}]},{"@type":"ImageObject","inLanguage":"da-DK","@id":"https:\/\/interflora.dk\/blog\/alt-hvad-du-behoever-at-vide-om-sansevieria\/#primaryimage","url":"https:\/\/interflora.dk\/blog\/wp-content\/uploads\/2026\/01\/B5LDBM-505-4.jpg","contentUrl":"https:\/\/interflora.dk\/blog\/wp-content\/uploads\/2026\/01\/B5LDBM-505-4.jpg","width":505,"height":505,"caption":"Sanseveria close up"},{"@type":"BreadcrumbList","@id":"https:\/\/interflora.dk\/blog\/alt-hvad-du-behoever-at-vide-om-sansevieria\/#breadcrumb","itemListElement":[{"@type":"ListItem","position":1,"name":"Home","item":"https:\/\/interflora.dk\/blog\/"},{"@type":"ListItem","position":2,"name":"Alt hvad du beh\u00f8ver at vide om\u00a0sansevieria\u00a0"}]},{"@type":"WebSite","@id":"https:\/\/interflora.dk\/blog\/#website","url":"https:\/\/interflora.dk\/blog\/","name":"Interflora","description":"","publisher":{"@id":"https:\/\/interflora.dk\/blog\/#organization"},"potentialAction":[{"@type":"SearchAction","target":{"@type":"EntryPoint","urlTemplate":"https:\/\/interflora.dk\/blog\/?s={search_term_string}"},"query-input":{"@type":"PropertyValueSpecification","valueRequired":true,"valueName":"search_term_string"}}],"inLanguage":"da-DK"},{"@type":"Organization","@id":"https:\/\/interflora.dk\/blog\/#organization","name":"Interflora","url":"https:\/\/interflora.dk\/blog\/","logo":{"@type":"ImageObject","inLanguage":"da-DK","@id":"https:\/\/interflora.dk\/blog\/#\/schema\/logo\/image\/","url":"https:\/\/interflora.dk\/blog\/wp-content\/uploads\/2025\/09\/220422_INTERFLORA_Logo_rgb_Half_Top_Circle_Main_Color.png","contentUrl":"https:\/\/interflora.dk\/blog\/wp-content\/uploads\/2025\/09\/220422_INTERFLORA_Logo_rgb_Half_Top_Circle_Main_Color.png","width":1418,"height":710,"caption":"Interflora"},"image":{"@id":"https:\/\/interflora.dk\/blog\/#\/schema\/logo\/image\/"},"sameAs":["https:\/\/www.facebook.com\/InterfloraDanmark","https:\/\/www.instagram.com\/interfloradk","https:\/\/www.linkedin.com\/company\/interfloradanmark","https:\/\/www.youtube.com\/user\/InterfloraTV"]},{"@type":"Person","@id":"https:\/\/interflora.dk\/blog\/#\/schema\/person\/539d242367a91b649952f5d251feb5ba","name":"Rebecca","image":{"@type":"ImageObject","inLanguage":"da-DK","@id":"https:\/\/interflora.dk\/blog\/wp-content\/litespeed\/avatar\/71e9bb45c3ae30a923c5edf07d65b0db.jpg?ver=1776948713","url":"https:\/\/interflora.dk\/blog\/wp-content\/litespeed\/avatar\/71e9bb45c3ae30a923c5edf07d65b0db.jpg?ver=1776948713","contentUrl":"https:\/\/interflora.dk\/blog\/wp-content\/litespeed\/avatar\/71e9bb45c3ae30a923c5edf07d65b0db.jpg?ver=1776948713","caption":"Rebecca"}}]}},"uagb_featured_image_src":{"full":["https:\/\/interflora.dk\/blog\/wp-content\/uploads\/2026\/01\/B5LDBM-505-4.jpg",505,505,false],"thumbnail":["https:\/\/interflora.dk\/blog\/wp-content\/uploads\/2026\/01\/B5LDBM-505-4-150x150.jpg",150,150,true],"medium":["https:\/\/interflora.dk\/blog\/wp-content\/uploads\/2026\/01\/B5LDBM-505-4-300x300.jpg",300,300,true],"medium_large":["https:\/\/interflora.dk\/blog\/wp-content\/uploads\/2026\/01\/B5LDBM-505-4.jpg",505,505,false],"large":["https:\/\/interflora.dk\/blog\/wp-content\/uploads\/2026\/01\/B5LDBM-505-4.jpg",505,505,false],"1536x1536":["https:\/\/interflora.dk\/blog\/wp-content\/uploads\/2026\/01\/B5LDBM-505-4.jpg",505,505,false],"2048x2048":["https:\/\/interflora.dk\/blog\/wp-content\/uploads\/2026\/01\/B5LDBM-505-4.jpg",505,505,false]},"uagb_author_info":{"display_name":"Rebecca","author_link":"https:\/\/interflora.dk\/blog\/author\/rebecca\/"},"uagb_comment_info":0,"uagb_excerpt":"Sansevieria: Alt hvad du beh\u00f8ver at vide om \u201dsvigermors skarpe tunge\u201d Historie, egenskaber og pasning &#8211; alt, hvad der er [&hellip;]","_links":{"self":[{"href":"https:\/\/interflora.dk\/blog\/wp-json\/wp\/v2\/posts\/59583","targetHints":{"allow":["GET"]}}],"collection":[{"href":"https:\/\/interflora.dk\/blog\/wp-json\/wp\/v2\/posts"}],"about":[{"href":"https:\/\/interflora.dk\/blog\/wp-json\/wp\/v2\/types\/post"}],"author":[{"embeddable":true,"href":"https:\/\/interflora.dk\/blog\/wp-json\/wp\/v2\/users\/14"}],"replies":[{"embeddable":true,"href":"https:\/\/interflora.dk\/blog\/wp-json\/wp\/v2\/comments?post=59583"}],"version-history":[{"count":24,"href":"https:\/\/interflora.dk\/blog\/wp-json\/wp\/v2\/posts\/59583\/revisions"}],"predecessor-version":[{"id":60939,"href":"https:\/\/interflora.dk\/blog\/wp-json\/wp\/v2\/posts\/59583\/revisions\/60939"}],"wp:featuredmedia":[{"embeddable":true,"href":"https:\/\/interflora.dk\/blog\/wp-json\/wp\/v2\/media\/59601"}],"wp:attachment":[{"href":"https:\/\/interflora.dk\/blog\/wp-json\/wp\/v2\/media?parent=59583"}],"wp:term":[{"taxonomy":"category","embeddable":true,"href":"https:\/\/interflora.dk\/blog\/wp-json\/wp\/v2\/categories?post=59583"},{"taxonomy":"post_tag","embeddable":true,"href":"https:\/\/interflora.dk\/blog\/wp-json\/wp\/v2\/tags?post=59583"}],"curies":[{"name":"wp","href":"https:\/\/api.w.org\/{rel}","templated":true}]}}