{"id":64155,"date":"2026-08-31T11:20:07","date_gmt":"2026-08-31T09:20:07","guid":{"rendered":"https:\/\/interflora.dk\/blog\/?p=64155"},"modified":"2026-08-31T11:20:08","modified_gmt":"2026-08-31T09:20:08","slug":"vidste-du-at-du-kan-aendre-farven-paa-din-hortensia","status":"publish","type":"post","link":"https:\/\/interflora.dk\/blog\/vidste-du-at-du-kan-aendre-farven-paa-din-hortensia\/","title":{"rendered":"Vidste du, at du kan \u00e6ndre farven p\u00e5 din hortensia?"},"content":{"rendered":"\n<p class=\"wp-block-paragraph\">Vidste du, at <a href=\"https:\/\/interflora.dk\/blog\/hortensiaens-sprog-og-farvesymbolik\/\">hortensiaer<\/a> kan skifte farve? Hvis du dr\u00f8mmer om<strong> bl\u00e5 hortensiaer <\/strong>i haven, men dine blomstrer lyser\u00f8dt, er der heldigvis noget, du kan g\u00f8re. Hortensiaens farve h\u00e6nger blandt andet sammen med jordens pH-v\u00e6rdi og m\u00e6ngden af aluminium, som planten kan optage. Med de rette forhold og lidt t\u00e5lmodighed kan du derfor p\u00e5virke blomsterfarven og fremme de bl\u00e5 nuancer.<\/p>\n\n\n\n<h2 class=\"wp-block-heading alignwide\">Bl\u00e5 hortensiaer: hvorfor skifter de farve?<\/h2>\n\n\n\n<div class=\"wp-block-columns is-layout-flex wp-container-core-columns-is-layout-7387b849 wp-block-columns-is-layout-flex\">\n<div class=\"wp-block-column is-layout-flow wp-block-column-is-layout-flow\">\n<p class=\"wp-block-paragraph\">Farven p\u00e5 en hortensiaens blomster afh\u00e6nger af flere faktorer.<\/p>\n\n\n\n<p class=\"wp-block-paragraph\">F\u00f8rst og fremmest <strong>spiller sorten en vigtig rolle<\/strong>. Nogle hortensiaer har naturligt lettere ved at danne bl\u00e5 blomster eller skifte farve, mens andre sorter ikke har samme mulighed for at \u00e6ndre farve.<\/p>\n\n\n\n<p class=\"wp-block-paragraph\">Jordens sammens\u00e6tning har ogs\u00e5 stor betydning. Som hovedregel giver <strong>sur jord bedre betingelser<\/strong> for bl\u00e5 nuancer, mens en mere neutral eller kalkholdig jord typisk fremmer lyser\u00f8de og r\u00f8de nuancer. Men jordens surhedsgrad g\u00f8r det ikke alene. For at hortensiaen kan f\u00e5 en bl\u00e5 farve, skal den ogs\u00e5 kunne optage<strong> aluminium fra jorden.<\/strong><\/p>\n\n\n\n<h2 class=\"wp-block-heading alignwide\">Hvordan f\u00e5r man en bl\u00e5 hortensia?<\/h2>\n\n\n\n<p class=\"wp-block-paragraph\">Hvis du gerne vil have<strong> bl\u00e5 hortensiaer i haven<\/strong>, er der et par ting, du kan v\u00e6re opm\u00e6rksom p\u00e5.<\/p>\n\n\n\n<p class=\"wp-block-paragraph\">Start med at unders\u00f8ge, om den valgte sort <strong>kan danne bl\u00e5 blomster.<\/strong> Lyser\u00f8de og r\u00f8de hortensiaer er typisk blandt de sorter, der lettest skifter farve, mens hvide hortensiaer som regel ikke \u00e6ndrer farve p\u00e5 samme m\u00e5de.<\/p>\n\n\n\n<p class=\"wp-block-paragraph\">Derefter kan du<strong> teste jordens pH-v\u00e6rdi<\/strong>. En sur jord giver bedre betingelser for, at <strong>hortensiaen udvikler bl\u00e5 nuancer<\/strong>. Er jorden meget kalkholdig, kan det v\u00e6re n\u00f8dvendigt at justere jordens pH-v\u00e6rdi over tid.<\/p>\n<\/div>\n\n\n\n<div class=\"wp-block-column is-layout-flow wp-block-column-is-layout-flow\">\n<figure class=\"wp-block-embed is-type-video is-provider-youtube wp-block-embed-youtube wp-embed-aspect-9-16 wp-has-aspect-ratio\"><div class=\"wp-block-embed__wrapper\">\n<iframe loading=\"lazy\" title=\"Vidste du, at du kan \u00e6ndre farven p\u00e5 din hortensia? \ud83e\ude77\" width=\"422\" height=\"750\" src=\"https:\/\/www.youtube.com\/embed\/Y9V_JE5Rxi0?feature=oembed\" frameborder=\"0\" allow=\"accelerometer; autoplay; clipboard-write; encrypted-media; gyroscope; picture-in-picture; web-share\" referrerpolicy=\"strict-origin-when-cross-origin\" allowfullscreen><\/iframe>\n<\/div><\/figure>\n<\/div>\n<\/div>\n\n\n<div class=\"lp-produits-grid\"><div class=\"lp-produit\"><div class=\"lp-thumbnail-wrapper\"><img loading=\"lazy\" decoding=\"async\" width=\"300\" height=\"300\" src=\"https:\/\/interflora.dk\/blog\/wp-content\/uploads\/2026\/08\/Design20uden20navn2028529-300x300.png\" class=\"attachment-medium size-medium wp-post-image\" alt=\"\" srcset=\"https:\/\/interflora.dk\/blog\/wp-content\/uploads\/2026\/08\/Design20uden20navn2028529-300x300.png 300w, https:\/\/interflora.dk\/blog\/wp-content\/uploads\/2026\/08\/Design20uden20navn2028529-1024x1024.png 1024w, https:\/\/interflora.dk\/blog\/wp-content\/uploads\/2026\/08\/Design20uden20navn2028529-150x150.png 150w, https:\/\/interflora.dk\/blog\/wp-content\/uploads\/2026\/08\/Design20uden20navn2028529-768x768.png 768w, https:\/\/interflora.dk\/blog\/wp-content\/uploads\/2026\/08\/Design20uden20navn2028529.png 1200w\" sizes=\"auto, (max-width: 300px) 100vw, 300px\" \/><img decoding=\"async\" class=\"lp-badge\" src=\"https:\/\/prodblog.interflora.dk\/blog\/wp-content\/uploads\/2025\/09\/220422_INTERFLORA_Main_Logo_rgb_Main_Color.avif\" alt=\"Send blomster med Interflora\"><\/div><span>M\u00e5nedens buket i august<\/span><p>Fra 249 kr.<\/p><span class=\"obf-link lp-cta\" role=\"link\" tabindex=\"0\" data-b64=\"aHR0cHM6Ly9pbnRlcmZsb3JhLmRrL3Byb2R1a3QvbWFhbmVkZW5zLWJ1a2V0LWktYXVndXN0P3Y9MTQwNzkmIzAzODt2YXJpYXRpb249M2EzYmRiZWUtNWUzZC00NTI5LTk1OGYtYWVlZDliNzQ4NmExP3V0bV9tZWRpdW09b3JnYW5pYyZ1dG1fc291cmNlPWJsb2dfcHJvZHVjdHMmdXRtX2NhbXBhaWduPTI1NTA=\" data-target=\"_blank\"><svg xmlns=\"http:\/\/www.w3.org\/2000\/svg\" width=\"16\" height=\"16\" fill=\"currentColor\" class=\"bi bi-bag\" viewBox=\"0 0 16 16\"><path d=\"M8 1a2 2 0 0 1 2 2v1h2.5A1.5 1.5 0 0 1 14 5.5v8A1.5 1.5 0 0 1 12.5 15h-9A1.5 1.5 0 0 1 2 13.5v-8A1.5 1.5 0 0 1 3.5 3H6V2a2 2 0 0 1 2-1zm1 3V3a1 1 0 0 0-2 0v1h2z\"\/><\/svg>K\u00f8b her<\/span><p class=\"rapido\">Din personlige hilsen<\/p><\/div><div class=\"lp-produit\"><div class=\"lp-thumbnail-wrapper\"><img loading=\"lazy\" decoding=\"async\" width=\"300\" height=\"300\" src=\"https:\/\/interflora.dk\/blog\/wp-content\/uploads\/2025\/09\/DEN_HELT_RIGTIGE_SMALL_552_v-300x300.jpg\" class=\"attachment-medium size-medium wp-post-image\" alt=\"\" srcset=\"https:\/\/interflora.dk\/blog\/wp-content\/uploads\/2025\/09\/DEN_HELT_RIGTIGE_SMALL_552_v-300x300.jpg 300w, https:\/\/interflora.dk\/blog\/wp-content\/uploads\/2025\/09\/DEN_HELT_RIGTIGE_SMALL_552_v-1024x1024.jpg 1024w, https:\/\/interflora.dk\/blog\/wp-content\/uploads\/2025\/09\/DEN_HELT_RIGTIGE_SMALL_552_v-150x150.jpg 150w, https:\/\/interflora.dk\/blog\/wp-content\/uploads\/2025\/09\/DEN_HELT_RIGTIGE_SMALL_552_v-768x768.jpg 768w, https:\/\/interflora.dk\/blog\/wp-content\/uploads\/2025\/09\/DEN_HELT_RIGTIGE_SMALL_552_v.jpg 1200w\" sizes=\"auto, (max-width: 300px) 100vw, 300px\" \/><img decoding=\"async\" class=\"lp-badge\" src=\"https:\/\/prodblog.interflora.dk\/blog\/wp-content\/uploads\/2025\/09\/220422_INTERFLORA_Main_Logo_rgb_Main_Color.avif\" alt=\"Send blomster med Interflora\"><\/div><span>Den helt rigtige<\/span><p>Fra 269 kr.<\/p><span class=\"obf-link lp-cta\" role=\"link\" tabindex=\"0\" data-b64=\"aHR0cHM6Ly9pbnRlcmZsb3JhLmRrL3Byb2R1a3QvZGVuLWhlbHQtcmlndGlnZT92PTkzMjEmIzAzODt2YXJpYXRpb249YjYwNDJkNzEtZWFjYi00M2U4LWI5MWEtMzg5OTRhODliNzMyP3V0bV9tZWRpdW09b3JnYW5pYyZ1dG1fc291cmNlPWJsb2dfcHJvZHVjdHMmdXRtX2NhbXBhaWduPTU1Mg==\" data-target=\"_blank\"><svg xmlns=\"http:\/\/www.w3.org\/2000\/svg\" width=\"16\" height=\"16\" fill=\"currentColor\" class=\"bi bi-bag\" viewBox=\"0 0 16 16\"><path d=\"M8 1a2 2 0 0 1 2 2v1h2.5A1.5 1.5 0 0 1 14 5.5v8A1.5 1.5 0 0 1 12.5 15h-9A1.5 1.5 0 0 1 2 13.5v-8A1.5 1.5 0 0 1 3.5 3H6V2a2 2 0 0 1 2-1zm1 3V3a1 1 0 0 0-2 0v1h2z\"\/><\/svg>K\u00f8b her<\/span><p class=\"rapido\">H\u00e5ndbundet af florister<\/p><\/div><div class=\"lp-produit\"><div class=\"lp-thumbnail-wrapper\"><img loading=\"lazy\" decoding=\"async\" width=\"300\" height=\"300\" src=\"https:\/\/interflora.dk\/blog\/wp-content\/uploads\/2026\/05\/DEN_SOMMERLIGE_HAND_2549_0-300x300.jpg\" class=\"attachment-medium size-medium wp-post-image\" alt=\"\" srcset=\"https:\/\/interflora.dk\/blog\/wp-content\/uploads\/2026\/05\/DEN_SOMMERLIGE_HAND_2549_0-300x300.jpg 300w, https:\/\/interflora.dk\/blog\/wp-content\/uploads\/2026\/05\/DEN_SOMMERLIGE_HAND_2549_0-1024x1024.jpg 1024w, https:\/\/interflora.dk\/blog\/wp-content\/uploads\/2026\/05\/DEN_SOMMERLIGE_HAND_2549_0-150x150.jpg 150w, https:\/\/interflora.dk\/blog\/wp-content\/uploads\/2026\/05\/DEN_SOMMERLIGE_HAND_2549_0-768x768.jpg 768w, https:\/\/interflora.dk\/blog\/wp-content\/uploads\/2026\/05\/DEN_SOMMERLIGE_HAND_2549_0.jpg 1200w\" sizes=\"auto, (max-width: 300px) 100vw, 300px\" \/><img decoding=\"async\" class=\"lp-badge\" src=\"https:\/\/prodblog.interflora.dk\/blog\/wp-content\/uploads\/2025\/09\/220422_INTERFLORA_Main_Logo_rgb_Main_Color.avif\" alt=\"Send blomster med Interflora\"><\/div><span>Den sommerlige<\/span><p>Fra 319 kr.<\/p><span class=\"obf-link lp-cta\" role=\"link\" tabindex=\"0\" data-b64=\"aHR0cHM6Ly9pbnRlcmZsb3JhLmRrL3Byb2R1a3QvZGVuLXNvbW1lcmxpZ2U\/dj0xNjcyMCYjMDM4O3ZhcmlhdGlvbj02NWU3NGY3NS03YjdjLTQ1NzYtODI3Mi0zNjUyYjgwZDA0NTk\/dXRtX21lZGl1bT1vcmdhbmljJnV0bV9zb3VyY2U9YmxvZ19wcm9kdWN0cyZ1dG1fY2FtcGFpZ249MjU0OQ==\" data-target=\"_blank\"><svg xmlns=\"http:\/\/www.w3.org\/2000\/svg\" width=\"16\" height=\"16\" fill=\"currentColor\" class=\"bi bi-bag\" viewBox=\"0 0 16 16\"><path d=\"M8 1a2 2 0 0 1 2 2v1h2.5A1.5 1.5 0 0 1 14 5.5v8A1.5 1.5 0 0 1 12.5 15h-9A1.5 1.5 0 0 1 2 13.5v-8A1.5 1.5 0 0 1 3.5 3H6V2a2 2 0 0 1 2-1zm1 3V3a1 1 0 0 0-2 0v1h2z\"\/><\/svg>K\u00f8b her<\/span><p class=\"rapido\">Bundet af din lokale florist<\/p><\/div><div class=\"lp-produit\"><div class=\"lp-thumbnail-wrapper\"><img loading=\"lazy\" decoding=\"async\" width=\"300\" height=\"300\" src=\"https:\/\/interflora.dk\/blog\/wp-content\/uploads\/2025\/09\/FLORISTENS_KREATIVE_BUKET_I_LYSEROEDE_NUANCER_MEDIUM_6311-300x300.jpg\" class=\"attachment-medium size-medium wp-post-image\" alt=\"\" srcset=\"https:\/\/interflora.dk\/blog\/wp-content\/uploads\/2025\/09\/FLORISTENS_KREATIVE_BUKET_I_LYSEROEDE_NUANCER_MEDIUM_6311-300x300.jpg 300w, https:\/\/interflora.dk\/blog\/wp-content\/uploads\/2025\/09\/FLORISTENS_KREATIVE_BUKET_I_LYSEROEDE_NUANCER_MEDIUM_6311-1024x1024.jpg 1024w, https:\/\/interflora.dk\/blog\/wp-content\/uploads\/2025\/09\/FLORISTENS_KREATIVE_BUKET_I_LYSEROEDE_NUANCER_MEDIUM_6311-150x150.jpg 150w, https:\/\/interflora.dk\/blog\/wp-content\/uploads\/2025\/09\/FLORISTENS_KREATIVE_BUKET_I_LYSEROEDE_NUANCER_MEDIUM_6311-768x768.jpg 768w, https:\/\/interflora.dk\/blog\/wp-content\/uploads\/2025\/09\/FLORISTENS_KREATIVE_BUKET_I_LYSEROEDE_NUANCER_MEDIUM_6311.jpg 1200w\" sizes=\"auto, (max-width: 300px) 100vw, 300px\" \/><img decoding=\"async\" class=\"lp-badge\" src=\"https:\/\/prodblog.interflora.dk\/blog\/wp-content\/uploads\/2025\/09\/220422_INTERFLORA_Main_Logo_rgb_Main_Color.avif\" alt=\"Send blomster med Interflora\"><\/div><span>Floristens kreative buket i lyser\u00f8de nuancer<\/span><p>Fra 259 kr.<\/p><span class=\"obf-link lp-cta\" role=\"link\" tabindex=\"0\" data-b64=\"aHR0cHM6Ly9pbnRlcmZsb3JhLmRrL3Byb2R1a3QvZmxvcmlzdGVucy1rcmVhdGl2ZS1idWtldC1pLWx5c2Vyb2VkZS1udWFuY2VyP3Y9MTYyNTEmIzAzODt2YXJpYXRpb249M2IyNjBkMDYtMGNlNy00NzUyLTk1ZjUtNGMxNDBjMWU1MDJmP3V0bV9tZWRpdW09b3JnYW5pYyZ1dG1fc291cmNlPWJsb2dfcHJvZHVjdHMmdXRtX2NhbXBhaWduPTYzMTE=\" data-target=\"_blank\"><svg xmlns=\"http:\/\/www.w3.org\/2000\/svg\" width=\"16\" height=\"16\" fill=\"currentColor\" class=\"bi bi-bag\" viewBox=\"0 0 16 16\"><path d=\"M8 1a2 2 0 0 1 2 2v1h2.5A1.5 1.5 0 0 1 14 5.5v8A1.5 1.5 0 0 1 12.5 15h-9A1.5 1.5 0 0 1 2 13.5v-8A1.5 1.5 0 0 1 3.5 3H6V2a2 2 0 0 1 2-1zm1 3V3a1 1 0 0 0-2 0v1h2z\"\/><\/svg>K\u00f8b her<\/span><p class=\"rapido\">Levering i hele Danmark<\/p><\/div><\/div>\n\n\n\n<h2 class=\"wp-block-heading alignwide\">Hvilket produkt kan g\u00f8re hortensiaer bl\u00e5?<\/h2>\n\n\n\n<div class=\"wp-block-media-text is-stacked-on-mobile has-ast-global-color-4-background-color has-background\"><figure class=\"wp-block-media-text__media\"><img loading=\"lazy\" decoding=\"async\" width=\"683\" height=\"1024\" src=\"https:\/\/interflora.dk\/blog\/wp-content\/uploads\/2026\/08\/Blaa-hortensia-683x1024.jpg\" alt=\"bl\u00e5 hortensia\" class=\"wp-image-64165 size-full\" srcset=\"https:\/\/interflora.dk\/blog\/wp-content\/uploads\/2026\/08\/Blaa-hortensia-683x1024.jpg 683w, https:\/\/interflora.dk\/blog\/wp-content\/uploads\/2026\/08\/Blaa-hortensia-200x300.jpg 200w, https:\/\/interflora.dk\/blog\/wp-content\/uploads\/2026\/08\/Blaa-hortensia-768x1152.jpg 768w, https:\/\/interflora.dk\/blog\/wp-content\/uploads\/2026\/08\/Blaa-hortensia-1024x1536.jpg 1024w, https:\/\/interflora.dk\/blog\/wp-content\/uploads\/2026\/08\/Blaa-hortensia-1365x2048.jpg 1365w, https:\/\/interflora.dk\/blog\/wp-content\/uploads\/2026\/08\/Blaa-hortensia.jpg 1500w\" sizes=\"auto, (max-width: 683px) 100vw, 683px\" \/><\/figure><div class=\"wp-block-media-text__content\">\n<p class=\"wp-block-paragraph\">Hvis du gerne vil<strong> fremme den bl\u00e5 farve<\/strong> p\u00e5 dine hortensiaer, findes der s\u00e6rlige produkter, som du kan k\u00f8be i havecentre og specialbutikker. De indeholder typisk aluminiumsulfat eller andre stoffer, der g\u00f8r jorden mere sur og hj\u00e6lper planten med at optage aluminium. Du kan derfor blandt andet bruge en s\u00e5kaldt bl\u00e5nende g\u00f8dning til hortensia.<\/p>\n\n\n\n<p class=\"wp-block-paragraph\"><strong>F\u00f8lg altid anvisningerne p\u00e5 emballagen<\/strong>, n\u00e5r du bruger produkterne. Mere er ikke n\u00f8dvendigvis bedre, og for meget kan p\u00e5virke jordens balance og i v\u00e6rste fald skade planten.<\/p>\n\n\n\n<p class=\"wp-block-paragraph\">Hvilket produkt du skal v\u00e6lge, <strong>afh\u00e6nger af jorden i din have<\/strong>. Hvis jorden allerede er sur, men mangler tilg\u00e6ngeligt aluminium, kan et aluminiumsholdigt produkt v\u00e6re en mulighed. Er jorden derimod meget kalkholdig, er det f\u00f8rst og fremmest jordens pH-v\u00e6rdi, du b\u00f8r have fokus p\u00e5.<\/p>\n\n\n\n<p class=\"wp-block-paragraph\">Se ogs\u00e5 <a href=\"https:\/\/interflora.dk\/blog\/hortensia-i-krukker\/\">vores guide til, hvordan du besk\u00e6rer hortensiaer.<\/a><\/p>\n<\/div><\/div>\n\n\n\n<h2 class=\"wp-block-heading alignwide\">Hvordan f\u00e5r man bl\u00e5 hortensiaer naturligt?<\/h2>\n\n\n\n<p class=\"wp-block-paragraph\">Hvis du gerne vil pr\u00f8ve en mere naturlig metode, kan du arbejde p\u00e5 at g\u00f8re jorden mere sur over tid og undg\u00e5 ting, der \u00f8ger jordens pH-v\u00e6rdi.<\/p>\n\n\n\n<p class=\"wp-block-paragraph\"><strong>For at fremme farveskiftet naturligt kan du:<\/strong><\/p>\n\n\n\n<div class=\"wp-block-uagb-icon-list uagb-block-e0a75546\"><div class=\"uagb-icon-list__wrap\">\n<div class=\"wp-block-uagb-icon-list-child uagb-block-365583f5\"><span class=\"uagb-icon-list__source-wrap\"><img decoding=\"async\" class=\"uagb-icon-list__source-image\" src=\"https:\/\/interflora.dk\/blog\/wp-content\/uploads\/2026\/03\/picto-summary-2.png\" width=\"25\" height=\"25\" loading=\"lazy\" alt=\"\"\/><\/span><span class=\"uagb-icon-list__label\">plante hortensiaen i sur jord eller jord til surbundsplanter<\/span><\/div>\n\n\n\n<div class=\"wp-block-uagb-icon-list-child uagb-block-b4edb596\"><span class=\"uagb-icon-list__source-wrap\"><img decoding=\"async\" class=\"uagb-icon-list__source-image\" src=\"https:\/\/interflora.dk\/blog\/wp-content\/uploads\/2026\/03\/picto-summary-2.png\" width=\"25\" height=\"25\" loading=\"lazy\" alt=\"\"\/><\/span><span class=\"uagb-icon-list__label\">undg\u00e5 g\u00f8dning og andre tilskud, der g\u00f8r jorden mere basisk<\/span><\/div>\n\n\n\n<div class=\"wp-block-uagb-icon-list-child uagb-block-5b0e3245\"><span class=\"uagb-icon-list__source-wrap\"><img decoding=\"async\" class=\"uagb-icon-list__source-image\" src=\"https:\/\/interflora.dk\/blog\/wp-content\/uploads\/2026\/03\/picto-summary-2.png\" width=\"25\" height=\"25\" loading=\"lazy\" alt=\"\"\/><\/span><span class=\"uagb-icon-list__label\">bruge vand med et lavt kalkindhold, hvis det er muligt<\/span><\/div>\n\n\n\n<div class=\"wp-block-uagb-icon-list-child uagb-block-3748115e\"><span class=\"uagb-icon-list__source-wrap\"><img decoding=\"async\" class=\"uagb-icon-list__source-image\" src=\"https:\/\/interflora.dk\/blog\/wp-content\/uploads\/2026\/03\/picto-summary-2.png\" width=\"25\" height=\"25\" loading=\"lazy\" alt=\"\"\/><\/span><span class=\"uagb-icon-list__label\">tilf\u00f8re organisk materiale til jorden, for eksempel gennem jordd\u00e6kke<\/span><\/div>\n\n\n\n<div class=\"wp-block-uagb-icon-list-child uagb-block-ee0048d8\"><span class=\"uagb-icon-list__source-wrap\"><img decoding=\"async\" class=\"uagb-icon-list__source-image\" src=\"https:\/\/interflora.dk\/blog\/wp-content\/uploads\/2026\/03\/picto-summary-2.png\" width=\"25\" height=\"25\" loading=\"lazy\" alt=\"\"\/><\/span><span class=\"uagb-icon-list__label\">tjekke jordens pH-v\u00e6rdi j\u00e6vnligt<\/span><\/div>\n<\/div><\/div>\n\n\n\n<h2 class=\"wp-block-heading alignwide\">Hvordan bevarer man en hortensias bl\u00e5 farve?<\/h2>\n\n\n\n<p class=\"wp-block-paragraph\">For at <strong>bevare den bl\u00e5 farve p\u00e5 din hortensia<\/strong> er der et par ting, du kan v\u00e6re opm\u00e6rksom p\u00e5:<\/p>\n\n\n\n<div class=\"wp-block-uagb-icon-list uagb-block-a9c1d1a2\"><div class=\"uagb-icon-list__wrap\">\n<div class=\"wp-block-uagb-icon-list-child uagb-block-5a40e7fc\"><span class=\"uagb-icon-list__source-wrap\"><img decoding=\"async\" class=\"uagb-icon-list__source-image\" src=\"https:\/\/interflora.dk\/blog\/wp-content\/uploads\/2026\/03\/picto-summary-2.png\" width=\"25\" height=\"25\" loading=\"lazy\" alt=\"\"\/><\/span><span class=\"uagb-icon-list__label\">Tjek jordens pH-v\u00e6rdi j\u00e6vnligt.<\/span><\/div>\n\n\n\n<div class=\"wp-block-uagb-icon-list-child uagb-block-b551b893\"><span class=\"uagb-icon-list__source-wrap\"><img decoding=\"async\" class=\"uagb-icon-list__source-image\" src=\"https:\/\/interflora.dk\/blog\/wp-content\/uploads\/2026\/03\/picto-summary-2.png\" width=\"25\" height=\"25\" loading=\"lazy\" alt=\"\"\/><\/span><span class=\"uagb-icon-list__label\">Brug s\u00e5 vidt muligt vand med et lavt kalkindhold. Regnvand er et godt valg.<\/span><\/div>\n\n\n\n<div class=\"wp-block-uagb-icon-list-child uagb-block-830ac605\"><span class=\"uagb-icon-list__source-wrap\"><img decoding=\"async\" class=\"uagb-icon-list__source-image\" src=\"https:\/\/interflora.dk\/blog\/wp-content\/uploads\/2026\/03\/picto-summary-2.png\" width=\"25\" height=\"25\" loading=\"lazy\" alt=\"\"\/><\/span><span class=\"uagb-icon-list__label\">Bl\u00e5nende g\u00f8dning kan bruges igen efter behov, men f\u00f8lg altid doseringen p\u00e5 emballagen.<\/span><\/div>\n<\/div><\/div>\n\n\n\n<p class=\"wp-block-paragraph\">Farven kan godt <strong>variere lidt fra \u00e5r til \u00e5r.<\/strong> Vejret, jordens sammens\u00e6tning og forholdene i haven har nemlig betydning for blomstringen. Derfor kan en bl\u00e5 hortensia have lidt kraftigere farver det ene \u00e5r og mere afd\u00e6mpede nuancer det n\u00e6ste.<\/p>\n\n\n\n<div class=\"wp-block-media-text has-media-on-the-right is-stacked-on-mobile is-image-fill-element has-background\" style=\"background-color:#fff0f4a1\"><div class=\"wp-block-media-text__content\">\n<h2 class=\"wp-block-heading alignwide\">Hvordan f\u00e5r man lyser\u00f8de hortensiaer?<\/h2>\n\n\n\n<p class=\"wp-block-paragraph\">Farveskiftet kan ogs\u00e5 g\u00e5 den anden vej. Her spiller sorten igen en vigtig rolle. En hortensia, der naturligt blomstrer lyser\u00f8dt, er typisk lettere at holde i de lyser\u00f8de nuancer end en sort, der har tendens til at blive bl\u00e5.<\/p>\n\n\n\n<p class=\"wp-block-paragraph\">Lyser\u00f8de blomster fremmes som regel af en mere <strong>basisk jord.<\/strong> I kalkholdig jord vil hortensiaer derfor ofte udvikle lyser\u00f8de eller r\u00f8de nuancer.<\/p>\n\n\n\n<p class=\"wp-block-paragraph\">Farven \u00e6ndrer sig ikke n\u00f8dvendigvis fra bl\u00e5 til lyser\u00f8d fra den ene dag til den anden. Afh\u00e6ngigt af jordens forhold kan hortensiaen i stedet f\u00e5 nuancer af violet, lilla eller rosa undervejs.<\/p>\n<\/div><figure class=\"wp-block-media-text__media\"><img loading=\"lazy\" decoding=\"async\" width=\"683\" height=\"1024\" src=\"https:\/\/interflora.dk\/blog\/wp-content\/uploads\/2026\/08\/annesophiebenoit-interflora-0925-30-1-683x1024.jpg\" alt=\"kvinder holder hortensia i lyser\u00f8de nuancer\" class=\"wp-image-64159 size-full\" style=\"object-position:65% 17%\" srcset=\"https:\/\/interflora.dk\/blog\/wp-content\/uploads\/2026\/08\/annesophiebenoit-interflora-0925-30-1-683x1024.jpg 683w, https:\/\/interflora.dk\/blog\/wp-content\/uploads\/2026\/08\/annesophiebenoit-interflora-0925-30-1-200x300.jpg 200w, https:\/\/interflora.dk\/blog\/wp-content\/uploads\/2026\/08\/annesophiebenoit-interflora-0925-30-1-768x1152.jpg 768w, https:\/\/interflora.dk\/blog\/wp-content\/uploads\/2026\/08\/annesophiebenoit-interflora-0925-30-1-1024x1536.jpg 1024w, https:\/\/interflora.dk\/blog\/wp-content\/uploads\/2026\/08\/annesophiebenoit-interflora-0925-30-1-1365x2048.jpg 1365w, https:\/\/interflora.dk\/blog\/wp-content\/uploads\/2026\/08\/annesophiebenoit-interflora-0925-30-1-scaled.jpg 1707w\" sizes=\"auto, (max-width: 683px) 100vw, 683px\" \/><\/figure><\/div>\n\n\n<div class=\"lp-produits-grid\"><div class=\"lp-produit\"><div class=\"lp-thumbnail-wrapper\"><img loading=\"lazy\" decoding=\"async\" width=\"300\" height=\"300\" src=\"https:\/\/interflora.dk\/blog\/wp-content\/uploads\/2026\/05\/Mellem_1-300x300.jpg\" class=\"attachment-medium size-medium wp-post-image\" alt=\"\" srcset=\"https:\/\/interflora.dk\/blog\/wp-content\/uploads\/2026\/05\/Mellem_1-300x300.jpg 300w, https:\/\/interflora.dk\/blog\/wp-content\/uploads\/2026\/05\/Mellem_1-1024x1024.jpg 1024w, https:\/\/interflora.dk\/blog\/wp-content\/uploads\/2026\/05\/Mellem_1-150x150.jpg 150w, https:\/\/interflora.dk\/blog\/wp-content\/uploads\/2026\/05\/Mellem_1-768x768.jpg 768w, https:\/\/interflora.dk\/blog\/wp-content\/uploads\/2026\/05\/Mellem_1.jpg 1200w\" sizes=\"auto, (max-width: 300px) 100vw, 300px\" \/><img decoding=\"async\" class=\"lp-badge\" src=\"https:\/\/prodblog.interflora.dk\/blog\/wp-content\/uploads\/2025\/09\/220422_INTERFLORA_Main_Logo_rgb_Main_Color.avif\" alt=\"Send blomster med Interflora\"><\/div><span>Sommerens morgengl\u00f8d<\/span><p>Fra 229 kr.<\/p><span class=\"obf-link lp-cta\" role=\"link\" tabindex=\"0\" data-b64=\"aHR0cHM6Ly9pbnRlcmZsb3JhLmRrL3Byb2R1a3Qvc29tbWVyZW5zLW1vcmdlbmdsb2VkP3Y9MTgwMjUmIzAzODt2YXJpYXRpb249NmVjNTExODYtMjdhNi00ODRmLWE4YjYtYWUyZjk3ZTY4MWVmP3V0bV9tZWRpdW09b3JnYW5pYyZ1dG1fc291cmNlPWJsb2dfcHJvZHVjdHMmdXRtX2NhbXBhaWduPTk0MDg=\" data-target=\"_blank\"><svg xmlns=\"http:\/\/www.w3.org\/2000\/svg\" width=\"16\" height=\"16\" fill=\"currentColor\" class=\"bi bi-bag\" viewBox=\"0 0 16 16\"><path d=\"M8 1a2 2 0 0 1 2 2v1h2.5A1.5 1.5 0 0 1 14 5.5v8A1.5 1.5 0 0 1 12.5 15h-9A1.5 1.5 0 0 1 2 13.5v-8A1.5 1.5 0 0 1 3.5 3H6V2a2 2 0 0 1 2-1zm1 3V3a1 1 0 0 0-2 0v1h2z\"\/><\/svg>K\u00f8b her<\/span><p class=\"rapido\">Bundet af din lokale florist<\/p><\/div><div class=\"lp-produit\"><div class=\"lp-thumbnail-wrapper\"><img loading=\"lazy\" decoding=\"async\" width=\"300\" height=\"300\" src=\"https:\/\/interflora.dk\/blog\/wp-content\/uploads\/2025\/09\/DEN_FORTRYLLENDE_SMALL-300x300.jpg\" class=\"attachment-medium size-medium wp-post-image\" alt=\"\" srcset=\"https:\/\/interflora.dk\/blog\/wp-content\/uploads\/2025\/09\/DEN_FORTRYLLENDE_SMALL-300x300.jpg 300w, https:\/\/interflora.dk\/blog\/wp-content\/uploads\/2025\/09\/DEN_FORTRYLLENDE_SMALL-1024x1024.jpg 1024w, https:\/\/interflora.dk\/blog\/wp-content\/uploads\/2025\/09\/DEN_FORTRYLLENDE_SMALL-150x150.jpg 150w, https:\/\/interflora.dk\/blog\/wp-content\/uploads\/2025\/09\/DEN_FORTRYLLENDE_SMALL-768x768.jpg 768w, https:\/\/interflora.dk\/blog\/wp-content\/uploads\/2025\/09\/DEN_FORTRYLLENDE_SMALL.jpg 1200w\" sizes=\"auto, (max-width: 300px) 100vw, 300px\" \/><img decoding=\"async\" class=\"lp-badge\" src=\"https:\/\/prodblog.interflora.dk\/blog\/wp-content\/uploads\/2025\/09\/220422_INTERFLORA_Main_Logo_rgb_Main_Color.avif\" alt=\"Send blomster med Interflora\"><\/div><span>Den fortryllende<\/span><p>Fra 259 kr.<\/p><span class=\"obf-link lp-cta\" role=\"link\" tabindex=\"0\" data-b64=\"aHR0cHM6Ly9pbnRlcmZsb3JhLmRrL3Byb2R1a3QvZGVuLWZvcnRyeWxsZW5kZT92PTkzMDYmIzAzODt2YXJpYXRpb249ZGNiMjRlM2QtMzBlZC00OTAxLWI0YWUtYTYxOTlkMzE2MWU2P3V0bV9tZWRpdW09b3JnYW5pYyZ1dG1fc291cmNlPWJsb2dfcHJvZHVjdHMmdXRtX2NhbXBhaWduPTU1MQ==\" data-target=\"_blank\"><svg xmlns=\"http:\/\/www.w3.org\/2000\/svg\" width=\"16\" height=\"16\" fill=\"currentColor\" class=\"bi bi-bag\" viewBox=\"0 0 16 16\"><path d=\"M8 1a2 2 0 0 1 2 2v1h2.5A1.5 1.5 0 0 1 14 5.5v8A1.5 1.5 0 0 1 12.5 15h-9A1.5 1.5 0 0 1 2 13.5v-8A1.5 1.5 0 0 1 3.5 3H6V2a2 2 0 0 1 2-1zm1 3V3a1 1 0 0 0-2 0v1h2z\"\/><\/svg>K\u00f8b her<\/span><p class=\"rapido\">Bundet af din lokale florist<\/p><\/div><div class=\"lp-produit\"><div class=\"lp-thumbnail-wrapper\"><img loading=\"lazy\" decoding=\"async\" width=\"300\" height=\"300\" src=\"https:\/\/interflora.dk\/blog\/wp-content\/uploads\/2026\/05\/Mellem_2-300x300.jpg\" class=\"attachment-medium size-medium wp-post-image\" alt=\"\" srcset=\"https:\/\/interflora.dk\/blog\/wp-content\/uploads\/2026\/05\/Mellem_2-300x300.jpg 300w, https:\/\/interflora.dk\/blog\/wp-content\/uploads\/2026\/05\/Mellem_2-1024x1024.jpg 1024w, https:\/\/interflora.dk\/blog\/wp-content\/uploads\/2026\/05\/Mellem_2-150x150.jpg 150w, https:\/\/interflora.dk\/blog\/wp-content\/uploads\/2026\/05\/Mellem_2-768x768.jpg 768w, https:\/\/interflora.dk\/blog\/wp-content\/uploads\/2026\/05\/Mellem_2.jpg 1200w\" sizes=\"auto, (max-width: 300px) 100vw, 300px\" \/><img decoding=\"async\" class=\"lp-badge\" src=\"https:\/\/prodblog.interflora.dk\/blog\/wp-content\/uploads\/2025\/09\/220422_INTERFLORA_Main_Logo_rgb_Main_Color.avif\" alt=\"Send blomster med Interflora\"><\/div><span>Solrige lilla nuancer<\/span><p>Fra 249 kr.<\/p><span class=\"obf-link lp-cta\" role=\"link\" tabindex=\"0\" data-b64=\"aHR0cHM6Ly9pbnRlcmZsb3JhLmRrL3Byb2R1a3Qvc29scmlnZS1saWxsYS1udWFuY2VyP3Y9MTgwNDMmIzAzODt2YXJpYXRpb249MWY2MDQ1MDQtMTY0MC00ZTQ0LWI2MjQtNjRjOTM1N2VlMmI1P3V0bV9tZWRpdW09b3JnYW5pYyZ1dG1fc291cmNlPWJsb2dfcHJvZHVjdHMmdXRtX2NhbXBhaWduPTk0MTA=\" data-target=\"_blank\"><svg xmlns=\"http:\/\/www.w3.org\/2000\/svg\" width=\"16\" height=\"16\" fill=\"currentColor\" class=\"bi bi-bag\" viewBox=\"0 0 16 16\"><path d=\"M8 1a2 2 0 0 1 2 2v1h2.5A1.5 1.5 0 0 1 14 5.5v8A1.5 1.5 0 0 1 12.5 15h-9A1.5 1.5 0 0 1 2 13.5v-8A1.5 1.5 0 0 1 3.5 3H6V2a2 2 0 0 1 2-1zm1 3V3a1 1 0 0 0-2 0v1h2z\"\/><\/svg>K\u00f8b her<\/span><p class=\"rapido\">Din personlige hilsen<\/p><\/div><div class=\"lp-produit\"><div class=\"lp-thumbnail-wrapper\"><img loading=\"lazy\" decoding=\"async\" width=\"300\" height=\"300\" src=\"https:\/\/interflora.dk\/blog\/wp-content\/uploads\/2026\/03\/billede_1-300x300.jpeg\" class=\"attachment-medium size-medium wp-post-image\" alt=\"\" srcset=\"https:\/\/interflora.dk\/blog\/wp-content\/uploads\/2026\/03\/billede_1-300x300.jpeg 300w, https:\/\/interflora.dk\/blog\/wp-content\/uploads\/2026\/03\/billede_1-1024x1024.jpeg 1024w, https:\/\/interflora.dk\/blog\/wp-content\/uploads\/2026\/03\/billede_1-150x150.jpeg 150w, https:\/\/interflora.dk\/blog\/wp-content\/uploads\/2026\/03\/billede_1-768x768.jpeg 768w, https:\/\/interflora.dk\/blog\/wp-content\/uploads\/2026\/03\/billede_1.jpeg 1200w\" sizes=\"auto, (max-width: 300px) 100vw, 300px\" \/><img decoding=\"async\" class=\"lp-badge\" src=\"https:\/\/prodblog.interflora.dk\/blog\/wp-content\/uploads\/2025\/09\/220422_INTERFLORA_Main_Logo_rgb_Main_Color.avif\" alt=\"Send blomster med Interflora\"><\/div><span>Blomstergl\u00e6de &#8211; leveres i gaveboks med DAO<\/span><p>Fra 159 kr.<\/p><span class=\"obf-link lp-cta\" role=\"link\" tabindex=\"0\" data-b64=\"aHR0cHM6Ly9pbnRlcmZsb3JhLmRrL3Byb2R1a3QvYmxvbXN0ZXJnbGFlZGU\/dj0xNzkyNiYjMDM4O3ZhcmlhdGlvbj04NzI0ZGUyYy0xN2M5LTQwZjEtYWNjNC02MTUxZDcxOWJiZTM\/dXRtX21lZGl1bT1vcmdhbmljJnV0bV9zb3VyY2U9YmxvZ19wcm9kdWN0cyZ1dG1fY2FtcGFpZ249OTE1MA==\" data-target=\"_blank\"><svg xmlns=\"http:\/\/www.w3.org\/2000\/svg\" width=\"16\" height=\"16\" fill=\"currentColor\" class=\"bi bi-bag\" viewBox=\"0 0 16 16\"><path d=\"M8 1a2 2 0 0 1 2 2v1h2.5A1.5 1.5 0 0 1 14 5.5v8A1.5 1.5 0 0 1 12.5 15h-9A1.5 1.5 0 0 1 2 13.5v-8A1.5 1.5 0 0 1 3.5 3H6V2a2 2 0 0 1 2-1zm1 3V3a1 1 0 0 0-2 0v1h2z\"\/><\/svg>K\u00f8b her<\/span><p class=\"rapido\">Kundernes favorit<\/p><\/div><\/div>\n\n\n\n<h2 class=\"wp-block-heading alignwide\">Bl\u00e5 hortensiaer: FAQ<\/h2>\n\n\n\n<h3 class=\"wp-block-heading alignwide\">Kan alle hortensiaer blive bl\u00e5?<\/h3>\n\n\n\n<p class=\"wp-block-paragraph\">Nej, ikke alle hortensiaer kan blive bl\u00e5. Det afh\u00e6nger f\u00f8rst og fremmest af sorten. Hortensiaer med lyser\u00f8de eller r\u00f8de blomster har typisk bedst mulighed for at udvikle bl\u00e5 nuancer, hvis jordforholdene er de rette. Hvide hortensiaer skifter derimod ikke farve p\u00e5 samme m\u00e5de.&nbsp;<\/p>\n\n\n\n<h3 class=\"wp-block-heading alignwide\">Hvor lang tid tager det at g\u00f8re en hortensia bl\u00e5?<\/h3>\n\n\n\n<p class=\"wp-block-paragraph\">Det afh\u00e6nger blandt andet af sorten, jordens pH-v\u00e6rdi og forholdene i haven. Det kan tage flere m\u00e5neder, og i nogle tilf\u00e6lde flere s\u00e6soner, f\u00f8r du kan se en tydelig forskel i blomsterfarven.<\/p>\n\n\n\n<p class=\"wp-block-paragraph\">Det er derfor en god id\u00e9 at v\u00e6re t\u00e5lmodig og give hortensiaen tid til at tilpasse sig. Undg\u00e5 at bruge mere g\u00f8dning eller andre tilskud end anbefalet, da det ikke n\u00f8dvendigvis f\u00e5r farveskiftet til at g\u00e5 hurtigere.<\/p>\n\n\n\n<h3 class=\"wp-block-heading alignwide\"> Kan man g\u00f8re allerede udplantede hortensiaer bl\u00e5?<\/h3>\n\n\n\n<p class=\"wp-block-paragraph\">Ja, det kan man i nogle tilf\u00e6lde. Det kr\u00e6ver, at jordens forhold \u00e6ndres gradvist, og at du holder \u00f8je med pH-v\u00e6rdien. Det er dog ofte lettere at styre farven p\u00e5 en hortensia i potte, fordi du har bedre kontrol over jorden.&nbsp;<\/p>\n\n\n\n<h3 class=\"wp-block-heading alignwide\">Hvorfor bliver min bl\u00e5 hortensia lyser\u00f8d?<\/h3>\n\n\n\n<p class=\"wp-block-paragraph\">En bl\u00e5 hortensia kan blive lyser\u00f8d, hvis forholdene i jorden \u00e6ndrer sig. Det kan for eksempel skyldes, at jordens pH-v\u00e6rdi stiger, at der er meget kalk i jorden, eller at planten har sv\u00e6rere ved at optage aluminium. Vandingsvandet kan ogs\u00e5 have betydning, is\u00e6r hvis det indeholder meget kalk.&nbsp;<\/p>\n\n\n\n<h3 class=\"wp-block-heading alignwide\">Kan man \u00e6ndre farven p\u00e5 en buket hortensiaer?<\/h3>\n\n\n\n<p class=\"wp-block-paragraph\">Nej, ikke n\u00e5r hortensiaerne er sk\u00e5ret af. Farven p\u00e5 afsk\u00e5rne hortensiaer kan ikke \u00e6ndres p\u00e5 samme m\u00e5de som p\u00e5 en levende plante.&nbsp;<\/p>\n\n\n\n<p class=\"wp-block-paragraph\"><strong>Vi h\u00e5ber, du har f\u00e5et mod p\u00e5 at give dig i kast med at f\u00e5 dine hortensiaer til at skifte farve. Med lidt t\u00e5lmodighed og de rette forhold kan du ogs\u00e5 f\u00e5 smukke bl\u00e5 nuancer i haven.<\/strong><\/p>\n\n\n\n<div class=\"wp-block-buttons alignwide is-content-justification-center is-layout-flex wp-container-core-buttons-is-layout-3e41869c wp-block-buttons-is-layout-flex\">\n<div class=\"wp-block-button\"><a class=\"wp-block-button__link has-ast-global-color-1-background-color has-background has-medium-font-size has-custom-font-size wp-element-button\" href=\"https:\/\/interflora.dk\/c\/bestil-blomster?utm_source=blog&amp;utm_campaign=post-cta\" target=\"_blank\" rel=\"noreferrer noopener\">Bestil blomster med Interflora<\/a><\/div>\n<\/div>\n\n\n<div class=\"lp-produits-grid\"><div class=\"lp-produit\"><div class=\"lp-thumbnail-wrapper\"><img loading=\"lazy\" decoding=\"async\" width=\"300\" height=\"300\" src=\"https:\/\/interflora.dk\/blog\/wp-content\/uploads\/2026\/03\/billede_2-300x300.jpeg\" class=\"attachment-medium size-medium wp-post-image\" alt=\"\" srcset=\"https:\/\/interflora.dk\/blog\/wp-content\/uploads\/2026\/03\/billede_2-300x300.jpeg 300w, https:\/\/interflora.dk\/blog\/wp-content\/uploads\/2026\/03\/billede_2-1024x1024.jpeg 1024w, https:\/\/interflora.dk\/blog\/wp-content\/uploads\/2026\/03\/billede_2-150x150.jpeg 150w, https:\/\/interflora.dk\/blog\/wp-content\/uploads\/2026\/03\/billede_2-768x768.jpeg 768w, https:\/\/interflora.dk\/blog\/wp-content\/uploads\/2026\/03\/billede_2.jpeg 1200w\" sizes=\"auto, (max-width: 300px) 100vw, 300px\" \/><img decoding=\"async\" class=\"lp-badge\" src=\"https:\/\/prodblog.interflora.dk\/blog\/wp-content\/uploads\/2025\/09\/220422_INTERFLORA_Main_Logo_rgb_Main_Color.avif\" alt=\"Send blomster med Interflora\"><\/div><span>Solstr\u00e5le &#8211; leveres i gaveboks med DAO<\/span><p>Fra 179 kr.<\/p><span class=\"obf-link lp-cta\" role=\"link\" tabindex=\"0\" data-b64=\"aHR0cHM6Ly9pbnRlcmZsb3JhLmRrL3Byb2R1a3Qvc29sc3RyYWFsZT92PTE3OTQ0JiMwMzg7dmFyaWF0aW9uPWM2OTJiMTk0LWViYzUtNDEwMC1iNWQ4LWIyYThmN2ViMWU4OD91dG1fbWVkaXVtPW9yZ2FuaWMmdXRtX3NvdXJjZT1ibG9nX3Byb2R1Y3RzJnV0bV9jYW1wYWlnbj05MTk1\" data-target=\"_blank\"><svg xmlns=\"http:\/\/www.w3.org\/2000\/svg\" width=\"16\" height=\"16\" fill=\"currentColor\" class=\"bi bi-bag\" viewBox=\"0 0 16 16\"><path d=\"M8 1a2 2 0 0 1 2 2v1h2.5A1.5 1.5 0 0 1 14 5.5v8A1.5 1.5 0 0 1 12.5 15h-9A1.5 1.5 0 0 1 2 13.5v-8A1.5 1.5 0 0 1 3.5 3H6V2a2 2 0 0 1 2-1zm1 3V3a1 1 0 0 0-2 0v1h2z\"\/><\/svg>K\u00f8b her<\/span><p class=\"rapido\">Bundet af din lokale florist<\/p><\/div><div class=\"lp-produit\"><div class=\"lp-thumbnail-wrapper\"><img loading=\"lazy\" decoding=\"async\" width=\"300\" height=\"300\" src=\"https:\/\/interflora.dk\/blog\/wp-content\/uploads\/2026\/05\/LyserC3B8d20sommerdrC3B8m20-20medium-300x300.jpg\" class=\"attachment-medium size-medium wp-post-image\" alt=\"\" srcset=\"https:\/\/interflora.dk\/blog\/wp-content\/uploads\/2026\/05\/LyserC3B8d20sommerdrC3B8m20-20medium-300x300.jpg 300w, https:\/\/interflora.dk\/blog\/wp-content\/uploads\/2026\/05\/LyserC3B8d20sommerdrC3B8m20-20medium-1024x1024.jpg 1024w, https:\/\/interflora.dk\/blog\/wp-content\/uploads\/2026\/05\/LyserC3B8d20sommerdrC3B8m20-20medium-150x150.jpg 150w, https:\/\/interflora.dk\/blog\/wp-content\/uploads\/2026\/05\/LyserC3B8d20sommerdrC3B8m20-20medium-768x768.jpg 768w, https:\/\/interflora.dk\/blog\/wp-content\/uploads\/2026\/05\/LyserC3B8d20sommerdrC3B8m20-20medium.jpg 1200w\" sizes=\"auto, (max-width: 300px) 100vw, 300px\" \/><img decoding=\"async\" class=\"lp-badge\" src=\"https:\/\/prodblog.interflora.dk\/blog\/wp-content\/uploads\/2025\/09\/220422_INTERFLORA_Main_Logo_rgb_Main_Color.avif\" alt=\"Send blomster med Interflora\"><\/div><span>Lyser\u00f8d sommerdr\u00f8m<\/span><p>Fra 239 kr.<\/p><span class=\"obf-link lp-cta\" role=\"link\" tabindex=\"0\" data-b64=\"aHR0cHM6Ly9pbnRlcmZsb3JhLmRrL3Byb2R1a3QvbHlzZXJvZWQtc29tbWVyZHJvZW0\/dj0xODAzNCYjMDM4O3ZhcmlhdGlvbj02NDY4YzNiYS03YjE5LTQ1N2EtYjNhMy0yYzQ4ZjBmZGUyZDU\/dXRtX21lZGl1bT1vcmdhbmljJnV0bV9zb3VyY2U9YmxvZ19wcm9kdWN0cyZ1dG1fY2FtcGFpZ249OTQwOQ==\" data-target=\"_blank\"><svg xmlns=\"http:\/\/www.w3.org\/2000\/svg\" width=\"16\" height=\"16\" fill=\"currentColor\" class=\"bi bi-bag\" viewBox=\"0 0 16 16\"><path d=\"M8 1a2 2 0 0 1 2 2v1h2.5A1.5 1.5 0 0 1 14 5.5v8A1.5 1.5 0 0 1 12.5 15h-9A1.5 1.5 0 0 1 2 13.5v-8A1.5 1.5 0 0 1 3.5 3H6V2a2 2 0 0 1 2-1zm1 3V3a1 1 0 0 0-2 0v1h2z\"\/><\/svg>K\u00f8b her<\/span><p class=\"rapido\">H\u00e5ndbundet af florister<\/p><\/div><div class=\"lp-produit\"><div class=\"lp-thumbnail-wrapper\"><img loading=\"lazy\" decoding=\"async\" width=\"300\" height=\"300\" src=\"https:\/\/interflora.dk\/blog\/wp-content\/uploads\/2025\/09\/DEN_HELT_RIGTIGE_SMALL_552_v-300x300.jpg\" class=\"attachment-medium size-medium wp-post-image\" alt=\"\" srcset=\"https:\/\/interflora.dk\/blog\/wp-content\/uploads\/2025\/09\/DEN_HELT_RIGTIGE_SMALL_552_v-300x300.jpg 300w, https:\/\/interflora.dk\/blog\/wp-content\/uploads\/2025\/09\/DEN_HELT_RIGTIGE_SMALL_552_v-1024x1024.jpg 1024w, https:\/\/interflora.dk\/blog\/wp-content\/uploads\/2025\/09\/DEN_HELT_RIGTIGE_SMALL_552_v-150x150.jpg 150w, https:\/\/interflora.dk\/blog\/wp-content\/uploads\/2025\/09\/DEN_HELT_RIGTIGE_SMALL_552_v-768x768.jpg 768w, https:\/\/interflora.dk\/blog\/wp-content\/uploads\/2025\/09\/DEN_HELT_RIGTIGE_SMALL_552_v.jpg 1200w\" sizes=\"auto, (max-width: 300px) 100vw, 300px\" \/><img decoding=\"async\" class=\"lp-badge\" src=\"https:\/\/prodblog.interflora.dk\/blog\/wp-content\/uploads\/2025\/09\/220422_INTERFLORA_Main_Logo_rgb_Main_Color.avif\" alt=\"Send blomster med Interflora\"><\/div><span>Den helt rigtige<\/span><p>Fra 269 kr.<\/p><span class=\"obf-link lp-cta\" role=\"link\" tabindex=\"0\" data-b64=\"aHR0cHM6Ly9pbnRlcmZsb3JhLmRrL3Byb2R1a3QvZGVuLWhlbHQtcmlndGlnZT92PTkzMjEmIzAzODt2YXJpYXRpb249YjYwNDJkNzEtZWFjYi00M2U4LWI5MWEtMzg5OTRhODliNzMyP3V0bV9tZWRpdW09b3JnYW5pYyZ1dG1fc291cmNlPWJsb2dfcHJvZHVjdHMmdXRtX2NhbXBhaWduPTU1Mg==\" data-target=\"_blank\"><svg xmlns=\"http:\/\/www.w3.org\/2000\/svg\" width=\"16\" height=\"16\" fill=\"currentColor\" class=\"bi bi-bag\" viewBox=\"0 0 16 16\"><path d=\"M8 1a2 2 0 0 1 2 2v1h2.5A1.5 1.5 0 0 1 14 5.5v8A1.5 1.5 0 0 1 12.5 15h-9A1.5 1.5 0 0 1 2 13.5v-8A1.5 1.5 0 0 1 3.5 3H6V2a2 2 0 0 1 2-1zm1 3V3a1 1 0 0 0-2 0v1h2z\"\/><\/svg>K\u00f8b her<\/span><p class=\"rapido\">Levering i dag<\/p><\/div><div class=\"lp-produit\"><div class=\"lp-thumbnail-wrapper\"><img loading=\"lazy\" decoding=\"async\" width=\"300\" height=\"300\" src=\"https:\/\/interflora.dk\/blog\/wp-content\/uploads\/2025\/09\/DEN_VENLIGE_VINTERVERSION_HAND_v_0-300x300.jpg\" class=\"attachment-medium size-medium wp-post-image\" alt=\"\" srcset=\"https:\/\/interflora.dk\/blog\/wp-content\/uploads\/2025\/09\/DEN_VENLIGE_VINTERVERSION_HAND_v_0-300x300.jpg 300w, https:\/\/interflora.dk\/blog\/wp-content\/uploads\/2025\/09\/DEN_VENLIGE_VINTERVERSION_HAND_v_0-1024x1024.jpg 1024w, https:\/\/interflora.dk\/blog\/wp-content\/uploads\/2025\/09\/DEN_VENLIGE_VINTERVERSION_HAND_v_0-150x150.jpg 150w, https:\/\/interflora.dk\/blog\/wp-content\/uploads\/2025\/09\/DEN_VENLIGE_VINTERVERSION_HAND_v_0-768x768.jpg 768w, https:\/\/interflora.dk\/blog\/wp-content\/uploads\/2025\/09\/DEN_VENLIGE_VINTERVERSION_HAND_v_0.jpg 1200w\" sizes=\"auto, (max-width: 300px) 100vw, 300px\" \/><img decoding=\"async\" class=\"lp-badge\" src=\"https:\/\/prodblog.interflora.dk\/blog\/wp-content\/uploads\/2025\/09\/220422_INTERFLORA_Main_Logo_rgb_Main_Color.avif\" alt=\"Send blomster med Interflora\"><\/div><span>Den venlige<\/span><p>Fra 219 kr.<\/p><span class=\"obf-link lp-cta\" role=\"link\" tabindex=\"0\" data-b64=\"aHR0cHM6Ly9pbnRlcmZsb3JhLmRrL3Byb2R1a3QvZGVuLXZlbmxpZ2U\/dj0xNTgwMiYjMDM4O3ZhcmlhdGlvbj1jMDRiZDM3OC1kZGYyLTRjMmItYmM5My1hYWM2ZWJlZWUwNDI\/dXRtX21lZGl1bT1vcmdhbmljJnV0bV9zb3VyY2U9YmxvZ19wcm9kdWN0cyZ1dG1fY2FtcGFpZ249NTc0Ng==\" data-target=\"_blank\"><svg xmlns=\"http:\/\/www.w3.org\/2000\/svg\" width=\"16\" height=\"16\" fill=\"currentColor\" class=\"bi bi-bag\" viewBox=\"0 0 16 16\"><path d=\"M8 1a2 2 0 0 1 2 2v1h2.5A1.5 1.5 0 0 1 14 5.5v8A1.5 1.5 0 0 1 12.5 15h-9A1.5 1.5 0 0 1 2 13.5v-8A1.5 1.5 0 0 1 3.5 3H6V2a2 2 0 0 1 2-1zm1 3V3a1 1 0 0 0-2 0v1h2z\"\/><\/svg>K\u00f8b her<\/span><p class=\"rapido\">Levering i dag<\/p><\/div><\/div>\n\n\n\n<p class=\"wp-block-paragraph\"><\/p>\n","protected":false},"excerpt":{"rendered":"<p>Vidste du, at hortensiaer kan skifte farve? Hvis du dr\u00f8mmer om bl\u00e5 hortensiaer i haven, men dine blomstrer lyser\u00f8dt, er [&hellip;]<\/p>\n","protected":false},"author":14,"featured_media":64156,"comment_status":"open","ping_status":"open","sticky":false,"template":"","format":"standard","meta":{"_uag_custom_page_level_css":"","site-sidebar-layout":"default","site-content-layout":"","ast-site-content-layout":"default","site-content-style":"default","site-sidebar-style":"default","ast-global-header-display":"","ast-banner-title-visibility":"","ast-main-header-display":"","ast-hfb-above-header-display":"","ast-hfb-below-header-display":"","ast-hfb-mobile-header-display":"","site-post-title":"","ast-breadcrumbs-content":"","ast-featured-img":"","footer-sml-layout":"","ast-disable-related-posts":"","theme-transparent-header-meta":"","adv-header-id-meta":"","stick-header-meta":"","header-above-stick-meta":"","header-main-stick-meta":"","header-below-stick-meta":"","astra-migrate-meta-layouts":"default","ast-page-background-enabled":"default","ast-page-background-meta":{"desktop":{"background-color":"var(--ast-global-color-5)","background-image":"","background-repeat":"repeat","background-position":"center center","background-size":"auto","background-attachment":"scroll","background-type":"","background-media":"","overlay-type":"","overlay-color":"","overlay-opacity":"","overlay-gradient":""},"tablet":{"background-color":"","background-image":"","background-repeat":"repeat","background-position":"center center","background-size":"auto","background-attachment":"scroll","background-type":"","background-media":"","overlay-type":"","overlay-color":"","overlay-opacity":"","overlay-gradient":""},"mobile":{"background-color":"","background-image":"","background-repeat":"repeat","background-position":"center center","background-size":"auto","background-attachment":"scroll","background-type":"","background-media":"","overlay-type":"","overlay-color":"","overlay-opacity":"","overlay-gradient":""}},"ast-content-background-meta":{"desktop":{"background-color":"var(--ast-global-color-4)","background-image":"","background-repeat":"repeat","background-position":"center center","background-size":"auto","background-attachment":"scroll","background-type":"","background-media":"","overlay-type":"","overlay-color":"","overlay-opacity":"","overlay-gradient":""},"tablet":{"background-color":"var(--ast-global-color-4)","background-image":"","background-repeat":"repeat","background-position":"center center","background-size":"auto","background-attachment":"scroll","background-type":"","background-media":"","overlay-type":"","overlay-color":"","overlay-opacity":"","overlay-gradient":""},"mobile":{"background-color":"var(--ast-global-color-4)","background-image":"","background-repeat":"repeat","background-position":"center center","background-size":"auto","background-attachment":"scroll","background-type":"","background-media":"","overlay-type":"","overlay-color":"","overlay-opacity":"","overlay-gradient":""}},"footnotes":""},"categories":[215,188,199,264,234],"tags":[166,359,169],"class_list":["post-64155","post","type-post","status-publish","format-standard","has-post-thumbnail","hentry","category-blomstrende-planter","category-dekorationer-og-diy","category-efteraar","category-hortensia","category-planter","tag-blomster","tag-hortensia-farve","tag-planter"],"yoast_head":"<!-- This site is optimized with the Yoast SEO plugin v28.1 - https:\/\/yoast.com\/product\/yoast-seo-wordpress\/ -->\n<title>Bl\u00e5 hortensia: S\u00e5dan \u00e6ndrer du farven p\u00e5 din hortensia | Interflora<\/title>\n<meta name=\"description\" content=\"Hvordan f\u00e5r man bl\u00e5 hortensiaer? L\u00e6s, hvordan jordens pH-v\u00e6rdi og aluminium p\u00e5virker hortensiaens farve, og hvordan du kan fremme de bl\u00e5 nuancer.\" \/>\n<meta name=\"robots\" content=\"index, follow, max-snippet:-1, max-image-preview:large, max-video-preview:-1\" \/>\n<link rel=\"canonical\" href=\"https:\/\/interflora.dk\/blog\/vidste-du-at-du-kan-aendre-farven-paa-din-hortensia\/\" \/>\n<meta property=\"og:locale\" content=\"da_DK\" \/>\n<meta property=\"og:type\" content=\"article\" \/>\n<meta property=\"og:title\" content=\"Bl\u00e5 hortensia: S\u00e5dan \u00e6ndrer du farven p\u00e5 din hortensia | Interflora\" \/>\n<meta property=\"og:description\" content=\"Hvordan f\u00e5r man bl\u00e5 hortensiaer? L\u00e6s, hvordan jordens pH-v\u00e6rdi og aluminium p\u00e5virker hortensiaens farve, og hvordan du kan fremme de bl\u00e5 nuancer.\" \/>\n<meta property=\"og:url\" content=\"https:\/\/interflora.dk\/blog\/vidste-du-at-du-kan-aendre-farven-paa-din-hortensia\/\" \/>\n<meta property=\"og:site_name\" content=\"Interflora\" \/>\n<meta property=\"article:publisher\" content=\"https:\/\/www.facebook.com\/InterfloraDanmark\" \/>\n<meta property=\"article:published_time\" content=\"2026-08-31T09:20:07+00:00\" \/>\n<meta property=\"article:modified_time\" content=\"2026-08-31T09:20:08+00:00\" \/>\n<meta property=\"og:image\" content=\"https:\/\/interflora.dk\/blog\/wp-content\/uploads\/2026\/08\/1202715-Hortensialycka-Miljobild-Narbild-Staende-scaled.jpg\" \/>\n\t<meta property=\"og:image:width\" content=\"1707\" \/>\n\t<meta property=\"og:image:height\" content=\"2560\" \/>\n\t<meta property=\"og:image:type\" content=\"image\/jpeg\" \/>\n<meta name=\"author\" content=\"Rebecca\" \/>\n<meta name=\"twitter:card\" content=\"summary_large_image\" \/>\n<meta name=\"twitter:label1\" content=\"Skrevet af\" \/>\n\t<meta name=\"twitter:data1\" content=\"Rebecca\" \/>\n\t<meta name=\"twitter:label2\" content=\"Estimeret l\u00e6setid\" \/>\n\t<meta name=\"twitter:data2\" content=\"6 minutter\" \/>\n<script type=\"application\/ld+json\" class=\"yoast-schema-graph\">{\"@context\":\"https:\\\/\\\/schema.org\",\"@graph\":[{\"@type\":\"Article\",\"@id\":\"https:\\\/\\\/interflora.dk\\\/blog\\\/vidste-du-at-du-kan-aendre-farven-paa-din-hortensia\\\/#article\",\"isPartOf\":{\"@id\":\"https:\\\/\\\/interflora.dk\\\/blog\\\/vidste-du-at-du-kan-aendre-farven-paa-din-hortensia\\\/\"},\"author\":{\"name\":\"Rebecca\",\"@id\":\"https:\\\/\\\/interflora.dk\\\/blog\\\/#\\\/schema\\\/person\\\/539d242367a91b649952f5d251feb5ba\"},\"headline\":\"Vidste du, at du kan \u00e6ndre farven p\u00e5 din hortensia?\",\"datePublished\":\"2026-08-31T09:20:07+00:00\",\"dateModified\":\"2026-08-31T09:20:08+00:00\",\"mainEntityOfPage\":{\"@id\":\"https:\\\/\\\/interflora.dk\\\/blog\\\/vidste-du-at-du-kan-aendre-farven-paa-din-hortensia\\\/\"},\"wordCount\":1126,\"commentCount\":0,\"publisher\":{\"@id\":\"https:\\\/\\\/interflora.dk\\\/blog\\\/#organization\"},\"image\":{\"@id\":\"https:\\\/\\\/interflora.dk\\\/blog\\\/vidste-du-at-du-kan-aendre-farven-paa-din-hortensia\\\/#primaryimage\"},\"thumbnailUrl\":\"https:\\\/\\\/interflora.dk\\\/blog\\\/wp-content\\\/uploads\\\/2026\\\/08\\\/1202715-Hortensialycka-Miljobild-Narbild-Staende-scaled.jpg\",\"keywords\":[\"Blomster\",\"hortensia farve\",\"Planter\"],\"articleSection\":[\"Blomstrende planter: Vores guides\",\"DIY: Inspiration og ideer\",\"Efter\u00e5rets fortryllelse: Inspiration og tips\",\"Hortensia\",\"Planter: Pleje og inspiration\"],\"inLanguage\":\"da-DK\",\"potentialAction\":[{\"@type\":\"CommentAction\",\"name\":\"Comment\",\"target\":[\"https:\\\/\\\/interflora.dk\\\/blog\\\/vidste-du-at-du-kan-aendre-farven-paa-din-hortensia\\\/#respond\"]}]},{\"@type\":\"WebPage\",\"@id\":\"https:\\\/\\\/interflora.dk\\\/blog\\\/vidste-du-at-du-kan-aendre-farven-paa-din-hortensia\\\/\",\"url\":\"https:\\\/\\\/interflora.dk\\\/blog\\\/vidste-du-at-du-kan-aendre-farven-paa-din-hortensia\\\/\",\"name\":\"Bl\u00e5 hortensia: S\u00e5dan \u00e6ndrer du farven p\u00e5 din hortensia | Interflora\",\"isPartOf\":{\"@id\":\"https:\\\/\\\/interflora.dk\\\/blog\\\/#website\"},\"primaryImageOfPage\":{\"@id\":\"https:\\\/\\\/interflora.dk\\\/blog\\\/vidste-du-at-du-kan-aendre-farven-paa-din-hortensia\\\/#primaryimage\"},\"image\":{\"@id\":\"https:\\\/\\\/interflora.dk\\\/blog\\\/vidste-du-at-du-kan-aendre-farven-paa-din-hortensia\\\/#primaryimage\"},\"thumbnailUrl\":\"https:\\\/\\\/interflora.dk\\\/blog\\\/wp-content\\\/uploads\\\/2026\\\/08\\\/1202715-Hortensialycka-Miljobild-Narbild-Staende-scaled.jpg\",\"datePublished\":\"2026-08-31T09:20:07+00:00\",\"dateModified\":\"2026-08-31T09:20:08+00:00\",\"description\":\"Hvordan f\u00e5r man bl\u00e5 hortensiaer? L\u00e6s, hvordan jordens pH-v\u00e6rdi og aluminium p\u00e5virker hortensiaens farve, og hvordan du kan fremme de bl\u00e5 nuancer.\",\"breadcrumb\":{\"@id\":\"https:\\\/\\\/interflora.dk\\\/blog\\\/vidste-du-at-du-kan-aendre-farven-paa-din-hortensia\\\/#breadcrumb\"},\"inLanguage\":\"da-DK\",\"potentialAction\":[{\"@type\":\"ReadAction\",\"target\":[\"https:\\\/\\\/interflora.dk\\\/blog\\\/vidste-du-at-du-kan-aendre-farven-paa-din-hortensia\\\/\"]}]},{\"@type\":\"ImageObject\",\"inLanguage\":\"da-DK\",\"@id\":\"https:\\\/\\\/interflora.dk\\\/blog\\\/vidste-du-at-du-kan-aendre-farven-paa-din-hortensia\\\/#primaryimage\",\"url\":\"https:\\\/\\\/interflora.dk\\\/blog\\\/wp-content\\\/uploads\\\/2026\\\/08\\\/1202715-Hortensialycka-Miljobild-Narbild-Staende-scaled.jpg\",\"contentUrl\":\"https:\\\/\\\/interflora.dk\\\/blog\\\/wp-content\\\/uploads\\\/2026\\\/08\\\/1202715-Hortensialycka-Miljobild-Narbild-Staende-scaled.jpg\",\"width\":1707,\"height\":2560},{\"@type\":\"BreadcrumbList\",\"@id\":\"https:\\\/\\\/interflora.dk\\\/blog\\\/vidste-du-at-du-kan-aendre-farven-paa-din-hortensia\\\/#breadcrumb\",\"itemListElement\":[{\"@type\":\"ListItem\",\"position\":1,\"name\":\"Home\",\"item\":\"https:\\\/\\\/interflora.dk\\\/blog\\\/\"},{\"@type\":\"ListItem\",\"position\":2,\"name\":\"Vidste du, at du kan \u00e6ndre farven p\u00e5 din hortensia?\"}]},{\"@type\":\"WebSite\",\"@id\":\"https:\\\/\\\/interflora.dk\\\/blog\\\/#website\",\"url\":\"https:\\\/\\\/interflora.dk\\\/blog\\\/\",\"name\":\"Interflora\",\"description\":\"\",\"publisher\":{\"@id\":\"https:\\\/\\\/interflora.dk\\\/blog\\\/#organization\"},\"potentialAction\":[{\"@type\":\"SearchAction\",\"target\":{\"@type\":\"EntryPoint\",\"urlTemplate\":\"https:\\\/\\\/interflora.dk\\\/blog\\\/?s={search_term_string}\"},\"query-input\":{\"@type\":\"PropertyValueSpecification\",\"valueRequired\":true,\"valueName\":\"search_term_string\"}}],\"inLanguage\":\"da-DK\"},{\"@type\":\"Organization\",\"@id\":\"https:\\\/\\\/interflora.dk\\\/blog\\\/#organization\",\"name\":\"Interflora\",\"url\":\"https:\\\/\\\/interflora.dk\\\/blog\\\/\",\"logo\":{\"@type\":\"ImageObject\",\"inLanguage\":\"da-DK\",\"@id\":\"https:\\\/\\\/interflora.dk\\\/blog\\\/#\\\/schema\\\/logo\\\/image\\\/\",\"url\":\"https:\\\/\\\/interflora.dk\\\/blog\\\/wp-content\\\/uploads\\\/2025\\\/09\\\/220422_INTERFLORA_Logo_rgb_Half_Top_Circle_Main_Color.png\",\"contentUrl\":\"https:\\\/\\\/interflora.dk\\\/blog\\\/wp-content\\\/uploads\\\/2025\\\/09\\\/220422_INTERFLORA_Logo_rgb_Half_Top_Circle_Main_Color.png\",\"width\":1418,\"height\":710,\"caption\":\"Interflora\"},\"image\":{\"@id\":\"https:\\\/\\\/interflora.dk\\\/blog\\\/#\\\/schema\\\/logo\\\/image\\\/\"},\"sameAs\":[\"https:\\\/\\\/www.facebook.com\\\/InterfloraDanmark\",\"https:\\\/\\\/www.instagram.com\\\/interfloradk\",\"https:\\\/\\\/www.linkedin.com\\\/company\\\/interfloradanmark\",\"https:\\\/\\\/www.youtube.com\\\/user\\\/InterfloraTV\"]},{\"@type\":\"Person\",\"@id\":\"https:\\\/\\\/interflora.dk\\\/blog\\\/#\\\/schema\\\/person\\\/539d242367a91b649952f5d251feb5ba\",\"name\":\"Rebecca\",\"image\":{\"@type\":\"ImageObject\",\"inLanguage\":\"da-DK\",\"@id\":\"https:\\\/\\\/interflora.dk\\\/blog\\\/wp-content\\\/litespeed\\\/avatar\\\/71e9bb45c3ae30a923c5edf07d65b0db.jpg?ver=1787839022\",\"url\":\"https:\\\/\\\/interflora.dk\\\/blog\\\/wp-content\\\/litespeed\\\/avatar\\\/71e9bb45c3ae30a923c5edf07d65b0db.jpg?ver=1787839022\",\"contentUrl\":\"https:\\\/\\\/interflora.dk\\\/blog\\\/wp-content\\\/litespeed\\\/avatar\\\/71e9bb45c3ae30a923c5edf07d65b0db.jpg?ver=1787839022\",\"caption\":\"Rebecca\"}}]}<\/script>\n<!-- \/ Yoast SEO plugin. -->","yoast_head_json":{"title":"Bl\u00e5 hortensia: S\u00e5dan \u00e6ndrer du farven p\u00e5 din hortensia | Interflora","description":"Hvordan f\u00e5r man bl\u00e5 hortensiaer? L\u00e6s, hvordan jordens pH-v\u00e6rdi og aluminium p\u00e5virker hortensiaens farve, og hvordan du kan fremme de bl\u00e5 nuancer.","robots":{"index":"index","follow":"follow","max-snippet":"max-snippet:-1","max-image-preview":"max-image-preview:large","max-video-preview":"max-video-preview:-1"},"canonical":"https:\/\/interflora.dk\/blog\/vidste-du-at-du-kan-aendre-farven-paa-din-hortensia\/","og_locale":"da_DK","og_type":"article","og_title":"Bl\u00e5 hortensia: S\u00e5dan \u00e6ndrer du farven p\u00e5 din hortensia | Interflora","og_description":"Hvordan f\u00e5r man bl\u00e5 hortensiaer? L\u00e6s, hvordan jordens pH-v\u00e6rdi og aluminium p\u00e5virker hortensiaens farve, og hvordan du kan fremme de bl\u00e5 nuancer.","og_url":"https:\/\/interflora.dk\/blog\/vidste-du-at-du-kan-aendre-farven-paa-din-hortensia\/","og_site_name":"Interflora","article_publisher":"https:\/\/www.facebook.com\/InterfloraDanmark","article_published_time":"2026-08-31T09:20:07+00:00","article_modified_time":"2026-08-31T09:20:08+00:00","og_image":[{"width":1707,"height":2560,"url":"https:\/\/interflora.dk\/blog\/wp-content\/uploads\/2026\/08\/1202715-Hortensialycka-Miljobild-Narbild-Staende-scaled.jpg","type":"image\/jpeg"}],"author":"Rebecca","twitter_card":"summary_large_image","twitter_misc":{"Skrevet af":"Rebecca","Estimeret l\u00e6setid":"6 minutter"},"schema":{"@context":"https:\/\/schema.org","@graph":[{"@type":"Article","@id":"https:\/\/interflora.dk\/blog\/vidste-du-at-du-kan-aendre-farven-paa-din-hortensia\/#article","isPartOf":{"@id":"https:\/\/interflora.dk\/blog\/vidste-du-at-du-kan-aendre-farven-paa-din-hortensia\/"},"author":{"name":"Rebecca","@id":"https:\/\/interflora.dk\/blog\/#\/schema\/person\/539d242367a91b649952f5d251feb5ba"},"headline":"Vidste du, at du kan \u00e6ndre farven p\u00e5 din hortensia?","datePublished":"2026-08-31T09:20:07+00:00","dateModified":"2026-08-31T09:20:08+00:00","mainEntityOfPage":{"@id":"https:\/\/interflora.dk\/blog\/vidste-du-at-du-kan-aendre-farven-paa-din-hortensia\/"},"wordCount":1126,"commentCount":0,"publisher":{"@id":"https:\/\/interflora.dk\/blog\/#organization"},"image":{"@id":"https:\/\/interflora.dk\/blog\/vidste-du-at-du-kan-aendre-farven-paa-din-hortensia\/#primaryimage"},"thumbnailUrl":"https:\/\/interflora.dk\/blog\/wp-content\/uploads\/2026\/08\/1202715-Hortensialycka-Miljobild-Narbild-Staende-scaled.jpg","keywords":["Blomster","hortensia farve","Planter"],"articleSection":["Blomstrende planter: Vores guides","DIY: Inspiration og ideer","Efter\u00e5rets fortryllelse: Inspiration og tips","Hortensia","Planter: Pleje og inspiration"],"inLanguage":"da-DK","potentialAction":[{"@type":"CommentAction","name":"Comment","target":["https:\/\/interflora.dk\/blog\/vidste-du-at-du-kan-aendre-farven-paa-din-hortensia\/#respond"]}]},{"@type":"WebPage","@id":"https:\/\/interflora.dk\/blog\/vidste-du-at-du-kan-aendre-farven-paa-din-hortensia\/","url":"https:\/\/interflora.dk\/blog\/vidste-du-at-du-kan-aendre-farven-paa-din-hortensia\/","name":"Bl\u00e5 hortensia: S\u00e5dan \u00e6ndrer du farven p\u00e5 din hortensia | Interflora","isPartOf":{"@id":"https:\/\/interflora.dk\/blog\/#website"},"primaryImageOfPage":{"@id":"https:\/\/interflora.dk\/blog\/vidste-du-at-du-kan-aendre-farven-paa-din-hortensia\/#primaryimage"},"image":{"@id":"https:\/\/interflora.dk\/blog\/vidste-du-at-du-kan-aendre-farven-paa-din-hortensia\/#primaryimage"},"thumbnailUrl":"https:\/\/interflora.dk\/blog\/wp-content\/uploads\/2026\/08\/1202715-Hortensialycka-Miljobild-Narbild-Staende-scaled.jpg","datePublished":"2026-08-31T09:20:07+00:00","dateModified":"2026-08-31T09:20:08+00:00","description":"Hvordan f\u00e5r man bl\u00e5 hortensiaer? L\u00e6s, hvordan jordens pH-v\u00e6rdi og aluminium p\u00e5virker hortensiaens farve, og hvordan du kan fremme de bl\u00e5 nuancer.","breadcrumb":{"@id":"https:\/\/interflora.dk\/blog\/vidste-du-at-du-kan-aendre-farven-paa-din-hortensia\/#breadcrumb"},"inLanguage":"da-DK","potentialAction":[{"@type":"ReadAction","target":["https:\/\/interflora.dk\/blog\/vidste-du-at-du-kan-aendre-farven-paa-din-hortensia\/"]}]},{"@type":"ImageObject","inLanguage":"da-DK","@id":"https:\/\/interflora.dk\/blog\/vidste-du-at-du-kan-aendre-farven-paa-din-hortensia\/#primaryimage","url":"https:\/\/interflora.dk\/blog\/wp-content\/uploads\/2026\/08\/1202715-Hortensialycka-Miljobild-Narbild-Staende-scaled.jpg","contentUrl":"https:\/\/interflora.dk\/blog\/wp-content\/uploads\/2026\/08\/1202715-Hortensialycka-Miljobild-Narbild-Staende-scaled.jpg","width":1707,"height":2560},{"@type":"BreadcrumbList","@id":"https:\/\/interflora.dk\/blog\/vidste-du-at-du-kan-aendre-farven-paa-din-hortensia\/#breadcrumb","itemListElement":[{"@type":"ListItem","position":1,"name":"Home","item":"https:\/\/interflora.dk\/blog\/"},{"@type":"ListItem","position":2,"name":"Vidste du, at du kan \u00e6ndre farven p\u00e5 din hortensia?"}]},{"@type":"WebSite","@id":"https:\/\/interflora.dk\/blog\/#website","url":"https:\/\/interflora.dk\/blog\/","name":"Interflora","description":"","publisher":{"@id":"https:\/\/interflora.dk\/blog\/#organization"},"potentialAction":[{"@type":"SearchAction","target":{"@type":"EntryPoint","urlTemplate":"https:\/\/interflora.dk\/blog\/?s={search_term_string}"},"query-input":{"@type":"PropertyValueSpecification","valueRequired":true,"valueName":"search_term_string"}}],"inLanguage":"da-DK"},{"@type":"Organization","@id":"https:\/\/interflora.dk\/blog\/#organization","name":"Interflora","url":"https:\/\/interflora.dk\/blog\/","logo":{"@type":"ImageObject","inLanguage":"da-DK","@id":"https:\/\/interflora.dk\/blog\/#\/schema\/logo\/image\/","url":"https:\/\/interflora.dk\/blog\/wp-content\/uploads\/2025\/09\/220422_INTERFLORA_Logo_rgb_Half_Top_Circle_Main_Color.png","contentUrl":"https:\/\/interflora.dk\/blog\/wp-content\/uploads\/2025\/09\/220422_INTERFLORA_Logo_rgb_Half_Top_Circle_Main_Color.png","width":1418,"height":710,"caption":"Interflora"},"image":{"@id":"https:\/\/interflora.dk\/blog\/#\/schema\/logo\/image\/"},"sameAs":["https:\/\/www.facebook.com\/InterfloraDanmark","https:\/\/www.instagram.com\/interfloradk","https:\/\/www.linkedin.com\/company\/interfloradanmark","https:\/\/www.youtube.com\/user\/InterfloraTV"]},{"@type":"Person","@id":"https:\/\/interflora.dk\/blog\/#\/schema\/person\/539d242367a91b649952f5d251feb5ba","name":"Rebecca","image":{"@type":"ImageObject","inLanguage":"da-DK","@id":"https:\/\/interflora.dk\/blog\/wp-content\/litespeed\/avatar\/71e9bb45c3ae30a923c5edf07d65b0db.jpg?ver=1787839022","url":"https:\/\/interflora.dk\/blog\/wp-content\/litespeed\/avatar\/71e9bb45c3ae30a923c5edf07d65b0db.jpg?ver=1787839022","contentUrl":"https:\/\/interflora.dk\/blog\/wp-content\/litespeed\/avatar\/71e9bb45c3ae30a923c5edf07d65b0db.jpg?ver=1787839022","caption":"Rebecca"}}]}},"uagb_featured_image_src":{"full":["https:\/\/interflora.dk\/blog\/wp-content\/uploads\/2026\/08\/1202715-Hortensialycka-Miljobild-Narbild-Staende-scaled.jpg",1707,2560,false],"thumbnail":["https:\/\/interflora.dk\/blog\/wp-content\/uploads\/2026\/08\/1202715-Hortensialycka-Miljobild-Narbild-Staende-150x150.jpg",150,150,true],"medium":["https:\/\/interflora.dk\/blog\/wp-content\/uploads\/2026\/08\/1202715-Hortensialycka-Miljobild-Narbild-Staende-200x300.jpg",200,300,true],"medium_large":["https:\/\/interflora.dk\/blog\/wp-content\/uploads\/2026\/08\/1202715-Hortensialycka-Miljobild-Narbild-Staende-768x1152.jpg",768,1152,true],"large":["https:\/\/interflora.dk\/blog\/wp-content\/uploads\/2026\/08\/1202715-Hortensialycka-Miljobild-Narbild-Staende-683x1024.jpg",683,1024,true],"1536x1536":["https:\/\/interflora.dk\/blog\/wp-content\/uploads\/2026\/08\/1202715-Hortensialycka-Miljobild-Narbild-Staende-1024x1536.jpg",1024,1536,true],"2048x2048":["https:\/\/interflora.dk\/blog\/wp-content\/uploads\/2026\/08\/1202715-Hortensialycka-Miljobild-Narbild-Staende-1365x2048.jpg",1365,2048,true]},"uagb_author_info":{"display_name":"Rebecca","author_link":"https:\/\/interflora.dk\/blog\/author\/rebecca\/"},"uagb_comment_info":0,"uagb_excerpt":"Vidste du, at hortensiaer kan skifte farve? Hvis du dr\u00f8mmer om bl\u00e5 hortensiaer i haven, men dine blomstrer lyser\u00f8dt, er [&hellip;]","_links":{"self":[{"href":"https:\/\/interflora.dk\/blog\/wp-json\/wp\/v2\/posts\/64155","targetHints":{"allow":["GET"]}}],"collection":[{"href":"https:\/\/interflora.dk\/blog\/wp-json\/wp\/v2\/posts"}],"about":[{"href":"https:\/\/interflora.dk\/blog\/wp-json\/wp\/v2\/types\/post"}],"author":[{"embeddable":true,"href":"https:\/\/interflora.dk\/blog\/wp-json\/wp\/v2\/users\/14"}],"replies":[{"embeddable":true,"href":"https:\/\/interflora.dk\/blog\/wp-json\/wp\/v2\/comments?post=64155"}],"version-history":[{"count":30,"href":"https:\/\/interflora.dk\/blog\/wp-json\/wp\/v2\/posts\/64155\/revisions"}],"predecessor-version":[{"id":64190,"href":"https:\/\/interflora.dk\/blog\/wp-json\/wp\/v2\/posts\/64155\/revisions\/64190"}],"wp:featuredmedia":[{"embeddable":true,"href":"https:\/\/interflora.dk\/blog\/wp-json\/wp\/v2\/media\/64156"}],"wp:attachment":[{"href":"https:\/\/interflora.dk\/blog\/wp-json\/wp\/v2\/media?parent=64155"}],"wp:term":[{"taxonomy":"category","embeddable":true,"href":"https:\/\/interflora.dk\/blog\/wp-json\/wp\/v2\/categories?post=64155"},{"taxonomy":"post_tag","embeddable":true,"href":"https:\/\/interflora.dk\/blog\/wp-json\/wp\/v2\/tags?post=64155"}],"curies":[{"name":"wp","href":"https:\/\/api.w.org\/{rel}","templated":true}]}}