{"id":64226,"date":"2026-09-02T14:00:00","date_gmt":"2026-09-02T12:00:00","guid":{"rendered":"https:\/\/interflora.dk\/blog\/?p=64226"},"modified":"2026-09-02T14:45:31","modified_gmt":"2026-09-02T12:45:31","slug":"blomster-i-september-efteraarets-smukkeste-blomster","status":"publish","type":"post","link":"https:\/\/interflora.dk\/blog\/blomster-i-september-efteraarets-smukkeste-blomster\/","title":{"rendered":"Blomster i september: Efter\u00e5rets smukkeste blomster"},"content":{"rendered":"\n<p class=\"wp-block-paragraph\">I <strong>september<\/strong> siger vi stille og roligt <strong>farvel til sommeren<\/strong> og <strong>byder efter\u00e5ret velkommen<\/strong>. Hvad er bedre end smukke buketter med <strong>septemberblomster<\/strong> til at nyde den sidste sommervarme? P\u00e5 det floristiske menukort finder du et bredt udvalg af smukke blomster, der byder p\u00e5 et sidste strejf af sommer, varme farver og masser af liv til hjemmet.<\/p>\n\n\n\n<p class=\"wp-block-paragraph\">F\u00f8lg denne guide, og g\u00e5 p\u00e5 opdagelse i <strong>septembers <a href=\"https:\/\/interflora.dk\/c\/bestil-blomster\/aarstidens-blomster\">s\u00e6sonblomster.<\/a><\/strong> Her finder du blomster, der er perfekte til at skabe unikke, levende og charmerende buketter, som bringer lidt af sensommeren med ind i efter\u00e5ret.<\/p>\n\n\n\n<h2 class=\"wp-block-heading alignwide\">Hvilken blomst repr\u00e6senterer september m\u00e5ned?<\/h2>\n\n\n\n<div class=\"wp-block-media-text has-media-on-the-right is-stacked-on-mobile\"><div class=\"wp-block-media-text__content\">\n<p class=\"wp-block-paragraph\">Personer f\u00f8dt i september er heldige, for s<strong>eptembers blomst er asters<\/strong>. Navnet betyder <strong>\u201cstjerne\u201d<\/strong> p\u00e5 gr\u00e6sk og henviser til formen p\u00e5 dens kronblade. Derfor er det ikke helt forkert at sige, at september-b\u00f8rn er f\u00f8dt under en heldig stjerne.<\/p>\n\n\n\n<p class=\"wp-block-paragraph\">De sm\u00e5, sarte blomster findes i mange forskellige farver \u2013 fra violet og hvid til lyser\u00f8d og bl\u00e5 \u2013 og symboliserer k\u00e6rlighed, t\u00e5lmodighed og elegance. De er perfekte til at fuldende en efter\u00e5rsbuket med deres fine og delikate udseende. Asters bruges ofte til at skabe kontrast til st\u00f8rre blomster. Du kan for eksempel kombinere dem med dahliaer for at skabe en let og luftig effekt i buketten.<\/p>\n<\/div><figure class=\"wp-block-media-text__media\"><img loading=\"lazy\" decoding=\"async\" width=\"1024\" height=\"1024\" src=\"https:\/\/interflora.dk\/blog\/wp-content\/uploads\/2026\/08\/Asters-1024x1024.jpg\" alt=\"Bl\u00e5 asters\" class=\"wp-image-64202 size-full\" srcset=\"https:\/\/interflora.dk\/blog\/wp-content\/uploads\/2026\/08\/Asters-1024x1024.jpg 1024w, https:\/\/interflora.dk\/blog\/wp-content\/uploads\/2026\/08\/Asters-300x300.jpg 300w, https:\/\/interflora.dk\/blog\/wp-content\/uploads\/2026\/08\/Asters-150x150.jpg 150w, https:\/\/interflora.dk\/blog\/wp-content\/uploads\/2026\/08\/Asters-768x768.jpg 768w, https:\/\/interflora.dk\/blog\/wp-content\/uploads\/2026\/08\/Asters.jpg 1500w\" sizes=\"auto, (max-width: 1024px) 100vw, 1024px\" \/><\/figure><\/div>\n\n\n<div class=\"lp-produits-grid\"><div class=\"lp-produit\"><div class=\"lp-thumbnail-wrapper\"><img loading=\"lazy\" decoding=\"async\" width=\"300\" height=\"300\" src=\"https:\/\/interflora.dk\/blog\/wp-content\/uploads\/2026\/03\/billede_1-300x300.jpeg\" class=\"attachment-medium size-medium wp-post-image\" alt=\"\" srcset=\"https:\/\/interflora.dk\/blog\/wp-content\/uploads\/2026\/03\/billede_1-300x300.jpeg 300w, https:\/\/interflora.dk\/blog\/wp-content\/uploads\/2026\/03\/billede_1-1024x1024.jpeg 1024w, https:\/\/interflora.dk\/blog\/wp-content\/uploads\/2026\/03\/billede_1-150x150.jpeg 150w, https:\/\/interflora.dk\/blog\/wp-content\/uploads\/2026\/03\/billede_1-768x768.jpeg 768w, https:\/\/interflora.dk\/blog\/wp-content\/uploads\/2026\/03\/billede_1.jpeg 1200w\" sizes=\"auto, (max-width: 300px) 100vw, 300px\" \/><img decoding=\"async\" class=\"lp-badge\" src=\"https:\/\/prodblog.interflora.dk\/blog\/wp-content\/uploads\/2025\/09\/220422_INTERFLORA_Main_Logo_rgb_Main_Color.avif\" alt=\"Send blomster med Interflora\"><\/div><span>Blomstergl\u00e6de &#8211; leveres i gaveboks med DAO<\/span><p>Fra 159 kr.<\/p><span class=\"obf-link lp-cta\" role=\"link\" tabindex=\"0\" data-b64=\"aHR0cHM6Ly9pbnRlcmZsb3JhLmRrL3Byb2R1a3QvYmxvbXN0ZXJnbGFlZGU\/dj0xNzkyNiYjMDM4O3ZhcmlhdGlvbj04NzI0ZGUyYy0xN2M5LTQwZjEtYWNjNC02MTUxZDcxOWJiZTM\/dXRtX21lZGl1bT1vcmdhbmljJnV0bV9zb3VyY2U9YmxvZ19wcm9kdWN0cyZ1dG1fY2FtcGFpZ249OTE1MA==\" data-target=\"_blank\"><svg xmlns=\"http:\/\/www.w3.org\/2000\/svg\" width=\"16\" height=\"16\" fill=\"currentColor\" class=\"bi bi-bag\" viewBox=\"0 0 16 16\"><path d=\"M8 1a2 2 0 0 1 2 2v1h2.5A1.5 1.5 0 0 1 14 5.5v8A1.5 1.5 0 0 1 12.5 15h-9A1.5 1.5 0 0 1 2 13.5v-8A1.5 1.5 0 0 1 3.5 3H6V2a2 2 0 0 1 2-1zm1 3V3a1 1 0 0 0-2 0v1h2z\"\/><\/svg>K\u00f8b her<\/span><p class=\"rapido\">Din personlige hilsen<\/p><\/div><div class=\"lp-produit\"><div class=\"lp-thumbnail-wrapper\"><img loading=\"lazy\" decoding=\"async\" width=\"300\" height=\"300\" src=\"https:\/\/interflora.dk\/blog\/wp-content\/uploads\/2026\/05\/LyserC3B8d20sommerdrC3B8m20-20medium-300x300.jpg\" class=\"attachment-medium size-medium wp-post-image\" alt=\"\" srcset=\"https:\/\/interflora.dk\/blog\/wp-content\/uploads\/2026\/05\/LyserC3B8d20sommerdrC3B8m20-20medium-300x300.jpg 300w, https:\/\/interflora.dk\/blog\/wp-content\/uploads\/2026\/05\/LyserC3B8d20sommerdrC3B8m20-20medium-1024x1024.jpg 1024w, https:\/\/interflora.dk\/blog\/wp-content\/uploads\/2026\/05\/LyserC3B8d20sommerdrC3B8m20-20medium-150x150.jpg 150w, https:\/\/interflora.dk\/blog\/wp-content\/uploads\/2026\/05\/LyserC3B8d20sommerdrC3B8m20-20medium-768x768.jpg 768w, https:\/\/interflora.dk\/blog\/wp-content\/uploads\/2026\/05\/LyserC3B8d20sommerdrC3B8m20-20medium.jpg 1200w\" sizes=\"auto, (max-width: 300px) 100vw, 300px\" \/><img decoding=\"async\" class=\"lp-badge\" src=\"https:\/\/prodblog.interflora.dk\/blog\/wp-content\/uploads\/2025\/09\/220422_INTERFLORA_Main_Logo_rgb_Main_Color.avif\" alt=\"Send blomster med Interflora\"><\/div><span>Lyser\u00f8d sommerdr\u00f8m<\/span><p>Fra 239 kr.<\/p><span class=\"obf-link lp-cta\" role=\"link\" tabindex=\"0\" data-b64=\"aHR0cHM6Ly9pbnRlcmZsb3JhLmRrL3Byb2R1a3QvbHlzZXJvZWQtc29tbWVyZHJvZW0\/dj0xODAzNCYjMDM4O3ZhcmlhdGlvbj02NDY4YzNiYS03YjE5LTQ1N2EtYjNhMy0yYzQ4ZjBmZGUyZDU\/dXRtX21lZGl1bT1vcmdhbmljJnV0bV9zb3VyY2U9YmxvZ19wcm9kdWN0cyZ1dG1fY2FtcGFpZ249OTQwOQ==\" data-target=\"_blank\"><svg xmlns=\"http:\/\/www.w3.org\/2000\/svg\" width=\"16\" height=\"16\" fill=\"currentColor\" class=\"bi bi-bag\" viewBox=\"0 0 16 16\"><path d=\"M8 1a2 2 0 0 1 2 2v1h2.5A1.5 1.5 0 0 1 14 5.5v8A1.5 1.5 0 0 1 12.5 15h-9A1.5 1.5 0 0 1 2 13.5v-8A1.5 1.5 0 0 1 3.5 3H6V2a2 2 0 0 1 2-1zm1 3V3a1 1 0 0 0-2 0v1h2z\"\/><\/svg>K\u00f8b her<\/span><p class=\"rapido\">Bundet af din lokale florist<\/p><\/div><div class=\"lp-produit\"><div class=\"lp-thumbnail-wrapper\"><img loading=\"lazy\" decoding=\"async\" width=\"300\" height=\"300\" src=\"https:\/\/interflora.dk\/blog\/wp-content\/uploads\/2025\/09\/DEN_VENLIGE_VINTERVERSION_HAND_v_0-300x300.jpg\" class=\"attachment-medium size-medium wp-post-image\" alt=\"\" srcset=\"https:\/\/interflora.dk\/blog\/wp-content\/uploads\/2025\/09\/DEN_VENLIGE_VINTERVERSION_HAND_v_0-300x300.jpg 300w, https:\/\/interflora.dk\/blog\/wp-content\/uploads\/2025\/09\/DEN_VENLIGE_VINTERVERSION_HAND_v_0-1024x1024.jpg 1024w, https:\/\/interflora.dk\/blog\/wp-content\/uploads\/2025\/09\/DEN_VENLIGE_VINTERVERSION_HAND_v_0-150x150.jpg 150w, https:\/\/interflora.dk\/blog\/wp-content\/uploads\/2025\/09\/DEN_VENLIGE_VINTERVERSION_HAND_v_0-768x768.jpg 768w, https:\/\/interflora.dk\/blog\/wp-content\/uploads\/2025\/09\/DEN_VENLIGE_VINTERVERSION_HAND_v_0.jpg 1200w\" sizes=\"auto, (max-width: 300px) 100vw, 300px\" \/><img decoding=\"async\" class=\"lp-badge\" src=\"https:\/\/prodblog.interflora.dk\/blog\/wp-content\/uploads\/2025\/09\/220422_INTERFLORA_Main_Logo_rgb_Main_Color.avif\" alt=\"Send blomster med Interflora\"><\/div><span>Den venlige<\/span><p>Fra 219 kr.<\/p><span class=\"obf-link lp-cta\" role=\"link\" tabindex=\"0\" data-b64=\"aHR0cHM6Ly9pbnRlcmZsb3JhLmRrL3Byb2R1a3QvZGVuLXZlbmxpZ2U\/dj0xNTgwMiYjMDM4O3ZhcmlhdGlvbj1jMDRiZDM3OC1kZGYyLTRjMmItYmM5My1hYWM2ZWJlZWUwNDI\/dXRtX21lZGl1bT1vcmdhbmljJnV0bV9zb3VyY2U9YmxvZ19wcm9kdWN0cyZ1dG1fY2FtcGFpZ249NTc0Ng==\" data-target=\"_blank\"><svg xmlns=\"http:\/\/www.w3.org\/2000\/svg\" width=\"16\" height=\"16\" fill=\"currentColor\" class=\"bi bi-bag\" viewBox=\"0 0 16 16\"><path d=\"M8 1a2 2 0 0 1 2 2v1h2.5A1.5 1.5 0 0 1 14 5.5v8A1.5 1.5 0 0 1 12.5 15h-9A1.5 1.5 0 0 1 2 13.5v-8A1.5 1.5 0 0 1 3.5 3H6V2a2 2 0 0 1 2-1zm1 3V3a1 1 0 0 0-2 0v1h2z\"\/><\/svg>K\u00f8b her<\/span><p class=\"rapido\">Din personlige hilsen<\/p><\/div><div class=\"lp-produit\"><div class=\"lp-thumbnail-wrapper\"><img loading=\"lazy\" decoding=\"async\" width=\"300\" height=\"300\" src=\"https:\/\/interflora.dk\/blog\/wp-content\/uploads\/2025\/09\/DEN_SOEDE_OMTANKE_HAND_173-300x300.jpg\" class=\"attachment-medium size-medium wp-post-image\" alt=\"\" srcset=\"https:\/\/interflora.dk\/blog\/wp-content\/uploads\/2025\/09\/DEN_SOEDE_OMTANKE_HAND_173-300x300.jpg 300w, https:\/\/interflora.dk\/blog\/wp-content\/uploads\/2025\/09\/DEN_SOEDE_OMTANKE_HAND_173-1024x1024.jpg 1024w, https:\/\/interflora.dk\/blog\/wp-content\/uploads\/2025\/09\/DEN_SOEDE_OMTANKE_HAND_173-150x150.jpg 150w, https:\/\/interflora.dk\/blog\/wp-content\/uploads\/2025\/09\/DEN_SOEDE_OMTANKE_HAND_173-768x768.jpg 768w, https:\/\/interflora.dk\/blog\/wp-content\/uploads\/2025\/09\/DEN_SOEDE_OMTANKE_HAND_173.jpg 1200w\" sizes=\"auto, (max-width: 300px) 100vw, 300px\" \/><img decoding=\"async\" class=\"lp-badge\" src=\"https:\/\/prodblog.interflora.dk\/blog\/wp-content\/uploads\/2025\/09\/220422_INTERFLORA_Main_Logo_rgb_Main_Color.avif\" alt=\"Send blomster med Interflora\"><\/div><span>Den s\u00f8de omtanke<\/span><p>Fra 319 kr.<\/p><span class=\"obf-link lp-cta\" role=\"link\" tabindex=\"0\" data-b64=\"aHR0cHM6Ly9pbnRlcmZsb3JhLmRrL3Byb2R1a3QvZGVuLXNvZWRlLW9tdGFua2U\/dj0xOTI2JiMwMzg7dmFyaWF0aW9uPTNlY2U2YmYxLTdhOTAtNDQwMi1iYzQ5LWM4ZTcyMjQ4ODM5ND91dG1fbWVkaXVtPW9yZ2FuaWMmdXRtX3NvdXJjZT1ibG9nX3Byb2R1Y3RzJnV0bV9jYW1wYWlnbj0xNzM=\" data-target=\"_blank\"><svg xmlns=\"http:\/\/www.w3.org\/2000\/svg\" width=\"16\" height=\"16\" fill=\"currentColor\" class=\"bi bi-bag\" viewBox=\"0 0 16 16\"><path d=\"M8 1a2 2 0 0 1 2 2v1h2.5A1.5 1.5 0 0 1 14 5.5v8A1.5 1.5 0 0 1 12.5 15h-9A1.5 1.5 0 0 1 2 13.5v-8A1.5 1.5 0 0 1 3.5 3H6V2a2 2 0 0 1 2-1zm1 3V3a1 1 0 0 0-2 0v1h2z\"\/><\/svg>K\u00f8b her<\/span><p class=\"rapido\">H\u00e5ndbundet af florister<\/p><\/div><\/div>\n\n\n\n<h2 class=\"wp-block-heading alignwide\">Hvilke blomster h\u00f8rer september til?<\/h2>\n\n\n\n<p class=\"wp-block-paragraph\"><strong>September<\/strong> er ensbetydende med forandring: Temperaturerne falder en anelse, og bladene begynder s\u00e5 sm\u00e5t at f\u00e5 gyldne nuancer. Men<strong> september er ogs\u00e5 en blomstrende periode<\/strong>, hvor mange <strong>blomster st\u00e5r i fuldt flor.<\/strong> Her er et udvalg af <strong>blomster i september<\/strong>, som du kan bruge i dine buketter \u2013 ud over de smukke asters.&nbsp;<\/p>\n\n\n\n<h3 class=\"wp-block-heading alignwide\">Dahliaer: efter\u00e5rets stjerner<\/h3>\n\n\n\n<p class=\"wp-block-paragraph\"><a href=\"https:\/\/interflora.dk\/blog\/dahlias-oprindelse-symbolik-og-egenskaber\/\">Dahliaer<\/a> f\u00e5s i et bredt udvalg af former og farver og tilf\u00f8rer enhver buket b\u00e5de struktur og fylde. De mange kronblade findes i nuancer fra dyb r\u00f8d til solgul og giver buketten et flot farvespil, der <strong>passer perfekt til efter\u00e5ret<\/strong>.&nbsp;<\/p>\n\n\n\n<div class=\"wp-block-uagb-icon-list uagb-block-0330f9cb\"><div class=\"uagb-icon-list__wrap\">\n<div class=\"wp-block-uagb-icon-list-child uagb-block-12c60603\"><span class=\"uagb-icon-list__source-wrap\"><img decoding=\"async\" class=\"uagb-icon-list__source-image\" src=\"https:\/\/interflora.dk\/blog\/wp-content\/uploads\/2026\/03\/picto-summary-2.png\" width=\"25\" height=\"25\" loading=\"lazy\" alt=\"\"\/><\/span><span class=\"uagb-icon-list__label\">Farver: r\u00f8d, lyser\u00f8d, hvid, gul, orange, violet<\/span><\/div>\n\n\n\n<div class=\"wp-block-uagb-icon-list-child uagb-block-ffdb6fd1\"><span class=\"uagb-icon-list__source-wrap\"><img decoding=\"async\" class=\"uagb-icon-list__source-image\" src=\"https:\/\/interflora.dk\/blog\/wp-content\/uploads\/2026\/03\/picto-summary-2.png\" width=\"25\" height=\"25\" loading=\"lazy\" alt=\"\"\/><\/span><span class=\"uagb-icon-list__label\">Symbolik: elegance, engagement, v\u00e6rdighed<\/span><\/div>\n\n\n\n<div class=\"wp-block-uagb-icon-list-child uagb-block-f18ab572\"><span class=\"uagb-icon-list__source-wrap\"><img decoding=\"async\" class=\"uagb-icon-list__source-image\" src=\"https:\/\/interflora.dk\/blog\/wp-content\/uploads\/2026\/03\/picto-summary-2.png\" width=\"25\" height=\"25\" loading=\"lazy\" alt=\"\"\/><\/span><span class=\"uagb-icon-list__label\">Blomstringsperiode: juli til oktober<\/span><\/div>\n<\/div><\/div>\n\n\n\n<p class=\"wp-block-paragraph\">For en afbalanceret <strong>buket med septemberblomster<\/strong> kan du kombinere dahliaer med mere sarte blomster som asters eller margueritter. Det skaber en fin kontrast mellem de fyldige dahliaer og de lette, mere luftige blomster.&nbsp;<\/p>\n\n\n\n<figure class=\"wp-block-gallery has-nested-images columns-default is-cropped wp-block-gallery-1 is-layout-flex wp-block-gallery-is-layout-flex\">\n<figure class=\"wp-block-image size-large\"><img loading=\"lazy\" decoding=\"async\" width=\"1024\" height=\"667\" data-id=\"64101\" src=\"https:\/\/interflora.dk\/blog\/wp-content\/uploads\/2026\/08\/Dahlia-blomster-1024x667.jpg\" alt=\"Dahlia blomster closeup\" class=\"wp-image-64101\" style=\"aspect-ratio:1\" srcset=\"https:\/\/interflora.dk\/blog\/wp-content\/uploads\/2026\/08\/Dahlia-blomster-1024x667.jpg 1024w, https:\/\/interflora.dk\/blog\/wp-content\/uploads\/2026\/08\/Dahlia-blomster-300x195.jpg 300w, https:\/\/interflora.dk\/blog\/wp-content\/uploads\/2026\/08\/Dahlia-blomster-768x500.jpg 768w, https:\/\/interflora.dk\/blog\/wp-content\/uploads\/2026\/08\/Dahlia-blomster.jpg 1500w\" sizes=\"auto, (max-width: 1024px) 100vw, 1024px\" \/><\/figure>\n\n\n\n<figure class=\"wp-block-image size-large\"><img loading=\"lazy\" decoding=\"async\" width=\"1024\" height=\"683\" data-id=\"64103\" src=\"https:\/\/interflora.dk\/blog\/wp-content\/uploads\/2026\/08\/Buket-med-dahlia-1024x683.jpg\" alt=\"Buket med dahliaer\" class=\"wp-image-64103\" style=\"aspect-ratio:1\" srcset=\"https:\/\/interflora.dk\/blog\/wp-content\/uploads\/2026\/08\/Buket-med-dahlia-1024x683.jpg 1024w, https:\/\/interflora.dk\/blog\/wp-content\/uploads\/2026\/08\/Buket-med-dahlia-300x200.jpg 300w, https:\/\/interflora.dk\/blog\/wp-content\/uploads\/2026\/08\/Buket-med-dahlia-768x512.jpg 768w, https:\/\/interflora.dk\/blog\/wp-content\/uploads\/2026\/08\/Buket-med-dahlia.jpg 1500w\" sizes=\"auto, (max-width: 1024px) 100vw, 1024px\" \/><\/figure>\n<\/figure>\n\n\n\n<h3 class=\"wp-block-heading alignwide\">Solsikker: solens gl\u00e6de i september<\/h3>\n\n\n\n<p class=\"wp-block-paragraph\"><a href=\"https:\/\/interflora.dk\/blog\/solsikken-en-imponerende-blomst-og-dens-symbolik\/\">Solsikken<\/a> er med sin str\u00e5lende gule farve <strong>en s\u00e6sonblomst, man ikke m\u00e5 overse<\/strong>. Selvom solsikken ofte forbindes med sommeren, forts\u00e6tter den med at blomstre ind i det tidlige efter\u00e5r. Den tilf\u00f8rer et strejf af<strong> lys og sommerstemning til buketter<\/strong> p\u00e5 en tid af \u00e5ret, hvor dagene s\u00e5 sm\u00e5t begynder at blive kortere.&nbsp;<\/p>\n\n\n\n<div class=\"wp-block-uagb-icon-list uagb-block-cf470106\"><div class=\"uagb-icon-list__wrap\">\n<div class=\"wp-block-uagb-icon-list-child uagb-block-36e2ea11\"><span class=\"uagb-icon-list__source-wrap\"><img decoding=\"async\" class=\"uagb-icon-list__source-image\" src=\"https:\/\/interflora.dk\/blog\/wp-content\/uploads\/2026\/03\/picto-summary-2.png\" width=\"25\" height=\"25\" loading=\"lazy\" alt=\"\"\/><\/span><span class=\"uagb-icon-list__label\">Farve: gul<\/span><\/div>\n\n\n\n<div class=\"wp-block-uagb-icon-list-child uagb-block-21b2cbe6\"><span class=\"uagb-icon-list__source-wrap\"><img decoding=\"async\" class=\"uagb-icon-list__source-image\" src=\"https:\/\/interflora.dk\/blog\/wp-content\/uploads\/2026\/03\/picto-summary-2.png\" width=\"25\" height=\"25\" loading=\"lazy\" alt=\"\"\/><\/span><span class=\"uagb-icon-list__label\">Symbolik: beundring, loyalitet, positivitet<\/span><\/div>\n\n\n\n<div class=\"wp-block-uagb-icon-list-child uagb-block-4245e852\"><span class=\"uagb-icon-list__source-wrap\"><img decoding=\"async\" class=\"uagb-icon-list__source-image\" src=\"https:\/\/interflora.dk\/blog\/wp-content\/uploads\/2026\/03\/picto-summary-2.png\" width=\"25\" height=\"25\" loading=\"lazy\" alt=\"\"\/><\/span><span class=\"uagb-icon-list__label\">Blomstringsperiode: juli til september<\/span><\/div>\n<\/div><\/div>\n\n\n\n<p class=\"wp-block-paragraph\">For at skabe en <a href=\"https:\/\/www.prod.interflora.dk\/c\/bestil-blomster\/efteraarsbuketter\">efter\u00e5rsbuket<\/a> med masser af varme og liv kan du kombinere solsikker med t\u00f8rrede gr\u00e6sser eller kornaks. Det giver buketten et naturligt og rustikt udtryk, der passer godt til efter\u00e5ret.\u00a0<\/p>\n\n\n\n<figure class=\"wp-block-gallery has-nested-images columns-default is-cropped wp-block-gallery-2 is-layout-flex wp-block-gallery-is-layout-flex\">\n<figure class=\"wp-block-image size-large\"><img loading=\"lazy\" decoding=\"async\" width=\"683\" height=\"1024\" data-id=\"63517\" src=\"https:\/\/interflora.dk\/blog\/wp-content\/uploads\/2026\/07\/Sunny-SP_IT-2026-1-683x1024.jpg\" alt=\"Solsikke buket i k\u00f8kken\" class=\"wp-image-63517\" style=\"aspect-ratio:1\" srcset=\"https:\/\/interflora.dk\/blog\/wp-content\/uploads\/2026\/07\/Sunny-SP_IT-2026-1-683x1024.jpg 683w, https:\/\/interflora.dk\/blog\/wp-content\/uploads\/2026\/07\/Sunny-SP_IT-2026-1-200x300.jpg 200w, https:\/\/interflora.dk\/blog\/wp-content\/uploads\/2026\/07\/Sunny-SP_IT-2026-1-768x1152.jpg 768w, https:\/\/interflora.dk\/blog\/wp-content\/uploads\/2026\/07\/Sunny-SP_IT-2026-1-1024x1536.jpg 1024w, https:\/\/interflora.dk\/blog\/wp-content\/uploads\/2026\/07\/Sunny-SP_IT-2026-1-1365x2048.jpg 1365w, https:\/\/interflora.dk\/blog\/wp-content\/uploads\/2026\/07\/Sunny-SP_IT-2026-1.jpg 1500w\" sizes=\"auto, (max-width: 683px) 100vw, 683px\" \/><\/figure>\n\n\n\n<figure class=\"wp-block-image size-large\"><img loading=\"lazy\" decoding=\"async\" width=\"1024\" height=\"683\" data-id=\"63518\" src=\"https:\/\/interflora.dk\/blog\/wp-content\/uploads\/2026\/07\/Sunny-SP_IT-2026-7-1024x683.jpg\" alt=\"Closeup af solsikke buket\" class=\"wp-image-63518\" style=\"aspect-ratio:1\" srcset=\"https:\/\/interflora.dk\/blog\/wp-content\/uploads\/2026\/07\/Sunny-SP_IT-2026-7-1024x683.jpg 1024w, https:\/\/interflora.dk\/blog\/wp-content\/uploads\/2026\/07\/Sunny-SP_IT-2026-7-300x200.jpg 300w, https:\/\/interflora.dk\/blog\/wp-content\/uploads\/2026\/07\/Sunny-SP_IT-2026-7-768x512.jpg 768w, https:\/\/interflora.dk\/blog\/wp-content\/uploads\/2026\/07\/Sunny-SP_IT-2026-7.jpg 1500w\" sizes=\"auto, (max-width: 1024px) 100vw, 1024px\" \/><\/figure>\n<\/figure>\n\n\n<div class=\"lp-produits-grid\"><div class=\"lp-produit\"><div class=\"lp-thumbnail-wrapper\"><img loading=\"lazy\" decoding=\"async\" width=\"300\" height=\"300\" src=\"https:\/\/interflora.dk\/blog\/wp-content\/uploads\/2025\/09\/FINE_LILJEHILSEN_VERSION_01_MEDIUM_w2028229-300x300.jpg\" class=\"attachment-medium size-medium wp-post-image\" alt=\"\" srcset=\"https:\/\/interflora.dk\/blog\/wp-content\/uploads\/2025\/09\/FINE_LILJEHILSEN_VERSION_01_MEDIUM_w2028229-300x300.jpg 300w, https:\/\/interflora.dk\/blog\/wp-content\/uploads\/2025\/09\/FINE_LILJEHILSEN_VERSION_01_MEDIUM_w2028229-1024x1024.jpg 1024w, https:\/\/interflora.dk\/blog\/wp-content\/uploads\/2025\/09\/FINE_LILJEHILSEN_VERSION_01_MEDIUM_w2028229-150x150.jpg 150w, https:\/\/interflora.dk\/blog\/wp-content\/uploads\/2025\/09\/FINE_LILJEHILSEN_VERSION_01_MEDIUM_w2028229-768x768.jpg 768w, https:\/\/interflora.dk\/blog\/wp-content\/uploads\/2025\/09\/FINE_LILJEHILSEN_VERSION_01_MEDIUM_w2028229.jpg 1200w\" sizes=\"auto, (max-width: 300px) 100vw, 300px\" \/><img decoding=\"async\" class=\"lp-badge\" src=\"https:\/\/prodblog.interflora.dk\/blog\/wp-content\/uploads\/2025\/09\/220422_INTERFLORA_Main_Logo_rgb_Main_Color.avif\" alt=\"Send blomster med Interflora\"><\/div><span>Den fine liljehilsen<\/span><p>Fra 219 kr.<\/p><span class=\"obf-link lp-cta\" role=\"link\" tabindex=\"0\" data-b64=\"aHR0cHM6Ly9pbnRlcmZsb3JhLmRrL3Byb2R1a3QvZGVuLWZpbmUtbGlsamVoaWxzZW4\/dj0xODEzNyYjMDM4O3ZhcmlhdGlvbj1mNzFiMzc1Ny03MWM4LTQzN2ItYmJhNi1kMzlkZDViNzliYWM\/dXRtX21lZGl1bT1vcmdhbmljJnV0bV9zb3VyY2U9YmxvZ19wcm9kdWN0cyZ1dG1fY2FtcGFpZ249NzQ4MA==\" data-target=\"_blank\"><svg xmlns=\"http:\/\/www.w3.org\/2000\/svg\" width=\"16\" height=\"16\" fill=\"currentColor\" class=\"bi bi-bag\" viewBox=\"0 0 16 16\"><path d=\"M8 1a2 2 0 0 1 2 2v1h2.5A1.5 1.5 0 0 1 14 5.5v8A1.5 1.5 0 0 1 12.5 15h-9A1.5 1.5 0 0 1 2 13.5v-8A1.5 1.5 0 0 1 3.5 3H6V2a2 2 0 0 1 2-1zm1 3V3a1 1 0 0 0-2 0v1h2z\"\/><\/svg>K\u00f8b her<\/span><p class=\"rapido\">Friske blomster<\/p><\/div><div class=\"lp-produit\"><div class=\"lp-thumbnail-wrapper\"><img loading=\"lazy\" decoding=\"async\" width=\"300\" height=\"300\" src=\"https:\/\/interflora.dk\/blog\/wp-content\/uploads\/2026\/08\/Design20uden20navn2028529-300x300.png\" class=\"attachment-medium size-medium wp-post-image\" alt=\"\" srcset=\"https:\/\/interflora.dk\/blog\/wp-content\/uploads\/2026\/08\/Design20uden20navn2028529-300x300.png 300w, https:\/\/interflora.dk\/blog\/wp-content\/uploads\/2026\/08\/Design20uden20navn2028529-1024x1024.png 1024w, https:\/\/interflora.dk\/blog\/wp-content\/uploads\/2026\/08\/Design20uden20navn2028529-150x150.png 150w, https:\/\/interflora.dk\/blog\/wp-content\/uploads\/2026\/08\/Design20uden20navn2028529-768x768.png 768w, https:\/\/interflora.dk\/blog\/wp-content\/uploads\/2026\/08\/Design20uden20navn2028529.png 1200w\" sizes=\"auto, (max-width: 300px) 100vw, 300px\" \/><img decoding=\"async\" class=\"lp-badge\" src=\"https:\/\/prodblog.interflora.dk\/blog\/wp-content\/uploads\/2025\/09\/220422_INTERFLORA_Main_Logo_rgb_Main_Color.avif\" alt=\"Send blomster med Interflora\"><\/div><span>M\u00e5nedens buket i august<\/span><p>Fra 249 kr.<\/p><span class=\"obf-link lp-cta\" role=\"link\" tabindex=\"0\" data-b64=\"aHR0cHM6Ly9pbnRlcmZsb3JhLmRrL3Byb2R1a3QvbWFhbmVkZW5zLWJ1a2V0LWktYXVndXN0P3Y9MTQwNzkmIzAzODt2YXJpYXRpb249M2EzYmRiZWUtNWUzZC00NTI5LTk1OGYtYWVlZDliNzQ4NmExP3V0bV9tZWRpdW09b3JnYW5pYyZ1dG1fc291cmNlPWJsb2dfcHJvZHVjdHMmdXRtX2NhbXBhaWduPTI1NTA=\" data-target=\"_blank\"><svg xmlns=\"http:\/\/www.w3.org\/2000\/svg\" width=\"16\" height=\"16\" fill=\"currentColor\" class=\"bi bi-bag\" viewBox=\"0 0 16 16\"><path d=\"M8 1a2 2 0 0 1 2 2v1h2.5A1.5 1.5 0 0 1 14 5.5v8A1.5 1.5 0 0 1 12.5 15h-9A1.5 1.5 0 0 1 2 13.5v-8A1.5 1.5 0 0 1 3.5 3H6V2a2 2 0 0 1 2-1zm1 3V3a1 1 0 0 0-2 0v1h2z\"\/><\/svg>K\u00f8b her<\/span><p class=\"rapido\">Kundernes favorit<\/p><\/div><div class=\"lp-produit\"><div class=\"lp-thumbnail-wrapper\"><img loading=\"lazy\" decoding=\"async\" width=\"300\" height=\"300\" src=\"https:\/\/interflora.dk\/blog\/wp-content\/uploads\/2025\/09\/DEN_FORTRYLLENDE_SMALL-300x300.jpg\" class=\"attachment-medium size-medium wp-post-image\" alt=\"\" srcset=\"https:\/\/interflora.dk\/blog\/wp-content\/uploads\/2025\/09\/DEN_FORTRYLLENDE_SMALL-300x300.jpg 300w, https:\/\/interflora.dk\/blog\/wp-content\/uploads\/2025\/09\/DEN_FORTRYLLENDE_SMALL-1024x1024.jpg 1024w, https:\/\/interflora.dk\/blog\/wp-content\/uploads\/2025\/09\/DEN_FORTRYLLENDE_SMALL-150x150.jpg 150w, https:\/\/interflora.dk\/blog\/wp-content\/uploads\/2025\/09\/DEN_FORTRYLLENDE_SMALL-768x768.jpg 768w, https:\/\/interflora.dk\/blog\/wp-content\/uploads\/2025\/09\/DEN_FORTRYLLENDE_SMALL.jpg 1200w\" sizes=\"auto, (max-width: 300px) 100vw, 300px\" \/><img decoding=\"async\" class=\"lp-badge\" src=\"https:\/\/prodblog.interflora.dk\/blog\/wp-content\/uploads\/2025\/09\/220422_INTERFLORA_Main_Logo_rgb_Main_Color.avif\" alt=\"Send blomster med Interflora\"><\/div><span>Den fortryllende<\/span><p>Fra 259 kr.<\/p><span class=\"obf-link lp-cta\" role=\"link\" tabindex=\"0\" data-b64=\"aHR0cHM6Ly9pbnRlcmZsb3JhLmRrL3Byb2R1a3QvZGVuLWZvcnRyeWxsZW5kZT92PTkzMDYmIzAzODt2YXJpYXRpb249ZGNiMjRlM2QtMzBlZC00OTAxLWI0YWUtYTYxOTlkMzE2MWU2P3V0bV9tZWRpdW09b3JnYW5pYyZ1dG1fc291cmNlPWJsb2dfcHJvZHVjdHMmdXRtX2NhbXBhaWduPTU1MQ==\" data-target=\"_blank\"><svg xmlns=\"http:\/\/www.w3.org\/2000\/svg\" width=\"16\" height=\"16\" fill=\"currentColor\" class=\"bi bi-bag\" viewBox=\"0 0 16 16\"><path d=\"M8 1a2 2 0 0 1 2 2v1h2.5A1.5 1.5 0 0 1 14 5.5v8A1.5 1.5 0 0 1 12.5 15h-9A1.5 1.5 0 0 1 2 13.5v-8A1.5 1.5 0 0 1 3.5 3H6V2a2 2 0 0 1 2-1zm1 3V3a1 1 0 0 0-2 0v1h2z\"\/><\/svg>K\u00f8b her<\/span><p class=\"rapido\">H\u00e5ndbundet af florister<\/p><\/div><div class=\"lp-produit\"><div class=\"lp-thumbnail-wrapper\"><img loading=\"lazy\" decoding=\"async\" width=\"300\" height=\"300\" src=\"https:\/\/interflora.dk\/blog\/wp-content\/uploads\/2025\/09\/DEN_VENLIGE_VINTERVERSION_HAND_v_0-300x300.jpg\" class=\"attachment-medium size-medium wp-post-image\" alt=\"\" srcset=\"https:\/\/interflora.dk\/blog\/wp-content\/uploads\/2025\/09\/DEN_VENLIGE_VINTERVERSION_HAND_v_0-300x300.jpg 300w, https:\/\/interflora.dk\/blog\/wp-content\/uploads\/2025\/09\/DEN_VENLIGE_VINTERVERSION_HAND_v_0-1024x1024.jpg 1024w, https:\/\/interflora.dk\/blog\/wp-content\/uploads\/2025\/09\/DEN_VENLIGE_VINTERVERSION_HAND_v_0-150x150.jpg 150w, https:\/\/interflora.dk\/blog\/wp-content\/uploads\/2025\/09\/DEN_VENLIGE_VINTERVERSION_HAND_v_0-768x768.jpg 768w, https:\/\/interflora.dk\/blog\/wp-content\/uploads\/2025\/09\/DEN_VENLIGE_VINTERVERSION_HAND_v_0.jpg 1200w\" sizes=\"auto, (max-width: 300px) 100vw, 300px\" \/><img decoding=\"async\" class=\"lp-badge\" src=\"https:\/\/prodblog.interflora.dk\/blog\/wp-content\/uploads\/2025\/09\/220422_INTERFLORA_Main_Logo_rgb_Main_Color.avif\" alt=\"Send blomster med Interflora\"><\/div><span>Den venlige<\/span><p>Fra 219 kr.<\/p><span class=\"obf-link lp-cta\" role=\"link\" tabindex=\"0\" data-b64=\"aHR0cHM6Ly9pbnRlcmZsb3JhLmRrL3Byb2R1a3QvZGVuLXZlbmxpZ2U\/dj0xNTgwMiYjMDM4O3ZhcmlhdGlvbj1jMDRiZDM3OC1kZGYyLTRjMmItYmM5My1hYWM2ZWJlZWUwNDI\/dXRtX21lZGl1bT1vcmdhbmljJnV0bV9zb3VyY2U9YmxvZ19wcm9kdWN0cyZ1dG1fY2FtcGFpZ249NTc0Ng==\" data-target=\"_blank\"><svg xmlns=\"http:\/\/www.w3.org\/2000\/svg\" width=\"16\" height=\"16\" fill=\"currentColor\" class=\"bi bi-bag\" viewBox=\"0 0 16 16\"><path d=\"M8 1a2 2 0 0 1 2 2v1h2.5A1.5 1.5 0 0 1 14 5.5v8A1.5 1.5 0 0 1 12.5 15h-9A1.5 1.5 0 0 1 2 13.5v-8A1.5 1.5 0 0 1 3.5 3H6V2a2 2 0 0 1 2-1zm1 3V3a1 1 0 0 0-2 0v1h2z\"\/><\/svg>K\u00f8b her<\/span><p class=\"rapido\">Friske blomster<\/p><\/div><\/div>\n\n\n\n<h3 class=\"wp-block-heading alignwide\">H\u00f8stanemoner: efter\u00e5rets yndefulde sk\u00f8nhed<\/h3>\n\n\n\n<p class=\"wp-block-paragraph\"><a href=\"https:\/\/interflora.dk\/blog\/anemone-blomster\/\">H\u00f8stanemoner<\/a> er sarte og elegante og <strong>tilf\u00f8rer efter\u00e5rsbuketter et strejf af lethed<\/strong>. De blomstrer ofte fra sensommeren og helt frem til de f\u00f8rste frostn\u00e6tter, hvilket g\u00f8r dem til <strong>en fin septemberblomst<\/strong>.&nbsp;<\/p>\n\n\n\n<div class=\"wp-block-uagb-icon-list uagb-block-d66e0cb5\"><div class=\"uagb-icon-list__wrap\">\n<div class=\"wp-block-uagb-icon-list-child uagb-block-3a636f9f\"><span class=\"uagb-icon-list__source-wrap\"><img decoding=\"async\" class=\"uagb-icon-list__source-image\" src=\"https:\/\/interflora.dk\/blog\/wp-content\/uploads\/2026\/03\/picto-summary-2.png\" width=\"25\" height=\"25\" loading=\"lazy\" alt=\"\"\/><\/span><span class=\"uagb-icon-list__label\">Farver: sart lyser\u00f8d, hvid, violet<\/span><\/div>\n\n\n\n<div class=\"wp-block-uagb-icon-list-child uagb-block-270bf9bb\"><span class=\"uagb-icon-list__source-wrap\"><img decoding=\"async\" class=\"uagb-icon-list__source-image\" src=\"https:\/\/interflora.dk\/blog\/wp-content\/uploads\/2026\/03\/picto-summary-2.png\" width=\"25\" height=\"25\" loading=\"lazy\" alt=\"\"\/><\/span><span class=\"uagb-icon-list__label\">Symbolik: h\u00e5b, beskyttelse, fornyelse<\/span><\/div>\n\n\n\n<div class=\"wp-block-uagb-icon-list-child uagb-block-9e5d854a\"><span class=\"uagb-icon-list__source-wrap\"><img decoding=\"async\" class=\"uagb-icon-list__source-image\" src=\"https:\/\/interflora.dk\/blog\/wp-content\/uploads\/2026\/03\/picto-summary-2.png\" width=\"25\" height=\"25\" loading=\"lazy\" alt=\"\"\/><\/span><span class=\"uagb-icon-list__label\">Blomstringsperiode: august til oktober<\/span><\/div>\n<\/div><\/div>\n\n\n\n<p class=\"wp-block-paragraph\">Kombiner h\u00f8stanemoner med gr\u00e6sser eller grene for at skabe en naturlig og let efter\u00e5rsbuket.&nbsp;<\/p>\n\n\n\n<figure class=\"wp-block-gallery has-nested-images columns-default is-cropped wp-block-gallery-3 is-layout-flex wp-block-gallery-is-layout-flex\">\n<figure class=\"wp-block-image size-full\"><img loading=\"lazy\" decoding=\"async\" width=\"871\" height=\"1210\" data-id=\"52035\" src=\"https:\/\/interflora.dk\/blog\/wp-content\/uploads\/2025\/03\/Anemones-Jennifer-Borge.jpeg\" alt=\"anemonebuket i lyse nuancer p\u00e5 bord med dug\" class=\"wp-image-52035\" style=\"aspect-ratio:1\" srcset=\"https:\/\/interflora.dk\/blog\/wp-content\/uploads\/2025\/03\/Anemones-Jennifer-Borge.jpeg 871w, https:\/\/interflora.dk\/blog\/wp-content\/uploads\/2025\/03\/Anemones-Jennifer-Borge-216x300.jpeg 216w, https:\/\/interflora.dk\/blog\/wp-content\/uploads\/2025\/03\/Anemones-Jennifer-Borge-737x1024.jpeg 737w, https:\/\/interflora.dk\/blog\/wp-content\/uploads\/2025\/03\/Anemones-Jennifer-Borge-768x1067.jpeg 768w\" sizes=\"auto, (max-width: 871px) 100vw, 871px\" \/><\/figure>\n\n\n\n<figure class=\"wp-block-image size-large\"><img loading=\"lazy\" decoding=\"async\" width=\"1024\" height=\"767\" data-id=\"48891\" src=\"https:\/\/interflora.dk\/blog\/wp-content\/uploads\/2024\/10\/hvide-anemoner-i-skoven-1-1024x767.jpeg\" alt=\"Hvide anemoner i skoven\" class=\"wp-image-48891\" style=\"aspect-ratio:1\" srcset=\"https:\/\/interflora.dk\/blog\/wp-content\/uploads\/2024\/10\/hvide-anemoner-i-skoven-1-1024x767.jpeg 1024w, https:\/\/interflora.dk\/blog\/wp-content\/uploads\/2024\/10\/hvide-anemoner-i-skoven-1-300x225.jpeg 300w, https:\/\/interflora.dk\/blog\/wp-content\/uploads\/2024\/10\/hvide-anemoner-i-skoven-1-768x575.jpeg 768w, https:\/\/interflora.dk\/blog\/wp-content\/uploads\/2024\/10\/hvide-anemoner-i-skoven-1.jpeg 1400w\" sizes=\"auto, (max-width: 1024px) 100vw, 1024px\" \/><\/figure>\n<\/figure>\n\n\n\n<h3 class=\"wp-block-heading alignwide\">Cosmos: den luftige ynde<\/h3>\n\n\n\n<p class=\"wp-block-paragraph\">Hvis du vil fremh\u00e6ve det sk\u00f8nne i <strong>sensommerens og efter\u00e5rets blomster,<\/strong> er cosmos et godt valg. De fine blomster, der minder om sm\u00e5 stjerner, tilf\u00f8rer buketten et let og luftigt udtryk. Cosmos f\u00e5s i <strong>bl\u00f8de nuancer <\/strong>som lyser\u00f8d, hvid og violet og <strong>passer derfor godt ind i efter\u00e5rets buketter<\/strong>.&nbsp;<\/p>\n\n\n\n<div class=\"wp-block-uagb-icon-list uagb-block-c4b39248\"><div class=\"uagb-icon-list__wrap\">\n<div class=\"wp-block-uagb-icon-list-child uagb-block-0b9eda1f\"><span class=\"uagb-icon-list__source-wrap\"><img decoding=\"async\" class=\"uagb-icon-list__source-image\" src=\"https:\/\/interflora.dk\/blog\/wp-content\/uploads\/2026\/03\/picto-summary-2.png\" width=\"25\" height=\"25\" loading=\"lazy\" alt=\"\"\/><\/span><span class=\"uagb-icon-list__label\">Farver: hvid, lyser\u00f8d, violet<\/span><\/div>\n\n\n\n<div class=\"wp-block-uagb-icon-list-child uagb-block-fe8eebe2\"><span class=\"uagb-icon-list__source-wrap\"><img decoding=\"async\" class=\"uagb-icon-list__source-image\" src=\"https:\/\/interflora.dk\/blog\/wp-content\/uploads\/2026\/03\/picto-summary-2.png\" width=\"25\" height=\"25\" loading=\"lazy\" alt=\"\"\/><\/span><span class=\"uagb-icon-list__label\">Symbolik: harmoni, ro, enkel sk\u00f8nhed<\/span><\/div>\n\n\n\n<div class=\"wp-block-uagb-icon-list-child uagb-block-0bcdcb47\"><span class=\"uagb-icon-list__source-wrap\"><img decoding=\"async\" class=\"uagb-icon-list__source-image\" src=\"https:\/\/interflora.dk\/blog\/wp-content\/uploads\/2026\/03\/picto-summary-2.png\" width=\"25\" height=\"25\" loading=\"lazy\" alt=\"\"\/><\/span><span class=\"uagb-icon-list__label\">Blomstringsperiode: juni til oktober<\/span><\/div>\n<\/div><\/div>\n\n\n\n<p class=\"wp-block-paragraph\">For en luftig og yndefuld buket kan du <strong>kombinere cosmos med h\u00f8stanemoner<\/strong>, som giver en fin kontrast. Du kan ogs\u00e5 <strong>tilf\u00f8je eukalyptusgrene<\/strong>, der giver fylde og et strejf af s\u00f8lvgr\u00f8nt. De runde, duftende blade fremh\u00e6ver cosmosblomsternes lette udtryk og tilf\u00f8rer samtidig buketten en bl\u00f8d tekstur.&nbsp;<\/p>\n\n\n\n<figure class=\"wp-block-gallery has-nested-images columns-default is-cropped wp-block-gallery-4 is-layout-flex wp-block-gallery-is-layout-flex\">\n<figure class=\"wp-block-image size-large\"><img loading=\"lazy\" decoding=\"async\" width=\"1024\" height=\"684\" data-id=\"58525\" src=\"https:\/\/interflora.dk\/blog\/wp-content\/uploads\/2025\/06\/AdobeStock_227649490-2-1024x684.jpeg\" alt=\"smukke stolt kavaler i lyser\u00f8de nuancer i naturen\" class=\"wp-image-58525\" srcset=\"https:\/\/interflora.dk\/blog\/wp-content\/uploads\/2025\/06\/AdobeStock_227649490-2-1024x684.jpeg 1024w, https:\/\/interflora.dk\/blog\/wp-content\/uploads\/2025\/06\/AdobeStock_227649490-2-300x200.jpeg 300w, https:\/\/interflora.dk\/blog\/wp-content\/uploads\/2025\/06\/AdobeStock_227649490-2-768x513.jpeg 768w, https:\/\/interflora.dk\/blog\/wp-content\/uploads\/2025\/06\/AdobeStock_227649490-2-1536x1025.jpeg 1536w, https:\/\/interflora.dk\/blog\/wp-content\/uploads\/2025\/06\/AdobeStock_227649490-2-2048x1367.jpeg 2048w\" sizes=\"auto, (max-width: 1024px) 100vw, 1024px\" \/><\/figure>\n\n\n\n<figure class=\"wp-block-image size-large\"><img loading=\"lazy\" decoding=\"async\" width=\"1024\" height=\"1024\" data-id=\"63107\" src=\"https:\/\/interflora.dk\/blog\/wp-content\/uploads\/2026\/06\/Cosmos-edited-1024x1024.jpeg\" alt=\"Cosmosblomster p\u00e5 en farverig mark i sollys\" class=\"wp-image-63107\" srcset=\"https:\/\/interflora.dk\/blog\/wp-content\/uploads\/2026\/06\/Cosmos-edited-1024x1024.jpeg 1024w, https:\/\/interflora.dk\/blog\/wp-content\/uploads\/2026\/06\/Cosmos-edited-300x300.jpeg 300w, https:\/\/interflora.dk\/blog\/wp-content\/uploads\/2026\/06\/Cosmos-edited-150x150.jpeg 150w, https:\/\/interflora.dk\/blog\/wp-content\/uploads\/2026\/06\/Cosmos-edited-768x768.jpeg 768w, https:\/\/interflora.dk\/blog\/wp-content\/uploads\/2026\/06\/Cosmos-edited-1536x1536.jpeg 1536w, https:\/\/interflora.dk\/blog\/wp-content\/uploads\/2026\/06\/Cosmos-edited-2048x2048.jpeg 2048w\" sizes=\"auto, (max-width: 1024px) 100vw, 1024px\" \/><\/figure>\n<\/figure>\n\n\n\n<h2 class=\"wp-block-heading alignwide\">Hvilken blomst kan man plukke i september?<\/h2>\n\n\n\n<div class=\"wp-block-media-text has-media-on-the-right is-stacked-on-mobile\"><div class=\"wp-block-media-text__content\">\n<p class=\"wp-block-paragraph\"><strong>Stokroser <\/strong>vokser b\u00e5de vildt og i haven og er popul\u00e6re for deres dekorative blomster. Med deres store, sk\u00e5lformede blomster og slanke st\u00e6ngler <strong>tilf\u00f8rer<\/strong> de<strong> h\u00f8jde og struktur til enhver buket.&nbsp;<\/strong><\/p>\n\n\n\n<p class=\"wp-block-paragraph\">Stokroser findes i mange smukke nuancer, fra pastellyser\u00f8d til klar r\u00f8d, og passer derfor godt ind i efter\u00e5rets buketter. For en afbalanceret buket kan du kombinere dem med mindre blomster som asters eller med gr\u00e6sser, der skaber en fin kontrast til stokrosens h\u00f8jde og st\u00f8rrelse.&nbsp;<\/p>\n\n\n\n<p class=\"wp-block-paragraph\"><strong>Find alle s\u00e6sonens blomster hos Interflora<\/strong>, og lad dig inspirere til en smuk buket, der passer til september og efter\u00e5rets f\u00f8rste dage.<\/p>\n\n\n\n<div class=\"wp-block-buttons alignwide is-content-justification-center is-layout-flex wp-container-core-buttons-is-layout-3e41869c wp-block-buttons-is-layout-flex\">\n<div class=\"wp-block-button\"><a class=\"wp-block-button__link has-medium-font-size has-custom-font-size wp-element-button\" href=\"https:\/\/www.prod.interflora.dk\/c\/bestil-blomster\/efteraarsbuketter?utm_source=blog&amp;utm_campaign=post-cta\" target=\"_blank\" rel=\"noopener\">Find smukke efter\u00e5rsblomster hos Interflora<\/a><\/div>\n<\/div>\n<\/div><figure class=\"wp-block-media-text__media\"><img loading=\"lazy\" decoding=\"async\" width=\"398\" height=\"495\" src=\"https:\/\/interflora.dk\/blog\/wp-content\/uploads\/2023\/12\/sommerblomster-2.jpg\" alt=\"\" class=\"wp-image-39724 size-full\" srcset=\"https:\/\/interflora.dk\/blog\/wp-content\/uploads\/2023\/12\/sommerblomster-2.jpg 398w, https:\/\/interflora.dk\/blog\/wp-content\/uploads\/2023\/12\/sommerblomster-2-241x300.jpg 241w\" sizes=\"auto, (max-width: 398px) 100vw, 398px\" \/><\/figure><\/div>\n\n\n<div class=\"lp-produits-grid\"><div class=\"lp-produit\"><div class=\"lp-thumbnail-wrapper\"><img loading=\"lazy\" decoding=\"async\" width=\"300\" height=\"300\" src=\"https:\/\/interflora.dk\/blog\/wp-content\/uploads\/2025\/09\/DEN_SOEDE_OMTANKE_HAND_173-300x300.jpg\" class=\"attachment-medium size-medium wp-post-image\" alt=\"\" srcset=\"https:\/\/interflora.dk\/blog\/wp-content\/uploads\/2025\/09\/DEN_SOEDE_OMTANKE_HAND_173-300x300.jpg 300w, https:\/\/interflora.dk\/blog\/wp-content\/uploads\/2025\/09\/DEN_SOEDE_OMTANKE_HAND_173-1024x1024.jpg 1024w, https:\/\/interflora.dk\/blog\/wp-content\/uploads\/2025\/09\/DEN_SOEDE_OMTANKE_HAND_173-150x150.jpg 150w, https:\/\/interflora.dk\/blog\/wp-content\/uploads\/2025\/09\/DEN_SOEDE_OMTANKE_HAND_173-768x768.jpg 768w, https:\/\/interflora.dk\/blog\/wp-content\/uploads\/2025\/09\/DEN_SOEDE_OMTANKE_HAND_173.jpg 1200w\" sizes=\"auto, (max-width: 300px) 100vw, 300px\" \/><img decoding=\"async\" class=\"lp-badge\" src=\"https:\/\/prodblog.interflora.dk\/blog\/wp-content\/uploads\/2025\/09\/220422_INTERFLORA_Main_Logo_rgb_Main_Color.avif\" alt=\"Send blomster med Interflora\"><\/div><span>Den s\u00f8de omtanke<\/span><p>Fra 319 kr.<\/p><span class=\"obf-link lp-cta\" role=\"link\" tabindex=\"0\" data-b64=\"aHR0cHM6Ly9pbnRlcmZsb3JhLmRrL3Byb2R1a3QvZGVuLXNvZWRlLW9tdGFua2U\/dj0xOTI2JiMwMzg7dmFyaWF0aW9uPTNlY2U2YmYxLTdhOTAtNDQwMi1iYzQ5LWM4ZTcyMjQ4ODM5ND91dG1fbWVkaXVtPW9yZ2FuaWMmdXRtX3NvdXJjZT1ibG9nX3Byb2R1Y3RzJnV0bV9jYW1wYWlnbj0xNzM=\" data-target=\"_blank\"><svg xmlns=\"http:\/\/www.w3.org\/2000\/svg\" width=\"16\" height=\"16\" fill=\"currentColor\" class=\"bi bi-bag\" viewBox=\"0 0 16 16\"><path d=\"M8 1a2 2 0 0 1 2 2v1h2.5A1.5 1.5 0 0 1 14 5.5v8A1.5 1.5 0 0 1 12.5 15h-9A1.5 1.5 0 0 1 2 13.5v-8A1.5 1.5 0 0 1 3.5 3H6V2a2 2 0 0 1 2-1zm1 3V3a1 1 0 0 0-2 0v1h2z\"\/><\/svg>K\u00f8b her<\/span><p class=\"rapido\">Din personlige hilsen<\/p><\/div><div class=\"lp-produit\"><div class=\"lp-thumbnail-wrapper\"><img loading=\"lazy\" decoding=\"async\" width=\"300\" height=\"300\" src=\"https:\/\/interflora.dk\/blog\/wp-content\/uploads\/2026\/03\/billede_1-300x300.jpeg\" class=\"attachment-medium size-medium wp-post-image\" alt=\"\" srcset=\"https:\/\/interflora.dk\/blog\/wp-content\/uploads\/2026\/03\/billede_1-300x300.jpeg 300w, https:\/\/interflora.dk\/blog\/wp-content\/uploads\/2026\/03\/billede_1-1024x1024.jpeg 1024w, https:\/\/interflora.dk\/blog\/wp-content\/uploads\/2026\/03\/billede_1-150x150.jpeg 150w, https:\/\/interflora.dk\/blog\/wp-content\/uploads\/2026\/03\/billede_1-768x768.jpeg 768w, https:\/\/interflora.dk\/blog\/wp-content\/uploads\/2026\/03\/billede_1.jpeg 1200w\" sizes=\"auto, (max-width: 300px) 100vw, 300px\" \/><img decoding=\"async\" class=\"lp-badge\" src=\"https:\/\/prodblog.interflora.dk\/blog\/wp-content\/uploads\/2025\/09\/220422_INTERFLORA_Main_Logo_rgb_Main_Color.avif\" alt=\"Send blomster med Interflora\"><\/div><span>Blomstergl\u00e6de &#8211; leveres i gaveboks med DAO<\/span><p>Fra 159 kr.<\/p><span class=\"obf-link lp-cta\" role=\"link\" tabindex=\"0\" data-b64=\"aHR0cHM6Ly9pbnRlcmZsb3JhLmRrL3Byb2R1a3QvYmxvbXN0ZXJnbGFlZGU\/dj0xNzkyNiYjMDM4O3ZhcmlhdGlvbj04NzI0ZGUyYy0xN2M5LTQwZjEtYWNjNC02MTUxZDcxOWJiZTM\/dXRtX21lZGl1bT1vcmdhbmljJnV0bV9zb3VyY2U9YmxvZ19wcm9kdWN0cyZ1dG1fY2FtcGFpZ249OTE1MA==\" data-target=\"_blank\"><svg xmlns=\"http:\/\/www.w3.org\/2000\/svg\" width=\"16\" height=\"16\" fill=\"currentColor\" class=\"bi bi-bag\" viewBox=\"0 0 16 16\"><path d=\"M8 1a2 2 0 0 1 2 2v1h2.5A1.5 1.5 0 0 1 14 5.5v8A1.5 1.5 0 0 1 12.5 15h-9A1.5 1.5 0 0 1 2 13.5v-8A1.5 1.5 0 0 1 3.5 3H6V2a2 2 0 0 1 2-1zm1 3V3a1 1 0 0 0-2 0v1h2z\"\/><\/svg>K\u00f8b her<\/span><p class=\"rapido\">Levering i hele Danmark<\/p><\/div><div class=\"lp-produit\"><div class=\"lp-thumbnail-wrapper\"><img loading=\"lazy\" decoding=\"async\" width=\"300\" height=\"300\" src=\"https:\/\/interflora.dk\/blog\/wp-content\/uploads\/2025\/09\/DEN_VENLIGE_VINTERVERSION_HAND_v_0-300x300.jpg\" class=\"attachment-medium size-medium wp-post-image\" alt=\"\" srcset=\"https:\/\/interflora.dk\/blog\/wp-content\/uploads\/2025\/09\/DEN_VENLIGE_VINTERVERSION_HAND_v_0-300x300.jpg 300w, https:\/\/interflora.dk\/blog\/wp-content\/uploads\/2025\/09\/DEN_VENLIGE_VINTERVERSION_HAND_v_0-1024x1024.jpg 1024w, https:\/\/interflora.dk\/blog\/wp-content\/uploads\/2025\/09\/DEN_VENLIGE_VINTERVERSION_HAND_v_0-150x150.jpg 150w, https:\/\/interflora.dk\/blog\/wp-content\/uploads\/2025\/09\/DEN_VENLIGE_VINTERVERSION_HAND_v_0-768x768.jpg 768w, https:\/\/interflora.dk\/blog\/wp-content\/uploads\/2025\/09\/DEN_VENLIGE_VINTERVERSION_HAND_v_0.jpg 1200w\" sizes=\"auto, (max-width: 300px) 100vw, 300px\" \/><img decoding=\"async\" class=\"lp-badge\" src=\"https:\/\/prodblog.interflora.dk\/blog\/wp-content\/uploads\/2025\/09\/220422_INTERFLORA_Main_Logo_rgb_Main_Color.avif\" alt=\"Send blomster med Interflora\"><\/div><span>Den venlige<\/span><p>Fra 219 kr.<\/p><span class=\"obf-link lp-cta\" role=\"link\" tabindex=\"0\" data-b64=\"aHR0cHM6Ly9pbnRlcmZsb3JhLmRrL3Byb2R1a3QvZGVuLXZlbmxpZ2U\/dj0xNTgwMiYjMDM4O3ZhcmlhdGlvbj1jMDRiZDM3OC1kZGYyLTRjMmItYmM5My1hYWM2ZWJlZWUwNDI\/dXRtX21lZGl1bT1vcmdhbmljJnV0bV9zb3VyY2U9YmxvZ19wcm9kdWN0cyZ1dG1fY2FtcGFpZ249NTc0Ng==\" data-target=\"_blank\"><svg xmlns=\"http:\/\/www.w3.org\/2000\/svg\" width=\"16\" height=\"16\" fill=\"currentColor\" class=\"bi bi-bag\" viewBox=\"0 0 16 16\"><path d=\"M8 1a2 2 0 0 1 2 2v1h2.5A1.5 1.5 0 0 1 14 5.5v8A1.5 1.5 0 0 1 12.5 15h-9A1.5 1.5 0 0 1 2 13.5v-8A1.5 1.5 0 0 1 3.5 3H6V2a2 2 0 0 1 2-1zm1 3V3a1 1 0 0 0-2 0v1h2z\"\/><\/svg>K\u00f8b her<\/span><p class=\"rapido\">H\u00e5ndbundet af florister<\/p><\/div><div class=\"lp-produit\"><div class=\"lp-thumbnail-wrapper\"><img loading=\"lazy\" decoding=\"async\" width=\"300\" height=\"300\" src=\"https:\/\/interflora.dk\/blog\/wp-content\/uploads\/2026\/05\/DEN_SOMMERLIGE_HAND_2549_0-300x300.jpg\" class=\"attachment-medium size-medium wp-post-image\" alt=\"\" srcset=\"https:\/\/interflora.dk\/blog\/wp-content\/uploads\/2026\/05\/DEN_SOMMERLIGE_HAND_2549_0-300x300.jpg 300w, https:\/\/interflora.dk\/blog\/wp-content\/uploads\/2026\/05\/DEN_SOMMERLIGE_HAND_2549_0-1024x1024.jpg 1024w, https:\/\/interflora.dk\/blog\/wp-content\/uploads\/2026\/05\/DEN_SOMMERLIGE_HAND_2549_0-150x150.jpg 150w, https:\/\/interflora.dk\/blog\/wp-content\/uploads\/2026\/05\/DEN_SOMMERLIGE_HAND_2549_0-768x768.jpg 768w, https:\/\/interflora.dk\/blog\/wp-content\/uploads\/2026\/05\/DEN_SOMMERLIGE_HAND_2549_0.jpg 1200w\" sizes=\"auto, (max-width: 300px) 100vw, 300px\" \/><img decoding=\"async\" class=\"lp-badge\" src=\"https:\/\/prodblog.interflora.dk\/blog\/wp-content\/uploads\/2025\/09\/220422_INTERFLORA_Main_Logo_rgb_Main_Color.avif\" alt=\"Send blomster med Interflora\"><\/div><span>Den sommerlige<\/span><p>Fra 319 kr.<\/p><span class=\"obf-link lp-cta\" role=\"link\" tabindex=\"0\" data-b64=\"aHR0cHM6Ly9pbnRlcmZsb3JhLmRrL3Byb2R1a3QvZGVuLXNvbW1lcmxpZ2U\/dj0xNjcyMCYjMDM4O3ZhcmlhdGlvbj02NWU3NGY3NS03YjdjLTQ1NzYtODI3Mi0zNjUyYjgwZDA0NTk\/dXRtX21lZGl1bT1vcmdhbmljJnV0bV9zb3VyY2U9YmxvZ19wcm9kdWN0cyZ1dG1fY2FtcGFpZ249MjU0OQ==\" data-target=\"_blank\"><svg xmlns=\"http:\/\/www.w3.org\/2000\/svg\" width=\"16\" height=\"16\" fill=\"currentColor\" class=\"bi bi-bag\" viewBox=\"0 0 16 16\"><path d=\"M8 1a2 2 0 0 1 2 2v1h2.5A1.5 1.5 0 0 1 14 5.5v8A1.5 1.5 0 0 1 12.5 15h-9A1.5 1.5 0 0 1 2 13.5v-8A1.5 1.5 0 0 1 3.5 3H6V2a2 2 0 0 1 2-1zm1 3V3a1 1 0 0 0-2 0v1h2z\"\/><\/svg>K\u00f8b her<\/span><p class=\"rapido\">Friske blomster<\/p><\/div><\/div>\n\n\n\n<p class=\"wp-block-paragraph\"><\/p>\n","protected":false},"excerpt":{"rendered":"<p>I september siger vi stille og roligt farvel til sommeren og byder efter\u00e5ret velkommen. Hvad er bedre end smukke buketter [&hellip;]<\/p>\n","protected":false},"author":14,"featured_media":64228,"comment_status":"open","ping_status":"open","sticky":false,"template":"","format":"standard","meta":{"_uag_custom_page_level_css":"","site-sidebar-layout":"default","site-content-layout":"","ast-site-content-layout":"default","site-content-style":"default","site-sidebar-style":"default","ast-global-header-display":"","ast-banner-title-visibility":"","ast-main-header-display":"","ast-hfb-above-header-display":"","ast-hfb-below-header-display":"","ast-hfb-mobile-header-display":"","site-post-title":"","ast-breadcrumbs-content":"","ast-featured-img":"","footer-sml-layout":"","ast-disable-related-posts":"","theme-transparent-header-meta":"","adv-header-id-meta":"","stick-header-meta":"","header-above-stick-meta":"","header-main-stick-meta":"","header-below-stick-meta":"","astra-migrate-meta-layouts":"default","ast-page-background-enabled":"default","ast-page-background-meta":{"desktop":{"background-color":"var(--ast-global-color-5)","background-image":"","background-repeat":"repeat","background-position":"center center","background-size":"auto","background-attachment":"scroll","background-type":"","background-media":"","overlay-type":"","overlay-color":"","overlay-opacity":"","overlay-gradient":""},"tablet":{"background-color":"","background-image":"","background-repeat":"repeat","background-position":"center center","background-size":"auto","background-attachment":"scroll","background-type":"","background-media":"","overlay-type":"","overlay-color":"","overlay-opacity":"","overlay-gradient":""},"mobile":{"background-color":"","background-image":"","background-repeat":"repeat","background-position":"center center","background-size":"auto","background-attachment":"scroll","background-type":"","background-media":"","overlay-type":"","overlay-color":"","overlay-opacity":"","overlay-gradient":""}},"ast-content-background-meta":{"desktop":{"background-color":"var(--ast-global-color-4)","background-image":"","background-repeat":"repeat","background-position":"center center","background-size":"auto","background-attachment":"scroll","background-type":"","background-media":"","overlay-type":"","overlay-color":"","overlay-opacity":"","overlay-gradient":""},"tablet":{"background-color":"var(--ast-global-color-4)","background-image":"","background-repeat":"repeat","background-position":"center center","background-size":"auto","background-attachment":"scroll","background-type":"","background-media":"","overlay-type":"","overlay-color":"","overlay-opacity":"","overlay-gradient":""},"mobile":{"background-color":"var(--ast-global-color-4)","background-image":"","background-repeat":"repeat","background-position":"center center","background-size":"auto","background-attachment":"scroll","background-type":"","background-media":"","overlay-type":"","overlay-color":"","overlay-opacity":"","overlay-gradient":""}},"footnotes":""},"categories":[199,193],"tags":[166,362],"class_list":["post-64226","post","type-post","status-publish","format-standard","has-post-thumbnail","hentry","category-efteraar","category-blomster","tag-blomster","tag-september"],"yoast_head":"<!-- This site is optimized with the Yoast SEO plugin v28.1 - https:\/\/yoast.com\/product\/yoast-seo-wordpress\/ -->\n<title>Septemberblomster: perfekte til efter\u00e5rets buketter | Interflora<\/title>\n<meta name=\"description\" content=\"Opdag septembers smukkeste s\u00e6sonblomster til dine efter\u00e5rsbuketter \u2013 asters, dahliaer, solsikker og meget mere. F\u00e5 inspiration til unikke buketter.\" \/>\n<meta name=\"robots\" content=\"index, follow, max-snippet:-1, max-image-preview:large, max-video-preview:-1\" \/>\n<link rel=\"canonical\" href=\"https:\/\/interflora.dk\/blog\/blomster-i-september-efteraarets-smukkeste-blomster\/\" \/>\n<meta property=\"og:locale\" content=\"da_DK\" \/>\n<meta property=\"og:type\" content=\"article\" \/>\n<meta property=\"og:title\" content=\"Septemberblomster: perfekte til efter\u00e5rets buketter | Interflora\" \/>\n<meta property=\"og:description\" content=\"Opdag septembers smukkeste s\u00e6sonblomster til dine efter\u00e5rsbuketter \u2013 asters, dahliaer, solsikker og meget mere. F\u00e5 inspiration til unikke buketter.\" \/>\n<meta property=\"og:url\" content=\"https:\/\/interflora.dk\/blog\/blomster-i-september-efteraarets-smukkeste-blomster\/\" \/>\n<meta property=\"og:site_name\" content=\"Interflora\" \/>\n<meta property=\"article:publisher\" content=\"https:\/\/www.facebook.com\/InterfloraDanmark\" \/>\n<meta property=\"article:published_time\" content=\"2026-09-02T12:00:00+00:00\" \/>\n<meta property=\"article:modified_time\" content=\"2026-09-02T12:45:31+00:00\" \/>\n<meta property=\"og:image\" content=\"https:\/\/interflora.dk\/blog\/wp-content\/uploads\/2026\/09\/annesophiebenoit-interflora-sweden-60.jpg\" \/>\n\t<meta property=\"og:image:width\" content=\"1500\" \/>\n\t<meta property=\"og:image:height\" content=\"1500\" \/>\n\t<meta property=\"og:image:type\" content=\"image\/jpeg\" \/>\n<meta name=\"author\" content=\"Rebecca\" \/>\n<meta name=\"twitter:card\" content=\"summary_large_image\" \/>\n<meta name=\"twitter:label1\" content=\"Skrevet af\" \/>\n\t<meta name=\"twitter:data1\" content=\"Rebecca\" \/>\n\t<meta name=\"twitter:label2\" content=\"Estimeret l\u00e6setid\" \/>\n\t<meta name=\"twitter:data2\" content=\"4 minutter\" \/>\n<script type=\"application\/ld+json\" class=\"yoast-schema-graph\">{\"@context\":\"https:\\\/\\\/schema.org\",\"@graph\":[{\"@type\":\"Article\",\"@id\":\"https:\\\/\\\/interflora.dk\\\/blog\\\/blomster-i-september-efteraarets-smukkeste-blomster\\\/#article\",\"isPartOf\":{\"@id\":\"https:\\\/\\\/interflora.dk\\\/blog\\\/blomster-i-september-efteraarets-smukkeste-blomster\\\/\"},\"author\":{\"name\":\"Rebecca\",\"@id\":\"https:\\\/\\\/interflora.dk\\\/blog\\\/#\\\/schema\\\/person\\\/539d242367a91b649952f5d251feb5ba\"},\"headline\":\"Blomster i september: Efter\u00e5rets smukkeste blomster\",\"datePublished\":\"2026-09-02T12:00:00+00:00\",\"dateModified\":\"2026-09-02T12:45:31+00:00\",\"mainEntityOfPage\":{\"@id\":\"https:\\\/\\\/interflora.dk\\\/blog\\\/blomster-i-september-efteraarets-smukkeste-blomster\\\/\"},\"wordCount\":852,\"commentCount\":0,\"publisher\":{\"@id\":\"https:\\\/\\\/interflora.dk\\\/blog\\\/#organization\"},\"image\":{\"@id\":\"https:\\\/\\\/interflora.dk\\\/blog\\\/blomster-i-september-efteraarets-smukkeste-blomster\\\/#primaryimage\"},\"thumbnailUrl\":\"https:\\\/\\\/interflora.dk\\\/blog\\\/wp-content\\\/uploads\\\/2026\\\/09\\\/annesophiebenoit-interflora-sweden-60.jpg\",\"keywords\":[\"Blomster\",\"September\"],\"articleSection\":[\"Efter\u00e5rets fortryllelse: Inspiration og tips\",\"Vores tips og inspiration til blomster\"],\"inLanguage\":\"da-DK\",\"potentialAction\":[{\"@type\":\"CommentAction\",\"name\":\"Comment\",\"target\":[\"https:\\\/\\\/interflora.dk\\\/blog\\\/blomster-i-september-efteraarets-smukkeste-blomster\\\/#respond\"]}]},{\"@type\":\"WebPage\",\"@id\":\"https:\\\/\\\/interflora.dk\\\/blog\\\/blomster-i-september-efteraarets-smukkeste-blomster\\\/\",\"url\":\"https:\\\/\\\/interflora.dk\\\/blog\\\/blomster-i-september-efteraarets-smukkeste-blomster\\\/\",\"name\":\"Septemberblomster: perfekte til efter\u00e5rets buketter | Interflora\",\"isPartOf\":{\"@id\":\"https:\\\/\\\/interflora.dk\\\/blog\\\/#website\"},\"primaryImageOfPage\":{\"@id\":\"https:\\\/\\\/interflora.dk\\\/blog\\\/blomster-i-september-efteraarets-smukkeste-blomster\\\/#primaryimage\"},\"image\":{\"@id\":\"https:\\\/\\\/interflora.dk\\\/blog\\\/blomster-i-september-efteraarets-smukkeste-blomster\\\/#primaryimage\"},\"thumbnailUrl\":\"https:\\\/\\\/interflora.dk\\\/blog\\\/wp-content\\\/uploads\\\/2026\\\/09\\\/annesophiebenoit-interflora-sweden-60.jpg\",\"datePublished\":\"2026-09-02T12:00:00+00:00\",\"dateModified\":\"2026-09-02T12:45:31+00:00\",\"description\":\"Opdag septembers smukkeste s\u00e6sonblomster til dine efter\u00e5rsbuketter \u2013 asters, dahliaer, solsikker og meget mere. F\u00e5 inspiration til unikke buketter.\",\"breadcrumb\":{\"@id\":\"https:\\\/\\\/interflora.dk\\\/blog\\\/blomster-i-september-efteraarets-smukkeste-blomster\\\/#breadcrumb\"},\"inLanguage\":\"da-DK\",\"potentialAction\":[{\"@type\":\"ReadAction\",\"target\":[\"https:\\\/\\\/interflora.dk\\\/blog\\\/blomster-i-september-efteraarets-smukkeste-blomster\\\/\"]}]},{\"@type\":\"ImageObject\",\"inLanguage\":\"da-DK\",\"@id\":\"https:\\\/\\\/interflora.dk\\\/blog\\\/blomster-i-september-efteraarets-smukkeste-blomster\\\/#primaryimage\",\"url\":\"https:\\\/\\\/interflora.dk\\\/blog\\\/wp-content\\\/uploads\\\/2026\\\/09\\\/annesophiebenoit-interflora-sweden-60.jpg\",\"contentUrl\":\"https:\\\/\\\/interflora.dk\\\/blog\\\/wp-content\\\/uploads\\\/2026\\\/09\\\/annesophiebenoit-interflora-sweden-60.jpg\",\"width\":1500,\"height\":1500,\"caption\":\"Efter\u00e5rsbuket i september\"},{\"@type\":\"BreadcrumbList\",\"@id\":\"https:\\\/\\\/interflora.dk\\\/blog\\\/blomster-i-september-efteraarets-smukkeste-blomster\\\/#breadcrumb\",\"itemListElement\":[{\"@type\":\"ListItem\",\"position\":1,\"name\":\"Home\",\"item\":\"https:\\\/\\\/interflora.dk\\\/blog\\\/\"},{\"@type\":\"ListItem\",\"position\":2,\"name\":\"Blomster i september: Efter\u00e5rets smukkeste blomster\"}]},{\"@type\":\"WebSite\",\"@id\":\"https:\\\/\\\/interflora.dk\\\/blog\\\/#website\",\"url\":\"https:\\\/\\\/interflora.dk\\\/blog\\\/\",\"name\":\"Interflora\",\"description\":\"\",\"publisher\":{\"@id\":\"https:\\\/\\\/interflora.dk\\\/blog\\\/#organization\"},\"potentialAction\":[{\"@type\":\"SearchAction\",\"target\":{\"@type\":\"EntryPoint\",\"urlTemplate\":\"https:\\\/\\\/interflora.dk\\\/blog\\\/?s={search_term_string}\"},\"query-input\":{\"@type\":\"PropertyValueSpecification\",\"valueRequired\":true,\"valueName\":\"search_term_string\"}}],\"inLanguage\":\"da-DK\"},{\"@type\":\"Organization\",\"@id\":\"https:\\\/\\\/interflora.dk\\\/blog\\\/#organization\",\"name\":\"Interflora\",\"url\":\"https:\\\/\\\/interflora.dk\\\/blog\\\/\",\"logo\":{\"@type\":\"ImageObject\",\"inLanguage\":\"da-DK\",\"@id\":\"https:\\\/\\\/interflora.dk\\\/blog\\\/#\\\/schema\\\/logo\\\/image\\\/\",\"url\":\"https:\\\/\\\/interflora.dk\\\/blog\\\/wp-content\\\/uploads\\\/2025\\\/09\\\/220422_INTERFLORA_Logo_rgb_Half_Top_Circle_Main_Color.png\",\"contentUrl\":\"https:\\\/\\\/interflora.dk\\\/blog\\\/wp-content\\\/uploads\\\/2025\\\/09\\\/220422_INTERFLORA_Logo_rgb_Half_Top_Circle_Main_Color.png\",\"width\":1418,\"height\":710,\"caption\":\"Interflora\"},\"image\":{\"@id\":\"https:\\\/\\\/interflora.dk\\\/blog\\\/#\\\/schema\\\/logo\\\/image\\\/\"},\"sameAs\":[\"https:\\\/\\\/www.facebook.com\\\/InterfloraDanmark\",\"https:\\\/\\\/www.instagram.com\\\/interfloradk\",\"https:\\\/\\\/www.linkedin.com\\\/company\\\/interfloradanmark\",\"https:\\\/\\\/www.youtube.com\\\/user\\\/InterfloraTV\"]},{\"@type\":\"Person\",\"@id\":\"https:\\\/\\\/interflora.dk\\\/blog\\\/#\\\/schema\\\/person\\\/539d242367a91b649952f5d251feb5ba\",\"name\":\"Rebecca\",\"image\":{\"@type\":\"ImageObject\",\"inLanguage\":\"da-DK\",\"@id\":\"https:\\\/\\\/interflora.dk\\\/blog\\\/wp-content\\\/litespeed\\\/avatar\\\/71e9bb45c3ae30a923c5edf07d65b0db.jpg?ver=1787839022\",\"url\":\"https:\\\/\\\/interflora.dk\\\/blog\\\/wp-content\\\/litespeed\\\/avatar\\\/71e9bb45c3ae30a923c5edf07d65b0db.jpg?ver=1787839022\",\"contentUrl\":\"https:\\\/\\\/interflora.dk\\\/blog\\\/wp-content\\\/litespeed\\\/avatar\\\/71e9bb45c3ae30a923c5edf07d65b0db.jpg?ver=1787839022\",\"caption\":\"Rebecca\"}}]}<\/script>\n<!-- \/ Yoast SEO plugin. -->","yoast_head_json":{"title":"Septemberblomster: perfekte til efter\u00e5rets buketter | Interflora","description":"Opdag septembers smukkeste s\u00e6sonblomster til dine efter\u00e5rsbuketter \u2013 asters, dahliaer, solsikker og meget mere. F\u00e5 inspiration til unikke buketter.","robots":{"index":"index","follow":"follow","max-snippet":"max-snippet:-1","max-image-preview":"max-image-preview:large","max-video-preview":"max-video-preview:-1"},"canonical":"https:\/\/interflora.dk\/blog\/blomster-i-september-efteraarets-smukkeste-blomster\/","og_locale":"da_DK","og_type":"article","og_title":"Septemberblomster: perfekte til efter\u00e5rets buketter | Interflora","og_description":"Opdag septembers smukkeste s\u00e6sonblomster til dine efter\u00e5rsbuketter \u2013 asters, dahliaer, solsikker og meget mere. F\u00e5 inspiration til unikke buketter.","og_url":"https:\/\/interflora.dk\/blog\/blomster-i-september-efteraarets-smukkeste-blomster\/","og_site_name":"Interflora","article_publisher":"https:\/\/www.facebook.com\/InterfloraDanmark","article_published_time":"2026-09-02T12:00:00+00:00","article_modified_time":"2026-09-02T12:45:31+00:00","og_image":[{"width":1500,"height":1500,"url":"https:\/\/interflora.dk\/blog\/wp-content\/uploads\/2026\/09\/annesophiebenoit-interflora-sweden-60.jpg","type":"image\/jpeg"}],"author":"Rebecca","twitter_card":"summary_large_image","twitter_misc":{"Skrevet af":"Rebecca","Estimeret l\u00e6setid":"4 minutter"},"schema":{"@context":"https:\/\/schema.org","@graph":[{"@type":"Article","@id":"https:\/\/interflora.dk\/blog\/blomster-i-september-efteraarets-smukkeste-blomster\/#article","isPartOf":{"@id":"https:\/\/interflora.dk\/blog\/blomster-i-september-efteraarets-smukkeste-blomster\/"},"author":{"name":"Rebecca","@id":"https:\/\/interflora.dk\/blog\/#\/schema\/person\/539d242367a91b649952f5d251feb5ba"},"headline":"Blomster i september: Efter\u00e5rets smukkeste blomster","datePublished":"2026-09-02T12:00:00+00:00","dateModified":"2026-09-02T12:45:31+00:00","mainEntityOfPage":{"@id":"https:\/\/interflora.dk\/blog\/blomster-i-september-efteraarets-smukkeste-blomster\/"},"wordCount":852,"commentCount":0,"publisher":{"@id":"https:\/\/interflora.dk\/blog\/#organization"},"image":{"@id":"https:\/\/interflora.dk\/blog\/blomster-i-september-efteraarets-smukkeste-blomster\/#primaryimage"},"thumbnailUrl":"https:\/\/interflora.dk\/blog\/wp-content\/uploads\/2026\/09\/annesophiebenoit-interflora-sweden-60.jpg","keywords":["Blomster","September"],"articleSection":["Efter\u00e5rets fortryllelse: Inspiration og tips","Vores tips og inspiration til blomster"],"inLanguage":"da-DK","potentialAction":[{"@type":"CommentAction","name":"Comment","target":["https:\/\/interflora.dk\/blog\/blomster-i-september-efteraarets-smukkeste-blomster\/#respond"]}]},{"@type":"WebPage","@id":"https:\/\/interflora.dk\/blog\/blomster-i-september-efteraarets-smukkeste-blomster\/","url":"https:\/\/interflora.dk\/blog\/blomster-i-september-efteraarets-smukkeste-blomster\/","name":"Septemberblomster: perfekte til efter\u00e5rets buketter | Interflora","isPartOf":{"@id":"https:\/\/interflora.dk\/blog\/#website"},"primaryImageOfPage":{"@id":"https:\/\/interflora.dk\/blog\/blomster-i-september-efteraarets-smukkeste-blomster\/#primaryimage"},"image":{"@id":"https:\/\/interflora.dk\/blog\/blomster-i-september-efteraarets-smukkeste-blomster\/#primaryimage"},"thumbnailUrl":"https:\/\/interflora.dk\/blog\/wp-content\/uploads\/2026\/09\/annesophiebenoit-interflora-sweden-60.jpg","datePublished":"2026-09-02T12:00:00+00:00","dateModified":"2026-09-02T12:45:31+00:00","description":"Opdag septembers smukkeste s\u00e6sonblomster til dine efter\u00e5rsbuketter \u2013 asters, dahliaer, solsikker og meget mere. F\u00e5 inspiration til unikke buketter.","breadcrumb":{"@id":"https:\/\/interflora.dk\/blog\/blomster-i-september-efteraarets-smukkeste-blomster\/#breadcrumb"},"inLanguage":"da-DK","potentialAction":[{"@type":"ReadAction","target":["https:\/\/interflora.dk\/blog\/blomster-i-september-efteraarets-smukkeste-blomster\/"]}]},{"@type":"ImageObject","inLanguage":"da-DK","@id":"https:\/\/interflora.dk\/blog\/blomster-i-september-efteraarets-smukkeste-blomster\/#primaryimage","url":"https:\/\/interflora.dk\/blog\/wp-content\/uploads\/2026\/09\/annesophiebenoit-interflora-sweden-60.jpg","contentUrl":"https:\/\/interflora.dk\/blog\/wp-content\/uploads\/2026\/09\/annesophiebenoit-interflora-sweden-60.jpg","width":1500,"height":1500,"caption":"Efter\u00e5rsbuket i september"},{"@type":"BreadcrumbList","@id":"https:\/\/interflora.dk\/blog\/blomster-i-september-efteraarets-smukkeste-blomster\/#breadcrumb","itemListElement":[{"@type":"ListItem","position":1,"name":"Home","item":"https:\/\/interflora.dk\/blog\/"},{"@type":"ListItem","position":2,"name":"Blomster i september: Efter\u00e5rets smukkeste blomster"}]},{"@type":"WebSite","@id":"https:\/\/interflora.dk\/blog\/#website","url":"https:\/\/interflora.dk\/blog\/","name":"Interflora","description":"","publisher":{"@id":"https:\/\/interflora.dk\/blog\/#organization"},"potentialAction":[{"@type":"SearchAction","target":{"@type":"EntryPoint","urlTemplate":"https:\/\/interflora.dk\/blog\/?s={search_term_string}"},"query-input":{"@type":"PropertyValueSpecification","valueRequired":true,"valueName":"search_term_string"}}],"inLanguage":"da-DK"},{"@type":"Organization","@id":"https:\/\/interflora.dk\/blog\/#organization","name":"Interflora","url":"https:\/\/interflora.dk\/blog\/","logo":{"@type":"ImageObject","inLanguage":"da-DK","@id":"https:\/\/interflora.dk\/blog\/#\/schema\/logo\/image\/","url":"https:\/\/interflora.dk\/blog\/wp-content\/uploads\/2025\/09\/220422_INTERFLORA_Logo_rgb_Half_Top_Circle_Main_Color.png","contentUrl":"https:\/\/interflora.dk\/blog\/wp-content\/uploads\/2025\/09\/220422_INTERFLORA_Logo_rgb_Half_Top_Circle_Main_Color.png","width":1418,"height":710,"caption":"Interflora"},"image":{"@id":"https:\/\/interflora.dk\/blog\/#\/schema\/logo\/image\/"},"sameAs":["https:\/\/www.facebook.com\/InterfloraDanmark","https:\/\/www.instagram.com\/interfloradk","https:\/\/www.linkedin.com\/company\/interfloradanmark","https:\/\/www.youtube.com\/user\/InterfloraTV"]},{"@type":"Person","@id":"https:\/\/interflora.dk\/blog\/#\/schema\/person\/539d242367a91b649952f5d251feb5ba","name":"Rebecca","image":{"@type":"ImageObject","inLanguage":"da-DK","@id":"https:\/\/interflora.dk\/blog\/wp-content\/litespeed\/avatar\/71e9bb45c3ae30a923c5edf07d65b0db.jpg?ver=1787839022","url":"https:\/\/interflora.dk\/blog\/wp-content\/litespeed\/avatar\/71e9bb45c3ae30a923c5edf07d65b0db.jpg?ver=1787839022","contentUrl":"https:\/\/interflora.dk\/blog\/wp-content\/litespeed\/avatar\/71e9bb45c3ae30a923c5edf07d65b0db.jpg?ver=1787839022","caption":"Rebecca"}}]}},"uagb_featured_image_src":{"full":["https:\/\/interflora.dk\/blog\/wp-content\/uploads\/2026\/09\/annesophiebenoit-interflora-sweden-60.jpg",1500,1500,false],"thumbnail":["https:\/\/interflora.dk\/blog\/wp-content\/uploads\/2026\/09\/annesophiebenoit-interflora-sweden-60-150x150.jpg",150,150,true],"medium":["https:\/\/interflora.dk\/blog\/wp-content\/uploads\/2026\/09\/annesophiebenoit-interflora-sweden-60-300x300.jpg",300,300,true],"medium_large":["https:\/\/interflora.dk\/blog\/wp-content\/uploads\/2026\/09\/annesophiebenoit-interflora-sweden-60-768x768.jpg",768,768,true],"large":["https:\/\/interflora.dk\/blog\/wp-content\/uploads\/2026\/09\/annesophiebenoit-interflora-sweden-60-1024x1024.jpg",1024,1024,true],"1536x1536":["https:\/\/interflora.dk\/blog\/wp-content\/uploads\/2026\/09\/annesophiebenoit-interflora-sweden-60.jpg",1500,1500,false],"2048x2048":["https:\/\/interflora.dk\/blog\/wp-content\/uploads\/2026\/09\/annesophiebenoit-interflora-sweden-60.jpg",1500,1500,false]},"uagb_author_info":{"display_name":"Rebecca","author_link":"https:\/\/interflora.dk\/blog\/author\/rebecca\/"},"uagb_comment_info":0,"uagb_excerpt":"I september siger vi stille og roligt farvel til sommeren og byder efter\u00e5ret velkommen. Hvad er bedre end smukke buketter [&hellip;]","_links":{"self":[{"href":"https:\/\/interflora.dk\/blog\/wp-json\/wp\/v2\/posts\/64226","targetHints":{"allow":["GET"]}}],"collection":[{"href":"https:\/\/interflora.dk\/blog\/wp-json\/wp\/v2\/posts"}],"about":[{"href":"https:\/\/interflora.dk\/blog\/wp-json\/wp\/v2\/types\/post"}],"author":[{"embeddable":true,"href":"https:\/\/interflora.dk\/blog\/wp-json\/wp\/v2\/users\/14"}],"replies":[{"embeddable":true,"href":"https:\/\/interflora.dk\/blog\/wp-json\/wp\/v2\/comments?post=64226"}],"version-history":[{"count":6,"href":"https:\/\/interflora.dk\/blog\/wp-json\/wp\/v2\/posts\/64226\/revisions"}],"predecessor-version":[{"id":64259,"href":"https:\/\/interflora.dk\/blog\/wp-json\/wp\/v2\/posts\/64226\/revisions\/64259"}],"wp:featuredmedia":[{"embeddable":true,"href":"https:\/\/interflora.dk\/blog\/wp-json\/wp\/v2\/media\/64228"}],"wp:attachment":[{"href":"https:\/\/interflora.dk\/blog\/wp-json\/wp\/v2\/media?parent=64226"}],"wp:term":[{"taxonomy":"category","embeddable":true,"href":"https:\/\/interflora.dk\/blog\/wp-json\/wp\/v2\/categories?post=64226"},{"taxonomy":"post_tag","embeddable":true,"href":"https:\/\/interflora.dk\/blog\/wp-json\/wp\/v2\/tags?post=64226"}],"curies":[{"name":"wp","href":"https:\/\/api.w.org\/{rel}","templated":true}]}}