{"id":64263,"date":"2026-09-03T11:16:11","date_gmt":"2026-09-03T09:16:11","guid":{"rendered":"https:\/\/interflora.dk\/blog\/?p=64263"},"modified":"2026-09-03T15:27:41","modified_gmt":"2026-09-03T13:27:41","slug":"5-efteraarsbuketter-der-bringer-efteraaret-indenfor","status":"publish","type":"post","link":"https:\/\/interflora.dk\/blog\/5-efteraarsbuketter-der-bringer-efteraaret-indenfor\/","title":{"rendered":"5 efter\u00e5rsbuketter, der bringer efter\u00e5ret indenfor\u00a0"},"content":{"rendered":"\n<p class=\"wp-block-paragraph\">Naturen skifter farve, dagene bliver kortere, og vi s\u00f8ger indenfor, n\u00e5r m\u00f8rket falder p\u00e5. <strong>Efter\u00e5ret <\/strong>byder p\u00e5 nogle af <strong>\u00e5rets smukkeste farver<\/strong> \u2013 fra varme orange og gyldne nuancer til dybe rosa toner.<\/p>\n\n\n\n<p class=\"wp-block-paragraph\">Vi har samlet <strong>fem efter\u00e5rsbuketter,<\/strong> der<strong> bringer s\u00e6sonens farver og stemning indenfor<\/strong>. Uanset om du vil fork\u00e6le en, du holder af, eller skabe lidt <strong>ekstra efter\u00e5rshygge<\/strong> derhjemme, er der en buket til anledningen.<\/p>\n\n\n\n<hr class=\"wp-block-separator has-alpha-channel-opacity\"\/>\n\n\n\n<h2 class=\"wp-block-heading alignwide\"><strong>1. Efter\u00e5rsdr\u00f8m \u2013 efter\u00e5rets varme nuancer&nbsp;<\/strong><\/h2>\n\n\n\n<p class=\"wp-block-paragraph\">N\u00e5r du vil for\u00e6re en varm f\u00f8lelse, der holder l\u00e6nge \u2013 s\u00e5 v\u00e6lg buketten <a href=\"https:\/\/interflora.dk\/p\/efteraarsdroem\/2\/red\" target=\"_blank\" rel=\"noreferrer noopener\"><strong>Efter\u00e5rsdr\u00f8m<\/strong><\/a>. Efter\u00e5rsdr\u00f8m byder <strong>efter\u00e5ret<\/strong> indenfor med en h\u00f8j og luftig buket i varme, farverige nuancer. De <strong>dybe lyser\u00f8de <\/strong>og <strong>orange toner<\/strong> giver buketten et <strong>livligt og harmonisk udtryk,<\/strong> der passer perfekt til s\u00e6sonen.<\/p>\n\n\n\n<p class=\"wp-block-paragraph\">En <strong>smuk efter\u00e5rshilsen<\/strong>, n\u00e5r du vil sende lidt farve og gl\u00e6de til en, du holder af \u2013 eller n\u00e5r hjemmet skal have <strong>et ekstra strejf af efter\u00e5r<\/strong>.<\/p>\n\n\n\n<p class=\"wp-block-paragraph\"><a href=\"https:\/\/interflora.dk\/blog\/inkalilje\/\">Alstroemeria<\/a> indg\u00e5r i buketten og er desuden <strong>kendt for sin lange holdbarhed<\/strong> og er derfor en popul\u00e6r snitblomst.<\/p>\n\n\n\n<div class=\"wp-block-buttons alignwide is-content-justification-center is-layout-flex wp-container-core-buttons-is-layout-3e41869c wp-block-buttons-is-layout-flex\">\n<div class=\"wp-block-button\"><a class=\"wp-block-button__link has-medium-font-size has-custom-font-size wp-element-button\" href=\"https:\/\/interflora.dk\/p\/efteraarsdroem\/2\/red\" target=\"_blank\" rel=\"noopener\">Fork\u00e6l med Efter\u00e5rsdr\u00f8m<\/a><\/div>\n<\/div>\n\n\n\n<figure class=\"wp-block-gallery has-nested-images columns-default is-cropped wp-block-gallery-1 is-layout-flex wp-block-gallery-is-layout-flex\">\n<figure class=\"wp-block-image size-large\"><img loading=\"lazy\" decoding=\"async\" width=\"1024\" height=\"1024\" data-id=\"64270\" src=\"https:\/\/interflora.dk\/blog\/wp-content\/uploads\/2026\/09\/IF_NY_DEN_VENLIGE_HAND_JPG-1024x1024.jpg\" alt=\"\" class=\"wp-image-64270\" srcset=\"https:\/\/interflora.dk\/blog\/wp-content\/uploads\/2026\/09\/IF_NY_DEN_VENLIGE_HAND_JPG-1024x1024.jpg 1024w, https:\/\/interflora.dk\/blog\/wp-content\/uploads\/2026\/09\/IF_NY_DEN_VENLIGE_HAND_JPG-300x300.jpg 300w, https:\/\/interflora.dk\/blog\/wp-content\/uploads\/2026\/09\/IF_NY_DEN_VENLIGE_HAND_JPG-150x150.jpg 150w, https:\/\/interflora.dk\/blog\/wp-content\/uploads\/2026\/09\/IF_NY_DEN_VENLIGE_HAND_JPG-768x768.jpg 768w, https:\/\/interflora.dk\/blog\/wp-content\/uploads\/2026\/09\/IF_NY_DEN_VENLIGE_HAND_JPG-1536x1536.jpg 1536w, https:\/\/interflora.dk\/blog\/wp-content\/uploads\/2026\/09\/IF_NY_DEN_VENLIGE_HAND_JPG.jpg 2000w\" sizes=\"auto, (max-width: 1024px) 100vw, 1024px\" \/><\/figure>\n\n\n\n<figure class=\"wp-block-image size-large\"><img loading=\"lazy\" decoding=\"async\" width=\"1024\" height=\"1024\" data-id=\"64269\" src=\"https:\/\/interflora.dk\/blog\/wp-content\/uploads\/2026\/09\/1759496782-if_efteraarsdroem_zoom_jpg-2-1024x1024.jpg\" alt=\"\" class=\"wp-image-64269\" srcset=\"https:\/\/interflora.dk\/blog\/wp-content\/uploads\/2026\/09\/1759496782-if_efteraarsdroem_zoom_jpg-2-1024x1024.jpg 1024w, https:\/\/interflora.dk\/blog\/wp-content\/uploads\/2026\/09\/1759496782-if_efteraarsdroem_zoom_jpg-2-300x300.jpg 300w, https:\/\/interflora.dk\/blog\/wp-content\/uploads\/2026\/09\/1759496782-if_efteraarsdroem_zoom_jpg-2-150x150.jpg 150w, https:\/\/interflora.dk\/blog\/wp-content\/uploads\/2026\/09\/1759496782-if_efteraarsdroem_zoom_jpg-2-768x768.jpg 768w, https:\/\/interflora.dk\/blog\/wp-content\/uploads\/2026\/09\/1759496782-if_efteraarsdroem_zoom_jpg-2.jpg 1500w\" sizes=\"auto, (max-width: 1024px) 100vw, 1024px\" \/><\/figure>\n<\/figure>\n\n\n<div class=\"lp-produits-grid\"><div class=\"lp-produit\"><div class=\"lp-thumbnail-wrapper\"><img loading=\"lazy\" decoding=\"async\" width=\"300\" height=\"300\" src=\"https:\/\/interflora.dk\/blog\/wp-content\/uploads\/2025\/09\/DEN_VARME_MEDIUM_3219-1-300x300.jpg\" class=\"attachment-medium size-medium wp-post-image\" alt=\"\" srcset=\"https:\/\/interflora.dk\/blog\/wp-content\/uploads\/2025\/09\/DEN_VARME_MEDIUM_3219-1-300x300.jpg 300w, https:\/\/interflora.dk\/blog\/wp-content\/uploads\/2025\/09\/DEN_VARME_MEDIUM_3219-1-1024x1024.jpg 1024w, https:\/\/interflora.dk\/blog\/wp-content\/uploads\/2025\/09\/DEN_VARME_MEDIUM_3219-1-150x150.jpg 150w, https:\/\/interflora.dk\/blog\/wp-content\/uploads\/2025\/09\/DEN_VARME_MEDIUM_3219-1-768x768.jpg 768w, https:\/\/interflora.dk\/blog\/wp-content\/uploads\/2025\/09\/DEN_VARME_MEDIUM_3219-1.jpg 1200w\" sizes=\"auto, (max-width: 300px) 100vw, 300px\" \/><img decoding=\"async\" class=\"lp-badge\" src=\"https:\/\/prodblog.interflora.dk\/blog\/wp-content\/uploads\/2025\/09\/220422_INTERFLORA_Main_Logo_rgb_Main_Color.avif\" alt=\"Send blomster med Interflora\"><\/div><span>Den varme<\/span><p>Fra 319 kr.<\/p><span class=\"obf-link lp-cta\" role=\"link\" tabindex=\"0\" data-b64=\"aHR0cHM6Ly9pbnRlcmZsb3JhLmRrL3Byb2R1a3QvZGVuLXZhcm1lP3Y9MTQ0NjkmIzAzODt2YXJpYXRpb249YTYzMDNiMTYtOWNlYy00MDRjLTlkYjYtM2ExMWZmYmQwYmU5P3V0bV9tZWRpdW09b3JnYW5pYyZ1dG1fc291cmNlPWJsb2dfcHJvZHVjdHMmdXRtX2NhbXBhaWduPTMyMTk=\" data-target=\"_blank\"><svg xmlns=\"http:\/\/www.w3.org\/2000\/svg\" width=\"16\" height=\"16\" fill=\"currentColor\" class=\"bi bi-bag\" viewBox=\"0 0 16 16\"><path d=\"M8 1a2 2 0 0 1 2 2v1h2.5A1.5 1.5 0 0 1 14 5.5v8A1.5 1.5 0 0 1 12.5 15h-9A1.5 1.5 0 0 1 2 13.5v-8A1.5 1.5 0 0 1 3.5 3H6V2a2 2 0 0 1 2-1zm1 3V3a1 1 0 0 0-2 0v1h2z\"\/><\/svg>K\u00f8b her<\/span><p class=\"rapido\">H\u00e5ndbundet af florister<\/p><\/div><div class=\"lp-produit\"><div class=\"lp-thumbnail-wrapper\"><img loading=\"lazy\" decoding=\"async\" width=\"300\" height=\"300\" src=\"https:\/\/interflora.dk\/blog\/wp-content\/uploads\/2026\/03\/billede_1-300x300.jpeg\" class=\"attachment-medium size-medium wp-post-image\" alt=\"\" srcset=\"https:\/\/interflora.dk\/blog\/wp-content\/uploads\/2026\/03\/billede_1-300x300.jpeg 300w, https:\/\/interflora.dk\/blog\/wp-content\/uploads\/2026\/03\/billede_1-1024x1024.jpeg 1024w, https:\/\/interflora.dk\/blog\/wp-content\/uploads\/2026\/03\/billede_1-150x150.jpeg 150w, https:\/\/interflora.dk\/blog\/wp-content\/uploads\/2026\/03\/billede_1-768x768.jpeg 768w, https:\/\/interflora.dk\/blog\/wp-content\/uploads\/2026\/03\/billede_1.jpeg 1200w\" sizes=\"auto, (max-width: 300px) 100vw, 300px\" \/><img decoding=\"async\" class=\"lp-badge\" src=\"https:\/\/prodblog.interflora.dk\/blog\/wp-content\/uploads\/2025\/09\/220422_INTERFLORA_Main_Logo_rgb_Main_Color.avif\" alt=\"Send blomster med Interflora\"><\/div><span>Blomstergl\u00e6de &#8211; leveres i gaveboks med DAO<\/span><p>Fra 159 kr.<\/p><span class=\"obf-link lp-cta\" role=\"link\" tabindex=\"0\" data-b64=\"aHR0cHM6Ly9pbnRlcmZsb3JhLmRrL3Byb2R1a3QvYmxvbXN0ZXJnbGFlZGU\/dj0xNzkyNiYjMDM4O3ZhcmlhdGlvbj04NzI0ZGUyYy0xN2M5LTQwZjEtYWNjNC02MTUxZDcxOWJiZTM\/dXRtX21lZGl1bT1vcmdhbmljJnV0bV9zb3VyY2U9YmxvZ19wcm9kdWN0cyZ1dG1fY2FtcGFpZ249OTE1MA==\" data-target=\"_blank\"><svg xmlns=\"http:\/\/www.w3.org\/2000\/svg\" width=\"16\" height=\"16\" fill=\"currentColor\" class=\"bi bi-bag\" viewBox=\"0 0 16 16\"><path d=\"M8 1a2 2 0 0 1 2 2v1h2.5A1.5 1.5 0 0 1 14 5.5v8A1.5 1.5 0 0 1 12.5 15h-9A1.5 1.5 0 0 1 2 13.5v-8A1.5 1.5 0 0 1 3.5 3H6V2a2 2 0 0 1 2-1zm1 3V3a1 1 0 0 0-2 0v1h2z\"\/><\/svg>K\u00f8b her<\/span><p class=\"rapido\">Bundet af din lokale florist<\/p><\/div><div class=\"lp-produit\"><div class=\"lp-thumbnail-wrapper\"><img loading=\"lazy\" decoding=\"async\" width=\"300\" height=\"300\" src=\"https:\/\/interflora.dk\/blog\/wp-content\/uploads\/2025\/09\/IF_GYLDEN_EFTERAAR_MEDIUM_JPG2028129-1-300x300.jpg\" class=\"attachment-medium size-medium wp-post-image\" alt=\"\" srcset=\"https:\/\/interflora.dk\/blog\/wp-content\/uploads\/2025\/09\/IF_GYLDEN_EFTERAAR_MEDIUM_JPG2028129-1-300x300.jpg 300w, https:\/\/interflora.dk\/blog\/wp-content\/uploads\/2025\/09\/IF_GYLDEN_EFTERAAR_MEDIUM_JPG2028129-1-1024x1024.jpg 1024w, https:\/\/interflora.dk\/blog\/wp-content\/uploads\/2025\/09\/IF_GYLDEN_EFTERAAR_MEDIUM_JPG2028129-1-150x150.jpg 150w, https:\/\/interflora.dk\/blog\/wp-content\/uploads\/2025\/09\/IF_GYLDEN_EFTERAAR_MEDIUM_JPG2028129-1-768x768.jpg 768w, https:\/\/interflora.dk\/blog\/wp-content\/uploads\/2025\/09\/IF_GYLDEN_EFTERAAR_MEDIUM_JPG2028129-1.jpg 1200w\" sizes=\"auto, (max-width: 300px) 100vw, 300px\" \/><img decoding=\"async\" class=\"lp-badge\" src=\"https:\/\/prodblog.interflora.dk\/blog\/wp-content\/uploads\/2025\/09\/220422_INTERFLORA_Main_Logo_rgb_Main_Color.avif\" alt=\"Send blomster med Interflora\"><\/div><span>Gyldent efter\u00e5r<\/span><p>Fra 299 kr.<\/p><span class=\"obf-link lp-cta\" role=\"link\" tabindex=\"0\" data-b64=\"aHR0cHM6Ly9pbnRlcmZsb3JhLmRrL3Byb2R1a3QvZ3lsZGVudC1lZnRlcmFhcj92PTE3MDA4JiMwMzg7dmFyaWF0aW9uPTczMDAzMDhhLTk1ZDEtNGZlNS1iZjEzLWUyYTcxYjY2ZDMyMj91dG1fbWVkaXVtPW9yZ2FuaWMmdXRtX3NvdXJjZT1ibG9nX3Byb2R1Y3RzJnV0bV9jYW1wYWlnbj01Njgx\" data-target=\"_blank\"><svg xmlns=\"http:\/\/www.w3.org\/2000\/svg\" width=\"16\" height=\"16\" fill=\"currentColor\" class=\"bi bi-bag\" viewBox=\"0 0 16 16\"><path d=\"M8 1a2 2 0 0 1 2 2v1h2.5A1.5 1.5 0 0 1 14 5.5v8A1.5 1.5 0 0 1 12.5 15h-9A1.5 1.5 0 0 1 2 13.5v-8A1.5 1.5 0 0 1 3.5 3H6V2a2 2 0 0 1 2-1zm1 3V3a1 1 0 0 0-2 0v1h2z\"\/><\/svg>K\u00f8b her<\/span><p class=\"rapido\">Bundet af din lokale florist<\/p><\/div><div class=\"lp-produit\"><div class=\"lp-thumbnail-wrapper\"><img loading=\"lazy\" decoding=\"async\" width=\"300\" height=\"300\" src=\"https:\/\/interflora.dk\/blog\/wp-content\/uploads\/2025\/09\/SAMMENSAET_DIN_EGEN_GAVEKURV_535-300x300.jpg\" class=\"attachment-medium size-medium wp-post-image\" alt=\"\" srcset=\"https:\/\/interflora.dk\/blog\/wp-content\/uploads\/2025\/09\/SAMMENSAET_DIN_EGEN_GAVEKURV_535-300x300.jpg 300w, https:\/\/interflora.dk\/blog\/wp-content\/uploads\/2025\/09\/SAMMENSAET_DIN_EGEN_GAVEKURV_535-1024x1024.jpg 1024w, https:\/\/interflora.dk\/blog\/wp-content\/uploads\/2025\/09\/SAMMENSAET_DIN_EGEN_GAVEKURV_535-150x150.jpg 150w, https:\/\/interflora.dk\/blog\/wp-content\/uploads\/2025\/09\/SAMMENSAET_DIN_EGEN_GAVEKURV_535-768x768.jpg 768w, https:\/\/interflora.dk\/blog\/wp-content\/uploads\/2025\/09\/SAMMENSAET_DIN_EGEN_GAVEKURV_535.jpg 1200w\" sizes=\"auto, (max-width: 300px) 100vw, 300px\" \/><img decoding=\"async\" class=\"lp-badge\" src=\"https:\/\/prodblog.interflora.dk\/blog\/wp-content\/uploads\/2025\/09\/220422_INTERFLORA_Main_Logo_rgb_Main_Color.avif\" alt=\"Send blomster med Interflora\"><\/div><span>Sammens\u00e6t din egen gavekurv<\/span><p>Fra 14 kr.<\/p><span class=\"obf-link lp-cta\" role=\"link\" tabindex=\"0\" data-b64=\"aHR0cHM6Ly9pbnRlcmZsb3JhLmRrL3Byb2R1a3Qvc2FtbWVuc2FldC1kaW4tZWdlbi1nYXZla3Vydj91dG1fbWVkaXVtPW9yZ2FuaWMmdXRtX3NvdXJjZT1ibG9nX3Byb2R1Y3RzJnV0bV9jYW1wYWlnbj01MzU=\" data-target=\"_blank\"><svg xmlns=\"http:\/\/www.w3.org\/2000\/svg\" width=\"16\" height=\"16\" fill=\"currentColor\" class=\"bi bi-bag\" viewBox=\"0 0 16 16\"><path d=\"M8 1a2 2 0 0 1 2 2v1h2.5A1.5 1.5 0 0 1 14 5.5v8A1.5 1.5 0 0 1 12.5 15h-9A1.5 1.5 0 0 1 2 13.5v-8A1.5 1.5 0 0 1 3.5 3H6V2a2 2 0 0 1 2-1zm1 3V3a1 1 0 0 0-2 0v1h2z\"\/><\/svg>K\u00f8b her<\/span><p class=\"rapido\">Din personlige hilsen<\/p><\/div><\/div>\n\n\n\n<h2 class=\"wp-block-heading alignwide\"><strong>2. Den varme \u2013 med solsikker og orange toner\u00a0<\/strong><\/h2>\n\n\n\n<p class=\"wp-block-paragraph\">Som navnet antyder, er <strong>Den varme<\/strong> en efter\u00e5rsbuket, der <strong>emmer af varme<\/strong>. Buketten er sammensat af blomster i <strong>s\u00e6sonens gyldne og varme nuancer,<\/strong> som passer perfekt til efter\u00e5rets farveskifte.<\/p>\n\n\n\n<p class=\"wp-block-paragraph\">Den varme er en oplagt m\u00e5de at <strong>sende lidt hygge og gl\u00e6de til \u00e9n, du holder af<\/strong> \u2013 eller til at skabe <strong>efter\u00e5rsstemning <\/strong>derhjemme.<\/p>\n\n\n\n<p class=\"wp-block-paragraph\"><a href=\"https:\/\/interflora.dk\/blog\/hvornar-blomstrer-solsikker-oplev-solsikkesaesonen\/\">Solsikken<\/a> bringer <strong>sommerens sidste gl\u00f8d<\/strong> med sig og passer derfor smukt sammen med <strong>efter\u00e5rets varme farver<\/strong>.<\/p>\n\n\n\n<div class=\"wp-block-buttons alignwide is-content-justification-center is-layout-flex wp-container-core-buttons-is-layout-3e41869c wp-block-buttons-is-layout-flex\">\n<div class=\"wp-block-button\"><a class=\"wp-block-button__link has-medium-font-size has-custom-font-size wp-element-button\" href=\"https:\/\/interflora.dk\/p\/den-varme\/2\" target=\"_blank\" rel=\"noopener\">Spred gl\u00e6de med Den varme<\/a><\/div>\n<\/div>\n\n\n\n<figure class=\"wp-block-gallery has-nested-images columns-default is-cropped wp-block-gallery-2 is-layout-flex wp-block-gallery-is-layout-flex\">\n<figure class=\"wp-block-image size-large\"><img loading=\"lazy\" decoding=\"async\" width=\"1024\" height=\"1024\" data-id=\"64266\" src=\"https:\/\/interflora.dk\/blog\/wp-content\/uploads\/2026\/09\/DEN_VARME_MEDIUM_3219-1024x1024.jpg\" alt=\"\" class=\"wp-image-64266\" srcset=\"https:\/\/interflora.dk\/blog\/wp-content\/uploads\/2026\/09\/DEN_VARME_MEDIUM_3219-1024x1024.jpg 1024w, https:\/\/interflora.dk\/blog\/wp-content\/uploads\/2026\/09\/DEN_VARME_MEDIUM_3219-300x300.jpg 300w, https:\/\/interflora.dk\/blog\/wp-content\/uploads\/2026\/09\/DEN_VARME_MEDIUM_3219-150x150.jpg 150w, https:\/\/interflora.dk\/blog\/wp-content\/uploads\/2026\/09\/DEN_VARME_MEDIUM_3219-768x768.jpg 768w, https:\/\/interflora.dk\/blog\/wp-content\/uploads\/2026\/09\/DEN_VARME_MEDIUM_3219.jpg 1200w\" sizes=\"auto, (max-width: 1024px) 100vw, 1024px\" \/><\/figure>\n\n\n\n<figure class=\"wp-block-image size-large\"><img loading=\"lazy\" decoding=\"async\" width=\"1024\" height=\"1024\" data-id=\"64267\" src=\"https:\/\/interflora.dk\/blog\/wp-content\/uploads\/2026\/09\/DEN_VARME_MEDIUM_CLOSEUP_002-1024x1024.jpg\" alt=\"\" class=\"wp-image-64267\" srcset=\"https:\/\/interflora.dk\/blog\/wp-content\/uploads\/2026\/09\/DEN_VARME_MEDIUM_CLOSEUP_002-1024x1024.jpg 1024w, https:\/\/interflora.dk\/blog\/wp-content\/uploads\/2026\/09\/DEN_VARME_MEDIUM_CLOSEUP_002-300x300.jpg 300w, https:\/\/interflora.dk\/blog\/wp-content\/uploads\/2026\/09\/DEN_VARME_MEDIUM_CLOSEUP_002-150x150.jpg 150w, https:\/\/interflora.dk\/blog\/wp-content\/uploads\/2026\/09\/DEN_VARME_MEDIUM_CLOSEUP_002-768x768.jpg 768w, https:\/\/interflora.dk\/blog\/wp-content\/uploads\/2026\/09\/DEN_VARME_MEDIUM_CLOSEUP_002.jpg 1200w\" sizes=\"auto, (max-width: 1024px) 100vw, 1024px\" \/><\/figure>\n<\/figure>\n\n\n\n<h2 class=\"wp-block-heading alignwide\"><strong>3. Gyldent efter\u00e5r \u2013 bringer naturens farver indenfor&nbsp;<\/strong><\/h2>\n\n\n\n<p class=\"wp-block-paragraph\"><a href=\"https:\/\/interflora.dk\/p\/gyldent-efteraar\/2\/mixed\">Gyldent efter\u00e5r<\/a> hylder netop de farver, vi forbinder med s\u00e6sonen. Buketten er <strong>h\u00f8j og luftig<\/strong> og sammensat af <strong>efter\u00e5rsblomster i varme, gyldne nuancer<\/strong>.<\/p>\n\n\n\n<p class=\"wp-block-paragraph\">De naturlige farver giver buketten<strong> et roligt og harmonisk udtryk<\/strong>, mens den luftige form s\u00f8rger for, at blomsterne f\u00e5r lov til at fylde. En <strong>smuk efter\u00e5rshilsen<\/strong> til b\u00e5de hjemmet og \u00e9n, du gerne vil gl\u00e6de.<\/p>\n\n\n\n<div class=\"wp-block-buttons alignwide is-content-justification-center is-layout-flex wp-container-core-buttons-is-layout-3e41869c wp-block-buttons-is-layout-flex\">\n<div class=\"wp-block-button\"><a class=\"wp-block-button__link has-medium-font-size has-custom-font-size wp-element-button\" href=\"https:\/\/interflora.dk\/p\/gyldent-efteraar\/2\/mixed\" target=\"_blank\" rel=\"noopener\">Bring efter\u00e5ret indenfor med Gyldent efter\u00e5r<\/a><\/div>\n<\/div>\n\n\n\n<figure class=\"wp-block-gallery has-nested-images columns-default is-cropped wp-block-gallery-3 is-layout-flex wp-block-gallery-is-layout-flex\">\n<figure class=\"wp-block-image size-large\"><img loading=\"lazy\" decoding=\"async\" width=\"1024\" height=\"1024\" data-id=\"64271\" src=\"https:\/\/interflora.dk\/blog\/wp-content\/uploads\/2026\/09\/IF_GYLDEN_EFTERAAR_SMALL_JPG-1024x1024.jpg\" alt=\"\" class=\"wp-image-64271\" srcset=\"https:\/\/interflora.dk\/blog\/wp-content\/uploads\/2026\/09\/IF_GYLDEN_EFTERAAR_SMALL_JPG-1024x1024.jpg 1024w, https:\/\/interflora.dk\/blog\/wp-content\/uploads\/2026\/09\/IF_GYLDEN_EFTERAAR_SMALL_JPG-300x300.jpg 300w, https:\/\/interflora.dk\/blog\/wp-content\/uploads\/2026\/09\/IF_GYLDEN_EFTERAAR_SMALL_JPG-150x150.jpg 150w, https:\/\/interflora.dk\/blog\/wp-content\/uploads\/2026\/09\/IF_GYLDEN_EFTERAAR_SMALL_JPG-768x768.jpg 768w, https:\/\/interflora.dk\/blog\/wp-content\/uploads\/2026\/09\/IF_GYLDEN_EFTERAAR_SMALL_JPG.jpg 1500w\" sizes=\"auto, (max-width: 1024px) 100vw, 1024px\" \/><\/figure>\n\n\n\n<figure class=\"wp-block-image size-large\"><img loading=\"lazy\" decoding=\"async\" width=\"1024\" height=\"1024\" data-id=\"64272\" src=\"https:\/\/interflora.dk\/blog\/wp-content\/uploads\/2026\/09\/IF_GYLDEN_EFTERAAR_ZOOM_JPG-1024x1024.jpg\" alt=\"\" class=\"wp-image-64272\" srcset=\"https:\/\/interflora.dk\/blog\/wp-content\/uploads\/2026\/09\/IF_GYLDEN_EFTERAAR_ZOOM_JPG-1024x1024.jpg 1024w, https:\/\/interflora.dk\/blog\/wp-content\/uploads\/2026\/09\/IF_GYLDEN_EFTERAAR_ZOOM_JPG-300x300.jpg 300w, https:\/\/interflora.dk\/blog\/wp-content\/uploads\/2026\/09\/IF_GYLDEN_EFTERAAR_ZOOM_JPG-150x150.jpg 150w, https:\/\/interflora.dk\/blog\/wp-content\/uploads\/2026\/09\/IF_GYLDEN_EFTERAAR_ZOOM_JPG-768x768.jpg 768w, https:\/\/interflora.dk\/blog\/wp-content\/uploads\/2026\/09\/IF_GYLDEN_EFTERAAR_ZOOM_JPG.jpg 1200w\" sizes=\"auto, (max-width: 1024px) 100vw, 1024px\" \/><\/figure>\n<\/figure>\n\n\n\n<h2 class=\"wp-block-heading alignwide\"><strong> 4. Den flotte \u2013 farverig efter\u00e5rsstemning<\/strong><\/h2>\n\n\n\n<p class=\"wp-block-paragraph\"><a href=\"https:\/\/interflora.dk\/p\/den-flotte\/2\"><strong>Den flotte<\/strong><\/a> er til dig, der gerne vil have<strong> lidt ekstra farve p\u00e5 en efter\u00e5rsdag<\/strong>. Buketten er <strong>h\u00f8j, luftig og overd\u00e5dig<\/strong> med s<strong>\u00e6sonens varme farver <\/strong>i fokus. De flotte solsikker tilf\u00f8rer <strong>et solrigt strejf,<\/strong> mens <a href=\"https:\/\/interflora.dk\/blog\/lovemundens-fantastiske-sprog-og-detaljer\/\">l\u00f8vemund<\/a> og <a href=\"https:\/\/interflora.dk\/blog\/alt-du-skal-vide-om-gerbera-garvinea\/\">gerbera<\/a> giver buketten et <strong>let og levende udtryk<\/strong>.\u00a0<strong>En farverig buket<\/strong>, der leder tankerne hen p\u00e5 <strong>naturens smukke farveskifte<\/strong> og bringer lidt af efter\u00e5ret med indenfor.<\/p>\n\n\n\n<div class=\"wp-block-buttons alignwide is-content-justification-center is-layout-flex wp-container-core-buttons-is-layout-3e41869c wp-block-buttons-is-layout-flex\">\n<div class=\"wp-block-button\"><a class=\"wp-block-button__link has-medium-font-size has-custom-font-size wp-element-button\" href=\"https:\/\/interflora.dk\/p\/den-flotte\/2\" target=\"_blank\" rel=\"noopener\">Bestil Den flotte<\/a><\/div>\n<\/div>\n\n\n\n<figure class=\"wp-block-gallery has-nested-images columns-default is-cropped wp-block-gallery-4 is-layout-flex wp-block-gallery-is-layout-flex\">\n<figure class=\"wp-block-image size-large\"><img loading=\"lazy\" decoding=\"async\" width=\"1024\" height=\"1024\" data-id=\"64264\" src=\"https:\/\/interflora.dk\/blog\/wp-content\/uploads\/2026\/09\/DEN_FLOTTE_MEDIUM_3236-1024x1024.jpg\" alt=\"\" class=\"wp-image-64264\" srcset=\"https:\/\/interflora.dk\/blog\/wp-content\/uploads\/2026\/09\/DEN_FLOTTE_MEDIUM_3236-1024x1024.jpg 1024w, https:\/\/interflora.dk\/blog\/wp-content\/uploads\/2026\/09\/DEN_FLOTTE_MEDIUM_3236-300x300.jpg 300w, https:\/\/interflora.dk\/blog\/wp-content\/uploads\/2026\/09\/DEN_FLOTTE_MEDIUM_3236-150x150.jpg 150w, https:\/\/interflora.dk\/blog\/wp-content\/uploads\/2026\/09\/DEN_FLOTTE_MEDIUM_3236-768x768.jpg 768w, https:\/\/interflora.dk\/blog\/wp-content\/uploads\/2026\/09\/DEN_FLOTTE_MEDIUM_3236.jpg 1200w\" sizes=\"auto, (max-width: 1024px) 100vw, 1024px\" \/><\/figure>\n\n\n\n<figure class=\"wp-block-image size-large\"><img loading=\"lazy\" decoding=\"async\" width=\"1024\" height=\"1024\" data-id=\"64265\" src=\"https:\/\/interflora.dk\/blog\/wp-content\/uploads\/2026\/09\/DEN_FLOTTE_SMALL_CLOSEUP-1024x1024.jpg\" alt=\"\" class=\"wp-image-64265\" srcset=\"https:\/\/interflora.dk\/blog\/wp-content\/uploads\/2026\/09\/DEN_FLOTTE_SMALL_CLOSEUP-1024x1024.jpg 1024w, https:\/\/interflora.dk\/blog\/wp-content\/uploads\/2026\/09\/DEN_FLOTTE_SMALL_CLOSEUP-300x300.jpg 300w, https:\/\/interflora.dk\/blog\/wp-content\/uploads\/2026\/09\/DEN_FLOTTE_SMALL_CLOSEUP-150x150.jpg 150w, https:\/\/interflora.dk\/blog\/wp-content\/uploads\/2026\/09\/DEN_FLOTTE_SMALL_CLOSEUP-768x768.jpg 768w, https:\/\/interflora.dk\/blog\/wp-content\/uploads\/2026\/09\/DEN_FLOTTE_SMALL_CLOSEUP.jpg 1200w\" sizes=\"auto, (max-width: 1024px) 100vw, 1024px\" \/><\/figure>\n<\/figure>\n\n\n\n<h2 class=\"wp-block-heading alignwide\"><strong>5. Den hyggelige \u2013 efter\u00e5rsblomster i en fin \u00e6ske<\/strong><\/h2>\n\n\n\n<div class=\"wp-block-media-text has-media-on-the-right is-stacked-on-mobile\"><div class=\"wp-block-media-text__content\">\n<p class=\"wp-block-paragraph\">Vil du overraske med noget lidt anderledes end en klassisk buket, er <strong><a href=\"https:\/\/interflora.dk\/p\/den-hyggelige\/1\">Den hyggelige<\/a><\/strong> et oplagt valg. Her er <strong>s\u00e6sonens blomster <\/strong>arrangeret i en<strong> elegant sort hatte\u00e6ske<\/strong>, hvor de er stukket t\u00e6t sammen i oasis for et <strong>fyldigt og indbydende udtryk<\/strong>.<\/p>\n\n\n\n<p class=\"wp-block-paragraph\">Det lave arrangement <strong>passer godt til efter\u00e5ret <\/strong>og skaber en <strong>rolig og hyggelig stemning<\/strong> i hjemmet. En blomsterhilsen, der er<strong> klar til at pynte med det samme<\/strong>.<\/p>\n\n\n\n<div class=\"wp-block-buttons alignwide is-content-justification-center is-layout-flex wp-container-core-buttons-is-layout-3e41869c wp-block-buttons-is-layout-flex\">\n<div class=\"wp-block-button\"><a class=\"wp-block-button__link has-medium-font-size has-custom-font-size wp-element-button\" href=\"https:\/\/interflora.dk\/p\/den-hyggelige\/1\" target=\"_blank\" rel=\"noopener\">Send Den hyggelige<\/a><\/div>\n<\/div>\n<\/div><figure class=\"wp-block-media-text__media\"><img loading=\"lazy\" decoding=\"async\" width=\"1024\" height=\"1024\" src=\"https:\/\/interflora.dk\/blog\/wp-content\/uploads\/2026\/09\/DEN_HYGGELIGE_I_AESKE_HAND-Edit-1024x1024.jpg\" alt=\"\" class=\"wp-image-64268 size-full\" srcset=\"https:\/\/interflora.dk\/blog\/wp-content\/uploads\/2026\/09\/DEN_HYGGELIGE_I_AESKE_HAND-Edit-1024x1024.jpg 1024w, https:\/\/interflora.dk\/blog\/wp-content\/uploads\/2026\/09\/DEN_HYGGELIGE_I_AESKE_HAND-Edit-300x300.jpg 300w, https:\/\/interflora.dk\/blog\/wp-content\/uploads\/2026\/09\/DEN_HYGGELIGE_I_AESKE_HAND-Edit-150x150.jpg 150w, https:\/\/interflora.dk\/blog\/wp-content\/uploads\/2026\/09\/DEN_HYGGELIGE_I_AESKE_HAND-Edit-768x768.jpg 768w, https:\/\/interflora.dk\/blog\/wp-content\/uploads\/2026\/09\/DEN_HYGGELIGE_I_AESKE_HAND-Edit.jpg 1500w\" sizes=\"auto, (max-width: 1024px) 100vw, 1024px\" \/><\/figure><\/div>\n\n\n\n<p class=\"wp-block-paragraph\">Uanset om du er til en h\u00f8j og luftig buket, varme orange nuancer eller et fyldigt blomsterarrangement i en fin \u00e6ske, er der <strong>masser af muligheder for at bringe efter\u00e5ret indenfor<\/strong>. Find din favorit blandt <a href=\"https:\/\/interflora.dk\/c\/bestil-blomster\/efteraarsbuketter\" target=\"_blank\" rel=\"noreferrer noopener\">s\u00e6sonens smukke efter\u00e5rsbuketter<\/a> hos Interflora, og lad lidt af efter\u00e5rets farver flytte med ind.<\/p>\n\n\n\n<div class=\"wp-block-buttons alignwide is-content-justification-center is-layout-flex wp-container-core-buttons-is-layout-3e41869c wp-block-buttons-is-layout-flex\">\n<div class=\"wp-block-button\"><a class=\"wp-block-button__link has-medium-font-size has-custom-font-size wp-element-button\" href=\"https:\/\/www.prod.interflora.dk\/c\/bestil-blomster\/efteraarsbuketter?utm_source=blog&amp;utm_campaign=post-cta\" target=\"_blank\" rel=\"noopener\">Se vores udvalg af smukke efter\u00e5rsbuketter<\/a><\/div>\n<\/div>\n\n\n<div class=\"lp-produits-grid\"><div class=\"lp-produit\"><div class=\"lp-thumbnail-wrapper\"><img loading=\"lazy\" decoding=\"async\" width=\"300\" height=\"300\" src=\"https:\/\/interflora.dk\/blog\/wp-content\/uploads\/2025\/09\/DEN_HELT_RIGTIGE_SMALL_552_v-300x300.jpg\" class=\"attachment-medium size-medium wp-post-image\" alt=\"\" srcset=\"https:\/\/interflora.dk\/blog\/wp-content\/uploads\/2025\/09\/DEN_HELT_RIGTIGE_SMALL_552_v-300x300.jpg 300w, https:\/\/interflora.dk\/blog\/wp-content\/uploads\/2025\/09\/DEN_HELT_RIGTIGE_SMALL_552_v-1024x1024.jpg 1024w, https:\/\/interflora.dk\/blog\/wp-content\/uploads\/2025\/09\/DEN_HELT_RIGTIGE_SMALL_552_v-150x150.jpg 150w, https:\/\/interflora.dk\/blog\/wp-content\/uploads\/2025\/09\/DEN_HELT_RIGTIGE_SMALL_552_v-768x768.jpg 768w, https:\/\/interflora.dk\/blog\/wp-content\/uploads\/2025\/09\/DEN_HELT_RIGTIGE_SMALL_552_v.jpg 1200w\" sizes=\"auto, (max-width: 300px) 100vw, 300px\" \/><img decoding=\"async\" class=\"lp-badge\" src=\"https:\/\/prodblog.interflora.dk\/blog\/wp-content\/uploads\/2025\/09\/220422_INTERFLORA_Main_Logo_rgb_Main_Color.avif\" alt=\"Send blomster med Interflora\"><\/div><span>Den helt rigtige<\/span><p>Fra 269 kr.<\/p><span class=\"obf-link lp-cta\" role=\"link\" tabindex=\"0\" data-b64=\"aHR0cHM6Ly9pbnRlcmZsb3JhLmRrL3Byb2R1a3QvZGVuLWhlbHQtcmlndGlnZT92PTkzMjEmIzAzODt2YXJpYXRpb249YjYwNDJkNzEtZWFjYi00M2U4LWI5MWEtMzg5OTRhODliNzMyP3V0bV9tZWRpdW09b3JnYW5pYyZ1dG1fc291cmNlPWJsb2dfcHJvZHVjdHMmdXRtX2NhbXBhaWduPTU1Mg==\" data-target=\"_blank\"><svg xmlns=\"http:\/\/www.w3.org\/2000\/svg\" width=\"16\" height=\"16\" fill=\"currentColor\" class=\"bi bi-bag\" viewBox=\"0 0 16 16\"><path d=\"M8 1a2 2 0 0 1 2 2v1h2.5A1.5 1.5 0 0 1 14 5.5v8A1.5 1.5 0 0 1 12.5 15h-9A1.5 1.5 0 0 1 2 13.5v-8A1.5 1.5 0 0 1 3.5 3H6V2a2 2 0 0 1 2-1zm1 3V3a1 1 0 0 0-2 0v1h2z\"\/><\/svg>K\u00f8b her<\/span><p class=\"rapido\">H\u00e5ndbundet af florister<\/p><\/div><div class=\"lp-produit\"><div class=\"lp-thumbnail-wrapper\"><img loading=\"lazy\" decoding=\"async\" width=\"300\" height=\"300\" src=\"https:\/\/interflora.dk\/blog\/wp-content\/uploads\/2026\/03\/billede_1-300x300.jpeg\" class=\"attachment-medium size-medium wp-post-image\" alt=\"\" srcset=\"https:\/\/interflora.dk\/blog\/wp-content\/uploads\/2026\/03\/billede_1-300x300.jpeg 300w, https:\/\/interflora.dk\/blog\/wp-content\/uploads\/2026\/03\/billede_1-1024x1024.jpeg 1024w, https:\/\/interflora.dk\/blog\/wp-content\/uploads\/2026\/03\/billede_1-150x150.jpeg 150w, https:\/\/interflora.dk\/blog\/wp-content\/uploads\/2026\/03\/billede_1-768x768.jpeg 768w, https:\/\/interflora.dk\/blog\/wp-content\/uploads\/2026\/03\/billede_1.jpeg 1200w\" sizes=\"auto, (max-width: 300px) 100vw, 300px\" \/><img decoding=\"async\" class=\"lp-badge\" src=\"https:\/\/prodblog.interflora.dk\/blog\/wp-content\/uploads\/2025\/09\/220422_INTERFLORA_Main_Logo_rgb_Main_Color.avif\" alt=\"Send blomster med Interflora\"><\/div><span>Blomstergl\u00e6de &#8211; leveres i gaveboks med DAO<\/span><p>Fra 159 kr.<\/p><span class=\"obf-link lp-cta\" role=\"link\" tabindex=\"0\" data-b64=\"aHR0cHM6Ly9pbnRlcmZsb3JhLmRrL3Byb2R1a3QvYmxvbXN0ZXJnbGFlZGU\/dj0xNzkyNiYjMDM4O3ZhcmlhdGlvbj04NzI0ZGUyYy0xN2M5LTQwZjEtYWNjNC02MTUxZDcxOWJiZTM\/dXRtX21lZGl1bT1vcmdhbmljJnV0bV9zb3VyY2U9YmxvZ19wcm9kdWN0cyZ1dG1fY2FtcGFpZ249OTE1MA==\" data-target=\"_blank\"><svg xmlns=\"http:\/\/www.w3.org\/2000\/svg\" width=\"16\" height=\"16\" fill=\"currentColor\" class=\"bi bi-bag\" viewBox=\"0 0 16 16\"><path d=\"M8 1a2 2 0 0 1 2 2v1h2.5A1.5 1.5 0 0 1 14 5.5v8A1.5 1.5 0 0 1 12.5 15h-9A1.5 1.5 0 0 1 2 13.5v-8A1.5 1.5 0 0 1 3.5 3H6V2a2 2 0 0 1 2-1zm1 3V3a1 1 0 0 0-2 0v1h2z\"\/><\/svg>K\u00f8b her<\/span><p class=\"rapido\">Levering i hele Danmark<\/p><\/div><div class=\"lp-produit\"><div class=\"lp-thumbnail-wrapper\"><img loading=\"lazy\" decoding=\"async\" width=\"300\" height=\"300\" src=\"https:\/\/interflora.dk\/blog\/wp-content\/uploads\/2025\/09\/DEN_VARME_MEDIUM_3219-1-300x300.jpg\" class=\"attachment-medium size-medium wp-post-image\" alt=\"\" srcset=\"https:\/\/interflora.dk\/blog\/wp-content\/uploads\/2025\/09\/DEN_VARME_MEDIUM_3219-1-300x300.jpg 300w, https:\/\/interflora.dk\/blog\/wp-content\/uploads\/2025\/09\/DEN_VARME_MEDIUM_3219-1-1024x1024.jpg 1024w, https:\/\/interflora.dk\/blog\/wp-content\/uploads\/2025\/09\/DEN_VARME_MEDIUM_3219-1-150x150.jpg 150w, https:\/\/interflora.dk\/blog\/wp-content\/uploads\/2025\/09\/DEN_VARME_MEDIUM_3219-1-768x768.jpg 768w, https:\/\/interflora.dk\/blog\/wp-content\/uploads\/2025\/09\/DEN_VARME_MEDIUM_3219-1.jpg 1200w\" sizes=\"auto, (max-width: 300px) 100vw, 300px\" \/><img decoding=\"async\" class=\"lp-badge\" src=\"https:\/\/prodblog.interflora.dk\/blog\/wp-content\/uploads\/2025\/09\/220422_INTERFLORA_Main_Logo_rgb_Main_Color.avif\" alt=\"Send blomster med Interflora\"><\/div><span>Den varme<\/span><p>Fra 319 kr.<\/p><span class=\"obf-link lp-cta\" role=\"link\" tabindex=\"0\" data-b64=\"aHR0cHM6Ly9pbnRlcmZsb3JhLmRrL3Byb2R1a3QvZGVuLXZhcm1lP3Y9MTQ0NjkmIzAzODt2YXJpYXRpb249YTYzMDNiMTYtOWNlYy00MDRjLTlkYjYtM2ExMWZmYmQwYmU5P3V0bV9tZWRpdW09b3JnYW5pYyZ1dG1fc291cmNlPWJsb2dfcHJvZHVjdHMmdXRtX2NhbXBhaWduPTMyMTk=\" data-target=\"_blank\"><svg xmlns=\"http:\/\/www.w3.org\/2000\/svg\" width=\"16\" height=\"16\" fill=\"currentColor\" class=\"bi bi-bag\" viewBox=\"0 0 16 16\"><path d=\"M8 1a2 2 0 0 1 2 2v1h2.5A1.5 1.5 0 0 1 14 5.5v8A1.5 1.5 0 0 1 12.5 15h-9A1.5 1.5 0 0 1 2 13.5v-8A1.5 1.5 0 0 1 3.5 3H6V2a2 2 0 0 1 2-1zm1 3V3a1 1 0 0 0-2 0v1h2z\"\/><\/svg>K\u00f8b her<\/span><p class=\"rapido\">Kundernes favorit<\/p><\/div><div class=\"lp-produit\"><div class=\"lp-thumbnail-wrapper\"><img loading=\"lazy\" decoding=\"async\" width=\"300\" height=\"300\" src=\"https:\/\/interflora.dk\/blog\/wp-content\/uploads\/2025\/09\/DEN_VENLIGE_VINTERVERSION_HAND_v_0-300x300.jpg\" class=\"attachment-medium size-medium wp-post-image\" alt=\"\" srcset=\"https:\/\/interflora.dk\/blog\/wp-content\/uploads\/2025\/09\/DEN_VENLIGE_VINTERVERSION_HAND_v_0-300x300.jpg 300w, https:\/\/interflora.dk\/blog\/wp-content\/uploads\/2025\/09\/DEN_VENLIGE_VINTERVERSION_HAND_v_0-1024x1024.jpg 1024w, https:\/\/interflora.dk\/blog\/wp-content\/uploads\/2025\/09\/DEN_VENLIGE_VINTERVERSION_HAND_v_0-150x150.jpg 150w, https:\/\/interflora.dk\/blog\/wp-content\/uploads\/2025\/09\/DEN_VENLIGE_VINTERVERSION_HAND_v_0-768x768.jpg 768w, https:\/\/interflora.dk\/blog\/wp-content\/uploads\/2025\/09\/DEN_VENLIGE_VINTERVERSION_HAND_v_0.jpg 1200w\" sizes=\"auto, (max-width: 300px) 100vw, 300px\" \/><img decoding=\"async\" class=\"lp-badge\" src=\"https:\/\/prodblog.interflora.dk\/blog\/wp-content\/uploads\/2025\/09\/220422_INTERFLORA_Main_Logo_rgb_Main_Color.avif\" alt=\"Send blomster med Interflora\"><\/div><span>Den venlige<\/span><p>Fra 219 kr.<\/p><span class=\"obf-link lp-cta\" role=\"link\" tabindex=\"0\" data-b64=\"aHR0cHM6Ly9pbnRlcmZsb3JhLmRrL3Byb2R1a3QvZGVuLXZlbmxpZ2U\/dj0xNTgwMiYjMDM4O3ZhcmlhdGlvbj1jMDRiZDM3OC1kZGYyLTRjMmItYmM5My1hYWM2ZWJlZWUwNDI\/dXRtX21lZGl1bT1vcmdhbmljJnV0bV9zb3VyY2U9YmxvZ19wcm9kdWN0cyZ1dG1fY2FtcGFpZ249NTc0Ng==\" data-target=\"_blank\"><svg xmlns=\"http:\/\/www.w3.org\/2000\/svg\" width=\"16\" height=\"16\" fill=\"currentColor\" class=\"bi bi-bag\" viewBox=\"0 0 16 16\"><path d=\"M8 1a2 2 0 0 1 2 2v1h2.5A1.5 1.5 0 0 1 14 5.5v8A1.5 1.5 0 0 1 12.5 15h-9A1.5 1.5 0 0 1 2 13.5v-8A1.5 1.5 0 0 1 3.5 3H6V2a2 2 0 0 1 2-1zm1 3V3a1 1 0 0 0-2 0v1h2z\"\/><\/svg>K\u00f8b her<\/span><p class=\"rapido\">Levering i hele Danmark<\/p><\/div><\/div>\n\n\n\n<p class=\"wp-block-paragraph\"><\/p>\n","protected":false},"excerpt":{"rendered":"<p>Naturen skifter farve, dagene bliver kortere, og vi s\u00f8ger indenfor, n\u00e5r m\u00f8rket falder p\u00e5. Efter\u00e5ret byder p\u00e5 nogle af \u00e5rets [&hellip;]<\/p>\n","protected":false},"author":14,"featured_media":64265,"comment_status":"open","ping_status":"open","sticky":false,"template":"","format":"standard","meta":{"_uag_custom_page_level_css":"","site-sidebar-layout":"default","site-content-layout":"","ast-site-content-layout":"default","site-content-style":"default","site-sidebar-style":"default","ast-global-header-display":"","ast-banner-title-visibility":"","ast-main-header-display":"","ast-hfb-above-header-display":"","ast-hfb-below-header-display":"","ast-hfb-mobile-header-display":"","site-post-title":"","ast-breadcrumbs-content":"","ast-featured-img":"","footer-sml-layout":"","ast-disable-related-posts":"","theme-transparent-header-meta":"","adv-header-id-meta":"","stick-header-meta":"","header-above-stick-meta":"","header-main-stick-meta":"","header-below-stick-meta":"","astra-migrate-meta-layouts":"default","ast-page-background-enabled":"default","ast-page-background-meta":{"desktop":{"background-color":"var(--ast-global-color-5)","background-image":"","background-repeat":"repeat","background-position":"center center","background-size":"auto","background-attachment":"scroll","background-type":"","background-media":"","overlay-type":"","overlay-color":"","overlay-opacity":"","overlay-gradient":""},"tablet":{"background-color":"","background-image":"","background-repeat":"repeat","background-position":"center center","background-size":"auto","background-attachment":"scroll","background-type":"","background-media":"","overlay-type":"","overlay-color":"","overlay-opacity":"","overlay-gradient":""},"mobile":{"background-color":"","background-image":"","background-repeat":"repeat","background-position":"center center","background-size":"auto","background-attachment":"scroll","background-type":"","background-media":"","overlay-type":"","overlay-color":"","overlay-opacity":"","overlay-gradient":""}},"ast-content-background-meta":{"desktop":{"background-color":"var(--ast-global-color-4)","background-image":"","background-repeat":"repeat","background-position":"center center","background-size":"auto","background-attachment":"scroll","background-type":"","background-media":"","overlay-type":"","overlay-color":"","overlay-opacity":"","overlay-gradient":""},"tablet":{"background-color":"var(--ast-global-color-4)","background-image":"","background-repeat":"repeat","background-position":"center center","background-size":"auto","background-attachment":"scroll","background-type":"","background-media":"","overlay-type":"","overlay-color":"","overlay-opacity":"","overlay-gradient":""},"mobile":{"background-color":"var(--ast-global-color-4)","background-image":"","background-repeat":"repeat","background-position":"center center","background-size":"auto","background-attachment":"scroll","background-type":"","background-media":"","overlay-type":"","overlay-color":"","overlay-opacity":"","overlay-gradient":""}},"footnotes":""},"categories":[199,193],"tags":[166,361],"class_list":["post-64263","post","type-post","status-publish","format-standard","has-post-thumbnail","hentry","category-efteraar","category-blomster","tag-blomster","tag-efteraarsblomster"],"yoast_head":"<!-- This site is optimized with the Yoast SEO plugin v28.1 - https:\/\/yoast.com\/product\/yoast-seo-wordpress\/ -->\n<title>5 efter\u00e5rsbuketter i orange| Interflora<\/title>\n<meta name=\"description\" content=\"Find 5 smukke efter\u00e5rsbuketter i orange og varme nuancer. Bring efter\u00e5rets farver indenfor, eller send en buket som en varm efter\u00e5rshilsen.\" \/>\n<meta name=\"robots\" content=\"index, follow, max-snippet:-1, max-image-preview:large, max-video-preview:-1\" \/>\n<link rel=\"canonical\" href=\"https:\/\/interflora.dk\/blog\/5-efteraarsbuketter-der-bringer-efteraaret-indenfor\/\" \/>\n<meta property=\"og:locale\" content=\"da_DK\" \/>\n<meta property=\"og:type\" content=\"article\" \/>\n<meta property=\"og:title\" content=\"5 efter\u00e5rsbuketter i orange| Interflora\" \/>\n<meta property=\"og:description\" content=\"Find 5 smukke efter\u00e5rsbuketter i orange og varme nuancer. Bring efter\u00e5rets farver indenfor, eller send en buket som en varm efter\u00e5rshilsen.\" \/>\n<meta property=\"og:url\" content=\"https:\/\/interflora.dk\/blog\/5-efteraarsbuketter-der-bringer-efteraaret-indenfor\/\" \/>\n<meta property=\"og:site_name\" content=\"Interflora\" \/>\n<meta property=\"article:publisher\" content=\"https:\/\/www.facebook.com\/InterfloraDanmark\" \/>\n<meta property=\"article:published_time\" content=\"2026-09-03T09:16:11+00:00\" \/>\n<meta property=\"article:modified_time\" content=\"2026-09-03T13:27:41+00:00\" \/>\n<meta property=\"og:image\" content=\"https:\/\/interflora.dk\/blog\/wp-content\/uploads\/2026\/09\/DEN_FLOTTE_SMALL_CLOSEUP.jpg\" \/>\n\t<meta property=\"og:image:width\" content=\"1200\" \/>\n\t<meta property=\"og:image:height\" content=\"1200\" \/>\n\t<meta property=\"og:image:type\" content=\"image\/jpeg\" \/>\n<meta name=\"author\" content=\"Rebecca\" \/>\n<meta name=\"twitter:card\" content=\"summary_large_image\" \/>\n<meta name=\"twitter:label1\" content=\"Skrevet af\" \/>\n\t<meta name=\"twitter:data1\" content=\"Rebecca\" \/>\n\t<meta name=\"twitter:label2\" content=\"Estimeret l\u00e6setid\" \/>\n\t<meta name=\"twitter:data2\" content=\"3 minutter\" \/>\n<script type=\"application\/ld+json\" class=\"yoast-schema-graph\">{\"@context\":\"https:\\\/\\\/schema.org\",\"@graph\":[{\"@type\":\"Article\",\"@id\":\"https:\\\/\\\/interflora.dk\\\/blog\\\/5-efteraarsbuketter-der-bringer-efteraaret-indenfor\\\/#article\",\"isPartOf\":{\"@id\":\"https:\\\/\\\/interflora.dk\\\/blog\\\/5-efteraarsbuketter-der-bringer-efteraaret-indenfor\\\/\"},\"author\":{\"name\":\"Rebecca\",\"@id\":\"https:\\\/\\\/interflora.dk\\\/blog\\\/#\\\/schema\\\/person\\\/539d242367a91b649952f5d251feb5ba\"},\"headline\":\"5 efter\u00e5rsbuketter, der bringer efter\u00e5ret indenfor\u00a0\",\"datePublished\":\"2026-09-03T09:16:11+00:00\",\"dateModified\":\"2026-09-03T13:27:41+00:00\",\"mainEntityOfPage\":{\"@id\":\"https:\\\/\\\/interflora.dk\\\/blog\\\/5-efteraarsbuketter-der-bringer-efteraaret-indenfor\\\/\"},\"wordCount\":612,\"commentCount\":0,\"publisher\":{\"@id\":\"https:\\\/\\\/interflora.dk\\\/blog\\\/#organization\"},\"image\":{\"@id\":\"https:\\\/\\\/interflora.dk\\\/blog\\\/5-efteraarsbuketter-der-bringer-efteraaret-indenfor\\\/#primaryimage\"},\"thumbnailUrl\":\"https:\\\/\\\/interflora.dk\\\/blog\\\/wp-content\\\/uploads\\\/2026\\\/09\\\/DEN_FLOTTE_SMALL_CLOSEUP.jpg\",\"keywords\":[\"Blomster\",\"Efter\u00e5rsblomster\"],\"articleSection\":[\"Efter\u00e5rets fortryllelse: Inspiration og tips\",\"Vores tips og inspiration til blomster\"],\"inLanguage\":\"da-DK\",\"potentialAction\":[{\"@type\":\"CommentAction\",\"name\":\"Comment\",\"target\":[\"https:\\\/\\\/interflora.dk\\\/blog\\\/5-efteraarsbuketter-der-bringer-efteraaret-indenfor\\\/#respond\"]}]},{\"@type\":\"WebPage\",\"@id\":\"https:\\\/\\\/interflora.dk\\\/blog\\\/5-efteraarsbuketter-der-bringer-efteraaret-indenfor\\\/\",\"url\":\"https:\\\/\\\/interflora.dk\\\/blog\\\/5-efteraarsbuketter-der-bringer-efteraaret-indenfor\\\/\",\"name\":\"5 efter\u00e5rsbuketter i orange| Interflora\",\"isPartOf\":{\"@id\":\"https:\\\/\\\/interflora.dk\\\/blog\\\/#website\"},\"primaryImageOfPage\":{\"@id\":\"https:\\\/\\\/interflora.dk\\\/blog\\\/5-efteraarsbuketter-der-bringer-efteraaret-indenfor\\\/#primaryimage\"},\"image\":{\"@id\":\"https:\\\/\\\/interflora.dk\\\/blog\\\/5-efteraarsbuketter-der-bringer-efteraaret-indenfor\\\/#primaryimage\"},\"thumbnailUrl\":\"https:\\\/\\\/interflora.dk\\\/blog\\\/wp-content\\\/uploads\\\/2026\\\/09\\\/DEN_FLOTTE_SMALL_CLOSEUP.jpg\",\"datePublished\":\"2026-09-03T09:16:11+00:00\",\"dateModified\":\"2026-09-03T13:27:41+00:00\",\"description\":\"Find 5 smukke efter\u00e5rsbuketter i orange og varme nuancer. Bring efter\u00e5rets farver indenfor, eller send en buket som en varm efter\u00e5rshilsen.\",\"breadcrumb\":{\"@id\":\"https:\\\/\\\/interflora.dk\\\/blog\\\/5-efteraarsbuketter-der-bringer-efteraaret-indenfor\\\/#breadcrumb\"},\"inLanguage\":\"da-DK\",\"potentialAction\":[{\"@type\":\"ReadAction\",\"target\":[\"https:\\\/\\\/interflora.dk\\\/blog\\\/5-efteraarsbuketter-der-bringer-efteraaret-indenfor\\\/\"]}]},{\"@type\":\"ImageObject\",\"inLanguage\":\"da-DK\",\"@id\":\"https:\\\/\\\/interflora.dk\\\/blog\\\/5-efteraarsbuketter-der-bringer-efteraaret-indenfor\\\/#primaryimage\",\"url\":\"https:\\\/\\\/interflora.dk\\\/blog\\\/wp-content\\\/uploads\\\/2026\\\/09\\\/DEN_FLOTTE_SMALL_CLOSEUP.jpg\",\"contentUrl\":\"https:\\\/\\\/interflora.dk\\\/blog\\\/wp-content\\\/uploads\\\/2026\\\/09\\\/DEN_FLOTTE_SMALL_CLOSEUP.jpg\",\"width\":1200,\"height\":1200},{\"@type\":\"BreadcrumbList\",\"@id\":\"https:\\\/\\\/interflora.dk\\\/blog\\\/5-efteraarsbuketter-der-bringer-efteraaret-indenfor\\\/#breadcrumb\",\"itemListElement\":[{\"@type\":\"ListItem\",\"position\":1,\"name\":\"Home\",\"item\":\"https:\\\/\\\/interflora.dk\\\/blog\\\/\"},{\"@type\":\"ListItem\",\"position\":2,\"name\":\"5 efter\u00e5rsbuketter, der bringer efter\u00e5ret indenfor\u00a0\"}]},{\"@type\":\"WebSite\",\"@id\":\"https:\\\/\\\/interflora.dk\\\/blog\\\/#website\",\"url\":\"https:\\\/\\\/interflora.dk\\\/blog\\\/\",\"name\":\"Interflora\",\"description\":\"\",\"publisher\":{\"@id\":\"https:\\\/\\\/interflora.dk\\\/blog\\\/#organization\"},\"potentialAction\":[{\"@type\":\"SearchAction\",\"target\":{\"@type\":\"EntryPoint\",\"urlTemplate\":\"https:\\\/\\\/interflora.dk\\\/blog\\\/?s={search_term_string}\"},\"query-input\":{\"@type\":\"PropertyValueSpecification\",\"valueRequired\":true,\"valueName\":\"search_term_string\"}}],\"inLanguage\":\"da-DK\"},{\"@type\":\"Organization\",\"@id\":\"https:\\\/\\\/interflora.dk\\\/blog\\\/#organization\",\"name\":\"Interflora\",\"url\":\"https:\\\/\\\/interflora.dk\\\/blog\\\/\",\"logo\":{\"@type\":\"ImageObject\",\"inLanguage\":\"da-DK\",\"@id\":\"https:\\\/\\\/interflora.dk\\\/blog\\\/#\\\/schema\\\/logo\\\/image\\\/\",\"url\":\"https:\\\/\\\/interflora.dk\\\/blog\\\/wp-content\\\/uploads\\\/2025\\\/09\\\/220422_INTERFLORA_Logo_rgb_Half_Top_Circle_Main_Color.png\",\"contentUrl\":\"https:\\\/\\\/interflora.dk\\\/blog\\\/wp-content\\\/uploads\\\/2025\\\/09\\\/220422_INTERFLORA_Logo_rgb_Half_Top_Circle_Main_Color.png\",\"width\":1418,\"height\":710,\"caption\":\"Interflora\"},\"image\":{\"@id\":\"https:\\\/\\\/interflora.dk\\\/blog\\\/#\\\/schema\\\/logo\\\/image\\\/\"},\"sameAs\":[\"https:\\\/\\\/www.facebook.com\\\/InterfloraDanmark\",\"https:\\\/\\\/www.instagram.com\\\/interfloradk\",\"https:\\\/\\\/www.linkedin.com\\\/company\\\/interfloradanmark\",\"https:\\\/\\\/www.youtube.com\\\/user\\\/InterfloraTV\"]},{\"@type\":\"Person\",\"@id\":\"https:\\\/\\\/interflora.dk\\\/blog\\\/#\\\/schema\\\/person\\\/539d242367a91b649952f5d251feb5ba\",\"name\":\"Rebecca\",\"image\":{\"@type\":\"ImageObject\",\"inLanguage\":\"da-DK\",\"@id\":\"https:\\\/\\\/interflora.dk\\\/blog\\\/wp-content\\\/litespeed\\\/avatar\\\/71e9bb45c3ae30a923c5edf07d65b0db.jpg?ver=1788443936\",\"url\":\"https:\\\/\\\/interflora.dk\\\/blog\\\/wp-content\\\/litespeed\\\/avatar\\\/71e9bb45c3ae30a923c5edf07d65b0db.jpg?ver=1788443936\",\"contentUrl\":\"https:\\\/\\\/interflora.dk\\\/blog\\\/wp-content\\\/litespeed\\\/avatar\\\/71e9bb45c3ae30a923c5edf07d65b0db.jpg?ver=1788443936\",\"caption\":\"Rebecca\"}}]}<\/script>\n<!-- \/ Yoast SEO plugin. -->","yoast_head_json":{"title":"5 efter\u00e5rsbuketter i orange| Interflora","description":"Find 5 smukke efter\u00e5rsbuketter i orange og varme nuancer. Bring efter\u00e5rets farver indenfor, eller send en buket som en varm efter\u00e5rshilsen.","robots":{"index":"index","follow":"follow","max-snippet":"max-snippet:-1","max-image-preview":"max-image-preview:large","max-video-preview":"max-video-preview:-1"},"canonical":"https:\/\/interflora.dk\/blog\/5-efteraarsbuketter-der-bringer-efteraaret-indenfor\/","og_locale":"da_DK","og_type":"article","og_title":"5 efter\u00e5rsbuketter i orange| Interflora","og_description":"Find 5 smukke efter\u00e5rsbuketter i orange og varme nuancer. Bring efter\u00e5rets farver indenfor, eller send en buket som en varm efter\u00e5rshilsen.","og_url":"https:\/\/interflora.dk\/blog\/5-efteraarsbuketter-der-bringer-efteraaret-indenfor\/","og_site_name":"Interflora","article_publisher":"https:\/\/www.facebook.com\/InterfloraDanmark","article_published_time":"2026-09-03T09:16:11+00:00","article_modified_time":"2026-09-03T13:27:41+00:00","og_image":[{"width":1200,"height":1200,"url":"https:\/\/interflora.dk\/blog\/wp-content\/uploads\/2026\/09\/DEN_FLOTTE_SMALL_CLOSEUP.jpg","type":"image\/jpeg"}],"author":"Rebecca","twitter_card":"summary_large_image","twitter_misc":{"Skrevet af":"Rebecca","Estimeret l\u00e6setid":"3 minutter"},"schema":{"@context":"https:\/\/schema.org","@graph":[{"@type":"Article","@id":"https:\/\/interflora.dk\/blog\/5-efteraarsbuketter-der-bringer-efteraaret-indenfor\/#article","isPartOf":{"@id":"https:\/\/interflora.dk\/blog\/5-efteraarsbuketter-der-bringer-efteraaret-indenfor\/"},"author":{"name":"Rebecca","@id":"https:\/\/interflora.dk\/blog\/#\/schema\/person\/539d242367a91b649952f5d251feb5ba"},"headline":"5 efter\u00e5rsbuketter, der bringer efter\u00e5ret indenfor\u00a0","datePublished":"2026-09-03T09:16:11+00:00","dateModified":"2026-09-03T13:27:41+00:00","mainEntityOfPage":{"@id":"https:\/\/interflora.dk\/blog\/5-efteraarsbuketter-der-bringer-efteraaret-indenfor\/"},"wordCount":612,"commentCount":0,"publisher":{"@id":"https:\/\/interflora.dk\/blog\/#organization"},"image":{"@id":"https:\/\/interflora.dk\/blog\/5-efteraarsbuketter-der-bringer-efteraaret-indenfor\/#primaryimage"},"thumbnailUrl":"https:\/\/interflora.dk\/blog\/wp-content\/uploads\/2026\/09\/DEN_FLOTTE_SMALL_CLOSEUP.jpg","keywords":["Blomster","Efter\u00e5rsblomster"],"articleSection":["Efter\u00e5rets fortryllelse: Inspiration og tips","Vores tips og inspiration til blomster"],"inLanguage":"da-DK","potentialAction":[{"@type":"CommentAction","name":"Comment","target":["https:\/\/interflora.dk\/blog\/5-efteraarsbuketter-der-bringer-efteraaret-indenfor\/#respond"]}]},{"@type":"WebPage","@id":"https:\/\/interflora.dk\/blog\/5-efteraarsbuketter-der-bringer-efteraaret-indenfor\/","url":"https:\/\/interflora.dk\/blog\/5-efteraarsbuketter-der-bringer-efteraaret-indenfor\/","name":"5 efter\u00e5rsbuketter i orange| Interflora","isPartOf":{"@id":"https:\/\/interflora.dk\/blog\/#website"},"primaryImageOfPage":{"@id":"https:\/\/interflora.dk\/blog\/5-efteraarsbuketter-der-bringer-efteraaret-indenfor\/#primaryimage"},"image":{"@id":"https:\/\/interflora.dk\/blog\/5-efteraarsbuketter-der-bringer-efteraaret-indenfor\/#primaryimage"},"thumbnailUrl":"https:\/\/interflora.dk\/blog\/wp-content\/uploads\/2026\/09\/DEN_FLOTTE_SMALL_CLOSEUP.jpg","datePublished":"2026-09-03T09:16:11+00:00","dateModified":"2026-09-03T13:27:41+00:00","description":"Find 5 smukke efter\u00e5rsbuketter i orange og varme nuancer. Bring efter\u00e5rets farver indenfor, eller send en buket som en varm efter\u00e5rshilsen.","breadcrumb":{"@id":"https:\/\/interflora.dk\/blog\/5-efteraarsbuketter-der-bringer-efteraaret-indenfor\/#breadcrumb"},"inLanguage":"da-DK","potentialAction":[{"@type":"ReadAction","target":["https:\/\/interflora.dk\/blog\/5-efteraarsbuketter-der-bringer-efteraaret-indenfor\/"]}]},{"@type":"ImageObject","inLanguage":"da-DK","@id":"https:\/\/interflora.dk\/blog\/5-efteraarsbuketter-der-bringer-efteraaret-indenfor\/#primaryimage","url":"https:\/\/interflora.dk\/blog\/wp-content\/uploads\/2026\/09\/DEN_FLOTTE_SMALL_CLOSEUP.jpg","contentUrl":"https:\/\/interflora.dk\/blog\/wp-content\/uploads\/2026\/09\/DEN_FLOTTE_SMALL_CLOSEUP.jpg","width":1200,"height":1200},{"@type":"BreadcrumbList","@id":"https:\/\/interflora.dk\/blog\/5-efteraarsbuketter-der-bringer-efteraaret-indenfor\/#breadcrumb","itemListElement":[{"@type":"ListItem","position":1,"name":"Home","item":"https:\/\/interflora.dk\/blog\/"},{"@type":"ListItem","position":2,"name":"5 efter\u00e5rsbuketter, der bringer efter\u00e5ret indenfor\u00a0"}]},{"@type":"WebSite","@id":"https:\/\/interflora.dk\/blog\/#website","url":"https:\/\/interflora.dk\/blog\/","name":"Interflora","description":"","publisher":{"@id":"https:\/\/interflora.dk\/blog\/#organization"},"potentialAction":[{"@type":"SearchAction","target":{"@type":"EntryPoint","urlTemplate":"https:\/\/interflora.dk\/blog\/?s={search_term_string}"},"query-input":{"@type":"PropertyValueSpecification","valueRequired":true,"valueName":"search_term_string"}}],"inLanguage":"da-DK"},{"@type":"Organization","@id":"https:\/\/interflora.dk\/blog\/#organization","name":"Interflora","url":"https:\/\/interflora.dk\/blog\/","logo":{"@type":"ImageObject","inLanguage":"da-DK","@id":"https:\/\/interflora.dk\/blog\/#\/schema\/logo\/image\/","url":"https:\/\/interflora.dk\/blog\/wp-content\/uploads\/2025\/09\/220422_INTERFLORA_Logo_rgb_Half_Top_Circle_Main_Color.png","contentUrl":"https:\/\/interflora.dk\/blog\/wp-content\/uploads\/2025\/09\/220422_INTERFLORA_Logo_rgb_Half_Top_Circle_Main_Color.png","width":1418,"height":710,"caption":"Interflora"},"image":{"@id":"https:\/\/interflora.dk\/blog\/#\/schema\/logo\/image\/"},"sameAs":["https:\/\/www.facebook.com\/InterfloraDanmark","https:\/\/www.instagram.com\/interfloradk","https:\/\/www.linkedin.com\/company\/interfloradanmark","https:\/\/www.youtube.com\/user\/InterfloraTV"]},{"@type":"Person","@id":"https:\/\/interflora.dk\/blog\/#\/schema\/person\/539d242367a91b649952f5d251feb5ba","name":"Rebecca","image":{"@type":"ImageObject","inLanguage":"da-DK","@id":"https:\/\/interflora.dk\/blog\/wp-content\/litespeed\/avatar\/71e9bb45c3ae30a923c5edf07d65b0db.jpg?ver=1788443936","url":"https:\/\/interflora.dk\/blog\/wp-content\/litespeed\/avatar\/71e9bb45c3ae30a923c5edf07d65b0db.jpg?ver=1788443936","contentUrl":"https:\/\/interflora.dk\/blog\/wp-content\/litespeed\/avatar\/71e9bb45c3ae30a923c5edf07d65b0db.jpg?ver=1788443936","caption":"Rebecca"}}]}},"uagb_featured_image_src":{"full":["https:\/\/interflora.dk\/blog\/wp-content\/uploads\/2026\/09\/DEN_FLOTTE_SMALL_CLOSEUP.jpg",1200,1200,false],"thumbnail":["https:\/\/interflora.dk\/blog\/wp-content\/uploads\/2026\/09\/DEN_FLOTTE_SMALL_CLOSEUP-150x150.jpg",150,150,true],"medium":["https:\/\/interflora.dk\/blog\/wp-content\/uploads\/2026\/09\/DEN_FLOTTE_SMALL_CLOSEUP-300x300.jpg",300,300,true],"medium_large":["https:\/\/interflora.dk\/blog\/wp-content\/uploads\/2026\/09\/DEN_FLOTTE_SMALL_CLOSEUP-768x768.jpg",768,768,true],"large":["https:\/\/interflora.dk\/blog\/wp-content\/uploads\/2026\/09\/DEN_FLOTTE_SMALL_CLOSEUP-1024x1024.jpg",1024,1024,true],"1536x1536":["https:\/\/interflora.dk\/blog\/wp-content\/uploads\/2026\/09\/DEN_FLOTTE_SMALL_CLOSEUP.jpg",1200,1200,false],"2048x2048":["https:\/\/interflora.dk\/blog\/wp-content\/uploads\/2026\/09\/DEN_FLOTTE_SMALL_CLOSEUP.jpg",1200,1200,false]},"uagb_author_info":{"display_name":"Rebecca","author_link":"https:\/\/interflora.dk\/blog\/author\/rebecca\/"},"uagb_comment_info":0,"uagb_excerpt":"Naturen skifter farve, dagene bliver kortere, og vi s\u00f8ger indenfor, n\u00e5r m\u00f8rket falder p\u00e5. Efter\u00e5ret byder p\u00e5 nogle af \u00e5rets [&hellip;]","_links":{"self":[{"href":"https:\/\/interflora.dk\/blog\/wp-json\/wp\/v2\/posts\/64263","targetHints":{"allow":["GET"]}}],"collection":[{"href":"https:\/\/interflora.dk\/blog\/wp-json\/wp\/v2\/posts"}],"about":[{"href":"https:\/\/interflora.dk\/blog\/wp-json\/wp\/v2\/types\/post"}],"author":[{"embeddable":true,"href":"https:\/\/interflora.dk\/blog\/wp-json\/wp\/v2\/users\/14"}],"replies":[{"embeddable":true,"href":"https:\/\/interflora.dk\/blog\/wp-json\/wp\/v2\/comments?post=64263"}],"version-history":[{"count":4,"href":"https:\/\/interflora.dk\/blog\/wp-json\/wp\/v2\/posts\/64263\/revisions"}],"predecessor-version":[{"id":64276,"href":"https:\/\/interflora.dk\/blog\/wp-json\/wp\/v2\/posts\/64263\/revisions\/64276"}],"wp:featuredmedia":[{"embeddable":true,"href":"https:\/\/interflora.dk\/blog\/wp-json\/wp\/v2\/media\/64265"}],"wp:attachment":[{"href":"https:\/\/interflora.dk\/blog\/wp-json\/wp\/v2\/media?parent=64263"}],"wp:term":[{"taxonomy":"category","embeddable":true,"href":"https:\/\/interflora.dk\/blog\/wp-json\/wp\/v2\/categories?post=64263"},{"taxonomy":"post_tag","embeddable":true,"href":"https:\/\/interflora.dk\/blog\/wp-json\/wp\/v2\/tags?post=64263"}],"curies":[{"name":"wp","href":"https:\/\/api.w.org\/{rel}","templated":true}]}}