{"id":1749,"date":"2025-10-23T12:26:54","date_gmt":"2025-10-23T12:26:54","guid":{"rendered":"https:\/\/preprodblog.interflora.dk\/vores-butikker\/?p=1749"},"modified":"2025-10-24T08:47:17","modified_gmt":"2025-10-24T08:47:17","slug":"8053992537-tyrsted","status":"publish","type":"post","link":"https:\/\/interflora.dk\/vores-butikker\/midtjylland\/8053992537-tyrsted\/","title":{"rendered":"Interflora-butikker Tyrsted \u2013 Send blomster til Tyrsted"},"content":{"rendered":"\n\n<h2 class=\"wp-block-heading\">De mest popul\u00e6re buketter og blomster i Tyrsted<\/h2>\n\n\n<style id=\"sp_tab_dynamic_style1199\">#sp-tabpro-wrapper_1199.sp-tab__lay-default .sp-tab__tab-content {width: 100%;}#sp-tabpro-wrapper_1199 .animated {-webkit-animation-duration: 500ms;animation-duration: 500ms;}#sp-wp-tabs-wrapper_1199 .sp-tab__nav { justify-content: flex-start; }#sp-wp-tabs-wrapper_1199.sp-tab__lay-default.sp-tab__horizontal-bottom {display: flex;flex-direction: column-reverse;}#sp-wp-tabs-wrapper_1199.sp-tab__lay-default.sp-tab__horizontal-bottom > ul {border-top: 1px solid #cccccc;border-bottom: 0;margin-top: 0;}#sp-wp-tabs-wrapper_1199.sp-tab__lay-default.sp-tab__horizontal-bottom > ul > li .sp-tab__nav-link.sp-tab__active {border-color: transparent #cccccc#cccccc;margin-top: -1px;}#sp-wp-tabs-wrapper_1199.sp-tab__lay-default.sp-tab__horizontal-bottom > ul > li .sp-tab__nav-link,#sp-wp-tabs-wrapper_1199.sp-tab__lay-default.sp-tab__horizontal-bottom > ul > li a,#sp-wp-tabs-wrapper_1199.sp-tab__lay-default.sp-tab__horizontal-bottom > ul > .sp-tab__nav-item {border-top: 0;border-top-left-radius: 0;border-top-right-radius: 0;border-bottom-left-radius: 2px;border-bottom-right-radius: 2px;}#sp-wp-tabs-wrapper_1199.sp-tab__lay-default.sp-tab__horizontal-bottom > ul {border-bottom: none;}#sp-wp-tabs-wrapper_1199.sp-tab__lay-default.sp-tab__horizontal-bottom .sp-tab__tab-content .sp-tab__tab-pane {border-top: 1px solid #cccccc;border-bottom: 0;}#sp-wp-tabs-wrapper_1199.sp-tab__lay-default .sp-tab__tab-content .sp-tab-content > ul,#sp-wp-tabs-wrapper_1199.sp-tab__lay-default .sp-tab__tab-content .sp-tab-content > ol {border-bottom: none;}#sp-wp-tabs-wrapper_1199 .sp-tab__nav-tabs .sp-tab__nav-item.show .sp-tab__nav-link,#sp-wp-tabs-wrapper_1199.sp-tab__lay-default ul li .sp-tab__nav-link.sp-tab__active {border-color: #cccccc#cccccc transparent;}#sp-wp-tabs-wrapper_1199 > .sp-tab__nav-tabs .sp-tab__nav-link.sp-tab__active .sp-tab__tab_title,#sp-wp-tabs-wrapper_1199.sp-tab__lay-default .sp-tab__nav-link > .sp-tab__card-header {color: #444;}#sp-wp-tabs-wrapper_1199.sp-tab__lay-default > ul > li > .sp-tab__nav-link,#sp-wp-tabs-wrapper_1199.sp-tab__lay-default > ul > li > a {cursor: pointer;border-color: #cccccc;padding-top: 5px;padding-right: 5px;padding-bottom: 5px;padding-left: 5px;}#sp-wp-tabs-wrapper_1199 > .sp-tab__nav-tabs .sp-tab__nav-link {border: 1px solid #cccccc;height: 100%;}#sp-wp-tabs-wrapper_1199.sp-tab__lay-default > ul > li .sp-tab__nav-link,#sp-wp-tabs-wrapper_1199.sp-tab__lay-default > ul > li a,#sp-wp-tabs-wrapper_1199.sp-tab__lay-default > ul > .sp-tab__nav-item {border-top-left-radius: 2px;border-top-right-radius: 2px;}#sp-wp-tabs-wrapper_1199 .sp-tab__nav-tabs .sp-tab__nav-item {margin-bottom: -1px; }#sp-wp-tabs-wrapper_1199.sp-tab__lay-default > ul .sp-tab__nav-item {margin-right: 10px;}#sp-wp-tabs-wrapper_1199.sp-tab__lay-default.sp-tab__horizontal-bottom > ul .sp-tab__nav-item {margin-right: 10px;margin-top: 0;}#sp-wp-tabs-wrapper_1199.sp-tab__lay-default > ul .sp-tab__nav-item .sp-tab__nav-link:hover .sp-tab__tab_title,#sp-wp-tabs-wrapper_1199.sp-tab__lay-default > ul .sp-tab__nav-item a:hover .sp-tab__tab_title,#sp-wp-tabs-wrapper_1199.sp-tab__lay-default .sp-tab__nav-link.collapsed .sp-tab__card-header:hover {color: #444;transition: .3s;}#sp-wp-tabs-wrapper_1199.sp-tab__lay-default > ul .sp-tab__nav-item,#sp-wp-tabs-wrapper_1199.sp-tab__lay-default .sp-tab__nav-link.collapsed > .sp-tab__card-header {background-color: #f4f4f4;transition: 0.3s;}#sp-wp-tabs-wrapper_1199 > .sp-tab__nav-tabs > .sp-tab__nav-item.show .sp-tab__nav-link,#sp-wp-tabs-wrapper_1199 > .sp-tab__nav-tabs > .sp-tab__nav-item .sp-tab__nav-link.sp-tab__active,#sp-wp-tabs-wrapper_1199.sp-tab__lay-default .sp-tab__nav-link > .sp-tab__card-header {background-color: rgba(129,215,66,0.17);}#sp-tabs-wrapper_1199.sp-tab__lay-default > ul .sp-tab__nav-item .sp-tab__nav-link:not(.sp-tab__active):hover,#sp-tabs-wrapper_1199.sp-tab__lay-default .sp-tab__tab-content > .sp-tab__tab-pane .sp-tab__card-header:hover {background-color: #fff;}#sp-wp-tabs-wrapper_1199.sp-tab__lay-default > ul .sp-tab__nav-item:not(.sp-tab__active):hover,#sp-wp-tabs-wrapper_1199.sp-tab__lay-default .sp-tab__nav-link.collapsed > .sp-tab__card-header:hover {background-color: #fff;}#sp-wp-tabs-wrapper_1199.sp-tab__lay-default > ul .sp-tab__nav-item:last-child {margin-right: 0;}#sp-wp-tabs-wrapper_1199.sp-tab__lay-default > .sp-tab__tab-content .sp-tab__tab-pane {border: 1px solid #cccccc;padding-top: 20px;padding-right: 20px;padding-bottom: 20px;padding-left: 30px;background-color: #ffffff;}#sp-wp-tabs-wrapper_1199.sp-tab__lay-default > ul {border-bottom: 1px solid #cccccc;}#sp-wp-tabs-wrapper_1199.sp-tab__lay-default > .sp-tab__tab-content .sp-tab__tab-pane {border-top: 0px;}@media(max-width:480px) {#sp-wp-tabs-wrapper_1199.sp-tab__lay-default > ul li.sp-tab__nav-item {width: 100%;margin-right: 0px;}#sp-wp-tabs-wrapper_1199.sp-tab__lay-default > ul li.sp-tab__nav-item:last-child {margin-bottom: -1px;}}#sp-wp-tabs-wrapper_1199.sp-tab__lay-default > ul .sp-tab__nav-item .sp-tab__tab_title,#sp-wp-tabs-wrapper_1199.sp-tab__lay-default span > .sp-tab__card-header {font-weight: 600;font-style: normal;font-size: 16px;line-height: 22px;letter-spacing: 0px;color: #444;margin: 0px;}#sp-wp-tabs-wrapper_1199.sp-tab__lay-default > .sp-tab__tab-content .sp-tab__tab-pane,#sp-wp-tabs-wrapper_1199.sp-tab__lay-default > .sp-tab__tab-content .sp-tab__tab-pane p {font-weight: 400;font-style: normal;font-size: 16px;line-height: 24px;letter-spacing: 0px;color: #444;}#sp-wp-tabs-wrapper_1199.sp-tab__lay-default > .sp-tab__tab-content .sp-tab__tab-pane ul li a, #sp-wp-tabs-wrapper_1199.sp-tab__lay-default .sp-tab__tab-content .sp-tab__tab-pane ol li a {color: #444;}<\/style>\t\t<div id=\"sp-wp-tabs-wrapper_1199\" class=\"sp-tab__lay-default\" data-preloader=\"0\" data-activemode=\"tabs-activator-event-click\" data-anchor_linking=\"1\">\n\t\t<ul class=\"sp-tab__nav sp-tab__nav-tabs\" id=\"sp-tab__ul\" role=\"tablist\">\n\t\t\t\t<li class=\"sp-tab__nav-item\" role=\"presentation\">\n\t\t\t\t<span class=\"sp-tab__nav-link sp-tab__active\" data-sptoggle=\"tab\" for=\"#tab-11991\" role=\"tab\" aria-controls=tab-11991 aria-selected=true tabindex=0>\n\t\t\t\t\t<span class=\"tab_title_area\"><H4 class=\"sp-tab__tab_title\">Mest popul\u00e6re<\/H4><\/span>\n\t\t\t\t<\/span>\n\t\t\t<\/li>\n\t\t\t\t\t\t<li class=\"sp-tab__nav-item\" role=\"presentation\">\n\t\t\t\t<span class=\"sp-tab__nav-link\" data-sptoggle=\"tab\" for=\"#tab-11992\" role=\"tab\" aria-controls=tab-11992 aria-selected=true tabindex=0>\n\t\t\t\t\t<span class=\"tab_title_area\"><H4 class=\"sp-tab__tab_title\">Mors dag<\/H4><\/span>\n\t\t\t\t<\/span>\n\t\t\t<\/li>\n\t\t\t\t\t\t<li class=\"sp-tab__nav-item\" role=\"presentation\">\n\t\t\t\t<span class=\"sp-tab__nav-link\" data-sptoggle=\"tab\" for=\"#tab-11993\" role=\"tab\" aria-controls=tab-11993 aria-selected=true tabindex=0>\n\t\t\t\t\t<span class=\"tab_title_area\"><H4 class=\"sp-tab__tab_title\">F\u00f8dselsdag<\/H4><\/span>\n\t\t\t\t<\/span>\n\t\t\t<\/li>\n\t\t\t\t\t\t<li class=\"sp-tab__nav-item\" role=\"presentation\">\n\t\t\t\t<span class=\"sp-tab__nav-link\" data-sptoggle=\"tab\" for=\"#tab-11994\" role=\"tab\" aria-controls=tab-11994 aria-selected=true tabindex=0>\n\t\t\t\t\t<span class=\"tab_title_area\"><H4 class=\"sp-tab__tab_title\">K\u00e6rlighed<\/H4><\/span>\n\t\t\t\t<\/span>\n\t\t\t<\/li>\n\t\t\t\t\t\t<li class=\"sp-tab__nav-item\" role=\"presentation\">\n\t\t\t\t<span class=\"sp-tab__nav-link\" data-sptoggle=\"tab\" for=\"#tab-11995\" role=\"tab\" aria-controls=tab-11995 aria-selected=true tabindex=0>\n\t\t\t\t\t<span class=\"tab_title_area\"><H4 class=\"sp-tab__tab_title\">Gavekurve<\/H4><\/span>\n\t\t\t\t<\/span>\n\t\t\t<\/li>\n\t\t\t\t\t\t<li class=\"sp-tab__nav-item\" role=\"presentation\">\n\t\t\t\t<span class=\"sp-tab__nav-link\" data-sptoggle=\"tab\" for=\"#tab-11996\" role=\"tab\" aria-controls=tab-11996 aria-selected=true tabindex=0>\n\t\t\t\t\t<span class=\"tab_title_area\"><H4 class=\"sp-tab__tab_title\">Begravelse<\/H4><\/span>\n\t\t\t\t<\/span>\n\t\t\t<\/li>\n\t\t\t<\/ul>\n<div class=\"sp-tab__tab-content\">\n\t\t\t\t<div id=\"tab-11991\" class=\"sp-tab__tab-pane sp-tab__show sp-tab__active\" role=\"tabpanel\">\n\t\t\t\t\t<div class=\"sp-tab-content animated fadeIn\"><div class=\"lp-produits-grid\"><div class=\"lp-produit\"><div class=\"lp-thumbnail-wrapper\"><img decoding=\"async\" width=\"300\" height=\"300\" src=\"https:\/\/interflora.dk\/vores-butikker\/wp-content\/uploads\/2025\/10\/DEN_TIL_FOEDSELSDAGEN_VINTER_SMALL_127_v-300x300.jpg\" class=\"attachment-medium size-medium wp-post-image\" alt=\"\" srcset=\"https:\/\/interflora.dk\/vores-butikker\/wp-content\/uploads\/2025\/10\/DEN_TIL_FOEDSELSDAGEN_VINTER_SMALL_127_v-300x300.jpg 300w, https:\/\/interflora.dk\/vores-butikker\/wp-content\/uploads\/2025\/10\/DEN_TIL_FOEDSELSDAGEN_VINTER_SMALL_127_v-1024x1024.jpg 1024w, https:\/\/interflora.dk\/vores-butikker\/wp-content\/uploads\/2025\/10\/DEN_TIL_FOEDSELSDAGEN_VINTER_SMALL_127_v-150x150.jpg 150w, https:\/\/interflora.dk\/vores-butikker\/wp-content\/uploads\/2025\/10\/DEN_TIL_FOEDSELSDAGEN_VINTER_SMALL_127_v-768x768.jpg 768w, https:\/\/interflora.dk\/vores-butikker\/wp-content\/uploads\/2025\/10\/DEN_TIL_FOEDSELSDAGEN_VINTER_SMALL_127_v.jpg 1200w\" sizes=\"(max-width: 300px) 100vw, 300px\" \/><img decoding=\"async\" class=\"lp-badge\" src=\"https:\/\/interflora.dk\/blog\/wp-content\/uploads\/2025\/09\/220422_INTERFLORA_Main_Logo_rgb_Main_Color.avif\" alt=\"Send blomster med Interflora\"><\/div><span>Den til f\u00f8dselsdagen<\/span><p>Fra 299 kr.<\/p><span class=\"obf-link lp-cta\" role=\"link\" tabindex=\"0\" data-b64=\"aHR0cHM6Ly9pbnRlcmZsb3JhLmRrL3Byb2R1a3QvZGVuLXRpbC1mb2Vkc2Vsc2RhZ2VuP3Y9MTU1MSYjMDM4O3ZhcmlhdGlvbj05M2NjOTRlNi0zZmJlLTQ1OTgtYjAwNS03YTk5NTNiNGZlNGI=\" data-target=\"_self\"><svg xmlns=\"http:\/\/www.w3.org\/2000\/svg\" width=\"16\" height=\"16\" fill=\"currentColor\" class=\"bi bi-bag\" viewBox=\"0 0 16 16\"><path d=\"M8 1a2 2 0 0 1 2 2v1h2.5A1.5 1.5 0 0 1 14 5.5v8A1.5 1.5 0 0 1 12.5 15h-9A1.5 1.5 0 0 1 2 13.5v-8A1.5 1.5 0 0 1 3.5 3H6V2a2 2 0 0 1 2-1zm1 3V3a1 1 0 0 0-2 0v1h2z\"\/><\/svg>K\u00f8b her<\/span><p class=\"rapido\">Levering i hele Danmark<\/p><\/div><div class=\"lp-produit\"><div class=\"lp-thumbnail-wrapper\"><img decoding=\"async\" width=\"300\" height=\"300\" src=\"https:\/\/interflora.dk\/vores-butikker\/wp-content\/uploads\/2025\/10\/DEN_FARVERIGE_SMALL_555-1-300x300.jpg\" class=\"attachment-medium size-medium wp-post-image\" alt=\"\" srcset=\"https:\/\/interflora.dk\/vores-butikker\/wp-content\/uploads\/2025\/10\/DEN_FARVERIGE_SMALL_555-1-300x300.jpg 300w, https:\/\/interflora.dk\/vores-butikker\/wp-content\/uploads\/2025\/10\/DEN_FARVERIGE_SMALL_555-1-1024x1024.jpg 1024w, https:\/\/interflora.dk\/vores-butikker\/wp-content\/uploads\/2025\/10\/DEN_FARVERIGE_SMALL_555-1-150x150.jpg 150w, https:\/\/interflora.dk\/vores-butikker\/wp-content\/uploads\/2025\/10\/DEN_FARVERIGE_SMALL_555-1-768x768.jpg 768w, https:\/\/interflora.dk\/vores-butikker\/wp-content\/uploads\/2025\/10\/DEN_FARVERIGE_SMALL_555-1.jpg 1200w\" sizes=\"(max-width: 300px) 100vw, 300px\" \/><img decoding=\"async\" class=\"lp-badge\" src=\"https:\/\/interflora.dk\/blog\/wp-content\/uploads\/2025\/09\/220422_INTERFLORA_Main_Logo_rgb_Main_Color.avif\" alt=\"Send blomster med Interflora\"><\/div><span>Den farverige<\/span><p>Fra 329 kr.<\/p><span class=\"obf-link lp-cta\" role=\"link\" tabindex=\"0\" data-b64=\"aHR0cHM6Ly9pbnRlcmZsb3JhLmRrL3Byb2R1a3QvZGVuLWZhcnZlcmlnZT92PTk0ODYmIzAzODt2YXJpYXRpb249Mjc1YTFlY2UtYzlhOS00OTU5LTgwMWMtOTYzNDY3NzRiMmM5\" data-target=\"_self\"><svg xmlns=\"http:\/\/www.w3.org\/2000\/svg\" width=\"16\" height=\"16\" fill=\"currentColor\" class=\"bi bi-bag\" viewBox=\"0 0 16 16\"><path d=\"M8 1a2 2 0 0 1 2 2v1h2.5A1.5 1.5 0 0 1 14 5.5v8A1.5 1.5 0 0 1 12.5 15h-9A1.5 1.5 0 0 1 2 13.5v-8A1.5 1.5 0 0 1 3.5 3H6V2a2 2 0 0 1 2-1zm1 3V3a1 1 0 0 0-2 0v1h2z\"\/><\/svg>K\u00f8b her<\/span><p class=\"rapido\">Levering i dag<\/p><\/div><div class=\"lp-produit\"><div class=\"lp-thumbnail-wrapper\"><img decoding=\"async\" width=\"300\" height=\"300\" src=\"https:\/\/interflora.dk\/vores-butikker\/wp-content\/uploads\/2025\/10\/DEN_SOEDE_OMTANKE_HAND_173-300x300.jpg\" class=\"attachment-medium size-medium wp-post-image\" alt=\"\" srcset=\"https:\/\/interflora.dk\/vores-butikker\/wp-content\/uploads\/2025\/10\/DEN_SOEDE_OMTANKE_HAND_173-300x300.jpg 300w, https:\/\/interflora.dk\/vores-butikker\/wp-content\/uploads\/2025\/10\/DEN_SOEDE_OMTANKE_HAND_173-1024x1024.jpg 1024w, https:\/\/interflora.dk\/vores-butikker\/wp-content\/uploads\/2025\/10\/DEN_SOEDE_OMTANKE_HAND_173-150x150.jpg 150w, https:\/\/interflora.dk\/vores-butikker\/wp-content\/uploads\/2025\/10\/DEN_SOEDE_OMTANKE_HAND_173-768x768.jpg 768w, https:\/\/interflora.dk\/vores-butikker\/wp-content\/uploads\/2025\/10\/DEN_SOEDE_OMTANKE_HAND_173.jpg 1200w\" sizes=\"(max-width: 300px) 100vw, 300px\" \/><img decoding=\"async\" class=\"lp-badge\" src=\"https:\/\/interflora.dk\/blog\/wp-content\/uploads\/2025\/09\/220422_INTERFLORA_Main_Logo_rgb_Main_Color.avif\" alt=\"Send blomster med Interflora\"><\/div><span>Den s\u00f8de omtanke<\/span><p>Fra 319 kr.<\/p><span class=\"obf-link lp-cta\" role=\"link\" tabindex=\"0\" data-b64=\"aHR0cHM6Ly9pbnRlcmZsb3JhLmRrL3Byb2R1a3QvZGVuLXNvZWRlLW9tdGFua2U\/dj0xOTI2JiMwMzg7dmFyaWF0aW9uPTNlY2U2YmYxLTdhOTAtNDQwMi1iYzQ5LWM4ZTcyMjQ4ODM5NA==\" data-target=\"_self\"><svg xmlns=\"http:\/\/www.w3.org\/2000\/svg\" width=\"16\" height=\"16\" fill=\"currentColor\" class=\"bi bi-bag\" viewBox=\"0 0 16 16\"><path d=\"M8 1a2 2 0 0 1 2 2v1h2.5A1.5 1.5 0 0 1 14 5.5v8A1.5 1.5 0 0 1 12.5 15h-9A1.5 1.5 0 0 1 2 13.5v-8A1.5 1.5 0 0 1 3.5 3H6V2a2 2 0 0 1 2-1zm1 3V3a1 1 0 0 0-2 0v1h2z\"\/><\/svg>K\u00f8b her<\/span><p class=\"rapido\">Bundet af din lokale florist<\/p><\/div><div class=\"lp-produit\"><div class=\"lp-thumbnail-wrapper\"><img decoding=\"async\" width=\"300\" height=\"300\" src=\"https:\/\/interflora.dk\/vores-butikker\/wp-content\/uploads\/2025\/10\/PREMIUM_ROED_LYSEROED_SMALL_7490_w-300x300.jpg\" class=\"attachment-medium size-medium wp-post-image\" alt=\"\" srcset=\"https:\/\/interflora.dk\/vores-butikker\/wp-content\/uploads\/2025\/10\/PREMIUM_ROED_LYSEROED_SMALL_7490_w-300x300.jpg 300w, https:\/\/interflora.dk\/vores-butikker\/wp-content\/uploads\/2025\/10\/PREMIUM_ROED_LYSEROED_SMALL_7490_w-1024x1024.jpg 1024w, https:\/\/interflora.dk\/vores-butikker\/wp-content\/uploads\/2025\/10\/PREMIUM_ROED_LYSEROED_SMALL_7490_w-150x150.jpg 150w, https:\/\/interflora.dk\/vores-butikker\/wp-content\/uploads\/2025\/10\/PREMIUM_ROED_LYSEROED_SMALL_7490_w-768x768.jpg 768w, https:\/\/interflora.dk\/vores-butikker\/wp-content\/uploads\/2025\/10\/PREMIUM_ROED_LYSEROED_SMALL_7490_w.jpg 1200w\" sizes=\"(max-width: 300px) 100vw, 300px\" \/><img decoding=\"async\" class=\"lp-badge\" src=\"https:\/\/interflora.dk\/blog\/wp-content\/uploads\/2025\/09\/220422_INTERFLORA_Main_Logo_rgb_Main_Color.avif\" alt=\"Send blomster med Interflora\"><\/div><span>Den bet\u00e6nksomme<\/span><p>Fra 349 kr.<\/p><span class=\"obf-link lp-cta\" role=\"link\" tabindex=\"0\" data-b64=\"aHR0cHM6Ly9pbnRlcmZsb3JhLmRrL3Byb2R1a3QvZGVuLWJldGFlbmtzb21tZT92PTk0MjEmIzAzODt2YXJpYXRpb249ZTNiOThjYjctMWQzMC00OTYxLWI5N2UtOGM5OGIwNmM2NDE1\" data-target=\"_self\"><svg xmlns=\"http:\/\/www.w3.org\/2000\/svg\" width=\"16\" height=\"16\" fill=\"currentColor\" class=\"bi bi-bag\" viewBox=\"0 0 16 16\"><path d=\"M8 1a2 2 0 0 1 2 2v1h2.5A1.5 1.5 0 0 1 14 5.5v8A1.5 1.5 0 0 1 12.5 15h-9A1.5 1.5 0 0 1 2 13.5v-8A1.5 1.5 0 0 1 3.5 3H6V2a2 2 0 0 1 2-1zm1 3V3a1 1 0 0 0-2 0v1h2z\"\/><\/svg>K\u00f8b her<\/span><p class=\"rapido\">Friske blomster<\/p><\/div><div class=\"lp-produit\"><div class=\"lp-thumbnail-wrapper\"><img decoding=\"async\" width=\"300\" height=\"300\" src=\"https:\/\/interflora.dk\/vores-butikker\/wp-content\/uploads\/2026\/04\/MAANEDENS_BUKET_APRIL_HAND_24962028129-300x300.jpeg\" class=\"attachment-medium size-medium wp-post-image\" alt=\"\" srcset=\"https:\/\/interflora.dk\/vores-butikker\/wp-content\/uploads\/2026\/04\/MAANEDENS_BUKET_APRIL_HAND_24962028129-300x300.jpeg 300w, https:\/\/interflora.dk\/vores-butikker\/wp-content\/uploads\/2026\/04\/MAANEDENS_BUKET_APRIL_HAND_24962028129-1024x1024.jpeg 1024w, https:\/\/interflora.dk\/vores-butikker\/wp-content\/uploads\/2026\/04\/MAANEDENS_BUKET_APRIL_HAND_24962028129-150x150.jpeg 150w, https:\/\/interflora.dk\/vores-butikker\/wp-content\/uploads\/2026\/04\/MAANEDENS_BUKET_APRIL_HAND_24962028129-768x768.jpeg 768w, https:\/\/interflora.dk\/vores-butikker\/wp-content\/uploads\/2026\/04\/MAANEDENS_BUKET_APRIL_HAND_24962028129.jpeg 1200w\" sizes=\"(max-width: 300px) 100vw, 300px\" \/><img decoding=\"async\" class=\"lp-badge\" src=\"https:\/\/interflora.dk\/blog\/wp-content\/uploads\/2025\/09\/220422_INTERFLORA_Main_Logo_rgb_Main_Color.avif\" alt=\"Send blomster med Interflora\"><\/div><span>M\u00e5nedens buket i april<\/span><p>Fra 319 kr.<\/p><span class=\"obf-link lp-cta\" role=\"link\" tabindex=\"0\" data-b64=\"aHR0cHM6Ly9pbnRlcmZsb3JhLmRrL3Byb2R1a3QvbWFhbmVkZW5zLWJ1a2V0LWktYXByaWw\/dj0xMzg4MSYjMDM4O3ZhcmlhdGlvbj03Mzk3NjU2Yy1hNmNkLTRmYjctODc3Mi01ZjIxNjdlNTI3MjM=\" data-target=\"_self\"><svg xmlns=\"http:\/\/www.w3.org\/2000\/svg\" width=\"16\" height=\"16\" fill=\"currentColor\" class=\"bi bi-bag\" viewBox=\"0 0 16 16\"><path d=\"M8 1a2 2 0 0 1 2 2v1h2.5A1.5 1.5 0 0 1 14 5.5v8A1.5 1.5 0 0 1 12.5 15h-9A1.5 1.5 0 0 1 2 13.5v-8A1.5 1.5 0 0 1 3.5 3H6V2a2 2 0 0 1 2-1zm1 3V3a1 1 0 0 0-2 0v1h2z\"\/><\/svg>K\u00f8b her<\/span><p class=\"rapido\">Din personlige hilsen<\/p><\/div><div class=\"lp-produit\"><div class=\"lp-thumbnail-wrapper\"><img decoding=\"async\" width=\"300\" height=\"300\" src=\"https:\/\/interflora.dk\/vores-butikker\/wp-content\/uploads\/2025\/10\/DEN_FORTRYLLENDE_SMALL-1-300x300.jpg\" class=\"attachment-medium size-medium wp-post-image\" alt=\"\" srcset=\"https:\/\/interflora.dk\/vores-butikker\/wp-content\/uploads\/2025\/10\/DEN_FORTRYLLENDE_SMALL-1-300x300.jpg 300w, https:\/\/interflora.dk\/vores-butikker\/wp-content\/uploads\/2025\/10\/DEN_FORTRYLLENDE_SMALL-1-1024x1024.jpg 1024w, https:\/\/interflora.dk\/vores-butikker\/wp-content\/uploads\/2025\/10\/DEN_FORTRYLLENDE_SMALL-1-150x150.jpg 150w, https:\/\/interflora.dk\/vores-butikker\/wp-content\/uploads\/2025\/10\/DEN_FORTRYLLENDE_SMALL-1-768x768.jpg 768w, https:\/\/interflora.dk\/vores-butikker\/wp-content\/uploads\/2025\/10\/DEN_FORTRYLLENDE_SMALL-1.jpg 1200w\" sizes=\"(max-width: 300px) 100vw, 300px\" \/><img decoding=\"async\" class=\"lp-badge\" src=\"https:\/\/interflora.dk\/blog\/wp-content\/uploads\/2025\/09\/220422_INTERFLORA_Main_Logo_rgb_Main_Color.avif\" alt=\"Send blomster med Interflora\"><\/div><span>Den fortryllende<\/span><p>Fra 259 kr.<\/p><span class=\"obf-link lp-cta\" role=\"link\" tabindex=\"0\" data-b64=\"aHR0cHM6Ly9pbnRlcmZsb3JhLmRrL3Byb2R1a3QvZGVuLWZvcnRyeWxsZW5kZT92PTkzMDYmIzAzODt2YXJpYXRpb249ZGNiMjRlM2QtMzBlZC00OTAxLWI0YWUtYTYxOTlkMzE2MWU2\" data-target=\"_self\"><svg xmlns=\"http:\/\/www.w3.org\/2000\/svg\" width=\"16\" height=\"16\" fill=\"currentColor\" class=\"bi bi-bag\" viewBox=\"0 0 16 16\"><path d=\"M8 1a2 2 0 0 1 2 2v1h2.5A1.5 1.5 0 0 1 14 5.5v8A1.5 1.5 0 0 1 12.5 15h-9A1.5 1.5 0 0 1 2 13.5v-8A1.5 1.5 0 0 1 3.5 3H6V2a2 2 0 0 1 2-1zm1 3V3a1 1 0 0 0-2 0v1h2z\"\/><\/svg>K\u00f8b her<\/span><p class=\"rapido\">Levering i dag<\/p><\/div><div class=\"lp-produit\"><div class=\"lp-thumbnail-wrapper\"><img decoding=\"async\" width=\"300\" height=\"300\" src=\"https:\/\/interflora.dk\/vores-butikker\/wp-content\/uploads\/2025\/10\/FINE_LILJEHILSEN_VERSION_01_MEDIUM_w2028229-1-300x300.jpg\" class=\"attachment-medium size-medium wp-post-image\" alt=\"\" srcset=\"https:\/\/interflora.dk\/vores-butikker\/wp-content\/uploads\/2025\/10\/FINE_LILJEHILSEN_VERSION_01_MEDIUM_w2028229-1-300x300.jpg 300w, https:\/\/interflora.dk\/vores-butikker\/wp-content\/uploads\/2025\/10\/FINE_LILJEHILSEN_VERSION_01_MEDIUM_w2028229-1-1024x1024.jpg 1024w, https:\/\/interflora.dk\/vores-butikker\/wp-content\/uploads\/2025\/10\/FINE_LILJEHILSEN_VERSION_01_MEDIUM_w2028229-1-150x150.jpg 150w, https:\/\/interflora.dk\/vores-butikker\/wp-content\/uploads\/2025\/10\/FINE_LILJEHILSEN_VERSION_01_MEDIUM_w2028229-1-768x768.jpg 768w, https:\/\/interflora.dk\/vores-butikker\/wp-content\/uploads\/2025\/10\/FINE_LILJEHILSEN_VERSION_01_MEDIUM_w2028229-1.jpg 1200w\" sizes=\"(max-width: 300px) 100vw, 300px\" \/><img decoding=\"async\" class=\"lp-badge\" src=\"https:\/\/interflora.dk\/blog\/wp-content\/uploads\/2025\/09\/220422_INTERFLORA_Main_Logo_rgb_Main_Color.avif\" alt=\"Send blomster med Interflora\"><\/div><span>Den fine liljehilsen<\/span><p>Fra 219 kr.<\/p><span class=\"obf-link lp-cta\" role=\"link\" tabindex=\"0\" data-b64=\"aHR0cHM6Ly9pbnRlcmZsb3JhLmRrL3Byb2R1a3QvZGVuLWZpbmUtbGlsamVoaWxzZW4\/dj0xNzU5NSYjMDM4O3ZhcmlhdGlvbj03YTZiNzY5Mi05NThjLTQ5MjYtYWIyNy0yZjRjYWEwMWJkZGI=\" data-target=\"_self\"><svg xmlns=\"http:\/\/www.w3.org\/2000\/svg\" width=\"16\" height=\"16\" fill=\"currentColor\" class=\"bi bi-bag\" viewBox=\"0 0 16 16\"><path d=\"M8 1a2 2 0 0 1 2 2v1h2.5A1.5 1.5 0 0 1 14 5.5v8A1.5 1.5 0 0 1 12.5 15h-9A1.5 1.5 0 0 1 2 13.5v-8A1.5 1.5 0 0 1 3.5 3H6V2a2 2 0 0 1 2-1zm1 3V3a1 1 0 0 0-2 0v1h2z\"\/><\/svg>K\u00f8b her<\/span><p class=\"rapido\">H\u00e5ndbundet af florister<\/p><\/div><div class=\"lp-produit\"><div class=\"lp-thumbnail-wrapper\"><img decoding=\"async\" width=\"300\" height=\"300\" src=\"https:\/\/interflora.dk\/vores-butikker\/wp-content\/uploads\/2026\/03\/billede_2-300x300.jpeg\" class=\"attachment-medium size-medium wp-post-image\" alt=\"\" srcset=\"https:\/\/interflora.dk\/vores-butikker\/wp-content\/uploads\/2026\/03\/billede_2-300x300.jpeg 300w, https:\/\/interflora.dk\/vores-butikker\/wp-content\/uploads\/2026\/03\/billede_2-1024x1024.jpeg 1024w, https:\/\/interflora.dk\/vores-butikker\/wp-content\/uploads\/2026\/03\/billede_2-150x150.jpeg 150w, https:\/\/interflora.dk\/vores-butikker\/wp-content\/uploads\/2026\/03\/billede_2-768x768.jpeg 768w, https:\/\/interflora.dk\/vores-butikker\/wp-content\/uploads\/2026\/03\/billede_2.jpeg 1200w\" sizes=\"(max-width: 300px) 100vw, 300px\" \/><img decoding=\"async\" class=\"lp-badge\" src=\"https:\/\/interflora.dk\/blog\/wp-content\/uploads\/2025\/09\/220422_INTERFLORA_Main_Logo_rgb_Main_Color.avif\" alt=\"Send blomster med Interflora\"><\/div><span>Solstr\u00e5le &#8211; leveres i gaveboks med DAO<\/span><p>Fra 179 kr.<\/p><span class=\"obf-link lp-cta\" role=\"link\" tabindex=\"0\" data-b64=\"aHR0cHM6Ly9pbnRlcmZsb3JhLmRrL3Byb2R1a3Qvc29sc3RyYWFsZT92PTE3OTQ0JiMwMzg7dmFyaWF0aW9uPWM2OTJiMTk0LWViYzUtNDEwMC1iNWQ4LWIyYThmN2ViMWU4OA==\" data-target=\"_self\"><svg xmlns=\"http:\/\/www.w3.org\/2000\/svg\" width=\"16\" height=\"16\" fill=\"currentColor\" class=\"bi bi-bag\" viewBox=\"0 0 16 16\"><path d=\"M8 1a2 2 0 0 1 2 2v1h2.5A1.5 1.5 0 0 1 14 5.5v8A1.5 1.5 0 0 1 12.5 15h-9A1.5 1.5 0 0 1 2 13.5v-8A1.5 1.5 0 0 1 3.5 3H6V2a2 2 0 0 1 2-1zm1 3V3a1 1 0 0 0-2 0v1h2z\"\/><\/svg>K\u00f8b her<\/span><p class=\"rapido\">Din personlige hilsen<\/p><\/div><\/div>\n<\/div>\n\t\t\t\t<\/div>\n\t\t\t\t\t\t\t\t<div id=\"tab-11992\" class=\"sp-tab__tab-pane \" role=\"tabpanel\">\n\t\t\t\t\t<div class=\"sp-tab-content animated fadeIn\"><div class=\"lp-produits-grid\"><div class=\"lp-produit\"><div class=\"lp-thumbnail-wrapper\"><img decoding=\"async\" width=\"300\" height=\"300\" src=\"https:\/\/interflora.dk\/vores-butikker\/wp-content\/uploads\/2026\/04\/HORTENSIA_V001-300x300.jpg\" class=\"attachment-medium size-medium wp-post-image\" alt=\"\" srcset=\"https:\/\/interflora.dk\/vores-butikker\/wp-content\/uploads\/2026\/04\/HORTENSIA_V001-300x300.jpg 300w, https:\/\/interflora.dk\/vores-butikker\/wp-content\/uploads\/2026\/04\/HORTENSIA_V001-1024x1024.jpg 1024w, https:\/\/interflora.dk\/vores-butikker\/wp-content\/uploads\/2026\/04\/HORTENSIA_V001-150x150.jpg 150w, https:\/\/interflora.dk\/vores-butikker\/wp-content\/uploads\/2026\/04\/HORTENSIA_V001-768x768.jpg 768w, https:\/\/interflora.dk\/vores-butikker\/wp-content\/uploads\/2026\/04\/HORTENSIA_V001.jpg 1200w\" sizes=\"(max-width: 300px) 100vw, 300px\" \/><img decoding=\"async\" class=\"lp-badge\" src=\"https:\/\/interflora.dk\/blog\/wp-content\/uploads\/2025\/09\/220422_INTERFLORA_Main_Logo_rgb_Main_Color.avif\" alt=\"Send blomster med Interflora\"><\/div><span>Hortensia (ekskl. potte)<\/span><p>Fra 249 kr.<\/p><span class=\"obf-link lp-cta\" role=\"link\" tabindex=\"0\" data-b64=\"aHR0cHM6Ly9pbnRlcmZsb3JhLmRrL3Byb2R1a3QvaG9ydGVuc2lhLWVrc2tsLXBvdHRl\" data-target=\"_self\"><svg xmlns=\"http:\/\/www.w3.org\/2000\/svg\" width=\"16\" height=\"16\" fill=\"currentColor\" class=\"bi bi-bag\" viewBox=\"0 0 16 16\"><path d=\"M8 1a2 2 0 0 1 2 2v1h2.5A1.5 1.5 0 0 1 14 5.5v8A1.5 1.5 0 0 1 12.5 15h-9A1.5 1.5 0 0 1 2 13.5v-8A1.5 1.5 0 0 1 3.5 3H6V2a2 2 0 0 1 2-1zm1 3V3a1 1 0 0 0-2 0v1h2z\"\/><\/svg>K\u00f8b her<\/span><p class=\"rapido\">Kundernes favorit<\/p><\/div><div class=\"lp-produit\"><div class=\"lp-thumbnail-wrapper\"><img decoding=\"async\" width=\"300\" height=\"300\" src=\"https:\/\/interflora.dk\/vores-butikker\/wp-content\/uploads\/2025\/10\/FINE_LILJEHILSEN_VERSION_01_MEDIUM_w2028229-1-300x300.jpg\" class=\"attachment-medium size-medium wp-post-image\" alt=\"\" srcset=\"https:\/\/interflora.dk\/vores-butikker\/wp-content\/uploads\/2025\/10\/FINE_LILJEHILSEN_VERSION_01_MEDIUM_w2028229-1-300x300.jpg 300w, https:\/\/interflora.dk\/vores-butikker\/wp-content\/uploads\/2025\/10\/FINE_LILJEHILSEN_VERSION_01_MEDIUM_w2028229-1-1024x1024.jpg 1024w, https:\/\/interflora.dk\/vores-butikker\/wp-content\/uploads\/2025\/10\/FINE_LILJEHILSEN_VERSION_01_MEDIUM_w2028229-1-150x150.jpg 150w, https:\/\/interflora.dk\/vores-butikker\/wp-content\/uploads\/2025\/10\/FINE_LILJEHILSEN_VERSION_01_MEDIUM_w2028229-1-768x768.jpg 768w, https:\/\/interflora.dk\/vores-butikker\/wp-content\/uploads\/2025\/10\/FINE_LILJEHILSEN_VERSION_01_MEDIUM_w2028229-1.jpg 1200w\" sizes=\"(max-width: 300px) 100vw, 300px\" \/><img decoding=\"async\" class=\"lp-badge\" src=\"https:\/\/interflora.dk\/blog\/wp-content\/uploads\/2025\/09\/220422_INTERFLORA_Main_Logo_rgb_Main_Color.avif\" alt=\"Send blomster med Interflora\"><\/div><span>Den fine liljehilsen<\/span><p>Fra 219 kr.<\/p><span class=\"obf-link lp-cta\" role=\"link\" tabindex=\"0\" data-b64=\"aHR0cHM6Ly9pbnRlcmZsb3JhLmRrL3Byb2R1a3QvZGVuLWZpbmUtbGlsamVoaWxzZW4\/dj0xNzU5NSYjMDM4O3ZhcmlhdGlvbj03YTZiNzY5Mi05NThjLTQ5MjYtYWIyNy0yZjRjYWEwMWJkZGI=\" data-target=\"_self\"><svg xmlns=\"http:\/\/www.w3.org\/2000\/svg\" width=\"16\" height=\"16\" fill=\"currentColor\" class=\"bi bi-bag\" viewBox=\"0 0 16 16\"><path d=\"M8 1a2 2 0 0 1 2 2v1h2.5A1.5 1.5 0 0 1 14 5.5v8A1.5 1.5 0 0 1 12.5 15h-9A1.5 1.5 0 0 1 2 13.5v-8A1.5 1.5 0 0 1 3.5 3H6V2a2 2 0 0 1 2-1zm1 3V3a1 1 0 0 0-2 0v1h2z\"\/><\/svg>K\u00f8b her<\/span><p class=\"rapido\">H\u00e5ndbundet af florister<\/p><\/div><div class=\"lp-produit\"><div class=\"lp-thumbnail-wrapper\"><img decoding=\"async\" width=\"300\" height=\"300\" src=\"https:\/\/interflora.dk\/vores-butikker\/wp-content\/uploads\/2026\/04\/DEN_NATURLIGE_TIL_MOR_MEDIUM_2548_w-300x300.jpg\" class=\"attachment-medium size-medium wp-post-image\" alt=\"\" srcset=\"https:\/\/interflora.dk\/vores-butikker\/wp-content\/uploads\/2026\/04\/DEN_NATURLIGE_TIL_MOR_MEDIUM_2548_w-300x300.jpg 300w, https:\/\/interflora.dk\/vores-butikker\/wp-content\/uploads\/2026\/04\/DEN_NATURLIGE_TIL_MOR_MEDIUM_2548_w-1024x1024.jpg 1024w, https:\/\/interflora.dk\/vores-butikker\/wp-content\/uploads\/2026\/04\/DEN_NATURLIGE_TIL_MOR_MEDIUM_2548_w-150x150.jpg 150w, https:\/\/interflora.dk\/vores-butikker\/wp-content\/uploads\/2026\/04\/DEN_NATURLIGE_TIL_MOR_MEDIUM_2548_w-768x768.jpg 768w, https:\/\/interflora.dk\/vores-butikker\/wp-content\/uploads\/2026\/04\/DEN_NATURLIGE_TIL_MOR_MEDIUM_2548_w.jpg 1200w\" sizes=\"(max-width: 300px) 100vw, 300px\" \/><img decoding=\"async\" class=\"lp-badge\" src=\"https:\/\/interflora.dk\/blog\/wp-content\/uploads\/2025\/09\/220422_INTERFLORA_Main_Logo_rgb_Main_Color.avif\" alt=\"Send blomster med Interflora\"><\/div><span>Den fortryllende til Mor<\/span><p>Fra 299 kr.<\/p><span class=\"obf-link lp-cta\" role=\"link\" tabindex=\"0\" data-b64=\"aHR0cHM6Ly9pbnRlcmZsb3JhLmRrL3Byb2R1a3QvZGVuLWZvcnRyeWxsZW5kZS10aWwtbW9yP3Y9MTM4OTEmIzAzODt2YXJpYXRpb249ODZmMWZkNGItOGM1ZS00MjNjLWE0M2QtZWVmZmM0MjI2ODg5\" data-target=\"_self\"><svg xmlns=\"http:\/\/www.w3.org\/2000\/svg\" width=\"16\" height=\"16\" fill=\"currentColor\" class=\"bi bi-bag\" viewBox=\"0 0 16 16\"><path d=\"M8 1a2 2 0 0 1 2 2v1h2.5A1.5 1.5 0 0 1 14 5.5v8A1.5 1.5 0 0 1 12.5 15h-9A1.5 1.5 0 0 1 2 13.5v-8A1.5 1.5 0 0 1 3.5 3H6V2a2 2 0 0 1 2-1zm1 3V3a1 1 0 0 0-2 0v1h2z\"\/><\/svg>K\u00f8b her<\/span><p class=\"rapido\">Din personlige hilsen<\/p><\/div><div class=\"lp-produit\"><div class=\"lp-thumbnail-wrapper\"><img decoding=\"async\" width=\"300\" height=\"300\" src=\"https:\/\/interflora.dk\/vores-butikker\/wp-content\/uploads\/2026\/04\/DEN_TIL_VERDENS_BEDSTE_MOR_HAND_01_w-300x300.jpg\" class=\"attachment-medium size-medium wp-post-image\" alt=\"\" srcset=\"https:\/\/interflora.dk\/vores-butikker\/wp-content\/uploads\/2026\/04\/DEN_TIL_VERDENS_BEDSTE_MOR_HAND_01_w-300x300.jpg 300w, https:\/\/interflora.dk\/vores-butikker\/wp-content\/uploads\/2026\/04\/DEN_TIL_VERDENS_BEDSTE_MOR_HAND_01_w-1024x1024.jpg 1024w, https:\/\/interflora.dk\/vores-butikker\/wp-content\/uploads\/2026\/04\/DEN_TIL_VERDENS_BEDSTE_MOR_HAND_01_w-150x150.jpg 150w, https:\/\/interflora.dk\/vores-butikker\/wp-content\/uploads\/2026\/04\/DEN_TIL_VERDENS_BEDSTE_MOR_HAND_01_w-768x768.jpg 768w, https:\/\/interflora.dk\/vores-butikker\/wp-content\/uploads\/2026\/04\/DEN_TIL_VERDENS_BEDSTE_MOR_HAND_01_w.jpg 1200w\" sizes=\"(max-width: 300px) 100vw, 300px\" \/><img decoding=\"async\" class=\"lp-badge\" src=\"https:\/\/interflora.dk\/blog\/wp-content\/uploads\/2025\/09\/220422_INTERFLORA_Main_Logo_rgb_Main_Color.avif\" alt=\"Send blomster med Interflora\"><\/div><span>Den til verdens bedste mor<\/span><p>Fra 329 kr.<\/p><span class=\"obf-link lp-cta\" role=\"link\" tabindex=\"0\" data-b64=\"aHR0cHM6Ly9pbnRlcmZsb3JhLmRrL3Byb2R1a3QvZGVuLXRpbC12ZXJkZW5zLWJlZHN0ZS1tb3I\/dj02OTU2JiMwMzg7dmFyaWF0aW9uPTBjYzg0N2IyLTQzMzYtNDNhYS1hYjhhLWYzZmJhMTQ2YjRiMw==\" data-target=\"_self\"><svg xmlns=\"http:\/\/www.w3.org\/2000\/svg\" width=\"16\" height=\"16\" fill=\"currentColor\" class=\"bi bi-bag\" viewBox=\"0 0 16 16\"><path d=\"M8 1a2 2 0 0 1 2 2v1h2.5A1.5 1.5 0 0 1 14 5.5v8A1.5 1.5 0 0 1 12.5 15h-9A1.5 1.5 0 0 1 2 13.5v-8A1.5 1.5 0 0 1 3.5 3H6V2a2 2 0 0 1 2-1zm1 3V3a1 1 0 0 0-2 0v1h2z\"\/><\/svg>K\u00f8b her<\/span><p class=\"rapido\">Din personlige hilsen<\/p><\/div><div class=\"lp-produit\"><div class=\"lp-thumbnail-wrapper\"><img decoding=\"async\" width=\"300\" height=\"300\" src=\"https:\/\/interflora.dk\/vores-butikker\/wp-content\/uploads\/2026\/04\/BILLIG_BUKET_VERSION_02_MEDIUM_7480_w-300x300.jpg\" class=\"attachment-medium size-medium wp-post-image\" alt=\"\" srcset=\"https:\/\/interflora.dk\/vores-butikker\/wp-content\/uploads\/2026\/04\/BILLIG_BUKET_VERSION_02_MEDIUM_7480_w-300x300.jpg 300w, https:\/\/interflora.dk\/vores-butikker\/wp-content\/uploads\/2026\/04\/BILLIG_BUKET_VERSION_02_MEDIUM_7480_w-1024x1024.jpg 1024w, https:\/\/interflora.dk\/vores-butikker\/wp-content\/uploads\/2026\/04\/BILLIG_BUKET_VERSION_02_MEDIUM_7480_w-150x150.jpg 150w, https:\/\/interflora.dk\/vores-butikker\/wp-content\/uploads\/2026\/04\/BILLIG_BUKET_VERSION_02_MEDIUM_7480_w-768x768.jpg 768w, https:\/\/interflora.dk\/vores-butikker\/wp-content\/uploads\/2026\/04\/BILLIG_BUKET_VERSION_02_MEDIUM_7480_w.jpg 1200w\" sizes=\"(max-width: 300px) 100vw, 300px\" \/><img decoding=\"async\" class=\"lp-badge\" src=\"https:\/\/interflora.dk\/blog\/wp-content\/uploads\/2025\/09\/220422_INTERFLORA_Main_Logo_rgb_Main_Color.avif\" alt=\"Send blomster med Interflora\"><\/div><span>Den fine til mor<\/span><p>Fra 199 kr.<\/p><span class=\"obf-link lp-cta\" role=\"link\" tabindex=\"0\" data-b64=\"aHR0cHM6Ly9pbnRlcmZsb3JhLmRrL3Byb2R1a3QvZGVuLWZpbmUtdGlsLW1vcj92PTE4MDIyJiMwMzg7dmFyaWF0aW9uPTVlNmY2M2Y2LTM1NTQtNDY2YS1hNTYxLTVkNmUxMzU0YmQyYw==\" data-target=\"_self\"><svg xmlns=\"http:\/\/www.w3.org\/2000\/svg\" width=\"16\" height=\"16\" fill=\"currentColor\" class=\"bi bi-bag\" viewBox=\"0 0 16 16\"><path d=\"M8 1a2 2 0 0 1 2 2v1h2.5A1.5 1.5 0 0 1 14 5.5v8A1.5 1.5 0 0 1 12.5 15h-9A1.5 1.5 0 0 1 2 13.5v-8A1.5 1.5 0 0 1 3.5 3H6V2a2 2 0 0 1 2-1zm1 3V3a1 1 0 0 0-2 0v1h2z\"\/><\/svg>K\u00f8b her<\/span><p class=\"rapido\">Bundet af din lokale florist<\/p><\/div><div class=\"lp-produit\"><div class=\"lp-thumbnail-wrapper\"><img decoding=\"async\" width=\"300\" height=\"300\" src=\"https:\/\/interflora.dk\/vores-butikker\/wp-content\/uploads\/2026\/04\/DEN_SOEDESTE_TIL_MOR_HAND-300x300.jpg\" class=\"attachment-medium size-medium wp-post-image\" alt=\"\" srcset=\"https:\/\/interflora.dk\/vores-butikker\/wp-content\/uploads\/2026\/04\/DEN_SOEDESTE_TIL_MOR_HAND-300x300.jpg 300w, https:\/\/interflora.dk\/vores-butikker\/wp-content\/uploads\/2026\/04\/DEN_SOEDESTE_TIL_MOR_HAND-1024x1024.jpg 1024w, https:\/\/interflora.dk\/vores-butikker\/wp-content\/uploads\/2026\/04\/DEN_SOEDESTE_TIL_MOR_HAND-150x150.jpg 150w, https:\/\/interflora.dk\/vores-butikker\/wp-content\/uploads\/2026\/04\/DEN_SOEDESTE_TIL_MOR_HAND-768x768.jpg 768w, https:\/\/interflora.dk\/vores-butikker\/wp-content\/uploads\/2026\/04\/DEN_SOEDESTE_TIL_MOR_HAND.jpg 1200w\" sizes=\"(max-width: 300px) 100vw, 300px\" \/><img decoding=\"async\" class=\"lp-badge\" src=\"https:\/\/interflora.dk\/blog\/wp-content\/uploads\/2025\/09\/220422_INTERFLORA_Main_Logo_rgb_Main_Color.avif\" alt=\"Send blomster med Interflora\"><\/div><span>Den s\u00f8deste til mor<\/span><p>Fra 289 kr.<\/p><span class=\"obf-link lp-cta\" role=\"link\" tabindex=\"0\" data-b64=\"aHR0cHM6Ly9pbnRlcmZsb3JhLmRrL3Byb2R1a3QvZGVuLXNvZWRlc3RlLXRpbC1tb3I\/dj0xNzM0NyYjMDM4O3ZhcmlhdGlvbj0wNmU4ZGVkMi0zYjAxLTRiNDMtYWYyOC0yODhkY2JkNWIxY2Y=\" data-target=\"_self\"><svg xmlns=\"http:\/\/www.w3.org\/2000\/svg\" width=\"16\" height=\"16\" fill=\"currentColor\" class=\"bi bi-bag\" viewBox=\"0 0 16 16\"><path d=\"M8 1a2 2 0 0 1 2 2v1h2.5A1.5 1.5 0 0 1 14 5.5v8A1.5 1.5 0 0 1 12.5 15h-9A1.5 1.5 0 0 1 2 13.5v-8A1.5 1.5 0 0 1 3.5 3H6V2a2 2 0 0 1 2-1zm1 3V3a1 1 0 0 0-2 0v1h2z\"\/><\/svg>K\u00f8b her<\/span><p class=\"rapido\">Bundet af din lokale florist<\/p><\/div><div class=\"lp-produit\"><div class=\"lp-thumbnail-wrapper\"><img decoding=\"async\" width=\"300\" height=\"300\" src=\"https:\/\/interflora.dk\/vores-butikker\/wp-content\/uploads\/2025\/10\/DEN_VENLIGE_VINTERVERSION_HAND_v_0-1-300x300.jpg\" class=\"attachment-medium size-medium wp-post-image\" alt=\"\" srcset=\"https:\/\/interflora.dk\/vores-butikker\/wp-content\/uploads\/2025\/10\/DEN_VENLIGE_VINTERVERSION_HAND_v_0-1-300x300.jpg 300w, https:\/\/interflora.dk\/vores-butikker\/wp-content\/uploads\/2025\/10\/DEN_VENLIGE_VINTERVERSION_HAND_v_0-1-1024x1024.jpg 1024w, https:\/\/interflora.dk\/vores-butikker\/wp-content\/uploads\/2025\/10\/DEN_VENLIGE_VINTERVERSION_HAND_v_0-1-150x150.jpg 150w, https:\/\/interflora.dk\/vores-butikker\/wp-content\/uploads\/2025\/10\/DEN_VENLIGE_VINTERVERSION_HAND_v_0-1-768x768.jpg 768w, https:\/\/interflora.dk\/vores-butikker\/wp-content\/uploads\/2025\/10\/DEN_VENLIGE_VINTERVERSION_HAND_v_0-1.jpg 1200w\" sizes=\"(max-width: 300px) 100vw, 300px\" \/><img decoding=\"async\" class=\"lp-badge\" src=\"https:\/\/interflora.dk\/blog\/wp-content\/uploads\/2025\/09\/220422_INTERFLORA_Main_Logo_rgb_Main_Color.avif\" alt=\"Send blomster med Interflora\"><\/div><span>Den venlige<\/span><p>Fra 229 kr.<\/p><span class=\"obf-link lp-cta\" role=\"link\" tabindex=\"0\" data-b64=\"aHR0cHM6Ly9pbnRlcmZsb3JhLmRrL3Byb2R1a3QvZGVuLXZlbmxpZ2U\/dj0xNTgwMiYjMDM4O3ZhcmlhdGlvbj1jMDRiZDM3OC1kZGYyLTRjMmItYmM5My1hYWM2ZWJlZWUwNDI=\" data-target=\"_self\"><svg xmlns=\"http:\/\/www.w3.org\/2000\/svg\" width=\"16\" height=\"16\" fill=\"currentColor\" class=\"bi bi-bag\" viewBox=\"0 0 16 16\"><path d=\"M8 1a2 2 0 0 1 2 2v1h2.5A1.5 1.5 0 0 1 14 5.5v8A1.5 1.5 0 0 1 12.5 15h-9A1.5 1.5 0 0 1 2 13.5v-8A1.5 1.5 0 0 1 3.5 3H6V2a2 2 0 0 1 2-1zm1 3V3a1 1 0 0 0-2 0v1h2z\"\/><\/svg>K\u00f8b her<\/span><p class=\"rapido\">Levering i dag<\/p><\/div><div class=\"lp-produit\"><div class=\"lp-thumbnail-wrapper\"><img decoding=\"async\" width=\"300\" height=\"300\" src=\"https:\/\/interflora.dk\/vores-butikker\/wp-content\/uploads\/2026\/04\/PREMIUM_ROED_LYSEROED_HAND_7490_w2028229-300x300.jpg\" class=\"attachment-medium size-medium wp-post-image\" alt=\"\" srcset=\"https:\/\/interflora.dk\/vores-butikker\/wp-content\/uploads\/2026\/04\/PREMIUM_ROED_LYSEROED_HAND_7490_w2028229-300x300.jpg 300w, https:\/\/interflora.dk\/vores-butikker\/wp-content\/uploads\/2026\/04\/PREMIUM_ROED_LYSEROED_HAND_7490_w2028229-1024x1024.jpg 1024w, https:\/\/interflora.dk\/vores-butikker\/wp-content\/uploads\/2026\/04\/PREMIUM_ROED_LYSEROED_HAND_7490_w2028229-150x150.jpg 150w, https:\/\/interflora.dk\/vores-butikker\/wp-content\/uploads\/2026\/04\/PREMIUM_ROED_LYSEROED_HAND_7490_w2028229-768x768.jpg 768w, https:\/\/interflora.dk\/vores-butikker\/wp-content\/uploads\/2026\/04\/PREMIUM_ROED_LYSEROED_HAND_7490_w2028229.jpg 1200w\" sizes=\"(max-width: 300px) 100vw, 300px\" \/><img decoding=\"async\" class=\"lp-badge\" src=\"https:\/\/interflora.dk\/blog\/wp-content\/uploads\/2025\/09\/220422_INTERFLORA_Main_Logo_rgb_Main_Color.avif\" alt=\"Send blomster med Interflora\"><\/div><span>Den bet\u00e6nksomme til mor<\/span><p>Fra 449 kr.<\/p><span class=\"obf-link lp-cta\" role=\"link\" tabindex=\"0\" data-b64=\"aHR0cHM6Ly9pbnRlcmZsb3JhLmRrL3Byb2R1a3QvZGVuLWJldGFlbmtzb21tZS10aWwtbW9yP3Y9MTY5MTImIzAzODt2YXJpYXRpb249N2M1N2UyZTAtMDlhOC00ODAwLWFkNjEtMGVjYTNmYjJhNGU2\" data-target=\"_self\"><svg xmlns=\"http:\/\/www.w3.org\/2000\/svg\" width=\"16\" height=\"16\" fill=\"currentColor\" class=\"bi bi-bag\" viewBox=\"0 0 16 16\"><path d=\"M8 1a2 2 0 0 1 2 2v1h2.5A1.5 1.5 0 0 1 14 5.5v8A1.5 1.5 0 0 1 12.5 15h-9A1.5 1.5 0 0 1 2 13.5v-8A1.5 1.5 0 0 1 3.5 3H6V2a2 2 0 0 1 2-1zm1 3V3a1 1 0 0 0-2 0v1h2z\"\/><\/svg>K\u00f8b her<\/span><p class=\"rapido\">H\u00e5ndbundet af florister<\/p><\/div><\/div>\n<\/div>\n\t\t\t\t<\/div>\n\t\t\t\t\t\t\t\t<div id=\"tab-11993\" class=\"sp-tab__tab-pane \" role=\"tabpanel\">\n\t\t\t\t\t<div class=\"sp-tab-content animated fadeIn\"><div class=\"lp-produits-grid\"><div class=\"lp-produit\"><div class=\"lp-thumbnail-wrapper\"><img decoding=\"async\" width=\"300\" height=\"300\" src=\"https:\/\/interflora.dk\/vores-butikker\/wp-content\/uploads\/2025\/10\/PREMIUM_ROED_LYSEROED_SMALL_7490_w-300x300.jpg\" class=\"attachment-medium size-medium wp-post-image\" alt=\"\" srcset=\"https:\/\/interflora.dk\/vores-butikker\/wp-content\/uploads\/2025\/10\/PREMIUM_ROED_LYSEROED_SMALL_7490_w-300x300.jpg 300w, https:\/\/interflora.dk\/vores-butikker\/wp-content\/uploads\/2025\/10\/PREMIUM_ROED_LYSEROED_SMALL_7490_w-1024x1024.jpg 1024w, https:\/\/interflora.dk\/vores-butikker\/wp-content\/uploads\/2025\/10\/PREMIUM_ROED_LYSEROED_SMALL_7490_w-150x150.jpg 150w, https:\/\/interflora.dk\/vores-butikker\/wp-content\/uploads\/2025\/10\/PREMIUM_ROED_LYSEROED_SMALL_7490_w-768x768.jpg 768w, https:\/\/interflora.dk\/vores-butikker\/wp-content\/uploads\/2025\/10\/PREMIUM_ROED_LYSEROED_SMALL_7490_w.jpg 1200w\" sizes=\"(max-width: 300px) 100vw, 300px\" \/><img decoding=\"async\" class=\"lp-badge\" src=\"https:\/\/interflora.dk\/blog\/wp-content\/uploads\/2025\/09\/220422_INTERFLORA_Main_Logo_rgb_Main_Color.avif\" alt=\"Send blomster med Interflora\"><\/div><span>Den bet\u00e6nksomme<\/span><p>Fra 349 kr.<\/p><span class=\"obf-link lp-cta\" role=\"link\" tabindex=\"0\" data-b64=\"aHR0cHM6Ly9pbnRlcmZsb3JhLmRrL3Byb2R1a3QvZGVuLWJldGFlbmtzb21tZT92PTk0MjEmIzAzODt2YXJpYXRpb249ZTNiOThjYjctMWQzMC00OTYxLWI5N2UtOGM5OGIwNmM2NDE1\" data-target=\"_self\"><svg xmlns=\"http:\/\/www.w3.org\/2000\/svg\" width=\"16\" height=\"16\" fill=\"currentColor\" class=\"bi bi-bag\" viewBox=\"0 0 16 16\"><path d=\"M8 1a2 2 0 0 1 2 2v1h2.5A1.5 1.5 0 0 1 14 5.5v8A1.5 1.5 0 0 1 12.5 15h-9A1.5 1.5 0 0 1 2 13.5v-8A1.5 1.5 0 0 1 3.5 3H6V2a2 2 0 0 1 2-1zm1 3V3a1 1 0 0 0-2 0v1h2z\"\/><\/svg>K\u00f8b her<\/span><p class=\"rapido\">Friske blomster<\/p><\/div><div class=\"lp-produit\"><div class=\"lp-thumbnail-wrapper\"><img decoding=\"async\" width=\"300\" height=\"300\" src=\"https:\/\/interflora.dk\/vores-butikker\/wp-content\/uploads\/2025\/10\/GAVEKURV_MED_BUKET_FLORISTENS_VALG_MED_ALKOHOL_802322028129-1-300x300.jpg\" class=\"attachment-medium size-medium wp-post-image\" alt=\"\" srcset=\"https:\/\/interflora.dk\/vores-butikker\/wp-content\/uploads\/2025\/10\/GAVEKURV_MED_BUKET_FLORISTENS_VALG_MED_ALKOHOL_802322028129-1-300x300.jpg 300w, https:\/\/interflora.dk\/vores-butikker\/wp-content\/uploads\/2025\/10\/GAVEKURV_MED_BUKET_FLORISTENS_VALG_MED_ALKOHOL_802322028129-1-1024x1024.jpg 1024w, https:\/\/interflora.dk\/vores-butikker\/wp-content\/uploads\/2025\/10\/GAVEKURV_MED_BUKET_FLORISTENS_VALG_MED_ALKOHOL_802322028129-1-150x150.jpg 150w, https:\/\/interflora.dk\/vores-butikker\/wp-content\/uploads\/2025\/10\/GAVEKURV_MED_BUKET_FLORISTENS_VALG_MED_ALKOHOL_802322028129-1-768x768.jpg 768w, https:\/\/interflora.dk\/vores-butikker\/wp-content\/uploads\/2025\/10\/GAVEKURV_MED_BUKET_FLORISTENS_VALG_MED_ALKOHOL_802322028129-1.jpg 1200w\" sizes=\"(max-width: 300px) 100vw, 300px\" \/><img decoding=\"async\" class=\"lp-badge\" src=\"https:\/\/interflora.dk\/blog\/wp-content\/uploads\/2025\/09\/220422_INTERFLORA_Main_Logo_rgb_Main_Color.avif\" alt=\"Send blomster med Interflora\"><\/div><span>Gavekurv med buket (Floristens kreative valg med alkohol)<\/span><p>Fra 599 kr.<\/p><span class=\"obf-link lp-cta\" role=\"link\" tabindex=\"0\" data-b64=\"aHR0cHM6Ly9pbnRlcmZsb3JhLmRrL3Byb2R1a3QvZ2F2ZWt1cnYtbWVkLWJ1a2V0LWZsb3Jpc3RlbnMta3JlYXRpdmUtdmFsZy1tZWQtYWxrb2hvbA==\" data-target=\"_self\"><svg xmlns=\"http:\/\/www.w3.org\/2000\/svg\" width=\"16\" height=\"16\" fill=\"currentColor\" class=\"bi bi-bag\" viewBox=\"0 0 16 16\"><path d=\"M8 1a2 2 0 0 1 2 2v1h2.5A1.5 1.5 0 0 1 14 5.5v8A1.5 1.5 0 0 1 12.5 15h-9A1.5 1.5 0 0 1 2 13.5v-8A1.5 1.5 0 0 1 3.5 3H6V2a2 2 0 0 1 2-1zm1 3V3a1 1 0 0 0-2 0v1h2z\"\/><\/svg>K\u00f8b her<\/span><p class=\"rapido\">Din personlige hilsen<\/p><\/div><div class=\"lp-produit\"><div class=\"lp-thumbnail-wrapper\"><img decoding=\"async\" width=\"300\" height=\"300\" src=\"https:\/\/interflora.dk\/vores-butikker\/wp-content\/uploads\/2025\/10\/DEN_SOEDE_OMTANKE_HAND_173-300x300.jpg\" class=\"attachment-medium size-medium wp-post-image\" alt=\"\" srcset=\"https:\/\/interflora.dk\/vores-butikker\/wp-content\/uploads\/2025\/10\/DEN_SOEDE_OMTANKE_HAND_173-300x300.jpg 300w, https:\/\/interflora.dk\/vores-butikker\/wp-content\/uploads\/2025\/10\/DEN_SOEDE_OMTANKE_HAND_173-1024x1024.jpg 1024w, https:\/\/interflora.dk\/vores-butikker\/wp-content\/uploads\/2025\/10\/DEN_SOEDE_OMTANKE_HAND_173-150x150.jpg 150w, https:\/\/interflora.dk\/vores-butikker\/wp-content\/uploads\/2025\/10\/DEN_SOEDE_OMTANKE_HAND_173-768x768.jpg 768w, https:\/\/interflora.dk\/vores-butikker\/wp-content\/uploads\/2025\/10\/DEN_SOEDE_OMTANKE_HAND_173.jpg 1200w\" sizes=\"(max-width: 300px) 100vw, 300px\" \/><img decoding=\"async\" class=\"lp-badge\" src=\"https:\/\/interflora.dk\/blog\/wp-content\/uploads\/2025\/09\/220422_INTERFLORA_Main_Logo_rgb_Main_Color.avif\" alt=\"Send blomster med Interflora\"><\/div><span>Den s\u00f8de omtanke<\/span><p>Fra 319 kr.<\/p><span class=\"obf-link lp-cta\" role=\"link\" tabindex=\"0\" data-b64=\"aHR0cHM6Ly9pbnRlcmZsb3JhLmRrL3Byb2R1a3QvZGVuLXNvZWRlLW9tdGFua2U\/dj0xOTI2JiMwMzg7dmFyaWF0aW9uPTNlY2U2YmYxLTdhOTAtNDQwMi1iYzQ5LWM4ZTcyMjQ4ODM5NA==\" data-target=\"_self\"><svg xmlns=\"http:\/\/www.w3.org\/2000\/svg\" width=\"16\" height=\"16\" fill=\"currentColor\" class=\"bi bi-bag\" viewBox=\"0 0 16 16\"><path d=\"M8 1a2 2 0 0 1 2 2v1h2.5A1.5 1.5 0 0 1 14 5.5v8A1.5 1.5 0 0 1 12.5 15h-9A1.5 1.5 0 0 1 2 13.5v-8A1.5 1.5 0 0 1 3.5 3H6V2a2 2 0 0 1 2-1zm1 3V3a1 1 0 0 0-2 0v1h2z\"\/><\/svg>K\u00f8b her<\/span><p class=\"rapido\">Friske blomster<\/p><\/div><div class=\"lp-produit\"><div class=\"lp-thumbnail-wrapper\"><img decoding=\"async\" width=\"300\" height=\"300\" src=\"https:\/\/interflora.dk\/vores-butikker\/wp-content\/uploads\/2025\/10\/GAVEKURV_MED_BUKET_FLORISTENS_VALG_UDEN_ALKOHOL_80231_0-1-300x300.jpg\" class=\"attachment-medium size-medium wp-post-image\" alt=\"\" srcset=\"https:\/\/interflora.dk\/vores-butikker\/wp-content\/uploads\/2025\/10\/GAVEKURV_MED_BUKET_FLORISTENS_VALG_UDEN_ALKOHOL_80231_0-1-300x300.jpg 300w, https:\/\/interflora.dk\/vores-butikker\/wp-content\/uploads\/2025\/10\/GAVEKURV_MED_BUKET_FLORISTENS_VALG_UDEN_ALKOHOL_80231_0-1-1024x1024.jpg 1024w, https:\/\/interflora.dk\/vores-butikker\/wp-content\/uploads\/2025\/10\/GAVEKURV_MED_BUKET_FLORISTENS_VALG_UDEN_ALKOHOL_80231_0-1-150x150.jpg 150w, https:\/\/interflora.dk\/vores-butikker\/wp-content\/uploads\/2025\/10\/GAVEKURV_MED_BUKET_FLORISTENS_VALG_UDEN_ALKOHOL_80231_0-1-768x768.jpg 768w, https:\/\/interflora.dk\/vores-butikker\/wp-content\/uploads\/2025\/10\/GAVEKURV_MED_BUKET_FLORISTENS_VALG_UDEN_ALKOHOL_80231_0-1.jpg 1200w\" sizes=\"(max-width: 300px) 100vw, 300px\" \/><img decoding=\"async\" class=\"lp-badge\" src=\"https:\/\/interflora.dk\/blog\/wp-content\/uploads\/2025\/09\/220422_INTERFLORA_Main_Logo_rgb_Main_Color.avif\" alt=\"Send blomster med Interflora\"><\/div><span>Gavekurv med buket (Floristens kreative valg uden alkohol)<\/span><p>Fra 499 kr.<\/p><span class=\"obf-link lp-cta\" role=\"link\" tabindex=\"0\" data-b64=\"aHR0cHM6Ly9pbnRlcmZsb3JhLmRrL3Byb2R1a3QvZ2F2ZWt1cnYtbWVkLWJ1a2V0LWZsb3Jpc3RlbnMta3JlYXRpdmUtdmFsZy11ZGVuLWFsa29ob2w=\" data-target=\"_self\"><svg xmlns=\"http:\/\/www.w3.org\/2000\/svg\" width=\"16\" height=\"16\" fill=\"currentColor\" class=\"bi bi-bag\" viewBox=\"0 0 16 16\"><path d=\"M8 1a2 2 0 0 1 2 2v1h2.5A1.5 1.5 0 0 1 14 5.5v8A1.5 1.5 0 0 1 12.5 15h-9A1.5 1.5 0 0 1 2 13.5v-8A1.5 1.5 0 0 1 3.5 3H6V2a2 2 0 0 1 2-1zm1 3V3a1 1 0 0 0-2 0v1h2z\"\/><\/svg>K\u00f8b her<\/span><p class=\"rapido\">Friske blomster<\/p><\/div><div class=\"lp-produit\"><div class=\"lp-thumbnail-wrapper\"><img decoding=\"async\" width=\"300\" height=\"300\" src=\"https:\/\/interflora.dk\/vores-butikker\/wp-content\/uploads\/2025\/10\/DEN_FARVERIGE_SMALL_555-1-300x300.jpg\" class=\"attachment-medium size-medium wp-post-image\" alt=\"\" srcset=\"https:\/\/interflora.dk\/vores-butikker\/wp-content\/uploads\/2025\/10\/DEN_FARVERIGE_SMALL_555-1-300x300.jpg 300w, https:\/\/interflora.dk\/vores-butikker\/wp-content\/uploads\/2025\/10\/DEN_FARVERIGE_SMALL_555-1-1024x1024.jpg 1024w, https:\/\/interflora.dk\/vores-butikker\/wp-content\/uploads\/2025\/10\/DEN_FARVERIGE_SMALL_555-1-150x150.jpg 150w, https:\/\/interflora.dk\/vores-butikker\/wp-content\/uploads\/2025\/10\/DEN_FARVERIGE_SMALL_555-1-768x768.jpg 768w, https:\/\/interflora.dk\/vores-butikker\/wp-content\/uploads\/2025\/10\/DEN_FARVERIGE_SMALL_555-1.jpg 1200w\" sizes=\"(max-width: 300px) 100vw, 300px\" \/><img decoding=\"async\" class=\"lp-badge\" src=\"https:\/\/interflora.dk\/blog\/wp-content\/uploads\/2025\/09\/220422_INTERFLORA_Main_Logo_rgb_Main_Color.avif\" alt=\"Send blomster med Interflora\"><\/div><span>Den farverige<\/span><p>Fra 329 kr.<\/p><span class=\"obf-link lp-cta\" role=\"link\" tabindex=\"0\" data-b64=\"aHR0cHM6Ly9pbnRlcmZsb3JhLmRrL3Byb2R1a3QvZGVuLWZhcnZlcmlnZT92PTk0ODYmIzAzODt2YXJpYXRpb249Mjc1YTFlY2UtYzlhOS00OTU5LTgwMWMtOTYzNDY3NzRiMmM5\" data-target=\"_self\"><svg xmlns=\"http:\/\/www.w3.org\/2000\/svg\" width=\"16\" height=\"16\" fill=\"currentColor\" class=\"bi bi-bag\" viewBox=\"0 0 16 16\"><path d=\"M8 1a2 2 0 0 1 2 2v1h2.5A1.5 1.5 0 0 1 14 5.5v8A1.5 1.5 0 0 1 12.5 15h-9A1.5 1.5 0 0 1 2 13.5v-8A1.5 1.5 0 0 1 3.5 3H6V2a2 2 0 0 1 2-1zm1 3V3a1 1 0 0 0-2 0v1h2z\"\/><\/svg>K\u00f8b her<\/span><p class=\"rapido\">Levering i hele Danmark<\/p><\/div><div class=\"lp-produit\"><div class=\"lp-thumbnail-wrapper\"><img decoding=\"async\" width=\"300\" height=\"300\" src=\"https:\/\/interflora.dk\/vores-butikker\/wp-content\/uploads\/2025\/10\/DEN_TIL_FOEDSELSDAGEN_VINTER_SMALL_127_v-300x300.jpg\" class=\"attachment-medium size-medium wp-post-image\" alt=\"\" srcset=\"https:\/\/interflora.dk\/vores-butikker\/wp-content\/uploads\/2025\/10\/DEN_TIL_FOEDSELSDAGEN_VINTER_SMALL_127_v-300x300.jpg 300w, https:\/\/interflora.dk\/vores-butikker\/wp-content\/uploads\/2025\/10\/DEN_TIL_FOEDSELSDAGEN_VINTER_SMALL_127_v-1024x1024.jpg 1024w, https:\/\/interflora.dk\/vores-butikker\/wp-content\/uploads\/2025\/10\/DEN_TIL_FOEDSELSDAGEN_VINTER_SMALL_127_v-150x150.jpg 150w, https:\/\/interflora.dk\/vores-butikker\/wp-content\/uploads\/2025\/10\/DEN_TIL_FOEDSELSDAGEN_VINTER_SMALL_127_v-768x768.jpg 768w, https:\/\/interflora.dk\/vores-butikker\/wp-content\/uploads\/2025\/10\/DEN_TIL_FOEDSELSDAGEN_VINTER_SMALL_127_v.jpg 1200w\" sizes=\"(max-width: 300px) 100vw, 300px\" \/><img decoding=\"async\" class=\"lp-badge\" src=\"https:\/\/interflora.dk\/blog\/wp-content\/uploads\/2025\/09\/220422_INTERFLORA_Main_Logo_rgb_Main_Color.avif\" alt=\"Send blomster med Interflora\"><\/div><span>Den til f\u00f8dselsdagen<\/span><p>Fra 299 kr.<\/p><span class=\"obf-link lp-cta\" role=\"link\" tabindex=\"0\" data-b64=\"aHR0cHM6Ly9pbnRlcmZsb3JhLmRrL3Byb2R1a3QvZGVuLXRpbC1mb2Vkc2Vsc2RhZ2VuP3Y9MTU1MSYjMDM4O3ZhcmlhdGlvbj05M2NjOTRlNi0zZmJlLTQ1OTgtYjAwNS03YTk5NTNiNGZlNGI=\" data-target=\"_self\"><svg xmlns=\"http:\/\/www.w3.org\/2000\/svg\" width=\"16\" height=\"16\" fill=\"currentColor\" class=\"bi bi-bag\" viewBox=\"0 0 16 16\"><path d=\"M8 1a2 2 0 0 1 2 2v1h2.5A1.5 1.5 0 0 1 14 5.5v8A1.5 1.5 0 0 1 12.5 15h-9A1.5 1.5 0 0 1 2 13.5v-8A1.5 1.5 0 0 1 3.5 3H6V2a2 2 0 0 1 2-1zm1 3V3a1 1 0 0 0-2 0v1h2z\"\/><\/svg>K\u00f8b her<\/span><p class=\"rapido\">Bundet af din lokale florist<\/p><\/div><div class=\"lp-produit\"><div class=\"lp-thumbnail-wrapper\"><img decoding=\"async\" width=\"300\" height=\"300\" src=\"https:\/\/interflora.dk\/vores-butikker\/wp-content\/uploads\/2025\/10\/FINE_LILJEHILSEN_VERSION_01_MEDIUM_w2028229-1-300x300.jpg\" class=\"attachment-medium size-medium wp-post-image\" alt=\"\" srcset=\"https:\/\/interflora.dk\/vores-butikker\/wp-content\/uploads\/2025\/10\/FINE_LILJEHILSEN_VERSION_01_MEDIUM_w2028229-1-300x300.jpg 300w, https:\/\/interflora.dk\/vores-butikker\/wp-content\/uploads\/2025\/10\/FINE_LILJEHILSEN_VERSION_01_MEDIUM_w2028229-1-1024x1024.jpg 1024w, https:\/\/interflora.dk\/vores-butikker\/wp-content\/uploads\/2025\/10\/FINE_LILJEHILSEN_VERSION_01_MEDIUM_w2028229-1-150x150.jpg 150w, https:\/\/interflora.dk\/vores-butikker\/wp-content\/uploads\/2025\/10\/FINE_LILJEHILSEN_VERSION_01_MEDIUM_w2028229-1-768x768.jpg 768w, https:\/\/interflora.dk\/vores-butikker\/wp-content\/uploads\/2025\/10\/FINE_LILJEHILSEN_VERSION_01_MEDIUM_w2028229-1.jpg 1200w\" sizes=\"(max-width: 300px) 100vw, 300px\" \/><img decoding=\"async\" class=\"lp-badge\" src=\"https:\/\/interflora.dk\/blog\/wp-content\/uploads\/2025\/09\/220422_INTERFLORA_Main_Logo_rgb_Main_Color.avif\" alt=\"Send blomster med Interflora\"><\/div><span>Den fine liljehilsen<\/span><p>Fra 219 kr.<\/p><span class=\"obf-link lp-cta\" role=\"link\" tabindex=\"0\" data-b64=\"aHR0cHM6Ly9pbnRlcmZsb3JhLmRrL3Byb2R1a3QvZGVuLWZpbmUtbGlsamVoaWxzZW4\/dj0xNzU5NSYjMDM4O3ZhcmlhdGlvbj03YTZiNzY5Mi05NThjLTQ5MjYtYWIyNy0yZjRjYWEwMWJkZGI=\" data-target=\"_self\"><svg xmlns=\"http:\/\/www.w3.org\/2000\/svg\" width=\"16\" height=\"16\" fill=\"currentColor\" class=\"bi bi-bag\" viewBox=\"0 0 16 16\"><path d=\"M8 1a2 2 0 0 1 2 2v1h2.5A1.5 1.5 0 0 1 14 5.5v8A1.5 1.5 0 0 1 12.5 15h-9A1.5 1.5 0 0 1 2 13.5v-8A1.5 1.5 0 0 1 3.5 3H6V2a2 2 0 0 1 2-1zm1 3V3a1 1 0 0 0-2 0v1h2z\"\/><\/svg>K\u00f8b her<\/span><p class=\"rapido\">Levering i hele Danmark<\/p><\/div><div class=\"lp-produit\"><div class=\"lp-thumbnail-wrapper\"><img decoding=\"async\" width=\"300\" height=\"300\" src=\"https:\/\/interflora.dk\/vores-butikker\/wp-content\/uploads\/2025\/10\/FLORISTENS_KREATIVE_BUKET_I_LYSEROEDE_NUANCER_MEDIUM_6311-1-300x300.jpg\" class=\"attachment-medium size-medium wp-post-image\" alt=\"\" srcset=\"https:\/\/interflora.dk\/vores-butikker\/wp-content\/uploads\/2025\/10\/FLORISTENS_KREATIVE_BUKET_I_LYSEROEDE_NUANCER_MEDIUM_6311-1-300x300.jpg 300w, https:\/\/interflora.dk\/vores-butikker\/wp-content\/uploads\/2025\/10\/FLORISTENS_KREATIVE_BUKET_I_LYSEROEDE_NUANCER_MEDIUM_6311-1-1024x1024.jpg 1024w, https:\/\/interflora.dk\/vores-butikker\/wp-content\/uploads\/2025\/10\/FLORISTENS_KREATIVE_BUKET_I_LYSEROEDE_NUANCER_MEDIUM_6311-1-150x150.jpg 150w, https:\/\/interflora.dk\/vores-butikker\/wp-content\/uploads\/2025\/10\/FLORISTENS_KREATIVE_BUKET_I_LYSEROEDE_NUANCER_MEDIUM_6311-1-768x768.jpg 768w, https:\/\/interflora.dk\/vores-butikker\/wp-content\/uploads\/2025\/10\/FLORISTENS_KREATIVE_BUKET_I_LYSEROEDE_NUANCER_MEDIUM_6311-1.jpg 1200w\" sizes=\"(max-width: 300px) 100vw, 300px\" \/><img decoding=\"async\" class=\"lp-badge\" src=\"https:\/\/interflora.dk\/blog\/wp-content\/uploads\/2025\/09\/220422_INTERFLORA_Main_Logo_rgb_Main_Color.avif\" alt=\"Send blomster med Interflora\"><\/div><span>Floristens kreative buket i lyser\u00f8de nuancer<\/span><p>Fra 229 kr.<\/p><span class=\"obf-link lp-cta\" role=\"link\" tabindex=\"0\" data-b64=\"aHR0cHM6Ly9pbnRlcmZsb3JhLmRrL3Byb2R1a3QvZmxvcmlzdGVucy1rcmVhdGl2ZS1idWtldC1pLWx5c2Vyb2VkZS1udWFuY2VyP3Y9MTYyNTEmIzAzODt2YXJpYXRpb249M2IyNjBkMDYtMGNlNy00NzUyLTk1ZjUtNGMxNDBjMWU1MDJm\" data-target=\"_self\"><svg xmlns=\"http:\/\/www.w3.org\/2000\/svg\" width=\"16\" height=\"16\" fill=\"currentColor\" class=\"bi bi-bag\" viewBox=\"0 0 16 16\"><path d=\"M8 1a2 2 0 0 1 2 2v1h2.5A1.5 1.5 0 0 1 14 5.5v8A1.5 1.5 0 0 1 12.5 15h-9A1.5 1.5 0 0 1 2 13.5v-8A1.5 1.5 0 0 1 3.5 3H6V2a2 2 0 0 1 2-1zm1 3V3a1 1 0 0 0-2 0v1h2z\"\/><\/svg>K\u00f8b her<\/span><p class=\"rapido\">Din personlige hilsen<\/p><\/div><\/div>\n<\/div>\n\t\t\t\t<\/div>\n\t\t\t\t\t\t\t\t<div id=\"tab-11994\" class=\"sp-tab__tab-pane \" role=\"tabpanel\">\n\t\t\t\t\t<div class=\"sp-tab-content animated fadeIn\"><div class=\"lp-produits-grid\"><div class=\"lp-produit\"><div class=\"lp-thumbnail-wrapper\"><img decoding=\"async\" width=\"300\" height=\"300\" src=\"https:\/\/interflora.dk\/vores-butikker\/wp-content\/uploads\/2025\/10\/PREMIUM_ROED_LYSEROED_SMALL_7490_w-300x300.jpg\" class=\"attachment-medium size-medium wp-post-image\" alt=\"\" srcset=\"https:\/\/interflora.dk\/vores-butikker\/wp-content\/uploads\/2025\/10\/PREMIUM_ROED_LYSEROED_SMALL_7490_w-300x300.jpg 300w, https:\/\/interflora.dk\/vores-butikker\/wp-content\/uploads\/2025\/10\/PREMIUM_ROED_LYSEROED_SMALL_7490_w-1024x1024.jpg 1024w, https:\/\/interflora.dk\/vores-butikker\/wp-content\/uploads\/2025\/10\/PREMIUM_ROED_LYSEROED_SMALL_7490_w-150x150.jpg 150w, https:\/\/interflora.dk\/vores-butikker\/wp-content\/uploads\/2025\/10\/PREMIUM_ROED_LYSEROED_SMALL_7490_w-768x768.jpg 768w, https:\/\/interflora.dk\/vores-butikker\/wp-content\/uploads\/2025\/10\/PREMIUM_ROED_LYSEROED_SMALL_7490_w.jpg 1200w\" sizes=\"(max-width: 300px) 100vw, 300px\" \/><img decoding=\"async\" class=\"lp-badge\" src=\"https:\/\/interflora.dk\/blog\/wp-content\/uploads\/2025\/09\/220422_INTERFLORA_Main_Logo_rgb_Main_Color.avif\" alt=\"Send blomster med Interflora\"><\/div><span>Den bet\u00e6nksomme<\/span><p>Fra 349 kr.<\/p><span class=\"obf-link lp-cta\" role=\"link\" tabindex=\"0\" data-b64=\"aHR0cHM6Ly9pbnRlcmZsb3JhLmRrL3Byb2R1a3QvZGVuLWJldGFlbmtzb21tZT92PTk0MjEmIzAzODt2YXJpYXRpb249ZTNiOThjYjctMWQzMC00OTYxLWI5N2UtOGM5OGIwNmM2NDE1\" data-target=\"_self\"><svg xmlns=\"http:\/\/www.w3.org\/2000\/svg\" width=\"16\" height=\"16\" fill=\"currentColor\" class=\"bi bi-bag\" viewBox=\"0 0 16 16\"><path d=\"M8 1a2 2 0 0 1 2 2v1h2.5A1.5 1.5 0 0 1 14 5.5v8A1.5 1.5 0 0 1 12.5 15h-9A1.5 1.5 0 0 1 2 13.5v-8A1.5 1.5 0 0 1 3.5 3H6V2a2 2 0 0 1 2-1zm1 3V3a1 1 0 0 0-2 0v1h2z\"\/><\/svg>K\u00f8b her<\/span><p class=\"rapido\">Friske blomster<\/p><\/div><div class=\"lp-produit\"><div class=\"lp-thumbnail-wrapper\"><img decoding=\"async\" width=\"300\" height=\"300\" src=\"https:\/\/interflora.dk\/vores-butikker\/wp-content\/uploads\/2025\/10\/FINE_LILJEHILSEN_VERSION_01_MEDIUM_w2028229-1-300x300.jpg\" class=\"attachment-medium size-medium wp-post-image\" alt=\"\" srcset=\"https:\/\/interflora.dk\/vores-butikker\/wp-content\/uploads\/2025\/10\/FINE_LILJEHILSEN_VERSION_01_MEDIUM_w2028229-1-300x300.jpg 300w, https:\/\/interflora.dk\/vores-butikker\/wp-content\/uploads\/2025\/10\/FINE_LILJEHILSEN_VERSION_01_MEDIUM_w2028229-1-1024x1024.jpg 1024w, https:\/\/interflora.dk\/vores-butikker\/wp-content\/uploads\/2025\/10\/FINE_LILJEHILSEN_VERSION_01_MEDIUM_w2028229-1-150x150.jpg 150w, https:\/\/interflora.dk\/vores-butikker\/wp-content\/uploads\/2025\/10\/FINE_LILJEHILSEN_VERSION_01_MEDIUM_w2028229-1-768x768.jpg 768w, https:\/\/interflora.dk\/vores-butikker\/wp-content\/uploads\/2025\/10\/FINE_LILJEHILSEN_VERSION_01_MEDIUM_w2028229-1.jpg 1200w\" sizes=\"(max-width: 300px) 100vw, 300px\" \/><img decoding=\"async\" class=\"lp-badge\" src=\"https:\/\/interflora.dk\/blog\/wp-content\/uploads\/2025\/09\/220422_INTERFLORA_Main_Logo_rgb_Main_Color.avif\" alt=\"Send blomster med Interflora\"><\/div><span>Den fine liljehilsen<\/span><p>Fra 219 kr.<\/p><span class=\"obf-link lp-cta\" role=\"link\" tabindex=\"0\" data-b64=\"aHR0cHM6Ly9pbnRlcmZsb3JhLmRrL3Byb2R1a3QvZGVuLWZpbmUtbGlsamVoaWxzZW4\/dj0xNzU5NSYjMDM4O3ZhcmlhdGlvbj03YTZiNzY5Mi05NThjLTQ5MjYtYWIyNy0yZjRjYWEwMWJkZGI=\" data-target=\"_self\"><svg xmlns=\"http:\/\/www.w3.org\/2000\/svg\" width=\"16\" height=\"16\" fill=\"currentColor\" class=\"bi bi-bag\" viewBox=\"0 0 16 16\"><path d=\"M8 1a2 2 0 0 1 2 2v1h2.5A1.5 1.5 0 0 1 14 5.5v8A1.5 1.5 0 0 1 12.5 15h-9A1.5 1.5 0 0 1 2 13.5v-8A1.5 1.5 0 0 1 3.5 3H6V2a2 2 0 0 1 2-1zm1 3V3a1 1 0 0 0-2 0v1h2z\"\/><\/svg>K\u00f8b her<\/span><p class=\"rapido\">Levering i dag<\/p><\/div><div class=\"lp-produit\"><div class=\"lp-thumbnail-wrapper\"><img decoding=\"async\" width=\"300\" height=\"300\" src=\"https:\/\/interflora.dk\/vores-butikker\/wp-content\/uploads\/2025\/10\/2149_Den20til20Kaerligheden_AT_US-300x300.jpg\" class=\"attachment-medium size-medium wp-post-image\" alt=\"\" srcset=\"https:\/\/interflora.dk\/vores-butikker\/wp-content\/uploads\/2025\/10\/2149_Den20til20Kaerligheden_AT_US-300x300.jpg 300w, https:\/\/interflora.dk\/vores-butikker\/wp-content\/uploads\/2025\/10\/2149_Den20til20Kaerligheden_AT_US-1024x1024.jpg 1024w, https:\/\/interflora.dk\/vores-butikker\/wp-content\/uploads\/2025\/10\/2149_Den20til20Kaerligheden_AT_US-150x150.jpg 150w, https:\/\/interflora.dk\/vores-butikker\/wp-content\/uploads\/2025\/10\/2149_Den20til20Kaerligheden_AT_US-768x768.jpg 768w, https:\/\/interflora.dk\/vores-butikker\/wp-content\/uploads\/2025\/10\/2149_Den20til20Kaerligheden_AT_US.jpg 1200w\" sizes=\"(max-width: 300px) 100vw, 300px\" \/><img decoding=\"async\" class=\"lp-badge\" src=\"https:\/\/interflora.dk\/blog\/wp-content\/uploads\/2025\/09\/220422_INTERFLORA_Main_Logo_rgb_Main_Color.avif\" alt=\"Send blomster med Interflora\"><\/div><span>Den til k\u00e6rligheden<\/span><p>Fra 399 kr.<\/p><span class=\"obf-link lp-cta\" role=\"link\" tabindex=\"0\" data-b64=\"aHR0cHM6Ly9pbnRlcmZsb3JhLmRrL3Byb2R1a3QvZGVuLXRpbC1rYWVybGlnaGVkZW4=\" data-target=\"_self\"><svg xmlns=\"http:\/\/www.w3.org\/2000\/svg\" width=\"16\" height=\"16\" fill=\"currentColor\" class=\"bi bi-bag\" viewBox=\"0 0 16 16\"><path d=\"M8 1a2 2 0 0 1 2 2v1h2.5A1.5 1.5 0 0 1 14 5.5v8A1.5 1.5 0 0 1 12.5 15h-9A1.5 1.5 0 0 1 2 13.5v-8A1.5 1.5 0 0 1 3.5 3H6V2a2 2 0 0 1 2-1zm1 3V3a1 1 0 0 0-2 0v1h2z\"\/><\/svg>K\u00f8b her<\/span><p class=\"rapido\">Din personlige hilsen<\/p><\/div><div class=\"lp-produit\"><div class=\"lp-thumbnail-wrapper\"><img decoding=\"async\" width=\"300\" height=\"300\" src=\"https:\/\/interflora.dk\/vores-butikker\/wp-content\/uploads\/2025\/10\/DE_FARVERIGE_ROSER_MEDIUM_103-300x300.jpg\" class=\"attachment-medium size-medium wp-post-image\" alt=\"\" srcset=\"https:\/\/interflora.dk\/vores-butikker\/wp-content\/uploads\/2025\/10\/DE_FARVERIGE_ROSER_MEDIUM_103-300x300.jpg 300w, https:\/\/interflora.dk\/vores-butikker\/wp-content\/uploads\/2025\/10\/DE_FARVERIGE_ROSER_MEDIUM_103-1024x1024.jpg 1024w, https:\/\/interflora.dk\/vores-butikker\/wp-content\/uploads\/2025\/10\/DE_FARVERIGE_ROSER_MEDIUM_103-150x150.jpg 150w, https:\/\/interflora.dk\/vores-butikker\/wp-content\/uploads\/2025\/10\/DE_FARVERIGE_ROSER_MEDIUM_103-768x768.jpg 768w, https:\/\/interflora.dk\/vores-butikker\/wp-content\/uploads\/2025\/10\/DE_FARVERIGE_ROSER_MEDIUM_103.jpg 1200w\" sizes=\"(max-width: 300px) 100vw, 300px\" \/><img decoding=\"async\" class=\"lp-badge\" src=\"https:\/\/interflora.dk\/blog\/wp-content\/uploads\/2025\/09\/220422_INTERFLORA_Main_Logo_rgb_Main_Color.avif\" alt=\"Send blomster med Interflora\"><\/div><span>De farverige roser<\/span><p>Fra 369 kr.<\/p><span class=\"obf-link lp-cta\" role=\"link\" tabindex=\"0\" data-b64=\"aHR0cHM6Ly9pbnRlcmZsb3JhLmRrL3Byb2R1a3QvZGUtZmFydmVyaWdlLXJvc2VyP3Y9MTUyMSYjMDM4O3ZhcmlhdGlvbj0xZmQ4M2JkMC1iMTFjLTRkMjQtOTM0OS1kOGZlZjY3YWVlY2M=\" data-target=\"_self\"><svg xmlns=\"http:\/\/www.w3.org\/2000\/svg\" width=\"16\" height=\"16\" fill=\"currentColor\" class=\"bi bi-bag\" viewBox=\"0 0 16 16\"><path d=\"M8 1a2 2 0 0 1 2 2v1h2.5A1.5 1.5 0 0 1 14 5.5v8A1.5 1.5 0 0 1 12.5 15h-9A1.5 1.5 0 0 1 2 13.5v-8A1.5 1.5 0 0 1 3.5 3H6V2a2 2 0 0 1 2-1zm1 3V3a1 1 0 0 0-2 0v1h2z\"\/><\/svg>K\u00f8b her<\/span><p class=\"rapido\">Bundet af din lokale florist<\/p><\/div><div class=\"lp-produit\"><div class=\"lp-thumbnail-wrapper\"><img decoding=\"async\" width=\"300\" height=\"300\" src=\"https:\/\/interflora.dk\/vores-butikker\/wp-content\/uploads\/2025\/10\/DE_ROEDE_ROSER_HAND_v_02028129-300x300.jpg\" class=\"attachment-medium size-medium wp-post-image\" alt=\"\" srcset=\"https:\/\/interflora.dk\/vores-butikker\/wp-content\/uploads\/2025\/10\/DE_ROEDE_ROSER_HAND_v_02028129-300x300.jpg 300w, https:\/\/interflora.dk\/vores-butikker\/wp-content\/uploads\/2025\/10\/DE_ROEDE_ROSER_HAND_v_02028129-1024x1024.jpg 1024w, https:\/\/interflora.dk\/vores-butikker\/wp-content\/uploads\/2025\/10\/DE_ROEDE_ROSER_HAND_v_02028129-150x150.jpg 150w, https:\/\/interflora.dk\/vores-butikker\/wp-content\/uploads\/2025\/10\/DE_ROEDE_ROSER_HAND_v_02028129-768x768.jpg 768w, https:\/\/interflora.dk\/vores-butikker\/wp-content\/uploads\/2025\/10\/DE_ROEDE_ROSER_HAND_v_02028129.jpg 1200w\" sizes=\"(max-width: 300px) 100vw, 300px\" \/><img decoding=\"async\" class=\"lp-badge\" src=\"https:\/\/interflora.dk\/blog\/wp-content\/uploads\/2025\/09\/220422_INTERFLORA_Main_Logo_rgb_Main_Color.avif\" alt=\"Send blomster med Interflora\"><\/div><span>De r\u00f8de roser<\/span><p>Fra 359 kr.<\/p><span class=\"obf-link lp-cta\" role=\"link\" tabindex=\"0\" data-b64=\"aHR0cHM6Ly9pbnRlcmZsb3JhLmRrL3Byb2R1a3QvZGUtcm9lZGUtcm9zZXI\/dj0xNDkxJiMwMzg7dmFyaWF0aW9uPTc5NTE3NDBlLTJkM2UtNDk5Yi05NTkxLWFkYzBlMzk3NGRiMw==\" data-target=\"_self\"><svg xmlns=\"http:\/\/www.w3.org\/2000\/svg\" width=\"16\" height=\"16\" fill=\"currentColor\" class=\"bi bi-bag\" viewBox=\"0 0 16 16\"><path d=\"M8 1a2 2 0 0 1 2 2v1h2.5A1.5 1.5 0 0 1 14 5.5v8A1.5 1.5 0 0 1 12.5 15h-9A1.5 1.5 0 0 1 2 13.5v-8A1.5 1.5 0 0 1 3.5 3H6V2a2 2 0 0 1 2-1zm1 3V3a1 1 0 0 0-2 0v1h2z\"\/><\/svg>K\u00f8b her<\/span><p class=\"rapido\">Levering i dag<\/p><\/div><div class=\"lp-produit\"><div class=\"lp-thumbnail-wrapper\"><img decoding=\"async\" width=\"300\" height=\"300\" src=\"https:\/\/interflora.dk\/vores-butikker\/wp-content\/uploads\/2025\/10\/Enkelte_roser_168_0-300x300.jpg\" class=\"attachment-medium size-medium wp-post-image\" alt=\"\" srcset=\"https:\/\/interflora.dk\/vores-butikker\/wp-content\/uploads\/2025\/10\/Enkelte_roser_168_0-300x300.jpg 300w, https:\/\/interflora.dk\/vores-butikker\/wp-content\/uploads\/2025\/10\/Enkelte_roser_168_0-1024x1024.jpg 1024w, https:\/\/interflora.dk\/vores-butikker\/wp-content\/uploads\/2025\/10\/Enkelte_roser_168_0-150x150.jpg 150w, https:\/\/interflora.dk\/vores-butikker\/wp-content\/uploads\/2025\/10\/Enkelte_roser_168_0-768x768.jpg 768w, https:\/\/interflora.dk\/vores-butikker\/wp-content\/uploads\/2025\/10\/Enkelte_roser_168_0.jpg 1188w\" sizes=\"(max-width: 300px) 100vw, 300px\" \/><img decoding=\"async\" class=\"lp-badge\" src=\"https:\/\/interflora.dk\/blog\/wp-content\/uploads\/2025\/09\/220422_INTERFLORA_Main_Logo_rgb_Main_Color.avif\" alt=\"Send blomster med Interflora\"><\/div><span>R\u00f8de roser 50-60 cm pr. stk.<\/span><p>Fra 60 kr.<\/p><span class=\"obf-link lp-cta\" role=\"link\" tabindex=\"0\" data-b64=\"aHR0cHM6Ly9pbnRlcmZsb3JhLmRrL3Byb2R1a3Qvcm9kZS1yb3Nlci00MC02MGNt\" data-target=\"_self\"><svg xmlns=\"http:\/\/www.w3.org\/2000\/svg\" width=\"16\" height=\"16\" fill=\"currentColor\" class=\"bi bi-bag\" viewBox=\"0 0 16 16\"><path d=\"M8 1a2 2 0 0 1 2 2v1h2.5A1.5 1.5 0 0 1 14 5.5v8A1.5 1.5 0 0 1 12.5 15h-9A1.5 1.5 0 0 1 2 13.5v-8A1.5 1.5 0 0 1 3.5 3H6V2a2 2 0 0 1 2-1zm1 3V3a1 1 0 0 0-2 0v1h2z\"\/><\/svg>K\u00f8b her<\/span><p class=\"rapido\">Levering i hele Danmark<\/p><\/div><div class=\"lp-produit\"><div class=\"lp-thumbnail-wrapper\"><img decoding=\"async\" width=\"300\" height=\"300\" src=\"https:\/\/interflora.dk\/vores-butikker\/wp-content\/uploads\/2025\/10\/KAERLIGHEDSKURV_2502-300x300.jpg\" class=\"attachment-medium size-medium wp-post-image\" alt=\"\" srcset=\"https:\/\/interflora.dk\/vores-butikker\/wp-content\/uploads\/2025\/10\/KAERLIGHEDSKURV_2502-300x300.jpg 300w, https:\/\/interflora.dk\/vores-butikker\/wp-content\/uploads\/2025\/10\/KAERLIGHEDSKURV_2502-1024x1024.jpg 1024w, https:\/\/interflora.dk\/vores-butikker\/wp-content\/uploads\/2025\/10\/KAERLIGHEDSKURV_2502-150x150.jpg 150w, https:\/\/interflora.dk\/vores-butikker\/wp-content\/uploads\/2025\/10\/KAERLIGHEDSKURV_2502-768x768.jpg 768w, https:\/\/interflora.dk\/vores-butikker\/wp-content\/uploads\/2025\/10\/KAERLIGHEDSKURV_2502.jpg 1200w\" sizes=\"(max-width: 300px) 100vw, 300px\" \/><img decoding=\"async\" class=\"lp-badge\" src=\"https:\/\/interflora.dk\/blog\/wp-content\/uploads\/2025\/09\/220422_INTERFLORA_Main_Logo_rgb_Main_Color.avif\" alt=\"Send blomster med Interflora\"><\/div><span>K\u00e6rlighedskurv<\/span><p>Fra 425 kr.<\/p><span class=\"obf-link lp-cta\" role=\"link\" tabindex=\"0\" data-b64=\"aHR0cHM6Ly9pbnRlcmZsb3JhLmRrL3Byb2R1a3Qva2FlcmxpZ2hlZHNrdXJ2\" data-target=\"_self\"><svg xmlns=\"http:\/\/www.w3.org\/2000\/svg\" width=\"16\" height=\"16\" fill=\"currentColor\" class=\"bi bi-bag\" viewBox=\"0 0 16 16\"><path d=\"M8 1a2 2 0 0 1 2 2v1h2.5A1.5 1.5 0 0 1 14 5.5v8A1.5 1.5 0 0 1 12.5 15h-9A1.5 1.5 0 0 1 2 13.5v-8A1.5 1.5 0 0 1 3.5 3H6V2a2 2 0 0 1 2-1zm1 3V3a1 1 0 0 0-2 0v1h2z\"\/><\/svg>K\u00f8b her<\/span><p class=\"rapido\">Bundet af din lokale florist<\/p><\/div><div class=\"lp-produit\"><div class=\"lp-thumbnail-wrapper\"><img decoding=\"async\" width=\"300\" height=\"300\" src=\"https:\/\/interflora.dk\/vores-butikker\/wp-content\/uploads\/2025\/10\/FLORISTENS_KREATIVE_BUKET_I_LYSEROEDE_NUANCER_MEDIUM_6311-1-300x300.jpg\" class=\"attachment-medium size-medium wp-post-image\" alt=\"\" srcset=\"https:\/\/interflora.dk\/vores-butikker\/wp-content\/uploads\/2025\/10\/FLORISTENS_KREATIVE_BUKET_I_LYSEROEDE_NUANCER_MEDIUM_6311-1-300x300.jpg 300w, https:\/\/interflora.dk\/vores-butikker\/wp-content\/uploads\/2025\/10\/FLORISTENS_KREATIVE_BUKET_I_LYSEROEDE_NUANCER_MEDIUM_6311-1-1024x1024.jpg 1024w, https:\/\/interflora.dk\/vores-butikker\/wp-content\/uploads\/2025\/10\/FLORISTENS_KREATIVE_BUKET_I_LYSEROEDE_NUANCER_MEDIUM_6311-1-150x150.jpg 150w, https:\/\/interflora.dk\/vores-butikker\/wp-content\/uploads\/2025\/10\/FLORISTENS_KREATIVE_BUKET_I_LYSEROEDE_NUANCER_MEDIUM_6311-1-768x768.jpg 768w, https:\/\/interflora.dk\/vores-butikker\/wp-content\/uploads\/2025\/10\/FLORISTENS_KREATIVE_BUKET_I_LYSEROEDE_NUANCER_MEDIUM_6311-1.jpg 1200w\" sizes=\"(max-width: 300px) 100vw, 300px\" \/><img decoding=\"async\" class=\"lp-badge\" src=\"https:\/\/interflora.dk\/blog\/wp-content\/uploads\/2025\/09\/220422_INTERFLORA_Main_Logo_rgb_Main_Color.avif\" alt=\"Send blomster med Interflora\"><\/div><span>Floristens kreative buket i lyser\u00f8de nuancer<\/span><p>Fra 229 kr.<\/p><span class=\"obf-link lp-cta\" role=\"link\" tabindex=\"0\" data-b64=\"aHR0cHM6Ly9pbnRlcmZsb3JhLmRrL3Byb2R1a3QvZmxvcmlzdGVucy1rcmVhdGl2ZS1idWtldC1pLWx5c2Vyb2VkZS1udWFuY2VyP3Y9MTYyNTEmIzAzODt2YXJpYXRpb249M2IyNjBkMDYtMGNlNy00NzUyLTk1ZjUtNGMxNDBjMWU1MDJm\" data-target=\"_self\"><svg xmlns=\"http:\/\/www.w3.org\/2000\/svg\" width=\"16\" height=\"16\" fill=\"currentColor\" class=\"bi bi-bag\" viewBox=\"0 0 16 16\"><path d=\"M8 1a2 2 0 0 1 2 2v1h2.5A1.5 1.5 0 0 1 14 5.5v8A1.5 1.5 0 0 1 12.5 15h-9A1.5 1.5 0 0 1 2 13.5v-8A1.5 1.5 0 0 1 3.5 3H6V2a2 2 0 0 1 2-1zm1 3V3a1 1 0 0 0-2 0v1h2z\"\/><\/svg>K\u00f8b her<\/span><p class=\"rapido\">Levering i dag<\/p><\/div><\/div>\n<\/div>\n\t\t\t\t<\/div>\n\t\t\t\t\t\t\t\t<div id=\"tab-11995\" class=\"sp-tab__tab-pane \" role=\"tabpanel\">\n\t\t\t\t\t<div class=\"sp-tab-content animated fadeIn\"><div class=\"lp-produits-grid\"><div class=\"lp-produit\"><div class=\"lp-thumbnail-wrapper\"><img decoding=\"async\" width=\"300\" height=\"300\" src=\"https:\/\/interflora.dk\/vores-butikker\/wp-content\/uploads\/2025\/10\/BILLIG_BUKET_MED_LILJER_VERSION_01_MED_MARCIPANHJERTER_V238_w2028229-1-300x300.jpg\" class=\"attachment-medium size-medium wp-post-image\" alt=\"\" srcset=\"https:\/\/interflora.dk\/vores-butikker\/wp-content\/uploads\/2025\/10\/BILLIG_BUKET_MED_LILJER_VERSION_01_MED_MARCIPANHJERTER_V238_w2028229-1-300x300.jpg 300w, https:\/\/interflora.dk\/vores-butikker\/wp-content\/uploads\/2025\/10\/BILLIG_BUKET_MED_LILJER_VERSION_01_MED_MARCIPANHJERTER_V238_w2028229-1-1024x1024.jpg 1024w, https:\/\/interflora.dk\/vores-butikker\/wp-content\/uploads\/2025\/10\/BILLIG_BUKET_MED_LILJER_VERSION_01_MED_MARCIPANHJERTER_V238_w2028229-1-150x150.jpg 150w, https:\/\/interflora.dk\/vores-butikker\/wp-content\/uploads\/2025\/10\/BILLIG_BUKET_MED_LILJER_VERSION_01_MED_MARCIPANHJERTER_V238_w2028229-1-768x768.jpg 768w, https:\/\/interflora.dk\/vores-butikker\/wp-content\/uploads\/2025\/10\/BILLIG_BUKET_MED_LILJER_VERSION_01_MED_MARCIPANHJERTER_V238_w2028229-1.jpg 1200w\" sizes=\"(max-width: 300px) 100vw, 300px\" \/><img decoding=\"async\" class=\"lp-badge\" src=\"https:\/\/interflora.dk\/blog\/wp-content\/uploads\/2025\/09\/220422_INTERFLORA_Main_Logo_rgb_Main_Color.avif\" alt=\"Send blomster med Interflora\"><\/div><span>Den fine liljehilsen med marcipanhjerter<\/span><p>Fra 278 kr.<\/p><span class=\"obf-link lp-cta\" role=\"link\" tabindex=\"0\" data-b64=\"aHR0cHM6Ly9pbnRlcmZsb3JhLmRrL3Byb2R1a3QvZGVuLWZpbmUtbGlsamVoaWxzZW4tbWVkLW1hcmNpcGFuaGplcnRlcg==\" data-target=\"_self\"><svg xmlns=\"http:\/\/www.w3.org\/2000\/svg\" width=\"16\" height=\"16\" fill=\"currentColor\" class=\"bi bi-bag\" viewBox=\"0 0 16 16\"><path d=\"M8 1a2 2 0 0 1 2 2v1h2.5A1.5 1.5 0 0 1 14 5.5v8A1.5 1.5 0 0 1 12.5 15h-9A1.5 1.5 0 0 1 2 13.5v-8A1.5 1.5 0 0 1 3.5 3H6V2a2 2 0 0 1 2-1zm1 3V3a1 1 0 0 0-2 0v1h2z\"\/><\/svg>K\u00f8b her<\/span><p class=\"rapido\">Levering i hele Danmark<\/p><\/div><div class=\"lp-produit\"><div class=\"lp-thumbnail-wrapper\"><img decoding=\"async\" width=\"300\" height=\"300\" src=\"https:\/\/interflora.dk\/vores-butikker\/wp-content\/uploads\/2026\/04\/4673-300x300.jpg\" class=\"attachment-medium size-medium wp-post-image\" alt=\"\" srcset=\"https:\/\/interflora.dk\/vores-butikker\/wp-content\/uploads\/2026\/04\/4673-300x300.jpg 300w, https:\/\/interflora.dk\/vores-butikker\/wp-content\/uploads\/2026\/04\/4673-1024x1024.jpg 1024w, https:\/\/interflora.dk\/vores-butikker\/wp-content\/uploads\/2026\/04\/4673-150x150.jpg 150w, https:\/\/interflora.dk\/vores-butikker\/wp-content\/uploads\/2026\/04\/4673-768x768.jpg 768w, https:\/\/interflora.dk\/vores-butikker\/wp-content\/uploads\/2026\/04\/4673.jpg 1200w\" sizes=\"(max-width: 300px) 100vw, 300px\" \/><img decoding=\"async\" class=\"lp-badge\" src=\"https:\/\/interflora.dk\/blog\/wp-content\/uploads\/2025\/09\/220422_INTERFLORA_Main_Logo_rgb_Main_Color.avif\" alt=\"Send blomster med Interflora\"><\/div><span>En s\u00f8d hilsen<\/span><p>Fra 284 kr.<\/p><span class=\"obf-link lp-cta\" role=\"link\" tabindex=\"0\" data-b64=\"aHR0cHM6Ly9pbnRlcmZsb3JhLmRrL3Byb2R1a3QvZW4tc29lZC1oaWxzZW4tMA==\" data-target=\"_self\"><svg xmlns=\"http:\/\/www.w3.org\/2000\/svg\" width=\"16\" height=\"16\" fill=\"currentColor\" class=\"bi bi-bag\" viewBox=\"0 0 16 16\"><path d=\"M8 1a2 2 0 0 1 2 2v1h2.5A1.5 1.5 0 0 1 14 5.5v8A1.5 1.5 0 0 1 12.5 15h-9A1.5 1.5 0 0 1 2 13.5v-8A1.5 1.5 0 0 1 3.5 3H6V2a2 2 0 0 1 2-1zm1 3V3a1 1 0 0 0-2 0v1h2z\"\/><\/svg>K\u00f8b her<\/span><p class=\"rapido\">Kundernes favorit<\/p><\/div><div class=\"lp-produit\"><div class=\"lp-thumbnail-wrapper\"><img decoding=\"async\" width=\"300\" height=\"300\" src=\"https:\/\/interflora.dk\/vores-butikker\/wp-content\/uploads\/2025\/10\/KAERLIGHEDSKURV_2502-300x300.jpg\" class=\"attachment-medium size-medium wp-post-image\" alt=\"\" srcset=\"https:\/\/interflora.dk\/vores-butikker\/wp-content\/uploads\/2025\/10\/KAERLIGHEDSKURV_2502-300x300.jpg 300w, https:\/\/interflora.dk\/vores-butikker\/wp-content\/uploads\/2025\/10\/KAERLIGHEDSKURV_2502-1024x1024.jpg 1024w, https:\/\/interflora.dk\/vores-butikker\/wp-content\/uploads\/2025\/10\/KAERLIGHEDSKURV_2502-150x150.jpg 150w, https:\/\/interflora.dk\/vores-butikker\/wp-content\/uploads\/2025\/10\/KAERLIGHEDSKURV_2502-768x768.jpg 768w, https:\/\/interflora.dk\/vores-butikker\/wp-content\/uploads\/2025\/10\/KAERLIGHEDSKURV_2502.jpg 1200w\" sizes=\"(max-width: 300px) 100vw, 300px\" \/><img decoding=\"async\" class=\"lp-badge\" src=\"https:\/\/interflora.dk\/blog\/wp-content\/uploads\/2025\/09\/220422_INTERFLORA_Main_Logo_rgb_Main_Color.avif\" alt=\"Send blomster med Interflora\"><\/div><span>K\u00e6rlighedskurv<\/span><p>Fra 425 kr.<\/p><span class=\"obf-link lp-cta\" role=\"link\" tabindex=\"0\" data-b64=\"aHR0cHM6Ly9pbnRlcmZsb3JhLmRrL3Byb2R1a3Qva2FlcmxpZ2hlZHNrdXJ2\" data-target=\"_self\"><svg xmlns=\"http:\/\/www.w3.org\/2000\/svg\" width=\"16\" height=\"16\" fill=\"currentColor\" class=\"bi bi-bag\" viewBox=\"0 0 16 16\"><path d=\"M8 1a2 2 0 0 1 2 2v1h2.5A1.5 1.5 0 0 1 14 5.5v8A1.5 1.5 0 0 1 12.5 15h-9A1.5 1.5 0 0 1 2 13.5v-8A1.5 1.5 0 0 1 3.5 3H6V2a2 2 0 0 1 2-1zm1 3V3a1 1 0 0 0-2 0v1h2z\"\/><\/svg>K\u00f8b her<\/span><p class=\"rapido\">Levering i dag<\/p><\/div><div class=\"lp-produit\"><div class=\"lp-thumbnail-wrapper\"><img decoding=\"async\" width=\"300\" height=\"300\" src=\"https:\/\/interflora.dk\/vores-butikker\/wp-content\/uploads\/2025\/10\/GAVEKURV_TIL_DEN_SOEDE_TAND_FLORISTENS_VALG_80242-Edit-300x300.jpg\" class=\"attachment-medium size-medium wp-post-image\" alt=\"\" srcset=\"https:\/\/interflora.dk\/vores-butikker\/wp-content\/uploads\/2025\/10\/GAVEKURV_TIL_DEN_SOEDE_TAND_FLORISTENS_VALG_80242-Edit-300x300.jpg 300w, https:\/\/interflora.dk\/vores-butikker\/wp-content\/uploads\/2025\/10\/GAVEKURV_TIL_DEN_SOEDE_TAND_FLORISTENS_VALG_80242-Edit-1024x1024.jpg 1024w, https:\/\/interflora.dk\/vores-butikker\/wp-content\/uploads\/2025\/10\/GAVEKURV_TIL_DEN_SOEDE_TAND_FLORISTENS_VALG_80242-Edit-150x150.jpg 150w, https:\/\/interflora.dk\/vores-butikker\/wp-content\/uploads\/2025\/10\/GAVEKURV_TIL_DEN_SOEDE_TAND_FLORISTENS_VALG_80242-Edit-768x768.jpg 768w, https:\/\/interflora.dk\/vores-butikker\/wp-content\/uploads\/2025\/10\/GAVEKURV_TIL_DEN_SOEDE_TAND_FLORISTENS_VALG_80242-Edit.jpg 1200w\" sizes=\"(max-width: 300px) 100vw, 300px\" \/><img decoding=\"async\" class=\"lp-badge\" src=\"https:\/\/interflora.dk\/blog\/wp-content\/uploads\/2025\/09\/220422_INTERFLORA_Main_Logo_rgb_Main_Color.avif\" alt=\"Send blomster med Interflora\"><\/div><span>Gavekurv til den s\u00f8de tand (Floristens kreative valg uden alkohol)<\/span><p>Fra 300 kr.<\/p><span class=\"obf-link lp-cta\" role=\"link\" tabindex=\"0\" data-b64=\"aHR0cHM6Ly9pbnRlcmZsb3JhLmRrL3Byb2R1a3QvZ2F2ZWt1cnYtdGlsLWRlbi1zb2VkZS10YW5kLWZsb3Jpc3RlbnMta3JlYXRpdmUtdmFsZy11ZGVuLWFsa29ob2wtMA==\" data-target=\"_self\"><svg xmlns=\"http:\/\/www.w3.org\/2000\/svg\" width=\"16\" height=\"16\" fill=\"currentColor\" class=\"bi bi-bag\" viewBox=\"0 0 16 16\"><path d=\"M8 1a2 2 0 0 1 2 2v1h2.5A1.5 1.5 0 0 1 14 5.5v8A1.5 1.5 0 0 1 12.5 15h-9A1.5 1.5 0 0 1 2 13.5v-8A1.5 1.5 0 0 1 3.5 3H6V2a2 2 0 0 1 2-1zm1 3V3a1 1 0 0 0-2 0v1h2z\"\/><\/svg>K\u00f8b her<\/span><p class=\"rapido\">Friske blomster<\/p><\/div><div class=\"lp-produit\"><div class=\"lp-thumbnail-wrapper\"><img decoding=\"async\" width=\"300\" height=\"300\" src=\"https:\/\/interflora.dk\/vores-butikker\/wp-content\/uploads\/2025\/10\/GAVEKURV_MED_BUKET_FLORISTENS_VALG_MED_ALKOHOL_802322028129-1-300x300.jpg\" class=\"attachment-medium size-medium wp-post-image\" alt=\"\" srcset=\"https:\/\/interflora.dk\/vores-butikker\/wp-content\/uploads\/2025\/10\/GAVEKURV_MED_BUKET_FLORISTENS_VALG_MED_ALKOHOL_802322028129-1-300x300.jpg 300w, https:\/\/interflora.dk\/vores-butikker\/wp-content\/uploads\/2025\/10\/GAVEKURV_MED_BUKET_FLORISTENS_VALG_MED_ALKOHOL_802322028129-1-1024x1024.jpg 1024w, https:\/\/interflora.dk\/vores-butikker\/wp-content\/uploads\/2025\/10\/GAVEKURV_MED_BUKET_FLORISTENS_VALG_MED_ALKOHOL_802322028129-1-150x150.jpg 150w, https:\/\/interflora.dk\/vores-butikker\/wp-content\/uploads\/2025\/10\/GAVEKURV_MED_BUKET_FLORISTENS_VALG_MED_ALKOHOL_802322028129-1-768x768.jpg 768w, https:\/\/interflora.dk\/vores-butikker\/wp-content\/uploads\/2025\/10\/GAVEKURV_MED_BUKET_FLORISTENS_VALG_MED_ALKOHOL_802322028129-1.jpg 1200w\" sizes=\"(max-width: 300px) 100vw, 300px\" \/><img decoding=\"async\" class=\"lp-badge\" src=\"https:\/\/interflora.dk\/blog\/wp-content\/uploads\/2025\/09\/220422_INTERFLORA_Main_Logo_rgb_Main_Color.avif\" alt=\"Send blomster med Interflora\"><\/div><span>Gavekurv med buket (Floristens kreative valg med alkohol)<\/span><p>Fra 599 kr.<\/p><span class=\"obf-link lp-cta\" role=\"link\" tabindex=\"0\" data-b64=\"aHR0cHM6Ly9pbnRlcmZsb3JhLmRrL3Byb2R1a3QvZ2F2ZWt1cnYtbWVkLWJ1a2V0LWZsb3Jpc3RlbnMta3JlYXRpdmUtdmFsZy1tZWQtYWxrb2hvbA==\" data-target=\"_self\"><svg xmlns=\"http:\/\/www.w3.org\/2000\/svg\" width=\"16\" height=\"16\" fill=\"currentColor\" class=\"bi bi-bag\" viewBox=\"0 0 16 16\"><path d=\"M8 1a2 2 0 0 1 2 2v1h2.5A1.5 1.5 0 0 1 14 5.5v8A1.5 1.5 0 0 1 12.5 15h-9A1.5 1.5 0 0 1 2 13.5v-8A1.5 1.5 0 0 1 3.5 3H6V2a2 2 0 0 1 2-1zm1 3V3a1 1 0 0 0-2 0v1h2z\"\/><\/svg>K\u00f8b her<\/span><p class=\"rapido\">H\u00e5ndbundet af florister<\/p><\/div><div class=\"lp-produit\"><div class=\"lp-thumbnail-wrapper\"><img decoding=\"async\" width=\"300\" height=\"300\" src=\"https:\/\/interflora.dk\/vores-butikker\/wp-content\/uploads\/2025\/10\/GAVEKURV_V019_v-300x300.jpg\" class=\"attachment-medium size-medium wp-post-image\" alt=\"\" srcset=\"https:\/\/interflora.dk\/vores-butikker\/wp-content\/uploads\/2025\/10\/GAVEKURV_V019_v-300x300.jpg 300w, https:\/\/interflora.dk\/vores-butikker\/wp-content\/uploads\/2025\/10\/GAVEKURV_V019_v-1024x1024.jpg 1024w, https:\/\/interflora.dk\/vores-butikker\/wp-content\/uploads\/2025\/10\/GAVEKURV_V019_v-150x150.jpg 150w, https:\/\/interflora.dk\/vores-butikker\/wp-content\/uploads\/2025\/10\/GAVEKURV_V019_v-768x768.jpg 768w, https:\/\/interflora.dk\/vores-butikker\/wp-content\/uploads\/2025\/10\/GAVEKURV_V019_v.jpg 1200w\" sizes=\"(max-width: 300px) 100vw, 300px\" \/><img decoding=\"async\" class=\"lp-badge\" src=\"https:\/\/interflora.dk\/blog\/wp-content\/uploads\/2025\/09\/220422_INTERFLORA_Main_Logo_rgb_Main_Color.avif\" alt=\"Send blomster med Interflora\"><\/div><span>Gavekurv til en hyggeaften<\/span><p>Fra 556 kr.<\/p><span class=\"obf-link lp-cta\" role=\"link\" tabindex=\"0\" data-b64=\"aHR0cHM6Ly9pbnRlcmZsb3JhLmRrL3Byb2R1a3QvZ2F2ZWt1cnYtdGlsLWVuLWh5Z2dlYWZ0ZW4=\" data-target=\"_self\"><svg xmlns=\"http:\/\/www.w3.org\/2000\/svg\" width=\"16\" height=\"16\" fill=\"currentColor\" class=\"bi bi-bag\" viewBox=\"0 0 16 16\"><path d=\"M8 1a2 2 0 0 1 2 2v1h2.5A1.5 1.5 0 0 1 14 5.5v8A1.5 1.5 0 0 1 12.5 15h-9A1.5 1.5 0 0 1 2 13.5v-8A1.5 1.5 0 0 1 3.5 3H6V2a2 2 0 0 1 2-1zm1 3V3a1 1 0 0 0-2 0v1h2z\"\/><\/svg>K\u00f8b her<\/span><p class=\"rapido\">H\u00e5ndbundet af florister<\/p><\/div><div class=\"lp-produit\"><div class=\"lp-thumbnail-wrapper\"><img decoding=\"async\" width=\"300\" height=\"300\" src=\"https:\/\/interflora.dk\/vores-butikker\/wp-content\/uploads\/2025\/10\/Gavekurv_til_ham_floristens_kreative_valg_2017-300x300.jpg\" class=\"attachment-medium size-medium wp-post-image\" alt=\"\" srcset=\"https:\/\/interflora.dk\/vores-butikker\/wp-content\/uploads\/2025\/10\/Gavekurv_til_ham_floristens_kreative_valg_2017-300x300.jpg 300w, https:\/\/interflora.dk\/vores-butikker\/wp-content\/uploads\/2025\/10\/Gavekurv_til_ham_floristens_kreative_valg_2017-1024x1024.jpg 1024w, https:\/\/interflora.dk\/vores-butikker\/wp-content\/uploads\/2025\/10\/Gavekurv_til_ham_floristens_kreative_valg_2017-150x150.jpg 150w, https:\/\/interflora.dk\/vores-butikker\/wp-content\/uploads\/2025\/10\/Gavekurv_til_ham_floristens_kreative_valg_2017-768x768.jpg 768w, https:\/\/interflora.dk\/vores-butikker\/wp-content\/uploads\/2025\/10\/Gavekurv_til_ham_floristens_kreative_valg_2017.jpg 1200w\" sizes=\"(max-width: 300px) 100vw, 300px\" \/><img decoding=\"async\" class=\"lp-badge\" src=\"https:\/\/interflora.dk\/blog\/wp-content\/uploads\/2025\/09\/220422_INTERFLORA_Main_Logo_rgb_Main_Color.avif\" alt=\"Send blomster med Interflora\"><\/div><span>Gavekurv til ham med \u00f8l (Floristens kreative valg)<\/span><p>Fra 400 kr.<\/p><span class=\"obf-link lp-cta\" role=\"link\" tabindex=\"0\" data-b64=\"aHR0cHM6Ly9pbnRlcmZsb3JhLmRrL3Byb2R1a3QvZ2F2ZWt1cnYtdGlsLWhhbS1mbG9yaXN0ZW5zLWtyZWF0aXZlLXZhbGc=\" data-target=\"_self\"><svg xmlns=\"http:\/\/www.w3.org\/2000\/svg\" width=\"16\" height=\"16\" fill=\"currentColor\" class=\"bi bi-bag\" viewBox=\"0 0 16 16\"><path d=\"M8 1a2 2 0 0 1 2 2v1h2.5A1.5 1.5 0 0 1 14 5.5v8A1.5 1.5 0 0 1 12.5 15h-9A1.5 1.5 0 0 1 2 13.5v-8A1.5 1.5 0 0 1 3.5 3H6V2a2 2 0 0 1 2-1zm1 3V3a1 1 0 0 0-2 0v1h2z\"\/><\/svg>K\u00f8b her<\/span><p class=\"rapido\">H\u00e5ndbundet af florister<\/p><\/div><div class=\"lp-produit\"><div class=\"lp-thumbnail-wrapper\"><img decoding=\"async\" width=\"300\" height=\"300\" src=\"https:\/\/interflora.dk\/vores-butikker\/wp-content\/uploads\/2025\/10\/EN_CHOKOLADEDROEM_4985-1-300x300.jpg\" class=\"attachment-medium size-medium wp-post-image\" alt=\"\" srcset=\"https:\/\/interflora.dk\/vores-butikker\/wp-content\/uploads\/2025\/10\/EN_CHOKOLADEDROEM_4985-1-300x300.jpg 300w, https:\/\/interflora.dk\/vores-butikker\/wp-content\/uploads\/2025\/10\/EN_CHOKOLADEDROEM_4985-1-1024x1024.jpg 1024w, https:\/\/interflora.dk\/vores-butikker\/wp-content\/uploads\/2025\/10\/EN_CHOKOLADEDROEM_4985-1-150x150.jpg 150w, https:\/\/interflora.dk\/vores-butikker\/wp-content\/uploads\/2025\/10\/EN_CHOKOLADEDROEM_4985-1-768x768.jpg 768w, https:\/\/interflora.dk\/vores-butikker\/wp-content\/uploads\/2025\/10\/EN_CHOKOLADEDROEM_4985-1.jpg 1200w\" sizes=\"(max-width: 300px) 100vw, 300px\" \/><img decoding=\"async\" class=\"lp-badge\" src=\"https:\/\/interflora.dk\/blog\/wp-content\/uploads\/2025\/09\/220422_INTERFLORA_Main_Logo_rgb_Main_Color.avif\" alt=\"Send blomster med Interflora\"><\/div><span>En chokoladedr\u00f8m<\/span><p>Fra 389 kr.<\/p><span class=\"obf-link lp-cta\" role=\"link\" tabindex=\"0\" data-b64=\"aHR0cHM6Ly9pbnRlcmZsb3JhLmRrL3Byb2R1a3QvZW4tY2hva29sYWRlZHJvZW0=\" data-target=\"_self\"><svg xmlns=\"http:\/\/www.w3.org\/2000\/svg\" width=\"16\" height=\"16\" fill=\"currentColor\" class=\"bi bi-bag\" viewBox=\"0 0 16 16\"><path d=\"M8 1a2 2 0 0 1 2 2v1h2.5A1.5 1.5 0 0 1 14 5.5v8A1.5 1.5 0 0 1 12.5 15h-9A1.5 1.5 0 0 1 2 13.5v-8A1.5 1.5 0 0 1 3.5 3H6V2a2 2 0 0 1 2-1zm1 3V3a1 1 0 0 0-2 0v1h2z\"\/><\/svg>K\u00f8b her<\/span><p class=\"rapido\">Friske blomster<\/p><\/div><\/div>\n<\/div>\n\t\t\t\t<\/div>\n\t\t\t\t\t\t\t\t<div id=\"tab-11996\" class=\"sp-tab__tab-pane \" role=\"tabpanel\">\n\t\t\t\t\t<div class=\"sp-tab-content animated fadeIn\"><div class=\"lp-produits-grid\"><div class=\"lp-produit\"><div class=\"lp-thumbnail-wrapper\"><img decoding=\"async\" width=\"300\" height=\"300\" src=\"https:\/\/interflora.dk\/vores-butikker\/wp-content\/uploads\/2025\/10\/Baarebuket_Floristens_kreative_valg_i_farver_mellem_2586-300x300.jpg\" class=\"attachment-medium size-medium wp-post-image\" alt=\"\" srcset=\"https:\/\/interflora.dk\/vores-butikker\/wp-content\/uploads\/2025\/10\/Baarebuket_Floristens_kreative_valg_i_farver_mellem_2586-300x300.jpg 300w, https:\/\/interflora.dk\/vores-butikker\/wp-content\/uploads\/2025\/10\/Baarebuket_Floristens_kreative_valg_i_farver_mellem_2586-1024x1024.jpg 1024w, https:\/\/interflora.dk\/vores-butikker\/wp-content\/uploads\/2025\/10\/Baarebuket_Floristens_kreative_valg_i_farver_mellem_2586-150x150.jpg 150w, https:\/\/interflora.dk\/vores-butikker\/wp-content\/uploads\/2025\/10\/Baarebuket_Floristens_kreative_valg_i_farver_mellem_2586-768x768.jpg 768w, https:\/\/interflora.dk\/vores-butikker\/wp-content\/uploads\/2025\/10\/Baarebuket_Floristens_kreative_valg_i_farver_mellem_2586.jpg 1200w\" sizes=\"(max-width: 300px) 100vw, 300px\" \/><img decoding=\"async\" class=\"lp-badge\" src=\"https:\/\/interflora.dk\/blog\/wp-content\/uploads\/2025\/09\/220422_INTERFLORA_Main_Logo_rgb_Main_Color.avif\" alt=\"Send blomster med Interflora\"><\/div><span>B\u00e5rebuket, farverig (Floristens kreative valg)<\/span><p>Fra 349 kr.<\/p><span class=\"obf-link lp-cta\" role=\"link\" tabindex=\"0\" data-b64=\"aHR0cHM6Ly9pbnRlcmZsb3JhLmRrL3Byb2R1a3QvYmFhcmVidWtldC1mYXJ2ZXJpZy1mbG9yaXN0ZW5zLWtyZWF0aXZlLXZhbGc\/dj0xNDA1OCYjMDM4O3ZhcmlhdGlvbj1lNDQyM2FkZC0wOTY1LTQ2YzEtOGEyYy0wZDc4Mzc3ZWE2ZTQ=\" data-target=\"_self\"><svg xmlns=\"http:\/\/www.w3.org\/2000\/svg\" width=\"16\" height=\"16\" fill=\"currentColor\" class=\"bi bi-bag\" viewBox=\"0 0 16 16\"><path d=\"M8 1a2 2 0 0 1 2 2v1h2.5A1.5 1.5 0 0 1 14 5.5v8A1.5 1.5 0 0 1 12.5 15h-9A1.5 1.5 0 0 1 2 13.5v-8A1.5 1.5 0 0 1 3.5 3H6V2a2 2 0 0 1 2-1zm1 3V3a1 1 0 0 0-2 0v1h2z\"\/><\/svg>K\u00f8b her<\/span><p class=\"rapido\">Levering i hele Danmark<\/p><\/div><div class=\"lp-produit\"><div class=\"lp-thumbnail-wrapper\"><img decoding=\"async\" width=\"300\" height=\"300\" src=\"https:\/\/interflora.dk\/vores-butikker\/wp-content\/uploads\/2025\/10\/FYLDIG_BAAREBUKET_MELLEM_U_BAAND_566-1-300x300.jpg\" class=\"attachment-medium size-medium wp-post-image\" alt=\"\" srcset=\"https:\/\/interflora.dk\/vores-butikker\/wp-content\/uploads\/2025\/10\/FYLDIG_BAAREBUKET_MELLEM_U_BAAND_566-1-300x300.jpg 300w, https:\/\/interflora.dk\/vores-butikker\/wp-content\/uploads\/2025\/10\/FYLDIG_BAAREBUKET_MELLEM_U_BAAND_566-1-1024x1024.jpg 1024w, https:\/\/interflora.dk\/vores-butikker\/wp-content\/uploads\/2025\/10\/FYLDIG_BAAREBUKET_MELLEM_U_BAAND_566-1-150x150.jpg 150w, https:\/\/interflora.dk\/vores-butikker\/wp-content\/uploads\/2025\/10\/FYLDIG_BAAREBUKET_MELLEM_U_BAAND_566-1-768x768.jpg 768w, https:\/\/interflora.dk\/vores-butikker\/wp-content\/uploads\/2025\/10\/FYLDIG_BAAREBUKET_MELLEM_U_BAAND_566-1.jpg 1200w\" sizes=\"(max-width: 300px) 100vw, 300px\" \/><img decoding=\"async\" class=\"lp-badge\" src=\"https:\/\/interflora.dk\/blog\/wp-content\/uploads\/2025\/09\/220422_INTERFLORA_Main_Logo_rgb_Main_Color.avif\" alt=\"Send blomster med Interflora\"><\/div><span>B\u00e5rebuket fyldig<\/span><p>Fra 449 kr.<\/p><span class=\"obf-link lp-cta\" role=\"link\" tabindex=\"0\" data-b64=\"aHR0cHM6Ly9pbnRlcmZsb3JhLmRrL3Byb2R1a3QvYmFhcmVidWtldC1meWxkaWc\/dj0yNDExJiMwMzg7dmFyaWF0aW9uPTZiNjk5N2Q4LWI4MmYtNDU0NC04MTcyLWEyYWE3ODUxMmZjMg==\" data-target=\"_self\"><svg xmlns=\"http:\/\/www.w3.org\/2000\/svg\" width=\"16\" height=\"16\" fill=\"currentColor\" class=\"bi bi-bag\" viewBox=\"0 0 16 16\"><path d=\"M8 1a2 2 0 0 1 2 2v1h2.5A1.5 1.5 0 0 1 14 5.5v8A1.5 1.5 0 0 1 12.5 15h-9A1.5 1.5 0 0 1 2 13.5v-8A1.5 1.5 0 0 1 3.5 3H6V2a2 2 0 0 1 2-1zm1 3V3a1 1 0 0 0-2 0v1h2z\"\/><\/svg>K\u00f8b her<\/span><p class=\"rapido\">Bundet af din lokale florist<\/p><\/div><div class=\"lp-produit\"><div class=\"lp-thumbnail-wrapper\"><img decoding=\"async\" width=\"300\" height=\"300\" src=\"https:\/\/interflora.dk\/vores-butikker\/wp-content\/uploads\/2025\/10\/Baarebuket_florists_choise_m_baand_450-1-300x300.jpg\" class=\"attachment-medium size-medium wp-post-image\" alt=\"\" srcset=\"https:\/\/interflora.dk\/vores-butikker\/wp-content\/uploads\/2025\/10\/Baarebuket_florists_choise_m_baand_450-1-300x300.jpg 300w, https:\/\/interflora.dk\/vores-butikker\/wp-content\/uploads\/2025\/10\/Baarebuket_florists_choise_m_baand_450-1-1024x1024.jpg 1024w, https:\/\/interflora.dk\/vores-butikker\/wp-content\/uploads\/2025\/10\/Baarebuket_florists_choise_m_baand_450-1-150x150.jpg 150w, https:\/\/interflora.dk\/vores-butikker\/wp-content\/uploads\/2025\/10\/Baarebuket_florists_choise_m_baand_450-1-768x768.jpg 768w, https:\/\/interflora.dk\/vores-butikker\/wp-content\/uploads\/2025\/10\/Baarebuket_florists_choise_m_baand_450-1.jpg 1200w\" sizes=\"(max-width: 300px) 100vw, 300px\" \/><img decoding=\"async\" class=\"lp-badge\" src=\"https:\/\/interflora.dk\/blog\/wp-content\/uploads\/2025\/09\/220422_INTERFLORA_Main_Logo_rgb_Main_Color.avif\" alt=\"Send blomster med Interflora\"><\/div><span>B\u00e5rebuket, hvid (Floristens kreative valg) med b\u00e5nd<\/span><p>Fra 499 kr.<\/p><span class=\"obf-link lp-cta\" role=\"link\" tabindex=\"0\" data-b64=\"aHR0cHM6Ly9pbnRlcmZsb3JhLmRrL3Byb2R1a3QvYmFhcmVidWtldC1seXNlLW51YW5jZXItZmxvcmlzdGVucy1rcmVhdGl2ZS12YWxnLW1lZC1iYWFuZD92PTIzOTYmIzAzODt2YXJpYXRpb249ZTlmYmE0YjUtNmU0MS00MDA3LTk3NGItMzJiZjI2YzZiZWYw\" data-target=\"_self\"><svg xmlns=\"http:\/\/www.w3.org\/2000\/svg\" width=\"16\" height=\"16\" fill=\"currentColor\" class=\"bi bi-bag\" viewBox=\"0 0 16 16\"><path d=\"M8 1a2 2 0 0 1 2 2v1h2.5A1.5 1.5 0 0 1 14 5.5v8A1.5 1.5 0 0 1 12.5 15h-9A1.5 1.5 0 0 1 2 13.5v-8A1.5 1.5 0 0 1 3.5 3H6V2a2 2 0 0 1 2-1zm1 3V3a1 1 0 0 0-2 0v1h2z\"\/><\/svg>K\u00f8b her<\/span><p class=\"rapido\">Din personlige hilsen<\/p><\/div><div class=\"lp-produit\"><div class=\"lp-thumbnail-wrapper\"><img decoding=\"async\" width=\"300\" height=\"300\" src=\"https:\/\/interflora.dk\/vores-butikker\/wp-content\/uploads\/2025\/10\/KAERLIG_KONDOLENCE_MEDIUM_556-1-300x300.jpg\" class=\"attachment-medium size-medium wp-post-image\" alt=\"\" srcset=\"https:\/\/interflora.dk\/vores-butikker\/wp-content\/uploads\/2025\/10\/KAERLIG_KONDOLENCE_MEDIUM_556-1-300x300.jpg 300w, https:\/\/interflora.dk\/vores-butikker\/wp-content\/uploads\/2025\/10\/KAERLIG_KONDOLENCE_MEDIUM_556-1-1024x1024.jpg 1024w, https:\/\/interflora.dk\/vores-butikker\/wp-content\/uploads\/2025\/10\/KAERLIG_KONDOLENCE_MEDIUM_556-1-150x150.jpg 150w, https:\/\/interflora.dk\/vores-butikker\/wp-content\/uploads\/2025\/10\/KAERLIG_KONDOLENCE_MEDIUM_556-1-768x768.jpg 768w, https:\/\/interflora.dk\/vores-butikker\/wp-content\/uploads\/2025\/10\/KAERLIG_KONDOLENCE_MEDIUM_556-1.jpg 1200w\" sizes=\"(max-width: 300px) 100vw, 300px\" \/><img decoding=\"async\" class=\"lp-badge\" src=\"https:\/\/interflora.dk\/blog\/wp-content\/uploads\/2025\/09\/220422_INTERFLORA_Main_Logo_rgb_Main_Color.avif\" alt=\"Send blomster med Interflora\"><\/div><span>K\u00e6rlig kondolence<\/span><p>Fra 339 kr.<\/p><span class=\"obf-link lp-cta\" role=\"link\" tabindex=\"0\" data-b64=\"aHR0cHM6Ly9pbnRlcmZsb3JhLmRrL3Byb2R1a3Qva2FlcmxpZy1rb25kb2xlbmNlP3Y9OTUxNiYjMDM4O3ZhcmlhdGlvbj0wMjQ2Zjg0Ni03N2M1LTQzNGUtYjBiYi1iOTA4NWRmZmNkYjc=\" data-target=\"_self\"><svg xmlns=\"http:\/\/www.w3.org\/2000\/svg\" width=\"16\" height=\"16\" fill=\"currentColor\" class=\"bi bi-bag\" viewBox=\"0 0 16 16\"><path d=\"M8 1a2 2 0 0 1 2 2v1h2.5A1.5 1.5 0 0 1 14 5.5v8A1.5 1.5 0 0 1 12.5 15h-9A1.5 1.5 0 0 1 2 13.5v-8A1.5 1.5 0 0 1 3.5 3H6V2a2 2 0 0 1 2-1zm1 3V3a1 1 0 0 0-2 0v1h2z\"\/><\/svg>K\u00f8b her<\/span><p class=\"rapido\">Din personlige hilsen<\/p><\/div><div class=\"lp-produit\"><div class=\"lp-thumbnail-wrapper\"><img decoding=\"async\" width=\"300\" height=\"300\" src=\"https:\/\/interflora.dk\/vores-butikker\/wp-content\/uploads\/2025\/10\/Baarebuket_Floristens_kreative_valg_i_farver_med_baand_mellem_2587-300x300.jpg\" class=\"attachment-medium size-medium wp-post-image\" alt=\"\" srcset=\"https:\/\/interflora.dk\/vores-butikker\/wp-content\/uploads\/2025\/10\/Baarebuket_Floristens_kreative_valg_i_farver_med_baand_mellem_2587-300x300.jpg 300w, https:\/\/interflora.dk\/vores-butikker\/wp-content\/uploads\/2025\/10\/Baarebuket_Floristens_kreative_valg_i_farver_med_baand_mellem_2587-1024x1024.jpg 1024w, https:\/\/interflora.dk\/vores-butikker\/wp-content\/uploads\/2025\/10\/Baarebuket_Floristens_kreative_valg_i_farver_med_baand_mellem_2587-150x150.jpg 150w, https:\/\/interflora.dk\/vores-butikker\/wp-content\/uploads\/2025\/10\/Baarebuket_Floristens_kreative_valg_i_farver_med_baand_mellem_2587-768x768.jpg 768w, https:\/\/interflora.dk\/vores-butikker\/wp-content\/uploads\/2025\/10\/Baarebuket_Floristens_kreative_valg_i_farver_med_baand_mellem_2587.jpg 1200w\" sizes=\"(max-width: 300px) 100vw, 300px\" \/><img decoding=\"async\" class=\"lp-badge\" src=\"https:\/\/interflora.dk\/blog\/wp-content\/uploads\/2025\/09\/220422_INTERFLORA_Main_Logo_rgb_Main_Color.avif\" alt=\"Send blomster med Interflora\"><\/div><span>B\u00e5rebuket, farverig (Floristens kreative valg) med b\u00e5nd<\/span><p>Fra 499 kr.<\/p><span class=\"obf-link lp-cta\" role=\"link\" tabindex=\"0\" data-b64=\"aHR0cHM6Ly9pbnRlcmZsb3JhLmRrL3Byb2R1a3QvYmFhcmVidWtldC1mYXJ2ZXJpZy1mbG9yaXN0ZW5zLWtyZWF0aXZlLXZhbGctbWVkLWJhYW5kP3Y9MTQwNjcmIzAzODt2YXJpYXRpb249MTQ4Y2U1MmYtZjNkNS00ZjgwLWE4ZTEtMjBkMDdjNjg1MDQ2\" data-target=\"_self\"><svg xmlns=\"http:\/\/www.w3.org\/2000\/svg\" width=\"16\" height=\"16\" fill=\"currentColor\" class=\"bi bi-bag\" viewBox=\"0 0 16 16\"><path d=\"M8 1a2 2 0 0 1 2 2v1h2.5A1.5 1.5 0 0 1 14 5.5v8A1.5 1.5 0 0 1 12.5 15h-9A1.5 1.5 0 0 1 2 13.5v-8A1.5 1.5 0 0 1 3.5 3H6V2a2 2 0 0 1 2-1zm1 3V3a1 1 0 0 0-2 0v1h2z\"\/><\/svg>K\u00f8b her<\/span><p class=\"rapido\">Kundernes favorit<\/p><\/div><div class=\"lp-produit\"><div class=\"lp-thumbnail-wrapper\"><img decoding=\"async\" width=\"300\" height=\"300\" src=\"https:\/\/interflora.dk\/vores-butikker\/wp-content\/uploads\/2025\/10\/Baarebuket_i_klassisk_stil_med_baand_creme_1262-300x300.jpg\" class=\"attachment-medium size-medium wp-post-image\" alt=\"\" srcset=\"https:\/\/interflora.dk\/vores-butikker\/wp-content\/uploads\/2025\/10\/Baarebuket_i_klassisk_stil_med_baand_creme_1262-300x300.jpg 300w, https:\/\/interflora.dk\/vores-butikker\/wp-content\/uploads\/2025\/10\/Baarebuket_i_klassisk_stil_med_baand_creme_1262-1024x1024.jpg 1024w, https:\/\/interflora.dk\/vores-butikker\/wp-content\/uploads\/2025\/10\/Baarebuket_i_klassisk_stil_med_baand_creme_1262-150x150.jpg 150w, https:\/\/interflora.dk\/vores-butikker\/wp-content\/uploads\/2025\/10\/Baarebuket_i_klassisk_stil_med_baand_creme_1262-768x768.jpg 768w, https:\/\/interflora.dk\/vores-butikker\/wp-content\/uploads\/2025\/10\/Baarebuket_i_klassisk_stil_med_baand_creme_1262.jpg 1200w\" sizes=\"(max-width: 300px) 100vw, 300px\" \/><img decoding=\"async\" class=\"lp-badge\" src=\"https:\/\/interflora.dk\/blog\/wp-content\/uploads\/2025\/09\/220422_INTERFLORA_Main_Logo_rgb_Main_Color.avif\" alt=\"Send blomster med Interflora\"><\/div><span>B\u00e5rebuket i klassisk stil med b\u00e5nd &#8211; hvid<\/span><p>Fra 629 kr.<\/p><span class=\"obf-link lp-cta\" role=\"link\" tabindex=\"0\" data-b64=\"aHR0cHM6Ly9pbnRlcmZsb3JhLmRrL3Byb2R1a3QvYmFhcmVidWtldC1pLWtsYXNzaXNrLXN0aWwtbWVkLWJhYW5kLWh2aWQ=\" data-target=\"_self\"><svg xmlns=\"http:\/\/www.w3.org\/2000\/svg\" width=\"16\" height=\"16\" fill=\"currentColor\" class=\"bi bi-bag\" viewBox=\"0 0 16 16\"><path d=\"M8 1a2 2 0 0 1 2 2v1h2.5A1.5 1.5 0 0 1 14 5.5v8A1.5 1.5 0 0 1 12.5 15h-9A1.5 1.5 0 0 1 2 13.5v-8A1.5 1.5 0 0 1 3.5 3H6V2a2 2 0 0 1 2-1zm1 3V3a1 1 0 0 0-2 0v1h2z\"\/><\/svg>K\u00f8b her<\/span><p class=\"rapido\">Friske blomster<\/p><\/div><div class=\"lp-produit\"><div class=\"lp-thumbnail-wrapper\"><img decoding=\"async\" width=\"300\" height=\"300\" src=\"https:\/\/interflora.dk\/vores-butikker\/wp-content\/uploads\/2025\/10\/FLORISTENS_FARVERIGE_KONDELENCE_BUKET_MEDIUM_2585-300x300.jpg\" class=\"attachment-medium size-medium wp-post-image\" alt=\"\" srcset=\"https:\/\/interflora.dk\/vores-butikker\/wp-content\/uploads\/2025\/10\/FLORISTENS_FARVERIGE_KONDELENCE_BUKET_MEDIUM_2585-300x300.jpg 300w, https:\/\/interflora.dk\/vores-butikker\/wp-content\/uploads\/2025\/10\/FLORISTENS_FARVERIGE_KONDELENCE_BUKET_MEDIUM_2585-1024x1024.jpg 1024w, https:\/\/interflora.dk\/vores-butikker\/wp-content\/uploads\/2025\/10\/FLORISTENS_FARVERIGE_KONDELENCE_BUKET_MEDIUM_2585-150x150.jpg 150w, https:\/\/interflora.dk\/vores-butikker\/wp-content\/uploads\/2025\/10\/FLORISTENS_FARVERIGE_KONDELENCE_BUKET_MEDIUM_2585-768x768.jpg 768w, https:\/\/interflora.dk\/vores-butikker\/wp-content\/uploads\/2025\/10\/FLORISTENS_FARVERIGE_KONDELENCE_BUKET_MEDIUM_2585.jpg 1200w\" sizes=\"(max-width: 300px) 100vw, 300px\" \/><img decoding=\"async\" class=\"lp-badge\" src=\"https:\/\/interflora.dk\/blog\/wp-content\/uploads\/2025\/09\/220422_INTERFLORA_Main_Logo_rgb_Main_Color.avif\" alt=\"Send blomster med Interflora\"><\/div><span>Floristens farverige kondolencebuket<\/span><p>Fra 289 kr.<\/p><span class=\"obf-link lp-cta\" role=\"link\" tabindex=\"0\" data-b64=\"aHR0cHM6Ly9pbnRlcmZsb3JhLmRrL3Byb2R1a3QvZmxvcmlzdGVucy1mYXJ2ZXJpZ2Uta29uZG9sZW5jZWJ1a2V0P3Y9MTM5OTUmIzAzODt2YXJpYXRpb249ZWM0MjkwNzItNGNhOS00YTI5LWFlYjQtMzkzNGJlNjdhMTY1\" data-target=\"_self\"><svg xmlns=\"http:\/\/www.w3.org\/2000\/svg\" width=\"16\" height=\"16\" fill=\"currentColor\" class=\"bi bi-bag\" viewBox=\"0 0 16 16\"><path d=\"M8 1a2 2 0 0 1 2 2v1h2.5A1.5 1.5 0 0 1 14 5.5v8A1.5 1.5 0 0 1 12.5 15h-9A1.5 1.5 0 0 1 2 13.5v-8A1.5 1.5 0 0 1 3.5 3H6V2a2 2 0 0 1 2-1zm1 3V3a1 1 0 0 0-2 0v1h2z\"\/><\/svg>K\u00f8b her<\/span><p class=\"rapido\">Levering i hele Danmark<\/p><\/div><div class=\"lp-produit\"><div class=\"lp-thumbnail-wrapper\"><img decoding=\"async\" width=\"300\" height=\"300\" src=\"https:\/\/interflora.dk\/vores-butikker\/wp-content\/uploads\/2025\/10\/Baarebuket_Florists_Choise_300-1-300x300.jpg\" class=\"attachment-medium size-medium wp-post-image\" alt=\"\" srcset=\"https:\/\/interflora.dk\/vores-butikker\/wp-content\/uploads\/2025\/10\/Baarebuket_Florists_Choise_300-1-300x300.jpg 300w, https:\/\/interflora.dk\/vores-butikker\/wp-content\/uploads\/2025\/10\/Baarebuket_Florists_Choise_300-1-1024x1024.jpg 1024w, https:\/\/interflora.dk\/vores-butikker\/wp-content\/uploads\/2025\/10\/Baarebuket_Florists_Choise_300-1-150x150.jpg 150w, https:\/\/interflora.dk\/vores-butikker\/wp-content\/uploads\/2025\/10\/Baarebuket_Florists_Choise_300-1-768x768.jpg 768w, https:\/\/interflora.dk\/vores-butikker\/wp-content\/uploads\/2025\/10\/Baarebuket_Florists_Choise_300-1.jpg 1200w\" sizes=\"(max-width: 300px) 100vw, 300px\" \/><img decoding=\"async\" class=\"lp-badge\" src=\"https:\/\/interflora.dk\/blog\/wp-content\/uploads\/2025\/09\/220422_INTERFLORA_Main_Logo_rgb_Main_Color.avif\" alt=\"Send blomster med Interflora\"><\/div><span>B\u00e5rebuket, hvid (Floristens kreative valg)<\/span><p>Fra 349 kr.<\/p><span class=\"obf-link lp-cta\" role=\"link\" tabindex=\"0\" data-b64=\"aHR0cHM6Ly9pbnRlcmZsb3JhLmRrL3Byb2R1a3QvYmFhcmVidWtldC1seXNlLW51YW5jZXItZmxvcmlzdGVucy1rcmVhdGl2ZS12YWxnP3Y9MjIzNiYjMDM4O3ZhcmlhdGlvbj1kN2E0M2VjZS01YmQ1LTQ1YzAtYThlZi1lZjRmMjQ2YTY2ZjM=\" data-target=\"_self\"><svg xmlns=\"http:\/\/www.w3.org\/2000\/svg\" width=\"16\" height=\"16\" fill=\"currentColor\" class=\"bi bi-bag\" viewBox=\"0 0 16 16\"><path d=\"M8 1a2 2 0 0 1 2 2v1h2.5A1.5 1.5 0 0 1 14 5.5v8A1.5 1.5 0 0 1 12.5 15h-9A1.5 1.5 0 0 1 2 13.5v-8A1.5 1.5 0 0 1 3.5 3H6V2a2 2 0 0 1 2-1zm1 3V3a1 1 0 0 0-2 0v1h2z\"\/><\/svg>K\u00f8b her<\/span><p class=\"rapido\">Din personlige hilsen<\/p><\/div><\/div>\n<\/div>\n\t\t\t\t<\/div>\n\t\t\t\t<\/div>\n\t\t<\/div>\n\t\t\n\n\n\n<p>\u00d8nsker du at f\u00e5 en buket leveret til Tyrsted? Med Interflora er det simpelt: vores fagl\u00e6rte florister landet over sikrer friskbundne buketter leveret samme dag for bestillinger inden kl. 14. Hvad enten det er til en f\u00f8dselsdag, en f\u00f8dsel, en begravelse eller blot for at gl\u00e6de nogen, finder du den perfekte buket til lejligheden.<\/p>\n\n\n\n<section id=\"business\">\n  <meta itemprop=\"name\" content=\"Interflora \u2013 Blomster til Tyrsted\">\n  <meta itemprop=\"brand\" content=\"Interflora\">\n  <meta itemprop=\"areaServed\" content=\"Tyrsted, Midtjylland, Danmark\">\n<\/section>\n\n\n<h2>De har f\u00e5et leveret blomster eller en plante til Tyrsted<\/h2>    <div class=\"itfr-trustpilot-reviews\">\n                    <article class=\"itfr-trustpilot-review\">\n                <header class=\"itfr-trustpilot-review__header\">\n                    <div class=\"itfr-trustpilot-review__stars\">\n                        \u2605\u2605\u2605\u2605\u2605                    <\/div>\n\n                                            <h3 class=\"itfr-trustpilot-review__title\">Nemt og hurtigt<\/h3>\n                                    <\/header>\n\n                <div class=\"itfr-trustpilot-review__content\">\n                    <p class=\"itfr-trustpilot-review__text\">Nemt og hurtigt<\/p>\n                <\/div>\n\n                <footer class=\"itfr-trustpilot-review__footer\">\n                                            <span class=\"itfr-trustpilot-review__date\">\n                            15 april 2026                        <\/span>\n                                    <\/footer>\n            <\/article>\n                        <article class=\"itfr-trustpilot-review\">\n                <header class=\"itfr-trustpilot-review__header\">\n                    <div class=\"itfr-trustpilot-review__stars\">\n                        \u2605\u2605\u2605\u2605\u2605                    <\/div>\n\n                                            <h3 class=\"itfr-trustpilot-review__title\">Hurtig og nemt<\/h3>\n                                    <\/header>\n\n                <div class=\"itfr-trustpilot-review__content\">\n                    <p class=\"itfr-trustpilot-review__text\">Hurtig og nemt<\/p>\n                <\/div>\n\n                <footer class=\"itfr-trustpilot-review__footer\">\n                                            <span class=\"itfr-trustpilot-review__date\">\n                            13 april 2026                        <\/span>\n                                    <\/footer>\n            <\/article>\n                        <article class=\"itfr-trustpilot-review\">\n                <header class=\"itfr-trustpilot-review__header\">\n                    <div class=\"itfr-trustpilot-review__stars\">\n                        \u2605\u2605\u2605\u2605\u2605                    <\/div>\n\n                                            <h3 class=\"itfr-trustpilot-review__title\">Det er professionelt<\/h3>\n                                    <\/header>\n\n                <div class=\"itfr-trustpilot-review__content\">\n                    <p class=\"itfr-trustpilot-review__text\">Det er professionelt, hurtigt og overskueligt.<\/p>\n                <\/div>\n\n                <footer class=\"itfr-trustpilot-review__footer\">\n                                            <span class=\"itfr-trustpilot-review__date\">\n                            26 februar 2026                        <\/span>\n                                    <\/footer>\n            <\/article>\n                <\/div>\n\n    <p class=\"itfr-trustpilot-disclaimer\">\n        Kundeanmeldelser leveret via Trustpilot.\n        <a href=\"https:\/\/dk.trustpilot.com\/review\/www.interflora.dk\" target=\"_blank\" rel=\"noopener noreferrer\">\n            Se alle anmeldelser p\u00e5 Trustpilot.\n        <\/a>\n    <\/p>\n\n            <script type=\"application\/ld+json\">\n            {\n    \"@context\": \"https:\/\/schema.org\",\n    \"@graph\": [\n        {\n            \"@type\": \"Review\",\n            \"name\": \"Nemt og hurtigt\",\n            \"reviewBody\": \"Nemt og hurtigt\",\n            \"reviewRating\": {\n                \"@type\": \"Rating\",\n                \"ratingValue\": 5,\n                \"bestRating\": 5,\n                \"worstRating\": 1\n            },\n            \"itemReviewed\": {\n                \"@type\": \"Organization\",\n                \"name\": \"Interflora.dk\"\n            },\n            \"datePublished\": \"2026-04-15T00:00:00+00:00\",\n            \"author\": {\n                \"@type\": \"Person\",\n                \"name\": \"Poul Jensen\"\n            }\n        },\n        {\n            \"@type\": \"Review\",\n            \"name\": \"Hurtig og nemt\",\n            \"reviewBody\": \"Hurtig og nemt\",\n            \"reviewRating\": {\n                \"@type\": \"Rating\",\n                \"ratingValue\": 5,\n                \"bestRating\": 5,\n                \"worstRating\": 1\n            },\n            \"itemReviewed\": {\n                \"@type\": \"Organization\",\n                \"name\": \"Interflora.dk\"\n            },\n            \"datePublished\": \"2026-04-13T00:00:00+00:00\",\n            \"author\": {\n                \"@type\": \"Person\",\n                \"name\": \"Annalise  Friis\"\n            }\n        },\n        {\n            \"@type\": \"Review\",\n            \"name\": \"Det er professionelt\",\n            \"reviewBody\": \"Det er professionelt, hurtigt og overskueligt.\",\n            \"reviewRating\": {\n                \"@type\": \"Rating\",\n                \"ratingValue\": 5,\n                \"bestRating\": 5,\n                \"worstRating\": 1\n            },\n            \"itemReviewed\": {\n                \"@type\": \"Organization\",\n                \"name\": \"Interflora.dk\"\n            },\n            \"datePublished\": \"2026-02-26T00:00:00+00:00\",\n            \"author\": {\n                \"@type\": \"Person\",\n                \"name\": \"Rikke Radmussen\"\n            }\n        }\n    ]\n}        <\/script>\n    \n    <\/div>\n\n\n<section class=\"reassurance-wrapper\">\n  <div class=\"reassurance-slider\">\n    <div class=\"reassurance-slide active\">\n      <img decoding=\"async\" src=\"https:\/\/interflora.dk\/vores-butikker\/wp-content\/uploads\/2025\/10\/tilfreds-eller-genleveret.png\" alt=\"Send friske blomster med Interflora\">\n      <h3>Send friske blomster med Interflora<\/h3>\n      <p>Interflora har siden 1925 hjulpet danskerne med at levere personlige og unikke blomsterhilsner rundt i hele landet. Vi er eksperter i at levere de mest friske og smukkeste blomster til enhver og betydningsfuld anledning.<\/p>\n    <\/div>\n    <div class=\"reassurance-slide\">\n      <img decoding=\"async\" src=\"https:\/\/interflora.dk\/vores-butikker\/wp-content\/uploads\/2025\/10\/skabt-af-en-haandvaerks-blomsterhandler.png\" alt=\"Landsd\u00e6kkende blomsterlevering\">\n      <h3>Landsd\u00e6kkende blomsterlevering<\/h3>\n      <p>Hos Interflora tilbyder vi landsd\u00e6kkende levering af blomster til private, offentlige og virksomheder. Vi s\u00f8rger altid for at f\u00e5 din buket pakket godt og sikkert ind, s\u00e5 den st\u00e5r flot og frisk b\u00e5de under og efter leveringen.<\/p>\n    <\/div>\n    <div class=\"reassurance-slide\">\n      <img decoding=\"async\" src=\"https:\/\/interflora.dk\/vores-butikker\/wp-content\/uploads\/2025\/10\/overalt-hele-tiden.png\" alt=\"F\u00e5 din personlige hilsen leveret i dag\">\n      <h3>F\u00e5 din personlige hilsen leveret i dag<\/h3>\n      <p>Vi kan levere blomster den samme dag du laver din bestilling hos os. Du kan afgive din bestilling frem til kl. 14 og i udvalgte omr\u00e5der p\u00e5 Sj\u00e6lland, helt frem til kl. 16.<\/p>\n    <\/div>\n  <\/div>\n  <nav class=\"reassurance-dots\">\n    <button class=\"dot active\" aria-label=\"Slide 1\"><\/button>\n    <button class=\"dot\" aria-label=\"Slide 2\"><\/button>\n    <button class=\"dot\" aria-label=\"Slide 3\"><\/button>\n  <\/nav>\n<\/section>\n\n\n<h2>Blomsterlevering i Tyrsted: Friske blomster leveret med omhu og k\u00e6rlighed<\/h2><p>N\u00e5r du \u00f8nsker at gl\u00e6de en du holder af i Tyrsted, er en smuk buket blomster altid det perfekte valg. Vores <strong>lokale blomsterhandlere<\/strong> i omr\u00e5det st\u00e5r klar til at skabe pr\u00e6cis den stemning, du \u00f8nsker at formidle &#8211; hvad enten det er k\u00e6rlighed, taknemmelighed eller bare et lille &#8216;t\u00e6nker p\u00e5 dig&#8217;.<\/p><p>Hver eneste af vores <strong>h\u00e5ndlavede buketter<\/strong> bliver sammensat med omhu og \u00f8je for detaljen. Vores blomsterhandlere i Tyrsted udv\u00e6lger omhyggeligt de friskeste blomster og skaber unikke arrangementer, der passer perfekt til enhver anledning &#8211; fra f\u00f8dselsdage og jubil\u00e6er til hverdagens sm\u00e5 gl\u00e6der.<\/p><p>Med Interflora i Tyrsted kan du nyde godt af <strong>samme-dags levering<\/strong> p\u00e5 hverdage, n\u00e5r du bestiller inden kl. 14:00. Skal blomsterne leveres en l\u00f8rdag, beder vi dig bestille inden kl. 11:00. Vores p\u00e5lidelige leveringsservice d\u00e6kker hele Tyrsted, fra byens centrum til de omkringliggende kvarterer og omegn.<\/p><p>Lad Interflora og vores dedikerede blomsterhandlere i Tyrsted hj\u00e6lpe dig med at sprede gl\u00e6de. Vi garanterer friske blomster af h\u00f8jeste kvalitet, professionel service og levering til d\u00f8ren &#8211; pr\u00e6cis n\u00e5r det passer dig bedst.<\/p>\n\n\n<h3 class=\"wp-block-heading\">Vores blomsterbutikker i Tyrsted og omegn<\/h3>\n\n\n    <!-- wp:html -->\n    <div class=\"ifl-map\" style=\"width:100%;height:420px;border:0;\"><\/div>\n    <script type=\"application\/json\" class=\"ifl-config\">{\"lat\":55.83,\"lng\":9.86,\"radius\":30,\"zoom\":12,\"limit\":50}<\/script>\n    <!-- \/wp:html -->\n    \n\n\n\n<div class=\"wp-block-columns has-background is-layout-flex wp-container-core-columns-is-layout-28f84493 wp-block-columns-is-layout-flex\" style=\"background-color:#f4ebe4\">\n<div class=\"wp-block-column is-layout-flow wp-block-column-is-layout-flow\">    <!-- wp:group {\"layout\":{\"type\":\"constrained\"}} -->\n    <div class=\"wp-block-group ifl-list\">\n      <!-- wp:list -->\n      <ul>\n                  <li class=\"bloc-liste-fleuristes\">\n            <strong>Tromborg Blomster ApS<\/strong>\n                                      <br><span class=\"ifl-addr\">Sundvej 18, 8700, Horsens<\/span>\n                                      <br><em class=\"ifl-dist\">3,7 km<\/em>\n                      <\/li>\n                  <li class=\"bloc-liste-fleuristes\">\n            <strong>Blomsterhuset Ramdal<\/strong>\n                                      <br><span class=\"ifl-addr\">Bredgade 26, 8722, Hedensted<\/span>\n                                      <br><em class=\"ifl-dist\">12,2 km<\/em>\n                      <\/li>\n                  <li class=\"bloc-liste-fleuristes\">\n            <strong>Bredballe Blomster<\/strong>\n                                      <br><span class=\"ifl-addr\">Horsensvej 329, 7120, Vejle \u00d8<\/span>\n                                      <br><em class=\"ifl-dist\">19,3 km<\/em>\n                      <\/li>\n                  <li class=\"bloc-liste-fleuristes\">\n            <strong>Blomsterhuset Ramdal<\/strong>\n                                      <br><span class=\"ifl-addr\">Torvegade 84, 7160, T\u00f8rring<\/span>\n                                      <br><em class=\"ifl-dist\">22,7 km<\/em>\n                      <\/li>\n                  <li class=\"bloc-liste-fleuristes\">\n            <strong>Blomsterv\u00e6rkstedet<\/strong>\n                                      <br><span class=\"ifl-addr\">Adelgade 86, 8660, Skanderborg<\/span>\n                                      <br><em class=\"ifl-dist\">23,1 km<\/em>\n                      <\/li>\n                  <li class=\"bloc-liste-fleuristes\">\n            <strong>Vesterport Blomster<\/strong>\n                                      <br><span class=\"ifl-addr\">Vestergade 43, 7100, Vejle<\/span>\n                                      <br><em class=\"ifl-dist\">24,0 km<\/em>\n                      <\/li>\n                  <li class=\"bloc-liste-fleuristes\">\n            <strong>Blomsterhuset B\u00f8rkop<\/strong>\n                                      <br><span class=\"ifl-addr\">S\u00f8ndergade 10, 7080, B\u00f8rkop<\/span>\n                                      <br><em class=\"ifl-dist\">24,7 km<\/em>\n                      <\/li>\n                  <li class=\"bloc-liste-fleuristes\">\n            <strong>Solvang Blomster<\/strong>\n                                      <br><span class=\"ifl-addr\">Egeskovvej 58, 7000, Fredericia<\/span>\n                                      <br><em class=\"ifl-dist\">29,3 km<\/em>\n                      <\/li>\n                  <li class=\"bloc-liste-fleuristes\">\n            <strong>Flora<\/strong>\n                                      <br><span class=\"ifl-addr\">Klostervej 10, 8680, Ry<\/span>\n                                      <br><em class=\"ifl-dist\">29,8 km<\/em>\n                      <\/li>\n                      <\/ul>\n      <!-- \/wp:list -->\n    <\/div>\n    <!-- \/wp:group -->\n    \n<\/div>\n<\/div>\n\n\n\n<p>Alle vores florister er udvalgt for deres h\u00e5ndv\u00e6rksm\u00e6ssige kunnen, deres kreativitet og deres effektive service.<\/p>\n\n\n\n<div class=\"wp-block-buttons is-content-justification-center is-layout-flex wp-container-core-buttons-is-layout-a89b3969 wp-block-buttons-is-layout-flex\">\n<div class=\"cta-home-fleuristes wp-block-button cta-home-fleuristes\"><a class=\"wp-block-button__link has-teal-900-background-color has-background wp-element-button\" href=\"https:\/\/interflora.dk\/vores-butikker\/\" style=\"background-color:#04726b\"><strong>Find en Interflora-blomsterhandler<\/strong><\/a><\/div>\n<\/div>\n\n\n\n<h2 class=\"wp-block-heading\">Hvorfor v\u00e6lge Interflora i Tyrsted?<\/h2>\n\n\n\n<p>\u2192 Levering samme dag, selv om s\u00f8ndagen<br>\u2192 Buketter h\u00e5ndbundet af lokale blomsterhandlere<br>\u2192 Hurtig og tilg\u00e6ngelig kundeservice<br>\u2192 Levering i alle kvarterer i Tyrsted<\/p>\n\n\n\n<section itemscope itemtype=\"https:\/\/schema.org\/FAQPage\">\n  <h2 class=\"wp-block-heading\">FAQ \u2013 Blomsterlevering i Tyrsted<\/h2>\n  \n\n<div itemscope itemprop=\"mainEntity\" itemtype=\"https:\/\/schema.org\/Question\">\n  <details class=\"wp-block-details\">\n    <summary><strong><span itemprop=\"name\">Er det ogs\u00e5 muligt at f\u00e5 leveret blomster om s\u00f8ndagen?<\/span><\/strong><\/summary>\n    <div itemscope itemprop=\"acceptedAnswer\" itemtype=\"https:\/\/schema.org\/Answer\">\n      <p itemprop=\"text\">Ja, Interflora leverer om s\u00f8ndagen og p\u00e5 helligdage.<\/p>\n    <\/div>\n  <\/details>\n<\/div>\n\n\n<div itemscope itemprop=\"mainEntity\" itemtype=\"https:\/\/schema.org\/Question\">\n  <details class=\"wp-block-details\">\n    <summary><strong><span itemprop=\"name\">Hvordan kan jeg f\u00f8lge min blomsterlevering?<\/span><\/strong><\/summary>\n    <div itemscope itemprop=\"acceptedAnswer\" itemtype=\"https:\/\/schema.org\/Answer\">\n      <p itemprop=\"text\">F\u00f8lg din bestilling fra din Interflora-konto.<br> S\u00e5 snart din bestilling er leveret, modtager du en bekr\u00e6ftelsesmail p\u00e5 den adresse, du angav ved bestillingen.<br> \u26a0\ufe0f Tjek din spam-mappe for ordrebekr\u00e6ftelsen og leveringsbekr\u00e6ftelsen, hvis relevant.<\/p>\n    <\/div>\n  <\/details>\n<\/div>\n\n\n<div itemscope itemprop=\"mainEntity\" itemtype=\"https:\/\/schema.org\/Question\">\n  <details class=\"wp-block-details\">\n    <summary><strong><span itemprop=\"name\">Leverer I til udlandet fra Danmark?<\/span><\/strong><\/summary>\n    <div itemscope itemprop=\"acceptedAnswer\" itemtype=\"https:\/\/schema.org\/Answer\">\n      <p itemprop=\"text\">\ud83c\udf0d Ja, vi leverer til mere end 150 lande takket v\u00e6re det internationale Interflora-netv\u00e6rk.<br> \u2708\ufe0f Din bestilling overlades til en lokal blomsterhandler i destinationslandet, som sammens\u00e6tter en frisk buket i overensstemmelse med Interfloras stil og kvalitet.<br> \ud83d\udcaf Vi garanterer samme p\u00e5lidelighed og punktlighed overalt i verden.<\/p>\n    <\/div>\n  <\/details>\n<\/div>\n\n\n<div itemscope itemprop=\"mainEntity\" itemtype=\"https:\/\/schema.org\/Question\">\n  <details class=\"wp-block-details\">\n    <summary><strong><span itemprop=\"name\">Hvorn\u00e5r kan jeg senest bestille?<\/span><\/strong><\/summary>\n    <div itemscope itemprop=\"acceptedAnswer\" itemtype=\"https:\/\/schema.org\/Answer\">\n      <p itemprop=\"text\">Ja! Vi accepterer bestillinger til levering samme dag frem til kl. 14.00 (i udvalgte omr\u00e5der p\u00e5 Sj\u00e6lland frem til kl. 16.00, om s\u00f8ndagen frem til kl. 11.00).<br> \ud83d\udce6 V\u00e6lg blot &#8220;I dag&#8221; som leveringsdato<br> \ud83d\udc90 Ved levering til landomr\u00e5der og mindre byer kan det v\u00e6re n\u00f8dvendigt at bestille f\u00f8r kl. 12.00. Ved ceremonier s\u00e5som bryllupper eller begravelser garanterer vi de angivne tidspunkter.<\/p>\n    <\/div>\n  <\/details>\n<\/div>\n\n\n<div itemscope itemprop=\"mainEntity\" itemtype=\"https:\/\/schema.org\/Question\">\n  <details class=\"wp-block-details\">\n    <summary><strong><span itemprop=\"name\">Kan jeg v\u00e6lge leveringstidspunkt?<\/span><\/strong><\/summary>\n    <div itemscope itemprop=\"acceptedAnswer\" itemtype=\"https:\/\/schema.org\/Answer\">\n      <p itemprop=\"text\">\u23f0 For et specifikt tidspunkt bedes du kontakte kundeservice, som vil kontrollere tilg\u00e6ngeligheden.<br> \ud83d\udd4a\ufe0f Ved begravelsestributter vil det angivne tidspunkt altid blive overholdt.<\/p>\n    <\/div>\n  <\/details>\n<\/div>\n\n\n<div itemscope itemprop=\"mainEntity\" itemtype=\"https:\/\/schema.org\/Question\">\n  <details class=\"wp-block-details\">\n    <summary><strong><span itemprop=\"name\">Er de leverede blomster garanteret friske?<\/span><\/strong><\/summary>\n    <div itemscope itemprop=\"acceptedAnswer\" itemtype=\"https:\/\/schema.org\/Answer\">\n      <p itemprop=\"text\">\ud83c\udf3f Absolut! Hver buket er sammensat af friske blomster, der udv\u00e6lges dagligt af modtagerens blomsterhandler.<br> \ud83d\udc90 Blomsterne forberedes specielt til din bestilling, hvilket garanterer optimal friskhed ved levering.<\/p>\n    <\/div>\n  <\/details>\n<\/div>\n\n\n<div itemscope itemprop=\"mainEntity\" itemtype=\"https:\/\/schema.org\/Question\">\n  <details class=\"wp-block-details\">\n    <summary><strong><span itemprop=\"name\">Hvilke blomster kan jeg finde hos Interflora?<\/span><\/strong><\/summary>\n    <div itemscope itemprop=\"acceptedAnswer\" itemtype=\"https:\/\/schema.org\/Answer\">\n      <p itemprop=\"text\">\ud83c\udf3f Vi tilbyder et bredt udvalg af friske s\u00e6sonblomster: roser, liljer, orkid\u00e9er, h\u00e5ndlavede arrangementer.<br> \ud83c\udf37 Vi respekterer s\u00e6sonerne: p\u00e6oner, hortensiaer, tulipaner, solsikker er kun tilg\u00e6ngelige i deres naturlige s\u00e6son.<br> \u267b\ufe0f Vi prioriterer blomster dyrket p\u00e5 en ansvarlig og b\u00e6redygtig m\u00e5de for at garantere kvalitet og sikkerhed.<\/p>\n    <\/div>\n  <\/details>\n<\/div>\n\n\n<div itemscope itemprop=\"mainEntity\" itemtype=\"https:\/\/schema.org\/Question\">\n  <details class=\"wp-block-details\">\n    <summary><strong><span itemprop=\"name\">Hvordan kontakter jeg Interflora?<\/span><\/strong><\/summary>\n    <div itemscope itemprop=\"acceptedAnswer\" itemtype=\"https:\/\/schema.org\/Answer\">\n      <p itemprop=\"text\">\ud83d\udcde Telefon: 43 43 47 47<br> \ud83d\udce7 Online formular: tilg\u00e6ngelig p\u00e5 vores hjemmeside under &#8220;Har du brug for hj\u00e6lp?&#8221;<br> \ud83d\udcf1 Sociale medier: kontakt os p\u00e5 Facebook og Instagram<\/p>\n    <\/div>\n  <\/details>\n<\/div>\n\n\n<\/section>\n\n\n\n<div style=\"height:30px\" aria-hidden=\"true\" class=\"wp-block-spacer\"><\/div>\n\n\n<div style=\"margin:30px 0\"><\/div>\n<div class=\"wp-block-columns fcb-columns\">\n  <div class=\"wp-block-column\">\n    <h3>De 10 mest folkerige byer i regionen<\/h3>\n    <ol><li><a href=\"https:\/\/interflora.dk\/vores-butikker\/midtjylland\/1013299865-aarhus\/\">Aarhus<\/a><\/li><li><a href=\"https:\/\/interflora.dk\/vores-butikker\/midtjylland\/1082652579-randers\/\">Randers<\/a><\/li><li><a href=\"https:\/\/interflora.dk\/vores-butikker\/midtjylland\/1088709100-horsens\/\">Horsens<\/a><\/li><li><a href=\"https:\/\/interflora.dk\/vores-butikker\/midtjylland\/1135231846-herning\/\">Herning<\/a><\/li><li><a href=\"https:\/\/interflora.dk\/vores-butikker\/midtjylland\/1141373120-silkeborg\/\">Silkeborg<\/a><\/li><li><a href=\"https:\/\/interflora.dk\/vores-butikker\/midtjylland\/1197598388-viborg\/\">Viborg<\/a><\/li><li><a href=\"https:\/\/interflora.dk\/vores-butikker\/midtjylland\/1214648350-holstebro\/\">Holstebro<\/a><\/li><li><a href=\"https:\/\/interflora.dk\/vores-butikker\/midtjylland\/1316101710-skive\/\">Skive<\/a><\/li><li><a href=\"https:\/\/interflora.dk\/vores-butikker\/midtjylland\/1333773728-skanderborg\/\">Skanderborg<\/a><\/li><li><a href=\"https:\/\/interflora.dk\/vores-butikker\/midtjylland\/1453740431-ikast\/\">Ikast<\/a><\/li><\/ol>\n  <\/div>\n  <div class=\"wp-block-column\">\n    <h3>De 10 n\u00e6rmeste byer<\/h3>\n    <ol><li><a href=\"https:\/\/interflora.dk\/vores-butikker\/midtjylland\/8518632544-dagnaes\/\">Dagn\u00e6s<\/a> (1,3 km)<\/li><li><a href=\"https:\/\/interflora.dk\/vores-butikker\/midtjylland\/3817422856-neder-ustrup\/\">Neder Ustrup<\/a> (2,2 km)<\/li><li><a href=\"https:\/\/interflora.dk\/vores-butikker\/midtjylland\/5111116832-torsted\/\">Torsted<\/a> (2,5 km)<\/li><li><a href=\"https:\/\/interflora.dk\/vores-butikker\/midtjylland\/9098193919-oernstrup\/\">\u00d8rnstrup<\/a> (3,3 km)<\/li><li><a href=\"https:\/\/interflora.dk\/vores-butikker\/midtjylland\/1088709100-horsens\/\">Horsens<\/a> (3,4 km)<\/li><li><a href=\"https:\/\/interflora.dk\/vores-butikker\/midtjylland\/9558465441-oens\/\">Oens<\/a> (4,5 km)<\/li><li><a href=\"https:\/\/interflora.dk\/vores-butikker\/midtjylland\/3295823925-stensballe\/\">Stensballe<\/a> (5,4 km)<\/li><li><a href=\"https:\/\/interflora.dk\/vores-butikker\/midtjylland\/9769830690-meldrup\/\">Meldrup<\/a> (6,7 km)<\/li><li><a href=\"https:\/\/interflora.dk\/vores-butikker\/midtjylland\/6310269726-nebsager\/\">Nebsager<\/a> (7,8 km)<\/li><li><a href=\"https:\/\/interflora.dk\/vores-butikker\/midtjylland\/9670125058-blirup\/\">Blirup<\/a> (8,0 km)<\/li><\/ol>\n  <\/div>\n  <div class=\"wp-block-column\">\n    <h3>Blomsterhandlere i de store byer<\/h3>\n    <ol><li><a href=\"https:\/\/interflora.dk\/vores-butikker\/hovedstaden\/1007469457-koebenhavn\/\">K\u00f8benhavn<\/a><\/li><li><a href=\"https:\/\/interflora.dk\/vores-butikker\/midtjylland\/1013299865-aarhus\/\">Aarhus<\/a><\/li><li><a href=\"https:\/\/interflora.dk\/vores-butikker\/syddanmark\/1026813935-odense\/\">Odense<\/a><\/li><li><a href=\"https:\/\/interflora.dk\/vores-butikker\/nordjylland\/1055536187-aalborg\/\">Aalborg<\/a><\/li><li><a href=\"https:\/\/interflora.dk\/vores-butikker\/sjaelland\/1122450819-roskilde\/\">Roskilde<\/a><\/li><li><a href=\"https:\/\/interflora.dk\/vores-butikker\/midtjylland\/1088709100-horsens\/\">Horsens<\/a><\/li><li><a href=\"https:\/\/interflora.dk\/vores-butikker\/syddanmark\/1115441659-vejle\/\">Vejle<\/a><\/li><li><a href=\"https:\/\/interflora.dk\/vores-butikker\/midtjylland\/1082652579-randers\/\">Randers<\/a><\/li><li><a href=\"https:\/\/interflora.dk\/vores-butikker\/syddanmark\/1092722100-kolding\/\">Kolding<\/a><\/li><\/ol>\n  <\/div>\n<\/div>\n\n\n<div class=\"articles-associes\" style=\"padding:20px; background:#f9f9f9; border-top:1px solid #ddd;\"><h3>Vores r\u00e5d om blomster, planter og havearbejde<\/h3><div class=\"articles-grid\" style=\"display:grid; grid-template-columns:repeat(auto-fill,minmax(200px,1fr)); gap:20px;\"><div class='article-card'><a href='https:\/\/interflora.dk\/blog\/jeg-elsker-dig-mor\/' target='_blank' rel='noopener'><img decoding=\"async\" src=\"https:\/\/interflora.dk\/blog\/wp-content\/uploads\/2025\/04\/annesophiebenoit-interflora-sweden-35_SWE-Bukett-till-mor-768x512.jpg\" alt=\"S\u00e5dan siger du, &#8220;jeg elsker dig&#8221; til din mor: Her er vores tips til, hvordan du udtrykker din k\u00e6rlighed\" loading=\"lazy\" style=\"width:100%; height:auto; border-radius:6px;\"><h4 style='margin-top:10px;'>S\u00e5dan siger du, &#8220;jeg elsker dig&#8221; til din mor: Her er vores tips til, hvordan du udtrykker din k\u00e6rlighed<\/h4><\/a><p style='font-size: 0.9em; color: #555;'>Ethvert \u00f8jeblik er et godt tidspunkt at sige \u201djeg elsker dig\u201d til din mor \u2013 uanset om det er Mors [&hellip;]<\/p><\/div><div class='article-card'><a href='https:\/\/interflora.dk\/blog\/hvordan-toerrer-man-paeoner-uden-at-beskadige-kronbladene\/' target='_blank' rel='noopener'><img decoding=\"async\" src=\"https:\/\/interflora.dk\/blog\/wp-content\/uploads\/2026\/04\/gros-bouquet-de-pivoines.jpg\" alt=\"Hvordan t\u00f8rrer man p\u00e6oner uden at beskadige kronbladene?\" loading=\"lazy\" style=\"width:100%; height:auto; border-radius:6px;\"><h4 style='margin-top:10px;'>Hvordan t\u00f8rrer man p\u00e6oner uden at beskadige kronbladene?<\/h4><\/a><p style='font-size: 0.9em; color: #555;'>Har dine p\u00e6oner allerede vist sig fra deres allerbedste side? Er blomstringen ved at v\u00e6re ovre, og har du lyst [&hellip;]<\/p><\/div><div class='article-card'><a href='https:\/\/interflora.dk\/blog\/omplantning-af-paeoner-teknikker-til-at-flytte-eller-dele-dine-paeonplanter\/' target='_blank' rel='noopener'><img decoding=\"async\" src=\"https:\/\/interflora.dk\/blog\/wp-content\/uploads\/2026\/04\/annesophiebenoit-interflora-saint-valentin-77-768x1152.jpg\" alt=\"Omplantning af p\u00e6oner: Teknikker til at flytte eller dele dine p\u00e6onplanter\" loading=\"lazy\" style=\"width:100%; height:auto; border-radius:6px;\"><h4 style='margin-top:10px;'>Omplantning af p\u00e6oner: Teknikker til at flytte eller dele dine p\u00e6onplanter<\/h4><\/a><p style='font-size: 0.9em; color: #555;'>Du har m\u00e5ske h\u00f8rt, at man ikke b\u00f8r grave en p\u00e6on op og flytte den. P\u00e6oner er nemlig kendt for [&hellip;]<\/p><\/div><div class='article-card'><a href='https:\/\/interflora.dk\/blog\/de-rigtige-blomster-til-mors-dag\/' target='_blank' rel='noopener'><img decoding=\"async\" src=\"https:\/\/interflora.dk\/blog\/wp-content\/uploads\/2026\/04\/annesophiebenoit-interflora-sweden-48.jpg\" alt=\"De rigtige blomster til Mors Dag\" loading=\"lazy\" style=\"width:100%; height:auto; border-radius:6px;\"><h4 style='margin-top:10px;'>De rigtige blomster til Mors Dag<\/h4><\/a><p style='font-size: 0.9em; color: #555;'>Ligesom p\u00e5 Valentinsdag har en buket til Mors Dag stor betydning og b\u00f8r derfor v\u00e6lges med omhu. Blomsterne, farverne og [&hellip;]<\/p><\/div><div class='article-card'><a href='https:\/\/interflora.dk\/blog\/hvilke-blomster-symboliserer-moderskabet\/' target='_blank' rel='noopener'><img decoding=\"async\" src=\"https:\/\/interflora.dk\/blog\/wp-content\/uploads\/2026\/04\/annesophiebenoit-interflora-saint-valentin-9-768x1152.jpg\" alt=\"De bedste blomster til Mors Dag med moderlig symbolik\" loading=\"lazy\" style=\"width:100%; height:auto; border-radius:6px;\"><h4 style='margin-top:10px;'>De bedste blomster til Mors Dag med moderlig symbolik<\/h4><\/a><p style='font-size: 0.9em; color: #555;'>Hver dag er en god anledning til at fort\u00e6lle din mor, hvor meget du elsker hende \u2013 men der er [&hellip;]<\/p><\/div><div class='article-card'><a href='https:\/\/interflora.dk\/blog\/mors-dag-tekst\/' target='_blank' rel='noopener'><img decoding=\"async\" src=\"https:\/\/interflora.dk\/blog\/wp-content\/uploads\/2025\/04\/Den-sodeste-mor-DK-3-1-768x1024.jpg\" alt=\"Gl\u00e6delig Mors Dag! 6 s\u00f8de ideer til teksten i kortet\" loading=\"lazy\" style=\"width:100%; height:auto; border-radius:6px;\"><h4 style='margin-top:10px;'>Gl\u00e6delig Mors Dag! 6 s\u00f8de ideer til teksten i kortet<\/h4><\/a><p style='font-size: 0.9em; color: #555;'>Den 2. s\u00f8ndag i maj er det Mors Dag, hvilket hos mange familier er en k\u00e6rkommen tradition, der bliver fejret. [&hellip;]<\/p><\/div><div class='article-card'><a href='https:\/\/interflora.dk\/blog\/plantning-af-paeoner-alt-om-plantning\/' target='_blank' rel='noopener'><img decoding=\"async\" src=\"https:\/\/interflora.dk\/blog\/wp-content\/uploads\/2026\/04\/ramo-de-peonias-14-768x512.jpg\" alt=\"Plantning af p\u00e6oner: Alt om plantning af p\u00e6oner\" loading=\"lazy\" style=\"width:100%; height:auto; border-radius:6px;\"><h4 style='margin-top:10px;'>Plantning af p\u00e6oner: Alt om plantning af p\u00e6oner<\/h4><\/a><p style='font-size: 0.9em; color: #555;'>P\u00e6onen er en ikonisk blomst i haver og forts\u00e6tter med at gl\u00e6de generation efter generation. Men p\u00e6onen har en foretrukken [&hellip;]<\/p><\/div><div class='article-card'><a href='https:\/\/interflora.dk\/blog\/hvilken-plante-skal-man-foraere-sin-mor\/' target='_blank' rel='noopener'><img decoding=\"async\" src=\"https:\/\/interflora.dk\/blog\/wp-content\/uploads\/2025\/04\/annesophiebenoit-interflora-sweden-73-768x1152.jpg\" alt=\"Hvilken plante skal du for\u00e6re din mor p\u00e5 Mors Dag?\u00a0\" loading=\"lazy\" style=\"width:100%; height:auto; border-radius:6px;\"><h4 style='margin-top:10px;'>Hvilken plante skal du for\u00e6re din mor p\u00e5 Mors Dag?\u00a0<\/h4><\/a><p style='font-size: 0.9em; color: #555;'>Er du i tvivl om, hvilken plante der vil gl\u00e6de din mor p\u00e5 Mors Dag? Interflora giver dig med de [&hellip;]<\/p><\/div><\/div><\/div>\n\n\n\n<script type=\"application\/ld+json\">\n{\n  \"@context\": \"https:\/\/schema.org\",\n  \"@type\": \"Organization\",\n  \"name\": \"Interflora Tyrsted\",\n  \"url\": \"https:\/\/interflora.dk\",\n  \"logo\": \"https:\/\/interflora.dk\/vores-butikker\/wp-content\/themes\/astra-child-interflora\/assets\/images\/interflora-logo.svg\",\n  \"aggregateRating\": {\n    \"@type\": \"AggregateRating\",\n    \"ratingValue\": \"4.5\",\n    \"reviewCount\": \"350\",\n    \"bestRating\": \"5\",\n    \"worstRating\": \"4\"\n  }\n}\n<\/script>\n\n\n\r\n<div itemscope itemtype=\"https:\/\/schema.org\/Florist\" style=\"display:none;\">\r\n  <span itemprop=\"name\">Interflora Horsens &#8211; Tromborg Blomster ApS<\/span>\r\n  <div itemprop=\"address\" itemscope itemtype=\"https:\/\/schema.org\/PostalAddress\">\r\n    <span itemprop=\"streetAddress\">Sundvej 18<\/span>\r\n    <span itemprop=\"postalCode\">8700<\/span>\r\n    <span itemprop=\"addressLocality\">Horsens<\/span>\r\n    <span itemprop=\"addressCountry\">Danmark<\/span>\r\n  <\/div>\r\n  <span itemprop=\"telephone\">+4586123456<\/span>\r\n  <link itemprop=\"url\" href=\"https:\/\/www.interflora.dk\">\r\n<\/div>\r\n\r\n<div itemscope itemtype=\"https:\/\/schema.org\/Florist\" style=\"display:none;\">\r\n  <span itemprop=\"name\">Interflora Hedensted &#8211; Blomsterhuset Ramdal<\/span>\r\n  <div itemprop=\"address\" itemscope itemtype=\"https:\/\/schema.org\/PostalAddress\">\r\n    <span itemprop=\"streetAddress\">Bredgade 26<\/span>\r\n    <span itemprop=\"postalCode\">8722<\/span>\r\n    <span itemprop=\"addressLocality\">Hedensted<\/span>\r\n    <span itemprop=\"addressCountry\">Danmark<\/span>\r\n  <\/div>\r\n  <span itemprop=\"telephone\">+4586123456<\/span>\r\n  <link itemprop=\"url\" href=\"https:\/\/www.interflora.dk\">\r\n<\/div>\r\n\r\n<div itemscope itemtype=\"https:\/\/schema.org\/Florist\" style=\"display:none;\">\r\n  <span itemprop=\"name\">Interflora Vejle \u00d8 &#8211; Bredballe Blomster<\/span>\r\n  <div itemprop=\"address\" itemscope itemtype=\"https:\/\/schema.org\/PostalAddress\">\r\n    <span itemprop=\"streetAddress\">Horsensvej 329<\/span>\r\n    <span itemprop=\"postalCode\">7120<\/span>\r\n    <span itemprop=\"addressLocality\">Vejle \u00d8<\/span>\r\n    <span itemprop=\"addressCountry\">Danmark<\/span>\r\n  <\/div>\r\n  <span itemprop=\"telephone\">+4586123456<\/span>\r\n  <link itemprop=\"url\" href=\"https:\/\/www.interflora.dk\">\r\n<\/div>\r\n\r\n<div itemscope itemtype=\"https:\/\/schema.org\/Florist\" style=\"display:none;\">\r\n  <span itemprop=\"name\">Interflora T\u00f8rring &#8211; Blomsterhuset Ramdal<\/span>\r\n  <div itemprop=\"address\" itemscope itemtype=\"https:\/\/schema.org\/PostalAddress\">\r\n    <span itemprop=\"streetAddress\">Torvegade 84<\/span>\r\n    <span itemprop=\"postalCode\">7160<\/span>\r\n    <span itemprop=\"addressLocality\">T\u00f8rring<\/span>\r\n    <span itemprop=\"addressCountry\">Danmark<\/span>\r\n  <\/div>\r\n  <span itemprop=\"telephone\">+4586123456<\/span>\r\n  <link itemprop=\"url\" href=\"https:\/\/www.interflora.dk\">\r\n<\/div>\r\n\r\n<div itemscope itemtype=\"https:\/\/schema.org\/Florist\" style=\"display:none;\">\r\n  <span itemprop=\"name\">Interflora Skanderborg &#8211; Blomsterv\u00e6rkstedet<\/span>\r\n  <div itemprop=\"address\" itemscope itemtype=\"https:\/\/schema.org\/PostalAddress\">\r\n    <span itemprop=\"streetAddress\">Adelgade 86<\/span>\r\n    <span itemprop=\"postalCode\">8660<\/span>\r\n    <span itemprop=\"addressLocality\">Skanderborg<\/span>\r\n    <span itemprop=\"addressCountry\">Danmark<\/span>\r\n  <\/div>\r\n  <span itemprop=\"telephone\">+4586123456<\/span>\r\n  <link itemprop=\"url\" href=\"https:\/\/www.interflora.dk\">\r\n<\/div>\r\n\r\n<div itemscope itemtype=\"https:\/\/schema.org\/Florist\" style=\"display:none;\">\r\n  <span itemprop=\"name\">Interflora Vejle &#8211; Vesterport Blomster<\/span>\r\n  <div itemprop=\"address\" itemscope itemtype=\"https:\/\/schema.org\/PostalAddress\">\r\n    <span itemprop=\"streetAddress\">Vestergade 43<\/span>\r\n    <span itemprop=\"postalCode\">7100<\/span>\r\n    <span itemprop=\"addressLocality\">Vejle<\/span>\r\n    <span itemprop=\"addressCountry\">Danmark<\/span>\r\n  <\/div>\r\n  <span itemprop=\"telephone\">+4586123456<\/span>\r\n  <link itemprop=\"url\" href=\"https:\/\/www.interflora.dk\">\r\n<\/div>\r\n\r\n<div itemscope itemtype=\"https:\/\/schema.org\/Florist\" style=\"display:none;\">\r\n  <span itemprop=\"name\">Interflora B\u00f8rkop &#8211; Blomsterhuset B\u00f8rkop<\/span>\r\n  <div itemprop=\"address\" itemscope itemtype=\"https:\/\/schema.org\/PostalAddress\">\r\n    <span itemprop=\"streetAddress\">S\u00f8ndergade 10<\/span>\r\n    <span itemprop=\"postalCode\">7080<\/span>\r\n    <span itemprop=\"addressLocality\">B\u00f8rkop<\/span>\r\n    <span itemprop=\"addressCountry\">Danmark<\/span>\r\n  <\/div>\r\n  <span itemprop=\"telephone\">+4586123456<\/span>\r\n  <link itemprop=\"url\" href=\"https:\/\/www.interflora.dk\">\r\n<\/div>\r\n\n","protected":false},"excerpt":{"rendered":"<p>De mest popul\u00e6re buketter og blomster i Tyrsted \u00d8nsker du at f\u00e5 en buket leveret til Tyrsted? Med Interflora er [&hellip;]<\/p>\n","protected":false},"author":1,"featured_media":0,"comment_status":"closed","ping_status":"","sticky":false,"template":"","format":"standard","meta":{"site-sidebar-layout":"default","site-content-layout":"","ast-site-content-layout":"default","site-content-style":"default","site-sidebar-style":"default","ast-global-header-display":"","ast-banner-title-visibility":"","ast-main-header-display":"","ast-hfb-above-header-display":"","ast-hfb-below-header-display":"","ast-hfb-mobile-header-display":"","site-post-title":"","ast-breadcrumbs-content":"","ast-featured-img":"","footer-sml-layout":"","ast-disable-related-posts":"","theme-transparent-header-meta":"","adv-header-id-meta":"","stick-header-meta":"","header-above-stick-meta":"","header-main-stick-meta":"","header-below-stick-meta":"","astra-migrate-meta-layouts":"default","ast-page-background-enabled":"default","ast-page-background-meta":{"desktop":{"background-color":"var(--ast-global-color-5)","background-image":"","background-repeat":"repeat","background-position":"center center","background-size":"auto","background-attachment":"scroll","background-type":"","background-media":"","overlay-type":"","overlay-color":"","overlay-opacity":"","overlay-gradient":""},"tablet":{"background-color":"","background-image":"","background-repeat":"repeat","background-position":"center center","background-size":"auto","background-attachment":"scroll","background-type":"","background-media":"","overlay-type":"","overlay-color":"","overlay-opacity":"","overlay-gradient":""},"mobile":{"background-color":"","background-image":"","background-repeat":"repeat","background-position":"center center","background-size":"auto","background-attachment":"scroll","background-type":"","background-media":"","overlay-type":"","overlay-color":"","overlay-opacity":"","overlay-gradient":""}},"ast-content-background-meta":{"desktop":{"background-color":"var(--ast-global-color-4)","background-image":"","background-repeat":"repeat","background-position":"center center","background-size":"auto","background-attachment":"scroll","background-type":"","background-media":"","overlay-type":"","overlay-color":"","overlay-opacity":"","overlay-gradient":""},"tablet":{"background-color":"var(--ast-global-color-4)","background-image":"","background-repeat":"repeat","background-position":"center center","background-size":"auto","background-attachment":"scroll","background-type":"","background-media":"","overlay-type":"","overlay-color":"","overlay-opacity":"","overlay-gradient":""},"mobile":{"background-color":"var(--ast-global-color-4)","background-image":"","background-repeat":"repeat","background-position":"center center","background-size":"auto","background-attachment":"scroll","background-type":"","background-media":"","overlay-type":"","overlay-color":"","overlay-opacity":"","overlay-gradient":""}},"code_insee":"8053992537","footnotes":""},"categories":[5],"tags":[],"class_list":["post-1749","post","type-post","status-publish","format-standard","hentry","category-midtjylland"],"yoast_head":"<!-- This site is optimized with the Yoast SEO plugin v27.4 - https:\/\/yoast.com\/product\/yoast-seo-wordpress\/ -->\n<title>Blomster Tyrsted - Interflora-butikker Tyrsted<\/title>\n<meta name=\"description\" content=\"Interflora \ud83c\udf3b F\u00e5 friske blomster leveret til Tyrsted, fra 199 kr. - Levering samme dag af en lokal florist. Send en buket nemt og hurtigt!\" \/>\n<meta name=\"robots\" content=\"index, follow, max-snippet:-1, max-image-preview:large, max-video-preview:-1\" \/>\n<link rel=\"canonical\" href=\"https:\/\/interflora.dk\/vores-butikker\/midtjylland\/8053992537-tyrsted\/\" \/>\n<meta property=\"og:locale\" content=\"da_DK\" \/>\n<meta property=\"og:type\" content=\"article\" \/>\n<meta property=\"og:title\" content=\"Blomster Tyrsted - Interflora-butikker Tyrsted\" \/>\n<meta property=\"og:description\" content=\"Interflora \ud83c\udf3b F\u00e5 friske blomster leveret til Tyrsted, fra 199 kr. - Levering samme dag af en lokal florist. Send en buket nemt og hurtigt!\" \/>\n<meta property=\"og:url\" content=\"https:\/\/interflora.dk\/vores-butikker\/midtjylland\/8053992537-tyrsted\/\" \/>\n<meta property=\"og:site_name\" content=\"Blomsterhandler for hele Danmark - Se mere | Interflora\" \/>\n<meta property=\"article:published_time\" content=\"2025-10-23T12:26:54+00:00\" \/>\n<meta property=\"article:modified_time\" content=\"2025-10-24T08:47:17+00:00\" \/>\n<meta property=\"og:image\" content=\"https:\/\/interflora.dk\/vores-butikker\/wp-content\/uploads\/2025\/10\/tilfreds-eller-genleveret.png\" \/>\n<meta name=\"author\" content=\"Interflora\" \/>\n<meta name=\"twitter:card\" content=\"summary_large_image\" \/>\n<meta name=\"twitter:label1\" content=\"Skrevet af\" \/>\n\t<meta name=\"twitter:data1\" content=\"Interflora\" \/>\n\t<meta name=\"twitter:label2\" content=\"Estimeret l\u00e6setid\" \/>\n\t<meta name=\"twitter:data2\" content=\"4 minutter\" \/>\n<script type=\"application\/ld+json\" class=\"yoast-schema-graph\">{\"@context\":\"https:\\\/\\\/schema.org\",\"@graph\":[{\"@type\":\"Article\",\"@id\":\"https:\\\/\\\/interflora.dk\\\/vores-butikker\\\/midtjylland\\\/8053992537-tyrsted\\\/#article\",\"isPartOf\":{\"@id\":\"https:\\\/\\\/interflora.dk\\\/vores-butikker\\\/midtjylland\\\/8053992537-tyrsted\\\/\"},\"author\":{\"name\":\"Interflora\",\"@id\":\"https:\\\/\\\/interflora.dk\\\/vores-butikker\\\/#\\\/schema\\\/person\\\/ae0b7af894a5b107aac82579bac7f321\"},\"headline\":\"Interflora-butikker Tyrsted \u2013 Send blomster til Tyrsted\",\"datePublished\":\"2025-10-23T12:26:54+00:00\",\"dateModified\":\"2025-10-24T08:47:17+00:00\",\"mainEntityOfPage\":{\"@id\":\"https:\\\/\\\/interflora.dk\\\/vores-butikker\\\/midtjylland\\\/8053992537-tyrsted\\\/\"},\"wordCount\":884,\"publisher\":{\"@id\":\"https:\\\/\\\/interflora.dk\\\/vores-butikker\\\/#organization\"},\"image\":{\"@id\":\"https:\\\/\\\/interflora.dk\\\/vores-butikker\\\/midtjylland\\\/8053992537-tyrsted\\\/#primaryimage\"},\"thumbnailUrl\":\"https:\\\/\\\/interflora.dk\\\/vores-butikker\\\/wp-content\\\/uploads\\\/2025\\\/10\\\/tilfreds-eller-genleveret.png\",\"articleSection\":[\"Send blomster p\u00e5 Midtjylland\"],\"inLanguage\":\"da-DK\"},{\"@type\":\"WebPage\",\"@id\":\"https:\\\/\\\/interflora.dk\\\/vores-butikker\\\/midtjylland\\\/8053992537-tyrsted\\\/\",\"url\":\"https:\\\/\\\/interflora.dk\\\/vores-butikker\\\/midtjylland\\\/8053992537-tyrsted\\\/\",\"name\":\"Blomster Tyrsted - Interflora-butikker Tyrsted\",\"isPartOf\":{\"@id\":\"https:\\\/\\\/interflora.dk\\\/vores-butikker\\\/#website\"},\"primaryImageOfPage\":{\"@id\":\"https:\\\/\\\/interflora.dk\\\/vores-butikker\\\/midtjylland\\\/8053992537-tyrsted\\\/#primaryimage\"},\"image\":{\"@id\":\"https:\\\/\\\/interflora.dk\\\/vores-butikker\\\/midtjylland\\\/8053992537-tyrsted\\\/#primaryimage\"},\"thumbnailUrl\":\"https:\\\/\\\/interflora.dk\\\/vores-butikker\\\/wp-content\\\/uploads\\\/2025\\\/10\\\/tilfreds-eller-genleveret.png\",\"datePublished\":\"2025-10-23T12:26:54+00:00\",\"dateModified\":\"2025-10-24T08:47:17+00:00\",\"description\":\"Interflora \ud83c\udf3b F\u00e5 friske blomster leveret til Tyrsted, fra 199 kr. - Levering samme dag af en lokal florist. Send en buket nemt og hurtigt!\",\"breadcrumb\":{\"@id\":\"https:\\\/\\\/interflora.dk\\\/vores-butikker\\\/midtjylland\\\/8053992537-tyrsted\\\/#breadcrumb\"},\"inLanguage\":\"da-DK\",\"potentialAction\":[{\"@type\":\"ReadAction\",\"target\":[\"https:\\\/\\\/interflora.dk\\\/vores-butikker\\\/midtjylland\\\/8053992537-tyrsted\\\/\"]}]},{\"@type\":\"ImageObject\",\"inLanguage\":\"da-DK\",\"@id\":\"https:\\\/\\\/interflora.dk\\\/vores-butikker\\\/midtjylland\\\/8053992537-tyrsted\\\/#primaryimage\",\"url\":\"https:\\\/\\\/interflora.dk\\\/vores-butikker\\\/wp-content\\\/uploads\\\/2025\\\/10\\\/tilfreds-eller-genleveret.png\",\"contentUrl\":\"https:\\\/\\\/interflora.dk\\\/vores-butikker\\\/wp-content\\\/uploads\\\/2025\\\/10\\\/tilfreds-eller-genleveret.png\",\"width\":660,\"height\":660},{\"@type\":\"BreadcrumbList\",\"@id\":\"https:\\\/\\\/interflora.dk\\\/vores-butikker\\\/midtjylland\\\/8053992537-tyrsted\\\/#breadcrumb\",\"itemListElement\":[{\"@type\":\"ListItem\",\"position\":1,\"name\":\"Blomsterhandler\",\"item\":\"https:\\\/\\\/interflora.dk\\\/vores-butikker\\\/\"},{\"@type\":\"ListItem\",\"position\":2,\"name\":\"Interflora butikker Tyrsted \u2013 Send blomster til Tyrsted\"}]},{\"@type\":\"WebSite\",\"@id\":\"https:\\\/\\\/interflora.dk\\\/vores-butikker\\\/#website\",\"url\":\"https:\\\/\\\/interflora.dk\\\/vores-butikker\\\/\",\"name\":\"Vores butikker\",\"description\":\"Interflora blomsterbutikker\",\"publisher\":{\"@id\":\"https:\\\/\\\/interflora.dk\\\/vores-butikker\\\/#organization\"},\"potentialAction\":[{\"@type\":\"SearchAction\",\"target\":{\"@type\":\"EntryPoint\",\"urlTemplate\":\"https:\\\/\\\/interflora.dk\\\/vores-butikker\\\/?s={search_term_string}\"},\"query-input\":{\"@type\":\"PropertyValueSpecification\",\"valueRequired\":true,\"valueName\":\"search_term_string\"}}],\"inLanguage\":\"da-DK\"},{\"@type\":\"Organization\",\"@id\":\"https:\\\/\\\/interflora.dk\\\/vores-butikker\\\/#organization\",\"name\":\"Interflora\",\"url\":\"https:\\\/\\\/interflora.dk\\\/vores-butikker\\\/\",\"logo\":{\"@type\":\"ImageObject\",\"inLanguage\":\"da-DK\",\"@id\":\"https:\\\/\\\/interflora.dk\\\/vores-butikker\\\/#\\\/schema\\\/logo\\\/image\\\/\",\"url\":\"https:\\\/\\\/interflora.dk\\\/vores-butikker\\\/wp-content\\\/uploads\\\/2025\\\/10\\\/220422_INTERFLORA_Main_Logo_rgb_Positive_Color.png\",\"contentUrl\":\"https:\\\/\\\/interflora.dk\\\/vores-butikker\\\/wp-content\\\/uploads\\\/2025\\\/10\\\/220422_INTERFLORA_Main_Logo_rgb_Positive_Color.png\",\"width\":1575,\"height\":1573,\"caption\":\"Interflora\"},\"image\":{\"@id\":\"https:\\\/\\\/interflora.dk\\\/vores-butikker\\\/#\\\/schema\\\/logo\\\/image\\\/\"}},{\"@type\":\"Person\",\"@id\":\"https:\\\/\\\/interflora.dk\\\/vores-butikker\\\/#\\\/schema\\\/person\\\/ae0b7af894a5b107aac82579bac7f321\",\"name\":\"Interflora\",\"sameAs\":[\"https:\\\/\\\/interflora.dk\\\/\"]}]}<\/script>\n<!-- \/ Yoast SEO plugin. -->","yoast_head_json":{"title":"Blomster Tyrsted - Interflora-butikker Tyrsted","description":"Interflora \ud83c\udf3b F\u00e5 friske blomster leveret til Tyrsted, fra 199 kr. - Levering samme dag af en lokal florist. Send en buket nemt og hurtigt!","robots":{"index":"index","follow":"follow","max-snippet":"max-snippet:-1","max-image-preview":"max-image-preview:large","max-video-preview":"max-video-preview:-1"},"canonical":"https:\/\/interflora.dk\/vores-butikker\/midtjylland\/8053992537-tyrsted\/","og_locale":"da_DK","og_type":"article","og_title":"Blomster Tyrsted - Interflora-butikker Tyrsted","og_description":"Interflora \ud83c\udf3b F\u00e5 friske blomster leveret til Tyrsted, fra 199 kr. - Levering samme dag af en lokal florist. Send en buket nemt og hurtigt!","og_url":"https:\/\/interflora.dk\/vores-butikker\/midtjylland\/8053992537-tyrsted\/","og_site_name":"Blomsterhandler for hele Danmark - Se mere | Interflora","article_published_time":"2025-10-23T12:26:54+00:00","article_modified_time":"2025-10-24T08:47:17+00:00","og_image":[{"url":"https:\/\/interflora.dk\/vores-butikker\/wp-content\/uploads\/2025\/10\/tilfreds-eller-genleveret.png","type":"","width":"","height":""}],"author":"Interflora","twitter_card":"summary_large_image","twitter_misc":{"Skrevet af":"Interflora","Estimeret l\u00e6setid":"4 minutter"},"schema":{"@context":"https:\/\/schema.org","@graph":[{"@type":"Article","@id":"https:\/\/interflora.dk\/vores-butikker\/midtjylland\/8053992537-tyrsted\/#article","isPartOf":{"@id":"https:\/\/interflora.dk\/vores-butikker\/midtjylland\/8053992537-tyrsted\/"},"author":{"name":"Interflora","@id":"https:\/\/interflora.dk\/vores-butikker\/#\/schema\/person\/ae0b7af894a5b107aac82579bac7f321"},"headline":"Interflora-butikker Tyrsted \u2013 Send blomster til Tyrsted","datePublished":"2025-10-23T12:26:54+00:00","dateModified":"2025-10-24T08:47:17+00:00","mainEntityOfPage":{"@id":"https:\/\/interflora.dk\/vores-butikker\/midtjylland\/8053992537-tyrsted\/"},"wordCount":884,"publisher":{"@id":"https:\/\/interflora.dk\/vores-butikker\/#organization"},"image":{"@id":"https:\/\/interflora.dk\/vores-butikker\/midtjylland\/8053992537-tyrsted\/#primaryimage"},"thumbnailUrl":"https:\/\/interflora.dk\/vores-butikker\/wp-content\/uploads\/2025\/10\/tilfreds-eller-genleveret.png","articleSection":["Send blomster p\u00e5 Midtjylland"],"inLanguage":"da-DK"},{"@type":"WebPage","@id":"https:\/\/interflora.dk\/vores-butikker\/midtjylland\/8053992537-tyrsted\/","url":"https:\/\/interflora.dk\/vores-butikker\/midtjylland\/8053992537-tyrsted\/","name":"Blomster Tyrsted - Interflora-butikker Tyrsted","isPartOf":{"@id":"https:\/\/interflora.dk\/vores-butikker\/#website"},"primaryImageOfPage":{"@id":"https:\/\/interflora.dk\/vores-butikker\/midtjylland\/8053992537-tyrsted\/#primaryimage"},"image":{"@id":"https:\/\/interflora.dk\/vores-butikker\/midtjylland\/8053992537-tyrsted\/#primaryimage"},"thumbnailUrl":"https:\/\/interflora.dk\/vores-butikker\/wp-content\/uploads\/2025\/10\/tilfreds-eller-genleveret.png","datePublished":"2025-10-23T12:26:54+00:00","dateModified":"2025-10-24T08:47:17+00:00","description":"Interflora \ud83c\udf3b F\u00e5 friske blomster leveret til Tyrsted, fra 199 kr. - Levering samme dag af en lokal florist. Send en buket nemt og hurtigt!","breadcrumb":{"@id":"https:\/\/interflora.dk\/vores-butikker\/midtjylland\/8053992537-tyrsted\/#breadcrumb"},"inLanguage":"da-DK","potentialAction":[{"@type":"ReadAction","target":["https:\/\/interflora.dk\/vores-butikker\/midtjylland\/8053992537-tyrsted\/"]}]},{"@type":"ImageObject","inLanguage":"da-DK","@id":"https:\/\/interflora.dk\/vores-butikker\/midtjylland\/8053992537-tyrsted\/#primaryimage","url":"https:\/\/interflora.dk\/vores-butikker\/wp-content\/uploads\/2025\/10\/tilfreds-eller-genleveret.png","contentUrl":"https:\/\/interflora.dk\/vores-butikker\/wp-content\/uploads\/2025\/10\/tilfreds-eller-genleveret.png","width":660,"height":660},{"@type":"BreadcrumbList","@id":"https:\/\/interflora.dk\/vores-butikker\/midtjylland\/8053992537-tyrsted\/#breadcrumb","itemListElement":[{"@type":"ListItem","position":1,"name":"Blomsterhandler","item":"https:\/\/interflora.dk\/vores-butikker\/"},{"@type":"ListItem","position":2,"name":"Interflora butikker Tyrsted \u2013 Send blomster til Tyrsted"}]},{"@type":"WebSite","@id":"https:\/\/interflora.dk\/vores-butikker\/#website","url":"https:\/\/interflora.dk\/vores-butikker\/","name":"Vores butikker","description":"Interflora blomsterbutikker","publisher":{"@id":"https:\/\/interflora.dk\/vores-butikker\/#organization"},"potentialAction":[{"@type":"SearchAction","target":{"@type":"EntryPoint","urlTemplate":"https:\/\/interflora.dk\/vores-butikker\/?s={search_term_string}"},"query-input":{"@type":"PropertyValueSpecification","valueRequired":true,"valueName":"search_term_string"}}],"inLanguage":"da-DK"},{"@type":"Organization","@id":"https:\/\/interflora.dk\/vores-butikker\/#organization","name":"Interflora","url":"https:\/\/interflora.dk\/vores-butikker\/","logo":{"@type":"ImageObject","inLanguage":"da-DK","@id":"https:\/\/interflora.dk\/vores-butikker\/#\/schema\/logo\/image\/","url":"https:\/\/interflora.dk\/vores-butikker\/wp-content\/uploads\/2025\/10\/220422_INTERFLORA_Main_Logo_rgb_Positive_Color.png","contentUrl":"https:\/\/interflora.dk\/vores-butikker\/wp-content\/uploads\/2025\/10\/220422_INTERFLORA_Main_Logo_rgb_Positive_Color.png","width":1575,"height":1573,"caption":"Interflora"},"image":{"@id":"https:\/\/interflora.dk\/vores-butikker\/#\/schema\/logo\/image\/"}},{"@type":"Person","@id":"https:\/\/interflora.dk\/vores-butikker\/#\/schema\/person\/ae0b7af894a5b107aac82579bac7f321","name":"Interflora","sameAs":["https:\/\/interflora.dk\/"]}]}},"_links":{"self":[{"href":"https:\/\/interflora.dk\/vores-butikker\/wp-json\/wp\/v2\/posts\/1749","targetHints":{"allow":["GET"]}}],"collection":[{"href":"https:\/\/interflora.dk\/vores-butikker\/wp-json\/wp\/v2\/posts"}],"about":[{"href":"https:\/\/interflora.dk\/vores-butikker\/wp-json\/wp\/v2\/types\/post"}],"author":[{"embeddable":true,"href":"https:\/\/interflora.dk\/vores-butikker\/wp-json\/wp\/v2\/users\/1"}],"replies":[{"embeddable":true,"href":"https:\/\/interflora.dk\/vores-butikker\/wp-json\/wp\/v2\/comments?post=1749"}],"version-history":[{"count":1,"href":"https:\/\/interflora.dk\/vores-butikker\/wp-json\/wp\/v2\/posts\/1749\/revisions"}],"predecessor-version":[{"id":3539,"href":"https:\/\/interflora.dk\/vores-butikker\/wp-json\/wp\/v2\/posts\/1749\/revisions\/3539"}],"wp:attachment":[{"href":"https:\/\/interflora.dk\/vores-butikker\/wp-json\/wp\/v2\/media?parent=1749"}],"wp:term":[{"taxonomy":"category","embeddable":true,"href":"https:\/\/interflora.dk\/vores-butikker\/wp-json\/wp\/v2\/categories?post=1749"},{"taxonomy":"post_tag","embeddable":true,"href":"https:\/\/interflora.dk\/vores-butikker\/wp-json\/wp\/v2\/tags?post=1749"}],"curies":[{"name":"wp","href":"https:\/\/api.w.org\/{rel}","templated":true}]}}