{"id":2309,"date":"2025-10-23T12:26:14","date_gmt":"2025-10-23T12:26:14","guid":{"rendered":"https:\/\/preprodblog.interflora.dk\/vores-butikker\/?p=2309"},"modified":"2025-10-24T09:36:05","modified_gmt":"2025-10-24T09:36:05","slug":"4906953136-studsdal","status":"publish","type":"post","link":"https:\/\/interflora.dk\/vores-butikker\/syddanmark\/4906953136-studsdal\/","title":{"rendered":"Interflora-butikker Studsdal \u2013 Send blomster til Studsdal"},"content":{"rendered":"\n\n<h2 class=\"wp-block-heading\">De mest popul\u00e6re buketter og blomster i Studsdal<\/h2>\n\n\n<style id=\"sp_tab_dynamic_style1199\">#sp-tabpro-wrapper_1199.sp-tab__lay-default .sp-tab__tab-content {width: 100%;}#sp-tabpro-wrapper_1199 .animated {-webkit-animation-duration: 500ms;animation-duration: 500ms;}#sp-wp-tabs-wrapper_1199 .sp-tab__nav { justify-content: flex-start; }#sp-wp-tabs-wrapper_1199.sp-tab__lay-default.sp-tab__horizontal-bottom {display: flex;flex-direction: column-reverse;}#sp-wp-tabs-wrapper_1199.sp-tab__lay-default.sp-tab__horizontal-bottom > ul {border-top: 1px solid #cccccc;border-bottom: 0;margin-top: 0;}#sp-wp-tabs-wrapper_1199.sp-tab__lay-default.sp-tab__horizontal-bottom > ul > li .sp-tab__nav-link.sp-tab__active {border-color: transparent #cccccc#cccccc;margin-top: -1px;}#sp-wp-tabs-wrapper_1199.sp-tab__lay-default.sp-tab__horizontal-bottom > ul > li .sp-tab__nav-link,#sp-wp-tabs-wrapper_1199.sp-tab__lay-default.sp-tab__horizontal-bottom > ul > li a,#sp-wp-tabs-wrapper_1199.sp-tab__lay-default.sp-tab__horizontal-bottom > ul > .sp-tab__nav-item {border-top: 0;border-top-left-radius: 0;border-top-right-radius: 0;border-bottom-left-radius: 2px;border-bottom-right-radius: 2px;}#sp-wp-tabs-wrapper_1199.sp-tab__lay-default.sp-tab__horizontal-bottom > ul {border-bottom: none;}#sp-wp-tabs-wrapper_1199.sp-tab__lay-default.sp-tab__horizontal-bottom .sp-tab__tab-content .sp-tab__tab-pane {border-top: 1px solid #cccccc;border-bottom: 0;}#sp-wp-tabs-wrapper_1199.sp-tab__lay-default .sp-tab__tab-content .sp-tab-content > ul,#sp-wp-tabs-wrapper_1199.sp-tab__lay-default .sp-tab__tab-content .sp-tab-content > ol {border-bottom: none;}#sp-wp-tabs-wrapper_1199 .sp-tab__nav-tabs .sp-tab__nav-item.show .sp-tab__nav-link,#sp-wp-tabs-wrapper_1199.sp-tab__lay-default ul li .sp-tab__nav-link.sp-tab__active {border-color: #cccccc#cccccc transparent;}#sp-wp-tabs-wrapper_1199 > .sp-tab__nav-tabs .sp-tab__nav-link.sp-tab__active .sp-tab__tab_title,#sp-wp-tabs-wrapper_1199.sp-tab__lay-default .sp-tab__nav-link > .sp-tab__card-header {color: #444;}#sp-wp-tabs-wrapper_1199.sp-tab__lay-default > ul > li > .sp-tab__nav-link,#sp-wp-tabs-wrapper_1199.sp-tab__lay-default > ul > li > a {cursor: pointer;border-color: #cccccc;padding-top: 5px;padding-right: 5px;padding-bottom: 5px;padding-left: 5px;}#sp-wp-tabs-wrapper_1199 > .sp-tab__nav-tabs .sp-tab__nav-link {border: 1px solid #cccccc;height: 100%;}#sp-wp-tabs-wrapper_1199.sp-tab__lay-default > ul > li .sp-tab__nav-link,#sp-wp-tabs-wrapper_1199.sp-tab__lay-default > ul > li a,#sp-wp-tabs-wrapper_1199.sp-tab__lay-default > ul > .sp-tab__nav-item {border-top-left-radius: 2px;border-top-right-radius: 2px;}#sp-wp-tabs-wrapper_1199 .sp-tab__nav-tabs .sp-tab__nav-item {margin-bottom: -1px; }#sp-wp-tabs-wrapper_1199.sp-tab__lay-default > ul .sp-tab__nav-item {margin-right: 10px;}#sp-wp-tabs-wrapper_1199.sp-tab__lay-default.sp-tab__horizontal-bottom > ul .sp-tab__nav-item {margin-right: 10px;margin-top: 0;}#sp-wp-tabs-wrapper_1199.sp-tab__lay-default > ul .sp-tab__nav-item .sp-tab__nav-link:hover .sp-tab__tab_title,#sp-wp-tabs-wrapper_1199.sp-tab__lay-default > ul .sp-tab__nav-item a:hover .sp-tab__tab_title,#sp-wp-tabs-wrapper_1199.sp-tab__lay-default .sp-tab__nav-link.collapsed .sp-tab__card-header:hover {color: #444;transition: .3s;}#sp-wp-tabs-wrapper_1199.sp-tab__lay-default > ul .sp-tab__nav-item,#sp-wp-tabs-wrapper_1199.sp-tab__lay-default .sp-tab__nav-link.collapsed > .sp-tab__card-header {background-color: #f4f4f4;transition: 0.3s;}#sp-wp-tabs-wrapper_1199 > .sp-tab__nav-tabs > .sp-tab__nav-item.show .sp-tab__nav-link,#sp-wp-tabs-wrapper_1199 > .sp-tab__nav-tabs > .sp-tab__nav-item .sp-tab__nav-link.sp-tab__active,#sp-wp-tabs-wrapper_1199.sp-tab__lay-default .sp-tab__nav-link > .sp-tab__card-header {background-color: rgba(129,215,66,0.17);}#sp-tabs-wrapper_1199.sp-tab__lay-default > ul .sp-tab__nav-item .sp-tab__nav-link:not(.sp-tab__active):hover,#sp-tabs-wrapper_1199.sp-tab__lay-default .sp-tab__tab-content > .sp-tab__tab-pane .sp-tab__card-header:hover {background-color: #fff;}#sp-wp-tabs-wrapper_1199.sp-tab__lay-default > ul .sp-tab__nav-item:not(.sp-tab__active):hover,#sp-wp-tabs-wrapper_1199.sp-tab__lay-default .sp-tab__nav-link.collapsed > .sp-tab__card-header:hover {background-color: #fff;}#sp-wp-tabs-wrapper_1199.sp-tab__lay-default > ul .sp-tab__nav-item:last-child {margin-right: 0;}#sp-wp-tabs-wrapper_1199.sp-tab__lay-default > .sp-tab__tab-content .sp-tab__tab-pane {border: 1px solid #cccccc;padding-top: 20px;padding-right: 20px;padding-bottom: 20px;padding-left: 30px;background-color: #ffffff;}#sp-wp-tabs-wrapper_1199.sp-tab__lay-default > ul {border-bottom: 1px solid #cccccc;}#sp-wp-tabs-wrapper_1199.sp-tab__lay-default > .sp-tab__tab-content .sp-tab__tab-pane {border-top: 0px;}@media(max-width:480px) {#sp-wp-tabs-wrapper_1199.sp-tab__lay-default > ul li.sp-tab__nav-item {width: 100%;margin-right: 0px;}#sp-wp-tabs-wrapper_1199.sp-tab__lay-default > ul li.sp-tab__nav-item:last-child {margin-bottom: -1px;}}#sp-wp-tabs-wrapper_1199.sp-tab__lay-default > ul .sp-tab__nav-item .sp-tab__tab_title,#sp-wp-tabs-wrapper_1199.sp-tab__lay-default span > .sp-tab__card-header {font-weight: 600;font-style: normal;font-size: 16px;line-height: 22px;letter-spacing: 0px;color: #444;margin: 0px;}#sp-wp-tabs-wrapper_1199.sp-tab__lay-default > .sp-tab__tab-content .sp-tab__tab-pane,#sp-wp-tabs-wrapper_1199.sp-tab__lay-default > .sp-tab__tab-content .sp-tab__tab-pane p {font-weight: 400;font-style: normal;font-size: 16px;line-height: 24px;letter-spacing: 0px;color: #444;}#sp-wp-tabs-wrapper_1199.sp-tab__lay-default > .sp-tab__tab-content .sp-tab__tab-pane ul li a, #sp-wp-tabs-wrapper_1199.sp-tab__lay-default .sp-tab__tab-content .sp-tab__tab-pane ol li a {color: #444;}<\/style>\t\t<div id=\"sp-wp-tabs-wrapper_1199\" class=\"sp-tab__lay-default\" data-preloader=\"0\" data-activemode=\"tabs-activator-event-click\" data-anchor_linking=\"1\">\n\t\t<ul class=\"sp-tab__nav sp-tab__nav-tabs\" id=\"sp-tab__ul\" role=\"tablist\">\n\t\t\t\t<li class=\"sp-tab__nav-item\" role=\"presentation\">\n\t\t\t\t<span class=\"sp-tab__nav-link sp-tab__active\" data-sptoggle=\"tab\" for=\"#tab-11991\" role=\"tab\" aria-controls=tab-11991 aria-selected=true tabindex=0>\n\t\t\t\t\t<span class=\"tab_title_area\"><H4 class=\"sp-tab__tab_title\">Mest popul\u00e6re<\/H4><\/span>\n\t\t\t\t<\/span>\n\t\t\t<\/li>\n\t\t\t\t\t\t<li class=\"sp-tab__nav-item\" role=\"presentation\">\n\t\t\t\t<span class=\"sp-tab__nav-link\" data-sptoggle=\"tab\" for=\"#tab-11992\" role=\"tab\" aria-controls=tab-11992 aria-selected=true tabindex=0>\n\t\t\t\t\t<span class=\"tab_title_area\"><H4 class=\"sp-tab__tab_title\">Mors dag<\/H4><\/span>\n\t\t\t\t<\/span>\n\t\t\t<\/li>\n\t\t\t\t\t\t<li class=\"sp-tab__nav-item\" role=\"presentation\">\n\t\t\t\t<span class=\"sp-tab__nav-link\" data-sptoggle=\"tab\" for=\"#tab-11993\" role=\"tab\" aria-controls=tab-11993 aria-selected=true tabindex=0>\n\t\t\t\t\t<span class=\"tab_title_area\"><H4 class=\"sp-tab__tab_title\">F\u00f8dselsdag<\/H4><\/span>\n\t\t\t\t<\/span>\n\t\t\t<\/li>\n\t\t\t\t\t\t<li class=\"sp-tab__nav-item\" role=\"presentation\">\n\t\t\t\t<span class=\"sp-tab__nav-link\" data-sptoggle=\"tab\" for=\"#tab-11994\" role=\"tab\" aria-controls=tab-11994 aria-selected=true tabindex=0>\n\t\t\t\t\t<span class=\"tab_title_area\"><H4 class=\"sp-tab__tab_title\">K\u00e6rlighed<\/H4><\/span>\n\t\t\t\t<\/span>\n\t\t\t<\/li>\n\t\t\t\t\t\t<li class=\"sp-tab__nav-item\" role=\"presentation\">\n\t\t\t\t<span class=\"sp-tab__nav-link\" data-sptoggle=\"tab\" for=\"#tab-11995\" role=\"tab\" aria-controls=tab-11995 aria-selected=true tabindex=0>\n\t\t\t\t\t<span class=\"tab_title_area\"><H4 class=\"sp-tab__tab_title\">Gavekurve<\/H4><\/span>\n\t\t\t\t<\/span>\n\t\t\t<\/li>\n\t\t\t\t\t\t<li class=\"sp-tab__nav-item\" role=\"presentation\">\n\t\t\t\t<span class=\"sp-tab__nav-link\" data-sptoggle=\"tab\" for=\"#tab-11996\" role=\"tab\" aria-controls=tab-11996 aria-selected=true tabindex=0>\n\t\t\t\t\t<span class=\"tab_title_area\"><H4 class=\"sp-tab__tab_title\">Begravelse<\/H4><\/span>\n\t\t\t\t<\/span>\n\t\t\t<\/li>\n\t\t\t<\/ul>\n<div class=\"sp-tab__tab-content\">\n\t\t\t\t<div id=\"tab-11991\" class=\"sp-tab__tab-pane sp-tab__show sp-tab__active\" role=\"tabpanel\">\n\t\t\t\t\t<div class=\"sp-tab-content animated fadeIn\"><div class=\"lp-produits-grid\"><div class=\"lp-produit\"><div class=\"lp-thumbnail-wrapper\"><img decoding=\"async\" width=\"300\" height=\"300\" src=\"https:\/\/interflora.dk\/vores-butikker\/wp-content\/uploads\/2025\/10\/PREMIUM_ROED_LYSEROED_SMALL_7490_w-300x300.jpg\" class=\"attachment-medium size-medium wp-post-image\" alt=\"\" srcset=\"https:\/\/interflora.dk\/vores-butikker\/wp-content\/uploads\/2025\/10\/PREMIUM_ROED_LYSEROED_SMALL_7490_w-300x300.jpg 300w, https:\/\/interflora.dk\/vores-butikker\/wp-content\/uploads\/2025\/10\/PREMIUM_ROED_LYSEROED_SMALL_7490_w-1024x1024.jpg 1024w, https:\/\/interflora.dk\/vores-butikker\/wp-content\/uploads\/2025\/10\/PREMIUM_ROED_LYSEROED_SMALL_7490_w-150x150.jpg 150w, https:\/\/interflora.dk\/vores-butikker\/wp-content\/uploads\/2025\/10\/PREMIUM_ROED_LYSEROED_SMALL_7490_w-768x768.jpg 768w, https:\/\/interflora.dk\/vores-butikker\/wp-content\/uploads\/2025\/10\/PREMIUM_ROED_LYSEROED_SMALL_7490_w.jpg 1200w\" sizes=\"(max-width: 300px) 100vw, 300px\" \/><img decoding=\"async\" class=\"lp-badge\" src=\"https:\/\/interflora.dk\/blog\/wp-content\/uploads\/2025\/09\/220422_INTERFLORA_Main_Logo_rgb_Main_Color.avif\" alt=\"Send blomster med Interflora\"><\/div><span>Den bet\u00e6nksomme<\/span><p>Fra 349 kr.<\/p><span class=\"obf-link lp-cta\" role=\"link\" tabindex=\"0\" data-b64=\"aHR0cHM6Ly9pbnRlcmZsb3JhLmRrL3Byb2R1a3QvZGVuLWJldGFlbmtzb21tZT92PTk0MjEmIzAzODt2YXJpYXRpb249ZTNiOThjYjctMWQzMC00OTYxLWI5N2UtOGM5OGIwNmM2NDE1\" data-target=\"_self\"><svg xmlns=\"http:\/\/www.w3.org\/2000\/svg\" width=\"16\" height=\"16\" fill=\"currentColor\" class=\"bi bi-bag\" viewBox=\"0 0 16 16\"><path d=\"M8 1a2 2 0 0 1 2 2v1h2.5A1.5 1.5 0 0 1 14 5.5v8A1.5 1.5 0 0 1 12.5 15h-9A1.5 1.5 0 0 1 2 13.5v-8A1.5 1.5 0 0 1 3.5 3H6V2a2 2 0 0 1 2-1zm1 3V3a1 1 0 0 0-2 0v1h2z\"\/><\/svg>K\u00f8b her<\/span><p class=\"rapido\">H\u00e5ndbundet af florister<\/p><\/div><div class=\"lp-produit\"><div class=\"lp-thumbnail-wrapper\"><img decoding=\"async\" width=\"300\" height=\"300\" src=\"https:\/\/interflora.dk\/vores-butikker\/wp-content\/uploads\/2025\/10\/DEN_FORTRYLLENDE_SMALL-1-300x300.jpg\" class=\"attachment-medium size-medium wp-post-image\" alt=\"\" srcset=\"https:\/\/interflora.dk\/vores-butikker\/wp-content\/uploads\/2025\/10\/DEN_FORTRYLLENDE_SMALL-1-300x300.jpg 300w, https:\/\/interflora.dk\/vores-butikker\/wp-content\/uploads\/2025\/10\/DEN_FORTRYLLENDE_SMALL-1-1024x1024.jpg 1024w, https:\/\/interflora.dk\/vores-butikker\/wp-content\/uploads\/2025\/10\/DEN_FORTRYLLENDE_SMALL-1-150x150.jpg 150w, https:\/\/interflora.dk\/vores-butikker\/wp-content\/uploads\/2025\/10\/DEN_FORTRYLLENDE_SMALL-1-768x768.jpg 768w, https:\/\/interflora.dk\/vores-butikker\/wp-content\/uploads\/2025\/10\/DEN_FORTRYLLENDE_SMALL-1.jpg 1200w\" sizes=\"(max-width: 300px) 100vw, 300px\" \/><img decoding=\"async\" class=\"lp-badge\" src=\"https:\/\/interflora.dk\/blog\/wp-content\/uploads\/2025\/09\/220422_INTERFLORA_Main_Logo_rgb_Main_Color.avif\" alt=\"Send blomster med Interflora\"><\/div><span>Den fortryllende<\/span><p>Fra 259 kr.<\/p><span class=\"obf-link lp-cta\" role=\"link\" tabindex=\"0\" data-b64=\"aHR0cHM6Ly9pbnRlcmZsb3JhLmRrL3Byb2R1a3QvZGVuLWZvcnRyeWxsZW5kZT92PTkzMDYmIzAzODt2YXJpYXRpb249ZGNiMjRlM2QtMzBlZC00OTAxLWI0YWUtYTYxOTlkMzE2MWU2\" data-target=\"_self\"><svg xmlns=\"http:\/\/www.w3.org\/2000\/svg\" width=\"16\" height=\"16\" fill=\"currentColor\" class=\"bi bi-bag\" viewBox=\"0 0 16 16\"><path d=\"M8 1a2 2 0 0 1 2 2v1h2.5A1.5 1.5 0 0 1 14 5.5v8A1.5 1.5 0 0 1 12.5 15h-9A1.5 1.5 0 0 1 2 13.5v-8A1.5 1.5 0 0 1 3.5 3H6V2a2 2 0 0 1 2-1zm1 3V3a1 1 0 0 0-2 0v1h2z\"\/><\/svg>K\u00f8b her<\/span><p class=\"rapido\">Bundet af din lokale florist<\/p><\/div><div class=\"lp-produit\"><div class=\"lp-thumbnail-wrapper\"><img decoding=\"async\" width=\"300\" height=\"300\" src=\"https:\/\/interflora.dk\/vores-butikker\/wp-content\/uploads\/2026\/03\/billede_1-300x300.jpeg\" class=\"attachment-medium size-medium wp-post-image\" alt=\"\" srcset=\"https:\/\/interflora.dk\/vores-butikker\/wp-content\/uploads\/2026\/03\/billede_1-300x300.jpeg 300w, https:\/\/interflora.dk\/vores-butikker\/wp-content\/uploads\/2026\/03\/billede_1-1024x1024.jpeg 1024w, https:\/\/interflora.dk\/vores-butikker\/wp-content\/uploads\/2026\/03\/billede_1-150x150.jpeg 150w, https:\/\/interflora.dk\/vores-butikker\/wp-content\/uploads\/2026\/03\/billede_1-768x768.jpeg 768w, https:\/\/interflora.dk\/vores-butikker\/wp-content\/uploads\/2026\/03\/billede_1.jpeg 1200w\" sizes=\"(max-width: 300px) 100vw, 300px\" \/><img decoding=\"async\" class=\"lp-badge\" src=\"https:\/\/interflora.dk\/blog\/wp-content\/uploads\/2025\/09\/220422_INTERFLORA_Main_Logo_rgb_Main_Color.avif\" alt=\"Send blomster med Interflora\"><\/div><span>Blomstergl\u00e6de &#8211; leveres i gaveboks med DAO<\/span><p>Fra 159 kr.<\/p><span class=\"obf-link lp-cta\" role=\"link\" tabindex=\"0\" data-b64=\"aHR0cHM6Ly9pbnRlcmZsb3JhLmRrL3Byb2R1a3QvYmxvbXN0ZXJnbGFlZGU\/dj0xNzkyNiYjMDM4O3ZhcmlhdGlvbj04NzI0ZGUyYy0xN2M5LTQwZjEtYWNjNC02MTUxZDcxOWJiZTM=\" data-target=\"_self\"><svg xmlns=\"http:\/\/www.w3.org\/2000\/svg\" width=\"16\" height=\"16\" fill=\"currentColor\" class=\"bi bi-bag\" viewBox=\"0 0 16 16\"><path d=\"M8 1a2 2 0 0 1 2 2v1h2.5A1.5 1.5 0 0 1 14 5.5v8A1.5 1.5 0 0 1 12.5 15h-9A1.5 1.5 0 0 1 2 13.5v-8A1.5 1.5 0 0 1 3.5 3H6V2a2 2 0 0 1 2-1zm1 3V3a1 1 0 0 0-2 0v1h2z\"\/><\/svg>K\u00f8b her<\/span><p class=\"rapido\">Din personlige hilsen<\/p><\/div><div class=\"lp-produit\"><div class=\"lp-thumbnail-wrapper\"><img decoding=\"async\" width=\"300\" height=\"300\" src=\"https:\/\/interflora.dk\/vores-butikker\/wp-content\/uploads\/2025\/10\/FINE_LILJEHILSEN_VERSION_01_MEDIUM_w2028229-1-300x300.jpg\" class=\"attachment-medium size-medium wp-post-image\" alt=\"\" srcset=\"https:\/\/interflora.dk\/vores-butikker\/wp-content\/uploads\/2025\/10\/FINE_LILJEHILSEN_VERSION_01_MEDIUM_w2028229-1-300x300.jpg 300w, https:\/\/interflora.dk\/vores-butikker\/wp-content\/uploads\/2025\/10\/FINE_LILJEHILSEN_VERSION_01_MEDIUM_w2028229-1-1024x1024.jpg 1024w, https:\/\/interflora.dk\/vores-butikker\/wp-content\/uploads\/2025\/10\/FINE_LILJEHILSEN_VERSION_01_MEDIUM_w2028229-1-150x150.jpg 150w, https:\/\/interflora.dk\/vores-butikker\/wp-content\/uploads\/2025\/10\/FINE_LILJEHILSEN_VERSION_01_MEDIUM_w2028229-1-768x768.jpg 768w, https:\/\/interflora.dk\/vores-butikker\/wp-content\/uploads\/2025\/10\/FINE_LILJEHILSEN_VERSION_01_MEDIUM_w2028229-1.jpg 1200w\" sizes=\"(max-width: 300px) 100vw, 300px\" \/><img decoding=\"async\" class=\"lp-badge\" src=\"https:\/\/interflora.dk\/blog\/wp-content\/uploads\/2025\/09\/220422_INTERFLORA_Main_Logo_rgb_Main_Color.avif\" alt=\"Send blomster med Interflora\"><\/div><span>Den fine liljehilsen<\/span><p>Fra 219 kr.<\/p><span class=\"obf-link lp-cta\" role=\"link\" tabindex=\"0\" data-b64=\"aHR0cHM6Ly9pbnRlcmZsb3JhLmRrL3Byb2R1a3QvZGVuLWZpbmUtbGlsamVoaWxzZW4\/dj0xNzU5NSYjMDM4O3ZhcmlhdGlvbj03YTZiNzY5Mi05NThjLTQ5MjYtYWIyNy0yZjRjYWEwMWJkZGI=\" data-target=\"_self\"><svg xmlns=\"http:\/\/www.w3.org\/2000\/svg\" width=\"16\" height=\"16\" fill=\"currentColor\" class=\"bi bi-bag\" viewBox=\"0 0 16 16\"><path d=\"M8 1a2 2 0 0 1 2 2v1h2.5A1.5 1.5 0 0 1 14 5.5v8A1.5 1.5 0 0 1 12.5 15h-9A1.5 1.5 0 0 1 2 13.5v-8A1.5 1.5 0 0 1 3.5 3H6V2a2 2 0 0 1 2-1zm1 3V3a1 1 0 0 0-2 0v1h2z\"\/><\/svg>K\u00f8b her<\/span><p class=\"rapido\">Levering i hele Danmark<\/p><\/div><div class=\"lp-produit\"><div class=\"lp-thumbnail-wrapper\"><img decoding=\"async\" width=\"300\" height=\"300\" src=\"https:\/\/interflora.dk\/vores-butikker\/wp-content\/uploads\/2025\/10\/FLORISTENS_KREATIVE_BUKET_I_LYSEROEDE_NUANCER_MEDIUM_6311-1-300x300.jpg\" class=\"attachment-medium size-medium wp-post-image\" alt=\"\" srcset=\"https:\/\/interflora.dk\/vores-butikker\/wp-content\/uploads\/2025\/10\/FLORISTENS_KREATIVE_BUKET_I_LYSEROEDE_NUANCER_MEDIUM_6311-1-300x300.jpg 300w, https:\/\/interflora.dk\/vores-butikker\/wp-content\/uploads\/2025\/10\/FLORISTENS_KREATIVE_BUKET_I_LYSEROEDE_NUANCER_MEDIUM_6311-1-1024x1024.jpg 1024w, https:\/\/interflora.dk\/vores-butikker\/wp-content\/uploads\/2025\/10\/FLORISTENS_KREATIVE_BUKET_I_LYSEROEDE_NUANCER_MEDIUM_6311-1-150x150.jpg 150w, https:\/\/interflora.dk\/vores-butikker\/wp-content\/uploads\/2025\/10\/FLORISTENS_KREATIVE_BUKET_I_LYSEROEDE_NUANCER_MEDIUM_6311-1-768x768.jpg 768w, https:\/\/interflora.dk\/vores-butikker\/wp-content\/uploads\/2025\/10\/FLORISTENS_KREATIVE_BUKET_I_LYSEROEDE_NUANCER_MEDIUM_6311-1.jpg 1200w\" sizes=\"(max-width: 300px) 100vw, 300px\" \/><img decoding=\"async\" class=\"lp-badge\" src=\"https:\/\/interflora.dk\/blog\/wp-content\/uploads\/2025\/09\/220422_INTERFLORA_Main_Logo_rgb_Main_Color.avif\" alt=\"Send blomster med Interflora\"><\/div><span>Floristens kreative buket i lyser\u00f8de nuancer<\/span><p>Fra 229 kr.<\/p><span class=\"obf-link lp-cta\" role=\"link\" tabindex=\"0\" data-b64=\"aHR0cHM6Ly9pbnRlcmZsb3JhLmRrL3Byb2R1a3QvZmxvcmlzdGVucy1rcmVhdGl2ZS1idWtldC1pLWx5c2Vyb2VkZS1udWFuY2VyP3Y9MTYyNTEmIzAzODt2YXJpYXRpb249M2IyNjBkMDYtMGNlNy00NzUyLTk1ZjUtNGMxNDBjMWU1MDJm\" data-target=\"_self\"><svg xmlns=\"http:\/\/www.w3.org\/2000\/svg\" width=\"16\" height=\"16\" fill=\"currentColor\" class=\"bi bi-bag\" viewBox=\"0 0 16 16\"><path d=\"M8 1a2 2 0 0 1 2 2v1h2.5A1.5 1.5 0 0 1 14 5.5v8A1.5 1.5 0 0 1 12.5 15h-9A1.5 1.5 0 0 1 2 13.5v-8A1.5 1.5 0 0 1 3.5 3H6V2a2 2 0 0 1 2-1zm1 3V3a1 1 0 0 0-2 0v1h2z\"\/><\/svg>K\u00f8b her<\/span><p class=\"rapido\">Levering i dag<\/p><\/div><div class=\"lp-produit\"><div class=\"lp-thumbnail-wrapper\"><img decoding=\"async\" width=\"300\" height=\"300\" src=\"https:\/\/interflora.dk\/vores-butikker\/wp-content\/uploads\/2025\/10\/DEN_TIL_FOEDSELSDAGEN_VINTER_SMALL_127_v-300x300.jpg\" class=\"attachment-medium size-medium wp-post-image\" alt=\"\" srcset=\"https:\/\/interflora.dk\/vores-butikker\/wp-content\/uploads\/2025\/10\/DEN_TIL_FOEDSELSDAGEN_VINTER_SMALL_127_v-300x300.jpg 300w, https:\/\/interflora.dk\/vores-butikker\/wp-content\/uploads\/2025\/10\/DEN_TIL_FOEDSELSDAGEN_VINTER_SMALL_127_v-1024x1024.jpg 1024w, https:\/\/interflora.dk\/vores-butikker\/wp-content\/uploads\/2025\/10\/DEN_TIL_FOEDSELSDAGEN_VINTER_SMALL_127_v-150x150.jpg 150w, https:\/\/interflora.dk\/vores-butikker\/wp-content\/uploads\/2025\/10\/DEN_TIL_FOEDSELSDAGEN_VINTER_SMALL_127_v-768x768.jpg 768w, https:\/\/interflora.dk\/vores-butikker\/wp-content\/uploads\/2025\/10\/DEN_TIL_FOEDSELSDAGEN_VINTER_SMALL_127_v.jpg 1200w\" sizes=\"(max-width: 300px) 100vw, 300px\" \/><img decoding=\"async\" class=\"lp-badge\" src=\"https:\/\/interflora.dk\/blog\/wp-content\/uploads\/2025\/09\/220422_INTERFLORA_Main_Logo_rgb_Main_Color.avif\" alt=\"Send blomster med Interflora\"><\/div><span>Den til f\u00f8dselsdagen<\/span><p>Fra 299 kr.<\/p><span class=\"obf-link lp-cta\" role=\"link\" tabindex=\"0\" data-b64=\"aHR0cHM6Ly9pbnRlcmZsb3JhLmRrL3Byb2R1a3QvZGVuLXRpbC1mb2Vkc2Vsc2RhZ2VuP3Y9MTU1MSYjMDM4O3ZhcmlhdGlvbj05M2NjOTRlNi0zZmJlLTQ1OTgtYjAwNS03YTk5NTNiNGZlNGI=\" data-target=\"_self\"><svg xmlns=\"http:\/\/www.w3.org\/2000\/svg\" width=\"16\" height=\"16\" fill=\"currentColor\" class=\"bi bi-bag\" viewBox=\"0 0 16 16\"><path d=\"M8 1a2 2 0 0 1 2 2v1h2.5A1.5 1.5 0 0 1 14 5.5v8A1.5 1.5 0 0 1 12.5 15h-9A1.5 1.5 0 0 1 2 13.5v-8A1.5 1.5 0 0 1 3.5 3H6V2a2 2 0 0 1 2-1zm1 3V3a1 1 0 0 0-2 0v1h2z\"\/><\/svg>K\u00f8b her<\/span><p class=\"rapido\">Levering i hele Danmark<\/p><\/div><div class=\"lp-produit\"><div class=\"lp-thumbnail-wrapper\"><img decoding=\"async\" width=\"300\" height=\"300\" src=\"https:\/\/interflora.dk\/vores-butikker\/wp-content\/uploads\/2026\/03\/billede_2-300x300.jpeg\" class=\"attachment-medium size-medium wp-post-image\" alt=\"\" srcset=\"https:\/\/interflora.dk\/vores-butikker\/wp-content\/uploads\/2026\/03\/billede_2-300x300.jpeg 300w, https:\/\/interflora.dk\/vores-butikker\/wp-content\/uploads\/2026\/03\/billede_2-1024x1024.jpeg 1024w, https:\/\/interflora.dk\/vores-butikker\/wp-content\/uploads\/2026\/03\/billede_2-150x150.jpeg 150w, https:\/\/interflora.dk\/vores-butikker\/wp-content\/uploads\/2026\/03\/billede_2-768x768.jpeg 768w, https:\/\/interflora.dk\/vores-butikker\/wp-content\/uploads\/2026\/03\/billede_2.jpeg 1200w\" sizes=\"(max-width: 300px) 100vw, 300px\" \/><img decoding=\"async\" class=\"lp-badge\" src=\"https:\/\/interflora.dk\/blog\/wp-content\/uploads\/2025\/09\/220422_INTERFLORA_Main_Logo_rgb_Main_Color.avif\" alt=\"Send blomster med Interflora\"><\/div><span>Solstr\u00e5le &#8211; leveres i gaveboks med DAO<\/span><p>Fra 179 kr.<\/p><span class=\"obf-link lp-cta\" role=\"link\" tabindex=\"0\" data-b64=\"aHR0cHM6Ly9pbnRlcmZsb3JhLmRrL3Byb2R1a3Qvc29sc3RyYWFsZT92PTE3OTQ0JiMwMzg7dmFyaWF0aW9uPWM2OTJiMTk0LWViYzUtNDEwMC1iNWQ4LWIyYThmN2ViMWU4OA==\" data-target=\"_self\"><svg xmlns=\"http:\/\/www.w3.org\/2000\/svg\" width=\"16\" height=\"16\" fill=\"currentColor\" class=\"bi bi-bag\" viewBox=\"0 0 16 16\"><path d=\"M8 1a2 2 0 0 1 2 2v1h2.5A1.5 1.5 0 0 1 14 5.5v8A1.5 1.5 0 0 1 12.5 15h-9A1.5 1.5 0 0 1 2 13.5v-8A1.5 1.5 0 0 1 3.5 3H6V2a2 2 0 0 1 2-1zm1 3V3a1 1 0 0 0-2 0v1h2z\"\/><\/svg>K\u00f8b her<\/span><p class=\"rapido\">Kundernes favorit<\/p><\/div><div class=\"lp-produit\"><div class=\"lp-thumbnail-wrapper\"><img decoding=\"async\" width=\"300\" height=\"300\" src=\"https:\/\/interflora.dk\/vores-butikker\/wp-content\/uploads\/2026\/04\/MAANEDENS_BUKET_APRIL_HAND_24962028129-300x300.jpeg\" class=\"attachment-medium size-medium wp-post-image\" alt=\"\" srcset=\"https:\/\/interflora.dk\/vores-butikker\/wp-content\/uploads\/2026\/04\/MAANEDENS_BUKET_APRIL_HAND_24962028129-300x300.jpeg 300w, https:\/\/interflora.dk\/vores-butikker\/wp-content\/uploads\/2026\/04\/MAANEDENS_BUKET_APRIL_HAND_24962028129-1024x1024.jpeg 1024w, https:\/\/interflora.dk\/vores-butikker\/wp-content\/uploads\/2026\/04\/MAANEDENS_BUKET_APRIL_HAND_24962028129-150x150.jpeg 150w, https:\/\/interflora.dk\/vores-butikker\/wp-content\/uploads\/2026\/04\/MAANEDENS_BUKET_APRIL_HAND_24962028129-768x768.jpeg 768w, https:\/\/interflora.dk\/vores-butikker\/wp-content\/uploads\/2026\/04\/MAANEDENS_BUKET_APRIL_HAND_24962028129.jpeg 1200w\" sizes=\"(max-width: 300px) 100vw, 300px\" \/><img decoding=\"async\" class=\"lp-badge\" src=\"https:\/\/interflora.dk\/blog\/wp-content\/uploads\/2025\/09\/220422_INTERFLORA_Main_Logo_rgb_Main_Color.avif\" alt=\"Send blomster med Interflora\"><\/div><span>M\u00e5nedens buket i april<\/span><p>Fra 319 kr.<\/p><span class=\"obf-link lp-cta\" role=\"link\" tabindex=\"0\" data-b64=\"aHR0cHM6Ly9pbnRlcmZsb3JhLmRrL3Byb2R1a3QvbWFhbmVkZW5zLWJ1a2V0LWktYXByaWw\/dj0xMzg4MSYjMDM4O3ZhcmlhdGlvbj03Mzk3NjU2Yy1hNmNkLTRmYjctODc3Mi01ZjIxNjdlNTI3MjM=\" data-target=\"_self\"><svg xmlns=\"http:\/\/www.w3.org\/2000\/svg\" width=\"16\" height=\"16\" fill=\"currentColor\" class=\"bi bi-bag\" viewBox=\"0 0 16 16\"><path d=\"M8 1a2 2 0 0 1 2 2v1h2.5A1.5 1.5 0 0 1 14 5.5v8A1.5 1.5 0 0 1 12.5 15h-9A1.5 1.5 0 0 1 2 13.5v-8A1.5 1.5 0 0 1 3.5 3H6V2a2 2 0 0 1 2-1zm1 3V3a1 1 0 0 0-2 0v1h2z\"\/><\/svg>K\u00f8b her<\/span><p class=\"rapido\">Friske blomster<\/p><\/div><\/div>\n<\/div>\n\t\t\t\t<\/div>\n\t\t\t\t\t\t\t\t<div id=\"tab-11992\" class=\"sp-tab__tab-pane \" role=\"tabpanel\">\n\t\t\t\t\t<div class=\"sp-tab-content animated fadeIn\"><div class=\"lp-produits-grid\"><div class=\"lp-produit\"><div class=\"lp-thumbnail-wrapper\"><img decoding=\"async\" width=\"300\" height=\"300\" src=\"https:\/\/interflora.dk\/vores-butikker\/wp-content\/uploads\/2025\/10\/GAVEKURV_TIL_DEN_SOEDE_TAND_FLORISTENS_VALG_80243_0272028229-300x300.jpg\" class=\"attachment-medium size-medium wp-post-image\" alt=\"\" srcset=\"https:\/\/interflora.dk\/vores-butikker\/wp-content\/uploads\/2025\/10\/GAVEKURV_TIL_DEN_SOEDE_TAND_FLORISTENS_VALG_80243_0272028229-300x300.jpg 300w, https:\/\/interflora.dk\/vores-butikker\/wp-content\/uploads\/2025\/10\/GAVEKURV_TIL_DEN_SOEDE_TAND_FLORISTENS_VALG_80243_0272028229-1024x1024.jpg 1024w, https:\/\/interflora.dk\/vores-butikker\/wp-content\/uploads\/2025\/10\/GAVEKURV_TIL_DEN_SOEDE_TAND_FLORISTENS_VALG_80243_0272028229-150x150.jpg 150w, https:\/\/interflora.dk\/vores-butikker\/wp-content\/uploads\/2025\/10\/GAVEKURV_TIL_DEN_SOEDE_TAND_FLORISTENS_VALG_80243_0272028229-768x768.jpg 768w, https:\/\/interflora.dk\/vores-butikker\/wp-content\/uploads\/2025\/10\/GAVEKURV_TIL_DEN_SOEDE_TAND_FLORISTENS_VALG_80243_0272028229.jpg 1200w\" sizes=\"(max-width: 300px) 100vw, 300px\" \/><img decoding=\"async\" class=\"lp-badge\" src=\"https:\/\/interflora.dk\/blog\/wp-content\/uploads\/2025\/09\/220422_INTERFLORA_Main_Logo_rgb_Main_Color.avif\" alt=\"Send blomster med Interflora\"><\/div><span>Gavekurv til den s\u00f8de tand (Floristens kreative valg uden alkohol)<\/span><p>Fra 400 kr.<\/p><span class=\"obf-link lp-cta\" role=\"link\" tabindex=\"0\" data-b64=\"aHR0cHM6Ly9pbnRlcmZsb3JhLmRrL3Byb2R1a3QvZ2F2ZWt1cnYtdGlsLWRlbi1zb2VkZS10YW5kLWZsb3Jpc3RlbnMta3JlYXRpdmUtdmFsZy11ZGVuLWFsa29ob2w=\" data-target=\"_self\"><svg xmlns=\"http:\/\/www.w3.org\/2000\/svg\" width=\"16\" height=\"16\" fill=\"currentColor\" class=\"bi bi-bag\" viewBox=\"0 0 16 16\"><path d=\"M8 1a2 2 0 0 1 2 2v1h2.5A1.5 1.5 0 0 1 14 5.5v8A1.5 1.5 0 0 1 12.5 15h-9A1.5 1.5 0 0 1 2 13.5v-8A1.5 1.5 0 0 1 3.5 3H6V2a2 2 0 0 1 2-1zm1 3V3a1 1 0 0 0-2 0v1h2z\"\/><\/svg>K\u00f8b her<\/span><p class=\"rapido\">Levering i dag<\/p><\/div><div class=\"lp-produit\"><div class=\"lp-thumbnail-wrapper\"><img decoding=\"async\" width=\"300\" height=\"300\" src=\"https:\/\/interflora.dk\/vores-butikker\/wp-content\/uploads\/2026\/04\/IF_TIMESAVER_02_MEDIUM_JPG-300x300.jpg\" class=\"attachment-medium size-medium wp-post-image\" alt=\"\" srcset=\"https:\/\/interflora.dk\/vores-butikker\/wp-content\/uploads\/2026\/04\/IF_TIMESAVER_02_MEDIUM_JPG-300x300.jpg 300w, https:\/\/interflora.dk\/vores-butikker\/wp-content\/uploads\/2026\/04\/IF_TIMESAVER_02_MEDIUM_JPG-1024x1024.jpg 1024w, https:\/\/interflora.dk\/vores-butikker\/wp-content\/uploads\/2026\/04\/IF_TIMESAVER_02_MEDIUM_JPG-150x150.jpg 150w, https:\/\/interflora.dk\/vores-butikker\/wp-content\/uploads\/2026\/04\/IF_TIMESAVER_02_MEDIUM_JPG-768x768.jpg 768w, https:\/\/interflora.dk\/vores-butikker\/wp-content\/uploads\/2026\/04\/IF_TIMESAVER_02_MEDIUM_JPG.jpg 1200w\" sizes=\"(max-width: 300px) 100vw, 300px\" \/><img decoding=\"async\" class=\"lp-badge\" src=\"https:\/\/interflora.dk\/blog\/wp-content\/uploads\/2025\/09\/220422_INTERFLORA_Main_Logo_rgb_Main_Color.avif\" alt=\"Send blomster med Interflora\"><\/div><span>Mors Dag buketten<\/span><p>Fra 349 kr.<\/p><span class=\"obf-link lp-cta\" role=\"link\" tabindex=\"0\" data-b64=\"aHR0cHM6Ly9pbnRlcmZsb3JhLmRrL3Byb2R1a3QvbW9ycy1kYWctYnVrZXR0ZW4=\" data-target=\"_self\"><svg xmlns=\"http:\/\/www.w3.org\/2000\/svg\" width=\"16\" height=\"16\" fill=\"currentColor\" class=\"bi bi-bag\" viewBox=\"0 0 16 16\"><path d=\"M8 1a2 2 0 0 1 2 2v1h2.5A1.5 1.5 0 0 1 14 5.5v8A1.5 1.5 0 0 1 12.5 15h-9A1.5 1.5 0 0 1 2 13.5v-8A1.5 1.5 0 0 1 3.5 3H6V2a2 2 0 0 1 2-1zm1 3V3a1 1 0 0 0-2 0v1h2z\"\/><\/svg>K\u00f8b her<\/span><p class=\"rapido\">Friske blomster<\/p><\/div><div class=\"lp-produit\"><div class=\"lp-thumbnail-wrapper\"><img decoding=\"async\" width=\"300\" height=\"300\" src=\"https:\/\/interflora.dk\/vores-butikker\/wp-content\/uploads\/2026\/04\/DEN_TIL_VERDENS_BEDSTE_MOR_HAND_01_w-300x300.jpg\" class=\"attachment-medium size-medium wp-post-image\" alt=\"\" srcset=\"https:\/\/interflora.dk\/vores-butikker\/wp-content\/uploads\/2026\/04\/DEN_TIL_VERDENS_BEDSTE_MOR_HAND_01_w-300x300.jpg 300w, https:\/\/interflora.dk\/vores-butikker\/wp-content\/uploads\/2026\/04\/DEN_TIL_VERDENS_BEDSTE_MOR_HAND_01_w-1024x1024.jpg 1024w, https:\/\/interflora.dk\/vores-butikker\/wp-content\/uploads\/2026\/04\/DEN_TIL_VERDENS_BEDSTE_MOR_HAND_01_w-150x150.jpg 150w, https:\/\/interflora.dk\/vores-butikker\/wp-content\/uploads\/2026\/04\/DEN_TIL_VERDENS_BEDSTE_MOR_HAND_01_w-768x768.jpg 768w, https:\/\/interflora.dk\/vores-butikker\/wp-content\/uploads\/2026\/04\/DEN_TIL_VERDENS_BEDSTE_MOR_HAND_01_w.jpg 1200w\" sizes=\"(max-width: 300px) 100vw, 300px\" \/><img decoding=\"async\" class=\"lp-badge\" src=\"https:\/\/interflora.dk\/blog\/wp-content\/uploads\/2025\/09\/220422_INTERFLORA_Main_Logo_rgb_Main_Color.avif\" alt=\"Send blomster med Interflora\"><\/div><span>Den til verdens bedste mor<\/span><p>Fra 329 kr.<\/p><span class=\"obf-link lp-cta\" role=\"link\" tabindex=\"0\" data-b64=\"aHR0cHM6Ly9pbnRlcmZsb3JhLmRrL3Byb2R1a3QvZGVuLXRpbC12ZXJkZW5zLWJlZHN0ZS1tb3I\/dj02OTU2JiMwMzg7dmFyaWF0aW9uPTBjYzg0N2IyLTQzMzYtNDNhYS1hYjhhLWYzZmJhMTQ2YjRiMw==\" data-target=\"_self\"><svg xmlns=\"http:\/\/www.w3.org\/2000\/svg\" width=\"16\" height=\"16\" fill=\"currentColor\" class=\"bi bi-bag\" viewBox=\"0 0 16 16\"><path d=\"M8 1a2 2 0 0 1 2 2v1h2.5A1.5 1.5 0 0 1 14 5.5v8A1.5 1.5 0 0 1 12.5 15h-9A1.5 1.5 0 0 1 2 13.5v-8A1.5 1.5 0 0 1 3.5 3H6V2a2 2 0 0 1 2-1zm1 3V3a1 1 0 0 0-2 0v1h2z\"\/><\/svg>K\u00f8b her<\/span><p class=\"rapido\">Levering i dag<\/p><\/div><div class=\"lp-produit\"><div class=\"lp-thumbnail-wrapper\"><img decoding=\"async\" width=\"300\" height=\"300\" src=\"https:\/\/interflora.dk\/vores-butikker\/wp-content\/uploads\/2026\/04\/IF_TIMESAVER_MEDIUM_JPG-300x300.jpg\" class=\"attachment-medium size-medium wp-post-image\" alt=\"\" srcset=\"https:\/\/interflora.dk\/vores-butikker\/wp-content\/uploads\/2026\/04\/IF_TIMESAVER_MEDIUM_JPG-300x300.jpg 300w, https:\/\/interflora.dk\/vores-butikker\/wp-content\/uploads\/2026\/04\/IF_TIMESAVER_MEDIUM_JPG-1024x1024.jpg 1024w, https:\/\/interflora.dk\/vores-butikker\/wp-content\/uploads\/2026\/04\/IF_TIMESAVER_MEDIUM_JPG-150x150.jpg 150w, https:\/\/interflora.dk\/vores-butikker\/wp-content\/uploads\/2026\/04\/IF_TIMESAVER_MEDIUM_JPG-768x768.jpg 768w, https:\/\/interflora.dk\/vores-butikker\/wp-content\/uploads\/2026\/04\/IF_TIMESAVER_MEDIUM_JPG.jpg 1200w\" sizes=\"(max-width: 300px) 100vw, 300px\" \/><img decoding=\"async\" class=\"lp-badge\" src=\"https:\/\/interflora.dk\/blog\/wp-content\/uploads\/2025\/09\/220422_INTERFLORA_Main_Logo_rgb_Main_Color.avif\" alt=\"Send blomster med Interflora\"><\/div><span>Den k\u00e6rlige tanke til mor<\/span><p>Fra 329 kr.<\/p><span class=\"obf-link lp-cta\" role=\"link\" tabindex=\"0\" data-b64=\"aHR0cHM6Ly9pbnRlcmZsb3JhLmRrL3Byb2R1a3QvZGVuLWthZXJsaWdlLXRhbmtlLXRpbC1tb3I=\" data-target=\"_self\"><svg xmlns=\"http:\/\/www.w3.org\/2000\/svg\" width=\"16\" height=\"16\" fill=\"currentColor\" class=\"bi bi-bag\" viewBox=\"0 0 16 16\"><path d=\"M8 1a2 2 0 0 1 2 2v1h2.5A1.5 1.5 0 0 1 14 5.5v8A1.5 1.5 0 0 1 12.5 15h-9A1.5 1.5 0 0 1 2 13.5v-8A1.5 1.5 0 0 1 3.5 3H6V2a2 2 0 0 1 2-1zm1 3V3a1 1 0 0 0-2 0v1h2z\"\/><\/svg>K\u00f8b her<\/span><p class=\"rapido\">Din personlige hilsen<\/p><\/div><div class=\"lp-produit\"><div class=\"lp-thumbnail-wrapper\"><img decoding=\"async\" width=\"300\" height=\"300\" src=\"https:\/\/interflora.dk\/vores-butikker\/wp-content\/uploads\/2026\/04\/ORKIDE_2_STILKE_7486_w-300x300.jpg\" class=\"attachment-medium size-medium wp-post-image\" alt=\"\" srcset=\"https:\/\/interflora.dk\/vores-butikker\/wp-content\/uploads\/2026\/04\/ORKIDE_2_STILKE_7486_w-300x300.jpg 300w, https:\/\/interflora.dk\/vores-butikker\/wp-content\/uploads\/2026\/04\/ORKIDE_2_STILKE_7486_w-1024x1024.jpg 1024w, https:\/\/interflora.dk\/vores-butikker\/wp-content\/uploads\/2026\/04\/ORKIDE_2_STILKE_7486_w-150x150.jpg 150w, https:\/\/interflora.dk\/vores-butikker\/wp-content\/uploads\/2026\/04\/ORKIDE_2_STILKE_7486_w-768x768.jpg 768w, https:\/\/interflora.dk\/vores-butikker\/wp-content\/uploads\/2026\/04\/ORKIDE_2_STILKE_7486_w.jpg 1200w\" sizes=\"(max-width: 300px) 100vw, 300px\" \/><img decoding=\"async\" class=\"lp-badge\" src=\"https:\/\/interflora.dk\/blog\/wp-content\/uploads\/2025\/09\/220422_INTERFLORA_Main_Logo_rgb_Main_Color.avif\" alt=\"Send blomster med Interflora\"><\/div><span>Orkide (ekskl. potte)<\/span><p>Fra 249 kr.<\/p><span class=\"obf-link lp-cta\" role=\"link\" tabindex=\"0\" data-b64=\"aHR0cHM6Ly9pbnRlcmZsb3JhLmRrL3Byb2R1a3Qvb3JraWRlLWVrc2tsLXBvdHRl\" data-target=\"_self\"><svg xmlns=\"http:\/\/www.w3.org\/2000\/svg\" width=\"16\" height=\"16\" fill=\"currentColor\" class=\"bi bi-bag\" viewBox=\"0 0 16 16\"><path d=\"M8 1a2 2 0 0 1 2 2v1h2.5A1.5 1.5 0 0 1 14 5.5v8A1.5 1.5 0 0 1 12.5 15h-9A1.5 1.5 0 0 1 2 13.5v-8A1.5 1.5 0 0 1 3.5 3H6V2a2 2 0 0 1 2-1zm1 3V3a1 1 0 0 0-2 0v1h2z\"\/><\/svg>K\u00f8b her<\/span><p class=\"rapido\">Kundernes favorit<\/p><\/div><div class=\"lp-produit\"><div class=\"lp-thumbnail-wrapper\"><img decoding=\"async\" width=\"300\" height=\"300\" src=\"https:\/\/interflora.dk\/vores-butikker\/wp-content\/uploads\/2026\/04\/4673-300x300.jpg\" class=\"attachment-medium size-medium wp-post-image\" alt=\"\" srcset=\"https:\/\/interflora.dk\/vores-butikker\/wp-content\/uploads\/2026\/04\/4673-300x300.jpg 300w, https:\/\/interflora.dk\/vores-butikker\/wp-content\/uploads\/2026\/04\/4673-1024x1024.jpg 1024w, https:\/\/interflora.dk\/vores-butikker\/wp-content\/uploads\/2026\/04\/4673-150x150.jpg 150w, https:\/\/interflora.dk\/vores-butikker\/wp-content\/uploads\/2026\/04\/4673-768x768.jpg 768w, https:\/\/interflora.dk\/vores-butikker\/wp-content\/uploads\/2026\/04\/4673.jpg 1200w\" sizes=\"(max-width: 300px) 100vw, 300px\" \/><img decoding=\"async\" class=\"lp-badge\" src=\"https:\/\/interflora.dk\/blog\/wp-content\/uploads\/2025\/09\/220422_INTERFLORA_Main_Logo_rgb_Main_Color.avif\" alt=\"Send blomster med Interflora\"><\/div><span>En s\u00f8d hilsen<\/span><p>Fra 284 kr.<\/p><span class=\"obf-link lp-cta\" role=\"link\" tabindex=\"0\" data-b64=\"aHR0cHM6Ly9pbnRlcmZsb3JhLmRrL3Byb2R1a3QvZW4tc29lZC1oaWxzZW4tMA==\" data-target=\"_self\"><svg xmlns=\"http:\/\/www.w3.org\/2000\/svg\" width=\"16\" height=\"16\" fill=\"currentColor\" class=\"bi bi-bag\" viewBox=\"0 0 16 16\"><path d=\"M8 1a2 2 0 0 1 2 2v1h2.5A1.5 1.5 0 0 1 14 5.5v8A1.5 1.5 0 0 1 12.5 15h-9A1.5 1.5 0 0 1 2 13.5v-8A1.5 1.5 0 0 1 3.5 3H6V2a2 2 0 0 1 2-1zm1 3V3a1 1 0 0 0-2 0v1h2z\"\/><\/svg>K\u00f8b her<\/span><p class=\"rapido\">H\u00e5ndbundet af florister<\/p><\/div><div class=\"lp-produit\"><div class=\"lp-thumbnail-wrapper\"><img decoding=\"async\" width=\"300\" height=\"300\" src=\"https:\/\/interflora.dk\/vores-butikker\/wp-content\/uploads\/2026\/04\/DEN_SOEDESTE_TIL_MOR_HAND-300x300.jpg\" class=\"attachment-medium size-medium wp-post-image\" alt=\"\" srcset=\"https:\/\/interflora.dk\/vores-butikker\/wp-content\/uploads\/2026\/04\/DEN_SOEDESTE_TIL_MOR_HAND-300x300.jpg 300w, https:\/\/interflora.dk\/vores-butikker\/wp-content\/uploads\/2026\/04\/DEN_SOEDESTE_TIL_MOR_HAND-1024x1024.jpg 1024w, https:\/\/interflora.dk\/vores-butikker\/wp-content\/uploads\/2026\/04\/DEN_SOEDESTE_TIL_MOR_HAND-150x150.jpg 150w, https:\/\/interflora.dk\/vores-butikker\/wp-content\/uploads\/2026\/04\/DEN_SOEDESTE_TIL_MOR_HAND-768x768.jpg 768w, https:\/\/interflora.dk\/vores-butikker\/wp-content\/uploads\/2026\/04\/DEN_SOEDESTE_TIL_MOR_HAND.jpg 1200w\" sizes=\"(max-width: 300px) 100vw, 300px\" \/><img decoding=\"async\" class=\"lp-badge\" src=\"https:\/\/interflora.dk\/blog\/wp-content\/uploads\/2025\/09\/220422_INTERFLORA_Main_Logo_rgb_Main_Color.avif\" alt=\"Send blomster med Interflora\"><\/div><span>Den s\u00f8deste til mor<\/span><p>Fra 289 kr.<\/p><span class=\"obf-link lp-cta\" role=\"link\" tabindex=\"0\" data-b64=\"aHR0cHM6Ly9pbnRlcmZsb3JhLmRrL3Byb2R1a3QvZGVuLXNvZWRlc3RlLXRpbC1tb3I\/dj0xNzM0NyYjMDM4O3ZhcmlhdGlvbj0wNmU4ZGVkMi0zYjAxLTRiNDMtYWYyOC0yODhkY2JkNWIxY2Y=\" data-target=\"_self\"><svg xmlns=\"http:\/\/www.w3.org\/2000\/svg\" width=\"16\" height=\"16\" fill=\"currentColor\" class=\"bi bi-bag\" viewBox=\"0 0 16 16\"><path d=\"M8 1a2 2 0 0 1 2 2v1h2.5A1.5 1.5 0 0 1 14 5.5v8A1.5 1.5 0 0 1 12.5 15h-9A1.5 1.5 0 0 1 2 13.5v-8A1.5 1.5 0 0 1 3.5 3H6V2a2 2 0 0 1 2-1zm1 3V3a1 1 0 0 0-2 0v1h2z\"\/><\/svg>K\u00f8b her<\/span><p class=\"rapido\">Kundernes favorit<\/p><\/div><div class=\"lp-produit\"><div class=\"lp-thumbnail-wrapper\"><img decoding=\"async\" width=\"300\" height=\"300\" src=\"https:\/\/interflora.dk\/vores-butikker\/wp-content\/uploads\/2026\/04\/DEN_NATURLIGE_TIL_MOR_MEDIUM_2548_w-300x300.jpg\" class=\"attachment-medium size-medium wp-post-image\" alt=\"\" srcset=\"https:\/\/interflora.dk\/vores-butikker\/wp-content\/uploads\/2026\/04\/DEN_NATURLIGE_TIL_MOR_MEDIUM_2548_w-300x300.jpg 300w, https:\/\/interflora.dk\/vores-butikker\/wp-content\/uploads\/2026\/04\/DEN_NATURLIGE_TIL_MOR_MEDIUM_2548_w-1024x1024.jpg 1024w, https:\/\/interflora.dk\/vores-butikker\/wp-content\/uploads\/2026\/04\/DEN_NATURLIGE_TIL_MOR_MEDIUM_2548_w-150x150.jpg 150w, https:\/\/interflora.dk\/vores-butikker\/wp-content\/uploads\/2026\/04\/DEN_NATURLIGE_TIL_MOR_MEDIUM_2548_w-768x768.jpg 768w, https:\/\/interflora.dk\/vores-butikker\/wp-content\/uploads\/2026\/04\/DEN_NATURLIGE_TIL_MOR_MEDIUM_2548_w.jpg 1200w\" sizes=\"(max-width: 300px) 100vw, 300px\" \/><img decoding=\"async\" class=\"lp-badge\" src=\"https:\/\/interflora.dk\/blog\/wp-content\/uploads\/2025\/09\/220422_INTERFLORA_Main_Logo_rgb_Main_Color.avif\" alt=\"Send blomster med Interflora\"><\/div><span>Den fortryllende til Mor<\/span><p>Fra 299 kr.<\/p><span class=\"obf-link lp-cta\" role=\"link\" tabindex=\"0\" data-b64=\"aHR0cHM6Ly9pbnRlcmZsb3JhLmRrL3Byb2R1a3QvZGVuLWZvcnRyeWxsZW5kZS10aWwtbW9yP3Y9MTM4OTEmIzAzODt2YXJpYXRpb249ODZmMWZkNGItOGM1ZS00MjNjLWE0M2QtZWVmZmM0MjI2ODg5\" data-target=\"_self\"><svg xmlns=\"http:\/\/www.w3.org\/2000\/svg\" width=\"16\" height=\"16\" fill=\"currentColor\" class=\"bi bi-bag\" viewBox=\"0 0 16 16\"><path d=\"M8 1a2 2 0 0 1 2 2v1h2.5A1.5 1.5 0 0 1 14 5.5v8A1.5 1.5 0 0 1 12.5 15h-9A1.5 1.5 0 0 1 2 13.5v-8A1.5 1.5 0 0 1 3.5 3H6V2a2 2 0 0 1 2-1zm1 3V3a1 1 0 0 0-2 0v1h2z\"\/><\/svg>K\u00f8b her<\/span><p class=\"rapido\">Levering i dag<\/p><\/div><\/div>\n<\/div>\n\t\t\t\t<\/div>\n\t\t\t\t\t\t\t\t<div id=\"tab-11993\" class=\"sp-tab__tab-pane \" role=\"tabpanel\">\n\t\t\t\t\t<div class=\"sp-tab-content animated fadeIn\"><div class=\"lp-produits-grid\"><div class=\"lp-produit\"><div class=\"lp-thumbnail-wrapper\"><img decoding=\"async\" width=\"300\" height=\"300\" src=\"https:\/\/interflora.dk\/vores-butikker\/wp-content\/uploads\/2025\/10\/DEN_FARVERIGE_SMALL_555-1-300x300.jpg\" class=\"attachment-medium size-medium wp-post-image\" alt=\"\" srcset=\"https:\/\/interflora.dk\/vores-butikker\/wp-content\/uploads\/2025\/10\/DEN_FARVERIGE_SMALL_555-1-300x300.jpg 300w, https:\/\/interflora.dk\/vores-butikker\/wp-content\/uploads\/2025\/10\/DEN_FARVERIGE_SMALL_555-1-1024x1024.jpg 1024w, https:\/\/interflora.dk\/vores-butikker\/wp-content\/uploads\/2025\/10\/DEN_FARVERIGE_SMALL_555-1-150x150.jpg 150w, https:\/\/interflora.dk\/vores-butikker\/wp-content\/uploads\/2025\/10\/DEN_FARVERIGE_SMALL_555-1-768x768.jpg 768w, https:\/\/interflora.dk\/vores-butikker\/wp-content\/uploads\/2025\/10\/DEN_FARVERIGE_SMALL_555-1.jpg 1200w\" sizes=\"(max-width: 300px) 100vw, 300px\" \/><img decoding=\"async\" class=\"lp-badge\" src=\"https:\/\/interflora.dk\/blog\/wp-content\/uploads\/2025\/09\/220422_INTERFLORA_Main_Logo_rgb_Main_Color.avif\" alt=\"Send blomster med Interflora\"><\/div><span>Den farverige<\/span><p>Fra 329 kr.<\/p><span class=\"obf-link lp-cta\" role=\"link\" tabindex=\"0\" data-b64=\"aHR0cHM6Ly9pbnRlcmZsb3JhLmRrL3Byb2R1a3QvZGVuLWZhcnZlcmlnZT92PTk0ODYmIzAzODt2YXJpYXRpb249Mjc1YTFlY2UtYzlhOS00OTU5LTgwMWMtOTYzNDY3NzRiMmM5\" data-target=\"_self\"><svg xmlns=\"http:\/\/www.w3.org\/2000\/svg\" width=\"16\" height=\"16\" fill=\"currentColor\" class=\"bi bi-bag\" viewBox=\"0 0 16 16\"><path d=\"M8 1a2 2 0 0 1 2 2v1h2.5A1.5 1.5 0 0 1 14 5.5v8A1.5 1.5 0 0 1 12.5 15h-9A1.5 1.5 0 0 1 2 13.5v-8A1.5 1.5 0 0 1 3.5 3H6V2a2 2 0 0 1 2-1zm1 3V3a1 1 0 0 0-2 0v1h2z\"\/><\/svg>K\u00f8b her<\/span><p class=\"rapido\">Levering i hele Danmark<\/p><\/div><div class=\"lp-produit\"><div class=\"lp-thumbnail-wrapper\"><img decoding=\"async\" width=\"300\" height=\"300\" src=\"https:\/\/interflora.dk\/vores-butikker\/wp-content\/uploads\/2025\/10\/GAVEKURV_MED_BUKET_FLORISTENS_VALG_UDEN_ALKOHOL_80231_0-1-300x300.jpg\" class=\"attachment-medium size-medium wp-post-image\" alt=\"\" srcset=\"https:\/\/interflora.dk\/vores-butikker\/wp-content\/uploads\/2025\/10\/GAVEKURV_MED_BUKET_FLORISTENS_VALG_UDEN_ALKOHOL_80231_0-1-300x300.jpg 300w, https:\/\/interflora.dk\/vores-butikker\/wp-content\/uploads\/2025\/10\/GAVEKURV_MED_BUKET_FLORISTENS_VALG_UDEN_ALKOHOL_80231_0-1-1024x1024.jpg 1024w, https:\/\/interflora.dk\/vores-butikker\/wp-content\/uploads\/2025\/10\/GAVEKURV_MED_BUKET_FLORISTENS_VALG_UDEN_ALKOHOL_80231_0-1-150x150.jpg 150w, https:\/\/interflora.dk\/vores-butikker\/wp-content\/uploads\/2025\/10\/GAVEKURV_MED_BUKET_FLORISTENS_VALG_UDEN_ALKOHOL_80231_0-1-768x768.jpg 768w, https:\/\/interflora.dk\/vores-butikker\/wp-content\/uploads\/2025\/10\/GAVEKURV_MED_BUKET_FLORISTENS_VALG_UDEN_ALKOHOL_80231_0-1.jpg 1200w\" sizes=\"(max-width: 300px) 100vw, 300px\" \/><img decoding=\"async\" class=\"lp-badge\" src=\"https:\/\/interflora.dk\/blog\/wp-content\/uploads\/2025\/09\/220422_INTERFLORA_Main_Logo_rgb_Main_Color.avif\" alt=\"Send blomster med Interflora\"><\/div><span>Gavekurv med buket (Floristens kreative valg uden alkohol)<\/span><p>Fra 499 kr.<\/p><span class=\"obf-link lp-cta\" role=\"link\" tabindex=\"0\" data-b64=\"aHR0cHM6Ly9pbnRlcmZsb3JhLmRrL3Byb2R1a3QvZ2F2ZWt1cnYtbWVkLWJ1a2V0LWZsb3Jpc3RlbnMta3JlYXRpdmUtdmFsZy11ZGVuLWFsa29ob2w=\" data-target=\"_self\"><svg xmlns=\"http:\/\/www.w3.org\/2000\/svg\" width=\"16\" height=\"16\" fill=\"currentColor\" class=\"bi bi-bag\" viewBox=\"0 0 16 16\"><path d=\"M8 1a2 2 0 0 1 2 2v1h2.5A1.5 1.5 0 0 1 14 5.5v8A1.5 1.5 0 0 1 12.5 15h-9A1.5 1.5 0 0 1 2 13.5v-8A1.5 1.5 0 0 1 3.5 3H6V2a2 2 0 0 1 2-1zm1 3V3a1 1 0 0 0-2 0v1h2z\"\/><\/svg>K\u00f8b her<\/span><p class=\"rapido\">Levering i hele Danmark<\/p><\/div><div class=\"lp-produit\"><div class=\"lp-thumbnail-wrapper\"><img decoding=\"async\" width=\"300\" height=\"300\" src=\"https:\/\/interflora.dk\/vores-butikker\/wp-content\/uploads\/2025\/10\/PREMIUM_ROED_LYSEROED_SMALL_7490_w-300x300.jpg\" class=\"attachment-medium size-medium wp-post-image\" alt=\"\" srcset=\"https:\/\/interflora.dk\/vores-butikker\/wp-content\/uploads\/2025\/10\/PREMIUM_ROED_LYSEROED_SMALL_7490_w-300x300.jpg 300w, https:\/\/interflora.dk\/vores-butikker\/wp-content\/uploads\/2025\/10\/PREMIUM_ROED_LYSEROED_SMALL_7490_w-1024x1024.jpg 1024w, https:\/\/interflora.dk\/vores-butikker\/wp-content\/uploads\/2025\/10\/PREMIUM_ROED_LYSEROED_SMALL_7490_w-150x150.jpg 150w, https:\/\/interflora.dk\/vores-butikker\/wp-content\/uploads\/2025\/10\/PREMIUM_ROED_LYSEROED_SMALL_7490_w-768x768.jpg 768w, https:\/\/interflora.dk\/vores-butikker\/wp-content\/uploads\/2025\/10\/PREMIUM_ROED_LYSEROED_SMALL_7490_w.jpg 1200w\" sizes=\"(max-width: 300px) 100vw, 300px\" \/><img decoding=\"async\" class=\"lp-badge\" src=\"https:\/\/interflora.dk\/blog\/wp-content\/uploads\/2025\/09\/220422_INTERFLORA_Main_Logo_rgb_Main_Color.avif\" alt=\"Send blomster med Interflora\"><\/div><span>Den bet\u00e6nksomme<\/span><p>Fra 349 kr.<\/p><span class=\"obf-link lp-cta\" role=\"link\" tabindex=\"0\" data-b64=\"aHR0cHM6Ly9pbnRlcmZsb3JhLmRrL3Byb2R1a3QvZGVuLWJldGFlbmtzb21tZT92PTk0MjEmIzAzODt2YXJpYXRpb249ZTNiOThjYjctMWQzMC00OTYxLWI5N2UtOGM5OGIwNmM2NDE1\" data-target=\"_self\"><svg xmlns=\"http:\/\/www.w3.org\/2000\/svg\" width=\"16\" height=\"16\" fill=\"currentColor\" class=\"bi bi-bag\" viewBox=\"0 0 16 16\"><path d=\"M8 1a2 2 0 0 1 2 2v1h2.5A1.5 1.5 0 0 1 14 5.5v8A1.5 1.5 0 0 1 12.5 15h-9A1.5 1.5 0 0 1 2 13.5v-8A1.5 1.5 0 0 1 3.5 3H6V2a2 2 0 0 1 2-1zm1 3V3a1 1 0 0 0-2 0v1h2z\"\/><\/svg>K\u00f8b her<\/span><p class=\"rapido\">Kundernes favorit<\/p><\/div><div class=\"lp-produit\"><div class=\"lp-thumbnail-wrapper\"><img decoding=\"async\" width=\"300\" height=\"300\" src=\"https:\/\/interflora.dk\/vores-butikker\/wp-content\/uploads\/2025\/10\/GAVEKURV_TIL_DEN_SOEDE_TAND_FLORISTENS_VALG_80242-Edit-300x300.jpg\" class=\"attachment-medium size-medium wp-post-image\" alt=\"\" srcset=\"https:\/\/interflora.dk\/vores-butikker\/wp-content\/uploads\/2025\/10\/GAVEKURV_TIL_DEN_SOEDE_TAND_FLORISTENS_VALG_80242-Edit-300x300.jpg 300w, https:\/\/interflora.dk\/vores-butikker\/wp-content\/uploads\/2025\/10\/GAVEKURV_TIL_DEN_SOEDE_TAND_FLORISTENS_VALG_80242-Edit-1024x1024.jpg 1024w, https:\/\/interflora.dk\/vores-butikker\/wp-content\/uploads\/2025\/10\/GAVEKURV_TIL_DEN_SOEDE_TAND_FLORISTENS_VALG_80242-Edit-150x150.jpg 150w, https:\/\/interflora.dk\/vores-butikker\/wp-content\/uploads\/2025\/10\/GAVEKURV_TIL_DEN_SOEDE_TAND_FLORISTENS_VALG_80242-Edit-768x768.jpg 768w, https:\/\/interflora.dk\/vores-butikker\/wp-content\/uploads\/2025\/10\/GAVEKURV_TIL_DEN_SOEDE_TAND_FLORISTENS_VALG_80242-Edit.jpg 1200w\" sizes=\"(max-width: 300px) 100vw, 300px\" \/><img decoding=\"async\" class=\"lp-badge\" src=\"https:\/\/interflora.dk\/blog\/wp-content\/uploads\/2025\/09\/220422_INTERFLORA_Main_Logo_rgb_Main_Color.avif\" alt=\"Send blomster med Interflora\"><\/div><span>Gavekurv til den s\u00f8de tand (Floristens kreative valg uden alkohol)<\/span><p>Fra 300 kr.<\/p><span class=\"obf-link lp-cta\" role=\"link\" tabindex=\"0\" data-b64=\"aHR0cHM6Ly9pbnRlcmZsb3JhLmRrL3Byb2R1a3QvZ2F2ZWt1cnYtdGlsLWRlbi1zb2VkZS10YW5kLWZsb3Jpc3RlbnMta3JlYXRpdmUtdmFsZy11ZGVuLWFsa29ob2wtMA==\" data-target=\"_self\"><svg xmlns=\"http:\/\/www.w3.org\/2000\/svg\" width=\"16\" height=\"16\" fill=\"currentColor\" class=\"bi bi-bag\" viewBox=\"0 0 16 16\"><path d=\"M8 1a2 2 0 0 1 2 2v1h2.5A1.5 1.5 0 0 1 14 5.5v8A1.5 1.5 0 0 1 12.5 15h-9A1.5 1.5 0 0 1 2 13.5v-8A1.5 1.5 0 0 1 3.5 3H6V2a2 2 0 0 1 2-1zm1 3V3a1 1 0 0 0-2 0v1h2z\"\/><\/svg>K\u00f8b her<\/span><p class=\"rapido\">H\u00e5ndbundet af florister<\/p><\/div><div class=\"lp-produit\"><div class=\"lp-thumbnail-wrapper\"><img decoding=\"async\" width=\"300\" height=\"300\" src=\"https:\/\/interflora.dk\/vores-butikker\/wp-content\/uploads\/2025\/10\/DEN_SOEDE_OMTANKE_HAND_173-300x300.jpg\" class=\"attachment-medium size-medium wp-post-image\" alt=\"\" srcset=\"https:\/\/interflora.dk\/vores-butikker\/wp-content\/uploads\/2025\/10\/DEN_SOEDE_OMTANKE_HAND_173-300x300.jpg 300w, https:\/\/interflora.dk\/vores-butikker\/wp-content\/uploads\/2025\/10\/DEN_SOEDE_OMTANKE_HAND_173-1024x1024.jpg 1024w, https:\/\/interflora.dk\/vores-butikker\/wp-content\/uploads\/2025\/10\/DEN_SOEDE_OMTANKE_HAND_173-150x150.jpg 150w, https:\/\/interflora.dk\/vores-butikker\/wp-content\/uploads\/2025\/10\/DEN_SOEDE_OMTANKE_HAND_173-768x768.jpg 768w, https:\/\/interflora.dk\/vores-butikker\/wp-content\/uploads\/2025\/10\/DEN_SOEDE_OMTANKE_HAND_173.jpg 1200w\" sizes=\"(max-width: 300px) 100vw, 300px\" \/><img decoding=\"async\" class=\"lp-badge\" src=\"https:\/\/interflora.dk\/blog\/wp-content\/uploads\/2025\/09\/220422_INTERFLORA_Main_Logo_rgb_Main_Color.avif\" alt=\"Send blomster med Interflora\"><\/div><span>Den s\u00f8de omtanke<\/span><p>Fra 319 kr.<\/p><span class=\"obf-link lp-cta\" role=\"link\" tabindex=\"0\" data-b64=\"aHR0cHM6Ly9pbnRlcmZsb3JhLmRrL3Byb2R1a3QvZGVuLXNvZWRlLW9tdGFua2U\/dj0xOTI2JiMwMzg7dmFyaWF0aW9uPTNlY2U2YmYxLTdhOTAtNDQwMi1iYzQ5LWM4ZTcyMjQ4ODM5NA==\" data-target=\"_self\"><svg xmlns=\"http:\/\/www.w3.org\/2000\/svg\" width=\"16\" height=\"16\" fill=\"currentColor\" class=\"bi bi-bag\" viewBox=\"0 0 16 16\"><path d=\"M8 1a2 2 0 0 1 2 2v1h2.5A1.5 1.5 0 0 1 14 5.5v8A1.5 1.5 0 0 1 12.5 15h-9A1.5 1.5 0 0 1 2 13.5v-8A1.5 1.5 0 0 1 3.5 3H6V2a2 2 0 0 1 2-1zm1 3V3a1 1 0 0 0-2 0v1h2z\"\/><\/svg>K\u00f8b her<\/span><p class=\"rapido\">Levering i dag<\/p><\/div><div class=\"lp-produit\"><div class=\"lp-thumbnail-wrapper\"><img decoding=\"async\" width=\"300\" height=\"300\" src=\"https:\/\/interflora.dk\/vores-butikker\/wp-content\/uploads\/2025\/10\/DEN_VENLIGE_VINTERVERSION_HAND_v_0-1-300x300.jpg\" class=\"attachment-medium size-medium wp-post-image\" alt=\"\" srcset=\"https:\/\/interflora.dk\/vores-butikker\/wp-content\/uploads\/2025\/10\/DEN_VENLIGE_VINTERVERSION_HAND_v_0-1-300x300.jpg 300w, https:\/\/interflora.dk\/vores-butikker\/wp-content\/uploads\/2025\/10\/DEN_VENLIGE_VINTERVERSION_HAND_v_0-1-1024x1024.jpg 1024w, https:\/\/interflora.dk\/vores-butikker\/wp-content\/uploads\/2025\/10\/DEN_VENLIGE_VINTERVERSION_HAND_v_0-1-150x150.jpg 150w, https:\/\/interflora.dk\/vores-butikker\/wp-content\/uploads\/2025\/10\/DEN_VENLIGE_VINTERVERSION_HAND_v_0-1-768x768.jpg 768w, https:\/\/interflora.dk\/vores-butikker\/wp-content\/uploads\/2025\/10\/DEN_VENLIGE_VINTERVERSION_HAND_v_0-1.jpg 1200w\" sizes=\"(max-width: 300px) 100vw, 300px\" \/><img decoding=\"async\" class=\"lp-badge\" src=\"https:\/\/interflora.dk\/blog\/wp-content\/uploads\/2025\/09\/220422_INTERFLORA_Main_Logo_rgb_Main_Color.avif\" alt=\"Send blomster med Interflora\"><\/div><span>Den venlige<\/span><p>Fra 229 kr.<\/p><span class=\"obf-link lp-cta\" role=\"link\" tabindex=\"0\" data-b64=\"aHR0cHM6Ly9pbnRlcmZsb3JhLmRrL3Byb2R1a3QvZGVuLXZlbmxpZ2U\/dj0xNTgwMiYjMDM4O3ZhcmlhdGlvbj1jMDRiZDM3OC1kZGYyLTRjMmItYmM5My1hYWM2ZWJlZWUwNDI=\" data-target=\"_self\"><svg xmlns=\"http:\/\/www.w3.org\/2000\/svg\" width=\"16\" height=\"16\" fill=\"currentColor\" class=\"bi bi-bag\" viewBox=\"0 0 16 16\"><path d=\"M8 1a2 2 0 0 1 2 2v1h2.5A1.5 1.5 0 0 1 14 5.5v8A1.5 1.5 0 0 1 12.5 15h-9A1.5 1.5 0 0 1 2 13.5v-8A1.5 1.5 0 0 1 3.5 3H6V2a2 2 0 0 1 2-1zm1 3V3a1 1 0 0 0-2 0v1h2z\"\/><\/svg>K\u00f8b her<\/span><p class=\"rapido\">Levering i hele Danmark<\/p><\/div><div class=\"lp-produit\"><div class=\"lp-thumbnail-wrapper\"><img decoding=\"async\" width=\"300\" height=\"300\" src=\"https:\/\/interflora.dk\/vores-butikker\/wp-content\/uploads\/2025\/10\/DEN_TIL_FOEDSELSDAGEN_VINTER_SMALL_127_v-300x300.jpg\" class=\"attachment-medium size-medium wp-post-image\" alt=\"\" srcset=\"https:\/\/interflora.dk\/vores-butikker\/wp-content\/uploads\/2025\/10\/DEN_TIL_FOEDSELSDAGEN_VINTER_SMALL_127_v-300x300.jpg 300w, https:\/\/interflora.dk\/vores-butikker\/wp-content\/uploads\/2025\/10\/DEN_TIL_FOEDSELSDAGEN_VINTER_SMALL_127_v-1024x1024.jpg 1024w, https:\/\/interflora.dk\/vores-butikker\/wp-content\/uploads\/2025\/10\/DEN_TIL_FOEDSELSDAGEN_VINTER_SMALL_127_v-150x150.jpg 150w, https:\/\/interflora.dk\/vores-butikker\/wp-content\/uploads\/2025\/10\/DEN_TIL_FOEDSELSDAGEN_VINTER_SMALL_127_v-768x768.jpg 768w, https:\/\/interflora.dk\/vores-butikker\/wp-content\/uploads\/2025\/10\/DEN_TIL_FOEDSELSDAGEN_VINTER_SMALL_127_v.jpg 1200w\" sizes=\"(max-width: 300px) 100vw, 300px\" \/><img decoding=\"async\" class=\"lp-badge\" src=\"https:\/\/interflora.dk\/blog\/wp-content\/uploads\/2025\/09\/220422_INTERFLORA_Main_Logo_rgb_Main_Color.avif\" alt=\"Send blomster med Interflora\"><\/div><span>Den til f\u00f8dselsdagen<\/span><p>Fra 299 kr.<\/p><span class=\"obf-link lp-cta\" role=\"link\" tabindex=\"0\" data-b64=\"aHR0cHM6Ly9pbnRlcmZsb3JhLmRrL3Byb2R1a3QvZGVuLXRpbC1mb2Vkc2Vsc2RhZ2VuP3Y9MTU1MSYjMDM4O3ZhcmlhdGlvbj05M2NjOTRlNi0zZmJlLTQ1OTgtYjAwNS03YTk5NTNiNGZlNGI=\" data-target=\"_self\"><svg xmlns=\"http:\/\/www.w3.org\/2000\/svg\" width=\"16\" height=\"16\" fill=\"currentColor\" class=\"bi bi-bag\" viewBox=\"0 0 16 16\"><path d=\"M8 1a2 2 0 0 1 2 2v1h2.5A1.5 1.5 0 0 1 14 5.5v8A1.5 1.5 0 0 1 12.5 15h-9A1.5 1.5 0 0 1 2 13.5v-8A1.5 1.5 0 0 1 3.5 3H6V2a2 2 0 0 1 2-1zm1 3V3a1 1 0 0 0-2 0v1h2z\"\/><\/svg>K\u00f8b her<\/span><p class=\"rapido\">Levering i dag<\/p><\/div><div class=\"lp-produit\"><div class=\"lp-thumbnail-wrapper\"><img decoding=\"async\" width=\"300\" height=\"300\" src=\"https:\/\/interflora.dk\/vores-butikker\/wp-content\/uploads\/2025\/10\/FINE_LILJEHILSEN_VERSION_01_MEDIUM_w2028229-1-300x300.jpg\" class=\"attachment-medium size-medium wp-post-image\" alt=\"\" srcset=\"https:\/\/interflora.dk\/vores-butikker\/wp-content\/uploads\/2025\/10\/FINE_LILJEHILSEN_VERSION_01_MEDIUM_w2028229-1-300x300.jpg 300w, https:\/\/interflora.dk\/vores-butikker\/wp-content\/uploads\/2025\/10\/FINE_LILJEHILSEN_VERSION_01_MEDIUM_w2028229-1-1024x1024.jpg 1024w, https:\/\/interflora.dk\/vores-butikker\/wp-content\/uploads\/2025\/10\/FINE_LILJEHILSEN_VERSION_01_MEDIUM_w2028229-1-150x150.jpg 150w, https:\/\/interflora.dk\/vores-butikker\/wp-content\/uploads\/2025\/10\/FINE_LILJEHILSEN_VERSION_01_MEDIUM_w2028229-1-768x768.jpg 768w, https:\/\/interflora.dk\/vores-butikker\/wp-content\/uploads\/2025\/10\/FINE_LILJEHILSEN_VERSION_01_MEDIUM_w2028229-1.jpg 1200w\" sizes=\"(max-width: 300px) 100vw, 300px\" \/><img decoding=\"async\" class=\"lp-badge\" src=\"https:\/\/interflora.dk\/blog\/wp-content\/uploads\/2025\/09\/220422_INTERFLORA_Main_Logo_rgb_Main_Color.avif\" alt=\"Send blomster med Interflora\"><\/div><span>Den fine liljehilsen<\/span><p>Fra 219 kr.<\/p><span class=\"obf-link lp-cta\" role=\"link\" tabindex=\"0\" data-b64=\"aHR0cHM6Ly9pbnRlcmZsb3JhLmRrL3Byb2R1a3QvZGVuLWZpbmUtbGlsamVoaWxzZW4\/dj0xNzU5NSYjMDM4O3ZhcmlhdGlvbj03YTZiNzY5Mi05NThjLTQ5MjYtYWIyNy0yZjRjYWEwMWJkZGI=\" data-target=\"_self\"><svg xmlns=\"http:\/\/www.w3.org\/2000\/svg\" width=\"16\" height=\"16\" fill=\"currentColor\" class=\"bi bi-bag\" viewBox=\"0 0 16 16\"><path d=\"M8 1a2 2 0 0 1 2 2v1h2.5A1.5 1.5 0 0 1 14 5.5v8A1.5 1.5 0 0 1 12.5 15h-9A1.5 1.5 0 0 1 2 13.5v-8A1.5 1.5 0 0 1 3.5 3H6V2a2 2 0 0 1 2-1zm1 3V3a1 1 0 0 0-2 0v1h2z\"\/><\/svg>K\u00f8b her<\/span><p class=\"rapido\">H\u00e5ndbundet af florister<\/p><\/div><\/div>\n<\/div>\n\t\t\t\t<\/div>\n\t\t\t\t\t\t\t\t<div id=\"tab-11994\" class=\"sp-tab__tab-pane \" role=\"tabpanel\">\n\t\t\t\t\t<div class=\"sp-tab-content animated fadeIn\"><div class=\"lp-produits-grid\"><div class=\"lp-produit\"><div class=\"lp-thumbnail-wrapper\"><img decoding=\"async\" width=\"300\" height=\"300\" src=\"https:\/\/interflora.dk\/vores-butikker\/wp-content\/uploads\/2025\/10\/FINE_LILJEHILSEN_VERSION_01_MEDIUM_w2028229-1-300x300.jpg\" class=\"attachment-medium size-medium wp-post-image\" alt=\"\" srcset=\"https:\/\/interflora.dk\/vores-butikker\/wp-content\/uploads\/2025\/10\/FINE_LILJEHILSEN_VERSION_01_MEDIUM_w2028229-1-300x300.jpg 300w, https:\/\/interflora.dk\/vores-butikker\/wp-content\/uploads\/2025\/10\/FINE_LILJEHILSEN_VERSION_01_MEDIUM_w2028229-1-1024x1024.jpg 1024w, https:\/\/interflora.dk\/vores-butikker\/wp-content\/uploads\/2025\/10\/FINE_LILJEHILSEN_VERSION_01_MEDIUM_w2028229-1-150x150.jpg 150w, https:\/\/interflora.dk\/vores-butikker\/wp-content\/uploads\/2025\/10\/FINE_LILJEHILSEN_VERSION_01_MEDIUM_w2028229-1-768x768.jpg 768w, https:\/\/interflora.dk\/vores-butikker\/wp-content\/uploads\/2025\/10\/FINE_LILJEHILSEN_VERSION_01_MEDIUM_w2028229-1.jpg 1200w\" sizes=\"(max-width: 300px) 100vw, 300px\" \/><img decoding=\"async\" class=\"lp-badge\" src=\"https:\/\/interflora.dk\/blog\/wp-content\/uploads\/2025\/09\/220422_INTERFLORA_Main_Logo_rgb_Main_Color.avif\" alt=\"Send blomster med Interflora\"><\/div><span>Den fine liljehilsen<\/span><p>Fra 219 kr.<\/p><span class=\"obf-link lp-cta\" role=\"link\" tabindex=\"0\" data-b64=\"aHR0cHM6Ly9pbnRlcmZsb3JhLmRrL3Byb2R1a3QvZGVuLWZpbmUtbGlsamVoaWxzZW4\/dj0xNzU5NSYjMDM4O3ZhcmlhdGlvbj03YTZiNzY5Mi05NThjLTQ5MjYtYWIyNy0yZjRjYWEwMWJkZGI=\" data-target=\"_self\"><svg xmlns=\"http:\/\/www.w3.org\/2000\/svg\" width=\"16\" height=\"16\" fill=\"currentColor\" class=\"bi bi-bag\" viewBox=\"0 0 16 16\"><path d=\"M8 1a2 2 0 0 1 2 2v1h2.5A1.5 1.5 0 0 1 14 5.5v8A1.5 1.5 0 0 1 12.5 15h-9A1.5 1.5 0 0 1 2 13.5v-8A1.5 1.5 0 0 1 3.5 3H6V2a2 2 0 0 1 2-1zm1 3V3a1 1 0 0 0-2 0v1h2z\"\/><\/svg>K\u00f8b her<\/span><p class=\"rapido\">Bundet af din lokale florist<\/p><\/div><div class=\"lp-produit\"><div class=\"lp-thumbnail-wrapper\"><img decoding=\"async\" width=\"300\" height=\"300\" src=\"https:\/\/interflora.dk\/vores-butikker\/wp-content\/uploads\/2025\/10\/KAERLIGHEDSKURV_2502-300x300.jpg\" class=\"attachment-medium size-medium wp-post-image\" alt=\"\" srcset=\"https:\/\/interflora.dk\/vores-butikker\/wp-content\/uploads\/2025\/10\/KAERLIGHEDSKURV_2502-300x300.jpg 300w, https:\/\/interflora.dk\/vores-butikker\/wp-content\/uploads\/2025\/10\/KAERLIGHEDSKURV_2502-1024x1024.jpg 1024w, https:\/\/interflora.dk\/vores-butikker\/wp-content\/uploads\/2025\/10\/KAERLIGHEDSKURV_2502-150x150.jpg 150w, https:\/\/interflora.dk\/vores-butikker\/wp-content\/uploads\/2025\/10\/KAERLIGHEDSKURV_2502-768x768.jpg 768w, https:\/\/interflora.dk\/vores-butikker\/wp-content\/uploads\/2025\/10\/KAERLIGHEDSKURV_2502.jpg 1200w\" sizes=\"(max-width: 300px) 100vw, 300px\" \/><img decoding=\"async\" class=\"lp-badge\" src=\"https:\/\/interflora.dk\/blog\/wp-content\/uploads\/2025\/09\/220422_INTERFLORA_Main_Logo_rgb_Main_Color.avif\" alt=\"Send blomster med Interflora\"><\/div><span>K\u00e6rlighedskurv<\/span><p>Fra 425 kr.<\/p><span class=\"obf-link lp-cta\" role=\"link\" tabindex=\"0\" data-b64=\"aHR0cHM6Ly9pbnRlcmZsb3JhLmRrL3Byb2R1a3Qva2FlcmxpZ2hlZHNrdXJ2\" data-target=\"_self\"><svg xmlns=\"http:\/\/www.w3.org\/2000\/svg\" width=\"16\" height=\"16\" fill=\"currentColor\" class=\"bi bi-bag\" viewBox=\"0 0 16 16\"><path d=\"M8 1a2 2 0 0 1 2 2v1h2.5A1.5 1.5 0 0 1 14 5.5v8A1.5 1.5 0 0 1 12.5 15h-9A1.5 1.5 0 0 1 2 13.5v-8A1.5 1.5 0 0 1 3.5 3H6V2a2 2 0 0 1 2-1zm1 3V3a1 1 0 0 0-2 0v1h2z\"\/><\/svg>K\u00f8b her<\/span><p class=\"rapido\">Levering i dag<\/p><\/div><div class=\"lp-produit\"><div class=\"lp-thumbnail-wrapper\"><img decoding=\"async\" width=\"300\" height=\"300\" src=\"https:\/\/interflora.dk\/vores-butikker\/wp-content\/uploads\/2025\/10\/DE_ROEDE_ROSER_HAND_v_02028129-300x300.jpg\" class=\"attachment-medium size-medium wp-post-image\" alt=\"\" srcset=\"https:\/\/interflora.dk\/vores-butikker\/wp-content\/uploads\/2025\/10\/DE_ROEDE_ROSER_HAND_v_02028129-300x300.jpg 300w, https:\/\/interflora.dk\/vores-butikker\/wp-content\/uploads\/2025\/10\/DE_ROEDE_ROSER_HAND_v_02028129-1024x1024.jpg 1024w, https:\/\/interflora.dk\/vores-butikker\/wp-content\/uploads\/2025\/10\/DE_ROEDE_ROSER_HAND_v_02028129-150x150.jpg 150w, https:\/\/interflora.dk\/vores-butikker\/wp-content\/uploads\/2025\/10\/DE_ROEDE_ROSER_HAND_v_02028129-768x768.jpg 768w, https:\/\/interflora.dk\/vores-butikker\/wp-content\/uploads\/2025\/10\/DE_ROEDE_ROSER_HAND_v_02028129.jpg 1200w\" sizes=\"(max-width: 300px) 100vw, 300px\" \/><img decoding=\"async\" class=\"lp-badge\" src=\"https:\/\/interflora.dk\/blog\/wp-content\/uploads\/2025\/09\/220422_INTERFLORA_Main_Logo_rgb_Main_Color.avif\" alt=\"Send blomster med Interflora\"><\/div><span>De r\u00f8de roser<\/span><p>Fra 359 kr.<\/p><span class=\"obf-link lp-cta\" role=\"link\" tabindex=\"0\" data-b64=\"aHR0cHM6Ly9pbnRlcmZsb3JhLmRrL3Byb2R1a3QvZGUtcm9lZGUtcm9zZXI\/dj0xNDkxJiMwMzg7dmFyaWF0aW9uPTc5NTE3NDBlLTJkM2UtNDk5Yi05NTkxLWFkYzBlMzk3NGRiMw==\" data-target=\"_self\"><svg xmlns=\"http:\/\/www.w3.org\/2000\/svg\" width=\"16\" height=\"16\" fill=\"currentColor\" class=\"bi bi-bag\" viewBox=\"0 0 16 16\"><path d=\"M8 1a2 2 0 0 1 2 2v1h2.5A1.5 1.5 0 0 1 14 5.5v8A1.5 1.5 0 0 1 12.5 15h-9A1.5 1.5 0 0 1 2 13.5v-8A1.5 1.5 0 0 1 3.5 3H6V2a2 2 0 0 1 2-1zm1 3V3a1 1 0 0 0-2 0v1h2z\"\/><\/svg>K\u00f8b her<\/span><p class=\"rapido\">Friske blomster<\/p><\/div><div class=\"lp-produit\"><div class=\"lp-thumbnail-wrapper\"><img decoding=\"async\" width=\"300\" height=\"300\" src=\"https:\/\/interflora.dk\/vores-butikker\/wp-content\/uploads\/2025\/10\/Enkelte_roser_168_0-300x300.jpg\" class=\"attachment-medium size-medium wp-post-image\" alt=\"\" srcset=\"https:\/\/interflora.dk\/vores-butikker\/wp-content\/uploads\/2025\/10\/Enkelte_roser_168_0-300x300.jpg 300w, https:\/\/interflora.dk\/vores-butikker\/wp-content\/uploads\/2025\/10\/Enkelte_roser_168_0-1024x1024.jpg 1024w, https:\/\/interflora.dk\/vores-butikker\/wp-content\/uploads\/2025\/10\/Enkelte_roser_168_0-150x150.jpg 150w, https:\/\/interflora.dk\/vores-butikker\/wp-content\/uploads\/2025\/10\/Enkelte_roser_168_0-768x768.jpg 768w, https:\/\/interflora.dk\/vores-butikker\/wp-content\/uploads\/2025\/10\/Enkelte_roser_168_0.jpg 1188w\" sizes=\"(max-width: 300px) 100vw, 300px\" \/><img decoding=\"async\" class=\"lp-badge\" src=\"https:\/\/interflora.dk\/blog\/wp-content\/uploads\/2025\/09\/220422_INTERFLORA_Main_Logo_rgb_Main_Color.avif\" alt=\"Send blomster med Interflora\"><\/div><span>R\u00f8de roser 50-60 cm pr. stk.<\/span><p>Fra 60 kr.<\/p><span class=\"obf-link lp-cta\" role=\"link\" tabindex=\"0\" data-b64=\"aHR0cHM6Ly9pbnRlcmZsb3JhLmRrL3Byb2R1a3Qvcm9kZS1yb3Nlci00MC02MGNt\" data-target=\"_self\"><svg xmlns=\"http:\/\/www.w3.org\/2000\/svg\" width=\"16\" height=\"16\" fill=\"currentColor\" class=\"bi bi-bag\" viewBox=\"0 0 16 16\"><path d=\"M8 1a2 2 0 0 1 2 2v1h2.5A1.5 1.5 0 0 1 14 5.5v8A1.5 1.5 0 0 1 12.5 15h-9A1.5 1.5 0 0 1 2 13.5v-8A1.5 1.5 0 0 1 3.5 3H6V2a2 2 0 0 1 2-1zm1 3V3a1 1 0 0 0-2 0v1h2z\"\/><\/svg>K\u00f8b her<\/span><p class=\"rapido\">Bundet af din lokale florist<\/p><\/div><div class=\"lp-produit\"><div class=\"lp-thumbnail-wrapper\"><img decoding=\"async\" width=\"300\" height=\"300\" src=\"https:\/\/interflora.dk\/vores-butikker\/wp-content\/uploads\/2025\/10\/2149_Den20til20Kaerligheden_AT_US-300x300.jpg\" class=\"attachment-medium size-medium wp-post-image\" alt=\"\" srcset=\"https:\/\/interflora.dk\/vores-butikker\/wp-content\/uploads\/2025\/10\/2149_Den20til20Kaerligheden_AT_US-300x300.jpg 300w, https:\/\/interflora.dk\/vores-butikker\/wp-content\/uploads\/2025\/10\/2149_Den20til20Kaerligheden_AT_US-1024x1024.jpg 1024w, https:\/\/interflora.dk\/vores-butikker\/wp-content\/uploads\/2025\/10\/2149_Den20til20Kaerligheden_AT_US-150x150.jpg 150w, https:\/\/interflora.dk\/vores-butikker\/wp-content\/uploads\/2025\/10\/2149_Den20til20Kaerligheden_AT_US-768x768.jpg 768w, https:\/\/interflora.dk\/vores-butikker\/wp-content\/uploads\/2025\/10\/2149_Den20til20Kaerligheden_AT_US.jpg 1200w\" sizes=\"(max-width: 300px) 100vw, 300px\" \/><img decoding=\"async\" class=\"lp-badge\" src=\"https:\/\/interflora.dk\/blog\/wp-content\/uploads\/2025\/09\/220422_INTERFLORA_Main_Logo_rgb_Main_Color.avif\" alt=\"Send blomster med Interflora\"><\/div><span>Den til k\u00e6rligheden<\/span><p>Fra 399 kr.<\/p><span class=\"obf-link lp-cta\" role=\"link\" tabindex=\"0\" data-b64=\"aHR0cHM6Ly9pbnRlcmZsb3JhLmRrL3Byb2R1a3QvZGVuLXRpbC1rYWVybGlnaGVkZW4=\" data-target=\"_self\"><svg xmlns=\"http:\/\/www.w3.org\/2000\/svg\" width=\"16\" height=\"16\" fill=\"currentColor\" class=\"bi bi-bag\" viewBox=\"0 0 16 16\"><path d=\"M8 1a2 2 0 0 1 2 2v1h2.5A1.5 1.5 0 0 1 14 5.5v8A1.5 1.5 0 0 1 12.5 15h-9A1.5 1.5 0 0 1 2 13.5v-8A1.5 1.5 0 0 1 3.5 3H6V2a2 2 0 0 1 2-1zm1 3V3a1 1 0 0 0-2 0v1h2z\"\/><\/svg>K\u00f8b her<\/span><p class=\"rapido\">Levering i hele Danmark<\/p><\/div><div class=\"lp-produit\"><div class=\"lp-thumbnail-wrapper\"><img decoding=\"async\" width=\"300\" height=\"300\" src=\"https:\/\/interflora.dk\/vores-butikker\/wp-content\/uploads\/2025\/10\/DE_FARVERIGE_ROSER_MEDIUM_103-300x300.jpg\" class=\"attachment-medium size-medium wp-post-image\" alt=\"\" srcset=\"https:\/\/interflora.dk\/vores-butikker\/wp-content\/uploads\/2025\/10\/DE_FARVERIGE_ROSER_MEDIUM_103-300x300.jpg 300w, https:\/\/interflora.dk\/vores-butikker\/wp-content\/uploads\/2025\/10\/DE_FARVERIGE_ROSER_MEDIUM_103-1024x1024.jpg 1024w, https:\/\/interflora.dk\/vores-butikker\/wp-content\/uploads\/2025\/10\/DE_FARVERIGE_ROSER_MEDIUM_103-150x150.jpg 150w, https:\/\/interflora.dk\/vores-butikker\/wp-content\/uploads\/2025\/10\/DE_FARVERIGE_ROSER_MEDIUM_103-768x768.jpg 768w, https:\/\/interflora.dk\/vores-butikker\/wp-content\/uploads\/2025\/10\/DE_FARVERIGE_ROSER_MEDIUM_103.jpg 1200w\" sizes=\"(max-width: 300px) 100vw, 300px\" \/><img decoding=\"async\" class=\"lp-badge\" src=\"https:\/\/interflora.dk\/blog\/wp-content\/uploads\/2025\/09\/220422_INTERFLORA_Main_Logo_rgb_Main_Color.avif\" alt=\"Send blomster med Interflora\"><\/div><span>De farverige roser<\/span><p>Fra 369 kr.<\/p><span class=\"obf-link lp-cta\" role=\"link\" tabindex=\"0\" data-b64=\"aHR0cHM6Ly9pbnRlcmZsb3JhLmRrL3Byb2R1a3QvZGUtZmFydmVyaWdlLXJvc2VyP3Y9MTUyMSYjMDM4O3ZhcmlhdGlvbj0xZmQ4M2JkMC1iMTFjLTRkMjQtOTM0OS1kOGZlZjY3YWVlY2M=\" data-target=\"_self\"><svg xmlns=\"http:\/\/www.w3.org\/2000\/svg\" width=\"16\" height=\"16\" fill=\"currentColor\" class=\"bi bi-bag\" viewBox=\"0 0 16 16\"><path d=\"M8 1a2 2 0 0 1 2 2v1h2.5A1.5 1.5 0 0 1 14 5.5v8A1.5 1.5 0 0 1 12.5 15h-9A1.5 1.5 0 0 1 2 13.5v-8A1.5 1.5 0 0 1 3.5 3H6V2a2 2 0 0 1 2-1zm1 3V3a1 1 0 0 0-2 0v1h2z\"\/><\/svg>K\u00f8b her<\/span><p class=\"rapido\">Bundet af din lokale florist<\/p><\/div><div class=\"lp-produit\"><div class=\"lp-thumbnail-wrapper\"><img decoding=\"async\" width=\"300\" height=\"300\" src=\"https:\/\/interflora.dk\/vores-butikker\/wp-content\/uploads\/2025\/10\/IF_PINK_ROSER_BUKET_SMALL_JPG_0-300x300.jpg\" class=\"attachment-medium size-medium wp-post-image\" alt=\"\" srcset=\"https:\/\/interflora.dk\/vores-butikker\/wp-content\/uploads\/2025\/10\/IF_PINK_ROSER_BUKET_SMALL_JPG_0-300x300.jpg 300w, https:\/\/interflora.dk\/vores-butikker\/wp-content\/uploads\/2025\/10\/IF_PINK_ROSER_BUKET_SMALL_JPG_0-1024x1024.jpg 1024w, https:\/\/interflora.dk\/vores-butikker\/wp-content\/uploads\/2025\/10\/IF_PINK_ROSER_BUKET_SMALL_JPG_0-150x150.jpg 150w, https:\/\/interflora.dk\/vores-butikker\/wp-content\/uploads\/2025\/10\/IF_PINK_ROSER_BUKET_SMALL_JPG_0-768x768.jpg 768w, https:\/\/interflora.dk\/vores-butikker\/wp-content\/uploads\/2025\/10\/IF_PINK_ROSER_BUKET_SMALL_JPG_0.jpg 1200w\" sizes=\"(max-width: 300px) 100vw, 300px\" \/><img decoding=\"async\" class=\"lp-badge\" src=\"https:\/\/interflora.dk\/blog\/wp-content\/uploads\/2025\/09\/220422_INTERFLORA_Main_Logo_rgb_Main_Color.avif\" alt=\"Send blomster med Interflora\"><\/div><span>Rosebuket i lyser\u00f8d &#8211; leveres i gaveboks med DAO<\/span><p>Fra 199 kr.<\/p><span class=\"obf-link lp-cta\" role=\"link\" tabindex=\"0\" data-b64=\"aHR0cHM6Ly9pbnRlcmZsb3JhLmRrL3Byb2R1a3Qvcm9zZWJ1a2V0LWktbHlzZXJvZWQtbGV2ZXJlcy1pLWdhdmVib2tzLW1lZC1kYW8\/dj0xNzY3MyYjMDM4O3ZhcmlhdGlvbj00MTQwOGIzZi02ZDNhLTRiMmItYTVmZi05MWI4NTBiYmRmMWM=\" data-target=\"_self\"><svg xmlns=\"http:\/\/www.w3.org\/2000\/svg\" width=\"16\" height=\"16\" fill=\"currentColor\" class=\"bi bi-bag\" viewBox=\"0 0 16 16\"><path d=\"M8 1a2 2 0 0 1 2 2v1h2.5A1.5 1.5 0 0 1 14 5.5v8A1.5 1.5 0 0 1 12.5 15h-9A1.5 1.5 0 0 1 2 13.5v-8A1.5 1.5 0 0 1 3.5 3H6V2a2 2 0 0 1 2-1zm1 3V3a1 1 0 0 0-2 0v1h2z\"\/><\/svg>K\u00f8b her<\/span><p class=\"rapido\">Friske blomster<\/p><\/div><div class=\"lp-produit\"><div class=\"lp-thumbnail-wrapper\"><img decoding=\"async\" width=\"300\" height=\"300\" src=\"https:\/\/interflora.dk\/vores-butikker\/wp-content\/uploads\/2025\/10\/FLORISTENS_KREATIVE_BUKET_I_LYSEROEDE_NUANCER_MEDIUM_6311-1-300x300.jpg\" class=\"attachment-medium size-medium wp-post-image\" alt=\"\" srcset=\"https:\/\/interflora.dk\/vores-butikker\/wp-content\/uploads\/2025\/10\/FLORISTENS_KREATIVE_BUKET_I_LYSEROEDE_NUANCER_MEDIUM_6311-1-300x300.jpg 300w, https:\/\/interflora.dk\/vores-butikker\/wp-content\/uploads\/2025\/10\/FLORISTENS_KREATIVE_BUKET_I_LYSEROEDE_NUANCER_MEDIUM_6311-1-1024x1024.jpg 1024w, https:\/\/interflora.dk\/vores-butikker\/wp-content\/uploads\/2025\/10\/FLORISTENS_KREATIVE_BUKET_I_LYSEROEDE_NUANCER_MEDIUM_6311-1-150x150.jpg 150w, https:\/\/interflora.dk\/vores-butikker\/wp-content\/uploads\/2025\/10\/FLORISTENS_KREATIVE_BUKET_I_LYSEROEDE_NUANCER_MEDIUM_6311-1-768x768.jpg 768w, https:\/\/interflora.dk\/vores-butikker\/wp-content\/uploads\/2025\/10\/FLORISTENS_KREATIVE_BUKET_I_LYSEROEDE_NUANCER_MEDIUM_6311-1.jpg 1200w\" sizes=\"(max-width: 300px) 100vw, 300px\" \/><img decoding=\"async\" class=\"lp-badge\" src=\"https:\/\/interflora.dk\/blog\/wp-content\/uploads\/2025\/09\/220422_INTERFLORA_Main_Logo_rgb_Main_Color.avif\" alt=\"Send blomster med Interflora\"><\/div><span>Floristens kreative buket i lyser\u00f8de nuancer<\/span><p>Fra 229 kr.<\/p><span class=\"obf-link lp-cta\" role=\"link\" tabindex=\"0\" data-b64=\"aHR0cHM6Ly9pbnRlcmZsb3JhLmRrL3Byb2R1a3QvZmxvcmlzdGVucy1rcmVhdGl2ZS1idWtldC1pLWx5c2Vyb2VkZS1udWFuY2VyP3Y9MTYyNTEmIzAzODt2YXJpYXRpb249M2IyNjBkMDYtMGNlNy00NzUyLTk1ZjUtNGMxNDBjMWU1MDJm\" data-target=\"_self\"><svg xmlns=\"http:\/\/www.w3.org\/2000\/svg\" width=\"16\" height=\"16\" fill=\"currentColor\" class=\"bi bi-bag\" viewBox=\"0 0 16 16\"><path d=\"M8 1a2 2 0 0 1 2 2v1h2.5A1.5 1.5 0 0 1 14 5.5v8A1.5 1.5 0 0 1 12.5 15h-9A1.5 1.5 0 0 1 2 13.5v-8A1.5 1.5 0 0 1 3.5 3H6V2a2 2 0 0 1 2-1zm1 3V3a1 1 0 0 0-2 0v1h2z\"\/><\/svg>K\u00f8b her<\/span><p class=\"rapido\">Kundernes favorit<\/p><\/div><\/div>\n<\/div>\n\t\t\t\t<\/div>\n\t\t\t\t\t\t\t\t<div id=\"tab-11995\" class=\"sp-tab__tab-pane \" role=\"tabpanel\">\n\t\t\t\t\t<div class=\"sp-tab-content animated fadeIn\"><div class=\"lp-produits-grid\"><div class=\"lp-produit\"><div class=\"lp-thumbnail-wrapper\"><img decoding=\"async\" width=\"300\" height=\"300\" src=\"https:\/\/interflora.dk\/vores-butikker\/wp-content\/uploads\/2025\/10\/GAVEKURV_TIL_DEN_SOEDE_TAND_FLORISTENS_VALG_80242-Edit-300x300.jpg\" class=\"attachment-medium size-medium wp-post-image\" alt=\"\" srcset=\"https:\/\/interflora.dk\/vores-butikker\/wp-content\/uploads\/2025\/10\/GAVEKURV_TIL_DEN_SOEDE_TAND_FLORISTENS_VALG_80242-Edit-300x300.jpg 300w, https:\/\/interflora.dk\/vores-butikker\/wp-content\/uploads\/2025\/10\/GAVEKURV_TIL_DEN_SOEDE_TAND_FLORISTENS_VALG_80242-Edit-1024x1024.jpg 1024w, https:\/\/interflora.dk\/vores-butikker\/wp-content\/uploads\/2025\/10\/GAVEKURV_TIL_DEN_SOEDE_TAND_FLORISTENS_VALG_80242-Edit-150x150.jpg 150w, https:\/\/interflora.dk\/vores-butikker\/wp-content\/uploads\/2025\/10\/GAVEKURV_TIL_DEN_SOEDE_TAND_FLORISTENS_VALG_80242-Edit-768x768.jpg 768w, https:\/\/interflora.dk\/vores-butikker\/wp-content\/uploads\/2025\/10\/GAVEKURV_TIL_DEN_SOEDE_TAND_FLORISTENS_VALG_80242-Edit.jpg 1200w\" sizes=\"(max-width: 300px) 100vw, 300px\" \/><img decoding=\"async\" class=\"lp-badge\" src=\"https:\/\/interflora.dk\/blog\/wp-content\/uploads\/2025\/09\/220422_INTERFLORA_Main_Logo_rgb_Main_Color.avif\" alt=\"Send blomster med Interflora\"><\/div><span>Gavekurv til den s\u00f8de tand (Floristens kreative valg uden alkohol)<\/span><p>Fra 300 kr.<\/p><span class=\"obf-link lp-cta\" role=\"link\" tabindex=\"0\" data-b64=\"aHR0cHM6Ly9pbnRlcmZsb3JhLmRrL3Byb2R1a3QvZ2F2ZWt1cnYtdGlsLWRlbi1zb2VkZS10YW5kLWZsb3Jpc3RlbnMta3JlYXRpdmUtdmFsZy11ZGVuLWFsa29ob2wtMA==\" data-target=\"_self\"><svg xmlns=\"http:\/\/www.w3.org\/2000\/svg\" width=\"16\" height=\"16\" fill=\"currentColor\" class=\"bi bi-bag\" viewBox=\"0 0 16 16\"><path d=\"M8 1a2 2 0 0 1 2 2v1h2.5A1.5 1.5 0 0 1 14 5.5v8A1.5 1.5 0 0 1 12.5 15h-9A1.5 1.5 0 0 1 2 13.5v-8A1.5 1.5 0 0 1 3.5 3H6V2a2 2 0 0 1 2-1zm1 3V3a1 1 0 0 0-2 0v1h2z\"\/><\/svg>K\u00f8b her<\/span><p class=\"rapido\">Friske blomster<\/p><\/div><div class=\"lp-produit\"><div class=\"lp-thumbnail-wrapper\"><img decoding=\"async\" width=\"300\" height=\"300\" src=\"https:\/\/interflora.dk\/vores-butikker\/wp-content\/uploads\/2026\/04\/4673-300x300.jpg\" class=\"attachment-medium size-medium wp-post-image\" alt=\"\" srcset=\"https:\/\/interflora.dk\/vores-butikker\/wp-content\/uploads\/2026\/04\/4673-300x300.jpg 300w, https:\/\/interflora.dk\/vores-butikker\/wp-content\/uploads\/2026\/04\/4673-1024x1024.jpg 1024w, https:\/\/interflora.dk\/vores-butikker\/wp-content\/uploads\/2026\/04\/4673-150x150.jpg 150w, https:\/\/interflora.dk\/vores-butikker\/wp-content\/uploads\/2026\/04\/4673-768x768.jpg 768w, https:\/\/interflora.dk\/vores-butikker\/wp-content\/uploads\/2026\/04\/4673.jpg 1200w\" sizes=\"(max-width: 300px) 100vw, 300px\" \/><img decoding=\"async\" class=\"lp-badge\" src=\"https:\/\/interflora.dk\/blog\/wp-content\/uploads\/2025\/09\/220422_INTERFLORA_Main_Logo_rgb_Main_Color.avif\" alt=\"Send blomster med Interflora\"><\/div><span>En s\u00f8d hilsen<\/span><p>Fra 284 kr.<\/p><span class=\"obf-link lp-cta\" role=\"link\" tabindex=\"0\" data-b64=\"aHR0cHM6Ly9pbnRlcmZsb3JhLmRrL3Byb2R1a3QvZW4tc29lZC1oaWxzZW4tMA==\" data-target=\"_self\"><svg xmlns=\"http:\/\/www.w3.org\/2000\/svg\" width=\"16\" height=\"16\" fill=\"currentColor\" class=\"bi bi-bag\" viewBox=\"0 0 16 16\"><path d=\"M8 1a2 2 0 0 1 2 2v1h2.5A1.5 1.5 0 0 1 14 5.5v8A1.5 1.5 0 0 1 12.5 15h-9A1.5 1.5 0 0 1 2 13.5v-8A1.5 1.5 0 0 1 3.5 3H6V2a2 2 0 0 1 2-1zm1 3V3a1 1 0 0 0-2 0v1h2z\"\/><\/svg>K\u00f8b her<\/span><p class=\"rapido\">Kundernes favorit<\/p><\/div><div class=\"lp-produit\"><div class=\"lp-thumbnail-wrapper\"><img decoding=\"async\" width=\"300\" height=\"300\" src=\"https:\/\/interflora.dk\/vores-butikker\/wp-content\/uploads\/2025\/10\/GAVEKURV_V030_v-300x300.jpg\" class=\"attachment-medium size-medium wp-post-image\" alt=\"\" srcset=\"https:\/\/interflora.dk\/vores-butikker\/wp-content\/uploads\/2025\/10\/GAVEKURV_V030_v-300x300.jpg 300w, https:\/\/interflora.dk\/vores-butikker\/wp-content\/uploads\/2025\/10\/GAVEKURV_V030_v-1024x1024.jpg 1024w, https:\/\/interflora.dk\/vores-butikker\/wp-content\/uploads\/2025\/10\/GAVEKURV_V030_v-150x150.jpg 150w, https:\/\/interflora.dk\/vores-butikker\/wp-content\/uploads\/2025\/10\/GAVEKURV_V030_v-768x768.jpg 768w, https:\/\/interflora.dk\/vores-butikker\/wp-content\/uploads\/2025\/10\/GAVEKURV_V030_v.jpg 1200w\" sizes=\"(max-width: 300px) 100vw, 300px\" \/><img decoding=\"async\" class=\"lp-badge\" src=\"https:\/\/interflora.dk\/blog\/wp-content\/uploads\/2025\/09\/220422_INTERFLORA_Main_Logo_rgb_Main_Color.avif\" alt=\"Send blomster med Interflora\"><\/div><span>Lyk\u00f8nskningskurv<\/span><p>Fra 739 kr.<\/p><span class=\"obf-link lp-cta\" role=\"link\" tabindex=\"0\" data-b64=\"aHR0cHM6Ly9pbnRlcmZsb3JhLmRrL3Byb2R1a3QvbHlrb2Vuc2tuaW5nc2t1cnY=\" data-target=\"_self\"><svg xmlns=\"http:\/\/www.w3.org\/2000\/svg\" width=\"16\" height=\"16\" fill=\"currentColor\" class=\"bi bi-bag\" viewBox=\"0 0 16 16\"><path d=\"M8 1a2 2 0 0 1 2 2v1h2.5A1.5 1.5 0 0 1 14 5.5v8A1.5 1.5 0 0 1 12.5 15h-9A1.5 1.5 0 0 1 2 13.5v-8A1.5 1.5 0 0 1 3.5 3H6V2a2 2 0 0 1 2-1zm1 3V3a1 1 0 0 0-2 0v1h2z\"\/><\/svg>K\u00f8b her<\/span><p class=\"rapido\">Friske blomster<\/p><\/div><div class=\"lp-produit\"><div class=\"lp-thumbnail-wrapper\"><img decoding=\"async\" width=\"300\" height=\"300\" src=\"https:\/\/interflora.dk\/vores-butikker\/wp-content\/uploads\/2025\/10\/KAERLIGHEDSKURV_2502-300x300.jpg\" class=\"attachment-medium size-medium wp-post-image\" alt=\"\" srcset=\"https:\/\/interflora.dk\/vores-butikker\/wp-content\/uploads\/2025\/10\/KAERLIGHEDSKURV_2502-300x300.jpg 300w, https:\/\/interflora.dk\/vores-butikker\/wp-content\/uploads\/2025\/10\/KAERLIGHEDSKURV_2502-1024x1024.jpg 1024w, https:\/\/interflora.dk\/vores-butikker\/wp-content\/uploads\/2025\/10\/KAERLIGHEDSKURV_2502-150x150.jpg 150w, https:\/\/interflora.dk\/vores-butikker\/wp-content\/uploads\/2025\/10\/KAERLIGHEDSKURV_2502-768x768.jpg 768w, https:\/\/interflora.dk\/vores-butikker\/wp-content\/uploads\/2025\/10\/KAERLIGHEDSKURV_2502.jpg 1200w\" sizes=\"(max-width: 300px) 100vw, 300px\" \/><img decoding=\"async\" class=\"lp-badge\" src=\"https:\/\/interflora.dk\/blog\/wp-content\/uploads\/2025\/09\/220422_INTERFLORA_Main_Logo_rgb_Main_Color.avif\" alt=\"Send blomster med Interflora\"><\/div><span>K\u00e6rlighedskurv<\/span><p>Fra 425 kr.<\/p><span class=\"obf-link lp-cta\" role=\"link\" tabindex=\"0\" data-b64=\"aHR0cHM6Ly9pbnRlcmZsb3JhLmRrL3Byb2R1a3Qva2FlcmxpZ2hlZHNrdXJ2\" data-target=\"_self\"><svg xmlns=\"http:\/\/www.w3.org\/2000\/svg\" width=\"16\" height=\"16\" fill=\"currentColor\" class=\"bi bi-bag\" viewBox=\"0 0 16 16\"><path d=\"M8 1a2 2 0 0 1 2 2v1h2.5A1.5 1.5 0 0 1 14 5.5v8A1.5 1.5 0 0 1 12.5 15h-9A1.5 1.5 0 0 1 2 13.5v-8A1.5 1.5 0 0 1 3.5 3H6V2a2 2 0 0 1 2-1zm1 3V3a1 1 0 0 0-2 0v1h2z\"\/><\/svg>K\u00f8b her<\/span><p class=\"rapido\">Levering i hele Danmark<\/p><\/div><div class=\"lp-produit\"><div class=\"lp-thumbnail-wrapper\"><img decoding=\"async\" width=\"300\" height=\"300\" src=\"https:\/\/interflora.dk\/vores-butikker\/wp-content\/uploads\/2025\/10\/GAVEKURV_TIL_DEN_SOEDE_TAND_FLORISTENS_VALG_80243_0272028229-300x300.jpg\" class=\"attachment-medium size-medium wp-post-image\" alt=\"\" srcset=\"https:\/\/interflora.dk\/vores-butikker\/wp-content\/uploads\/2025\/10\/GAVEKURV_TIL_DEN_SOEDE_TAND_FLORISTENS_VALG_80243_0272028229-300x300.jpg 300w, https:\/\/interflora.dk\/vores-butikker\/wp-content\/uploads\/2025\/10\/GAVEKURV_TIL_DEN_SOEDE_TAND_FLORISTENS_VALG_80243_0272028229-1024x1024.jpg 1024w, https:\/\/interflora.dk\/vores-butikker\/wp-content\/uploads\/2025\/10\/GAVEKURV_TIL_DEN_SOEDE_TAND_FLORISTENS_VALG_80243_0272028229-150x150.jpg 150w, https:\/\/interflora.dk\/vores-butikker\/wp-content\/uploads\/2025\/10\/GAVEKURV_TIL_DEN_SOEDE_TAND_FLORISTENS_VALG_80243_0272028229-768x768.jpg 768w, https:\/\/interflora.dk\/vores-butikker\/wp-content\/uploads\/2025\/10\/GAVEKURV_TIL_DEN_SOEDE_TAND_FLORISTENS_VALG_80243_0272028229.jpg 1200w\" sizes=\"(max-width: 300px) 100vw, 300px\" \/><img decoding=\"async\" class=\"lp-badge\" src=\"https:\/\/interflora.dk\/blog\/wp-content\/uploads\/2025\/09\/220422_INTERFLORA_Main_Logo_rgb_Main_Color.avif\" alt=\"Send blomster med Interflora\"><\/div><span>Gavekurv til den s\u00f8de tand (Floristens kreative valg uden alkohol)<\/span><p>Fra 400 kr.<\/p><span class=\"obf-link lp-cta\" role=\"link\" tabindex=\"0\" data-b64=\"aHR0cHM6Ly9pbnRlcmZsb3JhLmRrL3Byb2R1a3QvZ2F2ZWt1cnYtdGlsLWRlbi1zb2VkZS10YW5kLWZsb3Jpc3RlbnMta3JlYXRpdmUtdmFsZy11ZGVuLWFsa29ob2w=\" data-target=\"_self\"><svg xmlns=\"http:\/\/www.w3.org\/2000\/svg\" width=\"16\" height=\"16\" fill=\"currentColor\" class=\"bi bi-bag\" viewBox=\"0 0 16 16\"><path d=\"M8 1a2 2 0 0 1 2 2v1h2.5A1.5 1.5 0 0 1 14 5.5v8A1.5 1.5 0 0 1 12.5 15h-9A1.5 1.5 0 0 1 2 13.5v-8A1.5 1.5 0 0 1 3.5 3H6V2a2 2 0 0 1 2-1zm1 3V3a1 1 0 0 0-2 0v1h2z\"\/><\/svg>K\u00f8b her<\/span><p class=\"rapido\">Levering i dag<\/p><\/div><div class=\"lp-produit\"><div class=\"lp-thumbnail-wrapper\"><img decoding=\"async\" width=\"300\" height=\"300\" src=\"https:\/\/interflora.dk\/vores-butikker\/wp-content\/uploads\/2026\/04\/DELIKAT_HILSEN_TIL_MOR_5129-300x300.jpg\" class=\"attachment-medium size-medium wp-post-image\" alt=\"\" srcset=\"https:\/\/interflora.dk\/vores-butikker\/wp-content\/uploads\/2026\/04\/DELIKAT_HILSEN_TIL_MOR_5129-300x300.jpg 300w, https:\/\/interflora.dk\/vores-butikker\/wp-content\/uploads\/2026\/04\/DELIKAT_HILSEN_TIL_MOR_5129-1024x1024.jpg 1024w, https:\/\/interflora.dk\/vores-butikker\/wp-content\/uploads\/2026\/04\/DELIKAT_HILSEN_TIL_MOR_5129-150x150.jpg 150w, https:\/\/interflora.dk\/vores-butikker\/wp-content\/uploads\/2026\/04\/DELIKAT_HILSEN_TIL_MOR_5129-768x768.jpg 768w, https:\/\/interflora.dk\/vores-butikker\/wp-content\/uploads\/2026\/04\/DELIKAT_HILSEN_TIL_MOR_5129.jpg 1200w\" sizes=\"(max-width: 300px) 100vw, 300px\" \/><img decoding=\"async\" class=\"lp-badge\" src=\"https:\/\/interflora.dk\/blog\/wp-content\/uploads\/2025\/09\/220422_INTERFLORA_Main_Logo_rgb_Main_Color.avif\" alt=\"Send blomster med Interflora\"><\/div><span>Delikat hilsen til mor<\/span><p>Fra 446 kr.<\/p><span class=\"obf-link lp-cta\" role=\"link\" tabindex=\"0\" data-b64=\"aHR0cHM6Ly9pbnRlcmZsb3JhLmRrL3Byb2R1a3QvZGVsaWthdC1oaWxzZW4tdGlsLW1vcg==\" data-target=\"_self\"><svg xmlns=\"http:\/\/www.w3.org\/2000\/svg\" width=\"16\" height=\"16\" fill=\"currentColor\" class=\"bi bi-bag\" viewBox=\"0 0 16 16\"><path d=\"M8 1a2 2 0 0 1 2 2v1h2.5A1.5 1.5 0 0 1 14 5.5v8A1.5 1.5 0 0 1 12.5 15h-9A1.5 1.5 0 0 1 2 13.5v-8A1.5 1.5 0 0 1 3.5 3H6V2a2 2 0 0 1 2-1zm1 3V3a1 1 0 0 0-2 0v1h2z\"\/><\/svg>K\u00f8b her<\/span><p class=\"rapido\">Kundernes favorit<\/p><\/div><div class=\"lp-produit\"><div class=\"lp-thumbnail-wrapper\"><img decoding=\"async\" width=\"300\" height=\"300\" src=\"https:\/\/interflora.dk\/vores-butikker\/wp-content\/uploads\/2025\/10\/GAVEKURV_V019_v-300x300.jpg\" class=\"attachment-medium size-medium wp-post-image\" alt=\"\" srcset=\"https:\/\/interflora.dk\/vores-butikker\/wp-content\/uploads\/2025\/10\/GAVEKURV_V019_v-300x300.jpg 300w, https:\/\/interflora.dk\/vores-butikker\/wp-content\/uploads\/2025\/10\/GAVEKURV_V019_v-1024x1024.jpg 1024w, https:\/\/interflora.dk\/vores-butikker\/wp-content\/uploads\/2025\/10\/GAVEKURV_V019_v-150x150.jpg 150w, https:\/\/interflora.dk\/vores-butikker\/wp-content\/uploads\/2025\/10\/GAVEKURV_V019_v-768x768.jpg 768w, https:\/\/interflora.dk\/vores-butikker\/wp-content\/uploads\/2025\/10\/GAVEKURV_V019_v.jpg 1200w\" sizes=\"(max-width: 300px) 100vw, 300px\" \/><img decoding=\"async\" class=\"lp-badge\" src=\"https:\/\/interflora.dk\/blog\/wp-content\/uploads\/2025\/09\/220422_INTERFLORA_Main_Logo_rgb_Main_Color.avif\" alt=\"Send blomster med Interflora\"><\/div><span>Gavekurv til en hyggeaften<\/span><p>Fra 556 kr.<\/p><span class=\"obf-link lp-cta\" role=\"link\" tabindex=\"0\" data-b64=\"aHR0cHM6Ly9pbnRlcmZsb3JhLmRrL3Byb2R1a3QvZ2F2ZWt1cnYtdGlsLWVuLWh5Z2dlYWZ0ZW4=\" data-target=\"_self\"><svg xmlns=\"http:\/\/www.w3.org\/2000\/svg\" width=\"16\" height=\"16\" fill=\"currentColor\" class=\"bi bi-bag\" viewBox=\"0 0 16 16\"><path d=\"M8 1a2 2 0 0 1 2 2v1h2.5A1.5 1.5 0 0 1 14 5.5v8A1.5 1.5 0 0 1 12.5 15h-9A1.5 1.5 0 0 1 2 13.5v-8A1.5 1.5 0 0 1 3.5 3H6V2a2 2 0 0 1 2-1zm1 3V3a1 1 0 0 0-2 0v1h2z\"\/><\/svg>K\u00f8b her<\/span><p class=\"rapido\">Levering i dag<\/p><\/div><div class=\"lp-produit\"><div class=\"lp-thumbnail-wrapper\"><img decoding=\"async\" width=\"300\" height=\"300\" src=\"https:\/\/interflora.dk\/vores-butikker\/wp-content\/uploads\/2025\/10\/Gavekurv_til_ham_floristens_kreative_valg_2017-300x300.jpg\" class=\"attachment-medium size-medium wp-post-image\" alt=\"\" srcset=\"https:\/\/interflora.dk\/vores-butikker\/wp-content\/uploads\/2025\/10\/Gavekurv_til_ham_floristens_kreative_valg_2017-300x300.jpg 300w, https:\/\/interflora.dk\/vores-butikker\/wp-content\/uploads\/2025\/10\/Gavekurv_til_ham_floristens_kreative_valg_2017-1024x1024.jpg 1024w, https:\/\/interflora.dk\/vores-butikker\/wp-content\/uploads\/2025\/10\/Gavekurv_til_ham_floristens_kreative_valg_2017-150x150.jpg 150w, https:\/\/interflora.dk\/vores-butikker\/wp-content\/uploads\/2025\/10\/Gavekurv_til_ham_floristens_kreative_valg_2017-768x768.jpg 768w, https:\/\/interflora.dk\/vores-butikker\/wp-content\/uploads\/2025\/10\/Gavekurv_til_ham_floristens_kreative_valg_2017.jpg 1200w\" sizes=\"(max-width: 300px) 100vw, 300px\" \/><img decoding=\"async\" class=\"lp-badge\" src=\"https:\/\/interflora.dk\/blog\/wp-content\/uploads\/2025\/09\/220422_INTERFLORA_Main_Logo_rgb_Main_Color.avif\" alt=\"Send blomster med Interflora\"><\/div><span>Gavekurv til ham med \u00f8l (Floristens kreative valg)<\/span><p>Fra 400 kr.<\/p><span class=\"obf-link lp-cta\" role=\"link\" tabindex=\"0\" data-b64=\"aHR0cHM6Ly9pbnRlcmZsb3JhLmRrL3Byb2R1a3QvZ2F2ZWt1cnYtdGlsLWhhbS1mbG9yaXN0ZW5zLWtyZWF0aXZlLXZhbGc=\" data-target=\"_self\"><svg xmlns=\"http:\/\/www.w3.org\/2000\/svg\" width=\"16\" height=\"16\" fill=\"currentColor\" class=\"bi bi-bag\" viewBox=\"0 0 16 16\"><path d=\"M8 1a2 2 0 0 1 2 2v1h2.5A1.5 1.5 0 0 1 14 5.5v8A1.5 1.5 0 0 1 12.5 15h-9A1.5 1.5 0 0 1 2 13.5v-8A1.5 1.5 0 0 1 3.5 3H6V2a2 2 0 0 1 2-1zm1 3V3a1 1 0 0 0-2 0v1h2z\"\/><\/svg>K\u00f8b her<\/span><p class=\"rapido\">Din personlige hilsen<\/p><\/div><\/div>\n<\/div>\n\t\t\t\t<\/div>\n\t\t\t\t\t\t\t\t<div id=\"tab-11996\" class=\"sp-tab__tab-pane \" role=\"tabpanel\">\n\t\t\t\t\t<div class=\"sp-tab-content animated fadeIn\"><div class=\"lp-produits-grid\"><div class=\"lp-produit\"><div class=\"lp-thumbnail-wrapper\"><img decoding=\"async\" width=\"300\" height=\"300\" src=\"https:\/\/interflora.dk\/vores-butikker\/wp-content\/uploads\/2025\/10\/FLORISTENS_KREATIVE_SMALL-1-300x300.jpg\" class=\"attachment-medium size-medium wp-post-image\" alt=\"\" srcset=\"https:\/\/interflora.dk\/vores-butikker\/wp-content\/uploads\/2025\/10\/FLORISTENS_KREATIVE_SMALL-1-300x300.jpg 300w, https:\/\/interflora.dk\/vores-butikker\/wp-content\/uploads\/2025\/10\/FLORISTENS_KREATIVE_SMALL-1-1024x1024.jpg 1024w, https:\/\/interflora.dk\/vores-butikker\/wp-content\/uploads\/2025\/10\/FLORISTENS_KREATIVE_SMALL-1-150x150.jpg 150w, https:\/\/interflora.dk\/vores-butikker\/wp-content\/uploads\/2025\/10\/FLORISTENS_KREATIVE_SMALL-1-768x768.jpg 768w, https:\/\/interflora.dk\/vores-butikker\/wp-content\/uploads\/2025\/10\/FLORISTENS_KREATIVE_SMALL-1.jpg 1200w\" sizes=\"(max-width: 300px) 100vw, 300px\" \/><img decoding=\"async\" class=\"lp-badge\" src=\"https:\/\/interflora.dk\/blog\/wp-content\/uploads\/2025\/09\/220422_INTERFLORA_Main_Logo_rgb_Main_Color.avif\" alt=\"Send blomster med Interflora\"><\/div><span>B\u00e5rebuket, multifarvet (Floristens kreative valg)<\/span><p>Fra 249 kr.<\/p><span class=\"obf-link lp-cta\" role=\"link\" tabindex=\"0\" data-b64=\"aHR0cHM6Ly9pbnRlcmZsb3JhLmRrL3Byb2R1a3QvYmFhcmVidWtldC1tdWx0aWZhcnZldC1mbG9yaXN0ZW5zLWtyZWF0aXZlLXZhbGc\/dj0xNjQ1MSYjMDM4O3ZhcmlhdGlvbj1kNTJiYzY4NC05NGFkLTQ4OTQtYjE1Yy00ZWFmNWFiOTk1NTI=\" data-target=\"_self\"><svg xmlns=\"http:\/\/www.w3.org\/2000\/svg\" width=\"16\" height=\"16\" fill=\"currentColor\" class=\"bi bi-bag\" viewBox=\"0 0 16 16\"><path d=\"M8 1a2 2 0 0 1 2 2v1h2.5A1.5 1.5 0 0 1 14 5.5v8A1.5 1.5 0 0 1 12.5 15h-9A1.5 1.5 0 0 1 2 13.5v-8A1.5 1.5 0 0 1 3.5 3H6V2a2 2 0 0 1 2-1zm1 3V3a1 1 0 0 0-2 0v1h2z\"\/><\/svg>K\u00f8b her<\/span><p class=\"rapido\">Kundernes favorit<\/p><\/div><div class=\"lp-produit\"><div class=\"lp-thumbnail-wrapper\"><img decoding=\"async\" width=\"300\" height=\"300\" src=\"https:\/\/interflora.dk\/vores-butikker\/wp-content\/uploads\/2025\/10\/Baarebuket_florists_choise_m_baand_450-1-300x300.jpg\" class=\"attachment-medium size-medium wp-post-image\" alt=\"\" srcset=\"https:\/\/interflora.dk\/vores-butikker\/wp-content\/uploads\/2025\/10\/Baarebuket_florists_choise_m_baand_450-1-300x300.jpg 300w, https:\/\/interflora.dk\/vores-butikker\/wp-content\/uploads\/2025\/10\/Baarebuket_florists_choise_m_baand_450-1-1024x1024.jpg 1024w, https:\/\/interflora.dk\/vores-butikker\/wp-content\/uploads\/2025\/10\/Baarebuket_florists_choise_m_baand_450-1-150x150.jpg 150w, https:\/\/interflora.dk\/vores-butikker\/wp-content\/uploads\/2025\/10\/Baarebuket_florists_choise_m_baand_450-1-768x768.jpg 768w, https:\/\/interflora.dk\/vores-butikker\/wp-content\/uploads\/2025\/10\/Baarebuket_florists_choise_m_baand_450-1.jpg 1200w\" sizes=\"(max-width: 300px) 100vw, 300px\" \/><img decoding=\"async\" class=\"lp-badge\" src=\"https:\/\/interflora.dk\/blog\/wp-content\/uploads\/2025\/09\/220422_INTERFLORA_Main_Logo_rgb_Main_Color.avif\" alt=\"Send blomster med Interflora\"><\/div><span>B\u00e5rebuket, hvid (Floristens kreative valg) med b\u00e5nd<\/span><p>Fra 499 kr.<\/p><span class=\"obf-link lp-cta\" role=\"link\" tabindex=\"0\" data-b64=\"aHR0cHM6Ly9pbnRlcmZsb3JhLmRrL3Byb2R1a3QvYmFhcmVidWtldC1seXNlLW51YW5jZXItZmxvcmlzdGVucy1rcmVhdGl2ZS12YWxnLW1lZC1iYWFuZD92PTIzOTYmIzAzODt2YXJpYXRpb249ZTlmYmE0YjUtNmU0MS00MDA3LTk3NGItMzJiZjI2YzZiZWYw\" data-target=\"_self\"><svg xmlns=\"http:\/\/www.w3.org\/2000\/svg\" width=\"16\" height=\"16\" fill=\"currentColor\" class=\"bi bi-bag\" viewBox=\"0 0 16 16\"><path d=\"M8 1a2 2 0 0 1 2 2v1h2.5A1.5 1.5 0 0 1 14 5.5v8A1.5 1.5 0 0 1 12.5 15h-9A1.5 1.5 0 0 1 2 13.5v-8A1.5 1.5 0 0 1 3.5 3H6V2a2 2 0 0 1 2-1zm1 3V3a1 1 0 0 0-2 0v1h2z\"\/><\/svg>K\u00f8b her<\/span><p class=\"rapido\">Bundet af din lokale florist<\/p><\/div><div class=\"lp-produit\"><div class=\"lp-thumbnail-wrapper\"><img decoding=\"async\" width=\"300\" height=\"300\" src=\"https:\/\/interflora.dk\/vores-butikker\/wp-content\/uploads\/2025\/10\/FYLDIG_BAAREBUKET_MELLEM_U_BAAND_566-1-300x300.jpg\" class=\"attachment-medium size-medium wp-post-image\" alt=\"\" srcset=\"https:\/\/interflora.dk\/vores-butikker\/wp-content\/uploads\/2025\/10\/FYLDIG_BAAREBUKET_MELLEM_U_BAAND_566-1-300x300.jpg 300w, https:\/\/interflora.dk\/vores-butikker\/wp-content\/uploads\/2025\/10\/FYLDIG_BAAREBUKET_MELLEM_U_BAAND_566-1-1024x1024.jpg 1024w, https:\/\/interflora.dk\/vores-butikker\/wp-content\/uploads\/2025\/10\/FYLDIG_BAAREBUKET_MELLEM_U_BAAND_566-1-150x150.jpg 150w, https:\/\/interflora.dk\/vores-butikker\/wp-content\/uploads\/2025\/10\/FYLDIG_BAAREBUKET_MELLEM_U_BAAND_566-1-768x768.jpg 768w, https:\/\/interflora.dk\/vores-butikker\/wp-content\/uploads\/2025\/10\/FYLDIG_BAAREBUKET_MELLEM_U_BAAND_566-1.jpg 1200w\" sizes=\"(max-width: 300px) 100vw, 300px\" \/><img decoding=\"async\" class=\"lp-badge\" src=\"https:\/\/interflora.dk\/blog\/wp-content\/uploads\/2025\/09\/220422_INTERFLORA_Main_Logo_rgb_Main_Color.avif\" alt=\"Send blomster med Interflora\"><\/div><span>B\u00e5rebuket fyldig<\/span><p>Fra 449 kr.<\/p><span class=\"obf-link lp-cta\" role=\"link\" tabindex=\"0\" data-b64=\"aHR0cHM6Ly9pbnRlcmZsb3JhLmRrL3Byb2R1a3QvYmFhcmVidWtldC1meWxkaWc\/dj0yNDExJiMwMzg7dmFyaWF0aW9uPTZiNjk5N2Q4LWI4MmYtNDU0NC04MTcyLWEyYWE3ODUxMmZjMg==\" data-target=\"_self\"><svg xmlns=\"http:\/\/www.w3.org\/2000\/svg\" width=\"16\" height=\"16\" fill=\"currentColor\" class=\"bi bi-bag\" viewBox=\"0 0 16 16\"><path d=\"M8 1a2 2 0 0 1 2 2v1h2.5A1.5 1.5 0 0 1 14 5.5v8A1.5 1.5 0 0 1 12.5 15h-9A1.5 1.5 0 0 1 2 13.5v-8A1.5 1.5 0 0 1 3.5 3H6V2a2 2 0 0 1 2-1zm1 3V3a1 1 0 0 0-2 0v1h2z\"\/><\/svg>K\u00f8b her<\/span><p class=\"rapido\">Levering i hele Danmark<\/p><\/div><div class=\"lp-produit\"><div class=\"lp-thumbnail-wrapper\"><img decoding=\"async\" width=\"300\" height=\"300\" src=\"https:\/\/interflora.dk\/vores-butikker\/wp-content\/uploads\/2025\/10\/KAERLIG_KONDOLENCE_MEDIUM_556-1-300x300.jpg\" class=\"attachment-medium size-medium wp-post-image\" alt=\"\" srcset=\"https:\/\/interflora.dk\/vores-butikker\/wp-content\/uploads\/2025\/10\/KAERLIG_KONDOLENCE_MEDIUM_556-1-300x300.jpg 300w, https:\/\/interflora.dk\/vores-butikker\/wp-content\/uploads\/2025\/10\/KAERLIG_KONDOLENCE_MEDIUM_556-1-1024x1024.jpg 1024w, https:\/\/interflora.dk\/vores-butikker\/wp-content\/uploads\/2025\/10\/KAERLIG_KONDOLENCE_MEDIUM_556-1-150x150.jpg 150w, https:\/\/interflora.dk\/vores-butikker\/wp-content\/uploads\/2025\/10\/KAERLIG_KONDOLENCE_MEDIUM_556-1-768x768.jpg 768w, https:\/\/interflora.dk\/vores-butikker\/wp-content\/uploads\/2025\/10\/KAERLIG_KONDOLENCE_MEDIUM_556-1.jpg 1200w\" sizes=\"(max-width: 300px) 100vw, 300px\" \/><img decoding=\"async\" class=\"lp-badge\" src=\"https:\/\/interflora.dk\/blog\/wp-content\/uploads\/2025\/09\/220422_INTERFLORA_Main_Logo_rgb_Main_Color.avif\" alt=\"Send blomster med Interflora\"><\/div><span>K\u00e6rlig kondolence<\/span><p>Fra 339 kr.<\/p><span class=\"obf-link lp-cta\" role=\"link\" tabindex=\"0\" data-b64=\"aHR0cHM6Ly9pbnRlcmZsb3JhLmRrL3Byb2R1a3Qva2FlcmxpZy1rb25kb2xlbmNlP3Y9OTUxNiYjMDM4O3ZhcmlhdGlvbj0wMjQ2Zjg0Ni03N2M1LTQzNGUtYjBiYi1iOTA4NWRmZmNkYjc=\" data-target=\"_self\"><svg xmlns=\"http:\/\/www.w3.org\/2000\/svg\" width=\"16\" height=\"16\" fill=\"currentColor\" class=\"bi bi-bag\" viewBox=\"0 0 16 16\"><path d=\"M8 1a2 2 0 0 1 2 2v1h2.5A1.5 1.5 0 0 1 14 5.5v8A1.5 1.5 0 0 1 12.5 15h-9A1.5 1.5 0 0 1 2 13.5v-8A1.5 1.5 0 0 1 3.5 3H6V2a2 2 0 0 1 2-1zm1 3V3a1 1 0 0 0-2 0v1h2z\"\/><\/svg>K\u00f8b her<\/span><p class=\"rapido\">Kundernes favorit<\/p><\/div><div class=\"lp-produit\"><div class=\"lp-thumbnail-wrapper\"><img decoding=\"async\" width=\"300\" height=\"300\" src=\"https:\/\/interflora.dk\/vores-butikker\/wp-content\/uploads\/2025\/10\/FLORISTENS_FARVERIGE_KONDELENCE_BUKET_MEDIUM_2585-300x300.jpg\" class=\"attachment-medium size-medium wp-post-image\" alt=\"\" srcset=\"https:\/\/interflora.dk\/vores-butikker\/wp-content\/uploads\/2025\/10\/FLORISTENS_FARVERIGE_KONDELENCE_BUKET_MEDIUM_2585-300x300.jpg 300w, https:\/\/interflora.dk\/vores-butikker\/wp-content\/uploads\/2025\/10\/FLORISTENS_FARVERIGE_KONDELENCE_BUKET_MEDIUM_2585-1024x1024.jpg 1024w, https:\/\/interflora.dk\/vores-butikker\/wp-content\/uploads\/2025\/10\/FLORISTENS_FARVERIGE_KONDELENCE_BUKET_MEDIUM_2585-150x150.jpg 150w, https:\/\/interflora.dk\/vores-butikker\/wp-content\/uploads\/2025\/10\/FLORISTENS_FARVERIGE_KONDELENCE_BUKET_MEDIUM_2585-768x768.jpg 768w, https:\/\/interflora.dk\/vores-butikker\/wp-content\/uploads\/2025\/10\/FLORISTENS_FARVERIGE_KONDELENCE_BUKET_MEDIUM_2585.jpg 1200w\" sizes=\"(max-width: 300px) 100vw, 300px\" \/><img decoding=\"async\" class=\"lp-badge\" src=\"https:\/\/interflora.dk\/blog\/wp-content\/uploads\/2025\/09\/220422_INTERFLORA_Main_Logo_rgb_Main_Color.avif\" alt=\"Send blomster med Interflora\"><\/div><span>Floristens farverige kondolencebuket<\/span><p>Fra 289 kr.<\/p><span class=\"obf-link lp-cta\" role=\"link\" tabindex=\"0\" data-b64=\"aHR0cHM6Ly9pbnRlcmZsb3JhLmRrL3Byb2R1a3QvZmxvcmlzdGVucy1mYXJ2ZXJpZ2Uta29uZG9sZW5jZWJ1a2V0P3Y9MTM5OTUmIzAzODt2YXJpYXRpb249ZWM0MjkwNzItNGNhOS00YTI5LWFlYjQtMzkzNGJlNjdhMTY1\" data-target=\"_self\"><svg xmlns=\"http:\/\/www.w3.org\/2000\/svg\" width=\"16\" height=\"16\" fill=\"currentColor\" class=\"bi bi-bag\" viewBox=\"0 0 16 16\"><path d=\"M8 1a2 2 0 0 1 2 2v1h2.5A1.5 1.5 0 0 1 14 5.5v8A1.5 1.5 0 0 1 12.5 15h-9A1.5 1.5 0 0 1 2 13.5v-8A1.5 1.5 0 0 1 3.5 3H6V2a2 2 0 0 1 2-1zm1 3V3a1 1 0 0 0-2 0v1h2z\"\/><\/svg>K\u00f8b her<\/span><p class=\"rapido\">Din personlige hilsen<\/p><\/div><div class=\"lp-produit\"><div class=\"lp-thumbnail-wrapper\"><img decoding=\"async\" width=\"300\" height=\"300\" src=\"https:\/\/interflora.dk\/vores-butikker\/wp-content\/uploads\/2025\/10\/Baarebuket_Florists_Choise_300-1-300x300.jpg\" class=\"attachment-medium size-medium wp-post-image\" alt=\"\" srcset=\"https:\/\/interflora.dk\/vores-butikker\/wp-content\/uploads\/2025\/10\/Baarebuket_Florists_Choise_300-1-300x300.jpg 300w, https:\/\/interflora.dk\/vores-butikker\/wp-content\/uploads\/2025\/10\/Baarebuket_Florists_Choise_300-1-1024x1024.jpg 1024w, https:\/\/interflora.dk\/vores-butikker\/wp-content\/uploads\/2025\/10\/Baarebuket_Florists_Choise_300-1-150x150.jpg 150w, https:\/\/interflora.dk\/vores-butikker\/wp-content\/uploads\/2025\/10\/Baarebuket_Florists_Choise_300-1-768x768.jpg 768w, https:\/\/interflora.dk\/vores-butikker\/wp-content\/uploads\/2025\/10\/Baarebuket_Florists_Choise_300-1.jpg 1200w\" sizes=\"(max-width: 300px) 100vw, 300px\" \/><img decoding=\"async\" class=\"lp-badge\" src=\"https:\/\/interflora.dk\/blog\/wp-content\/uploads\/2025\/09\/220422_INTERFLORA_Main_Logo_rgb_Main_Color.avif\" alt=\"Send blomster med Interflora\"><\/div><span>B\u00e5rebuket, hvid (Floristens kreative valg)<\/span><p>Fra 349 kr.<\/p><span class=\"obf-link lp-cta\" role=\"link\" tabindex=\"0\" data-b64=\"aHR0cHM6Ly9pbnRlcmZsb3JhLmRrL3Byb2R1a3QvYmFhcmVidWtldC1seXNlLW51YW5jZXItZmxvcmlzdGVucy1rcmVhdGl2ZS12YWxnP3Y9MjIzNiYjMDM4O3ZhcmlhdGlvbj1kN2E0M2VjZS01YmQ1LTQ1YzAtYThlZi1lZjRmMjQ2YTY2ZjM=\" data-target=\"_self\"><svg xmlns=\"http:\/\/www.w3.org\/2000\/svg\" width=\"16\" height=\"16\" fill=\"currentColor\" class=\"bi bi-bag\" viewBox=\"0 0 16 16\"><path d=\"M8 1a2 2 0 0 1 2 2v1h2.5A1.5 1.5 0 0 1 14 5.5v8A1.5 1.5 0 0 1 12.5 15h-9A1.5 1.5 0 0 1 2 13.5v-8A1.5 1.5 0 0 1 3.5 3H6V2a2 2 0 0 1 2-1zm1 3V3a1 1 0 0 0-2 0v1h2z\"\/><\/svg>K\u00f8b her<\/span><p class=\"rapido\">Bundet af din lokale florist<\/p><\/div><div class=\"lp-produit\"><div class=\"lp-thumbnail-wrapper\"><img decoding=\"async\" width=\"300\" height=\"300\" src=\"https:\/\/interflora.dk\/vores-butikker\/wp-content\/uploads\/2025\/10\/Baarebuket_Floristens_kreative_valg_i_farver_med_baand_mellem_2587-300x300.jpg\" class=\"attachment-medium size-medium wp-post-image\" alt=\"\" srcset=\"https:\/\/interflora.dk\/vores-butikker\/wp-content\/uploads\/2025\/10\/Baarebuket_Floristens_kreative_valg_i_farver_med_baand_mellem_2587-300x300.jpg 300w, https:\/\/interflora.dk\/vores-butikker\/wp-content\/uploads\/2025\/10\/Baarebuket_Floristens_kreative_valg_i_farver_med_baand_mellem_2587-1024x1024.jpg 1024w, https:\/\/interflora.dk\/vores-butikker\/wp-content\/uploads\/2025\/10\/Baarebuket_Floristens_kreative_valg_i_farver_med_baand_mellem_2587-150x150.jpg 150w, https:\/\/interflora.dk\/vores-butikker\/wp-content\/uploads\/2025\/10\/Baarebuket_Floristens_kreative_valg_i_farver_med_baand_mellem_2587-768x768.jpg 768w, https:\/\/interflora.dk\/vores-butikker\/wp-content\/uploads\/2025\/10\/Baarebuket_Floristens_kreative_valg_i_farver_med_baand_mellem_2587.jpg 1200w\" sizes=\"(max-width: 300px) 100vw, 300px\" \/><img decoding=\"async\" class=\"lp-badge\" src=\"https:\/\/interflora.dk\/blog\/wp-content\/uploads\/2025\/09\/220422_INTERFLORA_Main_Logo_rgb_Main_Color.avif\" alt=\"Send blomster med Interflora\"><\/div><span>B\u00e5rebuket, farverig (Floristens kreative valg) med b\u00e5nd<\/span><p>Fra 499 kr.<\/p><span class=\"obf-link lp-cta\" role=\"link\" tabindex=\"0\" data-b64=\"aHR0cHM6Ly9pbnRlcmZsb3JhLmRrL3Byb2R1a3QvYmFhcmVidWtldC1mYXJ2ZXJpZy1mbG9yaXN0ZW5zLWtyZWF0aXZlLXZhbGctbWVkLWJhYW5kP3Y9MTQwNjcmIzAzODt2YXJpYXRpb249MTQ4Y2U1MmYtZjNkNS00ZjgwLWE4ZTEtMjBkMDdjNjg1MDQ2\" data-target=\"_self\"><svg xmlns=\"http:\/\/www.w3.org\/2000\/svg\" width=\"16\" height=\"16\" fill=\"currentColor\" class=\"bi bi-bag\" viewBox=\"0 0 16 16\"><path d=\"M8 1a2 2 0 0 1 2 2v1h2.5A1.5 1.5 0 0 1 14 5.5v8A1.5 1.5 0 0 1 12.5 15h-9A1.5 1.5 0 0 1 2 13.5v-8A1.5 1.5 0 0 1 3.5 3H6V2a2 2 0 0 1 2-1zm1 3V3a1 1 0 0 0-2 0v1h2z\"\/><\/svg>K\u00f8b her<\/span><p class=\"rapido\">Friske blomster<\/p><\/div><div class=\"lp-produit\"><div class=\"lp-thumbnail-wrapper\"><img decoding=\"async\" width=\"300\" height=\"300\" src=\"https:\/\/interflora.dk\/vores-butikker\/wp-content\/uploads\/2025\/10\/FYLDIG_BAAREBUKET_MELLEM_M_BAAND_503_02_0-1-300x300.jpg\" class=\"attachment-medium size-medium wp-post-image\" alt=\"\" srcset=\"https:\/\/interflora.dk\/vores-butikker\/wp-content\/uploads\/2025\/10\/FYLDIG_BAAREBUKET_MELLEM_M_BAAND_503_02_0-1-300x300.jpg 300w, https:\/\/interflora.dk\/vores-butikker\/wp-content\/uploads\/2025\/10\/FYLDIG_BAAREBUKET_MELLEM_M_BAAND_503_02_0-1-1024x1024.jpg 1024w, https:\/\/interflora.dk\/vores-butikker\/wp-content\/uploads\/2025\/10\/FYLDIG_BAAREBUKET_MELLEM_M_BAAND_503_02_0-1-150x150.jpg 150w, https:\/\/interflora.dk\/vores-butikker\/wp-content\/uploads\/2025\/10\/FYLDIG_BAAREBUKET_MELLEM_M_BAAND_503_02_0-1-768x768.jpg 768w, https:\/\/interflora.dk\/vores-butikker\/wp-content\/uploads\/2025\/10\/FYLDIG_BAAREBUKET_MELLEM_M_BAAND_503_02_0-1.jpg 1200w\" sizes=\"(max-width: 300px) 100vw, 300px\" \/><img decoding=\"async\" class=\"lp-badge\" src=\"https:\/\/interflora.dk\/blog\/wp-content\/uploads\/2025\/09\/220422_INTERFLORA_Main_Logo_rgb_Main_Color.avif\" alt=\"Send blomster med Interflora\"><\/div><span>B\u00e5rebuket fyldig med b\u00e5nd<\/span><p>Fra 599 kr.<\/p><span class=\"obf-link lp-cta\" role=\"link\" tabindex=\"0\" data-b64=\"aHR0cHM6Ly9pbnRlcmZsb3JhLmRrL3Byb2R1a3QvYmFhcmVidWtldC1meWxkaWctbWVkLWJhYW5kP3Y9MjI4MSYjMDM4O3ZhcmlhdGlvbj00ZTQ3MmJiNi1lNDM3LTQ3MmEtYjEwOS1lYjEyNjdlNmE4YmY=\" data-target=\"_self\"><svg xmlns=\"http:\/\/www.w3.org\/2000\/svg\" width=\"16\" height=\"16\" fill=\"currentColor\" class=\"bi bi-bag\" viewBox=\"0 0 16 16\"><path d=\"M8 1a2 2 0 0 1 2 2v1h2.5A1.5 1.5 0 0 1 14 5.5v8A1.5 1.5 0 0 1 12.5 15h-9A1.5 1.5 0 0 1 2 13.5v-8A1.5 1.5 0 0 1 3.5 3H6V2a2 2 0 0 1 2-1zm1 3V3a1 1 0 0 0-2 0v1h2z\"\/><\/svg>K\u00f8b her<\/span><p class=\"rapido\">Din personlige hilsen<\/p><\/div><\/div>\n<\/div>\n\t\t\t\t<\/div>\n\t\t\t\t<\/div>\n\t\t<\/div>\n\t\t\n\n\n\n<p>\u00d8nsker du at f\u00e5 en buket leveret til Studsdal? Med Interflora er det simpelt: vores fagl\u00e6rte florister landet over sikrer friskbundne buketter leveret samme dag for bestillinger inden kl. 14. Hvad enten det er til en f\u00f8dselsdag, en f\u00f8dsel, en begravelse eller blot for at gl\u00e6de nogen, finder du den perfekte buket til lejligheden.<\/p>\n\n\n\n<section id=\"business\">\n  <meta itemprop=\"name\" content=\"Interflora \u2013 Blomster til Studsdal\">\n  <meta itemprop=\"brand\" content=\"Interflora\">\n  <meta itemprop=\"areaServed\" content=\"Studsdal, Syddanmark, Danmark\">\n<\/section>\n\n\n<h2>De har f\u00e5et leveret blomster eller en plante til Studsdal<\/h2>    <div class=\"itfr-trustpilot-reviews\">\n                    <article class=\"itfr-trustpilot-review\">\n                <header class=\"itfr-trustpilot-review__header\">\n                    <div class=\"itfr-trustpilot-review__stars\">\n                        \u2605\u2605\u2605\u2605\u2605                    <\/div>\n\n                                            <h3 class=\"itfr-trustpilot-review__title\">hurtig og venlig betjening<\/h3>\n                                    <\/header>\n\n                <div class=\"itfr-trustpilot-review__content\">\n                    <p class=\"itfr-trustpilot-review__text\">hurtig og venlig betjening<\/p>\n                <\/div>\n\n                <footer class=\"itfr-trustpilot-review__footer\">\n                                            <span class=\"itfr-trustpilot-review__date\">\n                            20 marts 2026                        <\/span>\n                                    <\/footer>\n            <\/article>\n                        <article class=\"itfr-trustpilot-review\">\n                <header class=\"itfr-trustpilot-review__header\">\n                    <div class=\"itfr-trustpilot-review__stars\">\n                        \u2605\u2605\u2605\u2605\u2605                    <\/div>\n\n                                            <h3 class=\"itfr-trustpilot-review__title\">Let og hurtig at  bestille.<\/h3>\n                                    <\/header>\n\n                <div class=\"itfr-trustpilot-review__content\">\n                    <p class=\"itfr-trustpilot-review__text\">Let at overskue hjemmesiden. <\/p>\n                <\/div>\n\n                <footer class=\"itfr-trustpilot-review__footer\">\n                                            <span class=\"itfr-trustpilot-review__date\">\n                            18 februar 2026                        <\/span>\n                                    <\/footer>\n            <\/article>\n                        <article class=\"itfr-trustpilot-review\">\n                <header class=\"itfr-trustpilot-review__header\">\n                    <div class=\"itfr-trustpilot-review__stars\">\n                        \u2605\u2605\u2605\u2605\u2605                    <\/div>\n\n                                            <h3 class=\"itfr-trustpilot-review__title\">Det var nemt.<\/h3>\n                                    <\/header>\n\n                <div class=\"itfr-trustpilot-review__content\">\n                    <p class=\"itfr-trustpilot-review__text\">Det var nemt.<\/p>\n                <\/div>\n\n                <footer class=\"itfr-trustpilot-review__footer\">\n                                            <span class=\"itfr-trustpilot-review__date\">\n                            31 marts 2026                        <\/span>\n                                    <\/footer>\n            <\/article>\n                <\/div>\n\n    <p class=\"itfr-trustpilot-disclaimer\">\n        Kundeanmeldelser leveret via Trustpilot.\n        <a href=\"https:\/\/dk.trustpilot.com\/review\/www.interflora.dk\" target=\"_blank\" rel=\"noopener noreferrer\">\n            Se alle anmeldelser p\u00e5 Trustpilot.\n        <\/a>\n    <\/p>\n\n            <script type=\"application\/ld+json\">\n            {\n    \"@context\": \"https:\/\/schema.org\",\n    \"@graph\": [\n        {\n            \"@type\": \"Review\",\n            \"name\": \"hurtig og venlig betjening\",\n            \"reviewBody\": \"hurtig og venlig betjening\",\n            \"reviewRating\": {\n                \"@type\": \"Rating\",\n                \"ratingValue\": 5,\n                \"bestRating\": 5,\n                \"worstRating\": 1\n            },\n            \"itemReviewed\": {\n                \"@type\": \"Organization\",\n                \"name\": \"Interflora.dk\"\n            },\n            \"datePublished\": \"2026-03-20T00:00:00+00:00\",\n            \"author\": {\n                \"@type\": \"Person\",\n                \"name\": \"Erland Cleman Hansen\"\n            }\n        },\n        {\n            \"@type\": \"Review\",\n            \"name\": \"Let og hurtig at  bestille.\",\n            \"reviewBody\": \"Let at overskue hjemmesiden. \",\n            \"reviewRating\": {\n                \"@type\": \"Rating\",\n                \"ratingValue\": 5,\n                \"bestRating\": 5,\n                \"worstRating\": 1\n            },\n            \"itemReviewed\": {\n                \"@type\": \"Organization\",\n                \"name\": \"Interflora.dk\"\n            },\n            \"datePublished\": \"2026-02-18T00:00:00+00:00\",\n            \"author\": {\n                \"@type\": \"Person\",\n                \"name\": \"Sanne Uhre\"\n            }\n        },\n        {\n            \"@type\": \"Review\",\n            \"name\": \"Det var nemt.\",\n            \"reviewBody\": \"Det var nemt.\",\n            \"reviewRating\": {\n                \"@type\": \"Rating\",\n                \"ratingValue\": 5,\n                \"bestRating\": 5,\n                \"worstRating\": 1\n            },\n            \"itemReviewed\": {\n                \"@type\": \"Organization\",\n                \"name\": \"Interflora.dk\"\n            },\n            \"datePublished\": \"2026-03-31T00:00:00+00:00\",\n            \"author\": {\n                \"@type\": \"Person\",\n                \"name\": \"Ida Haruko Ebata Holm\"\n            }\n        }\n    ]\n}        <\/script>\n    \n    <\/div>\n\n\n<section class=\"reassurance-wrapper\">\n  <div class=\"reassurance-slider\">\n    <div class=\"reassurance-slide active\">\n      <img decoding=\"async\" src=\"https:\/\/interflora.dk\/vores-butikker\/wp-content\/uploads\/2025\/10\/tilfreds-eller-genleveret.png\" alt=\"Send friske blomster med Interflora\">\n      <h3>Send friske blomster med Interflora<\/h3>\n      <p>Interflora har siden 1925 hjulpet danskerne med at levere personlige og unikke blomsterhilsner rundt i hele landet. Vi er eksperter i at levere de mest friske og smukkeste blomster til enhver og betydningsfuld anledning.<\/p>\n    <\/div>\n    <div class=\"reassurance-slide\">\n      <img decoding=\"async\" src=\"https:\/\/interflora.dk\/vores-butikker\/wp-content\/uploads\/2025\/10\/skabt-af-en-haandvaerks-blomsterhandler.png\" alt=\"Landsd\u00e6kkende blomsterlevering\">\n      <h3>Landsd\u00e6kkende blomsterlevering<\/h3>\n      <p>Hos Interflora tilbyder vi landsd\u00e6kkende levering af blomster til private, offentlige og virksomheder. Vi s\u00f8rger altid for at f\u00e5 din buket pakket godt og sikkert ind, s\u00e5 den st\u00e5r flot og frisk b\u00e5de under og efter leveringen.<\/p>\n    <\/div>\n    <div class=\"reassurance-slide\">\n      <img decoding=\"async\" src=\"https:\/\/interflora.dk\/vores-butikker\/wp-content\/uploads\/2025\/10\/overalt-hele-tiden.png\" alt=\"F\u00e5 din personlige hilsen leveret i dag\">\n      <h3>F\u00e5 din personlige hilsen leveret i dag<\/h3>\n      <p>Vi kan levere blomster den samme dag du laver din bestilling hos os. Du kan afgive din bestilling frem til kl. 14 og i udvalgte omr\u00e5der p\u00e5 Sj\u00e6lland, helt frem til kl. 16.<\/p>\n    <\/div>\n  <\/div>\n  <nav class=\"reassurance-dots\">\n    <button class=\"dot active\" aria-label=\"Slide 1\"><\/button>\n    <button class=\"dot\" aria-label=\"Slide 2\"><\/button>\n    <button class=\"dot\" aria-label=\"Slide 3\"><\/button>\n  <\/nav>\n<\/section>\n\n\n<h2>Blomsterlevering i Studsdal: N\u00e5r f\u00f8lelser skal udtrykkes gennem smukke blomster<\/h2><p>I Studsdal s\u00f8rger vores dygtige lokale blomsterhandlere for at bringe gl\u00e6de direkte til d\u00f8ren med <strong>h\u00e5ndlavede buketter<\/strong> af h\u00f8jeste kvalitet. Hver blomsterkomposition er skabt med omhu og kunstnerisk sans, s\u00e5 du kan udtrykke dine f\u00f8lelser p\u00e5 den smukkeste m\u00e5de.<\/p><p>Vores blomstereksperter udv\u00e6lger kun de friskeste blomster og komponerer dem til unikke arrangementer, der afspejler anledningen. Fra romantiske roser til farverige s\u00e6sonbuketter &#8211; hver <strong>h\u00e5ndlavet buket<\/strong> er et lille kunstv\u00e6rk, der formidler dit budskab perfekt.<\/p><p>Med <strong>Interflora i Studsdal<\/strong> f\u00e5r du nem adgang til <strong>samme-dags levering<\/strong> n\u00e5r du bestiller f\u00f8r kl. 14 p\u00e5 hverdage eller f\u00f8r kl. 11 p\u00e5 l\u00f8rdage. Vores erfarne chauff\u00f8rer kender byens centrum og alle kvarterer, s\u00e5 din buket ankommer frisk og til tiden &#8211; uanset om det er til omegn eller centrum.<\/p><p>Stol p\u00e5 vores mange\u00e5rige erfaring med blomsterlevering i Studsdal. Vi forst\u00e5r vigtigheden af at <strong>levere til tiden<\/strong> og s\u00f8rger for, at hver blomsterhilsen ankommer i perfekt stand, s\u00e5 du kan v\u00e6re sikker p\u00e5 at g\u00f8re modtageren glad.<\/p>\n\n\n<h3 class=\"wp-block-heading\">Vores blomsterbutikker i Studsdal og omegn<\/h3>\n\n\n    <!-- wp:html -->\n    <div class=\"ifl-map\" style=\"width:100%;height:420px;border:0;\"><\/div>\n    <script type=\"application\/json\" class=\"ifl-config\">{\"lat\":55.53,\"lng\":9.6,\"radius\":30,\"zoom\":12,\"limit\":50}<\/script>\n    <!-- \/wp:html -->\n    \n\n\n\n<div class=\"wp-block-columns has-background is-layout-flex wp-container-core-columns-is-layout-28f84493 wp-block-columns-is-layout-flex\" style=\"background-color:#f4ebe4\">\n<div class=\"wp-block-column is-layout-flow wp-block-column-is-layout-flow\">    <!-- wp:group {\"layout\":{\"type\":\"constrained\"}} -->\n    <div class=\"wp-block-group ifl-list\">\n      <!-- wp:list -->\n      <ul>\n                  <li class=\"bloc-liste-fleuristes\">\n            <strong>AGENT - Gardenia Blomster<\/strong>\n                                      <br><span class=\"ifl-addr\">Gammel Landevej 30, Errits\u00f8, 7000, Fredericia<\/span>\n                                      <br><em class=\"ifl-dist\">7,5 km<\/em>\n                      <\/li>\n                  <li class=\"bloc-liste-fleuristes\">\n            <strong>Den Gr\u00f8nne Stue ApS<\/strong>\n                                      <br><span class=\"ifl-addr\">M\u00f8nten 3A, 6000, Kolding<\/span>\n                                      <br><em class=\"ifl-dist\">9,6 km<\/em>\n                      <\/li>\n                  <li class=\"bloc-liste-fleuristes\">\n            <strong>Solvang Blomster<\/strong>\n                                      <br><span class=\"ifl-addr\">Egeskovvej 58, 7000, Fredericia<\/span>\n                                      <br><em class=\"ifl-dist\">10,8 km<\/em>\n                      <\/li>\n                  <li class=\"bloc-liste-fleuristes\">\n            <strong>Blomsterhuset B\u00f8rkop<\/strong>\n                                      <br><span class=\"ifl-addr\">S\u00f8ndergade 10, 7080, B\u00f8rkop<\/span>\n                                      <br><em class=\"ifl-dist\">12,9 km<\/em>\n                      <\/li>\n                  <li class=\"bloc-liste-fleuristes\">\n            <strong>Anemonen Christiansfeld<\/strong>\n                                      <br><span class=\"ifl-addr\">Kongensgade 11, 6070, Christiansfeld<\/span>\n                                      <br><em class=\"ifl-dist\">20,7 km<\/em>\n                      <\/li>\n                  <li class=\"bloc-liste-fleuristes\">\n            <strong>Vesterport Blomster<\/strong>\n                                      <br><span class=\"ifl-addr\">Vestergade 43, 7100, Vejle<\/span>\n                                      <br><em class=\"ifl-dist\">20,8 km<\/em>\n                      <\/li>\n                  <li class=\"bloc-liste-fleuristes\">\n            <strong>Egtved Blomster<\/strong>\n                                      <br><span class=\"ifl-addr\">Aftensang 8 A, 6040, Egtved<\/span>\n                                      <br><em class=\"ifl-dist\">20,9 km<\/em>\n                      <\/li>\n                  <li class=\"bloc-liste-fleuristes\">\n            <strong>Blomsterg\u00e5rden<\/strong>\n                                      <br><span class=\"ifl-addr\">Hjerndrupvej 10, 6070, Christiansfeld<\/span>\n                                      <br><em class=\"ifl-dist\">21,5 km<\/em>\n                      <\/li>\n                  <li class=\"bloc-liste-fleuristes\">\n            <strong>Bredballe Blomster<\/strong>\n                                      <br><span class=\"ifl-addr\">Horsensvej 329, 7120, Vejle \u00d8<\/span>\n                                      <br><em class=\"ifl-dist\">22,5 km<\/em>\n                      <\/li>\n                  <li class=\"bloc-liste-fleuristes\">\n            <strong>Blomsterhuset<\/strong>\n                                      <br><span class=\"ifl-addr\">Algade 16, 5592, Ejby<\/span>\n                                      <br><em class=\"ifl-dist\">23,5 km<\/em>\n                      <\/li>\n                  <li class=\"bloc-liste-fleuristes\">\n            <strong>Blomsterhuset Ramdal<\/strong>\n                                      <br><span class=\"ifl-addr\">Bredgade 26, 8722, Hedensted<\/span>\n                                      <br><em class=\"ifl-dist\">27,3 km<\/em>\n                      <\/li>\n                      <\/ul>\n      <!-- \/wp:list -->\n    <\/div>\n    <!-- \/wp:group -->\n    \n<\/div>\n<\/div>\n\n\n\n<p>Alle vores florister er udvalgt for deres h\u00e5ndv\u00e6rksm\u00e6ssige kunnen, deres kreativitet og deres effektive service.<\/p>\n\n\n\n<div class=\"wp-block-buttons is-content-justification-center is-layout-flex wp-container-core-buttons-is-layout-a89b3969 wp-block-buttons-is-layout-flex\">\n<div class=\"cta-home-fleuristes wp-block-button cta-home-fleuristes\"><a class=\"wp-block-button__link has-teal-900-background-color has-background wp-element-button\" href=\"https:\/\/interflora.dk\/vores-butikker\/\" style=\"background-color:#04726b\"><strong>Find en Interflora-blomsterhandler<\/strong><\/a><\/div>\n<\/div>\n\n\n\n<h2 class=\"wp-block-heading\">Hvorfor v\u00e6lge Interflora i Studsdal?<\/h2>\n\n\n\n<p>\u2192 Levering samme dag, selv om s\u00f8ndagen<br>\u2192 Buketter h\u00e5ndbundet af lokale blomsterhandlere<br>\u2192 Hurtig og tilg\u00e6ngelig kundeservice<br>\u2192 Levering i alle kvarterer i Studsdal<\/p>\n\n\n\n<section itemscope itemtype=\"https:\/\/schema.org\/FAQPage\">\n  <h2 class=\"wp-block-heading\">FAQ \u2013 Blomsterlevering i Studsdal<\/h2>\n  \n\n<div itemscope itemprop=\"mainEntity\" itemtype=\"https:\/\/schema.org\/Question\">\n  <details class=\"wp-block-details\">\n    <summary><strong><span itemprop=\"name\">Er de leverede blomster garanteret friske?<\/span><\/strong><\/summary>\n    <div itemscope itemprop=\"acceptedAnswer\" itemtype=\"https:\/\/schema.org\/Answer\">\n      <p itemprop=\"text\">\ud83c\udf3f Absolut! Hver buket er sammensat af friske blomster, der udv\u00e6lges dagligt af modtagerens blomsterhandler.<br> \ud83d\udc90 Blomsterne forberedes specielt til din bestilling, hvilket garanterer optimal friskhed ved levering.<\/p>\n    <\/div>\n  <\/details>\n<\/div>\n\n\n<div itemscope itemprop=\"mainEntity\" itemtype=\"https:\/\/schema.org\/Question\">\n  <details class=\"wp-block-details\">\n    <summary><strong><span itemprop=\"name\">Leverer I til udlandet fra Danmark?<\/span><\/strong><\/summary>\n    <div itemscope itemprop=\"acceptedAnswer\" itemtype=\"https:\/\/schema.org\/Answer\">\n      <p itemprop=\"text\">\ud83c\udf0d Ja, vi leverer til mere end 150 lande takket v\u00e6re det internationale Interflora-netv\u00e6rk.<br> \u2708\ufe0f Din bestilling overlades til en lokal blomsterhandler i destinationslandet, som sammens\u00e6tter en frisk buket i overensstemmelse med Interfloras stil og kvalitet.<br> \ud83d\udcaf Vi garanterer samme p\u00e5lidelighed og punktlighed overalt i verden.<\/p>\n    <\/div>\n  <\/details>\n<\/div>\n\n\n<div itemscope itemprop=\"mainEntity\" itemtype=\"https:\/\/schema.org\/Question\">\n  <details class=\"wp-block-details\">\n    <summary><strong><span itemprop=\"name\">Hvordan kan jeg f\u00f8lge min blomsterlevering?<\/span><\/strong><\/summary>\n    <div itemscope itemprop=\"acceptedAnswer\" itemtype=\"https:\/\/schema.org\/Answer\">\n      <p itemprop=\"text\">F\u00f8lg din bestilling fra din Interflora-konto.<br> S\u00e5 snart din bestilling er leveret, modtager du en bekr\u00e6ftelsesmail p\u00e5 den adresse, du angav ved bestillingen.<br> \u26a0\ufe0f Tjek din spam-mappe for ordrebekr\u00e6ftelsen og leveringsbekr\u00e6ftelsen, hvis relevant.<\/p>\n    <\/div>\n  <\/details>\n<\/div>\n\n\n<div itemscope itemprop=\"mainEntity\" itemtype=\"https:\/\/schema.org\/Question\">\n  <details class=\"wp-block-details\">\n    <summary><strong><span itemprop=\"name\">Hvordan kan jeg vide, om blomsterne er blevet leveret?<\/span><\/strong><\/summary>\n    <div itemscope itemprop=\"acceptedAnswer\" itemtype=\"https:\/\/schema.org\/Answer\">\n      <p itemprop=\"text\">\u2705 Hvis du ikke modtager nogen henvendelse fra os, betyder det, at din levering er gennemf\u00f8rt med succes.<br> \ud83d\udce7 I tilf\u00e6lde af leveringsproblemer kontakter vi dig med det samme.<br> \u2753 Ved eventuelle reklamationer eller foresp\u00f8rgsler kan du \u00e5bne en ticket p\u00e5 supportsiden ved at angive dit ordrenummer.<\/p>\n    <\/div>\n  <\/details>\n<\/div>\n\n\n<div itemscope itemprop=\"mainEntity\" itemtype=\"https:\/\/schema.org\/Question\">\n  <details class=\"wp-block-details\">\n    <summary><strong><span itemprop=\"name\">Kan jeg tilf\u00f8je et personligt kort?<\/span><\/strong><\/summary>\n    <div itemscope itemprop=\"acceptedAnswer\" itemtype=\"https:\/\/schema.org\/Answer\">\n      <p itemprop=\"text\">Ved din bestilling har du mulighed for at personalisere din gave med et kort, som vil blive vedlagt og leveret sammen med din buket eller din gavekurv.<\/p>\n    <\/div>\n  <\/details>\n<\/div>\n\n\n<\/section>\n\n\n\n<div style=\"height:30px\" aria-hidden=\"true\" class=\"wp-block-spacer\"><\/div>\n\n\n<div style=\"margin:30px 0\"><\/div>\n<div class=\"wp-block-columns fcb-columns\">\n  <div class=\"wp-block-column\">\n    <h3>De 10 mest folkerige byer i regionen<\/h3>\n    <ol><li><a href=\"https:\/\/interflora.dk\/vores-butikker\/syddanmark\/1026813935-odense\/\">Odense<\/a><\/li><li><a href=\"https:\/\/interflora.dk\/vores-butikker\/syddanmark\/1055854131-esbjerg\/\">Esbjerg<\/a><\/li><li><a href=\"https:\/\/interflora.dk\/vores-butikker\/syddanmark\/1092722100-kolding\/\">Kolding<\/a><\/li><li><a href=\"https:\/\/interflora.dk\/vores-butikker\/syddanmark\/1115441659-vejle\/\">Vejle<\/a><\/li><li><a href=\"https:\/\/interflora.dk\/vores-butikker\/syddanmark\/1203699400-fredericia\/\">Fredericia<\/a><\/li><li><a href=\"https:\/\/interflora.dk\/vores-butikker\/syddanmark\/1237428309-soenderborg\/\">Sonderborg<\/a><\/li><li><a href=\"https:\/\/interflora.dk\/vores-butikker\/syddanmark\/1250398819-svendborg\/\">Svendborg<\/a><\/li><li><a href=\"https:\/\/interflora.dk\/vores-butikker\/syddanmark\/1307294077-haderslev\/\">Haderslev<\/a><\/li><li><a href=\"https:\/\/interflora.dk\/vores-butikker\/syddanmark\/1357753622-nyborg\/\">Nyborg<\/a><\/li><li><a href=\"https:\/\/interflora.dk\/vores-butikker\/syddanmark\/1437491627-middelfart\/\">Middelfart<\/a><\/li><\/ol>\n  <\/div>\n  <div class=\"wp-block-column\">\n    <h3>De 10 n\u00e6rmeste byer<\/h3>\n    <ol><li><a href=\"https:\/\/interflora.dk\/vores-butikker\/syddanmark\/9155076352-oddersted\/\">Oddersted<\/a> (0,0 km)<\/li><li><a href=\"https:\/\/interflora.dk\/vores-butikker\/syddanmark\/5265077096-gudsoe\/\">Guds\u00f8<\/a> (1,3 km)<\/li><li><a href=\"https:\/\/interflora.dk\/vores-butikker\/syddanmark\/2370889299-taulov\/\">Taulov<\/a> (1,3 km)<\/li><li><a href=\"https:\/\/interflora.dk\/vores-butikker\/syddanmark\/3572694355-boerup\/\">B\u00f8rup<\/a> (2,2 km)<\/li><li><a href=\"https:\/\/interflora.dk\/vores-butikker\/syddanmark\/6670120136-skaerbaek\/\">Sk\u00e6rb\u00e6k<\/a> (2,2 km)<\/li><li><a href=\"https:\/\/interflora.dk\/vores-butikker\/syddanmark\/6243022143-boerupskov\/\">B\u00f8rupskov<\/a> (3,3 km)<\/li><li><a href=\"https:\/\/interflora.dk\/vores-butikker\/syddanmark\/5583422582-taarup\/\">T\u00e5rup<\/a> (3,4 km)<\/li><li><a href=\"https:\/\/interflora.dk\/vores-butikker\/syddanmark\/6380840936-drejens\/\">Drejens<\/a> (3,6 km)<\/li><li><a href=\"https:\/\/interflora.dk\/vores-butikker\/syddanmark\/5037864113-noerre-bjert\/\">N\u00f8rre Bjert<\/a> (4,9 km)<\/li><li><a href=\"https:\/\/interflora.dk\/vores-butikker\/syddanmark\/3848513478-brovad\/\">Brovad<\/a> (5,5 km)<\/li><\/ol>\n  <\/div>\n  <div class=\"wp-block-column\">\n    <h3>Blomsterhandlere i de store byer<\/h3>\n    <ol><li><a href=\"https:\/\/interflora.dk\/vores-butikker\/hovedstaden\/1007469457-koebenhavn\/\">K\u00f8benhavn<\/a><\/li><li><a href=\"https:\/\/interflora.dk\/vores-butikker\/midtjylland\/1013299865-aarhus\/\">Aarhus<\/a><\/li><li><a href=\"https:\/\/interflora.dk\/vores-butikker\/syddanmark\/1026813935-odense\/\">Odense<\/a><\/li><li><a href=\"https:\/\/interflora.dk\/vores-butikker\/nordjylland\/1055536187-aalborg\/\">Aalborg<\/a><\/li><li><a href=\"https:\/\/interflora.dk\/vores-butikker\/sjaelland\/1122450819-roskilde\/\">Roskilde<\/a><\/li><li><a href=\"https:\/\/interflora.dk\/vores-butikker\/midtjylland\/1088709100-horsens\/\">Horsens<\/a><\/li><li><a href=\"https:\/\/interflora.dk\/vores-butikker\/syddanmark\/1115441659-vejle\/\">Vejle<\/a><\/li><li><a href=\"https:\/\/interflora.dk\/vores-butikker\/midtjylland\/1082652579-randers\/\">Randers<\/a><\/li><li><a href=\"https:\/\/interflora.dk\/vores-butikker\/syddanmark\/1092722100-kolding\/\">Kolding<\/a><\/li><\/ol>\n  <\/div>\n<\/div>\n\n\n<div class=\"articles-associes\" style=\"padding:20px; background:#f9f9f9; border-top:1px solid #ddd;\"><h3>Vores r\u00e5d om blomster, planter og havearbejde<\/h3><div class=\"articles-grid\" style=\"display:grid; grid-template-columns:repeat(auto-fill,minmax(200px,1fr)); gap:20px;\"><div class='article-card'><a href='https:\/\/interflora.dk\/blog\/saadan-formerer-du-paeoner-vores-tips-til-vellykkede-stiklinger\/' target='_blank' rel='noopener'><img decoding=\"async\" src=\"https:\/\/interflora.dk\/blog\/wp-content\/uploads\/2026\/04\/Peonies-in-garden-768x512.jpg\" alt=\"S\u00e5dan formerer du p\u00e6oner: Vores tips til vellykkede stiklinger\" loading=\"lazy\" style=\"width:100%; height:auto; border-radius:6px;\"><h4 style='margin-top:10px;'>S\u00e5dan formerer du p\u00e6oner: Vores tips til vellykkede stiklinger<\/h4><\/a><p style='font-size: 0.9em; color: #555;'>Er p\u00e6onerne i din have s\u00e5 smukke, at du dr\u00f8mmer om at f\u00e5 endnu flere? S\u00e5 er der gode nyheder [&hellip;]<\/p><\/div><div class='article-card'><a href='https:\/\/interflora.dk\/blog\/hvilken-plante-skal-man-foraere-sin-mor\/' target='_blank' rel='noopener'><img decoding=\"async\" src=\"https:\/\/interflora.dk\/blog\/wp-content\/uploads\/2025\/04\/annesophiebenoit-interflora-sweden-73-768x1152.jpg\" alt=\"Hvilken plante skal du for\u00e6re din mor p\u00e5 Mors Dag?\u00a0\" loading=\"lazy\" style=\"width:100%; height:auto; border-radius:6px;\"><h4 style='margin-top:10px;'>Hvilken plante skal du for\u00e6re din mor p\u00e5 Mors Dag?\u00a0<\/h4><\/a><p style='font-size: 0.9em; color: #555;'>Er du i tvivl om, hvilken plante der vil gl\u00e6de din mor p\u00e5 Mors Dag? Interflora giver dig med de [&hellip;]<\/p><\/div><div class='article-card'><a href='https:\/\/interflora.dk\/blog\/rosenfarver-du-kan-foraere-din-mor\/' target='_blank' rel='noopener'><img decoding=\"async\" src=\"https:\/\/interflora.dk\/blog\/wp-content\/uploads\/2026\/01\/annesophiebenoit-interflora-saint-valentin-1_FR-SP-PR-IT-Kiss-Edit-Edit-768x1152.jpg\" alt=\"Rosenfarver, du kan for\u00e6re din mor\u00a0\" loading=\"lazy\" style=\"width:100%; height:auto; border-radius:6px;\"><h4 style='margin-top:10px;'>Rosenfarver, du kan for\u00e6re din mor\u00a0<\/h4><\/a><p style='font-size: 0.9em; color: #555;'>Azalea, gerbera, tulipaner\u2026 der findes mange smukke blomster, du kan give din mor p\u00e5 Mors Dag \u2013 eller bare for [&hellip;]<\/p><\/div><div class='article-card'><a href='https:\/\/interflora.dk\/blog\/saadan-faar-du-paeoner-til-at-blomstre-sikre-blomstring-af-en-paeon-der-ikke-aabner-sig\/' target='_blank' rel='noopener'><img decoding=\"async\" src=\"https:\/\/interflora.dk\/blog\/wp-content\/uploads\/2025\/02\/Inspirationsbukett-Pion-Miljobild-2024-Liggande-1-768x512.jpg\" alt=\"S\u00e5dan f\u00e5r du p\u00e6oner til at blomstre: Sikre blomstring af en p\u00e6on, der ikke \u00e5bner sig\" loading=\"lazy\" style=\"width:100%; height:auto; border-radius:6px;\"><h4 style='margin-top:10px;'>S\u00e5dan f\u00e5r du p\u00e6oner til at blomstre: Sikre blomstring af en p\u00e6on, der ikke \u00e5bner sig<\/h4><\/a><p style='font-size: 0.9em; color: #555;'>P\u00e6onen er en imponerende blomst med en sk\u00f8n duft og en st\u00e6rk natur. Det betyder dog ikke, at den klarer [&hellip;]<\/p><\/div><div class='article-card'><a href='https:\/\/interflora.dk\/blog\/saadan-holder-du-roser-friske-laengere-til-mors-dag\/' target='_blank' rel='noopener'><img decoding=\"async\" src=\"https:\/\/interflora.dk\/blog\/wp-content\/uploads\/2026\/04\/Inspiration-Pink-Roses-Sweden-3-edited-768x769.jpg\" alt=\"S\u00e5dan holder du roser friske l\u00e6ngere til Mors Dag\" loading=\"lazy\" style=\"width:100%; height:auto; border-radius:6px;\"><h4 style='margin-top:10px;'>S\u00e5dan holder du roser friske l\u00e6ngere til Mors Dag<\/h4><\/a><p style='font-size: 0.9em; color: #555;'>Roser er de mest for\u00e6rede blomster i verden og blandt de mest popul\u00e6re valg til Mors Dag. De forbl\u00f8ffer med [&hellip;]<\/p><\/div><div class='article-card'><a href='https:\/\/interflora.dk\/blog\/mors-dag-beskeder-en-kaerlighedsfyldt-sms-til-verdens-bedste-mor\/' target='_blank' rel='noopener'><img decoding=\"async\" src=\"https:\/\/interflora.dk\/blog\/wp-content\/uploads\/2026\/04\/annesophiebenoit-interflora-sweden-43-768x1152.jpg\" alt=\"Mors Dag beskeder: En k\u00e6rlighedsfyldt SMS til verdens bedste mor\" loading=\"lazy\" style=\"width:100%; height:auto; border-radius:6px;\"><h4 style='margin-top:10px;'>Mors Dag beskeder: En k\u00e6rlighedsfyldt SMS til verdens bedste mor<\/h4><\/a><p style='font-size: 0.9em; color: #555;'>Vi ved, at siden Messenger og andre kommunikationsformer kom frem, er SMS&#8217;er blevet mere og mere sj\u00e6ldne. At sende en [&hellip;]<\/p><\/div><div class='article-card'><a href='https:\/\/interflora.dk\/blog\/gaver-til-moedre-der-elsker-havearbejde\/' target='_blank' rel='noopener'><img decoding=\"async\" src=\"https:\/\/interflora.dk\/blog\/wp-content\/uploads\/2025\/04\/annesophiebenoit-interflora-sweden-74-768x1152.jpg\" alt=\"Gaveideer til m\u00f8dre, der elsker havearbejde\" loading=\"lazy\" style=\"width:100%; height:auto; border-radius:6px;\"><h4 style='margin-top:10px;'>Gaveideer til m\u00f8dre, der elsker havearbejde<\/h4><\/a><p style='font-size: 0.9em; color: #555;'>S\u00e5 et k\u00e6rligt fr\u00f8 og fork\u00e6l din mor med en s\u00e6rlig Mors Dags gave med havetema. Det er en personlig [&hellip;]<\/p><\/div><div class='article-card'><a href='https:\/\/interflora.dk\/blog\/de-rigtige-blomster-til-mors-dag\/' target='_blank' rel='noopener'><img decoding=\"async\" src=\"https:\/\/interflora.dk\/blog\/wp-content\/uploads\/2026\/04\/annesophiebenoit-interflora-sweden-48.jpg\" alt=\"De rigtige blomster til Mors Dag\" loading=\"lazy\" style=\"width:100%; height:auto; border-radius:6px;\"><h4 style='margin-top:10px;'>De rigtige blomster til Mors Dag<\/h4><\/a><p style='font-size: 0.9em; color: #555;'>Ligesom p\u00e5 Valentinsdag har en buket til Mors Dag stor betydning og b\u00f8r derfor v\u00e6lges med omhu. Blomsterne, farverne og [&hellip;]<\/p><\/div><\/div><\/div>\n\n\n\n<script type=\"application\/ld+json\">\n{\n  \"@context\": \"https:\/\/schema.org\",\n  \"@type\": \"Organization\",\n  \"name\": \"Interflora Studsdal\",\n  \"url\": \"https:\/\/interflora.dk\",\n  \"logo\": \"https:\/\/interflora.dk\/vores-butikker\/wp-content\/themes\/astra-child-interflora\/assets\/images\/interflora-logo.svg\",\n  \"aggregateRating\": {\n    \"@type\": \"AggregateRating\",\n    \"ratingValue\": \"4.5\",\n    \"reviewCount\": \"350\",\n    \"bestRating\": \"5\",\n    \"worstRating\": \"4\"\n  }\n}\n<\/script>\n\n\n\r\n<div itemscope itemtype=\"https:\/\/schema.org\/Florist\" style=\"display:none;\">\r\n  <span itemprop=\"name\">Interflora Fredericia &#8211; AGENT &#8211; Gardenia Blomster<\/span>\r\n  <div itemprop=\"address\" itemscope itemtype=\"https:\/\/schema.org\/PostalAddress\">\r\n    <span itemprop=\"streetAddress\">Gammel Landevej 30, Errits\u00f8<\/span>\r\n    <span itemprop=\"postalCode\">7000<\/span>\r\n    <span itemprop=\"addressLocality\">Fredericia<\/span>\r\n    <span itemprop=\"addressCountry\">Danmark<\/span>\r\n  <\/div>\r\n  <span itemprop=\"telephone\">+4586123456<\/span>\r\n  <link itemprop=\"url\" href=\"https:\/\/www.interflora.dk\">\r\n<\/div>\r\n\r\n<div itemscope itemtype=\"https:\/\/schema.org\/Florist\" style=\"display:none;\">\r\n  <span itemprop=\"name\">Interflora Kolding &#8211; Den Gr\u00f8nne Stue ApS<\/span>\r\n  <div itemprop=\"address\" itemscope itemtype=\"https:\/\/schema.org\/PostalAddress\">\r\n    <span itemprop=\"streetAddress\">M\u00f8nten 3A<\/span>\r\n    <span itemprop=\"postalCode\">6000<\/span>\r\n    <span itemprop=\"addressLocality\">Kolding<\/span>\r\n    <span itemprop=\"addressCountry\">Danmark<\/span>\r\n  <\/div>\r\n  <span itemprop=\"telephone\">+4586123456<\/span>\r\n  <link itemprop=\"url\" href=\"https:\/\/www.interflora.dk\">\r\n<\/div>\r\n\r\n<div itemscope itemtype=\"https:\/\/schema.org\/Florist\" style=\"display:none;\">\r\n  <span itemprop=\"name\">Interflora Fredericia &#8211; Solvang Blomster<\/span>\r\n  <div itemprop=\"address\" itemscope itemtype=\"https:\/\/schema.org\/PostalAddress\">\r\n    <span itemprop=\"streetAddress\">Egeskovvej 58<\/span>\r\n    <span itemprop=\"postalCode\">7000<\/span>\r\n    <span itemprop=\"addressLocality\">Fredericia<\/span>\r\n    <span itemprop=\"addressCountry\">Danmark<\/span>\r\n  <\/div>\r\n  <span itemprop=\"telephone\">+4586123456<\/span>\r\n  <link itemprop=\"url\" href=\"https:\/\/www.interflora.dk\">\r\n<\/div>\r\n\r\n<div itemscope itemtype=\"https:\/\/schema.org\/Florist\" style=\"display:none;\">\r\n  <span itemprop=\"name\">Interflora B\u00f8rkop &#8211; Blomsterhuset B\u00f8rkop<\/span>\r\n  <div itemprop=\"address\" itemscope itemtype=\"https:\/\/schema.org\/PostalAddress\">\r\n    <span itemprop=\"streetAddress\">S\u00f8ndergade 10<\/span>\r\n    <span itemprop=\"postalCode\">7080<\/span>\r\n    <span itemprop=\"addressLocality\">B\u00f8rkop<\/span>\r\n    <span itemprop=\"addressCountry\">Danmark<\/span>\r\n  <\/div>\r\n  <span itemprop=\"telephone\">+4586123456<\/span>\r\n  <link itemprop=\"url\" href=\"https:\/\/www.interflora.dk\">\r\n<\/div>\r\n\r\n<div itemscope itemtype=\"https:\/\/schema.org\/Florist\" style=\"display:none;\">\r\n  <span itemprop=\"name\">Interflora Christiansfeld &#8211; Anemonen Christiansfeld<\/span>\r\n  <div itemprop=\"address\" itemscope itemtype=\"https:\/\/schema.org\/PostalAddress\">\r\n    <span itemprop=\"streetAddress\">Kongensgade 11<\/span>\r\n    <span itemprop=\"postalCode\">6070<\/span>\r\n    <span itemprop=\"addressLocality\">Christiansfeld<\/span>\r\n    <span itemprop=\"addressCountry\">Danmark<\/span>\r\n  <\/div>\r\n  <span itemprop=\"telephone\">+4586123456<\/span>\r\n  <link itemprop=\"url\" href=\"https:\/\/www.interflora.dk\">\r\n<\/div>\r\n\r\n<div itemscope itemtype=\"https:\/\/schema.org\/Florist\" style=\"display:none;\">\r\n  <span itemprop=\"name\">Interflora Vejle &#8211; Vesterport Blomster<\/span>\r\n  <div itemprop=\"address\" itemscope itemtype=\"https:\/\/schema.org\/PostalAddress\">\r\n    <span itemprop=\"streetAddress\">Vestergade 43<\/span>\r\n    <span itemprop=\"postalCode\">7100<\/span>\r\n    <span itemprop=\"addressLocality\">Vejle<\/span>\r\n    <span itemprop=\"addressCountry\">Danmark<\/span>\r\n  <\/div>\r\n  <span itemprop=\"telephone\">+4586123456<\/span>\r\n  <link itemprop=\"url\" href=\"https:\/\/www.interflora.dk\">\r\n<\/div>\r\n\n","protected":false},"excerpt":{"rendered":"<p>De mest popul\u00e6re buketter og blomster i Studsdal \u00d8nsker du at f\u00e5 en buket leveret til Studsdal? Med Interflora er [&hellip;]<\/p>\n","protected":false},"author":1,"featured_media":0,"comment_status":"closed","ping_status":"","sticky":false,"template":"","format":"standard","meta":{"site-sidebar-layout":"default","site-content-layout":"","ast-site-content-layout":"default","site-content-style":"default","site-sidebar-style":"default","ast-global-header-display":"","ast-banner-title-visibility":"","ast-main-header-display":"","ast-hfb-above-header-display":"","ast-hfb-below-header-display":"","ast-hfb-mobile-header-display":"","site-post-title":"","ast-breadcrumbs-content":"","ast-featured-img":"","footer-sml-layout":"","ast-disable-related-posts":"","theme-transparent-header-meta":"","adv-header-id-meta":"","stick-header-meta":"","header-above-stick-meta":"","header-main-stick-meta":"","header-below-stick-meta":"","astra-migrate-meta-layouts":"default","ast-page-background-enabled":"default","ast-page-background-meta":{"desktop":{"background-color":"var(--ast-global-color-5)","background-image":"","background-repeat":"repeat","background-position":"center center","background-size":"auto","background-attachment":"scroll","background-type":"","background-media":"","overlay-type":"","overlay-color":"","overlay-opacity":"","overlay-gradient":""},"tablet":{"background-color":"","background-image":"","background-repeat":"repeat","background-position":"center center","background-size":"auto","background-attachment":"scroll","background-type":"","background-media":"","overlay-type":"","overlay-color":"","overlay-opacity":"","overlay-gradient":""},"mobile":{"background-color":"","background-image":"","background-repeat":"repeat","background-position":"center center","background-size":"auto","background-attachment":"scroll","background-type":"","background-media":"","overlay-type":"","overlay-color":"","overlay-opacity":"","overlay-gradient":""}},"ast-content-background-meta":{"desktop":{"background-color":"var(--ast-global-color-4)","background-image":"","background-repeat":"repeat","background-position":"center center","background-size":"auto","background-attachment":"scroll","background-type":"","background-media":"","overlay-type":"","overlay-color":"","overlay-opacity":"","overlay-gradient":""},"tablet":{"background-color":"var(--ast-global-color-4)","background-image":"","background-repeat":"repeat","background-position":"center center","background-size":"auto","background-attachment":"scroll","background-type":"","background-media":"","overlay-type":"","overlay-color":"","overlay-opacity":"","overlay-gradient":""},"mobile":{"background-color":"var(--ast-global-color-4)","background-image":"","background-repeat":"repeat","background-position":"center center","background-size":"auto","background-attachment":"scroll","background-type":"","background-media":"","overlay-type":"","overlay-color":"","overlay-opacity":"","overlay-gradient":""}},"code_insee":"4906953136","footnotes":""},"categories":[4],"tags":[],"class_list":["post-2309","post","type-post","status-publish","format-standard","hentry","category-syddanmark"],"yoast_head":"<!-- This site is optimized with the Yoast SEO plugin v27.4 - https:\/\/yoast.com\/product\/yoast-seo-wordpress\/ -->\n<title>Blomster Studsdal - Interflora-butikker Studsdal<\/title>\n<meta name=\"description\" content=\"Interflora \ud83c\udf3b F\u00e5 friske blomster leveret til Studsdal, fra 199 kr. - Levering samme dag af en lokal florist. Send en buket nemt og hurtigt!\" \/>\n<meta name=\"robots\" content=\"index, follow, max-snippet:-1, max-image-preview:large, max-video-preview:-1\" \/>\n<link rel=\"canonical\" href=\"https:\/\/interflora.dk\/vores-butikker\/syddanmark\/4906953136-studsdal\/\" \/>\n<meta property=\"og:locale\" content=\"da_DK\" \/>\n<meta property=\"og:type\" content=\"article\" \/>\n<meta property=\"og:title\" content=\"Blomster Studsdal - Interflora-butikker Studsdal\" \/>\n<meta property=\"og:description\" content=\"Interflora \ud83c\udf3b F\u00e5 friske blomster leveret til Studsdal, fra 199 kr. - Levering samme dag af en lokal florist. Send en buket nemt og hurtigt!\" \/>\n<meta property=\"og:url\" content=\"https:\/\/interflora.dk\/vores-butikker\/syddanmark\/4906953136-studsdal\/\" \/>\n<meta property=\"og:site_name\" content=\"Blomsterhandler for hele Danmark - Se mere | Interflora\" \/>\n<meta property=\"article:published_time\" content=\"2025-10-23T12:26:14+00:00\" \/>\n<meta property=\"article:modified_time\" content=\"2025-10-24T09:36:05+00:00\" \/>\n<meta property=\"og:image\" content=\"https:\/\/interflora.dk\/vores-butikker\/wp-content\/uploads\/2025\/10\/tilfreds-eller-genleveret.png\" \/>\n<meta name=\"author\" content=\"Interflora\" \/>\n<meta name=\"twitter:card\" content=\"summary_large_image\" \/>\n<meta name=\"twitter:label1\" content=\"Skrevet af\" \/>\n\t<meta name=\"twitter:data1\" content=\"Interflora\" \/>\n\t<meta name=\"twitter:label2\" content=\"Estimeret l\u00e6setid\" \/>\n\t<meta name=\"twitter:data2\" content=\"4 minutter\" \/>\n<script type=\"application\/ld+json\" class=\"yoast-schema-graph\">{\"@context\":\"https:\\\/\\\/schema.org\",\"@graph\":[{\"@type\":\"Article\",\"@id\":\"https:\\\/\\\/interflora.dk\\\/vores-butikker\\\/syddanmark\\\/4906953136-studsdal\\\/#article\",\"isPartOf\":{\"@id\":\"https:\\\/\\\/interflora.dk\\\/vores-butikker\\\/syddanmark\\\/4906953136-studsdal\\\/\"},\"author\":{\"name\":\"Interflora\",\"@id\":\"https:\\\/\\\/interflora.dk\\\/vores-butikker\\\/#\\\/schema\\\/person\\\/ae0b7af894a5b107aac82579bac7f321\"},\"headline\":\"Interflora-butikker Studsdal \u2013 Send blomster til Studsdal\",\"datePublished\":\"2025-10-23T12:26:14+00:00\",\"dateModified\":\"2025-10-24T09:36:05+00:00\",\"mainEntityOfPage\":{\"@id\":\"https:\\\/\\\/interflora.dk\\\/vores-butikker\\\/syddanmark\\\/4906953136-studsdal\\\/\"},\"wordCount\":758,\"publisher\":{\"@id\":\"https:\\\/\\\/interflora.dk\\\/vores-butikker\\\/#organization\"},\"image\":{\"@id\":\"https:\\\/\\\/interflora.dk\\\/vores-butikker\\\/syddanmark\\\/4906953136-studsdal\\\/#primaryimage\"},\"thumbnailUrl\":\"https:\\\/\\\/interflora.dk\\\/vores-butikker\\\/wp-content\\\/uploads\\\/2025\\\/10\\\/tilfreds-eller-genleveret.png\",\"articleSection\":[\"Send blomster p\u00e5 Syddanmark\"],\"inLanguage\":\"da-DK\"},{\"@type\":\"WebPage\",\"@id\":\"https:\\\/\\\/interflora.dk\\\/vores-butikker\\\/syddanmark\\\/4906953136-studsdal\\\/\",\"url\":\"https:\\\/\\\/interflora.dk\\\/vores-butikker\\\/syddanmark\\\/4906953136-studsdal\\\/\",\"name\":\"Blomster Studsdal - Interflora-butikker Studsdal\",\"isPartOf\":{\"@id\":\"https:\\\/\\\/interflora.dk\\\/vores-butikker\\\/#website\"},\"primaryImageOfPage\":{\"@id\":\"https:\\\/\\\/interflora.dk\\\/vores-butikker\\\/syddanmark\\\/4906953136-studsdal\\\/#primaryimage\"},\"image\":{\"@id\":\"https:\\\/\\\/interflora.dk\\\/vores-butikker\\\/syddanmark\\\/4906953136-studsdal\\\/#primaryimage\"},\"thumbnailUrl\":\"https:\\\/\\\/interflora.dk\\\/vores-butikker\\\/wp-content\\\/uploads\\\/2025\\\/10\\\/tilfreds-eller-genleveret.png\",\"datePublished\":\"2025-10-23T12:26:14+00:00\",\"dateModified\":\"2025-10-24T09:36:05+00:00\",\"description\":\"Interflora \ud83c\udf3b F\u00e5 friske blomster leveret til Studsdal, fra 199 kr. - Levering samme dag af en lokal florist. Send en buket nemt og hurtigt!\",\"breadcrumb\":{\"@id\":\"https:\\\/\\\/interflora.dk\\\/vores-butikker\\\/syddanmark\\\/4906953136-studsdal\\\/#breadcrumb\"},\"inLanguage\":\"da-DK\",\"potentialAction\":[{\"@type\":\"ReadAction\",\"target\":[\"https:\\\/\\\/interflora.dk\\\/vores-butikker\\\/syddanmark\\\/4906953136-studsdal\\\/\"]}]},{\"@type\":\"ImageObject\",\"inLanguage\":\"da-DK\",\"@id\":\"https:\\\/\\\/interflora.dk\\\/vores-butikker\\\/syddanmark\\\/4906953136-studsdal\\\/#primaryimage\",\"url\":\"https:\\\/\\\/interflora.dk\\\/vores-butikker\\\/wp-content\\\/uploads\\\/2025\\\/10\\\/tilfreds-eller-genleveret.png\",\"contentUrl\":\"https:\\\/\\\/interflora.dk\\\/vores-butikker\\\/wp-content\\\/uploads\\\/2025\\\/10\\\/tilfreds-eller-genleveret.png\",\"width\":660,\"height\":660},{\"@type\":\"BreadcrumbList\",\"@id\":\"https:\\\/\\\/interflora.dk\\\/vores-butikker\\\/syddanmark\\\/4906953136-studsdal\\\/#breadcrumb\",\"itemListElement\":[{\"@type\":\"ListItem\",\"position\":1,\"name\":\"Blomsterhandler\",\"item\":\"https:\\\/\\\/interflora.dk\\\/vores-butikker\\\/\"},{\"@type\":\"ListItem\",\"position\":2,\"name\":\"Interflora butikker Studsdal \u2013 Send blomster til Studsdal\"}]},{\"@type\":\"WebSite\",\"@id\":\"https:\\\/\\\/interflora.dk\\\/vores-butikker\\\/#website\",\"url\":\"https:\\\/\\\/interflora.dk\\\/vores-butikker\\\/\",\"name\":\"Vores butikker\",\"description\":\"Interflora blomsterbutikker\",\"publisher\":{\"@id\":\"https:\\\/\\\/interflora.dk\\\/vores-butikker\\\/#organization\"},\"potentialAction\":[{\"@type\":\"SearchAction\",\"target\":{\"@type\":\"EntryPoint\",\"urlTemplate\":\"https:\\\/\\\/interflora.dk\\\/vores-butikker\\\/?s={search_term_string}\"},\"query-input\":{\"@type\":\"PropertyValueSpecification\",\"valueRequired\":true,\"valueName\":\"search_term_string\"}}],\"inLanguage\":\"da-DK\"},{\"@type\":\"Organization\",\"@id\":\"https:\\\/\\\/interflora.dk\\\/vores-butikker\\\/#organization\",\"name\":\"Interflora\",\"url\":\"https:\\\/\\\/interflora.dk\\\/vores-butikker\\\/\",\"logo\":{\"@type\":\"ImageObject\",\"inLanguage\":\"da-DK\",\"@id\":\"https:\\\/\\\/interflora.dk\\\/vores-butikker\\\/#\\\/schema\\\/logo\\\/image\\\/\",\"url\":\"https:\\\/\\\/interflora.dk\\\/vores-butikker\\\/wp-content\\\/uploads\\\/2025\\\/10\\\/220422_INTERFLORA_Main_Logo_rgb_Positive_Color.png\",\"contentUrl\":\"https:\\\/\\\/interflora.dk\\\/vores-butikker\\\/wp-content\\\/uploads\\\/2025\\\/10\\\/220422_INTERFLORA_Main_Logo_rgb_Positive_Color.png\",\"width\":1575,\"height\":1573,\"caption\":\"Interflora\"},\"image\":{\"@id\":\"https:\\\/\\\/interflora.dk\\\/vores-butikker\\\/#\\\/schema\\\/logo\\\/image\\\/\"}},{\"@type\":\"Person\",\"@id\":\"https:\\\/\\\/interflora.dk\\\/vores-butikker\\\/#\\\/schema\\\/person\\\/ae0b7af894a5b107aac82579bac7f321\",\"name\":\"Interflora\",\"sameAs\":[\"https:\\\/\\\/interflora.dk\\\/\"]}]}<\/script>\n<!-- \/ Yoast SEO plugin. -->","yoast_head_json":{"title":"Blomster Studsdal - Interflora-butikker Studsdal","description":"Interflora \ud83c\udf3b F\u00e5 friske blomster leveret til Studsdal, fra 199 kr. - Levering samme dag af en lokal florist. Send en buket nemt og hurtigt!","robots":{"index":"index","follow":"follow","max-snippet":"max-snippet:-1","max-image-preview":"max-image-preview:large","max-video-preview":"max-video-preview:-1"},"canonical":"https:\/\/interflora.dk\/vores-butikker\/syddanmark\/4906953136-studsdal\/","og_locale":"da_DK","og_type":"article","og_title":"Blomster Studsdal - Interflora-butikker Studsdal","og_description":"Interflora \ud83c\udf3b F\u00e5 friske blomster leveret til Studsdal, fra 199 kr. - Levering samme dag af en lokal florist. Send en buket nemt og hurtigt!","og_url":"https:\/\/interflora.dk\/vores-butikker\/syddanmark\/4906953136-studsdal\/","og_site_name":"Blomsterhandler for hele Danmark - Se mere | Interflora","article_published_time":"2025-10-23T12:26:14+00:00","article_modified_time":"2025-10-24T09:36:05+00:00","og_image":[{"url":"https:\/\/interflora.dk\/vores-butikker\/wp-content\/uploads\/2025\/10\/tilfreds-eller-genleveret.png","type":"","width":"","height":""}],"author":"Interflora","twitter_card":"summary_large_image","twitter_misc":{"Skrevet af":"Interflora","Estimeret l\u00e6setid":"4 minutter"},"schema":{"@context":"https:\/\/schema.org","@graph":[{"@type":"Article","@id":"https:\/\/interflora.dk\/vores-butikker\/syddanmark\/4906953136-studsdal\/#article","isPartOf":{"@id":"https:\/\/interflora.dk\/vores-butikker\/syddanmark\/4906953136-studsdal\/"},"author":{"name":"Interflora","@id":"https:\/\/interflora.dk\/vores-butikker\/#\/schema\/person\/ae0b7af894a5b107aac82579bac7f321"},"headline":"Interflora-butikker Studsdal \u2013 Send blomster til Studsdal","datePublished":"2025-10-23T12:26:14+00:00","dateModified":"2025-10-24T09:36:05+00:00","mainEntityOfPage":{"@id":"https:\/\/interflora.dk\/vores-butikker\/syddanmark\/4906953136-studsdal\/"},"wordCount":758,"publisher":{"@id":"https:\/\/interflora.dk\/vores-butikker\/#organization"},"image":{"@id":"https:\/\/interflora.dk\/vores-butikker\/syddanmark\/4906953136-studsdal\/#primaryimage"},"thumbnailUrl":"https:\/\/interflora.dk\/vores-butikker\/wp-content\/uploads\/2025\/10\/tilfreds-eller-genleveret.png","articleSection":["Send blomster p\u00e5 Syddanmark"],"inLanguage":"da-DK"},{"@type":"WebPage","@id":"https:\/\/interflora.dk\/vores-butikker\/syddanmark\/4906953136-studsdal\/","url":"https:\/\/interflora.dk\/vores-butikker\/syddanmark\/4906953136-studsdal\/","name":"Blomster Studsdal - Interflora-butikker Studsdal","isPartOf":{"@id":"https:\/\/interflora.dk\/vores-butikker\/#website"},"primaryImageOfPage":{"@id":"https:\/\/interflora.dk\/vores-butikker\/syddanmark\/4906953136-studsdal\/#primaryimage"},"image":{"@id":"https:\/\/interflora.dk\/vores-butikker\/syddanmark\/4906953136-studsdal\/#primaryimage"},"thumbnailUrl":"https:\/\/interflora.dk\/vores-butikker\/wp-content\/uploads\/2025\/10\/tilfreds-eller-genleveret.png","datePublished":"2025-10-23T12:26:14+00:00","dateModified":"2025-10-24T09:36:05+00:00","description":"Interflora \ud83c\udf3b F\u00e5 friske blomster leveret til Studsdal, fra 199 kr. - Levering samme dag af en lokal florist. Send en buket nemt og hurtigt!","breadcrumb":{"@id":"https:\/\/interflora.dk\/vores-butikker\/syddanmark\/4906953136-studsdal\/#breadcrumb"},"inLanguage":"da-DK","potentialAction":[{"@type":"ReadAction","target":["https:\/\/interflora.dk\/vores-butikker\/syddanmark\/4906953136-studsdal\/"]}]},{"@type":"ImageObject","inLanguage":"da-DK","@id":"https:\/\/interflora.dk\/vores-butikker\/syddanmark\/4906953136-studsdal\/#primaryimage","url":"https:\/\/interflora.dk\/vores-butikker\/wp-content\/uploads\/2025\/10\/tilfreds-eller-genleveret.png","contentUrl":"https:\/\/interflora.dk\/vores-butikker\/wp-content\/uploads\/2025\/10\/tilfreds-eller-genleveret.png","width":660,"height":660},{"@type":"BreadcrumbList","@id":"https:\/\/interflora.dk\/vores-butikker\/syddanmark\/4906953136-studsdal\/#breadcrumb","itemListElement":[{"@type":"ListItem","position":1,"name":"Blomsterhandler","item":"https:\/\/interflora.dk\/vores-butikker\/"},{"@type":"ListItem","position":2,"name":"Interflora butikker Studsdal \u2013 Send blomster til Studsdal"}]},{"@type":"WebSite","@id":"https:\/\/interflora.dk\/vores-butikker\/#website","url":"https:\/\/interflora.dk\/vores-butikker\/","name":"Vores butikker","description":"Interflora blomsterbutikker","publisher":{"@id":"https:\/\/interflora.dk\/vores-butikker\/#organization"},"potentialAction":[{"@type":"SearchAction","target":{"@type":"EntryPoint","urlTemplate":"https:\/\/interflora.dk\/vores-butikker\/?s={search_term_string}"},"query-input":{"@type":"PropertyValueSpecification","valueRequired":true,"valueName":"search_term_string"}}],"inLanguage":"da-DK"},{"@type":"Organization","@id":"https:\/\/interflora.dk\/vores-butikker\/#organization","name":"Interflora","url":"https:\/\/interflora.dk\/vores-butikker\/","logo":{"@type":"ImageObject","inLanguage":"da-DK","@id":"https:\/\/interflora.dk\/vores-butikker\/#\/schema\/logo\/image\/","url":"https:\/\/interflora.dk\/vores-butikker\/wp-content\/uploads\/2025\/10\/220422_INTERFLORA_Main_Logo_rgb_Positive_Color.png","contentUrl":"https:\/\/interflora.dk\/vores-butikker\/wp-content\/uploads\/2025\/10\/220422_INTERFLORA_Main_Logo_rgb_Positive_Color.png","width":1575,"height":1573,"caption":"Interflora"},"image":{"@id":"https:\/\/interflora.dk\/vores-butikker\/#\/schema\/logo\/image\/"}},{"@type":"Person","@id":"https:\/\/interflora.dk\/vores-butikker\/#\/schema\/person\/ae0b7af894a5b107aac82579bac7f321","name":"Interflora","sameAs":["https:\/\/interflora.dk\/"]}]}},"_links":{"self":[{"href":"https:\/\/interflora.dk\/vores-butikker\/wp-json\/wp\/v2\/posts\/2309","targetHints":{"allow":["GET"]}}],"collection":[{"href":"https:\/\/interflora.dk\/vores-butikker\/wp-json\/wp\/v2\/posts"}],"about":[{"href":"https:\/\/interflora.dk\/vores-butikker\/wp-json\/wp\/v2\/types\/post"}],"author":[{"embeddable":true,"href":"https:\/\/interflora.dk\/vores-butikker\/wp-json\/wp\/v2\/users\/1"}],"replies":[{"embeddable":true,"href":"https:\/\/interflora.dk\/vores-butikker\/wp-json\/wp\/v2\/comments?post=2309"}],"version-history":[{"count":1,"href":"https:\/\/interflora.dk\/vores-butikker\/wp-json\/wp\/v2\/posts\/2309\/revisions"}],"predecessor-version":[{"id":2980,"href":"https:\/\/interflora.dk\/vores-butikker\/wp-json\/wp\/v2\/posts\/2309\/revisions\/2980"}],"wp:attachment":[{"href":"https:\/\/interflora.dk\/vores-butikker\/wp-json\/wp\/v2\/media?parent=2309"}],"wp:term":[{"taxonomy":"category","embeddable":true,"href":"https:\/\/interflora.dk\/vores-butikker\/wp-json\/wp\/v2\/categories?post=2309"},{"taxonomy":"post_tag","embeddable":true,"href":"https:\/\/interflora.dk\/vores-butikker\/wp-json\/wp\/v2\/tags?post=2309"}],"curies":[{"name":"wp","href":"https:\/\/api.w.org\/{rel}","templated":true}]}}